{"id":938,"date":"2022-10-02T08:20:54","date_gmt":"2022-10-02T08:20:54","guid":{"rendered":"https:\/\/astideco.com\/blog\/?p=938"},"modified":"2022-10-17T17:41:54","modified_gmt":"2022-10-17T17:41:54","slug":"cajas-de-madera-ordenar-decorar-casa","status":"publish","type":"post","link":"https:\/\/astideco.com\/blog\/cajas-de-madera-ordenar-decorar-casa\/","title":{"rendered":"Cajas de madera para ordenar y decorar tu casa"},"content":{"rendered":"<p><span>Si algo est\u00e1 de moda en la decoraci\u00f3n y el DIY es la madera natural. Y como siempre, tambi\u00e9n las cajas de madera. Son tan vers\u00e1tiles que dan un toque decorativo y pr\u00e1ctico a cualquier estancia de la casa. Las ideas para decorar con cajas son infinitas e incluso pueden tener cabida en los espacios m\u00e1s insospechados. Por eso, hoy te proponemos nuestras mejores <strong>tres cajas de madera para ordenar y decorar tu casa<\/strong>. Amantes del orden, no os perd\u00e1is estas soluciones para organizar con estilo y a la \u00faltima.<\/span><\/p>\n<p><span>Se puede hacer uso de las t\u00edpicas cajas de fruta reutilizadas, pero igual que sucedi\u00f3 con los palets, ya no hace falta recorrer las fruter\u00edas en busca de cajas de madera. Ahora est\u00e1n al alcance de todos a un precio asequible. En <span><a href=\"https:\/\/astideco.com\/es\/\"><strong>Astigarraga Kit Line<\/strong><\/a><\/span>, contamos con una gran selecci\u00f3n de cajas de madera (<span><a href=\"https:\/\/astideco.com\/es\/cajas-con-tapa\"><strong>cajas con tapa<\/strong><\/a><\/span>, <span><a href=\"https:\/\/astideco.com\/es\/cajas-sin-tapa\"><strong>cajas sin tapa<\/strong><\/a><\/span> o <span><a href=\"https:\/\/astideco.com\/es\/cajas-modulares\"><strong>cajas modulares<\/strong><\/a><\/span>) fabricadas en madera maciza de pino con acabado natural. Madera con doble certificaci\u00f3n: <a href=\"https:\/\/www.pefc.es\/\"><strong>PEFC<\/strong><\/a> y <a href=\"https:\/\/europa.eu\/youreurope\/business\/product-requirements\/labels-markings\/ecolabel\/index_es.htm\"><strong>Ecolabel<\/strong><\/a>. La primera certifica que la madera proviene de bosques gestionados de manera sostenible. La etiqueta ecol\u00f3gica de la Uni\u00f3n Europea, Ecolabel, avala que nuestros productos minimizan los efectos ambientales adversos, contribuyendo as\u00ed a un uso eficaz de los recursos y a un elevado nivel de protecci\u00f3n del medio ambiente. \u00a1Vamos all\u00e1!<\/span><\/p>\n<h2><span>Cajas de madera modulares HomeBox<\/span><\/h2>\n<p><span><span><a href=\"https:\/\/astideco.com\/blog\/que-es-home-box-una-caja-lo-que-tu-quieras-que-sea\/\"><strong>HomeBox<\/strong><\/a><\/span> es mucho m\u00e1s que una caja de madera. HomeBox son tres tres <span><a href=\"https:\/\/astideco.com\/es\/cajas-modulares\"><strong>cajas de madera modulares<\/strong><\/a><\/span> que, gracias a su sencillo sistema de encaje, se pueden apilar o colocar una al lado de la otra, en cualquier direcci\u00f3n o posici\u00f3n, para crear las m\u00e1s divertidas y originales composiciones. Sus medidas son: 38,4\u00d751,2x28cm (alto\/ancho\/fondo), 25,6\u00d738,4x28cm y 25,6\u00d738,4\u00d716,5cm. As\u00ed es que no solo sirven para guardar cosas sino tambi\u00e9n para crear, por ejemplo, un exclusivo mueble contenedor de juguetes y cuentos, o \u00a1no os lo perd\u00e1is! el mostrador de una tienda.<\/span><\/p>\n<p><img decoding=\"async\" class=\"lazyload alignnone wp-image-4289\" src=\"https:\/\/astideco.com\/blog\/wp-content\/uploads\/2017\/07\/d.jpg\" data-orig-src=\"https:\/\/astideco.com\/blog\/wp-content\/uploads\/2017\/07\/d.jpg\" alt=\"\" width=\"1200\" height=\"1076\" srcset=\"data:image\/svg+xml,%3Csvg%20xmlns%3D%27http%3A%2F%2Fwww.w3.org%2F2000%2Fsvg%27%20width%3D%271200%27%20height%3D%271076%27%20viewBox%3D%270%200%201200%201076%27%3E%3Crect%20width%3D%271200%27%20height%3D%271076%27%20fill-opacity%3D%220%22%2F%3E%3C%2Fsvg%3E\" data-srcset=\"https:\/\/astideco.com\/blog\/wp-content\/uploads\/2017\/07\/d-200x179.jpg 200w, https:\/\/astideco.com\/blog\/wp-content\/uploads\/2017\/07\/d-300x269.jpg 300w, https:\/\/astideco.com\/blog\/wp-content\/uploads\/2017\/07\/d-400x359.jpg 400w, https:\/\/astideco.com\/blog\/wp-content\/uploads\/2017\/07\/d-600x538.jpg 600w, https:\/\/astideco.com\/blog\/wp-content\/uploads\/2017\/07\/d.jpg 735w\" data-sizes=\"auto\" data-orig-sizes=\"(max-width: 1200px) 100vw, 1200px\" \/><\/p>\n<p><img decoding=\"async\" class=\"lazyload alignnone size-fusion-1200 wp-image-4290\" src=\"https:\/\/astideco.com\/blog\/wp-content\/uploads\/2017\/07\/homebox6-1200x1613.jpg\" data-orig-src=\"https:\/\/astideco.com\/blog\/wp-content\/uploads\/2017\/07\/homebox6-1200x1613.jpg\" alt=\"\" width=\"1200\" height=\"1613\" srcset=\"data:image\/svg+xml,%3Csvg%20xmlns%3D%27http%3A%2F%2Fwww.w3.org%2F2000%2Fsvg%27%20width%3D%271200%27%20height%3D%271613%27%20viewBox%3D%270%200%201200%201613%27%3E%3Crect%20width%3D%271200%27%20height%3D%271613%27%20fill-opacity%3D%220%22%2F%3E%3C%2Fsvg%3E\" data-srcset=\"https:\/\/astideco.com\/blog\/wp-content\/uploads\/2017\/07\/homebox6-200x269.jpg 200w, https:\/\/astideco.com\/blog\/wp-content\/uploads\/2017\/07\/homebox6-223x300.jpg 223w, https:\/\/astideco.com\/blog\/wp-content\/uploads\/2017\/07\/homebox6-400x538.jpg 400w, https:\/\/astideco.com\/blog\/wp-content\/uploads\/2017\/07\/homebox6-600x807.jpg 600w, https:\/\/astideco.com\/blog\/wp-content\/uploads\/2017\/07\/homebox6-762x1024.jpg 762w, https:\/\/astideco.com\/blog\/wp-content\/uploads\/2017\/07\/homebox6-768x1033.jpg 768w, https:\/\/astideco.com\/blog\/wp-content\/uploads\/2017\/07\/homebox6-800x1076.jpg 800w, https:\/\/astideco.com\/blog\/wp-content\/uploads\/2017\/07\/homebox6-1142x1536.jpg 1142w, https:\/\/astideco.com\/blog\/wp-content\/uploads\/2017\/07\/homebox6-1200x1613.jpg 1200w, https:\/\/astideco.com\/blog\/wp-content\/uploads\/2017\/07\/homebox6-1523x2048.jpg 1523w, https:\/\/astideco.com\/blog\/wp-content\/uploads\/2017\/07\/homebox6-scaled.jpg 1904w\" data-sizes=\"auto\" data-orig-sizes=\"(max-width: 1200px) 100vw, 1200px\" \/><\/p>\n<p><span>Pero es que estas cajas de madera las puedes utilizar individualmente y crear rincones tan acogedores como lo ha hecho Mar\u00eda V\u00e1zquez (en Instagram, <a href=\"https:\/\/www.instagram.com\/drlivinghome\/?hl=es\"><strong>drlivinghome<\/strong><\/a>) en su sal\u00f3n, a modo de mesita, como revistero o colgada en la pared. Adem\u00e1s, puedes darles un efecto especial envejeciendo las cajas de madera con barniz y una tira de piel a modo de asa.<\/span><\/p>\n<p><img decoding=\"async\" class=\"lazyload alignnone wp-image-4291\" src=\"https:\/\/astideco.com\/blog\/wp-content\/uploads\/2017\/07\/cajas_de_madera_home_box.jpg\" data-orig-src=\"https:\/\/astideco.com\/blog\/wp-content\/uploads\/2017\/07\/cajas_de_madera_home_box.jpg\" alt=\"\" width=\"1200\" height=\"1729\" srcset=\"data:image\/svg+xml,%3Csvg%20xmlns%3D%27http%3A%2F%2Fwww.w3.org%2F2000%2Fsvg%27%20width%3D%271200%27%20height%3D%271729%27%20viewBox%3D%270%200%201200%201729%27%3E%3Crect%20width%3D%271200%27%20height%3D%271729%27%20fill-opacity%3D%220%22%2F%3E%3C%2Fsvg%3E\" data-srcset=\"https:\/\/astideco.com\/blog\/wp-content\/uploads\/2017\/07\/cajas_de_madera_home_box-200x288.jpg 200w, https:\/\/astideco.com\/blog\/wp-content\/uploads\/2017\/07\/cajas_de_madera_home_box-208x300.jpg 208w, https:\/\/astideco.com\/blog\/wp-content\/uploads\/2017\/07\/cajas_de_madera_home_box-400x576.jpg 400w, https:\/\/astideco.com\/blog\/wp-content\/uploads\/2017\/07\/cajas_de_madera_home_box-600x864.jpg 600w, https:\/\/astideco.com\/blog\/wp-content\/uploads\/2017\/07\/cajas_de_madera_home_box-711x1024.jpg 711w, https:\/\/astideco.com\/blog\/wp-content\/uploads\/2017\/07\/cajas_de_madera_home_box-768x1106.jpg 768w, https:\/\/astideco.com\/blog\/wp-content\/uploads\/2017\/07\/cajas_de_madera_home_box.jpg 790w\" data-sizes=\"auto\" data-orig-sizes=\"(max-width: 1200px) 100vw, 1200px\" \/><\/p>\n<p><img decoding=\"async\" class=\"lazyload alignnone size-fusion-1200 wp-image-4292\" src=\"https:\/\/astideco.com\/blog\/wp-content\/uploads\/2017\/07\/home-box-2-1200x825.jpg\" data-orig-src=\"https:\/\/astideco.com\/blog\/wp-content\/uploads\/2017\/07\/home-box-2-1200x825.jpg\" alt=\"\" width=\"1200\" height=\"825\" srcset=\"data:image\/svg+xml,%3Csvg%20xmlns%3D%27http%3A%2F%2Fwww.w3.org%2F2000%2Fsvg%27%20width%3D%271200%27%20height%3D%27825%27%20viewBox%3D%270%200%201200%20825%27%3E%3Crect%20width%3D%271200%27%20height%3D%27825%27%20fill-opacity%3D%220%22%2F%3E%3C%2Fsvg%3E\" data-srcset=\"https:\/\/astideco.com\/blog\/wp-content\/uploads\/2017\/07\/home-box-2-200x138.jpg 200w, https:\/\/astideco.com\/blog\/wp-content\/uploads\/2017\/07\/home-box-2-300x206.jpg 300w, https:\/\/astideco.com\/blog\/wp-content\/uploads\/2017\/07\/home-box-2-400x275.jpg 400w, https:\/\/astideco.com\/blog\/wp-content\/uploads\/2017\/07\/home-box-2-600x413.jpg 600w, https:\/\/astideco.com\/blog\/wp-content\/uploads\/2017\/07\/home-box-2-768x528.jpg 768w, https:\/\/astideco.com\/blog\/wp-content\/uploads\/2017\/07\/home-box-2-800x550.jpg 800w, https:\/\/astideco.com\/blog\/wp-content\/uploads\/2017\/07\/home-box-2-1024x704.jpg 1024w, https:\/\/astideco.com\/blog\/wp-content\/uploads\/2017\/07\/home-box-2-1200x825.jpg 1200w, https:\/\/astideco.com\/blog\/wp-content\/uploads\/2017\/07\/home-box-2-1536x1056.jpg 1536w\" data-sizes=\"auto\" data-orig-sizes=\"(max-width: 1200px) 100vw, 1200px\" \/><\/p>\n<h2><span>Cajas de madera sin tapa<\/span><\/h2>\n<p><span>Si hay donde se puede elegir a espuertas en cuanto a tama\u00f1os, es en nuestras <span><a href=\"https:\/\/astideco.com\/es\/cajas-sin-tapa\"><strong>cajas de madera lisas sin tapa<\/strong><\/a><\/span> en acabado natural sin barnizar. Adem\u00e1s, estas cajas de madera son perfectas para personalizarlas con la t\u00e9cnica decorativa que m\u00e1s te guste. Y tambi\u00e9n, se pueden apilar unas encima de otras para ganar espacio. El objetivo principal es que cada cosa est\u00e9 en su sitio. Ya sab\u00e9is que <strong>el orden y la organizaci\u00f3n<\/strong> en casa reducen el estr\u00e9s.\u00a0<\/span><\/p>\n<p><span>\u00bfQuieres que la ropa de tus peque\u00f1os se vea organizada por tem\u00e1ticas en cajas y guardada y doblada en vertical con el <strong>m\u00e9todo de Marie Kondo<\/strong>? F\u00edjate en esta s\u00faper idea de Klara Moncho (en Instagram, <a href=\"https:\/\/www.instagram.com\/creciendoconmontessori\/?hl=es\"><strong>@creciendoconmontessori<\/strong><\/a>). \u00bfQu\u00e9 os parece?<\/span><\/p>\n<p><img decoding=\"async\" class=\"lazyload alignnone size-fusion-1200 wp-image-4293\" src=\"https:\/\/astideco.com\/blog\/wp-content\/uploads\/2017\/07\/Armario-Montessori_CCM-45-1200x800.jpg\" data-orig-src=\"https:\/\/astideco.com\/blog\/wp-content\/uploads\/2017\/07\/Armario-Montessori_CCM-45-1200x800.jpg\" alt=\"\" width=\"1200\" height=\"800\" srcset=\"data:image\/svg+xml,%3Csvg%20xmlns%3D%27http%3A%2F%2Fwww.w3.org%2F2000%2Fsvg%27%20width%3D%271200%27%20height%3D%27800%27%20viewBox%3D%270%200%201200%20800%27%3E%3Crect%20width%3D%271200%27%20height%3D%27800%27%20fill-opacity%3D%220%22%2F%3E%3C%2Fsvg%3E\" data-srcset=\"https:\/\/astideco.com\/blog\/wp-content\/uploads\/2017\/07\/Armario-Montessori_CCM-45-200x133.jpg 200w, https:\/\/astideco.com\/blog\/wp-content\/uploads\/2017\/07\/Armario-Montessori_CCM-45-300x200.jpg 300w, https:\/\/astideco.com\/blog\/wp-content\/uploads\/2017\/07\/Armario-Montessori_CCM-45-400x267.jpg 400w, https:\/\/astideco.com\/blog\/wp-content\/uploads\/2017\/07\/Armario-Montessori_CCM-45-600x400.jpg 600w, https:\/\/astideco.com\/blog\/wp-content\/uploads\/2017\/07\/Armario-Montessori_CCM-45-768x512.jpg 768w, https:\/\/astideco.com\/blog\/wp-content\/uploads\/2017\/07\/Armario-Montessori_CCM-45-800x533.jpg 800w, https:\/\/astideco.com\/blog\/wp-content\/uploads\/2017\/07\/Armario-Montessori_CCM-45-1024x683.jpg 1024w, https:\/\/astideco.com\/blog\/wp-content\/uploads\/2017\/07\/Armario-Montessori_CCM-45-1200x800.jpg 1200w, https:\/\/astideco.com\/blog\/wp-content\/uploads\/2017\/07\/Armario-Montessori_CCM-45-1536x1024.jpg 1536w\" data-sizes=\"auto\" data-orig-sizes=\"(max-width: 1200px) 100vw, 1200px\" \/><\/p>\n<p><img decoding=\"async\" class=\"lazyload alignnone size-fusion-1200 wp-image-4294\" src=\"https:\/\/astideco.com\/blog\/wp-content\/uploads\/2017\/07\/Armario-Montessori_CCM-64-1200x800.jpg\" data-orig-src=\"https:\/\/astideco.com\/blog\/wp-content\/uploads\/2017\/07\/Armario-Montessori_CCM-64-1200x800.jpg\" alt=\"\" width=\"1200\" height=\"800\" srcset=\"data:image\/svg+xml,%3Csvg%20xmlns%3D%27http%3A%2F%2Fwww.w3.org%2F2000%2Fsvg%27%20width%3D%271200%27%20height%3D%27800%27%20viewBox%3D%270%200%201200%20800%27%3E%3Crect%20width%3D%271200%27%20height%3D%27800%27%20fill-opacity%3D%220%22%2F%3E%3C%2Fsvg%3E\" data-srcset=\"https:\/\/astideco.com\/blog\/wp-content\/uploads\/2017\/07\/Armario-Montessori_CCM-64-200x133.jpg 200w, https:\/\/astideco.com\/blog\/wp-content\/uploads\/2017\/07\/Armario-Montessori_CCM-64-300x200.jpg 300w, https:\/\/astideco.com\/blog\/wp-content\/uploads\/2017\/07\/Armario-Montessori_CCM-64-400x267.jpg 400w, https:\/\/astideco.com\/blog\/wp-content\/uploads\/2017\/07\/Armario-Montessori_CCM-64-600x400.jpg 600w, https:\/\/astideco.com\/blog\/wp-content\/uploads\/2017\/07\/Armario-Montessori_CCM-64-768x512.jpg 768w, https:\/\/astideco.com\/blog\/wp-content\/uploads\/2017\/07\/Armario-Montessori_CCM-64-800x533.jpg 800w, https:\/\/astideco.com\/blog\/wp-content\/uploads\/2017\/07\/Armario-Montessori_CCM-64-1024x683.jpg 1024w, https:\/\/astideco.com\/blog\/wp-content\/uploads\/2017\/07\/Armario-Montessori_CCM-64-1200x800.jpg 1200w, https:\/\/astideco.com\/blog\/wp-content\/uploads\/2017\/07\/Armario-Montessori_CCM-64-1536x1024.jpg 1536w\" data-sizes=\"auto\" data-orig-sizes=\"(max-width: 1200px) 100vw, 1200px\" \/><\/p>\n<p><span>Qu\u00e9 sensaci\u00f3n de orden, \u00bfverdad? El mismo que ha conseguido Ana Arasanz (en Instagram, <a href=\"https:\/\/www.instagram.com\/scandana_shd\/?hl=es\"><strong>@scandana_shd<\/strong><\/a>) con esta soluci\u00f3n para el ba\u00f1o. Las <span><a href=\"https:\/\/astideco.com\/es\/cajas-sin-tapa\/caja-de-madera-apilable-30x30x30\"><strong>cajas de madera 30&#215;30 cm<\/strong><\/a><\/span> encajan como un guante en nuestras <span><a href=\"https:\/\/astideco.com\/es\/estanterias-modulares\"><strong>estanter\u00edas modulares de cubo<\/strong><\/a><\/span> de la colecci\u00f3n Dinamic.\u00a0 Una opci\u00f3n ideal para conseguir almacenamiento y organizar cualquier objeto del ba\u00f1o: los rollos de papel, las toallas, los botes de gel y champ\u00fa, los cosm\u00e9ticos\u2026 Si est\u00e1s buscando ba\u00f1os decorados con cajas de madera, ap\u00fantate esta idea. Seguro que en las prisas del d\u00eda a d\u00eda, encuentras todo a la primera.<\/span><\/p>\n<p><img decoding=\"async\" class=\"lazyload alignnone wp-image-4295\" src=\"https:\/\/astideco.com\/blog\/wp-content\/uploads\/2017\/07\/estanterias_modulares_cubo_bano.jpg\" data-orig-src=\"https:\/\/astideco.com\/blog\/wp-content\/uploads\/2017\/07\/estanterias_modulares_cubo_bano.jpg\" alt=\"\" width=\"1200\" height=\"1393\" srcset=\"data:image\/svg+xml,%3Csvg%20xmlns%3D%27http%3A%2F%2Fwww.w3.org%2F2000%2Fsvg%27%20width%3D%271200%27%20height%3D%271393%27%20viewBox%3D%270%200%201200%201393%27%3E%3Crect%20width%3D%271200%27%20height%3D%271393%27%20fill-opacity%3D%220%22%2F%3E%3C%2Fsvg%3E\" data-srcset=\"https:\/\/astideco.com\/blog\/wp-content\/uploads\/2017\/07\/estanterias_modulares_cubo_bano-200x232.jpg 200w, https:\/\/astideco.com\/blog\/wp-content\/uploads\/2017\/07\/estanterias_modulares_cubo_bano-258x300.jpg 258w, https:\/\/astideco.com\/blog\/wp-content\/uploads\/2017\/07\/estanterias_modulares_cubo_bano-400x464.jpg 400w, https:\/\/astideco.com\/blog\/wp-content\/uploads\/2017\/07\/estanterias_modulares_cubo_bano-600x697.jpg 600w, https:\/\/astideco.com\/blog\/wp-content\/uploads\/2017\/07\/estanterias_modulares_cubo_bano-768x892.jpg 768w, https:\/\/astideco.com\/blog\/wp-content\/uploads\/2017\/07\/estanterias_modulares_cubo_bano-800x929.jpg 800w, https:\/\/astideco.com\/blog\/wp-content\/uploads\/2017\/07\/estanterias_modulares_cubo_bano-882x1024.jpg 882w, https:\/\/astideco.com\/blog\/wp-content\/uploads\/2017\/07\/estanterias_modulares_cubo_bano.jpg 1080w\" data-sizes=\"auto\" data-orig-sizes=\"(max-width: 1200px) 100vw, 1200px\" \/><\/p>\n<p><span>Si las cajas solucionan m\u00e1s de un problema de espacio de almacenaje en una habitaci\u00f3n infantil o ba\u00f1o, imaginaos en una despensa. Esa estancia en la que hay que guardar un mont\u00f3n de cosas y muchas veces el orden peligra. Si quieres presumir de armon\u00eda, estilo y almacenaje, echa un vistazo a esta <span><a href=\"https:\/\/astideco.com\/blog\/antes-y-despues-la-despensa-de-la-influencer-martahose_s\/\"><strong>despensa de Marta Carmona<\/strong><\/a><\/span> (en Instagram, <a href=\"https:\/\/www.instagram.com\/martahouse_s\/?hl=es\"><strong>martahouse_s<\/strong><\/a>), para la que eligi\u00f3 la <span><a href=\"https:\/\/astideco.com\/es\/estanteria-modular-pared-wally\"><strong>estanter\u00eda modular de pared Wally<\/strong><\/a><\/span>. Un sistema de estanter\u00edas cremallera a la que le puedes ir a\u00f1adiendo accesorios: el cubo con sus cajas de 30&#215;2523 cm, entre otros.<\/span><\/p>\n<p><img decoding=\"async\" class=\"lazyload alignnone wp-image-4296\" src=\"https:\/\/astideco.com\/blog\/wp-content\/uploads\/2017\/07\/estanteria_modular_pared_wally.jpg\" data-orig-src=\"https:\/\/astideco.com\/blog\/wp-content\/uploads\/2017\/07\/estanteria_modular_pared_wally.jpg\" alt=\"\" width=\"1200\" height=\"1500\" srcset=\"data:image\/svg+xml,%3Csvg%20xmlns%3D%27http%3A%2F%2Fwww.w3.org%2F2000%2Fsvg%27%20width%3D%271200%27%20height%3D%271500%27%20viewBox%3D%270%200%201200%201500%27%3E%3Crect%20width%3D%271200%27%20height%3D%271500%27%20fill-opacity%3D%220%22%2F%3E%3C%2Fsvg%3E\" data-srcset=\"https:\/\/astideco.com\/blog\/wp-content\/uploads\/2017\/07\/estanteria_modular_pared_wally-200x250.jpg 200w, https:\/\/astideco.com\/blog\/wp-content\/uploads\/2017\/07\/estanteria_modular_pared_wally-240x300.jpg 240w, https:\/\/astideco.com\/blog\/wp-content\/uploads\/2017\/07\/estanteria_modular_pared_wally-400x500.jpg 400w, https:\/\/astideco.com\/blog\/wp-content\/uploads\/2017\/07\/estanteria_modular_pared_wally-600x750.jpg 600w, https:\/\/astideco.com\/blog\/wp-content\/uploads\/2017\/07\/estanteria_modular_pared_wally-768x960.jpg 768w, https:\/\/astideco.com\/blog\/wp-content\/uploads\/2017\/07\/estanteria_modular_pared_wally-800x1000.jpg 800w, https:\/\/astideco.com\/blog\/wp-content\/uploads\/2017\/07\/estanteria_modular_pared_wally-819x1024.jpg 819w, https:\/\/astideco.com\/blog\/wp-content\/uploads\/2017\/07\/estanteria_modular_pared_wally.jpg 1080w\" data-sizes=\"auto\" data-orig-sizes=\"(max-width: 1200px) 100vw, 1200px\" \/><\/p>\n<h2><span>Lote de tres cajas de madera<\/span><\/h2>\n<p><span>Este <span><a href=\"https:\/\/astideco.com\/es\/cajas-sin-tapa\/lote-de-3-cajas-de-madera-lote-de-3-cajas-de-madera\"><strong>lote de tres cajas de madera<\/strong><\/a><\/span> viene con sorpresa porque est\u00e1 de promoci\u00f3n. Es el momento de hacerte con estas tres cajas cuyas medidas son: 17x36x25 cm, 16x30x22 cm y 13x25x19 cm. Al m\u00e1s puro estilo de las tradicionales cajas de frutas, son ideales tanto para mantener el orden como para dar un toque decorativo y especial a cualquier estancia de tu casa. \u00bfQu\u00e9 os parece para guardar los objetos m\u00e1s peque\u00f1os y que la encimera del escritorio luzca ordenada?<\/span><\/p>\n<p><img decoding=\"async\" class=\"lazyload alignnone wp-image-4297 size-fusion-1200\" src=\"https:\/\/astideco.com\/blog\/wp-content\/uploads\/2017\/07\/escritorio-caballete-regulable-en-altura--1200x910.jpg\" data-orig-src=\"https:\/\/astideco.com\/blog\/wp-content\/uploads\/2017\/07\/escritorio-caballete-regulable-en-altura--1200x910.jpg\" alt=\"\" width=\"1200\" height=\"910\" srcset=\"data:image\/svg+xml,%3Csvg%20xmlns%3D%27http%3A%2F%2Fwww.w3.org%2F2000%2Fsvg%27%20width%3D%271200%27%20height%3D%27910%27%20viewBox%3D%270%200%201200%20910%27%3E%3Crect%20width%3D%271200%27%20height%3D%27910%27%20fill-opacity%3D%220%22%2F%3E%3C%2Fsvg%3E\" data-srcset=\"https:\/\/astideco.com\/blog\/wp-content\/uploads\/2017\/07\/escritorio-caballete-regulable-en-altura--200x152.jpg 200w, https:\/\/astideco.com\/blog\/wp-content\/uploads\/2017\/07\/escritorio-caballete-regulable-en-altura--300x228.jpg 300w, https:\/\/astideco.com\/blog\/wp-content\/uploads\/2017\/07\/escritorio-caballete-regulable-en-altura--400x303.jpg 400w, https:\/\/astideco.com\/blog\/wp-content\/uploads\/2017\/07\/escritorio-caballete-regulable-en-altura--600x455.jpg 600w, https:\/\/astideco.com\/blog\/wp-content\/uploads\/2017\/07\/escritorio-caballete-regulable-en-altura--768x583.jpg 768w, https:\/\/astideco.com\/blog\/wp-content\/uploads\/2017\/07\/escritorio-caballete-regulable-en-altura--800x607.jpg 800w, https:\/\/astideco.com\/blog\/wp-content\/uploads\/2017\/07\/escritorio-caballete-regulable-en-altura--1024x777.jpg 1024w, https:\/\/astideco.com\/blog\/wp-content\/uploads\/2017\/07\/escritorio-caballete-regulable-en-altura--1200x910.jpg 1200w, https:\/\/astideco.com\/blog\/wp-content\/uploads\/2017\/07\/escritorio-caballete-regulable-en-altura--1536x1165.jpg 1536w\" data-sizes=\"auto\" data-orig-sizes=\"(max-width: 1200px) 100vw, 1200px\" \/><\/p>\n<p><img decoding=\"async\" class=\"lazyload alignnone size-fusion-1200 wp-image-4299\" src=\"https:\/\/astideco.com\/blog\/wp-content\/uploads\/2017\/07\/Escritorio-Astigarraga-62.jpg\" data-orig-src=\"https:\/\/astideco.com\/blog\/wp-content\/uploads\/2017\/07\/Escritorio-Astigarraga-62.jpg\" alt=\"\" width=\"1200\" height=\"800\" srcset=\"data:image\/svg+xml,%3Csvg%20xmlns%3D%27http%3A%2F%2Fwww.w3.org%2F2000%2Fsvg%27%20width%3D%271200%27%20height%3D%27800%27%20viewBox%3D%270%200%201200%20800%27%3E%3Crect%20width%3D%271200%27%20height%3D%27800%27%20fill-opacity%3D%220%22%2F%3E%3C%2Fsvg%3E\" data-srcset=\"https:\/\/astideco.com\/blog\/wp-content\/uploads\/2017\/07\/Escritorio-Astigarraga-62-200x133.jpg 200w, https:\/\/astideco.com\/blog\/wp-content\/uploads\/2017\/07\/Escritorio-Astigarraga-62-300x200.jpg 300w, https:\/\/astideco.com\/blog\/wp-content\/uploads\/2017\/07\/Escritorio-Astigarraga-62-400x267.jpg 400w, https:\/\/astideco.com\/blog\/wp-content\/uploads\/2017\/07\/Escritorio-Astigarraga-62-600x400.jpg 600w, https:\/\/astideco.com\/blog\/wp-content\/uploads\/2017\/07\/Escritorio-Astigarraga-62-768x512.jpg 768w, https:\/\/astideco.com\/blog\/wp-content\/uploads\/2017\/07\/Escritorio-Astigarraga-62-800x533.jpg 800w, https:\/\/astideco.com\/blog\/wp-content\/uploads\/2017\/07\/Escritorio-Astigarraga-62-1024x683.jpg 1024w, https:\/\/astideco.com\/blog\/wp-content\/uploads\/2017\/07\/Escritorio-Astigarraga-62.jpg 1200w\" data-sizes=\"auto\" data-orig-sizes=\"(max-width: 1200px) 100vw, 1200px\" \/><\/p>\n<p><span>Madera y plantas: \u00bfno os parece una combinaci\u00f3n genial? En el suelo, colgadas en la pared, en el interior o en el exterior en un jard\u00edn o en el balc\u00f3n, las cajas de madera pueden tener m\u00e1s de una vida.<\/span><\/p>\n<p><span>\u00bfCon cu\u00e1l de estas cuatro cajas de madera para ordenar y decorar tu casa te quedas? \u00bfNo os parecen ideas originales y decorativas? Y t\u00fa, \u00bfqu\u00e9 utilidad le das a las cajas de madera? D\u00e9janos un comentario que te leemos.<\/span><\/p>\n<p><i><span>Gracias por dejarnos decorar vuestro hogar de manera sostenible.<\/span><\/i><\/p>\n<p>&nbsp;<\/p>\n<p>&nbsp;<\/p>\n","protected":false},"excerpt":{"rendered":"<p>Si algo est\u00e1 de moda en la decoraci\u00f3n y el DIY es la madera natural. Y como siempre, tambi\u00e9n las cajas de madera. Son tan vers\u00e1tiles que dan un toque decorativo y pr\u00e1ctico a cualquier estancia de la casa. Las  [..]<\/p>\n","protected":false},"author":6,"featured_media":4300,"comment_status":"open","ping_status":"open","sticky":false,"template":"","format":"standard","meta":{"footnotes":""},"categories":[15],"tags":[],"class_list":["post-938","post","type-post","status-publish","format-standard","has-post-thumbnail","hentry","category-producto"],"yoast_head":"<!-- This site is optimized with the Yoast SEO plugin v27.0 - https:\/\/yoast.com\/product\/yoast-seo-wordpress\/ -->\n<title>Cajas de madera para ordenar y decorar tu casa - Astiblog<\/title>\n<meta name=\"description\" content=\"Hoy te proponemos nuestras mejores tres cajas de madera para ordenar y decorar tu casa. Amantes del orden, no os perd\u00e1is estas soluciones.\" \/>\n<meta name=\"robots\" content=\"index, follow, max-snippet:-1, max-image-preview:large, max-video-preview:-1\" \/>\n<link rel=\"canonical\" href=\"https:\/\/astideco.com\/blog\/cajas-de-madera-ordenar-decorar-casa\/\" \/>\n<meta property=\"og:locale\" content=\"es_ES\" \/>\n<meta property=\"og:type\" content=\"article\" \/>\n<meta property=\"og:title\" content=\"Cajas de madera para ordenar y decorar tu casa - Astiblog\" \/>\n<meta property=\"og:description\" content=\"Hoy te proponemos nuestras mejores tres cajas de madera para ordenar y decorar tu casa. Amantes del orden, no os perd\u00e1is estas soluciones.\" \/>\n<meta property=\"og:url\" content=\"https:\/\/astideco.com\/blog\/cajas-de-madera-ordenar-decorar-casa\/\" \/>\n<meta property=\"og:site_name\" content=\"Astiblog\" \/>\n<meta property=\"article:published_time\" content=\"2022-10-02T08:20:54+00:00\" \/>\n<meta property=\"article:modified_time\" content=\"2022-10-17T17:41:54+00:00\" \/>\n<meta property=\"og:image\" content=\"https:\/\/astideco.com\/blog\/wp-content\/uploads\/2017\/07\/Armario-Montessori_CCM-50-scaled.jpg\" \/>\n\t<meta property=\"og:image:width\" content=\"2560\" \/>\n\t<meta property=\"og:image:height\" content=\"1707\" \/>\n\t<meta property=\"og:image:type\" content=\"image\/jpeg\" \/>\n<meta name=\"author\" content=\"Astigarraga Kit Line\" \/>\n<meta name=\"twitter:card\" content=\"summary_large_image\" \/>\n<meta name=\"twitter:label1\" content=\"Escrito por\" \/>\n\t<meta name=\"twitter:data1\" content=\"Astigarraga Kit Line\" \/>\n\t<meta name=\"twitter:label2\" content=\"Tiempo de lectura\" \/>\n\t<meta name=\"twitter:data2\" content=\"6 minutos\" \/>\n<script type=\"application\/ld+json\" class=\"yoast-schema-graph\">{\"@context\":\"https:\/\/schema.org\",\"@graph\":[{\"@type\":\"Article\",\"@id\":\"https:\/\/astideco.com\/blog\/cajas-de-madera-ordenar-decorar-casa\/#article\",\"isPartOf\":{\"@id\":\"https:\/\/astideco.com\/blog\/cajas-de-madera-ordenar-decorar-casa\/\"},\"author\":{\"name\":\"Astigarraga Kit Line\",\"@id\":\"https:\/\/astideco.com\/blog\/#\/schema\/person\/13fd236103c4c231352fb09b2b7ac5cf\"},\"headline\":\"Cajas de madera para ordenar y decorar tu casa\",\"datePublished\":\"2022-10-02T08:20:54+00:00\",\"dateModified\":\"2022-10-17T17:41:54+00:00\",\"mainEntityOfPage\":{\"@id\":\"https:\/\/astideco.com\/blog\/cajas-de-madera-ordenar-decorar-casa\/\"},\"wordCount\":950,\"commentCount\":0,\"image\":{\"@id\":\"https:\/\/astideco.com\/blog\/cajas-de-madera-ordenar-decorar-casa\/#primaryimage\"},\"thumbnailUrl\":\"https:\/\/astideco.com\/blog\/wp-content\/uploads\/2017\/07\/Armario-Montessori_CCM-50-scaled.jpg\",\"articleSection\":[\"Producto\"],\"inLanguage\":\"es\",\"potentialAction\":[{\"@type\":\"CommentAction\",\"name\":\"Comment\",\"target\":[\"https:\/\/astideco.com\/blog\/cajas-de-madera-ordenar-decorar-casa\/#respond\"]}]},{\"@type\":\"WebPage\",\"@id\":\"https:\/\/astideco.com\/blog\/cajas-de-madera-ordenar-decorar-casa\/\",\"url\":\"https:\/\/astideco.com\/blog\/cajas-de-madera-ordenar-decorar-casa\/\",\"name\":\"Cajas de madera para ordenar y decorar tu casa - Astiblog\",\"isPartOf\":{\"@id\":\"https:\/\/astideco.com\/blog\/#website\"},\"primaryImageOfPage\":{\"@id\":\"https:\/\/astideco.com\/blog\/cajas-de-madera-ordenar-decorar-casa\/#primaryimage\"},\"image\":{\"@id\":\"https:\/\/astideco.com\/blog\/cajas-de-madera-ordenar-decorar-casa\/#primaryimage\"},\"thumbnailUrl\":\"https:\/\/astideco.com\/blog\/wp-content\/uploads\/2017\/07\/Armario-Montessori_CCM-50-scaled.jpg\",\"datePublished\":\"2022-10-02T08:20:54+00:00\",\"dateModified\":\"2022-10-17T17:41:54+00:00\",\"author\":{\"@id\":\"https:\/\/astideco.com\/blog\/#\/schema\/person\/13fd236103c4c231352fb09b2b7ac5cf\"},\"description\":\"Hoy te proponemos nuestras mejores tres cajas de madera para ordenar y decorar tu casa. Amantes del orden, no os perd\u00e1is estas soluciones.\",\"breadcrumb\":{\"@id\":\"https:\/\/astideco.com\/blog\/cajas-de-madera-ordenar-decorar-casa\/#breadcrumb\"},\"inLanguage\":\"es\",\"potentialAction\":[{\"@type\":\"ReadAction\",\"target\":[\"https:\/\/astideco.com\/blog\/cajas-de-madera-ordenar-decorar-casa\/\"]}]},{\"@type\":\"ImageObject\",\"inLanguage\":\"es\",\"@id\":\"https:\/\/astideco.com\/blog\/cajas-de-madera-ordenar-decorar-casa\/#primaryimage\",\"url\":\"https:\/\/astideco.com\/blog\/wp-content\/uploads\/2017\/07\/Armario-Montessori_CCM-50-scaled.jpg\",\"contentUrl\":\"https:\/\/astideco.com\/blog\/wp-content\/uploads\/2017\/07\/Armario-Montessori_CCM-50-scaled.jpg\",\"width\":2560,\"height\":1707},{\"@type\":\"BreadcrumbList\",\"@id\":\"https:\/\/astideco.com\/blog\/cajas-de-madera-ordenar-decorar-casa\/#breadcrumb\",\"itemListElement\":[{\"@type\":\"ListItem\",\"position\":1,\"name\":\"Portada\",\"item\":\"https:\/\/astideco.com\/blog\/\"},{\"@type\":\"ListItem\",\"position\":2,\"name\":\"Cajas de madera para ordenar y decorar tu casa\"}]},{\"@type\":\"WebSite\",\"@id\":\"https:\/\/astideco.com\/blog\/#website\",\"url\":\"https:\/\/astideco.com\/blog\/\",\"name\":\"Astiblog\",\"description\":\"Blog de Astideco.com\",\"potentialAction\":[{\"@type\":\"SearchAction\",\"target\":{\"@type\":\"EntryPoint\",\"urlTemplate\":\"https:\/\/astideco.com\/blog\/?s={search_term_string}\"},\"query-input\":{\"@type\":\"PropertyValueSpecification\",\"valueRequired\":true,\"valueName\":\"search_term_string\"}}],\"inLanguage\":\"es\"},{\"@type\":\"Person\",\"@id\":\"https:\/\/astideco.com\/blog\/#\/schema\/person\/13fd236103c4c231352fb09b2b7ac5cf\",\"name\":\"Astigarraga Kit Line\"}]}<\/script>\n<!-- \/ Yoast SEO plugin. -->","yoast_head_json":{"title":"Cajas de madera para ordenar y decorar tu casa - Astiblog","description":"Hoy te proponemos nuestras mejores tres cajas de madera para ordenar y decorar tu casa. Amantes del orden, no os perd\u00e1is estas soluciones.","robots":{"index":"index","follow":"follow","max-snippet":"max-snippet:-1","max-image-preview":"max-image-preview:large","max-video-preview":"max-video-preview:-1"},"canonical":"https:\/\/astideco.com\/blog\/cajas-de-madera-ordenar-decorar-casa\/","og_locale":"es_ES","og_type":"article","og_title":"Cajas de madera para ordenar y decorar tu casa - Astiblog","og_description":"Hoy te proponemos nuestras mejores tres cajas de madera para ordenar y decorar tu casa. Amantes del orden, no os perd\u00e1is estas soluciones.","og_url":"https:\/\/astideco.com\/blog\/cajas-de-madera-ordenar-decorar-casa\/","og_site_name":"Astiblog","article_published_time":"2022-10-02T08:20:54+00:00","article_modified_time":"2022-10-17T17:41:54+00:00","og_image":[{"width":2560,"height":1707,"url":"https:\/\/astideco.com\/blog\/wp-content\/uploads\/2017\/07\/Armario-Montessori_CCM-50-scaled.jpg","type":"image\/jpeg"}],"author":"Astigarraga Kit Line","twitter_card":"summary_large_image","twitter_misc":{"Escrito por":"Astigarraga Kit Line","Tiempo de lectura":"6 minutos"},"schema":{"@context":"https:\/\/schema.org","@graph":[{"@type":"Article","@id":"https:\/\/astideco.com\/blog\/cajas-de-madera-ordenar-decorar-casa\/#article","isPartOf":{"@id":"https:\/\/astideco.com\/blog\/cajas-de-madera-ordenar-decorar-casa\/"},"author":{"name":"Astigarraga Kit Line","@id":"https:\/\/astideco.com\/blog\/#\/schema\/person\/13fd236103c4c231352fb09b2b7ac5cf"},"headline":"Cajas de madera para ordenar y decorar tu casa","datePublished":"2022-10-02T08:20:54+00:00","dateModified":"2022-10-17T17:41:54+00:00","mainEntityOfPage":{"@id":"https:\/\/astideco.com\/blog\/cajas-de-madera-ordenar-decorar-casa\/"},"wordCount":950,"commentCount":0,"image":{"@id":"https:\/\/astideco.com\/blog\/cajas-de-madera-ordenar-decorar-casa\/#primaryimage"},"thumbnailUrl":"https:\/\/astideco.com\/blog\/wp-content\/uploads\/2017\/07\/Armario-Montessori_CCM-50-scaled.jpg","articleSection":["Producto"],"inLanguage":"es","potentialAction":[{"@type":"CommentAction","name":"Comment","target":["https:\/\/astideco.com\/blog\/cajas-de-madera-ordenar-decorar-casa\/#respond"]}]},{"@type":"WebPage","@id":"https:\/\/astideco.com\/blog\/cajas-de-madera-ordenar-decorar-casa\/","url":"https:\/\/astideco.com\/blog\/cajas-de-madera-ordenar-decorar-casa\/","name":"Cajas de madera para ordenar y decorar tu casa - Astiblog","isPartOf":{"@id":"https:\/\/astideco.com\/blog\/#website"},"primaryImageOfPage":{"@id":"https:\/\/astideco.com\/blog\/cajas-de-madera-ordenar-decorar-casa\/#primaryimage"},"image":{"@id":"https:\/\/astideco.com\/blog\/cajas-de-madera-ordenar-decorar-casa\/#primaryimage"},"thumbnailUrl":"https:\/\/astideco.com\/blog\/wp-content\/uploads\/2017\/07\/Armario-Montessori_CCM-50-scaled.jpg","datePublished":"2022-10-02T08:20:54+00:00","dateModified":"2022-10-17T17:41:54+00:00","author":{"@id":"https:\/\/astideco.com\/blog\/#\/schema\/person\/13fd236103c4c231352fb09b2b7ac5cf"},"description":"Hoy te proponemos nuestras mejores tres cajas de madera para ordenar y decorar tu casa. Amantes del orden, no os perd\u00e1is estas soluciones.","breadcrumb":{"@id":"https:\/\/astideco.com\/blog\/cajas-de-madera-ordenar-decorar-casa\/#breadcrumb"},"inLanguage":"es","potentialAction":[{"@type":"ReadAction","target":["https:\/\/astideco.com\/blog\/cajas-de-madera-ordenar-decorar-casa\/"]}]},{"@type":"ImageObject","inLanguage":"es","@id":"https:\/\/astideco.com\/blog\/cajas-de-madera-ordenar-decorar-casa\/#primaryimage","url":"https:\/\/astideco.com\/blog\/wp-content\/uploads\/2017\/07\/Armario-Montessori_CCM-50-scaled.jpg","contentUrl":"https:\/\/astideco.com\/blog\/wp-content\/uploads\/2017\/07\/Armario-Montessori_CCM-50-scaled.jpg","width":2560,"height":1707},{"@type":"BreadcrumbList","@id":"https:\/\/astideco.com\/blog\/cajas-de-madera-ordenar-decorar-casa\/#breadcrumb","itemListElement":[{"@type":"ListItem","position":1,"name":"Portada","item":"https:\/\/astideco.com\/blog\/"},{"@type":"ListItem","position":2,"name":"Cajas de madera para ordenar y decorar tu casa"}]},{"@type":"WebSite","@id":"https:\/\/astideco.com\/blog\/#website","url":"https:\/\/astideco.com\/blog\/","name":"Astiblog","description":"Blog de Astideco.com","potentialAction":[{"@type":"SearchAction","target":{"@type":"EntryPoint","urlTemplate":"https:\/\/astideco.com\/blog\/?s={search_term_string}"},"query-input":{"@type":"PropertyValueSpecification","valueRequired":true,"valueName":"search_term_string"}}],"inLanguage":"es"},{"@type":"Person","@id":"https:\/\/astideco.com\/blog\/#\/schema\/person\/13fd236103c4c231352fb09b2b7ac5cf","name":"Astigarraga Kit Line"}]}},"_links":{"self":[{"href":"https:\/\/astideco.com\/blog\/wp-json\/wp\/v2\/posts\/938","targetHints":{"allow":["GET"]}}],"collection":[{"href":"https:\/\/astideco.com\/blog\/wp-json\/wp\/v2\/posts"}],"about":[{"href":"https:\/\/astideco.com\/blog\/wp-json\/wp\/v2\/types\/post"}],"author":[{"embeddable":true,"href":"https:\/\/astideco.com\/blog\/wp-json\/wp\/v2\/users\/6"}],"replies":[{"embeddable":true,"href":"https:\/\/astideco.com\/blog\/wp-json\/wp\/v2\/comments?post=938"}],"version-history":[{"count":5,"href":"https:\/\/astideco.com\/blog\/wp-json\/wp\/v2\/posts\/938\/revisions"}],"predecessor-version":[{"id":4302,"href":"https:\/\/astideco.com\/blog\/wp-json\/wp\/v2\/posts\/938\/revisions\/4302"}],"wp:featuredmedia":[{"embeddable":true,"href":"https:\/\/astideco.com\/blog\/wp-json\/wp\/v2\/media\/4300"}],"wp:attachment":[{"href":"https:\/\/astideco.com\/blog\/wp-json\/wp\/v2\/media?parent=938"}],"wp:term":[{"taxonomy":"category","embeddable":true,"href":"https:\/\/astideco.com\/blog\/wp-json\/wp\/v2\/categories?post=938"},{"taxonomy":"post_tag","embeddable":true,"href":"https:\/\/astideco.com\/blog\/wp-json\/wp\/v2\/tags?post=938"}],"curies":[{"name":"wp","href":"https:\/\/api.w.org\/{rel}","templated":true}]}}