{"id":934,"date":"2023-03-30T08:14:17","date_gmt":"2023-03-30T08:14:17","guid":{"rendered":"https:\/\/astideco.com\/blog\/?p=934"},"modified":"2023-07-20T15:00:21","modified_gmt":"2023-07-20T15:00:21","slug":"el-carrito-de-madera-multiusos-que-ordena-tu-casa","status":"publish","type":"post","link":"https:\/\/astideco.com\/blog\/el-carrito-de-madera-multiusos-que-ordena-tu-casa\/","title":{"rendered":"El carrito de madera multiusos que ordena tu casa"},"content":{"rendered":"<p><span>En Astigarraga Kit Line, tres de las m\u00e1ximas que buscamos a la hora de dise\u00f1ar un mueble es que sea vers\u00e1til y, claro est\u00e1, est\u00e9 fabricado en madera maciza de pino procedente de la gesti\u00f3n sostenible de los bosques que nos rodean. \u00bfY cu\u00e1l es la tercera? Siempre decimos que nuestros muebles son piezas que ayudan a decorar y ordenar cualquier estancia de la casa. Y si hay un complemento que es capaz de ordenar todas las habitaciones de un hogar ese es nuestro <span><a href=\"https:\/\/astideco.com\/es\/cajas-modulares\/carrito-de-madera-de-pino\" target=\"_blank\" rel=\"noopener\"><strong>carrito de madera<\/strong><\/a><\/span> compuesto por tres cajas apilables. Sigue leyendo y descubre <strong>el carrito de madera multiusos que ordena tu casa<\/strong> en un plis plas.<\/span><\/p>\n<p><span>Siempre andamos buscando ideas para organizar y mantener ordenado nuestro hogar. Afortunadamente hay muchas soluciones pr\u00e1cticas para conseguirlo. Piezas multifuncionales que sirven para precisamente eso: organizar y mantener todo en su sitio. El <\/span>carrito<span> de madera de Astigarraga Kit Line <\/span><span>est\u00e1 formado por <\/span><b>tres cajas apilables de madera <\/b><span>sin barnizar. Casi siempre lo asociamos con un mueble verdulero, para mantener clasificados y ordenados los alimentos en las diferentes cajas. Muy pr\u00e1ctico ya que las verduras y las frutas deben guardarse en espacios separados, ya que algunas despiden una sustancia qu\u00edmica, el etileno, que puede da\u00f1ar al resto.<\/span><\/p>\n<p><img decoding=\"async\" class=\"lazyload alignnone wp-image-4594\" src=\"https:\/\/astideco.com\/blog\/wp-content\/uploads\/2017\/07\/REFEV3CAR-DOBLE.jpg\" data-orig-src=\"https:\/\/astideco.com\/blog\/wp-content\/uploads\/2017\/07\/REFEV3CAR-DOBLE.jpg\" alt=\"\" width=\"1200\" height=\"1200\" srcset=\"data:image\/svg+xml,%3Csvg%20xmlns%3D%27http%3A%2F%2Fwww.w3.org%2F2000%2Fsvg%27%20width%3D%271200%27%20height%3D%271200%27%20viewBox%3D%270%200%201200%201200%27%3E%3Crect%20width%3D%271200%27%20height%3D%271200%27%20fill-opacity%3D%220%22%2F%3E%3C%2Fsvg%3E\" data-srcset=\"https:\/\/astideco.com\/blog\/wp-content\/uploads\/2017\/07\/REFEV3CAR-DOBLE-66x66.jpg 66w, https:\/\/astideco.com\/blog\/wp-content\/uploads\/2017\/07\/REFEV3CAR-DOBLE-150x150.jpg 150w, https:\/\/astideco.com\/blog\/wp-content\/uploads\/2017\/07\/REFEV3CAR-DOBLE-200x200.jpg 200w, https:\/\/astideco.com\/blog\/wp-content\/uploads\/2017\/07\/REFEV3CAR-DOBLE-300x300.jpg 300w, https:\/\/astideco.com\/blog\/wp-content\/uploads\/2017\/07\/REFEV3CAR-DOBLE-400x400.jpg 400w, https:\/\/astideco.com\/blog\/wp-content\/uploads\/2017\/07\/REFEV3CAR-DOBLE.jpg 600w\" data-sizes=\"auto\" data-orig-sizes=\"(max-width: 1200px) 100vw, 1200px\" \/><\/p>\n<p><span>Sus medidas son de 90x38x30 cm (alto\/ancho\/fondo) y con una secci\u00f3n de madera de 35&#215;20 mm. Adem\u00e1s, incluye 4 ruedas por lo que se puede desplazar c\u00f3modamente y colocarlo en cualquier rinc\u00f3n de la casa.<\/span><\/p>\n<p><img decoding=\"async\" class=\"lazyload alignnone wp-image-4593 size-fusion-1200\" src=\"https:\/\/astideco.com\/blog\/wp-content\/uploads\/2017\/07\/ok-1200x530.jpg\" data-orig-src=\"https:\/\/astideco.com\/blog\/wp-content\/uploads\/2017\/07\/ok-1200x530.jpg\" alt=\"\" width=\"1200\" height=\"530\" srcset=\"data:image\/svg+xml,%3Csvg%20xmlns%3D%27http%3A%2F%2Fwww.w3.org%2F2000%2Fsvg%27%20width%3D%271200%27%20height%3D%27530%27%20viewBox%3D%270%200%201200%20530%27%3E%3Crect%20width%3D%271200%27%20height%3D%27530%27%20fill-opacity%3D%220%22%2F%3E%3C%2Fsvg%3E\" data-srcset=\"https:\/\/astideco.com\/blog\/wp-content\/uploads\/2017\/07\/ok-200x88.jpg 200w, https:\/\/astideco.com\/blog\/wp-content\/uploads\/2017\/07\/ok-300x133.jpg 300w, https:\/\/astideco.com\/blog\/wp-content\/uploads\/2017\/07\/ok-400x177.jpg 400w, https:\/\/astideco.com\/blog\/wp-content\/uploads\/2017\/07\/ok-600x265.jpg 600w, https:\/\/astideco.com\/blog\/wp-content\/uploads\/2017\/07\/ok-768x339.jpg 768w, https:\/\/astideco.com\/blog\/wp-content\/uploads\/2017\/07\/ok-800x354.jpg 800w, https:\/\/astideco.com\/blog\/wp-content\/uploads\/2017\/07\/ok-1024x453.jpg 1024w, https:\/\/astideco.com\/blog\/wp-content\/uploads\/2017\/07\/ok-1200x530.jpg 1200w, https:\/\/astideco.com\/blog\/wp-content\/uploads\/2017\/07\/ok-1536x679.jpg 1536w, https:\/\/astideco.com\/blog\/wp-content\/uploads\/2017\/07\/ok.jpg 1749w\" data-sizes=\"auto\" data-orig-sizes=\"(max-width: 1200px) 100vw, 1200px\" \/><\/p>\n<p><span>Es verdad que las cajas sirven para organizar lo que guardes con facilidad, pero este tipo de carritos de madera auxiliares los puedes utilizar en otras estancias\u00a0 de la casa, m\u00e1s all\u00e1 de una cocina.\u00a0<\/span><\/p>\n<div id=\"attachment_4595\" style=\"width: 1210px\" class=\"wp-caption alignnone\"><img decoding=\"async\" aria-describedby=\"caption-attachment-4595\" class=\"lazyload wp-image-4595 size-fusion-1200\" src=\"https:\/\/astideco.com\/blog\/wp-content\/uploads\/2017\/07\/carro-de-madera-multiusos-1200x1177.jpeg\" data-orig-src=\"https:\/\/astideco.com\/blog\/wp-content\/uploads\/2017\/07\/carro-de-madera-multiusos-1200x1177.jpeg\" alt=\"\" width=\"1200\" height=\"1177\" srcset=\"data:image\/svg+xml,%3Csvg%20xmlns%3D%27http%3A%2F%2Fwww.w3.org%2F2000%2Fsvg%27%20width%3D%271200%27%20height%3D%271177%27%20viewBox%3D%270%200%201200%201177%27%3E%3Crect%20width%3D%271200%27%20height%3D%271177%27%20fill-opacity%3D%220%22%2F%3E%3C%2Fsvg%3E\" data-srcset=\"https:\/\/astideco.com\/blog\/wp-content\/uploads\/2017\/07\/carro-de-madera-multiusos-66x66.jpeg 66w, https:\/\/astideco.com\/blog\/wp-content\/uploads\/2017\/07\/carro-de-madera-multiusos-200x196.jpeg 200w, https:\/\/astideco.com\/blog\/wp-content\/uploads\/2017\/07\/carro-de-madera-multiusos-300x294.jpeg 300w, https:\/\/astideco.com\/blog\/wp-content\/uploads\/2017\/07\/carro-de-madera-multiusos-400x392.jpeg 400w, https:\/\/astideco.com\/blog\/wp-content\/uploads\/2017\/07\/carro-de-madera-multiusos-600x588.jpeg 600w, https:\/\/astideco.com\/blog\/wp-content\/uploads\/2017\/07\/carro-de-madera-multiusos-768x753.jpeg 768w, https:\/\/astideco.com\/blog\/wp-content\/uploads\/2017\/07\/carro-de-madera-multiusos-800x784.jpeg 800w, https:\/\/astideco.com\/blog\/wp-content\/uploads\/2017\/07\/carro-de-madera-multiusos-1024x1004.jpeg 1024w, https:\/\/astideco.com\/blog\/wp-content\/uploads\/2017\/07\/carro-de-madera-multiusos-1200x1177.jpeg 1200w, https:\/\/astideco.com\/blog\/wp-content\/uploads\/2017\/07\/carro-de-madera-multiusos.jpeg 1284w\" data-sizes=\"auto\" data-orig-sizes=\"(max-width: 1200px) 100vw, 1200px\" \/><p id=\"caption-attachment-4595\" class=\"wp-caption-text\">Foto: <a href=\"https:\/\/www.instagram.com\/inlau_\/\" target=\"_blank\" rel=\"noopener\"><strong>Inlau_<\/strong><\/a><\/p><\/div>\n<div id=\"attachment_4600\" style=\"width: 1210px\" class=\"wp-caption alignnone\"><img decoding=\"async\" aria-describedby=\"caption-attachment-4600\" class=\"lazyload wp-image-4600\" src=\"https:\/\/astideco.com\/blog\/wp-content\/uploads\/2017\/07\/carrito-madera-multiusoso.jpg\" data-orig-src=\"https:\/\/astideco.com\/blog\/wp-content\/uploads\/2017\/07\/carrito-madera-multiusoso.jpg\" alt=\"\" width=\"1200\" height=\"1347\" srcset=\"data:image\/svg+xml,%3Csvg%20xmlns%3D%27http%3A%2F%2Fwww.w3.org%2F2000%2Fsvg%27%20width%3D%271200%27%20height%3D%271347%27%20viewBox%3D%270%200%201200%201347%27%3E%3Crect%20width%3D%271200%27%20height%3D%271347%27%20fill-opacity%3D%220%22%2F%3E%3C%2Fsvg%3E\" data-srcset=\"https:\/\/astideco.com\/blog\/wp-content\/uploads\/2017\/07\/carrito-madera-multiusoso-200x225.jpg 200w, https:\/\/astideco.com\/blog\/wp-content\/uploads\/2017\/07\/carrito-madera-multiusoso-267x300.jpg 267w, https:\/\/astideco.com\/blog\/wp-content\/uploads\/2017\/07\/carrito-madera-multiusoso-400x449.jpg 400w, https:\/\/astideco.com\/blog\/wp-content\/uploads\/2017\/07\/carrito-madera-multiusoso-600x674.jpg 600w, https:\/\/astideco.com\/blog\/wp-content\/uploads\/2017\/07\/carrito-madera-multiusoso-768x862.jpg 768w, https:\/\/astideco.com\/blog\/wp-content\/uploads\/2017\/07\/carrito-madera-multiusoso-800x898.jpg 800w, https:\/\/astideco.com\/blog\/wp-content\/uploads\/2017\/07\/carrito-madera-multiusoso-912x1024.jpg 912w, https:\/\/astideco.com\/blog\/wp-content\/uploads\/2017\/07\/carrito-madera-multiusoso.jpg 1044w\" data-sizes=\"auto\" data-orig-sizes=\"(max-width: 1200px) 100vw, 1200px\" \/><p id=\"caption-attachment-4600\" class=\"wp-caption-text\">Foto: <a href=\"https:\/\/www.instagram.com\/0paline\/\" target=\"_blank\" rel=\"noopener\"><strong>Opaline<\/strong><\/a><\/p><\/div>\n<p><span>Que en la cocina queda estupendamente, de acuerdo en absoluto. Pero se trata de un art\u00edculo pr\u00e1ctico y sencillo para decir adi\u00f3s al desorden en cualquier rinc\u00f3n de tu casa. Y es que es innegable que se puede integrar en cualquier espacio. Adem\u00e1s, <\/span><span>su acabado en madera natural, de m\u00e1xima tendencia en decoraci\u00f3n, encaja perfectamente en cualquier est\u00e9tica. \u00bfQui\u00e9n dijo que s\u00f3lo sirve para almacenar frutas y verduras? A ver qu\u00e9 te parecen estas tres utilidades.<\/span><\/p>\n<h2><span>Un carrito de madera para guardar los cuentos<\/span><\/h2>\n<p><span>La filosof\u00eda Montessori aboga por fomentar entre los ni\u00f1os el amor por los libros de una manera natural desde que son peque\u00f1os. Aunque no tengan el cerebro preparado para aprender a leer, s\u00ed que es muy importante empezar a inculcarles desde temprano esa curiosidad y el h\u00e1bito lector. Cualquier mueble que les permite tener al alcance de la mano un cuento es positivo para lograr tal fin. Esta idea para guardar y ordenar los cuentos de los ni\u00f1os nos tiene enamorados.<\/span><\/p>\n<div id=\"attachment_4598\" style=\"width: 1210px\" class=\"wp-caption alignnone\"><img decoding=\"async\" aria-describedby=\"caption-attachment-4598\" class=\"lazyload wp-image-4598 size-fusion-1200\" src=\"https:\/\/astideco.com\/blog\/wp-content\/uploads\/2017\/07\/CAJAS-ALMACENAJE-MADERA-1200x1256.jpg\" data-orig-src=\"https:\/\/astideco.com\/blog\/wp-content\/uploads\/2017\/07\/CAJAS-ALMACENAJE-MADERA-1200x1256.jpg\" alt=\"\" width=\"1200\" height=\"1256\" srcset=\"data:image\/svg+xml,%3Csvg%20xmlns%3D%27http%3A%2F%2Fwww.w3.org%2F2000%2Fsvg%27%20width%3D%271200%27%20height%3D%271256%27%20viewBox%3D%270%200%201200%201256%27%3E%3Crect%20width%3D%271200%27%20height%3D%271256%27%20fill-opacity%3D%220%22%2F%3E%3C%2Fsvg%3E\" data-srcset=\"https:\/\/astideco.com\/blog\/wp-content\/uploads\/2017\/07\/CAJAS-ALMACENAJE-MADERA-200x209.jpg 200w, https:\/\/astideco.com\/blog\/wp-content\/uploads\/2017\/07\/CAJAS-ALMACENAJE-MADERA-287x300.jpg 287w, https:\/\/astideco.com\/blog\/wp-content\/uploads\/2017\/07\/CAJAS-ALMACENAJE-MADERA-400x419.jpg 400w, https:\/\/astideco.com\/blog\/wp-content\/uploads\/2017\/07\/CAJAS-ALMACENAJE-MADERA-600x628.jpg 600w, https:\/\/astideco.com\/blog\/wp-content\/uploads\/2017\/07\/CAJAS-ALMACENAJE-MADERA-768x804.jpg 768w, https:\/\/astideco.com\/blog\/wp-content\/uploads\/2017\/07\/CAJAS-ALMACENAJE-MADERA-800x837.jpg 800w, https:\/\/astideco.com\/blog\/wp-content\/uploads\/2017\/07\/CAJAS-ALMACENAJE-MADERA-978x1024.jpg 978w, https:\/\/astideco.com\/blog\/wp-content\/uploads\/2017\/07\/CAJAS-ALMACENAJE-MADERA-1200x1256.jpg 1200w, https:\/\/astideco.com\/blog\/wp-content\/uploads\/2017\/07\/CAJAS-ALMACENAJE-MADERA-1467x1536.jpg 1467w\" data-sizes=\"auto\" data-orig-sizes=\"(max-width: 1200px) 100vw, 1200px\" \/><p id=\"caption-attachment-4598\" class=\"wp-caption-text\">Foto: <a href=\"https:\/\/www.instagram.com\/creciendoconmontessori\/\" target=\"_blank\" rel=\"noopener\"><strong>Creciendo con Montessori<\/strong><\/a><\/p><\/div>\n<h2><span>Un carrito de madera para guardar materiales de arte<\/span><\/h2>\n<p><span>Seguimos con los m\u00e1s peque\u00f1os de la casa, porque crearles un rinc\u00f3n de arte es uno de los mejores regalos que les podemos hacer. Por muy peque\u00f1o que sea el espacio, es esencial dotarles de un rinc\u00f3n que les permita dar rienda suelta a su creatividad e imaginaci\u00f3n as\u00ed como la posibilidad de experimentar y crear de una forma libre. Y el carrito de madera con ruedas es ideal para ordenar todos los materiales y que \u00e9stos sean accesibles. Al tratarse de tres cajas apilables, hace posible que se puedan separar o intercambiar de lugar entre s\u00ed.<\/span><\/p>\n<div id=\"attachment_4596\" style=\"width: 1210px\" class=\"wp-caption alignnone\"><img decoding=\"async\" aria-describedby=\"caption-attachment-4596\" class=\"lazyload wp-image-4596 size-full\" src=\"https:\/\/astideco.com\/blog\/wp-content\/uploads\/2017\/07\/Escritorio-Astigarraga-94.jpg\" data-orig-src=\"https:\/\/astideco.com\/blog\/wp-content\/uploads\/2017\/07\/Escritorio-Astigarraga-94.jpg\" alt=\"\" width=\"1200\" height=\"800\" srcset=\"data:image\/svg+xml,%3Csvg%20xmlns%3D%27http%3A%2F%2Fwww.w3.org%2F2000%2Fsvg%27%20width%3D%271200%27%20height%3D%27800%27%20viewBox%3D%270%200%201200%20800%27%3E%3Crect%20width%3D%271200%27%20height%3D%27800%27%20fill-opacity%3D%220%22%2F%3E%3C%2Fsvg%3E\" data-srcset=\"https:\/\/astideco.com\/blog\/wp-content\/uploads\/2017\/07\/Escritorio-Astigarraga-94-200x133.jpg 200w, https:\/\/astideco.com\/blog\/wp-content\/uploads\/2017\/07\/Escritorio-Astigarraga-94-300x200.jpg 300w, https:\/\/astideco.com\/blog\/wp-content\/uploads\/2017\/07\/Escritorio-Astigarraga-94-400x267.jpg 400w, https:\/\/astideco.com\/blog\/wp-content\/uploads\/2017\/07\/Escritorio-Astigarraga-94-600x400.jpg 600w, https:\/\/astideco.com\/blog\/wp-content\/uploads\/2017\/07\/Escritorio-Astigarraga-94-768x512.jpg 768w, https:\/\/astideco.com\/blog\/wp-content\/uploads\/2017\/07\/Escritorio-Astigarraga-94-800x533.jpg 800w, https:\/\/astideco.com\/blog\/wp-content\/uploads\/2017\/07\/Escritorio-Astigarraga-94-1024x683.jpg 1024w, https:\/\/astideco.com\/blog\/wp-content\/uploads\/2017\/07\/Escritorio-Astigarraga-94.jpg 1200w\" data-sizes=\"auto\" data-orig-sizes=\"(max-width: 1200px) 100vw, 1200px\" \/><p id=\"caption-attachment-4596\" class=\"wp-caption-text\">Foto: <a href=\"https:\/\/www.instagram.com\/creciendoconmontessori\/\" target=\"_blank\" rel=\"noopener\"><strong>Creciendo con Montessori<\/strong><\/a><\/p><\/div>\n<h2><span>Un carrito de madera auxiliar para tu escritorio<\/span><\/h2>\n<p><span>Los muebles auxiliares cumplen una funci\u00f3n fundamental. Este carrito de madera es tambi\u00e9n perfecto para ordenar los nuevos espacios de teletrabajo en casa. Es una soluci\u00f3n funcional y est\u00e9tica para poder tener todo en orden y al alcance de la mano en el d\u00eda a d\u00eda. No ocupa mucho espacio y lo puedes utilizar como organizador de oficina. Cuanto m\u00e1s despejada est\u00e9 la superficie de trabajo, mayor ser\u00e1 la productividad.\u00a0<\/span><\/p>\n<div id=\"attachment_4599\" style=\"width: 1210px\" class=\"wp-caption alignnone\"><img decoding=\"async\" aria-describedby=\"caption-attachment-4599\" class=\"lazyload wp-image-4599\" src=\"https:\/\/astideco.com\/blog\/wp-content\/uploads\/2017\/07\/homeoffice-escritorio.jpg\" data-orig-src=\"https:\/\/astideco.com\/blog\/wp-content\/uploads\/2017\/07\/homeoffice-escritorio.jpg\" alt=\"\" width=\"1200\" height=\"1499\" srcset=\"data:image\/svg+xml,%3Csvg%20xmlns%3D%27http%3A%2F%2Fwww.w3.org%2F2000%2Fsvg%27%20width%3D%271200%27%20height%3D%271499%27%20viewBox%3D%270%200%201200%201499%27%3E%3Crect%20width%3D%271200%27%20height%3D%271499%27%20fill-opacity%3D%220%22%2F%3E%3C%2Fsvg%3E\" data-srcset=\"https:\/\/astideco.com\/blog\/wp-content\/uploads\/2017\/07\/homeoffice-escritorio-200x250.jpg 200w, https:\/\/astideco.com\/blog\/wp-content\/uploads\/2017\/07\/homeoffice-escritorio-240x300.jpg 240w, https:\/\/astideco.com\/blog\/wp-content\/uploads\/2017\/07\/homeoffice-escritorio-400x500.jpg 400w, https:\/\/astideco.com\/blog\/wp-content\/uploads\/2017\/07\/homeoffice-escritorio-600x749.jpg 600w, https:\/\/astideco.com\/blog\/wp-content\/uploads\/2017\/07\/homeoffice-escritorio-768x959.jpg 768w, https:\/\/astideco.com\/blog\/wp-content\/uploads\/2017\/07\/homeoffice-escritorio-800x999.jpg 800w, https:\/\/astideco.com\/blog\/wp-content\/uploads\/2017\/07\/homeoffice-escritorio-820x1024.jpg 820w, https:\/\/astideco.com\/blog\/wp-content\/uploads\/2017\/07\/homeoffice-escritorio.jpg 1080w\" data-sizes=\"auto\" data-orig-sizes=\"(max-width: 1200px) 100vw, 1200px\" \/><p id=\"caption-attachment-4599\" class=\"wp-caption-text\">Foto: <a href=\"https:\/\/www.instagram.com\/pasitoapasitodecorando\/\" target=\"_blank\" rel=\"noopener\"><strong>Pasito a pasito decorando<\/strong><\/a><\/p><\/div>\n<p><span>\u00bfQu\u00e9 os ha parecido <strong>el carrito de madera multiusos para ordenar tu casa<\/strong>? En otro post os ense\u00f1aremos m\u00e1s utilidades: como estanter\u00eda en un sal\u00f3n, como mesilla en un dormitorio, para almacenar peque\u00f1os art\u00edculos en el ba\u00f1o o guardar las herramientas en un taller o garaje.<\/span><\/p>\n<p><i><span>Gracias por dejarnos decorar vuestro hogar de manera sostenible.<\/span><\/i><\/p>\n","protected":false},"excerpt":{"rendered":"<p>En Astigarraga Kit Line, tres de las m\u00e1ximas que buscamos a la hora de dise\u00f1ar un mueble es que sea vers\u00e1til y, claro est\u00e1, est\u00e9 fabricado en madera maciza de pino procedente de la gesti\u00f3n sostenible de los bosques que  [..]<\/p>\n","protected":false},"author":6,"featured_media":4597,"comment_status":"open","ping_status":"open","sticky":false,"template":"","format":"standard","meta":{"footnotes":""},"categories":[644,15],"tags":[],"class_list":["post-934","post","type-post","status-publish","format-standard","has-post-thumbnail","hentry","category-ideas-y-consejos","category-producto"],"yoast_head":"<!-- This site is optimized with the Yoast SEO plugin v27.0 - https:\/\/yoast.com\/product\/yoast-seo-wordpress\/ -->\n<title>El carrito de madera multiusos que ordena tu casa - Astiblog<\/title>\n<meta name=\"description\" content=\"Descubre el carrito de madera multiusos que ordena tu casa en un plis plas. Una pieza auxiliar sencilla, pr\u00e1ctica y vers\u00e1til.\" \/>\n<meta name=\"robots\" content=\"index, follow, max-snippet:-1, max-image-preview:large, max-video-preview:-1\" \/>\n<link rel=\"canonical\" href=\"https:\/\/astideco.com\/blog\/el-carrito-de-madera-multiusos-que-ordena-tu-casa\/\" \/>\n<meta property=\"og:locale\" content=\"es_ES\" \/>\n<meta property=\"og:type\" content=\"article\" \/>\n<meta property=\"og:title\" content=\"El carrito de madera multiusos que ordena tu casa - Astiblog\" \/>\n<meta property=\"og:description\" content=\"Descubre el carrito de madera multiusos que ordena tu casa en un plis plas. Una pieza auxiliar sencilla, pr\u00e1ctica y vers\u00e1til.\" \/>\n<meta property=\"og:url\" content=\"https:\/\/astideco.com\/blog\/el-carrito-de-madera-multiusos-que-ordena-tu-casa\/\" \/>\n<meta property=\"og:site_name\" content=\"Astiblog\" \/>\n<meta property=\"article:published_time\" content=\"2023-03-30T08:14:17+00:00\" \/>\n<meta property=\"article:modified_time\" content=\"2023-07-20T15:00:21+00:00\" \/>\n<meta property=\"og:image\" content=\"https:\/\/astideco.com\/blog\/wp-content\/uploads\/2017\/07\/Escritorio-Astigarraga-80.jpg\" \/>\n\t<meta property=\"og:image:width\" content=\"1200\" \/>\n\t<meta property=\"og:image:height\" content=\"800\" \/>\n\t<meta property=\"og:image:type\" content=\"image\/jpeg\" \/>\n<meta name=\"author\" content=\"Astigarraga Kit Line\" \/>\n<meta name=\"twitter:card\" content=\"summary_large_image\" \/>\n<meta name=\"twitter:label1\" content=\"Escrito por\" \/>\n\t<meta name=\"twitter:data1\" content=\"Astigarraga Kit Line\" \/>\n\t<meta name=\"twitter:label2\" content=\"Tiempo de lectura\" \/>\n\t<meta name=\"twitter:data2\" content=\"5 minutos\" \/>\n<script type=\"application\/ld+json\" class=\"yoast-schema-graph\">{\"@context\":\"https:\/\/schema.org\",\"@graph\":[{\"@type\":\"Article\",\"@id\":\"https:\/\/astideco.com\/blog\/el-carrito-de-madera-multiusos-que-ordena-tu-casa\/#article\",\"isPartOf\":{\"@id\":\"https:\/\/astideco.com\/blog\/el-carrito-de-madera-multiusos-que-ordena-tu-casa\/\"},\"author\":{\"name\":\"Astigarraga Kit Line\",\"@id\":\"https:\/\/astideco.com\/blog\/#\/schema\/person\/13fd236103c4c231352fb09b2b7ac5cf\"},\"headline\":\"El carrito de madera multiusos que ordena tu casa\",\"datePublished\":\"2023-03-30T08:14:17+00:00\",\"dateModified\":\"2023-07-20T15:00:21+00:00\",\"mainEntityOfPage\":{\"@id\":\"https:\/\/astideco.com\/blog\/el-carrito-de-madera-multiusos-que-ordena-tu-casa\/\"},\"wordCount\":792,\"commentCount\":0,\"image\":{\"@id\":\"https:\/\/astideco.com\/blog\/el-carrito-de-madera-multiusos-que-ordena-tu-casa\/#primaryimage\"},\"thumbnailUrl\":\"https:\/\/astideco.com\/blog\/wp-content\/uploads\/2017\/07\/Escritorio-Astigarraga-80.jpg\",\"articleSection\":[\"Ideas y consejos\",\"Producto\"],\"inLanguage\":\"es\",\"potentialAction\":[{\"@type\":\"CommentAction\",\"name\":\"Comment\",\"target\":[\"https:\/\/astideco.com\/blog\/el-carrito-de-madera-multiusos-que-ordena-tu-casa\/#respond\"]}]},{\"@type\":\"WebPage\",\"@id\":\"https:\/\/astideco.com\/blog\/el-carrito-de-madera-multiusos-que-ordena-tu-casa\/\",\"url\":\"https:\/\/astideco.com\/blog\/el-carrito-de-madera-multiusos-que-ordena-tu-casa\/\",\"name\":\"El carrito de madera multiusos que ordena tu casa - Astiblog\",\"isPartOf\":{\"@id\":\"https:\/\/astideco.com\/blog\/#website\"},\"primaryImageOfPage\":{\"@id\":\"https:\/\/astideco.com\/blog\/el-carrito-de-madera-multiusos-que-ordena-tu-casa\/#primaryimage\"},\"image\":{\"@id\":\"https:\/\/astideco.com\/blog\/el-carrito-de-madera-multiusos-que-ordena-tu-casa\/#primaryimage\"},\"thumbnailUrl\":\"https:\/\/astideco.com\/blog\/wp-content\/uploads\/2017\/07\/Escritorio-Astigarraga-80.jpg\",\"datePublished\":\"2023-03-30T08:14:17+00:00\",\"dateModified\":\"2023-07-20T15:00:21+00:00\",\"author\":{\"@id\":\"https:\/\/astideco.com\/blog\/#\/schema\/person\/13fd236103c4c231352fb09b2b7ac5cf\"},\"description\":\"Descubre el carrito de madera multiusos que ordena tu casa en un plis plas. Una pieza auxiliar sencilla, pr\u00e1ctica y vers\u00e1til.\",\"breadcrumb\":{\"@id\":\"https:\/\/astideco.com\/blog\/el-carrito-de-madera-multiusos-que-ordena-tu-casa\/#breadcrumb\"},\"inLanguage\":\"es\",\"potentialAction\":[{\"@type\":\"ReadAction\",\"target\":[\"https:\/\/astideco.com\/blog\/el-carrito-de-madera-multiusos-que-ordena-tu-casa\/\"]}]},{\"@type\":\"ImageObject\",\"inLanguage\":\"es\",\"@id\":\"https:\/\/astideco.com\/blog\/el-carrito-de-madera-multiusos-que-ordena-tu-casa\/#primaryimage\",\"url\":\"https:\/\/astideco.com\/blog\/wp-content\/uploads\/2017\/07\/Escritorio-Astigarraga-80.jpg\",\"contentUrl\":\"https:\/\/astideco.com\/blog\/wp-content\/uploads\/2017\/07\/Escritorio-Astigarraga-80.jpg\",\"width\":1200,\"height\":800},{\"@type\":\"BreadcrumbList\",\"@id\":\"https:\/\/astideco.com\/blog\/el-carrito-de-madera-multiusos-que-ordena-tu-casa\/#breadcrumb\",\"itemListElement\":[{\"@type\":\"ListItem\",\"position\":1,\"name\":\"Portada\",\"item\":\"https:\/\/astideco.com\/blog\/\"},{\"@type\":\"ListItem\",\"position\":2,\"name\":\"El carrito de madera multiusos que ordena tu casa\"}]},{\"@type\":\"WebSite\",\"@id\":\"https:\/\/astideco.com\/blog\/#website\",\"url\":\"https:\/\/astideco.com\/blog\/\",\"name\":\"Astiblog\",\"description\":\"Blog de Astideco.com\",\"potentialAction\":[{\"@type\":\"SearchAction\",\"target\":{\"@type\":\"EntryPoint\",\"urlTemplate\":\"https:\/\/astideco.com\/blog\/?s={search_term_string}\"},\"query-input\":{\"@type\":\"PropertyValueSpecification\",\"valueRequired\":true,\"valueName\":\"search_term_string\"}}],\"inLanguage\":\"es\"},{\"@type\":\"Person\",\"@id\":\"https:\/\/astideco.com\/blog\/#\/schema\/person\/13fd236103c4c231352fb09b2b7ac5cf\",\"name\":\"Astigarraga Kit Line\"}]}<\/script>\n<!-- \/ Yoast SEO plugin. -->","yoast_head_json":{"title":"El carrito de madera multiusos que ordena tu casa - Astiblog","description":"Descubre el carrito de madera multiusos que ordena tu casa en un plis plas. Una pieza auxiliar sencilla, pr\u00e1ctica y vers\u00e1til.","robots":{"index":"index","follow":"follow","max-snippet":"max-snippet:-1","max-image-preview":"max-image-preview:large","max-video-preview":"max-video-preview:-1"},"canonical":"https:\/\/astideco.com\/blog\/el-carrito-de-madera-multiusos-que-ordena-tu-casa\/","og_locale":"es_ES","og_type":"article","og_title":"El carrito de madera multiusos que ordena tu casa - Astiblog","og_description":"Descubre el carrito de madera multiusos que ordena tu casa en un plis plas. Una pieza auxiliar sencilla, pr\u00e1ctica y vers\u00e1til.","og_url":"https:\/\/astideco.com\/blog\/el-carrito-de-madera-multiusos-que-ordena-tu-casa\/","og_site_name":"Astiblog","article_published_time":"2023-03-30T08:14:17+00:00","article_modified_time":"2023-07-20T15:00:21+00:00","og_image":[{"width":1200,"height":800,"url":"https:\/\/astideco.com\/blog\/wp-content\/uploads\/2017\/07\/Escritorio-Astigarraga-80.jpg","type":"image\/jpeg"}],"author":"Astigarraga Kit Line","twitter_card":"summary_large_image","twitter_misc":{"Escrito por":"Astigarraga Kit Line","Tiempo de lectura":"5 minutos"},"schema":{"@context":"https:\/\/schema.org","@graph":[{"@type":"Article","@id":"https:\/\/astideco.com\/blog\/el-carrito-de-madera-multiusos-que-ordena-tu-casa\/#article","isPartOf":{"@id":"https:\/\/astideco.com\/blog\/el-carrito-de-madera-multiusos-que-ordena-tu-casa\/"},"author":{"name":"Astigarraga Kit Line","@id":"https:\/\/astideco.com\/blog\/#\/schema\/person\/13fd236103c4c231352fb09b2b7ac5cf"},"headline":"El carrito de madera multiusos que ordena tu casa","datePublished":"2023-03-30T08:14:17+00:00","dateModified":"2023-07-20T15:00:21+00:00","mainEntityOfPage":{"@id":"https:\/\/astideco.com\/blog\/el-carrito-de-madera-multiusos-que-ordena-tu-casa\/"},"wordCount":792,"commentCount":0,"image":{"@id":"https:\/\/astideco.com\/blog\/el-carrito-de-madera-multiusos-que-ordena-tu-casa\/#primaryimage"},"thumbnailUrl":"https:\/\/astideco.com\/blog\/wp-content\/uploads\/2017\/07\/Escritorio-Astigarraga-80.jpg","articleSection":["Ideas y consejos","Producto"],"inLanguage":"es","potentialAction":[{"@type":"CommentAction","name":"Comment","target":["https:\/\/astideco.com\/blog\/el-carrito-de-madera-multiusos-que-ordena-tu-casa\/#respond"]}]},{"@type":"WebPage","@id":"https:\/\/astideco.com\/blog\/el-carrito-de-madera-multiusos-que-ordena-tu-casa\/","url":"https:\/\/astideco.com\/blog\/el-carrito-de-madera-multiusos-que-ordena-tu-casa\/","name":"El carrito de madera multiusos que ordena tu casa - Astiblog","isPartOf":{"@id":"https:\/\/astideco.com\/blog\/#website"},"primaryImageOfPage":{"@id":"https:\/\/astideco.com\/blog\/el-carrito-de-madera-multiusos-que-ordena-tu-casa\/#primaryimage"},"image":{"@id":"https:\/\/astideco.com\/blog\/el-carrito-de-madera-multiusos-que-ordena-tu-casa\/#primaryimage"},"thumbnailUrl":"https:\/\/astideco.com\/blog\/wp-content\/uploads\/2017\/07\/Escritorio-Astigarraga-80.jpg","datePublished":"2023-03-30T08:14:17+00:00","dateModified":"2023-07-20T15:00:21+00:00","author":{"@id":"https:\/\/astideco.com\/blog\/#\/schema\/person\/13fd236103c4c231352fb09b2b7ac5cf"},"description":"Descubre el carrito de madera multiusos que ordena tu casa en un plis plas. Una pieza auxiliar sencilla, pr\u00e1ctica y vers\u00e1til.","breadcrumb":{"@id":"https:\/\/astideco.com\/blog\/el-carrito-de-madera-multiusos-que-ordena-tu-casa\/#breadcrumb"},"inLanguage":"es","potentialAction":[{"@type":"ReadAction","target":["https:\/\/astideco.com\/blog\/el-carrito-de-madera-multiusos-que-ordena-tu-casa\/"]}]},{"@type":"ImageObject","inLanguage":"es","@id":"https:\/\/astideco.com\/blog\/el-carrito-de-madera-multiusos-que-ordena-tu-casa\/#primaryimage","url":"https:\/\/astideco.com\/blog\/wp-content\/uploads\/2017\/07\/Escritorio-Astigarraga-80.jpg","contentUrl":"https:\/\/astideco.com\/blog\/wp-content\/uploads\/2017\/07\/Escritorio-Astigarraga-80.jpg","width":1200,"height":800},{"@type":"BreadcrumbList","@id":"https:\/\/astideco.com\/blog\/el-carrito-de-madera-multiusos-que-ordena-tu-casa\/#breadcrumb","itemListElement":[{"@type":"ListItem","position":1,"name":"Portada","item":"https:\/\/astideco.com\/blog\/"},{"@type":"ListItem","position":2,"name":"El carrito de madera multiusos que ordena tu casa"}]},{"@type":"WebSite","@id":"https:\/\/astideco.com\/blog\/#website","url":"https:\/\/astideco.com\/blog\/","name":"Astiblog","description":"Blog de Astideco.com","potentialAction":[{"@type":"SearchAction","target":{"@type":"EntryPoint","urlTemplate":"https:\/\/astideco.com\/blog\/?s={search_term_string}"},"query-input":{"@type":"PropertyValueSpecification","valueRequired":true,"valueName":"search_term_string"}}],"inLanguage":"es"},{"@type":"Person","@id":"https:\/\/astideco.com\/blog\/#\/schema\/person\/13fd236103c4c231352fb09b2b7ac5cf","name":"Astigarraga Kit Line"}]}},"_links":{"self":[{"href":"https:\/\/astideco.com\/blog\/wp-json\/wp\/v2\/posts\/934","targetHints":{"allow":["GET"]}}],"collection":[{"href":"https:\/\/astideco.com\/blog\/wp-json\/wp\/v2\/posts"}],"about":[{"href":"https:\/\/astideco.com\/blog\/wp-json\/wp\/v2\/types\/post"}],"author":[{"embeddable":true,"href":"https:\/\/astideco.com\/blog\/wp-json\/wp\/v2\/users\/6"}],"replies":[{"embeddable":true,"href":"https:\/\/astideco.com\/blog\/wp-json\/wp\/v2\/comments?post=934"}],"version-history":[{"count":5,"href":"https:\/\/astideco.com\/blog\/wp-json\/wp\/v2\/posts\/934\/revisions"}],"predecessor-version":[{"id":4602,"href":"https:\/\/astideco.com\/blog\/wp-json\/wp\/v2\/posts\/934\/revisions\/4602"}],"wp:featuredmedia":[{"embeddable":true,"href":"https:\/\/astideco.com\/blog\/wp-json\/wp\/v2\/media\/4597"}],"wp:attachment":[{"href":"https:\/\/astideco.com\/blog\/wp-json\/wp\/v2\/media?parent=934"}],"wp:term":[{"taxonomy":"category","embeddable":true,"href":"https:\/\/astideco.com\/blog\/wp-json\/wp\/v2\/categories?post=934"},{"taxonomy":"post_tag","embeddable":true,"href":"https:\/\/astideco.com\/blog\/wp-json\/wp\/v2\/tags?post=934"}],"curies":[{"name":"wp","href":"https:\/\/api.w.org\/{rel}","templated":true}]}}