{"id":841,"date":"2022-08-08T09:47:48","date_gmt":"2022-08-08T09:47:48","guid":{"rendered":"https:\/\/astideco.com\/blog\/?p=841"},"modified":"2022-09-12T16:07:27","modified_gmt":"2022-09-12T16:07:27","slug":"las-mini-cajoneras-de-madera-perfectas-para-ordenar-cualquier-rincon","status":"publish","type":"post","link":"https:\/\/astideco.com\/blog\/las-mini-cajoneras-de-madera-perfectas-para-ordenar-cualquier-rincon\/","title":{"rendered":"Las mini cajoneras de madera perfectas para ordenar cualquier rinc\u00f3n"},"content":{"rendered":"<p>Son bonitas, decorativas y pr\u00e1cticas. Son capaces de ordenar el desorden. Tienen un acabado natural. \u00bfDe qu\u00e9 estamos hablando? De las <a href=\"https:\/\/astideco.com\/es\/cajoneras\"><span><strong>mini cajoneras de madera<\/strong><\/span><\/a> perfectas para ordenar cualquier rinc\u00f3n de casa. \u00bfNo te sucede que despu\u00e9s de ordenar el hogar, sientes una sensaci\u00f3n de serenidad? \u00bfQue est\u00e1s m\u00e1s concentrada y tu mente m\u00e1s organizada si est\u00e1s rodeada de orden? A nosotros s\u00ed. Y te aseguramos que con nuestras mini cajoneras de madera vais a poder experimentar parte de esa serenidad de la que os hablamos. Son peque\u00f1os miniblocs para que puedas <strong>mantener el orden<\/strong> y encontrar todo a la primera: material de oficina, materiales de construcci\u00f3n, hilos y otras piezas u objetos peque\u00f1os.<\/p>\n<h2>Mini cajoneras para ordenar<\/h2>\n<p>La mini cajoneras de madera est\u00e1n disponibles en varias formas y medidas. Como hemos comentado, est\u00e1n fabricadas en <strong>madera con un acabado natural<\/strong>, as\u00ed es que\u00a0 son perfectas para personalizarlas con los colores y materiales que m\u00e1s te gusten. Sos peque\u00f1os tesoros para lanzaros al DIY. Si te gustan las manualidades, te encantar\u00e1 transformarlas y convertirlas en piezas \u00fanicas. Seguro que te sobra la imaginaci\u00f3n pero nunca est\u00e1 dem\u00e1s un poco de inspiraci\u00f3n para que te pongas manos a la obra. Para que veas lo funcionales que son, te las mostramos por estancias:<\/p>\n<h2>En el escritorio<\/h2>\n<p>La zona de trabajo o estudio es quiz\u00e1s el espacio donde m\u00e1s tiene que imperar un cierto orden que favorezca la concentraci\u00f3n. Un escritorio desordenado invita a salir corriendo mientras que si logras mantener un <strong>espacio organizado<\/strong>, todo ir\u00e1 mejor. Te sentir\u00e1s en calma y no hay duda de que rendir\u00e1s con <strong>mayor productividad<\/strong>. Los miniblocs son perfectos para <strong>ordenar los peque\u00f1os objetos<\/strong> de oficina o las pinturas y los rotuladores de los m\u00e1s peque\u00f1os. Adem\u00e1s, siempre puedes realizar etiquetas en cada uno de los cajoncitos para saber lo que esconden a primera vista.<\/p>\n<div id=\"attachment_4232\" style=\"width: 1210px\" class=\"wp-caption alignnone\"><img decoding=\"async\" aria-describedby=\"caption-attachment-4232\" class=\"lazyload wp-image-4232\" src=\"https:\/\/astideco.com\/blog\/wp-content\/uploads\/2017\/12\/oficina-en-casa-madera-de-astikitline.jpg\" data-orig-src=\"https:\/\/astideco.com\/blog\/wp-content\/uploads\/2017\/12\/oficina-en-casa-madera-de-astikitline.jpg\" alt=\"\" width=\"1200\" height=\"1500\" srcset=\"data:image\/svg+xml,%3Csvg%20xmlns%3D%27http%3A%2F%2Fwww.w3.org%2F2000%2Fsvg%27%20width%3D%271200%27%20height%3D%271500%27%20viewBox%3D%270%200%201200%201500%27%3E%3Crect%20width%3D%271200%27%20height%3D%271500%27%20fill-opacity%3D%220%22%2F%3E%3C%2Fsvg%3E\" data-srcset=\"https:\/\/astideco.com\/blog\/wp-content\/uploads\/2017\/12\/oficina-en-casa-madera-de-astikitline-200x250.jpg 200w, https:\/\/astideco.com\/blog\/wp-content\/uploads\/2017\/12\/oficina-en-casa-madera-de-astikitline-240x300.jpg 240w, https:\/\/astideco.com\/blog\/wp-content\/uploads\/2017\/12\/oficina-en-casa-madera-de-astikitline-400x500.jpg 400w, https:\/\/astideco.com\/blog\/wp-content\/uploads\/2017\/12\/oficina-en-casa-madera-de-astikitline-600x750.jpg 600w, https:\/\/astideco.com\/blog\/wp-content\/uploads\/2017\/12\/oficina-en-casa-madera-de-astikitline-768x960.jpg 768w, https:\/\/astideco.com\/blog\/wp-content\/uploads\/2017\/12\/oficina-en-casa-madera-de-astikitline-800x1000.jpg 800w, https:\/\/astideco.com\/blog\/wp-content\/uploads\/2017\/12\/oficina-en-casa-madera-de-astikitline-819x1024.jpg 819w, https:\/\/astideco.com\/blog\/wp-content\/uploads\/2017\/12\/oficina-en-casa-madera-de-astikitline.jpg 1080w\" data-sizes=\"auto\" data-orig-sizes=\"(max-width: 1200px) 100vw, 1200px\" \/><p id=\"caption-attachment-4232\" class=\"wp-caption-text\"><span>Foto: <a href=\"https:\/\/www.instagram.com\/pasitoapasitodecorando\/?hl=es\"><strong>@pasitoapasitodecorando<\/strong><\/a><\/span><\/p><\/div>\n<div id=\"attachment_4237\" style=\"width: 1210px\" class=\"wp-caption alignnone\"><img decoding=\"async\" aria-describedby=\"caption-attachment-4237\" class=\"lazyload wp-image-4237 size-fusion-1200\" src=\"https:\/\/astideco.com\/blog\/wp-content\/uploads\/2017\/12\/CAJONERAS-MADERA-ORGANIZACION-ESCRITORIO-1200x900.jpg\" data-orig-src=\"https:\/\/astideco.com\/blog\/wp-content\/uploads\/2017\/12\/CAJONERAS-MADERA-ORGANIZACION-ESCRITORIO-1200x900.jpg\" alt=\"\" width=\"1200\" height=\"900\" srcset=\"data:image\/svg+xml,%3Csvg%20xmlns%3D%27http%3A%2F%2Fwww.w3.org%2F2000%2Fsvg%27%20width%3D%271200%27%20height%3D%27900%27%20viewBox%3D%270%200%201200%20900%27%3E%3Crect%20width%3D%271200%27%20height%3D%27900%27%20fill-opacity%3D%220%22%2F%3E%3C%2Fsvg%3E\" data-srcset=\"https:\/\/astideco.com\/blog\/wp-content\/uploads\/2017\/12\/CAJONERAS-MADERA-ORGANIZACION-ESCRITORIO-200x150.jpg 200w, https:\/\/astideco.com\/blog\/wp-content\/uploads\/2017\/12\/CAJONERAS-MADERA-ORGANIZACION-ESCRITORIO-300x225.jpg 300w, https:\/\/astideco.com\/blog\/wp-content\/uploads\/2017\/12\/CAJONERAS-MADERA-ORGANIZACION-ESCRITORIO-400x300.jpg 400w, https:\/\/astideco.com\/blog\/wp-content\/uploads\/2017\/12\/CAJONERAS-MADERA-ORGANIZACION-ESCRITORIO-600x450.jpg 600w, https:\/\/astideco.com\/blog\/wp-content\/uploads\/2017\/12\/CAJONERAS-MADERA-ORGANIZACION-ESCRITORIO-768x576.jpg 768w, https:\/\/astideco.com\/blog\/wp-content\/uploads\/2017\/12\/CAJONERAS-MADERA-ORGANIZACION-ESCRITORIO-800x600.jpg 800w, https:\/\/astideco.com\/blog\/wp-content\/uploads\/2017\/12\/CAJONERAS-MADERA-ORGANIZACION-ESCRITORIO-1024x768.jpg 1024w, https:\/\/astideco.com\/blog\/wp-content\/uploads\/2017\/12\/CAJONERAS-MADERA-ORGANIZACION-ESCRITORIO-1200x900.jpg 1200w, https:\/\/astideco.com\/blog\/wp-content\/uploads\/2017\/12\/CAJONERAS-MADERA-ORGANIZACION-ESCRITORIO-1536x1152.jpg 1536w\" data-sizes=\"auto\" data-orig-sizes=\"(max-width: 1200px) 100vw, 1200px\" \/><p id=\"caption-attachment-4237\" class=\"wp-caption-text\"><span>Foto: <a href=\"https:\/\/www.instagram.com\/nuria_orobio\/?hl=es\"><strong>@nuria_orobio<\/strong><\/a><\/span><\/p><\/div>\n<h2>Mini cajoneras de madera para ordenar la cocina<\/h2>\n<p>Pon una o varias cajoneras en la cocina para aumentar tu espacio de almacenaje. Es una de las estancias de uso diario en la que el desorden hace acto de presencia antes. Por eso, las mini cajoneras ser\u00e1n el complemento m\u00e1s pr\u00e1ctico que te ayudar\u00e1 a mantener la cocina en orden. Estas piezas, ligeras y coquetas, se convertir\u00e1n en tus aliados para <strong>organizar especias, c\u00e1psulas de caf\u00e9, infusiones, utensilios peque\u00f1os&#8230;<\/strong> Todo resultar\u00e1 mucho m\u00e1s f\u00e1cil en el d\u00eda a d\u00eda.<\/p>\n<div id=\"attachment_4229\" style=\"width: 1210px\" class=\"wp-caption alignnone\"><img decoding=\"async\" aria-describedby=\"caption-attachment-4229\" class=\"lazyload wp-image-4229 size-fusion-1200\" src=\"https:\/\/astideco.com\/blog\/wp-content\/uploads\/2017\/12\/MINI-CAJONERA-CAPSULAS-CAFE-1200x1600.jpg\" data-orig-src=\"https:\/\/astideco.com\/blog\/wp-content\/uploads\/2017\/12\/MINI-CAJONERA-CAPSULAS-CAFE-1200x1600.jpg\" alt=\"\" width=\"1200\" height=\"1600\" srcset=\"data:image\/svg+xml,%3Csvg%20xmlns%3D%27http%3A%2F%2Fwww.w3.org%2F2000%2Fsvg%27%20width%3D%271200%27%20height%3D%271600%27%20viewBox%3D%270%200%201200%201600%27%3E%3Crect%20width%3D%271200%27%20height%3D%271600%27%20fill-opacity%3D%220%22%2F%3E%3C%2Fsvg%3E\" data-srcset=\"https:\/\/astideco.com\/blog\/wp-content\/uploads\/2017\/12\/MINI-CAJONERA-CAPSULAS-CAFE-200x267.jpg 200w, https:\/\/astideco.com\/blog\/wp-content\/uploads\/2017\/12\/MINI-CAJONERA-CAPSULAS-CAFE-225x300.jpg 225w, https:\/\/astideco.com\/blog\/wp-content\/uploads\/2017\/12\/MINI-CAJONERA-CAPSULAS-CAFE-400x533.jpg 400w, https:\/\/astideco.com\/blog\/wp-content\/uploads\/2017\/12\/MINI-CAJONERA-CAPSULAS-CAFE-600x800.jpg 600w, https:\/\/astideco.com\/blog\/wp-content\/uploads\/2017\/12\/MINI-CAJONERA-CAPSULAS-CAFE-768x1024.jpg 768w, https:\/\/astideco.com\/blog\/wp-content\/uploads\/2017\/12\/MINI-CAJONERA-CAPSULAS-CAFE-800x1067.jpg 800w, https:\/\/astideco.com\/blog\/wp-content\/uploads\/2017\/12\/MINI-CAJONERA-CAPSULAS-CAFE-1152x1536.jpg 1152w, https:\/\/astideco.com\/blog\/wp-content\/uploads\/2017\/12\/MINI-CAJONERA-CAPSULAS-CAFE-1200x1600.jpg 1200w, https:\/\/astideco.com\/blog\/wp-content\/uploads\/2017\/12\/MINI-CAJONERA-CAPSULAS-CAFE-1536x2048.jpg 1536w, https:\/\/astideco.com\/blog\/wp-content\/uploads\/2017\/12\/MINI-CAJONERA-CAPSULAS-CAFE-scaled.jpg 1920w\" data-sizes=\"auto\" data-orig-sizes=\"(max-width: 1200px) 100vw, 1200px\" \/><p id=\"caption-attachment-4229\" class=\"wp-caption-text\"><span>Foto: <a href=\"https:\/\/www.instagram.com\/elemorlovedecor_blog\/?hl=es\"><strong>@elemorlovedecor_blog<\/strong><\/a><\/span><\/p><\/div>\n<h2>En la entrada<\/h2>\n<p>\u00bfUna mini cajonera en el recibidor de tu hogar? \u00bfPor qu\u00e9 no? Hay que cuidar la decoraci\u00f3n de la antesala de tu casa y para que \u00e9sta se vea ordenada y sea acogedora, cualquier soluci\u00f3n de almacenaje ser\u00e1 bienvenida. La soluci\u00f3n de <a href=\"https:\/\/www.instagram.com\/nainainaiaranai\/?hl=es\"><strong>@nainainaiaranai<\/strong><\/a> para decorar su recibidor es decorativa y funcional. Es nuestro <a href=\"https:\/\/astideco.com\/es\/panel-organizador\"><span><strong>organizador de pared Tetris<\/strong><\/span><\/a>, que est\u00e1 compuesto por varios accesorios a los que, con un adaptador, puedes incoporar una mini cajonera. Ideal para dejar las llaves nada m\u00e1s entrar por la puerta.\u00a0 Una alternativa con car\u00e1cter que atraer\u00e1 las miradas de tus visitas. La puedes dejar al natural o pintarla con alg\u00fan color.<\/p>\n<p><img decoding=\"async\" class=\"lazyload alignnone size-fusion-1200 wp-image-4239\" src=\"https:\/\/astideco.com\/blog\/wp-content\/uploads\/2017\/12\/IMG_20210129_170727_420-2-1200x1600.jpg\" data-orig-src=\"https:\/\/astideco.com\/blog\/wp-content\/uploads\/2017\/12\/IMG_20210129_170727_420-2-1200x1600.jpg\" alt=\"\" width=\"1200\" height=\"1600\" srcset=\"data:image\/svg+xml,%3Csvg%20xmlns%3D%27http%3A%2F%2Fwww.w3.org%2F2000%2Fsvg%27%20width%3D%271200%27%20height%3D%271600%27%20viewBox%3D%270%200%201200%201600%27%3E%3Crect%20width%3D%271200%27%20height%3D%271600%27%20fill-opacity%3D%220%22%2F%3E%3C%2Fsvg%3E\" data-srcset=\"https:\/\/astideco.com\/blog\/wp-content\/uploads\/2017\/12\/IMG_20210129_170727_420-2-200x267.jpg 200w, https:\/\/astideco.com\/blog\/wp-content\/uploads\/2017\/12\/IMG_20210129_170727_420-2-225x300.jpg 225w, https:\/\/astideco.com\/blog\/wp-content\/uploads\/2017\/12\/IMG_20210129_170727_420-2-400x533.jpg 400w, https:\/\/astideco.com\/blog\/wp-content\/uploads\/2017\/12\/IMG_20210129_170727_420-2-600x800.jpg 600w, https:\/\/astideco.com\/blog\/wp-content\/uploads\/2017\/12\/IMG_20210129_170727_420-2-768x1024.jpg 768w, https:\/\/astideco.com\/blog\/wp-content\/uploads\/2017\/12\/IMG_20210129_170727_420-2-800x1067.jpg 800w, https:\/\/astideco.com\/blog\/wp-content\/uploads\/2017\/12\/IMG_20210129_170727_420-2-1152x1536.jpg 1152w, https:\/\/astideco.com\/blog\/wp-content\/uploads\/2017\/12\/IMG_20210129_170727_420-2-1200x1600.jpg 1200w, https:\/\/astideco.com\/blog\/wp-content\/uploads\/2017\/12\/IMG_20210129_170727_420-2-1536x2048.jpg 1536w, https:\/\/astideco.com\/blog\/wp-content\/uploads\/2017\/12\/IMG_20210129_170727_420-2-scaled.jpg 1920w\" data-sizes=\"auto\" data-orig-sizes=\"(max-width: 1200px) 100vw, 1200px\" \/><\/p>\n<h2>En el garaje<\/h2>\n<p>Garaje, trastero, desv\u00e1n&#8230; Ll\u00e1malo como quieras, encontrar en este espacio todo a la primera suele ser complicado porque lo terminamos utilizando como caj\u00f3n desastre de todo aquello que no sabemos donde guardar. Adem\u00e1s de unas <a href=\"https:\/\/astideco.com\/es\/estanterias-para-despensa\"><span><strong>resistentes estanter\u00edas<\/strong><\/span><\/a>, es conveniente utilizar cajoneras para poder organizar y guardar objetos m\u00e1s peque\u00f1os en buenas condiciones, para que no se pierdan en la marabunta de cosas que almacenamos en un garaje. Te evitar\u00e1 muchos problemas y, sobre todo, no perder tiempo.<\/p>\n<div id=\"attachment_4238\" style=\"width: 1210px\" class=\"wp-caption alignnone\"><img decoding=\"async\" aria-describedby=\"caption-attachment-4238\" class=\"lazyload wp-image-4238 size-fusion-1200\" src=\"https:\/\/astideco.com\/blog\/wp-content\/uploads\/2017\/12\/mini-cajonera-de-madera-maciza-1200x1800.jpeg\" data-orig-src=\"https:\/\/astideco.com\/blog\/wp-content\/uploads\/2017\/12\/mini-cajonera-de-madera-maciza-1200x1800.jpeg\" alt=\"\" width=\"1200\" height=\"1800\" srcset=\"data:image\/svg+xml,%3Csvg%20xmlns%3D%27http%3A%2F%2Fwww.w3.org%2F2000%2Fsvg%27%20width%3D%271200%27%20height%3D%271800%27%20viewBox%3D%270%200%201200%201800%27%3E%3Crect%20width%3D%271200%27%20height%3D%271800%27%20fill-opacity%3D%220%22%2F%3E%3C%2Fsvg%3E\" data-srcset=\"https:\/\/astideco.com\/blog\/wp-content\/uploads\/2017\/12\/mini-cajonera-de-madera-maciza-200x300.jpeg 200w, https:\/\/astideco.com\/blog\/wp-content\/uploads\/2017\/12\/mini-cajonera-de-madera-maciza-400x600.jpeg 400w, https:\/\/astideco.com\/blog\/wp-content\/uploads\/2017\/12\/mini-cajonera-de-madera-maciza-600x900.jpeg 600w, https:\/\/astideco.com\/blog\/wp-content\/uploads\/2017\/12\/mini-cajonera-de-madera-maciza-683x1024.jpeg 683w, https:\/\/astideco.com\/blog\/wp-content\/uploads\/2017\/12\/mini-cajonera-de-madera-maciza-768x1152.jpeg 768w, https:\/\/astideco.com\/blog\/wp-content\/uploads\/2017\/12\/mini-cajonera-de-madera-maciza-800x1200.jpeg 800w, https:\/\/astideco.com\/blog\/wp-content\/uploads\/2017\/12\/mini-cajonera-de-madera-maciza-1024x1536.jpeg 1024w, https:\/\/astideco.com\/blog\/wp-content\/uploads\/2017\/12\/mini-cajonera-de-madera-maciza-1200x1800.jpeg 1200w, https:\/\/astideco.com\/blog\/wp-content\/uploads\/2017\/12\/mini-cajonera-de-madera-maciza-1365x2048.jpeg 1365w, https:\/\/astideco.com\/blog\/wp-content\/uploads\/2017\/12\/mini-cajonera-de-madera-maciza-scaled.jpeg 1707w\" data-sizes=\"auto\" data-orig-sizes=\"(max-width: 1200px) 100vw, 1200px\" \/><p id=\"caption-attachment-4238\" class=\"wp-caption-text\"><span>Foto: <a href=\"https:\/\/www.instagram.com\/lacasitademara\/?hl=es\"><strong>@lacasitademara<\/strong><\/a><\/span><\/p><\/div>\n<h2>En la habitaci\u00f3n infantil<\/h2>\n<p>Somos conscientes de lo dif\u00edcil que es mantener ordenada la habitaci\u00f3n de los m\u00e1s peque\u00f1os. Juguetes, cuentos, material de manualidades&#8230; Todo se mezcla en un caos algunas veces dif\u00edcil de resolver. Lo m\u00e1s importante es que desde temprano, los ni\u00f1os aprendan a ordenar su habitaci\u00f3n para que ellos mismos est\u00e9n a gusto y est\u00e9n tranquilos en su universo. Esta idea de Klara Moncho (<a href=\"https:\/\/www.creciendoconmontessori.com\/2022\/04\/ideas-para-crear-una-lego-room-o-habitacion-de-juegos-de-construccion-imprimible-incluido.html\"><strong>@creciendoconmontessori<\/strong><\/a> en Instagram) de utilizar nuestras mini cajoneras de madera para clasificar las piezas peque\u00f1as de Lego nos parece una idea brillante.<\/p>\n<p><img decoding=\"async\" class=\"lazyload alignnone size-fusion-1200 wp-image-4234\" src=\"https:\/\/astideco.com\/blog\/wp-content\/uploads\/2017\/12\/minicajoneras-madera-habitacion-infantil-1200x800.jpg\" data-orig-src=\"https:\/\/astideco.com\/blog\/wp-content\/uploads\/2017\/12\/minicajoneras-madera-habitacion-infantil-1200x800.jpg\" alt=\"\" width=\"1200\" height=\"800\" srcset=\"data:image\/svg+xml,%3Csvg%20xmlns%3D%27http%3A%2F%2Fwww.w3.org%2F2000%2Fsvg%27%20width%3D%271200%27%20height%3D%27800%27%20viewBox%3D%270%200%201200%20800%27%3E%3Crect%20width%3D%271200%27%20height%3D%27800%27%20fill-opacity%3D%220%22%2F%3E%3C%2Fsvg%3E\" data-srcset=\"https:\/\/astideco.com\/blog\/wp-content\/uploads\/2017\/12\/minicajoneras-madera-habitacion-infantil-200x133.jpg 200w, https:\/\/astideco.com\/blog\/wp-content\/uploads\/2017\/12\/minicajoneras-madera-habitacion-infantil-300x200.jpg 300w, https:\/\/astideco.com\/blog\/wp-content\/uploads\/2017\/12\/minicajoneras-madera-habitacion-infantil-400x267.jpg 400w, https:\/\/astideco.com\/blog\/wp-content\/uploads\/2017\/12\/minicajoneras-madera-habitacion-infantil-600x400.jpg 600w, https:\/\/astideco.com\/blog\/wp-content\/uploads\/2017\/12\/minicajoneras-madera-habitacion-infantil-768x512.jpg 768w, https:\/\/astideco.com\/blog\/wp-content\/uploads\/2017\/12\/minicajoneras-madera-habitacion-infantil-800x533.jpg 800w, https:\/\/astideco.com\/blog\/wp-content\/uploads\/2017\/12\/minicajoneras-madera-habitacion-infantil-1024x683.jpg 1024w, https:\/\/astideco.com\/blog\/wp-content\/uploads\/2017\/12\/minicajoneras-madera-habitacion-infantil-1200x800.jpg 1200w, https:\/\/astideco.com\/blog\/wp-content\/uploads\/2017\/12\/minicajoneras-madera-habitacion-infantil-1536x1024.jpg 1536w\" data-sizes=\"auto\" data-orig-sizes=\"(max-width: 1200px) 100vw, 1200px\" \/><\/p>\n<h2>En el ba\u00f1o<\/h2>\n<p>Un barniz antihumedad para madera y adelante. En el ba\u00f1o tambi\u00e9n podr\u00e1s utilizar nuestras <a href=\"https:\/\/astideco.com\/es\/cajoneras\"><strong>mini cajoneras de madera<\/strong><\/a> sin problema alguno para poner orden. Los art\u00edculos de belleza o los accesorios del botiqu\u00edn estar\u00e1n perfectamento clasificados y organizados en los cajones.\u00a0 Ajenos a miradas indiscretas y para que los encuentras en un segundo.<\/p>\n<p><img decoding=\"async\" class=\"lazyload alignnone size-full wp-image-4233\" src=\"https:\/\/astideco.com\/blog\/wp-content\/uploads\/2017\/12\/minicajoneras-madera.jpg\" data-orig-src=\"https:\/\/astideco.com\/blog\/wp-content\/uploads\/2017\/12\/minicajoneras-madera.jpg\" alt=\"\" width=\"1080\" height=\"1350\" srcset=\"data:image\/svg+xml,%3Csvg%20xmlns%3D%27http%3A%2F%2Fwww.w3.org%2F2000%2Fsvg%27%20width%3D%271080%27%20height%3D%271350%27%20viewBox%3D%270%200%201080%201350%27%3E%3Crect%20width%3D%271080%27%20height%3D%271350%27%20fill-opacity%3D%220%22%2F%3E%3C%2Fsvg%3E\" data-srcset=\"https:\/\/astideco.com\/blog\/wp-content\/uploads\/2017\/12\/minicajoneras-madera-200x250.jpg 200w, https:\/\/astideco.com\/blog\/wp-content\/uploads\/2017\/12\/minicajoneras-madera-240x300.jpg 240w, https:\/\/astideco.com\/blog\/wp-content\/uploads\/2017\/12\/minicajoneras-madera-400x500.jpg 400w, https:\/\/astideco.com\/blog\/wp-content\/uploads\/2017\/12\/minicajoneras-madera-600x750.jpg 600w, https:\/\/astideco.com\/blog\/wp-content\/uploads\/2017\/12\/minicajoneras-madera-768x960.jpg 768w, https:\/\/astideco.com\/blog\/wp-content\/uploads\/2017\/12\/minicajoneras-madera-800x1000.jpg 800w, https:\/\/astideco.com\/blog\/wp-content\/uploads\/2017\/12\/minicajoneras-madera-819x1024.jpg 819w, https:\/\/astideco.com\/blog\/wp-content\/uploads\/2017\/12\/minicajoneras-madera.jpg 1080w\" data-sizes=\"auto\" data-orig-sizes=\"(max-width: 1080px) 100vw, 1080px\" \/><\/p>\n<h2>En el dormitorio tambi\u00e9n mini cajoneras de madera<\/h2>\n<p>Es la estancia de la casa donde m\u00e1s tiempo pasamos. Por eso, es fundamental que est\u00e9 ordenada y la convertamos en nuestro refugio personal. Si un dormitorio no respira paz y tranquilidad, dif\u00edcilmente podremos descansar.\u00a0 Un buen armario y unas mesillas con suficiente almacenaje son imprescindibles, pero cualquier otra pieza complementaria facilitar\u00e1 que todo se vea arreglado y cuidadoso. En los compartimentos de las mini cajoneras de madera podr\u00e1s guaardar pa\u00f1uelos, cinturones, maquiille, joyas y todo lo que se te ocurra. Las dos ideas -el vestidor y el tocador- son de Elena Merino (en Instagram, <a href=\"https:\/\/www.instagram.com\/elemorlovedecor_blog\/?hl=es\"><strong>@elemorlovedercor_blog<\/strong><\/a>).<\/p>\n<p><img decoding=\"async\" class=\"lazyload alignnone size-fusion-1200 wp-image-4230\" src=\"https:\/\/astideco.com\/blog\/wp-content\/uploads\/2017\/12\/mini-cajoneras-y-cajas-de-madera-1200x1600.jpg\" data-orig-src=\"https:\/\/astideco.com\/blog\/wp-content\/uploads\/2017\/12\/mini-cajoneras-y-cajas-de-madera-1200x1600.jpg\" alt=\"\" width=\"1200\" height=\"1600\" srcset=\"data:image\/svg+xml,%3Csvg%20xmlns%3D%27http%3A%2F%2Fwww.w3.org%2F2000%2Fsvg%27%20width%3D%271200%27%20height%3D%271600%27%20viewBox%3D%270%200%201200%201600%27%3E%3Crect%20width%3D%271200%27%20height%3D%271600%27%20fill-opacity%3D%220%22%2F%3E%3C%2Fsvg%3E\" data-srcset=\"https:\/\/astideco.com\/blog\/wp-content\/uploads\/2017\/12\/mini-cajoneras-y-cajas-de-madera-200x267.jpg 200w, https:\/\/astideco.com\/blog\/wp-content\/uploads\/2017\/12\/mini-cajoneras-y-cajas-de-madera-225x300.jpg 225w, https:\/\/astideco.com\/blog\/wp-content\/uploads\/2017\/12\/mini-cajoneras-y-cajas-de-madera-400x533.jpg 400w, https:\/\/astideco.com\/blog\/wp-content\/uploads\/2017\/12\/mini-cajoneras-y-cajas-de-madera-600x800.jpg 600w, https:\/\/astideco.com\/blog\/wp-content\/uploads\/2017\/12\/mini-cajoneras-y-cajas-de-madera-768x1024.jpg 768w, https:\/\/astideco.com\/blog\/wp-content\/uploads\/2017\/12\/mini-cajoneras-y-cajas-de-madera-800x1067.jpg 800w, https:\/\/astideco.com\/blog\/wp-content\/uploads\/2017\/12\/mini-cajoneras-y-cajas-de-madera-1152x1536.jpg 1152w, https:\/\/astideco.com\/blog\/wp-content\/uploads\/2017\/12\/mini-cajoneras-y-cajas-de-madera-1200x1600.jpg 1200w, https:\/\/astideco.com\/blog\/wp-content\/uploads\/2017\/12\/mini-cajoneras-y-cajas-de-madera-1536x2048.jpg 1536w, https:\/\/astideco.com\/blog\/wp-content\/uploads\/2017\/12\/mini-cajoneras-y-cajas-de-madera-scaled.jpg 1920w\" data-sizes=\"auto\" data-orig-sizes=\"(max-width: 1200px) 100vw, 1200px\" \/><\/p>\n<p><img decoding=\"async\" class=\"lazyload alignnone size-fusion-1200 wp-image-4231\" src=\"https:\/\/astideco.com\/blog\/wp-content\/uploads\/2017\/12\/minicajonera-madera-maquillaje--1200x1600.jpg\" data-orig-src=\"https:\/\/astideco.com\/blog\/wp-content\/uploads\/2017\/12\/minicajonera-madera-maquillaje--1200x1600.jpg\" alt=\"\" width=\"1200\" height=\"1600\" srcset=\"data:image\/svg+xml,%3Csvg%20xmlns%3D%27http%3A%2F%2Fwww.w3.org%2F2000%2Fsvg%27%20width%3D%271200%27%20height%3D%271600%27%20viewBox%3D%270%200%201200%201600%27%3E%3Crect%20width%3D%271200%27%20height%3D%271600%27%20fill-opacity%3D%220%22%2F%3E%3C%2Fsvg%3E\" data-srcset=\"https:\/\/astideco.com\/blog\/wp-content\/uploads\/2017\/12\/minicajonera-madera-maquillaje--200x267.jpg 200w, https:\/\/astideco.com\/blog\/wp-content\/uploads\/2017\/12\/minicajonera-madera-maquillaje--225x300.jpg 225w, https:\/\/astideco.com\/blog\/wp-content\/uploads\/2017\/12\/minicajonera-madera-maquillaje--400x533.jpg 400w, https:\/\/astideco.com\/blog\/wp-content\/uploads\/2017\/12\/minicajonera-madera-maquillaje--600x800.jpg 600w, https:\/\/astideco.com\/blog\/wp-content\/uploads\/2017\/12\/minicajonera-madera-maquillaje--768x1024.jpg 768w, https:\/\/astideco.com\/blog\/wp-content\/uploads\/2017\/12\/minicajonera-madera-maquillaje--800x1067.jpg 800w, https:\/\/astideco.com\/blog\/wp-content\/uploads\/2017\/12\/minicajonera-madera-maquillaje--1152x1536.jpg 1152w, https:\/\/astideco.com\/blog\/wp-content\/uploads\/2017\/12\/minicajonera-madera-maquillaje--1200x1600.jpg 1200w, https:\/\/astideco.com\/blog\/wp-content\/uploads\/2017\/12\/minicajonera-madera-maquillaje--1536x2048.jpg 1536w, https:\/\/astideco.com\/blog\/wp-content\/uploads\/2017\/12\/minicajonera-madera-maquillaje--scaled.jpg 1920w\" data-sizes=\"auto\" data-orig-sizes=\"(max-width: 1200px) 100vw, 1200px\" \/><\/p>\n<h2>Hasta en una salita de costura<\/h2>\n<p>\u00a1Que no sea por ideas!\u00a0 Porque si cre\u00edas que hab\u00edas visto todo, pues&#8230; et voil\u00e0: una mini cajonera de madera para clasificar y ordenar los hilos, las agujas, las cintas, los botones&#8230; Este DIY realizado por Sara Moreno (en Instagram, <a href=\"https:\/\/www.instagram.com\/fruto_samore\/?hl=es\"><strong>@fruto_samore<\/strong><\/a>) es una aut\u00e9ntica maravilla: ha forrado la parte superior con papel de caucho, ha pintado con un color pastel los cajoncitos y etiquetado cada uno de ellos para encontrar a la primera todo lo que guarda.<\/p>\n<p><img decoding=\"async\" class=\"lazyload alignnone wp-image-4241\" src=\"https:\/\/astideco.com\/blog\/wp-content\/uploads\/2017\/12\/cajonera-astikit15.jpg\" data-orig-src=\"https:\/\/astideco.com\/blog\/wp-content\/uploads\/2017\/12\/cajonera-astikit15.jpg\" alt=\"\" width=\"1200\" height=\"800\" srcset=\"data:image\/svg+xml,%3Csvg%20xmlns%3D%27http%3A%2F%2Fwww.w3.org%2F2000%2Fsvg%27%20width%3D%271200%27%20height%3D%27800%27%20viewBox%3D%270%200%201200%20800%27%3E%3Crect%20width%3D%271200%27%20height%3D%27800%27%20fill-opacity%3D%220%22%2F%3E%3C%2Fsvg%3E\" data-srcset=\"https:\/\/astideco.com\/blog\/wp-content\/uploads\/2017\/12\/cajonera-astikit15-200x133.jpg 200w, https:\/\/astideco.com\/blog\/wp-content\/uploads\/2017\/12\/cajonera-astikit15-300x200.jpg 300w, https:\/\/astideco.com\/blog\/wp-content\/uploads\/2017\/12\/cajonera-astikit15-400x267.jpg 400w, https:\/\/astideco.com\/blog\/wp-content\/uploads\/2017\/12\/cajonera-astikit15.jpg 600w\" data-sizes=\"auto\" data-orig-sizes=\"(max-width: 1200px) 100vw, 1200px\" \/><\/p>\n<p>Estas son las mini cajoneras de madera perfectas para ordenar cualquier rinc\u00f3n. Si hay alg\u00fan valiente en la sala que se anime a personalizar alguna cajonera, por favor, compartidla con nosotros.<\/p>\n<p><em>Gracias por dejarnos decorar vuestro hogar de manera sostenible.<\/em><\/p>\n<p>&nbsp;<\/p>\n","protected":false},"excerpt":{"rendered":"<p>Son bonitas, decorativas y pr\u00e1cticas. Son capaces de ordenar el desorden. Tienen un acabado natural. \u00bfDe qu\u00e9 estamos hablando? De las mini cajoneras de madera perfectas para ordenar cualquier rinc\u00f3n de casa. \u00bfNo te sucede que despu\u00e9s de ordenar el  [..]<\/p>\n","protected":false},"author":6,"featured_media":4248,"comment_status":"open","ping_status":"open","sticky":false,"template":"","format":"standard","meta":{"footnotes":""},"categories":[644,15],"tags":[62,805,416,807],"class_list":["post-841","post","type-post","status-publish","format-standard","has-post-thumbnail","hentry","category-ideas-y-consejos","category-producto","tag-astigarraga-kit-line","tag-mini-cajoneras","tag-orden","tag-organizacion"],"yoast_head":"<!-- This site is optimized with the Yoast SEO plugin v27.0 - https:\/\/yoast.com\/product\/yoast-seo-wordpress\/ -->\n<title>Las mini cajoneras de madera perfectas para ordenar cualquier rinc\u00f3n - Astiblog<\/title>\n<meta name=\"description\" content=\"Son bonitas, decorativas y pr\u00e1cticas, y capaces de ordenar el desorden. Las mini cajoneras de madera perfectas para ordenar cualquier rinc\u00f3n.\" \/>\n<meta name=\"robots\" content=\"index, follow, max-snippet:-1, max-image-preview:large, max-video-preview:-1\" \/>\n<link rel=\"canonical\" href=\"https:\/\/astideco.com\/blog\/las-mini-cajoneras-de-madera-perfectas-para-ordenar-cualquier-rincon\/\" \/>\n<meta property=\"og:locale\" content=\"es_ES\" \/>\n<meta property=\"og:type\" content=\"article\" \/>\n<meta property=\"og:title\" content=\"Las mini cajoneras de madera perfectas para ordenar cualquier rinc\u00f3n - Astiblog\" \/>\n<meta property=\"og:description\" content=\"Son bonitas, decorativas y pr\u00e1cticas, y capaces de ordenar el desorden. Las mini cajoneras de madera perfectas para ordenar cualquier rinc\u00f3n.\" \/>\n<meta property=\"og:url\" content=\"https:\/\/astideco.com\/blog\/las-mini-cajoneras-de-madera-perfectas-para-ordenar-cualquier-rincon\/\" \/>\n<meta property=\"og:site_name\" content=\"Astiblog\" \/>\n<meta property=\"article:published_time\" content=\"2022-08-08T09:47:48+00:00\" \/>\n<meta property=\"article:modified_time\" content=\"2022-09-12T16:07:27+00:00\" \/>\n<meta property=\"og:image\" content=\"https:\/\/astideco.com\/blog\/wp-content\/uploads\/2022\/08\/mini-cajoneras-madera-astigarraga-kit-line-1024x683.jpg\" \/>\n\t<meta property=\"og:image:width\" content=\"1024\" \/>\n\t<meta property=\"og:image:height\" content=\"683\" \/>\n\t<meta property=\"og:image:type\" content=\"image\/jpeg\" \/>\n<meta name=\"author\" content=\"Astigarraga Kit Line\" \/>\n<meta name=\"twitter:card\" content=\"summary_large_image\" \/>\n<meta name=\"twitter:label1\" content=\"Escrito por\" \/>\n\t<meta name=\"twitter:data1\" content=\"Astigarraga Kit Line\" \/>\n\t<meta name=\"twitter:label2\" content=\"Tiempo de lectura\" \/>\n\t<meta name=\"twitter:data2\" content=\"7 minutos\" \/>\n<script type=\"application\/ld+json\" class=\"yoast-schema-graph\">{\"@context\":\"https:\/\/schema.org\",\"@graph\":[{\"@type\":\"Article\",\"@id\":\"https:\/\/astideco.com\/blog\/las-mini-cajoneras-de-madera-perfectas-para-ordenar-cualquier-rincon\/#article\",\"isPartOf\":{\"@id\":\"https:\/\/astideco.com\/blog\/las-mini-cajoneras-de-madera-perfectas-para-ordenar-cualquier-rincon\/\"},\"author\":{\"name\":\"Astigarraga Kit Line\",\"@id\":\"https:\/\/astideco.com\/blog\/#\/schema\/person\/13fd236103c4c231352fb09b2b7ac5cf\"},\"headline\":\"Las mini cajoneras de madera perfectas para ordenar cualquier rinc\u00f3n\",\"datePublished\":\"2022-08-08T09:47:48+00:00\",\"dateModified\":\"2022-09-12T16:07:27+00:00\",\"mainEntityOfPage\":{\"@id\":\"https:\/\/astideco.com\/blog\/las-mini-cajoneras-de-madera-perfectas-para-ordenar-cualquier-rincon\/\"},\"wordCount\":1088,\"commentCount\":0,\"image\":{\"@id\":\"https:\/\/astideco.com\/blog\/las-mini-cajoneras-de-madera-perfectas-para-ordenar-cualquier-rincon\/#primaryimage\"},\"thumbnailUrl\":\"https:\/\/astideco.com\/blog\/wp-content\/uploads\/2022\/08\/mini-cajoneras-madera-astigarraga-kit-line-scaled.jpg\",\"keywords\":[\"astigarraga kit line\",\"Mini Cajoneras\",\"orden\",\"Organizacion\"],\"articleSection\":[\"Ideas y consejos\",\"Producto\"],\"inLanguage\":\"es\",\"potentialAction\":[{\"@type\":\"CommentAction\",\"name\":\"Comment\",\"target\":[\"https:\/\/astideco.com\/blog\/las-mini-cajoneras-de-madera-perfectas-para-ordenar-cualquier-rincon\/#respond\"]}]},{\"@type\":\"WebPage\",\"@id\":\"https:\/\/astideco.com\/blog\/las-mini-cajoneras-de-madera-perfectas-para-ordenar-cualquier-rincon\/\",\"url\":\"https:\/\/astideco.com\/blog\/las-mini-cajoneras-de-madera-perfectas-para-ordenar-cualquier-rincon\/\",\"name\":\"Las mini cajoneras de madera perfectas para ordenar cualquier rinc\u00f3n - Astiblog\",\"isPartOf\":{\"@id\":\"https:\/\/astideco.com\/blog\/#website\"},\"primaryImageOfPage\":{\"@id\":\"https:\/\/astideco.com\/blog\/las-mini-cajoneras-de-madera-perfectas-para-ordenar-cualquier-rincon\/#primaryimage\"},\"image\":{\"@id\":\"https:\/\/astideco.com\/blog\/las-mini-cajoneras-de-madera-perfectas-para-ordenar-cualquier-rincon\/#primaryimage\"},\"thumbnailUrl\":\"https:\/\/astideco.com\/blog\/wp-content\/uploads\/2022\/08\/mini-cajoneras-madera-astigarraga-kit-line-scaled.jpg\",\"datePublished\":\"2022-08-08T09:47:48+00:00\",\"dateModified\":\"2022-09-12T16:07:27+00:00\",\"author\":{\"@id\":\"https:\/\/astideco.com\/blog\/#\/schema\/person\/13fd236103c4c231352fb09b2b7ac5cf\"},\"description\":\"Son bonitas, decorativas y pr\u00e1cticas, y capaces de ordenar el desorden. Las mini cajoneras de madera perfectas para ordenar cualquier rinc\u00f3n.\",\"breadcrumb\":{\"@id\":\"https:\/\/astideco.com\/blog\/las-mini-cajoneras-de-madera-perfectas-para-ordenar-cualquier-rincon\/#breadcrumb\"},\"inLanguage\":\"es\",\"potentialAction\":[{\"@type\":\"ReadAction\",\"target\":[\"https:\/\/astideco.com\/blog\/las-mini-cajoneras-de-madera-perfectas-para-ordenar-cualquier-rincon\/\"]}]},{\"@type\":\"ImageObject\",\"inLanguage\":\"es\",\"@id\":\"https:\/\/astideco.com\/blog\/las-mini-cajoneras-de-madera-perfectas-para-ordenar-cualquier-rincon\/#primaryimage\",\"url\":\"https:\/\/astideco.com\/blog\/wp-content\/uploads\/2022\/08\/mini-cajoneras-madera-astigarraga-kit-line-scaled.jpg\",\"contentUrl\":\"https:\/\/astideco.com\/blog\/wp-content\/uploads\/2022\/08\/mini-cajoneras-madera-astigarraga-kit-line-scaled.jpg\",\"width\":2560,\"height\":1707},{\"@type\":\"BreadcrumbList\",\"@id\":\"https:\/\/astideco.com\/blog\/las-mini-cajoneras-de-madera-perfectas-para-ordenar-cualquier-rincon\/#breadcrumb\",\"itemListElement\":[{\"@type\":\"ListItem\",\"position\":1,\"name\":\"Portada\",\"item\":\"https:\/\/astideco.com\/blog\/\"},{\"@type\":\"ListItem\",\"position\":2,\"name\":\"Las mini cajoneras de madera perfectas para ordenar cualquier rinc\u00f3n\"}]},{\"@type\":\"WebSite\",\"@id\":\"https:\/\/astideco.com\/blog\/#website\",\"url\":\"https:\/\/astideco.com\/blog\/\",\"name\":\"Astiblog\",\"description\":\"Blog de Astideco.com\",\"potentialAction\":[{\"@type\":\"SearchAction\",\"target\":{\"@type\":\"EntryPoint\",\"urlTemplate\":\"https:\/\/astideco.com\/blog\/?s={search_term_string}\"},\"query-input\":{\"@type\":\"PropertyValueSpecification\",\"valueRequired\":true,\"valueName\":\"search_term_string\"}}],\"inLanguage\":\"es\"},{\"@type\":\"Person\",\"@id\":\"https:\/\/astideco.com\/blog\/#\/schema\/person\/13fd236103c4c231352fb09b2b7ac5cf\",\"name\":\"Astigarraga Kit Line\"}]}<\/script>\n<!-- \/ Yoast SEO plugin. -->","yoast_head_json":{"title":"Las mini cajoneras de madera perfectas para ordenar cualquier rinc\u00f3n - Astiblog","description":"Son bonitas, decorativas y pr\u00e1cticas, y capaces de ordenar el desorden. Las mini cajoneras de madera perfectas para ordenar cualquier rinc\u00f3n.","robots":{"index":"index","follow":"follow","max-snippet":"max-snippet:-1","max-image-preview":"max-image-preview:large","max-video-preview":"max-video-preview:-1"},"canonical":"https:\/\/astideco.com\/blog\/las-mini-cajoneras-de-madera-perfectas-para-ordenar-cualquier-rincon\/","og_locale":"es_ES","og_type":"article","og_title":"Las mini cajoneras de madera perfectas para ordenar cualquier rinc\u00f3n - Astiblog","og_description":"Son bonitas, decorativas y pr\u00e1cticas, y capaces de ordenar el desorden. Las mini cajoneras de madera perfectas para ordenar cualquier rinc\u00f3n.","og_url":"https:\/\/astideco.com\/blog\/las-mini-cajoneras-de-madera-perfectas-para-ordenar-cualquier-rincon\/","og_site_name":"Astiblog","article_published_time":"2022-08-08T09:47:48+00:00","article_modified_time":"2022-09-12T16:07:27+00:00","og_image":[{"width":1024,"height":683,"url":"https:\/\/astideco.com\/blog\/wp-content\/uploads\/2022\/08\/mini-cajoneras-madera-astigarraga-kit-line-1024x683.jpg","type":"image\/jpeg"}],"author":"Astigarraga Kit Line","twitter_card":"summary_large_image","twitter_misc":{"Escrito por":"Astigarraga Kit Line","Tiempo de lectura":"7 minutos"},"schema":{"@context":"https:\/\/schema.org","@graph":[{"@type":"Article","@id":"https:\/\/astideco.com\/blog\/las-mini-cajoneras-de-madera-perfectas-para-ordenar-cualquier-rincon\/#article","isPartOf":{"@id":"https:\/\/astideco.com\/blog\/las-mini-cajoneras-de-madera-perfectas-para-ordenar-cualquier-rincon\/"},"author":{"name":"Astigarraga Kit Line","@id":"https:\/\/astideco.com\/blog\/#\/schema\/person\/13fd236103c4c231352fb09b2b7ac5cf"},"headline":"Las mini cajoneras de madera perfectas para ordenar cualquier rinc\u00f3n","datePublished":"2022-08-08T09:47:48+00:00","dateModified":"2022-09-12T16:07:27+00:00","mainEntityOfPage":{"@id":"https:\/\/astideco.com\/blog\/las-mini-cajoneras-de-madera-perfectas-para-ordenar-cualquier-rincon\/"},"wordCount":1088,"commentCount":0,"image":{"@id":"https:\/\/astideco.com\/blog\/las-mini-cajoneras-de-madera-perfectas-para-ordenar-cualquier-rincon\/#primaryimage"},"thumbnailUrl":"https:\/\/astideco.com\/blog\/wp-content\/uploads\/2022\/08\/mini-cajoneras-madera-astigarraga-kit-line-scaled.jpg","keywords":["astigarraga kit line","Mini Cajoneras","orden","Organizacion"],"articleSection":["Ideas y consejos","Producto"],"inLanguage":"es","potentialAction":[{"@type":"CommentAction","name":"Comment","target":["https:\/\/astideco.com\/blog\/las-mini-cajoneras-de-madera-perfectas-para-ordenar-cualquier-rincon\/#respond"]}]},{"@type":"WebPage","@id":"https:\/\/astideco.com\/blog\/las-mini-cajoneras-de-madera-perfectas-para-ordenar-cualquier-rincon\/","url":"https:\/\/astideco.com\/blog\/las-mini-cajoneras-de-madera-perfectas-para-ordenar-cualquier-rincon\/","name":"Las mini cajoneras de madera perfectas para ordenar cualquier rinc\u00f3n - Astiblog","isPartOf":{"@id":"https:\/\/astideco.com\/blog\/#website"},"primaryImageOfPage":{"@id":"https:\/\/astideco.com\/blog\/las-mini-cajoneras-de-madera-perfectas-para-ordenar-cualquier-rincon\/#primaryimage"},"image":{"@id":"https:\/\/astideco.com\/blog\/las-mini-cajoneras-de-madera-perfectas-para-ordenar-cualquier-rincon\/#primaryimage"},"thumbnailUrl":"https:\/\/astideco.com\/blog\/wp-content\/uploads\/2022\/08\/mini-cajoneras-madera-astigarraga-kit-line-scaled.jpg","datePublished":"2022-08-08T09:47:48+00:00","dateModified":"2022-09-12T16:07:27+00:00","author":{"@id":"https:\/\/astideco.com\/blog\/#\/schema\/person\/13fd236103c4c231352fb09b2b7ac5cf"},"description":"Son bonitas, decorativas y pr\u00e1cticas, y capaces de ordenar el desorden. Las mini cajoneras de madera perfectas para ordenar cualquier rinc\u00f3n.","breadcrumb":{"@id":"https:\/\/astideco.com\/blog\/las-mini-cajoneras-de-madera-perfectas-para-ordenar-cualquier-rincon\/#breadcrumb"},"inLanguage":"es","potentialAction":[{"@type":"ReadAction","target":["https:\/\/astideco.com\/blog\/las-mini-cajoneras-de-madera-perfectas-para-ordenar-cualquier-rincon\/"]}]},{"@type":"ImageObject","inLanguage":"es","@id":"https:\/\/astideco.com\/blog\/las-mini-cajoneras-de-madera-perfectas-para-ordenar-cualquier-rincon\/#primaryimage","url":"https:\/\/astideco.com\/blog\/wp-content\/uploads\/2022\/08\/mini-cajoneras-madera-astigarraga-kit-line-scaled.jpg","contentUrl":"https:\/\/astideco.com\/blog\/wp-content\/uploads\/2022\/08\/mini-cajoneras-madera-astigarraga-kit-line-scaled.jpg","width":2560,"height":1707},{"@type":"BreadcrumbList","@id":"https:\/\/astideco.com\/blog\/las-mini-cajoneras-de-madera-perfectas-para-ordenar-cualquier-rincon\/#breadcrumb","itemListElement":[{"@type":"ListItem","position":1,"name":"Portada","item":"https:\/\/astideco.com\/blog\/"},{"@type":"ListItem","position":2,"name":"Las mini cajoneras de madera perfectas para ordenar cualquier rinc\u00f3n"}]},{"@type":"WebSite","@id":"https:\/\/astideco.com\/blog\/#website","url":"https:\/\/astideco.com\/blog\/","name":"Astiblog","description":"Blog de Astideco.com","potentialAction":[{"@type":"SearchAction","target":{"@type":"EntryPoint","urlTemplate":"https:\/\/astideco.com\/blog\/?s={search_term_string}"},"query-input":{"@type":"PropertyValueSpecification","valueRequired":true,"valueName":"search_term_string"}}],"inLanguage":"es"},{"@type":"Person","@id":"https:\/\/astideco.com\/blog\/#\/schema\/person\/13fd236103c4c231352fb09b2b7ac5cf","name":"Astigarraga Kit Line"}]}},"_links":{"self":[{"href":"https:\/\/astideco.com\/blog\/wp-json\/wp\/v2\/posts\/841","targetHints":{"allow":["GET"]}}],"collection":[{"href":"https:\/\/astideco.com\/blog\/wp-json\/wp\/v2\/posts"}],"about":[{"href":"https:\/\/astideco.com\/blog\/wp-json\/wp\/v2\/types\/post"}],"author":[{"embeddable":true,"href":"https:\/\/astideco.com\/blog\/wp-json\/wp\/v2\/users\/6"}],"replies":[{"embeddable":true,"href":"https:\/\/astideco.com\/blog\/wp-json\/wp\/v2\/comments?post=841"}],"version-history":[{"count":10,"href":"https:\/\/astideco.com\/blog\/wp-json\/wp\/v2\/posts\/841\/revisions"}],"predecessor-version":[{"id":4260,"href":"https:\/\/astideco.com\/blog\/wp-json\/wp\/v2\/posts\/841\/revisions\/4260"}],"wp:featuredmedia":[{"embeddable":true,"href":"https:\/\/astideco.com\/blog\/wp-json\/wp\/v2\/media\/4248"}],"wp:attachment":[{"href":"https:\/\/astideco.com\/blog\/wp-json\/wp\/v2\/media?parent=841"}],"wp:term":[{"taxonomy":"category","embeddable":true,"href":"https:\/\/astideco.com\/blog\/wp-json\/wp\/v2\/categories?post=841"},{"taxonomy":"post_tag","embeddable":true,"href":"https:\/\/astideco.com\/blog\/wp-json\/wp\/v2\/tags?post=841"}],"curies":[{"name":"wp","href":"https:\/\/api.w.org\/{rel}","templated":true}]}}