{"id":831,"date":"2018-01-09T09:42:33","date_gmt":"2018-01-09T09:42:33","guid":{"rendered":"https:\/\/astideco.com\/blog\/?p=831"},"modified":"2019-09-02T09:05:36","modified_gmt":"2019-09-02T09:05:36","slug":"tes-chaussures-bien-rangees-avec-notre-meuble-a-chaussures-lille","status":"publish","type":"post","link":"https:\/\/astideco.com\/blog\/tes-chaussures-bien-rangees-avec-notre-meuble-a-chaussures-lille\/","title":{"rendered":"Tes chaussures bien rang\u00e9es avec notre meuble \u00e0 chaussures Lille !"},"content":{"rendered":"<p>Probablement, l\u2019un de vos propos de cette nouvelle ann\u00e9e est d\u2019avoir votre maison bien rang\u00e9e et d\u2019avoir tous vos objets \u00e0 port\u00e9e de main. Nous vous conseillons de profiter l\u2019\u00e9nergie et l\u2019illusion de la nouvelle ann\u00e9e pour faire quelques changements chez vous. Le plus simple est d\u2019avoir un endroit pour chaque chose. C\u2019est \u00e9vident, mais quelques fois nous n\u2019y arrivons pas \u00e0 cause du rythme fr\u00e9n\u00e9tique que nous avons tous les jours. Nous voulons que tous vos chaussures soient bien rang\u00e9es.<\/p>\n<p>Les <strong>chaussures<\/strong> sont difficiles d&#8217;organiser, encore plus si on ne dispose pas d&#8217;un endroit sp\u00e9cifique. Malgr\u00e9 le fait que nous accumulons une grande vari\u00e9t\u00e9 de chaussure (sportives, des bottes, des sandales \u2026), plusieurs fois nous ne leur destinons pas d&#8217;espace exclusif. Comme vous pourrez appr\u00e9cier, le <u><strong>meuble \u00e0 chaussures Lille<\/strong><\/u> se compose de 7 portes et vous pouvez l\u2019acqu\u00e9rir en vernis blanc mais aussi en vernis merisier. Avec ce meuble de 130cm de hauteur par 80cm de largeur et 35cm de profondeur vous pourrez avoir bien rang\u00e9s : <strong>28 paires de chaussures !<\/strong><\/p>\n<p><img decoding=\"async\" class=\"lazyload alignnone wp-image-1431\" src=\"https:\/\/astideco.com\/blog\/wp-content\/uploads\/2018\/01\/zapatero_blanco-300x300.jpg\" data-orig-src=\"https:\/\/astideco.com\/blog\/wp-content\/uploads\/2018\/01\/zapatero_blanco-300x300.jpg\" alt=\"\" width=\"1200\" height=\"1200\" srcset=\"data:image\/svg+xml,%3Csvg%20xmlns%3D%27http%3A%2F%2Fwww.w3.org%2F2000%2Fsvg%27%20width%3D%271200%27%20height%3D%271200%27%20viewBox%3D%270%200%201200%201200%27%3E%3Crect%20width%3D%271200%27%20height%3D%271200%27%20fill-opacity%3D%220%22%2F%3E%3C%2Fsvg%3E\" data-srcset=\"https:\/\/astideco.com\/blog\/wp-content\/uploads\/2018\/01\/zapatero_blanco-150x150.jpg 150w, https:\/\/astideco.com\/blog\/wp-content\/uploads\/2018\/01\/zapatero_blanco-300x300.jpg 300w, https:\/\/astideco.com\/blog\/wp-content\/uploads\/2018\/01\/zapatero_blanco.jpg 600w\" data-sizes=\"auto\" data-orig-sizes=\"(max-width: 1200px) 100vw, 1200px\" \/> <img decoding=\"async\" class=\"lazyload alignnone wp-image-1429\" src=\"https:\/\/astideco.com\/blog\/wp-content\/uploads\/2018\/01\/foto_nueva_entrada_blanco-300x203.jpg\" data-orig-src=\"https:\/\/astideco.com\/blog\/wp-content\/uploads\/2018\/01\/foto_nueva_entrada_blanco-300x203.jpg\" alt=\"\" width=\"1200\" height=\"813\" srcset=\"data:image\/svg+xml,%3Csvg%20xmlns%3D%27http%3A%2F%2Fwww.w3.org%2F2000%2Fsvg%27%20width%3D%271200%27%20height%3D%27813%27%20viewBox%3D%270%200%201200%20813%27%3E%3Crect%20width%3D%271200%27%20height%3D%27813%27%20fill-opacity%3D%220%22%2F%3E%3C%2Fsvg%3E\" data-srcset=\"https:\/\/astideco.com\/blog\/wp-content\/uploads\/2018\/01\/foto_nueva_entrada_blanco-300x203.jpg 300w, https:\/\/astideco.com\/blog\/wp-content\/uploads\/2018\/01\/foto_nueva_entrada_blanco-768x520.jpg 768w, https:\/\/astideco.com\/blog\/wp-content\/uploads\/2018\/01\/foto_nueva_entrada_blanco-1024x694.jpg 1024w, https:\/\/astideco.com\/blog\/wp-content\/uploads\/2018\/01\/foto_nueva_entrada_blanco.jpg 1200w\" data-sizes=\"auto\" data-orig-sizes=\"(max-width: 1200px) 100vw, 1200px\" \/><img decoding=\"async\" class=\"lazyload alignnone wp-image-1433\" src=\"https:\/\/astideco.com\/blog\/wp-content\/uploads\/2018\/01\/zapatero_madera-300x300.jpg\" data-orig-src=\"https:\/\/astideco.com\/blog\/wp-content\/uploads\/2018\/01\/zapatero_madera-300x300.jpg\" alt=\"\" width=\"1200\" height=\"1200\" srcset=\"data:image\/svg+xml,%3Csvg%20xmlns%3D%27http%3A%2F%2Fwww.w3.org%2F2000%2Fsvg%27%20width%3D%271200%27%20height%3D%271200%27%20viewBox%3D%270%200%201200%201200%27%3E%3Crect%20width%3D%271200%27%20height%3D%271200%27%20fill-opacity%3D%220%22%2F%3E%3C%2Fsvg%3E\" data-srcset=\"https:\/\/astideco.com\/blog\/wp-content\/uploads\/2018\/01\/zapatero_madera-150x150.jpg 150w, https:\/\/astideco.com\/blog\/wp-content\/uploads\/2018\/01\/zapatero_madera-300x300.jpg 300w, https:\/\/astideco.com\/blog\/wp-content\/uploads\/2018\/01\/zapatero_madera.jpg 600w\" data-sizes=\"auto\" data-orig-sizes=\"(max-width: 1200px) 100vw, 1200px\" \/> <img decoding=\"async\" class=\"lazyload alignnone wp-image-1432\" src=\"https:\/\/astideco.com\/blog\/wp-content\/uploads\/2018\/01\/zapatero_cerezo-300x195.jpg\" data-orig-src=\"https:\/\/astideco.com\/blog\/wp-content\/uploads\/2018\/01\/zapatero_cerezo-300x195.jpg\" alt=\"\" width=\"1200\" height=\"780\" srcset=\"data:image\/svg+xml,%3Csvg%20xmlns%3D%27http%3A%2F%2Fwww.w3.org%2F2000%2Fsvg%27%20width%3D%271200%27%20height%3D%27780%27%20viewBox%3D%270%200%201200%20780%27%3E%3Crect%20width%3D%271200%27%20height%3D%27780%27%20fill-opacity%3D%220%22%2F%3E%3C%2Fsvg%3E\" data-srcset=\"https:\/\/astideco.com\/blog\/wp-content\/uploads\/2018\/01\/zapatero_cerezo-300x195.jpg 300w, https:\/\/astideco.com\/blog\/wp-content\/uploads\/2018\/01\/zapatero_cerezo-768x499.jpg 768w, https:\/\/astideco.com\/blog\/wp-content\/uploads\/2018\/01\/zapatero_cerezo-1024x666.jpg 1024w, https:\/\/astideco.com\/blog\/wp-content\/uploads\/2018\/01\/zapatero_cerezo.jpg 1200w\" data-sizes=\"auto\" data-orig-sizes=\"(max-width: 1200px) 100vw, 1200px\" \/><\/p>\n<p>Vous savez d\u00e9j\u00e0 que plusieurs de nos produits sont polyvalents. Et ce meuble \u00e0 chaussures aussi. Vous pouvez l\u2019utiliser comme commode. Son dessin est id\u00e9al pour placer dans la partie sup\u00e9rieure des photos ou d&#8217;autres objets de d\u00e9coration. \u00a1Ah ! Ce meuble vient mont\u00e9 et il poss\u00e8de le <strong>certificat PEFC<\/strong>.<\/p>\n<p><em>Merci de nous laisser d\u00e9corer votre maison d\u2019une mani\u00e8re durable. \u00a0<\/em><\/p>\n<p>&nbsp;<\/p>\n","protected":false},"excerpt":{"rendered":"<p>Probablement, l\u2019un de vos propos de cette nouvelle ann\u00e9e est d\u2019avoir votre maison bien rang\u00e9e et d\u2019avoir tous vos objets \u00e0 port\u00e9e de main. Nous vous conseillons de profiter l\u2019\u00e9nergie et l\u2019illusion de la nouvelle ann\u00e9e pour faire quelques changements  [..]<\/p>\n","protected":false},"author":6,"featured_media":1430,"comment_status":"open","ping_status":"open","sticky":false,"template":"","format":"standard","meta":{"footnotes":""},"categories":[25],"tags":[],"class_list":["post-831","post","type-post","status-publish","format-standard","has-post-thumbnail","hentry","category-produit"],"yoast_head":"<!-- This site is optimized with the Yoast SEO plugin v27.0 - https:\/\/yoast.com\/product\/yoast-seo-wordpress\/ -->\n<title>Tes chaussures bien rang\u00e9es avec notre meuble \u00e0 chaussures Lille ! - Astiblog<\/title>\n<meta name=\"robots\" content=\"index, follow, max-snippet:-1, max-image-preview:large, max-video-preview:-1\" \/>\n<link rel=\"canonical\" href=\"https:\/\/astideco.com\/blog\/tes-chaussures-bien-rangees-avec-notre-meuble-a-chaussures-lille\/\" \/>\n<meta property=\"og:locale\" content=\"es_ES\" \/>\n<meta property=\"og:type\" content=\"article\" \/>\n<meta property=\"og:title\" content=\"Tes chaussures bien rang\u00e9es avec notre meuble \u00e0 chaussures Lille ! - Astiblog\" \/>\n<meta property=\"og:description\" content=\"Probablement, l\u2019un de vos propos de cette nouvelle ann\u00e9e est d\u2019avoir votre maison bien rang\u00e9e et d\u2019avoir tous vos objets \u00e0 port\u00e9e de main. Nous vous conseillons de profiter l\u2019\u00e9nergie et l\u2019illusion de la nouvelle ann\u00e9e pour faire quelques changements [..]\" \/>\n<meta property=\"og:url\" content=\"https:\/\/astideco.com\/blog\/tes-chaussures-bien-rangees-avec-notre-meuble-a-chaussures-lille\/\" \/>\n<meta property=\"og:site_name\" content=\"Astiblog\" \/>\n<meta property=\"article:published_time\" content=\"2018-01-09T09:42:33+00:00\" \/>\n<meta property=\"article:modified_time\" content=\"2019-09-02T09:05:36+00:00\" \/>\n<meta property=\"og:image\" content=\"https:\/\/astideco.com\/blog\/wp-content\/uploads\/2018\/01\/portada.jpg\" \/>\n\t<meta property=\"og:image:width\" content=\"1200\" \/>\n\t<meta property=\"og:image:height\" content=\"676\" \/>\n\t<meta property=\"og:image:type\" content=\"image\/jpeg\" \/>\n<meta name=\"author\" content=\"Astigarraga Kit Line\" \/>\n<meta name=\"twitter:card\" content=\"summary_large_image\" \/>\n<meta name=\"twitter:label1\" content=\"Escrito por\" \/>\n\t<meta name=\"twitter:data1\" content=\"Astigarraga Kit Line\" \/>\n\t<meta name=\"twitter:label2\" content=\"Tiempo de lectura\" \/>\n\t<meta name=\"twitter:data2\" content=\"1 minuto\" \/>\n<script type=\"application\/ld+json\" class=\"yoast-schema-graph\">{\"@context\":\"https:\/\/schema.org\",\"@graph\":[{\"@type\":\"Article\",\"@id\":\"https:\/\/astideco.com\/blog\/tes-chaussures-bien-rangees-avec-notre-meuble-a-chaussures-lille\/#article\",\"isPartOf\":{\"@id\":\"https:\/\/astideco.com\/blog\/tes-chaussures-bien-rangees-avec-notre-meuble-a-chaussures-lille\/\"},\"author\":{\"name\":\"Astigarraga Kit Line\",\"@id\":\"https:\/\/astideco.com\/blog\/#\/schema\/person\/13fd236103c4c231352fb09b2b7ac5cf\"},\"headline\":\"Tes chaussures bien rang\u00e9es avec notre meuble \u00e0 chaussures Lille !\",\"datePublished\":\"2018-01-09T09:42:33+00:00\",\"dateModified\":\"2019-09-02T09:05:36+00:00\",\"mainEntityOfPage\":{\"@id\":\"https:\/\/astideco.com\/blog\/tes-chaussures-bien-rangees-avec-notre-meuble-a-chaussures-lille\/\"},\"wordCount\":265,\"commentCount\":0,\"image\":{\"@id\":\"https:\/\/astideco.com\/blog\/tes-chaussures-bien-rangees-avec-notre-meuble-a-chaussures-lille\/#primaryimage\"},\"thumbnailUrl\":\"https:\/\/astideco.com\/blog\/wp-content\/uploads\/2018\/01\/portada.jpg\",\"articleSection\":[\"PRODUIT\"],\"inLanguage\":\"es\",\"potentialAction\":[{\"@type\":\"CommentAction\",\"name\":\"Comment\",\"target\":[\"https:\/\/astideco.com\/blog\/tes-chaussures-bien-rangees-avec-notre-meuble-a-chaussures-lille\/#respond\"]}]},{\"@type\":\"WebPage\",\"@id\":\"https:\/\/astideco.com\/blog\/tes-chaussures-bien-rangees-avec-notre-meuble-a-chaussures-lille\/\",\"url\":\"https:\/\/astideco.com\/blog\/tes-chaussures-bien-rangees-avec-notre-meuble-a-chaussures-lille\/\",\"name\":\"Tes chaussures bien rang\u00e9es avec notre meuble \u00e0 chaussures Lille ! - Astiblog\",\"isPartOf\":{\"@id\":\"https:\/\/astideco.com\/blog\/#website\"},\"primaryImageOfPage\":{\"@id\":\"https:\/\/astideco.com\/blog\/tes-chaussures-bien-rangees-avec-notre-meuble-a-chaussures-lille\/#primaryimage\"},\"image\":{\"@id\":\"https:\/\/astideco.com\/blog\/tes-chaussures-bien-rangees-avec-notre-meuble-a-chaussures-lille\/#primaryimage\"},\"thumbnailUrl\":\"https:\/\/astideco.com\/blog\/wp-content\/uploads\/2018\/01\/portada.jpg\",\"datePublished\":\"2018-01-09T09:42:33+00:00\",\"dateModified\":\"2019-09-02T09:05:36+00:00\",\"author\":{\"@id\":\"https:\/\/astideco.com\/blog\/#\/schema\/person\/13fd236103c4c231352fb09b2b7ac5cf\"},\"breadcrumb\":{\"@id\":\"https:\/\/astideco.com\/blog\/tes-chaussures-bien-rangees-avec-notre-meuble-a-chaussures-lille\/#breadcrumb\"},\"inLanguage\":\"es\",\"potentialAction\":[{\"@type\":\"ReadAction\",\"target\":[\"https:\/\/astideco.com\/blog\/tes-chaussures-bien-rangees-avec-notre-meuble-a-chaussures-lille\/\"]}]},{\"@type\":\"ImageObject\",\"inLanguage\":\"es\",\"@id\":\"https:\/\/astideco.com\/blog\/tes-chaussures-bien-rangees-avec-notre-meuble-a-chaussures-lille\/#primaryimage\",\"url\":\"https:\/\/astideco.com\/blog\/wp-content\/uploads\/2018\/01\/portada.jpg\",\"contentUrl\":\"https:\/\/astideco.com\/blog\/wp-content\/uploads\/2018\/01\/portada.jpg\",\"width\":1200,\"height\":676},{\"@type\":\"BreadcrumbList\",\"@id\":\"https:\/\/astideco.com\/blog\/tes-chaussures-bien-rangees-avec-notre-meuble-a-chaussures-lille\/#breadcrumb\",\"itemListElement\":[{\"@type\":\"ListItem\",\"position\":1,\"name\":\"Portada\",\"item\":\"https:\/\/astideco.com\/blog\/\"},{\"@type\":\"ListItem\",\"position\":2,\"name\":\"Tes chaussures bien rang\u00e9es avec notre meuble \u00e0 chaussures Lille !\"}]},{\"@type\":\"WebSite\",\"@id\":\"https:\/\/astideco.com\/blog\/#website\",\"url\":\"https:\/\/astideco.com\/blog\/\",\"name\":\"Astiblog\",\"description\":\"Blog de Astideco.com\",\"potentialAction\":[{\"@type\":\"SearchAction\",\"target\":{\"@type\":\"EntryPoint\",\"urlTemplate\":\"https:\/\/astideco.com\/blog\/?s={search_term_string}\"},\"query-input\":{\"@type\":\"PropertyValueSpecification\",\"valueRequired\":true,\"valueName\":\"search_term_string\"}}],\"inLanguage\":\"es\"},{\"@type\":\"Person\",\"@id\":\"https:\/\/astideco.com\/blog\/#\/schema\/person\/13fd236103c4c231352fb09b2b7ac5cf\",\"name\":\"Astigarraga Kit Line\"}]}<\/script>\n<!-- \/ Yoast SEO plugin. -->","yoast_head_json":{"title":"Tes chaussures bien rang\u00e9es avec notre meuble \u00e0 chaussures Lille ! - Astiblog","robots":{"index":"index","follow":"follow","max-snippet":"max-snippet:-1","max-image-preview":"max-image-preview:large","max-video-preview":"max-video-preview:-1"},"canonical":"https:\/\/astideco.com\/blog\/tes-chaussures-bien-rangees-avec-notre-meuble-a-chaussures-lille\/","og_locale":"es_ES","og_type":"article","og_title":"Tes chaussures bien rang\u00e9es avec notre meuble \u00e0 chaussures Lille ! - Astiblog","og_description":"Probablement, l\u2019un de vos propos de cette nouvelle ann\u00e9e est d\u2019avoir votre maison bien rang\u00e9e et d\u2019avoir tous vos objets \u00e0 port\u00e9e de main. Nous vous conseillons de profiter l\u2019\u00e9nergie et l\u2019illusion de la nouvelle ann\u00e9e pour faire quelques changements [..]","og_url":"https:\/\/astideco.com\/blog\/tes-chaussures-bien-rangees-avec-notre-meuble-a-chaussures-lille\/","og_site_name":"Astiblog","article_published_time":"2018-01-09T09:42:33+00:00","article_modified_time":"2019-09-02T09:05:36+00:00","og_image":[{"width":1200,"height":676,"url":"https:\/\/astideco.com\/blog\/wp-content\/uploads\/2018\/01\/portada.jpg","type":"image\/jpeg"}],"author":"Astigarraga Kit Line","twitter_card":"summary_large_image","twitter_misc":{"Escrito por":"Astigarraga Kit Line","Tiempo de lectura":"1 minuto"},"schema":{"@context":"https:\/\/schema.org","@graph":[{"@type":"Article","@id":"https:\/\/astideco.com\/blog\/tes-chaussures-bien-rangees-avec-notre-meuble-a-chaussures-lille\/#article","isPartOf":{"@id":"https:\/\/astideco.com\/blog\/tes-chaussures-bien-rangees-avec-notre-meuble-a-chaussures-lille\/"},"author":{"name":"Astigarraga Kit Line","@id":"https:\/\/astideco.com\/blog\/#\/schema\/person\/13fd236103c4c231352fb09b2b7ac5cf"},"headline":"Tes chaussures bien rang\u00e9es avec notre meuble \u00e0 chaussures Lille !","datePublished":"2018-01-09T09:42:33+00:00","dateModified":"2019-09-02T09:05:36+00:00","mainEntityOfPage":{"@id":"https:\/\/astideco.com\/blog\/tes-chaussures-bien-rangees-avec-notre-meuble-a-chaussures-lille\/"},"wordCount":265,"commentCount":0,"image":{"@id":"https:\/\/astideco.com\/blog\/tes-chaussures-bien-rangees-avec-notre-meuble-a-chaussures-lille\/#primaryimage"},"thumbnailUrl":"https:\/\/astideco.com\/blog\/wp-content\/uploads\/2018\/01\/portada.jpg","articleSection":["PRODUIT"],"inLanguage":"es","potentialAction":[{"@type":"CommentAction","name":"Comment","target":["https:\/\/astideco.com\/blog\/tes-chaussures-bien-rangees-avec-notre-meuble-a-chaussures-lille\/#respond"]}]},{"@type":"WebPage","@id":"https:\/\/astideco.com\/blog\/tes-chaussures-bien-rangees-avec-notre-meuble-a-chaussures-lille\/","url":"https:\/\/astideco.com\/blog\/tes-chaussures-bien-rangees-avec-notre-meuble-a-chaussures-lille\/","name":"Tes chaussures bien rang\u00e9es avec notre meuble \u00e0 chaussures Lille ! - Astiblog","isPartOf":{"@id":"https:\/\/astideco.com\/blog\/#website"},"primaryImageOfPage":{"@id":"https:\/\/astideco.com\/blog\/tes-chaussures-bien-rangees-avec-notre-meuble-a-chaussures-lille\/#primaryimage"},"image":{"@id":"https:\/\/astideco.com\/blog\/tes-chaussures-bien-rangees-avec-notre-meuble-a-chaussures-lille\/#primaryimage"},"thumbnailUrl":"https:\/\/astideco.com\/blog\/wp-content\/uploads\/2018\/01\/portada.jpg","datePublished":"2018-01-09T09:42:33+00:00","dateModified":"2019-09-02T09:05:36+00:00","author":{"@id":"https:\/\/astideco.com\/blog\/#\/schema\/person\/13fd236103c4c231352fb09b2b7ac5cf"},"breadcrumb":{"@id":"https:\/\/astideco.com\/blog\/tes-chaussures-bien-rangees-avec-notre-meuble-a-chaussures-lille\/#breadcrumb"},"inLanguage":"es","potentialAction":[{"@type":"ReadAction","target":["https:\/\/astideco.com\/blog\/tes-chaussures-bien-rangees-avec-notre-meuble-a-chaussures-lille\/"]}]},{"@type":"ImageObject","inLanguage":"es","@id":"https:\/\/astideco.com\/blog\/tes-chaussures-bien-rangees-avec-notre-meuble-a-chaussures-lille\/#primaryimage","url":"https:\/\/astideco.com\/blog\/wp-content\/uploads\/2018\/01\/portada.jpg","contentUrl":"https:\/\/astideco.com\/blog\/wp-content\/uploads\/2018\/01\/portada.jpg","width":1200,"height":676},{"@type":"BreadcrumbList","@id":"https:\/\/astideco.com\/blog\/tes-chaussures-bien-rangees-avec-notre-meuble-a-chaussures-lille\/#breadcrumb","itemListElement":[{"@type":"ListItem","position":1,"name":"Portada","item":"https:\/\/astideco.com\/blog\/"},{"@type":"ListItem","position":2,"name":"Tes chaussures bien rang\u00e9es avec notre meuble \u00e0 chaussures Lille !"}]},{"@type":"WebSite","@id":"https:\/\/astideco.com\/blog\/#website","url":"https:\/\/astideco.com\/blog\/","name":"Astiblog","description":"Blog de Astideco.com","potentialAction":[{"@type":"SearchAction","target":{"@type":"EntryPoint","urlTemplate":"https:\/\/astideco.com\/blog\/?s={search_term_string}"},"query-input":{"@type":"PropertyValueSpecification","valueRequired":true,"valueName":"search_term_string"}}],"inLanguage":"es"},{"@type":"Person","@id":"https:\/\/astideco.com\/blog\/#\/schema\/person\/13fd236103c4c231352fb09b2b7ac5cf","name":"Astigarraga Kit Line"}]}},"_links":{"self":[{"href":"https:\/\/astideco.com\/blog\/wp-json\/wp\/v2\/posts\/831","targetHints":{"allow":["GET"]}}],"collection":[{"href":"https:\/\/astideco.com\/blog\/wp-json\/wp\/v2\/posts"}],"about":[{"href":"https:\/\/astideco.com\/blog\/wp-json\/wp\/v2\/types\/post"}],"author":[{"embeddable":true,"href":"https:\/\/astideco.com\/blog\/wp-json\/wp\/v2\/users\/6"}],"replies":[{"embeddable":true,"href":"https:\/\/astideco.com\/blog\/wp-json\/wp\/v2\/comments?post=831"}],"version-history":[{"count":4,"href":"https:\/\/astideco.com\/blog\/wp-json\/wp\/v2\/posts\/831\/revisions"}],"predecessor-version":[{"id":1437,"href":"https:\/\/astideco.com\/blog\/wp-json\/wp\/v2\/posts\/831\/revisions\/1437"}],"wp:featuredmedia":[{"embeddable":true,"href":"https:\/\/astideco.com\/blog\/wp-json\/wp\/v2\/media\/1430"}],"wp:attachment":[{"href":"https:\/\/astideco.com\/blog\/wp-json\/wp\/v2\/media?parent=831"}],"wp:term":[{"taxonomy":"category","embeddable":true,"href":"https:\/\/astideco.com\/blog\/wp-json\/wp\/v2\/categories?post=831"},{"taxonomy":"post_tag","embeddable":true,"href":"https:\/\/astideco.com\/blog\/wp-json\/wp\/v2\/tags?post=831"}],"curies":[{"name":"wp","href":"https:\/\/api.w.org\/{rel}","templated":true}]}}