{"id":807,"date":"2022-11-08T08:28:12","date_gmt":"2022-11-08T08:28:12","guid":{"rendered":"https:\/\/astideco.com\/blog\/?p=807"},"modified":"2024-07-29T07:25:24","modified_gmt":"2024-07-29T07:25:24","slug":"estanteria-de-madera-esquinera-gala","status":"publish","type":"post","link":"https:\/\/astideco.com\/blog\/estanteria-de-madera-esquinera-gala\/","title":{"rendered":"Espacio extra con la estanter\u00eda esquinera de madera Gala"},"content":{"rendered":"<p>Cuando pensamos en la decoraci\u00f3n de una casa, dedicamos mucho tiempo a c\u00f3mo distribuir todos y cada uno de los muebles para aprovechar al m\u00e1ximo todos los rincones de manera pr\u00e1ctica. Pero, \u00bfqu\u00e9 sucede con las esquinas? Son, sin duda alguna, el espacio menos aprovechado y m\u00e1s temido. Por lo general, suelen acabar un tanto desnudas, y perdemos una ocasi\u00f3n maravillosa para sacarlas partido. Por eso, hoy cantamos a los cuatro vientos: \u00a1Consigue espacio extra con la <strong>estanter\u00eda esquinera de madera Gala<\/strong>! Sigue leyendo, ver\u00e1s qu\u00e9 f\u00e1cil que es&#8230;<\/p>\n<p>Los <strong>muebles esquineros<\/strong> son precisamente ideales para aprovechar estos complicados espacios. Un sal\u00f3n, un dormitorio, un pasillo, un recibidor\u2026 En cualquier estancia nos podemos encontrar con esquinas que no sabemos c\u00f3mo optimizarlas. Nuestro prop\u00f3sito hoy es que convirt\u00e1is esos \u00e1ngulos de vuestras casas en los protagonistas.<\/p>\n<h2>Estanter\u00eda esquinera de madera<\/h2>\n<p>\u00bfC\u00f3mo? Con nuestra <span><a href=\"https:\/\/astideco.com\/es\/estanterias-esquineras\"><u><strong>estanter\u00eda esquinera de madera Gala<\/strong><\/u><\/a><\/span>. Un m\u00f3dulo esquinero perfecto si est\u00e1is buscando soluciones de almacenaje o ideas para bibliotecas en una esquina inutilizada. Est\u00e1 disponible en dos medidas: \u00a0<strong>184,7x50x25 cm <\/strong>y <strong>120,7x50x25 cm<\/strong>.<\/p>\n<p>Una misma estanter\u00eda que se puede colocar en <u><strong>cuatro posiciones<\/strong><\/u>:<\/p>\n<ol>\n<li>Unir dos estanterias formando un <strong>\u00e1ngulo exterior.<\/strong><\/li>\n<li>Unir dos estanterias formando un <strong>\u00e1ngulo interior.<\/strong><\/li>\n<li>Colocar una estanter\u00eda con una terminaci\u00f3n <strong>hacia la<\/strong> <strong>izquierda.<\/strong><\/li>\n<li>Colocar una estanter\u00eda con una terminaci\u00f3n <strong>hacia la<\/strong> <strong>derecha.<\/strong><\/li>\n<\/ol>\n<p><img decoding=\"async\" class=\"lazyload alignnone size-fusion-1200 wp-image-4366\" src=\"https:\/\/astideco.com\/blog\/wp-content\/uploads\/2018\/02\/castellano-1200x585.jpg\" data-orig-src=\"https:\/\/astideco.com\/blog\/wp-content\/uploads\/2018\/02\/castellano-1200x585.jpg\" alt=\"\" width=\"1200\" height=\"585\" srcset=\"data:image\/svg+xml,%3Csvg%20xmlns%3D%27http%3A%2F%2Fwww.w3.org%2F2000%2Fsvg%27%20width%3D%271200%27%20height%3D%27585%27%20viewBox%3D%270%200%201200%20585%27%3E%3Crect%20width%3D%271200%27%20height%3D%27585%27%20fill-opacity%3D%220%22%2F%3E%3C%2Fsvg%3E\" data-srcset=\"https:\/\/astideco.com\/blog\/wp-content\/uploads\/2018\/02\/castellano-200x97.jpg 200w, https:\/\/astideco.com\/blog\/wp-content\/uploads\/2018\/02\/castellano-300x146.jpg 300w, https:\/\/astideco.com\/blog\/wp-content\/uploads\/2018\/02\/castellano-400x195.jpg 400w, https:\/\/astideco.com\/blog\/wp-content\/uploads\/2018\/02\/castellano-600x292.jpg 600w, https:\/\/astideco.com\/blog\/wp-content\/uploads\/2018\/02\/castellano-768x374.jpg 768w, https:\/\/astideco.com\/blog\/wp-content\/uploads\/2018\/02\/castellano-800x390.jpg 800w, https:\/\/astideco.com\/blog\/wp-content\/uploads\/2018\/02\/castellano-1024x499.jpg 1024w, https:\/\/astideco.com\/blog\/wp-content\/uploads\/2018\/02\/castellano-1200x585.jpg 1200w, https:\/\/astideco.com\/blog\/wp-content\/uploads\/2018\/02\/castellano-1536x749.jpg 1536w\" data-sizes=\"auto\" data-orig-sizes=\"(max-width: 1200px) 100vw, 1200px\" \/>Por su dise\u00f1o, estas estanter\u00edas de madera esquineras se asemejan m\u00e1s a las t\u00edpicas librer\u00edas para colocar y ordenar libros. Combinando diferentes m\u00f3dulos podr\u00e1s crear una bibblioteca a la medida que desees. \u00bfNo os parece que <strong>decorar con estanter\u00edas esquineras<\/strong> es una perfecta idea para ahorrar espacio y sacar juego a aquellos rincones que apenas se usan?<\/p>\n<p><img decoding=\"async\" class=\"lazyload alignnone wp-image-4365 size-fusion-1200\" src=\"https:\/\/astideco.com\/blog\/wp-content\/uploads\/2018\/02\/estanteria-libreria-esquinera-1200x780.jpg\" data-orig-src=\"https:\/\/astideco.com\/blog\/wp-content\/uploads\/2018\/02\/estanteria-libreria-esquinera-1200x780.jpg\" alt=\"\" width=\"1200\" height=\"780\" srcset=\"data:image\/svg+xml,%3Csvg%20xmlns%3D%27http%3A%2F%2Fwww.w3.org%2F2000%2Fsvg%27%20width%3D%271200%27%20height%3D%27780%27%20viewBox%3D%270%200%201200%20780%27%3E%3Crect%20width%3D%271200%27%20height%3D%27780%27%20fill-opacity%3D%220%22%2F%3E%3C%2Fsvg%3E\" data-srcset=\"https:\/\/astideco.com\/blog\/wp-content\/uploads\/2018\/02\/estanteria-libreria-esquinera-200x130.jpg 200w, https:\/\/astideco.com\/blog\/wp-content\/uploads\/2018\/02\/estanteria-libreria-esquinera-300x195.jpg 300w, https:\/\/astideco.com\/blog\/wp-content\/uploads\/2018\/02\/estanteria-libreria-esquinera-400x260.jpg 400w, https:\/\/astideco.com\/blog\/wp-content\/uploads\/2018\/02\/estanteria-libreria-esquinera-600x390.jpg 600w, https:\/\/astideco.com\/blog\/wp-content\/uploads\/2018\/02\/estanteria-libreria-esquinera-768x499.jpg 768w, https:\/\/astideco.com\/blog\/wp-content\/uploads\/2018\/02\/estanteria-libreria-esquinera-800x520.jpg 800w, https:\/\/astideco.com\/blog\/wp-content\/uploads\/2018\/02\/estanteria-libreria-esquinera-1024x666.jpg 1024w, https:\/\/astideco.com\/blog\/wp-content\/uploads\/2018\/02\/estanteria-libreria-esquinera-1200x780.jpg 1200w, https:\/\/astideco.com\/blog\/wp-content\/uploads\/2018\/02\/estanteria-libreria-esquinera-1536x998.jpg 1536w\" data-sizes=\"auto\" data-orig-sizes=\"(max-width: 1200px) 100vw, 1200px\" \/><\/p>\n<p>\u00bfQu\u00e9 os parece esta composici\u00f3n? Ideal para encajarla en un un <strong>rinc\u00f3n del sal\u00f3n<\/strong> pero tambi\u00e9n para pensar en crear una<strong> zona de trabajo o despacho<\/strong> en casa. Puedes aprovechar los estantes para poner libros, objetos de decoraci\u00f3n, cajoneras o cajas.<\/p>\n<p><img decoding=\"async\" class=\"lazyload alignnone wp-image-4368 size-fusion-1200\" src=\"https:\/\/astideco.com\/blog\/wp-content\/uploads\/2018\/02\/estanteria-esquinera-madera-maciza-astikitline-1200x780.jpg\" data-orig-src=\"https:\/\/astideco.com\/blog\/wp-content\/uploads\/2018\/02\/estanteria-esquinera-madera-maciza-astikitline-1200x780.jpg\" alt=\"\" width=\"1200\" height=\"780\" srcset=\"data:image\/svg+xml,%3Csvg%20xmlns%3D%27http%3A%2F%2Fwww.w3.org%2F2000%2Fsvg%27%20width%3D%271200%27%20height%3D%27780%27%20viewBox%3D%270%200%201200%20780%27%3E%3Crect%20width%3D%271200%27%20height%3D%27780%27%20fill-opacity%3D%220%22%2F%3E%3C%2Fsvg%3E\" data-srcset=\"https:\/\/astideco.com\/blog\/wp-content\/uploads\/2018\/02\/estanteria-esquinera-madera-maciza-astikitline-200x130.jpg 200w, https:\/\/astideco.com\/blog\/wp-content\/uploads\/2018\/02\/estanteria-esquinera-madera-maciza-astikitline-300x195.jpg 300w, https:\/\/astideco.com\/blog\/wp-content\/uploads\/2018\/02\/estanteria-esquinera-madera-maciza-astikitline-400x260.jpg 400w, https:\/\/astideco.com\/blog\/wp-content\/uploads\/2018\/02\/estanteria-esquinera-madera-maciza-astikitline-600x390.jpg 600w, https:\/\/astideco.com\/blog\/wp-content\/uploads\/2018\/02\/estanteria-esquinera-madera-maciza-astikitline-768x499.jpg 768w, https:\/\/astideco.com\/blog\/wp-content\/uploads\/2018\/02\/estanteria-esquinera-madera-maciza-astikitline-800x520.jpg 800w, https:\/\/astideco.com\/blog\/wp-content\/uploads\/2018\/02\/estanteria-esquinera-madera-maciza-astikitline-1024x666.jpg 1024w, https:\/\/astideco.com\/blog\/wp-content\/uploads\/2018\/02\/estanteria-esquinera-madera-maciza-astikitline-1200x780.jpg 1200w, https:\/\/astideco.com\/blog\/wp-content\/uploads\/2018\/02\/estanteria-esquinera-madera-maciza-astikitline-1536x998.jpg 1536w\" data-sizes=\"auto\" data-orig-sizes=\"(max-width: 1200px) 100vw, 1200px\" \/><\/p>\n<p>Para cualquier bibli\u00f3filo, muchas veces la falta de espacio es un problema. Si eres uno de estos, no te pierdas <span><a href=\"https:\/\/www.decorarenfamilia.com\/2021\/11\/como-decorar-una-estanteria-trucos-definitivos.html?fbclid=IwAR1WKp48iIxV5LfIFezbuvbMjGtHV4UJJiGxH49iZ9rmYQm-JYCn2FsNa28\"><strong>los trucos y los consejos sencillos para decorar una estanter\u00eda<\/strong><\/a><\/span> que te ofrece Miren del blog &#8216;Decorar en Familia&#8217;. Se trata de conseguir un orden coherente y pr\u00e1ctico que sea atractivo visualmente. Y lo ha conseguiro organizadno los libros en funci\u00f3n del color. A nosotros nos encanta y, \u00bfa ti? Adem\u00e1s, no solo de libros viven las estanter\u00edas sino que existen otros muchos elmentos que yaudan a vestirlas.<\/p>\n<div id=\"attachment_4372\" style=\"width: 1210px\" class=\"wp-caption alignnone\"><img decoding=\"async\" aria-describedby=\"caption-attachment-4372\" class=\"lazyload wp-image-4372 size-fusion-1200\" src=\"https:\/\/astideco.com\/blog\/wp-content\/uploads\/2022\/11\/Como-decorar-una-estanteria_Decorar-en-familia10-1200x1550.jpg\" data-orig-src=\"https:\/\/astideco.com\/blog\/wp-content\/uploads\/2022\/11\/Como-decorar-una-estanteria_Decorar-en-familia10-1200x1550.jpg\" alt=\"\" width=\"1200\" height=\"1550\" srcset=\"data:image\/svg+xml,%3Csvg%20xmlns%3D%27http%3A%2F%2Fwww.w3.org%2F2000%2Fsvg%27%20width%3D%271200%27%20height%3D%271550%27%20viewBox%3D%270%200%201200%201550%27%3E%3Crect%20width%3D%271200%27%20height%3D%271550%27%20fill-opacity%3D%220%22%2F%3E%3C%2Fsvg%3E\" data-srcset=\"https:\/\/astideco.com\/blog\/wp-content\/uploads\/2022\/11\/Como-decorar-una-estanteria_Decorar-en-familia10-200x258.jpg 200w, https:\/\/astideco.com\/blog\/wp-content\/uploads\/2022\/11\/Como-decorar-una-estanteria_Decorar-en-familia10-232x300.jpg 232w, https:\/\/astideco.com\/blog\/wp-content\/uploads\/2022\/11\/Como-decorar-una-estanteria_Decorar-en-familia10-400x517.jpg 400w, https:\/\/astideco.com\/blog\/wp-content\/uploads\/2022\/11\/Como-decorar-una-estanteria_Decorar-en-familia10-600x775.jpg 600w, https:\/\/astideco.com\/blog\/wp-content\/uploads\/2022\/11\/Como-decorar-una-estanteria_Decorar-en-familia10-768x992.jpg 768w, https:\/\/astideco.com\/blog\/wp-content\/uploads\/2022\/11\/Como-decorar-una-estanteria_Decorar-en-familia10-793x1024.jpg 793w, https:\/\/astideco.com\/blog\/wp-content\/uploads\/2022\/11\/Como-decorar-una-estanteria_Decorar-en-familia10-800x1033.jpg 800w, https:\/\/astideco.com\/blog\/wp-content\/uploads\/2022\/11\/Como-decorar-una-estanteria_Decorar-en-familia10-1189x1536.jpg 1189w, https:\/\/astideco.com\/blog\/wp-content\/uploads\/2022\/11\/Como-decorar-una-estanteria_Decorar-en-familia10-1200x1550.jpg 1200w, https:\/\/astideco.com\/blog\/wp-content\/uploads\/2022\/11\/Como-decorar-una-estanteria_Decorar-en-familia10-1586x2048.jpg 1586w\" data-sizes=\"auto\" data-orig-sizes=\"(max-width: 1200px) 100vw, 1200px\" \/><p id=\"caption-attachment-4372\" class=\"wp-caption-text\">Foto: <a href=\"https:\/\/www.instagram.com\/miren_defdeco\/?hl=es\"><strong>@miren_defdeco<\/strong><\/a><\/p><\/div>\n<p>Pero no os preocup\u00e9is si no cont\u00e1is con rincones tan espaciosos porque hasta la esquina m\u00e1s peque\u00f1ira puede ser decorada. Y sino, \u00a1mirad!<\/p>\n<div id=\"attachment_4373\" style=\"width: 1210px\" class=\"wp-caption alignnone\"><img decoding=\"async\" aria-describedby=\"caption-attachment-4373\" class=\"lazyload wp-image-4373\" src=\"https:\/\/astideco.com\/blog\/wp-content\/uploads\/2022\/11\/libreria-astikit8.jpg\" data-orig-src=\"https:\/\/astideco.com\/blog\/wp-content\/uploads\/2022\/11\/libreria-astikit8.jpg\" alt=\"\" width=\"1200\" height=\"1678\" srcset=\"data:image\/svg+xml,%3Csvg%20xmlns%3D%27http%3A%2F%2Fwww.w3.org%2F2000%2Fsvg%27%20width%3D%271200%27%20height%3D%271678%27%20viewBox%3D%270%200%201200%201678%27%3E%3Crect%20width%3D%271200%27%20height%3D%271678%27%20fill-opacity%3D%220%22%2F%3E%3C%2Fsvg%3E\" data-srcset=\"https:\/\/astideco.com\/blog\/wp-content\/uploads\/2022\/11\/libreria-astikit8-200x280.jpg 200w, https:\/\/astideco.com\/blog\/wp-content\/uploads\/2022\/11\/libreria-astikit8-215x300.jpg 215w, https:\/\/astideco.com\/blog\/wp-content\/uploads\/2022\/11\/libreria-astikit8-400x559.jpg 400w, https:\/\/astideco.com\/blog\/wp-content\/uploads\/2022\/11\/libreria-astikit8.jpg 600w\" data-sizes=\"auto\" data-orig-sizes=\"(max-width: 1200px) 100vw, 1200px\" \/><p id=\"caption-attachment-4373\" class=\"wp-caption-text\">Foto: <a href=\"https:\/\/www.instagram.com\/fruto_samore\/?hl=es\"><strong>@fruto_samore<\/strong><\/a><\/p><\/div>\n<p>Ya veis que todo es posible, porque las opciones son m\u00faltiples. Estas <span><strong>estanter\u00edas de madera esquineras<\/strong><\/span> pueden ir acompa\u00f1adas de las tradicionales <span><a href=\"https:\/\/astideco.com\/es\/estanterias-librerias\"><strong>estanter\u00edas de madera Gala<\/strong><\/a><\/span>. Hay hasta seis modelos diferentes, en funci\u00f3n del n\u00famero de baldas y el ancho de la estanter\u00eda. Aunque para que queden a la misma altura, habr\u00eda que utilizar las de 4 y 6 estantes.<\/p>\n<ul>\n<li>4 baldas: 120,7 x 80 x 25cm (alto\/ancho\/fondo), 22mm de grosor.<\/li>\n<li>4 baldas: 120,7 x 50 x 25cm (alto\/ancho\/fondo), 22 mm de grosor.<\/li>\n<li>6 baldas: 184,7 x 80 x 25cm (alto\/ancho\/fondo), 22 mm de grosor.<\/li>\n<li>6 baldas: 184,7 x 50 x 25cm (alto\/ancho\/fondo), 22mm de grosor.<\/li>\n<li>7 baldas: 216,7 x 80 x 25cm (alto\/ancho\/fondo), 22 mm de grosor.<\/li>\n<li>7 baldas: 216,7 x 50 x 25cm (alto\/ancho\/fondo), 22mm de grosor.<\/li>\n<\/ul>\n<p>&nbsp;<\/p>\n<p><img decoding=\"async\" class=\"lazyload alignleft wp-image-4369\" src=\"https:\/\/astideco.com\/blog\/wp-content\/uploads\/2018\/02\/estanterias-y-taburete-escalera-plegable-de-madera-maciza.jpg\" data-orig-src=\"https:\/\/astideco.com\/blog\/wp-content\/uploads\/2018\/02\/estanterias-y-taburete-escalera-plegable-de-madera-maciza.jpg\" alt=\"\" width=\"1200\" height=\"800\" srcset=\"data:image\/svg+xml,%3Csvg%20xmlns%3D%27http%3A%2F%2Fwww.w3.org%2F2000%2Fsvg%27%20width%3D%271200%27%20height%3D%27800%27%20viewBox%3D%270%200%201200%20800%27%3E%3Crect%20width%3D%271200%27%20height%3D%27800%27%20fill-opacity%3D%220%22%2F%3E%3C%2Fsvg%3E\" data-srcset=\"https:\/\/astideco.com\/blog\/wp-content\/uploads\/2018\/02\/estanterias-y-taburete-escalera-plegable-de-madera-maciza-200x133.jpg 200w, https:\/\/astideco.com\/blog\/wp-content\/uploads\/2018\/02\/estanterias-y-taburete-escalera-plegable-de-madera-maciza-300x200.jpg 300w, https:\/\/astideco.com\/blog\/wp-content\/uploads\/2018\/02\/estanterias-y-taburete-escalera-plegable-de-madera-maciza-400x267.jpg 400w, https:\/\/astideco.com\/blog\/wp-content\/uploads\/2018\/02\/estanterias-y-taburete-escalera-plegable-de-madera-maciza-600x400.jpg 600w, https:\/\/astideco.com\/blog\/wp-content\/uploads\/2018\/02\/estanterias-y-taburete-escalera-plegable-de-madera-maciza-768x512.jpg 768w, https:\/\/astideco.com\/blog\/wp-content\/uploads\/2018\/02\/estanterias-y-taburete-escalera-plegable-de-madera-maciza-800x534.jpg 800w, https:\/\/astideco.com\/blog\/wp-content\/uploads\/2018\/02\/estanterias-y-taburete-escalera-plegable-de-madera-maciza.jpg 1024w\" data-sizes=\"auto\" data-orig-sizes=\"(max-width: 1200px) 100vw, 1200px\" \/><\/p>\n<p>\u00a1Su color en madera natural hace que encajen perfectamente en una decoraci\u00f3n n\u00f3rdica! Adem\u00e1s, ya sab\u00e9is que la madera empleada goza del <span><a href=\"https:\/\/www.pefc.es\/\"><strong>certificado PEFC<\/strong><\/a><\/span> y la <span><a href=\"https:\/\/europa.eu\/youreurope\/business\/product-requirements\/labels-markings\/ecolabel\/index_es.htm\"><strong>etiqueta ecol\u00f3gica europea Ecolabel<\/strong><\/a><\/span> que significa que proviene de nuestros propios bosques gestionados de manera sostenible.<\/p>\n<p><em>Gracias por dejarnos decorar vuestro hogar de manera sostenible.<\/em><\/p>\n","protected":false},"excerpt":{"rendered":"<p>Cuando pensamos en la decoraci\u00f3n de una casa, dedicamos mucho tiempo a c\u00f3mo distribuir todos y cada uno de los muebles para aprovechar al m\u00e1ximo todos los rincones de manera pr\u00e1ctica. Pero, \u00bfqu\u00e9 sucede con las esquinas? Son, sin duda  [..]<\/p>\n","protected":false},"author":6,"featured_media":4371,"comment_status":"open","ping_status":"open","sticky":false,"template":"","format":"standard","meta":{"footnotes":""},"categories":[644,15],"tags":[334,835,831,833,771,54,84,704],"class_list":["post-807","post","type-post","status-publish","format-standard","has-post-thumbnail","hentry","category-ideas-y-consejos","category-producto","tag-ecolabel","tag-estanteria-despensa","tag-estanteria-esquinera","tag-estanteria-libreria","tag-estanteria-madera","tag-madera-ecologica","tag-madera-sostenible","tag-pefc"],"yoast_head":"<!-- This site is optimized with the Yoast SEO plugin v27.0 - https:\/\/yoast.com\/product\/yoast-seo-wordpress\/ -->\n<title>Espacio extra con la estanter\u00eda esquinera de madera Gala - Astiblog<\/title>\n<meta name=\"description\" content=\"Las esquinas son esos temidos rincones que no se sabe c\u00f3mo decorarlas. Consigue espacio extra con la estanter\u00eda esquinera de madera Gala,\" \/>\n<meta name=\"robots\" content=\"index, follow, max-snippet:-1, max-image-preview:large, max-video-preview:-1\" \/>\n<link rel=\"canonical\" href=\"https:\/\/astideco.com\/blog\/estanteria-de-madera-esquinera-gala\/\" \/>\n<meta property=\"og:locale\" content=\"es_ES\" \/>\n<meta property=\"og:type\" content=\"article\" \/>\n<meta property=\"og:title\" content=\"Espacio extra con la estanter\u00eda esquinera de madera Gala - Astiblog\" \/>\n<meta property=\"og:description\" content=\"Las esquinas son esos temidos rincones que no se sabe c\u00f3mo decorarlas. Consigue espacio extra con la estanter\u00eda esquinera de madera Gala,\" \/>\n<meta property=\"og:url\" content=\"https:\/\/astideco.com\/blog\/estanteria-de-madera-esquinera-gala\/\" \/>\n<meta property=\"og:site_name\" content=\"Astiblog\" \/>\n<meta property=\"article:published_time\" content=\"2022-11-08T08:28:12+00:00\" \/>\n<meta property=\"article:modified_time\" content=\"2024-07-29T07:25:24+00:00\" \/>\n<meta property=\"og:image\" content=\"https:\/\/astideco.com\/blog\/wp-content\/uploads\/2022\/11\/Como-decorar-una-estanteria_Decorar-en-familia8-1024x778.jpg\" \/>\n\t<meta property=\"og:image:width\" content=\"1024\" \/>\n\t<meta property=\"og:image:height\" content=\"778\" \/>\n\t<meta property=\"og:image:type\" content=\"image\/jpeg\" \/>\n<meta name=\"author\" content=\"Astigarraga Kit Line\" \/>\n<meta name=\"twitter:card\" content=\"summary_large_image\" \/>\n<meta name=\"twitter:label1\" content=\"Escrito por\" \/>\n\t<meta name=\"twitter:data1\" content=\"Astigarraga Kit Line\" \/>\n\t<meta name=\"twitter:label2\" content=\"Tiempo de lectura\" \/>\n\t<meta name=\"twitter:data2\" content=\"4 minutos\" \/>\n<script type=\"application\/ld+json\" class=\"yoast-schema-graph\">{\"@context\":\"https:\/\/schema.org\",\"@graph\":[{\"@type\":\"Article\",\"@id\":\"https:\/\/astideco.com\/blog\/estanteria-de-madera-esquinera-gala\/#article\",\"isPartOf\":{\"@id\":\"https:\/\/astideco.com\/blog\/estanteria-de-madera-esquinera-gala\/\"},\"author\":{\"name\":\"Astigarraga Kit Line\",\"@id\":\"https:\/\/astideco.com\/blog\/#\/schema\/person\/13fd236103c4c231352fb09b2b7ac5cf\"},\"headline\":\"Espacio extra con la estanter\u00eda esquinera de madera Gala\",\"datePublished\":\"2022-11-08T08:28:12+00:00\",\"dateModified\":\"2024-07-29T07:25:24+00:00\",\"mainEntityOfPage\":{\"@id\":\"https:\/\/astideco.com\/blog\/estanteria-de-madera-esquinera-gala\/\"},\"wordCount\":687,\"commentCount\":0,\"image\":{\"@id\":\"https:\/\/astideco.com\/blog\/estanteria-de-madera-esquinera-gala\/#primaryimage\"},\"thumbnailUrl\":\"https:\/\/astideco.com\/blog\/wp-content\/uploads\/2022\/11\/Como-decorar-una-estanteria_Decorar-en-familia8-scaled.jpg\",\"keywords\":[\"ecolabel\",\"Estanteria Despensa\",\"Estanteria Esquinera\",\"Estanteria Libreria\",\"Estanteria Madera\",\"madera ecologica\",\"madera sostenible\",\"PEFC\"],\"articleSection\":[\"Ideas y consejos\",\"Producto\"],\"inLanguage\":\"es\",\"potentialAction\":[{\"@type\":\"CommentAction\",\"name\":\"Comment\",\"target\":[\"https:\/\/astideco.com\/blog\/estanteria-de-madera-esquinera-gala\/#respond\"]}]},{\"@type\":\"WebPage\",\"@id\":\"https:\/\/astideco.com\/blog\/estanteria-de-madera-esquinera-gala\/\",\"url\":\"https:\/\/astideco.com\/blog\/estanteria-de-madera-esquinera-gala\/\",\"name\":\"Espacio extra con la estanter\u00eda esquinera de madera Gala - Astiblog\",\"isPartOf\":{\"@id\":\"https:\/\/astideco.com\/blog\/#website\"},\"primaryImageOfPage\":{\"@id\":\"https:\/\/astideco.com\/blog\/estanteria-de-madera-esquinera-gala\/#primaryimage\"},\"image\":{\"@id\":\"https:\/\/astideco.com\/blog\/estanteria-de-madera-esquinera-gala\/#primaryimage\"},\"thumbnailUrl\":\"https:\/\/astideco.com\/blog\/wp-content\/uploads\/2022\/11\/Como-decorar-una-estanteria_Decorar-en-familia8-scaled.jpg\",\"datePublished\":\"2022-11-08T08:28:12+00:00\",\"dateModified\":\"2024-07-29T07:25:24+00:00\",\"author\":{\"@id\":\"https:\/\/astideco.com\/blog\/#\/schema\/person\/13fd236103c4c231352fb09b2b7ac5cf\"},\"description\":\"Las esquinas son esos temidos rincones que no se sabe c\u00f3mo decorarlas. Consigue espacio extra con la estanter\u00eda esquinera de madera Gala,\",\"breadcrumb\":{\"@id\":\"https:\/\/astideco.com\/blog\/estanteria-de-madera-esquinera-gala\/#breadcrumb\"},\"inLanguage\":\"es\",\"potentialAction\":[{\"@type\":\"ReadAction\",\"target\":[\"https:\/\/astideco.com\/blog\/estanteria-de-madera-esquinera-gala\/\"]}]},{\"@type\":\"ImageObject\",\"inLanguage\":\"es\",\"@id\":\"https:\/\/astideco.com\/blog\/estanteria-de-madera-esquinera-gala\/#primaryimage\",\"url\":\"https:\/\/astideco.com\/blog\/wp-content\/uploads\/2022\/11\/Como-decorar-una-estanteria_Decorar-en-familia8-scaled.jpg\",\"contentUrl\":\"https:\/\/astideco.com\/blog\/wp-content\/uploads\/2022\/11\/Como-decorar-una-estanteria_Decorar-en-familia8-scaled.jpg\",\"width\":2560,\"height\":1946},{\"@type\":\"BreadcrumbList\",\"@id\":\"https:\/\/astideco.com\/blog\/estanteria-de-madera-esquinera-gala\/#breadcrumb\",\"itemListElement\":[{\"@type\":\"ListItem\",\"position\":1,\"name\":\"Portada\",\"item\":\"https:\/\/astideco.com\/blog\/\"},{\"@type\":\"ListItem\",\"position\":2,\"name\":\"Espacio extra con la estanter\u00eda esquinera de madera Gala\"}]},{\"@type\":\"WebSite\",\"@id\":\"https:\/\/astideco.com\/blog\/#website\",\"url\":\"https:\/\/astideco.com\/blog\/\",\"name\":\"Astiblog\",\"description\":\"Blog de Astideco.com\",\"potentialAction\":[{\"@type\":\"SearchAction\",\"target\":{\"@type\":\"EntryPoint\",\"urlTemplate\":\"https:\/\/astideco.com\/blog\/?s={search_term_string}\"},\"query-input\":{\"@type\":\"PropertyValueSpecification\",\"valueRequired\":true,\"valueName\":\"search_term_string\"}}],\"inLanguage\":\"es\"},{\"@type\":\"Person\",\"@id\":\"https:\/\/astideco.com\/blog\/#\/schema\/person\/13fd236103c4c231352fb09b2b7ac5cf\",\"name\":\"Astigarraga Kit Line\"}]}<\/script>\n<!-- \/ Yoast SEO plugin. -->","yoast_head_json":{"title":"Espacio extra con la estanter\u00eda esquinera de madera Gala - Astiblog","description":"Las esquinas son esos temidos rincones que no se sabe c\u00f3mo decorarlas. Consigue espacio extra con la estanter\u00eda esquinera de madera Gala,","robots":{"index":"index","follow":"follow","max-snippet":"max-snippet:-1","max-image-preview":"max-image-preview:large","max-video-preview":"max-video-preview:-1"},"canonical":"https:\/\/astideco.com\/blog\/estanteria-de-madera-esquinera-gala\/","og_locale":"es_ES","og_type":"article","og_title":"Espacio extra con la estanter\u00eda esquinera de madera Gala - Astiblog","og_description":"Las esquinas son esos temidos rincones que no se sabe c\u00f3mo decorarlas. Consigue espacio extra con la estanter\u00eda esquinera de madera Gala,","og_url":"https:\/\/astideco.com\/blog\/estanteria-de-madera-esquinera-gala\/","og_site_name":"Astiblog","article_published_time":"2022-11-08T08:28:12+00:00","article_modified_time":"2024-07-29T07:25:24+00:00","og_image":[{"width":1024,"height":778,"url":"https:\/\/astideco.com\/blog\/wp-content\/uploads\/2022\/11\/Como-decorar-una-estanteria_Decorar-en-familia8-1024x778.jpg","type":"image\/jpeg"}],"author":"Astigarraga Kit Line","twitter_card":"summary_large_image","twitter_misc":{"Escrito por":"Astigarraga Kit Line","Tiempo de lectura":"4 minutos"},"schema":{"@context":"https:\/\/schema.org","@graph":[{"@type":"Article","@id":"https:\/\/astideco.com\/blog\/estanteria-de-madera-esquinera-gala\/#article","isPartOf":{"@id":"https:\/\/astideco.com\/blog\/estanteria-de-madera-esquinera-gala\/"},"author":{"name":"Astigarraga Kit Line","@id":"https:\/\/astideco.com\/blog\/#\/schema\/person\/13fd236103c4c231352fb09b2b7ac5cf"},"headline":"Espacio extra con la estanter\u00eda esquinera de madera Gala","datePublished":"2022-11-08T08:28:12+00:00","dateModified":"2024-07-29T07:25:24+00:00","mainEntityOfPage":{"@id":"https:\/\/astideco.com\/blog\/estanteria-de-madera-esquinera-gala\/"},"wordCount":687,"commentCount":0,"image":{"@id":"https:\/\/astideco.com\/blog\/estanteria-de-madera-esquinera-gala\/#primaryimage"},"thumbnailUrl":"https:\/\/astideco.com\/blog\/wp-content\/uploads\/2022\/11\/Como-decorar-una-estanteria_Decorar-en-familia8-scaled.jpg","keywords":["ecolabel","Estanteria Despensa","Estanteria Esquinera","Estanteria Libreria","Estanteria Madera","madera ecologica","madera sostenible","PEFC"],"articleSection":["Ideas y consejos","Producto"],"inLanguage":"es","potentialAction":[{"@type":"CommentAction","name":"Comment","target":["https:\/\/astideco.com\/blog\/estanteria-de-madera-esquinera-gala\/#respond"]}]},{"@type":"WebPage","@id":"https:\/\/astideco.com\/blog\/estanteria-de-madera-esquinera-gala\/","url":"https:\/\/astideco.com\/blog\/estanteria-de-madera-esquinera-gala\/","name":"Espacio extra con la estanter\u00eda esquinera de madera Gala - Astiblog","isPartOf":{"@id":"https:\/\/astideco.com\/blog\/#website"},"primaryImageOfPage":{"@id":"https:\/\/astideco.com\/blog\/estanteria-de-madera-esquinera-gala\/#primaryimage"},"image":{"@id":"https:\/\/astideco.com\/blog\/estanteria-de-madera-esquinera-gala\/#primaryimage"},"thumbnailUrl":"https:\/\/astideco.com\/blog\/wp-content\/uploads\/2022\/11\/Como-decorar-una-estanteria_Decorar-en-familia8-scaled.jpg","datePublished":"2022-11-08T08:28:12+00:00","dateModified":"2024-07-29T07:25:24+00:00","author":{"@id":"https:\/\/astideco.com\/blog\/#\/schema\/person\/13fd236103c4c231352fb09b2b7ac5cf"},"description":"Las esquinas son esos temidos rincones que no se sabe c\u00f3mo decorarlas. Consigue espacio extra con la estanter\u00eda esquinera de madera Gala,","breadcrumb":{"@id":"https:\/\/astideco.com\/blog\/estanteria-de-madera-esquinera-gala\/#breadcrumb"},"inLanguage":"es","potentialAction":[{"@type":"ReadAction","target":["https:\/\/astideco.com\/blog\/estanteria-de-madera-esquinera-gala\/"]}]},{"@type":"ImageObject","inLanguage":"es","@id":"https:\/\/astideco.com\/blog\/estanteria-de-madera-esquinera-gala\/#primaryimage","url":"https:\/\/astideco.com\/blog\/wp-content\/uploads\/2022\/11\/Como-decorar-una-estanteria_Decorar-en-familia8-scaled.jpg","contentUrl":"https:\/\/astideco.com\/blog\/wp-content\/uploads\/2022\/11\/Como-decorar-una-estanteria_Decorar-en-familia8-scaled.jpg","width":2560,"height":1946},{"@type":"BreadcrumbList","@id":"https:\/\/astideco.com\/blog\/estanteria-de-madera-esquinera-gala\/#breadcrumb","itemListElement":[{"@type":"ListItem","position":1,"name":"Portada","item":"https:\/\/astideco.com\/blog\/"},{"@type":"ListItem","position":2,"name":"Espacio extra con la estanter\u00eda esquinera de madera Gala"}]},{"@type":"WebSite","@id":"https:\/\/astideco.com\/blog\/#website","url":"https:\/\/astideco.com\/blog\/","name":"Astiblog","description":"Blog de Astideco.com","potentialAction":[{"@type":"SearchAction","target":{"@type":"EntryPoint","urlTemplate":"https:\/\/astideco.com\/blog\/?s={search_term_string}"},"query-input":{"@type":"PropertyValueSpecification","valueRequired":true,"valueName":"search_term_string"}}],"inLanguage":"es"},{"@type":"Person","@id":"https:\/\/astideco.com\/blog\/#\/schema\/person\/13fd236103c4c231352fb09b2b7ac5cf","name":"Astigarraga Kit Line"}]}},"_links":{"self":[{"href":"https:\/\/astideco.com\/blog\/wp-json\/wp\/v2\/posts\/807","targetHints":{"allow":["GET"]}}],"collection":[{"href":"https:\/\/astideco.com\/blog\/wp-json\/wp\/v2\/posts"}],"about":[{"href":"https:\/\/astideco.com\/blog\/wp-json\/wp\/v2\/types\/post"}],"author":[{"embeddable":true,"href":"https:\/\/astideco.com\/blog\/wp-json\/wp\/v2\/users\/6"}],"replies":[{"embeddable":true,"href":"https:\/\/astideco.com\/blog\/wp-json\/wp\/v2\/comments?post=807"}],"version-history":[{"count":10,"href":"https:\/\/astideco.com\/blog\/wp-json\/wp\/v2\/posts\/807\/revisions"}],"predecessor-version":[{"id":4378,"href":"https:\/\/astideco.com\/blog\/wp-json\/wp\/v2\/posts\/807\/revisions\/4378"}],"wp:featuredmedia":[{"embeddable":true,"href":"https:\/\/astideco.com\/blog\/wp-json\/wp\/v2\/media\/4371"}],"wp:attachment":[{"href":"https:\/\/astideco.com\/blog\/wp-json\/wp\/v2\/media?parent=807"}],"wp:term":[{"taxonomy":"category","embeddable":true,"href":"https:\/\/astideco.com\/blog\/wp-json\/wp\/v2\/categories?post=807"},{"taxonomy":"post_tag","embeddable":true,"href":"https:\/\/astideco.com\/blog\/wp-json\/wp\/v2\/tags?post=807"}],"curies":[{"name":"wp","href":"https:\/\/api.w.org\/{rel}","templated":true}]}}