{"id":799,"date":"2023-02-18T08:22:53","date_gmt":"2023-02-18T08:22:53","guid":{"rendered":"https:\/\/astideco.com\/blog\/?p=799"},"modified":"2023-03-13T07:35:39","modified_gmt":"2023-03-13T07:35:39","slug":"tableros-madera-o-cristal-para-mesa","status":"publish","type":"post","link":"https:\/\/astideco.com\/blog\/tableros-madera-o-cristal-para-mesa\/","title":{"rendered":"\u00bfTableros de madera o cristal para tu mesa?"},"content":{"rendered":"<p><span>Cuando buscamos un escritorio donde estudiar, una espaciosa mesa para trabajar o para el comedor de tu hogar, tratamos que sea lo m\u00e1s confortable posible ya que pasamos muchas horas. Hasta aqu\u00ed todos de acuerdo. Pero si te preguntamos por el material que prefieres, es probable que comiencen las dudas. \u00bfMadera o cristal? La madera es c\u00e1lida. El cristal es elegante. La madera es resistente. El cristal es muy f\u00e1cil de limpiar. Y as\u00ed podr\u00edamos seguir hasta\u2026 el infinito y m\u00e1s all\u00e1. En <span><a href=\"https:\/\/astideco.com\/es\/\" target=\"_blank\" rel=\"noopener\"><strong>Astigarraga Kit Line<\/strong><\/a><\/span> te ponemos los medios ofreciendo las dos opciones para que t\u00fa mismo elijas. Lo importante es que sea uno u otro, lo importante es que las estancias en las que los utilices se conviertan en <\/span><b>espacios pr\u00e1cticos y est\u00e9ticos<\/b><span>. \u00bfTableros de madera o cristal para tu mesa? He aqu\u00ed la cuesti\u00f3n. Y he aqu\u00ed las ventajas de estos dos acabados.\u00a0<\/span><\/p>\n<h2><span>Ventajas: mesa de madera<\/span><\/h2>\n<ul>\n<li><span>La madera natural desprende siempre un toque de <strong>calidez y confort<\/strong>, dif\u00edcilmente sustituible por ning\u00fan otro material. Este material es capaz de transformar cualquier espacio en acogedor.<\/span><\/li>\n<li>Combina con cualquier <strong>estilo decorativo<\/strong>, da igual que sea un espacio moderno o cl\u00e1sico, o la deco tenga un aire industrial o escandinavo.<\/li>\n<li>La madera es susceptible de ser <strong>restaurada<\/strong>, siempre y cuando sea madera maciza y resistente. Con un simple lijado o con pintura puedes reparar o renovar el tablero.<\/li>\n<\/ul>\n<p>&nbsp;<\/p>\n<div id=\"attachment_4552\" style=\"width: 1210px\" class=\"wp-caption alignnone\"><img decoding=\"async\" aria-describedby=\"caption-attachment-4552\" class=\"lazyload wp-image-4552 size-fusion-1200\" src=\"https:\/\/astideco.com\/blog\/wp-content\/uploads\/2018\/02\/escritorio-doble-madera-astikitline-1200x900.jpg\" data-orig-src=\"https:\/\/astideco.com\/blog\/wp-content\/uploads\/2018\/02\/escritorio-doble-madera-astikitline-1200x900.jpg\" alt=\"\" width=\"1200\" height=\"900\" srcset=\"data:image\/svg+xml,%3Csvg%20xmlns%3D%27http%3A%2F%2Fwww.w3.org%2F2000%2Fsvg%27%20width%3D%271200%27%20height%3D%27900%27%20viewBox%3D%270%200%201200%20900%27%3E%3Crect%20width%3D%271200%27%20height%3D%27900%27%20fill-opacity%3D%220%22%2F%3E%3C%2Fsvg%3E\" data-srcset=\"https:\/\/astideco.com\/blog\/wp-content\/uploads\/2018\/02\/escritorio-doble-madera-astikitline-200x150.jpg 200w, https:\/\/astideco.com\/blog\/wp-content\/uploads\/2018\/02\/escritorio-doble-madera-astikitline-300x225.jpg 300w, https:\/\/astideco.com\/blog\/wp-content\/uploads\/2018\/02\/escritorio-doble-madera-astikitline-400x300.jpg 400w, https:\/\/astideco.com\/blog\/wp-content\/uploads\/2018\/02\/escritorio-doble-madera-astikitline-600x450.jpg 600w, https:\/\/astideco.com\/blog\/wp-content\/uploads\/2018\/02\/escritorio-doble-madera-astikitline-768x576.jpg 768w, https:\/\/astideco.com\/blog\/wp-content\/uploads\/2018\/02\/escritorio-doble-madera-astikitline-800x600.jpg 800w, https:\/\/astideco.com\/blog\/wp-content\/uploads\/2018\/02\/escritorio-doble-madera-astikitline-1024x768.jpg 1024w, https:\/\/astideco.com\/blog\/wp-content\/uploads\/2018\/02\/escritorio-doble-madera-astikitline-1200x900.jpg 1200w, https:\/\/astideco.com\/blog\/wp-content\/uploads\/2018\/02\/escritorio-doble-madera-astikitline-1536x1152.jpg 1536w\" data-sizes=\"auto\" data-orig-sizes=\"(max-width: 1200px) 100vw, 1200px\" \/><p id=\"caption-attachment-4552\" class=\"wp-caption-text\">Foto: <a href=\"https:\/\/www.instagram.com\/nuria_orobio\/?hl=es\" target=\"_blank\" rel=\"noopener\"><strong>@nuria_orobio<\/strong><\/a><\/p><\/div>\n<h2><span>Ventajas: mesa de cristal<\/span><\/h2>\n<ul>\n<li><span>Si dispones de un <strong>espacio peque\u00f1o<\/strong>, utilizar un tablero de cristal puede ser la soluci\u00f3n, ya que la sensaci\u00f3n es que la mesa no ocupa tanto espacio como un tablero de madera maciza.<\/span><\/li>\n<li>Es verdad que en un cristal las huellas quedan marcadas enseguida, pero es mucho m\u00e1s <strong>f\u00e1cil de limpiar y mantener<\/strong>. Si se derrama el caf\u00e9, basta con pasar un pa\u00f1o h\u00famedo y en dos segundos, el problema est\u00e1 solucionado.<\/li>\n<li>El cristal siempre da un toque <strong>elegante y actual<\/strong> y tambi\u00e9n es muy f\u00e1cil de combinar con otros muebles.<\/li>\n<\/ul>\n<p>&nbsp;<\/p>\n<p><img decoding=\"async\" class=\"lazyload alignnone size-fusion-1200 wp-image-4553\" src=\"https:\/\/astideco.com\/blog\/wp-content\/uploads\/2018\/02\/8422341159094_a3-1200x780.jpg\" data-orig-src=\"https:\/\/astideco.com\/blog\/wp-content\/uploads\/2018\/02\/8422341159094_a3-1200x780.jpg\" alt=\"\" width=\"1200\" height=\"780\" srcset=\"data:image\/svg+xml,%3Csvg%20xmlns%3D%27http%3A%2F%2Fwww.w3.org%2F2000%2Fsvg%27%20width%3D%271200%27%20height%3D%27780%27%20viewBox%3D%270%200%201200%20780%27%3E%3Crect%20width%3D%271200%27%20height%3D%27780%27%20fill-opacity%3D%220%22%2F%3E%3C%2Fsvg%3E\" data-srcset=\"https:\/\/astideco.com\/blog\/wp-content\/uploads\/2018\/02\/8422341159094_a3-200x130.jpg 200w, https:\/\/astideco.com\/blog\/wp-content\/uploads\/2018\/02\/8422341159094_a3-300x195.jpg 300w, https:\/\/astideco.com\/blog\/wp-content\/uploads\/2018\/02\/8422341159094_a3-400x260.jpg 400w, https:\/\/astideco.com\/blog\/wp-content\/uploads\/2018\/02\/8422341159094_a3-600x390.jpg 600w, https:\/\/astideco.com\/blog\/wp-content\/uploads\/2018\/02\/8422341159094_a3-768x499.jpg 768w, https:\/\/astideco.com\/blog\/wp-content\/uploads\/2018\/02\/8422341159094_a3-800x520.jpg 800w, https:\/\/astideco.com\/blog\/wp-content\/uploads\/2018\/02\/8422341159094_a3-1024x666.jpg 1024w, https:\/\/astideco.com\/blog\/wp-content\/uploads\/2018\/02\/8422341159094_a3-1200x780.jpg 1200w, https:\/\/astideco.com\/blog\/wp-content\/uploads\/2018\/02\/8422341159094_a3-1536x998.jpg 1536w\" data-sizes=\"auto\" data-orig-sizes=\"(max-width: 1200px) 100vw, 1200px\" \/><\/p>\n<p><span>Comenzamos por la <strong>madera<\/strong>. Os lo hemos dicho muchas veces: \u00a1la madera es nuestra raz\u00f3n de ser! Y nos parece un material ideal para amueblar no s\u00f3lo un escritorio, sino cualquier espacio de un hogar. Los <\/span><span><a href=\"https:\/\/astideco.com\/es\/tableros-de-madera\" target=\"_blank\" rel=\"noopener\"><b>tableros de madera maciza de pino<\/b><\/a><\/span><span> cuentan con el <\/span><a href=\"https:\/\/www.pefc.es\/\" target=\"_blank\" rel=\"noopener\"><b>certificado PEFC<\/b><\/a><span> y la etiqueta ecol\u00f3gica de la Uni\u00f3n Europea <a href=\"https:\/\/environment.ec.europa.eu\/topics\/circular-economy\/eu-ecolabel-home_en\" target=\"_blank\" rel=\"noopener\"><strong>Ecolabel<\/strong><\/a>. Est\u00e1n disponibles en cuatro medidas y se recomienda barnizar los tableros de madera para proteger la madera.<\/span><\/p>\n<p><span><a href=\"https:\/\/astideco.com\/es\/tableros-de-madera\/tablero-pino-120x60x18\" target=\"_blank\" rel=\"noopener\"><b>Tablero de madera de 120&#215;60 cm (alto\/ancho) y 18 mm de grosor<\/b><\/a><\/span><\/p>\n<div id=\"attachment_4554\" style=\"width: 1210px\" class=\"wp-caption alignnone\"><img decoding=\"async\" aria-describedby=\"caption-attachment-4554\" class=\"lazyload wp-image-4554\" src=\"https:\/\/astideco.com\/blog\/wp-content\/uploads\/2018\/02\/escritorio-madera-caballete-espacios-pequenos-astikitline.jpg\" data-orig-src=\"https:\/\/astideco.com\/blog\/wp-content\/uploads\/2018\/02\/escritorio-madera-caballete-espacios-pequenos-astikitline.jpg\" alt=\"\" width=\"1200\" height=\"1271\" srcset=\"data:image\/svg+xml,%3Csvg%20xmlns%3D%27http%3A%2F%2Fwww.w3.org%2F2000%2Fsvg%27%20width%3D%271200%27%20height%3D%271271%27%20viewBox%3D%270%200%201200%201271%27%3E%3Crect%20width%3D%271200%27%20height%3D%271271%27%20fill-opacity%3D%220%22%2F%3E%3C%2Fsvg%3E\" data-srcset=\"https:\/\/astideco.com\/blog\/wp-content\/uploads\/2018\/02\/escritorio-madera-caballete-espacios-pequenos-astikitline-200x212.jpg 200w, https:\/\/astideco.com\/blog\/wp-content\/uploads\/2018\/02\/escritorio-madera-caballete-espacios-pequenos-astikitline-283x300.jpg 283w, https:\/\/astideco.com\/blog\/wp-content\/uploads\/2018\/02\/escritorio-madera-caballete-espacios-pequenos-astikitline-400x424.jpg 400w, https:\/\/astideco.com\/blog\/wp-content\/uploads\/2018\/02\/escritorio-madera-caballete-espacios-pequenos-astikitline-600x636.jpg 600w, https:\/\/astideco.com\/blog\/wp-content\/uploads\/2018\/02\/escritorio-madera-caballete-espacios-pequenos-astikitline-768x814.jpg 768w, https:\/\/astideco.com\/blog\/wp-content\/uploads\/2018\/02\/escritorio-madera-caballete-espacios-pequenos-astikitline-800x847.jpg 800w, https:\/\/astideco.com\/blog\/wp-content\/uploads\/2018\/02\/escritorio-madera-caballete-espacios-pequenos-astikitline-967x1024.jpg 967w, https:\/\/astideco.com\/blog\/wp-content\/uploads\/2018\/02\/escritorio-madera-caballete-espacios-pequenos-astikitline.jpg 1080w\" data-sizes=\"auto\" data-orig-sizes=\"(max-width: 1200px) 100vw, 1200px\" \/><p id=\"caption-attachment-4554\" class=\"wp-caption-text\">Foto: <a href=\"https:\/\/www.instagram.com\/rosenude_homedeco\/?hl=es\" target=\"_blank\" rel=\"noopener\"><strong>@rosenude_homedeco<\/strong><\/a><\/p><\/div>\n<p><span><a href=\"https:\/\/astideco.com\/es\/tableros-de-madera\/tablero-de-madera-de-pino-para-escritorio-140x70-cm-gran-grosor-de-3-cm\" target=\"_blank\" rel=\"noopener\"><b>Tablero de madera de 140&#215;70 cm (alto\/ancho) y 3 mm de grosor<\/b><\/a><\/span><\/p>\n<div id=\"attachment_4555\" style=\"width: 1210px\" class=\"wp-caption alignnone\"><img decoding=\"async\" aria-describedby=\"caption-attachment-4555\" class=\"lazyload wp-image-4555 size-full\" src=\"https:\/\/astideco.com\/blog\/wp-content\/uploads\/2018\/02\/Escritorio-Astigarraga-115.jpg\" data-orig-src=\"https:\/\/astideco.com\/blog\/wp-content\/uploads\/2018\/02\/Escritorio-Astigarraga-115.jpg\" alt=\"\" width=\"1200\" height=\"800\" srcset=\"data:image\/svg+xml,%3Csvg%20xmlns%3D%27http%3A%2F%2Fwww.w3.org%2F2000%2Fsvg%27%20width%3D%271200%27%20height%3D%27800%27%20viewBox%3D%270%200%201200%20800%27%3E%3Crect%20width%3D%271200%27%20height%3D%27800%27%20fill-opacity%3D%220%22%2F%3E%3C%2Fsvg%3E\" data-srcset=\"https:\/\/astideco.com\/blog\/wp-content\/uploads\/2018\/02\/Escritorio-Astigarraga-115-200x133.jpg 200w, https:\/\/astideco.com\/blog\/wp-content\/uploads\/2018\/02\/Escritorio-Astigarraga-115-300x200.jpg 300w, https:\/\/astideco.com\/blog\/wp-content\/uploads\/2018\/02\/Escritorio-Astigarraga-115-400x267.jpg 400w, https:\/\/astideco.com\/blog\/wp-content\/uploads\/2018\/02\/Escritorio-Astigarraga-115-600x400.jpg 600w, https:\/\/astideco.com\/blog\/wp-content\/uploads\/2018\/02\/Escritorio-Astigarraga-115-768x512.jpg 768w, https:\/\/astideco.com\/blog\/wp-content\/uploads\/2018\/02\/Escritorio-Astigarraga-115-800x533.jpg 800w, https:\/\/astideco.com\/blog\/wp-content\/uploads\/2018\/02\/Escritorio-Astigarraga-115-1024x683.jpg 1024w, https:\/\/astideco.com\/blog\/wp-content\/uploads\/2018\/02\/Escritorio-Astigarraga-115.jpg 1200w\" data-sizes=\"auto\" data-orig-sizes=\"(max-width: 1200px) 100vw, 1200px\" \/><p id=\"caption-attachment-4555\" class=\"wp-caption-text\">Foto: <a href=\"https:\/\/www.instagram.com\/creciendoconmontessori\/?hl=es\" target=\"_blank\" rel=\"noopener\"><strong>@creciendoconmontessori<\/strong><\/a><\/p><\/div>\n<p><span><a href=\"https:\/\/astideco.com\/es\/mesas-y-escritorios\/tablero-de-madera-de-pino-para-mesa-comedor-160x80-cm-gran-grosor-de-3-cm\" target=\"_blank\" rel=\"noopener\"><b><span>Tablero de madera de 160&#215;80 cm (alto\/ancho) y 3 mm de grosor<\/span><\/b><\/a><\/span><\/p>\n<div id=\"attachment_4556\" style=\"width: 1210px\" class=\"wp-caption alignnone\"><img decoding=\"async\" aria-describedby=\"caption-attachment-4556\" class=\"lazyload wp-image-4556 size-fusion-1200\" src=\"https:\/\/astideco.com\/blog\/wp-content\/uploads\/2018\/02\/1601977059647-1200x968.jpg\" data-orig-src=\"https:\/\/astideco.com\/blog\/wp-content\/uploads\/2018\/02\/1601977059647-1200x968.jpg\" alt=\"\" width=\"1200\" height=\"968\" srcset=\"data:image\/svg+xml,%3Csvg%20xmlns%3D%27http%3A%2F%2Fwww.w3.org%2F2000%2Fsvg%27%20width%3D%271200%27%20height%3D%27968%27%20viewBox%3D%270%200%201200%20968%27%3E%3Crect%20width%3D%271200%27%20height%3D%27968%27%20fill-opacity%3D%220%22%2F%3E%3C%2Fsvg%3E\" data-srcset=\"https:\/\/astideco.com\/blog\/wp-content\/uploads\/2018\/02\/1601977059647-177x142.jpg 177w, https:\/\/astideco.com\/blog\/wp-content\/uploads\/2018\/02\/1601977059647-200x161.jpg 200w, https:\/\/astideco.com\/blog\/wp-content\/uploads\/2018\/02\/1601977059647-300x242.jpg 300w, https:\/\/astideco.com\/blog\/wp-content\/uploads\/2018\/02\/1601977059647-400x323.jpg 400w, https:\/\/astideco.com\/blog\/wp-content\/uploads\/2018\/02\/1601977059647-600x484.jpg 600w, https:\/\/astideco.com\/blog\/wp-content\/uploads\/2018\/02\/1601977059647-768x619.jpg 768w, https:\/\/astideco.com\/blog\/wp-content\/uploads\/2018\/02\/1601977059647-800x645.jpg 800w, https:\/\/astideco.com\/blog\/wp-content\/uploads\/2018\/02\/1601977059647-1024x826.jpg 1024w, https:\/\/astideco.com\/blog\/wp-content\/uploads\/2018\/02\/1601977059647-1200x968.jpg 1200w, https:\/\/astideco.com\/blog\/wp-content\/uploads\/2018\/02\/1601977059647-1536x1239.jpg 1536w\" data-sizes=\"auto\" data-orig-sizes=\"(max-width: 1200px) 100vw, 1200px\" \/><p id=\"caption-attachment-4556\" class=\"wp-caption-text\">Foto: <a href=\"https:\/\/www.instagram.com\/tatianarom\/?hl=es\" target=\"_blank\" rel=\"noopener\"><strong>@tatianarom<\/strong><\/a><\/p><\/div>\n<p><span><a href=\"https:\/\/astideco.com\/es\/tableros-de-madera\/tablero-pino-diametro-75cm\" target=\"_blank\" rel=\"noopener\"><strong><span>Tablero redondo de madera con di\u00e1metro de 75cm<\/span><\/strong><\/a><\/span><\/p>\n<div id=\"attachment_4557\" style=\"width: 1210px\" class=\"wp-caption alignnone\"><img decoding=\"async\" aria-describedby=\"caption-attachment-4557\" class=\"lazyload wp-image-4557 size-fusion-1200\" src=\"https:\/\/astideco.com\/blog\/wp-content\/uploads\/2018\/02\/tabouret-treteau-1200x800.jpeg\" data-orig-src=\"https:\/\/astideco.com\/blog\/wp-content\/uploads\/2018\/02\/tabouret-treteau-1200x800.jpeg\" alt=\"\" width=\"1200\" height=\"800\" srcset=\"data:image\/svg+xml,%3Csvg%20xmlns%3D%27http%3A%2F%2Fwww.w3.org%2F2000%2Fsvg%27%20width%3D%271200%27%20height%3D%27800%27%20viewBox%3D%270%200%201200%20800%27%3E%3Crect%20width%3D%271200%27%20height%3D%27800%27%20fill-opacity%3D%220%22%2F%3E%3C%2Fsvg%3E\" data-srcset=\"https:\/\/astideco.com\/blog\/wp-content\/uploads\/2018\/02\/tabouret-treteau-200x133.jpeg 200w, https:\/\/astideco.com\/blog\/wp-content\/uploads\/2018\/02\/tabouret-treteau-300x200.jpeg 300w, https:\/\/astideco.com\/blog\/wp-content\/uploads\/2018\/02\/tabouret-treteau-400x267.jpeg 400w, https:\/\/astideco.com\/blog\/wp-content\/uploads\/2018\/02\/tabouret-treteau-600x400.jpeg 600w, https:\/\/astideco.com\/blog\/wp-content\/uploads\/2018\/02\/tabouret-treteau-768x512.jpeg 768w, https:\/\/astideco.com\/blog\/wp-content\/uploads\/2018\/02\/tabouret-treteau-800x533.jpeg 800w, https:\/\/astideco.com\/blog\/wp-content\/uploads\/2018\/02\/tabouret-treteau-1024x683.jpeg 1024w, https:\/\/astideco.com\/blog\/wp-content\/uploads\/2018\/02\/tabouret-treteau-1200x800.jpeg 1200w, https:\/\/astideco.com\/blog\/wp-content\/uploads\/2018\/02\/tabouret-treteau-1536x1024.jpeg 1536w\" data-sizes=\"auto\" data-orig-sizes=\"(max-width: 1200px) 100vw, 1200px\" \/><p id=\"caption-attachment-4557\" class=\"wp-caption-text\">Foto: <a href=\"https:\/\/www.instagram.com\/mumaoi\/?hl=es\" target=\"_blank\" rel=\"noopener\"><strong>@mumaoi<\/strong><\/a><\/p><\/div>\n<p><span>El <\/span><b>cristal<\/b><span> es otra de las opciones para crear una mesa, un material muy elegante que puede dar una imagen especial y muy estilosa a cualquier espacio, sea una oficina, sala, despacho o la habitaci\u00f3n de una casa. Los <span><strong>t<\/strong><a href=\"https:\/\/astideco.com\/es\/tableros-de-cristal\" target=\"_blank\" rel=\"noopener\"><strong>ableros de cristal<\/strong><\/a><\/span> son <\/span><b>templado y acabado transparente <\/b><span>y est\u00e1n disponibles en dos medidas:<\/span><\/p>\n<p><span><a href=\"https:\/\/astideco.com\/es\/tableros-de-cristal\/tablero-cristal-transparente-140x72\" target=\"_blank\" rel=\"noopener\"><b>Tablero de cristal de 120&#215;80 (alto\/ancho) y 8 mm de grosor<\/b><\/a><\/span><\/p>\n<p><img decoding=\"async\" class=\"lazyload alignnone size-fusion-1200 wp-image-4560\" src=\"https:\/\/astideco.com\/blog\/wp-content\/uploads\/2018\/02\/8422341298762_a2-1200x780.jpg\" data-orig-src=\"https:\/\/astideco.com\/blog\/wp-content\/uploads\/2018\/02\/8422341298762_a2-1200x780.jpg\" alt=\"\" width=\"1200\" height=\"780\" srcset=\"data:image\/svg+xml,%3Csvg%20xmlns%3D%27http%3A%2F%2Fwww.w3.org%2F2000%2Fsvg%27%20width%3D%271200%27%20height%3D%27780%27%20viewBox%3D%270%200%201200%20780%27%3E%3Crect%20width%3D%271200%27%20height%3D%27780%27%20fill-opacity%3D%220%22%2F%3E%3C%2Fsvg%3E\" data-srcset=\"https:\/\/astideco.com\/blog\/wp-content\/uploads\/2018\/02\/8422341298762_a2-200x130.jpg 200w, https:\/\/astideco.com\/blog\/wp-content\/uploads\/2018\/02\/8422341298762_a2-300x195.jpg 300w, https:\/\/astideco.com\/blog\/wp-content\/uploads\/2018\/02\/8422341298762_a2-400x260.jpg 400w, https:\/\/astideco.com\/blog\/wp-content\/uploads\/2018\/02\/8422341298762_a2-600x390.jpg 600w, https:\/\/astideco.com\/blog\/wp-content\/uploads\/2018\/02\/8422341298762_a2-768x499.jpg 768w, https:\/\/astideco.com\/blog\/wp-content\/uploads\/2018\/02\/8422341298762_a2-800x520.jpg 800w, https:\/\/astideco.com\/blog\/wp-content\/uploads\/2018\/02\/8422341298762_a2-1024x666.jpg 1024w, https:\/\/astideco.com\/blog\/wp-content\/uploads\/2018\/02\/8422341298762_a2-1200x780.jpg 1200w, https:\/\/astideco.com\/blog\/wp-content\/uploads\/2018\/02\/8422341298762_a2-1536x998.jpg 1536w\" data-sizes=\"auto\" data-orig-sizes=\"(max-width: 1200px) 100vw, 1200px\" \/><\/p>\n<p><span><a href=\"https:\/\/astideco.com\/es\/tableros-de-cristal\/tablero-cristal-transparente-120x80\" target=\"_blank\" rel=\"noopener\"><b>Tablero de cristal de 140&#215;72 (alto\/ancho) y 8 mm de grosor<\/b><\/a><\/span><\/p>\n<p><img decoding=\"async\" class=\"lazyload alignnone size-fusion-1200 wp-image-4559\" src=\"https:\/\/astideco.com\/blog\/wp-content\/uploads\/2018\/02\/8422341199199_a5-1200x864.jpg\" data-orig-src=\"https:\/\/astideco.com\/blog\/wp-content\/uploads\/2018\/02\/8422341199199_a5-1200x864.jpg\" alt=\"\" width=\"1200\" height=\"864\" srcset=\"data:image\/svg+xml,%3Csvg%20xmlns%3D%27http%3A%2F%2Fwww.w3.org%2F2000%2Fsvg%27%20width%3D%271200%27%20height%3D%27864%27%20viewBox%3D%270%200%201200%20864%27%3E%3Crect%20width%3D%271200%27%20height%3D%27864%27%20fill-opacity%3D%220%22%2F%3E%3C%2Fsvg%3E\" data-srcset=\"https:\/\/astideco.com\/blog\/wp-content\/uploads\/2018\/02\/8422341199199_a5-200x144.jpg 200w, https:\/\/astideco.com\/blog\/wp-content\/uploads\/2018\/02\/8422341199199_a5-300x216.jpg 300w, https:\/\/astideco.com\/blog\/wp-content\/uploads\/2018\/02\/8422341199199_a5-400x288.jpg 400w, https:\/\/astideco.com\/blog\/wp-content\/uploads\/2018\/02\/8422341199199_a5-600x432.jpg 600w, https:\/\/astideco.com\/blog\/wp-content\/uploads\/2018\/02\/8422341199199_a5-768x553.jpg 768w, https:\/\/astideco.com\/blog\/wp-content\/uploads\/2018\/02\/8422341199199_a5-800x576.jpg 800w, https:\/\/astideco.com\/blog\/wp-content\/uploads\/2018\/02\/8422341199199_a5-1024x737.jpg 1024w, https:\/\/astideco.com\/blog\/wp-content\/uploads\/2018\/02\/8422341199199_a5-1200x864.jpg 1200w, https:\/\/astideco.com\/blog\/wp-content\/uploads\/2018\/02\/8422341199199_a5-1536x1106.jpg 1536w\" data-sizes=\"auto\" data-orig-sizes=\"(max-width: 1200px) 100vw, 1200px\" \/><\/p>\n<p><span>\u00bfTableros de madera o cristal para tu mesa? \u00bfCu\u00e1l es tu elecci\u00f3n? D\u00e9janos tu preferencia en comentarios.<\/span><\/p>\n<p><i><span>Gracias por dejarnos decorar vuestro hogar de una manera sostenible.<\/span><\/i><\/p>\n","protected":false},"excerpt":{"rendered":"<p>Cuando buscamos un escritorio donde estudiar, una espaciosa mesa para trabajar o para el comedor de tu hogar, tratamos que sea lo m\u00e1s confortable posible ya que pasamos muchas horas. Hasta aqu\u00ed todos de acuerdo. Pero si te preguntamos por  [..]<\/p>\n","protected":false},"author":6,"featured_media":4558,"comment_status":"open","ping_status":"open","sticky":false,"template":"","format":"standard","meta":{"footnotes":""},"categories":[15],"tags":[],"class_list":["post-799","post","type-post","status-publish","format-standard","has-post-thumbnail","hentry","category-producto"],"yoast_head":"<!-- This site is optimized with the Yoast SEO plugin v27.0 - https:\/\/yoast.com\/product\/yoast-seo-wordpress\/ -->\n<title>\u00bfTableros de madera o cristal para tu mesa? - Astiblog<\/title>\n<meta name=\"description\" content=\"\u00bfTableros de madera o cristal para tu mesa? He aqu\u00ed la cuesti\u00f3n. Os contamos las ventajas de estos dos acabados y os damos muchas ideas.\" \/>\n<meta name=\"robots\" content=\"index, follow, max-snippet:-1, max-image-preview:large, max-video-preview:-1\" \/>\n<link rel=\"canonical\" href=\"https:\/\/astideco.com\/blog\/tableros-madera-o-cristal-para-mesa\/\" \/>\n<meta property=\"og:locale\" content=\"es_ES\" \/>\n<meta property=\"og:type\" content=\"article\" \/>\n<meta property=\"og:title\" content=\"\u00bfTableros de madera o cristal para tu mesa? - Astiblog\" \/>\n<meta property=\"og:description\" content=\"\u00bfTableros de madera o cristal para tu mesa? He aqu\u00ed la cuesti\u00f3n. Os contamos las ventajas de estos dos acabados y os damos muchas ideas.\" \/>\n<meta property=\"og:url\" content=\"https:\/\/astideco.com\/blog\/tableros-madera-o-cristal-para-mesa\/\" \/>\n<meta property=\"og:site_name\" content=\"Astiblog\" \/>\n<meta property=\"article:published_time\" content=\"2023-02-18T08:22:53+00:00\" \/>\n<meta property=\"article:modified_time\" content=\"2023-03-13T07:35:39+00:00\" \/>\n<meta property=\"og:image\" content=\"https:\/\/astideco.com\/blog\/wp-content\/uploads\/2018\/02\/1601977227262-1024x683.jpg\" \/>\n\t<meta property=\"og:image:width\" content=\"1024\" \/>\n\t<meta property=\"og:image:height\" content=\"683\" \/>\n\t<meta property=\"og:image:type\" content=\"image\/jpeg\" \/>\n<meta name=\"author\" content=\"Astigarraga Kit Line\" \/>\n<meta name=\"twitter:card\" content=\"summary_large_image\" \/>\n<meta name=\"twitter:label1\" content=\"Escrito por\" \/>\n\t<meta name=\"twitter:data1\" content=\"Astigarraga Kit Line\" \/>\n\t<meta name=\"twitter:label2\" content=\"Tiempo de lectura\" \/>\n\t<meta name=\"twitter:data2\" content=\"5 minutos\" \/>\n<script type=\"application\/ld+json\" class=\"yoast-schema-graph\">{\"@context\":\"https:\/\/schema.org\",\"@graph\":[{\"@type\":\"Article\",\"@id\":\"https:\/\/astideco.com\/blog\/tableros-madera-o-cristal-para-mesa\/#article\",\"isPartOf\":{\"@id\":\"https:\/\/astideco.com\/blog\/tableros-madera-o-cristal-para-mesa\/\"},\"author\":{\"name\":\"Astigarraga Kit Line\",\"@id\":\"https:\/\/astideco.com\/blog\/#\/schema\/person\/13fd236103c4c231352fb09b2b7ac5cf\"},\"headline\":\"\u00bfTableros de madera o cristal para tu mesa?\",\"datePublished\":\"2023-02-18T08:22:53+00:00\",\"dateModified\":\"2023-03-13T07:35:39+00:00\",\"mainEntityOfPage\":{\"@id\":\"https:\/\/astideco.com\/blog\/tableros-madera-o-cristal-para-mesa\/\"},\"wordCount\":631,\"commentCount\":0,\"image\":{\"@id\":\"https:\/\/astideco.com\/blog\/tableros-madera-o-cristal-para-mesa\/#primaryimage\"},\"thumbnailUrl\":\"https:\/\/astideco.com\/blog\/wp-content\/uploads\/2018\/02\/1601977227262-scaled.jpg\",\"articleSection\":[\"Producto\"],\"inLanguage\":\"es\",\"potentialAction\":[{\"@type\":\"CommentAction\",\"name\":\"Comment\",\"target\":[\"https:\/\/astideco.com\/blog\/tableros-madera-o-cristal-para-mesa\/#respond\"]}]},{\"@type\":\"WebPage\",\"@id\":\"https:\/\/astideco.com\/blog\/tableros-madera-o-cristal-para-mesa\/\",\"url\":\"https:\/\/astideco.com\/blog\/tableros-madera-o-cristal-para-mesa\/\",\"name\":\"\u00bfTableros de madera o cristal para tu mesa? - Astiblog\",\"isPartOf\":{\"@id\":\"https:\/\/astideco.com\/blog\/#website\"},\"primaryImageOfPage\":{\"@id\":\"https:\/\/astideco.com\/blog\/tableros-madera-o-cristal-para-mesa\/#primaryimage\"},\"image\":{\"@id\":\"https:\/\/astideco.com\/blog\/tableros-madera-o-cristal-para-mesa\/#primaryimage\"},\"thumbnailUrl\":\"https:\/\/astideco.com\/blog\/wp-content\/uploads\/2018\/02\/1601977227262-scaled.jpg\",\"datePublished\":\"2023-02-18T08:22:53+00:00\",\"dateModified\":\"2023-03-13T07:35:39+00:00\",\"author\":{\"@id\":\"https:\/\/astideco.com\/blog\/#\/schema\/person\/13fd236103c4c231352fb09b2b7ac5cf\"},\"description\":\"\u00bfTableros de madera o cristal para tu mesa? He aqu\u00ed la cuesti\u00f3n. Os contamos las ventajas de estos dos acabados y os damos muchas ideas.\",\"breadcrumb\":{\"@id\":\"https:\/\/astideco.com\/blog\/tableros-madera-o-cristal-para-mesa\/#breadcrumb\"},\"inLanguage\":\"es\",\"potentialAction\":[{\"@type\":\"ReadAction\",\"target\":[\"https:\/\/astideco.com\/blog\/tableros-madera-o-cristal-para-mesa\/\"]}]},{\"@type\":\"ImageObject\",\"inLanguage\":\"es\",\"@id\":\"https:\/\/astideco.com\/blog\/tableros-madera-o-cristal-para-mesa\/#primaryimage\",\"url\":\"https:\/\/astideco.com\/blog\/wp-content\/uploads\/2018\/02\/1601977227262-scaled.jpg\",\"contentUrl\":\"https:\/\/astideco.com\/blog\/wp-content\/uploads\/2018\/02\/1601977227262-scaled.jpg\",\"width\":2560,\"height\":1707},{\"@type\":\"BreadcrumbList\",\"@id\":\"https:\/\/astideco.com\/blog\/tableros-madera-o-cristal-para-mesa\/#breadcrumb\",\"itemListElement\":[{\"@type\":\"ListItem\",\"position\":1,\"name\":\"Portada\",\"item\":\"https:\/\/astideco.com\/blog\/\"},{\"@type\":\"ListItem\",\"position\":2,\"name\":\"\u00bfTableros de madera o cristal para tu mesa?\"}]},{\"@type\":\"WebSite\",\"@id\":\"https:\/\/astideco.com\/blog\/#website\",\"url\":\"https:\/\/astideco.com\/blog\/\",\"name\":\"Astiblog\",\"description\":\"Blog de Astideco.com\",\"potentialAction\":[{\"@type\":\"SearchAction\",\"target\":{\"@type\":\"EntryPoint\",\"urlTemplate\":\"https:\/\/astideco.com\/blog\/?s={search_term_string}\"},\"query-input\":{\"@type\":\"PropertyValueSpecification\",\"valueRequired\":true,\"valueName\":\"search_term_string\"}}],\"inLanguage\":\"es\"},{\"@type\":\"Person\",\"@id\":\"https:\/\/astideco.com\/blog\/#\/schema\/person\/13fd236103c4c231352fb09b2b7ac5cf\",\"name\":\"Astigarraga Kit Line\"}]}<\/script>\n<!-- \/ Yoast SEO plugin. -->","yoast_head_json":{"title":"\u00bfTableros de madera o cristal para tu mesa? - Astiblog","description":"\u00bfTableros de madera o cristal para tu mesa? He aqu\u00ed la cuesti\u00f3n. Os contamos las ventajas de estos dos acabados y os damos muchas ideas.","robots":{"index":"index","follow":"follow","max-snippet":"max-snippet:-1","max-image-preview":"max-image-preview:large","max-video-preview":"max-video-preview:-1"},"canonical":"https:\/\/astideco.com\/blog\/tableros-madera-o-cristal-para-mesa\/","og_locale":"es_ES","og_type":"article","og_title":"\u00bfTableros de madera o cristal para tu mesa? - Astiblog","og_description":"\u00bfTableros de madera o cristal para tu mesa? He aqu\u00ed la cuesti\u00f3n. Os contamos las ventajas de estos dos acabados y os damos muchas ideas.","og_url":"https:\/\/astideco.com\/blog\/tableros-madera-o-cristal-para-mesa\/","og_site_name":"Astiblog","article_published_time":"2023-02-18T08:22:53+00:00","article_modified_time":"2023-03-13T07:35:39+00:00","og_image":[{"width":1024,"height":683,"url":"https:\/\/astideco.com\/blog\/wp-content\/uploads\/2018\/02\/1601977227262-1024x683.jpg","type":"image\/jpeg"}],"author":"Astigarraga Kit Line","twitter_card":"summary_large_image","twitter_misc":{"Escrito por":"Astigarraga Kit Line","Tiempo de lectura":"5 minutos"},"schema":{"@context":"https:\/\/schema.org","@graph":[{"@type":"Article","@id":"https:\/\/astideco.com\/blog\/tableros-madera-o-cristal-para-mesa\/#article","isPartOf":{"@id":"https:\/\/astideco.com\/blog\/tableros-madera-o-cristal-para-mesa\/"},"author":{"name":"Astigarraga Kit Line","@id":"https:\/\/astideco.com\/blog\/#\/schema\/person\/13fd236103c4c231352fb09b2b7ac5cf"},"headline":"\u00bfTableros de madera o cristal para tu mesa?","datePublished":"2023-02-18T08:22:53+00:00","dateModified":"2023-03-13T07:35:39+00:00","mainEntityOfPage":{"@id":"https:\/\/astideco.com\/blog\/tableros-madera-o-cristal-para-mesa\/"},"wordCount":631,"commentCount":0,"image":{"@id":"https:\/\/astideco.com\/blog\/tableros-madera-o-cristal-para-mesa\/#primaryimage"},"thumbnailUrl":"https:\/\/astideco.com\/blog\/wp-content\/uploads\/2018\/02\/1601977227262-scaled.jpg","articleSection":["Producto"],"inLanguage":"es","potentialAction":[{"@type":"CommentAction","name":"Comment","target":["https:\/\/astideco.com\/blog\/tableros-madera-o-cristal-para-mesa\/#respond"]}]},{"@type":"WebPage","@id":"https:\/\/astideco.com\/blog\/tableros-madera-o-cristal-para-mesa\/","url":"https:\/\/astideco.com\/blog\/tableros-madera-o-cristal-para-mesa\/","name":"\u00bfTableros de madera o cristal para tu mesa? - Astiblog","isPartOf":{"@id":"https:\/\/astideco.com\/blog\/#website"},"primaryImageOfPage":{"@id":"https:\/\/astideco.com\/blog\/tableros-madera-o-cristal-para-mesa\/#primaryimage"},"image":{"@id":"https:\/\/astideco.com\/blog\/tableros-madera-o-cristal-para-mesa\/#primaryimage"},"thumbnailUrl":"https:\/\/astideco.com\/blog\/wp-content\/uploads\/2018\/02\/1601977227262-scaled.jpg","datePublished":"2023-02-18T08:22:53+00:00","dateModified":"2023-03-13T07:35:39+00:00","author":{"@id":"https:\/\/astideco.com\/blog\/#\/schema\/person\/13fd236103c4c231352fb09b2b7ac5cf"},"description":"\u00bfTableros de madera o cristal para tu mesa? He aqu\u00ed la cuesti\u00f3n. Os contamos las ventajas de estos dos acabados y os damos muchas ideas.","breadcrumb":{"@id":"https:\/\/astideco.com\/blog\/tableros-madera-o-cristal-para-mesa\/#breadcrumb"},"inLanguage":"es","potentialAction":[{"@type":"ReadAction","target":["https:\/\/astideco.com\/blog\/tableros-madera-o-cristal-para-mesa\/"]}]},{"@type":"ImageObject","inLanguage":"es","@id":"https:\/\/astideco.com\/blog\/tableros-madera-o-cristal-para-mesa\/#primaryimage","url":"https:\/\/astideco.com\/blog\/wp-content\/uploads\/2018\/02\/1601977227262-scaled.jpg","contentUrl":"https:\/\/astideco.com\/blog\/wp-content\/uploads\/2018\/02\/1601977227262-scaled.jpg","width":2560,"height":1707},{"@type":"BreadcrumbList","@id":"https:\/\/astideco.com\/blog\/tableros-madera-o-cristal-para-mesa\/#breadcrumb","itemListElement":[{"@type":"ListItem","position":1,"name":"Portada","item":"https:\/\/astideco.com\/blog\/"},{"@type":"ListItem","position":2,"name":"\u00bfTableros de madera o cristal para tu mesa?"}]},{"@type":"WebSite","@id":"https:\/\/astideco.com\/blog\/#website","url":"https:\/\/astideco.com\/blog\/","name":"Astiblog","description":"Blog de Astideco.com","potentialAction":[{"@type":"SearchAction","target":{"@type":"EntryPoint","urlTemplate":"https:\/\/astideco.com\/blog\/?s={search_term_string}"},"query-input":{"@type":"PropertyValueSpecification","valueRequired":true,"valueName":"search_term_string"}}],"inLanguage":"es"},{"@type":"Person","@id":"https:\/\/astideco.com\/blog\/#\/schema\/person\/13fd236103c4c231352fb09b2b7ac5cf","name":"Astigarraga Kit Line"}]}},"_links":{"self":[{"href":"https:\/\/astideco.com\/blog\/wp-json\/wp\/v2\/posts\/799","targetHints":{"allow":["GET"]}}],"collection":[{"href":"https:\/\/astideco.com\/blog\/wp-json\/wp\/v2\/posts"}],"about":[{"href":"https:\/\/astideco.com\/blog\/wp-json\/wp\/v2\/types\/post"}],"author":[{"embeddable":true,"href":"https:\/\/astideco.com\/blog\/wp-json\/wp\/v2\/users\/6"}],"replies":[{"embeddable":true,"href":"https:\/\/astideco.com\/blog\/wp-json\/wp\/v2\/comments?post=799"}],"version-history":[{"count":5,"href":"https:\/\/astideco.com\/blog\/wp-json\/wp\/v2\/posts\/799\/revisions"}],"predecessor-version":[{"id":4562,"href":"https:\/\/astideco.com\/blog\/wp-json\/wp\/v2\/posts\/799\/revisions\/4562"}],"wp:featuredmedia":[{"embeddable":true,"href":"https:\/\/astideco.com\/blog\/wp-json\/wp\/v2\/media\/4558"}],"wp:attachment":[{"href":"https:\/\/astideco.com\/blog\/wp-json\/wp\/v2\/media?parent=799"}],"wp:term":[{"taxonomy":"category","embeddable":true,"href":"https:\/\/astideco.com\/blog\/wp-json\/wp\/v2\/categories?post=799"},{"taxonomy":"post_tag","embeddable":true,"href":"https:\/\/astideco.com\/blog\/wp-json\/wp\/v2\/tags?post=799"}],"curies":[{"name":"wp","href":"https:\/\/api.w.org\/{rel}","templated":true}]}}