{"id":795,"date":"2022-09-15T08:16:45","date_gmt":"2022-09-15T08:16:45","guid":{"rendered":"https:\/\/astideco.com\/blog\/?p=795"},"modified":"2022-10-19T15:47:52","modified_gmt":"2022-10-19T15:47:52","slug":"lote-tres-cajas-de-madera-pino","status":"publish","type":"post","link":"https:\/\/astideco.com\/blog\/lote-tres-cajas-de-madera-pino\/","title":{"rendered":"Promoci\u00f3n: lote de tres cajas de madera maciza de pino"},"content":{"rendered":"<p><span>La decoraci\u00f3n con cajas de madera es una tendencia que cada vez tiene m\u00e1s seguidores. Cualquier rinc\u00f3n es susceptible de ser decorado con cajas de madera. Se han convertido en un <\/span><i><span>must<\/span><\/i><span> tanto para el hogar como para la decoraci\u00f3n de un comercio. Un recurso ingenioso y econ\u00f3mico para guardar cosas y decorar cualquier espacio. \u00a1Qui\u00e9n dir\u00eda que una caja de madera puede dar tanto de s\u00ed! Como todo sube: la gasolina, la luz, los alimentos\u2026 Pues el <span><a href=\"https:\/\/astideco.com\/es\/cajas-sin-tapa\/lote-de-3-cajas-de-madera-lote-de-3-cajas-de-madera\"><strong>lote de tres cajas de madera maciza de pino<\/strong><\/a><\/span> de Astigarraga Kit Line\u2026 baja. \u00a1Est\u00e1 de promoci\u00f3n! Ahora es el momento de hacerte con este pack de cajas con las que podr\u00e1s <strong>almacenar, ordenar y decorar<\/strong>.<\/span><\/p>\n<h2>Cajas de madera maciza de pino<\/h2>\n<p><span>As\u00ed es, all\u00ed donde necesites un espacio extra de almacenaje o sencillamente decorar, <\/span><span>all\u00ed podr\u00e1s colocar unas cajas de madera&#8230; <\/span><span>Son todoterreno puesto que las puedes utilizar como parte de la decoraci\u00f3n en cualquier estancia, como organizadores en los armarios o en un escritorio, como estanter\u00edas para colocar cuentos, libros o fotos\u2026 Incorporarlas en el hogar es muy f\u00e1cil y crear rincones \u00fanicos, divertidos y con encanto, est\u00e1 al alcance de cualquiera. Estas cajas est\u00e1n fabricadas a partir de lamas de madera, al m\u00e1s puro estilo de las cl\u00e1sicas cajas de fruta. Y vienen en tres medidas:<\/span><\/p>\n<ul>\n<li aria-level=\"1\"><span>Caja de madera grande: 17x36x25 cm<\/span><\/li>\n<li aria-level=\"1\"><span>Caja de madera\u00a0 mediana: 16x30x22 cm<\/span><\/li>\n<li aria-level=\"1\"><span>Caja de madera peque\u00f1a: 13x25x19 cm<\/span><\/li>\n<\/ul>\n<p>&nbsp;<\/p>\n<p><span><img decoding=\"async\" class=\"lazyload alignnone wp-image-4341 size-fusion-1200\" src=\"https:\/\/astideco.com\/blog\/wp-content\/uploads\/2018\/03\/CAJAS-DE-LAMAS-1200x293.jpg\" data-orig-src=\"https:\/\/astideco.com\/blog\/wp-content\/uploads\/2018\/03\/CAJAS-DE-LAMAS-1200x293.jpg\" alt=\"\" width=\"1200\" height=\"293\" srcset=\"data:image\/svg+xml,%3Csvg%20xmlns%3D%27http%3A%2F%2Fwww.w3.org%2F2000%2Fsvg%27%20width%3D%271200%27%20height%3D%27293%27%20viewBox%3D%270%200%201200%20293%27%3E%3Crect%20width%3D%271200%27%20height%3D%27293%27%20fill-opacity%3D%220%22%2F%3E%3C%2Fsvg%3E\" data-srcset=\"https:\/\/astideco.com\/blog\/wp-content\/uploads\/2018\/03\/CAJAS-DE-LAMAS-200x49.jpg 200w, https:\/\/astideco.com\/blog\/wp-content\/uploads\/2018\/03\/CAJAS-DE-LAMAS-300x73.jpg 300w, https:\/\/astideco.com\/blog\/wp-content\/uploads\/2018\/03\/CAJAS-DE-LAMAS-400x98.jpg 400w, https:\/\/astideco.com\/blog\/wp-content\/uploads\/2018\/03\/CAJAS-DE-LAMAS-600x146.jpg 600w, https:\/\/astideco.com\/blog\/wp-content\/uploads\/2018\/03\/CAJAS-DE-LAMAS-768x187.jpg 768w, https:\/\/astideco.com\/blog\/wp-content\/uploads\/2018\/03\/CAJAS-DE-LAMAS-800x195.jpg 800w, https:\/\/astideco.com\/blog\/wp-content\/uploads\/2018\/03\/CAJAS-DE-LAMAS-1024x250.jpg 1024w, https:\/\/astideco.com\/blog\/wp-content\/uploads\/2018\/03\/CAJAS-DE-LAMAS-1200x293.jpg 1200w, https:\/\/astideco.com\/blog\/wp-content\/uploads\/2018\/03\/CAJAS-DE-LAMAS-1536x375.jpg 1536w\" data-sizes=\"auto\" data-orig-sizes=\"(max-width: 1200px) 100vw, 1200px\" \/><\/span><\/p>\n<h2>\u00bfMadera al natural o personalizada?<\/h2>\n<p><span>Sab\u00e9is que somos unos enamorados de la <strong>madera natural<\/strong>, que nos encanta ver todos los productos al natural, con ese tono tan suave y agradable a la vista, y con las vetas al descubierto.\u00a0<\/span><\/p>\n<div id=\"attachment_4342\" style=\"width: 1210px\" class=\"wp-caption alignnone\"><img decoding=\"async\" aria-describedby=\"caption-attachment-4342\" class=\"lazyload wp-image-4342 size-full\" src=\"https:\/\/astideco.com\/blog\/wp-content\/uploads\/2018\/03\/lote_tres_cajas_madera_pino.jpg\" data-orig-src=\"https:\/\/astideco.com\/blog\/wp-content\/uploads\/2018\/03\/lote_tres_cajas_madera_pino.jpg\" alt=\"\" width=\"1200\" height=\"800\" srcset=\"data:image\/svg+xml,%3Csvg%20xmlns%3D%27http%3A%2F%2Fwww.w3.org%2F2000%2Fsvg%27%20width%3D%271200%27%20height%3D%27800%27%20viewBox%3D%270%200%201200%20800%27%3E%3Crect%20width%3D%271200%27%20height%3D%27800%27%20fill-opacity%3D%220%22%2F%3E%3C%2Fsvg%3E\" data-srcset=\"https:\/\/astideco.com\/blog\/wp-content\/uploads\/2018\/03\/lote_tres_cajas_madera_pino-200x133.jpg 200w, https:\/\/astideco.com\/blog\/wp-content\/uploads\/2018\/03\/lote_tres_cajas_madera_pino-300x200.jpg 300w, https:\/\/astideco.com\/blog\/wp-content\/uploads\/2018\/03\/lote_tres_cajas_madera_pino-400x267.jpg 400w, https:\/\/astideco.com\/blog\/wp-content\/uploads\/2018\/03\/lote_tres_cajas_madera_pino-600x400.jpg 600w, https:\/\/astideco.com\/blog\/wp-content\/uploads\/2018\/03\/lote_tres_cajas_madera_pino-768x512.jpg 768w, https:\/\/astideco.com\/blog\/wp-content\/uploads\/2018\/03\/lote_tres_cajas_madera_pino-800x533.jpg 800w, https:\/\/astideco.com\/blog\/wp-content\/uploads\/2018\/03\/lote_tres_cajas_madera_pino-1024x683.jpg 1024w, https:\/\/astideco.com\/blog\/wp-content\/uploads\/2018\/03\/lote_tres_cajas_madera_pino.jpg 1200w\" data-sizes=\"auto\" data-orig-sizes=\"(max-width: 1200px) 100vw, 1200px\" \/><p id=\"caption-attachment-4342\" class=\"wp-caption-text\">Foto: <a href=\"https:\/\/www.instagram.com\/creciendoconmontessori\/?hl=es\"><strong>@creciendoconmontessori<\/strong><\/a><\/p><\/div>\n<p><span><img decoding=\"async\" class=\"lazyload alignnone size-fusion-1200 wp-image-4343\" src=\"https:\/\/astideco.com\/blog\/wp-content\/uploads\/2018\/03\/cajas-de-madera-de-lamas-1200x891.jpg\" data-orig-src=\"https:\/\/astideco.com\/blog\/wp-content\/uploads\/2018\/03\/cajas-de-madera-de-lamas-1200x891.jpg\" alt=\"\" width=\"1200\" height=\"891\" srcset=\"data:image\/svg+xml,%3Csvg%20xmlns%3D%27http%3A%2F%2Fwww.w3.org%2F2000%2Fsvg%27%20width%3D%271200%27%20height%3D%27891%27%20viewBox%3D%270%200%201200%20891%27%3E%3Crect%20width%3D%271200%27%20height%3D%27891%27%20fill-opacity%3D%220%22%2F%3E%3C%2Fsvg%3E\" data-srcset=\"https:\/\/astideco.com\/blog\/wp-content\/uploads\/2018\/03\/cajas-de-madera-de-lamas-200x148.jpg 200w, https:\/\/astideco.com\/blog\/wp-content\/uploads\/2018\/03\/cajas-de-madera-de-lamas-300x223.jpg 300w, https:\/\/astideco.com\/blog\/wp-content\/uploads\/2018\/03\/cajas-de-madera-de-lamas-400x297.jpg 400w, https:\/\/astideco.com\/blog\/wp-content\/uploads\/2018\/03\/cajas-de-madera-de-lamas-600x445.jpg 600w, https:\/\/astideco.com\/blog\/wp-content\/uploads\/2018\/03\/cajas-de-madera-de-lamas-768x570.jpg 768w, https:\/\/astideco.com\/blog\/wp-content\/uploads\/2018\/03\/cajas-de-madera-de-lamas-800x594.jpg 800w, https:\/\/astideco.com\/blog\/wp-content\/uploads\/2018\/03\/cajas-de-madera-de-lamas-1024x760.jpg 1024w, https:\/\/astideco.com\/blog\/wp-content\/uploads\/2018\/03\/cajas-de-madera-de-lamas-1200x891.jpg 1200w, https:\/\/astideco.com\/blog\/wp-content\/uploads\/2018\/03\/cajas-de-madera-de-lamas-1536x1140.jpg 1536w\" data-sizes=\"auto\" data-orig-sizes=\"(max-width: 1200px) 100vw, 1200px\" \/>Pero que nos encante las cajas de madera al natural no significa que no nos apasione cualquier <strong>personalizaci\u00f3n o cambio<\/strong>. Porque es muy gratificante ver como con una simple capa de pintura puedes transformar una pieza tan sencilla. Basta con que lijes suavemente la superficie y apliques el esmalte. Al tener un acabado natural sin barnizar, no necesita ninguna imprimaci\u00f3n.\u00a0<\/span><\/p>\n<p><span> <img decoding=\"async\" class=\"lazyload alignnone size-fusion-1200 wp-image-4344\" src=\"https:\/\/astideco.com\/blog\/wp-content\/uploads\/2018\/03\/7-1200x800.jpg\" data-orig-src=\"https:\/\/astideco.com\/blog\/wp-content\/uploads\/2018\/03\/7-1200x800.jpg\" alt=\"\" width=\"1200\" height=\"800\" srcset=\"data:image\/svg+xml,%3Csvg%20xmlns%3D%27http%3A%2F%2Fwww.w3.org%2F2000%2Fsvg%27%20width%3D%271200%27%20height%3D%27800%27%20viewBox%3D%270%200%201200%20800%27%3E%3Crect%20width%3D%271200%27%20height%3D%27800%27%20fill-opacity%3D%220%22%2F%3E%3C%2Fsvg%3E\" data-srcset=\"https:\/\/astideco.com\/blog\/wp-content\/uploads\/2018\/03\/7-200x133.jpg 200w, https:\/\/astideco.com\/blog\/wp-content\/uploads\/2018\/03\/7-300x200.jpg 300w, https:\/\/astideco.com\/blog\/wp-content\/uploads\/2018\/03\/7-400x267.jpg 400w, https:\/\/astideco.com\/blog\/wp-content\/uploads\/2018\/03\/7-600x400.jpg 600w, https:\/\/astideco.com\/blog\/wp-content\/uploads\/2018\/03\/7-768x512.jpg 768w, https:\/\/astideco.com\/blog\/wp-content\/uploads\/2018\/03\/7-800x533.jpg 800w, https:\/\/astideco.com\/blog\/wp-content\/uploads\/2018\/03\/7-1024x683.jpg 1024w, https:\/\/astideco.com\/blog\/wp-content\/uploads\/2018\/03\/7-1200x800.jpg 1200w, https:\/\/astideco.com\/blog\/wp-content\/uploads\/2018\/03\/7-1536x1024.jpg 1536w\" data-sizes=\"auto\" data-orig-sizes=\"(max-width: 1200px) 100vw, 1200px\" \/><\/span><\/p>\n<div id=\"attachment_4345\" style=\"width: 1210px\" class=\"wp-caption alignnone\"><img decoding=\"async\" aria-describedby=\"caption-attachment-4345\" class=\"lazyload wp-image-4345 size-full\" src=\"https:\/\/astideco.com\/blog\/wp-content\/uploads\/2018\/03\/CAJAS2.jpeg\" data-orig-src=\"https:\/\/astideco.com\/blog\/wp-content\/uploads\/2018\/03\/CAJAS2.jpeg\" alt=\"\" width=\"1200\" height=\"1200\" srcset=\"data:image\/svg+xml,%3Csvg%20xmlns%3D%27http%3A%2F%2Fwww.w3.org%2F2000%2Fsvg%27%20width%3D%271200%27%20height%3D%271200%27%20viewBox%3D%270%200%201200%201200%27%3E%3Crect%20width%3D%271200%27%20height%3D%271200%27%20fill-opacity%3D%220%22%2F%3E%3C%2Fsvg%3E\" data-srcset=\"https:\/\/astideco.com\/blog\/wp-content\/uploads\/2018\/03\/CAJAS2-66x66.jpeg 66w, https:\/\/astideco.com\/blog\/wp-content\/uploads\/2018\/03\/CAJAS2-150x150.jpeg 150w, https:\/\/astideco.com\/blog\/wp-content\/uploads\/2018\/03\/CAJAS2-200x200.jpeg 200w, https:\/\/astideco.com\/blog\/wp-content\/uploads\/2018\/03\/CAJAS2-300x300.jpeg 300w, https:\/\/astideco.com\/blog\/wp-content\/uploads\/2018\/03\/CAJAS2-400x400.jpeg 400w, https:\/\/astideco.com\/blog\/wp-content\/uploads\/2018\/03\/CAJAS2-600x600.jpeg 600w, https:\/\/astideco.com\/blog\/wp-content\/uploads\/2018\/03\/CAJAS2-768x768.jpeg 768w, https:\/\/astideco.com\/blog\/wp-content\/uploads\/2018\/03\/CAJAS2-800x800.jpeg 800w, https:\/\/astideco.com\/blog\/wp-content\/uploads\/2018\/03\/CAJAS2-1024x1024.jpeg 1024w, https:\/\/astideco.com\/blog\/wp-content\/uploads\/2018\/03\/CAJAS2.jpeg 1200w\" data-sizes=\"auto\" data-orig-sizes=\"(max-width: 1200px) 100vw, 1200px\" \/><p id=\"caption-attachment-4345\" class=\"wp-caption-text\">Foto: <a href=\"https:\/\/www.instagram.com\/tamara_st_\/?hl=es\"><strong>@tamara_st_<\/strong><\/a><\/p><\/div>\n<p><span>Si bien es verdad que lo m\u00e1s f\u00e1cil a la hora de decorar las cajas de madera es pintarlas de diferentes colores, utilizar otras <strong>t\u00e9cnicas decorativas<\/strong> no es nada complicado. Gracias al decoupage puedes utilizar telas o papeles para vestirlas, o colocar letras, flores u otros motivos originales. Solo piensa que son perfectas para crear tu propio dise\u00f1o y deja volar tu imaginaci\u00f3n.<\/span><\/p>\n<p><img decoding=\"async\" class=\"lazyload alignnone size-fusion-1200 wp-image-4347\" src=\"https:\/\/astideco.com\/blog\/wp-content\/uploads\/2018\/03\/cajas_lama_madera_pino-1200x1532.jpg\" data-orig-src=\"https:\/\/astideco.com\/blog\/wp-content\/uploads\/2018\/03\/cajas_lama_madera_pino-1200x1532.jpg\" alt=\"\" width=\"1200\" height=\"1532\" srcset=\"data:image\/svg+xml,%3Csvg%20xmlns%3D%27http%3A%2F%2Fwww.w3.org%2F2000%2Fsvg%27%20width%3D%271200%27%20height%3D%271532%27%20viewBox%3D%270%200%201200%201532%27%3E%3Crect%20width%3D%271200%27%20height%3D%271532%27%20fill-opacity%3D%220%22%2F%3E%3C%2Fsvg%3E\" data-srcset=\"https:\/\/astideco.com\/blog\/wp-content\/uploads\/2018\/03\/cajas_lama_madera_pino-200x255.jpg 200w, https:\/\/astideco.com\/blog\/wp-content\/uploads\/2018\/03\/cajas_lama_madera_pino-235x300.jpg 235w, https:\/\/astideco.com\/blog\/wp-content\/uploads\/2018\/03\/cajas_lama_madera_pino-400x511.jpg 400w, https:\/\/astideco.com\/blog\/wp-content\/uploads\/2018\/03\/cajas_lama_madera_pino-600x766.jpg 600w, https:\/\/astideco.com\/blog\/wp-content\/uploads\/2018\/03\/cajas_lama_madera_pino-768x980.jpg 768w, https:\/\/astideco.com\/blog\/wp-content\/uploads\/2018\/03\/cajas_lama_madera_pino-800x1021.jpg 800w, https:\/\/astideco.com\/blog\/wp-content\/uploads\/2018\/03\/cajas_lama_madera_pino-802x1024.jpg 802w, https:\/\/astideco.com\/blog\/wp-content\/uploads\/2018\/03\/cajas_lama_madera_pino-1200x1532.jpg 1200w, https:\/\/astideco.com\/blog\/wp-content\/uploads\/2018\/03\/cajas_lama_madera_pino-1203x1536.jpg 1203w, https:\/\/astideco.com\/blog\/wp-content\/uploads\/2018\/03\/cajas_lama_madera_pino-1605x2048.jpg 1605w\" data-sizes=\"auto\" data-orig-sizes=\"(max-width: 1200px) 100vw, 1200px\" \/><\/p>\n<div id=\"attachment_4348\" style=\"width: 1210px\" class=\"wp-caption alignnone\"><img decoding=\"async\" aria-describedby=\"caption-attachment-4348\" class=\"lazyload wp-image-4348 size-fusion-1200\" src=\"https:\/\/astideco.com\/blog\/wp-content\/uploads\/2018\/03\/cajas_lama_madera_pino_astikitline-1200x1340.jpg\" data-orig-src=\"https:\/\/astideco.com\/blog\/wp-content\/uploads\/2018\/03\/cajas_lama_madera_pino_astikitline-1200x1340.jpg\" alt=\"\" width=\"1200\" height=\"1340\" srcset=\"data:image\/svg+xml,%3Csvg%20xmlns%3D%27http%3A%2F%2Fwww.w3.org%2F2000%2Fsvg%27%20width%3D%271200%27%20height%3D%271340%27%20viewBox%3D%270%200%201200%201340%27%3E%3Crect%20width%3D%271200%27%20height%3D%271340%27%20fill-opacity%3D%220%22%2F%3E%3C%2Fsvg%3E\" data-srcset=\"https:\/\/astideco.com\/blog\/wp-content\/uploads\/2018\/03\/cajas_lama_madera_pino_astikitline-200x223.jpg 200w, https:\/\/astideco.com\/blog\/wp-content\/uploads\/2018\/03\/cajas_lama_madera_pino_astikitline-269x300.jpg 269w, https:\/\/astideco.com\/blog\/wp-content\/uploads\/2018\/03\/cajas_lama_madera_pino_astikitline-400x447.jpg 400w, https:\/\/astideco.com\/blog\/wp-content\/uploads\/2018\/03\/cajas_lama_madera_pino_astikitline-600x670.jpg 600w, https:\/\/astideco.com\/blog\/wp-content\/uploads\/2018\/03\/cajas_lama_madera_pino_astikitline-768x857.jpg 768w, https:\/\/astideco.com\/blog\/wp-content\/uploads\/2018\/03\/cajas_lama_madera_pino_astikitline-800x893.jpg 800w, https:\/\/astideco.com\/blog\/wp-content\/uploads\/2018\/03\/cajas_lama_madera_pino_astikitline-917x1024.jpg 917w, https:\/\/astideco.com\/blog\/wp-content\/uploads\/2018\/03\/cajas_lama_madera_pino_astikitline-1200x1340.jpg 1200w, https:\/\/astideco.com\/blog\/wp-content\/uploads\/2018\/03\/cajas_lama_madera_pino_astikitline-1376x1536.jpg 1376w, https:\/\/astideco.com\/blog\/wp-content\/uploads\/2018\/03\/cajas_lama_madera_pino_astikitline-1834x2048.jpg 1834w\" data-sizes=\"auto\" data-orig-sizes=\"(max-width: 1200px) 100vw, 1200px\" \/><p id=\"caption-attachment-4348\" class=\"wp-caption-text\">Fotos: <a href=\"https:\/\/www.instagram.com\/reinventa12\/?hl=es\"><strong>@reiventa12<\/strong><\/a><\/p><\/div>\n<p><span>Recuerda que ahora es el momento ideal para hacerte con este <span><a href=\"https:\/\/astideco.com\/es\/cajas-sin-tapa\/lote-de-3-cajas-de-madera-lote-de-3-cajas-de-madera\"><strong>lote de tres cajas de madera de pino<\/strong><\/a><\/span>. Est\u00e1n de promoci\u00f3n: de 34,50\u20ac a 24,90\u20ac. Ya veis, que las opciones de personalizarlas son infinitas y puedes conseguir crear verdaderas obras \u00fanicas con la satisfacci\u00f3n de que lleven el sello personal de uno mismo.<\/span><\/p>\n<p><i><span>Gracias por dejarnos decorar vuestro hogar de manera sostenible.<\/span><\/i><\/p>\n","protected":false},"excerpt":{"rendered":"<p>La decoraci\u00f3n con cajas de madera es una tendencia que cada vez tiene m\u00e1s seguidores. Cualquier rinc\u00f3n es susceptible de ser decorado con cajas de madera. Se han convertido en un must tanto para el hogar como para la decoraci\u00f3n  [..]<\/p>\n","protected":false},"author":6,"featured_media":1345,"comment_status":"open","ping_status":"open","sticky":false,"template":"","format":"standard","meta":{"footnotes":""},"categories":[15],"tags":[],"class_list":["post-795","post","type-post","status-publish","format-standard","has-post-thumbnail","hentry","category-producto"],"yoast_head":"<!-- This site is optimized with the Yoast SEO plugin v27.0 - https:\/\/yoast.com\/product\/yoast-seo-wordpress\/ -->\n<title>Promoci\u00f3n: lote de tres cajas de madera maciza de pino - Astiblog<\/title>\n<meta name=\"description\" content=\"\u00a1Qui\u00e9n dir\u00eda que una caja puede dar tanto de s\u00ed! Atentos a esta promoci\u00f3n: lote de tres cajas de madera maciza de pino en s\u00faper oferta.\" \/>\n<meta name=\"robots\" content=\"index, follow, max-snippet:-1, max-image-preview:large, max-video-preview:-1\" \/>\n<link rel=\"canonical\" href=\"https:\/\/astideco.com\/blog\/lote-tres-cajas-de-madera-pino\/\" \/>\n<meta property=\"og:locale\" content=\"es_ES\" \/>\n<meta property=\"og:type\" content=\"article\" \/>\n<meta property=\"og:title\" content=\"Promoci\u00f3n: lote de tres cajas de madera maciza de pino - Astiblog\" \/>\n<meta property=\"og:description\" content=\"\u00a1Qui\u00e9n dir\u00eda que una caja puede dar tanto de s\u00ed! Atentos a esta promoci\u00f3n: lote de tres cajas de madera maciza de pino en s\u00faper oferta.\" \/>\n<meta property=\"og:url\" content=\"https:\/\/astideco.com\/blog\/lote-tres-cajas-de-madera-pino\/\" \/>\n<meta property=\"og:site_name\" content=\"Astiblog\" \/>\n<meta property=\"article:published_time\" content=\"2022-09-15T08:16:45+00:00\" \/>\n<meta property=\"article:modified_time\" content=\"2022-10-19T15:47:52+00:00\" \/>\n<meta property=\"og:image\" content=\"https:\/\/astideco.com\/blog\/wp-content\/uploads\/2018\/03\/cajas_madera_pared.jpg\" \/>\n\t<meta property=\"og:image:width\" content=\"1200\" \/>\n\t<meta property=\"og:image:height\" content=\"800\" \/>\n\t<meta property=\"og:image:type\" content=\"image\/jpeg\" \/>\n<meta name=\"author\" content=\"Astigarraga Kit Line\" \/>\n<meta name=\"twitter:card\" content=\"summary_large_image\" \/>\n<meta name=\"twitter:label1\" content=\"Escrito por\" \/>\n\t<meta name=\"twitter:data1\" content=\"Astigarraga Kit Line\" \/>\n\t<meta name=\"twitter:label2\" content=\"Tiempo de lectura\" \/>\n\t<meta name=\"twitter:data2\" content=\"4 minutos\" \/>\n<script type=\"application\/ld+json\" class=\"yoast-schema-graph\">{\"@context\":\"https:\/\/schema.org\",\"@graph\":[{\"@type\":\"Article\",\"@id\":\"https:\/\/astideco.com\/blog\/lote-tres-cajas-de-madera-pino\/#article\",\"isPartOf\":{\"@id\":\"https:\/\/astideco.com\/blog\/lote-tres-cajas-de-madera-pino\/\"},\"author\":{\"name\":\"Astigarraga Kit Line\",\"@id\":\"https:\/\/astideco.com\/blog\/#\/schema\/person\/13fd236103c4c231352fb09b2b7ac5cf\"},\"headline\":\"Promoci\u00f3n: lote de tres cajas de madera maciza de pino\",\"datePublished\":\"2022-09-15T08:16:45+00:00\",\"dateModified\":\"2022-10-19T15:47:52+00:00\",\"mainEntityOfPage\":{\"@id\":\"https:\/\/astideco.com\/blog\/lote-tres-cajas-de-madera-pino\/\"},\"wordCount\":529,\"commentCount\":0,\"image\":{\"@id\":\"https:\/\/astideco.com\/blog\/lote-tres-cajas-de-madera-pino\/#primaryimage\"},\"thumbnailUrl\":\"https:\/\/astideco.com\/blog\/wp-content\/uploads\/2018\/03\/cajas_madera_pared.jpg\",\"articleSection\":[\"Producto\"],\"inLanguage\":\"es\",\"potentialAction\":[{\"@type\":\"CommentAction\",\"name\":\"Comment\",\"target\":[\"https:\/\/astideco.com\/blog\/lote-tres-cajas-de-madera-pino\/#respond\"]}]},{\"@type\":\"WebPage\",\"@id\":\"https:\/\/astideco.com\/blog\/lote-tres-cajas-de-madera-pino\/\",\"url\":\"https:\/\/astideco.com\/blog\/lote-tres-cajas-de-madera-pino\/\",\"name\":\"Promoci\u00f3n: lote de tres cajas de madera maciza de pino - Astiblog\",\"isPartOf\":{\"@id\":\"https:\/\/astideco.com\/blog\/#website\"},\"primaryImageOfPage\":{\"@id\":\"https:\/\/astideco.com\/blog\/lote-tres-cajas-de-madera-pino\/#primaryimage\"},\"image\":{\"@id\":\"https:\/\/astideco.com\/blog\/lote-tres-cajas-de-madera-pino\/#primaryimage\"},\"thumbnailUrl\":\"https:\/\/astideco.com\/blog\/wp-content\/uploads\/2018\/03\/cajas_madera_pared.jpg\",\"datePublished\":\"2022-09-15T08:16:45+00:00\",\"dateModified\":\"2022-10-19T15:47:52+00:00\",\"author\":{\"@id\":\"https:\/\/astideco.com\/blog\/#\/schema\/person\/13fd236103c4c231352fb09b2b7ac5cf\"},\"description\":\"\u00a1Qui\u00e9n dir\u00eda que una caja puede dar tanto de s\u00ed! Atentos a esta promoci\u00f3n: lote de tres cajas de madera maciza de pino en s\u00faper oferta.\",\"breadcrumb\":{\"@id\":\"https:\/\/astideco.com\/blog\/lote-tres-cajas-de-madera-pino\/#breadcrumb\"},\"inLanguage\":\"es\",\"potentialAction\":[{\"@type\":\"ReadAction\",\"target\":[\"https:\/\/astideco.com\/blog\/lote-tres-cajas-de-madera-pino\/\"]}]},{\"@type\":\"ImageObject\",\"inLanguage\":\"es\",\"@id\":\"https:\/\/astideco.com\/blog\/lote-tres-cajas-de-madera-pino\/#primaryimage\",\"url\":\"https:\/\/astideco.com\/blog\/wp-content\/uploads\/2018\/03\/cajas_madera_pared.jpg\",\"contentUrl\":\"https:\/\/astideco.com\/blog\/wp-content\/uploads\/2018\/03\/cajas_madera_pared.jpg\",\"width\":1200,\"height\":800},{\"@type\":\"BreadcrumbList\",\"@id\":\"https:\/\/astideco.com\/blog\/lote-tres-cajas-de-madera-pino\/#breadcrumb\",\"itemListElement\":[{\"@type\":\"ListItem\",\"position\":1,\"name\":\"Portada\",\"item\":\"https:\/\/astideco.com\/blog\/\"},{\"@type\":\"ListItem\",\"position\":2,\"name\":\"Promoci\u00f3n: lote de tres cajas de madera maciza de pino\"}]},{\"@type\":\"WebSite\",\"@id\":\"https:\/\/astideco.com\/blog\/#website\",\"url\":\"https:\/\/astideco.com\/blog\/\",\"name\":\"Astiblog\",\"description\":\"Blog de Astideco.com\",\"potentialAction\":[{\"@type\":\"SearchAction\",\"target\":{\"@type\":\"EntryPoint\",\"urlTemplate\":\"https:\/\/astideco.com\/blog\/?s={search_term_string}\"},\"query-input\":{\"@type\":\"PropertyValueSpecification\",\"valueRequired\":true,\"valueName\":\"search_term_string\"}}],\"inLanguage\":\"es\"},{\"@type\":\"Person\",\"@id\":\"https:\/\/astideco.com\/blog\/#\/schema\/person\/13fd236103c4c231352fb09b2b7ac5cf\",\"name\":\"Astigarraga Kit Line\"}]}<\/script>\n<!-- \/ Yoast SEO plugin. -->","yoast_head_json":{"title":"Promoci\u00f3n: lote de tres cajas de madera maciza de pino - Astiblog","description":"\u00a1Qui\u00e9n dir\u00eda que una caja puede dar tanto de s\u00ed! Atentos a esta promoci\u00f3n: lote de tres cajas de madera maciza de pino en s\u00faper oferta.","robots":{"index":"index","follow":"follow","max-snippet":"max-snippet:-1","max-image-preview":"max-image-preview:large","max-video-preview":"max-video-preview:-1"},"canonical":"https:\/\/astideco.com\/blog\/lote-tres-cajas-de-madera-pino\/","og_locale":"es_ES","og_type":"article","og_title":"Promoci\u00f3n: lote de tres cajas de madera maciza de pino - Astiblog","og_description":"\u00a1Qui\u00e9n dir\u00eda que una caja puede dar tanto de s\u00ed! Atentos a esta promoci\u00f3n: lote de tres cajas de madera maciza de pino en s\u00faper oferta.","og_url":"https:\/\/astideco.com\/blog\/lote-tres-cajas-de-madera-pino\/","og_site_name":"Astiblog","article_published_time":"2022-09-15T08:16:45+00:00","article_modified_time":"2022-10-19T15:47:52+00:00","og_image":[{"width":1200,"height":800,"url":"https:\/\/astideco.com\/blog\/wp-content\/uploads\/2018\/03\/cajas_madera_pared.jpg","type":"image\/jpeg"}],"author":"Astigarraga Kit Line","twitter_card":"summary_large_image","twitter_misc":{"Escrito por":"Astigarraga Kit Line","Tiempo de lectura":"4 minutos"},"schema":{"@context":"https:\/\/schema.org","@graph":[{"@type":"Article","@id":"https:\/\/astideco.com\/blog\/lote-tres-cajas-de-madera-pino\/#article","isPartOf":{"@id":"https:\/\/astideco.com\/blog\/lote-tres-cajas-de-madera-pino\/"},"author":{"name":"Astigarraga Kit Line","@id":"https:\/\/astideco.com\/blog\/#\/schema\/person\/13fd236103c4c231352fb09b2b7ac5cf"},"headline":"Promoci\u00f3n: lote de tres cajas de madera maciza de pino","datePublished":"2022-09-15T08:16:45+00:00","dateModified":"2022-10-19T15:47:52+00:00","mainEntityOfPage":{"@id":"https:\/\/astideco.com\/blog\/lote-tres-cajas-de-madera-pino\/"},"wordCount":529,"commentCount":0,"image":{"@id":"https:\/\/astideco.com\/blog\/lote-tres-cajas-de-madera-pino\/#primaryimage"},"thumbnailUrl":"https:\/\/astideco.com\/blog\/wp-content\/uploads\/2018\/03\/cajas_madera_pared.jpg","articleSection":["Producto"],"inLanguage":"es","potentialAction":[{"@type":"CommentAction","name":"Comment","target":["https:\/\/astideco.com\/blog\/lote-tres-cajas-de-madera-pino\/#respond"]}]},{"@type":"WebPage","@id":"https:\/\/astideco.com\/blog\/lote-tres-cajas-de-madera-pino\/","url":"https:\/\/astideco.com\/blog\/lote-tres-cajas-de-madera-pino\/","name":"Promoci\u00f3n: lote de tres cajas de madera maciza de pino - Astiblog","isPartOf":{"@id":"https:\/\/astideco.com\/blog\/#website"},"primaryImageOfPage":{"@id":"https:\/\/astideco.com\/blog\/lote-tres-cajas-de-madera-pino\/#primaryimage"},"image":{"@id":"https:\/\/astideco.com\/blog\/lote-tres-cajas-de-madera-pino\/#primaryimage"},"thumbnailUrl":"https:\/\/astideco.com\/blog\/wp-content\/uploads\/2018\/03\/cajas_madera_pared.jpg","datePublished":"2022-09-15T08:16:45+00:00","dateModified":"2022-10-19T15:47:52+00:00","author":{"@id":"https:\/\/astideco.com\/blog\/#\/schema\/person\/13fd236103c4c231352fb09b2b7ac5cf"},"description":"\u00a1Qui\u00e9n dir\u00eda que una caja puede dar tanto de s\u00ed! Atentos a esta promoci\u00f3n: lote de tres cajas de madera maciza de pino en s\u00faper oferta.","breadcrumb":{"@id":"https:\/\/astideco.com\/blog\/lote-tres-cajas-de-madera-pino\/#breadcrumb"},"inLanguage":"es","potentialAction":[{"@type":"ReadAction","target":["https:\/\/astideco.com\/blog\/lote-tres-cajas-de-madera-pino\/"]}]},{"@type":"ImageObject","inLanguage":"es","@id":"https:\/\/astideco.com\/blog\/lote-tres-cajas-de-madera-pino\/#primaryimage","url":"https:\/\/astideco.com\/blog\/wp-content\/uploads\/2018\/03\/cajas_madera_pared.jpg","contentUrl":"https:\/\/astideco.com\/blog\/wp-content\/uploads\/2018\/03\/cajas_madera_pared.jpg","width":1200,"height":800},{"@type":"BreadcrumbList","@id":"https:\/\/astideco.com\/blog\/lote-tres-cajas-de-madera-pino\/#breadcrumb","itemListElement":[{"@type":"ListItem","position":1,"name":"Portada","item":"https:\/\/astideco.com\/blog\/"},{"@type":"ListItem","position":2,"name":"Promoci\u00f3n: lote de tres cajas de madera maciza de pino"}]},{"@type":"WebSite","@id":"https:\/\/astideco.com\/blog\/#website","url":"https:\/\/astideco.com\/blog\/","name":"Astiblog","description":"Blog de Astideco.com","potentialAction":[{"@type":"SearchAction","target":{"@type":"EntryPoint","urlTemplate":"https:\/\/astideco.com\/blog\/?s={search_term_string}"},"query-input":{"@type":"PropertyValueSpecification","valueRequired":true,"valueName":"search_term_string"}}],"inLanguage":"es"},{"@type":"Person","@id":"https:\/\/astideco.com\/blog\/#\/schema\/person\/13fd236103c4c231352fb09b2b7ac5cf","name":"Astigarraga Kit Line"}]}},"_links":{"self":[{"href":"https:\/\/astideco.com\/blog\/wp-json\/wp\/v2\/posts\/795","targetHints":{"allow":["GET"]}}],"collection":[{"href":"https:\/\/astideco.com\/blog\/wp-json\/wp\/v2\/posts"}],"about":[{"href":"https:\/\/astideco.com\/blog\/wp-json\/wp\/v2\/types\/post"}],"author":[{"embeddable":true,"href":"https:\/\/astideco.com\/blog\/wp-json\/wp\/v2\/users\/6"}],"replies":[{"embeddable":true,"href":"https:\/\/astideco.com\/blog\/wp-json\/wp\/v2\/comments?post=795"}],"version-history":[{"count":4,"href":"https:\/\/astideco.com\/blog\/wp-json\/wp\/v2\/posts\/795\/revisions"}],"predecessor-version":[{"id":4349,"href":"https:\/\/astideco.com\/blog\/wp-json\/wp\/v2\/posts\/795\/revisions\/4349"}],"wp:featuredmedia":[{"embeddable":true,"href":"https:\/\/astideco.com\/blog\/wp-json\/wp\/v2\/media\/1345"}],"wp:attachment":[{"href":"https:\/\/astideco.com\/blog\/wp-json\/wp\/v2\/media?parent=795"}],"wp:term":[{"taxonomy":"category","embeddable":true,"href":"https:\/\/astideco.com\/blog\/wp-json\/wp\/v2\/categories?post=795"},{"taxonomy":"post_tag","embeddable":true,"href":"https:\/\/astideco.com\/blog\/wp-json\/wp\/v2\/tags?post=795"}],"curies":[{"name":"wp","href":"https:\/\/api.w.org\/{rel}","templated":true}]}}