{"id":762,"date":"2021-04-30T07:49:22","date_gmt":"2021-04-30T07:49:22","guid":{"rendered":"https:\/\/astideco.com\/blog\/?p=762"},"modified":"2021-05-06T14:47:39","modified_gmt":"2021-05-06T14:47:39","slug":"ideas-para-decorar-tu-terraza","status":"publish","type":"post","link":"https:\/\/astideco.com\/blog\/ideas-para-decorar-tu-terraza\/","title":{"rendered":"Ideas para decorar tu terraza: \u00a1No importa el tama\u00f1o!"},"content":{"rendered":"<p><span>Quien tiene un jard\u00edn, una terraza o un simple balc\u00f3n tiene un tesoro. En tiempos de pandemia hemos sacado chispas hasta los mini oasis exteriores de dos metros cuadrados de una casa. Porque disponer de un espacio al aire libre ha sido un gran privilegio. Y es que, \u00bfpuede haber mejor plan que disfrutar del primer caf\u00e9 de la ma\u00f1ana o de un buen libro o una cena con amigos en la terraza de tu casa? En <span><a href=\"https:\/\/astideco.com\/es\/\"><strong>Astigarraga Kit Line<\/strong><\/a><\/span> somos unos apasionados de la vida al aire libre. Por eso, hoy queremos mostraros <strong>ideas para decorar tu terraza: \u00a1No importa el tama\u00f1o!<\/strong><\/span><\/p>\n<p><span>Si apuestas por nuestros <\/span><b>muebles de madera ecol\u00f3gica de pino <\/b><span>har\u00e1s de tu terraza un espacio de paz y tranquilidad al aire libre. Da igual que vivas en un apartamento o en una casa, dispongas de una terraza espectacular, un sencillo balc\u00f3n, un jard\u00edn o una azotea. El buen gusto no est\u00e1 re\u00f1ido con los metros. \u00a1No te pierdas ning\u00fan detalle!<\/span><\/p>\n<h2><span>Una mesa con taburetes<\/span><\/h2>\n<p><span>Igual que se cuida la decoraci\u00f3n del interior de una casa, no hay que descuidar la del exterior. Para empezar nada mejor que un conjunto de mesa y <a href=\"https:\/\/astideco.com\/es\/taburetes\/taburete-bajo-de-madera-maciza-de-pino-36-cm\"><strong>taburetes<\/strong><\/a> (precio: 47,90\u20ac)para disfrutar desde ya. La mesa, compuesta por el <a href=\"https:\/\/astideco.com\/es\/caballetes\/caballete-de-madera-maciza-de-pino-one\"><strong>caballete One<\/strong><\/a> (precio: 38,90\u20ac) y el <a href=\"https:\/\/astideco.com\/es\/tableros-de-madera\/tablero-pino-diametro-75cm\"><strong>tablero circular de 75 cm de di\u00e1metro<\/strong><\/a> (precio: 60,30\u20ac), es perfecta para terrazas peque\u00f1as. Fabricados en madera maciza ecol\u00f3gica, dar\u00e1 calidez a tu espacio exterior. Aunque el acabado natural arrasa en decoraci\u00f3n, puedes pintarlo y personalizarlo a tu manera. Hagas lo que hagas, lo que s\u00ed se recomienda es aplicar un barniz para proteger y prolongar la durabilidad de la madera.<\/span><\/p>\n<div id=\"attachment_3406\" style=\"width: 1210px\" class=\"wp-caption aligncenter\"><img decoding=\"async\" aria-describedby=\"caption-attachment-3406\" class=\"lazyload wp-image-3406 size-fusion-1200\" src=\"https:\/\/astideco.com\/blog\/wp-content\/uploads\/2018\/05\/mesa-terraza-con-taburetes-1200x1295.jpg\" data-orig-src=\"https:\/\/astideco.com\/blog\/wp-content\/uploads\/2018\/05\/mesa-terraza-con-taburetes-1200x1295.jpg\" alt=\"\" width=\"1200\" height=\"1295\" srcset=\"data:image\/svg+xml,%3Csvg%20xmlns%3D%27http%3A%2F%2Fwww.w3.org%2F2000%2Fsvg%27%20width%3D%271200%27%20height%3D%271295%27%20viewBox%3D%270%200%201200%201295%27%3E%3Crect%20width%3D%271200%27%20height%3D%271295%27%20fill-opacity%3D%220%22%2F%3E%3C%2Fsvg%3E\" data-srcset=\"https:\/\/astideco.com\/blog\/wp-content\/uploads\/2018\/05\/mesa-terraza-con-taburetes-200x216.jpg 200w, https:\/\/astideco.com\/blog\/wp-content\/uploads\/2018\/05\/mesa-terraza-con-taburetes-278x300.jpg 278w, https:\/\/astideco.com\/blog\/wp-content\/uploads\/2018\/05\/mesa-terraza-con-taburetes-400x432.jpg 400w, https:\/\/astideco.com\/blog\/wp-content\/uploads\/2018\/05\/mesa-terraza-con-taburetes-600x648.jpg 600w, https:\/\/astideco.com\/blog\/wp-content\/uploads\/2018\/05\/mesa-terraza-con-taburetes-768x829.jpg 768w, https:\/\/astideco.com\/blog\/wp-content\/uploads\/2018\/05\/mesa-terraza-con-taburetes-800x863.jpg 800w, https:\/\/astideco.com\/blog\/wp-content\/uploads\/2018\/05\/mesa-terraza-con-taburetes-949x1024.jpg 949w, https:\/\/astideco.com\/blog\/wp-content\/uploads\/2018\/05\/mesa-terraza-con-taburetes-1200x1295.jpg 1200w, https:\/\/astideco.com\/blog\/wp-content\/uploads\/2018\/05\/mesa-terraza-con-taburetes-1423x1536.jpg 1423w, https:\/\/astideco.com\/blog\/wp-content\/uploads\/2018\/05\/mesa-terraza-con-taburetes.jpg 1512w\" data-sizes=\"auto\" data-orig-sizes=\"(max-width: 1200px) 100vw, 1200px\" \/><p id=\"caption-attachment-3406\" class=\"wp-caption-text\">@mom.deco<\/p><\/div>\n<p><span>Si dispones ya de una terraza XL puedes como lo ha hecho @tamara_st. \u00a1No te pierdas <a href=\"https:\/\/www.instagram.com\/p\/CN0Y5WHqwc4\/?utm_source=ig_web_copy_link\"><strong>su reels<\/strong><\/a> en Instagram! Y es que muchas veces decorar una terraza es tan sencillo como dar un salto en el aire. Al natural o barnizada: \u00bfc\u00f3mo te gusta m\u00e1s?<\/span><\/p>\n<p><img decoding=\"async\" class=\"lazyload aligncenter wp-image-3415\" src=\"https:\/\/astideco.com\/blog\/wp-content\/uploads\/2021\/05\/MESA-TERRAZA-293x300.jpg\" data-orig-src=\"https:\/\/astideco.com\/blog\/wp-content\/uploads\/2021\/05\/MESA-TERRAZA-293x300.jpg\" alt=\"\" width=\"1200\" height=\"1229\" srcset=\"data:image\/svg+xml,%3Csvg%20xmlns%3D%27http%3A%2F%2Fwww.w3.org%2F2000%2Fsvg%27%20width%3D%271200%27%20height%3D%271229%27%20viewBox%3D%270%200%201200%201229%27%3E%3Crect%20width%3D%271200%27%20height%3D%271229%27%20fill-opacity%3D%220%22%2F%3E%3C%2Fsvg%3E\" data-srcset=\"https:\/\/astideco.com\/blog\/wp-content\/uploads\/2021\/05\/MESA-TERRAZA-200x205.jpg 200w, https:\/\/astideco.com\/blog\/wp-content\/uploads\/2021\/05\/MESA-TERRAZA-293x300.jpg 293w, https:\/\/astideco.com\/blog\/wp-content\/uploads\/2021\/05\/MESA-TERRAZA-400x410.jpg 400w, https:\/\/astideco.com\/blog\/wp-content\/uploads\/2021\/05\/MESA-TERRAZA-600x614.jpg 600w, https:\/\/astideco.com\/blog\/wp-content\/uploads\/2021\/05\/MESA-TERRAZA-768x786.jpg 768w, https:\/\/astideco.com\/blog\/wp-content\/uploads\/2021\/05\/MESA-TERRAZA-800x819.jpg 800w, https:\/\/astideco.com\/blog\/wp-content\/uploads\/2021\/05\/MESA-TERRAZA-1000x1024.jpg 1000w, https:\/\/astideco.com\/blog\/wp-content\/uploads\/2021\/05\/MESA-TERRAZA.jpg 1080w\" data-sizes=\"auto\" data-orig-sizes=\"(max-width: 1200px) 100vw, 1200px\" \/><\/p>\n<h2><span>Dos en uno<\/span><\/h2>\n<p><span><a href=\"https:\/\/astideco.com\/es\/baules\/banco-baul-cofre-de-madera-banco-baul\"><strong>Banco y ba\u00fal<\/strong><\/a>. Poco o nada m\u00e1s se le puede pedir a este mueble tan pr\u00e1ctico y bonito. Sus medidas &#8211; 62&#215;9038 cm (alto\/ancho\/fondo)- (precio: 63,10\u20ac) hace que se pueda adaptar a cualquier balc\u00f3n o terraza por peque\u00f1o que sea, ganando espacio de almacenaje para los juguetes de los ni\u00f1os, los cojines o textiles, herramientas, farolillos, etc. Es, sin duda, una pieza con muchas posibilidades ya que es banco y ba\u00fal a la vez.<\/span><\/p>\n<div id=\"attachment_3407\" style=\"width: 1210px\" class=\"wp-caption aligncenter\"><img decoding=\"async\" aria-describedby=\"caption-attachment-3407\" class=\"lazyload wp-image-3407 size-fusion-1200\" src=\"https:\/\/astideco.com\/blog\/wp-content\/uploads\/2018\/05\/bamco-baul-de-madera-1200x1580.jpeg\" data-orig-src=\"https:\/\/astideco.com\/blog\/wp-content\/uploads\/2018\/05\/bamco-baul-de-madera-1200x1580.jpeg\" alt=\"ideas para decorar la terraza\" width=\"1200\" height=\"1580\" srcset=\"data:image\/svg+xml,%3Csvg%20xmlns%3D%27http%3A%2F%2Fwww.w3.org%2F2000%2Fsvg%27%20width%3D%271200%27%20height%3D%271580%27%20viewBox%3D%270%200%201200%201580%27%3E%3Crect%20width%3D%271200%27%20height%3D%271580%27%20fill-opacity%3D%220%22%2F%3E%3C%2Fsvg%3E\" data-srcset=\"https:\/\/astideco.com\/blog\/wp-content\/uploads\/2018\/05\/bamco-baul-de-madera-200x263.jpeg 200w, https:\/\/astideco.com\/blog\/wp-content\/uploads\/2018\/05\/bamco-baul-de-madera-228x300.jpeg 228w, https:\/\/astideco.com\/blog\/wp-content\/uploads\/2018\/05\/bamco-baul-de-madera-400x527.jpeg 400w, https:\/\/astideco.com\/blog\/wp-content\/uploads\/2018\/05\/bamco-baul-de-madera-600x790.jpeg 600w, https:\/\/astideco.com\/blog\/wp-content\/uploads\/2018\/05\/bamco-baul-de-madera-768x1011.jpeg 768w, https:\/\/astideco.com\/blog\/wp-content\/uploads\/2018\/05\/bamco-baul-de-madera-778x1024.jpeg 778w, https:\/\/astideco.com\/blog\/wp-content\/uploads\/2018\/05\/bamco-baul-de-madera-800x1054.jpeg 800w, https:\/\/astideco.com\/blog\/wp-content\/uploads\/2018\/05\/bamco-baul-de-madera-1166x1536.jpeg 1166w, https:\/\/astideco.com\/blog\/wp-content\/uploads\/2018\/05\/bamco-baul-de-madera-1200x1580.jpeg 1200w, https:\/\/astideco.com\/blog\/wp-content\/uploads\/2018\/05\/bamco-baul-de-madera-1555x2048.jpeg 1555w\" data-sizes=\"auto\" data-orig-sizes=\"(max-width: 1200px) 100vw, 1200px\" \/><p id=\"caption-attachment-3407\" class=\"wp-caption-text\">@mumaoi<\/p><\/div>\n<h2><span>Un armario o los que te entren<\/span><\/h2>\n<p><span>Son un imprescindible en el almacenaje ya que te van a ayudar a mantener el orden a raya y que el balc\u00f3n o la terraza no se convierta en un caj\u00f3n desastre donde va a parar todo lo que que no se sabe d\u00f3nde guardar. Con un <a href=\"https:\/\/astideco.com\/es\/muebles-de-almacenaje\"><strong>armario cerrado<\/strong><\/a> (precio: desde 52,10\u20ac) podr\u00e1s ganar una gran capacidad para guardar proteger todo tipo de textiles, cuberter\u00eda y accesorios que necesites para disfrutar de tu exterior.<\/span><\/p>\n<div id=\"attachment_3408\" style=\"width: 1210px\" class=\"wp-caption aligncenter\"><img decoding=\"async\" aria-describedby=\"caption-attachment-3408\" class=\"lazyload wp-image-3408 size-fusion-1200\" src=\"https:\/\/astideco.com\/blog\/wp-content\/uploads\/2018\/05\/decorar-balcon-pequeno-con-mueble-de-almacenaje-de-madera-1200x1746.jpeg\" data-orig-src=\"https:\/\/astideco.com\/blog\/wp-content\/uploads\/2018\/05\/decorar-balcon-pequeno-con-mueble-de-almacenaje-de-madera-1200x1746.jpeg\" alt=\"armarios de almacenaje Dinamic\" width=\"1200\" height=\"1746\" srcset=\"data:image\/svg+xml,%3Csvg%20xmlns%3D%27http%3A%2F%2Fwww.w3.org%2F2000%2Fsvg%27%20width%3D%271200%27%20height%3D%271746%27%20viewBox%3D%270%200%201200%201746%27%3E%3Crect%20width%3D%271200%27%20height%3D%271746%27%20fill-opacity%3D%220%22%2F%3E%3C%2Fsvg%3E\" data-srcset=\"https:\/\/astideco.com\/blog\/wp-content\/uploads\/2018\/05\/decorar-balcon-pequeno-con-mueble-de-almacenaje-de-madera-200x291.jpeg 200w, https:\/\/astideco.com\/blog\/wp-content\/uploads\/2018\/05\/decorar-balcon-pequeno-con-mueble-de-almacenaje-de-madera-206x300.jpeg 206w, https:\/\/astideco.com\/blog\/wp-content\/uploads\/2018\/05\/decorar-balcon-pequeno-con-mueble-de-almacenaje-de-madera-400x582.jpeg 400w, https:\/\/astideco.com\/blog\/wp-content\/uploads\/2018\/05\/decorar-balcon-pequeno-con-mueble-de-almacenaje-de-madera-600x873.jpeg 600w, https:\/\/astideco.com\/blog\/wp-content\/uploads\/2018\/05\/decorar-balcon-pequeno-con-mueble-de-almacenaje-de-madera-704x1024.jpeg 704w, https:\/\/astideco.com\/blog\/wp-content\/uploads\/2018\/05\/decorar-balcon-pequeno-con-mueble-de-almacenaje-de-madera-768x1117.jpeg 768w, https:\/\/astideco.com\/blog\/wp-content\/uploads\/2018\/05\/decorar-balcon-pequeno-con-mueble-de-almacenaje-de-madera-800x1164.jpeg 800w, https:\/\/astideco.com\/blog\/wp-content\/uploads\/2018\/05\/decorar-balcon-pequeno-con-mueble-de-almacenaje-de-madera-1056x1536.jpeg 1056w, https:\/\/astideco.com\/blog\/wp-content\/uploads\/2018\/05\/decorar-balcon-pequeno-con-mueble-de-almacenaje-de-madera-1200x1746.jpeg 1200w, https:\/\/astideco.com\/blog\/wp-content\/uploads\/2018\/05\/decorar-balcon-pequeno-con-mueble-de-almacenaje-de-madera-1408x2048.jpeg 1408w, https:\/\/astideco.com\/blog\/wp-content\/uploads\/2018\/05\/decorar-balcon-pequeno-con-mueble-de-almacenaje-de-madera-scaled.jpeg 1760w\" data-sizes=\"auto\" data-orig-sizes=\"(max-width: 1200px) 100vw, 1200px\" \/><p id=\"caption-attachment-3408\" class=\"wp-caption-text\">@decomamichic<\/p><\/div>\n<h2><span>Decorar con plantas<\/span><\/h2>\n<p><span>En tu oasis al aire libre no puede faltar verde. Si quieres una idea para decorar con plantas y darle un toque de naturaleza a tu terraza apuesta por las <a href=\"https:\/\/astideco.com\/es\/estanterias-modulares\"><strong>estanter\u00edas modulares de cubo<\/strong><\/a> (precio: desde 20,30\u20ac) o una <a href=\"https:\/\/astideco.com\/es\/estanterias-librerias\"><strong>estanter\u00eda m\u00e1s cl\u00e1sica tipo librer\u00eda<\/strong><\/a> (precio: desde 49,50\u20ac) y exp\u00f3n toda tu colecci\u00f3n de plantas o cactus como ha hacho @lacasitadecactus.<\/span><\/p>\n<p>&nbsp;<\/p>\n<p><img decoding=\"async\" class=\"lazyload aligncenter wp-image-3409 size-fusion-1200\" src=\"https:\/\/astideco.com\/blog\/wp-content\/uploads\/2018\/05\/estanteria-de-madera-maciza-Gala-1200x1500.jpg\" data-orig-src=\"https:\/\/astideco.com\/blog\/wp-content\/uploads\/2018\/05\/estanteria-de-madera-maciza-Gala-1200x1500.jpg\" alt=\"\" width=\"1200\" height=\"1500\" srcset=\"data:image\/svg+xml,%3Csvg%20xmlns%3D%27http%3A%2F%2Fwww.w3.org%2F2000%2Fsvg%27%20width%3D%271200%27%20height%3D%271500%27%20viewBox%3D%270%200%201200%201500%27%3E%3Crect%20width%3D%271200%27%20height%3D%271500%27%20fill-opacity%3D%220%22%2F%3E%3C%2Fsvg%3E\" data-srcset=\"https:\/\/astideco.com\/blog\/wp-content\/uploads\/2018\/05\/estanteria-de-madera-maciza-Gala-200x250.jpg 200w, https:\/\/astideco.com\/blog\/wp-content\/uploads\/2018\/05\/estanteria-de-madera-maciza-Gala-240x300.jpg 240w, https:\/\/astideco.com\/blog\/wp-content\/uploads\/2018\/05\/estanteria-de-madera-maciza-Gala-400x500.jpg 400w, https:\/\/astideco.com\/blog\/wp-content\/uploads\/2018\/05\/estanteria-de-madera-maciza-Gala-600x750.jpg 600w, https:\/\/astideco.com\/blog\/wp-content\/uploads\/2018\/05\/estanteria-de-madera-maciza-Gala-768x960.jpg 768w, https:\/\/astideco.com\/blog\/wp-content\/uploads\/2018\/05\/estanteria-de-madera-maciza-Gala-800x1000.jpg 800w, https:\/\/astideco.com\/blog\/wp-content\/uploads\/2018\/05\/estanteria-de-madera-maciza-Gala-819x1024.jpg 819w, https:\/\/astideco.com\/blog\/wp-content\/uploads\/2018\/05\/estanteria-de-madera-maciza-Gala-1200x1500.jpg 1200w, https:\/\/astideco.com\/blog\/wp-content\/uploads\/2018\/05\/estanteria-de-madera-maciza-Gala-1229x1536.jpg 1229w, https:\/\/astideco.com\/blog\/wp-content\/uploads\/2018\/05\/estanteria-de-madera-maciza-Gala.jpg 1440w\" data-sizes=\"auto\" data-orig-sizes=\"(max-width: 1200px) 100vw, 1200px\" \/><\/p>\n<p><span>Pero si tu terraza es XS o dispones de un balc\u00f3n peque\u00f1ito, es tan sencillo como aprovechar al m\u00e1ximo las paredes, \u00bfC\u00f3mo? Con nuestro <a href=\"https:\/\/astideco.com\/es\/panel-organizador\"><strong>organizador mural Tetris<\/strong><\/a>. Al tratarse de un sistema de almacenaje vertical te permite aprovechar al m\u00e1ximo el espacio sin necesidad de restarle metros al suelo. Una soluci\u00f3n con la que te convertir\u00e1s en dise\u00f1ador, ya que t\u00fa mismo puedes escoger los accesorios que m\u00e1s te gusten y se adecuen a tus necesidades. Por ejemplo, estantes de diferentes medidas para colocar las macetas o un cubo para guardar una peque\u00f1a regadera. \u00a1Tendr\u00e1s listo tu jard\u00edn vertical en un plis plas!<\/span><\/p>\n<div id=\"attachment_3416\" style=\"width: 1210px\" class=\"wp-caption aligncenter\"><img decoding=\"async\" aria-describedby=\"caption-attachment-3416\" class=\"lazyload wp-image-3416 size-fusion-1200\" src=\"https:\/\/astideco.com\/blog\/wp-content\/uploads\/2021\/05\/IDEAS-PARA-TERRAZA-BALCON-1200x804.jpg\" data-orig-src=\"https:\/\/astideco.com\/blog\/wp-content\/uploads\/2021\/05\/IDEAS-PARA-TERRAZA-BALCON-1200x804.jpg\" alt=\"\" width=\"1200\" height=\"804\" srcset=\"data:image\/svg+xml,%3Csvg%20xmlns%3D%27http%3A%2F%2Fwww.w3.org%2F2000%2Fsvg%27%20width%3D%271200%27%20height%3D%27804%27%20viewBox%3D%270%200%201200%20804%27%3E%3Crect%20width%3D%271200%27%20height%3D%27804%27%20fill-opacity%3D%220%22%2F%3E%3C%2Fsvg%3E\" data-srcset=\"https:\/\/astideco.com\/blog\/wp-content\/uploads\/2021\/05\/IDEAS-PARA-TERRAZA-BALCON-200x134.jpg 200w, https:\/\/astideco.com\/blog\/wp-content\/uploads\/2021\/05\/IDEAS-PARA-TERRAZA-BALCON-300x201.jpg 300w, https:\/\/astideco.com\/blog\/wp-content\/uploads\/2021\/05\/IDEAS-PARA-TERRAZA-BALCON-400x268.jpg 400w, https:\/\/astideco.com\/blog\/wp-content\/uploads\/2021\/05\/IDEAS-PARA-TERRAZA-BALCON-600x402.jpg 600w, https:\/\/astideco.com\/blog\/wp-content\/uploads\/2021\/05\/IDEAS-PARA-TERRAZA-BALCON-768x515.jpg 768w, https:\/\/astideco.com\/blog\/wp-content\/uploads\/2021\/05\/IDEAS-PARA-TERRAZA-BALCON-800x536.jpg 800w, https:\/\/astideco.com\/blog\/wp-content\/uploads\/2021\/05\/IDEAS-PARA-TERRAZA-BALCON-1024x686.jpg 1024w, https:\/\/astideco.com\/blog\/wp-content\/uploads\/2021\/05\/IDEAS-PARA-TERRAZA-BALCON-1200x804.jpg 1200w, https:\/\/astideco.com\/blog\/wp-content\/uploads\/2021\/05\/IDEAS-PARA-TERRAZA-BALCON-1536x1029.jpg 1536w\" data-sizes=\"auto\" data-orig-sizes=\"(max-width: 1200px) 100vw, 1200px\" \/><p id=\"caption-attachment-3416\" class=\"wp-caption-text\">@roser_home_<\/p><\/div>\n<h2><span>Una estanter\u00eda nunca est\u00e1 de m\u00e1s<\/span><\/h2>\n<p><span>Y s\u00ed, somos muy insistentes con el tema del almacenaje pero siempre se convierte en un quebradero de cabeza tanto en el interior de una casa como el exterior. Por eso no nos cansamos de ense\u00f1aros estanter\u00edas y m\u00e1s estanter\u00edas. En este caso, una de la serie Evolution, robusta para guardar cualquier objeto que se te ocurra en una terraza y crear ambientes tan c\u00e1lidos como el de <a href=\"https:\/\/www.instagram.com\/mumaoi\/?hl=es\"><strong>@mumaoi<\/strong><\/a>.<\/span><\/p>\n<div id=\"attachment_3405\" style=\"width: 1210px\" class=\"wp-caption aligncenter\"><img decoding=\"async\" aria-describedby=\"caption-attachment-3405\" class=\"lazyload wp-image-3405\" src=\"https:\/\/astideco.com\/blog\/wp-content\/uploads\/2018\/05\/estanteria-de-madera-maciza-de-pino-Evolution-terraza-249x300.jpg\" data-orig-src=\"https:\/\/astideco.com\/blog\/wp-content\/uploads\/2018\/05\/estanteria-de-madera-maciza-de-pino-Evolution-terraza-249x300.jpg\" alt=\"decorar terraza\" width=\"1200\" height=\"1444\" srcset=\"data:image\/svg+xml,%3Csvg%20xmlns%3D%27http%3A%2F%2Fwww.w3.org%2F2000%2Fsvg%27%20width%3D%271200%27%20height%3D%271444%27%20viewBox%3D%270%200%201200%201444%27%3E%3Crect%20width%3D%271200%27%20height%3D%271444%27%20fill-opacity%3D%220%22%2F%3E%3C%2Fsvg%3E\" data-srcset=\"https:\/\/astideco.com\/blog\/wp-content\/uploads\/2018\/05\/estanteria-de-madera-maciza-de-pino-Evolution-terraza-200x241.jpg 200w, https:\/\/astideco.com\/blog\/wp-content\/uploads\/2018\/05\/estanteria-de-madera-maciza-de-pino-Evolution-terraza-249x300.jpg 249w, https:\/\/astideco.com\/blog\/wp-content\/uploads\/2018\/05\/estanteria-de-madera-maciza-de-pino-Evolution-terraza-400x481.jpg 400w, https:\/\/astideco.com\/blog\/wp-content\/uploads\/2018\/05\/estanteria-de-madera-maciza-de-pino-Evolution-terraza-600x722.jpg 600w, https:\/\/astideco.com\/blog\/wp-content\/uploads\/2018\/05\/estanteria-de-madera-maciza-de-pino-Evolution-terraza-768x924.jpg 768w, https:\/\/astideco.com\/blog\/wp-content\/uploads\/2018\/05\/estanteria-de-madera-maciza-de-pino-Evolution-terraza-800x963.jpg 800w, https:\/\/astideco.com\/blog\/wp-content\/uploads\/2018\/05\/estanteria-de-madera-maciza-de-pino-Evolution-terraza-851x1024.jpg 851w, https:\/\/astideco.com\/blog\/wp-content\/uploads\/2018\/05\/estanteria-de-madera-maciza-de-pino-Evolution-terraza.jpg 1080w\" data-sizes=\"auto\" data-orig-sizes=\"(max-width: 1200px) 100vw, 1200px\" \/><p id=\"caption-attachment-3405\" class=\"wp-caption-text\">@mumaoi<\/p><\/div>\n<p><a href=\"https:\/\/astideco.com\/es\/estanterias-para-despensa\/estanteria-alistonada-de-5-baldas-regulables-evolution\"><strong>Estanter\u00eda de la serie Evolution<\/strong><\/a> de Astigarraga Kit Line<\/p>\n<p><span>\u00a1Acondiciona tu terraza\u00a0 con estos imprescindibles y disfruta del buen tiempo sin salir a la calle!<\/span><\/p>\n<p><i><span>Gracias por dejarnos decorar tu hogar de manera sostenible.<\/span><\/i><\/p>\n","protected":false},"excerpt":{"rendered":"<p>Quien tiene un jard\u00edn, una terraza o un simple balc\u00f3n tiene un tesoro. En tiempos de pandemia hemos sacado chispas hasta los mini oasis exteriores de dos metros cuadrados de una casa. Porque disponer de un espacio al aire libre  [..]<\/p>\n","protected":false},"author":6,"featured_media":3418,"comment_status":"open","ping_status":"open","sticky":false,"template":"","format":"standard","meta":{"footnotes":""},"categories":[15],"tags":[62,60,592,245,590,66,588],"class_list":["post-762","post","type-post","status-publish","format-standard","has-post-thumbnail","hentry","category-producto","tag-astigarraga-kit-line","tag-astikitline","tag-baules","tag-estanterias","tag-ideas-para-decorar-terraza","tag-madera-maciza","tag-mesa-terraza"],"yoast_head":"<!-- This site is optimized with the Yoast SEO plugin v27.0 - https:\/\/yoast.com\/product\/yoast-seo-wordpress\/ -->\n<title>Ideas para decorar tu terraza: \u00a1No importa el tama\u00f1o! - Astiblog<\/title>\n<meta name=\"description\" content=\"Somos unos apasionados de la vida al aire libre. Por eso, hoy queremos mostraros ideas para decorar tu terraza.: \u00a1No importa el tama\u00f1o!\" \/>\n<meta name=\"robots\" content=\"index, follow, max-snippet:-1, max-image-preview:large, max-video-preview:-1\" \/>\n<link rel=\"canonical\" href=\"https:\/\/astideco.com\/blog\/ideas-para-decorar-tu-terraza\/\" \/>\n<meta property=\"og:locale\" content=\"es_ES\" \/>\n<meta property=\"og:type\" content=\"article\" \/>\n<meta property=\"og:title\" content=\"Ideas para decorar tu terraza: \u00a1No importa el tama\u00f1o! - Astiblog\" \/>\n<meta property=\"og:description\" content=\"Somos unos apasionados de la vida al aire libre. Por eso, hoy queremos mostraros ideas para decorar tu terraza.: \u00a1No importa el tama\u00f1o!\" \/>\n<meta property=\"og:url\" content=\"https:\/\/astideco.com\/blog\/ideas-para-decorar-tu-terraza\/\" \/>\n<meta property=\"og:site_name\" content=\"Astiblog\" \/>\n<meta property=\"article:published_time\" content=\"2021-04-30T07:49:22+00:00\" \/>\n<meta property=\"article:modified_time\" content=\"2021-05-06T14:47:39+00:00\" \/>\n<meta property=\"og:image\" content=\"https:\/\/astideco.com\/blog\/wp-content\/uploads\/2021\/05\/dinamic-terraza.jpg\" \/>\n\t<meta property=\"og:image:width\" content=\"640\" \/>\n\t<meta property=\"og:image:height\" content=\"427\" \/>\n\t<meta property=\"og:image:type\" content=\"image\/jpeg\" \/>\n<meta name=\"author\" content=\"Astigarraga Kit Line\" \/>\n<meta name=\"twitter:card\" content=\"summary_large_image\" \/>\n<meta name=\"twitter:label1\" content=\"Escrito por\" \/>\n\t<meta name=\"twitter:data1\" content=\"Astigarraga Kit Line\" \/>\n\t<meta name=\"twitter:label2\" content=\"Tiempo de lectura\" \/>\n\t<meta name=\"twitter:data2\" content=\"4 minutos\" \/>\n<script type=\"application\/ld+json\" class=\"yoast-schema-graph\">{\"@context\":\"https:\/\/schema.org\",\"@graph\":[{\"@type\":\"Article\",\"@id\":\"https:\/\/astideco.com\/blog\/ideas-para-decorar-tu-terraza\/#article\",\"isPartOf\":{\"@id\":\"https:\/\/astideco.com\/blog\/ideas-para-decorar-tu-terraza\/\"},\"author\":{\"name\":\"Astigarraga Kit Line\",\"@id\":\"https:\/\/astideco.com\/blog\/#\/schema\/person\/13fd236103c4c231352fb09b2b7ac5cf\"},\"headline\":\"Ideas para decorar tu terraza: \u00a1No importa el tama\u00f1o!\",\"datePublished\":\"2021-04-30T07:49:22+00:00\",\"dateModified\":\"2021-05-06T14:47:39+00:00\",\"mainEntityOfPage\":{\"@id\":\"https:\/\/astideco.com\/blog\/ideas-para-decorar-tu-terraza\/\"},\"wordCount\":859,\"commentCount\":0,\"image\":{\"@id\":\"https:\/\/astideco.com\/blog\/ideas-para-decorar-tu-terraza\/#primaryimage\"},\"thumbnailUrl\":\"https:\/\/astideco.com\/blog\/wp-content\/uploads\/2021\/05\/dinamic-terraza.jpg\",\"keywords\":[\"astigarraga kit line\",\"astikitline\",\"ba\u00fales\",\"estanter\u00edas\",\"ideas para decorar terraza\",\"madera maciza\",\"mesa terraza\"],\"articleSection\":[\"Producto\"],\"inLanguage\":\"es\",\"potentialAction\":[{\"@type\":\"CommentAction\",\"name\":\"Comment\",\"target\":[\"https:\/\/astideco.com\/blog\/ideas-para-decorar-tu-terraza\/#respond\"]}]},{\"@type\":\"WebPage\",\"@id\":\"https:\/\/astideco.com\/blog\/ideas-para-decorar-tu-terraza\/\",\"url\":\"https:\/\/astideco.com\/blog\/ideas-para-decorar-tu-terraza\/\",\"name\":\"Ideas para decorar tu terraza: \u00a1No importa el tama\u00f1o! - Astiblog\",\"isPartOf\":{\"@id\":\"https:\/\/astideco.com\/blog\/#website\"},\"primaryImageOfPage\":{\"@id\":\"https:\/\/astideco.com\/blog\/ideas-para-decorar-tu-terraza\/#primaryimage\"},\"image\":{\"@id\":\"https:\/\/astideco.com\/blog\/ideas-para-decorar-tu-terraza\/#primaryimage\"},\"thumbnailUrl\":\"https:\/\/astideco.com\/blog\/wp-content\/uploads\/2021\/05\/dinamic-terraza.jpg\",\"datePublished\":\"2021-04-30T07:49:22+00:00\",\"dateModified\":\"2021-05-06T14:47:39+00:00\",\"author\":{\"@id\":\"https:\/\/astideco.com\/blog\/#\/schema\/person\/13fd236103c4c231352fb09b2b7ac5cf\"},\"description\":\"Somos unos apasionados de la vida al aire libre. Por eso, hoy queremos mostraros ideas para decorar tu terraza.: \u00a1No importa el tama\u00f1o!\",\"breadcrumb\":{\"@id\":\"https:\/\/astideco.com\/blog\/ideas-para-decorar-tu-terraza\/#breadcrumb\"},\"inLanguage\":\"es\",\"potentialAction\":[{\"@type\":\"ReadAction\",\"target\":[\"https:\/\/astideco.com\/blog\/ideas-para-decorar-tu-terraza\/\"]}]},{\"@type\":\"ImageObject\",\"inLanguage\":\"es\",\"@id\":\"https:\/\/astideco.com\/blog\/ideas-para-decorar-tu-terraza\/#primaryimage\",\"url\":\"https:\/\/astideco.com\/blog\/wp-content\/uploads\/2021\/05\/dinamic-terraza.jpg\",\"contentUrl\":\"https:\/\/astideco.com\/blog\/wp-content\/uploads\/2021\/05\/dinamic-terraza.jpg\",\"width\":640,\"height\":427},{\"@type\":\"BreadcrumbList\",\"@id\":\"https:\/\/astideco.com\/blog\/ideas-para-decorar-tu-terraza\/#breadcrumb\",\"itemListElement\":[{\"@type\":\"ListItem\",\"position\":1,\"name\":\"Portada\",\"item\":\"https:\/\/astideco.com\/blog\/\"},{\"@type\":\"ListItem\",\"position\":2,\"name\":\"Ideas para decorar tu terraza: \u00a1No importa el tama\u00f1o!\"}]},{\"@type\":\"WebSite\",\"@id\":\"https:\/\/astideco.com\/blog\/#website\",\"url\":\"https:\/\/astideco.com\/blog\/\",\"name\":\"Astiblog\",\"description\":\"Blog de Astideco.com\",\"potentialAction\":[{\"@type\":\"SearchAction\",\"target\":{\"@type\":\"EntryPoint\",\"urlTemplate\":\"https:\/\/astideco.com\/blog\/?s={search_term_string}\"},\"query-input\":{\"@type\":\"PropertyValueSpecification\",\"valueRequired\":true,\"valueName\":\"search_term_string\"}}],\"inLanguage\":\"es\"},{\"@type\":\"Person\",\"@id\":\"https:\/\/astideco.com\/blog\/#\/schema\/person\/13fd236103c4c231352fb09b2b7ac5cf\",\"name\":\"Astigarraga Kit Line\"}]}<\/script>\n<!-- \/ Yoast SEO plugin. -->","yoast_head_json":{"title":"Ideas para decorar tu terraza: \u00a1No importa el tama\u00f1o! - Astiblog","description":"Somos unos apasionados de la vida al aire libre. Por eso, hoy queremos mostraros ideas para decorar tu terraza.: \u00a1No importa el tama\u00f1o!","robots":{"index":"index","follow":"follow","max-snippet":"max-snippet:-1","max-image-preview":"max-image-preview:large","max-video-preview":"max-video-preview:-1"},"canonical":"https:\/\/astideco.com\/blog\/ideas-para-decorar-tu-terraza\/","og_locale":"es_ES","og_type":"article","og_title":"Ideas para decorar tu terraza: \u00a1No importa el tama\u00f1o! - Astiblog","og_description":"Somos unos apasionados de la vida al aire libre. Por eso, hoy queremos mostraros ideas para decorar tu terraza.: \u00a1No importa el tama\u00f1o!","og_url":"https:\/\/astideco.com\/blog\/ideas-para-decorar-tu-terraza\/","og_site_name":"Astiblog","article_published_time":"2021-04-30T07:49:22+00:00","article_modified_time":"2021-05-06T14:47:39+00:00","og_image":[{"width":640,"height":427,"url":"https:\/\/astideco.com\/blog\/wp-content\/uploads\/2021\/05\/dinamic-terraza.jpg","type":"image\/jpeg"}],"author":"Astigarraga Kit Line","twitter_card":"summary_large_image","twitter_misc":{"Escrito por":"Astigarraga Kit Line","Tiempo de lectura":"4 minutos"},"schema":{"@context":"https:\/\/schema.org","@graph":[{"@type":"Article","@id":"https:\/\/astideco.com\/blog\/ideas-para-decorar-tu-terraza\/#article","isPartOf":{"@id":"https:\/\/astideco.com\/blog\/ideas-para-decorar-tu-terraza\/"},"author":{"name":"Astigarraga Kit Line","@id":"https:\/\/astideco.com\/blog\/#\/schema\/person\/13fd236103c4c231352fb09b2b7ac5cf"},"headline":"Ideas para decorar tu terraza: \u00a1No importa el tama\u00f1o!","datePublished":"2021-04-30T07:49:22+00:00","dateModified":"2021-05-06T14:47:39+00:00","mainEntityOfPage":{"@id":"https:\/\/astideco.com\/blog\/ideas-para-decorar-tu-terraza\/"},"wordCount":859,"commentCount":0,"image":{"@id":"https:\/\/astideco.com\/blog\/ideas-para-decorar-tu-terraza\/#primaryimage"},"thumbnailUrl":"https:\/\/astideco.com\/blog\/wp-content\/uploads\/2021\/05\/dinamic-terraza.jpg","keywords":["astigarraga kit line","astikitline","ba\u00fales","estanter\u00edas","ideas para decorar terraza","madera maciza","mesa terraza"],"articleSection":["Producto"],"inLanguage":"es","potentialAction":[{"@type":"CommentAction","name":"Comment","target":["https:\/\/astideco.com\/blog\/ideas-para-decorar-tu-terraza\/#respond"]}]},{"@type":"WebPage","@id":"https:\/\/astideco.com\/blog\/ideas-para-decorar-tu-terraza\/","url":"https:\/\/astideco.com\/blog\/ideas-para-decorar-tu-terraza\/","name":"Ideas para decorar tu terraza: \u00a1No importa el tama\u00f1o! - Astiblog","isPartOf":{"@id":"https:\/\/astideco.com\/blog\/#website"},"primaryImageOfPage":{"@id":"https:\/\/astideco.com\/blog\/ideas-para-decorar-tu-terraza\/#primaryimage"},"image":{"@id":"https:\/\/astideco.com\/blog\/ideas-para-decorar-tu-terraza\/#primaryimage"},"thumbnailUrl":"https:\/\/astideco.com\/blog\/wp-content\/uploads\/2021\/05\/dinamic-terraza.jpg","datePublished":"2021-04-30T07:49:22+00:00","dateModified":"2021-05-06T14:47:39+00:00","author":{"@id":"https:\/\/astideco.com\/blog\/#\/schema\/person\/13fd236103c4c231352fb09b2b7ac5cf"},"description":"Somos unos apasionados de la vida al aire libre. Por eso, hoy queremos mostraros ideas para decorar tu terraza.: \u00a1No importa el tama\u00f1o!","breadcrumb":{"@id":"https:\/\/astideco.com\/blog\/ideas-para-decorar-tu-terraza\/#breadcrumb"},"inLanguage":"es","potentialAction":[{"@type":"ReadAction","target":["https:\/\/astideco.com\/blog\/ideas-para-decorar-tu-terraza\/"]}]},{"@type":"ImageObject","inLanguage":"es","@id":"https:\/\/astideco.com\/blog\/ideas-para-decorar-tu-terraza\/#primaryimage","url":"https:\/\/astideco.com\/blog\/wp-content\/uploads\/2021\/05\/dinamic-terraza.jpg","contentUrl":"https:\/\/astideco.com\/blog\/wp-content\/uploads\/2021\/05\/dinamic-terraza.jpg","width":640,"height":427},{"@type":"BreadcrumbList","@id":"https:\/\/astideco.com\/blog\/ideas-para-decorar-tu-terraza\/#breadcrumb","itemListElement":[{"@type":"ListItem","position":1,"name":"Portada","item":"https:\/\/astideco.com\/blog\/"},{"@type":"ListItem","position":2,"name":"Ideas para decorar tu terraza: \u00a1No importa el tama\u00f1o!"}]},{"@type":"WebSite","@id":"https:\/\/astideco.com\/blog\/#website","url":"https:\/\/astideco.com\/blog\/","name":"Astiblog","description":"Blog de Astideco.com","potentialAction":[{"@type":"SearchAction","target":{"@type":"EntryPoint","urlTemplate":"https:\/\/astideco.com\/blog\/?s={search_term_string}"},"query-input":{"@type":"PropertyValueSpecification","valueRequired":true,"valueName":"search_term_string"}}],"inLanguage":"es"},{"@type":"Person","@id":"https:\/\/astideco.com\/blog\/#\/schema\/person\/13fd236103c4c231352fb09b2b7ac5cf","name":"Astigarraga Kit Line"}]}},"_links":{"self":[{"href":"https:\/\/astideco.com\/blog\/wp-json\/wp\/v2\/posts\/762","targetHints":{"allow":["GET"]}}],"collection":[{"href":"https:\/\/astideco.com\/blog\/wp-json\/wp\/v2\/posts"}],"about":[{"href":"https:\/\/astideco.com\/blog\/wp-json\/wp\/v2\/types\/post"}],"author":[{"embeddable":true,"href":"https:\/\/astideco.com\/blog\/wp-json\/wp\/v2\/users\/6"}],"replies":[{"embeddable":true,"href":"https:\/\/astideco.com\/blog\/wp-json\/wp\/v2\/comments?post=762"}],"version-history":[{"count":7,"href":"https:\/\/astideco.com\/blog\/wp-json\/wp\/v2\/posts\/762\/revisions"}],"predecessor-version":[{"id":3419,"href":"https:\/\/astideco.com\/blog\/wp-json\/wp\/v2\/posts\/762\/revisions\/3419"}],"wp:featuredmedia":[{"embeddable":true,"href":"https:\/\/astideco.com\/blog\/wp-json\/wp\/v2\/media\/3418"}],"wp:attachment":[{"href":"https:\/\/astideco.com\/blog\/wp-json\/wp\/v2\/media?parent=762"}],"wp:term":[{"taxonomy":"category","embeddable":true,"href":"https:\/\/astideco.com\/blog\/wp-json\/wp\/v2\/categories?post=762"},{"taxonomy":"post_tag","embeddable":true,"href":"https:\/\/astideco.com\/blog\/wp-json\/wp\/v2\/tags?post=762"}],"curies":[{"name":"wp","href":"https:\/\/api.w.org\/{rel}","templated":true}]}}