{"id":6665,"date":"2026-04-29T09:45:27","date_gmt":"2026-04-29T09:45:27","guid":{"rendered":"https:\/\/astideco.com\/blog\/?p=6665"},"modified":"2026-04-29T09:45:27","modified_gmt":"2026-04-29T09:45:27","slug":"muebles-madera-maciza-ventajas","status":"publish","type":"post","link":"https:\/\/astideco.com\/blog\/muebles-madera-maciza-ventajas\/","title":{"rendered":"\u00bfPor qu\u00e9 elegir muebles de madera maciza para tu hogar?"},"content":{"rendered":"<p>Elegir los muebles adecuados va mucho m\u00e1s all\u00e1 de la est\u00e9tica. Es pensar en c\u00f3mo acompa\u00f1ar\u00e1n tu d\u00eda a d\u00eda, en su resistencia al paso del tiempo y en el impacto que tienen en el entorno. Aqu\u00ed es donde los muebles de madera maciza marcan la diferencia ya que destacan por su car\u00e1cter aut\u00e9ntico, su calidez y la sensaci\u00f3n de hogar que aportan.<\/p>\n<p>Hoy te contamos qu\u00e9 los hace tan especiales y por qu\u00e9 siguen siendo una elecci\u00f3n que nunca pasa de moda, adem\u00e1s de lo que los diferencia de otras opciones.<\/p>\n<h2><strong>Durabilidad y resistencia a largo plazo<\/strong><\/h2>\n<p>Cuando eliges muebles para tu hogar, buscas algo que no solo encaje hoy, sino que siga funcionando igual de bien con el paso del tiempo. La madera maciza responde a esa necesidad, ofreciendo una solidez y una tranquilidad que se notan en el uso diario.<\/p>\n<p><img decoding=\"async\" class=\"lazyload alignnone wp-image-6670 size-fusion-1200\" src=\"https:\/\/astideco.com\/blog\/wp-content\/uploads\/2026\/04\/muebles_modulares_madera_astigarraga_kit_line-1200x801.jpg\" data-orig-src=\"https:\/\/astideco.com\/blog\/wp-content\/uploads\/2026\/04\/muebles_modulares_madera_astigarraga_kit_line-1200x801.jpg\" alt=\"\" width=\"1200\" height=\"801\" srcset=\"data:image\/svg+xml,%3Csvg%20xmlns%3D%27http%3A%2F%2Fwww.w3.org%2F2000%2Fsvg%27%20width%3D%271200%27%20height%3D%27801%27%20viewBox%3D%270%200%201200%20801%27%3E%3Crect%20width%3D%271200%27%20height%3D%27801%27%20fill-opacity%3D%220%22%2F%3E%3C%2Fsvg%3E\" data-srcset=\"https:\/\/astideco.com\/blog\/wp-content\/uploads\/2026\/04\/muebles_modulares_madera_astigarraga_kit_line-200x134.jpg 200w, https:\/\/astideco.com\/blog\/wp-content\/uploads\/2026\/04\/muebles_modulares_madera_astigarraga_kit_line-300x200.jpg 300w, https:\/\/astideco.com\/blog\/wp-content\/uploads\/2026\/04\/muebles_modulares_madera_astigarraga_kit_line-400x267.jpg 400w, https:\/\/astideco.com\/blog\/wp-content\/uploads\/2026\/04\/muebles_modulares_madera_astigarraga_kit_line-600x401.jpg 600w, https:\/\/astideco.com\/blog\/wp-content\/uploads\/2026\/04\/muebles_modulares_madera_astigarraga_kit_line-768x513.jpg 768w, https:\/\/astideco.com\/blog\/wp-content\/uploads\/2026\/04\/muebles_modulares_madera_astigarraga_kit_line-800x534.jpg 800w, https:\/\/astideco.com\/blog\/wp-content\/uploads\/2026\/04\/muebles_modulares_madera_astigarraga_kit_line-1024x684.jpg 1024w, https:\/\/astideco.com\/blog\/wp-content\/uploads\/2026\/04\/muebles_modulares_madera_astigarraga_kit_line-1200x801.jpg 1200w, https:\/\/astideco.com\/blog\/wp-content\/uploads\/2026\/04\/muebles_modulares_madera_astigarraga_kit_line-1536x1026.jpg 1536w\" data-sizes=\"auto\" data-orig-sizes=\"(max-width: 1200px) 100vw, 1200px\" \/><\/p>\n<h3><strong>Muebles sostenibles de madera maciza para el d\u00eda a d\u00eda<\/strong><\/h3>\n<p>La madera maciza se caracteriza por su <strong>alta resistencia<\/strong>. A diferencia de otros materiales, soporta mejor el uso diario, el peso y el paso del tiempo. Esto se traduce en muebles que no necesitan reemplazarse con frecuencia.<\/p>\n<p>Adem\u00e1s, <strong>su mantenimiento es sencillo<\/strong>. Con cuidados b\u00e1sicos, como limpieza regular y evitar la humedad excesiva, se conserva en buen estado durante a\u00f1os. Incluso en caso de desgaste, la madera maciza permite reparaciones o lijados que alargan su vida \u00fatil.<\/p>\n<p><img decoding=\"async\" class=\"lazyload alignnone wp-image-6671 size-fusion-1200\" src=\"https:\/\/astideco.com\/blog\/wp-content\/uploads\/2026\/04\/ecritorios_madera_cristal_ancora-1200x800.jpg\" data-orig-src=\"https:\/\/astideco.com\/blog\/wp-content\/uploads\/2026\/04\/ecritorios_madera_cristal_ancora-1200x800.jpg\" alt=\"\" width=\"1200\" height=\"800\" srcset=\"data:image\/svg+xml,%3Csvg%20xmlns%3D%27http%3A%2F%2Fwww.w3.org%2F2000%2Fsvg%27%20width%3D%271200%27%20height%3D%27800%27%20viewBox%3D%270%200%201200%20800%27%3E%3Crect%20width%3D%271200%27%20height%3D%27800%27%20fill-opacity%3D%220%22%2F%3E%3C%2Fsvg%3E\" data-srcset=\"https:\/\/astideco.com\/blog\/wp-content\/uploads\/2026\/04\/ecritorios_madera_cristal_ancora-200x133.jpg 200w, https:\/\/astideco.com\/blog\/wp-content\/uploads\/2026\/04\/ecritorios_madera_cristal_ancora-300x200.jpg 300w, https:\/\/astideco.com\/blog\/wp-content\/uploads\/2026\/04\/ecritorios_madera_cristal_ancora-400x267.jpg 400w, https:\/\/astideco.com\/blog\/wp-content\/uploads\/2026\/04\/ecritorios_madera_cristal_ancora-600x400.jpg 600w, https:\/\/astideco.com\/blog\/wp-content\/uploads\/2026\/04\/ecritorios_madera_cristal_ancora-768x512.jpg 768w, https:\/\/astideco.com\/blog\/wp-content\/uploads\/2026\/04\/ecritorios_madera_cristal_ancora-800x533.jpg 800w, https:\/\/astideco.com\/blog\/wp-content\/uploads\/2026\/04\/ecritorios_madera_cristal_ancora-1024x683.jpg 1024w, https:\/\/astideco.com\/blog\/wp-content\/uploads\/2026\/04\/ecritorios_madera_cristal_ancora-1200x800.jpg 1200w, https:\/\/astideco.com\/blog\/wp-content\/uploads\/2026\/04\/ecritorios_madera_cristal_ancora-1536x1024.jpg 1536w\" data-sizes=\"auto\" data-orig-sizes=\"(max-width: 1200px) 100vw, 1200px\" \/><\/p>\n<h2><strong>Material natural y sostenible<\/strong><\/h2>\n<p>La sostenibilidad es un aspecto clave en la elecci\u00f3n de mobiliario. La madera maciza, cuando proviene de fuentes responsables, es una de las opciones m\u00e1s respetuosas con el entorno. En Astigarraga Kit Line, nuestros muebles de madera maciza cuentan con los sellos PEFC y Ecolabel.<\/p>\n<h3><strong>Certificaci\u00f3n PEFC: gesti\u00f3n forestal responsable<\/strong><\/h3>\n<p>El <span style=\"color: #000000;\"><strong><a style=\"color: #000000;\" href=\"https:\/\/www.pefc.es\/\" target=\"_blank\" rel=\"noopener\">certificado PEFC<\/a><\/strong><\/span> garantiza que la madera utilizada procede de <strong>bosques gestionados de forma sostenible<\/strong>. Esto implica que se respeta el equilibrio natural, se controla la tala y se asegura la regeneraci\u00f3n forestal. En nuestro caso, la madera procede de bosques de Gipuzkoa y Bizkaia.<\/p>\n<p>Elegir muebles con esta certificaci\u00f3n contribuye a la conservaci\u00f3n de los bosques y fomenta pr\u00e1cticas responsables en la industria.<\/p>\n<p><img decoding=\"async\" class=\"lazyload alignnone wp-image-6672 size-fusion-1200\" src=\"https:\/\/astideco.com\/blog\/wp-content\/uploads\/2026\/04\/botelleros-madera-rioja-1200x801.jpg\" data-orig-src=\"https:\/\/astideco.com\/blog\/wp-content\/uploads\/2026\/04\/botelleros-madera-rioja-1200x801.jpg\" alt=\"\" width=\"1200\" height=\"801\" srcset=\"data:image\/svg+xml,%3Csvg%20xmlns%3D%27http%3A%2F%2Fwww.w3.org%2F2000%2Fsvg%27%20width%3D%271200%27%20height%3D%27801%27%20viewBox%3D%270%200%201200%20801%27%3E%3Crect%20width%3D%271200%27%20height%3D%27801%27%20fill-opacity%3D%220%22%2F%3E%3C%2Fsvg%3E\" data-srcset=\"https:\/\/astideco.com\/blog\/wp-content\/uploads\/2026\/04\/botelleros-madera-rioja-200x134.jpg 200w, https:\/\/astideco.com\/blog\/wp-content\/uploads\/2026\/04\/botelleros-madera-rioja-300x200.jpg 300w, https:\/\/astideco.com\/blog\/wp-content\/uploads\/2026\/04\/botelleros-madera-rioja-400x267.jpg 400w, https:\/\/astideco.com\/blog\/wp-content\/uploads\/2026\/04\/botelleros-madera-rioja-600x401.jpg 600w, https:\/\/astideco.com\/blog\/wp-content\/uploads\/2026\/04\/botelleros-madera-rioja-768x513.jpg 768w, https:\/\/astideco.com\/blog\/wp-content\/uploads\/2026\/04\/botelleros-madera-rioja-800x534.jpg 800w, https:\/\/astideco.com\/blog\/wp-content\/uploads\/2026\/04\/botelleros-madera-rioja-1024x684.jpg 1024w, https:\/\/astideco.com\/blog\/wp-content\/uploads\/2026\/04\/botelleros-madera-rioja-1200x801.jpg 1200w, https:\/\/astideco.com\/blog\/wp-content\/uploads\/2026\/04\/botelleros-madera-rioja-1536x1025.jpg 1536w\" data-sizes=\"auto\" data-orig-sizes=\"(max-width: 1200px) 100vw, 1200px\" \/><\/p>\n<p>&nbsp;<\/p>\n<h3><strong>Certificado Ecolabel: garant\u00eda ecol\u00f3gica europea<\/strong><\/h3>\n<p>El <a href=\"https:\/\/environment.ec.europa.eu\/topics\/circular-economy-topics\/eu-ecolabel_en?prefLang=es\" target=\"_blank\" rel=\"noopener\"><span style=\"color: #000000;\"><strong>certificado Ecolabel de la Uni\u00f3n Europea<\/strong><\/span><\/a> asegura que el producto <strong>cumple con estrictos criterios ambientales<\/strong> a lo largo de todo su ciclo de vida. Desde la obtenci\u00f3n de la madera hasta la fabricaci\u00f3n, distribuci\u00f3n y reciclaje.<\/p>\n<p>Esto significa que los muebles no solo son s<strong>ostenibles en origen<\/strong>, sino tambi\u00e9n <strong>en su proceso de producci\u00f3n<\/strong>, reduciendo el impacto ambiental global. En Astigarraga Kit Line, controlamos toda la cadena de fabricaci\u00f3n, desde el inicio hasta que el mueble llega a tu casa.<\/p>\n<p><img decoding=\"async\" class=\"lazyload alignnone wp-image-6668 size-fusion-1200\" src=\"https:\/\/astideco.com\/blog\/wp-content\/uploads\/2026\/04\/N6A0775-1200x800.jpg\" data-orig-src=\"https:\/\/astideco.com\/blog\/wp-content\/uploads\/2026\/04\/N6A0775-1200x800.jpg\" alt=\"\" width=\"1200\" height=\"800\" srcset=\"data:image\/svg+xml,%3Csvg%20xmlns%3D%27http%3A%2F%2Fwww.w3.org%2F2000%2Fsvg%27%20width%3D%271200%27%20height%3D%27800%27%20viewBox%3D%270%200%201200%20800%27%3E%3Crect%20width%3D%271200%27%20height%3D%27800%27%20fill-opacity%3D%220%22%2F%3E%3C%2Fsvg%3E\" data-srcset=\"https:\/\/astideco.com\/blog\/wp-content\/uploads\/2026\/04\/N6A0775-200x133.jpg 200w, https:\/\/astideco.com\/blog\/wp-content\/uploads\/2026\/04\/N6A0775-300x200.jpg 300w, https:\/\/astideco.com\/blog\/wp-content\/uploads\/2026\/04\/N6A0775-400x267.jpg 400w, https:\/\/astideco.com\/blog\/wp-content\/uploads\/2026\/04\/N6A0775-600x400.jpg 600w, https:\/\/astideco.com\/blog\/wp-content\/uploads\/2026\/04\/N6A0775-768x512.jpg 768w, https:\/\/astideco.com\/blog\/wp-content\/uploads\/2026\/04\/N6A0775-800x533.jpg 800w, https:\/\/astideco.com\/blog\/wp-content\/uploads\/2026\/04\/N6A0775-1024x683.jpg 1024w, https:\/\/astideco.com\/blog\/wp-content\/uploads\/2026\/04\/N6A0775-1200x800.jpg 1200w, https:\/\/astideco.com\/blog\/wp-content\/uploads\/2026\/04\/N6A0775-1536x1024.jpg 1536w\" data-sizes=\"auto\" data-orig-sizes=\"(max-width: 1200px) 100vw, 1200px\" \/><\/p>\n<h2><strong>Versatilidad y adaptaci\u00f3n a cualquier espacio<\/strong><\/h2>\n<p>La madera maciza es un material que queda bien en casi cualquier casa. Se adapta f\u00e1cilmente a distintos estilos, tanto si tienes una decoraci\u00f3n moderna como si prefieres algo m\u00e1s cl\u00e1sico o sencillo.<\/p>\n<h3><strong>Est\u00e9tica atemporal y f\u00e1cil combinaci\u00f3n<\/strong><\/h3>\n<p>Su acabado natural aporta <span style=\"color: #000000;\"><a style=\"color: #000000;\" href=\"https:\/\/astideco.com\/blog\/la-innegable-belleza-de-la-madera-sostenible\/\" target=\"_blank\" rel=\"noopener\"><span style=\"text-decoration: underline;\"><strong>calidez visual<\/strong><\/span><\/a><\/span> sin recargar el entorno. Adem\u00e1s, es un material que se puede <strong>combinar f\u00e1cilmente<\/strong> con otras piezas de la casa.<\/p>\n<p>Esta versatilidad permite que los muebles sigan siendo funcionales incluso cuando cambia la decoraci\u00f3n o el uso del espacio.<\/p>\n<h3><strong>Se puede pintar y personalizar f\u00e1cilmente<\/strong><\/h3>\n<p>Otra ventaja es que la madera maciza <strong>se puede pintar o tratar de distintas formas<\/strong>. Puedes cambiar su color, darle un acabado m\u00e1s claro u oscuro o adaptarlo al estilo de tu casa.<\/p>\n<p>Esto hace que el mueble no se quede \u201cantiguo\u201d con el tiempo, porque siempre se puede renovar su aspecto.<\/p>\n<p><img decoding=\"async\" class=\"lazyload alignnone wp-image-6666 size-fusion-1200\" src=\"https:\/\/astideco.com\/blog\/wp-content\/uploads\/2026\/04\/astigarraga_kit_line_muebles_dormitorio_vita-1200x800.jpg\" data-orig-src=\"https:\/\/astideco.com\/blog\/wp-content\/uploads\/2026\/04\/astigarraga_kit_line_muebles_dormitorio_vita-1200x800.jpg\" alt=\"\" width=\"1200\" height=\"800\" srcset=\"data:image\/svg+xml,%3Csvg%20xmlns%3D%27http%3A%2F%2Fwww.w3.org%2F2000%2Fsvg%27%20width%3D%271200%27%20height%3D%27800%27%20viewBox%3D%270%200%201200%20800%27%3E%3Crect%20width%3D%271200%27%20height%3D%27800%27%20fill-opacity%3D%220%22%2F%3E%3C%2Fsvg%3E\" data-srcset=\"https:\/\/astideco.com\/blog\/wp-content\/uploads\/2026\/04\/astigarraga_kit_line_muebles_dormitorio_vita-200x133.jpg 200w, https:\/\/astideco.com\/blog\/wp-content\/uploads\/2026\/04\/astigarraga_kit_line_muebles_dormitorio_vita-300x200.jpg 300w, https:\/\/astideco.com\/blog\/wp-content\/uploads\/2026\/04\/astigarraga_kit_line_muebles_dormitorio_vita-400x267.jpg 400w, https:\/\/astideco.com\/blog\/wp-content\/uploads\/2026\/04\/astigarraga_kit_line_muebles_dormitorio_vita-600x400.jpg 600w, https:\/\/astideco.com\/blog\/wp-content\/uploads\/2026\/04\/astigarraga_kit_line_muebles_dormitorio_vita-768x512.jpg 768w, https:\/\/astideco.com\/blog\/wp-content\/uploads\/2026\/04\/astigarraga_kit_line_muebles_dormitorio_vita-800x533.jpg 800w, https:\/\/astideco.com\/blog\/wp-content\/uploads\/2026\/04\/astigarraga_kit_line_muebles_dormitorio_vita-1024x683.jpg 1024w, https:\/\/astideco.com\/blog\/wp-content\/uploads\/2026\/04\/astigarraga_kit_line_muebles_dormitorio_vita-1200x800.jpg 1200w, https:\/\/astideco.com\/blog\/wp-content\/uploads\/2026\/04\/astigarraga_kit_line_muebles_dormitorio_vita-1536x1024.jpg 1536w\" data-sizes=\"auto\" data-orig-sizes=\"(max-width: 1200px) 100vw, 1200px\" \/><\/p>\n<h2><strong>Un material que hace la casa m\u00e1s agradable<\/strong><\/h2>\n<p>La madera maciza ayuda a crear un ambiente m\u00e1s c\u00f3modo y agradable en casa. Es un material natural que hace que los espacios se sientan m\u00e1s c\u00e1lidos y acogedores.<\/p>\n<h3><strong>Material seguro y libre de t\u00f3xicos<\/strong><\/h3>\n<p>La madera maciza es un material natural que no requiere procesos qu\u00edmicos agresivos en su fabricaci\u00f3n. Esto reduce la presencia de sustancias poco saludables en el hogar.<\/p>\n<p>En comparaci\u00f3n con otros materiales sint\u00e9ticos, ayuda a mantener un <strong>ambiente m\u00e1s limpio dentro de casa<\/strong>. Es especialmente interesante en dormitorios, habitaciones infantiles o zonas de descanso.<\/p>\n<p>Adem\u00e1s, ayuda a mantener una sensaci\u00f3n m\u00e1s agradable en la temperatura y la humedad del ambiente.<\/p>\n<p><img decoding=\"async\" class=\"lazyload alignnone wp-image-6673 size-fusion-1200\" src=\"https:\/\/astideco.com\/blog\/wp-content\/uploads\/2026\/04\/mesa-comedor-patas-bok-1200x938.jpg\" data-orig-src=\"https:\/\/astideco.com\/blog\/wp-content\/uploads\/2026\/04\/mesa-comedor-patas-bok-1200x938.jpg\" alt=\"\" width=\"1200\" height=\"938\" srcset=\"data:image\/svg+xml,%3Csvg%20xmlns%3D%27http%3A%2F%2Fwww.w3.org%2F2000%2Fsvg%27%20width%3D%271200%27%20height%3D%27938%27%20viewBox%3D%270%200%201200%20938%27%3E%3Crect%20width%3D%271200%27%20height%3D%27938%27%20fill-opacity%3D%220%22%2F%3E%3C%2Fsvg%3E\" data-srcset=\"https:\/\/astideco.com\/blog\/wp-content\/uploads\/2026\/04\/mesa-comedor-patas-bok-200x156.jpg 200w, https:\/\/astideco.com\/blog\/wp-content\/uploads\/2026\/04\/mesa-comedor-patas-bok-300x234.jpg 300w, https:\/\/astideco.com\/blog\/wp-content\/uploads\/2026\/04\/mesa-comedor-patas-bok-400x313.jpg 400w, https:\/\/astideco.com\/blog\/wp-content\/uploads\/2026\/04\/mesa-comedor-patas-bok-600x469.jpg 600w, https:\/\/astideco.com\/blog\/wp-content\/uploads\/2026\/04\/mesa-comedor-patas-bok-768x600.jpg 768w, https:\/\/astideco.com\/blog\/wp-content\/uploads\/2026\/04\/mesa-comedor-patas-bok-800x625.jpg 800w, https:\/\/astideco.com\/blog\/wp-content\/uploads\/2026\/04\/mesa-comedor-patas-bok-1024x800.jpg 1024w, https:\/\/astideco.com\/blog\/wp-content\/uploads\/2026\/04\/mesa-comedor-patas-bok-1200x938.jpg 1200w, https:\/\/astideco.com\/blog\/wp-content\/uploads\/2026\/04\/mesa-comedor-patas-bok-1536x1200.jpg 1536w\" data-sizes=\"auto\" data-orig-sizes=\"(max-width: 1200px) 100vw, 1200px\" \/><\/p>\n<h2><strong>Compromiso con la calidad de Astigarraga Kit Line<\/strong><\/h2>\n<p>En Astigarraga Kit Line cuidamos cada detalle del proceso para ofrecer muebles que te acompa\u00f1en durante muchos a\u00f1os. Apostamos por la <strong>madera maciza sostenible<\/strong> porque creemos en los materiales que aportan confianza, cercan\u00eda y una sensaci\u00f3n real de hogar.<\/p>\n<p>Cada pieza est\u00e1 creada para ser pr\u00e1ctica en el d\u00eda a d\u00eda y f\u00e1cil de integrar en tu casa. Porque un mueble no es solo un objeto, es parte de tu espacio y de tu vida.<\/p>\n<p>Te invitamos a descubrir toda nuestra colecci\u00f3n en <span style=\"text-decoration: underline; color: #000000;\"><strong><a style=\"color: #000000; text-decoration: underline;\" href=\"https:\/\/astideco.com\/es\/\" target=\"_blank\" rel=\"noopener\">nuestra web<\/a><\/strong><\/span> y encontrar los muebles que mejor encajen contigo y con tu hogar.<\/p>\n","protected":false},"excerpt":{"rendered":"<p>Elegir los muebles adecuados va mucho m\u00e1s all\u00e1 de la est\u00e9tica. Es pensar en c\u00f3mo acompa\u00f1ar\u00e1n tu d\u00eda a d\u00eda, en su resistencia al paso del tiempo y en el impacto que tienen en el entorno. Aqu\u00ed es donde los  [..]<\/p>\n","protected":false},"author":6,"featured_media":6667,"comment_status":"open","ping_status":"open","sticky":false,"template":"","format":"standard","meta":{"footnotes":""},"categories":[644],"tags":[],"class_list":["post-6665","post","type-post","status-publish","format-standard","has-post-thumbnail","hentry","category-ideas-y-consejos"],"yoast_head":"<!-- This site is optimized with the Yoast SEO plugin v27.0 - https:\/\/yoast.com\/product\/yoast-seo-wordpress\/ -->\n<title>Muebles de madera maciza: ventajas, sostenibilidad y durabilidad<\/title>\n<meta name=\"description\" content=\"Descubre por qu\u00e9 elegir muebles de madera maciza: durabilidad, sostenibilidad y sellos como PEFC y Ecolabel para un hogar m\u00e1s responsable.\" \/>\n<meta name=\"robots\" content=\"index, follow, max-snippet:-1, max-image-preview:large, max-video-preview:-1\" \/>\n<link rel=\"canonical\" href=\"https:\/\/astideco.com\/blog\/muebles-madera-maciza-ventajas\/\" \/>\n<meta property=\"og:locale\" content=\"es_ES\" \/>\n<meta property=\"og:type\" content=\"article\" \/>\n<meta property=\"og:title\" content=\"Muebles de madera maciza: ventajas, sostenibilidad y durabilidad\" \/>\n<meta property=\"og:description\" content=\"Descubre por qu\u00e9 elegir muebles de madera maciza: durabilidad, sostenibilidad y sellos como PEFC y Ecolabel para un hogar m\u00e1s responsable.\" \/>\n<meta property=\"og:url\" content=\"https:\/\/astideco.com\/blog\/muebles-madera-maciza-ventajas\/\" \/>\n<meta property=\"og:site_name\" content=\"Astiblog\" \/>\n<meta property=\"article:published_time\" content=\"2026-04-29T09:45:27+00:00\" \/>\n<meta property=\"og:image\" content=\"https:\/\/astideco.com\/blog\/wp-content\/uploads\/2026\/04\/dinamic_armarios_modulares-6-1024x683.jpg\" \/>\n\t<meta property=\"og:image:width\" content=\"1024\" \/>\n\t<meta property=\"og:image:height\" content=\"683\" \/>\n\t<meta property=\"og:image:type\" content=\"image\/jpeg\" \/>\n<meta name=\"author\" content=\"Astigarraga Kit Line\" \/>\n<meta name=\"twitter:card\" content=\"summary_large_image\" \/>\n<meta name=\"twitter:label1\" content=\"Escrito por\" \/>\n\t<meta name=\"twitter:data1\" content=\"Astigarraga Kit Line\" \/>\n\t<meta name=\"twitter:label2\" content=\"Tiempo de lectura\" \/>\n\t<meta name=\"twitter:data2\" content=\"4 minutos\" \/>\n<script type=\"application\/ld+json\" class=\"yoast-schema-graph\">{\"@context\":\"https:\/\/schema.org\",\"@graph\":[{\"@type\":\"Article\",\"@id\":\"https:\/\/astideco.com\/blog\/muebles-madera-maciza-ventajas\/#article\",\"isPartOf\":{\"@id\":\"https:\/\/astideco.com\/blog\/muebles-madera-maciza-ventajas\/\"},\"author\":{\"name\":\"Astigarraga Kit Line\",\"@id\":\"https:\/\/astideco.com\/blog\/#\/schema\/person\/13fd236103c4c231352fb09b2b7ac5cf\"},\"headline\":\"\u00bfPor qu\u00e9 elegir muebles de madera maciza para tu hogar?\",\"datePublished\":\"2026-04-29T09:45:27+00:00\",\"mainEntityOfPage\":{\"@id\":\"https:\/\/astideco.com\/blog\/muebles-madera-maciza-ventajas\/\"},\"wordCount\":879,\"commentCount\":0,\"image\":{\"@id\":\"https:\/\/astideco.com\/blog\/muebles-madera-maciza-ventajas\/#primaryimage\"},\"thumbnailUrl\":\"https:\/\/astideco.com\/blog\/wp-content\/uploads\/2026\/04\/dinamic_armarios_modulares-6-scaled.jpg\",\"articleSection\":[\"Ideas y consejos\"],\"inLanguage\":\"es\",\"potentialAction\":[{\"@type\":\"CommentAction\",\"name\":\"Comment\",\"target\":[\"https:\/\/astideco.com\/blog\/muebles-madera-maciza-ventajas\/#respond\"]}]},{\"@type\":\"WebPage\",\"@id\":\"https:\/\/astideco.com\/blog\/muebles-madera-maciza-ventajas\/\",\"url\":\"https:\/\/astideco.com\/blog\/muebles-madera-maciza-ventajas\/\",\"name\":\"Muebles de madera maciza: ventajas, sostenibilidad y durabilidad\",\"isPartOf\":{\"@id\":\"https:\/\/astideco.com\/blog\/#website\"},\"primaryImageOfPage\":{\"@id\":\"https:\/\/astideco.com\/blog\/muebles-madera-maciza-ventajas\/#primaryimage\"},\"image\":{\"@id\":\"https:\/\/astideco.com\/blog\/muebles-madera-maciza-ventajas\/#primaryimage\"},\"thumbnailUrl\":\"https:\/\/astideco.com\/blog\/wp-content\/uploads\/2026\/04\/dinamic_armarios_modulares-6-scaled.jpg\",\"datePublished\":\"2026-04-29T09:45:27+00:00\",\"author\":{\"@id\":\"https:\/\/astideco.com\/blog\/#\/schema\/person\/13fd236103c4c231352fb09b2b7ac5cf\"},\"description\":\"Descubre por qu\u00e9 elegir muebles de madera maciza: durabilidad, sostenibilidad y sellos como PEFC y Ecolabel para un hogar m\u00e1s responsable.\",\"breadcrumb\":{\"@id\":\"https:\/\/astideco.com\/blog\/muebles-madera-maciza-ventajas\/#breadcrumb\"},\"inLanguage\":\"es\",\"potentialAction\":[{\"@type\":\"ReadAction\",\"target\":[\"https:\/\/astideco.com\/blog\/muebles-madera-maciza-ventajas\/\"]}]},{\"@type\":\"ImageObject\",\"inLanguage\":\"es\",\"@id\":\"https:\/\/astideco.com\/blog\/muebles-madera-maciza-ventajas\/#primaryimage\",\"url\":\"https:\/\/astideco.com\/blog\/wp-content\/uploads\/2026\/04\/dinamic_armarios_modulares-6-scaled.jpg\",\"contentUrl\":\"https:\/\/astideco.com\/blog\/wp-content\/uploads\/2026\/04\/dinamic_armarios_modulares-6-scaled.jpg\",\"width\":2560,\"height\":1707},{\"@type\":\"BreadcrumbList\",\"@id\":\"https:\/\/astideco.com\/blog\/muebles-madera-maciza-ventajas\/#breadcrumb\",\"itemListElement\":[{\"@type\":\"ListItem\",\"position\":1,\"name\":\"Portada\",\"item\":\"https:\/\/astideco.com\/blog\/\"},{\"@type\":\"ListItem\",\"position\":2,\"name\":\"\u00bfPor qu\u00e9 elegir muebles de madera maciza para tu hogar?\"}]},{\"@type\":\"WebSite\",\"@id\":\"https:\/\/astideco.com\/blog\/#website\",\"url\":\"https:\/\/astideco.com\/blog\/\",\"name\":\"Astiblog\",\"description\":\"Blog de Astideco.com\",\"potentialAction\":[{\"@type\":\"SearchAction\",\"target\":{\"@type\":\"EntryPoint\",\"urlTemplate\":\"https:\/\/astideco.com\/blog\/?s={search_term_string}\"},\"query-input\":{\"@type\":\"PropertyValueSpecification\",\"valueRequired\":true,\"valueName\":\"search_term_string\"}}],\"inLanguage\":\"es\"},{\"@type\":\"Person\",\"@id\":\"https:\/\/astideco.com\/blog\/#\/schema\/person\/13fd236103c4c231352fb09b2b7ac5cf\",\"name\":\"Astigarraga Kit Line\"}]}<\/script>\n<!-- \/ Yoast SEO plugin. -->","yoast_head_json":{"title":"Muebles de madera maciza: ventajas, sostenibilidad y durabilidad","description":"Descubre por qu\u00e9 elegir muebles de madera maciza: durabilidad, sostenibilidad y sellos como PEFC y Ecolabel para un hogar m\u00e1s responsable.","robots":{"index":"index","follow":"follow","max-snippet":"max-snippet:-1","max-image-preview":"max-image-preview:large","max-video-preview":"max-video-preview:-1"},"canonical":"https:\/\/astideco.com\/blog\/muebles-madera-maciza-ventajas\/","og_locale":"es_ES","og_type":"article","og_title":"Muebles de madera maciza: ventajas, sostenibilidad y durabilidad","og_description":"Descubre por qu\u00e9 elegir muebles de madera maciza: durabilidad, sostenibilidad y sellos como PEFC y Ecolabel para un hogar m\u00e1s responsable.","og_url":"https:\/\/astideco.com\/blog\/muebles-madera-maciza-ventajas\/","og_site_name":"Astiblog","article_published_time":"2026-04-29T09:45:27+00:00","og_image":[{"width":1024,"height":683,"url":"https:\/\/astideco.com\/blog\/wp-content\/uploads\/2026\/04\/dinamic_armarios_modulares-6-1024x683.jpg","type":"image\/jpeg"}],"author":"Astigarraga Kit Line","twitter_card":"summary_large_image","twitter_misc":{"Escrito por":"Astigarraga Kit Line","Tiempo de lectura":"4 minutos"},"schema":{"@context":"https:\/\/schema.org","@graph":[{"@type":"Article","@id":"https:\/\/astideco.com\/blog\/muebles-madera-maciza-ventajas\/#article","isPartOf":{"@id":"https:\/\/astideco.com\/blog\/muebles-madera-maciza-ventajas\/"},"author":{"name":"Astigarraga Kit Line","@id":"https:\/\/astideco.com\/blog\/#\/schema\/person\/13fd236103c4c231352fb09b2b7ac5cf"},"headline":"\u00bfPor qu\u00e9 elegir muebles de madera maciza para tu hogar?","datePublished":"2026-04-29T09:45:27+00:00","mainEntityOfPage":{"@id":"https:\/\/astideco.com\/blog\/muebles-madera-maciza-ventajas\/"},"wordCount":879,"commentCount":0,"image":{"@id":"https:\/\/astideco.com\/blog\/muebles-madera-maciza-ventajas\/#primaryimage"},"thumbnailUrl":"https:\/\/astideco.com\/blog\/wp-content\/uploads\/2026\/04\/dinamic_armarios_modulares-6-scaled.jpg","articleSection":["Ideas y consejos"],"inLanguage":"es","potentialAction":[{"@type":"CommentAction","name":"Comment","target":["https:\/\/astideco.com\/blog\/muebles-madera-maciza-ventajas\/#respond"]}]},{"@type":"WebPage","@id":"https:\/\/astideco.com\/blog\/muebles-madera-maciza-ventajas\/","url":"https:\/\/astideco.com\/blog\/muebles-madera-maciza-ventajas\/","name":"Muebles de madera maciza: ventajas, sostenibilidad y durabilidad","isPartOf":{"@id":"https:\/\/astideco.com\/blog\/#website"},"primaryImageOfPage":{"@id":"https:\/\/astideco.com\/blog\/muebles-madera-maciza-ventajas\/#primaryimage"},"image":{"@id":"https:\/\/astideco.com\/blog\/muebles-madera-maciza-ventajas\/#primaryimage"},"thumbnailUrl":"https:\/\/astideco.com\/blog\/wp-content\/uploads\/2026\/04\/dinamic_armarios_modulares-6-scaled.jpg","datePublished":"2026-04-29T09:45:27+00:00","author":{"@id":"https:\/\/astideco.com\/blog\/#\/schema\/person\/13fd236103c4c231352fb09b2b7ac5cf"},"description":"Descubre por qu\u00e9 elegir muebles de madera maciza: durabilidad, sostenibilidad y sellos como PEFC y Ecolabel para un hogar m\u00e1s responsable.","breadcrumb":{"@id":"https:\/\/astideco.com\/blog\/muebles-madera-maciza-ventajas\/#breadcrumb"},"inLanguage":"es","potentialAction":[{"@type":"ReadAction","target":["https:\/\/astideco.com\/blog\/muebles-madera-maciza-ventajas\/"]}]},{"@type":"ImageObject","inLanguage":"es","@id":"https:\/\/astideco.com\/blog\/muebles-madera-maciza-ventajas\/#primaryimage","url":"https:\/\/astideco.com\/blog\/wp-content\/uploads\/2026\/04\/dinamic_armarios_modulares-6-scaled.jpg","contentUrl":"https:\/\/astideco.com\/blog\/wp-content\/uploads\/2026\/04\/dinamic_armarios_modulares-6-scaled.jpg","width":2560,"height":1707},{"@type":"BreadcrumbList","@id":"https:\/\/astideco.com\/blog\/muebles-madera-maciza-ventajas\/#breadcrumb","itemListElement":[{"@type":"ListItem","position":1,"name":"Portada","item":"https:\/\/astideco.com\/blog\/"},{"@type":"ListItem","position":2,"name":"\u00bfPor qu\u00e9 elegir muebles de madera maciza para tu hogar?"}]},{"@type":"WebSite","@id":"https:\/\/astideco.com\/blog\/#website","url":"https:\/\/astideco.com\/blog\/","name":"Astiblog","description":"Blog de Astideco.com","potentialAction":[{"@type":"SearchAction","target":{"@type":"EntryPoint","urlTemplate":"https:\/\/astideco.com\/blog\/?s={search_term_string}"},"query-input":{"@type":"PropertyValueSpecification","valueRequired":true,"valueName":"search_term_string"}}],"inLanguage":"es"},{"@type":"Person","@id":"https:\/\/astideco.com\/blog\/#\/schema\/person\/13fd236103c4c231352fb09b2b7ac5cf","name":"Astigarraga Kit Line"}]}},"_links":{"self":[{"href":"https:\/\/astideco.com\/blog\/wp-json\/wp\/v2\/posts\/6665","targetHints":{"allow":["GET"]}}],"collection":[{"href":"https:\/\/astideco.com\/blog\/wp-json\/wp\/v2\/posts"}],"about":[{"href":"https:\/\/astideco.com\/blog\/wp-json\/wp\/v2\/types\/post"}],"author":[{"embeddable":true,"href":"https:\/\/astideco.com\/blog\/wp-json\/wp\/v2\/users\/6"}],"replies":[{"embeddable":true,"href":"https:\/\/astideco.com\/blog\/wp-json\/wp\/v2\/comments?post=6665"}],"version-history":[{"count":2,"href":"https:\/\/astideco.com\/blog\/wp-json\/wp\/v2\/posts\/6665\/revisions"}],"predecessor-version":[{"id":6675,"href":"https:\/\/astideco.com\/blog\/wp-json\/wp\/v2\/posts\/6665\/revisions\/6675"}],"wp:featuredmedia":[{"embeddable":true,"href":"https:\/\/astideco.com\/blog\/wp-json\/wp\/v2\/media\/6667"}],"wp:attachment":[{"href":"https:\/\/astideco.com\/blog\/wp-json\/wp\/v2\/media?parent=6665"}],"wp:term":[{"taxonomy":"category","embeddable":true,"href":"https:\/\/astideco.com\/blog\/wp-json\/wp\/v2\/categories?post=6665"},{"taxonomy":"post_tag","embeddable":true,"href":"https:\/\/astideco.com\/blog\/wp-json\/wp\/v2\/tags?post=6665"}],"curies":[{"name":"wp","href":"https:\/\/api.w.org\/{rel}","templated":true}]}}