{"id":643,"date":"2018-08-22T10:57:56","date_gmt":"2018-08-22T10:57:56","guid":{"rendered":"https:\/\/astideco.com\/blog\/?p=643"},"modified":"2019-08-09T11:00:29","modified_gmt":"2019-08-09T11:00:29","slug":"comment-organiser-et-ranger-une-bibliotheque","status":"publish","type":"post","link":"https:\/\/astideco.com\/blog\/comment-organiser-et-ranger-une-bibliotheque\/","title":{"rendered":"Comment organiser et ranger une biblioth\u00e8que?"},"content":{"rendered":"<p>Doucement mais s\u00fbrement, le mois de septembre se rapproche. Cela signifie la fin in\u00e9luctable des vacances et un retour imminent au travail et \u00e0 la routine quotidienne. \u00c0 la maison aussi, il convient de pr\u00e9parer cette rentr\u00e9e. Disposer d&#8217;espaces organis\u00e9s g\u00e9n\u00e9rateurs de paix facilite la reprise et all\u00e8ge cette sensation d&#8217;avoir \u00e0 attendre de nombreux mois avant les prochaines vacances.<\/p>\n<p>Aujourd&#8217;hui, nous pr\u00e9sentons nos <strong><u>\u00e9tag\u00e8res Gala<\/u><\/strong>. Une solution parfaite pour donner une nouvelle vie aux espaces du foyer. Vous qui cherchez des solutions de rangement pour le cellier ou des id\u00e9es pour une biblioth\u00e8que, lisez ce post jusqu&#8217;au bout. Tous les modules pr\u00e9sentent une finition en bois de pin \u00e9cologique, non vernie. Des lignes pures et un c\u00f4t\u00e9 pratique d\u00e9finissent ces \u00e9tag\u00e8res qui se pr\u00eatent \u00e0 une infinit\u00e9 de compositions. R\u00e9glables en hauteur, les tablettes sont disponibles en plusieurs dimensions.<\/p>\n<p>En fonction de l&#8217;espace dont vous disposez, vous choisirez l&#8217;une ou l&#8217;autre. <strong>Les \u00e9tag\u00e8res Gala existent en version 4, 6 ou 7 tablettes<\/strong>. La hauteur du meuble d\u00e9pend du nombre de tablettes choisies. Il est ainsi possible de cr\u00e9er une \u00e9tag\u00e8re \u00e0 quatre niveaux de 1,20\u00a0m de haut ou une autre \u00e0 sept niveaux de 2,16\u00a0m. La largeur \u00e9galement est modulable entre 50 et 80\u00a0cm. En revanche, tous les modules ont la m\u00eame profondeur (25\u00a0cm) et la m\u00eame \u00e9paisseur de planche (22\u00a0mm).<\/p>\n<p>Vous souhaitez voir toutes les options\u00a0?<\/p>\n<p><strong>&#8211; \u00c9tag\u00e8res de 50\u00a0cm de large\u00a0: <\/strong><\/p>\n<p><img decoding=\"async\" class=\"lazyload alignnone wp-image-638\" src=\"https:\/\/astideco.com\/blog\/wp-content\/uploads\/2019\/08\/estrecho-300x240.jpg\" data-orig-src=\"https:\/\/astideco.com\/blog\/wp-content\/uploads\/2019\/08\/estrecho-300x240.jpg\" alt=\"\" width=\"1200\" height=\"959\" srcset=\"data:image\/svg+xml,%3Csvg%20xmlns%3D%27http%3A%2F%2Fwww.w3.org%2F2000%2Fsvg%27%20width%3D%271200%27%20height%3D%27959%27%20viewBox%3D%270%200%201200%20959%27%3E%3Crect%20width%3D%271200%27%20height%3D%27959%27%20fill-opacity%3D%220%22%2F%3E%3C%2Fsvg%3E\" data-srcset=\"https:\/\/astideco.com\/blog\/wp-content\/uploads\/2019\/08\/estrecho-300x240.jpg 300w, https:\/\/astideco.com\/blog\/wp-content\/uploads\/2019\/08\/estrecho-768x614.jpg 768w, https:\/\/astideco.com\/blog\/wp-content\/uploads\/2019\/08\/estrecho-1024x819.jpg 1024w, https:\/\/astideco.com\/blog\/wp-content\/uploads\/2019\/08\/estrecho.jpg 1516w\" data-sizes=\"auto\" data-orig-sizes=\"(max-width: 1200px) 100vw, 1200px\" \/><\/p>\n<p><strong>&#8211; \u00c9tag\u00e8res de 80\u00a0cm de large\u00a0:<\/strong><\/p>\n<p><img decoding=\"async\" class=\"lazyload alignnone wp-image-641\" src=\"https:\/\/astideco.com\/blog\/wp-content\/uploads\/2019\/08\/ancho-300x212.jpg\" data-orig-src=\"https:\/\/astideco.com\/blog\/wp-content\/uploads\/2019\/08\/ancho-300x212.jpg\" alt=\"\" width=\"1201\" height=\"848\" srcset=\"data:image\/svg+xml,%3Csvg%20xmlns%3D%27http%3A%2F%2Fwww.w3.org%2F2000%2Fsvg%27%20width%3D%271201%27%20height%3D%27848%27%20viewBox%3D%270%200%201201%20848%27%3E%3Crect%20width%3D%271201%27%20height%3D%27848%27%20fill-opacity%3D%220%22%2F%3E%3C%2Fsvg%3E\" data-srcset=\"https:\/\/astideco.com\/blog\/wp-content\/uploads\/2019\/08\/ancho-300x212.jpg 300w, https:\/\/astideco.com\/blog\/wp-content\/uploads\/2019\/08\/ancho-768x542.jpg 768w, https:\/\/astideco.com\/blog\/wp-content\/uploads\/2019\/08\/ancho-1024x723.jpg 1024w, https:\/\/astideco.com\/blog\/wp-content\/uploads\/2019\/08\/ancho.jpg 1600w\" data-sizes=\"auto\" data-orig-sizes=\"(max-width: 1201px) 100vw, 1201px\" \/><\/p>\n<p>Vous pourrez cr\u00e9er votre propre combinaison en fonction de votre espace et de vos go\u00fbts puisque les possibilit\u00e9s se d\u00e9clinent \u00e0 l&#8217;infini.<\/p>\n<p><img decoding=\"async\" class=\"lazyload alignnone wp-image-636\" src=\"https:\/\/astideco.com\/blog\/wp-content\/uploads\/2019\/08\/20160518FOTO-AMBIENTE-GALA-SIN-BARNIZ-LIBRERIA-300x200.jpg\" data-orig-src=\"https:\/\/astideco.com\/blog\/wp-content\/uploads\/2019\/08\/20160518FOTO-AMBIENTE-GALA-SIN-BARNIZ-LIBRERIA-300x200.jpg\" alt=\"\" width=\"1199\" height=\"800\" srcset=\"data:image\/svg+xml,%3Csvg%20xmlns%3D%27http%3A%2F%2Fwww.w3.org%2F2000%2Fsvg%27%20width%3D%271199%27%20height%3D%27800%27%20viewBox%3D%270%200%201199%20800%27%3E%3Crect%20width%3D%271199%27%20height%3D%27800%27%20fill-opacity%3D%220%22%2F%3E%3C%2Fsvg%3E\" data-srcset=\"https:\/\/astideco.com\/blog\/wp-content\/uploads\/2019\/08\/20160518FOTO-AMBIENTE-GALA-SIN-BARNIZ-LIBRERIA-300x200.jpg 300w, https:\/\/astideco.com\/blog\/wp-content\/uploads\/2019\/08\/20160518FOTO-AMBIENTE-GALA-SIN-BARNIZ-LIBRERIA-768x512.jpg 768w, https:\/\/astideco.com\/blog\/wp-content\/uploads\/2019\/08\/20160518FOTO-AMBIENTE-GALA-SIN-BARNIZ-LIBRERIA.jpg 1024w\" data-sizes=\"auto\" data-orig-sizes=\"(max-width: 1199px) 100vw, 1199px\" \/> <img decoding=\"async\" class=\"lazyload alignnone wp-image-635\" src=\"https:\/\/astideco.com\/blog\/wp-content\/uploads\/2019\/08\/20160518FOTO-AMBIENTE-GALA-SIN-BARNIZ-DESPENSA-300x200.jpg\" data-orig-src=\"https:\/\/astideco.com\/blog\/wp-content\/uploads\/2019\/08\/20160518FOTO-AMBIENTE-GALA-SIN-BARNIZ-DESPENSA-300x200.jpg\" alt=\"\" width=\"1199\" height=\"800\" srcset=\"data:image\/svg+xml,%3Csvg%20xmlns%3D%27http%3A%2F%2Fwww.w3.org%2F2000%2Fsvg%27%20width%3D%271199%27%20height%3D%27800%27%20viewBox%3D%270%200%201199%20800%27%3E%3Crect%20width%3D%271199%27%20height%3D%27800%27%20fill-opacity%3D%220%22%2F%3E%3C%2Fsvg%3E\" data-srcset=\"https:\/\/astideco.com\/blog\/wp-content\/uploads\/2019\/08\/20160518FOTO-AMBIENTE-GALA-SIN-BARNIZ-DESPENSA-300x200.jpg 300w, https:\/\/astideco.com\/blog\/wp-content\/uploads\/2019\/08\/20160518FOTO-AMBIENTE-GALA-SIN-BARNIZ-DESPENSA-768x512.jpg 768w, https:\/\/astideco.com\/blog\/wp-content\/uploads\/2019\/08\/20160518FOTO-AMBIENTE-GALA-SIN-BARNIZ-DESPENSA.jpg 1024w\" data-sizes=\"auto\" data-orig-sizes=\"(max-width: 1199px) 100vw, 1199px\" \/><\/p>\n<p>La s\u00e9rie Gala est con\u00e7ue pour s&#8217;adapter aux espaces souvent d\u00e9laiss\u00e9s que sont les <strong>angles<\/strong>. Ces meubles d&#8217;angle optimisent donc ces espaces pour les mettre en valeur comme ils le m\u00e9ritent. Cette \u00e9tag\u00e8re admet quatre positions. Les deux premi\u00e8res sont l&#8217;union de deux modules pour former <strong>un angle entrant ou sortan<\/strong>t. La troisi\u00e8me et la quatri\u00e8me position correspondent \u00e0 une \u00e9tag\u00e8re avec retour \u00e0 droite ou \u00e0 gauche. Deux dimensions sont propos\u00e9es\u00a0: \u00a0<b>184,7x50x25 cm <\/b>et <b>120,7x50x25 cm<\/b>.<\/p>\n<p><img decoding=\"async\" class=\"lazyload alignnone wp-image-637\" src=\"https:\/\/astideco.com\/blog\/wp-content\/uploads\/2019\/08\/castellano-300x146.jpg\" data-orig-src=\"https:\/\/astideco.com\/blog\/wp-content\/uploads\/2019\/08\/castellano-300x146.jpg\" alt=\"\" width=\"1200\" height=\"585\" srcset=\"data:image\/svg+xml,%3Csvg%20xmlns%3D%27http%3A%2F%2Fwww.w3.org%2F2000%2Fsvg%27%20width%3D%271200%27%20height%3D%27585%27%20viewBox%3D%270%200%201200%20585%27%3E%3Crect%20width%3D%271200%27%20height%3D%27585%27%20fill-opacity%3D%220%22%2F%3E%3C%2Fsvg%3E\" data-srcset=\"https:\/\/astideco.com\/blog\/wp-content\/uploads\/2019\/08\/castellano-300x146.jpg 300w, https:\/\/astideco.com\/blog\/wp-content\/uploads\/2019\/08\/castellano-768x374.jpg 768w, https:\/\/astideco.com\/blog\/wp-content\/uploads\/2019\/08\/castellano-1024x499.jpg 1024w, https:\/\/astideco.com\/blog\/wp-content\/uploads\/2019\/08\/castellano.jpg 1600w\" data-sizes=\"auto\" data-orig-sizes=\"(max-width: 1200px) 100vw, 1200px\" \/> <img decoding=\"async\" class=\"lazyload alignnone wp-image-639\" src=\"https:\/\/astideco.com\/blog\/wp-content\/uploads\/2019\/08\/Sin-ti\u0301tulo-ok-1-300x196.jpg\" data-orig-src=\"https:\/\/astideco.com\/blog\/wp-content\/uploads\/2019\/08\/Sin-ti\u0301tulo-ok-1-300x196.jpg\" alt=\"\" width=\"1200\" height=\"784\" srcset=\"data:image\/svg+xml,%3Csvg%20xmlns%3D%27http%3A%2F%2Fwww.w3.org%2F2000%2Fsvg%27%20width%3D%271200%27%20height%3D%27784%27%20viewBox%3D%270%200%201200%20784%27%3E%3Crect%20width%3D%271200%27%20height%3D%27784%27%20fill-opacity%3D%220%22%2F%3E%3C%2Fsvg%3E\" data-srcset=\"https:\/\/astideco.com\/blog\/wp-content\/uploads\/2019\/08\/Sin-ti\u0301tulo-ok-1-300x196.jpg 300w, https:\/\/astideco.com\/blog\/wp-content\/uploads\/2019\/08\/Sin-ti\u0301tulo-ok-1-768x502.jpg 768w, https:\/\/astideco.com\/blog\/wp-content\/uploads\/2019\/08\/Sin-ti\u0301tulo-ok-1-1024x669.jpg 1024w, https:\/\/astideco.com\/blog\/wp-content\/uploads\/2019\/08\/Sin-ti\u0301tulo-ok-1.jpg 1165w\" data-sizes=\"auto\" data-orig-sizes=\"(max-width: 1200px) 100vw, 1200px\" \/> <img decoding=\"async\" class=\"lazyload alignnone wp-image-640\" src=\"https:\/\/astideco.com\/blog\/wp-content\/uploads\/2019\/08\/Sin-ti\u0301tulo-3-300x195.jpg\" data-orig-src=\"https:\/\/astideco.com\/blog\/wp-content\/uploads\/2019\/08\/Sin-ti\u0301tulo-3-300x195.jpg\" alt=\"\" width=\"1201\" height=\"779\" srcset=\"data:image\/svg+xml,%3Csvg%20xmlns%3D%27http%3A%2F%2Fwww.w3.org%2F2000%2Fsvg%27%20width%3D%271201%27%20height%3D%27779%27%20viewBox%3D%270%200%201201%20779%27%3E%3Crect%20width%3D%271201%27%20height%3D%27779%27%20fill-opacity%3D%220%22%2F%3E%3C%2Fsvg%3E\" data-srcset=\"https:\/\/astideco.com\/blog\/wp-content\/uploads\/2019\/08\/Sin-ti\u0301tulo-3-300x195.jpg 300w, https:\/\/astideco.com\/blog\/wp-content\/uploads\/2019\/08\/Sin-ti\u0301tulo-3-768x498.jpg 768w, https:\/\/astideco.com\/blog\/wp-content\/uploads\/2019\/08\/Sin-ti\u0301tulo-3-1024x664.jpg 1024w, https:\/\/astideco.com\/blog\/wp-content\/uploads\/2019\/08\/Sin-ti\u0301tulo-3.jpg 1162w\" data-sizes=\"auto\" data-orig-sizes=\"(max-width: 1201px) 100vw, 1201px\" \/><\/p>\n<p><em>Merci de nous laisser d\u00e9corer votre foyer sur un mode durable.<\/em><\/p>\n","protected":false},"excerpt":{"rendered":"<p>Doucement mais s\u00fbrement, le mois de septembre se rapproche. Cela signifie la fin in\u00e9luctable des vacances et un retour imminent au travail et \u00e0 la routine quotidienne. \u00c0 la maison aussi, il convient de pr\u00e9parer cette rentr\u00e9e. Disposer d&#8217;espaces organis\u00e9s  [..]<\/p>\n","protected":false},"author":6,"featured_media":634,"comment_status":"open","ping_status":"open","sticky":false,"template":"","format":"standard","meta":{"footnotes":""},"categories":[25],"tags":[],"class_list":["post-643","post","type-post","status-publish","format-standard","has-post-thumbnail","hentry","category-produit"],"yoast_head":"<!-- This site is optimized with the Yoast SEO plugin v27.0 - https:\/\/yoast.com\/product\/yoast-seo-wordpress\/ -->\n<title>Comment organiser et ranger une biblioth\u00e8que? - Astiblog<\/title>\n<meta name=\"robots\" content=\"index, follow, max-snippet:-1, max-image-preview:large, max-video-preview:-1\" \/>\n<link rel=\"canonical\" href=\"https:\/\/astideco.com\/blog\/comment-organiser-et-ranger-une-bibliotheque\/\" \/>\n<meta property=\"og:locale\" content=\"es_ES\" \/>\n<meta property=\"og:type\" content=\"article\" \/>\n<meta property=\"og:title\" content=\"Comment organiser et ranger une biblioth\u00e8que? - Astiblog\" \/>\n<meta property=\"og:description\" content=\"Doucement mais s\u00fbrement, le mois de septembre se rapproche. Cela signifie la fin in\u00e9luctable des vacances et un retour imminent au travail et \u00e0 la routine quotidienne. \u00c0 la maison aussi, il convient de pr\u00e9parer cette rentr\u00e9e. Disposer d&#8217;espaces organis\u00e9s [..]\" \/>\n<meta property=\"og:url\" content=\"https:\/\/astideco.com\/blog\/comment-organiser-et-ranger-une-bibliotheque\/\" \/>\n<meta property=\"og:site_name\" content=\"Astiblog\" \/>\n<meta property=\"article:published_time\" content=\"2018-08-22T10:57:56+00:00\" \/>\n<meta property=\"article:modified_time\" content=\"2019-08-09T11:00:29+00:00\" \/>\n<meta property=\"og:image\" content=\"https:\/\/astideco.com\/blog\/wp-content\/uploads\/2019\/08\/9.jpg\" \/>\n\t<meta property=\"og:image:width\" content=\"5268\" \/>\n\t<meta property=\"og:image:height\" content=\"3648\" \/>\n\t<meta property=\"og:image:type\" content=\"image\/jpeg\" \/>\n<meta name=\"author\" content=\"Astigarraga Kit Line\" \/>\n<meta name=\"twitter:card\" content=\"summary_large_image\" \/>\n<meta name=\"twitter:label1\" content=\"Escrito por\" \/>\n\t<meta name=\"twitter:data1\" content=\"Astigarraga Kit Line\" \/>\n\t<meta name=\"twitter:label2\" content=\"Tiempo de lectura\" \/>\n\t<meta name=\"twitter:data2\" content=\"2 minutos\" \/>\n<script type=\"application\/ld+json\" class=\"yoast-schema-graph\">{\"@context\":\"https:\/\/schema.org\",\"@graph\":[{\"@type\":\"Article\",\"@id\":\"https:\/\/astideco.com\/blog\/comment-organiser-et-ranger-une-bibliotheque\/#article\",\"isPartOf\":{\"@id\":\"https:\/\/astideco.com\/blog\/comment-organiser-et-ranger-une-bibliotheque\/\"},\"author\":{\"name\":\"Astigarraga Kit Line\",\"@id\":\"https:\/\/astideco.com\/blog\/#\/schema\/person\/13fd236103c4c231352fb09b2b7ac5cf\"},\"headline\":\"Comment organiser et ranger une biblioth\u00e8que?\",\"datePublished\":\"2018-08-22T10:57:56+00:00\",\"dateModified\":\"2019-08-09T11:00:29+00:00\",\"mainEntityOfPage\":{\"@id\":\"https:\/\/astideco.com\/blog\/comment-organiser-et-ranger-une-bibliotheque\/\"},\"wordCount\":387,\"commentCount\":0,\"image\":{\"@id\":\"https:\/\/astideco.com\/blog\/comment-organiser-et-ranger-une-bibliotheque\/#primaryimage\"},\"thumbnailUrl\":\"https:\/\/astideco.com\/blog\/wp-content\/uploads\/2019\/08\/9.jpg\",\"articleSection\":[\"PRODUIT\"],\"inLanguage\":\"es\",\"potentialAction\":[{\"@type\":\"CommentAction\",\"name\":\"Comment\",\"target\":[\"https:\/\/astideco.com\/blog\/comment-organiser-et-ranger-une-bibliotheque\/#respond\"]}]},{\"@type\":\"WebPage\",\"@id\":\"https:\/\/astideco.com\/blog\/comment-organiser-et-ranger-une-bibliotheque\/\",\"url\":\"https:\/\/astideco.com\/blog\/comment-organiser-et-ranger-une-bibliotheque\/\",\"name\":\"Comment organiser et ranger une biblioth\u00e8que? - Astiblog\",\"isPartOf\":{\"@id\":\"https:\/\/astideco.com\/blog\/#website\"},\"primaryImageOfPage\":{\"@id\":\"https:\/\/astideco.com\/blog\/comment-organiser-et-ranger-une-bibliotheque\/#primaryimage\"},\"image\":{\"@id\":\"https:\/\/astideco.com\/blog\/comment-organiser-et-ranger-une-bibliotheque\/#primaryimage\"},\"thumbnailUrl\":\"https:\/\/astideco.com\/blog\/wp-content\/uploads\/2019\/08\/9.jpg\",\"datePublished\":\"2018-08-22T10:57:56+00:00\",\"dateModified\":\"2019-08-09T11:00:29+00:00\",\"author\":{\"@id\":\"https:\/\/astideco.com\/blog\/#\/schema\/person\/13fd236103c4c231352fb09b2b7ac5cf\"},\"breadcrumb\":{\"@id\":\"https:\/\/astideco.com\/blog\/comment-organiser-et-ranger-une-bibliotheque\/#breadcrumb\"},\"inLanguage\":\"es\",\"potentialAction\":[{\"@type\":\"ReadAction\",\"target\":[\"https:\/\/astideco.com\/blog\/comment-organiser-et-ranger-une-bibliotheque\/\"]}]},{\"@type\":\"ImageObject\",\"inLanguage\":\"es\",\"@id\":\"https:\/\/astideco.com\/blog\/comment-organiser-et-ranger-une-bibliotheque\/#primaryimage\",\"url\":\"https:\/\/astideco.com\/blog\/wp-content\/uploads\/2019\/08\/9.jpg\",\"contentUrl\":\"https:\/\/astideco.com\/blog\/wp-content\/uploads\/2019\/08\/9.jpg\",\"width\":5268,\"height\":3648},{\"@type\":\"BreadcrumbList\",\"@id\":\"https:\/\/astideco.com\/blog\/comment-organiser-et-ranger-une-bibliotheque\/#breadcrumb\",\"itemListElement\":[{\"@type\":\"ListItem\",\"position\":1,\"name\":\"Portada\",\"item\":\"https:\/\/astideco.com\/blog\/\"},{\"@type\":\"ListItem\",\"position\":2,\"name\":\"Comment organiser et ranger une biblioth\u00e8que?\"}]},{\"@type\":\"WebSite\",\"@id\":\"https:\/\/astideco.com\/blog\/#website\",\"url\":\"https:\/\/astideco.com\/blog\/\",\"name\":\"Astiblog\",\"description\":\"Blog de Astideco.com\",\"potentialAction\":[{\"@type\":\"SearchAction\",\"target\":{\"@type\":\"EntryPoint\",\"urlTemplate\":\"https:\/\/astideco.com\/blog\/?s={search_term_string}\"},\"query-input\":{\"@type\":\"PropertyValueSpecification\",\"valueRequired\":true,\"valueName\":\"search_term_string\"}}],\"inLanguage\":\"es\"},{\"@type\":\"Person\",\"@id\":\"https:\/\/astideco.com\/blog\/#\/schema\/person\/13fd236103c4c231352fb09b2b7ac5cf\",\"name\":\"Astigarraga Kit Line\"}]}<\/script>\n<!-- \/ Yoast SEO plugin. -->","yoast_head_json":{"title":"Comment organiser et ranger une biblioth\u00e8que? - Astiblog","robots":{"index":"index","follow":"follow","max-snippet":"max-snippet:-1","max-image-preview":"max-image-preview:large","max-video-preview":"max-video-preview:-1"},"canonical":"https:\/\/astideco.com\/blog\/comment-organiser-et-ranger-une-bibliotheque\/","og_locale":"es_ES","og_type":"article","og_title":"Comment organiser et ranger une biblioth\u00e8que? - Astiblog","og_description":"Doucement mais s\u00fbrement, le mois de septembre se rapproche. Cela signifie la fin in\u00e9luctable des vacances et un retour imminent au travail et \u00e0 la routine quotidienne. \u00c0 la maison aussi, il convient de pr\u00e9parer cette rentr\u00e9e. Disposer d&#8217;espaces organis\u00e9s [..]","og_url":"https:\/\/astideco.com\/blog\/comment-organiser-et-ranger-une-bibliotheque\/","og_site_name":"Astiblog","article_published_time":"2018-08-22T10:57:56+00:00","article_modified_time":"2019-08-09T11:00:29+00:00","og_image":[{"width":5268,"height":3648,"url":"https:\/\/astideco.com\/blog\/wp-content\/uploads\/2019\/08\/9.jpg","type":"image\/jpeg"}],"author":"Astigarraga Kit Line","twitter_card":"summary_large_image","twitter_misc":{"Escrito por":"Astigarraga Kit Line","Tiempo de lectura":"2 minutos"},"schema":{"@context":"https:\/\/schema.org","@graph":[{"@type":"Article","@id":"https:\/\/astideco.com\/blog\/comment-organiser-et-ranger-une-bibliotheque\/#article","isPartOf":{"@id":"https:\/\/astideco.com\/blog\/comment-organiser-et-ranger-une-bibliotheque\/"},"author":{"name":"Astigarraga Kit Line","@id":"https:\/\/astideco.com\/blog\/#\/schema\/person\/13fd236103c4c231352fb09b2b7ac5cf"},"headline":"Comment organiser et ranger une biblioth\u00e8que?","datePublished":"2018-08-22T10:57:56+00:00","dateModified":"2019-08-09T11:00:29+00:00","mainEntityOfPage":{"@id":"https:\/\/astideco.com\/blog\/comment-organiser-et-ranger-une-bibliotheque\/"},"wordCount":387,"commentCount":0,"image":{"@id":"https:\/\/astideco.com\/blog\/comment-organiser-et-ranger-une-bibliotheque\/#primaryimage"},"thumbnailUrl":"https:\/\/astideco.com\/blog\/wp-content\/uploads\/2019\/08\/9.jpg","articleSection":["PRODUIT"],"inLanguage":"es","potentialAction":[{"@type":"CommentAction","name":"Comment","target":["https:\/\/astideco.com\/blog\/comment-organiser-et-ranger-une-bibliotheque\/#respond"]}]},{"@type":"WebPage","@id":"https:\/\/astideco.com\/blog\/comment-organiser-et-ranger-une-bibliotheque\/","url":"https:\/\/astideco.com\/blog\/comment-organiser-et-ranger-une-bibliotheque\/","name":"Comment organiser et ranger une biblioth\u00e8que? - Astiblog","isPartOf":{"@id":"https:\/\/astideco.com\/blog\/#website"},"primaryImageOfPage":{"@id":"https:\/\/astideco.com\/blog\/comment-organiser-et-ranger-une-bibliotheque\/#primaryimage"},"image":{"@id":"https:\/\/astideco.com\/blog\/comment-organiser-et-ranger-une-bibliotheque\/#primaryimage"},"thumbnailUrl":"https:\/\/astideco.com\/blog\/wp-content\/uploads\/2019\/08\/9.jpg","datePublished":"2018-08-22T10:57:56+00:00","dateModified":"2019-08-09T11:00:29+00:00","author":{"@id":"https:\/\/astideco.com\/blog\/#\/schema\/person\/13fd236103c4c231352fb09b2b7ac5cf"},"breadcrumb":{"@id":"https:\/\/astideco.com\/blog\/comment-organiser-et-ranger-une-bibliotheque\/#breadcrumb"},"inLanguage":"es","potentialAction":[{"@type":"ReadAction","target":["https:\/\/astideco.com\/blog\/comment-organiser-et-ranger-une-bibliotheque\/"]}]},{"@type":"ImageObject","inLanguage":"es","@id":"https:\/\/astideco.com\/blog\/comment-organiser-et-ranger-une-bibliotheque\/#primaryimage","url":"https:\/\/astideco.com\/blog\/wp-content\/uploads\/2019\/08\/9.jpg","contentUrl":"https:\/\/astideco.com\/blog\/wp-content\/uploads\/2019\/08\/9.jpg","width":5268,"height":3648},{"@type":"BreadcrumbList","@id":"https:\/\/astideco.com\/blog\/comment-organiser-et-ranger-une-bibliotheque\/#breadcrumb","itemListElement":[{"@type":"ListItem","position":1,"name":"Portada","item":"https:\/\/astideco.com\/blog\/"},{"@type":"ListItem","position":2,"name":"Comment organiser et ranger une biblioth\u00e8que?"}]},{"@type":"WebSite","@id":"https:\/\/astideco.com\/blog\/#website","url":"https:\/\/astideco.com\/blog\/","name":"Astiblog","description":"Blog de Astideco.com","potentialAction":[{"@type":"SearchAction","target":{"@type":"EntryPoint","urlTemplate":"https:\/\/astideco.com\/blog\/?s={search_term_string}"},"query-input":{"@type":"PropertyValueSpecification","valueRequired":true,"valueName":"search_term_string"}}],"inLanguage":"es"},{"@type":"Person","@id":"https:\/\/astideco.com\/blog\/#\/schema\/person\/13fd236103c4c231352fb09b2b7ac5cf","name":"Astigarraga Kit Line"}]}},"_links":{"self":[{"href":"https:\/\/astideco.com\/blog\/wp-json\/wp\/v2\/posts\/643","targetHints":{"allow":["GET"]}}],"collection":[{"href":"https:\/\/astideco.com\/blog\/wp-json\/wp\/v2\/posts"}],"about":[{"href":"https:\/\/astideco.com\/blog\/wp-json\/wp\/v2\/types\/post"}],"author":[{"embeddable":true,"href":"https:\/\/astideco.com\/blog\/wp-json\/wp\/v2\/users\/6"}],"replies":[{"embeddable":true,"href":"https:\/\/astideco.com\/blog\/wp-json\/wp\/v2\/comments?post=643"}],"version-history":[{"count":1,"href":"https:\/\/astideco.com\/blog\/wp-json\/wp\/v2\/posts\/643\/revisions"}],"predecessor-version":[{"id":644,"href":"https:\/\/astideco.com\/blog\/wp-json\/wp\/v2\/posts\/643\/revisions\/644"}],"wp:featuredmedia":[{"embeddable":true,"href":"https:\/\/astideco.com\/blog\/wp-json\/wp\/v2\/media\/634"}],"wp:attachment":[{"href":"https:\/\/astideco.com\/blog\/wp-json\/wp\/v2\/media?parent=643"}],"wp:term":[{"taxonomy":"category","embeddable":true,"href":"https:\/\/astideco.com\/blog\/wp-json\/wp\/v2\/categories?post=643"},{"taxonomy":"post_tag","embeddable":true,"href":"https:\/\/astideco.com\/blog\/wp-json\/wp\/v2\/tags?post=643"}],"curies":[{"name":"wp","href":"https:\/\/api.w.org\/{rel}","templated":true}]}}