{"id":633,"date":"2018-08-22T10:48:14","date_gmt":"2018-08-22T10:48:14","guid":{"rendered":"https:\/\/astideco.com\/blog\/?p=633"},"modified":"2019-08-09T11:00:57","modified_gmt":"2019-08-09T11:00:57","slug":"estanterias-para-organizar-una-biblioteca","status":"publish","type":"post","link":"https:\/\/astideco.com\/blog\/estanterias-para-organizar-una-biblioteca\/","title":{"rendered":"Estanter\u00edas para organizar una biblioteca"},"content":{"rendered":"<p>Sin querer y sin desearlo nos vamos acercando a septiembre. Y eso significa tantas cosas que, aunque sabemos que dan mucha pereza, no hay m\u00e1s remedio que aceptarlas y llevar con la mejor cara y manera posibles que las vacaciones se acaban y que la vuelta a la rutina del trabajo est\u00e1 encima. En casa tambi\u00e9n es importante prepararse para esa vuelta. Tener espacios organizados que transmitan paz har\u00e1 que llevemos mejor esa sensaci\u00f3n de pensar que por delante quedan muchos meses para volver a disfrutar del verano.<\/p>\n<p>Hoy os presentamos nuestras <strong><u>estanter\u00edas Gala<\/u><\/strong>. Una soluci\u00f3n perfecta para reavivar los espacios de un hogar. Si busc\u00e1is soluciones de almacenaje para despensas o ideas para bibliotecas o librer\u00edas, seguid leyendo. Todos los m\u00f3dulos est\u00e1n acabados en madera ecol\u00f3gica de pino sin barnizar. La sencillez y la pureza en sus l\u00edneas as\u00ed como su practicidad definen a estas estanter\u00edas con las que puedes hacer mil composiciones. Y es que las baldas son regulables en altura y est\u00e1n disponibles en varios tama\u00f1os.<\/p>\n<p>Depende del espacio del que dispongais, os convendr\u00e1 una u otra. Pueden encontrar <strong>estanter\u00edas Gala de 4, 6 \u00f3 7 baldas<\/strong>. La altura de la estanter\u00eda depender\u00e1 del n\u00famero de baldas que elij\u00e1is: podr\u00e1s crear una estanter\u00eda de cuatro estantes de 1,20m de altura u otra de siete baldas de 2,16m. Tambi\u00e9n pod\u00e9is decidir el ancho: 50cm \u00f3 80cm. Por su parte, todos los m\u00f3dulos comparten las mismas medidas del fondo (25cm) y grosor (22mm).<\/p>\n<p>\u00bfQuer\u00e9is ver todas las posibles opciones?<\/p>\n<p><strong>&#8211; Estanter\u00edas de 50cm de ancho<\/strong>:<\/p>\n<p><img decoding=\"async\" class=\"lazyload alignnone wp-image-638\" src=\"https:\/\/astideco.com\/blog\/wp-content\/uploads\/2019\/08\/estrecho-300x240.jpg\" data-orig-src=\"https:\/\/astideco.com\/blog\/wp-content\/uploads\/2019\/08\/estrecho-300x240.jpg\" alt=\"\" width=\"1200\" height=\"959\" srcset=\"data:image\/svg+xml,%3Csvg%20xmlns%3D%27http%3A%2F%2Fwww.w3.org%2F2000%2Fsvg%27%20width%3D%271200%27%20height%3D%27959%27%20viewBox%3D%270%200%201200%20959%27%3E%3Crect%20width%3D%271200%27%20height%3D%27959%27%20fill-opacity%3D%220%22%2F%3E%3C%2Fsvg%3E\" data-srcset=\"https:\/\/astideco.com\/blog\/wp-content\/uploads\/2019\/08\/estrecho-300x240.jpg 300w, https:\/\/astideco.com\/blog\/wp-content\/uploads\/2019\/08\/estrecho-768x614.jpg 768w, https:\/\/astideco.com\/blog\/wp-content\/uploads\/2019\/08\/estrecho-1024x819.jpg 1024w, https:\/\/astideco.com\/blog\/wp-content\/uploads\/2019\/08\/estrecho.jpg 1516w\" data-sizes=\"auto\" data-orig-sizes=\"(max-width: 1200px) 100vw, 1200px\" \/><\/p>\n<p><strong>&#8211; Estanter\u00edas de 80cm de ancho<\/strong>:<\/p>\n<p><img decoding=\"async\" class=\"lazyload alignnone wp-image-641\" src=\"https:\/\/astideco.com\/blog\/wp-content\/uploads\/2019\/08\/ancho-300x212.jpg\" data-orig-src=\"https:\/\/astideco.com\/blog\/wp-content\/uploads\/2019\/08\/ancho-300x212.jpg\" alt=\"\" width=\"1201\" height=\"848\" srcset=\"data:image\/svg+xml,%3Csvg%20xmlns%3D%27http%3A%2F%2Fwww.w3.org%2F2000%2Fsvg%27%20width%3D%271201%27%20height%3D%27848%27%20viewBox%3D%270%200%201201%20848%27%3E%3Crect%20width%3D%271201%27%20height%3D%27848%27%20fill-opacity%3D%220%22%2F%3E%3C%2Fsvg%3E\" data-srcset=\"https:\/\/astideco.com\/blog\/wp-content\/uploads\/2019\/08\/ancho-300x212.jpg 300w, https:\/\/astideco.com\/blog\/wp-content\/uploads\/2019\/08\/ancho-768x542.jpg 768w, https:\/\/astideco.com\/blog\/wp-content\/uploads\/2019\/08\/ancho-1024x723.jpg 1024w, https:\/\/astideco.com\/blog\/wp-content\/uploads\/2019\/08\/ancho.jpg 1600w\" data-sizes=\"auto\" data-orig-sizes=\"(max-width: 1201px) 100vw, 1201px\" \/><\/p>\n<p>Combinarlas depende tu espacio y de tus gustos porque las posibilidades se multiplican hasta el infinito.<\/p>\n<p><img decoding=\"async\" class=\"lazyload alignnone wp-image-636\" src=\"https:\/\/astideco.com\/blog\/wp-content\/uploads\/2019\/08\/20160518FOTO-AMBIENTE-GALA-SIN-BARNIZ-LIBRERIA-300x200.jpg\" data-orig-src=\"https:\/\/astideco.com\/blog\/wp-content\/uploads\/2019\/08\/20160518FOTO-AMBIENTE-GALA-SIN-BARNIZ-LIBRERIA-300x200.jpg\" alt=\"\" width=\"1199\" height=\"800\" srcset=\"data:image\/svg+xml,%3Csvg%20xmlns%3D%27http%3A%2F%2Fwww.w3.org%2F2000%2Fsvg%27%20width%3D%271199%27%20height%3D%27800%27%20viewBox%3D%270%200%201199%20800%27%3E%3Crect%20width%3D%271199%27%20height%3D%27800%27%20fill-opacity%3D%220%22%2F%3E%3C%2Fsvg%3E\" data-srcset=\"https:\/\/astideco.com\/blog\/wp-content\/uploads\/2019\/08\/20160518FOTO-AMBIENTE-GALA-SIN-BARNIZ-LIBRERIA-300x200.jpg 300w, https:\/\/astideco.com\/blog\/wp-content\/uploads\/2019\/08\/20160518FOTO-AMBIENTE-GALA-SIN-BARNIZ-LIBRERIA-768x512.jpg 768w, https:\/\/astideco.com\/blog\/wp-content\/uploads\/2019\/08\/20160518FOTO-AMBIENTE-GALA-SIN-BARNIZ-LIBRERIA.jpg 1024w\" data-sizes=\"auto\" data-orig-sizes=\"(max-width: 1199px) 100vw, 1199px\" \/> <img decoding=\"async\" class=\"lazyload alignnone wp-image-635\" src=\"https:\/\/astideco.com\/blog\/wp-content\/uploads\/2019\/08\/20160518FOTO-AMBIENTE-GALA-SIN-BARNIZ-DESPENSA-300x200.jpg\" data-orig-src=\"https:\/\/astideco.com\/blog\/wp-content\/uploads\/2019\/08\/20160518FOTO-AMBIENTE-GALA-SIN-BARNIZ-DESPENSA-300x200.jpg\" alt=\"\" width=\"1199\" height=\"800\" srcset=\"data:image\/svg+xml,%3Csvg%20xmlns%3D%27http%3A%2F%2Fwww.w3.org%2F2000%2Fsvg%27%20width%3D%271199%27%20height%3D%27800%27%20viewBox%3D%270%200%201199%20800%27%3E%3Crect%20width%3D%271199%27%20height%3D%27800%27%20fill-opacity%3D%220%22%2F%3E%3C%2Fsvg%3E\" data-srcset=\"https:\/\/astideco.com\/blog\/wp-content\/uploads\/2019\/08\/20160518FOTO-AMBIENTE-GALA-SIN-BARNIZ-DESPENSA-300x200.jpg 300w, https:\/\/astideco.com\/blog\/wp-content\/uploads\/2019\/08\/20160518FOTO-AMBIENTE-GALA-SIN-BARNIZ-DESPENSA-768x512.jpg 768w, https:\/\/astideco.com\/blog\/wp-content\/uploads\/2019\/08\/20160518FOTO-AMBIENTE-GALA-SIN-BARNIZ-DESPENSA.jpg 1024w\" data-sizes=\"auto\" data-orig-sizes=\"(max-width: 1199px) 100vw, 1199px\" \/><\/p>\n<p>La serie Gala va m\u00e1s all\u00e1 y es que se preocupa de los espacios casi siempre peor aprovechados: las <strong>esquinas<\/strong>. Estos muebles esquineros optimizar\u00e1n esos rincones que casi siempre se olvidan y se desaprovechan. Se trata de una estanter\u00eda que se puede colocar en cuatro posiciones. Las dos primeras hacen referencia a unir dos estanter\u00edas en una esquina formando un \u00e1ngulo exterior o interior. La tercera y cuarta posiciones ser\u00eda colocar una estanter\u00eda con terminaci\u00f3n hacia la izquierda o hacia la derecha. Est\u00e1 disponible en dos medidas: \u00a0<b>184,7x50x25 cm <\/b>y <b>120,7x50x25 cm<\/b>.<\/p>\n<p><img decoding=\"async\" class=\"lazyload alignnone wp-image-637\" src=\"https:\/\/astideco.com\/blog\/wp-content\/uploads\/2019\/08\/castellano-300x146.jpg\" data-orig-src=\"https:\/\/astideco.com\/blog\/wp-content\/uploads\/2019\/08\/castellano-300x146.jpg\" alt=\"\" width=\"1200\" height=\"585\" srcset=\"data:image\/svg+xml,%3Csvg%20xmlns%3D%27http%3A%2F%2Fwww.w3.org%2F2000%2Fsvg%27%20width%3D%271200%27%20height%3D%27585%27%20viewBox%3D%270%200%201200%20585%27%3E%3Crect%20width%3D%271200%27%20height%3D%27585%27%20fill-opacity%3D%220%22%2F%3E%3C%2Fsvg%3E\" data-srcset=\"https:\/\/astideco.com\/blog\/wp-content\/uploads\/2019\/08\/castellano-300x146.jpg 300w, https:\/\/astideco.com\/blog\/wp-content\/uploads\/2019\/08\/castellano-768x374.jpg 768w, https:\/\/astideco.com\/blog\/wp-content\/uploads\/2019\/08\/castellano-1024x499.jpg 1024w, https:\/\/astideco.com\/blog\/wp-content\/uploads\/2019\/08\/castellano.jpg 1600w\" data-sizes=\"auto\" data-orig-sizes=\"(max-width: 1200px) 100vw, 1200px\" \/> <img decoding=\"async\" class=\"lazyload alignnone wp-image-639\" src=\"https:\/\/astideco.com\/blog\/wp-content\/uploads\/2019\/08\/Sin-ti\u0301tulo-ok-1-300x196.jpg\" data-orig-src=\"https:\/\/astideco.com\/blog\/wp-content\/uploads\/2019\/08\/Sin-ti\u0301tulo-ok-1-300x196.jpg\" alt=\"\" width=\"1200\" height=\"784\" srcset=\"data:image\/svg+xml,%3Csvg%20xmlns%3D%27http%3A%2F%2Fwww.w3.org%2F2000%2Fsvg%27%20width%3D%271200%27%20height%3D%27784%27%20viewBox%3D%270%200%201200%20784%27%3E%3Crect%20width%3D%271200%27%20height%3D%27784%27%20fill-opacity%3D%220%22%2F%3E%3C%2Fsvg%3E\" data-srcset=\"https:\/\/astideco.com\/blog\/wp-content\/uploads\/2019\/08\/Sin-ti\u0301tulo-ok-1-300x196.jpg 300w, https:\/\/astideco.com\/blog\/wp-content\/uploads\/2019\/08\/Sin-ti\u0301tulo-ok-1-768x502.jpg 768w, https:\/\/astideco.com\/blog\/wp-content\/uploads\/2019\/08\/Sin-ti\u0301tulo-ok-1-1024x669.jpg 1024w, https:\/\/astideco.com\/blog\/wp-content\/uploads\/2019\/08\/Sin-ti\u0301tulo-ok-1.jpg 1165w\" data-sizes=\"auto\" data-orig-sizes=\"(max-width: 1200px) 100vw, 1200px\" \/> <img decoding=\"async\" class=\"lazyload alignnone wp-image-640\" src=\"https:\/\/astideco.com\/blog\/wp-content\/uploads\/2019\/08\/Sin-ti\u0301tulo-3-300x195.jpg\" data-orig-src=\"https:\/\/astideco.com\/blog\/wp-content\/uploads\/2019\/08\/Sin-ti\u0301tulo-3-300x195.jpg\" alt=\"\" width=\"1201\" height=\"779\" srcset=\"data:image\/svg+xml,%3Csvg%20xmlns%3D%27http%3A%2F%2Fwww.w3.org%2F2000%2Fsvg%27%20width%3D%271201%27%20height%3D%27779%27%20viewBox%3D%270%200%201201%20779%27%3E%3Crect%20width%3D%271201%27%20height%3D%27779%27%20fill-opacity%3D%220%22%2F%3E%3C%2Fsvg%3E\" data-srcset=\"https:\/\/astideco.com\/blog\/wp-content\/uploads\/2019\/08\/Sin-ti\u0301tulo-3-300x195.jpg 300w, https:\/\/astideco.com\/blog\/wp-content\/uploads\/2019\/08\/Sin-ti\u0301tulo-3-768x498.jpg 768w, https:\/\/astideco.com\/blog\/wp-content\/uploads\/2019\/08\/Sin-ti\u0301tulo-3-1024x664.jpg 1024w, https:\/\/astideco.com\/blog\/wp-content\/uploads\/2019\/08\/Sin-ti\u0301tulo-3.jpg 1162w\" data-sizes=\"auto\" data-orig-sizes=\"(max-width: 1201px) 100vw, 1201px\" \/><\/p>\n<p><em>Gracias por dejarnos decorar tu hogar de una manera sostenible.<\/em><\/p>\n<p>&nbsp;<\/p>\n","protected":false},"excerpt":{"rendered":"<p>Sin querer y sin desearlo nos vamos acercando a septiembre. Y eso significa tantas cosas que, aunque sabemos que dan mucha pereza, no hay m\u00e1s remedio que aceptarlas y llevar con la mejor cara y manera posibles que las vacaciones  [..]<\/p>\n","protected":false},"author":6,"featured_media":634,"comment_status":"open","ping_status":"open","sticky":false,"template":"","format":"standard","meta":{"footnotes":""},"categories":[15],"tags":[],"class_list":["post-633","post","type-post","status-publish","format-standard","has-post-thumbnail","hentry","category-producto"],"yoast_head":"<!-- This site is optimized with the Yoast SEO plugin v27.0 - https:\/\/yoast.com\/product\/yoast-seo-wordpress\/ -->\n<title>Estanter\u00edas para organizar una biblioteca - Astiblog<\/title>\n<meta name=\"robots\" content=\"index, follow, max-snippet:-1, max-image-preview:large, max-video-preview:-1\" \/>\n<link rel=\"canonical\" href=\"https:\/\/astideco.com\/blog\/estanterias-para-organizar-una-biblioteca\/\" \/>\n<meta property=\"og:locale\" content=\"es_ES\" \/>\n<meta property=\"og:type\" content=\"article\" \/>\n<meta property=\"og:title\" content=\"Estanter\u00edas para organizar una biblioteca - Astiblog\" \/>\n<meta property=\"og:description\" content=\"Sin querer y sin desearlo nos vamos acercando a septiembre. Y eso significa tantas cosas que, aunque sabemos que dan mucha pereza, no hay m\u00e1s remedio que aceptarlas y llevar con la mejor cara y manera posibles que las vacaciones [..]\" \/>\n<meta property=\"og:url\" content=\"https:\/\/astideco.com\/blog\/estanterias-para-organizar-una-biblioteca\/\" \/>\n<meta property=\"og:site_name\" content=\"Astiblog\" \/>\n<meta property=\"article:published_time\" content=\"2018-08-22T10:48:14+00:00\" \/>\n<meta property=\"article:modified_time\" content=\"2019-08-09T11:00:57+00:00\" \/>\n<meta property=\"og:image\" content=\"https:\/\/astideco.com\/blog\/wp-content\/uploads\/2019\/08\/9.jpg\" \/>\n\t<meta property=\"og:image:width\" content=\"5268\" \/>\n\t<meta property=\"og:image:height\" content=\"3648\" \/>\n\t<meta property=\"og:image:type\" content=\"image\/jpeg\" \/>\n<meta name=\"author\" content=\"Astigarraga Kit Line\" \/>\n<meta name=\"twitter:card\" content=\"summary_large_image\" \/>\n<meta name=\"twitter:label1\" content=\"Escrito por\" \/>\n\t<meta name=\"twitter:data1\" content=\"Astigarraga Kit Line\" \/>\n\t<meta name=\"twitter:label2\" content=\"Tiempo de lectura\" \/>\n\t<meta name=\"twitter:data2\" content=\"2 minutos\" \/>\n<script type=\"application\/ld+json\" class=\"yoast-schema-graph\">{\"@context\":\"https:\/\/schema.org\",\"@graph\":[{\"@type\":\"Article\",\"@id\":\"https:\/\/astideco.com\/blog\/estanterias-para-organizar-una-biblioteca\/#article\",\"isPartOf\":{\"@id\":\"https:\/\/astideco.com\/blog\/estanterias-para-organizar-una-biblioteca\/\"},\"author\":{\"name\":\"Astigarraga Kit Line\",\"@id\":\"https:\/\/astideco.com\/blog\/#\/schema\/person\/13fd236103c4c231352fb09b2b7ac5cf\"},\"headline\":\"Estanter\u00edas para organizar una biblioteca\",\"datePublished\":\"2018-08-22T10:48:14+00:00\",\"dateModified\":\"2019-08-09T11:00:57+00:00\",\"mainEntityOfPage\":{\"@id\":\"https:\/\/astideco.com\/blog\/estanterias-para-organizar-una-biblioteca\/\"},\"wordCount\":417,\"commentCount\":0,\"image\":{\"@id\":\"https:\/\/astideco.com\/blog\/estanterias-para-organizar-una-biblioteca\/#primaryimage\"},\"thumbnailUrl\":\"https:\/\/astideco.com\/blog\/wp-content\/uploads\/2019\/08\/9.jpg\",\"articleSection\":[\"Producto\"],\"inLanguage\":\"es\",\"potentialAction\":[{\"@type\":\"CommentAction\",\"name\":\"Comment\",\"target\":[\"https:\/\/astideco.com\/blog\/estanterias-para-organizar-una-biblioteca\/#respond\"]}]},{\"@type\":\"WebPage\",\"@id\":\"https:\/\/astideco.com\/blog\/estanterias-para-organizar-una-biblioteca\/\",\"url\":\"https:\/\/astideco.com\/blog\/estanterias-para-organizar-una-biblioteca\/\",\"name\":\"Estanter\u00edas para organizar una biblioteca - Astiblog\",\"isPartOf\":{\"@id\":\"https:\/\/astideco.com\/blog\/#website\"},\"primaryImageOfPage\":{\"@id\":\"https:\/\/astideco.com\/blog\/estanterias-para-organizar-una-biblioteca\/#primaryimage\"},\"image\":{\"@id\":\"https:\/\/astideco.com\/blog\/estanterias-para-organizar-una-biblioteca\/#primaryimage\"},\"thumbnailUrl\":\"https:\/\/astideco.com\/blog\/wp-content\/uploads\/2019\/08\/9.jpg\",\"datePublished\":\"2018-08-22T10:48:14+00:00\",\"dateModified\":\"2019-08-09T11:00:57+00:00\",\"author\":{\"@id\":\"https:\/\/astideco.com\/blog\/#\/schema\/person\/13fd236103c4c231352fb09b2b7ac5cf\"},\"breadcrumb\":{\"@id\":\"https:\/\/astideco.com\/blog\/estanterias-para-organizar-una-biblioteca\/#breadcrumb\"},\"inLanguage\":\"es\",\"potentialAction\":[{\"@type\":\"ReadAction\",\"target\":[\"https:\/\/astideco.com\/blog\/estanterias-para-organizar-una-biblioteca\/\"]}]},{\"@type\":\"ImageObject\",\"inLanguage\":\"es\",\"@id\":\"https:\/\/astideco.com\/blog\/estanterias-para-organizar-una-biblioteca\/#primaryimage\",\"url\":\"https:\/\/astideco.com\/blog\/wp-content\/uploads\/2019\/08\/9.jpg\",\"contentUrl\":\"https:\/\/astideco.com\/blog\/wp-content\/uploads\/2019\/08\/9.jpg\",\"width\":5268,\"height\":3648},{\"@type\":\"BreadcrumbList\",\"@id\":\"https:\/\/astideco.com\/blog\/estanterias-para-organizar-una-biblioteca\/#breadcrumb\",\"itemListElement\":[{\"@type\":\"ListItem\",\"position\":1,\"name\":\"Portada\",\"item\":\"https:\/\/astideco.com\/blog\/\"},{\"@type\":\"ListItem\",\"position\":2,\"name\":\"Estanter\u00edas para organizar una biblioteca\"}]},{\"@type\":\"WebSite\",\"@id\":\"https:\/\/astideco.com\/blog\/#website\",\"url\":\"https:\/\/astideco.com\/blog\/\",\"name\":\"Astiblog\",\"description\":\"Blog de Astideco.com\",\"potentialAction\":[{\"@type\":\"SearchAction\",\"target\":{\"@type\":\"EntryPoint\",\"urlTemplate\":\"https:\/\/astideco.com\/blog\/?s={search_term_string}\"},\"query-input\":{\"@type\":\"PropertyValueSpecification\",\"valueRequired\":true,\"valueName\":\"search_term_string\"}}],\"inLanguage\":\"es\"},{\"@type\":\"Person\",\"@id\":\"https:\/\/astideco.com\/blog\/#\/schema\/person\/13fd236103c4c231352fb09b2b7ac5cf\",\"name\":\"Astigarraga Kit Line\"}]}<\/script>\n<!-- \/ Yoast SEO plugin. -->","yoast_head_json":{"title":"Estanter\u00edas para organizar una biblioteca - Astiblog","robots":{"index":"index","follow":"follow","max-snippet":"max-snippet:-1","max-image-preview":"max-image-preview:large","max-video-preview":"max-video-preview:-1"},"canonical":"https:\/\/astideco.com\/blog\/estanterias-para-organizar-una-biblioteca\/","og_locale":"es_ES","og_type":"article","og_title":"Estanter\u00edas para organizar una biblioteca - Astiblog","og_description":"Sin querer y sin desearlo nos vamos acercando a septiembre. Y eso significa tantas cosas que, aunque sabemos que dan mucha pereza, no hay m\u00e1s remedio que aceptarlas y llevar con la mejor cara y manera posibles que las vacaciones [..]","og_url":"https:\/\/astideco.com\/blog\/estanterias-para-organizar-una-biblioteca\/","og_site_name":"Astiblog","article_published_time":"2018-08-22T10:48:14+00:00","article_modified_time":"2019-08-09T11:00:57+00:00","og_image":[{"width":5268,"height":3648,"url":"https:\/\/astideco.com\/blog\/wp-content\/uploads\/2019\/08\/9.jpg","type":"image\/jpeg"}],"author":"Astigarraga Kit Line","twitter_card":"summary_large_image","twitter_misc":{"Escrito por":"Astigarraga Kit Line","Tiempo de lectura":"2 minutos"},"schema":{"@context":"https:\/\/schema.org","@graph":[{"@type":"Article","@id":"https:\/\/astideco.com\/blog\/estanterias-para-organizar-una-biblioteca\/#article","isPartOf":{"@id":"https:\/\/astideco.com\/blog\/estanterias-para-organizar-una-biblioteca\/"},"author":{"name":"Astigarraga Kit Line","@id":"https:\/\/astideco.com\/blog\/#\/schema\/person\/13fd236103c4c231352fb09b2b7ac5cf"},"headline":"Estanter\u00edas para organizar una biblioteca","datePublished":"2018-08-22T10:48:14+00:00","dateModified":"2019-08-09T11:00:57+00:00","mainEntityOfPage":{"@id":"https:\/\/astideco.com\/blog\/estanterias-para-organizar-una-biblioteca\/"},"wordCount":417,"commentCount":0,"image":{"@id":"https:\/\/astideco.com\/blog\/estanterias-para-organizar-una-biblioteca\/#primaryimage"},"thumbnailUrl":"https:\/\/astideco.com\/blog\/wp-content\/uploads\/2019\/08\/9.jpg","articleSection":["Producto"],"inLanguage":"es","potentialAction":[{"@type":"CommentAction","name":"Comment","target":["https:\/\/astideco.com\/blog\/estanterias-para-organizar-una-biblioteca\/#respond"]}]},{"@type":"WebPage","@id":"https:\/\/astideco.com\/blog\/estanterias-para-organizar-una-biblioteca\/","url":"https:\/\/astideco.com\/blog\/estanterias-para-organizar-una-biblioteca\/","name":"Estanter\u00edas para organizar una biblioteca - Astiblog","isPartOf":{"@id":"https:\/\/astideco.com\/blog\/#website"},"primaryImageOfPage":{"@id":"https:\/\/astideco.com\/blog\/estanterias-para-organizar-una-biblioteca\/#primaryimage"},"image":{"@id":"https:\/\/astideco.com\/blog\/estanterias-para-organizar-una-biblioteca\/#primaryimage"},"thumbnailUrl":"https:\/\/astideco.com\/blog\/wp-content\/uploads\/2019\/08\/9.jpg","datePublished":"2018-08-22T10:48:14+00:00","dateModified":"2019-08-09T11:00:57+00:00","author":{"@id":"https:\/\/astideco.com\/blog\/#\/schema\/person\/13fd236103c4c231352fb09b2b7ac5cf"},"breadcrumb":{"@id":"https:\/\/astideco.com\/blog\/estanterias-para-organizar-una-biblioteca\/#breadcrumb"},"inLanguage":"es","potentialAction":[{"@type":"ReadAction","target":["https:\/\/astideco.com\/blog\/estanterias-para-organizar-una-biblioteca\/"]}]},{"@type":"ImageObject","inLanguage":"es","@id":"https:\/\/astideco.com\/blog\/estanterias-para-organizar-una-biblioteca\/#primaryimage","url":"https:\/\/astideco.com\/blog\/wp-content\/uploads\/2019\/08\/9.jpg","contentUrl":"https:\/\/astideco.com\/blog\/wp-content\/uploads\/2019\/08\/9.jpg","width":5268,"height":3648},{"@type":"BreadcrumbList","@id":"https:\/\/astideco.com\/blog\/estanterias-para-organizar-una-biblioteca\/#breadcrumb","itemListElement":[{"@type":"ListItem","position":1,"name":"Portada","item":"https:\/\/astideco.com\/blog\/"},{"@type":"ListItem","position":2,"name":"Estanter\u00edas para organizar una biblioteca"}]},{"@type":"WebSite","@id":"https:\/\/astideco.com\/blog\/#website","url":"https:\/\/astideco.com\/blog\/","name":"Astiblog","description":"Blog de Astideco.com","potentialAction":[{"@type":"SearchAction","target":{"@type":"EntryPoint","urlTemplate":"https:\/\/astideco.com\/blog\/?s={search_term_string}"},"query-input":{"@type":"PropertyValueSpecification","valueRequired":true,"valueName":"search_term_string"}}],"inLanguage":"es"},{"@type":"Person","@id":"https:\/\/astideco.com\/blog\/#\/schema\/person\/13fd236103c4c231352fb09b2b7ac5cf","name":"Astigarraga Kit Line"}]}},"_links":{"self":[{"href":"https:\/\/astideco.com\/blog\/wp-json\/wp\/v2\/posts\/633","targetHints":{"allow":["GET"]}}],"collection":[{"href":"https:\/\/astideco.com\/blog\/wp-json\/wp\/v2\/posts"}],"about":[{"href":"https:\/\/astideco.com\/blog\/wp-json\/wp\/v2\/types\/post"}],"author":[{"embeddable":true,"href":"https:\/\/astideco.com\/blog\/wp-json\/wp\/v2\/users\/6"}],"replies":[{"embeddable":true,"href":"https:\/\/astideco.com\/blog\/wp-json\/wp\/v2\/comments?post=633"}],"version-history":[{"count":1,"href":"https:\/\/astideco.com\/blog\/wp-json\/wp\/v2\/posts\/633\/revisions"}],"predecessor-version":[{"id":642,"href":"https:\/\/astideco.com\/blog\/wp-json\/wp\/v2\/posts\/633\/revisions\/642"}],"wp:featuredmedia":[{"embeddable":true,"href":"https:\/\/astideco.com\/blog\/wp-json\/wp\/v2\/media\/634"}],"wp:attachment":[{"href":"https:\/\/astideco.com\/blog\/wp-json\/wp\/v2\/media?parent=633"}],"wp:term":[{"taxonomy":"category","embeddable":true,"href":"https:\/\/astideco.com\/blog\/wp-json\/wp\/v2\/categories?post=633"},{"taxonomy":"post_tag","embeddable":true,"href":"https:\/\/astideco.com\/blog\/wp-json\/wp\/v2\/tags?post=633"}],"curies":[{"name":"wp","href":"https:\/\/api.w.org\/{rel}","templated":true}]}}