{"id":6125,"date":"2025-05-02T14:16:37","date_gmt":"2025-05-02T14:16:37","guid":{"rendered":"https:\/\/astideco.com\/blog\/?p=6125"},"modified":"2025-05-04T10:54:34","modified_gmt":"2025-05-04T10:54:34","slug":"muebles-que-fomentan-la-autonomia-de-los-ninos","status":"publish","type":"post","link":"https:\/\/astideco.com\/blog\/muebles-que-fomentan-la-autonomia-de-los-ninos\/","title":{"rendered":"Muebles que fomentan la autonom\u00eda de los ni\u00f1os"},"content":{"rendered":"<p><span>El mobiliario infantil es esencial para el desarrollo de los m\u00e1s peque\u00f1os. Los <strong>muebles que fomentan la autonom\u00eda de los ni\u00f1os<\/strong> permiten que aprendan a organizar su entorno, gestionar sus pertenencias y ser m\u00e1s independientes, todo de forma sencilla y segura.<\/span><\/p>\n<p><span>Crear un espacio adaptado a su tama\u00f1o y necesidades facilita que los ni\u00f1os ganen en autonom\u00eda, y elementos como un <strong>perchero a su altura<\/strong> o un <strong>banco zapatero<\/strong> con compartimentos accesibles les ayudan a aprender a organizarse desde edades tempranas.<\/span><\/p>\n<p><img decoding=\"async\" class=\"lazyload alignnone wp-image-6130 size-fusion-1200\" src=\"https:\/\/astideco.com\/blog\/wp-content\/uploads\/2025\/04\/mobiliario_infantil_astigarraga_kit_line-6-1200x800.jpg\" data-orig-src=\"https:\/\/astideco.com\/blog\/wp-content\/uploads\/2025\/04\/mobiliario_infantil_astigarraga_kit_line-6-1200x800.jpg\" alt=\"banco_zapatero_y_colgadores_vera\" width=\"1200\" height=\"800\" srcset=\"data:image\/svg+xml,%3Csvg%20xmlns%3D%27http%3A%2F%2Fwww.w3.org%2F2000%2Fsvg%27%20width%3D%271200%27%20height%3D%27800%27%20viewBox%3D%270%200%201200%20800%27%3E%3Crect%20width%3D%271200%27%20height%3D%27800%27%20fill-opacity%3D%220%22%2F%3E%3C%2Fsvg%3E\" data-srcset=\"https:\/\/astideco.com\/blog\/wp-content\/uploads\/2025\/04\/mobiliario_infantil_astigarraga_kit_line-6-200x133.jpg 200w, https:\/\/astideco.com\/blog\/wp-content\/uploads\/2025\/04\/mobiliario_infantil_astigarraga_kit_line-6-300x200.jpg 300w, https:\/\/astideco.com\/blog\/wp-content\/uploads\/2025\/04\/mobiliario_infantil_astigarraga_kit_line-6-400x267.jpg 400w, https:\/\/astideco.com\/blog\/wp-content\/uploads\/2025\/04\/mobiliario_infantil_astigarraga_kit_line-6-600x400.jpg 600w, https:\/\/astideco.com\/blog\/wp-content\/uploads\/2025\/04\/mobiliario_infantil_astigarraga_kit_line-6-768x512.jpg 768w, https:\/\/astideco.com\/blog\/wp-content\/uploads\/2025\/04\/mobiliario_infantil_astigarraga_kit_line-6-800x533.jpg 800w, https:\/\/astideco.com\/blog\/wp-content\/uploads\/2025\/04\/mobiliario_infantil_astigarraga_kit_line-6-1024x683.jpg 1024w, https:\/\/astideco.com\/blog\/wp-content\/uploads\/2025\/04\/mobiliario_infantil_astigarraga_kit_line-6-1200x800.jpg 1200w, https:\/\/astideco.com\/blog\/wp-content\/uploads\/2025\/04\/mobiliario_infantil_astigarraga_kit_line-6-1536x1024.jpg 1536w\" data-sizes=\"auto\" data-orig-sizes=\"(max-width: 1200px) 100vw, 1200px\" \/><\/p>\n<h2><strong>Un espacio para aprender y crecer<\/strong><\/h2>\n<p><span>Tener un lugar donde colgar su abrigo o dejar sus zapatos es una forma muy pr\u00e1ctica de ense\u00f1arles h\u00e1bitos de orden. Los muebles que fomentan la autonom\u00eda de los ni\u00f1os est\u00e1n dise\u00f1ados para que puedan usarlos de manera independiente, sin la ayuda de un adulto, <strong>reforzando su confianza<\/strong> y ense\u00f1\u00e1ndoles a asumir responsabilidades de forma natural.<\/span><\/p>\n<p><span>El <a href=\"https:\/\/astideco.com\/es\/percheros-y-colgadores-infantiles\" target=\"_blank\" rel=\"noopener\"><span><strong>perchero infantil VERA<\/strong><\/span><\/a> es un claro ejemplo de este tipo de mobiliario. Con <strong>cuatro o cinco colgadores disponibles<\/strong>, se adapta perfectamente a cualquier espacio, ya sea en el hogar o en un entorno educativo como colegios o guarder\u00edas. Su dise\u00f1o en madera y su tama\u00f1o adecuado para los m\u00e1s peque\u00f1os hacen que colocar una chaqueta, mochila o gorro sea algo sencillo y accesible para ellos.<\/span><\/p>\n<p><img decoding=\"async\" class=\"lazyload alignnone wp-image-6127 size-fusion-1200\" src=\"https:\/\/astideco.com\/blog\/wp-content\/uploads\/2025\/04\/mobiliario_infantil_astigarraga_kit_line-3-1200x1651.jpg\" data-orig-src=\"https:\/\/astideco.com\/blog\/wp-content\/uploads\/2025\/04\/mobiliario_infantil_astigarraga_kit_line-3-1200x1651.jpg\" alt=\"perchero_infantil_vera\" width=\"1200\" height=\"1651\" srcset=\"data:image\/svg+xml,%3Csvg%20xmlns%3D%27http%3A%2F%2Fwww.w3.org%2F2000%2Fsvg%27%20width%3D%271200%27%20height%3D%271651%27%20viewBox%3D%270%200%201200%201651%27%3E%3Crect%20width%3D%271200%27%20height%3D%271651%27%20fill-opacity%3D%220%22%2F%3E%3C%2Fsvg%3E\" data-srcset=\"https:\/\/astideco.com\/blog\/wp-content\/uploads\/2025\/04\/mobiliario_infantil_astigarraga_kit_line-3-200x275.jpg 200w, https:\/\/astideco.com\/blog\/wp-content\/uploads\/2025\/04\/mobiliario_infantil_astigarraga_kit_line-3-218x300.jpg 218w, https:\/\/astideco.com\/blog\/wp-content\/uploads\/2025\/04\/mobiliario_infantil_astigarraga_kit_line-3-400x550.jpg 400w, https:\/\/astideco.com\/blog\/wp-content\/uploads\/2025\/04\/mobiliario_infantil_astigarraga_kit_line-3-600x825.jpg 600w, https:\/\/astideco.com\/blog\/wp-content\/uploads\/2025\/04\/mobiliario_infantil_astigarraga_kit_line-3-744x1024.jpg 744w, https:\/\/astideco.com\/blog\/wp-content\/uploads\/2025\/04\/mobiliario_infantil_astigarraga_kit_line-3-768x1056.jpg 768w, https:\/\/astideco.com\/blog\/wp-content\/uploads\/2025\/04\/mobiliario_infantil_astigarraga_kit_line-3-800x1100.jpg 800w, https:\/\/astideco.com\/blog\/wp-content\/uploads\/2025\/04\/mobiliario_infantil_astigarraga_kit_line-3-1117x1536.jpg 1117w, https:\/\/astideco.com\/blog\/wp-content\/uploads\/2025\/04\/mobiliario_infantil_astigarraga_kit_line-3-1200x1651.jpg 1200w, https:\/\/astideco.com\/blog\/wp-content\/uploads\/2025\/04\/mobiliario_infantil_astigarraga_kit_line-3-1489x2048.jpg 1489w, https:\/\/astideco.com\/blog\/wp-content\/uploads\/2025\/04\/mobiliario_infantil_astigarraga_kit_line-3-scaled.jpg 1861w\" data-sizes=\"auto\" data-orig-sizes=\"(max-width: 1200px) 100vw, 1200px\" \/><\/p>\n<p><span>El <a href=\"https:\/\/astideco.com\/es\/montessori\/baules-y-bancos-infantiles\/banco-zapatero-infantil-de-madera-vera\" target=\"_blank\" rel=\"noopener\"><span><strong>banco zapatero infantil VERA<\/strong><\/span><\/a>, por su parte, es ideal para <strong>mantener los zapatos organizados<\/strong>. Con <strong>cinco compartimentos<\/strong>, ofrece el espacio perfecto para guardar distintos pares de zapatos o peque\u00f1os accesorios. Adem\u00e1s, este banco zapatero cumple con la <strong>normativa europea de mobiliario infantil UNE-EN 17191<\/strong>, lo que asegura su seguridad y el uso <strong>homologado en escuelas y centros educativos<\/strong>. Adem\u00e1s, cuentan con el <a href=\"https:\/\/www.pefc.es\/\" target=\"_blank\" rel=\"noopener\"><strong>certificado PEFC<\/strong><\/a>.<\/span><\/p>\n<p><img decoding=\"async\" class=\"lazyload alignnone wp-image-6128 size-fusion-1200\" src=\"https:\/\/astideco.com\/blog\/wp-content\/uploads\/2025\/04\/mobiliario_infantil_astigarraga_kit_line-4-1200x800.jpg\" data-orig-src=\"https:\/\/astideco.com\/blog\/wp-content\/uploads\/2025\/04\/mobiliario_infantil_astigarraga_kit_line-4-1200x800.jpg\" alt=\"muebles_fomentan_autonomia_ni\u00f1os\" width=\"1200\" height=\"800\" srcset=\"data:image\/svg+xml,%3Csvg%20xmlns%3D%27http%3A%2F%2Fwww.w3.org%2F2000%2Fsvg%27%20width%3D%271200%27%20height%3D%27800%27%20viewBox%3D%270%200%201200%20800%27%3E%3Crect%20width%3D%271200%27%20height%3D%27800%27%20fill-opacity%3D%220%22%2F%3E%3C%2Fsvg%3E\" data-srcset=\"https:\/\/astideco.com\/blog\/wp-content\/uploads\/2025\/04\/mobiliario_infantil_astigarraga_kit_line-4-200x133.jpg 200w, https:\/\/astideco.com\/blog\/wp-content\/uploads\/2025\/04\/mobiliario_infantil_astigarraga_kit_line-4-300x200.jpg 300w, https:\/\/astideco.com\/blog\/wp-content\/uploads\/2025\/04\/mobiliario_infantil_astigarraga_kit_line-4-400x267.jpg 400w, https:\/\/astideco.com\/blog\/wp-content\/uploads\/2025\/04\/mobiliario_infantil_astigarraga_kit_line-4-600x400.jpg 600w, https:\/\/astideco.com\/blog\/wp-content\/uploads\/2025\/04\/mobiliario_infantil_astigarraga_kit_line-4-768x512.jpg 768w, https:\/\/astideco.com\/blog\/wp-content\/uploads\/2025\/04\/mobiliario_infantil_astigarraga_kit_line-4-800x533.jpg 800w, https:\/\/astideco.com\/blog\/wp-content\/uploads\/2025\/04\/mobiliario_infantil_astigarraga_kit_line-4-1024x683.jpg 1024w, https:\/\/astideco.com\/blog\/wp-content\/uploads\/2025\/04\/mobiliario_infantil_astigarraga_kit_line-4-1200x800.jpg 1200w, https:\/\/astideco.com\/blog\/wp-content\/uploads\/2025\/04\/mobiliario_infantil_astigarraga_kit_line-4-1536x1024.jpg 1536w\" data-sizes=\"auto\" data-orig-sizes=\"(max-width: 1200px) 100vw, 1200px\" \/><\/p>\n<h2><strong>Beneficios de los muebles que fomentan la autonom\u00eda de los ni\u00f1os<\/strong><\/h2>\n<p><span>Los <a href=\"https:\/\/astideco.com\/blog\/los-beneficios-de-la-madera-en-los-centros-educativos\/\" target=\"_blank\" rel=\"noopener\"><span><strong>beneficios de los muebles dise\u00f1ados espec\u00edficamente para ni\u00f1os<\/strong><\/span><\/a> son muchos, tanto en el hogar como en los centros educativos. Entre los principales beneficios de los muebles que fomentan la autonom\u00eda de los ni\u00f1os podemos destacar:<\/span><\/p>\n<ul>\n<li>Promueven el <strong>orden<\/strong>: Los ni\u00f1os aprenden a guardar sus pertenencias en su lugar, algo fundamental tanto en casa como en el aula.<\/li>\n<li>Aumentan la <strong>independencia<\/strong>: Permiten que los ni\u00f1os puedan acceder a sus cosas sin la ayuda de un adulto.<\/li>\n<li>Refuerzan la <strong>autoestima<\/strong>: Sentirse capaces de realizar tareas por s\u00ed mismos les da mayor seguridad y confianza.<\/li>\n<li>Favorecen la <strong>organizaci\u00f3n<\/strong>: Un espacio organizado y ordenado facilita la rutina diaria, tanto en casa como en un entorno escolar.<span><br \/>\n<\/span><\/li>\n<\/ul>\n<p><span><img decoding=\"async\" class=\"lazyload alignnone wp-image-6131 size-fusion-1200\" src=\"https:\/\/astideco.com\/blog\/wp-content\/uploads\/2025\/04\/mobiliario_infantil_astigarraga_kit_line-1200x800.jpg\" data-orig-src=\"https:\/\/astideco.com\/blog\/wp-content\/uploads\/2025\/04\/mobiliario_infantil_astigarraga_kit_line-1200x800.jpg\" alt=\"\" width=\"1200\" height=\"800\" srcset=\"data:image\/svg+xml,%3Csvg%20xmlns%3D%27http%3A%2F%2Fwww.w3.org%2F2000%2Fsvg%27%20width%3D%271200%27%20height%3D%27800%27%20viewBox%3D%270%200%201200%20800%27%3E%3Crect%20width%3D%271200%27%20height%3D%27800%27%20fill-opacity%3D%220%22%2F%3E%3C%2Fsvg%3E\" data-srcset=\"https:\/\/astideco.com\/blog\/wp-content\/uploads\/2025\/04\/mobiliario_infantil_astigarraga_kit_line-200x133.jpg 200w, https:\/\/astideco.com\/blog\/wp-content\/uploads\/2025\/04\/mobiliario_infantil_astigarraga_kit_line-300x200.jpg 300w, https:\/\/astideco.com\/blog\/wp-content\/uploads\/2025\/04\/mobiliario_infantil_astigarraga_kit_line-400x267.jpg 400w, https:\/\/astideco.com\/blog\/wp-content\/uploads\/2025\/04\/mobiliario_infantil_astigarraga_kit_line-600x400.jpg 600w, https:\/\/astideco.com\/blog\/wp-content\/uploads\/2025\/04\/mobiliario_infantil_astigarraga_kit_line-768x512.jpg 768w, https:\/\/astideco.com\/blog\/wp-content\/uploads\/2025\/04\/mobiliario_infantil_astigarraga_kit_line-800x533.jpg 800w, https:\/\/astideco.com\/blog\/wp-content\/uploads\/2025\/04\/mobiliario_infantil_astigarraga_kit_line-1024x683.jpg 1024w, https:\/\/astideco.com\/blog\/wp-content\/uploads\/2025\/04\/mobiliario_infantil_astigarraga_kit_line-1200x800.jpg 1200w, https:\/\/astideco.com\/blog\/wp-content\/uploads\/2025\/04\/mobiliario_infantil_astigarraga_kit_line-1536x1024.jpg 1536w\" data-sizes=\"auto\" data-orig-sizes=\"(max-width: 1200px) 100vw, 1200px\" \/>En entornos como colegios, guarder\u00edas o incluso en el hogar, el mobiliario adaptado hace que los ni\u00f1os se sientan c\u00f3modos y seguros, ayud\u00e1ndoles a adquirir h\u00e1bitos de orden y responsabilidad de forma m\u00e1s natural.<\/span><\/p>\n<h2><strong>Dise\u00f1o seguro y sostenible<\/strong><\/h2>\n<p><span>Los <strong>muebles que fomentan la autonom\u00eda de los ni\u00f1os<\/strong> deben ser <strong>funcionales, seguros y<\/strong>, sobre todo, <strong>sostenibles<\/strong>. Tanto el perchero como el banco zapatero est\u00e1n fabricados en <strong>madera resistente y de calidad<\/strong>, pensados para asegurar la seguridad y durabilidad.<\/span><\/p>\n<p><span>Adem\u00e1s de la seguridad de estos muebles, la sostenibilidad juega un papel clave. Optar por muebles de madera es elegir <strong>materiales ecol\u00f3gicos y duraderos<\/strong>, lo que hace que estos muebles no solo sean pr\u00e1cticos, sino tambi\u00e9n respetuosos con el medioambiente, algo especialmente importante al amueblar habitaciones infantiles o espacios educativos.<\/span><\/p>\n<p><img decoding=\"async\" class=\"lazyload alignnone wp-image-6126 size-fusion-1200\" src=\"https:\/\/astideco.com\/blog\/wp-content\/uploads\/2025\/04\/banco_baul_infantil-1200x1187.jpg\" data-orig-src=\"https:\/\/astideco.com\/blog\/wp-content\/uploads\/2025\/04\/banco_baul_infantil-1200x1187.jpg\" alt=\"muebles_fomentan_autonomia_ni\u00f1os\" width=\"1200\" height=\"1187\" srcset=\"data:image\/svg+xml,%3Csvg%20xmlns%3D%27http%3A%2F%2Fwww.w3.org%2F2000%2Fsvg%27%20width%3D%271200%27%20height%3D%271187%27%20viewBox%3D%270%200%201200%201187%27%3E%3Crect%20width%3D%271200%27%20height%3D%271187%27%20fill-opacity%3D%220%22%2F%3E%3C%2Fsvg%3E\" data-srcset=\"https:\/\/astideco.com\/blog\/wp-content\/uploads\/2025\/04\/banco_baul_infantil-66x66.jpg 66w, https:\/\/astideco.com\/blog\/wp-content\/uploads\/2025\/04\/banco_baul_infantil-200x198.jpg 200w, https:\/\/astideco.com\/blog\/wp-content\/uploads\/2025\/04\/banco_baul_infantil-300x297.jpg 300w, https:\/\/astideco.com\/blog\/wp-content\/uploads\/2025\/04\/banco_baul_infantil-400x396.jpg 400w, https:\/\/astideco.com\/blog\/wp-content\/uploads\/2025\/04\/banco_baul_infantil-600x594.jpg 600w, https:\/\/astideco.com\/blog\/wp-content\/uploads\/2025\/04\/banco_baul_infantil-768x760.jpg 768w, https:\/\/astideco.com\/blog\/wp-content\/uploads\/2025\/04\/banco_baul_infantil-800x792.jpg 800w, https:\/\/astideco.com\/blog\/wp-content\/uploads\/2025\/04\/banco_baul_infantil-1024x1013.jpg 1024w, https:\/\/astideco.com\/blog\/wp-content\/uploads\/2025\/04\/banco_baul_infantil-1200x1187.jpg 1200w, https:\/\/astideco.com\/blog\/wp-content\/uploads\/2025\/04\/banco_baul_infantil-1536x1520.jpg 1536w\" data-sizes=\"auto\" data-orig-sizes=\"(max-width: 1200px) 100vw, 1200px\" \/><\/p>\n<h2><strong>Un paso hacia la autonom\u00eda<\/strong><\/h2>\n<p><span>Los detalles marcan la diferencia en el desarrollo de los ni\u00f1os. Contar con muebles que fomentan la autonom\u00eda de los ni\u00f1os les ayuda a sentirse m\u00e1s seguros y capaces de llevar a cabo tareas cotidianas por s\u00ed mismos. Un perchero a su altura o un banco zapatero accesible pueden parecer elementos sencillos, pero en realidad representan un paso fundamental en su camino hacia la autonom\u00eda.<\/span><\/p>\n<p><span>Elegir mobiliario adaptado es <strong>apoyar su aprendizaje de manera pr\u00e1ctica y natural<\/strong>. Peque\u00f1as acciones cotidianas, como colgar su chaqueta o guardar sus zapatos, se convierten en h\u00e1bitos valiosos para su desarrollo. Un espacio bien organizado y accesible, ya sea en casa o en el colegio, es el aliado perfecto para potenciar su autonom\u00eda desde los primeros a\u00f1os de vida.<\/span><\/p>\n","protected":false},"excerpt":{"rendered":"<p>El mobiliario infantil es esencial para el desarrollo de los m\u00e1s peque\u00f1os. Los muebles que fomentan la autonom\u00eda de los ni\u00f1os permiten que aprendan a organizar su entorno, gestionar sus pertenencias y ser m\u00e1s independientes, todo de forma sencilla y  [..]<\/p>\n","protected":false},"author":6,"featured_media":6129,"comment_status":"open","ping_status":"open","sticky":false,"template":"","format":"standard","meta":{"footnotes":""},"categories":[646,15],"tags":[355,1046,928],"class_list":["post-6125","post","type-post","status-publish","format-standard","has-post-thumbnail","hentry","category-montesori","category-producto","tag-habitacion-infantil","tag-muebles-colegios","tag-muebles-montessori"],"yoast_head":"<!-- This site is optimized with the Yoast SEO plugin v27.0 - https:\/\/yoast.com\/product\/yoast-seo-wordpress\/ -->\n<title>Muebles que fomentan la autonom\u00eda de los ni\u00f1os - Astiblog<\/title>\n<meta name=\"description\" content=\"Los muebles que fomentan la autonom\u00eda de los ni\u00f1os permiten que aprendan a organizar su entorno y ser m\u00e1s independientes.\" \/>\n<meta name=\"robots\" content=\"index, follow, max-snippet:-1, max-image-preview:large, max-video-preview:-1\" \/>\n<link rel=\"canonical\" href=\"https:\/\/astideco.com\/blog\/muebles-que-fomentan-la-autonomia-de-los-ninos\/\" \/>\n<meta property=\"og:locale\" content=\"es_ES\" \/>\n<meta property=\"og:type\" content=\"article\" \/>\n<meta property=\"og:title\" content=\"Muebles que fomentan la autonom\u00eda de los ni\u00f1os - Astiblog\" \/>\n<meta property=\"og:description\" content=\"Los muebles que fomentan la autonom\u00eda de los ni\u00f1os permiten que aprendan a organizar su entorno y ser m\u00e1s independientes.\" \/>\n<meta property=\"og:url\" content=\"https:\/\/astideco.com\/blog\/muebles-que-fomentan-la-autonomia-de-los-ninos\/\" \/>\n<meta property=\"og:site_name\" content=\"Astiblog\" \/>\n<meta property=\"article:published_time\" content=\"2025-05-02T14:16:37+00:00\" \/>\n<meta property=\"article:modified_time\" content=\"2025-05-04T10:54:34+00:00\" \/>\n<meta property=\"og:image\" content=\"https:\/\/astideco.com\/blog\/wp-content\/uploads\/2025\/04\/mobiliario_infantil_astigarraga_kit_line-5-1024x683.jpg\" \/>\n\t<meta property=\"og:image:width\" content=\"1024\" \/>\n\t<meta property=\"og:image:height\" content=\"683\" \/>\n\t<meta property=\"og:image:type\" content=\"image\/jpeg\" \/>\n<meta name=\"author\" content=\"Astigarraga Kit Line\" \/>\n<meta name=\"twitter:card\" content=\"summary_large_image\" \/>\n<meta name=\"twitter:label1\" content=\"Escrito por\" \/>\n\t<meta name=\"twitter:data1\" content=\"Astigarraga Kit Line\" \/>\n\t<meta name=\"twitter:label2\" content=\"Tiempo de lectura\" \/>\n\t<meta name=\"twitter:data2\" content=\"4 minutos\" \/>\n<script type=\"application\/ld+json\" class=\"yoast-schema-graph\">{\"@context\":\"https:\/\/schema.org\",\"@graph\":[{\"@type\":\"Article\",\"@id\":\"https:\/\/astideco.com\/blog\/muebles-que-fomentan-la-autonomia-de-los-ninos\/#article\",\"isPartOf\":{\"@id\":\"https:\/\/astideco.com\/blog\/muebles-que-fomentan-la-autonomia-de-los-ninos\/\"},\"author\":{\"name\":\"Astigarraga Kit Line\",\"@id\":\"https:\/\/astideco.com\/blog\/#\/schema\/person\/13fd236103c4c231352fb09b2b7ac5cf\"},\"headline\":\"Muebles que fomentan la autonom\u00eda de los ni\u00f1os\",\"datePublished\":\"2025-05-02T14:16:37+00:00\",\"dateModified\":\"2025-05-04T10:54:34+00:00\",\"mainEntityOfPage\":{\"@id\":\"https:\/\/astideco.com\/blog\/muebles-que-fomentan-la-autonomia-de-los-ninos\/\"},\"wordCount\":722,\"commentCount\":0,\"image\":{\"@id\":\"https:\/\/astideco.com\/blog\/muebles-que-fomentan-la-autonomia-de-los-ninos\/#primaryimage\"},\"thumbnailUrl\":\"https:\/\/astideco.com\/blog\/wp-content\/uploads\/2025\/04\/mobiliario_infantil_astigarraga_kit_line-5-scaled.jpg\",\"keywords\":[\"habitaci\u00f3n infantil\",\"Muebles Colegios\",\"Muebles Montessori\"],\"articleSection\":[\"Montessori\",\"Producto\"],\"inLanguage\":\"es\",\"potentialAction\":[{\"@type\":\"CommentAction\",\"name\":\"Comment\",\"target\":[\"https:\/\/astideco.com\/blog\/muebles-que-fomentan-la-autonomia-de-los-ninos\/#respond\"]}]},{\"@type\":\"WebPage\",\"@id\":\"https:\/\/astideco.com\/blog\/muebles-que-fomentan-la-autonomia-de-los-ninos\/\",\"url\":\"https:\/\/astideco.com\/blog\/muebles-que-fomentan-la-autonomia-de-los-ninos\/\",\"name\":\"Muebles que fomentan la autonom\u00eda de los ni\u00f1os - Astiblog\",\"isPartOf\":{\"@id\":\"https:\/\/astideco.com\/blog\/#website\"},\"primaryImageOfPage\":{\"@id\":\"https:\/\/astideco.com\/blog\/muebles-que-fomentan-la-autonomia-de-los-ninos\/#primaryimage\"},\"image\":{\"@id\":\"https:\/\/astideco.com\/blog\/muebles-que-fomentan-la-autonomia-de-los-ninos\/#primaryimage\"},\"thumbnailUrl\":\"https:\/\/astideco.com\/blog\/wp-content\/uploads\/2025\/04\/mobiliario_infantil_astigarraga_kit_line-5-scaled.jpg\",\"datePublished\":\"2025-05-02T14:16:37+00:00\",\"dateModified\":\"2025-05-04T10:54:34+00:00\",\"author\":{\"@id\":\"https:\/\/astideco.com\/blog\/#\/schema\/person\/13fd236103c4c231352fb09b2b7ac5cf\"},\"description\":\"Los muebles que fomentan la autonom\u00eda de los ni\u00f1os permiten que aprendan a organizar su entorno y ser m\u00e1s independientes.\",\"breadcrumb\":{\"@id\":\"https:\/\/astideco.com\/blog\/muebles-que-fomentan-la-autonomia-de-los-ninos\/#breadcrumb\"},\"inLanguage\":\"es\",\"potentialAction\":[{\"@type\":\"ReadAction\",\"target\":[\"https:\/\/astideco.com\/blog\/muebles-que-fomentan-la-autonomia-de-los-ninos\/\"]}]},{\"@type\":\"ImageObject\",\"inLanguage\":\"es\",\"@id\":\"https:\/\/astideco.com\/blog\/muebles-que-fomentan-la-autonomia-de-los-ninos\/#primaryimage\",\"url\":\"https:\/\/astideco.com\/blog\/wp-content\/uploads\/2025\/04\/mobiliario_infantil_astigarraga_kit_line-5-scaled.jpg\",\"contentUrl\":\"https:\/\/astideco.com\/blog\/wp-content\/uploads\/2025\/04\/mobiliario_infantil_astigarraga_kit_line-5-scaled.jpg\",\"width\":2560,\"height\":1707,\"caption\":\"muebles_fomentan_autonomia_ni\u00f1os\"},{\"@type\":\"BreadcrumbList\",\"@id\":\"https:\/\/astideco.com\/blog\/muebles-que-fomentan-la-autonomia-de-los-ninos\/#breadcrumb\",\"itemListElement\":[{\"@type\":\"ListItem\",\"position\":1,\"name\":\"Portada\",\"item\":\"https:\/\/astideco.com\/blog\/\"},{\"@type\":\"ListItem\",\"position\":2,\"name\":\"Muebles que fomentan la autonom\u00eda de los ni\u00f1os\"}]},{\"@type\":\"WebSite\",\"@id\":\"https:\/\/astideco.com\/blog\/#website\",\"url\":\"https:\/\/astideco.com\/blog\/\",\"name\":\"Astiblog\",\"description\":\"Blog de Astideco.com\",\"potentialAction\":[{\"@type\":\"SearchAction\",\"target\":{\"@type\":\"EntryPoint\",\"urlTemplate\":\"https:\/\/astideco.com\/blog\/?s={search_term_string}\"},\"query-input\":{\"@type\":\"PropertyValueSpecification\",\"valueRequired\":true,\"valueName\":\"search_term_string\"}}],\"inLanguage\":\"es\"},{\"@type\":\"Person\",\"@id\":\"https:\/\/astideco.com\/blog\/#\/schema\/person\/13fd236103c4c231352fb09b2b7ac5cf\",\"name\":\"Astigarraga Kit Line\"}]}<\/script>\n<!-- \/ Yoast SEO plugin. -->","yoast_head_json":{"title":"Muebles que fomentan la autonom\u00eda de los ni\u00f1os - Astiblog","description":"Los muebles que fomentan la autonom\u00eda de los ni\u00f1os permiten que aprendan a organizar su entorno y ser m\u00e1s independientes.","robots":{"index":"index","follow":"follow","max-snippet":"max-snippet:-1","max-image-preview":"max-image-preview:large","max-video-preview":"max-video-preview:-1"},"canonical":"https:\/\/astideco.com\/blog\/muebles-que-fomentan-la-autonomia-de-los-ninos\/","og_locale":"es_ES","og_type":"article","og_title":"Muebles que fomentan la autonom\u00eda de los ni\u00f1os - Astiblog","og_description":"Los muebles que fomentan la autonom\u00eda de los ni\u00f1os permiten que aprendan a organizar su entorno y ser m\u00e1s independientes.","og_url":"https:\/\/astideco.com\/blog\/muebles-que-fomentan-la-autonomia-de-los-ninos\/","og_site_name":"Astiblog","article_published_time":"2025-05-02T14:16:37+00:00","article_modified_time":"2025-05-04T10:54:34+00:00","og_image":[{"width":1024,"height":683,"url":"https:\/\/astideco.com\/blog\/wp-content\/uploads\/2025\/04\/mobiliario_infantil_astigarraga_kit_line-5-1024x683.jpg","type":"image\/jpeg"}],"author":"Astigarraga Kit Line","twitter_card":"summary_large_image","twitter_misc":{"Escrito por":"Astigarraga Kit Line","Tiempo de lectura":"4 minutos"},"schema":{"@context":"https:\/\/schema.org","@graph":[{"@type":"Article","@id":"https:\/\/astideco.com\/blog\/muebles-que-fomentan-la-autonomia-de-los-ninos\/#article","isPartOf":{"@id":"https:\/\/astideco.com\/blog\/muebles-que-fomentan-la-autonomia-de-los-ninos\/"},"author":{"name":"Astigarraga Kit Line","@id":"https:\/\/astideco.com\/blog\/#\/schema\/person\/13fd236103c4c231352fb09b2b7ac5cf"},"headline":"Muebles que fomentan la autonom\u00eda de los ni\u00f1os","datePublished":"2025-05-02T14:16:37+00:00","dateModified":"2025-05-04T10:54:34+00:00","mainEntityOfPage":{"@id":"https:\/\/astideco.com\/blog\/muebles-que-fomentan-la-autonomia-de-los-ninos\/"},"wordCount":722,"commentCount":0,"image":{"@id":"https:\/\/astideco.com\/blog\/muebles-que-fomentan-la-autonomia-de-los-ninos\/#primaryimage"},"thumbnailUrl":"https:\/\/astideco.com\/blog\/wp-content\/uploads\/2025\/04\/mobiliario_infantil_astigarraga_kit_line-5-scaled.jpg","keywords":["habitaci\u00f3n infantil","Muebles Colegios","Muebles Montessori"],"articleSection":["Montessori","Producto"],"inLanguage":"es","potentialAction":[{"@type":"CommentAction","name":"Comment","target":["https:\/\/astideco.com\/blog\/muebles-que-fomentan-la-autonomia-de-los-ninos\/#respond"]}]},{"@type":"WebPage","@id":"https:\/\/astideco.com\/blog\/muebles-que-fomentan-la-autonomia-de-los-ninos\/","url":"https:\/\/astideco.com\/blog\/muebles-que-fomentan-la-autonomia-de-los-ninos\/","name":"Muebles que fomentan la autonom\u00eda de los ni\u00f1os - Astiblog","isPartOf":{"@id":"https:\/\/astideco.com\/blog\/#website"},"primaryImageOfPage":{"@id":"https:\/\/astideco.com\/blog\/muebles-que-fomentan-la-autonomia-de-los-ninos\/#primaryimage"},"image":{"@id":"https:\/\/astideco.com\/blog\/muebles-que-fomentan-la-autonomia-de-los-ninos\/#primaryimage"},"thumbnailUrl":"https:\/\/astideco.com\/blog\/wp-content\/uploads\/2025\/04\/mobiliario_infantil_astigarraga_kit_line-5-scaled.jpg","datePublished":"2025-05-02T14:16:37+00:00","dateModified":"2025-05-04T10:54:34+00:00","author":{"@id":"https:\/\/astideco.com\/blog\/#\/schema\/person\/13fd236103c4c231352fb09b2b7ac5cf"},"description":"Los muebles que fomentan la autonom\u00eda de los ni\u00f1os permiten que aprendan a organizar su entorno y ser m\u00e1s independientes.","breadcrumb":{"@id":"https:\/\/astideco.com\/blog\/muebles-que-fomentan-la-autonomia-de-los-ninos\/#breadcrumb"},"inLanguage":"es","potentialAction":[{"@type":"ReadAction","target":["https:\/\/astideco.com\/blog\/muebles-que-fomentan-la-autonomia-de-los-ninos\/"]}]},{"@type":"ImageObject","inLanguage":"es","@id":"https:\/\/astideco.com\/blog\/muebles-que-fomentan-la-autonomia-de-los-ninos\/#primaryimage","url":"https:\/\/astideco.com\/blog\/wp-content\/uploads\/2025\/04\/mobiliario_infantil_astigarraga_kit_line-5-scaled.jpg","contentUrl":"https:\/\/astideco.com\/blog\/wp-content\/uploads\/2025\/04\/mobiliario_infantil_astigarraga_kit_line-5-scaled.jpg","width":2560,"height":1707,"caption":"muebles_fomentan_autonomia_ni\u00f1os"},{"@type":"BreadcrumbList","@id":"https:\/\/astideco.com\/blog\/muebles-que-fomentan-la-autonomia-de-los-ninos\/#breadcrumb","itemListElement":[{"@type":"ListItem","position":1,"name":"Portada","item":"https:\/\/astideco.com\/blog\/"},{"@type":"ListItem","position":2,"name":"Muebles que fomentan la autonom\u00eda de los ni\u00f1os"}]},{"@type":"WebSite","@id":"https:\/\/astideco.com\/blog\/#website","url":"https:\/\/astideco.com\/blog\/","name":"Astiblog","description":"Blog de Astideco.com","potentialAction":[{"@type":"SearchAction","target":{"@type":"EntryPoint","urlTemplate":"https:\/\/astideco.com\/blog\/?s={search_term_string}"},"query-input":{"@type":"PropertyValueSpecification","valueRequired":true,"valueName":"search_term_string"}}],"inLanguage":"es"},{"@type":"Person","@id":"https:\/\/astideco.com\/blog\/#\/schema\/person\/13fd236103c4c231352fb09b2b7ac5cf","name":"Astigarraga Kit Line"}]}},"_links":{"self":[{"href":"https:\/\/astideco.com\/blog\/wp-json\/wp\/v2\/posts\/6125","targetHints":{"allow":["GET"]}}],"collection":[{"href":"https:\/\/astideco.com\/blog\/wp-json\/wp\/v2\/posts"}],"about":[{"href":"https:\/\/astideco.com\/blog\/wp-json\/wp\/v2\/types\/post"}],"author":[{"embeddable":true,"href":"https:\/\/astideco.com\/blog\/wp-json\/wp\/v2\/users\/6"}],"replies":[{"embeddable":true,"href":"https:\/\/astideco.com\/blog\/wp-json\/wp\/v2\/comments?post=6125"}],"version-history":[{"count":2,"href":"https:\/\/astideco.com\/blog\/wp-json\/wp\/v2\/posts\/6125\/revisions"}],"predecessor-version":[{"id":6178,"href":"https:\/\/astideco.com\/blog\/wp-json\/wp\/v2\/posts\/6125\/revisions\/6178"}],"wp:featuredmedia":[{"embeddable":true,"href":"https:\/\/astideco.com\/blog\/wp-json\/wp\/v2\/media\/6129"}],"wp:attachment":[{"href":"https:\/\/astideco.com\/blog\/wp-json\/wp\/v2\/media?parent=6125"}],"wp:term":[{"taxonomy":"category","embeddable":true,"href":"https:\/\/astideco.com\/blog\/wp-json\/wp\/v2\/categories?post=6125"},{"taxonomy":"post_tag","embeddable":true,"href":"https:\/\/astideco.com\/blog\/wp-json\/wp\/v2\/tags?post=6125"}],"curies":[{"name":"wp","href":"https:\/\/api.w.org\/{rel}","templated":true}]}}