{"id":5584,"date":"2024-11-18T18:42:44","date_gmt":"2024-11-18T18:42:44","guid":{"rendered":"https:\/\/astideco.com\/blog\/?p=5584"},"modified":"2024-12-02T21:12:36","modified_gmt":"2024-12-02T21:12:36","slug":"nuevas-mesas-y-sillas-infantiles-de-madera-curie-para-escuelas-y-hogares","status":"publish","type":"post","link":"https:\/\/astideco.com\/blog\/nuevas-mesas-y-sillas-infantiles-de-madera-curie-para-escuelas-y-hogares\/","title":{"rendered":"Nuevas mesas y sillas infantiles de madera CURIE para escuelas y hogares"},"content":{"rendered":"<p>Cuando se habla mobiliario infantil, la innovaci\u00f3n no solo se trata de crear un dise\u00f1o atractivo, sino tambi\u00e9n de asegurar el confort, la seguridad y la funcionalidad que necesitan los ni\u00f1os en sus actividades diarias. Las nuevas <a href=\"https:\/\/astideco.com\/es\/mesas-y-sillas-infantiles-de-madera\" target=\"_blank\" rel=\"noopener\"><span><strong>mesas y sillas infantiles de madera CURIE<\/strong><\/span><\/a> destacan como una de las grandes novedades dentro del nuevo mobiliario pensado especialmente para escuelas de Astigarraga Kit Line.<\/p>\n<p>Estas nuevas mesas y sillas infantiles de madera est\u00e1n <strong>dise\u00f1adas espec\u00edficamente para ni\u00f1os de 2 a 5 a\u00f1os<\/strong>, y se adaptan a sus necesidades en las diferentes etapas de crecimiento. As\u00ed, se convierten en la elecci\u00f3n perfecta, no solo para <strong>entornos educativos<\/strong>, sino tambi\u00e9n para el <strong>hogar<\/strong>.<\/p>\n<h2>Diferentes tallas para cada etapa<\/h2>\n<p>Las mesas y sillas infantiles CURIE est\u00e1n disponibles en dos tallas:<\/p>\n<ul>\n<li><strong>Talla 1: para ni\u00f1os de 2 a 3 a\u00f1os<\/strong>, quienes comienzan a explorar el mundo con mayor autonom\u00eda.<\/li>\n<li><strong>Talla 2: para ni\u00f1os de 4 a 5 a\u00f1os<\/strong>, adapt\u00e1ndose a sus nuevas habilidades motoras y cognitivas en esta etapa preescolar.<\/li>\n<\/ul>\n<p><img decoding=\"async\" class=\"lazyload alignnone wp-image-5595 size-fusion-1200\" src=\"https:\/\/astideco.com\/blog\/wp-content\/uploads\/2024\/11\/m3-copia-1200x800.jpg\" data-orig-src=\"https:\/\/astideco.com\/blog\/wp-content\/uploads\/2024\/11\/m3-copia-1200x800.jpg\" alt=\"\" width=\"1200\" height=\"800\" srcset=\"data:image\/svg+xml,%3Csvg%20xmlns%3D%27http%3A%2F%2Fwww.w3.org%2F2000%2Fsvg%27%20width%3D%271200%27%20height%3D%27800%27%20viewBox%3D%270%200%201200%20800%27%3E%3Crect%20width%3D%271200%27%20height%3D%27800%27%20fill-opacity%3D%220%22%2F%3E%3C%2Fsvg%3E\" data-srcset=\"https:\/\/astideco.com\/blog\/wp-content\/uploads\/2024\/11\/m3-copia-200x133.jpg 200w, https:\/\/astideco.com\/blog\/wp-content\/uploads\/2024\/11\/m3-copia-300x200.jpg 300w, https:\/\/astideco.com\/blog\/wp-content\/uploads\/2024\/11\/m3-copia-400x267.jpg 400w, https:\/\/astideco.com\/blog\/wp-content\/uploads\/2024\/11\/m3-copia-600x400.jpg 600w, https:\/\/astideco.com\/blog\/wp-content\/uploads\/2024\/11\/m3-copia-768x512.jpg 768w, https:\/\/astideco.com\/blog\/wp-content\/uploads\/2024\/11\/m3-copia-800x533.jpg 800w, https:\/\/astideco.com\/blog\/wp-content\/uploads\/2024\/11\/m3-copia-1024x683.jpg 1024w, https:\/\/astideco.com\/blog\/wp-content\/uploads\/2024\/11\/m3-copia-1200x800.jpg 1200w, https:\/\/astideco.com\/blog\/wp-content\/uploads\/2024\/11\/m3-copia-1536x1024.jpg 1536w\" data-sizes=\"auto\" data-orig-sizes=\"(max-width: 1200px) 100vw, 1200px\" \/><\/p>\n<p>Estas tallas han sido dise\u00f1adas pensando en proporcionar un soporte ergon\u00f3mico \u00f3ptimo para cada grupo de edad. Gracias a su dise\u00f1o ajustado a las proporciones infantiles, se garantiza que los ni\u00f1os adopten <strong>posturas saludables<\/strong> mientras garabatean, dibujan, manipulan materiales o juegan, promoviendo as\u00ed un desarrollo adecuado.<\/p>\n<h2>Mesas infantiles de madera para 2, 4 y hasta 6 ni\u00f1os<\/h2>\n<p>El mobiliario CURIE tambi\u00e9n se adapta a distintas necesidades de espacio y n\u00famero de personas. Dentro de cada talla y en cuanto a las <strong>mesas infantiles<\/strong> se refiere, existen tres medidas diferentes:<\/p>\n<ul>\n<li>Para <strong>2 ni\u00f1os<\/strong>, recomendada para <strong>actividades m\u00e1s individuales o en parejas: <\/strong>Talla 1 (Alto 46 x Ancho 60 x Fondo 60 cm) y talla 2 (Alto 53 x Ancho 60 x Fondo 60 cm)<\/li>\n<li>Para <strong>4 ni\u00f1os<\/strong>, ideal para <strong>peque\u00f1os grupos o rincones de aprendizaje: <\/strong>Talla 1 (Alto 46 x Ancho 80 x Fondo 80 cm) y talla 2 (Alto 53 x Ancho 80 x Fondo 80 cm)<\/li>\n<li>Para <strong>6 ni\u00f1os<\/strong>, perfecta para <strong>fomentar la colaboraci\u00f3n y el trabajo en equipo en aulas o \u00e1reas de juego:<\/strong> Talla 1 (Alto 46 x Ancho 120 x Fondo 80 cm) y talla 2 (Alto 53 x Ancho 120 x Fondo 80 cm)<\/li>\n<\/ul>\n<p><img decoding=\"async\" class=\"lazyload alignnone size-fusion1200 wp-image-5596\" src=\"https:\/\/astideco.com\/blog\/wp-content\/uploads\/2024\/11\/mesas_sillas_infantiles_astigarraga_kit_line-1.jpg\" data-orig-src=\"https:\/\/astideco.com\/blog\/wp-content\/uploads\/2024\/11\/mesas_sillas_infantiles_astigarraga_kit_line-1.jpg\" alt=\"\" width=\"2000\" height=\"1336\" srcset=\"data:image\/svg+xml,%3Csvg%20xmlns%3D%27http%3A%2F%2Fwww.w3.org%2F2000%2Fsvg%27%20width%3D%272000%27%20height%3D%271336%27%20viewBox%3D%270%200%202000%201336%27%3E%3Crect%20width%3D%272000%27%20height%3D%271336%27%20fill-opacity%3D%220%22%2F%3E%3C%2Fsvg%3E\" data-srcset=\"https:\/\/astideco.com\/blog\/wp-content\/uploads\/2024\/11\/mesas_sillas_infantiles_astigarraga_kit_line-1-200x134.jpg 200w, https:\/\/astideco.com\/blog\/wp-content\/uploads\/2024\/11\/mesas_sillas_infantiles_astigarraga_kit_line-1-300x200.jpg 300w, https:\/\/astideco.com\/blog\/wp-content\/uploads\/2024\/11\/mesas_sillas_infantiles_astigarraga_kit_line-1-400x267.jpg 400w, https:\/\/astideco.com\/blog\/wp-content\/uploads\/2024\/11\/mesas_sillas_infantiles_astigarraga_kit_line-1-600x401.jpg 600w, https:\/\/astideco.com\/blog\/wp-content\/uploads\/2024\/11\/mesas_sillas_infantiles_astigarraga_kit_line-1-768x513.jpg 768w, https:\/\/astideco.com\/blog\/wp-content\/uploads\/2024\/11\/mesas_sillas_infantiles_astigarraga_kit_line-1-800x534.jpg 800w, https:\/\/astideco.com\/blog\/wp-content\/uploads\/2024\/11\/mesas_sillas_infantiles_astigarraga_kit_line-1-1024x684.jpg 1024w, https:\/\/astideco.com\/blog\/wp-content\/uploads\/2024\/11\/mesas_sillas_infantiles_astigarraga_kit_line-1-1200x802.jpg 1200w, https:\/\/astideco.com\/blog\/wp-content\/uploads\/2024\/11\/mesas_sillas_infantiles_astigarraga_kit_line-1-1536x1026.jpg 1536w, https:\/\/astideco.com\/blog\/wp-content\/uploads\/2024\/11\/mesas_sillas_infantiles_astigarraga_kit_line-1.jpg 2000w\" data-sizes=\"auto\" data-orig-sizes=\"(max-width: 2000px) 100vw, 2000px\" \/><\/p>\n<p>Esta versatilidad permite que el mobiliario se integre sin problemas en cualquier entorno, <strong>desde escuelas hasta habitaciones infantiles o espacios de juego en casa<\/strong>. Con las <strong>sillas infantiles de madera<\/strong> sucede lo mismo. Dos tallas y dos medidas diferentes:<\/p>\n<ul>\n<li><strong>Talla 1 (de 2 a 3 a\u00f1os)<\/strong>: Alto 50 x Ancho 26 x Fondo 29,5 cm. Altura hasta el asiento: 26 cm<\/li>\n<li><strong>Talla 2 (de 4 a 5 a\u00f1os)<\/strong>: Alto 55 x Ancho 28 x Fondo 31,5 cm. Altura hasta el asiento: 31 cm<\/li>\n<\/ul>\n<h2><img decoding=\"async\" class=\"lazyload alignnone wp-image-5597\" src=\"https:\/\/astideco.com\/blog\/wp-content\/uploads\/2024\/11\/b5-copia-scaled.jpg\" data-orig-src=\"https:\/\/astideco.com\/blog\/wp-content\/uploads\/2024\/11\/b5-copia-scaled.jpg\" alt=\"\" width=\"1200\" height=\"800\" srcset=\"data:image\/svg+xml,%3Csvg%20xmlns%3D%27http%3A%2F%2Fwww.w3.org%2F2000%2Fsvg%27%20width%3D%271200%27%20height%3D%27800%27%20viewBox%3D%270%200%201200%20800%27%3E%3Crect%20width%3D%271200%27%20height%3D%27800%27%20fill-opacity%3D%220%22%2F%3E%3C%2Fsvg%3E\" data-srcset=\"https:\/\/astideco.com\/blog\/wp-content\/uploads\/2024\/11\/b5-copia-200x133.jpg 200w, https:\/\/astideco.com\/blog\/wp-content\/uploads\/2024\/11\/b5-copia-300x200.jpg 300w, https:\/\/astideco.com\/blog\/wp-content\/uploads\/2024\/11\/b5-copia-400x267.jpg 400w, https:\/\/astideco.com\/blog\/wp-content\/uploads\/2024\/11\/b5-copia-600x400.jpg 600w, https:\/\/astideco.com\/blog\/wp-content\/uploads\/2024\/11\/b5-copia-768x512.jpg 768w, https:\/\/astideco.com\/blog\/wp-content\/uploads\/2024\/11\/b5-copia-800x533.jpg 800w, https:\/\/astideco.com\/blog\/wp-content\/uploads\/2024\/11\/b5-copia-1024x683.jpg 1024w, https:\/\/astideco.com\/blog\/wp-content\/uploads\/2024\/11\/b5-copia-1200x800.jpg 1200w, https:\/\/astideco.com\/blog\/wp-content\/uploads\/2024\/11\/b5-copia-1536x1024.jpg 1536w, https:\/\/astideco.com\/blog\/wp-content\/uploads\/2024\/11\/b5-copia-scaled.jpg 2560w\" data-sizes=\"auto\" data-orig-sizes=\"(max-width: 1200px) 100vw, 1200px\" \/><\/h2>\n<h2>Compromiso con la ergonom\u00eda, la seguridad y la durabilidad<\/h2>\n<p>Una de las caracter\u00edsticas m\u00e1s importantes de las mesas y sillas infantiles CURIE es que cumplen con las estrictas <strong>normativas UNE-EN 1729-1 y UNE-EN 1729-2<\/strong>. \u00bfQu\u00e9 significa esto?<\/p>\n<ol>\n<li><strong>Ergonom\u00eda certificada<\/strong>: Los dise\u00f1os han sido sometidos a rigurosas pruebas para asegurar que los ni\u00f1os mantengan una postura correcta mientras est\u00e1n sentados, algo crucial para el bienestar de los peque\u00f1os.<\/li>\n<li><strong>Durabilidad comprobada<\/strong>: Estos est\u00e1ndares avalan que la madera y estructuras del mobiliario son resistentes al uso intensivo, ideal para entornos como escuelas donde el desgaste es constante.<\/li>\n<li><strong>Seguridad garantizada<\/strong>: Cada detalle del mobiliario ha sido cuidadosamente evaluado para evitar bordes filosos, superficies inestables o cualquier elemento que pueda representar un riesgo para los ni\u00f1os. Todos los bordes son redondeados.<\/li>\n<\/ol>\n<p><img decoding=\"async\" class=\"lazyload alignnone wp-image-5598\" src=\"https:\/\/astideco.com\/blog\/wp-content\/uploads\/2024\/11\/mesas_sillas_madera_infantiles-2.jpg\" data-orig-src=\"https:\/\/astideco.com\/blog\/wp-content\/uploads\/2024\/11\/mesas_sillas_madera_infantiles-2.jpg\" alt=\"\" width=\"1200\" height=\"1551\" srcset=\"data:image\/svg+xml,%3Csvg%20xmlns%3D%27http%3A%2F%2Fwww.w3.org%2F2000%2Fsvg%27%20width%3D%271200%27%20height%3D%271551%27%20viewBox%3D%270%200%201200%201551%27%3E%3Crect%20width%3D%271200%27%20height%3D%271551%27%20fill-opacity%3D%220%22%2F%3E%3C%2Fsvg%3E\" data-srcset=\"https:\/\/astideco.com\/blog\/wp-content\/uploads\/2024\/11\/mesas_sillas_madera_infantiles-2-200x259.jpg 200w, https:\/\/astideco.com\/blog\/wp-content\/uploads\/2024\/11\/mesas_sillas_madera_infantiles-2-232x300.jpg 232w, https:\/\/astideco.com\/blog\/wp-content\/uploads\/2024\/11\/mesas_sillas_madera_infantiles-2-400x517.jpg 400w, https:\/\/astideco.com\/blog\/wp-content\/uploads\/2024\/11\/mesas_sillas_madera_infantiles-2-600x776.jpg 600w, https:\/\/astideco.com\/blog\/wp-content\/uploads\/2024\/11\/mesas_sillas_madera_infantiles-2-768x993.jpg 768w, https:\/\/astideco.com\/blog\/wp-content\/uploads\/2024\/11\/mesas_sillas_madera_infantiles-2-792x1024.jpg 792w, https:\/\/astideco.com\/blog\/wp-content\/uploads\/2024\/11\/mesas_sillas_madera_infantiles-2-800x1034.jpg 800w, https:\/\/astideco.com\/blog\/wp-content\/uploads\/2024\/11\/mesas_sillas_madera_infantiles-2.jpg 1100w\" data-sizes=\"auto\" data-orig-sizes=\"(max-width: 1200px) 100vw, 1200px\" \/><\/p>\n<p>Al elegir las mesas y sillas CURIE, padres y educadores pueden estar tranquilos de que est\u00e1n invirtiendo en productos que protegen el bienestar de los ni\u00f1os mientras fomentan su desarrollo.<\/p>\n<h2>Madera natural ecol\u00f3gica<\/h2>\n<p>El mobiliario CURIE no solo prioriza la funcionalidad, sino tambi\u00e9n la sostenibilidad. Fabricado con madera natural certificada con el sello <a href=\"https:\/\/www.pefc.es\/\" target=\"_blank\" rel=\"noopener\"><strong>PEFC<\/strong><\/a>, cada pieza conserva un dise\u00f1o c\u00e1lido que armoniza con cualquier espacio. Adem\u00e1s, todas las superficies est\u00e1n <strong>tratadas con un barniz ecol\u00f3gico<\/strong>, libre de sustancias t\u00f3xicas y seguro para los m\u00e1s peque\u00f1os.<\/p>\n<p>Esta elecci\u00f3n no solo protege la salud de los ni\u00f1os, sino que tambi\u00e9n refleja un compromiso con el medio ambiente. Las mesas y sillas infantiles est\u00e1n certicificadas con el sello PEFC, lo que asegura es una opci\u00f3n responsable para familias y centros educativos.<\/p>\n<p><img decoding=\"async\" class=\"lazyload alignnone wp-image-5561 size-full\" src=\"data:image\/svg+xml,%3Csvg%20xmlns%3D%27http%3A%2F%2Fwww.w3.org%2F2000%2Fsvg%27%20width%3D%271200%27%20height%3D%27802%27%20viewBox%3D%270%200%201200%20802%27%3E%3Crect%20width%3D%271200%27%20height%3D%27802%27%20fill-opacity%3D%220%22%2F%3E%3C%2Fsvg%3E\" data-orig-src=\"https:\/\/astideco.com\/blog\/wp-content\/uploads\/2024\/11\/mesas_sillas_infantiles_madera-1200x802-1.jpg\" alt=\"\" width=\"1200\" height=\"802\" \/><\/p>\n<h2>Para el hogar y las aulas<\/h2>\n<p>El mobiliario infantil CURIE destaca por su versatilidad. Su dise\u00f1o combina funcionalidad y est\u00e9tica, lo que lo convierte en una excelente elecci\u00f3n para diferentes entornos:<\/p>\n<ul>\n<li><strong>En escuelas<\/strong>: Las mesas y sillas CURIE son perfectas para <strong>aulas y \u00e1reas de trabajo colaborativo<\/strong>. Su durabilidad y dise\u00f1o ergon\u00f3mico aseguran que los peque\u00f1os estudiantes puedan aprender y jugar c\u00f3modamente durante horas.<\/li>\n<li><strong>En el hogar<\/strong>: Las familias tambi\u00e9n pueden disfrutar de este mobiliario en <strong>habitaciones infantiles o salas de juego<\/strong>. Su dise\u00f1o sencillo y natural encaja f\u00e1cilmente en cualquier decoraci\u00f3n, ofreciendo un espacio ideal para que los ni\u00f1os desarrollen su creatividad.<\/li>\n<\/ul>\n<h2>F\u00e1cil montaje<\/h2>\n<p>Las mesas y sillas infantiles de madera son un mobiliario pr\u00e1ctico y f\u00e1cil de montar. <strong>En un abrir y cerrar de ojos<\/strong> estar\u00e1n listas para usar, sin necesidad de herramientas complicadas ni manuales interminables. Su dise\u00f1o est\u00e1 pensado para que todo sea sencillo, r\u00e1pido y c\u00f3modo. \u00a1As\u00ed, los peques podr\u00e1n disfrutar de su espacio en tiempo r\u00e9cord!<\/p>\n<p><img decoding=\"async\" class=\"lazyload alignnone wp-image-5599\" src=\"https:\/\/astideco.com\/blog\/wp-content\/uploads\/2024\/11\/mesas_sillas_infantiles_curie.jpg\" data-orig-src=\"https:\/\/astideco.com\/blog\/wp-content\/uploads\/2024\/11\/mesas_sillas_infantiles_curie.jpg\" alt=\"\" width=\"1200\" height=\"1551\" srcset=\"data:image\/svg+xml,%3Csvg%20xmlns%3D%27http%3A%2F%2Fwww.w3.org%2F2000%2Fsvg%27%20width%3D%271200%27%20height%3D%271551%27%20viewBox%3D%270%200%201200%201551%27%3E%3Crect%20width%3D%271200%27%20height%3D%271551%27%20fill-opacity%3D%220%22%2F%3E%3C%2Fsvg%3E\" data-srcset=\"https:\/\/astideco.com\/blog\/wp-content\/uploads\/2024\/11\/mesas_sillas_infantiles_curie-200x259.jpg 200w, https:\/\/astideco.com\/blog\/wp-content\/uploads\/2024\/11\/mesas_sillas_infantiles_curie-232x300.jpg 232w, https:\/\/astideco.com\/blog\/wp-content\/uploads\/2024\/11\/mesas_sillas_infantiles_curie-400x517.jpg 400w, https:\/\/astideco.com\/blog\/wp-content\/uploads\/2024\/11\/mesas_sillas_infantiles_curie-600x776.jpg 600w, https:\/\/astideco.com\/blog\/wp-content\/uploads\/2024\/11\/mesas_sillas_infantiles_curie-768x993.jpg 768w, https:\/\/astideco.com\/blog\/wp-content\/uploads\/2024\/11\/mesas_sillas_infantiles_curie-792x1024.jpg 792w, https:\/\/astideco.com\/blog\/wp-content\/uploads\/2024\/11\/mesas_sillas_infantiles_curie-800x1034.jpg 800w, https:\/\/astideco.com\/blog\/wp-content\/uploads\/2024\/11\/mesas_sillas_infantiles_curie.jpg 1100w\" data-sizes=\"auto\" data-orig-sizes=\"(max-width: 1200px) 100vw, 1200px\" \/><\/p>\n<h2>Un mobiliario que acompa\u00f1a el desarrollo infantil<\/h2>\n<p>Las mesas y sillas infantiles CURIE no son solo un mobiliario funcional, sino una herramienta que contribuye activamente al <strong>desarrollo y bienestar de los ni\u00f1os<\/strong>. Su dise\u00f1o ergon\u00f3mico, su compromiso con la sostenibilidad y su versatilidad para adaptarse a distintos espacios lo convierten en una <strong>opci\u00f3n imprescindible para escuelas y hogares<\/strong>.<\/p>\n<p>Invertir en el mobiliario CURIE es apostar por la calidad, la seguridad y la comodidad, ofreciendo a los m\u00e1s peque\u00f1os un espacio en el que puedan aprender, crear y disfrutar plenamente.<\/p>\n<p><em>Gracias por dejarnos decorar tu hogar (y escuela) de manera sostenible.<\/em><\/p>\n","protected":false},"excerpt":{"rendered":"<p>Cuando se habla mobiliario infantil, la innovaci\u00f3n no solo se trata de crear un dise\u00f1o atractivo, sino tambi\u00e9n de asegurar el confort, la seguridad y la funcionalidad que necesitan los ni\u00f1os en sus actividades diarias. Las nuevas mesas y sillas  [..]<\/p>\n","protected":false},"author":6,"featured_media":5547,"comment_status":"open","ping_status":"open","sticky":false,"template":"","format":"standard","meta":{"footnotes":""},"categories":[15],"tags":[1016,1026,670,1018],"class_list":["post-5584","post","type-post","status-publish","format-standard","has-post-thumbnail","hentry","category-producto","tag-mesas-infantiles","tag-mobiliario-escolar","tag-muebles-madera","tag-sillas-infantiles"],"yoast_head":"<!-- This site is optimized with the Yoast SEO plugin v27.0 - https:\/\/yoast.com\/product\/yoast-seo-wordpress\/ -->\n<title>Nuevas mesas y sillas infantiles de madera CURIE para escuelas y hogares - Astiblog<\/title>\n<meta name=\"description\" content=\"Hoy te contamos todo sobre las nuevas mesas y sillas infantiles de madera CURIE para escuelas y hogares, tratadas con barniz ecol\u00f3gico.\" \/>\n<meta name=\"robots\" content=\"index, follow, max-snippet:-1, max-image-preview:large, max-video-preview:-1\" \/>\n<link rel=\"canonical\" href=\"https:\/\/astideco.com\/blog\/nuevas-mesas-y-sillas-infantiles-de-madera-curie-para-escuelas-y-hogares\/\" \/>\n<meta property=\"og:locale\" content=\"es_ES\" \/>\n<meta property=\"og:type\" content=\"article\" \/>\n<meta property=\"og:title\" content=\"Nuevas mesas y sillas infantiles de madera CURIE para escuelas y hogares - Astiblog\" \/>\n<meta property=\"og:description\" content=\"Hoy te contamos todo sobre las nuevas mesas y sillas infantiles de madera CURIE para escuelas y hogares, tratadas con barniz ecol\u00f3gico.\" \/>\n<meta property=\"og:url\" content=\"https:\/\/astideco.com\/blog\/nuevas-mesas-y-sillas-infantiles-de-madera-curie-para-escuelas-y-hogares\/\" \/>\n<meta property=\"og:site_name\" content=\"Astiblog\" \/>\n<meta property=\"article:published_time\" content=\"2024-11-18T18:42:44+00:00\" \/>\n<meta property=\"article:modified_time\" content=\"2024-12-02T21:12:36+00:00\" \/>\n<meta property=\"og:image\" content=\"https:\/\/astideco.com\/blog\/wp-content\/uploads\/2024\/11\/mesas_sillas_infantiles_madera-2.jpg\" \/>\n\t<meta property=\"og:image:width\" content=\"2000\" \/>\n\t<meta property=\"og:image:height\" content=\"1336\" \/>\n\t<meta property=\"og:image:type\" content=\"image\/jpeg\" \/>\n<meta name=\"author\" content=\"Astigarraga Kit Line\" \/>\n<meta name=\"twitter:card\" content=\"summary_large_image\" \/>\n<meta name=\"twitter:label1\" content=\"Escrito por\" \/>\n\t<meta name=\"twitter:data1\" content=\"Astigarraga Kit Line\" \/>\n\t<meta name=\"twitter:label2\" content=\"Tiempo de lectura\" \/>\n\t<meta name=\"twitter:data2\" content=\"6 minutos\" \/>\n<script type=\"application\/ld+json\" class=\"yoast-schema-graph\">{\"@context\":\"https:\/\/schema.org\",\"@graph\":[{\"@type\":\"Article\",\"@id\":\"https:\/\/astideco.com\/blog\/nuevas-mesas-y-sillas-infantiles-de-madera-curie-para-escuelas-y-hogares\/#article\",\"isPartOf\":{\"@id\":\"https:\/\/astideco.com\/blog\/nuevas-mesas-y-sillas-infantiles-de-madera-curie-para-escuelas-y-hogares\/\"},\"author\":{\"name\":\"Astigarraga Kit Line\",\"@id\":\"https:\/\/astideco.com\/blog\/#\/schema\/person\/13fd236103c4c231352fb09b2b7ac5cf\"},\"headline\":\"Nuevas mesas y sillas infantiles de madera CURIE para escuelas y hogares\",\"datePublished\":\"2024-11-18T18:42:44+00:00\",\"dateModified\":\"2024-12-02T21:12:36+00:00\",\"mainEntityOfPage\":{\"@id\":\"https:\/\/astideco.com\/blog\/nuevas-mesas-y-sillas-infantiles-de-madera-curie-para-escuelas-y-hogares\/\"},\"wordCount\":1011,\"commentCount\":0,\"image\":{\"@id\":\"https:\/\/astideco.com\/blog\/nuevas-mesas-y-sillas-infantiles-de-madera-curie-para-escuelas-y-hogares\/#primaryimage\"},\"thumbnailUrl\":\"https:\/\/astideco.com\/blog\/wp-content\/uploads\/2024\/11\/mesas_sillas_infantiles_madera-2.jpg\",\"keywords\":[\"Mesas Infantiles\",\"Mobiliario Escolar\",\"Muebles Madera\",\"Sillas Infantiles\"],\"articleSection\":[\"Producto\"],\"inLanguage\":\"es\",\"potentialAction\":[{\"@type\":\"CommentAction\",\"name\":\"Comment\",\"target\":[\"https:\/\/astideco.com\/blog\/nuevas-mesas-y-sillas-infantiles-de-madera-curie-para-escuelas-y-hogares\/#respond\"]}]},{\"@type\":\"WebPage\",\"@id\":\"https:\/\/astideco.com\/blog\/nuevas-mesas-y-sillas-infantiles-de-madera-curie-para-escuelas-y-hogares\/\",\"url\":\"https:\/\/astideco.com\/blog\/nuevas-mesas-y-sillas-infantiles-de-madera-curie-para-escuelas-y-hogares\/\",\"name\":\"Nuevas mesas y sillas infantiles de madera CURIE para escuelas y hogares - Astiblog\",\"isPartOf\":{\"@id\":\"https:\/\/astideco.com\/blog\/#website\"},\"primaryImageOfPage\":{\"@id\":\"https:\/\/astideco.com\/blog\/nuevas-mesas-y-sillas-infantiles-de-madera-curie-para-escuelas-y-hogares\/#primaryimage\"},\"image\":{\"@id\":\"https:\/\/astideco.com\/blog\/nuevas-mesas-y-sillas-infantiles-de-madera-curie-para-escuelas-y-hogares\/#primaryimage\"},\"thumbnailUrl\":\"https:\/\/astideco.com\/blog\/wp-content\/uploads\/2024\/11\/mesas_sillas_infantiles_madera-2.jpg\",\"datePublished\":\"2024-11-18T18:42:44+00:00\",\"dateModified\":\"2024-12-02T21:12:36+00:00\",\"author\":{\"@id\":\"https:\/\/astideco.com\/blog\/#\/schema\/person\/13fd236103c4c231352fb09b2b7ac5cf\"},\"description\":\"Hoy te contamos todo sobre las nuevas mesas y sillas infantiles de madera CURIE para escuelas y hogares, tratadas con barniz ecol\u00f3gico.\",\"breadcrumb\":{\"@id\":\"https:\/\/astideco.com\/blog\/nuevas-mesas-y-sillas-infantiles-de-madera-curie-para-escuelas-y-hogares\/#breadcrumb\"},\"inLanguage\":\"es\",\"potentialAction\":[{\"@type\":\"ReadAction\",\"target\":[\"https:\/\/astideco.com\/blog\/nuevas-mesas-y-sillas-infantiles-de-madera-curie-para-escuelas-y-hogares\/\"]}]},{\"@type\":\"ImageObject\",\"inLanguage\":\"es\",\"@id\":\"https:\/\/astideco.com\/blog\/nuevas-mesas-y-sillas-infantiles-de-madera-curie-para-escuelas-y-hogares\/#primaryimage\",\"url\":\"https:\/\/astideco.com\/blog\/wp-content\/uploads\/2024\/11\/mesas_sillas_infantiles_madera-2.jpg\",\"contentUrl\":\"https:\/\/astideco.com\/blog\/wp-content\/uploads\/2024\/11\/mesas_sillas_infantiles_madera-2.jpg\",\"width\":2000,\"height\":1336},{\"@type\":\"BreadcrumbList\",\"@id\":\"https:\/\/astideco.com\/blog\/nuevas-mesas-y-sillas-infantiles-de-madera-curie-para-escuelas-y-hogares\/#breadcrumb\",\"itemListElement\":[{\"@type\":\"ListItem\",\"position\":1,\"name\":\"Portada\",\"item\":\"https:\/\/astideco.com\/blog\/\"},{\"@type\":\"ListItem\",\"position\":2,\"name\":\"Nuevas mesas y sillas infantiles de madera CURIE para escuelas y hogares\"}]},{\"@type\":\"WebSite\",\"@id\":\"https:\/\/astideco.com\/blog\/#website\",\"url\":\"https:\/\/astideco.com\/blog\/\",\"name\":\"Astiblog\",\"description\":\"Blog de Astideco.com\",\"potentialAction\":[{\"@type\":\"SearchAction\",\"target\":{\"@type\":\"EntryPoint\",\"urlTemplate\":\"https:\/\/astideco.com\/blog\/?s={search_term_string}\"},\"query-input\":{\"@type\":\"PropertyValueSpecification\",\"valueRequired\":true,\"valueName\":\"search_term_string\"}}],\"inLanguage\":\"es\"},{\"@type\":\"Person\",\"@id\":\"https:\/\/astideco.com\/blog\/#\/schema\/person\/13fd236103c4c231352fb09b2b7ac5cf\",\"name\":\"Astigarraga Kit Line\"}]}<\/script>\n<!-- \/ Yoast SEO plugin. -->","yoast_head_json":{"title":"Nuevas mesas y sillas infantiles de madera CURIE para escuelas y hogares - Astiblog","description":"Hoy te contamos todo sobre las nuevas mesas y sillas infantiles de madera CURIE para escuelas y hogares, tratadas con barniz ecol\u00f3gico.","robots":{"index":"index","follow":"follow","max-snippet":"max-snippet:-1","max-image-preview":"max-image-preview:large","max-video-preview":"max-video-preview:-1"},"canonical":"https:\/\/astideco.com\/blog\/nuevas-mesas-y-sillas-infantiles-de-madera-curie-para-escuelas-y-hogares\/","og_locale":"es_ES","og_type":"article","og_title":"Nuevas mesas y sillas infantiles de madera CURIE para escuelas y hogares - Astiblog","og_description":"Hoy te contamos todo sobre las nuevas mesas y sillas infantiles de madera CURIE para escuelas y hogares, tratadas con barniz ecol\u00f3gico.","og_url":"https:\/\/astideco.com\/blog\/nuevas-mesas-y-sillas-infantiles-de-madera-curie-para-escuelas-y-hogares\/","og_site_name":"Astiblog","article_published_time":"2024-11-18T18:42:44+00:00","article_modified_time":"2024-12-02T21:12:36+00:00","og_image":[{"width":2000,"height":1336,"url":"https:\/\/astideco.com\/blog\/wp-content\/uploads\/2024\/11\/mesas_sillas_infantiles_madera-2.jpg","type":"image\/jpeg"}],"author":"Astigarraga Kit Line","twitter_card":"summary_large_image","twitter_misc":{"Escrito por":"Astigarraga Kit Line","Tiempo de lectura":"6 minutos"},"schema":{"@context":"https:\/\/schema.org","@graph":[{"@type":"Article","@id":"https:\/\/astideco.com\/blog\/nuevas-mesas-y-sillas-infantiles-de-madera-curie-para-escuelas-y-hogares\/#article","isPartOf":{"@id":"https:\/\/astideco.com\/blog\/nuevas-mesas-y-sillas-infantiles-de-madera-curie-para-escuelas-y-hogares\/"},"author":{"name":"Astigarraga Kit Line","@id":"https:\/\/astideco.com\/blog\/#\/schema\/person\/13fd236103c4c231352fb09b2b7ac5cf"},"headline":"Nuevas mesas y sillas infantiles de madera CURIE para escuelas y hogares","datePublished":"2024-11-18T18:42:44+00:00","dateModified":"2024-12-02T21:12:36+00:00","mainEntityOfPage":{"@id":"https:\/\/astideco.com\/blog\/nuevas-mesas-y-sillas-infantiles-de-madera-curie-para-escuelas-y-hogares\/"},"wordCount":1011,"commentCount":0,"image":{"@id":"https:\/\/astideco.com\/blog\/nuevas-mesas-y-sillas-infantiles-de-madera-curie-para-escuelas-y-hogares\/#primaryimage"},"thumbnailUrl":"https:\/\/astideco.com\/blog\/wp-content\/uploads\/2024\/11\/mesas_sillas_infantiles_madera-2.jpg","keywords":["Mesas Infantiles","Mobiliario Escolar","Muebles Madera","Sillas Infantiles"],"articleSection":["Producto"],"inLanguage":"es","potentialAction":[{"@type":"CommentAction","name":"Comment","target":["https:\/\/astideco.com\/blog\/nuevas-mesas-y-sillas-infantiles-de-madera-curie-para-escuelas-y-hogares\/#respond"]}]},{"@type":"WebPage","@id":"https:\/\/astideco.com\/blog\/nuevas-mesas-y-sillas-infantiles-de-madera-curie-para-escuelas-y-hogares\/","url":"https:\/\/astideco.com\/blog\/nuevas-mesas-y-sillas-infantiles-de-madera-curie-para-escuelas-y-hogares\/","name":"Nuevas mesas y sillas infantiles de madera CURIE para escuelas y hogares - Astiblog","isPartOf":{"@id":"https:\/\/astideco.com\/blog\/#website"},"primaryImageOfPage":{"@id":"https:\/\/astideco.com\/blog\/nuevas-mesas-y-sillas-infantiles-de-madera-curie-para-escuelas-y-hogares\/#primaryimage"},"image":{"@id":"https:\/\/astideco.com\/blog\/nuevas-mesas-y-sillas-infantiles-de-madera-curie-para-escuelas-y-hogares\/#primaryimage"},"thumbnailUrl":"https:\/\/astideco.com\/blog\/wp-content\/uploads\/2024\/11\/mesas_sillas_infantiles_madera-2.jpg","datePublished":"2024-11-18T18:42:44+00:00","dateModified":"2024-12-02T21:12:36+00:00","author":{"@id":"https:\/\/astideco.com\/blog\/#\/schema\/person\/13fd236103c4c231352fb09b2b7ac5cf"},"description":"Hoy te contamos todo sobre las nuevas mesas y sillas infantiles de madera CURIE para escuelas y hogares, tratadas con barniz ecol\u00f3gico.","breadcrumb":{"@id":"https:\/\/astideco.com\/blog\/nuevas-mesas-y-sillas-infantiles-de-madera-curie-para-escuelas-y-hogares\/#breadcrumb"},"inLanguage":"es","potentialAction":[{"@type":"ReadAction","target":["https:\/\/astideco.com\/blog\/nuevas-mesas-y-sillas-infantiles-de-madera-curie-para-escuelas-y-hogares\/"]}]},{"@type":"ImageObject","inLanguage":"es","@id":"https:\/\/astideco.com\/blog\/nuevas-mesas-y-sillas-infantiles-de-madera-curie-para-escuelas-y-hogares\/#primaryimage","url":"https:\/\/astideco.com\/blog\/wp-content\/uploads\/2024\/11\/mesas_sillas_infantiles_madera-2.jpg","contentUrl":"https:\/\/astideco.com\/blog\/wp-content\/uploads\/2024\/11\/mesas_sillas_infantiles_madera-2.jpg","width":2000,"height":1336},{"@type":"BreadcrumbList","@id":"https:\/\/astideco.com\/blog\/nuevas-mesas-y-sillas-infantiles-de-madera-curie-para-escuelas-y-hogares\/#breadcrumb","itemListElement":[{"@type":"ListItem","position":1,"name":"Portada","item":"https:\/\/astideco.com\/blog\/"},{"@type":"ListItem","position":2,"name":"Nuevas mesas y sillas infantiles de madera CURIE para escuelas y hogares"}]},{"@type":"WebSite","@id":"https:\/\/astideco.com\/blog\/#website","url":"https:\/\/astideco.com\/blog\/","name":"Astiblog","description":"Blog de Astideco.com","potentialAction":[{"@type":"SearchAction","target":{"@type":"EntryPoint","urlTemplate":"https:\/\/astideco.com\/blog\/?s={search_term_string}"},"query-input":{"@type":"PropertyValueSpecification","valueRequired":true,"valueName":"search_term_string"}}],"inLanguage":"es"},{"@type":"Person","@id":"https:\/\/astideco.com\/blog\/#\/schema\/person\/13fd236103c4c231352fb09b2b7ac5cf","name":"Astigarraga Kit Line"}]}},"_links":{"self":[{"href":"https:\/\/astideco.com\/blog\/wp-json\/wp\/v2\/posts\/5584","targetHints":{"allow":["GET"]}}],"collection":[{"href":"https:\/\/astideco.com\/blog\/wp-json\/wp\/v2\/posts"}],"about":[{"href":"https:\/\/astideco.com\/blog\/wp-json\/wp\/v2\/types\/post"}],"author":[{"embeddable":true,"href":"https:\/\/astideco.com\/blog\/wp-json\/wp\/v2\/users\/6"}],"replies":[{"embeddable":true,"href":"https:\/\/astideco.com\/blog\/wp-json\/wp\/v2\/comments?post=5584"}],"version-history":[{"count":6,"href":"https:\/\/astideco.com\/blog\/wp-json\/wp\/v2\/posts\/5584\/revisions"}],"predecessor-version":[{"id":5604,"href":"https:\/\/astideco.com\/blog\/wp-json\/wp\/v2\/posts\/5584\/revisions\/5604"}],"wp:featuredmedia":[{"embeddable":true,"href":"https:\/\/astideco.com\/blog\/wp-json\/wp\/v2\/media\/5547"}],"wp:attachment":[{"href":"https:\/\/astideco.com\/blog\/wp-json\/wp\/v2\/media?parent=5584"}],"wp:term":[{"taxonomy":"category","embeddable":true,"href":"https:\/\/astideco.com\/blog\/wp-json\/wp\/v2\/categories?post=5584"},{"taxonomy":"post_tag","embeddable":true,"href":"https:\/\/astideco.com\/blog\/wp-json\/wp\/v2\/tags?post=5584"}],"curies":[{"name":"wp","href":"https:\/\/api.w.org\/{rel}","templated":true}]}}