{"id":522,"date":"2023-04-30T10:35:18","date_gmt":"2023-04-30T10:35:18","guid":{"rendered":"https:\/\/astideco.com\/blog\/?p=522"},"modified":"2023-07-20T15:48:37","modified_gmt":"2023-07-20T15:48:37","slug":"decora-cajas-modulares-madera-homebox","status":"publish","type":"post","link":"https:\/\/astideco.com\/blog\/decora-cajas-modulares-madera-homebox\/","title":{"rendered":"Decora con las cajas modulares de madera Home Box"},"content":{"rendered":"<p dir=\"ltr\">Una de las tendencias en decoraci\u00f3n pasa por las cajas de madera. Bien sean las de toda la vida que se utilizan para las frutas y verduras, bien la infinidad de modelos que se pueden encontrar en cualquier tienda de bricolaje, su uso se ha convertido en una de las opciones m\u00e1s trendy para dar vida a cualquier estancia. Nosotros a\u00f1adimos otro concepto: responsabilidad ecol\u00f3gica. Y es que nuestras cajas est\u00e1n fabricadas con madera maciza de pino que proviene de la gesti\u00f3n sostenible de nuestros propios bosques. Son maderas de procedencia local y certificadas con el sistema de certificaci\u00f3n forestal m\u00e1s implantado en el mundo a escala global, <a href=\"https:\/\/www.pefc.es\/descubre-pefc\/que-es-pefc\"><strong>PEFC<\/strong><\/a>, y la etiqueta ecol\u00f3gica de la Uni\u00f3n Europea <a href=\"https:\/\/environment.ec.europa.eu\/topics\/circular-economy\/eu-ecolabel-home_en\" target=\"_blank\" rel=\"noopener\"><strong>Ecolabel<\/strong><\/a>. Es la \u00fanica manera que tenemos de garantizar productos ecol\u00f3gicos, naturales, resistentes y decorativos. Y lo hacemos as\u00ed porque somos plenamente conscientes de que cada peque\u00f1a acci\u00f3n influye directamente en el entorno. Hoy os invitamos a: Decora\u00a0 con las <a href=\"https:\/\/astideco.com\/es\/cajas-modulares\" target=\"_blank\" rel=\"noopener\"><span><span><strong>cajas modulares de madera Home Box<\/strong><\/span><\/span><\/a>.<\/p>\n<h2 dir=\"ltr\">Cajas modulares de madera Home Box<\/h2>\n<p dir=\"ltr\">\u00bfTe suena Home Box? \u00bfSabes lo que es? Es una de nuestras cajas de madera, pero no es una cualquiera: se puede convertir en lo que t\u00fa quieras. El sistema de ensamblaje de estas cajas hacen que \u00e9stas puedan apilarse y casar unas con otras a la perfecci\u00f3n. Son piezas modulares de madera maciza de pino, con un sistema de encaje sencill\u00edsimo. Las puedes colocar en m\u00faltiples posiciones y en todas las direcciones. Adem\u00e1s puedes jugar con las diferentes medidas (38,4&#215;51,2x28cm (alto\/ancho\/fondo), 25,6&#215;38,4x28cm y 25,6&#215;38,4&#215;16,5cm) y combinarlas entres s\u00ed, para crear composiciones \u00fanicas y divertias.<\/p>\n<p dir=\"ltr\"><img decoding=\"async\" class=\"lazyload alignnone size-fusion-1200 wp-image-4623\" src=\"https:\/\/astideco.com\/blog\/wp-content\/uploads\/2018\/10\/cajas-madera-modulares-homebox-1200x425.jpg\" data-orig-src=\"https:\/\/astideco.com\/blog\/wp-content\/uploads\/2018\/10\/cajas-madera-modulares-homebox-1200x425.jpg\" alt=\"\" width=\"1200\" height=\"425\" srcset=\"data:image\/svg+xml,%3Csvg%20xmlns%3D%27http%3A%2F%2Fwww.w3.org%2F2000%2Fsvg%27%20width%3D%271200%27%20height%3D%27425%27%20viewBox%3D%270%200%201200%20425%27%3E%3Crect%20width%3D%271200%27%20height%3D%27425%27%20fill-opacity%3D%220%22%2F%3E%3C%2Fsvg%3E\" data-srcset=\"https:\/\/astideco.com\/blog\/wp-content\/uploads\/2018\/10\/cajas-madera-modulares-homebox-200x71.jpg 200w, https:\/\/astideco.com\/blog\/wp-content\/uploads\/2018\/10\/cajas-madera-modulares-homebox-300x106.jpg 300w, https:\/\/astideco.com\/blog\/wp-content\/uploads\/2018\/10\/cajas-madera-modulares-homebox-400x142.jpg 400w, https:\/\/astideco.com\/blog\/wp-content\/uploads\/2018\/10\/cajas-madera-modulares-homebox-600x213.jpg 600w, https:\/\/astideco.com\/blog\/wp-content\/uploads\/2018\/10\/cajas-madera-modulares-homebox-768x272.jpg 768w, https:\/\/astideco.com\/blog\/wp-content\/uploads\/2018\/10\/cajas-madera-modulares-homebox-800x283.jpg 800w, https:\/\/astideco.com\/blog\/wp-content\/uploads\/2018\/10\/cajas-madera-modulares-homebox-1024x363.jpg 1024w, https:\/\/astideco.com\/blog\/wp-content\/uploads\/2018\/10\/cajas-madera-modulares-homebox-1200x425.jpg 1200w, https:\/\/astideco.com\/blog\/wp-content\/uploads\/2018\/10\/cajas-madera-modulares-homebox-1536x544.jpg 1536w, https:\/\/astideco.com\/blog\/wp-content\/uploads\/2018\/10\/cajas-madera-modulares-homebox.jpg 1824w\" data-sizes=\"auto\" data-orig-sizes=\"(max-width: 1200px) 100vw, 1200px\" \/><\/p>\n<p dir=\"ltr\">Y, \u00bfpor qu\u00e9 decimos que Home Box es lo que t\u00fa quieres que sea? Porque puedes idear todos estos espacios:<\/p>\n<h2 dir=\"ltr\">1. Mesa de centro<\/h2>\n<p dir=\"ltr\">\u00bfNo tienes una mesa de centro? Hazte con cajas Home Box de diferentes tama\u00f1os, comb\u00ednalas como m\u00e1s te guste, p\u00edntalas y \u00fanelas. Esta mesa DIY te servir\u00e1 para guardar revistas o cualquier otro objeto que suele rondar por la zona de la televisi\u00f3n. F\u00edjate en el banco esquinero. \u00a1Est\u00e1 hecho tambi\u00e9n con estas cajas de madera apilables! Con las cajas de madera Home Box no hay l\u00edmites!<\/p>\n<p dir=\"ltr\"><img decoding=\"async\" class=\"lazyload alignnone size-fusion-1200 wp-image-4630\" src=\"https:\/\/astideco.com\/blog\/wp-content\/uploads\/2018\/10\/cajas-modulares-madera-homebox-mesa-centro-1200x984.jpg\" data-orig-src=\"https:\/\/astideco.com\/blog\/wp-content\/uploads\/2018\/10\/cajas-modulares-madera-homebox-mesa-centro-1200x984.jpg\" alt=\"\" width=\"1200\" height=\"984\" srcset=\"data:image\/svg+xml,%3Csvg%20xmlns%3D%27http%3A%2F%2Fwww.w3.org%2F2000%2Fsvg%27%20width%3D%271200%27%20height%3D%27984%27%20viewBox%3D%270%200%201200%20984%27%3E%3Crect%20width%3D%271200%27%20height%3D%27984%27%20fill-opacity%3D%220%22%2F%3E%3C%2Fsvg%3E\" data-srcset=\"https:\/\/astideco.com\/blog\/wp-content\/uploads\/2018\/10\/cajas-modulares-madera-homebox-mesa-centro-200x164.jpg 200w, https:\/\/astideco.com\/blog\/wp-content\/uploads\/2018\/10\/cajas-modulares-madera-homebox-mesa-centro-300x246.jpg 300w, https:\/\/astideco.com\/blog\/wp-content\/uploads\/2018\/10\/cajas-modulares-madera-homebox-mesa-centro-400x328.jpg 400w, https:\/\/astideco.com\/blog\/wp-content\/uploads\/2018\/10\/cajas-modulares-madera-homebox-mesa-centro-600x492.jpg 600w, https:\/\/astideco.com\/blog\/wp-content\/uploads\/2018\/10\/cajas-modulares-madera-homebox-mesa-centro-768x629.jpg 768w, https:\/\/astideco.com\/blog\/wp-content\/uploads\/2018\/10\/cajas-modulares-madera-homebox-mesa-centro-800x656.jpg 800w, https:\/\/astideco.com\/blog\/wp-content\/uploads\/2018\/10\/cajas-modulares-madera-homebox-mesa-centro-1024x839.jpg 1024w, https:\/\/astideco.com\/blog\/wp-content\/uploads\/2018\/10\/cajas-modulares-madera-homebox-mesa-centro-1200x984.jpg 1200w, https:\/\/astideco.com\/blog\/wp-content\/uploads\/2018\/10\/cajas-modulares-madera-homebox-mesa-centro-1536x1259.jpg 1536w, https:\/\/astideco.com\/blog\/wp-content\/uploads\/2018\/10\/cajas-modulares-madera-homebox-mesa-centro.jpg 1552w\" data-sizes=\"auto\" data-orig-sizes=\"(max-width: 1200px) 100vw, 1200px\" \/><\/p>\n<h2 dir=\"ltr\">2. Revistero<\/h2>\n<p dir=\"ltr\">Sin unirlas, las Home Box las puedes utilizar por separado. Reposadas sobre el suelo o dando vida a un pared, la puedes utilizar para alojar libros o para colocar una planta a modo decorativo. Siempre tendr\u00e1s a mano una revista o una manta, para esas tardes que refresca un poquito.<\/p>\n<div id=\"attachment_4624\" style=\"width: 1210px\" class=\"wp-caption alignnone\"><img decoding=\"async\" aria-describedby=\"caption-attachment-4624\" class=\"lazyload wp-image-4624\" src=\"https:\/\/astideco.com\/blog\/wp-content\/uploads\/2018\/10\/cajas-modulares-madera-homebox.jpg\" data-orig-src=\"https:\/\/astideco.com\/blog\/wp-content\/uploads\/2018\/10\/cajas-modulares-madera-homebox.jpg\" alt=\"\" width=\"1200\" height=\"801\" srcset=\"data:image\/svg+xml,%3Csvg%20xmlns%3D%27http%3A%2F%2Fwww.w3.org%2F2000%2Fsvg%27%20width%3D%271200%27%20height%3D%27801%27%20viewBox%3D%270%200%201200%20801%27%3E%3Crect%20width%3D%271200%27%20height%3D%27801%27%20fill-opacity%3D%220%22%2F%3E%3C%2Fsvg%3E\" data-srcset=\"https:\/\/astideco.com\/blog\/wp-content\/uploads\/2018\/10\/cajas-modulares-madera-homebox-200x133.jpg 200w, https:\/\/astideco.com\/blog\/wp-content\/uploads\/2018\/10\/cajas-modulares-madera-homebox-300x200.jpg 300w, https:\/\/astideco.com\/blog\/wp-content\/uploads\/2018\/10\/cajas-modulares-madera-homebox-400x267.jpg 400w, https:\/\/astideco.com\/blog\/wp-content\/uploads\/2018\/10\/cajas-modulares-madera-homebox-600x400.jpg 600w, https:\/\/astideco.com\/blog\/wp-content\/uploads\/2018\/10\/cajas-modulares-madera-homebox.jpg 640w\" data-sizes=\"auto\" data-orig-sizes=\"(max-width: 1200px) 100vw, 1200px\" \/><p id=\"caption-attachment-4624\" class=\"wp-caption-text\">Instagram: <a href=\"https:\/\/www.instagram.com\/drlivinghome\/\" target=\"_blank\" rel=\"noopener\"><strong>Drlivinghome<\/strong><\/a><\/p><\/div>\n<h2 dir=\"ltr\">3. Toallero<\/h2>\n<p dir=\"ltr\">Tambi\u00e9n puedes colocar tu caja de madera Home Box en el cuarto de ba\u00f1o para guardar las toallas o para almacenar los rollos de papel higi\u00e9nico. Ya ves, que de una en una, puedes utilizar estas cajas para diferentes fines.<\/p>\n<p dir=\"ltr\"><img decoding=\"async\" class=\"lazyload alignnone size-fusion-1200 wp-image-4631\" src=\"https:\/\/astideco.com\/blog\/wp-content\/uploads\/2018\/10\/TRIANGLE-3-1200x780.jpg\" data-orig-src=\"https:\/\/astideco.com\/blog\/wp-content\/uploads\/2018\/10\/TRIANGLE-3-1200x780.jpg\" alt=\"\" width=\"1200\" height=\"780\" srcset=\"data:image\/svg+xml,%3Csvg%20xmlns%3D%27http%3A%2F%2Fwww.w3.org%2F2000%2Fsvg%27%20width%3D%271200%27%20height%3D%27780%27%20viewBox%3D%270%200%201200%20780%27%3E%3Crect%20width%3D%271200%27%20height%3D%27780%27%20fill-opacity%3D%220%22%2F%3E%3C%2Fsvg%3E\" data-srcset=\"https:\/\/astideco.com\/blog\/wp-content\/uploads\/2018\/10\/TRIANGLE-3-200x130.jpg 200w, https:\/\/astideco.com\/blog\/wp-content\/uploads\/2018\/10\/TRIANGLE-3-300x195.jpg 300w, https:\/\/astideco.com\/blog\/wp-content\/uploads\/2018\/10\/TRIANGLE-3-400x260.jpg 400w, https:\/\/astideco.com\/blog\/wp-content\/uploads\/2018\/10\/TRIANGLE-3-600x390.jpg 600w, https:\/\/astideco.com\/blog\/wp-content\/uploads\/2018\/10\/TRIANGLE-3-768x499.jpg 768w, https:\/\/astideco.com\/blog\/wp-content\/uploads\/2018\/10\/TRIANGLE-3-800x520.jpg 800w, https:\/\/astideco.com\/blog\/wp-content\/uploads\/2018\/10\/TRIANGLE-3-1024x666.jpg 1024w, https:\/\/astideco.com\/blog\/wp-content\/uploads\/2018\/10\/TRIANGLE-3-1200x780.jpg 1200w, https:\/\/astideco.com\/blog\/wp-content\/uploads\/2018\/10\/TRIANGLE-3-1536x999.jpg 1536w, https:\/\/astideco.com\/blog\/wp-content\/uploads\/2018\/10\/TRIANGLE-3.jpg 1772w\" data-sizes=\"auto\" data-orig-sizes=\"(max-width: 1200px) 100vw, 1200px\" \/><\/p>\n<h2 dir=\"ltr\">4. Expositor<\/h2>\n<p dir=\"ltr\">Las cajas de madera son un elemento decorativo vers\u00e1til capaz de crear espacios \u00fanicos en cualquier espacio. Y no solo en una casa sino tambi\u00e9n en cualquier local, negocio o tienda. Depende de c\u00f3mo las coloques, las puedes utilizar como estanter\u00edas o almacenaje de producto.<\/p>\n<p dir=\"ltr\"><img decoding=\"async\" class=\"lazyload alignnone wp-image-528\" src=\"https:\/\/astideco.com\/blog\/wp-content\/uploads\/2019\/08\/HOME-BOX-TIENDA.jpg\" data-orig-src=\"https:\/\/astideco.com\/blog\/wp-content\/uploads\/2019\/08\/HOME-BOX-TIENDA.jpg\" alt=\"\" width=\"1200\" height=\"800\" srcset=\"data:image\/svg+xml,%3Csvg%20xmlns%3D%27http%3A%2F%2Fwww.w3.org%2F2000%2Fsvg%27%20width%3D%271200%27%20height%3D%27800%27%20viewBox%3D%270%200%201200%20800%27%3E%3Crect%20width%3D%271200%27%20height%3D%27800%27%20fill-opacity%3D%220%22%2F%3E%3C%2Fsvg%3E\" data-srcset=\"https:\/\/astideco.com\/blog\/wp-content\/uploads\/2019\/08\/HOME-BOX-TIENDA-300x200.jpg 300w, https:\/\/astideco.com\/blog\/wp-content\/uploads\/2019\/08\/HOME-BOX-TIENDA-768x512.jpg 768w, https:\/\/astideco.com\/blog\/wp-content\/uploads\/2019\/08\/HOME-BOX-TIENDA.jpg 1024w\" data-sizes=\"auto\" data-orig-sizes=\"(max-width: 1200px) 100vw, 1200px\" \/><\/p>\n<h2 dir=\"ltr\">5. Habitaci\u00f3n infantil<\/h2>\n<p dir=\"ltr\">Los m\u00e1s peque\u00f1os no se iban a quedan sin sus cajas de madera. Ya sabemos la cantidad de cosas que atesoran los ni\u00f1os y crear un espacio dedicado exclusivamente para ellos es un acierto. No es tan importante el espacio del que se disponga sino saber aprovechar bien los metros cuadrados con los que se cuente. Cualquier rinc\u00f3n es bienvenido para realizar una composici\u00f3n que te permita guardar los juguetes, los libros o los peluches; e incluso, crear un rinc\u00f3n de lectura donde puedan sentarse y sencillamente leer.<\/p>\n<p dir=\"ltr\"><img decoding=\"async\" class=\"lazyload alignnone wp-image-4634\" src=\"https:\/\/astideco.com\/blog\/wp-content\/uploads\/2018\/10\/cajas-de-madera-apilables-home-box.jpg\" data-orig-src=\"https:\/\/astideco.com\/blog\/wp-content\/uploads\/2018\/10\/cajas-de-madera-apilables-home-box.jpg\" alt=\"\" width=\"1200\" height=\"800\" srcset=\"data:image\/svg+xml,%3Csvg%20xmlns%3D%27http%3A%2F%2Fwww.w3.org%2F2000%2Fsvg%27%20width%3D%271200%27%20height%3D%27800%27%20viewBox%3D%270%200%201200%20800%27%3E%3Crect%20width%3D%271200%27%20height%3D%27800%27%20fill-opacity%3D%220%22%2F%3E%3C%2Fsvg%3E\" data-srcset=\"https:\/\/astideco.com\/blog\/wp-content\/uploads\/2018\/10\/cajas-de-madera-apilables-home-box-200x133.jpg 200w, https:\/\/astideco.com\/blog\/wp-content\/uploads\/2018\/10\/cajas-de-madera-apilables-home-box-300x200.jpg 300w, https:\/\/astideco.com\/blog\/wp-content\/uploads\/2018\/10\/cajas-de-madera-apilables-home-box-400x267.jpg 400w, https:\/\/astideco.com\/blog\/wp-content\/uploads\/2018\/10\/cajas-de-madera-apilables-home-box-600x400.jpg 600w, https:\/\/astideco.com\/blog\/wp-content\/uploads\/2018\/10\/cajas-de-madera-apilables-home-box-768x512.jpg 768w, https:\/\/astideco.com\/blog\/wp-content\/uploads\/2018\/10\/cajas-de-madera-apilables-home-box-800x534.jpg 800w, https:\/\/astideco.com\/blog\/wp-content\/uploads\/2018\/10\/cajas-de-madera-apilables-home-box.jpg 1024w\" data-sizes=\"auto\" data-orig-sizes=\"(max-width: 1200px) 100vw, 1200px\" \/><\/p>\n<h2 dir=\"ltr\">6. Mueble de cocina<\/h2>\n<p dir=\"ltr\">Cada vez nos gustan m\u00e1s c\u00f3mo quedan las cajas de madera en la cocina. \u00bfPor qu\u00e9 no huir de los t\u00edpicos armarios cerrados de la pared y sorprender? Las Home Box son ideales para guardar tazas o la vajilla. Eso s\u00ed, se necesita ser ordenado.<\/p>\n<p dir=\"ltr\"><img decoding=\"async\" class=\"lazyload alignnone size-fusion-1200 wp-image-4635\" src=\"https:\/\/astideco.com\/blog\/wp-content\/uploads\/2018\/10\/cocina-1200x674.png\" data-orig-src=\"https:\/\/astideco.com\/blog\/wp-content\/uploads\/2018\/10\/cocina-1200x674.png\" alt=\"\" width=\"1200\" height=\"674\" srcset=\"data:image\/svg+xml,%3Csvg%20xmlns%3D%27http%3A%2F%2Fwww.w3.org%2F2000%2Fsvg%27%20width%3D%271200%27%20height%3D%27674%27%20viewBox%3D%270%200%201200%20674%27%3E%3Crect%20width%3D%271200%27%20height%3D%27674%27%20fill-opacity%3D%220%22%2F%3E%3C%2Fsvg%3E\" data-srcset=\"https:\/\/astideco.com\/blog\/wp-content\/uploads\/2018\/10\/cocina-200x112.png 200w, https:\/\/astideco.com\/blog\/wp-content\/uploads\/2018\/10\/cocina-300x169.png 300w, https:\/\/astideco.com\/blog\/wp-content\/uploads\/2018\/10\/cocina-400x225.png 400w, https:\/\/astideco.com\/blog\/wp-content\/uploads\/2018\/10\/cocina-600x337.png 600w, https:\/\/astideco.com\/blog\/wp-content\/uploads\/2018\/10\/cocina-768x432.png 768w, https:\/\/astideco.com\/blog\/wp-content\/uploads\/2018\/10\/cocina-800x450.png 800w, https:\/\/astideco.com\/blog\/wp-content\/uploads\/2018\/10\/cocina-1024x575.png 1024w, https:\/\/astideco.com\/blog\/wp-content\/uploads\/2018\/10\/cocina-1200x674.png 1200w, https:\/\/astideco.com\/blog\/wp-content\/uploads\/2018\/10\/cocina-1536x863.png 1536w\" data-sizes=\"auto\" data-orig-sizes=\"(max-width: 1200px) 100vw, 1200px\" \/><\/p>\n<h2 dir=\"ltr\">7. Biblioteca<\/h2>\n<p dir=\"ltr\">Las cajas de madera son perfectas para crear una estanter\u00eda. Apilar cajas de madera Home Box es tan f\u00e1cil que en pocos minutos puedes dise\u00f1ar una estanter\u00eda modular de este tama\u00f1o. Es una manera r\u00e1pida y decorativa de originar espacio de almacenamiento en cualquier estancia de tu casa.<\/p>\n<p dir=\"ltr\"><img decoding=\"async\" class=\"lazyload alignnone wp-image-4633\" src=\"https:\/\/astideco.com\/blog\/wp-content\/uploads\/2018\/10\/HOME-BOX-BLANCA-FRONTAL-SALON.jpg\" data-orig-src=\"https:\/\/astideco.com\/blog\/wp-content\/uploads\/2018\/10\/HOME-BOX-BLANCA-FRONTAL-SALON.jpg\" alt=\"\" width=\"1200\" height=\"800\" srcset=\"data:image\/svg+xml,%3Csvg%20xmlns%3D%27http%3A%2F%2Fwww.w3.org%2F2000%2Fsvg%27%20width%3D%271200%27%20height%3D%27800%27%20viewBox%3D%270%200%201200%20800%27%3E%3Crect%20width%3D%271200%27%20height%3D%27800%27%20fill-opacity%3D%220%22%2F%3E%3C%2Fsvg%3E\" data-srcset=\"https:\/\/astideco.com\/blog\/wp-content\/uploads\/2018\/10\/HOME-BOX-BLANCA-FRONTAL-SALON-200x133.jpg 200w, https:\/\/astideco.com\/blog\/wp-content\/uploads\/2018\/10\/HOME-BOX-BLANCA-FRONTAL-SALON-300x200.jpg 300w, https:\/\/astideco.com\/blog\/wp-content\/uploads\/2018\/10\/HOME-BOX-BLANCA-FRONTAL-SALON-400x267.jpg 400w, https:\/\/astideco.com\/blog\/wp-content\/uploads\/2018\/10\/HOME-BOX-BLANCA-FRONTAL-SALON-600x400.jpg 600w, https:\/\/astideco.com\/blog\/wp-content\/uploads\/2018\/10\/HOME-BOX-BLANCA-FRONTAL-SALON-768x512.jpg 768w, https:\/\/astideco.com\/blog\/wp-content\/uploads\/2018\/10\/HOME-BOX-BLANCA-FRONTAL-SALON-800x534.jpg 800w, https:\/\/astideco.com\/blog\/wp-content\/uploads\/2018\/10\/HOME-BOX-BLANCA-FRONTAL-SALON.jpg 1024w\" data-sizes=\"auto\" data-orig-sizes=\"(max-width: 1200px) 100vw, 1200px\" \/><\/p>\n<p dir=\"ltr\">Son muchas las opciones que ofrecen estas cajas de madera en materia de decoraci\u00f3n y manualidades. La lista puede resultar interminable. Nosotros te hemos propuesto estas soluciones pero seguro que a ti se te ocurren otras muchas ideas. No olvides dej\u00e1rnoslas en los comentarios. Nos encantar\u00eda leerte.<\/p>\n<p dir=\"ltr\"><em>Gracias por dejarnos decorar vuestro hogar de manera sostenible.<\/em><\/p>\n<div><\/div>\n","protected":false},"excerpt":{"rendered":"<p>Una de las tendencias en decoraci\u00f3n pasa por las cajas de madera. Bien sean las de toda la vida que se utilizan para las frutas y verduras, bien la infinidad de modelos que se pueden encontrar en cualquier tienda de  [..]<\/p>\n","protected":false},"author":6,"featured_media":4638,"comment_status":"open","ping_status":"open","sticky":false,"template":"","format":"standard","meta":{"footnotes":""},"categories":[15],"tags":[],"class_list":["post-522","post","type-post","status-publish","format-standard","has-post-thumbnail","hentry","category-producto"],"yoast_head":"<!-- This site is optimized with the Yoast SEO plugin v27.0 - https:\/\/yoast.com\/product\/yoast-seo-wordpress\/ -->\n<title>Decora con las cajas modulares de madera Home Box - Astiblog<\/title>\n<meta name=\"description\" content=\"Las cajas son las mejores aliadas para ordenar cualquier espacio. Hoy te proponemos: Decora con las cajas modulares de madera Home Box\" \/>\n<meta name=\"robots\" content=\"index, follow, max-snippet:-1, max-image-preview:large, max-video-preview:-1\" \/>\n<link rel=\"canonical\" href=\"https:\/\/astideco.com\/blog\/decora-cajas-modulares-madera-homebox\/\" \/>\n<meta property=\"og:locale\" content=\"es_ES\" \/>\n<meta property=\"og:type\" content=\"article\" \/>\n<meta property=\"og:title\" content=\"Decora con las cajas modulares de madera Home Box - Astiblog\" \/>\n<meta property=\"og:description\" content=\"Las cajas son las mejores aliadas para ordenar cualquier espacio. Hoy te proponemos: Decora con las cajas modulares de madera Home Box\" \/>\n<meta property=\"og:url\" content=\"https:\/\/astideco.com\/blog\/decora-cajas-modulares-madera-homebox\/\" \/>\n<meta property=\"og:site_name\" content=\"Astiblog\" \/>\n<meta property=\"article:published_time\" content=\"2023-04-30T10:35:18+00:00\" \/>\n<meta property=\"article:modified_time\" content=\"2023-07-20T15:48:37+00:00\" \/>\n<meta property=\"og:image\" content=\"https:\/\/astideco.com\/blog\/wp-content\/uploads\/2023\/04\/HOME-BOX-4.jpg\" \/>\n\t<meta property=\"og:image:width\" content=\"1772\" \/>\n\t<meta property=\"og:image:height\" content=\"997\" \/>\n\t<meta property=\"og:image:type\" content=\"image\/jpeg\" \/>\n<meta name=\"author\" content=\"Astigarraga Kit Line\" \/>\n<meta name=\"twitter:card\" content=\"summary_large_image\" \/>\n<meta name=\"twitter:label1\" content=\"Escrito por\" \/>\n\t<meta name=\"twitter:data1\" content=\"Astigarraga Kit Line\" \/>\n\t<meta name=\"twitter:label2\" content=\"Tiempo de lectura\" \/>\n\t<meta name=\"twitter:data2\" content=\"5 minutos\" \/>\n<script type=\"application\/ld+json\" class=\"yoast-schema-graph\">{\"@context\":\"https:\/\/schema.org\",\"@graph\":[{\"@type\":\"Article\",\"@id\":\"https:\/\/astideco.com\/blog\/decora-cajas-modulares-madera-homebox\/#article\",\"isPartOf\":{\"@id\":\"https:\/\/astideco.com\/blog\/decora-cajas-modulares-madera-homebox\/\"},\"author\":{\"name\":\"Astigarraga Kit Line\",\"@id\":\"https:\/\/astideco.com\/blog\/#\/schema\/person\/13fd236103c4c231352fb09b2b7ac5cf\"},\"headline\":\"Decora con las cajas modulares de madera Home Box\",\"datePublished\":\"2023-04-30T10:35:18+00:00\",\"dateModified\":\"2023-07-20T15:48:37+00:00\",\"mainEntityOfPage\":{\"@id\":\"https:\/\/astideco.com\/blog\/decora-cajas-modulares-madera-homebox\/\"},\"wordCount\":813,\"commentCount\":0,\"image\":{\"@id\":\"https:\/\/astideco.com\/blog\/decora-cajas-modulares-madera-homebox\/#primaryimage\"},\"thumbnailUrl\":\"https:\/\/astideco.com\/blog\/wp-content\/uploads\/2023\/04\/HOME-BOX-4.jpg\",\"articleSection\":[\"Producto\"],\"inLanguage\":\"es\",\"potentialAction\":[{\"@type\":\"CommentAction\",\"name\":\"Comment\",\"target\":[\"https:\/\/astideco.com\/blog\/decora-cajas-modulares-madera-homebox\/#respond\"]}]},{\"@type\":\"WebPage\",\"@id\":\"https:\/\/astideco.com\/blog\/decora-cajas-modulares-madera-homebox\/\",\"url\":\"https:\/\/astideco.com\/blog\/decora-cajas-modulares-madera-homebox\/\",\"name\":\"Decora con las cajas modulares de madera Home Box - Astiblog\",\"isPartOf\":{\"@id\":\"https:\/\/astideco.com\/blog\/#website\"},\"primaryImageOfPage\":{\"@id\":\"https:\/\/astideco.com\/blog\/decora-cajas-modulares-madera-homebox\/#primaryimage\"},\"image\":{\"@id\":\"https:\/\/astideco.com\/blog\/decora-cajas-modulares-madera-homebox\/#primaryimage\"},\"thumbnailUrl\":\"https:\/\/astideco.com\/blog\/wp-content\/uploads\/2023\/04\/HOME-BOX-4.jpg\",\"datePublished\":\"2023-04-30T10:35:18+00:00\",\"dateModified\":\"2023-07-20T15:48:37+00:00\",\"author\":{\"@id\":\"https:\/\/astideco.com\/blog\/#\/schema\/person\/13fd236103c4c231352fb09b2b7ac5cf\"},\"description\":\"Las cajas son las mejores aliadas para ordenar cualquier espacio. Hoy te proponemos: Decora con las cajas modulares de madera Home Box\",\"breadcrumb\":{\"@id\":\"https:\/\/astideco.com\/blog\/decora-cajas-modulares-madera-homebox\/#breadcrumb\"},\"inLanguage\":\"es\",\"potentialAction\":[{\"@type\":\"ReadAction\",\"target\":[\"https:\/\/astideco.com\/blog\/decora-cajas-modulares-madera-homebox\/\"]}]},{\"@type\":\"ImageObject\",\"inLanguage\":\"es\",\"@id\":\"https:\/\/astideco.com\/blog\/decora-cajas-modulares-madera-homebox\/#primaryimage\",\"url\":\"https:\/\/astideco.com\/blog\/wp-content\/uploads\/2023\/04\/HOME-BOX-4.jpg\",\"contentUrl\":\"https:\/\/astideco.com\/blog\/wp-content\/uploads\/2023\/04\/HOME-BOX-4.jpg\",\"width\":1772,\"height\":997},{\"@type\":\"BreadcrumbList\",\"@id\":\"https:\/\/astideco.com\/blog\/decora-cajas-modulares-madera-homebox\/#breadcrumb\",\"itemListElement\":[{\"@type\":\"ListItem\",\"position\":1,\"name\":\"Portada\",\"item\":\"https:\/\/astideco.com\/blog\/\"},{\"@type\":\"ListItem\",\"position\":2,\"name\":\"Decora con las cajas modulares de madera Home Box\"}]},{\"@type\":\"WebSite\",\"@id\":\"https:\/\/astideco.com\/blog\/#website\",\"url\":\"https:\/\/astideco.com\/blog\/\",\"name\":\"Astiblog\",\"description\":\"Blog de Astideco.com\",\"potentialAction\":[{\"@type\":\"SearchAction\",\"target\":{\"@type\":\"EntryPoint\",\"urlTemplate\":\"https:\/\/astideco.com\/blog\/?s={search_term_string}\"},\"query-input\":{\"@type\":\"PropertyValueSpecification\",\"valueRequired\":true,\"valueName\":\"search_term_string\"}}],\"inLanguage\":\"es\"},{\"@type\":\"Person\",\"@id\":\"https:\/\/astideco.com\/blog\/#\/schema\/person\/13fd236103c4c231352fb09b2b7ac5cf\",\"name\":\"Astigarraga Kit Line\"}]}<\/script>\n<!-- \/ Yoast SEO plugin. -->","yoast_head_json":{"title":"Decora con las cajas modulares de madera Home Box - Astiblog","description":"Las cajas son las mejores aliadas para ordenar cualquier espacio. Hoy te proponemos: Decora con las cajas modulares de madera Home Box","robots":{"index":"index","follow":"follow","max-snippet":"max-snippet:-1","max-image-preview":"max-image-preview:large","max-video-preview":"max-video-preview:-1"},"canonical":"https:\/\/astideco.com\/blog\/decora-cajas-modulares-madera-homebox\/","og_locale":"es_ES","og_type":"article","og_title":"Decora con las cajas modulares de madera Home Box - Astiblog","og_description":"Las cajas son las mejores aliadas para ordenar cualquier espacio. Hoy te proponemos: Decora con las cajas modulares de madera Home Box","og_url":"https:\/\/astideco.com\/blog\/decora-cajas-modulares-madera-homebox\/","og_site_name":"Astiblog","article_published_time":"2023-04-30T10:35:18+00:00","article_modified_time":"2023-07-20T15:48:37+00:00","og_image":[{"width":1772,"height":997,"url":"https:\/\/astideco.com\/blog\/wp-content\/uploads\/2023\/04\/HOME-BOX-4.jpg","type":"image\/jpeg"}],"author":"Astigarraga Kit Line","twitter_card":"summary_large_image","twitter_misc":{"Escrito por":"Astigarraga Kit Line","Tiempo de lectura":"5 minutos"},"schema":{"@context":"https:\/\/schema.org","@graph":[{"@type":"Article","@id":"https:\/\/astideco.com\/blog\/decora-cajas-modulares-madera-homebox\/#article","isPartOf":{"@id":"https:\/\/astideco.com\/blog\/decora-cajas-modulares-madera-homebox\/"},"author":{"name":"Astigarraga Kit Line","@id":"https:\/\/astideco.com\/blog\/#\/schema\/person\/13fd236103c4c231352fb09b2b7ac5cf"},"headline":"Decora con las cajas modulares de madera Home Box","datePublished":"2023-04-30T10:35:18+00:00","dateModified":"2023-07-20T15:48:37+00:00","mainEntityOfPage":{"@id":"https:\/\/astideco.com\/blog\/decora-cajas-modulares-madera-homebox\/"},"wordCount":813,"commentCount":0,"image":{"@id":"https:\/\/astideco.com\/blog\/decora-cajas-modulares-madera-homebox\/#primaryimage"},"thumbnailUrl":"https:\/\/astideco.com\/blog\/wp-content\/uploads\/2023\/04\/HOME-BOX-4.jpg","articleSection":["Producto"],"inLanguage":"es","potentialAction":[{"@type":"CommentAction","name":"Comment","target":["https:\/\/astideco.com\/blog\/decora-cajas-modulares-madera-homebox\/#respond"]}]},{"@type":"WebPage","@id":"https:\/\/astideco.com\/blog\/decora-cajas-modulares-madera-homebox\/","url":"https:\/\/astideco.com\/blog\/decora-cajas-modulares-madera-homebox\/","name":"Decora con las cajas modulares de madera Home Box - Astiblog","isPartOf":{"@id":"https:\/\/astideco.com\/blog\/#website"},"primaryImageOfPage":{"@id":"https:\/\/astideco.com\/blog\/decora-cajas-modulares-madera-homebox\/#primaryimage"},"image":{"@id":"https:\/\/astideco.com\/blog\/decora-cajas-modulares-madera-homebox\/#primaryimage"},"thumbnailUrl":"https:\/\/astideco.com\/blog\/wp-content\/uploads\/2023\/04\/HOME-BOX-4.jpg","datePublished":"2023-04-30T10:35:18+00:00","dateModified":"2023-07-20T15:48:37+00:00","author":{"@id":"https:\/\/astideco.com\/blog\/#\/schema\/person\/13fd236103c4c231352fb09b2b7ac5cf"},"description":"Las cajas son las mejores aliadas para ordenar cualquier espacio. Hoy te proponemos: Decora con las cajas modulares de madera Home Box","breadcrumb":{"@id":"https:\/\/astideco.com\/blog\/decora-cajas-modulares-madera-homebox\/#breadcrumb"},"inLanguage":"es","potentialAction":[{"@type":"ReadAction","target":["https:\/\/astideco.com\/blog\/decora-cajas-modulares-madera-homebox\/"]}]},{"@type":"ImageObject","inLanguage":"es","@id":"https:\/\/astideco.com\/blog\/decora-cajas-modulares-madera-homebox\/#primaryimage","url":"https:\/\/astideco.com\/blog\/wp-content\/uploads\/2023\/04\/HOME-BOX-4.jpg","contentUrl":"https:\/\/astideco.com\/blog\/wp-content\/uploads\/2023\/04\/HOME-BOX-4.jpg","width":1772,"height":997},{"@type":"BreadcrumbList","@id":"https:\/\/astideco.com\/blog\/decora-cajas-modulares-madera-homebox\/#breadcrumb","itemListElement":[{"@type":"ListItem","position":1,"name":"Portada","item":"https:\/\/astideco.com\/blog\/"},{"@type":"ListItem","position":2,"name":"Decora con las cajas modulares de madera Home Box"}]},{"@type":"WebSite","@id":"https:\/\/astideco.com\/blog\/#website","url":"https:\/\/astideco.com\/blog\/","name":"Astiblog","description":"Blog de Astideco.com","potentialAction":[{"@type":"SearchAction","target":{"@type":"EntryPoint","urlTemplate":"https:\/\/astideco.com\/blog\/?s={search_term_string}"},"query-input":{"@type":"PropertyValueSpecification","valueRequired":true,"valueName":"search_term_string"}}],"inLanguage":"es"},{"@type":"Person","@id":"https:\/\/astideco.com\/blog\/#\/schema\/person\/13fd236103c4c231352fb09b2b7ac5cf","name":"Astigarraga Kit Line"}]}},"_links":{"self":[{"href":"https:\/\/astideco.com\/blog\/wp-json\/wp\/v2\/posts\/522","targetHints":{"allow":["GET"]}}],"collection":[{"href":"https:\/\/astideco.com\/blog\/wp-json\/wp\/v2\/posts"}],"about":[{"href":"https:\/\/astideco.com\/blog\/wp-json\/wp\/v2\/types\/post"}],"author":[{"embeddable":true,"href":"https:\/\/astideco.com\/blog\/wp-json\/wp\/v2\/users\/6"}],"replies":[{"embeddable":true,"href":"https:\/\/astideco.com\/blog\/wp-json\/wp\/v2\/comments?post=522"}],"version-history":[{"count":4,"href":"https:\/\/astideco.com\/blog\/wp-json\/wp\/v2\/posts\/522\/revisions"}],"predecessor-version":[{"id":4637,"href":"https:\/\/astideco.com\/blog\/wp-json\/wp\/v2\/posts\/522\/revisions\/4637"}],"wp:featuredmedia":[{"embeddable":true,"href":"https:\/\/astideco.com\/blog\/wp-json\/wp\/v2\/media\/4638"}],"wp:attachment":[{"href":"https:\/\/astideco.com\/blog\/wp-json\/wp\/v2\/media?parent=522"}],"wp:term":[{"taxonomy":"category","embeddable":true,"href":"https:\/\/astideco.com\/blog\/wp-json\/wp\/v2\/categories?post=522"},{"taxonomy":"post_tag","embeddable":true,"href":"https:\/\/astideco.com\/blog\/wp-json\/wp\/v2\/tags?post=522"}],"curies":[{"name":"wp","href":"https:\/\/api.w.org\/{rel}","templated":true}]}}