{"id":5004,"date":"2023-12-09T18:32:32","date_gmt":"2023-12-09T18:32:32","guid":{"rendered":"https:\/\/astideco.com\/blog\/?p=5004"},"modified":"2024-01-25T08:35:24","modified_gmt":"2024-01-25T08:35:24","slug":"que-regalar-en-navidad-muebles-ecologicos-de-madera","status":"publish","type":"post","link":"https:\/\/astideco.com\/blog\/que-regalar-en-navidad-muebles-ecologicos-de-madera\/","title":{"rendered":"\u00bfQu\u00e9 regalar en Navidad? Muebles ecol\u00f3gicos de madera\u00a0"},"content":{"rendered":"<p><span>No s\u00e9 a ti pero a nosotros no nos sienta nada bien el estr\u00e9s. Nos gustan los hogares ordenados y c\u00e1lidos. Porque se dice que espacios ordenados, mentes despejadas. \u00a1Y as\u00ed es! Una verdad como un templo. Ahora que se acerca la Navidad sucede que, a veces, se dejan las compras de los regalos para el \u00faltimo minuto. Para evitar esa sensaci\u00f3n de que no llegas a nada o antes de que te invada cierto nerviosismo, compra con anticipaci\u00f3n. <\/span><b>\u00bfQu\u00e9 regalar en Navidad? Muebles ecol\u00f3gicos de madera natural y local.\u00a0<\/b><\/p>\n<p><span>S\u00ed, regala decoraci\u00f3n sostenible. Regalar <\/span><b>muebles ecol\u00f3gicos de madera <\/b><span>en Navidad es una excelente idea para promover un estilo de vida sostenible y consciente con el medio ambiente. As\u00ed es que opta por muebles hechos con madera certificada. En Astigarraga Kit line, todos est\u00e1n dise\u00f1ados y fabricados con <\/span><b>madera sostenible y local<\/b><span>. No lo decimos solo nosotros, sino las dos certificaciones que lo avalan:<\/span><a href=\"https:\/\/www.pefc.es\/\" target=\"_blank\" rel=\"noopener\"><b> PEFC<\/b><\/a><span> y la etiqueta ecol\u00f3gica de la Uni\u00f3n Europea, <\/span><a href=\"https:\/\/www.ecolabel.net\/es\/\" target=\"_blank\" rel=\"noopener\"><b>Ecolabel<\/b><\/a><span>.<\/span><\/p>\n<h2><span>Ideas para regalar decoraci\u00f3n en Navidad<\/span><\/h2>\n<p><span>Primero t\u00f3mate tu tiempo para hacer una lista de las personas a las que deseas regalar. Y segundo, date una vuelta por nuestra web y anota lo que podr\u00edan necesitar. Si est\u00e1s buscando inspiraci\u00f3n, no te preocupes. Nos adelantamos con algunas ideas que podr\u00edan convertirse en los mejores regalos sostenibles.<\/span><\/p>\n<p><strong>1. Un rinc\u00f3n de lectura para los peques<\/strong><\/p>\n<p><span>Crear un espacio acogedor y estimulante para fomentar el amor por la lectura en los ni\u00f1os, es uno de los mejores regalos que se les puede hacer.\u00a0 Coloca cojines y almohadas c\u00f3modas en un rinc\u00f3n, una alfombra suave y colorida en la que los ni\u00f1os puedan sentarse c\u00f3modamente mientras leen, y una luz c\u00e1lida y acogedora. Y completa este espacio con\u00a0 nuestros <span><a href=\"https:\/\/astideco.com\/es\/estantes\" target=\"_blank\" rel=\"noopener\"><span><strong>estantes de pared de madera<\/strong><\/span><\/a><\/span> para mostrar los libros de manera ordenada. Estas baldas son bajas y accesibles para los peque\u00f1os, lo que les ense\u00f1ar\u00e1 a organizar, cuidar de sus propios cuentos y ser m\u00e1s aut\u00f3nomos.<\/span><\/p>\n<div id=\"attachment_5006\" style=\"width: 1210px\" class=\"wp-caption alignnone\"><img decoding=\"async\" aria-describedby=\"caption-attachment-5006\" class=\"lazyload wp-image-5006 size-fusion-1200\" src=\"https:\/\/astideco.com\/blog\/wp-content\/uploads\/2023\/12\/regala_decoracion_navidad_astikitline-1200x1588.jpg\" data-orig-src=\"https:\/\/astideco.com\/blog\/wp-content\/uploads\/2023\/12\/regala_decoracion_navidad_astikitline-1200x1588.jpg\" alt=\"\" width=\"1200\" height=\"1588\" srcset=\"data:image\/svg+xml,%3Csvg%20xmlns%3D%27http%3A%2F%2Fwww.w3.org%2F2000%2Fsvg%27%20width%3D%271200%27%20height%3D%271588%27%20viewBox%3D%270%200%201200%201588%27%3E%3Crect%20width%3D%271200%27%20height%3D%271588%27%20fill-opacity%3D%220%22%2F%3E%3C%2Fsvg%3E\" data-srcset=\"https:\/\/astideco.com\/blog\/wp-content\/uploads\/2023\/12\/regala_decoracion_navidad_astikitline-200x265.jpg 200w, https:\/\/astideco.com\/blog\/wp-content\/uploads\/2023\/12\/regala_decoracion_navidad_astikitline-227x300.jpg 227w, https:\/\/astideco.com\/blog\/wp-content\/uploads\/2023\/12\/regala_decoracion_navidad_astikitline-400x529.jpg 400w, https:\/\/astideco.com\/blog\/wp-content\/uploads\/2023\/12\/regala_decoracion_navidad_astikitline-600x794.jpg 600w, https:\/\/astideco.com\/blog\/wp-content\/uploads\/2023\/12\/regala_decoracion_navidad_astikitline-768x1016.jpg 768w, https:\/\/astideco.com\/blog\/wp-content\/uploads\/2023\/12\/regala_decoracion_navidad_astikitline-774x1024.jpg 774w, https:\/\/astideco.com\/blog\/wp-content\/uploads\/2023\/12\/regala_decoracion_navidad_astikitline-800x1058.jpg 800w, https:\/\/astideco.com\/blog\/wp-content\/uploads\/2023\/12\/regala_decoracion_navidad_astikitline-1161x1536.jpg 1161w, https:\/\/astideco.com\/blog\/wp-content\/uploads\/2023\/12\/regala_decoracion_navidad_astikitline-1200x1588.jpg 1200w, https:\/\/astideco.com\/blog\/wp-content\/uploads\/2023\/12\/regala_decoracion_navidad_astikitline-1548x2048.jpg 1548w\" data-sizes=\"auto\" data-orig-sizes=\"(max-width: 1200px) 100vw, 1200px\" \/><p id=\"caption-attachment-5006\" class=\"wp-caption-text\">Instagram: <a href=\"https:\/\/www.instagram.com\/laudecor\/?hl=es\" target=\"_blank\" rel=\"noopener\"><strong>@laudecor<\/strong><\/a><\/p><\/div>\n<p><strong>2. Muebles de almacenaje\u00a0<\/strong><\/p>\n<p><span>Seguimos con m\u00e1s regalos para los peques de la casa porque ya se sabe que son los que m\u00e1s reciben y claro, hay que ponerse manos a la obra y recoger y ordenar bien, una vez desembarquen Pap\u00e1 Noel (por aqu\u00ed, Olentzero) y los Reyes Magos. Cuando se trata de elegir muebles destinados a ni\u00f1os, es importante buscar opciones que fomenten la autonom\u00eda, sean ajustables en altura o se adapten al crecimiento d elos peques. Esto permite que los ni\u00f1os puedan acceder y utilizar los muebles de manera independiente. La <\/span><b>madera natural certificada<\/b><span> es siempre un material natural y duradero que encaja muy bien en cualquier habitaci\u00f3n infantil. \u00a1Mira nuestros <span><a href=\"https:\/\/astideco.com\/es\/muebles-de-almacenaje\" target=\"_blank\" rel=\"noopener\"><span><strong>armarios de madera Dinamic<\/strong><\/span><\/a><\/span>!<\/span><\/p>\n<div id=\"attachment_5007\" style=\"width: 1210px\" class=\"wp-caption alignleft\"><img decoding=\"async\" aria-describedby=\"caption-attachment-5007\" class=\"lazyload wp-image-5007 size-fusion-1200\" src=\"https:\/\/astideco.com\/blog\/wp-content\/uploads\/2023\/12\/Mesa-de-estacion-de-otono_9712-1200x800.jpg\" data-orig-src=\"https:\/\/astideco.com\/blog\/wp-content\/uploads\/2023\/12\/Mesa-de-estacion-de-otono_9712-1200x800.jpg\" alt=\"\" width=\"1200\" height=\"800\" srcset=\"data:image\/svg+xml,%3Csvg%20xmlns%3D%27http%3A%2F%2Fwww.w3.org%2F2000%2Fsvg%27%20width%3D%271200%27%20height%3D%27800%27%20viewBox%3D%270%200%201200%20800%27%3E%3Crect%20width%3D%271200%27%20height%3D%27800%27%20fill-opacity%3D%220%22%2F%3E%3C%2Fsvg%3E\" data-srcset=\"https:\/\/astideco.com\/blog\/wp-content\/uploads\/2023\/12\/Mesa-de-estacion-de-otono_9712-200x133.jpg 200w, https:\/\/astideco.com\/blog\/wp-content\/uploads\/2023\/12\/Mesa-de-estacion-de-otono_9712-300x200.jpg 300w, https:\/\/astideco.com\/blog\/wp-content\/uploads\/2023\/12\/Mesa-de-estacion-de-otono_9712-400x267.jpg 400w, https:\/\/astideco.com\/blog\/wp-content\/uploads\/2023\/12\/Mesa-de-estacion-de-otono_9712-600x400.jpg 600w, https:\/\/astideco.com\/blog\/wp-content\/uploads\/2023\/12\/Mesa-de-estacion-de-otono_9712-768x512.jpg 768w, https:\/\/astideco.com\/blog\/wp-content\/uploads\/2023\/12\/Mesa-de-estacion-de-otono_9712-800x533.jpg 800w, https:\/\/astideco.com\/blog\/wp-content\/uploads\/2023\/12\/Mesa-de-estacion-de-otono_9712-1024x683.jpg 1024w, https:\/\/astideco.com\/blog\/wp-content\/uploads\/2023\/12\/Mesa-de-estacion-de-otono_9712-1200x800.jpg 1200w, https:\/\/astideco.com\/blog\/wp-content\/uploads\/2023\/12\/Mesa-de-estacion-de-otono_9712-1536x1024.jpg 1536w\" data-sizes=\"auto\" data-orig-sizes=\"(max-width: 1200px) 100vw, 1200px\" \/><p id=\"caption-attachment-5007\" class=\"wp-caption-text\">Instagram: <a href=\"https:\/\/www.instagram.com\/creciendoconmontessori\/?hl=es\" target=\"_blank\" rel=\"noopener\"><strong>@creciendoconmontessori<\/strong><\/a><\/p><\/div>\n<p><strong>3. Mobiliario para espacios peque\u00f1os<\/strong><\/p>\n<p><span>Seguro que tienes en mente a un amigo o familia que vive en un <strong>espacio peque\u00f1o<\/strong>. Existen muebles dise\u00f1ados espec\u00edficamente para maximizar la funcionalidad en \u00e1reas peque\u00f1as. \u00bfQu\u00e9 te parece esta <span><a href=\"https:\/\/astideco.com\/es\/mesas-de-madera\/mesa-plegable-pared-madera-maciza-pino\" target=\"_blank\" rel=\"noopener\"><span><strong>mesa plegable de pared<\/strong><\/span><\/a><\/span>? \u00a1Un regalo inteligente que optimiza el uso del espacio! Y s\u00ed, la madera procede tambi\u00e9n de bosques gestionados de manera sostenible y responsable.<\/span><\/p>\n<div id=\"attachment_5009\" style=\"width: 1210px\" class=\"wp-caption alignnone\"><img decoding=\"async\" aria-describedby=\"caption-attachment-5009\" class=\"lazyload wp-image-5009 size-fusion-1200\" src=\"https:\/\/astideco.com\/blog\/wp-content\/uploads\/2023\/12\/MESA_PLEGABLE_DE_PARED-1200x1032.png\" data-orig-src=\"https:\/\/astideco.com\/blog\/wp-content\/uploads\/2023\/12\/MESA_PLEGABLE_DE_PARED-1200x1032.png\" alt=\"\" width=\"1200\" height=\"1032\" srcset=\"data:image\/svg+xml,%3Csvg%20xmlns%3D%27http%3A%2F%2Fwww.w3.org%2F2000%2Fsvg%27%20width%3D%271200%27%20height%3D%271032%27%20viewBox%3D%270%200%201200%201032%27%3E%3Crect%20width%3D%271200%27%20height%3D%271032%27%20fill-opacity%3D%220%22%2F%3E%3C%2Fsvg%3E\" data-srcset=\"https:\/\/astideco.com\/blog\/wp-content\/uploads\/2023\/12\/MESA_PLEGABLE_DE_PARED-200x172.png 200w, https:\/\/astideco.com\/blog\/wp-content\/uploads\/2023\/12\/MESA_PLEGABLE_DE_PARED-300x258.png 300w, https:\/\/astideco.com\/blog\/wp-content\/uploads\/2023\/12\/MESA_PLEGABLE_DE_PARED-400x344.png 400w, https:\/\/astideco.com\/blog\/wp-content\/uploads\/2023\/12\/MESA_PLEGABLE_DE_PARED-600x516.png 600w, https:\/\/astideco.com\/blog\/wp-content\/uploads\/2023\/12\/MESA_PLEGABLE_DE_PARED-768x661.png 768w, https:\/\/astideco.com\/blog\/wp-content\/uploads\/2023\/12\/MESA_PLEGABLE_DE_PARED-800x688.png 800w, https:\/\/astideco.com\/blog\/wp-content\/uploads\/2023\/12\/MESA_PLEGABLE_DE_PARED-1024x881.png 1024w, https:\/\/astideco.com\/blog\/wp-content\/uploads\/2023\/12\/MESA_PLEGABLE_DE_PARED-1200x1032.png 1200w, https:\/\/astideco.com\/blog\/wp-content\/uploads\/2023\/12\/MESA_PLEGABLE_DE_PARED-1536x1321.png 1536w\" data-sizes=\"auto\" data-orig-sizes=\"(max-width: 1200px) 100vw, 1200px\" \/><p id=\"caption-attachment-5009\" class=\"wp-caption-text\">Instagram: <a href=\"https:\/\/www.instagram.com\/numidia.home\/?hl=es\" target=\"_blank\" rel=\"noopener\"><strong>@numidia.home<\/strong><\/a><\/p><\/div>\n<p><strong>4. Un botellero de madera para los winelovers<\/strong><\/p>\n<p><span>Un botellero de madera puede ser un regalo funcional especialmente para alguien a quien le guste el vino y necesite <strong>organizar y almacenar su colecci\u00f3n de manera ordenada<\/strong>. Seguro que entre las personas a las que tienes que regalar, tienes un <\/span><i><span>winelover<\/span><\/i><span>.\u00a0<\/span><\/p>\n<p><span>En Astigarraga encontrar\u00e1s una gran selecci\u00f3n de botelleros de madera. Muebles de almacenaje que pueden complementar la decoraci\u00f3n en una cocina, sala de estar, trastero\u2026 agregando un toque de calidez y estilo. Aqu\u00ed te mostramos dos ideas. El protagonista es el <span><a href=\"https:\/\/astideco.com\/es\/estanterias-modulares\" target=\"_blank\" rel=\"noopener\"><span><strong>botellero modular Dinamic<\/strong><\/span><\/a><\/span> (incorporando el <span><a href=\"https:\/\/astideco.com\/es\/botelleros-apilables-y-modulares\/botellero-modular-12-botellas-dinamic\" target=\"_blank\" rel=\"noopener\"><span><strong>accesorio de la aspa<\/strong><\/span><\/a><\/span>) que puede ampliarse en el futuro seg\u00fan las necesidades. <\/span><span>Alicia Chevrier <\/span><span>(en Instagram: @<\/span><a href=\"https:\/\/www.instagram.com\/coupdecoeur_en_pierresdorees\/?hl=es#\"><span>coupdecoeur_en_pierresdorees) <\/span><\/a><span>ha conseguido en esta bodega un ambiente relajado y acogedor, ideal para disfrutar de una copa de vino con amigos y familiares. Y todos con las estanter\u00edas de cubo a los que se le a\u00f1ade el accesorio de la aspa.\u00a0<\/span><\/p>\n<p><img decoding=\"async\" class=\"lazyload alignnone wp-image-5010 size-fusion-1200\" src=\"https:\/\/astideco.com\/blog\/wp-content\/uploads\/2023\/12\/IMG_3862-1200x1288.jpeg\" data-orig-src=\"https:\/\/astideco.com\/blog\/wp-content\/uploads\/2023\/12\/IMG_3862-1200x1288.jpeg\" alt=\"\" width=\"1200\" height=\"1288\" srcset=\"data:image\/svg+xml,%3Csvg%20xmlns%3D%27http%3A%2F%2Fwww.w3.org%2F2000%2Fsvg%27%20width%3D%271200%27%20height%3D%271288%27%20viewBox%3D%270%200%201200%201288%27%3E%3Crect%20width%3D%271200%27%20height%3D%271288%27%20fill-opacity%3D%220%22%2F%3E%3C%2Fsvg%3E\" data-srcset=\"https:\/\/astideco.com\/blog\/wp-content\/uploads\/2023\/12\/IMG_3862-200x215.jpeg 200w, https:\/\/astideco.com\/blog\/wp-content\/uploads\/2023\/12\/IMG_3862-279x300.jpeg 279w, https:\/\/astideco.com\/blog\/wp-content\/uploads\/2023\/12\/IMG_3862-400x429.jpeg 400w, https:\/\/astideco.com\/blog\/wp-content\/uploads\/2023\/12\/IMG_3862-600x644.jpeg 600w, https:\/\/astideco.com\/blog\/wp-content\/uploads\/2023\/12\/IMG_3862-768x825.jpeg 768w, https:\/\/astideco.com\/blog\/wp-content\/uploads\/2023\/12\/IMG_3862-800x859.jpeg 800w, https:\/\/astideco.com\/blog\/wp-content\/uploads\/2023\/12\/IMG_3862-954x1024.jpeg 954w, https:\/\/astideco.com\/blog\/wp-content\/uploads\/2023\/12\/IMG_3862-1200x1288.jpeg 1200w, https:\/\/astideco.com\/blog\/wp-content\/uploads\/2023\/12\/IMG_3862-1431x1536.jpeg 1431w, https:\/\/astideco.com\/blog\/wp-content\/uploads\/2023\/12\/IMG_3862-1907x2048.jpeg 1907w\" data-sizes=\"auto\" data-orig-sizes=\"(max-width: 1200px) 100vw, 1200px\" \/><\/p>\n<p><span>Pero no te asustes. No tienes por qu\u00e9 tener una bodega tan espectacular en casa. Basta con una pared libre para colocar nuestro <span><a href=\"https:\/\/astideco.com\/es\/botelleros-de-pared\/botellero-de-pared-6-botellas-t6000\" target=\"_blank\" rel=\"noopener\"><span><strong>botellero de madera de pared<\/strong><\/span><\/a><\/span>. M\u00e1s sencillo pero igual de funcional, con capacidad para seis botellas y un regalo igual de decorativo y bonito.<\/span><\/p>\n<div id=\"attachment_5011\" style=\"width: 1210px\" class=\"wp-caption alignnone\"><img decoding=\"async\" aria-describedby=\"caption-attachment-5011\" class=\"lazyload wp-image-5011 size-fusion-1200\" src=\"https:\/\/astideco.com\/blog\/wp-content\/uploads\/2023\/12\/image00002-1200x1800.jpeg\" data-orig-src=\"https:\/\/astideco.com\/blog\/wp-content\/uploads\/2023\/12\/image00002-1200x1800.jpeg\" alt=\"\" width=\"1200\" height=\"1800\" srcset=\"data:image\/svg+xml,%3Csvg%20xmlns%3D%27http%3A%2F%2Fwww.w3.org%2F2000%2Fsvg%27%20width%3D%271200%27%20height%3D%271800%27%20viewBox%3D%270%200%201200%201800%27%3E%3Crect%20width%3D%271200%27%20height%3D%271800%27%20fill-opacity%3D%220%22%2F%3E%3C%2Fsvg%3E\" data-srcset=\"https:\/\/astideco.com\/blog\/wp-content\/uploads\/2023\/12\/image00002-200x300.jpeg 200w, https:\/\/astideco.com\/blog\/wp-content\/uploads\/2023\/12\/image00002-400x600.jpeg 400w, https:\/\/astideco.com\/blog\/wp-content\/uploads\/2023\/12\/image00002-600x900.jpeg 600w, https:\/\/astideco.com\/blog\/wp-content\/uploads\/2023\/12\/image00002-683x1024.jpeg 683w, https:\/\/astideco.com\/blog\/wp-content\/uploads\/2023\/12\/image00002-768x1152.jpeg 768w, https:\/\/astideco.com\/blog\/wp-content\/uploads\/2023\/12\/image00002-800x1200.jpeg 800w, https:\/\/astideco.com\/blog\/wp-content\/uploads\/2023\/12\/image00002-1024x1536.jpeg 1024w, https:\/\/astideco.com\/blog\/wp-content\/uploads\/2023\/12\/image00002-1200x1800.jpeg 1200w, https:\/\/astideco.com\/blog\/wp-content\/uploads\/2023\/12\/image00002-1365x2048.jpeg 1365w, https:\/\/astideco.com\/blog\/wp-content\/uploads\/2023\/12\/image00002-scaled.jpeg 1707w\" data-sizes=\"auto\" data-orig-sizes=\"(max-width: 1200px) 100vw, 1200px\" \/><p id=\"caption-attachment-5011\" class=\"wp-caption-text\">Instagram: <a href=\"https:\/\/www.instagram.com\/reel\/C0FH1lXMpaR\/?utm_source=ig_web_copy_link&amp;igshid=MzRlODBiNWFlZA==\" target=\"_blank\" rel=\"noopener\"><strong>@le_petitmarius<\/strong><\/a><\/p><\/div>\n<p><strong>5. Mesa de escritorio de madera<\/strong><\/p>\n<p><span>Regalar un escritorio puede ser un gesto pr\u00e1ctico, especialmente si conoces las necesidades y gustos de la persona que lo recibir\u00e1. Aseg\u00farate de elegir un escritorio que se ajuste al estilo de la persona y ten en cuenta el espacio disponible en la habitaci\u00f3n donde se colocar\u00e1 el escritorio. Puede que sea necesario un escritorio m\u00e1s compacto para habitaciones peque\u00f1as o un escritorio con espacio de almacenamiento si la persona tiene muchas cosas que organizar. Echa un vistazo a todas las <span><a href=\"https:\/\/astideco.com\/es\/mesas-de-madera\" target=\"_blank\" rel=\"noopener\"><span><strong>mesas de escritorio de madera<\/strong><\/span><\/a><\/span> de Astigarraga Kit Line. \u00a1Seguro que echas el ojo a alguna!<\/span><\/p>\n<p><img decoding=\"async\" class=\"lazyload alignnone wp-image-5012 size-fusion-1200\" src=\"https:\/\/astideco.com\/blog\/wp-content\/uploads\/2023\/12\/PATAS-MADERA-BOK-POSICION-1-1200x898.jpg\" data-orig-src=\"https:\/\/astideco.com\/blog\/wp-content\/uploads\/2023\/12\/PATAS-MADERA-BOK-POSICION-1-1200x898.jpg\" alt=\"\" width=\"1200\" height=\"898\" srcset=\"data:image\/svg+xml,%3Csvg%20xmlns%3D%27http%3A%2F%2Fwww.w3.org%2F2000%2Fsvg%27%20width%3D%271200%27%20height%3D%27898%27%20viewBox%3D%270%200%201200%20898%27%3E%3Crect%20width%3D%271200%27%20height%3D%27898%27%20fill-opacity%3D%220%22%2F%3E%3C%2Fsvg%3E\" data-srcset=\"https:\/\/astideco.com\/blog\/wp-content\/uploads\/2023\/12\/PATAS-MADERA-BOK-POSICION-1-200x150.jpg 200w, https:\/\/astideco.com\/blog\/wp-content\/uploads\/2023\/12\/PATAS-MADERA-BOK-POSICION-1-300x225.jpg 300w, https:\/\/astideco.com\/blog\/wp-content\/uploads\/2023\/12\/PATAS-MADERA-BOK-POSICION-1-400x299.jpg 400w, https:\/\/astideco.com\/blog\/wp-content\/uploads\/2023\/12\/PATAS-MADERA-BOK-POSICION-1-600x449.jpg 600w, https:\/\/astideco.com\/blog\/wp-content\/uploads\/2023\/12\/PATAS-MADERA-BOK-POSICION-1-768x575.jpg 768w, https:\/\/astideco.com\/blog\/wp-content\/uploads\/2023\/12\/PATAS-MADERA-BOK-POSICION-1-800x599.jpg 800w, https:\/\/astideco.com\/blog\/wp-content\/uploads\/2023\/12\/PATAS-MADERA-BOK-POSICION-1-1024x766.jpg 1024w, https:\/\/astideco.com\/blog\/wp-content\/uploads\/2023\/12\/PATAS-MADERA-BOK-POSICION-1-1200x898.jpg 1200w, https:\/\/astideco.com\/blog\/wp-content\/uploads\/2023\/12\/PATAS-MADERA-BOK-POSICION-1-1536x1149.jpg 1536w\" data-sizes=\"auto\" data-orig-sizes=\"(max-width: 1200px) 100vw, 1200px\" \/><\/p>\n<p><span>Siempre puedes considerar agregar algunas piezas \u00fatiles para acompa\u00f1ar el escritorio, como cajoneras de madera que complementen y ordenen el espacio de trabajo.<\/span><\/p>\n<p><strong>6. Una biblioteca para guardar libros (con estilo)<\/strong><\/p>\n<p><span>\u00bfA\u00fan no sabes <\/span><b>qu\u00e9 regalar en Navidad<\/b><span>? Pues aqu\u00ed seguimos con ideas e inspiraci\u00f3n para regalar muebles sostenibles. Regalar una estanter\u00eda biblioteca es una excelente idea para alguien que ama los libros y desea organizar sus colecci\u00f3n de manera funcional y elegante. No busques mucho porque nuestras <span><a href=\"https:\/\/astideco.com\/es\/estanterias-librerias\" target=\"_blank\" rel=\"noopener\"><span><strong>estanter\u00edas de madera Gala<\/strong><\/span><\/a><\/span> son ideales.<\/span><\/p>\n<p><span>Es muy f\u00e1cil de montar, y adem\u00e1s la puedes personalizar a tu gusto ya que le puedes <strong>colocar puertas y baldas adicionales<\/strong>. Los estantes son ajustables en altura, para que se pueda adaptar el espacio seg\u00fan las diferentes alturas de los libros y otros objetos decorativos. Hay varios m\u00f3dulos, incluso esquineros, y los puedes adquirir por separado o hacerte con alguno de los packs.\u00a0<\/span><\/p>\n<p><img decoding=\"async\" class=\"lazyload alignnone wp-image-5013 size-fusion-1200\" src=\"https:\/\/astideco.com\/blog\/wp-content\/uploads\/2023\/12\/estanterias-madera-gala-con-puertas-1200x1592.jpg\" data-orig-src=\"https:\/\/astideco.com\/blog\/wp-content\/uploads\/2023\/12\/estanterias-madera-gala-con-puertas-1200x1592.jpg\" alt=\"\" width=\"1200\" height=\"1592\" srcset=\"data:image\/svg+xml,%3Csvg%20xmlns%3D%27http%3A%2F%2Fwww.w3.org%2F2000%2Fsvg%27%20width%3D%271200%27%20height%3D%271592%27%20viewBox%3D%270%200%201200%201592%27%3E%3Crect%20width%3D%271200%27%20height%3D%271592%27%20fill-opacity%3D%220%22%2F%3E%3C%2Fsvg%3E\" data-srcset=\"https:\/\/astideco.com\/blog\/wp-content\/uploads\/2023\/12\/estanterias-madera-gala-con-puertas-200x265.jpg 200w, https:\/\/astideco.com\/blog\/wp-content\/uploads\/2023\/12\/estanterias-madera-gala-con-puertas-226x300.jpg 226w, https:\/\/astideco.com\/blog\/wp-content\/uploads\/2023\/12\/estanterias-madera-gala-con-puertas-400x531.jpg 400w, https:\/\/astideco.com\/blog\/wp-content\/uploads\/2023\/12\/estanterias-madera-gala-con-puertas-600x796.jpg 600w, https:\/\/astideco.com\/blog\/wp-content\/uploads\/2023\/12\/estanterias-madera-gala-con-puertas-768x1019.jpg 768w, https:\/\/astideco.com\/blog\/wp-content\/uploads\/2023\/12\/estanterias-madera-gala-con-puertas-772x1024.jpg 772w, https:\/\/astideco.com\/blog\/wp-content\/uploads\/2023\/12\/estanterias-madera-gala-con-puertas-800x1061.jpg 800w, https:\/\/astideco.com\/blog\/wp-content\/uploads\/2023\/12\/estanterias-madera-gala-con-puertas-1158x1536.jpg 1158w, https:\/\/astideco.com\/blog\/wp-content\/uploads\/2023\/12\/estanterias-madera-gala-con-puertas-1200x1592.jpg 1200w, https:\/\/astideco.com\/blog\/wp-content\/uploads\/2023\/12\/estanterias-madera-gala-con-puertas-1544x2048.jpg 1544w\" data-sizes=\"auto\" data-orig-sizes=\"(max-width: 1200px) 100vw, 1200px\" \/><\/p>\n<p><span>Esta Navidad, dar un toque sostenible a tus regalos puede marcar la diferencia. Lleva alegr\u00eda a los hogares de tus seres queridos regalando <\/span><b>muebles ecol\u00f3gicos de madera<\/b><span> que no solo sean est\u00e9ticamente bonitos y pr\u00e1cticos,\u00a0 sino tambi\u00e9n respetuosos con el medio ambiente. Estar\u00e1s contribuyendo a un estilo de vida m\u00e1s verde y sostenible. \u00a1Buena suerte con tu regalo! \u00a1Felices y sostenibles fiestas!<\/span><\/p>\n<p><i><span>Gracias por dejarnos decorar tu hogar de manera sostenible.<\/span><\/i><\/p>\n","protected":false},"excerpt":{"rendered":"<p>No s\u00e9 a ti pero a nosotros no nos sienta nada bien el estr\u00e9s. Nos gustan los hogares ordenados y c\u00e1lidos. Porque se dice que espacios ordenados, mentes despejadas. \u00a1Y as\u00ed es! Una verdad como un templo. Ahora que se  [..]<\/p>\n","protected":false},"author":6,"featured_media":5015,"comment_status":"open","ping_status":"open","sticky":false,"template":"","format":"standard","meta":{"footnotes":""},"categories":[644,15],"tags":[62,670,926,924],"class_list":["post-5004","post","type-post","status-publish","format-standard","has-post-thumbnail","hentry","category-ideas-y-consejos","category-producto","tag-astigarraga-kit-line","tag-muebles-madera","tag-regala-decoracion","tag-regalos-navidad"],"yoast_head":"<!-- This site is optimized with the Yoast SEO plugin v27.0 - https:\/\/yoast.com\/product\/yoast-seo-wordpress\/ -->\n<title>\u00bfQu\u00e9 regalar en Navidad? Muebles ecol\u00f3gicos de madera\u00a0 - Astiblog<\/title>\n<meta name=\"description\" content=\"\u00bfQu\u00e9 regalar en Navidad? Muebles ecol\u00f3gicos de madera. Nosotros lo tenemos calro, \u00bfy t\u00fa? \u00a1Regala decoraci\u00f3n!\" \/>\n<meta name=\"robots\" content=\"index, follow, max-snippet:-1, max-image-preview:large, max-video-preview:-1\" \/>\n<link rel=\"canonical\" href=\"https:\/\/astideco.com\/blog\/que-regalar-en-navidad-muebles-ecologicos-de-madera\/\" \/>\n<meta property=\"og:locale\" content=\"es_ES\" \/>\n<meta property=\"og:type\" content=\"article\" \/>\n<meta property=\"og:title\" content=\"\u00bfQu\u00e9 regalar en Navidad? Muebles ecol\u00f3gicos de madera\u00a0 - Astiblog\" \/>\n<meta property=\"og:description\" content=\"\u00bfQu\u00e9 regalar en Navidad? Muebles ecol\u00f3gicos de madera. Nosotros lo tenemos calro, \u00bfy t\u00fa? \u00a1Regala decoraci\u00f3n!\" \/>\n<meta property=\"og:url\" content=\"https:\/\/astideco.com\/blog\/que-regalar-en-navidad-muebles-ecologicos-de-madera\/\" \/>\n<meta property=\"og:site_name\" content=\"Astiblog\" \/>\n<meta property=\"article:published_time\" content=\"2023-12-09T18:32:32+00:00\" \/>\n<meta property=\"article:modified_time\" content=\"2024-01-25T08:35:24+00:00\" \/>\n<meta property=\"og:image\" content=\"https:\/\/astideco.com\/blog\/wp-content\/uploads\/2023\/12\/regala_decoracion_navidad_astikitline-962x1024.png\" \/>\n\t<meta property=\"og:image:width\" content=\"962\" \/>\n\t<meta property=\"og:image:height\" content=\"1024\" \/>\n\t<meta property=\"og:image:type\" content=\"image\/png\" \/>\n<meta name=\"author\" content=\"Astigarraga Kit Line\" \/>\n<meta name=\"twitter:card\" content=\"summary_large_image\" \/>\n<meta name=\"twitter:label1\" content=\"Escrito por\" \/>\n\t<meta name=\"twitter:data1\" content=\"Astigarraga Kit Line\" \/>\n\t<meta name=\"twitter:label2\" content=\"Tiempo de lectura\" \/>\n\t<meta name=\"twitter:data2\" content=\"7 minutos\" \/>\n<script type=\"application\/ld+json\" class=\"yoast-schema-graph\">{\"@context\":\"https:\/\/schema.org\",\"@graph\":[{\"@type\":\"Article\",\"@id\":\"https:\/\/astideco.com\/blog\/que-regalar-en-navidad-muebles-ecologicos-de-madera\/#article\",\"isPartOf\":{\"@id\":\"https:\/\/astideco.com\/blog\/que-regalar-en-navidad-muebles-ecologicos-de-madera\/\"},\"author\":{\"name\":\"Astigarraga Kit Line\",\"@id\":\"https:\/\/astideco.com\/blog\/#\/schema\/person\/13fd236103c4c231352fb09b2b7ac5cf\"},\"headline\":\"\u00bfQu\u00e9 regalar en Navidad? Muebles ecol\u00f3gicos de madera\u00a0\",\"datePublished\":\"2023-12-09T18:32:32+00:00\",\"dateModified\":\"2024-01-25T08:35:24+00:00\",\"mainEntityOfPage\":{\"@id\":\"https:\/\/astideco.com\/blog\/que-regalar-en-navidad-muebles-ecologicos-de-madera\/\"},\"wordCount\":1143,\"commentCount\":0,\"image\":{\"@id\":\"https:\/\/astideco.com\/blog\/que-regalar-en-navidad-muebles-ecologicos-de-madera\/#primaryimage\"},\"thumbnailUrl\":\"https:\/\/astideco.com\/blog\/wp-content\/uploads\/2023\/12\/regala_decoracion_navidad_astikitline.png\",\"keywords\":[\"astigarraga kit line\",\"Muebles Madera\",\"Regala Decoracion\",\"Regalos Navidad\"],\"articleSection\":[\"Ideas y consejos\",\"Producto\"],\"inLanguage\":\"es\",\"potentialAction\":[{\"@type\":\"CommentAction\",\"name\":\"Comment\",\"target\":[\"https:\/\/astideco.com\/blog\/que-regalar-en-navidad-muebles-ecologicos-de-madera\/#respond\"]}]},{\"@type\":\"WebPage\",\"@id\":\"https:\/\/astideco.com\/blog\/que-regalar-en-navidad-muebles-ecologicos-de-madera\/\",\"url\":\"https:\/\/astideco.com\/blog\/que-regalar-en-navidad-muebles-ecologicos-de-madera\/\",\"name\":\"\u00bfQu\u00e9 regalar en Navidad? Muebles ecol\u00f3gicos de madera\u00a0 - Astiblog\",\"isPartOf\":{\"@id\":\"https:\/\/astideco.com\/blog\/#website\"},\"primaryImageOfPage\":{\"@id\":\"https:\/\/astideco.com\/blog\/que-regalar-en-navidad-muebles-ecologicos-de-madera\/#primaryimage\"},\"image\":{\"@id\":\"https:\/\/astideco.com\/blog\/que-regalar-en-navidad-muebles-ecologicos-de-madera\/#primaryimage\"},\"thumbnailUrl\":\"https:\/\/astideco.com\/blog\/wp-content\/uploads\/2023\/12\/regala_decoracion_navidad_astikitline.png\",\"datePublished\":\"2023-12-09T18:32:32+00:00\",\"dateModified\":\"2024-01-25T08:35:24+00:00\",\"author\":{\"@id\":\"https:\/\/astideco.com\/blog\/#\/schema\/person\/13fd236103c4c231352fb09b2b7ac5cf\"},\"description\":\"\u00bfQu\u00e9 regalar en Navidad? Muebles ecol\u00f3gicos de madera. Nosotros lo tenemos calro, \u00bfy t\u00fa? \u00a1Regala decoraci\u00f3n!\",\"breadcrumb\":{\"@id\":\"https:\/\/astideco.com\/blog\/que-regalar-en-navidad-muebles-ecologicos-de-madera\/#breadcrumb\"},\"inLanguage\":\"es\",\"potentialAction\":[{\"@type\":\"ReadAction\",\"target\":[\"https:\/\/astideco.com\/blog\/que-regalar-en-navidad-muebles-ecologicos-de-madera\/\"]}]},{\"@type\":\"ImageObject\",\"inLanguage\":\"es\",\"@id\":\"https:\/\/astideco.com\/blog\/que-regalar-en-navidad-muebles-ecologicos-de-madera\/#primaryimage\",\"url\":\"https:\/\/astideco.com\/blog\/wp-content\/uploads\/2023\/12\/regala_decoracion_navidad_astikitline.png\",\"contentUrl\":\"https:\/\/astideco.com\/blog\/wp-content\/uploads\/2023\/12\/regala_decoracion_navidad_astikitline.png\",\"width\":4000,\"height\":4256},{\"@type\":\"BreadcrumbList\",\"@id\":\"https:\/\/astideco.com\/blog\/que-regalar-en-navidad-muebles-ecologicos-de-madera\/#breadcrumb\",\"itemListElement\":[{\"@type\":\"ListItem\",\"position\":1,\"name\":\"Portada\",\"item\":\"https:\/\/astideco.com\/blog\/\"},{\"@type\":\"ListItem\",\"position\":2,\"name\":\"\u00bfQu\u00e9 regalar en Navidad? Muebles ecol\u00f3gicos de madera\u00a0\"}]},{\"@type\":\"WebSite\",\"@id\":\"https:\/\/astideco.com\/blog\/#website\",\"url\":\"https:\/\/astideco.com\/blog\/\",\"name\":\"Astiblog\",\"description\":\"Blog de Astideco.com\",\"potentialAction\":[{\"@type\":\"SearchAction\",\"target\":{\"@type\":\"EntryPoint\",\"urlTemplate\":\"https:\/\/astideco.com\/blog\/?s={search_term_string}\"},\"query-input\":{\"@type\":\"PropertyValueSpecification\",\"valueRequired\":true,\"valueName\":\"search_term_string\"}}],\"inLanguage\":\"es\"},{\"@type\":\"Person\",\"@id\":\"https:\/\/astideco.com\/blog\/#\/schema\/person\/13fd236103c4c231352fb09b2b7ac5cf\",\"name\":\"Astigarraga Kit Line\"}]}<\/script>\n<!-- \/ Yoast SEO plugin. -->","yoast_head_json":{"title":"\u00bfQu\u00e9 regalar en Navidad? Muebles ecol\u00f3gicos de madera\u00a0 - Astiblog","description":"\u00bfQu\u00e9 regalar en Navidad? Muebles ecol\u00f3gicos de madera. Nosotros lo tenemos calro, \u00bfy t\u00fa? \u00a1Regala decoraci\u00f3n!","robots":{"index":"index","follow":"follow","max-snippet":"max-snippet:-1","max-image-preview":"max-image-preview:large","max-video-preview":"max-video-preview:-1"},"canonical":"https:\/\/astideco.com\/blog\/que-regalar-en-navidad-muebles-ecologicos-de-madera\/","og_locale":"es_ES","og_type":"article","og_title":"\u00bfQu\u00e9 regalar en Navidad? Muebles ecol\u00f3gicos de madera\u00a0 - Astiblog","og_description":"\u00bfQu\u00e9 regalar en Navidad? Muebles ecol\u00f3gicos de madera. Nosotros lo tenemos calro, \u00bfy t\u00fa? \u00a1Regala decoraci\u00f3n!","og_url":"https:\/\/astideco.com\/blog\/que-regalar-en-navidad-muebles-ecologicos-de-madera\/","og_site_name":"Astiblog","article_published_time":"2023-12-09T18:32:32+00:00","article_modified_time":"2024-01-25T08:35:24+00:00","og_image":[{"width":962,"height":1024,"url":"https:\/\/astideco.com\/blog\/wp-content\/uploads\/2023\/12\/regala_decoracion_navidad_astikitline-962x1024.png","type":"image\/png"}],"author":"Astigarraga Kit Line","twitter_card":"summary_large_image","twitter_misc":{"Escrito por":"Astigarraga Kit Line","Tiempo de lectura":"7 minutos"},"schema":{"@context":"https:\/\/schema.org","@graph":[{"@type":"Article","@id":"https:\/\/astideco.com\/blog\/que-regalar-en-navidad-muebles-ecologicos-de-madera\/#article","isPartOf":{"@id":"https:\/\/astideco.com\/blog\/que-regalar-en-navidad-muebles-ecologicos-de-madera\/"},"author":{"name":"Astigarraga Kit Line","@id":"https:\/\/astideco.com\/blog\/#\/schema\/person\/13fd236103c4c231352fb09b2b7ac5cf"},"headline":"\u00bfQu\u00e9 regalar en Navidad? Muebles ecol\u00f3gicos de madera\u00a0","datePublished":"2023-12-09T18:32:32+00:00","dateModified":"2024-01-25T08:35:24+00:00","mainEntityOfPage":{"@id":"https:\/\/astideco.com\/blog\/que-regalar-en-navidad-muebles-ecologicos-de-madera\/"},"wordCount":1143,"commentCount":0,"image":{"@id":"https:\/\/astideco.com\/blog\/que-regalar-en-navidad-muebles-ecologicos-de-madera\/#primaryimage"},"thumbnailUrl":"https:\/\/astideco.com\/blog\/wp-content\/uploads\/2023\/12\/regala_decoracion_navidad_astikitline.png","keywords":["astigarraga kit line","Muebles Madera","Regala Decoracion","Regalos Navidad"],"articleSection":["Ideas y consejos","Producto"],"inLanguage":"es","potentialAction":[{"@type":"CommentAction","name":"Comment","target":["https:\/\/astideco.com\/blog\/que-regalar-en-navidad-muebles-ecologicos-de-madera\/#respond"]}]},{"@type":"WebPage","@id":"https:\/\/astideco.com\/blog\/que-regalar-en-navidad-muebles-ecologicos-de-madera\/","url":"https:\/\/astideco.com\/blog\/que-regalar-en-navidad-muebles-ecologicos-de-madera\/","name":"\u00bfQu\u00e9 regalar en Navidad? Muebles ecol\u00f3gicos de madera\u00a0 - Astiblog","isPartOf":{"@id":"https:\/\/astideco.com\/blog\/#website"},"primaryImageOfPage":{"@id":"https:\/\/astideco.com\/blog\/que-regalar-en-navidad-muebles-ecologicos-de-madera\/#primaryimage"},"image":{"@id":"https:\/\/astideco.com\/blog\/que-regalar-en-navidad-muebles-ecologicos-de-madera\/#primaryimage"},"thumbnailUrl":"https:\/\/astideco.com\/blog\/wp-content\/uploads\/2023\/12\/regala_decoracion_navidad_astikitline.png","datePublished":"2023-12-09T18:32:32+00:00","dateModified":"2024-01-25T08:35:24+00:00","author":{"@id":"https:\/\/astideco.com\/blog\/#\/schema\/person\/13fd236103c4c231352fb09b2b7ac5cf"},"description":"\u00bfQu\u00e9 regalar en Navidad? Muebles ecol\u00f3gicos de madera. Nosotros lo tenemos calro, \u00bfy t\u00fa? \u00a1Regala decoraci\u00f3n!","breadcrumb":{"@id":"https:\/\/astideco.com\/blog\/que-regalar-en-navidad-muebles-ecologicos-de-madera\/#breadcrumb"},"inLanguage":"es","potentialAction":[{"@type":"ReadAction","target":["https:\/\/astideco.com\/blog\/que-regalar-en-navidad-muebles-ecologicos-de-madera\/"]}]},{"@type":"ImageObject","inLanguage":"es","@id":"https:\/\/astideco.com\/blog\/que-regalar-en-navidad-muebles-ecologicos-de-madera\/#primaryimage","url":"https:\/\/astideco.com\/blog\/wp-content\/uploads\/2023\/12\/regala_decoracion_navidad_astikitline.png","contentUrl":"https:\/\/astideco.com\/blog\/wp-content\/uploads\/2023\/12\/regala_decoracion_navidad_astikitline.png","width":4000,"height":4256},{"@type":"BreadcrumbList","@id":"https:\/\/astideco.com\/blog\/que-regalar-en-navidad-muebles-ecologicos-de-madera\/#breadcrumb","itemListElement":[{"@type":"ListItem","position":1,"name":"Portada","item":"https:\/\/astideco.com\/blog\/"},{"@type":"ListItem","position":2,"name":"\u00bfQu\u00e9 regalar en Navidad? Muebles ecol\u00f3gicos de madera\u00a0"}]},{"@type":"WebSite","@id":"https:\/\/astideco.com\/blog\/#website","url":"https:\/\/astideco.com\/blog\/","name":"Astiblog","description":"Blog de Astideco.com","potentialAction":[{"@type":"SearchAction","target":{"@type":"EntryPoint","urlTemplate":"https:\/\/astideco.com\/blog\/?s={search_term_string}"},"query-input":{"@type":"PropertyValueSpecification","valueRequired":true,"valueName":"search_term_string"}}],"inLanguage":"es"},{"@type":"Person","@id":"https:\/\/astideco.com\/blog\/#\/schema\/person\/13fd236103c4c231352fb09b2b7ac5cf","name":"Astigarraga Kit Line"}]}},"_links":{"self":[{"href":"https:\/\/astideco.com\/blog\/wp-json\/wp\/v2\/posts\/5004","targetHints":{"allow":["GET"]}}],"collection":[{"href":"https:\/\/astideco.com\/blog\/wp-json\/wp\/v2\/posts"}],"about":[{"href":"https:\/\/astideco.com\/blog\/wp-json\/wp\/v2\/types\/post"}],"author":[{"embeddable":true,"href":"https:\/\/astideco.com\/blog\/wp-json\/wp\/v2\/users\/6"}],"replies":[{"embeddable":true,"href":"https:\/\/astideco.com\/blog\/wp-json\/wp\/v2\/comments?post=5004"}],"version-history":[{"count":4,"href":"https:\/\/astideco.com\/blog\/wp-json\/wp\/v2\/posts\/5004\/revisions"}],"predecessor-version":[{"id":5018,"href":"https:\/\/astideco.com\/blog\/wp-json\/wp\/v2\/posts\/5004\/revisions\/5018"}],"wp:featuredmedia":[{"embeddable":true,"href":"https:\/\/astideco.com\/blog\/wp-json\/wp\/v2\/media\/5015"}],"wp:attachment":[{"href":"https:\/\/astideco.com\/blog\/wp-json\/wp\/v2\/media?parent=5004"}],"wp:term":[{"taxonomy":"category","embeddable":true,"href":"https:\/\/astideco.com\/blog\/wp-json\/wp\/v2\/categories?post=5004"},{"taxonomy":"post_tag","embeddable":true,"href":"https:\/\/astideco.com\/blog\/wp-json\/wp\/v2\/tags?post=5004"}],"curies":[{"name":"wp","href":"https:\/\/api.w.org\/{rel}","templated":true}]}}