{"id":4869,"date":"2023-09-30T11:07:04","date_gmt":"2023-09-30T11:07:04","guid":{"rendered":"https:\/\/astideco.com\/blog\/?p=4869"},"modified":"2024-01-25T08:36:28","modified_gmt":"2024-01-25T08:36:28","slug":"mesa-plegable-de-pared-en-madera-de-pino","status":"publish","type":"post","link":"https:\/\/astideco.com\/blog\/mesa-plegable-de-pared-en-madera-de-pino\/","title":{"rendered":"Mesa plegable de pared en madera de pino"},"content":{"rendered":"<p><span>\u00a1Alerta pisos peque\u00f1os! Cada cent\u00edmetro cuenta, as\u00ed que lo mejor que se puede hacer cuando el espacio escasea es invertir en <strong>muebles multifuncionales<\/strong>, es decir, piezas que contengan m\u00e1s de una funci\u00f3n, o aquellos muebles que ocupen muy poco espacio. Si eres de esa gran parte de personas que se pelean a causa de la falta de espacio en casa y te apetece sacar el m\u00e1ximo partido a cada uno de los metros cuadrados, te interesar\u00e1 el contenido de este post. Los metros no ser\u00e1n una excusa si utilizas nuestra <span><a href=\"https:\/\/astideco.com\/es\/mesas-de-madera\/mesa-plegable-pared-madera-maciza-pino\" target=\"_blank\" rel=\"noopener\"><span><strong>mesa plegable de pared en madera de pino<\/strong><\/span><\/a><\/span>. Madera procedente de bosques gestionados de forma sostenible y de talas controladas con <a href=\"https:\/\/www.pefc.es\/\" target=\"_blank\" rel=\"noopener\"><strong>certificaci\u00f3n PEFC<\/strong><\/a>.<\/span><\/p>\n<p><span>En realidad dicen que no existe espacio peque\u00f1o, sino mal organizado. Pero hay veces que el espacio no da m\u00e1s de s\u00ed. La <strong>mesa pelgable de pared <\/strong>mide 79,5 cm de ancho y 59 cm de fondo. La altura es de 53,6 cm aunque t\u00fa puedes fijar la mesa a la pared a la altura que desees. Cuando no la utilices, la pliegas y listo. \u00a1No ocupa ni un solo metro!\u00a0<\/span><\/p>\n<h2><span>Mesa plegable de pared para cocina<\/span><\/h2>\n<p><span>Uno de los usos que le puedes dar a esta peque\u00f1a pieza tan vers\u00e1til es como <strong>mesa de cocina<\/strong>. Echando mano de esta soluci\u00f3n, puedes aprovechar mejor cada cent\u00edmetro de esta estancia en la que pasamos tanto tiempo. y lograr que un espacio min\u00fasculo se convierta en amplio y funcional. Tener un lugar donde desayunar y comer o cenar con tranquilidad no tiene precio Y esta <strong>mesa plegable de pared<\/strong> puede ser la mejor aliada para comenzar el d\u00eda con energ\u00eda disfrutando de un copioso desayuno o terminarlo relajado con una copa de vino.\u00a0<\/span><\/p>\n<p><img decoding=\"async\" class=\"lazyload alignnone size-full wp-image-4873\" src=\"https:\/\/astideco.com\/blog\/wp-content\/uploads\/2023\/10\/table-haute-bois-massif-scaled.jpg\" data-orig-src=\"https:\/\/astideco.com\/blog\/wp-content\/uploads\/2023\/10\/table-haute-bois-massif-scaled.jpg\" alt=\"\" width=\"1829\" height=\"2560\" srcset=\"data:image\/svg+xml,%3Csvg%20xmlns%3D%27http%3A%2F%2Fwww.w3.org%2F2000%2Fsvg%27%20width%3D%271829%27%20height%3D%272560%27%20viewBox%3D%270%200%201829%202560%27%3E%3Crect%20width%3D%271829%27%20height%3D%272560%27%20fill-opacity%3D%220%22%2F%3E%3C%2Fsvg%3E\" data-srcset=\"https:\/\/astideco.com\/blog\/wp-content\/uploads\/2023\/10\/table-haute-bois-massif-200x280.jpg 200w, https:\/\/astideco.com\/blog\/wp-content\/uploads\/2023\/10\/table-haute-bois-massif-214x300.jpg 214w, https:\/\/astideco.com\/blog\/wp-content\/uploads\/2023\/10\/table-haute-bois-massif-400x560.jpg 400w, https:\/\/astideco.com\/blog\/wp-content\/uploads\/2023\/10\/table-haute-bois-massif-600x840.jpg 600w, https:\/\/astideco.com\/blog\/wp-content\/uploads\/2023\/10\/table-haute-bois-massif-731x1024.jpg 731w, https:\/\/astideco.com\/blog\/wp-content\/uploads\/2023\/10\/table-haute-bois-massif-768x1075.jpg 768w, https:\/\/astideco.com\/blog\/wp-content\/uploads\/2023\/10\/table-haute-bois-massif-800x1120.jpg 800w, https:\/\/astideco.com\/blog\/wp-content\/uploads\/2023\/10\/table-haute-bois-massif-1097x1536.jpg 1097w, https:\/\/astideco.com\/blog\/wp-content\/uploads\/2023\/10\/table-haute-bois-massif-1200x1680.jpg 1200w, https:\/\/astideco.com\/blog\/wp-content\/uploads\/2023\/10\/table-haute-bois-massif-1463x2048.jpg 1463w, https:\/\/astideco.com\/blog\/wp-content\/uploads\/2023\/10\/table-haute-bois-massif-scaled.jpg 1829w\" data-sizes=\"auto\" data-orig-sizes=\"(max-width: 1829px) 100vw, 1829px\" \/><\/p>\n<h2><span>Mesa plegable de pared para escritorio<\/span><\/h2>\n<p><span>Hoy en d\u00eda es muy f\u00e1cil trabajar desde casa con un ordenador y el m\u00f3vil. Crear un espacio espec\u00edfico y adecuado es esencial, pero no siempre es posible cuando no se disponen de muchos metros cuadrados. Si es el caso, con la mesa plegable de pared podr\u00e1s montar un rinc\u00f3n de <strong>escritorio<\/strong> bonito sin saturar el espacio.\u00a0<\/span><\/p>\n<div id=\"attachment_4870\" style=\"width: 1090px\" class=\"wp-caption alignnone\"><img decoding=\"async\" aria-describedby=\"caption-attachment-4870\" class=\"lazyload wp-image-4870 size-full\" src=\"https:\/\/astideco.com\/blog\/wp-content\/uploads\/2023\/10\/mesa-madera-abatible.jpg\" data-orig-src=\"https:\/\/astideco.com\/blog\/wp-content\/uploads\/2023\/10\/mesa-madera-abatible.jpg\" alt=\"\" width=\"1080\" height=\"1350\" srcset=\"data:image\/svg+xml,%3Csvg%20xmlns%3D%27http%3A%2F%2Fwww.w3.org%2F2000%2Fsvg%27%20width%3D%271080%27%20height%3D%271350%27%20viewBox%3D%270%200%201080%201350%27%3E%3Crect%20width%3D%271080%27%20height%3D%271350%27%20fill-opacity%3D%220%22%2F%3E%3C%2Fsvg%3E\" data-srcset=\"https:\/\/astideco.com\/blog\/wp-content\/uploads\/2023\/10\/mesa-madera-abatible-200x250.jpg 200w, https:\/\/astideco.com\/blog\/wp-content\/uploads\/2023\/10\/mesa-madera-abatible-240x300.jpg 240w, https:\/\/astideco.com\/blog\/wp-content\/uploads\/2023\/10\/mesa-madera-abatible-400x500.jpg 400w, https:\/\/astideco.com\/blog\/wp-content\/uploads\/2023\/10\/mesa-madera-abatible-600x750.jpg 600w, https:\/\/astideco.com\/blog\/wp-content\/uploads\/2023\/10\/mesa-madera-abatible-768x960.jpg 768w, https:\/\/astideco.com\/blog\/wp-content\/uploads\/2023\/10\/mesa-madera-abatible-800x1000.jpg 800w, https:\/\/astideco.com\/blog\/wp-content\/uploads\/2023\/10\/mesa-madera-abatible-819x1024.jpg 819w, https:\/\/astideco.com\/blog\/wp-content\/uploads\/2023\/10\/mesa-madera-abatible.jpg 1080w\" data-sizes=\"auto\" data-orig-sizes=\"(max-width: 1080px) 100vw, 1080px\" \/><p id=\"caption-attachment-4870\" class=\"wp-caption-text\">Foto: Instagram <a href=\"https:\/\/www.instagram.com\/roser_home_\/?hl=es\" target=\"_blank\" rel=\"noopener\"><strong>@roser_home_<\/strong><\/a><\/p><\/div>\n<p><span>Si tu peque\u00f1o comparte playroom, dormitorio y zona de escritorio en un espacio reducido, esta mesa plegable de pared es la soluci\u00f3n ideal. Cuando no est\u00e9 pintando o haciendo los deberes, pliegas la mesa contra la pared y pr\u00e1cticamente pasar\u00e1 desapercibida. No restar\u00e1 espacio para que tu hijo pueda jugar y campar a sus anchas en el cuarto.<\/span><\/p>\n<div id=\"attachment_4871\" style=\"width: 1090px\" class=\"wp-caption alignnone\"><img decoding=\"async\" aria-describedby=\"caption-attachment-4871\" class=\"lazyload wp-image-4871 size-full\" src=\"https:\/\/astideco.com\/blog\/wp-content\/uploads\/2023\/10\/mesa-abatible-madera.jpg\" data-orig-src=\"https:\/\/astideco.com\/blog\/wp-content\/uploads\/2023\/10\/mesa-abatible-madera.jpg\" alt=\"\" width=\"1080\" height=\"1350\" srcset=\"data:image\/svg+xml,%3Csvg%20xmlns%3D%27http%3A%2F%2Fwww.w3.org%2F2000%2Fsvg%27%20width%3D%271080%27%20height%3D%271350%27%20viewBox%3D%270%200%201080%201350%27%3E%3Crect%20width%3D%271080%27%20height%3D%271350%27%20fill-opacity%3D%220%22%2F%3E%3C%2Fsvg%3E\" data-srcset=\"https:\/\/astideco.com\/blog\/wp-content\/uploads\/2023\/10\/mesa-abatible-madera-200x250.jpg 200w, https:\/\/astideco.com\/blog\/wp-content\/uploads\/2023\/10\/mesa-abatible-madera-240x300.jpg 240w, https:\/\/astideco.com\/blog\/wp-content\/uploads\/2023\/10\/mesa-abatible-madera-400x500.jpg 400w, https:\/\/astideco.com\/blog\/wp-content\/uploads\/2023\/10\/mesa-abatible-madera-600x750.jpg 600w, https:\/\/astideco.com\/blog\/wp-content\/uploads\/2023\/10\/mesa-abatible-madera-768x960.jpg 768w, https:\/\/astideco.com\/blog\/wp-content\/uploads\/2023\/10\/mesa-abatible-madera-800x1000.jpg 800w, https:\/\/astideco.com\/blog\/wp-content\/uploads\/2023\/10\/mesa-abatible-madera-819x1024.jpg 819w, https:\/\/astideco.com\/blog\/wp-content\/uploads\/2023\/10\/mesa-abatible-madera.jpg 1080w\" data-sizes=\"auto\" data-orig-sizes=\"(max-width: 1080px) 100vw, 1080px\" \/><p id=\"caption-attachment-4871\" class=\"wp-caption-text\">Foto: Instagram <a href=\"https:\/\/www.instagram.com\/roser_home_\/?hl=es\" target=\"_blank\" rel=\"noopener\"><strong>@roser_home_<\/strong><\/a><\/p><\/div>\n<div id=\"attachment_4872\" style=\"width: 2570px\" class=\"wp-caption alignnone\"><img decoding=\"async\" aria-describedby=\"caption-attachment-4872\" class=\"lazyload wp-image-4872 size-full\" src=\"https:\/\/astideco.com\/blog\/wp-content\/uploads\/2023\/10\/mesa_plegable_de_pared_astigarraga_kit_line-scaled.jpg\" data-orig-src=\"https:\/\/astideco.com\/blog\/wp-content\/uploads\/2023\/10\/mesa_plegable_de_pared_astigarraga_kit_line-scaled.jpg\" alt=\"\" width=\"2560\" height=\"2147\" srcset=\"data:image\/svg+xml,%3Csvg%20xmlns%3D%27http%3A%2F%2Fwww.w3.org%2F2000%2Fsvg%27%20width%3D%272560%27%20height%3D%272147%27%20viewBox%3D%270%200%202560%202147%27%3E%3Crect%20width%3D%272560%27%20height%3D%272147%27%20fill-opacity%3D%220%22%2F%3E%3C%2Fsvg%3E\" data-srcset=\"https:\/\/astideco.com\/blog\/wp-content\/uploads\/2023\/10\/mesa_plegable_de_pared_astigarraga_kit_line-200x168.jpg 200w, https:\/\/astideco.com\/blog\/wp-content\/uploads\/2023\/10\/mesa_plegable_de_pared_astigarraga_kit_line-300x252.jpg 300w, https:\/\/astideco.com\/blog\/wp-content\/uploads\/2023\/10\/mesa_plegable_de_pared_astigarraga_kit_line-400x335.jpg 400w, https:\/\/astideco.com\/blog\/wp-content\/uploads\/2023\/10\/mesa_plegable_de_pared_astigarraga_kit_line-600x503.jpg 600w, https:\/\/astideco.com\/blog\/wp-content\/uploads\/2023\/10\/mesa_plegable_de_pared_astigarraga_kit_line-768x644.jpg 768w, https:\/\/astideco.com\/blog\/wp-content\/uploads\/2023\/10\/mesa_plegable_de_pared_astigarraga_kit_line-800x671.jpg 800w, https:\/\/astideco.com\/blog\/wp-content\/uploads\/2023\/10\/mesa_plegable_de_pared_astigarraga_kit_line-1024x859.jpg 1024w, https:\/\/astideco.com\/blog\/wp-content\/uploads\/2023\/10\/mesa_plegable_de_pared_astigarraga_kit_line-1200x1006.jpg 1200w, https:\/\/astideco.com\/blog\/wp-content\/uploads\/2023\/10\/mesa_plegable_de_pared_astigarraga_kit_line-1536x1288.jpg 1536w, https:\/\/astideco.com\/blog\/wp-content\/uploads\/2023\/10\/mesa_plegable_de_pared_astigarraga_kit_line-scaled.jpg 2560w\" data-sizes=\"auto\" data-orig-sizes=\"(max-width: 2560px) 100vw, 2560px\" \/><p id=\"caption-attachment-4872\" class=\"wp-caption-text\">Foto: Instagram <strong><a href=\"https:\/\/www.instagram.com\/mihogartienealma\/?hl=es\" target=\"_blank\" rel=\"noopener\">@mihogartienealma<\/a><\/strong><\/p><\/div>\n<h2><span>Mesa plegable de pared para taller<\/span><\/h2>\n<p><span>Se nos ocurren otras ideas m\u00e1s all\u00e1 de una mesa de cocina o una mesa de escritorio. Hay muchas <strong>terrazas y balcones peque\u00f1os<\/strong>, lo cual no significa que no se pueda disfrutar de ellos. En esta mesa plegable de pared podr\u00e1s desayunar, comer, leer o lo que se te ocurra. Otro de los usos es utlizarla con una peque\u00f1a mesa de trabajo en un<strong> taller o garaje<\/strong>. Si eres un amante del bricolaje y no dispones de mucho espacio, un peque\u00f1o rinc\u00f3n con una buenas <a href=\"https:\/\/astideco.com\/es\/estanterias\" target=\"_blank\" rel=\"noopener\"><span><strong><span>estanter\u00edas de madera<\/span><\/strong><\/span><\/a> adecuadas, te ayudar\u00e1n a tener todo a mano y trabajar c\u00f3modamente.<\/span><\/p>\n<p><img decoding=\"async\" class=\"lazyload alignnone size-full wp-image-4875\" src=\"https:\/\/astideco.com\/blog\/wp-content\/uploads\/2023\/10\/8422341699286_a6-scaled.jpg\" data-orig-src=\"https:\/\/astideco.com\/blog\/wp-content\/uploads\/2023\/10\/8422341699286_a6-scaled.jpg\" alt=\"\" width=\"2560\" height=\"1700\" srcset=\"data:image\/svg+xml,%3Csvg%20xmlns%3D%27http%3A%2F%2Fwww.w3.org%2F2000%2Fsvg%27%20width%3D%272560%27%20height%3D%271700%27%20viewBox%3D%270%200%202560%201700%27%3E%3Crect%20width%3D%272560%27%20height%3D%271700%27%20fill-opacity%3D%220%22%2F%3E%3C%2Fsvg%3E\" data-srcset=\"https:\/\/astideco.com\/blog\/wp-content\/uploads\/2023\/10\/8422341699286_a6-200x133.jpg 200w, https:\/\/astideco.com\/blog\/wp-content\/uploads\/2023\/10\/8422341699286_a6-300x199.jpg 300w, https:\/\/astideco.com\/blog\/wp-content\/uploads\/2023\/10\/8422341699286_a6-400x266.jpg 400w, https:\/\/astideco.com\/blog\/wp-content\/uploads\/2023\/10\/8422341699286_a6-600x399.jpg 600w, https:\/\/astideco.com\/blog\/wp-content\/uploads\/2023\/10\/8422341699286_a6-768x510.jpg 768w, https:\/\/astideco.com\/blog\/wp-content\/uploads\/2023\/10\/8422341699286_a6-800x531.jpg 800w, https:\/\/astideco.com\/blog\/wp-content\/uploads\/2023\/10\/8422341699286_a6-1024x680.jpg 1024w, https:\/\/astideco.com\/blog\/wp-content\/uploads\/2023\/10\/8422341699286_a6-1200x797.jpg 1200w, https:\/\/astideco.com\/blog\/wp-content\/uploads\/2023\/10\/8422341699286_a6-1536x1020.jpg 1536w, https:\/\/astideco.com\/blog\/wp-content\/uploads\/2023\/10\/8422341699286_a6-scaled.jpg 2560w\" data-sizes=\"auto\" data-orig-sizes=\"(max-width: 2560px) 100vw, 2560px\" \/><\/p>\n<p><span>Como sabemos que ganar espacio en muchos hogares es el pan nuestro de cada d\u00eda, desde Astigarraga Kit Line seguimos buscando soluciones multifuncionales y decorativas que no ocupen espacio y que extraigan el m\u00e1ximo potencial a todos los hogares. La falta de espacio no debe ser un impedimento para disfrutar de una decoraci\u00f3n bonita y funcional. Porque la decoraci\u00f3n, m\u00e1s all\u00e1 de la est\u00e9tica, tiene que ser pr\u00e1ctica, sobre todo en espacios de peque\u00f1as dimensiones. El tama\u00f1o no importa.<\/span><\/p>\n<p><span>Gracias por dejarnos decorar tu hogar de manera sostenible.<\/span><\/p>\n<p>&nbsp;<\/p>\n","protected":false},"excerpt":{"rendered":"<p>\u00a1Alerta pisos peque\u00f1os! Cada cent\u00edmetro cuenta, as\u00ed que lo mejor que se puede hacer cuando el espacio escasea es invertir en muebles multifuncionales, es decir, piezas que contengan m\u00e1s de una funci\u00f3n, o aquellos muebles que ocupen muy poco espacio.  [..]<\/p>\n","protected":false},"author":6,"featured_media":4874,"comment_status":"open","ping_status":"open","sticky":false,"template":"","format":"standard","meta":{"footnotes":""},"categories":[15],"tags":[638,362,905,909,839,907,903,911,851],"class_list":["post-4869","post","type-post","status-publish","format-standard","has-post-thumbnail","hentry","category-producto","tag-espacios-pequenos","tag-madera-natural","tag-mesa-abatible","tag-mesa-cocina","tag-mesa-escritorio","tag-mesa-pared","tag-mesa-plegable","tag-mesa-trabajo-taller","tag-muebles-ecologicos"],"yoast_head":"<!-- This site is optimized with the Yoast SEO plugin v27.0 - https:\/\/yoast.com\/product\/yoast-seo-wordpress\/ -->\n<title>Mesa plegable de pared en madera de pino - Astiblog<\/title>\n<meta name=\"description\" content=\"La falta de metros en casa no ser\u00e1n excusas si sabes elegir las piezas adecuadas. F\u00edjate en nuestra mesa plegable de pared en madera de pino.\" \/>\n<meta name=\"robots\" content=\"index, follow, max-snippet:-1, max-image-preview:large, max-video-preview:-1\" \/>\n<link rel=\"canonical\" href=\"https:\/\/astideco.com\/blog\/mesa-plegable-de-pared-en-madera-de-pino\/\" \/>\n<meta property=\"og:locale\" content=\"es_ES\" \/>\n<meta property=\"og:type\" content=\"article\" \/>\n<meta property=\"og:title\" content=\"Mesa plegable de pared en madera de pino - Astiblog\" \/>\n<meta property=\"og:description\" content=\"La falta de metros en casa no ser\u00e1n excusas si sabes elegir las piezas adecuadas. F\u00edjate en nuestra mesa plegable de pared en madera de pino.\" \/>\n<meta property=\"og:url\" content=\"https:\/\/astideco.com\/blog\/mesa-plegable-de-pared-en-madera-de-pino\/\" \/>\n<meta property=\"og:site_name\" content=\"Astiblog\" \/>\n<meta property=\"article:published_time\" content=\"2023-09-30T11:07:04+00:00\" \/>\n<meta property=\"article:modified_time\" content=\"2024-01-25T08:36:28+00:00\" \/>\n<meta property=\"og:image\" content=\"https:\/\/astideco.com\/blog\/wp-content\/uploads\/2023\/10\/mesa_plegable_madera_pared-1024x768.jpeg\" \/>\n\t<meta property=\"og:image:width\" content=\"1024\" \/>\n\t<meta property=\"og:image:height\" content=\"768\" \/>\n\t<meta property=\"og:image:type\" content=\"image\/jpeg\" \/>\n<meta name=\"author\" content=\"Astigarraga Kit Line\" \/>\n<meta name=\"twitter:card\" content=\"summary_large_image\" \/>\n<meta name=\"twitter:label1\" content=\"Escrito por\" \/>\n\t<meta name=\"twitter:data1\" content=\"Astigarraga Kit Line\" \/>\n\t<meta name=\"twitter:label2\" content=\"Tiempo de lectura\" \/>\n\t<meta name=\"twitter:data2\" content=\"4 minutos\" \/>\n<script type=\"application\/ld+json\" class=\"yoast-schema-graph\">{\"@context\":\"https:\/\/schema.org\",\"@graph\":[{\"@type\":\"Article\",\"@id\":\"https:\/\/astideco.com\/blog\/mesa-plegable-de-pared-en-madera-de-pino\/#article\",\"isPartOf\":{\"@id\":\"https:\/\/astideco.com\/blog\/mesa-plegable-de-pared-en-madera-de-pino\/\"},\"author\":{\"name\":\"Astigarraga Kit Line\",\"@id\":\"https:\/\/astideco.com\/blog\/#\/schema\/person\/13fd236103c4c231352fb09b2b7ac5cf\"},\"headline\":\"Mesa plegable de pared en madera de pino\",\"datePublished\":\"2023-09-30T11:07:04+00:00\",\"dateModified\":\"2024-01-25T08:36:28+00:00\",\"mainEntityOfPage\":{\"@id\":\"https:\/\/astideco.com\/blog\/mesa-plegable-de-pared-en-madera-de-pino\/\"},\"wordCount\":679,\"commentCount\":0,\"image\":{\"@id\":\"https:\/\/astideco.com\/blog\/mesa-plegable-de-pared-en-madera-de-pino\/#primaryimage\"},\"thumbnailUrl\":\"https:\/\/astideco.com\/blog\/wp-content\/uploads\/2023\/10\/mesa_plegable_madera_pared-scaled.jpeg\",\"keywords\":[\"Espacios peque\u00f1os\",\"madera natural\",\"mesa abatible\",\"mesa cocina\",\"Mesa Escritorio\",\"mesa pared\",\"mesa plegable\",\"mesa trabajo taller\",\"Muebles ecol\u00f3gicos\"],\"articleSection\":[\"Producto\"],\"inLanguage\":\"es\",\"potentialAction\":[{\"@type\":\"CommentAction\",\"name\":\"Comment\",\"target\":[\"https:\/\/astideco.com\/blog\/mesa-plegable-de-pared-en-madera-de-pino\/#respond\"]}]},{\"@type\":\"WebPage\",\"@id\":\"https:\/\/astideco.com\/blog\/mesa-plegable-de-pared-en-madera-de-pino\/\",\"url\":\"https:\/\/astideco.com\/blog\/mesa-plegable-de-pared-en-madera-de-pino\/\",\"name\":\"Mesa plegable de pared en madera de pino - Astiblog\",\"isPartOf\":{\"@id\":\"https:\/\/astideco.com\/blog\/#website\"},\"primaryImageOfPage\":{\"@id\":\"https:\/\/astideco.com\/blog\/mesa-plegable-de-pared-en-madera-de-pino\/#primaryimage\"},\"image\":{\"@id\":\"https:\/\/astideco.com\/blog\/mesa-plegable-de-pared-en-madera-de-pino\/#primaryimage\"},\"thumbnailUrl\":\"https:\/\/astideco.com\/blog\/wp-content\/uploads\/2023\/10\/mesa_plegable_madera_pared-scaled.jpeg\",\"datePublished\":\"2023-09-30T11:07:04+00:00\",\"dateModified\":\"2024-01-25T08:36:28+00:00\",\"author\":{\"@id\":\"https:\/\/astideco.com\/blog\/#\/schema\/person\/13fd236103c4c231352fb09b2b7ac5cf\"},\"description\":\"La falta de metros en casa no ser\u00e1n excusas si sabes elegir las piezas adecuadas. F\u00edjate en nuestra mesa plegable de pared en madera de pino.\",\"breadcrumb\":{\"@id\":\"https:\/\/astideco.com\/blog\/mesa-plegable-de-pared-en-madera-de-pino\/#breadcrumb\"},\"inLanguage\":\"es\",\"potentialAction\":[{\"@type\":\"ReadAction\",\"target\":[\"https:\/\/astideco.com\/blog\/mesa-plegable-de-pared-en-madera-de-pino\/\"]}]},{\"@type\":\"ImageObject\",\"inLanguage\":\"es\",\"@id\":\"https:\/\/astideco.com\/blog\/mesa-plegable-de-pared-en-madera-de-pino\/#primaryimage\",\"url\":\"https:\/\/astideco.com\/blog\/wp-content\/uploads\/2023\/10\/mesa_plegable_madera_pared-scaled.jpeg\",\"contentUrl\":\"https:\/\/astideco.com\/blog\/wp-content\/uploads\/2023\/10\/mesa_plegable_madera_pared-scaled.jpeg\",\"width\":2560,\"height\":1920},{\"@type\":\"BreadcrumbList\",\"@id\":\"https:\/\/astideco.com\/blog\/mesa-plegable-de-pared-en-madera-de-pino\/#breadcrumb\",\"itemListElement\":[{\"@type\":\"ListItem\",\"position\":1,\"name\":\"Portada\",\"item\":\"https:\/\/astideco.com\/blog\/\"},{\"@type\":\"ListItem\",\"position\":2,\"name\":\"Mesa plegable de pared en madera de pino\"}]},{\"@type\":\"WebSite\",\"@id\":\"https:\/\/astideco.com\/blog\/#website\",\"url\":\"https:\/\/astideco.com\/blog\/\",\"name\":\"Astiblog\",\"description\":\"Blog de Astideco.com\",\"potentialAction\":[{\"@type\":\"SearchAction\",\"target\":{\"@type\":\"EntryPoint\",\"urlTemplate\":\"https:\/\/astideco.com\/blog\/?s={search_term_string}\"},\"query-input\":{\"@type\":\"PropertyValueSpecification\",\"valueRequired\":true,\"valueName\":\"search_term_string\"}}],\"inLanguage\":\"es\"},{\"@type\":\"Person\",\"@id\":\"https:\/\/astideco.com\/blog\/#\/schema\/person\/13fd236103c4c231352fb09b2b7ac5cf\",\"name\":\"Astigarraga Kit Line\"}]}<\/script>\n<!-- \/ Yoast SEO plugin. -->","yoast_head_json":{"title":"Mesa plegable de pared en madera de pino - Astiblog","description":"La falta de metros en casa no ser\u00e1n excusas si sabes elegir las piezas adecuadas. F\u00edjate en nuestra mesa plegable de pared en madera de pino.","robots":{"index":"index","follow":"follow","max-snippet":"max-snippet:-1","max-image-preview":"max-image-preview:large","max-video-preview":"max-video-preview:-1"},"canonical":"https:\/\/astideco.com\/blog\/mesa-plegable-de-pared-en-madera-de-pino\/","og_locale":"es_ES","og_type":"article","og_title":"Mesa plegable de pared en madera de pino - Astiblog","og_description":"La falta de metros en casa no ser\u00e1n excusas si sabes elegir las piezas adecuadas. F\u00edjate en nuestra mesa plegable de pared en madera de pino.","og_url":"https:\/\/astideco.com\/blog\/mesa-plegable-de-pared-en-madera-de-pino\/","og_site_name":"Astiblog","article_published_time":"2023-09-30T11:07:04+00:00","article_modified_time":"2024-01-25T08:36:28+00:00","og_image":[{"width":1024,"height":768,"url":"https:\/\/astideco.com\/blog\/wp-content\/uploads\/2023\/10\/mesa_plegable_madera_pared-1024x768.jpeg","type":"image\/jpeg"}],"author":"Astigarraga Kit Line","twitter_card":"summary_large_image","twitter_misc":{"Escrito por":"Astigarraga Kit Line","Tiempo de lectura":"4 minutos"},"schema":{"@context":"https:\/\/schema.org","@graph":[{"@type":"Article","@id":"https:\/\/astideco.com\/blog\/mesa-plegable-de-pared-en-madera-de-pino\/#article","isPartOf":{"@id":"https:\/\/astideco.com\/blog\/mesa-plegable-de-pared-en-madera-de-pino\/"},"author":{"name":"Astigarraga Kit Line","@id":"https:\/\/astideco.com\/blog\/#\/schema\/person\/13fd236103c4c231352fb09b2b7ac5cf"},"headline":"Mesa plegable de pared en madera de pino","datePublished":"2023-09-30T11:07:04+00:00","dateModified":"2024-01-25T08:36:28+00:00","mainEntityOfPage":{"@id":"https:\/\/astideco.com\/blog\/mesa-plegable-de-pared-en-madera-de-pino\/"},"wordCount":679,"commentCount":0,"image":{"@id":"https:\/\/astideco.com\/blog\/mesa-plegable-de-pared-en-madera-de-pino\/#primaryimage"},"thumbnailUrl":"https:\/\/astideco.com\/blog\/wp-content\/uploads\/2023\/10\/mesa_plegable_madera_pared-scaled.jpeg","keywords":["Espacios peque\u00f1os","madera natural","mesa abatible","mesa cocina","Mesa Escritorio","mesa pared","mesa plegable","mesa trabajo taller","Muebles ecol\u00f3gicos"],"articleSection":["Producto"],"inLanguage":"es","potentialAction":[{"@type":"CommentAction","name":"Comment","target":["https:\/\/astideco.com\/blog\/mesa-plegable-de-pared-en-madera-de-pino\/#respond"]}]},{"@type":"WebPage","@id":"https:\/\/astideco.com\/blog\/mesa-plegable-de-pared-en-madera-de-pino\/","url":"https:\/\/astideco.com\/blog\/mesa-plegable-de-pared-en-madera-de-pino\/","name":"Mesa plegable de pared en madera de pino - Astiblog","isPartOf":{"@id":"https:\/\/astideco.com\/blog\/#website"},"primaryImageOfPage":{"@id":"https:\/\/astideco.com\/blog\/mesa-plegable-de-pared-en-madera-de-pino\/#primaryimage"},"image":{"@id":"https:\/\/astideco.com\/blog\/mesa-plegable-de-pared-en-madera-de-pino\/#primaryimage"},"thumbnailUrl":"https:\/\/astideco.com\/blog\/wp-content\/uploads\/2023\/10\/mesa_plegable_madera_pared-scaled.jpeg","datePublished":"2023-09-30T11:07:04+00:00","dateModified":"2024-01-25T08:36:28+00:00","author":{"@id":"https:\/\/astideco.com\/blog\/#\/schema\/person\/13fd236103c4c231352fb09b2b7ac5cf"},"description":"La falta de metros en casa no ser\u00e1n excusas si sabes elegir las piezas adecuadas. F\u00edjate en nuestra mesa plegable de pared en madera de pino.","breadcrumb":{"@id":"https:\/\/astideco.com\/blog\/mesa-plegable-de-pared-en-madera-de-pino\/#breadcrumb"},"inLanguage":"es","potentialAction":[{"@type":"ReadAction","target":["https:\/\/astideco.com\/blog\/mesa-plegable-de-pared-en-madera-de-pino\/"]}]},{"@type":"ImageObject","inLanguage":"es","@id":"https:\/\/astideco.com\/blog\/mesa-plegable-de-pared-en-madera-de-pino\/#primaryimage","url":"https:\/\/astideco.com\/blog\/wp-content\/uploads\/2023\/10\/mesa_plegable_madera_pared-scaled.jpeg","contentUrl":"https:\/\/astideco.com\/blog\/wp-content\/uploads\/2023\/10\/mesa_plegable_madera_pared-scaled.jpeg","width":2560,"height":1920},{"@type":"BreadcrumbList","@id":"https:\/\/astideco.com\/blog\/mesa-plegable-de-pared-en-madera-de-pino\/#breadcrumb","itemListElement":[{"@type":"ListItem","position":1,"name":"Portada","item":"https:\/\/astideco.com\/blog\/"},{"@type":"ListItem","position":2,"name":"Mesa plegable de pared en madera de pino"}]},{"@type":"WebSite","@id":"https:\/\/astideco.com\/blog\/#website","url":"https:\/\/astideco.com\/blog\/","name":"Astiblog","description":"Blog de Astideco.com","potentialAction":[{"@type":"SearchAction","target":{"@type":"EntryPoint","urlTemplate":"https:\/\/astideco.com\/blog\/?s={search_term_string}"},"query-input":{"@type":"PropertyValueSpecification","valueRequired":true,"valueName":"search_term_string"}}],"inLanguage":"es"},{"@type":"Person","@id":"https:\/\/astideco.com\/blog\/#\/schema\/person\/13fd236103c4c231352fb09b2b7ac5cf","name":"Astigarraga Kit Line"}]}},"_links":{"self":[{"href":"https:\/\/astideco.com\/blog\/wp-json\/wp\/v2\/posts\/4869","targetHints":{"allow":["GET"]}}],"collection":[{"href":"https:\/\/astideco.com\/blog\/wp-json\/wp\/v2\/posts"}],"about":[{"href":"https:\/\/astideco.com\/blog\/wp-json\/wp\/v2\/types\/post"}],"author":[{"embeddable":true,"href":"https:\/\/astideco.com\/blog\/wp-json\/wp\/v2\/users\/6"}],"replies":[{"embeddable":true,"href":"https:\/\/astideco.com\/blog\/wp-json\/wp\/v2\/comments?post=4869"}],"version-history":[{"count":1,"href":"https:\/\/astideco.com\/blog\/wp-json\/wp\/v2\/posts\/4869\/revisions"}],"predecessor-version":[{"id":4876,"href":"https:\/\/astideco.com\/blog\/wp-json\/wp\/v2\/posts\/4869\/revisions\/4876"}],"wp:featuredmedia":[{"embeddable":true,"href":"https:\/\/astideco.com\/blog\/wp-json\/wp\/v2\/media\/4874"}],"wp:attachment":[{"href":"https:\/\/astideco.com\/blog\/wp-json\/wp\/v2\/media?parent=4869"}],"wp:term":[{"taxonomy":"category","embeddable":true,"href":"https:\/\/astideco.com\/blog\/wp-json\/wp\/v2\/categories?post=4869"},{"taxonomy":"post_tag","embeddable":true,"href":"https:\/\/astideco.com\/blog\/wp-json\/wp\/v2\/tags?post=4869"}],"curies":[{"name":"wp","href":"https:\/\/api.w.org\/{rel}","templated":true}]}}