{"id":4855,"date":"2023-09-20T06:41:38","date_gmt":"2023-09-20T06:41:38","guid":{"rendered":"https:\/\/astideco.com\/blog\/?p=4855"},"modified":"2024-01-25T08:36:34","modified_gmt":"2024-01-25T08:36:34","slug":"percheros-de-madera-super-practicos-y-decorativos","status":"publish","type":"post","link":"https:\/\/astideco.com\/blog\/percheros-de-madera-super-practicos-y-decorativos\/","title":{"rendered":"Percheros de madera s\u00faper pr\u00e1cticos y decorativos"},"content":{"rendered":"<p><span>Entrar por la puerta de tu casa y disponer de un mueble pr\u00e1ctico y est\u00e9ticamente bonito que te reciba y te permita colgar la chaqueta, dejar el bolso, la mochila o los zapatos r\u00e1pidamente, no tiene precio. Tener en el dormitorio, adem\u00e1s del armario oficial, un mueble auxiliar en el que poder colgar la ropa que m\u00e1s usas en el d\u00eda a d\u00eda, tampoco lo tiene. Llevar al trastero la ropa en cada cambio de temporada es una buena soluci\u00f3n cuando escasea el espacio en casa; as\u00ed no tendr\u00e1s que hacer maniobras para que todo encaje como un puzzle en el hogar. Hoy nos asomamos a esta ventana con dos soluciones que te permitir\u00e1n tener resueltas estas tres situaciones: <strong>los<\/strong> <strong>percheros de madera s\u00faper pr\u00e1cticos y decorativos de la colecci\u00f3n Evolution de Astigarraga Kit Line<\/strong>.<\/span><\/p>\n<p><span>Un <strong>perchero de madera de pared<\/strong> es una pieza esencial para mantener el orden en casa, para colgar la ropa nada m\u00e1s llegar y para decorar el recibidor o la estancia en la que decidas colocarlo. Es un mueble s\u00faper pr\u00e1ctico y decorativo que realzar\u00e1 el espacio. Adem\u00e1s, la <strong>madera natural<\/strong> lo har\u00e1 m\u00e1s c\u00e1lido y har\u00e1 que no desentone con el resto de la decoraci\u00f3n. La madera es uno de esos materiales que no pasan de moda. Es tendencia por su est\u00e9tica natural y es capaz de convertir cualquier espacio en una estancia acogedora. \u00a1S\u00ed, hasta un trastero!<\/span><\/p>\n<p><img decoding=\"async\" class=\"lazyload alignnone size-fusion-1200 wp-image-4859\" src=\"https:\/\/astideco.com\/blog\/wp-content\/uploads\/2023\/09\/percheros_ropa_madera_astigarraga_kit_line-1200x797.jpg\" data-orig-src=\"https:\/\/astideco.com\/blog\/wp-content\/uploads\/2023\/09\/percheros_ropa_madera_astigarraga_kit_line-1200x797.jpg\" alt=\"\" width=\"1200\" height=\"797\" srcset=\"data:image\/svg+xml,%3Csvg%20xmlns%3D%27http%3A%2F%2Fwww.w3.org%2F2000%2Fsvg%27%20width%3D%271200%27%20height%3D%27797%27%20viewBox%3D%270%200%201200%20797%27%3E%3Crect%20width%3D%271200%27%20height%3D%27797%27%20fill-opacity%3D%220%22%2F%3E%3C%2Fsvg%3E\" data-srcset=\"https:\/\/astideco.com\/blog\/wp-content\/uploads\/2023\/09\/percheros_ropa_madera_astigarraga_kit_line-200x133.jpg 200w, https:\/\/astideco.com\/blog\/wp-content\/uploads\/2023\/09\/percheros_ropa_madera_astigarraga_kit_line-300x199.jpg 300w, https:\/\/astideco.com\/blog\/wp-content\/uploads\/2023\/09\/percheros_ropa_madera_astigarraga_kit_line-400x266.jpg 400w, https:\/\/astideco.com\/blog\/wp-content\/uploads\/2023\/09\/percheros_ropa_madera_astigarraga_kit_line-600x398.jpg 600w, https:\/\/astideco.com\/blog\/wp-content\/uploads\/2023\/09\/percheros_ropa_madera_astigarraga_kit_line-768x510.jpg 768w, https:\/\/astideco.com\/blog\/wp-content\/uploads\/2023\/09\/percheros_ropa_madera_astigarraga_kit_line-800x531.jpg 800w, https:\/\/astideco.com\/blog\/wp-content\/uploads\/2023\/09\/percheros_ropa_madera_astigarraga_kit_line-1024x680.jpg 1024w, https:\/\/astideco.com\/blog\/wp-content\/uploads\/2023\/09\/percheros_ropa_madera_astigarraga_kit_line-1200x797.jpg 1200w, https:\/\/astideco.com\/blog\/wp-content\/uploads\/2023\/09\/percheros_ropa_madera_astigarraga_kit_line.jpg 1500w\" data-sizes=\"auto\" data-orig-sizes=\"(max-width: 1200px) 100vw, 1200px\" \/><\/p>\n<p><span>Si te hemos convencido de la importancia de tener un perchero de madera o burro en el recibidor o en tu habitaci\u00f3n (tambi\u00e9n en el trastero o desv\u00e1n para hacer el cambio de temporada), qu\u00e9date por aqu\u00ed porque te presentamos los dos <span><a href=\"https:\/\/astideco.com\/es\/estanterias-para-ropa\" target=\"_blank\" rel=\"noopener\"><span><strong>percheros de madera de pared<\/strong><\/span><\/a><\/span>. Les hemos hecho un restyling, una peque\u00f1a \u2018actualizaci\u00f3n\u2019 en la imagen que ten\u00edan hasta ahora. Lo suficiente para que den ese toque moderno a cualquier estancia y se conviertan en una pieza estrella.\u00a0<\/span><\/p>\n<h2><span>Percheros de madera de pared<\/span><\/h2>\n<p><span>No importa si la estancia es peque\u00f1a: si el recibidor o tu habitaci\u00f3n no tienen muchos metros cuadrados. Apenas ocupan espacio y sin embargo tienen la gran capacidad de transformar un peque\u00f1o rinc\u00f3n en un espacio funcional y acogedor. Los dos <strong>percheros de madera<\/strong> tienen un dise\u00f1o muy sencillo, de <strong>inspiraci\u00f3n n\u00f3rdica<\/strong> y est\u00e1n fabricados en madera maciza de pino que proviene de bosques gestionados sosteniblemente.<\/span><\/p>\n<p><span>Imag\u00ednate esa pared vac\u00eda de tu recibidor o ese rinc\u00f3n inutilizado de tu habitaci\u00f3n, cierra los ojos y visualiza el <span><a href=\"https:\/\/astideco.com\/es\/estanterias-para-ropa\/perchero-ropa-evolution-madera-maciza-de-pino-3-baldas\" target=\"_blank\" rel=\"noopener\"><span><strong>perchero de madera<\/strong><\/span><\/a><\/span> que mide 174,5 cm de altura, 76,5 de ancho y 38,5 de fondo. Sin ocupar mucho espacio, cuenta con amplio espacio para colgar ropa y organizar el calzado y los complementos. De estructura s\u00f3lida, en la parte superior hay una barra de metal para llenar de chaquetas y abrigos, en invierno, y de camisetas y pantalones cortos y vestidos, en verano. En la parte inferior cuenta con tres baldas de madera regulables en altura para que las puedas colocar a tu gusto seg\u00fan tus necesidades. Tres estantes que pueden hacer las veces de zapatero. \u00a1Ah! Y le puedes a\u00f1adir m\u00e1s estante si deseas.<\/span><\/p>\n<p><img decoding=\"async\" class=\"lazyload alignnone size-fusion-1200 wp-image-4860\" src=\"https:\/\/astideco.com\/blog\/wp-content\/uploads\/2023\/09\/perchero_ropa_madera_astigarraga_kit_line-1200x1803.jpg\" data-orig-src=\"https:\/\/astideco.com\/blog\/wp-content\/uploads\/2023\/09\/perchero_ropa_madera_astigarraga_kit_line-1200x1803.jpg\" alt=\"\" width=\"1200\" height=\"1803\" srcset=\"data:image\/svg+xml,%3Csvg%20xmlns%3D%27http%3A%2F%2Fwww.w3.org%2F2000%2Fsvg%27%20width%3D%271200%27%20height%3D%271803%27%20viewBox%3D%270%200%201200%201803%27%3E%3Crect%20width%3D%271200%27%20height%3D%271803%27%20fill-opacity%3D%220%22%2F%3E%3C%2Fsvg%3E\" data-srcset=\"https:\/\/astideco.com\/blog\/wp-content\/uploads\/2023\/09\/perchero_ropa_madera_astigarraga_kit_line-200x301.jpg 200w, https:\/\/astideco.com\/blog\/wp-content\/uploads\/2023\/09\/perchero_ropa_madera_astigarraga_kit_line-400x601.jpg 400w, https:\/\/astideco.com\/blog\/wp-content\/uploads\/2023\/09\/perchero_ropa_madera_astigarraga_kit_line-600x902.jpg 600w, https:\/\/astideco.com\/blog\/wp-content\/uploads\/2023\/09\/perchero_ropa_madera_astigarraga_kit_line-681x1024.jpg 681w, https:\/\/astideco.com\/blog\/wp-content\/uploads\/2023\/09\/perchero_ropa_madera_astigarraga_kit_line-768x1154.jpg 768w, https:\/\/astideco.com\/blog\/wp-content\/uploads\/2023\/09\/perchero_ropa_madera_astigarraga_kit_line-800x1202.jpg 800w, https:\/\/astideco.com\/blog\/wp-content\/uploads\/2023\/09\/perchero_ropa_madera_astigarraga_kit_line-1022x1536.jpg 1022w, https:\/\/astideco.com\/blog\/wp-content\/uploads\/2023\/09\/perchero_ropa_madera_astigarraga_kit_line-1200x1803.jpg 1200w, https:\/\/astideco.com\/blog\/wp-content\/uploads\/2023\/09\/perchero_ropa_madera_astigarraga_kit_line-1363x2048.jpg 1363w, https:\/\/astideco.com\/blog\/wp-content\/uploads\/2023\/09\/perchero_ropa_madera_astigarraga_kit_line.jpg 1496w\" data-sizes=\"auto\" data-orig-sizes=\"(max-width: 1200px) 100vw, 1200px\" \/><\/p>\n<p><span>Y he aqu\u00ed el hermano peque\u00f1o. Con unas medidas de 111 cm de alto, 76,5 de ancho y 38,5 de fondo, este <span><a href=\"https:\/\/astideco.com\/es\/estanterias-para-ropa\/perchero-de-ropa-evolution-madera-maciza-pino-2-baldas\" target=\"_blank\" rel=\"noopener\"><span><strong>perchero de madera<\/strong><\/span><\/a><\/span> es otra opci\u00f3n para colgar ropa de menor tama\u00f1o. Lo puedes completar con el perchero de mayor tama\u00f1o y hacer un conjunto dressing ideal y si no, utilizarlo individualmente.<\/span><\/p>\n<p><img decoding=\"async\" class=\"lazyload alignnone size-fusion-1200 wp-image-4857\" src=\"https:\/\/astideco.com\/blog\/wp-content\/uploads\/2023\/09\/perchero_madera_montessori-1200x1797.jpg\" data-orig-src=\"https:\/\/astideco.com\/blog\/wp-content\/uploads\/2023\/09\/perchero_madera_montessori-1200x1797.jpg\" alt=\"\" width=\"1200\" height=\"1797\" srcset=\"data:image\/svg+xml,%3Csvg%20xmlns%3D%27http%3A%2F%2Fwww.w3.org%2F2000%2Fsvg%27%20width%3D%271200%27%20height%3D%271797%27%20viewBox%3D%270%200%201200%201797%27%3E%3Crect%20width%3D%271200%27%20height%3D%271797%27%20fill-opacity%3D%220%22%2F%3E%3C%2Fsvg%3E\" data-srcset=\"https:\/\/astideco.com\/blog\/wp-content\/uploads\/2023\/09\/perchero_madera_montessori-200x300.jpg 200w, https:\/\/astideco.com\/blog\/wp-content\/uploads\/2023\/09\/perchero_madera_montessori-400x599.jpg 400w, https:\/\/astideco.com\/blog\/wp-content\/uploads\/2023\/09\/perchero_madera_montessori-600x899.jpg 600w, https:\/\/astideco.com\/blog\/wp-content\/uploads\/2023\/09\/perchero_madera_montessori-684x1024.jpg 684w, https:\/\/astideco.com\/blog\/wp-content\/uploads\/2023\/09\/perchero_madera_montessori-768x1150.jpg 768w, https:\/\/astideco.com\/blog\/wp-content\/uploads\/2023\/09\/perchero_madera_montessori-800x1198.jpg 800w, https:\/\/astideco.com\/blog\/wp-content\/uploads\/2023\/09\/perchero_madera_montessori-1026x1536.jpg 1026w, https:\/\/astideco.com\/blog\/wp-content\/uploads\/2023\/09\/perchero_madera_montessori-1200x1797.jpg 1200w, https:\/\/astideco.com\/blog\/wp-content\/uploads\/2023\/09\/perchero_madera_montessori-1367x2048.jpg 1367w, https:\/\/astideco.com\/blog\/wp-content\/uploads\/2023\/09\/perchero_madera_montessori-scaled.jpg 1709w\" data-sizes=\"auto\" data-orig-sizes=\"(max-width: 1200px) 100vw, 1200px\" \/><\/p>\n<p><span>Por medidas, puede ser tambi\u00e9n un pr\u00e1ctico <strong>perchero burro de madera ideal para los m\u00e1s peque\u00f1os de la casa<\/strong>. Los ni\u00f1os necesitan en su habitaci\u00f3n un espacio para jugar y un lugar para guardar los juguetes y la ropa. Para este \u00faltimo fin es este perchero infantil de madera maciza de pino de la serie Evolution. Inspirado en la <strong>filosof\u00eda Montessori<\/strong>, este burro infantil permitir\u00e1 a los peques coger o colgar su propia ropa, vestirse y desvestirse solos, favoreciendo as\u00ed su desarrollo y autonom\u00eda. Tendr\u00e1n todo \u00a1a la vista y al alcance de la mano! En la barra puedes colocar las ropitas de uso m\u00e1s diario y en los estantes inferiores, acomodar los zapatitos, pijamas o ropa de cama. Adem\u00e1s si no quieres que est\u00e9n a la vista, siempre puedes utilizar cualquiera de las cajas de madera disponible en nuestra web.<\/span><\/p>\n<div id=\"attachment_4856\" style=\"width: 1210px\" class=\"wp-caption alignnone\"><img decoding=\"async\" aria-describedby=\"caption-attachment-4856\" class=\"lazyload wp-image-4856 size-fusion-1200\" src=\"https:\/\/astideco.com\/blog\/wp-content\/uploads\/2023\/09\/Armario-Montessori-aastigarra-kit-line-1200x800.jpg\" data-orig-src=\"https:\/\/astideco.com\/blog\/wp-content\/uploads\/2023\/09\/Armario-Montessori-aastigarra-kit-line-1200x800.jpg\" alt=\"\" width=\"1200\" height=\"800\" srcset=\"data:image\/svg+xml,%3Csvg%20xmlns%3D%27http%3A%2F%2Fwww.w3.org%2F2000%2Fsvg%27%20width%3D%271200%27%20height%3D%27800%27%20viewBox%3D%270%200%201200%20800%27%3E%3Crect%20width%3D%271200%27%20height%3D%27800%27%20fill-opacity%3D%220%22%2F%3E%3C%2Fsvg%3E\" data-srcset=\"https:\/\/astideco.com\/blog\/wp-content\/uploads\/2023\/09\/Armario-Montessori-aastigarra-kit-line-200x133.jpg 200w, https:\/\/astideco.com\/blog\/wp-content\/uploads\/2023\/09\/Armario-Montessori-aastigarra-kit-line-300x200.jpg 300w, https:\/\/astideco.com\/blog\/wp-content\/uploads\/2023\/09\/Armario-Montessori-aastigarra-kit-line-400x267.jpg 400w, https:\/\/astideco.com\/blog\/wp-content\/uploads\/2023\/09\/Armario-Montessori-aastigarra-kit-line-600x400.jpg 600w, https:\/\/astideco.com\/blog\/wp-content\/uploads\/2023\/09\/Armario-Montessori-aastigarra-kit-line-768x512.jpg 768w, https:\/\/astideco.com\/blog\/wp-content\/uploads\/2023\/09\/Armario-Montessori-aastigarra-kit-line-800x533.jpg 800w, https:\/\/astideco.com\/blog\/wp-content\/uploads\/2023\/09\/Armario-Montessori-aastigarra-kit-line-1024x683.jpg 1024w, https:\/\/astideco.com\/blog\/wp-content\/uploads\/2023\/09\/Armario-Montessori-aastigarra-kit-line-1200x800.jpg 1200w, https:\/\/astideco.com\/blog\/wp-content\/uploads\/2023\/09\/Armario-Montessori-aastigarra-kit-line-1536x1024.jpg 1536w\" data-sizes=\"auto\" data-orig-sizes=\"(max-width: 1200px) 100vw, 1200px\" \/><p id=\"caption-attachment-4856\" class=\"wp-caption-text\"><span>Instagram: <a href=\"https:\/\/www.instagram.com\/creciendoconmontessori\/?hl=es\" target=\"_blank\" rel=\"noopener\"><strong>Creciendo con Montessori<\/strong><\/a>. Estos muebles son de la antigua versi\u00f3n Evolution.<\/span><\/p><\/div>\n<p><span>Dos <strong>percheros de madera s\u00faper pr\u00e1cticos y decorativos<\/strong> para lucir en la entrada de tu casa y le d\u00e9 un toque elegante, y que adem\u00e1s van a encajar con cualquier entorno. La madera natural sostenible y local es la mejor opci\u00f3n para decorar y ordenar tu casa.<\/span><\/p>\n<p><em><span>Gracias por dejarnos decorar tu hogar, oficina o negocio de manera sostenible.<\/span><\/em><\/p>\n","protected":false},"excerpt":{"rendered":"<p>Entrar por la puerta de tu casa y disponer de un mueble pr\u00e1ctico y est\u00e9ticamente bonito que te reciba y te permita colgar la chaqueta, dejar el bolso, la mochila o los zapatos r\u00e1pidamente, no tiene precio. Tener en el  [..]<\/p>\n","protected":false},"author":6,"featured_media":4858,"comment_status":"open","ping_status":"open","sticky":false,"template":"","format":"standard","meta":{"footnotes":""},"categories":[15],"tags":[],"class_list":["post-4855","post","type-post","status-publish","format-standard","has-post-thumbnail","hentry","category-producto"],"yoast_head":"<!-- This site is optimized with the Yoast SEO plugin v27.0 - https:\/\/yoast.com\/product\/yoast-seo-wordpress\/ -->\n<title>Percheros de madera s\u00faper pr\u00e1cticos y decorativos - Astiblog<\/title>\n<meta name=\"description\" content=\"Entrar por la puerta y poder dejar la chaqueta y descalzarte r\u00e1pidamente. Te mostramos dos percheros de madera s\u00faper pr\u00e1cticos y decorativos\" \/>\n<meta name=\"robots\" content=\"index, follow, max-snippet:-1, max-image-preview:large, max-video-preview:-1\" \/>\n<link rel=\"canonical\" href=\"https:\/\/astideco.com\/blog\/percheros-de-madera-super-practicos-y-decorativos\/\" \/>\n<meta property=\"og:locale\" content=\"es_ES\" \/>\n<meta property=\"og:type\" content=\"article\" \/>\n<meta property=\"og:title\" content=\"Percheros de madera s\u00faper pr\u00e1cticos y decorativos - Astiblog\" \/>\n<meta property=\"og:description\" content=\"Entrar por la puerta y poder dejar la chaqueta y descalzarte r\u00e1pidamente. Te mostramos dos percheros de madera s\u00faper pr\u00e1cticos y decorativos\" \/>\n<meta property=\"og:url\" content=\"https:\/\/astideco.com\/blog\/percheros-de-madera-super-practicos-y-decorativos\/\" \/>\n<meta property=\"og:site_name\" content=\"Astiblog\" \/>\n<meta property=\"article:published_time\" content=\"2023-09-20T06:41:38+00:00\" \/>\n<meta property=\"article:modified_time\" content=\"2024-01-25T08:36:34+00:00\" \/>\n<meta property=\"og:image\" content=\"https:\/\/astideco.com\/blog\/wp-content\/uploads\/2023\/09\/perchero-burro-madera-1024x684.jpg\" \/>\n\t<meta property=\"og:image:width\" content=\"1024\" \/>\n\t<meta property=\"og:image:height\" content=\"684\" \/>\n\t<meta property=\"og:image:type\" content=\"image\/jpeg\" \/>\n<meta name=\"author\" content=\"Astigarraga Kit Line\" \/>\n<meta name=\"twitter:card\" content=\"summary_large_image\" \/>\n<meta name=\"twitter:label1\" content=\"Escrito por\" \/>\n\t<meta name=\"twitter:data1\" content=\"Astigarraga Kit Line\" \/>\n\t<meta name=\"twitter:label2\" content=\"Tiempo de lectura\" \/>\n\t<meta name=\"twitter:data2\" content=\"5 minutos\" \/>\n<script type=\"application\/ld+json\" class=\"yoast-schema-graph\">{\"@context\":\"https:\/\/schema.org\",\"@graph\":[{\"@type\":\"Article\",\"@id\":\"https:\/\/astideco.com\/blog\/percheros-de-madera-super-practicos-y-decorativos\/#article\",\"isPartOf\":{\"@id\":\"https:\/\/astideco.com\/blog\/percheros-de-madera-super-practicos-y-decorativos\/\"},\"author\":{\"name\":\"Astigarraga Kit Line\",\"@id\":\"https:\/\/astideco.com\/blog\/#\/schema\/person\/13fd236103c4c231352fb09b2b7ac5cf\"},\"headline\":\"Percheros de madera s\u00faper pr\u00e1cticos y decorativos\",\"datePublished\":\"2023-09-20T06:41:38+00:00\",\"dateModified\":\"2024-01-25T08:36:34+00:00\",\"mainEntityOfPage\":{\"@id\":\"https:\/\/astideco.com\/blog\/percheros-de-madera-super-practicos-y-decorativos\/\"},\"wordCount\":852,\"commentCount\":0,\"image\":{\"@id\":\"https:\/\/astideco.com\/blog\/percheros-de-madera-super-practicos-y-decorativos\/#primaryimage\"},\"thumbnailUrl\":\"https:\/\/astideco.com\/blog\/wp-content\/uploads\/2023\/09\/perchero-burro-madera-scaled.jpg\",\"articleSection\":[\"Producto\"],\"inLanguage\":\"es\",\"potentialAction\":[{\"@type\":\"CommentAction\",\"name\":\"Comment\",\"target\":[\"https:\/\/astideco.com\/blog\/percheros-de-madera-super-practicos-y-decorativos\/#respond\"]}]},{\"@type\":\"WebPage\",\"@id\":\"https:\/\/astideco.com\/blog\/percheros-de-madera-super-practicos-y-decorativos\/\",\"url\":\"https:\/\/astideco.com\/blog\/percheros-de-madera-super-practicos-y-decorativos\/\",\"name\":\"Percheros de madera s\u00faper pr\u00e1cticos y decorativos - Astiblog\",\"isPartOf\":{\"@id\":\"https:\/\/astideco.com\/blog\/#website\"},\"primaryImageOfPage\":{\"@id\":\"https:\/\/astideco.com\/blog\/percheros-de-madera-super-practicos-y-decorativos\/#primaryimage\"},\"image\":{\"@id\":\"https:\/\/astideco.com\/blog\/percheros-de-madera-super-practicos-y-decorativos\/#primaryimage\"},\"thumbnailUrl\":\"https:\/\/astideco.com\/blog\/wp-content\/uploads\/2023\/09\/perchero-burro-madera-scaled.jpg\",\"datePublished\":\"2023-09-20T06:41:38+00:00\",\"dateModified\":\"2024-01-25T08:36:34+00:00\",\"author\":{\"@id\":\"https:\/\/astideco.com\/blog\/#\/schema\/person\/13fd236103c4c231352fb09b2b7ac5cf\"},\"description\":\"Entrar por la puerta y poder dejar la chaqueta y descalzarte r\u00e1pidamente. Te mostramos dos percheros de madera s\u00faper pr\u00e1cticos y decorativos\",\"breadcrumb\":{\"@id\":\"https:\/\/astideco.com\/blog\/percheros-de-madera-super-practicos-y-decorativos\/#breadcrumb\"},\"inLanguage\":\"es\",\"potentialAction\":[{\"@type\":\"ReadAction\",\"target\":[\"https:\/\/astideco.com\/blog\/percheros-de-madera-super-practicos-y-decorativos\/\"]}]},{\"@type\":\"ImageObject\",\"inLanguage\":\"es\",\"@id\":\"https:\/\/astideco.com\/blog\/percheros-de-madera-super-practicos-y-decorativos\/#primaryimage\",\"url\":\"https:\/\/astideco.com\/blog\/wp-content\/uploads\/2023\/09\/perchero-burro-madera-scaled.jpg\",\"contentUrl\":\"https:\/\/astideco.com\/blog\/wp-content\/uploads\/2023\/09\/perchero-burro-madera-scaled.jpg\",\"width\":2560,\"height\":1709},{\"@type\":\"BreadcrumbList\",\"@id\":\"https:\/\/astideco.com\/blog\/percheros-de-madera-super-practicos-y-decorativos\/#breadcrumb\",\"itemListElement\":[{\"@type\":\"ListItem\",\"position\":1,\"name\":\"Portada\",\"item\":\"https:\/\/astideco.com\/blog\/\"},{\"@type\":\"ListItem\",\"position\":2,\"name\":\"Percheros de madera s\u00faper pr\u00e1cticos y decorativos\"}]},{\"@type\":\"WebSite\",\"@id\":\"https:\/\/astideco.com\/blog\/#website\",\"url\":\"https:\/\/astideco.com\/blog\/\",\"name\":\"Astiblog\",\"description\":\"Blog de Astideco.com\",\"potentialAction\":[{\"@type\":\"SearchAction\",\"target\":{\"@type\":\"EntryPoint\",\"urlTemplate\":\"https:\/\/astideco.com\/blog\/?s={search_term_string}\"},\"query-input\":{\"@type\":\"PropertyValueSpecification\",\"valueRequired\":true,\"valueName\":\"search_term_string\"}}],\"inLanguage\":\"es\"},{\"@type\":\"Person\",\"@id\":\"https:\/\/astideco.com\/blog\/#\/schema\/person\/13fd236103c4c231352fb09b2b7ac5cf\",\"name\":\"Astigarraga Kit Line\"}]}<\/script>\n<!-- \/ Yoast SEO plugin. -->","yoast_head_json":{"title":"Percheros de madera s\u00faper pr\u00e1cticos y decorativos - Astiblog","description":"Entrar por la puerta y poder dejar la chaqueta y descalzarte r\u00e1pidamente. Te mostramos dos percheros de madera s\u00faper pr\u00e1cticos y decorativos","robots":{"index":"index","follow":"follow","max-snippet":"max-snippet:-1","max-image-preview":"max-image-preview:large","max-video-preview":"max-video-preview:-1"},"canonical":"https:\/\/astideco.com\/blog\/percheros-de-madera-super-practicos-y-decorativos\/","og_locale":"es_ES","og_type":"article","og_title":"Percheros de madera s\u00faper pr\u00e1cticos y decorativos - Astiblog","og_description":"Entrar por la puerta y poder dejar la chaqueta y descalzarte r\u00e1pidamente. Te mostramos dos percheros de madera s\u00faper pr\u00e1cticos y decorativos","og_url":"https:\/\/astideco.com\/blog\/percheros-de-madera-super-practicos-y-decorativos\/","og_site_name":"Astiblog","article_published_time":"2023-09-20T06:41:38+00:00","article_modified_time":"2024-01-25T08:36:34+00:00","og_image":[{"width":1024,"height":684,"url":"https:\/\/astideco.com\/blog\/wp-content\/uploads\/2023\/09\/perchero-burro-madera-1024x684.jpg","type":"image\/jpeg"}],"author":"Astigarraga Kit Line","twitter_card":"summary_large_image","twitter_misc":{"Escrito por":"Astigarraga Kit Line","Tiempo de lectura":"5 minutos"},"schema":{"@context":"https:\/\/schema.org","@graph":[{"@type":"Article","@id":"https:\/\/astideco.com\/blog\/percheros-de-madera-super-practicos-y-decorativos\/#article","isPartOf":{"@id":"https:\/\/astideco.com\/blog\/percheros-de-madera-super-practicos-y-decorativos\/"},"author":{"name":"Astigarraga Kit Line","@id":"https:\/\/astideco.com\/blog\/#\/schema\/person\/13fd236103c4c231352fb09b2b7ac5cf"},"headline":"Percheros de madera s\u00faper pr\u00e1cticos y decorativos","datePublished":"2023-09-20T06:41:38+00:00","dateModified":"2024-01-25T08:36:34+00:00","mainEntityOfPage":{"@id":"https:\/\/astideco.com\/blog\/percheros-de-madera-super-practicos-y-decorativos\/"},"wordCount":852,"commentCount":0,"image":{"@id":"https:\/\/astideco.com\/blog\/percheros-de-madera-super-practicos-y-decorativos\/#primaryimage"},"thumbnailUrl":"https:\/\/astideco.com\/blog\/wp-content\/uploads\/2023\/09\/perchero-burro-madera-scaled.jpg","articleSection":["Producto"],"inLanguage":"es","potentialAction":[{"@type":"CommentAction","name":"Comment","target":["https:\/\/astideco.com\/blog\/percheros-de-madera-super-practicos-y-decorativos\/#respond"]}]},{"@type":"WebPage","@id":"https:\/\/astideco.com\/blog\/percheros-de-madera-super-practicos-y-decorativos\/","url":"https:\/\/astideco.com\/blog\/percheros-de-madera-super-practicos-y-decorativos\/","name":"Percheros de madera s\u00faper pr\u00e1cticos y decorativos - Astiblog","isPartOf":{"@id":"https:\/\/astideco.com\/blog\/#website"},"primaryImageOfPage":{"@id":"https:\/\/astideco.com\/blog\/percheros-de-madera-super-practicos-y-decorativos\/#primaryimage"},"image":{"@id":"https:\/\/astideco.com\/blog\/percheros-de-madera-super-practicos-y-decorativos\/#primaryimage"},"thumbnailUrl":"https:\/\/astideco.com\/blog\/wp-content\/uploads\/2023\/09\/perchero-burro-madera-scaled.jpg","datePublished":"2023-09-20T06:41:38+00:00","dateModified":"2024-01-25T08:36:34+00:00","author":{"@id":"https:\/\/astideco.com\/blog\/#\/schema\/person\/13fd236103c4c231352fb09b2b7ac5cf"},"description":"Entrar por la puerta y poder dejar la chaqueta y descalzarte r\u00e1pidamente. Te mostramos dos percheros de madera s\u00faper pr\u00e1cticos y decorativos","breadcrumb":{"@id":"https:\/\/astideco.com\/blog\/percheros-de-madera-super-practicos-y-decorativos\/#breadcrumb"},"inLanguage":"es","potentialAction":[{"@type":"ReadAction","target":["https:\/\/astideco.com\/blog\/percheros-de-madera-super-practicos-y-decorativos\/"]}]},{"@type":"ImageObject","inLanguage":"es","@id":"https:\/\/astideco.com\/blog\/percheros-de-madera-super-practicos-y-decorativos\/#primaryimage","url":"https:\/\/astideco.com\/blog\/wp-content\/uploads\/2023\/09\/perchero-burro-madera-scaled.jpg","contentUrl":"https:\/\/astideco.com\/blog\/wp-content\/uploads\/2023\/09\/perchero-burro-madera-scaled.jpg","width":2560,"height":1709},{"@type":"BreadcrumbList","@id":"https:\/\/astideco.com\/blog\/percheros-de-madera-super-practicos-y-decorativos\/#breadcrumb","itemListElement":[{"@type":"ListItem","position":1,"name":"Portada","item":"https:\/\/astideco.com\/blog\/"},{"@type":"ListItem","position":2,"name":"Percheros de madera s\u00faper pr\u00e1cticos y decorativos"}]},{"@type":"WebSite","@id":"https:\/\/astideco.com\/blog\/#website","url":"https:\/\/astideco.com\/blog\/","name":"Astiblog","description":"Blog de Astideco.com","potentialAction":[{"@type":"SearchAction","target":{"@type":"EntryPoint","urlTemplate":"https:\/\/astideco.com\/blog\/?s={search_term_string}"},"query-input":{"@type":"PropertyValueSpecification","valueRequired":true,"valueName":"search_term_string"}}],"inLanguage":"es"},{"@type":"Person","@id":"https:\/\/astideco.com\/blog\/#\/schema\/person\/13fd236103c4c231352fb09b2b7ac5cf","name":"Astigarraga Kit Line"}]}},"_links":{"self":[{"href":"https:\/\/astideco.com\/blog\/wp-json\/wp\/v2\/posts\/4855","targetHints":{"allow":["GET"]}}],"collection":[{"href":"https:\/\/astideco.com\/blog\/wp-json\/wp\/v2\/posts"}],"about":[{"href":"https:\/\/astideco.com\/blog\/wp-json\/wp\/v2\/types\/post"}],"author":[{"embeddable":true,"href":"https:\/\/astideco.com\/blog\/wp-json\/wp\/v2\/users\/6"}],"replies":[{"embeddable":true,"href":"https:\/\/astideco.com\/blog\/wp-json\/wp\/v2\/comments?post=4855"}],"version-history":[{"count":2,"href":"https:\/\/astideco.com\/blog\/wp-json\/wp\/v2\/posts\/4855\/revisions"}],"predecessor-version":[{"id":4862,"href":"https:\/\/astideco.com\/blog\/wp-json\/wp\/v2\/posts\/4855\/revisions\/4862"}],"wp:featuredmedia":[{"embeddable":true,"href":"https:\/\/astideco.com\/blog\/wp-json\/wp\/v2\/media\/4858"}],"wp:attachment":[{"href":"https:\/\/astideco.com\/blog\/wp-json\/wp\/v2\/media?parent=4855"}],"wp:term":[{"taxonomy":"category","embeddable":true,"href":"https:\/\/astideco.com\/blog\/wp-json\/wp\/v2\/categories?post=4855"},{"taxonomy":"post_tag","embeddable":true,"href":"https:\/\/astideco.com\/blog\/wp-json\/wp\/v2\/tags?post=4855"}],"curies":[{"name":"wp","href":"https:\/\/api.w.org\/{rel}","templated":true}]}}