{"id":4834,"date":"2023-08-28T17:10:40","date_gmt":"2023-08-28T17:10:40","guid":{"rendered":"https:\/\/astideco.com\/blog\/?p=4834"},"modified":"2024-07-29T07:20:29","modified_gmt":"2024-07-29T07:20:29","slug":"como-organizar-un-espacio-de-estudio-o-trabajo-para-dos","status":"publish","type":"post","link":"https:\/\/astideco.com\/blog\/como-organizar-un-espacio-de-estudio-o-trabajo-para-dos\/","title":{"rendered":"C\u00f3mo organizar un espacio de estudio o trabajo para dos"},"content":{"rendered":"<p><span>Estas \u00faltimas semanas os hemos ido ense\u00f1ado los nuevos packs de <span><a href=\"https:\/\/astideco.com\/blog\/nuevos-packs-de-mesas-de-escritorio-de-madera\/\" target=\"_blank\" rel=\"noopener\"><span><strong>mesas de escritorio de madera<\/strong><\/span><\/a><\/span> para que pod\u00e1is crear un rinc\u00f3n de estudio o trabajo en vuestra casa. Pero es importante que sepas que puedes adquirir por separado nuestros tableros de\u00a0 madera y caballetes o patas y crear una mesa escritorio a tu gusto. Hoy te vamos a mostrar una idea para que sepas <\/span><b>c\u00f3mo organizar un espacio de estudio o trabajo para dos personas<\/b><span>.<\/span><\/p>\n<p><span>Puede que tengas dos hijos que compartan habitaci\u00f3n. Puede que se\u00e1is dos personas trabajando desde casa. O puede ser que necesites una mesa escritorio m\u00e1s grande de lo habitual. Sea lo que sea, no te pierdas esta mesa escritorio juvenil para dos, dispuesta en l\u00ednea y frente a la pared. Una mesa para estudiar y hacer los deberes sencilla y muy funcional compuesta por dos <span><a href=\"https:\/\/astideco.com\/es\/mesas-y-escritorios\/tablero-pino-120x60x18\" target=\"_blank\" rel=\"noopener\"><span><strong>tableros de madera de 120x60x1,8cm<\/strong><\/span><\/a><\/span> y tres <span><a href=\"https:\/\/astideco.com\/es\/caballetes-de-madera\/caballete-pino-glam-para-pequenos-espacios\" target=\"_blank\" rel=\"noopener\"><span><strong>caballetes Glam<\/strong><\/span><\/a><\/span>. Este maravilloso espacio es creaci\u00f3n de Lais Fern\u00e1ndez, la influencer que est\u00e1 detr\u00e1s del perfil de Instagram <a href=\"https:\/\/www.instagram.com\/mylittlegreat_diiva\/?hl=es\" target=\"_blank\" rel=\"noopener\"><strong>Mylittegreat_diiva<\/strong><\/a>.<\/span><\/p>\n<p><img decoding=\"async\" class=\"lazyload alignnone wp-image-4841 size-fusion-1200\" src=\"https:\/\/astideco.com\/blog\/wp-content\/uploads\/2023\/08\/escritorio-doble-astikitline-1200x1600.jpg\" data-orig-src=\"https:\/\/astideco.com\/blog\/wp-content\/uploads\/2023\/08\/escritorio-doble-astikitline-1200x1600.jpg\" alt=\"\" width=\"1200\" height=\"1600\" srcset=\"data:image\/svg+xml,%3Csvg%20xmlns%3D%27http%3A%2F%2Fwww.w3.org%2F2000%2Fsvg%27%20width%3D%271200%27%20height%3D%271600%27%20viewBox%3D%270%200%201200%201600%27%3E%3Crect%20width%3D%271200%27%20height%3D%271600%27%20fill-opacity%3D%220%22%2F%3E%3C%2Fsvg%3E\" data-srcset=\"https:\/\/astideco.com\/blog\/wp-content\/uploads\/2023\/08\/escritorio-doble-astikitline-200x267.jpg 200w, https:\/\/astideco.com\/blog\/wp-content\/uploads\/2023\/08\/escritorio-doble-astikitline-225x300.jpg 225w, https:\/\/astideco.com\/blog\/wp-content\/uploads\/2023\/08\/escritorio-doble-astikitline-400x533.jpg 400w, https:\/\/astideco.com\/blog\/wp-content\/uploads\/2023\/08\/escritorio-doble-astikitline-600x800.jpg 600w, https:\/\/astideco.com\/blog\/wp-content\/uploads\/2023\/08\/escritorio-doble-astikitline-768x1024.jpg 768w, https:\/\/astideco.com\/blog\/wp-content\/uploads\/2023\/08\/escritorio-doble-astikitline-800x1067.jpg 800w, https:\/\/astideco.com\/blog\/wp-content\/uploads\/2023\/08\/escritorio-doble-astikitline-1152x1536.jpg 1152w, https:\/\/astideco.com\/blog\/wp-content\/uploads\/2023\/08\/escritorio-doble-astikitline-1200x1600.jpg 1200w, https:\/\/astideco.com\/blog\/wp-content\/uploads\/2023\/08\/escritorio-doble-astikitline-1536x2048.jpg 1536w, https:\/\/astideco.com\/blog\/wp-content\/uploads\/2023\/08\/escritorio-doble-astikitline-scaled.jpg 1920w\" data-sizes=\"auto\" data-orig-sizes=\"(max-width: 1200px) 100vw, 1200px\" \/><\/p>\n<p><span>Jugar, reir y crear. Son las tres palabras m\u00e1gicas que reinan la pared de este escritorio de madera para sus dos peque\u00f1os. Y lo que un ni\u00f1o feliz necesita hacer: saltar, hacer ruido, pasar tiempo y relacionarse con sus amigos, reir mucho y jugar m\u00e1s.\u00a0<\/span><\/p>\n<p><span>En este escritorio, las sillas quedan una al lado de la otra pero separadas en la parte central por el <strong>caballete de madera Glam<\/strong>, que al ser monopata en la parte delantera, no estorba nada. Basta que aproveches la pared m\u00e1s larga de la estancia para colocar esta zona doble, ideal hacer los deberes o cualquier manualidad.<\/span><\/p>\n<p><img decoding=\"async\" class=\"lazyload alignnone wp-image-4837 size-fusion-1200\" src=\"https:\/\/astideco.com\/blog\/wp-content\/uploads\/2023\/08\/mesa-escritorio-doble-glam-1200x908.jpg\" data-orig-src=\"https:\/\/astideco.com\/blog\/wp-content\/uploads\/2023\/08\/mesa-escritorio-doble-glam-1200x908.jpg\" alt=\"\" width=\"1200\" height=\"908\" srcset=\"data:image\/svg+xml,%3Csvg%20xmlns%3D%27http%3A%2F%2Fwww.w3.org%2F2000%2Fsvg%27%20width%3D%271200%27%20height%3D%27908%27%20viewBox%3D%270%200%201200%20908%27%3E%3Crect%20width%3D%271200%27%20height%3D%27908%27%20fill-opacity%3D%220%22%2F%3E%3C%2Fsvg%3E\" data-srcset=\"https:\/\/astideco.com\/blog\/wp-content\/uploads\/2023\/08\/mesa-escritorio-doble-glam-200x151.jpg 200w, https:\/\/astideco.com\/blog\/wp-content\/uploads\/2023\/08\/mesa-escritorio-doble-glam-300x227.jpg 300w, https:\/\/astideco.com\/blog\/wp-content\/uploads\/2023\/08\/mesa-escritorio-doble-glam-400x303.jpg 400w, https:\/\/astideco.com\/blog\/wp-content\/uploads\/2023\/08\/mesa-escritorio-doble-glam-600x454.jpg 600w, https:\/\/astideco.com\/blog\/wp-content\/uploads\/2023\/08\/mesa-escritorio-doble-glam-768x581.jpg 768w, https:\/\/astideco.com\/blog\/wp-content\/uploads\/2023\/08\/mesa-escritorio-doble-glam-800x605.jpg 800w, https:\/\/astideco.com\/blog\/wp-content\/uploads\/2023\/08\/mesa-escritorio-doble-glam-1024x775.jpg 1024w, https:\/\/astideco.com\/blog\/wp-content\/uploads\/2023\/08\/mesa-escritorio-doble-glam-1200x908.jpg 1200w, https:\/\/astideco.com\/blog\/wp-content\/uploads\/2023\/08\/mesa-escritorio-doble-glam-1536x1162.jpg 1536w\" data-sizes=\"auto\" data-orig-sizes=\"(max-width: 1200px) 100vw, 1200px\" \/><\/p>\n<h2><span>Mini cajoneras, aliadas del orden<\/span><\/h2>\n<p><span>Es muy importante que los peque\u00f1os tengan un escritorio ordenado y c\u00f3modo para que hagan sus cosas a gusto y sin distracciones. En la habitaci\u00f3n de un ni\u00f1o y tambi\u00e9n en su escritorio se tiende a acumular muchas cosas y es necesario organizarlas para que concentrarse sea m\u00e1s f\u00e1cil. Estas <span><a href=\"https:\/\/astideco.com\/es\/cajoneras\" target=\"_blank\" rel=\"noopener\"><span><strong>mini cajoneras de madera<\/strong><\/span><\/a><\/span> les ayudar\u00e1 a encontrar siempre a la primera lo que buscan.\u00a0<\/span><\/p>\n<p><img decoding=\"async\" class=\"lazyload alignnone wp-image-4845 size-fusion-1200\" src=\"https:\/\/astideco.com\/blog\/wp-content\/uploads\/2023\/08\/mini-cajonera-madera-escritorio-1-1200x847.jpg\" data-orig-src=\"https:\/\/astideco.com\/blog\/wp-content\/uploads\/2023\/08\/mini-cajonera-madera-escritorio-1-1200x847.jpg\" alt=\"\" width=\"1200\" height=\"847\" srcset=\"data:image\/svg+xml,%3Csvg%20xmlns%3D%27http%3A%2F%2Fwww.w3.org%2F2000%2Fsvg%27%20width%3D%271200%27%20height%3D%27847%27%20viewBox%3D%270%200%201200%20847%27%3E%3Crect%20width%3D%271200%27%20height%3D%27847%27%20fill-opacity%3D%220%22%2F%3E%3C%2Fsvg%3E\" data-srcset=\"https:\/\/astideco.com\/blog\/wp-content\/uploads\/2023\/08\/mini-cajonera-madera-escritorio-1-200x141.jpg 200w, https:\/\/astideco.com\/blog\/wp-content\/uploads\/2023\/08\/mini-cajonera-madera-escritorio-1-300x212.jpg 300w, https:\/\/astideco.com\/blog\/wp-content\/uploads\/2023\/08\/mini-cajonera-madera-escritorio-1-400x282.jpg 400w, https:\/\/astideco.com\/blog\/wp-content\/uploads\/2023\/08\/mini-cajonera-madera-escritorio-1-600x423.jpg 600w, https:\/\/astideco.com\/blog\/wp-content\/uploads\/2023\/08\/mini-cajonera-madera-escritorio-1-768x542.jpg 768w, https:\/\/astideco.com\/blog\/wp-content\/uploads\/2023\/08\/mini-cajonera-madera-escritorio-1-800x564.jpg 800w, https:\/\/astideco.com\/blog\/wp-content\/uploads\/2023\/08\/mini-cajonera-madera-escritorio-1-1024x722.jpg 1024w, https:\/\/astideco.com\/blog\/wp-content\/uploads\/2023\/08\/mini-cajonera-madera-escritorio-1-1200x847.jpg 1200w, https:\/\/astideco.com\/blog\/wp-content\/uploads\/2023\/08\/mini-cajonera-madera-escritorio-1-1536x1084.jpg 1536w\" data-sizes=\"auto\" data-orig-sizes=\"(max-width: 1200px) 100vw, 1200px\" \/><\/p>\n<p><span>Puedes colocar una etiqueta en el frontal para que sepan con un vistazo qu\u00e9 hay en su interior. Si quieres tener una mesa despejada y ordenada, utiliza cada caj\u00f3n para cada cosa: uno para las pinturas, otro para las gomas y sacapuntas, otro para los l\u00e1pices y bolis\u2026 Disponer de varias cajoneras sobre la mesa y guardar en ellas todo lo que necesiten, har\u00e1 que los peques no se levanten todo el rato.<\/span><\/p>\n<p><img decoding=\"async\" class=\"lazyload alignnone size-full wp-image-4844\" src=\"https:\/\/astideco.com\/blog\/wp-content\/uploads\/2023\/08\/mini-cajonera-2.jpg\" data-orig-src=\"https:\/\/astideco.com\/blog\/wp-content\/uploads\/2023\/08\/mini-cajonera-2.jpg\" alt=\"\" width=\"1184\" height=\"952\" srcset=\"data:image\/svg+xml,%3Csvg%20xmlns%3D%27http%3A%2F%2Fwww.w3.org%2F2000%2Fsvg%27%20width%3D%271184%27%20height%3D%27952%27%20viewBox%3D%270%200%201184%20952%27%3E%3Crect%20width%3D%271184%27%20height%3D%27952%27%20fill-opacity%3D%220%22%2F%3E%3C%2Fsvg%3E\" data-srcset=\"https:\/\/astideco.com\/blog\/wp-content\/uploads\/2023\/08\/mini-cajonera-2-177x142.jpg 177w, https:\/\/astideco.com\/blog\/wp-content\/uploads\/2023\/08\/mini-cajonera-2-200x161.jpg 200w, https:\/\/astideco.com\/blog\/wp-content\/uploads\/2023\/08\/mini-cajonera-2-300x241.jpg 300w, https:\/\/astideco.com\/blog\/wp-content\/uploads\/2023\/08\/mini-cajonera-2-400x322.jpg 400w, https:\/\/astideco.com\/blog\/wp-content\/uploads\/2023\/08\/mini-cajonera-2-600x482.jpg 600w, https:\/\/astideco.com\/blog\/wp-content\/uploads\/2023\/08\/mini-cajonera-2-768x618.jpg 768w, https:\/\/astideco.com\/blog\/wp-content\/uploads\/2023\/08\/mini-cajonera-2-800x643.jpg 800w, https:\/\/astideco.com\/blog\/wp-content\/uploads\/2023\/08\/mini-cajonera-2-1024x823.jpg 1024w, https:\/\/astideco.com\/blog\/wp-content\/uploads\/2023\/08\/mini-cajonera-2.jpg 1184w\" data-sizes=\"auto\" data-orig-sizes=\"(max-width: 1184px) 100vw, 1184px\" \/><\/p>\n<h2><span>Mueble modular Dinamic, un extra de almacenaje<\/span><\/h2>\n<p><span>Tenemos ya la mesa escritorio de madera y las mini cajoneras para asegurarnos una mesa despejada. Pero, \u00bfqu\u00e9 tal si ponemos soluci\u00f3n a los problemas de almacenamiento que suele haber en el cuarto de estudio o en la habitaci\u00f3n infantil de cualquier hogar? Lais ha optado por elegir la <span><a href=\"https:\/\/astideco.com\/es\/estanterias-modulares\/estanteria-modular-3-x-2-cubos-dinamic\" target=\"_blank\" rel=\"noopener\"><strong>estanter\u00eda modular de seis cubos de la colecci\u00f3n Dinamic<\/strong><\/a><\/span> y las <span><a href=\"https:\/\/astideco.com\/es\/estanterias-modulares\/kit-de-2-patas-de-madera-maciza-de-pino-de-135-cm-de-alto\" target=\"_blank\" rel=\"noopener\"><span><strong>patas de madera<\/strong><\/span><\/a><\/span>, a la que ha incorporado las <span><a href=\"https:\/\/astideco.com\/es\/estanterias-modulares\/puerta-accesorio-dinamic\" target=\"_blank\" rel=\"noopener\"><strong>puertas<\/strong><\/a><\/span> y los <span><strong><a href=\"https:\/\/astideco.com\/es\/estanterias-modulares\/kit-2-cajones-madera-para-estanterias-modulares-dinamic\" target=\"_blank\" rel=\"noopener\"><span>cajones<\/span><\/a><\/strong><\/span>. Un mueble bajo cuya superficie la ha personalizado colocando objetos decorativos: Gracias a asu capacidad, ha ganado m\u00e1s espacio para que todas las cosas de sus hijos est\u00e9n perfectamente guardados y, lo m\u00e1s importante, al alcance de ellos: juguetes, material escolar o de manualidades, cuentos\u2026<\/span><\/p>\n<p><img decoding=\"async\" class=\"lazyload alignnone size-fusion-1200 wp-image-4850\" src=\"https:\/\/astideco.com\/blog\/wp-content\/uploads\/2023\/08\/mueble-almacenaje-dinamic--1200x806.jpg\" data-orig-src=\"https:\/\/astideco.com\/blog\/wp-content\/uploads\/2023\/08\/mueble-almacenaje-dinamic--1200x806.jpg\" alt=\"\" width=\"1200\" height=\"806\" srcset=\"data:image\/svg+xml,%3Csvg%20xmlns%3D%27http%3A%2F%2Fwww.w3.org%2F2000%2Fsvg%27%20width%3D%271200%27%20height%3D%27806%27%20viewBox%3D%270%200%201200%20806%27%3E%3Crect%20width%3D%271200%27%20height%3D%27806%27%20fill-opacity%3D%220%22%2F%3E%3C%2Fsvg%3E\" data-srcset=\"https:\/\/astideco.com\/blog\/wp-content\/uploads\/2023\/08\/mueble-almacenaje-dinamic--200x134.jpg 200w, https:\/\/astideco.com\/blog\/wp-content\/uploads\/2023\/08\/mueble-almacenaje-dinamic--300x202.jpg 300w, https:\/\/astideco.com\/blog\/wp-content\/uploads\/2023\/08\/mueble-almacenaje-dinamic--400x269.jpg 400w, https:\/\/astideco.com\/blog\/wp-content\/uploads\/2023\/08\/mueble-almacenaje-dinamic--600x403.jpg 600w, https:\/\/astideco.com\/blog\/wp-content\/uploads\/2023\/08\/mueble-almacenaje-dinamic--768x516.jpg 768w, https:\/\/astideco.com\/blog\/wp-content\/uploads\/2023\/08\/mueble-almacenaje-dinamic--800x538.jpg 800w, https:\/\/astideco.com\/blog\/wp-content\/uploads\/2023\/08\/mueble-almacenaje-dinamic--1024x688.jpg 1024w, https:\/\/astideco.com\/blog\/wp-content\/uploads\/2023\/08\/mueble-almacenaje-dinamic--1200x806.jpg 1200w, https:\/\/astideco.com\/blog\/wp-content\/uploads\/2023\/08\/mueble-almacenaje-dinamic-.jpg 1488w\" data-sizes=\"auto\" data-orig-sizes=\"(max-width: 1200px) 100vw, 1200px\" \/><\/p>\n<p><img decoding=\"async\" class=\"lazyload alignnone size-fusion-1200 wp-image-4849\" src=\"https:\/\/astideco.com\/blog\/wp-content\/uploads\/2023\/08\/mueble-almacenaje-madera-dinamic--1200x1290.jpg\" data-orig-src=\"https:\/\/astideco.com\/blog\/wp-content\/uploads\/2023\/08\/mueble-almacenaje-madera-dinamic--1200x1290.jpg\" alt=\"\" width=\"1200\" height=\"1290\" srcset=\"data:image\/svg+xml,%3Csvg%20xmlns%3D%27http%3A%2F%2Fwww.w3.org%2F2000%2Fsvg%27%20width%3D%271200%27%20height%3D%271290%27%20viewBox%3D%270%200%201200%201290%27%3E%3Crect%20width%3D%271200%27%20height%3D%271290%27%20fill-opacity%3D%220%22%2F%3E%3C%2Fsvg%3E\" data-srcset=\"https:\/\/astideco.com\/blog\/wp-content\/uploads\/2023\/08\/mueble-almacenaje-madera-dinamic--200x215.jpg 200w, https:\/\/astideco.com\/blog\/wp-content\/uploads\/2023\/08\/mueble-almacenaje-madera-dinamic--279x300.jpg 279w, https:\/\/astideco.com\/blog\/wp-content\/uploads\/2023\/08\/mueble-almacenaje-madera-dinamic--400x430.jpg 400w, https:\/\/astideco.com\/blog\/wp-content\/uploads\/2023\/08\/mueble-almacenaje-madera-dinamic--600x645.jpg 600w, https:\/\/astideco.com\/blog\/wp-content\/uploads\/2023\/08\/mueble-almacenaje-madera-dinamic--768x825.jpg 768w, https:\/\/astideco.com\/blog\/wp-content\/uploads\/2023\/08\/mueble-almacenaje-madera-dinamic--800x860.jpg 800w, https:\/\/astideco.com\/blog\/wp-content\/uploads\/2023\/08\/mueble-almacenaje-madera-dinamic--953x1024.jpg 953w, https:\/\/astideco.com\/blog\/wp-content\/uploads\/2023\/08\/mueble-almacenaje-madera-dinamic--1200x1290.jpg 1200w, https:\/\/astideco.com\/blog\/wp-content\/uploads\/2023\/08\/mueble-almacenaje-madera-dinamic--1429x1536.jpg 1429w, https:\/\/astideco.com\/blog\/wp-content\/uploads\/2023\/08\/mueble-almacenaje-madera-dinamic-.jpg 1496w\" data-sizes=\"auto\" data-orig-sizes=\"(max-width: 1200px) 100vw, 1200px\" \/><\/p>\n<p><span>\u00bfYa sabes ahora c\u00f3mo organizar un espacio de trabajo o estudio para dos personas? Una mesa escritorio de madera, mini cajoneras y un mueble auxiliar con extra de almacenamiento. \u00bfQu\u00e9 te parece esta mesa doble de estudio? Una idea m\u00e1s orientada a una habitaci\u00f3n infantil o juvenil, pero que la puedes adaptar con otro estilo de decoraci\u00f3n a un espacio de trabajo en un dormitorio o sal\u00f3n. Nosotros la miramos y la volvemos a mirar y no podemos parar de suspirar de emoci\u00f3n.<\/span><\/p>\n<p><i><span>Gracias por dejarnos decorar tu hogar, tu oficina o negocio de manera sostenible.<\/span><\/i><\/p>\n","protected":false},"excerpt":{"rendered":"<p>Estas \u00faltimas semanas os hemos ido ense\u00f1ado los nuevos packs de mesas de escritorio de madera para que pod\u00e1is crear un rinc\u00f3n de estudio o trabajo en vuestra casa. Pero es importante que sepas que puedes adquirir por separado nuestros  [..]<\/p>\n","protected":false},"author":6,"featured_media":4838,"comment_status":"open","ping_status":"open","sticky":false,"template":"","format":"standard","meta":{"footnotes":""},"categories":[644,15],"tags":[],"class_list":["post-4834","post","type-post","status-publish","format-standard","has-post-thumbnail","hentry","category-ideas-y-consejos","category-producto"],"yoast_head":"<!-- This site is optimized with the Yoast SEO plugin v27.0 - https:\/\/yoast.com\/product\/yoast-seo-wordpress\/ -->\n<title>C\u00f3mo organizar un espacio de estudio o trabajo para dos - Astiblog<\/title>\n<meta name=\"description\" content=\"Hoy te vamos a mostrar una idea para que sepas c\u00f3mo organizar un espacio de estudio o trabajo para dos personas.\" \/>\n<meta name=\"robots\" content=\"index, follow, max-snippet:-1, max-image-preview:large, max-video-preview:-1\" \/>\n<link rel=\"canonical\" href=\"https:\/\/astideco.com\/blog\/como-organizar-un-espacio-de-estudio-o-trabajo-para-dos\/\" \/>\n<meta property=\"og:locale\" content=\"es_ES\" \/>\n<meta property=\"og:type\" content=\"article\" \/>\n<meta property=\"og:title\" content=\"C\u00f3mo organizar un espacio de estudio o trabajo para dos - Astiblog\" \/>\n<meta property=\"og:description\" content=\"Hoy te vamos a mostrar una idea para que sepas c\u00f3mo organizar un espacio de estudio o trabajo para dos personas.\" \/>\n<meta property=\"og:url\" content=\"https:\/\/astideco.com\/blog\/como-organizar-un-espacio-de-estudio-o-trabajo-para-dos\/\" \/>\n<meta property=\"og:site_name\" content=\"Astiblog\" \/>\n<meta property=\"article:published_time\" content=\"2023-08-28T17:10:40+00:00\" \/>\n<meta property=\"article:modified_time\" content=\"2024-07-29T07:20:29+00:00\" \/>\n<meta property=\"og:image\" content=\"https:\/\/astideco.com\/blog\/wp-content\/uploads\/2023\/08\/mesa-escritorio-madera-para-dos-personas-1024x683.jpg\" \/>\n\t<meta property=\"og:image:width\" content=\"1024\" \/>\n\t<meta property=\"og:image:height\" content=\"683\" \/>\n\t<meta property=\"og:image:type\" content=\"image\/jpeg\" \/>\n<meta name=\"author\" content=\"Astigarraga Kit Line\" \/>\n<meta name=\"twitter:card\" content=\"summary_large_image\" \/>\n<meta name=\"twitter:label1\" content=\"Escrito por\" \/>\n\t<meta name=\"twitter:data1\" content=\"Astigarraga Kit Line\" \/>\n\t<meta name=\"twitter:label2\" content=\"Tiempo de lectura\" \/>\n\t<meta name=\"twitter:data2\" content=\"4 minutos\" \/>\n<script type=\"application\/ld+json\" class=\"yoast-schema-graph\">{\"@context\":\"https:\/\/schema.org\",\"@graph\":[{\"@type\":\"Article\",\"@id\":\"https:\/\/astideco.com\/blog\/como-organizar-un-espacio-de-estudio-o-trabajo-para-dos\/#article\",\"isPartOf\":{\"@id\":\"https:\/\/astideco.com\/blog\/como-organizar-un-espacio-de-estudio-o-trabajo-para-dos\/\"},\"author\":{\"name\":\"Astigarraga Kit Line\",\"@id\":\"https:\/\/astideco.com\/blog\/#\/schema\/person\/13fd236103c4c231352fb09b2b7ac5cf\"},\"headline\":\"C\u00f3mo organizar un espacio de estudio o trabajo para dos\",\"datePublished\":\"2023-08-28T17:10:40+00:00\",\"dateModified\":\"2024-07-29T07:20:29+00:00\",\"mainEntityOfPage\":{\"@id\":\"https:\/\/astideco.com\/blog\/como-organizar-un-espacio-de-estudio-o-trabajo-para-dos\/\"},\"wordCount\":686,\"commentCount\":0,\"image\":{\"@id\":\"https:\/\/astideco.com\/blog\/como-organizar-un-espacio-de-estudio-o-trabajo-para-dos\/#primaryimage\"},\"thumbnailUrl\":\"https:\/\/astideco.com\/blog\/wp-content\/uploads\/2023\/08\/mesa-escritorio-madera-para-dos-personas-scaled.jpg\",\"articleSection\":[\"Ideas y consejos\",\"Producto\"],\"inLanguage\":\"es\",\"potentialAction\":[{\"@type\":\"CommentAction\",\"name\":\"Comment\",\"target\":[\"https:\/\/astideco.com\/blog\/como-organizar-un-espacio-de-estudio-o-trabajo-para-dos\/#respond\"]}]},{\"@type\":\"WebPage\",\"@id\":\"https:\/\/astideco.com\/blog\/como-organizar-un-espacio-de-estudio-o-trabajo-para-dos\/\",\"url\":\"https:\/\/astideco.com\/blog\/como-organizar-un-espacio-de-estudio-o-trabajo-para-dos\/\",\"name\":\"C\u00f3mo organizar un espacio de estudio o trabajo para dos - Astiblog\",\"isPartOf\":{\"@id\":\"https:\/\/astideco.com\/blog\/#website\"},\"primaryImageOfPage\":{\"@id\":\"https:\/\/astideco.com\/blog\/como-organizar-un-espacio-de-estudio-o-trabajo-para-dos\/#primaryimage\"},\"image\":{\"@id\":\"https:\/\/astideco.com\/blog\/como-organizar-un-espacio-de-estudio-o-trabajo-para-dos\/#primaryimage\"},\"thumbnailUrl\":\"https:\/\/astideco.com\/blog\/wp-content\/uploads\/2023\/08\/mesa-escritorio-madera-para-dos-personas-scaled.jpg\",\"datePublished\":\"2023-08-28T17:10:40+00:00\",\"dateModified\":\"2024-07-29T07:20:29+00:00\",\"author\":{\"@id\":\"https:\/\/astideco.com\/blog\/#\/schema\/person\/13fd236103c4c231352fb09b2b7ac5cf\"},\"description\":\"Hoy te vamos a mostrar una idea para que sepas c\u00f3mo organizar un espacio de estudio o trabajo para dos personas.\",\"breadcrumb\":{\"@id\":\"https:\/\/astideco.com\/blog\/como-organizar-un-espacio-de-estudio-o-trabajo-para-dos\/#breadcrumb\"},\"inLanguage\":\"es\",\"potentialAction\":[{\"@type\":\"ReadAction\",\"target\":[\"https:\/\/astideco.com\/blog\/como-organizar-un-espacio-de-estudio-o-trabajo-para-dos\/\"]}]},{\"@type\":\"ImageObject\",\"inLanguage\":\"es\",\"@id\":\"https:\/\/astideco.com\/blog\/como-organizar-un-espacio-de-estudio-o-trabajo-para-dos\/#primaryimage\",\"url\":\"https:\/\/astideco.com\/blog\/wp-content\/uploads\/2023\/08\/mesa-escritorio-madera-para-dos-personas-scaled.jpg\",\"contentUrl\":\"https:\/\/astideco.com\/blog\/wp-content\/uploads\/2023\/08\/mesa-escritorio-madera-para-dos-personas-scaled.jpg\",\"width\":2560,\"height\":1707},{\"@type\":\"BreadcrumbList\",\"@id\":\"https:\/\/astideco.com\/blog\/como-organizar-un-espacio-de-estudio-o-trabajo-para-dos\/#breadcrumb\",\"itemListElement\":[{\"@type\":\"ListItem\",\"position\":1,\"name\":\"Portada\",\"item\":\"https:\/\/astideco.com\/blog\/\"},{\"@type\":\"ListItem\",\"position\":2,\"name\":\"C\u00f3mo organizar un espacio de estudio o trabajo para dos\"}]},{\"@type\":\"WebSite\",\"@id\":\"https:\/\/astideco.com\/blog\/#website\",\"url\":\"https:\/\/astideco.com\/blog\/\",\"name\":\"Astiblog\",\"description\":\"Blog de Astideco.com\",\"potentialAction\":[{\"@type\":\"SearchAction\",\"target\":{\"@type\":\"EntryPoint\",\"urlTemplate\":\"https:\/\/astideco.com\/blog\/?s={search_term_string}\"},\"query-input\":{\"@type\":\"PropertyValueSpecification\",\"valueRequired\":true,\"valueName\":\"search_term_string\"}}],\"inLanguage\":\"es\"},{\"@type\":\"Person\",\"@id\":\"https:\/\/astideco.com\/blog\/#\/schema\/person\/13fd236103c4c231352fb09b2b7ac5cf\",\"name\":\"Astigarraga Kit Line\"}]}<\/script>\n<!-- \/ Yoast SEO plugin. -->","yoast_head_json":{"title":"C\u00f3mo organizar un espacio de estudio o trabajo para dos - Astiblog","description":"Hoy te vamos a mostrar una idea para que sepas c\u00f3mo organizar un espacio de estudio o trabajo para dos personas.","robots":{"index":"index","follow":"follow","max-snippet":"max-snippet:-1","max-image-preview":"max-image-preview:large","max-video-preview":"max-video-preview:-1"},"canonical":"https:\/\/astideco.com\/blog\/como-organizar-un-espacio-de-estudio-o-trabajo-para-dos\/","og_locale":"es_ES","og_type":"article","og_title":"C\u00f3mo organizar un espacio de estudio o trabajo para dos - Astiblog","og_description":"Hoy te vamos a mostrar una idea para que sepas c\u00f3mo organizar un espacio de estudio o trabajo para dos personas.","og_url":"https:\/\/astideco.com\/blog\/como-organizar-un-espacio-de-estudio-o-trabajo-para-dos\/","og_site_name":"Astiblog","article_published_time":"2023-08-28T17:10:40+00:00","article_modified_time":"2024-07-29T07:20:29+00:00","og_image":[{"width":1024,"height":683,"url":"https:\/\/astideco.com\/blog\/wp-content\/uploads\/2023\/08\/mesa-escritorio-madera-para-dos-personas-1024x683.jpg","type":"image\/jpeg"}],"author":"Astigarraga Kit Line","twitter_card":"summary_large_image","twitter_misc":{"Escrito por":"Astigarraga Kit Line","Tiempo de lectura":"4 minutos"},"schema":{"@context":"https:\/\/schema.org","@graph":[{"@type":"Article","@id":"https:\/\/astideco.com\/blog\/como-organizar-un-espacio-de-estudio-o-trabajo-para-dos\/#article","isPartOf":{"@id":"https:\/\/astideco.com\/blog\/como-organizar-un-espacio-de-estudio-o-trabajo-para-dos\/"},"author":{"name":"Astigarraga Kit Line","@id":"https:\/\/astideco.com\/blog\/#\/schema\/person\/13fd236103c4c231352fb09b2b7ac5cf"},"headline":"C\u00f3mo organizar un espacio de estudio o trabajo para dos","datePublished":"2023-08-28T17:10:40+00:00","dateModified":"2024-07-29T07:20:29+00:00","mainEntityOfPage":{"@id":"https:\/\/astideco.com\/blog\/como-organizar-un-espacio-de-estudio-o-trabajo-para-dos\/"},"wordCount":686,"commentCount":0,"image":{"@id":"https:\/\/astideco.com\/blog\/como-organizar-un-espacio-de-estudio-o-trabajo-para-dos\/#primaryimage"},"thumbnailUrl":"https:\/\/astideco.com\/blog\/wp-content\/uploads\/2023\/08\/mesa-escritorio-madera-para-dos-personas-scaled.jpg","articleSection":["Ideas y consejos","Producto"],"inLanguage":"es","potentialAction":[{"@type":"CommentAction","name":"Comment","target":["https:\/\/astideco.com\/blog\/como-organizar-un-espacio-de-estudio-o-trabajo-para-dos\/#respond"]}]},{"@type":"WebPage","@id":"https:\/\/astideco.com\/blog\/como-organizar-un-espacio-de-estudio-o-trabajo-para-dos\/","url":"https:\/\/astideco.com\/blog\/como-organizar-un-espacio-de-estudio-o-trabajo-para-dos\/","name":"C\u00f3mo organizar un espacio de estudio o trabajo para dos - Astiblog","isPartOf":{"@id":"https:\/\/astideco.com\/blog\/#website"},"primaryImageOfPage":{"@id":"https:\/\/astideco.com\/blog\/como-organizar-un-espacio-de-estudio-o-trabajo-para-dos\/#primaryimage"},"image":{"@id":"https:\/\/astideco.com\/blog\/como-organizar-un-espacio-de-estudio-o-trabajo-para-dos\/#primaryimage"},"thumbnailUrl":"https:\/\/astideco.com\/blog\/wp-content\/uploads\/2023\/08\/mesa-escritorio-madera-para-dos-personas-scaled.jpg","datePublished":"2023-08-28T17:10:40+00:00","dateModified":"2024-07-29T07:20:29+00:00","author":{"@id":"https:\/\/astideco.com\/blog\/#\/schema\/person\/13fd236103c4c231352fb09b2b7ac5cf"},"description":"Hoy te vamos a mostrar una idea para que sepas c\u00f3mo organizar un espacio de estudio o trabajo para dos personas.","breadcrumb":{"@id":"https:\/\/astideco.com\/blog\/como-organizar-un-espacio-de-estudio-o-trabajo-para-dos\/#breadcrumb"},"inLanguage":"es","potentialAction":[{"@type":"ReadAction","target":["https:\/\/astideco.com\/blog\/como-organizar-un-espacio-de-estudio-o-trabajo-para-dos\/"]}]},{"@type":"ImageObject","inLanguage":"es","@id":"https:\/\/astideco.com\/blog\/como-organizar-un-espacio-de-estudio-o-trabajo-para-dos\/#primaryimage","url":"https:\/\/astideco.com\/blog\/wp-content\/uploads\/2023\/08\/mesa-escritorio-madera-para-dos-personas-scaled.jpg","contentUrl":"https:\/\/astideco.com\/blog\/wp-content\/uploads\/2023\/08\/mesa-escritorio-madera-para-dos-personas-scaled.jpg","width":2560,"height":1707},{"@type":"BreadcrumbList","@id":"https:\/\/astideco.com\/blog\/como-organizar-un-espacio-de-estudio-o-trabajo-para-dos\/#breadcrumb","itemListElement":[{"@type":"ListItem","position":1,"name":"Portada","item":"https:\/\/astideco.com\/blog\/"},{"@type":"ListItem","position":2,"name":"C\u00f3mo organizar un espacio de estudio o trabajo para dos"}]},{"@type":"WebSite","@id":"https:\/\/astideco.com\/blog\/#website","url":"https:\/\/astideco.com\/blog\/","name":"Astiblog","description":"Blog de Astideco.com","potentialAction":[{"@type":"SearchAction","target":{"@type":"EntryPoint","urlTemplate":"https:\/\/astideco.com\/blog\/?s={search_term_string}"},"query-input":{"@type":"PropertyValueSpecification","valueRequired":true,"valueName":"search_term_string"}}],"inLanguage":"es"},{"@type":"Person","@id":"https:\/\/astideco.com\/blog\/#\/schema\/person\/13fd236103c4c231352fb09b2b7ac5cf","name":"Astigarraga Kit Line"}]}},"_links":{"self":[{"href":"https:\/\/astideco.com\/blog\/wp-json\/wp\/v2\/posts\/4834","targetHints":{"allow":["GET"]}}],"collection":[{"href":"https:\/\/astideco.com\/blog\/wp-json\/wp\/v2\/posts"}],"about":[{"href":"https:\/\/astideco.com\/blog\/wp-json\/wp\/v2\/types\/post"}],"author":[{"embeddable":true,"href":"https:\/\/astideco.com\/blog\/wp-json\/wp\/v2\/users\/6"}],"replies":[{"embeddable":true,"href":"https:\/\/astideco.com\/blog\/wp-json\/wp\/v2\/comments?post=4834"}],"version-history":[{"count":4,"href":"https:\/\/astideco.com\/blog\/wp-json\/wp\/v2\/posts\/4834\/revisions"}],"predecessor-version":[{"id":4853,"href":"https:\/\/astideco.com\/blog\/wp-json\/wp\/v2\/posts\/4834\/revisions\/4853"}],"wp:featuredmedia":[{"embeddable":true,"href":"https:\/\/astideco.com\/blog\/wp-json\/wp\/v2\/media\/4838"}],"wp:attachment":[{"href":"https:\/\/astideco.com\/blog\/wp-json\/wp\/v2\/media?parent=4834"}],"wp:term":[{"taxonomy":"category","embeddable":true,"href":"https:\/\/astideco.com\/blog\/wp-json\/wp\/v2\/categories?post=4834"},{"taxonomy":"post_tag","embeddable":true,"href":"https:\/\/astideco.com\/blog\/wp-json\/wp\/v2\/tags?post=4834"}],"curies":[{"name":"wp","href":"https:\/\/api.w.org\/{rel}","templated":true}]}}