{"id":4796,"date":"2023-08-08T10:22:58","date_gmt":"2023-08-08T10:22:58","guid":{"rendered":"https:\/\/astideco.com\/blog\/?p=4796"},"modified":"2024-07-29T07:22:08","modified_gmt":"2024-07-29T07:22:08","slug":"nuevos-packs-de-mesas-de-escritorio-de-madera","status":"publish","type":"post","link":"https:\/\/astideco.com\/blog\/nuevos-packs-de-mesas-de-escritorio-de-madera\/","title":{"rendered":"Nuevos packs de mesas de escritorio de madera\u00a0"},"content":{"rendered":"<p><span>Se acaba lo bueno. Quedan pocos d\u00edas para volver \u201ca la vida real\u201d, la de los horarios, alguna que otra prisa y las idas y venidas al trabajo o colegio. Apenas faltan dos semanas para que empiece septiembre y \u00a1claro! nos gusta empezar lo m\u00e1s equipados posible. Dicen que persona precavida vale por dos. Y es que siempre es mejor obrar con antelaci\u00f3n y anticiparse a las necesidades. Si es el caso de que est\u00e1s buscando un escritorio, est\u00e1s en el sitio id\u00f3neo. Sigue leyendo porque con Astigarraga Kit Line solo tienes una opci\u00f3n: enamorarte de todos los <\/span><span><strong><span><a href=\"https:\/\/astideco.com\/es\/mesas-de-madera\" target=\"_blank\" rel=\"noopener\">nuevos packs de mesas de escritorio de madera<\/a><\/span><\/strong><\/span><span>.\u00a0<\/span><\/p>\n<p><span>Ahora puedes adquirir la mesa completa de estudio o trabajo para tu hogar u oficina. Es decir, el tablero de madera con los caballetes o patas. Hemos dise\u00f1ado diferentes packs para que con un solo clic puedas tener tu escritorio. Eso s\u00ed, sigues teniendo la opci\u00f3n de hacerte con los productos de manera individual. Donde no hay opci\u00f3n que valga es en la elecci\u00f3n de la materia prima. Como siempre, la <\/span><b>madera maciza de pino<\/b><span> es la protagonista. <strong>Madera certificada y local<\/strong> proveniente de la gesti\u00f3n sostenible de los bosques. A continuaci\u00f3n, te exponemos los nuevos <\/span><b>packs de mesas de escritorio de madera<\/b><span> disponibles.<\/span><\/p>\n<h2><span><a href=\"https:\/\/astideco.com\/es\/busqueda?controller=search&amp;s=archi+tec\" target=\"_blank\" rel=\"noopener\"><strong><span>Mesa escritorio con caballetes Archi Tec<\/span><\/strong><\/a><\/span><\/h2>\n<p><span>Esta pr\u00e1ctica y estilosa <\/span><strong>mesa de escritorio<\/strong> <span>es ideal para estudiar, trabajar, dibujar, hacer manualidades o usar el ordenador. Los <\/span><strong>caballetes Archi Tec<\/strong><span> cuentan con una funcional balda inferior donde poder colocar cajas de almacenaje, documentos, libros y otros objetos que te permitan disfrutar de una superficie despejada y as\u00ed poder trabajar o estudiar con comodidad. Adem\u00e1s, esta mesa de escritorio tiene la singularidad de que es <strong>regulable en altura e inclinable<\/strong><\/span><span>, perfecta tambi\u00e9n para dibujo t\u00e9cnico y art\u00edstico.<\/span><\/p>\n<p><span>Con unas dimensiones de 140x78x70 cm (ancho\/alto\/fondo), el tablero tiene un grosor de 3 cm, lo que le confiere gran resistencia y durabilidad. Por su parte, los caballetes estan disponibles en <\/span><strong>blanco, negro y color natural<\/strong><span>.\u00a0<\/span><span>Echa un vistazo al espacio donde te gustar\u00eda ver esta mesa escritorio y elige la que m\u00e1s se adec\u00fae a la decoraci\u00f3n. La combinaci\u00f3n plena en color natural rezuma \u201cnaturaleza\u201d por los cuatro sentidos. La madera sobre la madera envuelve el espacio en absoluta calma y calidez. \u00bfQu\u00e9 te parece la <span><a href=\"https:\/\/astideco.com\/es\/mesas-y-escritorios\/mesa-escritorio-de-madera-con-caballete-natural-inclinable-archi-tec\" target=\"_blank\" rel=\"noopener\"><strong>mesa escritorio con caballetes en color natural Archi Tec<\/strong><\/a><\/span>?<\/span><\/p>\n<div id=\"attachment_4798\" style=\"width: 1210px\" class=\"wp-caption alignleft\"><img decoding=\"async\" aria-describedby=\"caption-attachment-4798\" class=\"lazyload wp-image-4798 size-fusion-1200\" src=\"https:\/\/astideco.com\/blog\/wp-content\/uploads\/2023\/08\/escritorio-madera-astigarraga-kit-line-1200x1443.jpg\" data-orig-src=\"https:\/\/astideco.com\/blog\/wp-content\/uploads\/2023\/08\/escritorio-madera-astigarraga-kit-line-1200x1443.jpg\" alt=\"\" width=\"1200\" height=\"1443\" srcset=\"data:image\/svg+xml,%3Csvg%20xmlns%3D%27http%3A%2F%2Fwww.w3.org%2F2000%2Fsvg%27%20width%3D%271200%27%20height%3D%271443%27%20viewBox%3D%270%200%201200%201443%27%3E%3Crect%20width%3D%271200%27%20height%3D%271443%27%20fill-opacity%3D%220%22%2F%3E%3C%2Fsvg%3E\" data-srcset=\"https:\/\/astideco.com\/blog\/wp-content\/uploads\/2023\/08\/escritorio-madera-astigarraga-kit-line-200x241.jpg 200w, https:\/\/astideco.com\/blog\/wp-content\/uploads\/2023\/08\/escritorio-madera-astigarraga-kit-line-249x300.jpg 249w, https:\/\/astideco.com\/blog\/wp-content\/uploads\/2023\/08\/escritorio-madera-astigarraga-kit-line-400x481.jpg 400w, https:\/\/astideco.com\/blog\/wp-content\/uploads\/2023\/08\/escritorio-madera-astigarraga-kit-line-600x722.jpg 600w, https:\/\/astideco.com\/blog\/wp-content\/uploads\/2023\/08\/escritorio-madera-astigarraga-kit-line-768x924.jpg 768w, https:\/\/astideco.com\/blog\/wp-content\/uploads\/2023\/08\/escritorio-madera-astigarraga-kit-line-800x962.jpg 800w, https:\/\/astideco.com\/blog\/wp-content\/uploads\/2023\/08\/escritorio-madera-astigarraga-kit-line-851x1024.jpg 851w, https:\/\/astideco.com\/blog\/wp-content\/uploads\/2023\/08\/escritorio-madera-astigarraga-kit-line-1200x1443.jpg 1200w, https:\/\/astideco.com\/blog\/wp-content\/uploads\/2023\/08\/escritorio-madera-astigarraga-kit-line-1277x1536.jpg 1277w, https:\/\/astideco.com\/blog\/wp-content\/uploads\/2023\/08\/escritorio-madera-astigarraga-kit-line-1703x2048.jpg 1703w\" data-sizes=\"auto\" data-orig-sizes=\"(max-width: 1200px) 100vw, 1200px\" \/><p id=\"caption-attachment-4798\" class=\"wp-caption-text\">Instagram: <a href=\"https:\/\/www.instagram.com\/rosenude_homedeco\/?hl=es\" target=\"_blank\" rel=\"noopener\"><strong>Rosenude_homedeco<\/strong><\/a><\/p><\/div>\n<p><span>Aunque las otras dos opciones &#8211;<span><a href=\"https:\/\/astideco.com\/es\/mesas-y-escritorios\/mesa-escritorio-de-madera-con-caballete-blanco-inclinable-archi-tec\" target=\"_blank\" rel=\"noopener\"><span><strong>mesa escritorio con caballetes blancos Archi Tec<\/strong><\/span><\/a><\/span> o <span><a href=\"https:\/\/astideco.com\/es\/mesas-y-escritorios\/mesa-escritorio-de-madera-con-caballete-negro-inclinable-archi-tec\" target=\"_blank\" rel=\"noopener\"><span><strong>mesa escritorio con caballetes negros Archi Tec<\/strong><\/span><\/a><\/span>&#8211; no se quedan atr\u00e1s: el aire de claridad del blanco y la calidez de la madera es una combinaci\u00f3n que nunca falla; mientras que el negro y la madera es un d\u00fao perfecto en espacios con decoraci\u00f3n industrial.<\/span><\/p>\n<div id=\"attachment_4800\" style=\"width: 1210px\" class=\"wp-caption alignleft\"><img decoding=\"async\" aria-describedby=\"caption-attachment-4800\" class=\"lazyload wp-image-4800\" src=\"https:\/\/astideco.com\/blog\/wp-content\/uploads\/2023\/08\/escritorio-madera-sostenible-caballete.jpg\" data-orig-src=\"https:\/\/astideco.com\/blog\/wp-content\/uploads\/2023\/08\/escritorio-madera-sostenible-caballete.jpg\" alt=\"\" width=\"1200\" height=\"1423\" srcset=\"data:image\/svg+xml,%3Csvg%20xmlns%3D%27http%3A%2F%2Fwww.w3.org%2F2000%2Fsvg%27%20width%3D%271200%27%20height%3D%271423%27%20viewBox%3D%270%200%201200%201423%27%3E%3Crect%20width%3D%271200%27%20height%3D%271423%27%20fill-opacity%3D%220%22%2F%3E%3C%2Fsvg%3E\" data-srcset=\"https:\/\/astideco.com\/blog\/wp-content\/uploads\/2023\/08\/escritorio-madera-sostenible-caballete-200x237.jpg 200w, https:\/\/astideco.com\/blog\/wp-content\/uploads\/2023\/08\/escritorio-madera-sostenible-caballete-253x300.jpg 253w, https:\/\/astideco.com\/blog\/wp-content\/uploads\/2023\/08\/escritorio-madera-sostenible-caballete-400x474.jpg 400w, https:\/\/astideco.com\/blog\/wp-content\/uploads\/2023\/08\/escritorio-madera-sostenible-caballete-600x712.jpg 600w, https:\/\/astideco.com\/blog\/wp-content\/uploads\/2023\/08\/escritorio-madera-sostenible-caballete-768x911.jpg 768w, https:\/\/astideco.com\/blog\/wp-content\/uploads\/2023\/08\/escritorio-madera-sostenible-caballete-800x949.jpg 800w, https:\/\/astideco.com\/blog\/wp-content\/uploads\/2023\/08\/escritorio-madera-sostenible-caballete-863x1024.jpg 863w, https:\/\/astideco.com\/blog\/wp-content\/uploads\/2023\/08\/escritorio-madera-sostenible-caballete.jpg 1080w\" data-sizes=\"auto\" data-orig-sizes=\"(max-width: 1200px) 100vw, 1200px\" \/><p id=\"caption-attachment-4800\" class=\"wp-caption-text\">Instagram: <a href=\"https:\/\/www.instagram.com\/lacasitahappy\/?hl=es\" target=\"_blank\" rel=\"noopener\"><strong>Lacasitahappy<\/strong><\/a><\/p><\/div>\n<div id=\"attachment_4801\" style=\"width: 1210px\" class=\"wp-caption alignnone\"><img decoding=\"async\" aria-describedby=\"caption-attachment-4801\" class=\"lazyload wp-image-4801\" src=\"https:\/\/astideco.com\/blog\/wp-content\/uploads\/2023\/08\/mesa-escritorio-caballete-negro.jpg\" data-orig-src=\"https:\/\/astideco.com\/blog\/wp-content\/uploads\/2023\/08\/mesa-escritorio-caballete-negro.jpg\" alt=\"\" width=\"1200\" height=\"1200\" srcset=\"data:image\/svg+xml,%3Csvg%20xmlns%3D%27http%3A%2F%2Fwww.w3.org%2F2000%2Fsvg%27%20width%3D%271200%27%20height%3D%271200%27%20viewBox%3D%270%200%201200%201200%27%3E%3Crect%20width%3D%271200%27%20height%3D%271200%27%20fill-opacity%3D%220%22%2F%3E%3C%2Fsvg%3E\" data-srcset=\"https:\/\/astideco.com\/blog\/wp-content\/uploads\/2023\/08\/mesa-escritorio-caballete-negro-66x66.jpg 66w, https:\/\/astideco.com\/blog\/wp-content\/uploads\/2023\/08\/mesa-escritorio-caballete-negro-150x150.jpg 150w, https:\/\/astideco.com\/blog\/wp-content\/uploads\/2023\/08\/mesa-escritorio-caballete-negro-200x200.jpg 200w, https:\/\/astideco.com\/blog\/wp-content\/uploads\/2023\/08\/mesa-escritorio-caballete-negro-300x300.jpg 300w, https:\/\/astideco.com\/blog\/wp-content\/uploads\/2023\/08\/mesa-escritorio-caballete-negro-400x400.jpg 400w, https:\/\/astideco.com\/blog\/wp-content\/uploads\/2023\/08\/mesa-escritorio-caballete-negro-600x600.jpg 600w, https:\/\/astideco.com\/blog\/wp-content\/uploads\/2023\/08\/mesa-escritorio-caballete-negro.jpg 640w\" data-sizes=\"auto\" data-orig-sizes=\"(max-width: 1200px) 100vw, 1200px\" \/><p id=\"caption-attachment-4801\" class=\"wp-caption-text\">Instagram: <a href=\"https:\/\/www.instagram.com\/amparo_lasnubes\/?hl=es\" target=\"_blank\" rel=\"noopener\"><strong>Amparo_lasnubes<\/strong><\/a><\/p><\/div>\n<h2><span><a href=\"https:\/\/astideco.com\/es\/busqueda?controller=search&amp;s=bok\" target=\"_blank\" rel=\"noopener\"><span><strong>Mesa escritorio con patas Bok<\/strong><\/span><\/a><\/span><\/h2>\n<p><span>La <\/span><b>originalidad <\/b><span>hecha mesa de escritorio. La colecci\u00f3n BOK est\u00e1 formada por dos patas de madera para mesas: una, permite montarlas en dos posiciones distintas; y la otra, hasta cuatro formas. Es una de las \u00faltimas novedades de Astigarraga Kit Line. Funcionalidad, originalidad y est\u00e9tica se dan la mano para crear estas dos mesas de escritorio. <\/span><span>Insp\u00edrate con estas ideas para que conseguir un escritorio agradable sea m\u00e1s sencillo. Belleza y funcionalidad a partes iguales en esta <span><a href=\"https:\/\/astideco.com\/es\/mesas-y-escritorios\/mesa-escritorio-de-madera-con-patas-bok-4-posiciones\" target=\"_blank\" rel=\"noopener\"><strong>mesa escritorio con las patas Bok que permiten hasta 4 posiciones diferentes<\/strong><\/a><\/span>. \u00a1Desc\u00fabrelo aqu\u00ed!<\/span><\/p>\n<p><img decoding=\"async\" class=\"lazyload alignnone size-fusion-1200 wp-image-4802\" src=\"https:\/\/astideco.com\/blog\/wp-content\/uploads\/2023\/08\/PATAS-MADERA-BOK-POSICION-2-1200x902.jpg\" data-orig-src=\"https:\/\/astideco.com\/blog\/wp-content\/uploads\/2023\/08\/PATAS-MADERA-BOK-POSICION-2-1200x902.jpg\" alt=\"\" width=\"1200\" height=\"902\" srcset=\"data:image\/svg+xml,%3Csvg%20xmlns%3D%27http%3A%2F%2Fwww.w3.org%2F2000%2Fsvg%27%20width%3D%271200%27%20height%3D%27902%27%20viewBox%3D%270%200%201200%20902%27%3E%3Crect%20width%3D%271200%27%20height%3D%27902%27%20fill-opacity%3D%220%22%2F%3E%3C%2Fsvg%3E\" data-srcset=\"https:\/\/astideco.com\/blog\/wp-content\/uploads\/2023\/08\/PATAS-MADERA-BOK-POSICION-2-200x150.jpg 200w, https:\/\/astideco.com\/blog\/wp-content\/uploads\/2023\/08\/PATAS-MADERA-BOK-POSICION-2-300x226.jpg 300w, https:\/\/astideco.com\/blog\/wp-content\/uploads\/2023\/08\/PATAS-MADERA-BOK-POSICION-2-400x301.jpg 400w, https:\/\/astideco.com\/blog\/wp-content\/uploads\/2023\/08\/PATAS-MADERA-BOK-POSICION-2-600x451.jpg 600w, https:\/\/astideco.com\/blog\/wp-content\/uploads\/2023\/08\/PATAS-MADERA-BOK-POSICION-2-768x578.jpg 768w, https:\/\/astideco.com\/blog\/wp-content\/uploads\/2023\/08\/PATAS-MADERA-BOK-POSICION-2-800x602.jpg 800w, https:\/\/astideco.com\/blog\/wp-content\/uploads\/2023\/08\/PATAS-MADERA-BOK-POSICION-2-1024x770.jpg 1024w, https:\/\/astideco.com\/blog\/wp-content\/uploads\/2023\/08\/PATAS-MADERA-BOK-POSICION-2-1200x902.jpg 1200w, https:\/\/astideco.com\/blog\/wp-content\/uploads\/2023\/08\/PATAS-MADERA-BOK-POSICION-2-1536x1155.jpg 1536w\" data-sizes=\"auto\" data-orig-sizes=\"(max-width: 1200px) 100vw, 1200px\" \/><\/p>\n<p><span>O en esta otra <span><a href=\"https:\/\/astideco.com\/es\/mesas-y-escritorios\/mesa-escritorio-de-madera-con-patas-bok-2-posiciones\" target=\"_blank\" rel=\"noopener\"><strong>mesa escritorio cuyas patas de madera pueden adoptar dos posiciones diferentes<\/strong><\/a><\/span>. \u00a1Desc\u00fabrelo aqu\u00ed!<\/span><\/p>\n<p><img decoding=\"async\" class=\"lazyload alignnone size-fusion-1200 wp-image-4803\" src=\"https:\/\/astideco.com\/blog\/wp-content\/uploads\/2023\/08\/patas-madera-bok-1200x801.jpg\" data-orig-src=\"https:\/\/astideco.com\/blog\/wp-content\/uploads\/2023\/08\/patas-madera-bok-1200x801.jpg\" alt=\"\" width=\"1200\" height=\"801\" srcset=\"data:image\/svg+xml,%3Csvg%20xmlns%3D%27http%3A%2F%2Fwww.w3.org%2F2000%2Fsvg%27%20width%3D%271200%27%20height%3D%27801%27%20viewBox%3D%270%200%201200%20801%27%3E%3Crect%20width%3D%271200%27%20height%3D%27801%27%20fill-opacity%3D%220%22%2F%3E%3C%2Fsvg%3E\" data-srcset=\"https:\/\/astideco.com\/blog\/wp-content\/uploads\/2023\/08\/patas-madera-bok-200x134.jpg 200w, https:\/\/astideco.com\/blog\/wp-content\/uploads\/2023\/08\/patas-madera-bok-300x200.jpg 300w, https:\/\/astideco.com\/blog\/wp-content\/uploads\/2023\/08\/patas-madera-bok-400x267.jpg 400w, https:\/\/astideco.com\/blog\/wp-content\/uploads\/2023\/08\/patas-madera-bok-600x401.jpg 600w, https:\/\/astideco.com\/blog\/wp-content\/uploads\/2023\/08\/patas-madera-bok-768x513.jpg 768w, https:\/\/astideco.com\/blog\/wp-content\/uploads\/2023\/08\/patas-madera-bok-800x534.jpg 800w, https:\/\/astideco.com\/blog\/wp-content\/uploads\/2023\/08\/patas-madera-bok-1024x684.jpg 1024w, https:\/\/astideco.com\/blog\/wp-content\/uploads\/2023\/08\/patas-madera-bok-1200x801.jpg 1200w, https:\/\/astideco.com\/blog\/wp-content\/uploads\/2023\/08\/patas-madera-bok-1536x1025.jpg 1536w\" data-sizes=\"auto\" data-orig-sizes=\"(max-width: 1200px) 100vw, 1200px\" \/><\/p>\n<h2><span><a href=\"https:\/\/astideco.com\/es\/mesas-y-escritorios\/mesa-escritorio-pequeno-de-madera-con-caballete-natural-glam\" target=\"_blank\" rel=\"noopener\"><strong><span>Mesa escritorio con caballetes Glam<\/span><\/strong><\/a><\/span><\/h2>\n<p><span>Glam es el m\u00e1s peque\u00f1o de la familia de los caballetes de madera de Astigarraga Kit Line. El m\u00e1s id\u00f3neo para crear una <strong>mesa de escritorio en espacios reducidos<\/strong>. Con un tablero con fondo de 50 cm y caballete monopata en la parte delantera, podr\u00e1s disfrutar de un rinc\u00f3n donde poder trabajar o estudiar con espacio suficiente. El tablero de madera maciza de pino, de 120 cm de ancho y 16 mm de grosor, es ligero pero muy resistente para aguantar el vaiv\u00e9n diario.\u00a0<\/span><\/p>\n<p><span>Una <strong>mesa de escritorio con caballetes Glam<\/strong> sencilla y muy funcional, que encaja a la perfecci\u00f3n en cualquier estancia, sea cual sea su estilo decorativo: r\u00fastico, industrial, n\u00f3rdico, minimalista o moderno. Porque la madera proporciona esa textura natural que hace que el ambiente se vuelva m\u00e1s c\u00e1lido, elegante y con estilo. Un ambiente que, sin duda, ayuda a concentrarse y rendir m\u00e1s y a no perder el tiempo.\u00a0<\/span><\/p>\n<div id=\"attachment_4799\" style=\"width: 1090px\" class=\"wp-caption alignnone\"><img decoding=\"async\" aria-describedby=\"caption-attachment-4799\" class=\"lazyload wp-image-4799 size-full\" src=\"https:\/\/astideco.com\/blog\/wp-content\/uploads\/2023\/08\/escritorio-madera-caballete-espacios-pequenos-astikitline.jpg\" data-orig-src=\"https:\/\/astideco.com\/blog\/wp-content\/uploads\/2023\/08\/escritorio-madera-caballete-espacios-pequenos-astikitline.jpg\" alt=\"\" width=\"1080\" height=\"1144\" srcset=\"data:image\/svg+xml,%3Csvg%20xmlns%3D%27http%3A%2F%2Fwww.w3.org%2F2000%2Fsvg%27%20width%3D%271080%27%20height%3D%271144%27%20viewBox%3D%270%200%201080%201144%27%3E%3Crect%20width%3D%271080%27%20height%3D%271144%27%20fill-opacity%3D%220%22%2F%3E%3C%2Fsvg%3E\" data-srcset=\"https:\/\/astideco.com\/blog\/wp-content\/uploads\/2023\/08\/escritorio-madera-caballete-espacios-pequenos-astikitline-200x212.jpg 200w, https:\/\/astideco.com\/blog\/wp-content\/uploads\/2023\/08\/escritorio-madera-caballete-espacios-pequenos-astikitline-283x300.jpg 283w, https:\/\/astideco.com\/blog\/wp-content\/uploads\/2023\/08\/escritorio-madera-caballete-espacios-pequenos-astikitline-400x424.jpg 400w, https:\/\/astideco.com\/blog\/wp-content\/uploads\/2023\/08\/escritorio-madera-caballete-espacios-pequenos-astikitline-600x636.jpg 600w, https:\/\/astideco.com\/blog\/wp-content\/uploads\/2023\/08\/escritorio-madera-caballete-espacios-pequenos-astikitline-768x814.jpg 768w, https:\/\/astideco.com\/blog\/wp-content\/uploads\/2023\/08\/escritorio-madera-caballete-espacios-pequenos-astikitline-800x847.jpg 800w, https:\/\/astideco.com\/blog\/wp-content\/uploads\/2023\/08\/escritorio-madera-caballete-espacios-pequenos-astikitline-967x1024.jpg 967w, https:\/\/astideco.com\/blog\/wp-content\/uploads\/2023\/08\/escritorio-madera-caballete-espacios-pequenos-astikitline.jpg 1080w\" data-sizes=\"auto\" data-orig-sizes=\"(max-width: 1080px) 100vw, 1080px\" \/><p id=\"caption-attachment-4799\" class=\"wp-caption-text\">Instagram: <strong><a href=\"https:\/\/www.instagram.com\/rosenude_homedeco\/?hl=es\" target=\"_blank\" rel=\"noopener\">Rosenude_homedeco<\/a><\/strong><\/p><\/div>\n<p><span><strong>El caballete Glam est\u00e1 disponible en color natural<\/strong>. Pero, al tratarse de madera sin tratar, siempre es buena opci\u00f3n de personalizarla con un barniz mate o con brillo o con esmaltes de color, puedes transformar la mesa a tu gusto. \u00a1Atr\u00e9vete!<\/span><\/p>\n<div id=\"attachment_4804\" style=\"width: 1210px\" class=\"wp-caption alignnone\"><img decoding=\"async\" aria-describedby=\"caption-attachment-4804\" class=\"lazyload wp-image-4804 size-fusion-1200\" src=\"https:\/\/astideco.com\/blog\/wp-content\/uploads\/2023\/08\/escritorio-caballete-madera-glam-1200x800.jpg\" data-orig-src=\"https:\/\/astideco.com\/blog\/wp-content\/uploads\/2023\/08\/escritorio-caballete-madera-glam-1200x800.jpg\" alt=\"\" width=\"1200\" height=\"800\" srcset=\"data:image\/svg+xml,%3Csvg%20xmlns%3D%27http%3A%2F%2Fwww.w3.org%2F2000%2Fsvg%27%20width%3D%271200%27%20height%3D%27800%27%20viewBox%3D%270%200%201200%20800%27%3E%3Crect%20width%3D%271200%27%20height%3D%27800%27%20fill-opacity%3D%220%22%2F%3E%3C%2Fsvg%3E\" data-srcset=\"https:\/\/astideco.com\/blog\/wp-content\/uploads\/2023\/08\/escritorio-caballete-madera-glam-200x133.jpg 200w, https:\/\/astideco.com\/blog\/wp-content\/uploads\/2023\/08\/escritorio-caballete-madera-glam-300x200.jpg 300w, https:\/\/astideco.com\/blog\/wp-content\/uploads\/2023\/08\/escritorio-caballete-madera-glam-400x267.jpg 400w, https:\/\/astideco.com\/blog\/wp-content\/uploads\/2023\/08\/escritorio-caballete-madera-glam-600x400.jpg 600w, https:\/\/astideco.com\/blog\/wp-content\/uploads\/2023\/08\/escritorio-caballete-madera-glam-768x512.jpg 768w, https:\/\/astideco.com\/blog\/wp-content\/uploads\/2023\/08\/escritorio-caballete-madera-glam-800x533.jpg 800w, https:\/\/astideco.com\/blog\/wp-content\/uploads\/2023\/08\/escritorio-caballete-madera-glam-1024x683.jpg 1024w, https:\/\/astideco.com\/blog\/wp-content\/uploads\/2023\/08\/escritorio-caballete-madera-glam-1200x800.jpg 1200w, https:\/\/astideco.com\/blog\/wp-content\/uploads\/2023\/08\/escritorio-caballete-madera-glam-1536x1024.jpg 1536w\" data-sizes=\"auto\" data-orig-sizes=\"(max-width: 1200px) 100vw, 1200px\" \/><p id=\"caption-attachment-4804\" class=\"wp-caption-text\">Instagram: <a href=\"https:\/\/www.instagram.com\/loisel_industry\/?hl=es\" target=\"_blank\" rel=\"noopener\"><strong>Loisel_industry<\/strong><\/a><\/p><\/div>\n<h2><span><a href=\"https:\/\/astideco.com\/es\/busqueda?controller=search&amp;s=deco\" target=\"_blank\" rel=\"noopener\"><span><strong>Mesa escritorio con caballetes Deco<\/strong><\/span><\/a><\/span><\/h2>\n<p><span>Esta mesa de escritorio, formada por el tablero de 140&#215;70 cm y los caballetes de madera Deco, cuenta con unas dimensiones de 140x75x70cm (alto\/ancho\/fondo). Su dise\u00f1o pr\u00e1ctico, y de l\u00edneas depuradas y sencillas, es perfecta para todo tipo de espacios, desde el dormitorio o el sal\u00f3n de tu casa hasta en una oficina. Los caballetes Deco est\u00e1n tambi\u00e9n disponeibles en <span><a href=\"https:\/\/astideco.com\/es\/mesas-y-escritorios\/mesa-escritorio-de-madera-con-caballete-natural-deco\" target=\"_blank\" rel=\"noopener\"><span><strong>acabado natural<\/strong><\/span><\/a><\/span>, <span><a href=\"https:\/\/astideco.com\/es\/mesas-y-escritorios\/mesa-escritorio-de-madera-con-caballete-blanco-deco\" target=\"_blank\" rel=\"noopener\"><span><strong>blanco<\/strong><\/span><\/a><\/span> y <span><a href=\"https:\/\/astideco.com\/es\/mesas-y-escritorios\/mesa-escritorio-de-madera-con-caballete-negro-deco\" target=\"_blank\" rel=\"noopener\"><span><strong>negro<\/strong><\/span><\/a><\/span>, para que puedas elegir el color que mejor encaje con el estilo decorativo de la estancia.\u00a0<\/span><\/p>\n<p><img decoding=\"async\" class=\"lazyload alignnone size-fusion-1200 wp-image-4805\" src=\"https:\/\/astideco.com\/blog\/wp-content\/uploads\/2023\/08\/ddad-1200x780.jpg\" data-orig-src=\"https:\/\/astideco.com\/blog\/wp-content\/uploads\/2023\/08\/ddad-1200x780.jpg\" alt=\"\" width=\"1200\" height=\"780\" srcset=\"data:image\/svg+xml,%3Csvg%20xmlns%3D%27http%3A%2F%2Fwww.w3.org%2F2000%2Fsvg%27%20width%3D%271200%27%20height%3D%27780%27%20viewBox%3D%270%200%201200%20780%27%3E%3Crect%20width%3D%271200%27%20height%3D%27780%27%20fill-opacity%3D%220%22%2F%3E%3C%2Fsvg%3E\" data-srcset=\"https:\/\/astideco.com\/blog\/wp-content\/uploads\/2023\/08\/ddad-200x130.jpg 200w, https:\/\/astideco.com\/blog\/wp-content\/uploads\/2023\/08\/ddad-300x195.jpg 300w, https:\/\/astideco.com\/blog\/wp-content\/uploads\/2023\/08\/ddad-400x260.jpg 400w, https:\/\/astideco.com\/blog\/wp-content\/uploads\/2023\/08\/ddad-600x390.jpg 600w, https:\/\/astideco.com\/blog\/wp-content\/uploads\/2023\/08\/ddad-768x499.jpg 768w, https:\/\/astideco.com\/blog\/wp-content\/uploads\/2023\/08\/ddad-800x520.jpg 800w, https:\/\/astideco.com\/blog\/wp-content\/uploads\/2023\/08\/ddad-1024x666.jpg 1024w, https:\/\/astideco.com\/blog\/wp-content\/uploads\/2023\/08\/ddad-1200x780.jpg 1200w, https:\/\/astideco.com\/blog\/wp-content\/uploads\/2023\/08\/ddad-1536x998.jpg 1536w\" data-sizes=\"auto\" data-orig-sizes=\"(max-width: 1200px) 100vw, 1200px\" \/><\/p>\n<div id=\"attachment_4806\" style=\"width: 1210px\" class=\"wp-caption alignnone\"><img decoding=\"async\" aria-describedby=\"caption-attachment-4806\" class=\"lazyload wp-image-4806 size-fusion-1200\" src=\"https:\/\/astideco.com\/blog\/wp-content\/uploads\/2023\/08\/IMG_6966-1200x900.jpg\" data-orig-src=\"https:\/\/astideco.com\/blog\/wp-content\/uploads\/2023\/08\/IMG_6966-1200x900.jpg\" alt=\"\" width=\"1200\" height=\"900\" srcset=\"data:image\/svg+xml,%3Csvg%20xmlns%3D%27http%3A%2F%2Fwww.w3.org%2F2000%2Fsvg%27%20width%3D%271200%27%20height%3D%27900%27%20viewBox%3D%270%200%201200%20900%27%3E%3Crect%20width%3D%271200%27%20height%3D%27900%27%20fill-opacity%3D%220%22%2F%3E%3C%2Fsvg%3E\" data-srcset=\"https:\/\/astideco.com\/blog\/wp-content\/uploads\/2023\/08\/IMG_6966-200x150.jpg 200w, https:\/\/astideco.com\/blog\/wp-content\/uploads\/2023\/08\/IMG_6966-300x225.jpg 300w, https:\/\/astideco.com\/blog\/wp-content\/uploads\/2023\/08\/IMG_6966-400x300.jpg 400w, https:\/\/astideco.com\/blog\/wp-content\/uploads\/2023\/08\/IMG_6966-600x450.jpg 600w, https:\/\/astideco.com\/blog\/wp-content\/uploads\/2023\/08\/IMG_6966-768x576.jpg 768w, https:\/\/astideco.com\/blog\/wp-content\/uploads\/2023\/08\/IMG_6966-800x600.jpg 800w, https:\/\/astideco.com\/blog\/wp-content\/uploads\/2023\/08\/IMG_6966-1024x768.jpg 1024w, https:\/\/astideco.com\/blog\/wp-content\/uploads\/2023\/08\/IMG_6966-1200x900.jpg 1200w, https:\/\/astideco.com\/blog\/wp-content\/uploads\/2023\/08\/IMG_6966-1536x1152.jpg 1536w\" data-sizes=\"auto\" data-orig-sizes=\"(max-width: 1200px) 100vw, 1200px\" \/><p id=\"caption-attachment-4806\" class=\"wp-caption-text\">Instagram: <a href=\"https:\/\/www.instagram.com\/_claravm_\/?hl=es\" target=\"_blank\" rel=\"noopener\"><strong>_claravm_<\/strong><\/a><\/p><\/div>\n<div id=\"attachment_4807\" style=\"width: 1210px\" class=\"wp-caption alignnone\"><img decoding=\"async\" aria-describedby=\"caption-attachment-4807\" class=\"lazyload wp-image-4807 size-full\" src=\"https:\/\/astideco.com\/blog\/wp-content\/uploads\/2023\/08\/Escritorio-Astigarraga-109.jpg\" data-orig-src=\"https:\/\/astideco.com\/blog\/wp-content\/uploads\/2023\/08\/Escritorio-Astigarraga-109.jpg\" alt=\"\" width=\"1200\" height=\"800\" srcset=\"data:image\/svg+xml,%3Csvg%20xmlns%3D%27http%3A%2F%2Fwww.w3.org%2F2000%2Fsvg%27%20width%3D%271200%27%20height%3D%27800%27%20viewBox%3D%270%200%201200%20800%27%3E%3Crect%20width%3D%271200%27%20height%3D%27800%27%20fill-opacity%3D%220%22%2F%3E%3C%2Fsvg%3E\" data-srcset=\"https:\/\/astideco.com\/blog\/wp-content\/uploads\/2023\/08\/Escritorio-Astigarraga-109-200x133.jpg 200w, https:\/\/astideco.com\/blog\/wp-content\/uploads\/2023\/08\/Escritorio-Astigarraga-109-300x200.jpg 300w, https:\/\/astideco.com\/blog\/wp-content\/uploads\/2023\/08\/Escritorio-Astigarraga-109-400x267.jpg 400w, https:\/\/astideco.com\/blog\/wp-content\/uploads\/2023\/08\/Escritorio-Astigarraga-109-600x400.jpg 600w, https:\/\/astideco.com\/blog\/wp-content\/uploads\/2023\/08\/Escritorio-Astigarraga-109-768x512.jpg 768w, https:\/\/astideco.com\/blog\/wp-content\/uploads\/2023\/08\/Escritorio-Astigarraga-109-800x533.jpg 800w, https:\/\/astideco.com\/blog\/wp-content\/uploads\/2023\/08\/Escritorio-Astigarraga-109-1024x683.jpg 1024w, https:\/\/astideco.com\/blog\/wp-content\/uploads\/2023\/08\/Escritorio-Astigarraga-109.jpg 1200w\" data-sizes=\"auto\" data-orig-sizes=\"(max-width: 1200px) 100vw, 1200px\" \/><p id=\"caption-attachment-4807\" class=\"wp-caption-text\">Instagram: <a href=\"https:\/\/www.instagram.com\/creciendoconmontessori\/?hl=es\" target=\"_blank\" rel=\"noopener\"><strong>Creciendoconmontessori<\/strong><\/a><\/p><\/div>\n<p><span>Si no te gustan los ornamentos ni la decoraci\u00f3n excesiva y, en cambio, te entusiasma la funcionalidad y los muebles sencillos, esta mesa escritorio con caballetes Deco es tu opci\u00f3n. Que no te pille el toro y ten todo listo para la vuelta a las clases o al trabajo.\u00a0<\/span><\/p>\n<p><span>Con cualquiera de los <strong>packs de mesas de escritorio de madera<\/strong> que elijas,regar\u00e1s de calidez y estilo cualquier estancia. Conseguir\u00e1s hacer de tu espacio de trabajo o estudio un lugar m\u00e1s funcional y c\u00f3modo. Adel\u00e1ntate a la vuelta al cole o\/y trabajo con una de nuestras mesas escritorio, perfectas para que los m\u00e1s peque\u00f1os hagan\u00a0 los deberes o estudien, y los m\u00e1s grandes teletrabajen con total comodidad.<\/span><\/p>\n<p><i><span>Gracias por dejarnos decorar tu hogar, tu oficina o negocio de manera sostenible.<\/span><\/i><\/p>\n","protected":false},"excerpt":{"rendered":"<p>Se acaba lo bueno. Quedan pocos d\u00edas para volver \u201ca la vida real\u201d, la de los horarios, alguna que otra prisa y las idas y venidas al trabajo o colegio. Apenas faltan dos semanas para que empiece septiembre y \u00a1claro!  [..]<\/p>\n","protected":false},"author":6,"featured_media":4815,"comment_status":"open","ping_status":"open","sticky":false,"template":"","format":"standard","meta":{"footnotes":""},"categories":[644,15],"tags":[662,901,362,839,895,851,897,899],"class_list":["post-4796","post","type-post","status-publish","format-standard","has-post-thumbnail","hentry","category-ideas-y-consejos","category-producto","tag-escritorio-madera","tag-madera-certificado","tag-madera-natural","tag-mesa-escritorio","tag-mesa-estudio","tag-muebles-ecologicos","tag-vuelta-al-cole","tag-vuelta-al-trabajo"],"yoast_head":"<!-- This site is optimized with the Yoast SEO plugin v27.0 - https:\/\/yoast.com\/product\/yoast-seo-wordpress\/ -->\n<title>Nuevos packs de mesas de escritorio de madera\u00a0 - Astiblog<\/title>\n<meta name=\"description\" content=\"Septiembre est\u00e1 a la vuelta de la esquina, y la vuelta al cole tambi\u00e9n. Os mostrmos los nuevos packs de mesas de escritorio de madera\u00a0\" \/>\n<meta name=\"robots\" content=\"index, follow, max-snippet:-1, max-image-preview:large, max-video-preview:-1\" \/>\n<link rel=\"canonical\" href=\"https:\/\/astideco.com\/blog\/nuevos-packs-de-mesas-de-escritorio-de-madera\/\" \/>\n<meta property=\"og:locale\" content=\"es_ES\" \/>\n<meta property=\"og:type\" content=\"article\" \/>\n<meta property=\"og:title\" content=\"Nuevos packs de mesas de escritorio de madera\u00a0 - Astiblog\" \/>\n<meta property=\"og:description\" content=\"Septiembre est\u00e1 a la vuelta de la esquina, y la vuelta al cole tambi\u00e9n. Os mostrmos los nuevos packs de mesas de escritorio de madera\u00a0\" \/>\n<meta property=\"og:url\" content=\"https:\/\/astideco.com\/blog\/nuevos-packs-de-mesas-de-escritorio-de-madera\/\" \/>\n<meta property=\"og:site_name\" content=\"Astiblog\" \/>\n<meta property=\"article:published_time\" content=\"2023-08-08T10:22:58+00:00\" \/>\n<meta property=\"article:modified_time\" content=\"2024-07-29T07:22:08+00:00\" \/>\n<meta property=\"og:image\" content=\"https:\/\/astideco.com\/blog\/wp-content\/uploads\/2023\/08\/PATAS-MADERA-BOK-POSICION-4-scaled.jpg\" \/>\n\t<meta property=\"og:image:width\" content=\"2560\" \/>\n\t<meta property=\"og:image:height\" content=\"1846\" \/>\n\t<meta property=\"og:image:type\" content=\"image\/jpeg\" \/>\n<meta name=\"author\" content=\"Astigarraga Kit Line\" \/>\n<meta name=\"twitter:card\" content=\"summary_large_image\" \/>\n<meta name=\"twitter:label1\" content=\"Escrito por\" \/>\n\t<meta name=\"twitter:data1\" content=\"Astigarraga Kit Line\" \/>\n\t<meta name=\"twitter:label2\" content=\"Tiempo de lectura\" \/>\n\t<meta name=\"twitter:data2\" content=\"7 minutos\" \/>\n<script type=\"application\/ld+json\" class=\"yoast-schema-graph\">{\"@context\":\"https:\/\/schema.org\",\"@graph\":[{\"@type\":\"Article\",\"@id\":\"https:\/\/astideco.com\/blog\/nuevos-packs-de-mesas-de-escritorio-de-madera\/#article\",\"isPartOf\":{\"@id\":\"https:\/\/astideco.com\/blog\/nuevos-packs-de-mesas-de-escritorio-de-madera\/\"},\"author\":{\"name\":\"Astigarraga Kit Line\",\"@id\":\"https:\/\/astideco.com\/blog\/#\/schema\/person\/13fd236103c4c231352fb09b2b7ac5cf\"},\"headline\":\"Nuevos packs de mesas de escritorio de madera\u00a0\",\"datePublished\":\"2023-08-08T10:22:58+00:00\",\"dateModified\":\"2024-07-29T07:22:08+00:00\",\"mainEntityOfPage\":{\"@id\":\"https:\/\/astideco.com\/blog\/nuevos-packs-de-mesas-de-escritorio-de-madera\/\"},\"wordCount\":1120,\"commentCount\":0,\"image\":{\"@id\":\"https:\/\/astideco.com\/blog\/nuevos-packs-de-mesas-de-escritorio-de-madera\/#primaryimage\"},\"thumbnailUrl\":\"https:\/\/astideco.com\/blog\/wp-content\/uploads\/2023\/08\/PATAS-MADERA-BOK-POSICION-4-scaled.jpg\",\"keywords\":[\"Escritorio madera\",\"Madera Certificado\",\"madera natural\",\"Mesa Escritorio\",\"Mesa Estudio\",\"Muebles ecol\u00f3gicos\",\"Vuelta Al Cole\",\"Vuelta Al Trabajo\"],\"articleSection\":[\"Ideas y consejos\",\"Producto\"],\"inLanguage\":\"es\",\"potentialAction\":[{\"@type\":\"CommentAction\",\"name\":\"Comment\",\"target\":[\"https:\/\/astideco.com\/blog\/nuevos-packs-de-mesas-de-escritorio-de-madera\/#respond\"]}]},{\"@type\":\"WebPage\",\"@id\":\"https:\/\/astideco.com\/blog\/nuevos-packs-de-mesas-de-escritorio-de-madera\/\",\"url\":\"https:\/\/astideco.com\/blog\/nuevos-packs-de-mesas-de-escritorio-de-madera\/\",\"name\":\"Nuevos packs de mesas de escritorio de madera\u00a0 - Astiblog\",\"isPartOf\":{\"@id\":\"https:\/\/astideco.com\/blog\/#website\"},\"primaryImageOfPage\":{\"@id\":\"https:\/\/astideco.com\/blog\/nuevos-packs-de-mesas-de-escritorio-de-madera\/#primaryimage\"},\"image\":{\"@id\":\"https:\/\/astideco.com\/blog\/nuevos-packs-de-mesas-de-escritorio-de-madera\/#primaryimage\"},\"thumbnailUrl\":\"https:\/\/astideco.com\/blog\/wp-content\/uploads\/2023\/08\/PATAS-MADERA-BOK-POSICION-4-scaled.jpg\",\"datePublished\":\"2023-08-08T10:22:58+00:00\",\"dateModified\":\"2024-07-29T07:22:08+00:00\",\"author\":{\"@id\":\"https:\/\/astideco.com\/blog\/#\/schema\/person\/13fd236103c4c231352fb09b2b7ac5cf\"},\"description\":\"Septiembre est\u00e1 a la vuelta de la esquina, y la vuelta al cole tambi\u00e9n. Os mostrmos los nuevos packs de mesas de escritorio de madera\u00a0\",\"breadcrumb\":{\"@id\":\"https:\/\/astideco.com\/blog\/nuevos-packs-de-mesas-de-escritorio-de-madera\/#breadcrumb\"},\"inLanguage\":\"es\",\"potentialAction\":[{\"@type\":\"ReadAction\",\"target\":[\"https:\/\/astideco.com\/blog\/nuevos-packs-de-mesas-de-escritorio-de-madera\/\"]}]},{\"@type\":\"ImageObject\",\"inLanguage\":\"es\",\"@id\":\"https:\/\/astideco.com\/blog\/nuevos-packs-de-mesas-de-escritorio-de-madera\/#primaryimage\",\"url\":\"https:\/\/astideco.com\/blog\/wp-content\/uploads\/2023\/08\/PATAS-MADERA-BOK-POSICION-4-scaled.jpg\",\"contentUrl\":\"https:\/\/astideco.com\/blog\/wp-content\/uploads\/2023\/08\/PATAS-MADERA-BOK-POSICION-4-scaled.jpg\",\"width\":2560,\"height\":1846},{\"@type\":\"BreadcrumbList\",\"@id\":\"https:\/\/astideco.com\/blog\/nuevos-packs-de-mesas-de-escritorio-de-madera\/#breadcrumb\",\"itemListElement\":[{\"@type\":\"ListItem\",\"position\":1,\"name\":\"Portada\",\"item\":\"https:\/\/astideco.com\/blog\/\"},{\"@type\":\"ListItem\",\"position\":2,\"name\":\"Nuevos packs de mesas de escritorio de madera\u00a0\"}]},{\"@type\":\"WebSite\",\"@id\":\"https:\/\/astideco.com\/blog\/#website\",\"url\":\"https:\/\/astideco.com\/blog\/\",\"name\":\"Astiblog\",\"description\":\"Blog de Astideco.com\",\"potentialAction\":[{\"@type\":\"SearchAction\",\"target\":{\"@type\":\"EntryPoint\",\"urlTemplate\":\"https:\/\/astideco.com\/blog\/?s={search_term_string}\"},\"query-input\":{\"@type\":\"PropertyValueSpecification\",\"valueRequired\":true,\"valueName\":\"search_term_string\"}}],\"inLanguage\":\"es\"},{\"@type\":\"Person\",\"@id\":\"https:\/\/astideco.com\/blog\/#\/schema\/person\/13fd236103c4c231352fb09b2b7ac5cf\",\"name\":\"Astigarraga Kit Line\"}]}<\/script>\n<!-- \/ Yoast SEO plugin. -->","yoast_head_json":{"title":"Nuevos packs de mesas de escritorio de madera\u00a0 - Astiblog","description":"Septiembre est\u00e1 a la vuelta de la esquina, y la vuelta al cole tambi\u00e9n. Os mostrmos los nuevos packs de mesas de escritorio de madera\u00a0","robots":{"index":"index","follow":"follow","max-snippet":"max-snippet:-1","max-image-preview":"max-image-preview:large","max-video-preview":"max-video-preview:-1"},"canonical":"https:\/\/astideco.com\/blog\/nuevos-packs-de-mesas-de-escritorio-de-madera\/","og_locale":"es_ES","og_type":"article","og_title":"Nuevos packs de mesas de escritorio de madera\u00a0 - Astiblog","og_description":"Septiembre est\u00e1 a la vuelta de la esquina, y la vuelta al cole tambi\u00e9n. Os mostrmos los nuevos packs de mesas de escritorio de madera\u00a0","og_url":"https:\/\/astideco.com\/blog\/nuevos-packs-de-mesas-de-escritorio-de-madera\/","og_site_name":"Astiblog","article_published_time":"2023-08-08T10:22:58+00:00","article_modified_time":"2024-07-29T07:22:08+00:00","og_image":[{"width":2560,"height":1846,"url":"https:\/\/astideco.com\/blog\/wp-content\/uploads\/2023\/08\/PATAS-MADERA-BOK-POSICION-4-scaled.jpg","type":"image\/jpeg"}],"author":"Astigarraga Kit Line","twitter_card":"summary_large_image","twitter_misc":{"Escrito por":"Astigarraga Kit Line","Tiempo de lectura":"7 minutos"},"schema":{"@context":"https:\/\/schema.org","@graph":[{"@type":"Article","@id":"https:\/\/astideco.com\/blog\/nuevos-packs-de-mesas-de-escritorio-de-madera\/#article","isPartOf":{"@id":"https:\/\/astideco.com\/blog\/nuevos-packs-de-mesas-de-escritorio-de-madera\/"},"author":{"name":"Astigarraga Kit Line","@id":"https:\/\/astideco.com\/blog\/#\/schema\/person\/13fd236103c4c231352fb09b2b7ac5cf"},"headline":"Nuevos packs de mesas de escritorio de madera\u00a0","datePublished":"2023-08-08T10:22:58+00:00","dateModified":"2024-07-29T07:22:08+00:00","mainEntityOfPage":{"@id":"https:\/\/astideco.com\/blog\/nuevos-packs-de-mesas-de-escritorio-de-madera\/"},"wordCount":1120,"commentCount":0,"image":{"@id":"https:\/\/astideco.com\/blog\/nuevos-packs-de-mesas-de-escritorio-de-madera\/#primaryimage"},"thumbnailUrl":"https:\/\/astideco.com\/blog\/wp-content\/uploads\/2023\/08\/PATAS-MADERA-BOK-POSICION-4-scaled.jpg","keywords":["Escritorio madera","Madera Certificado","madera natural","Mesa Escritorio","Mesa Estudio","Muebles ecol\u00f3gicos","Vuelta Al Cole","Vuelta Al Trabajo"],"articleSection":["Ideas y consejos","Producto"],"inLanguage":"es","potentialAction":[{"@type":"CommentAction","name":"Comment","target":["https:\/\/astideco.com\/blog\/nuevos-packs-de-mesas-de-escritorio-de-madera\/#respond"]}]},{"@type":"WebPage","@id":"https:\/\/astideco.com\/blog\/nuevos-packs-de-mesas-de-escritorio-de-madera\/","url":"https:\/\/astideco.com\/blog\/nuevos-packs-de-mesas-de-escritorio-de-madera\/","name":"Nuevos packs de mesas de escritorio de madera\u00a0 - Astiblog","isPartOf":{"@id":"https:\/\/astideco.com\/blog\/#website"},"primaryImageOfPage":{"@id":"https:\/\/astideco.com\/blog\/nuevos-packs-de-mesas-de-escritorio-de-madera\/#primaryimage"},"image":{"@id":"https:\/\/astideco.com\/blog\/nuevos-packs-de-mesas-de-escritorio-de-madera\/#primaryimage"},"thumbnailUrl":"https:\/\/astideco.com\/blog\/wp-content\/uploads\/2023\/08\/PATAS-MADERA-BOK-POSICION-4-scaled.jpg","datePublished":"2023-08-08T10:22:58+00:00","dateModified":"2024-07-29T07:22:08+00:00","author":{"@id":"https:\/\/astideco.com\/blog\/#\/schema\/person\/13fd236103c4c231352fb09b2b7ac5cf"},"description":"Septiembre est\u00e1 a la vuelta de la esquina, y la vuelta al cole tambi\u00e9n. Os mostrmos los nuevos packs de mesas de escritorio de madera\u00a0","breadcrumb":{"@id":"https:\/\/astideco.com\/blog\/nuevos-packs-de-mesas-de-escritorio-de-madera\/#breadcrumb"},"inLanguage":"es","potentialAction":[{"@type":"ReadAction","target":["https:\/\/astideco.com\/blog\/nuevos-packs-de-mesas-de-escritorio-de-madera\/"]}]},{"@type":"ImageObject","inLanguage":"es","@id":"https:\/\/astideco.com\/blog\/nuevos-packs-de-mesas-de-escritorio-de-madera\/#primaryimage","url":"https:\/\/astideco.com\/blog\/wp-content\/uploads\/2023\/08\/PATAS-MADERA-BOK-POSICION-4-scaled.jpg","contentUrl":"https:\/\/astideco.com\/blog\/wp-content\/uploads\/2023\/08\/PATAS-MADERA-BOK-POSICION-4-scaled.jpg","width":2560,"height":1846},{"@type":"BreadcrumbList","@id":"https:\/\/astideco.com\/blog\/nuevos-packs-de-mesas-de-escritorio-de-madera\/#breadcrumb","itemListElement":[{"@type":"ListItem","position":1,"name":"Portada","item":"https:\/\/astideco.com\/blog\/"},{"@type":"ListItem","position":2,"name":"Nuevos packs de mesas de escritorio de madera\u00a0"}]},{"@type":"WebSite","@id":"https:\/\/astideco.com\/blog\/#website","url":"https:\/\/astideco.com\/blog\/","name":"Astiblog","description":"Blog de Astideco.com","potentialAction":[{"@type":"SearchAction","target":{"@type":"EntryPoint","urlTemplate":"https:\/\/astideco.com\/blog\/?s={search_term_string}"},"query-input":{"@type":"PropertyValueSpecification","valueRequired":true,"valueName":"search_term_string"}}],"inLanguage":"es"},{"@type":"Person","@id":"https:\/\/astideco.com\/blog\/#\/schema\/person\/13fd236103c4c231352fb09b2b7ac5cf","name":"Astigarraga Kit Line"}]}},"_links":{"self":[{"href":"https:\/\/astideco.com\/blog\/wp-json\/wp\/v2\/posts\/4796","targetHints":{"allow":["GET"]}}],"collection":[{"href":"https:\/\/astideco.com\/blog\/wp-json\/wp\/v2\/posts"}],"about":[{"href":"https:\/\/astideco.com\/blog\/wp-json\/wp\/v2\/types\/post"}],"author":[{"embeddable":true,"href":"https:\/\/astideco.com\/blog\/wp-json\/wp\/v2\/users\/6"}],"replies":[{"embeddable":true,"href":"https:\/\/astideco.com\/blog\/wp-json\/wp\/v2\/comments?post=4796"}],"version-history":[{"count":7,"href":"https:\/\/astideco.com\/blog\/wp-json\/wp\/v2\/posts\/4796\/revisions"}],"predecessor-version":[{"id":4814,"href":"https:\/\/astideco.com\/blog\/wp-json\/wp\/v2\/posts\/4796\/revisions\/4814"}],"wp:featuredmedia":[{"embeddable":true,"href":"https:\/\/astideco.com\/blog\/wp-json\/wp\/v2\/media\/4815"}],"wp:attachment":[{"href":"https:\/\/astideco.com\/blog\/wp-json\/wp\/v2\/media?parent=4796"}],"wp:term":[{"taxonomy":"category","embeddable":true,"href":"https:\/\/astideco.com\/blog\/wp-json\/wp\/v2\/categories?post=4796"},{"taxonomy":"post_tag","embeddable":true,"href":"https:\/\/astideco.com\/blog\/wp-json\/wp\/v2\/tags?post=4796"}],"curies":[{"name":"wp","href":"https:\/\/api.w.org\/{rel}","templated":true}]}}