{"id":4751,"date":"2023-06-30T16:45:26","date_gmt":"2023-06-30T16:45:26","guid":{"rendered":"https:\/\/astideco.com\/blog\/?p=4751"},"modified":"2023-07-20T15:48:12","modified_gmt":"2023-07-20T15:48:12","slug":"nuevas-puertas-para-las-estanterias-de-madera-gala","status":"publish","type":"post","link":"https:\/\/astideco.com\/blog\/nuevas-puertas-para-las-estanterias-de-madera-gala\/","title":{"rendered":"Nuevas puertas para las estanter\u00edas de madera GALA"},"content":{"rendered":"<p><span>Astigarraga kit Line se asoma a esta ventana con m\u00e1s novedades. Nos gusta sorprenderte con ideas de decoraci\u00f3n para ordenar y amueblar tu sal\u00f3n, dormitorio, despensa, cocina o recibidor. Las <span><a href=\"https:\/\/astideco.com\/es\/estanterias-librerias\" target=\"_blank\" rel=\"noopener\"><span><strong>estanter\u00edas de madera GALA<\/strong><\/span><\/a><\/span> son ya conocidas. Est\u00e1n disponibles en diversos tama\u00f1os y puedes utilizarlas en cualquier estancia del hogar. Su versatilidad y funcionalidad hace posible que puedas aprovechar al m\u00e1ximo el espacio. Y, \u00bfcu\u00e1l es la novedad? Te preguntar\u00e1s. \u00a1Los nuevos complementos! Hoy te presentamos las <strong>nuevas puertas para las estanter\u00edas de madera GALA<\/strong>. Bueno y tambi\u00e9n las <strong>nuevas baldas extra<\/strong> que, a partir de ahora, podr\u00e1s incorporar a estos muebles de almacenaje.\u00a0 \u00a1No pierdas detalle!<\/span><\/p>\n<p><span><strong>\u00bfEstanter\u00edas abiertas o cerradas?<\/strong> Hay quienes son m\u00e1s fan de las primeras y otros que prefieren las segundas porque les transmiten m\u00e1s paz y no hay que andar limpiando el polvo cada dos por tres. En las estanter\u00edas cerradas, todo permanece oculto, ajeno a la vista y claro, \u00a1ojos que no ven, coraz\u00f3n que no siente! El ruido visual, todo aquello que nos resulta desagradable, molesto e inc\u00f3modo a la vista desde un punto de vista est\u00e9tico, desaparece.<\/span><\/p>\n<p><span>La primera novedad de las estanter\u00edas de madera GALA posibilita que pod\u00e1is montar una estanter\u00eda cerrada. Sabemos que ordenar es una de esas tareas de hogar tediosas y, aunque no lo podemos hacer por ti, s\u00ed que podemos ayudarte y poner los medios para que se convierta en una tarea m\u00e1s sencilla. Eso s\u00ed: hay que realizar un peque\u00f1o esfuerzo de guardar las cosas dentro con mimo y orden.<\/span><\/p>\n<h2><span>Puertas de madera para estanter\u00edas de madera GALA<\/span><\/h2>\n<p><span>Las nuevas puertas son exclusivas para las estanter\u00edas de madera de la colecci\u00f3n GALA. Dependiendo del m\u00f3dulo que elijas, necesitar\u00e1s una opci\u00f3n u otra:<\/span><\/p>\n<ul>\n<li><span>Para las estanter\u00edas de madera de 4, 6 y 7 baldas y de <\/span><b>80 cm de ancho<\/b><span>, tienes que colocar el <strong>kit de dos puertas<\/strong>.<\/span><\/li>\n<li>Para las estanter\u00edas de madera de 4, 6 y 7 baldas y de <b>50 cm de ancho<\/b>, basta con fijar la <strong>puerta individual<\/strong>.<\/li>\n<\/ul>\n<p>&nbsp;<\/p>\n<p><span>D\u00f3nde coloques las puertas, depende de ti. Porque las opciones son varias. Si te encuentras a medio camino entre optar por una estanter\u00eda cerrada o una abierta, puedes combinar ambas ideas. Como en la imagen, coloca una parte inferior con puertas, para ocultar lo que no quieres que se vea y as\u00ed eliminar el caos; y opta por una parte superior m\u00e1s decorativa con las baldas abiertas, donde puedes dar protagonismo a tus libros, fotograf\u00edas u otros objetos preferidos.<\/span><\/p>\n<p><img decoding=\"async\" class=\"lazyload alignnone size-fusion-1200 wp-image-4754\" src=\"https:\/\/astideco.com\/blog\/wp-content\/uploads\/2023\/07\/estanterias-madera-gala-con-puertas-1200x1592.jpg\" data-orig-src=\"https:\/\/astideco.com\/blog\/wp-content\/uploads\/2023\/07\/estanterias-madera-gala-con-puertas-1200x1592.jpg\" alt=\"\" width=\"1200\" height=\"1592\" srcset=\"data:image\/svg+xml,%3Csvg%20xmlns%3D%27http%3A%2F%2Fwww.w3.org%2F2000%2Fsvg%27%20width%3D%271200%27%20height%3D%271592%27%20viewBox%3D%270%200%201200%201592%27%3E%3Crect%20width%3D%271200%27%20height%3D%271592%27%20fill-opacity%3D%220%22%2F%3E%3C%2Fsvg%3E\" data-srcset=\"https:\/\/astideco.com\/blog\/wp-content\/uploads\/2023\/07\/estanterias-madera-gala-con-puertas-200x265.jpg 200w, https:\/\/astideco.com\/blog\/wp-content\/uploads\/2023\/07\/estanterias-madera-gala-con-puertas-226x300.jpg 226w, https:\/\/astideco.com\/blog\/wp-content\/uploads\/2023\/07\/estanterias-madera-gala-con-puertas-400x531.jpg 400w, https:\/\/astideco.com\/blog\/wp-content\/uploads\/2023\/07\/estanterias-madera-gala-con-puertas-600x796.jpg 600w, https:\/\/astideco.com\/blog\/wp-content\/uploads\/2023\/07\/estanterias-madera-gala-con-puertas-768x1019.jpg 768w, https:\/\/astideco.com\/blog\/wp-content\/uploads\/2023\/07\/estanterias-madera-gala-con-puertas-772x1024.jpg 772w, https:\/\/astideco.com\/blog\/wp-content\/uploads\/2023\/07\/estanterias-madera-gala-con-puertas-800x1061.jpg 800w, https:\/\/astideco.com\/blog\/wp-content\/uploads\/2023\/07\/estanterias-madera-gala-con-puertas-1158x1536.jpg 1158w, https:\/\/astideco.com\/blog\/wp-content\/uploads\/2023\/07\/estanterias-madera-gala-con-puertas-1200x1592.jpg 1200w, https:\/\/astideco.com\/blog\/wp-content\/uploads\/2023\/07\/estanterias-madera-gala-con-puertas-1544x2048.jpg 1544w\" data-sizes=\"auto\" data-orig-sizes=\"(max-width: 1200px) 100vw, 1200px\" \/><\/p>\n<p><span>Los <strong>herrajes de fijaci\u00f3n<\/strong> de las puertas vienen <strong>incluidos<\/strong>. Asimismo, las puertas traen sus <strong>tiradores de madera<\/strong> pero las hemos dise\u00f1ado sin el agujero pasante, pensando en que si quer\u00e9is colocar otro tirador, lo pod\u00e1is hacer con facilidad. En el mercado existe una oferta espectacular y original de tiradores y quiz\u00e1s, quer\u00e1is aportar otro toque diferente al de la madera natural.\u00a0<\/span><\/p>\n<p><img decoding=\"async\" class=\"lazyload alignnone size-fusion-1200 wp-image-4756\" src=\"https:\/\/astideco.com\/blog\/wp-content\/uploads\/2023\/07\/estanterias-madera-gala-con-puertas-4-1200x1600.jpg\" data-orig-src=\"https:\/\/astideco.com\/blog\/wp-content\/uploads\/2023\/07\/estanterias-madera-gala-con-puertas-4-1200x1600.jpg\" alt=\"\" width=\"1200\" height=\"1600\" srcset=\"data:image\/svg+xml,%3Csvg%20xmlns%3D%27http%3A%2F%2Fwww.w3.org%2F2000%2Fsvg%27%20width%3D%271200%27%20height%3D%271600%27%20viewBox%3D%270%200%201200%201600%27%3E%3Crect%20width%3D%271200%27%20height%3D%271600%27%20fill-opacity%3D%220%22%2F%3E%3C%2Fsvg%3E\" data-srcset=\"https:\/\/astideco.com\/blog\/wp-content\/uploads\/2023\/07\/estanterias-madera-gala-con-puertas-4-200x267.jpg 200w, https:\/\/astideco.com\/blog\/wp-content\/uploads\/2023\/07\/estanterias-madera-gala-con-puertas-4-225x300.jpg 225w, https:\/\/astideco.com\/blog\/wp-content\/uploads\/2023\/07\/estanterias-madera-gala-con-puertas-4-400x533.jpg 400w, https:\/\/astideco.com\/blog\/wp-content\/uploads\/2023\/07\/estanterias-madera-gala-con-puertas-4-600x800.jpg 600w, https:\/\/astideco.com\/blog\/wp-content\/uploads\/2023\/07\/estanterias-madera-gala-con-puertas-4-768x1024.jpg 768w, https:\/\/astideco.com\/blog\/wp-content\/uploads\/2023\/07\/estanterias-madera-gala-con-puertas-4-800x1067.jpg 800w, https:\/\/astideco.com\/blog\/wp-content\/uploads\/2023\/07\/estanterias-madera-gala-con-puertas-4-1152x1536.jpg 1152w, https:\/\/astideco.com\/blog\/wp-content\/uploads\/2023\/07\/estanterias-madera-gala-con-puertas-4-1200x1600.jpg 1200w, https:\/\/astideco.com\/blog\/wp-content\/uploads\/2023\/07\/estanterias-madera-gala-con-puertas-4-1536x2048.jpg 1536w, https:\/\/astideco.com\/blog\/wp-content\/uploads\/2023\/07\/estanterias-madera-gala-con-puertas-4-scaled.jpg 1920w\" data-sizes=\"auto\" data-orig-sizes=\"(max-width: 1200px) 100vw, 1200px\" \/><\/p>\n<h2><span>Baldas adicionales para las estanter\u00edas de madera GALA<\/span><\/h2>\n<p><span>Aparte de las puertas, otro de los complementos que van a permitir optimizar mejor el espacio de las estanter\u00edas de madera GALA es la posibilidad de que puedas incorporar una balda extra, si as\u00ed lo deseas. Muchas veces se pierde mucho espacio entre balda y balda. Por eso, el hecho de que ahora puedas a\u00f1adir los estantes que quieras es una gran ventaja, tanto para las estanter\u00edas de 50 cm de ancho como las de 80 cm.\u00a0<\/span><\/p>\n<p><span><img decoding=\"async\" class=\"lazyload alignnone size-fusion-1200 wp-image-4755\" src=\"https:\/\/astideco.com\/blog\/wp-content\/uploads\/2023\/07\/estanterias-madera-gala-con-puertas-2-1200x858.jpg\" data-orig-src=\"https:\/\/astideco.com\/blog\/wp-content\/uploads\/2023\/07\/estanterias-madera-gala-con-puertas-2-1200x858.jpg\" alt=\"\" width=\"1200\" height=\"858\" srcset=\"data:image\/svg+xml,%3Csvg%20xmlns%3D%27http%3A%2F%2Fwww.w3.org%2F2000%2Fsvg%27%20width%3D%271200%27%20height%3D%27858%27%20viewBox%3D%270%200%201200%20858%27%3E%3Crect%20width%3D%271200%27%20height%3D%27858%27%20fill-opacity%3D%220%22%2F%3E%3C%2Fsvg%3E\" data-srcset=\"https:\/\/astideco.com\/blog\/wp-content\/uploads\/2023\/07\/estanterias-madera-gala-con-puertas-2-200x143.jpg 200w, https:\/\/astideco.com\/blog\/wp-content\/uploads\/2023\/07\/estanterias-madera-gala-con-puertas-2-300x214.jpg 300w, https:\/\/astideco.com\/blog\/wp-content\/uploads\/2023\/07\/estanterias-madera-gala-con-puertas-2-400x286.jpg 400w, https:\/\/astideco.com\/blog\/wp-content\/uploads\/2023\/07\/estanterias-madera-gala-con-puertas-2-600x429.jpg 600w, https:\/\/astideco.com\/blog\/wp-content\/uploads\/2023\/07\/estanterias-madera-gala-con-puertas-2-768x549.jpg 768w, https:\/\/astideco.com\/blog\/wp-content\/uploads\/2023\/07\/estanterias-madera-gala-con-puertas-2-800x572.jpg 800w, https:\/\/astideco.com\/blog\/wp-content\/uploads\/2023\/07\/estanterias-madera-gala-con-puertas-2-1024x733.jpg 1024w, https:\/\/astideco.com\/blog\/wp-content\/uploads\/2023\/07\/estanterias-madera-gala-con-puertas-2-1200x858.jpg 1200w, https:\/\/astideco.com\/blog\/wp-content\/uploads\/2023\/07\/estanterias-madera-gala-con-puertas-2-1536x1099.jpg 1536w\" data-sizes=\"auto\" data-orig-sizes=\"(max-width: 1200px) 100vw, 1200px\" \/><\/span><\/p>\n<p><span>Quiz\u00e1s que hasta ahora solo hayas visto las estanter\u00edas en un sal\u00f3n, no significa que no tengan otros usos. Porque s\u00ed por algo se caracterizan es por su versatilidad. Si eres amante de los espacios ordenados y que transmiten paz, imag\u00ednatelas en un despacho, en un taller, garaje o trastero, y ya ver\u00e1s c\u00f3mo triunfas. Y si no\u2026 \u00a1echa un vistazo!<\/span><\/p>\n<p><img decoding=\"async\" class=\"lazyload alignnone size-fusion-1200 wp-image-4752\" src=\"https:\/\/astideco.com\/blog\/wp-content\/uploads\/2023\/07\/8422341699286_a6-1200x797.jpg\" data-orig-src=\"https:\/\/astideco.com\/blog\/wp-content\/uploads\/2023\/07\/8422341699286_a6-1200x797.jpg\" alt=\"\" width=\"1200\" height=\"797\" srcset=\"data:image\/svg+xml,%3Csvg%20xmlns%3D%27http%3A%2F%2Fwww.w3.org%2F2000%2Fsvg%27%20width%3D%271200%27%20height%3D%27797%27%20viewBox%3D%270%200%201200%20797%27%3E%3Crect%20width%3D%271200%27%20height%3D%27797%27%20fill-opacity%3D%220%22%2F%3E%3C%2Fsvg%3E\" data-srcset=\"https:\/\/astideco.com\/blog\/wp-content\/uploads\/2023\/07\/8422341699286_a6-200x133.jpg 200w, https:\/\/astideco.com\/blog\/wp-content\/uploads\/2023\/07\/8422341699286_a6-300x199.jpg 300w, https:\/\/astideco.com\/blog\/wp-content\/uploads\/2023\/07\/8422341699286_a6-400x266.jpg 400w, https:\/\/astideco.com\/blog\/wp-content\/uploads\/2023\/07\/8422341699286_a6-600x399.jpg 600w, https:\/\/astideco.com\/blog\/wp-content\/uploads\/2023\/07\/8422341699286_a6-768x510.jpg 768w, https:\/\/astideco.com\/blog\/wp-content\/uploads\/2023\/07\/8422341699286_a6-800x531.jpg 800w, https:\/\/astideco.com\/blog\/wp-content\/uploads\/2023\/07\/8422341699286_a6-1024x680.jpg 1024w, https:\/\/astideco.com\/blog\/wp-content\/uploads\/2023\/07\/8422341699286_a6-1200x797.jpg 1200w, https:\/\/astideco.com\/blog\/wp-content\/uploads\/2023\/07\/8422341699286_a6-1536x1020.jpg 1536w\" data-sizes=\"auto\" data-orig-sizes=\"(max-width: 1200px) 100vw, 1200px\" \/><\/p>\n<p><span>Como todo lo que rodea a Astigarraga Kit Line, las estanter\u00edas de madera GALA as\u00ed como sus nuevos complementos est\u00e1n fabricados en madera certificada de pino sin barnizar. Su acabado natural hace que combine a la perfecci\u00f3n con cualquier estilo decorativo, y que la madera sea apta para personalizarla con pintura o barniz.<\/span><\/p>\n<div id=\"attachment_4757\" style=\"width: 1210px\" class=\"wp-caption alignnone\"><img decoding=\"async\" aria-describedby=\"caption-attachment-4757\" class=\"lazyload wp-image-4757\" src=\"https:\/\/astideco.com\/blog\/wp-content\/uploads\/2023\/07\/estanterias-madera-gala-puertas.jpg\" data-orig-src=\"https:\/\/astideco.com\/blog\/wp-content\/uploads\/2023\/07\/estanterias-madera-gala-puertas.jpg\" alt=\"\" width=\"1200\" height=\"1597\" srcset=\"data:image\/svg+xml,%3Csvg%20xmlns%3D%27http%3A%2F%2Fwww.w3.org%2F2000%2Fsvg%27%20width%3D%271200%27%20height%3D%271597%27%20viewBox%3D%270%200%201200%201597%27%3E%3Crect%20width%3D%271200%27%20height%3D%271597%27%20fill-opacity%3D%220%22%2F%3E%3C%2Fsvg%3E\" data-srcset=\"https:\/\/astideco.com\/blog\/wp-content\/uploads\/2023\/07\/estanterias-madera-gala-puertas-200x266.jpg 200w, https:\/\/astideco.com\/blog\/wp-content\/uploads\/2023\/07\/estanterias-madera-gala-puertas-225x300.jpg 225w, https:\/\/astideco.com\/blog\/wp-content\/uploads\/2023\/07\/estanterias-madera-gala-puertas-400x532.jpg 400w, https:\/\/astideco.com\/blog\/wp-content\/uploads\/2023\/07\/estanterias-madera-gala-puertas-600x798.jpg 600w, https:\/\/astideco.com\/blog\/wp-content\/uploads\/2023\/07\/estanterias-madera-gala-puertas.jpg 720w\" data-sizes=\"auto\" data-orig-sizes=\"(max-width: 1200px) 100vw, 1200px\" \/><p id=\"caption-attachment-4757\" class=\"wp-caption-text\">Instagram: <strong>Mycozzyhappyhome<\/strong>. En este caso se ha utilizado un l\u00e1sur protector roble medio.<\/p><\/div>\n<p><span>\u00bfQu\u00e9 te parece el resultado? Estos dos complementos, tanto las puertas como las baldas, no son v\u00e1lidos para las <span><strong><a href=\"https:\/\/astideco.com\/es\/estanterias-librerias\" target=\"_blank\" rel=\"noopener\">estanter\u00edas esquineras de madera GALA<\/a><\/strong><\/span>. Nos encanta escucharos y que nos dej\u00e9is vuestras opiniones en comentarios. Muchos de los productos que dise\u00f1amos son peticiones vuestras que nos lanz\u00e1is a trav\u00e9s de la web o en redes sociales.<\/span><\/p>\n","protected":false},"excerpt":{"rendered":"<p>Astigarraga kit Line se asoma a esta ventana con m\u00e1s novedades. Nos gusta sorprenderte con ideas de decoraci\u00f3n para ordenar y amueblar tu sal\u00f3n, dormitorio, despensa, cocina o recibidor. Las estanter\u00edas de madera GALA son ya conocidas. Est\u00e1n disponibles en  [..]<\/p>\n","protected":false},"author":6,"featured_media":4753,"comment_status":"open","ping_status":"open","sticky":false,"template":"","format":"standard","meta":{"footnotes":""},"categories":[15],"tags":[],"class_list":["post-4751","post","type-post","status-publish","format-standard","has-post-thumbnail","hentry","category-producto"],"yoast_head":"<!-- This site is optimized with the Yoast SEO plugin v27.0 - https:\/\/yoast.com\/product\/yoast-seo-wordpress\/ -->\n<title>Nuevas puertas para las estanter\u00edas de madera GALA - Astiblog<\/title>\n<meta name=\"description\" content=\"M\u00e1s novedades para que ordenes y decores con estilo. Os presentamos las nuevas baldas y puertas para las estanter\u00edas de madera GALA\" \/>\n<meta name=\"robots\" content=\"index, follow, max-snippet:-1, max-image-preview:large, max-video-preview:-1\" \/>\n<link rel=\"canonical\" href=\"https:\/\/astideco.com\/blog\/nuevas-puertas-para-las-estanterias-de-madera-gala\/\" \/>\n<meta property=\"og:locale\" content=\"es_ES\" \/>\n<meta property=\"og:type\" content=\"article\" \/>\n<meta property=\"og:title\" content=\"Nuevas puertas para las estanter\u00edas de madera GALA - Astiblog\" \/>\n<meta property=\"og:description\" content=\"M\u00e1s novedades para que ordenes y decores con estilo. Os presentamos las nuevas baldas y puertas para las estanter\u00edas de madera GALA\" \/>\n<meta property=\"og:url\" content=\"https:\/\/astideco.com\/blog\/nuevas-puertas-para-las-estanterias-de-madera-gala\/\" \/>\n<meta property=\"og:site_name\" content=\"Astiblog\" \/>\n<meta property=\"article:published_time\" content=\"2023-06-30T16:45:26+00:00\" \/>\n<meta property=\"article:modified_time\" content=\"2023-07-20T15:48:12+00:00\" \/>\n<meta property=\"og:image\" content=\"https:\/\/astideco.com\/blog\/wp-content\/uploads\/2023\/07\/estanterias-gala-madera-astigarraga-kit-line-1024x787.jpg\" \/>\n\t<meta property=\"og:image:width\" content=\"1024\" \/>\n\t<meta property=\"og:image:height\" content=\"787\" \/>\n\t<meta property=\"og:image:type\" content=\"image\/jpeg\" \/>\n<meta name=\"author\" content=\"Astigarraga Kit Line\" \/>\n<meta name=\"twitter:card\" content=\"summary_large_image\" \/>\n<meta name=\"twitter:label1\" content=\"Escrito por\" \/>\n\t<meta name=\"twitter:data1\" content=\"Astigarraga Kit Line\" \/>\n\t<meta name=\"twitter:label2\" content=\"Tiempo de lectura\" \/>\n\t<meta name=\"twitter:data2\" content=\"5 minutos\" \/>\n<script type=\"application\/ld+json\" class=\"yoast-schema-graph\">{\"@context\":\"https:\/\/schema.org\",\"@graph\":[{\"@type\":\"Article\",\"@id\":\"https:\/\/astideco.com\/blog\/nuevas-puertas-para-las-estanterias-de-madera-gala\/#article\",\"isPartOf\":{\"@id\":\"https:\/\/astideco.com\/blog\/nuevas-puertas-para-las-estanterias-de-madera-gala\/\"},\"author\":{\"name\":\"Astigarraga Kit Line\",\"@id\":\"https:\/\/astideco.com\/blog\/#\/schema\/person\/13fd236103c4c231352fb09b2b7ac5cf\"},\"headline\":\"Nuevas puertas para las estanter\u00edas de madera GALA\",\"datePublished\":\"2023-06-30T16:45:26+00:00\",\"dateModified\":\"2023-07-20T15:48:12+00:00\",\"mainEntityOfPage\":{\"@id\":\"https:\/\/astideco.com\/blog\/nuevas-puertas-para-las-estanterias-de-madera-gala\/\"},\"wordCount\":811,\"commentCount\":0,\"image\":{\"@id\":\"https:\/\/astideco.com\/blog\/nuevas-puertas-para-las-estanterias-de-madera-gala\/#primaryimage\"},\"thumbnailUrl\":\"https:\/\/astideco.com\/blog\/wp-content\/uploads\/2023\/07\/estanterias-gala-madera-astigarraga-kit-line-scaled.jpg\",\"articleSection\":[\"Producto\"],\"inLanguage\":\"es\",\"potentialAction\":[{\"@type\":\"CommentAction\",\"name\":\"Comment\",\"target\":[\"https:\/\/astideco.com\/blog\/nuevas-puertas-para-las-estanterias-de-madera-gala\/#respond\"]}]},{\"@type\":\"WebPage\",\"@id\":\"https:\/\/astideco.com\/blog\/nuevas-puertas-para-las-estanterias-de-madera-gala\/\",\"url\":\"https:\/\/astideco.com\/blog\/nuevas-puertas-para-las-estanterias-de-madera-gala\/\",\"name\":\"Nuevas puertas para las estanter\u00edas de madera GALA - Astiblog\",\"isPartOf\":{\"@id\":\"https:\/\/astideco.com\/blog\/#website\"},\"primaryImageOfPage\":{\"@id\":\"https:\/\/astideco.com\/blog\/nuevas-puertas-para-las-estanterias-de-madera-gala\/#primaryimage\"},\"image\":{\"@id\":\"https:\/\/astideco.com\/blog\/nuevas-puertas-para-las-estanterias-de-madera-gala\/#primaryimage\"},\"thumbnailUrl\":\"https:\/\/astideco.com\/blog\/wp-content\/uploads\/2023\/07\/estanterias-gala-madera-astigarraga-kit-line-scaled.jpg\",\"datePublished\":\"2023-06-30T16:45:26+00:00\",\"dateModified\":\"2023-07-20T15:48:12+00:00\",\"author\":{\"@id\":\"https:\/\/astideco.com\/blog\/#\/schema\/person\/13fd236103c4c231352fb09b2b7ac5cf\"},\"description\":\"M\u00e1s novedades para que ordenes y decores con estilo. Os presentamos las nuevas baldas y puertas para las estanter\u00edas de madera GALA\",\"breadcrumb\":{\"@id\":\"https:\/\/astideco.com\/blog\/nuevas-puertas-para-las-estanterias-de-madera-gala\/#breadcrumb\"},\"inLanguage\":\"es\",\"potentialAction\":[{\"@type\":\"ReadAction\",\"target\":[\"https:\/\/astideco.com\/blog\/nuevas-puertas-para-las-estanterias-de-madera-gala\/\"]}]},{\"@type\":\"ImageObject\",\"inLanguage\":\"es\",\"@id\":\"https:\/\/astideco.com\/blog\/nuevas-puertas-para-las-estanterias-de-madera-gala\/#primaryimage\",\"url\":\"https:\/\/astideco.com\/blog\/wp-content\/uploads\/2023\/07\/estanterias-gala-madera-astigarraga-kit-line-scaled.jpg\",\"contentUrl\":\"https:\/\/astideco.com\/blog\/wp-content\/uploads\/2023\/07\/estanterias-gala-madera-astigarraga-kit-line-scaled.jpg\",\"width\":2560,\"height\":1968},{\"@type\":\"BreadcrumbList\",\"@id\":\"https:\/\/astideco.com\/blog\/nuevas-puertas-para-las-estanterias-de-madera-gala\/#breadcrumb\",\"itemListElement\":[{\"@type\":\"ListItem\",\"position\":1,\"name\":\"Portada\",\"item\":\"https:\/\/astideco.com\/blog\/\"},{\"@type\":\"ListItem\",\"position\":2,\"name\":\"Nuevas puertas para las estanter\u00edas de madera GALA\"}]},{\"@type\":\"WebSite\",\"@id\":\"https:\/\/astideco.com\/blog\/#website\",\"url\":\"https:\/\/astideco.com\/blog\/\",\"name\":\"Astiblog\",\"description\":\"Blog de Astideco.com\",\"potentialAction\":[{\"@type\":\"SearchAction\",\"target\":{\"@type\":\"EntryPoint\",\"urlTemplate\":\"https:\/\/astideco.com\/blog\/?s={search_term_string}\"},\"query-input\":{\"@type\":\"PropertyValueSpecification\",\"valueRequired\":true,\"valueName\":\"search_term_string\"}}],\"inLanguage\":\"es\"},{\"@type\":\"Person\",\"@id\":\"https:\/\/astideco.com\/blog\/#\/schema\/person\/13fd236103c4c231352fb09b2b7ac5cf\",\"name\":\"Astigarraga Kit Line\"}]}<\/script>\n<!-- \/ Yoast SEO plugin. -->","yoast_head_json":{"title":"Nuevas puertas para las estanter\u00edas de madera GALA - Astiblog","description":"M\u00e1s novedades para que ordenes y decores con estilo. Os presentamos las nuevas baldas y puertas para las estanter\u00edas de madera GALA","robots":{"index":"index","follow":"follow","max-snippet":"max-snippet:-1","max-image-preview":"max-image-preview:large","max-video-preview":"max-video-preview:-1"},"canonical":"https:\/\/astideco.com\/blog\/nuevas-puertas-para-las-estanterias-de-madera-gala\/","og_locale":"es_ES","og_type":"article","og_title":"Nuevas puertas para las estanter\u00edas de madera GALA - Astiblog","og_description":"M\u00e1s novedades para que ordenes y decores con estilo. Os presentamos las nuevas baldas y puertas para las estanter\u00edas de madera GALA","og_url":"https:\/\/astideco.com\/blog\/nuevas-puertas-para-las-estanterias-de-madera-gala\/","og_site_name":"Astiblog","article_published_time":"2023-06-30T16:45:26+00:00","article_modified_time":"2023-07-20T15:48:12+00:00","og_image":[{"width":1024,"height":787,"url":"https:\/\/astideco.com\/blog\/wp-content\/uploads\/2023\/07\/estanterias-gala-madera-astigarraga-kit-line-1024x787.jpg","type":"image\/jpeg"}],"author":"Astigarraga Kit Line","twitter_card":"summary_large_image","twitter_misc":{"Escrito por":"Astigarraga Kit Line","Tiempo de lectura":"5 minutos"},"schema":{"@context":"https:\/\/schema.org","@graph":[{"@type":"Article","@id":"https:\/\/astideco.com\/blog\/nuevas-puertas-para-las-estanterias-de-madera-gala\/#article","isPartOf":{"@id":"https:\/\/astideco.com\/blog\/nuevas-puertas-para-las-estanterias-de-madera-gala\/"},"author":{"name":"Astigarraga Kit Line","@id":"https:\/\/astideco.com\/blog\/#\/schema\/person\/13fd236103c4c231352fb09b2b7ac5cf"},"headline":"Nuevas puertas para las estanter\u00edas de madera GALA","datePublished":"2023-06-30T16:45:26+00:00","dateModified":"2023-07-20T15:48:12+00:00","mainEntityOfPage":{"@id":"https:\/\/astideco.com\/blog\/nuevas-puertas-para-las-estanterias-de-madera-gala\/"},"wordCount":811,"commentCount":0,"image":{"@id":"https:\/\/astideco.com\/blog\/nuevas-puertas-para-las-estanterias-de-madera-gala\/#primaryimage"},"thumbnailUrl":"https:\/\/astideco.com\/blog\/wp-content\/uploads\/2023\/07\/estanterias-gala-madera-astigarraga-kit-line-scaled.jpg","articleSection":["Producto"],"inLanguage":"es","potentialAction":[{"@type":"CommentAction","name":"Comment","target":["https:\/\/astideco.com\/blog\/nuevas-puertas-para-las-estanterias-de-madera-gala\/#respond"]}]},{"@type":"WebPage","@id":"https:\/\/astideco.com\/blog\/nuevas-puertas-para-las-estanterias-de-madera-gala\/","url":"https:\/\/astideco.com\/blog\/nuevas-puertas-para-las-estanterias-de-madera-gala\/","name":"Nuevas puertas para las estanter\u00edas de madera GALA - Astiblog","isPartOf":{"@id":"https:\/\/astideco.com\/blog\/#website"},"primaryImageOfPage":{"@id":"https:\/\/astideco.com\/blog\/nuevas-puertas-para-las-estanterias-de-madera-gala\/#primaryimage"},"image":{"@id":"https:\/\/astideco.com\/blog\/nuevas-puertas-para-las-estanterias-de-madera-gala\/#primaryimage"},"thumbnailUrl":"https:\/\/astideco.com\/blog\/wp-content\/uploads\/2023\/07\/estanterias-gala-madera-astigarraga-kit-line-scaled.jpg","datePublished":"2023-06-30T16:45:26+00:00","dateModified":"2023-07-20T15:48:12+00:00","author":{"@id":"https:\/\/astideco.com\/blog\/#\/schema\/person\/13fd236103c4c231352fb09b2b7ac5cf"},"description":"M\u00e1s novedades para que ordenes y decores con estilo. Os presentamos las nuevas baldas y puertas para las estanter\u00edas de madera GALA","breadcrumb":{"@id":"https:\/\/astideco.com\/blog\/nuevas-puertas-para-las-estanterias-de-madera-gala\/#breadcrumb"},"inLanguage":"es","potentialAction":[{"@type":"ReadAction","target":["https:\/\/astideco.com\/blog\/nuevas-puertas-para-las-estanterias-de-madera-gala\/"]}]},{"@type":"ImageObject","inLanguage":"es","@id":"https:\/\/astideco.com\/blog\/nuevas-puertas-para-las-estanterias-de-madera-gala\/#primaryimage","url":"https:\/\/astideco.com\/blog\/wp-content\/uploads\/2023\/07\/estanterias-gala-madera-astigarraga-kit-line-scaled.jpg","contentUrl":"https:\/\/astideco.com\/blog\/wp-content\/uploads\/2023\/07\/estanterias-gala-madera-astigarraga-kit-line-scaled.jpg","width":2560,"height":1968},{"@type":"BreadcrumbList","@id":"https:\/\/astideco.com\/blog\/nuevas-puertas-para-las-estanterias-de-madera-gala\/#breadcrumb","itemListElement":[{"@type":"ListItem","position":1,"name":"Portada","item":"https:\/\/astideco.com\/blog\/"},{"@type":"ListItem","position":2,"name":"Nuevas puertas para las estanter\u00edas de madera GALA"}]},{"@type":"WebSite","@id":"https:\/\/astideco.com\/blog\/#website","url":"https:\/\/astideco.com\/blog\/","name":"Astiblog","description":"Blog de Astideco.com","potentialAction":[{"@type":"SearchAction","target":{"@type":"EntryPoint","urlTemplate":"https:\/\/astideco.com\/blog\/?s={search_term_string}"},"query-input":{"@type":"PropertyValueSpecification","valueRequired":true,"valueName":"search_term_string"}}],"inLanguage":"es"},{"@type":"Person","@id":"https:\/\/astideco.com\/blog\/#\/schema\/person\/13fd236103c4c231352fb09b2b7ac5cf","name":"Astigarraga Kit Line"}]}},"_links":{"self":[{"href":"https:\/\/astideco.com\/blog\/wp-json\/wp\/v2\/posts\/4751","targetHints":{"allow":["GET"]}}],"collection":[{"href":"https:\/\/astideco.com\/blog\/wp-json\/wp\/v2\/posts"}],"about":[{"href":"https:\/\/astideco.com\/blog\/wp-json\/wp\/v2\/types\/post"}],"author":[{"embeddable":true,"href":"https:\/\/astideco.com\/blog\/wp-json\/wp\/v2\/users\/6"}],"replies":[{"embeddable":true,"href":"https:\/\/astideco.com\/blog\/wp-json\/wp\/v2\/comments?post=4751"}],"version-history":[{"count":4,"href":"https:\/\/astideco.com\/blog\/wp-json\/wp\/v2\/posts\/4751\/revisions"}],"predecessor-version":[{"id":4761,"href":"https:\/\/astideco.com\/blog\/wp-json\/wp\/v2\/posts\/4751\/revisions\/4761"}],"wp:featuredmedia":[{"embeddable":true,"href":"https:\/\/astideco.com\/blog\/wp-json\/wp\/v2\/media\/4753"}],"wp:attachment":[{"href":"https:\/\/astideco.com\/blog\/wp-json\/wp\/v2\/media?parent=4751"}],"wp:term":[{"taxonomy":"category","embeddable":true,"href":"https:\/\/astideco.com\/blog\/wp-json\/wp\/v2\/categories?post=4751"},{"taxonomy":"post_tag","embeddable":true,"href":"https:\/\/astideco.com\/blog\/wp-json\/wp\/v2\/tags?post=4751"}],"curies":[{"name":"wp","href":"https:\/\/api.w.org\/{rel}","templated":true}]}}