{"id":4709,"date":"2023-06-20T05:41:52","date_gmt":"2023-06-20T05:41:52","guid":{"rendered":"https:\/\/astideco.com\/blog\/?p=4709"},"modified":"2023-07-25T06:27:15","modified_gmt":"2023-07-25T06:27:15","slug":"patas-de-madera-bok-para-una-mesa-de-comedor-o-escritorio","status":"publish","type":"post","link":"https:\/\/astideco.com\/blog\/patas-de-madera-bok-para-una-mesa-de-comedor-o-escritorio\/","title":{"rendered":"Patas de madera BOK para una mesa de comedor o escritorio"},"content":{"rendered":"<p>Lanzar cualquier novedad es un evento emocionante que representa un hijo importante en la vida de cualquier empresa. En esas estamos ahora. Por delante nos esperan d\u00edas de presentaci\u00f3n de los nuevos productos con el deseo de ofreceros nuevas soluciones de almacenaje e ideas de decoraci\u00f3n que sean de vuestro inter\u00e9s. Muebles y soluciones funcionales imprescindibles para decorar y ordenar cada habitaci\u00f3n: desde el sal\u00f3n, la cocina, el ba\u00f1o o el trastero hasta una oficina o negocio. Hoy os presentamos el primero de ellos: <strong>las nuevas patas de madera BOK para una mesa de comedor o escritorio<\/strong>.<\/p>\n<p>A falta de una, son dos patas de madera. Dos referencias distintas pero que cada una de ellas permite m\u00faltiples posibilidades de montaje. Diferentes posiciones. Diferentes dise\u00f1os para decorar con madera natural tu comedor o home office y, lo m\u00e1s importante, con estilo y originalidad. Y siempre con el sello de <a href=\"https:\/\/www.pefc.es\/\" target=\"_blank\" rel=\"noopener\"><strong>PEFC<\/strong><\/a>, que garantiza que la madera proviene de la gesti\u00f3n sostenible de los bosques. \u00a1No te pierdas ning\u00fan detalle!<\/p>\n<h2><a href=\"http:\/\/Link: https:\/\/astideco.com\/es\/patas-de-madera-para-mesas\/patas-madera-para-mesa-comedor-2-posiciones\" target=\"_blank\" rel=\"noopener\"><span><span>Patas de madera BOK, dos posiciones diferentes<\/span><\/span><\/a><\/h2>\n<p>Todo el mundo sabe c\u00f3mo es la estructura de una mesa: un tablero sostenido a la altura conveniente por una o varias patas. Podr\u00e1 ser cuadrada, redonda o rectangular pero estas dos partes son comunes a todas las mesas.<\/p>\n<p>BOK suena bien, \u00bfverdad? Pues mejor si os lo ense\u00f1amos en im\u00e1genes, porque esto de que una pata de madera de pino macizo pueda transformarse, seg\u00fan como la montes, en dos patas diferentes se antoja original y divertido.<\/p>\n<p><img decoding=\"async\" class=\"lazyload alignnone wp-image-4713 size-fusion-1200\" src=\"https:\/\/astideco.com\/blog\/wp-content\/uploads\/2023\/06\/REF-BOK-PIEXL2-1200x846.jpg\" data-orig-src=\"https:\/\/astideco.com\/blog\/wp-content\/uploads\/2023\/06\/REF-BOK-PIEXL2-1200x846.jpg\" alt=\"\" width=\"1200\" height=\"846\" srcset=\"data:image\/svg+xml,%3Csvg%20xmlns%3D%27http%3A%2F%2Fwww.w3.org%2F2000%2Fsvg%27%20width%3D%271200%27%20height%3D%27846%27%20viewBox%3D%270%200%201200%20846%27%3E%3Crect%20width%3D%271200%27%20height%3D%27846%27%20fill-opacity%3D%220%22%2F%3E%3C%2Fsvg%3E\" data-srcset=\"https:\/\/astideco.com\/blog\/wp-content\/uploads\/2023\/06\/REF-BOK-PIEXL2-200x141.jpg 200w, https:\/\/astideco.com\/blog\/wp-content\/uploads\/2023\/06\/REF-BOK-PIEXL2-300x211.jpg 300w, https:\/\/astideco.com\/blog\/wp-content\/uploads\/2023\/06\/REF-BOK-PIEXL2-400x282.jpg 400w, https:\/\/astideco.com\/blog\/wp-content\/uploads\/2023\/06\/REF-BOK-PIEXL2-600x423.jpg 600w, https:\/\/astideco.com\/blog\/wp-content\/uploads\/2023\/06\/REF-BOK-PIEXL2-768x541.jpg 768w, https:\/\/astideco.com\/blog\/wp-content\/uploads\/2023\/06\/REF-BOK-PIEXL2-800x564.jpg 800w, https:\/\/astideco.com\/blog\/wp-content\/uploads\/2023\/06\/REF-BOK-PIEXL2-1024x722.jpg 1024w, https:\/\/astideco.com\/blog\/wp-content\/uploads\/2023\/06\/REF-BOK-PIEXL2-1200x846.jpg 1200w, https:\/\/astideco.com\/blog\/wp-content\/uploads\/2023\/06\/REF-BOK-PIEXL2-1536x1083.jpg 1536w\" data-sizes=\"auto\" data-orig-sizes=\"(max-width: 1200px) 100vw, 1200px\" \/><\/p>\n<p>\u00bfQu\u00e9 te parece? Esta pata de madera, con forma de \u2018W\u2019, permite estas <strong>dos posiciones<\/strong>. Est\u00e1 especialmente recomendada para <strong>montar una mesa de comedor amplia<\/strong>. Combina un par de estas patas con nuestro <span><a href=\"https:\/\/astideco.com\/es\/mesas-y-escritorios\/tablero-de-madera-de-pino-para-mesa-comedor-160x80-cm-gran-grosor-de-3-cm\" target=\"_blank\" rel=\"noopener\"><span><strong>tablero de madera de 160&#215;80 cm<\/strong><\/span><\/a><\/span> y el espect\u00e1culo de mesa de comedor que vas a lograr, est\u00e1 asegurado. Resistente y original, con estas patas tambi\u00e9n puedes disfrutar de una elegante mesa de trabajo en casa o en una oficina. Sea una mesa para tu sal\u00f3n o cocina, sea un escritorio para un home office, cr\u00e9enos: estas patas van a transformar por completo la apariencia de cualquier mesa dot\u00e1ndole de una personalidad arrolladora.<\/p>\n<p><img decoding=\"async\" class=\"lazyload alignnone size-fusion-1200 wp-image-4712\" src=\"https:\/\/astideco.com\/blog\/wp-content\/uploads\/2023\/06\/patas-madera-mesas-astigarraga-kit-line-1200x938.jpg\" data-orig-src=\"https:\/\/astideco.com\/blog\/wp-content\/uploads\/2023\/06\/patas-madera-mesas-astigarraga-kit-line-1200x938.jpg\" alt=\"\" width=\"1200\" height=\"938\" srcset=\"data:image\/svg+xml,%3Csvg%20xmlns%3D%27http%3A%2F%2Fwww.w3.org%2F2000%2Fsvg%27%20width%3D%271200%27%20height%3D%27938%27%20viewBox%3D%270%200%201200%20938%27%3E%3Crect%20width%3D%271200%27%20height%3D%27938%27%20fill-opacity%3D%220%22%2F%3E%3C%2Fsvg%3E\" data-srcset=\"https:\/\/astideco.com\/blog\/wp-content\/uploads\/2023\/06\/patas-madera-mesas-astigarraga-kit-line-200x156.jpg 200w, https:\/\/astideco.com\/blog\/wp-content\/uploads\/2023\/06\/patas-madera-mesas-astigarraga-kit-line-300x234.jpg 300w, https:\/\/astideco.com\/blog\/wp-content\/uploads\/2023\/06\/patas-madera-mesas-astigarraga-kit-line-400x313.jpg 400w, https:\/\/astideco.com\/blog\/wp-content\/uploads\/2023\/06\/patas-madera-mesas-astigarraga-kit-line-600x469.jpg 600w, https:\/\/astideco.com\/blog\/wp-content\/uploads\/2023\/06\/patas-madera-mesas-astigarraga-kit-line-768x600.jpg 768w, https:\/\/astideco.com\/blog\/wp-content\/uploads\/2023\/06\/patas-madera-mesas-astigarraga-kit-line-800x625.jpg 800w, https:\/\/astideco.com\/blog\/wp-content\/uploads\/2023\/06\/patas-madera-mesas-astigarraga-kit-line-1024x800.jpg 1024w, https:\/\/astideco.com\/blog\/wp-content\/uploads\/2023\/06\/patas-madera-mesas-astigarraga-kit-line-1200x938.jpg 1200w, https:\/\/astideco.com\/blog\/wp-content\/uploads\/2023\/06\/patas-madera-mesas-astigarraga-kit-line-1536x1200.jpg 1536w\" data-sizes=\"auto\" data-orig-sizes=\"(max-width: 1200px) 100vw, 1200px\" \/><\/p>\n<p>&nbsp;<\/p>\n<p><img decoding=\"async\" class=\"lazyload alignnone size-fusion-1200 wp-image-4714\" src=\"https:\/\/astideco.com\/blog\/wp-content\/uploads\/2023\/06\/8422341699262_a5-1200x837.jpg\" data-orig-src=\"https:\/\/astideco.com\/blog\/wp-content\/uploads\/2023\/06\/8422341699262_a5-1200x837.jpg\" alt=\"\" width=\"1200\" height=\"837\" srcset=\"data:image\/svg+xml,%3Csvg%20xmlns%3D%27http%3A%2F%2Fwww.w3.org%2F2000%2Fsvg%27%20width%3D%271200%27%20height%3D%27837%27%20viewBox%3D%270%200%201200%20837%27%3E%3Crect%20width%3D%271200%27%20height%3D%27837%27%20fill-opacity%3D%220%22%2F%3E%3C%2Fsvg%3E\" data-srcset=\"https:\/\/astideco.com\/blog\/wp-content\/uploads\/2023\/06\/8422341699262_a5-200x139.jpg 200w, https:\/\/astideco.com\/blog\/wp-content\/uploads\/2023\/06\/8422341699262_a5-300x209.jpg 300w, https:\/\/astideco.com\/blog\/wp-content\/uploads\/2023\/06\/8422341699262_a5-400x279.jpg 400w, https:\/\/astideco.com\/blog\/wp-content\/uploads\/2023\/06\/8422341699262_a5-600x418.jpg 600w, https:\/\/astideco.com\/blog\/wp-content\/uploads\/2023\/06\/8422341699262_a5-768x535.jpg 768w, https:\/\/astideco.com\/blog\/wp-content\/uploads\/2023\/06\/8422341699262_a5-800x558.jpg 800w, https:\/\/astideco.com\/blog\/wp-content\/uploads\/2023\/06\/8422341699262_a5-1024x714.jpg 1024w, https:\/\/astideco.com\/blog\/wp-content\/uploads\/2023\/06\/8422341699262_a5-1200x837.jpg 1200w, https:\/\/astideco.com\/blog\/wp-content\/uploads\/2023\/06\/8422341699262_a5-1536x1071.jpg 1536w\" data-sizes=\"auto\" data-orig-sizes=\"(max-width: 1200px) 100vw, 1200px\" \/><\/p>\n<h2><span><a href=\"https:\/\/astideco.com\/es\/mesas-y-escritorios\/patas-madera-para-mesa-comedor-4-posiciones\" target=\"_blank\" rel=\"noopener\"><span>Patas de madera BOK, cuatro posiciones diferentes<\/span><\/a><\/span><\/h2>\n<p>S\u00ed, est\u00e1s leyendo bien. Una <strong>misma referencia<\/strong> que posibilita hasta <strong>cuatro formas distintas de montar una pata<\/strong>. Si eres indeciso, se avecina alg\u00fan que otro problema porque decantarte por una de ellas te va a resultar complicado. Cada posici\u00f3n tiene su encanto. Y para nosotros, que hemos hecho mil pruebas para presentar este producto, nos resulta casi imposible decidirnos por uno u otro dise\u00f1o. Y si no eras capaz, \u00e9chalo a suertes. Todas son una monada.<\/p>\n<p><img decoding=\"async\" class=\"lazyload alignnone size-fusion-1200 wp-image-4716\" src=\"https:\/\/astideco.com\/blog\/wp-content\/uploads\/2023\/06\/REF-BOK-PIELL4-1200x846.jpg\" data-orig-src=\"https:\/\/astideco.com\/blog\/wp-content\/uploads\/2023\/06\/REF-BOK-PIELL4-1200x846.jpg\" alt=\"\" width=\"1200\" height=\"846\" srcset=\"data:image\/svg+xml,%3Csvg%20xmlns%3D%27http%3A%2F%2Fwww.w3.org%2F2000%2Fsvg%27%20width%3D%271200%27%20height%3D%27846%27%20viewBox%3D%270%200%201200%20846%27%3E%3Crect%20width%3D%271200%27%20height%3D%27846%27%20fill-opacity%3D%220%22%2F%3E%3C%2Fsvg%3E\" data-srcset=\"https:\/\/astideco.com\/blog\/wp-content\/uploads\/2023\/06\/REF-BOK-PIELL4-200x141.jpg 200w, https:\/\/astideco.com\/blog\/wp-content\/uploads\/2023\/06\/REF-BOK-PIELL4-300x211.jpg 300w, https:\/\/astideco.com\/blog\/wp-content\/uploads\/2023\/06\/REF-BOK-PIELL4-400x282.jpg 400w, https:\/\/astideco.com\/blog\/wp-content\/uploads\/2023\/06\/REF-BOK-PIELL4-600x423.jpg 600w, https:\/\/astideco.com\/blog\/wp-content\/uploads\/2023\/06\/REF-BOK-PIELL4-768x541.jpg 768w, https:\/\/astideco.com\/blog\/wp-content\/uploads\/2023\/06\/REF-BOK-PIELL4-800x564.jpg 800w, https:\/\/astideco.com\/blog\/wp-content\/uploads\/2023\/06\/REF-BOK-PIELL4-1024x722.jpg 1024w, https:\/\/astideco.com\/blog\/wp-content\/uploads\/2023\/06\/REF-BOK-PIELL4-1200x846.jpg 1200w, https:\/\/astideco.com\/blog\/wp-content\/uploads\/2023\/06\/REF-BOK-PIELL4-1536x1083.jpg 1536w\" data-sizes=\"auto\" data-orig-sizes=\"(max-width: 1200px) 100vw, 1200px\" \/><\/p>\n<p>\u00bfSon o no son bonitas las cuatro formas? Pues f\u00edjate en este espacio. Puede ser un rinc\u00f3n de tu hogar para trabajar, estudiar o si se te antoja, hacer manualidades. El mismo espacio, el mismo tablero de madera de 140x70cm y nuestras <strong>patas de madera en sus cuatro posiciones<\/strong>\u2026<\/p>\n<p><img decoding=\"async\" class=\"lazyload alignnone size-fusion-1200 wp-image-4720\" src=\"https:\/\/astideco.com\/blog\/wp-content\/uploads\/2023\/06\/8422341699255_a7-1200x801.jpg\" data-orig-src=\"https:\/\/astideco.com\/blog\/wp-content\/uploads\/2023\/06\/8422341699255_a7-1200x801.jpg\" alt=\"\" width=\"1200\" height=\"801\" srcset=\"data:image\/svg+xml,%3Csvg%20xmlns%3D%27http%3A%2F%2Fwww.w3.org%2F2000%2Fsvg%27%20width%3D%271200%27%20height%3D%27801%27%20viewBox%3D%270%200%201200%20801%27%3E%3Crect%20width%3D%271200%27%20height%3D%27801%27%20fill-opacity%3D%220%22%2F%3E%3C%2Fsvg%3E\" data-srcset=\"https:\/\/astideco.com\/blog\/wp-content\/uploads\/2023\/06\/8422341699255_a7-200x134.jpg 200w, https:\/\/astideco.com\/blog\/wp-content\/uploads\/2023\/06\/8422341699255_a7-300x200.jpg 300w, https:\/\/astideco.com\/blog\/wp-content\/uploads\/2023\/06\/8422341699255_a7-400x267.jpg 400w, https:\/\/astideco.com\/blog\/wp-content\/uploads\/2023\/06\/8422341699255_a7-600x401.jpg 600w, https:\/\/astideco.com\/blog\/wp-content\/uploads\/2023\/06\/8422341699255_a7-768x513.jpg 768w, https:\/\/astideco.com\/blog\/wp-content\/uploads\/2023\/06\/8422341699255_a7-800x534.jpg 800w, https:\/\/astideco.com\/blog\/wp-content\/uploads\/2023\/06\/8422341699255_a7-1024x684.jpg 1024w, https:\/\/astideco.com\/blog\/wp-content\/uploads\/2023\/06\/8422341699255_a7-1200x801.jpg 1200w, https:\/\/astideco.com\/blog\/wp-content\/uploads\/2023\/06\/8422341699255_a7-1536x1025.jpg 1536w\" data-sizes=\"auto\" data-orig-sizes=\"(max-width: 1200px) 100vw, 1200px\" \/><\/p>\n<p><img decoding=\"async\" class=\"lazyload alignnone size-fusion-1200 wp-image-4719\" src=\"https:\/\/astideco.com\/blog\/wp-content\/uploads\/2023\/06\/8422341699255_a3-1200x902.jpg\" data-orig-src=\"https:\/\/astideco.com\/blog\/wp-content\/uploads\/2023\/06\/8422341699255_a3-1200x902.jpg\" alt=\"\" width=\"1200\" height=\"902\" srcset=\"data:image\/svg+xml,%3Csvg%20xmlns%3D%27http%3A%2F%2Fwww.w3.org%2F2000%2Fsvg%27%20width%3D%271200%27%20height%3D%27902%27%20viewBox%3D%270%200%201200%20902%27%3E%3Crect%20width%3D%271200%27%20height%3D%27902%27%20fill-opacity%3D%220%22%2F%3E%3C%2Fsvg%3E\" data-srcset=\"https:\/\/astideco.com\/blog\/wp-content\/uploads\/2023\/06\/8422341699255_a3-200x150.jpg 200w, https:\/\/astideco.com\/blog\/wp-content\/uploads\/2023\/06\/8422341699255_a3-300x226.jpg 300w, https:\/\/astideco.com\/blog\/wp-content\/uploads\/2023\/06\/8422341699255_a3-400x301.jpg 400w, https:\/\/astideco.com\/blog\/wp-content\/uploads\/2023\/06\/8422341699255_a3-600x451.jpg 600w, https:\/\/astideco.com\/blog\/wp-content\/uploads\/2023\/06\/8422341699255_a3-768x578.jpg 768w, https:\/\/astideco.com\/blog\/wp-content\/uploads\/2023\/06\/8422341699255_a3-800x602.jpg 800w, https:\/\/astideco.com\/blog\/wp-content\/uploads\/2023\/06\/8422341699255_a3-1024x770.jpg 1024w, https:\/\/astideco.com\/blog\/wp-content\/uploads\/2023\/06\/8422341699255_a3-1200x902.jpg 1200w, https:\/\/astideco.com\/blog\/wp-content\/uploads\/2023\/06\/8422341699255_a3-1536x1155.jpg 1536w\" data-sizes=\"auto\" data-orig-sizes=\"(max-width: 1200px) 100vw, 1200px\" \/><\/p>\n<p><img decoding=\"async\" class=\"lazyload alignnone size-fusion-1200 wp-image-4718\" src=\"https:\/\/astideco.com\/blog\/wp-content\/uploads\/2023\/06\/8422341699255_a2-1200x865.jpg\" data-orig-src=\"https:\/\/astideco.com\/blog\/wp-content\/uploads\/2023\/06\/8422341699255_a2-1200x865.jpg\" alt=\"\" width=\"1200\" height=\"865\" srcset=\"data:image\/svg+xml,%3Csvg%20xmlns%3D%27http%3A%2F%2Fwww.w3.org%2F2000%2Fsvg%27%20width%3D%271200%27%20height%3D%27865%27%20viewBox%3D%270%200%201200%20865%27%3E%3Crect%20width%3D%271200%27%20height%3D%27865%27%20fill-opacity%3D%220%22%2F%3E%3C%2Fsvg%3E\" data-srcset=\"https:\/\/astideco.com\/blog\/wp-content\/uploads\/2023\/06\/8422341699255_a2-200x144.jpg 200w, https:\/\/astideco.com\/blog\/wp-content\/uploads\/2023\/06\/8422341699255_a2-300x216.jpg 300w, https:\/\/astideco.com\/blog\/wp-content\/uploads\/2023\/06\/8422341699255_a2-400x288.jpg 400w, https:\/\/astideco.com\/blog\/wp-content\/uploads\/2023\/06\/8422341699255_a2-600x433.jpg 600w, https:\/\/astideco.com\/blog\/wp-content\/uploads\/2023\/06\/8422341699255_a2-768x554.jpg 768w, https:\/\/astideco.com\/blog\/wp-content\/uploads\/2023\/06\/8422341699255_a2-800x577.jpg 800w, https:\/\/astideco.com\/blog\/wp-content\/uploads\/2023\/06\/8422341699255_a2-1024x738.jpg 1024w, https:\/\/astideco.com\/blog\/wp-content\/uploads\/2023\/06\/8422341699255_a2-1200x865.jpg 1200w, https:\/\/astideco.com\/blog\/wp-content\/uploads\/2023\/06\/8422341699255_a2-1536x1107.jpg 1536w\" data-sizes=\"auto\" data-orig-sizes=\"(max-width: 1200px) 100vw, 1200px\" \/><\/p>\n<p><img decoding=\"async\" class=\"lazyload alignnone size-fusion-1200 wp-image-4717\" src=\"https:\/\/astideco.com\/blog\/wp-content\/uploads\/2023\/06\/8422341699255_a1-1200x898.jpg\" data-orig-src=\"https:\/\/astideco.com\/blog\/wp-content\/uploads\/2023\/06\/8422341699255_a1-1200x898.jpg\" alt=\"\" width=\"1200\" height=\"898\" srcset=\"data:image\/svg+xml,%3Csvg%20xmlns%3D%27http%3A%2F%2Fwww.w3.org%2F2000%2Fsvg%27%20width%3D%271200%27%20height%3D%27898%27%20viewBox%3D%270%200%201200%20898%27%3E%3Crect%20width%3D%271200%27%20height%3D%27898%27%20fill-opacity%3D%220%22%2F%3E%3C%2Fsvg%3E\" data-srcset=\"https:\/\/astideco.com\/blog\/wp-content\/uploads\/2023\/06\/8422341699255_a1-200x150.jpg 200w, https:\/\/astideco.com\/blog\/wp-content\/uploads\/2023\/06\/8422341699255_a1-300x225.jpg 300w, https:\/\/astideco.com\/blog\/wp-content\/uploads\/2023\/06\/8422341699255_a1-400x299.jpg 400w, https:\/\/astideco.com\/blog\/wp-content\/uploads\/2023\/06\/8422341699255_a1-600x449.jpg 600w, https:\/\/astideco.com\/blog\/wp-content\/uploads\/2023\/06\/8422341699255_a1-768x575.jpg 768w, https:\/\/astideco.com\/blog\/wp-content\/uploads\/2023\/06\/8422341699255_a1-800x599.jpg 800w, https:\/\/astideco.com\/blog\/wp-content\/uploads\/2023\/06\/8422341699255_a1-1024x766.jpg 1024w, https:\/\/astideco.com\/blog\/wp-content\/uploads\/2023\/06\/8422341699255_a1-1200x898.jpg 1200w, https:\/\/astideco.com\/blog\/wp-content\/uploads\/2023\/06\/8422341699255_a1-1536x1149.jpg 1536w\" data-sizes=\"auto\" data-orig-sizes=\"(max-width: 1200px) 100vw, 1200px\" \/><\/p>\n<p>Hay a quien le resultar\u00e1 sencillo decantarse por un dise\u00f1o, pero hay otras personas para las que decidir supone un quebradero de cabeza. Nosotros ponemos las ideas y vosotros decid\u00eds. Esta <strong>pata de madera<\/strong>, que permite hasta <strong>cuatro posiciones diferentes<\/strong>, est\u00e1 especialmente recomendada para <strong>montar una mesa de<\/strong> <strong>escritorio<\/strong>, si lo combinas con el <span><strong><a href=\"https:\/\/astideco.com\/es\/mesas-y-escritorios\/tablero-de-madera-de-pino-para-escritorio-140x70-cm-gran-grosor-de-3-cm\" target=\"_blank\" rel=\"noopener\">tablero de madera de 140&#215;70 cm<\/a><\/strong><\/span>. En tu hogar o en una oficina, con este combo podr\u00e1s presumir de un elegante espacio de trabajo o estudio. Y s\u00ed, como la versatilidad est\u00e1 en nuestro ADN; tambi\u00e9n puede ser una buena opci\u00f3n para crear una mesa de comedor.<\/p>\n<p>\u00a1Atenci\u00f3n, bricolovers! Ten\u00e9is un regalo entre manos para sacar vuestro lado m\u00e1s creativo. El acabado natural sin barnizar de estas patas de madera, al igual que todos los productos de Astigarraga kit Line, son <strong>ideales para personalizarlas<\/strong> de manera muy sencilla. Con muy poca pintura puedes transformarla logrando estilos diferentes. Si te van los aires n\u00f3rdicos, d\u00e9jala tal cual, pero si lo tuyo es m\u00e1s el toque r\u00fastico, la puedes te\u00f1ir con nogalina; o si tu comedor tiene un estilo industrial, puedes aplicar un esmalte de efecto metalizado. \u00bfTe atreves?<\/p>\n","protected":false},"excerpt":{"rendered":"<p>Lanzar cualquier novedad es un evento emocionante que representa un hijo importante en la vida de cualquier empresa. En esas estamos ahora. Por delante nos esperan d\u00edas de presentaci\u00f3n de los nuevos productos con el deseo de ofreceros nuevas soluciones  [..]<\/p>\n","protected":false},"author":6,"featured_media":4715,"comment_status":"open","ping_status":"open","sticky":false,"template":"","format":"standard","meta":{"footnotes":""},"categories":[15],"tags":[62,875,362,873,851,388,871],"class_list":["post-4709","post","type-post","status-publish","format-standard","has-post-thumbnail","hentry","category-producto","tag-astigarraga-kit-line","tag-escritorios","tag-madera-natural","tag-mesas-de-comedor","tag-muebles-ecologicos","tag-novedades","tag-patas-madera"],"yoast_head":"<!-- This site is optimized with the Yoast SEO plugin v27.0 - https:\/\/yoast.com\/product\/yoast-seo-wordpress\/ -->\n<title>Patas de madera BOK para una mesa de comedor o escritorio - Astiblog<\/title>\n<meta name=\"description\" content=\"Se vienen muchas novedades pero hoy comenzamos por las nuevas patas de madera BOK para una mesa de comedor o escritorio.\" \/>\n<meta name=\"robots\" content=\"index, follow, max-snippet:-1, max-image-preview:large, max-video-preview:-1\" \/>\n<link rel=\"canonical\" href=\"https:\/\/astideco.com\/blog\/patas-de-madera-bok-para-una-mesa-de-comedor-o-escritorio\/\" \/>\n<meta property=\"og:locale\" content=\"es_ES\" \/>\n<meta property=\"og:type\" content=\"article\" \/>\n<meta property=\"og:title\" content=\"Patas de madera BOK para una mesa de comedor o escritorio - Astiblog\" \/>\n<meta property=\"og:description\" content=\"Se vienen muchas novedades pero hoy comenzamos por las nuevas patas de madera BOK para una mesa de comedor o escritorio.\" \/>\n<meta property=\"og:url\" content=\"https:\/\/astideco.com\/blog\/patas-de-madera-bok-para-una-mesa-de-comedor-o-escritorio\/\" \/>\n<meta property=\"og:site_name\" content=\"Astiblog\" \/>\n<meta property=\"article:published_time\" content=\"2023-06-20T05:41:52+00:00\" \/>\n<meta property=\"article:modified_time\" content=\"2023-07-25T06:27:15+00:00\" \/>\n<meta property=\"og:image\" content=\"https:\/\/astideco.com\/blog\/wp-content\/uploads\/2023\/06\/patas-madera-dos-posiciones-bok-1.jpg\" \/>\n\t<meta property=\"og:image:width\" content=\"1988\" \/>\n\t<meta property=\"og:image:height\" content=\"1658\" \/>\n\t<meta property=\"og:image:type\" content=\"image\/jpeg\" \/>\n<meta name=\"author\" content=\"Astigarraga Kit Line\" \/>\n<meta name=\"twitter:card\" content=\"summary_large_image\" \/>\n<meta name=\"twitter:label1\" content=\"Escrito por\" \/>\n\t<meta name=\"twitter:data1\" content=\"Astigarraga Kit Line\" \/>\n\t<meta name=\"twitter:label2\" content=\"Tiempo de lectura\" \/>\n\t<meta name=\"twitter:data2\" content=\"5 minutos\" \/>\n<script type=\"application\/ld+json\" class=\"yoast-schema-graph\">{\"@context\":\"https:\/\/schema.org\",\"@graph\":[{\"@type\":\"Article\",\"@id\":\"https:\/\/astideco.com\/blog\/patas-de-madera-bok-para-una-mesa-de-comedor-o-escritorio\/#article\",\"isPartOf\":{\"@id\":\"https:\/\/astideco.com\/blog\/patas-de-madera-bok-para-una-mesa-de-comedor-o-escritorio\/\"},\"author\":{\"name\":\"Astigarraga Kit Line\",\"@id\":\"https:\/\/astideco.com\/blog\/#\/schema\/person\/13fd236103c4c231352fb09b2b7ac5cf\"},\"headline\":\"Patas de madera BOK para una mesa de comedor o escritorio\",\"datePublished\":\"2023-06-20T05:41:52+00:00\",\"dateModified\":\"2023-07-25T06:27:15+00:00\",\"mainEntityOfPage\":{\"@id\":\"https:\/\/astideco.com\/blog\/patas-de-madera-bok-para-una-mesa-de-comedor-o-escritorio\/\"},\"wordCount\":733,\"commentCount\":0,\"image\":{\"@id\":\"https:\/\/astideco.com\/blog\/patas-de-madera-bok-para-una-mesa-de-comedor-o-escritorio\/#primaryimage\"},\"thumbnailUrl\":\"https:\/\/astideco.com\/blog\/wp-content\/uploads\/2023\/06\/patas-madera-dos-posiciones-bok-1.jpg\",\"keywords\":[\"astigarraga kit line\",\"Escritorios\",\"madera natural\",\"Mesas De Comedor\",\"Muebles ecol\u00f3gicos\",\"novedades\",\"Patas Madera\"],\"articleSection\":[\"Producto\"],\"inLanguage\":\"es\",\"potentialAction\":[{\"@type\":\"CommentAction\",\"name\":\"Comment\",\"target\":[\"https:\/\/astideco.com\/blog\/patas-de-madera-bok-para-una-mesa-de-comedor-o-escritorio\/#respond\"]}]},{\"@type\":\"WebPage\",\"@id\":\"https:\/\/astideco.com\/blog\/patas-de-madera-bok-para-una-mesa-de-comedor-o-escritorio\/\",\"url\":\"https:\/\/astideco.com\/blog\/patas-de-madera-bok-para-una-mesa-de-comedor-o-escritorio\/\",\"name\":\"Patas de madera BOK para una mesa de comedor o escritorio - Astiblog\",\"isPartOf\":{\"@id\":\"https:\/\/astideco.com\/blog\/#website\"},\"primaryImageOfPage\":{\"@id\":\"https:\/\/astideco.com\/blog\/patas-de-madera-bok-para-una-mesa-de-comedor-o-escritorio\/#primaryimage\"},\"image\":{\"@id\":\"https:\/\/astideco.com\/blog\/patas-de-madera-bok-para-una-mesa-de-comedor-o-escritorio\/#primaryimage\"},\"thumbnailUrl\":\"https:\/\/astideco.com\/blog\/wp-content\/uploads\/2023\/06\/patas-madera-dos-posiciones-bok-1.jpg\",\"datePublished\":\"2023-06-20T05:41:52+00:00\",\"dateModified\":\"2023-07-25T06:27:15+00:00\",\"author\":{\"@id\":\"https:\/\/astideco.com\/blog\/#\/schema\/person\/13fd236103c4c231352fb09b2b7ac5cf\"},\"description\":\"Se vienen muchas novedades pero hoy comenzamos por las nuevas patas de madera BOK para una mesa de comedor o escritorio.\",\"breadcrumb\":{\"@id\":\"https:\/\/astideco.com\/blog\/patas-de-madera-bok-para-una-mesa-de-comedor-o-escritorio\/#breadcrumb\"},\"inLanguage\":\"es\",\"potentialAction\":[{\"@type\":\"ReadAction\",\"target\":[\"https:\/\/astideco.com\/blog\/patas-de-madera-bok-para-una-mesa-de-comedor-o-escritorio\/\"]}]},{\"@type\":\"ImageObject\",\"inLanguage\":\"es\",\"@id\":\"https:\/\/astideco.com\/blog\/patas-de-madera-bok-para-una-mesa-de-comedor-o-escritorio\/#primaryimage\",\"url\":\"https:\/\/astideco.com\/blog\/wp-content\/uploads\/2023\/06\/patas-madera-dos-posiciones-bok-1.jpg\",\"contentUrl\":\"https:\/\/astideco.com\/blog\/wp-content\/uploads\/2023\/06\/patas-madera-dos-posiciones-bok-1.jpg\",\"width\":1988,\"height\":1658},{\"@type\":\"BreadcrumbList\",\"@id\":\"https:\/\/astideco.com\/blog\/patas-de-madera-bok-para-una-mesa-de-comedor-o-escritorio\/#breadcrumb\",\"itemListElement\":[{\"@type\":\"ListItem\",\"position\":1,\"name\":\"Portada\",\"item\":\"https:\/\/astideco.com\/blog\/\"},{\"@type\":\"ListItem\",\"position\":2,\"name\":\"Patas de madera BOK para una mesa de comedor o escritorio\"}]},{\"@type\":\"WebSite\",\"@id\":\"https:\/\/astideco.com\/blog\/#website\",\"url\":\"https:\/\/astideco.com\/blog\/\",\"name\":\"Astiblog\",\"description\":\"Blog de Astideco.com\",\"potentialAction\":[{\"@type\":\"SearchAction\",\"target\":{\"@type\":\"EntryPoint\",\"urlTemplate\":\"https:\/\/astideco.com\/blog\/?s={search_term_string}\"},\"query-input\":{\"@type\":\"PropertyValueSpecification\",\"valueRequired\":true,\"valueName\":\"search_term_string\"}}],\"inLanguage\":\"es\"},{\"@type\":\"Person\",\"@id\":\"https:\/\/astideco.com\/blog\/#\/schema\/person\/13fd236103c4c231352fb09b2b7ac5cf\",\"name\":\"Astigarraga Kit Line\"}]}<\/script>\n<!-- \/ Yoast SEO plugin. -->","yoast_head_json":{"title":"Patas de madera BOK para una mesa de comedor o escritorio - Astiblog","description":"Se vienen muchas novedades pero hoy comenzamos por las nuevas patas de madera BOK para una mesa de comedor o escritorio.","robots":{"index":"index","follow":"follow","max-snippet":"max-snippet:-1","max-image-preview":"max-image-preview:large","max-video-preview":"max-video-preview:-1"},"canonical":"https:\/\/astideco.com\/blog\/patas-de-madera-bok-para-una-mesa-de-comedor-o-escritorio\/","og_locale":"es_ES","og_type":"article","og_title":"Patas de madera BOK para una mesa de comedor o escritorio - Astiblog","og_description":"Se vienen muchas novedades pero hoy comenzamos por las nuevas patas de madera BOK para una mesa de comedor o escritorio.","og_url":"https:\/\/astideco.com\/blog\/patas-de-madera-bok-para-una-mesa-de-comedor-o-escritorio\/","og_site_name":"Astiblog","article_published_time":"2023-06-20T05:41:52+00:00","article_modified_time":"2023-07-25T06:27:15+00:00","og_image":[{"width":1988,"height":1658,"url":"https:\/\/astideco.com\/blog\/wp-content\/uploads\/2023\/06\/patas-madera-dos-posiciones-bok-1.jpg","type":"image\/jpeg"}],"author":"Astigarraga Kit Line","twitter_card":"summary_large_image","twitter_misc":{"Escrito por":"Astigarraga Kit Line","Tiempo de lectura":"5 minutos"},"schema":{"@context":"https:\/\/schema.org","@graph":[{"@type":"Article","@id":"https:\/\/astideco.com\/blog\/patas-de-madera-bok-para-una-mesa-de-comedor-o-escritorio\/#article","isPartOf":{"@id":"https:\/\/astideco.com\/blog\/patas-de-madera-bok-para-una-mesa-de-comedor-o-escritorio\/"},"author":{"name":"Astigarraga Kit Line","@id":"https:\/\/astideco.com\/blog\/#\/schema\/person\/13fd236103c4c231352fb09b2b7ac5cf"},"headline":"Patas de madera BOK para una mesa de comedor o escritorio","datePublished":"2023-06-20T05:41:52+00:00","dateModified":"2023-07-25T06:27:15+00:00","mainEntityOfPage":{"@id":"https:\/\/astideco.com\/blog\/patas-de-madera-bok-para-una-mesa-de-comedor-o-escritorio\/"},"wordCount":733,"commentCount":0,"image":{"@id":"https:\/\/astideco.com\/blog\/patas-de-madera-bok-para-una-mesa-de-comedor-o-escritorio\/#primaryimage"},"thumbnailUrl":"https:\/\/astideco.com\/blog\/wp-content\/uploads\/2023\/06\/patas-madera-dos-posiciones-bok-1.jpg","keywords":["astigarraga kit line","Escritorios","madera natural","Mesas De Comedor","Muebles ecol\u00f3gicos","novedades","Patas Madera"],"articleSection":["Producto"],"inLanguage":"es","potentialAction":[{"@type":"CommentAction","name":"Comment","target":["https:\/\/astideco.com\/blog\/patas-de-madera-bok-para-una-mesa-de-comedor-o-escritorio\/#respond"]}]},{"@type":"WebPage","@id":"https:\/\/astideco.com\/blog\/patas-de-madera-bok-para-una-mesa-de-comedor-o-escritorio\/","url":"https:\/\/astideco.com\/blog\/patas-de-madera-bok-para-una-mesa-de-comedor-o-escritorio\/","name":"Patas de madera BOK para una mesa de comedor o escritorio - Astiblog","isPartOf":{"@id":"https:\/\/astideco.com\/blog\/#website"},"primaryImageOfPage":{"@id":"https:\/\/astideco.com\/blog\/patas-de-madera-bok-para-una-mesa-de-comedor-o-escritorio\/#primaryimage"},"image":{"@id":"https:\/\/astideco.com\/blog\/patas-de-madera-bok-para-una-mesa-de-comedor-o-escritorio\/#primaryimage"},"thumbnailUrl":"https:\/\/astideco.com\/blog\/wp-content\/uploads\/2023\/06\/patas-madera-dos-posiciones-bok-1.jpg","datePublished":"2023-06-20T05:41:52+00:00","dateModified":"2023-07-25T06:27:15+00:00","author":{"@id":"https:\/\/astideco.com\/blog\/#\/schema\/person\/13fd236103c4c231352fb09b2b7ac5cf"},"description":"Se vienen muchas novedades pero hoy comenzamos por las nuevas patas de madera BOK para una mesa de comedor o escritorio.","breadcrumb":{"@id":"https:\/\/astideco.com\/blog\/patas-de-madera-bok-para-una-mesa-de-comedor-o-escritorio\/#breadcrumb"},"inLanguage":"es","potentialAction":[{"@type":"ReadAction","target":["https:\/\/astideco.com\/blog\/patas-de-madera-bok-para-una-mesa-de-comedor-o-escritorio\/"]}]},{"@type":"ImageObject","inLanguage":"es","@id":"https:\/\/astideco.com\/blog\/patas-de-madera-bok-para-una-mesa-de-comedor-o-escritorio\/#primaryimage","url":"https:\/\/astideco.com\/blog\/wp-content\/uploads\/2023\/06\/patas-madera-dos-posiciones-bok-1.jpg","contentUrl":"https:\/\/astideco.com\/blog\/wp-content\/uploads\/2023\/06\/patas-madera-dos-posiciones-bok-1.jpg","width":1988,"height":1658},{"@type":"BreadcrumbList","@id":"https:\/\/astideco.com\/blog\/patas-de-madera-bok-para-una-mesa-de-comedor-o-escritorio\/#breadcrumb","itemListElement":[{"@type":"ListItem","position":1,"name":"Portada","item":"https:\/\/astideco.com\/blog\/"},{"@type":"ListItem","position":2,"name":"Patas de madera BOK para una mesa de comedor o escritorio"}]},{"@type":"WebSite","@id":"https:\/\/astideco.com\/blog\/#website","url":"https:\/\/astideco.com\/blog\/","name":"Astiblog","description":"Blog de Astideco.com","potentialAction":[{"@type":"SearchAction","target":{"@type":"EntryPoint","urlTemplate":"https:\/\/astideco.com\/blog\/?s={search_term_string}"},"query-input":{"@type":"PropertyValueSpecification","valueRequired":true,"valueName":"search_term_string"}}],"inLanguage":"es"},{"@type":"Person","@id":"https:\/\/astideco.com\/blog\/#\/schema\/person\/13fd236103c4c231352fb09b2b7ac5cf","name":"Astigarraga Kit Line"}]}},"_links":{"self":[{"href":"https:\/\/astideco.com\/blog\/wp-json\/wp\/v2\/posts\/4709","targetHints":{"allow":["GET"]}}],"collection":[{"href":"https:\/\/astideco.com\/blog\/wp-json\/wp\/v2\/posts"}],"about":[{"href":"https:\/\/astideco.com\/blog\/wp-json\/wp\/v2\/types\/post"}],"author":[{"embeddable":true,"href":"https:\/\/astideco.com\/blog\/wp-json\/wp\/v2\/users\/6"}],"replies":[{"embeddable":true,"href":"https:\/\/astideco.com\/blog\/wp-json\/wp\/v2\/comments?post=4709"}],"version-history":[{"count":4,"href":"https:\/\/astideco.com\/blog\/wp-json\/wp\/v2\/posts\/4709\/revisions"}],"predecessor-version":[{"id":4792,"href":"https:\/\/astideco.com\/blog\/wp-json\/wp\/v2\/posts\/4709\/revisions\/4792"}],"wp:featuredmedia":[{"embeddable":true,"href":"https:\/\/astideco.com\/blog\/wp-json\/wp\/v2\/media\/4715"}],"wp:attachment":[{"href":"https:\/\/astideco.com\/blog\/wp-json\/wp\/v2\/media?parent=4709"}],"wp:term":[{"taxonomy":"category","embeddable":true,"href":"https:\/\/astideco.com\/blog\/wp-json\/wp\/v2\/categories?post=4709"},{"taxonomy":"post_tag","embeddable":true,"href":"https:\/\/astideco.com\/blog\/wp-json\/wp\/v2\/tags?post=4709"}],"curies":[{"name":"wp","href":"https:\/\/api.w.org\/{rel}","templated":true}]}}