{"id":4472,"date":"2023-01-10T08:34:30","date_gmt":"2023-01-10T08:34:30","guid":{"rendered":"https:\/\/astideco.com\/blog\/?p=4472"},"modified":"2023-03-13T07:33:27","modified_gmt":"2023-03-13T07:33:27","slug":"en-busca-de-un-organizador-de-juguetes","status":"publish","type":"post","link":"https:\/\/astideco.com\/blog\/en-busca-de-un-organizador-de-juguetes\/","title":{"rendered":"\u00bfEn busca de un organizador de juguetes?"},"content":{"rendered":"<p><span>Con el chimp\u00fan de las navidades, las tiendas y los comercios comienzan a retirar los adornos, y las calles, que se quedan sin las luces navide\u00f1as, dan paso a los carteles de rebajas. Y en todos los hogares se repite la misma escena: hay que quitar el \u00e1rbol y el bel\u00e9n, aunque algunos perezosos lo retrasen algunos d\u00edas. Por cierto, \u00bfqu\u00e9 sucede con todos los regalos que reciben, sobre todo, los m\u00e1s peque\u00f1os de la casa? M\u00e1s cuentos, m\u00e1s juguetes\u2026 pero el espacio en el hogar para guardarlos es el mismo. \u00bfDrama? \u00a1No tiene por qu\u00e9 serlo! Si necesitas ideas e inspiraci\u00f3n a un precio razonable, toma nota. \u00bfEn busca de un organizador de juguetes? Seguro que alguna de estas soluciones pr\u00e1cticas te convencen.<\/span><\/p>\n<h2><span>Estanter\u00edas de cubo para organizar los juguetes grandes<\/span><\/h2>\n<p><span>Tras horas de inventar historias, so\u00f1ar, imaginar y jugar con todo tipo de juguetes, llega el momento de recoger y guardar. Una de las mejores soluciones para ordenar los juguetes son las estanter\u00edas de madera en forma de cubos. Este tipo de mueble bajo es el aliado perfecto para los peque\u00f1os porque pueden acceder f\u00e1cilmente. Dinamic es nuestra colecci\u00f3n de <span><a href=\"https:\/\/astideco.com\/es\/estanterias-modulares\" target=\"_blank\" rel=\"noopener\"><strong>estanter\u00edas modulares de cubo<\/strong><\/a><\/span> que se pueden utilizar individualmente o combinar varios m\u00f3dulos seg\u00fan vuestro espacio y necesidades.\u00a0<\/span><\/p>\n<p><span>Elijas el que elijas, no estar\u00eda nada mal hacer un limpia de juguetes. Primero, tener claro cu\u00e1les son los juguetes que se van a quedar, probablemente aquellos con los que tu hijo m\u00e1s juega y los reci\u00e9n llegados. Segundo, \u00bfpor qu\u00e9 no regalar aquellos juguetes a los que ya no hace caso? Y tercero, aquellos juguetes que merece la pena guardar en el trastero porque pueden tener una segunda oportunidad. Ahora s\u00ed, teniendo claro cu\u00e1les son los juguetes que van a permanecer entre las cuatro paredes de la habitaci\u00f3n infantil, destina cada cubo a un juguete.\u00a0 \u00a1El orden de juguetes ser\u00e1 un \u00e9xito!<\/span><\/p>\n<div id=\"attachment_4478\" style=\"width: 1210px\" class=\"wp-caption alignnone\"><img decoding=\"async\" aria-describedby=\"caption-attachment-4478\" class=\"lazyload wp-image-4478\" src=\"https:\/\/astideco.com\/blog\/wp-content\/uploads\/2023\/01\/estanteria-modular-cubos-dinamic-1200x1200.jpeg\" data-orig-src=\"https:\/\/astideco.com\/blog\/wp-content\/uploads\/2023\/01\/estanteria-modular-cubos-dinamic-1200x1200.jpeg\" alt=\"\" width=\"1200\" height=\"1200\" srcset=\"data:image\/svg+xml,%3Csvg%20xmlns%3D%27http%3A%2F%2Fwww.w3.org%2F2000%2Fsvg%27%20width%3D%271200%27%20height%3D%271200%27%20viewBox%3D%270%200%201200%201200%27%3E%3Crect%20width%3D%271200%27%20height%3D%271200%27%20fill-opacity%3D%220%22%2F%3E%3C%2Fsvg%3E\" data-srcset=\"https:\/\/astideco.com\/blog\/wp-content\/uploads\/2023\/01\/estanteria-modular-cubos-dinamic-66x66.jpeg 66w, https:\/\/astideco.com\/blog\/wp-content\/uploads\/2023\/01\/estanteria-modular-cubos-dinamic-150x150.jpeg 150w, https:\/\/astideco.com\/blog\/wp-content\/uploads\/2023\/01\/estanteria-modular-cubos-dinamic-200x200.jpeg 200w, https:\/\/astideco.com\/blog\/wp-content\/uploads\/2023\/01\/estanteria-modular-cubos-dinamic-300x300.jpeg 300w, https:\/\/astideco.com\/blog\/wp-content\/uploads\/2023\/01\/estanteria-modular-cubos-dinamic-400x400.jpeg 400w, https:\/\/astideco.com\/blog\/wp-content\/uploads\/2023\/01\/estanteria-modular-cubos-dinamic-600x600.jpeg 600w, https:\/\/astideco.com\/blog\/wp-content\/uploads\/2023\/01\/estanteria-modular-cubos-dinamic-768x768.jpeg 768w, https:\/\/astideco.com\/blog\/wp-content\/uploads\/2023\/01\/estanteria-modular-cubos-dinamic-800x800.jpeg 800w, https:\/\/astideco.com\/blog\/wp-content\/uploads\/2023\/01\/estanteria-modular-cubos-dinamic-1024x1024.jpeg 1024w, https:\/\/astideco.com\/blog\/wp-content\/uploads\/2023\/01\/estanteria-modular-cubos-dinamic-1200x1200.jpeg 1200w, https:\/\/astideco.com\/blog\/wp-content\/uploads\/2023\/01\/estanteria-modular-cubos-dinamic.jpeg 1440w\" data-sizes=\"auto\" data-orig-sizes=\"(max-width: 1200px) 100vw, 1200px\" \/><p id=\"caption-attachment-4478\" class=\"wp-caption-text\">Foto: <a href=\"https:\/\/www.instagram.com\/myyhome_emmy\/?hl=es\" target=\"_blank\" rel=\"noopener\"><strong>Myyhome_emmy<\/strong><\/a><\/p><\/div>\n<div id=\"attachment_4479\" style=\"width: 1210px\" class=\"wp-caption alignnone\"><img decoding=\"async\" aria-describedby=\"caption-attachment-4479\" class=\"lazyload wp-image-4479 size-fusion-1200\" src=\"https:\/\/astideco.com\/blog\/wp-content\/uploads\/2023\/01\/estanterias_modulares_cubo_playroom-1200x1600.jpg\" data-orig-src=\"https:\/\/astideco.com\/blog\/wp-content\/uploads\/2023\/01\/estanterias_modulares_cubo_playroom-1200x1600.jpg\" alt=\"\" width=\"1200\" height=\"1600\" srcset=\"data:image\/svg+xml,%3Csvg%20xmlns%3D%27http%3A%2F%2Fwww.w3.org%2F2000%2Fsvg%27%20width%3D%271200%27%20height%3D%271600%27%20viewBox%3D%270%200%201200%201600%27%3E%3Crect%20width%3D%271200%27%20height%3D%271600%27%20fill-opacity%3D%220%22%2F%3E%3C%2Fsvg%3E\" data-srcset=\"https:\/\/astideco.com\/blog\/wp-content\/uploads\/2023\/01\/estanterias_modulares_cubo_playroom-200x267.jpg 200w, https:\/\/astideco.com\/blog\/wp-content\/uploads\/2023\/01\/estanterias_modulares_cubo_playroom-225x300.jpg 225w, https:\/\/astideco.com\/blog\/wp-content\/uploads\/2023\/01\/estanterias_modulares_cubo_playroom-400x533.jpg 400w, https:\/\/astideco.com\/blog\/wp-content\/uploads\/2023\/01\/estanterias_modulares_cubo_playroom-600x800.jpg 600w, https:\/\/astideco.com\/blog\/wp-content\/uploads\/2023\/01\/estanterias_modulares_cubo_playroom-768x1024.jpg 768w, https:\/\/astideco.com\/blog\/wp-content\/uploads\/2023\/01\/estanterias_modulares_cubo_playroom-800x1067.jpg 800w, https:\/\/astideco.com\/blog\/wp-content\/uploads\/2023\/01\/estanterias_modulares_cubo_playroom-1152x1536.jpg 1152w, https:\/\/astideco.com\/blog\/wp-content\/uploads\/2023\/01\/estanterias_modulares_cubo_playroom-1200x1600.jpg 1200w, https:\/\/astideco.com\/blog\/wp-content\/uploads\/2023\/01\/estanterias_modulares_cubo_playroom-1536x2048.jpg 1536w, https:\/\/astideco.com\/blog\/wp-content\/uploads\/2023\/01\/estanterias_modulares_cubo_playroom-scaled.jpg 1920w\" data-sizes=\"auto\" data-orig-sizes=\"(max-width: 1200px) 100vw, 1200px\" \/><p id=\"caption-attachment-4479\" class=\"wp-caption-text\">Foto: <a href=\"https:\/\/www.instagram.com\/deliamaga77\/?hl=es\" target=\"_blank\" rel=\"noopener\"><strong>Deliamaga77<\/strong><\/a><\/p><\/div>\n<p><span>Una manera de personalizar este tipo de estanter\u00edas es con los diferentes accesorios funcionales de la Dinamic que le puedes colocar: la <span><a href=\"https:\/\/astideco.com\/es\/estanterias-modulares\/balda-accesorio-dinamic\" target=\"_blank\" rel=\"noopener\"><strong>balda intermedia<\/strong><\/a><\/span>, para optimizar el espacio y la organizaci\u00f3n de los cubos, y la <span><a href=\"https:\/\/astideco.com\/es\/estanterias-modulares\/puerta-accesorio-dinamic\" target=\"_blank\" rel=\"noopener\"><strong>puerta<\/strong><\/a><\/span>, por si no quieres que los juguetes est\u00e9n a la vista.<\/span><\/p>\n<div id=\"attachment_4487\" style=\"width: 1210px\" class=\"wp-caption alignnone\"><img decoding=\"async\" aria-describedby=\"caption-attachment-4487\" class=\"lazyload wp-image-4487 size-fusion-1200\" src=\"https:\/\/astideco.com\/blog\/wp-content\/uploads\/2023\/01\/Zona-de-Juego-Montessori-63-1200x800.jpg\" data-orig-src=\"https:\/\/astideco.com\/blog\/wp-content\/uploads\/2023\/01\/Zona-de-Juego-Montessori-63-1200x800.jpg\" alt=\"\" width=\"1200\" height=\"800\" srcset=\"data:image\/svg+xml,%3Csvg%20xmlns%3D%27http%3A%2F%2Fwww.w3.org%2F2000%2Fsvg%27%20width%3D%271200%27%20height%3D%27800%27%20viewBox%3D%270%200%201200%20800%27%3E%3Crect%20width%3D%271200%27%20height%3D%27800%27%20fill-opacity%3D%220%22%2F%3E%3C%2Fsvg%3E\" data-srcset=\"https:\/\/astideco.com\/blog\/wp-content\/uploads\/2023\/01\/Zona-de-Juego-Montessori-63-200x133.jpg 200w, https:\/\/astideco.com\/blog\/wp-content\/uploads\/2023\/01\/Zona-de-Juego-Montessori-63-300x200.jpg 300w, https:\/\/astideco.com\/blog\/wp-content\/uploads\/2023\/01\/Zona-de-Juego-Montessori-63-400x267.jpg 400w, https:\/\/astideco.com\/blog\/wp-content\/uploads\/2023\/01\/Zona-de-Juego-Montessori-63-600x400.jpg 600w, https:\/\/astideco.com\/blog\/wp-content\/uploads\/2023\/01\/Zona-de-Juego-Montessori-63-768x512.jpg 768w, https:\/\/astideco.com\/blog\/wp-content\/uploads\/2023\/01\/Zona-de-Juego-Montessori-63-800x533.jpg 800w, https:\/\/astideco.com\/blog\/wp-content\/uploads\/2023\/01\/Zona-de-Juego-Montessori-63-1024x683.jpg 1024w, https:\/\/astideco.com\/blog\/wp-content\/uploads\/2023\/01\/Zona-de-Juego-Montessori-63-1200x800.jpg 1200w, https:\/\/astideco.com\/blog\/wp-content\/uploads\/2023\/01\/Zona-de-Juego-Montessori-63-1536x1024.jpg 1536w\" data-sizes=\"auto\" data-orig-sizes=\"(max-width: 1200px) 100vw, 1200px\" \/><p id=\"caption-attachment-4487\" class=\"wp-caption-text\">Foto: <a href=\"https:\/\/www.instagram.com\/creciendoconmontessori\/?hl=es\" target=\"_blank\" rel=\"noopener\"><strong>Creciendo con Montessori<\/strong><\/a><\/p><\/div>\n<div id=\"attachment_4486\" style=\"width: 1210px\" class=\"wp-caption alignnone\"><img decoding=\"async\" aria-describedby=\"caption-attachment-4486\" class=\"lazyload wp-image-4486\" src=\"https:\/\/astideco.com\/blog\/wp-content\/uploads\/2023\/01\/room-tour-Clara13-1.jpeg\" data-orig-src=\"https:\/\/astideco.com\/blog\/wp-content\/uploads\/2023\/01\/room-tour-Clara13-1.jpeg\" alt=\"\" width=\"1200\" height=\"799\" srcset=\"data:image\/svg+xml,%3Csvg%20xmlns%3D%27http%3A%2F%2Fwww.w3.org%2F2000%2Fsvg%27%20width%3D%271200%27%20height%3D%27799%27%20viewBox%3D%270%200%201200%20799%27%3E%3Crect%20width%3D%271200%27%20height%3D%27799%27%20fill-opacity%3D%220%22%2F%3E%3C%2Fsvg%3E\" data-srcset=\"https:\/\/astideco.com\/blog\/wp-content\/uploads\/2023\/01\/room-tour-Clara13-1-200x133.jpeg 200w, https:\/\/astideco.com\/blog\/wp-content\/uploads\/2023\/01\/room-tour-Clara13-1-300x200.jpeg 300w, https:\/\/astideco.com\/blog\/wp-content\/uploads\/2023\/01\/room-tour-Clara13-1-400x266.jpeg 400w, https:\/\/astideco.com\/blog\/wp-content\/uploads\/2023\/01\/room-tour-Clara13-1-600x399.jpeg 600w, https:\/\/astideco.com\/blog\/wp-content\/uploads\/2023\/01\/room-tour-Clara13-1.jpeg 640w\" data-sizes=\"auto\" data-orig-sizes=\"(max-width: 1200px) 100vw, 1200px\" \/><p id=\"caption-attachment-4486\" class=\"wp-caption-text\">Foto: <a href=\"https:\/\/www.instagram.com\/sofiaparapluie\/?hl=es\" target=\"_blank\" rel=\"noopener\"><strong>Sofia Parapluie<\/strong><\/a><\/p><\/div>\n<h2><span>Cajas de madera para organizar los juguetes peque\u00f1os<\/span><\/h2>\n<p><span>Las cajas para clasificar y organizar juguetes son imprescindibles en cualquier habitaci\u00f3n infantil. Es la manera m\u00e1s sencilla de ordenar el espacio de juego de los m\u00e1s peque\u00f1os. Date una vuelta por la web de Astigarraga Kit Line y descubre la gran colecci\u00f3n de <span><a href=\"https:\/\/astideco.com\/es\/cajas-de-almacenaje\" target=\"_blank\" rel=\"noopener\"><strong>cajas de madera<\/strong><\/a><\/span> que hay: con tapa, sin tapa y modulares. Piezas muy recurrentes en los dormitorios infantiles que evitar\u00e1n que los juguetes anden tirados por el suelo. Adem\u00e1s, los ni\u00f1os adquirir\u00e1n r\u00e1pido el h\u00e1bito de recoger despu\u00e9s de jugar, sin que esta tarea se convierta en ning\u00fan drama.<\/span><\/p>\n<div id=\"attachment_4488\" style=\"width: 1210px\" class=\"wp-caption alignnone\"><img decoding=\"async\" aria-describedby=\"caption-attachment-4488\" class=\"lazyload wp-image-4488 size-fusion-1200\" src=\"https:\/\/astideco.com\/blog\/wp-content\/uploads\/2023\/01\/Minimundo-Otono-Casitas-TTS_9778-1200x800.jpg\" data-orig-src=\"https:\/\/astideco.com\/blog\/wp-content\/uploads\/2023\/01\/Minimundo-Otono-Casitas-TTS_9778-1200x800.jpg\" alt=\"\" width=\"1200\" height=\"800\" srcset=\"data:image\/svg+xml,%3Csvg%20xmlns%3D%27http%3A%2F%2Fwww.w3.org%2F2000%2Fsvg%27%20width%3D%271200%27%20height%3D%27800%27%20viewBox%3D%270%200%201200%20800%27%3E%3Crect%20width%3D%271200%27%20height%3D%27800%27%20fill-opacity%3D%220%22%2F%3E%3C%2Fsvg%3E\" data-srcset=\"https:\/\/astideco.com\/blog\/wp-content\/uploads\/2023\/01\/Minimundo-Otono-Casitas-TTS_9778-200x133.jpg 200w, https:\/\/astideco.com\/blog\/wp-content\/uploads\/2023\/01\/Minimundo-Otono-Casitas-TTS_9778-300x200.jpg 300w, https:\/\/astideco.com\/blog\/wp-content\/uploads\/2023\/01\/Minimundo-Otono-Casitas-TTS_9778-400x267.jpg 400w, https:\/\/astideco.com\/blog\/wp-content\/uploads\/2023\/01\/Minimundo-Otono-Casitas-TTS_9778-600x400.jpg 600w, https:\/\/astideco.com\/blog\/wp-content\/uploads\/2023\/01\/Minimundo-Otono-Casitas-TTS_9778-768x512.jpg 768w, https:\/\/astideco.com\/blog\/wp-content\/uploads\/2023\/01\/Minimundo-Otono-Casitas-TTS_9778-800x533.jpg 800w, https:\/\/astideco.com\/blog\/wp-content\/uploads\/2023\/01\/Minimundo-Otono-Casitas-TTS_9778-1024x683.jpg 1024w, https:\/\/astideco.com\/blog\/wp-content\/uploads\/2023\/01\/Minimundo-Otono-Casitas-TTS_9778-1200x800.jpg 1200w, https:\/\/astideco.com\/blog\/wp-content\/uploads\/2023\/01\/Minimundo-Otono-Casitas-TTS_9778-1536x1024.jpg 1536w\" data-sizes=\"auto\" data-orig-sizes=\"(max-width: 1200px) 100vw, 1200px\" \/><p id=\"caption-attachment-4488\" class=\"wp-caption-text\">Foto: <a href=\"https:\/\/www.instagram.com\/creciendoconmontessori\/?hl=es\" target=\"_blank\" rel=\"noopener\"><strong>Creciendo con Montessori<\/strong><\/a><\/p><\/div>\n<p><span>Est\u00e1n de moda los <span><a href=\"https:\/\/astideco.com\/es\/estantes\" target=\"_blank\" rel=\"noopener\"><strong>estantes expositores de pared<\/strong><\/a><\/span> para colocar los cuentos de forma que las portadas queden a la vista y sean accesibles pero las cajas de madera tambi\u00e9n son fant\u00e1sticas para que los peques tengan todos sus libros bien organizados y al alcance de la mano.<\/span><\/p>\n<p><img decoding=\"async\" class=\"lazyload alignnone size-full wp-image-4484\" src=\"https:\/\/astideco.com\/blog\/wp-content\/uploads\/2023\/01\/mesa-pared-madera-maciza.jpg\" data-orig-src=\"https:\/\/astideco.com\/blog\/wp-content\/uploads\/2023\/01\/mesa-pared-madera-maciza.jpg\" alt=\"\" width=\"1200\" height=\"933\" srcset=\"data:image\/svg+xml,%3Csvg%20xmlns%3D%27http%3A%2F%2Fwww.w3.org%2F2000%2Fsvg%27%20width%3D%271200%27%20height%3D%27933%27%20viewBox%3D%270%200%201200%20933%27%3E%3Crect%20width%3D%271200%27%20height%3D%27933%27%20fill-opacity%3D%220%22%2F%3E%3C%2Fsvg%3E\" data-srcset=\"https:\/\/astideco.com\/blog\/wp-content\/uploads\/2023\/01\/mesa-pared-madera-maciza-200x156.jpg 200w, https:\/\/astideco.com\/blog\/wp-content\/uploads\/2023\/01\/mesa-pared-madera-maciza-300x233.jpg 300w, https:\/\/astideco.com\/blog\/wp-content\/uploads\/2023\/01\/mesa-pared-madera-maciza-400x311.jpg 400w, https:\/\/astideco.com\/blog\/wp-content\/uploads\/2023\/01\/mesa-pared-madera-maciza-600x467.jpg 600w, https:\/\/astideco.com\/blog\/wp-content\/uploads\/2023\/01\/mesa-pared-madera-maciza-768x597.jpg 768w, https:\/\/astideco.com\/blog\/wp-content\/uploads\/2023\/01\/mesa-pared-madera-maciza-800x622.jpg 800w, https:\/\/astideco.com\/blog\/wp-content\/uploads\/2023\/01\/mesa-pared-madera-maciza-1024x796.jpg 1024w, https:\/\/astideco.com\/blog\/wp-content\/uploads\/2023\/01\/mesa-pared-madera-maciza.jpg 1200w\" data-sizes=\"auto\" data-orig-sizes=\"(max-width: 1200px) 100vw, 1200px\" \/><\/p>\n<h2><span>Lego Room, el sue\u00f1o de los aficionados a los lego<\/span><\/h2>\n<p><span>No nos podemos resistir a mostraros esta idea para los locos bajitos de los Lego, que seguro que Papa Noel y los Reyes Magos han dejado unos cuantos en los hogares. Es un proyecto realizado por Klara Moncho, de <a href=\"https:\/\/www.creciendoconmontessori.com\/2022\/04\/ideas-para-crear-una-lego-room-o-habitacion-de-juegos-de-construccion-imprimible-incluido.html\" target=\"_blank\" rel=\"noopener\"><strong>Creciendo con Montessori<\/strong><\/a>. En su casa, como en otras muchas, los juegos favoritos son los de construcci\u00f3n. Tienen una gran colecci\u00f3n y claro han acumulado multitud de piezas y kits que ya estaban empezando a tener problemas para mantenerlas en orden.\u00a0<\/span><\/p>\n<p><img decoding=\"async\" class=\"lazyload alignnone size-fusion-1200 wp-image-4483\" src=\"https:\/\/astideco.com\/blog\/wp-content\/uploads\/2023\/01\/Lego-Room_Habitacion-de-construccion_9293-1200x800.jpg\" data-orig-src=\"https:\/\/astideco.com\/blog\/wp-content\/uploads\/2023\/01\/Lego-Room_Habitacion-de-construccion_9293-1200x800.jpg\" alt=\"\" width=\"1200\" height=\"800\" srcset=\"data:image\/svg+xml,%3Csvg%20xmlns%3D%27http%3A%2F%2Fwww.w3.org%2F2000%2Fsvg%27%20width%3D%271200%27%20height%3D%27800%27%20viewBox%3D%270%200%201200%20800%27%3E%3Crect%20width%3D%271200%27%20height%3D%27800%27%20fill-opacity%3D%220%22%2F%3E%3C%2Fsvg%3E\" data-srcset=\"https:\/\/astideco.com\/blog\/wp-content\/uploads\/2023\/01\/Lego-Room_Habitacion-de-construccion_9293-200x133.jpg 200w, https:\/\/astideco.com\/blog\/wp-content\/uploads\/2023\/01\/Lego-Room_Habitacion-de-construccion_9293-300x200.jpg 300w, https:\/\/astideco.com\/blog\/wp-content\/uploads\/2023\/01\/Lego-Room_Habitacion-de-construccion_9293-400x267.jpg 400w, https:\/\/astideco.com\/blog\/wp-content\/uploads\/2023\/01\/Lego-Room_Habitacion-de-construccion_9293-600x400.jpg 600w, https:\/\/astideco.com\/blog\/wp-content\/uploads\/2023\/01\/Lego-Room_Habitacion-de-construccion_9293-768x512.jpg 768w, https:\/\/astideco.com\/blog\/wp-content\/uploads\/2023\/01\/Lego-Room_Habitacion-de-construccion_9293-800x533.jpg 800w, https:\/\/astideco.com\/blog\/wp-content\/uploads\/2023\/01\/Lego-Room_Habitacion-de-construccion_9293-1024x683.jpg 1024w, https:\/\/astideco.com\/blog\/wp-content\/uploads\/2023\/01\/Lego-Room_Habitacion-de-construccion_9293-1200x800.jpg 1200w, https:\/\/astideco.com\/blog\/wp-content\/uploads\/2023\/01\/Lego-Room_Habitacion-de-construccion_9293-1536x1024.jpg 1536w\" data-sizes=\"auto\" data-orig-sizes=\"(max-width: 1200px) 100vw, 1200px\" \/><\/p>\n<p><span>A cada <span><a href=\"https:\/\/astideco.com\/es\/cajoneras\" target=\"_blank\" rel=\"noopener\"><strong>cajonera de madera<\/strong><\/a><\/span> de la serie Dinamic, le ha colocado una funda adhesiva para etiquetas con el dibujo de lo que hay en el interior de cada uno. Con las <span><a href=\"https:\/\/astideco.com\/es\/cajoneras\" target=\"_blank\" rel=\"noopener\"><strong>mini cajoneras de madera<\/strong><\/a><\/span> de la parte superior, ha hecho lo mismo.<\/span><\/p>\n<p><img decoding=\"async\" class=\"lazyload alignnone size-fusion-1200 wp-image-4480\" src=\"https:\/\/astideco.com\/blog\/wp-content\/uploads\/2023\/01\/Lego-Room_9033-1200x800.jpg\" data-orig-src=\"https:\/\/astideco.com\/blog\/wp-content\/uploads\/2023\/01\/Lego-Room_9033-1200x800.jpg\" alt=\"\" width=\"1200\" height=\"800\" srcset=\"data:image\/svg+xml,%3Csvg%20xmlns%3D%27http%3A%2F%2Fwww.w3.org%2F2000%2Fsvg%27%20width%3D%271200%27%20height%3D%27800%27%20viewBox%3D%270%200%201200%20800%27%3E%3Crect%20width%3D%271200%27%20height%3D%27800%27%20fill-opacity%3D%220%22%2F%3E%3C%2Fsvg%3E\" data-srcset=\"https:\/\/astideco.com\/blog\/wp-content\/uploads\/2023\/01\/Lego-Room_9033-200x133.jpg 200w, https:\/\/astideco.com\/blog\/wp-content\/uploads\/2023\/01\/Lego-Room_9033-300x200.jpg 300w, https:\/\/astideco.com\/blog\/wp-content\/uploads\/2023\/01\/Lego-Room_9033-400x267.jpg 400w, https:\/\/astideco.com\/blog\/wp-content\/uploads\/2023\/01\/Lego-Room_9033-600x400.jpg 600w, https:\/\/astideco.com\/blog\/wp-content\/uploads\/2023\/01\/Lego-Room_9033-768x512.jpg 768w, https:\/\/astideco.com\/blog\/wp-content\/uploads\/2023\/01\/Lego-Room_9033-800x533.jpg 800w, https:\/\/astideco.com\/blog\/wp-content\/uploads\/2023\/01\/Lego-Room_9033-1024x683.jpg 1024w, https:\/\/astideco.com\/blog\/wp-content\/uploads\/2023\/01\/Lego-Room_9033-1200x800.jpg 1200w, https:\/\/astideco.com\/blog\/wp-content\/uploads\/2023\/01\/Lego-Room_9033-1536x1024.jpg 1536w\" data-sizes=\"auto\" data-orig-sizes=\"(max-width: 1200px) 100vw, 1200px\" \/><\/p>\n<p><img decoding=\"async\" class=\"lazyload alignnone size-fusion-1200 wp-image-4482\" src=\"https:\/\/astideco.com\/blog\/wp-content\/uploads\/2023\/01\/Lego-Room_Habitacion-de-construccion_9255-1200x800.jpg\" data-orig-src=\"https:\/\/astideco.com\/blog\/wp-content\/uploads\/2023\/01\/Lego-Room_Habitacion-de-construccion_9255-1200x800.jpg\" alt=\"\" width=\"1200\" height=\"800\" srcset=\"data:image\/svg+xml,%3Csvg%20xmlns%3D%27http%3A%2F%2Fwww.w3.org%2F2000%2Fsvg%27%20width%3D%271200%27%20height%3D%27800%27%20viewBox%3D%270%200%201200%20800%27%3E%3Crect%20width%3D%271200%27%20height%3D%27800%27%20fill-opacity%3D%220%22%2F%3E%3C%2Fsvg%3E\" data-srcset=\"https:\/\/astideco.com\/blog\/wp-content\/uploads\/2023\/01\/Lego-Room_Habitacion-de-construccion_9255-200x133.jpg 200w, https:\/\/astideco.com\/blog\/wp-content\/uploads\/2023\/01\/Lego-Room_Habitacion-de-construccion_9255-300x200.jpg 300w, https:\/\/astideco.com\/blog\/wp-content\/uploads\/2023\/01\/Lego-Room_Habitacion-de-construccion_9255-400x267.jpg 400w, https:\/\/astideco.com\/blog\/wp-content\/uploads\/2023\/01\/Lego-Room_Habitacion-de-construccion_9255-600x400.jpg 600w, https:\/\/astideco.com\/blog\/wp-content\/uploads\/2023\/01\/Lego-Room_Habitacion-de-construccion_9255-768x512.jpg 768w, https:\/\/astideco.com\/blog\/wp-content\/uploads\/2023\/01\/Lego-Room_Habitacion-de-construccion_9255-800x533.jpg 800w, https:\/\/astideco.com\/blog\/wp-content\/uploads\/2023\/01\/Lego-Room_Habitacion-de-construccion_9255-1024x683.jpg 1024w, https:\/\/astideco.com\/blog\/wp-content\/uploads\/2023\/01\/Lego-Room_Habitacion-de-construccion_9255-1200x800.jpg 1200w, https:\/\/astideco.com\/blog\/wp-content\/uploads\/2023\/01\/Lego-Room_Habitacion-de-construccion_9255-1536x1024.jpg 1536w\" data-sizes=\"auto\" data-orig-sizes=\"(max-width: 1200px) 100vw, 1200px\" \/><\/p>\n<p><span>No solo se trata de crear y montar los Lego, sino tambi\u00e9n tras horas de trabajo, es importante exponer sus obras. Klara ha utilizado para ello el <span><a href=\"https:\/\/astideco.com\/es\/estanteria-modular-pared-wally\" target=\"_blank\" rel=\"noopener\"><strong>sistema de estanter\u00edas Wally<\/strong><\/a><\/span> que consiste en fijar los perfiles cremallera a la pared e ir acoplando los estantes con tubillones a la altura que desees.\u00a0<\/span><\/p>\n<p><img decoding=\"async\" class=\"lazyload alignnone size-fusion-1200 wp-image-4481\" src=\"https:\/\/astideco.com\/blog\/wp-content\/uploads\/2023\/01\/Lego-Room_Habitacion-de-construccion_9241-1200x800.jpg\" data-orig-src=\"https:\/\/astideco.com\/blog\/wp-content\/uploads\/2023\/01\/Lego-Room_Habitacion-de-construccion_9241-1200x800.jpg\" alt=\"\" width=\"1200\" height=\"800\" srcset=\"data:image\/svg+xml,%3Csvg%20xmlns%3D%27http%3A%2F%2Fwww.w3.org%2F2000%2Fsvg%27%20width%3D%271200%27%20height%3D%27800%27%20viewBox%3D%270%200%201200%20800%27%3E%3Crect%20width%3D%271200%27%20height%3D%27800%27%20fill-opacity%3D%220%22%2F%3E%3C%2Fsvg%3E\" data-srcset=\"https:\/\/astideco.com\/blog\/wp-content\/uploads\/2023\/01\/Lego-Room_Habitacion-de-construccion_9241-200x133.jpg 200w, https:\/\/astideco.com\/blog\/wp-content\/uploads\/2023\/01\/Lego-Room_Habitacion-de-construccion_9241-300x200.jpg 300w, https:\/\/astideco.com\/blog\/wp-content\/uploads\/2023\/01\/Lego-Room_Habitacion-de-construccion_9241-400x267.jpg 400w, https:\/\/astideco.com\/blog\/wp-content\/uploads\/2023\/01\/Lego-Room_Habitacion-de-construccion_9241-600x400.jpg 600w, https:\/\/astideco.com\/blog\/wp-content\/uploads\/2023\/01\/Lego-Room_Habitacion-de-construccion_9241-768x512.jpg 768w, https:\/\/astideco.com\/blog\/wp-content\/uploads\/2023\/01\/Lego-Room_Habitacion-de-construccion_9241-800x533.jpg 800w, https:\/\/astideco.com\/blog\/wp-content\/uploads\/2023\/01\/Lego-Room_Habitacion-de-construccion_9241-1024x683.jpg 1024w, https:\/\/astideco.com\/blog\/wp-content\/uploads\/2023\/01\/Lego-Room_Habitacion-de-construccion_9241-1200x800.jpg 1200w, https:\/\/astideco.com\/blog\/wp-content\/uploads\/2023\/01\/Lego-Room_Habitacion-de-construccion_9241-1536x1024.jpg 1536w\" data-sizes=\"auto\" data-orig-sizes=\"(max-width: 1200px) 100vw, 1200px\" \/><\/p>\n<h2><span>Un carrito organizador de juguetes<\/span><\/h2>\n<p><span>El espacio m\u00e1s natural para organizar todos los juguetes es el dormitorio infantil, pero hay veces en que esta habitaci\u00f3n no cuenta con muchos metros cuadrados y, por lo tanto, no hay rinc\u00f3n ni espacio f\u00edsico posibles. Si algo nos gusta es dise\u00f1ar y fabricar muebles que sean vers\u00e1tiles y puedan ubicarse en cualquier estancia de la casa. El <span><a href=\"https:\/\/astideco.com\/es\/cajas-modulares\/carrito-de-madera-de-pino\" target=\"_blank\" rel=\"noopener\"><strong>carrito multiusos<\/strong><\/a><\/span> es uno de ellos. Gracias a las ruedas, tu hijo puede llev\u00e1rselo f\u00e1cilmente por toda la casa. Lo puede utilizar para guardar juguetes, peluches, el material de las manualidades o del colegio, y hasta los cuentos. \u00a1Ayuda a tu hijo a tener todas sus cosas juntas y ordenadas!<\/span><\/p>\n<div id=\"attachment_4476\" style=\"width: 1210px\" class=\"wp-caption alignnone\"><img decoding=\"async\" aria-describedby=\"caption-attachment-4476\" class=\"lazyload wp-image-4476 size-fusion-1200\" src=\"https:\/\/astideco.com\/blog\/wp-content\/uploads\/2023\/01\/carrito-multiusos-madera-1200x1800.jpg\" data-orig-src=\"https:\/\/astideco.com\/blog\/wp-content\/uploads\/2023\/01\/carrito-multiusos-madera-1200x1800.jpg\" alt=\"\" width=\"1200\" height=\"1800\" srcset=\"data:image\/svg+xml,%3Csvg%20xmlns%3D%27http%3A%2F%2Fwww.w3.org%2F2000%2Fsvg%27%20width%3D%271200%27%20height%3D%271800%27%20viewBox%3D%270%200%201200%201800%27%3E%3Crect%20width%3D%271200%27%20height%3D%271800%27%20fill-opacity%3D%220%22%2F%3E%3C%2Fsvg%3E\" data-srcset=\"https:\/\/astideco.com\/blog\/wp-content\/uploads\/2023\/01\/carrito-multiusos-madera-200x300.jpg 200w, https:\/\/astideco.com\/blog\/wp-content\/uploads\/2023\/01\/carrito-multiusos-madera-400x600.jpg 400w, https:\/\/astideco.com\/blog\/wp-content\/uploads\/2023\/01\/carrito-multiusos-madera-600x900.jpg 600w, https:\/\/astideco.com\/blog\/wp-content\/uploads\/2023\/01\/carrito-multiusos-madera-683x1024.jpg 683w, https:\/\/astideco.com\/blog\/wp-content\/uploads\/2023\/01\/carrito-multiusos-madera-768x1152.jpg 768w, https:\/\/astideco.com\/blog\/wp-content\/uploads\/2023\/01\/carrito-multiusos-madera-800x1200.jpg 800w, https:\/\/astideco.com\/blog\/wp-content\/uploads\/2023\/01\/carrito-multiusos-madera-1024x1536.jpg 1024w, https:\/\/astideco.com\/blog\/wp-content\/uploads\/2023\/01\/carrito-multiusos-madera-1200x1800.jpg 1200w, https:\/\/astideco.com\/blog\/wp-content\/uploads\/2023\/01\/carrito-multiusos-madera-rotated.jpg 1280w\" data-sizes=\"auto\" data-orig-sizes=\"(max-width: 1200px) 100vw, 1200px\" \/><p id=\"caption-attachment-4476\" class=\"wp-caption-text\">Foto: <a href=\"https:\/\/www.instagram.com\/mami_novata\/?hl=es\" target=\"_blank\" rel=\"noopener\"><strong>Mami_novata<\/strong><\/a><\/p><\/div>\n<div id=\"attachment_4475\" style=\"width: 1210px\" class=\"wp-caption alignnone\"><img decoding=\"async\" aria-describedby=\"caption-attachment-4475\" class=\"lazyload wp-image-4475 size-fusion-1200\" src=\"https:\/\/astideco.com\/blog\/wp-content\/uploads\/2023\/01\/carrito_multiusos-madera-1200x1800.jpg\" data-orig-src=\"https:\/\/astideco.com\/blog\/wp-content\/uploads\/2023\/01\/carrito_multiusos-madera-1200x1800.jpg\" alt=\"\" width=\"1200\" height=\"1800\" srcset=\"data:image\/svg+xml,%3Csvg%20xmlns%3D%27http%3A%2F%2Fwww.w3.org%2F2000%2Fsvg%27%20width%3D%271200%27%20height%3D%271800%27%20viewBox%3D%270%200%201200%201800%27%3E%3Crect%20width%3D%271200%27%20height%3D%271800%27%20fill-opacity%3D%220%22%2F%3E%3C%2Fsvg%3E\" data-srcset=\"https:\/\/astideco.com\/blog\/wp-content\/uploads\/2023\/01\/carrito_multiusos-madera-200x300.jpg 200w, https:\/\/astideco.com\/blog\/wp-content\/uploads\/2023\/01\/carrito_multiusos-madera-400x600.jpg 400w, https:\/\/astideco.com\/blog\/wp-content\/uploads\/2023\/01\/carrito_multiusos-madera-600x900.jpg 600w, https:\/\/astideco.com\/blog\/wp-content\/uploads\/2023\/01\/carrito_multiusos-madera-683x1024.jpg 683w, https:\/\/astideco.com\/blog\/wp-content\/uploads\/2023\/01\/carrito_multiusos-madera-768x1152.jpg 768w, https:\/\/astideco.com\/blog\/wp-content\/uploads\/2023\/01\/carrito_multiusos-madera-800x1200.jpg 800w, https:\/\/astideco.com\/blog\/wp-content\/uploads\/2023\/01\/carrito_multiusos-madera-1024x1536.jpg 1024w, https:\/\/astideco.com\/blog\/wp-content\/uploads\/2023\/01\/carrito_multiusos-madera-1200x1800.jpg 1200w, https:\/\/astideco.com\/blog\/wp-content\/uploads\/2023\/01\/carrito_multiusos-madera-1365x2048.jpg 1365w, https:\/\/astideco.com\/blog\/wp-content\/uploads\/2023\/01\/carrito_multiusos-madera-scaled.jpg 1707w\" data-sizes=\"auto\" data-orig-sizes=\"(max-width: 1200px) 100vw, 1200px\" \/><p id=\"caption-attachment-4475\" class=\"wp-caption-text\">Foto: <a href=\"https:\/\/www.instagram.com\/creciendoconmontessori\/?hl=es\"><strong>Creciendo con Montessori<\/strong><\/a><\/p><\/div>\n<h2><span>Armarios para juguetes, todo en orden fuera de la vista<\/span><\/h2>\n<p><span>Esta es una idea infalible: primero, porque permite que los ni\u00f1os mantengan organizada su habitaci\u00f3n y ordenados sus juguetes; y segundo, porque todo est\u00e1 oculto a la vista, lo que es positivo para generar mayo sensaci\u00f3n de orden. Los <span><a href=\"https:\/\/astideco.com\/es\/muebles-de-almacenaje\" target=\"_blank\" rel=\"noopener\"><strong>armarios de madera de la colecci\u00f3n Dinamic<\/strong><\/a><\/span> son de lo m\u00e1s \u00fatil para ganar una gran cantidad de espacio para el almacenamiento no solo de juguetes sino tambi\u00e9n de la ropita de los ni\u00f1os. Es verdad que las puertas de los armarios ocultan su interior, pero la forma de organizaci\u00f3n de estos muebles, con estantes regulables en altura, hace que puedas clasificar con \u00e9xito todos los juguetes.\u00a0<\/span><\/p>\n<div id=\"attachment_4485\" style=\"width: 1210px\" class=\"wp-caption alignnone\"><img decoding=\"async\" aria-describedby=\"caption-attachment-4485\" class=\"lazyload wp-image-4485 size-fusion-1200\" src=\"https:\/\/astideco.com\/blog\/wp-content\/uploads\/2023\/01\/playroom_armarios_almacenaje-1200x1600.jpg\" data-orig-src=\"https:\/\/astideco.com\/blog\/wp-content\/uploads\/2023\/01\/playroom_armarios_almacenaje-1200x1600.jpg\" alt=\"\" width=\"1200\" height=\"1600\" srcset=\"data:image\/svg+xml,%3Csvg%20xmlns%3D%27http%3A%2F%2Fwww.w3.org%2F2000%2Fsvg%27%20width%3D%271200%27%20height%3D%271600%27%20viewBox%3D%270%200%201200%201600%27%3E%3Crect%20width%3D%271200%27%20height%3D%271600%27%20fill-opacity%3D%220%22%2F%3E%3C%2Fsvg%3E\" data-srcset=\"https:\/\/astideco.com\/blog\/wp-content\/uploads\/2023\/01\/playroom_armarios_almacenaje-200x267.jpg 200w, https:\/\/astideco.com\/blog\/wp-content\/uploads\/2023\/01\/playroom_armarios_almacenaje-225x300.jpg 225w, https:\/\/astideco.com\/blog\/wp-content\/uploads\/2023\/01\/playroom_armarios_almacenaje-400x533.jpg 400w, https:\/\/astideco.com\/blog\/wp-content\/uploads\/2023\/01\/playroom_armarios_almacenaje-600x800.jpg 600w, https:\/\/astideco.com\/blog\/wp-content\/uploads\/2023\/01\/playroom_armarios_almacenaje-768x1024.jpg 768w, https:\/\/astideco.com\/blog\/wp-content\/uploads\/2023\/01\/playroom_armarios_almacenaje-800x1067.jpg 800w, https:\/\/astideco.com\/blog\/wp-content\/uploads\/2023\/01\/playroom_armarios_almacenaje-1152x1536.jpg 1152w, https:\/\/astideco.com\/blog\/wp-content\/uploads\/2023\/01\/playroom_armarios_almacenaje-1200x1600.jpg 1200w, https:\/\/astideco.com\/blog\/wp-content\/uploads\/2023\/01\/playroom_armarios_almacenaje-1536x2048.jpg 1536w, https:\/\/astideco.com\/blog\/wp-content\/uploads\/2023\/01\/playroom_armarios_almacenaje-scaled.jpg 1920w\" data-sizes=\"auto\" data-orig-sizes=\"(max-width: 1200px) 100vw, 1200px\" \/><p id=\"caption-attachment-4485\" class=\"wp-caption-text\">Foto: <a href=\"https:\/\/www.instagram.com\/dulce_olivia2018\/?hl=es\" target=\"_blank\" rel=\"noopener\"><strong>Dulce_olivia2018<\/strong><\/a><\/p><\/div>\n<h2><span>Ba\u00fales, un valor seguro en decoraci\u00f3n<\/span><\/h2>\n<p><span>Son funcionales a m\u00e1s no poder, altamente decorativos y adem\u00e1s sirven para que los ni\u00f1os aprendan a guardar orden. Hablamos de los <span><a href=\"https:\/\/astideco.com\/es\/baules\" target=\"_blank\" rel=\"noopener\"><strong>ba\u00fales de madera<\/strong><\/a><\/span>, esos contenedores imprescindibles en decoraci\u00f3n, que no ocupan mucho espacio y que siempre dan un toque especial a cualquier rinc\u00f3n. Uno de los mejores aliados para ganar espacio de almacenaje en un cuarto infantil, lo pongas donde lo pongas: como mesita de noche, al pie de la cama o en otro rinc\u00f3n.<\/span><\/p>\n<div id=\"attachment_4474\" style=\"width: 1210px\" class=\"wp-caption alignnone\"><img decoding=\"async\" aria-describedby=\"caption-attachment-4474\" class=\"lazyload wp-image-4474\" src=\"https:\/\/astideco.com\/blog\/wp-content\/uploads\/2023\/01\/320704106_1119209578791416_6361072390536023405_n.jpg\" data-orig-src=\"https:\/\/astideco.com\/blog\/wp-content\/uploads\/2023\/01\/320704106_1119209578791416_6361072390536023405_n.jpg\" alt=\"\" width=\"1200\" height=\"1200\" srcset=\"data:image\/svg+xml,%3Csvg%20xmlns%3D%27http%3A%2F%2Fwww.w3.org%2F2000%2Fsvg%27%20width%3D%271200%27%20height%3D%271200%27%20viewBox%3D%270%200%201200%201200%27%3E%3Crect%20width%3D%271200%27%20height%3D%271200%27%20fill-opacity%3D%220%22%2F%3E%3C%2Fsvg%3E\" data-srcset=\"https:\/\/astideco.com\/blog\/wp-content\/uploads\/2023\/01\/320704106_1119209578791416_6361072390536023405_n-66x66.jpg 66w, https:\/\/astideco.com\/blog\/wp-content\/uploads\/2023\/01\/320704106_1119209578791416_6361072390536023405_n-150x150.jpg 150w, https:\/\/astideco.com\/blog\/wp-content\/uploads\/2023\/01\/320704106_1119209578791416_6361072390536023405_n-200x200.jpg 200w, https:\/\/astideco.com\/blog\/wp-content\/uploads\/2023\/01\/320704106_1119209578791416_6361072390536023405_n-300x300.jpg 300w, https:\/\/astideco.com\/blog\/wp-content\/uploads\/2023\/01\/320704106_1119209578791416_6361072390536023405_n-400x400.jpg 400w, https:\/\/astideco.com\/blog\/wp-content\/uploads\/2023\/01\/320704106_1119209578791416_6361072390536023405_n-600x600.jpg 600w, https:\/\/astideco.com\/blog\/wp-content\/uploads\/2023\/01\/320704106_1119209578791416_6361072390536023405_n-768x768.jpg 768w, https:\/\/astideco.com\/blog\/wp-content\/uploads\/2023\/01\/320704106_1119209578791416_6361072390536023405_n-800x800.jpg 800w, https:\/\/astideco.com\/blog\/wp-content\/uploads\/2023\/01\/320704106_1119209578791416_6361072390536023405_n-1024x1024.jpg 1024w, https:\/\/astideco.com\/blog\/wp-content\/uploads\/2023\/01\/320704106_1119209578791416_6361072390536023405_n.jpg 1080w\" data-sizes=\"auto\" data-orig-sizes=\"(max-width: 1200px) 100vw, 1200px\" \/><p id=\"caption-attachment-4474\" class=\"wp-caption-text\">Foto: <a href=\"https:\/\/www.instagram.com\/rachihome\/?hl=es\" target=\"_blank\" rel=\"noopener\"><strong>Rachihome<\/strong><\/a><\/p><\/div>\n<p><span>\u00bfSigues en busca de un <strong>organizador de juguetes<\/strong>? Todas las soluciones que te proponemos est\u00e1n fabricadas en madera ecol\u00f3gica y natural. Nos avalan el <a href=\"https:\/\/www.pefc.es\/\" target=\"_blank\" rel=\"noopener\"><strong>certificado PEFC<\/strong><\/a> y la <a href=\"https:\/\/environment.ec.europa.eu\/topics\/circular-economy\/eu-ecolabel-home_en\" target=\"_blank\" rel=\"noopener\"><strong>etiqueta ecol\u00f3gica europea Ecolabel<\/strong><\/a>, sellos que garantizan nuestro compromiso con el entorno y el medio ambiente. Despu\u00e9s de conocer la versatilidad y el valor decorativo de todos nuestros muebles, seguro que ya no hay peros ni dramas para <a href=\"https:\/\/astideco.com\/blog\/ideas-para-ordenar-los-juguetes-de-los-ninos\/\" target=\"_blank\" rel=\"noopener\"><strong>organizar los juguetes<\/strong><\/a> tras el vendaval de las navidades. \u00a1Ser\u00e1 coser y cantar!<\/span><\/p>\n<p><i><span>Gracias por dejarnos decorar vuestro hogar de manera sostenible.<\/span><\/i><\/p>\n<p>&nbsp;<\/p>\n","protected":false},"excerpt":{"rendered":"<p>Con el chimp\u00fan de las navidades, las tiendas y los comercios comienzan a retirar los adornos, y las calles, que se quedan sin las luces navide\u00f1as, dan paso a los carteles de rebajas. Y en todos los hogares se repite  [..]<\/p>\n","protected":false},"author":6,"featured_media":4473,"comment_status":"open","ping_status":"open","sticky":false,"template":"","format":"standard","meta":{"footnotes":""},"categories":[644,15],"tags":[355,851,670,849,847,674],"class_list":["post-4472","post","type-post","status-publish","format-standard","has-post-thumbnail","hentry","category-ideas-y-consejos","category-producto","tag-habitacion-infantil","tag-muebles-ecologicos","tag-muebles-madera","tag-ordenar-juguetes","tag-organizador-juguetes","tag-playroom"],"yoast_head":"<!-- This site is optimized with the Yoast SEO plugin v27.0 - https:\/\/yoast.com\/product\/yoast-seo-wordpress\/ -->\n<title>\u00bfEn busca de un organizador de juguetes? - Astiblog<\/title>\n<meta name=\"description\" content=\"Terminan las navidades y \u00bfqu\u00e9 sucede con los regalos que reciben los peques de la casa? \u00bfEn busca de un organizador de juguetes? \u00a1Qu\u00e9date!\" \/>\n<meta name=\"robots\" content=\"index, follow, max-snippet:-1, max-image-preview:large, max-video-preview:-1\" \/>\n<link rel=\"canonical\" href=\"https:\/\/astideco.com\/blog\/en-busca-de-un-organizador-de-juguetes\/\" \/>\n<meta property=\"og:locale\" content=\"es_ES\" \/>\n<meta property=\"og:type\" content=\"article\" \/>\n<meta property=\"og:title\" content=\"\u00bfEn busca de un organizador de juguetes? - Astiblog\" \/>\n<meta property=\"og:description\" content=\"Terminan las navidades y \u00bfqu\u00e9 sucede con los regalos que reciben los peques de la casa? \u00bfEn busca de un organizador de juguetes? \u00a1Qu\u00e9date!\" \/>\n<meta property=\"og:url\" content=\"https:\/\/astideco.com\/blog\/en-busca-de-un-organizador-de-juguetes\/\" \/>\n<meta property=\"og:site_name\" content=\"Astiblog\" \/>\n<meta property=\"article:published_time\" content=\"2023-01-10T08:34:30+00:00\" \/>\n<meta property=\"article:modified_time\" content=\"2023-03-13T07:33:27+00:00\" \/>\n<meta property=\"og:image\" content=\"https:\/\/astideco.com\/blog\/wp-content\/uploads\/2023\/01\/Zona-de-Juego-Montessori-13-scaled.jpg\" \/>\n\t<meta property=\"og:image:width\" content=\"2560\" \/>\n\t<meta property=\"og:image:height\" content=\"1707\" \/>\n\t<meta property=\"og:image:type\" content=\"image\/jpeg\" \/>\n<meta name=\"author\" content=\"Astigarraga Kit Line\" \/>\n<meta name=\"twitter:card\" content=\"summary_large_image\" \/>\n<meta name=\"twitter:label1\" content=\"Escrito por\" \/>\n\t<meta name=\"twitter:data1\" content=\"Astigarraga Kit Line\" \/>\n\t<meta name=\"twitter:label2\" content=\"Tiempo de lectura\" \/>\n\t<meta name=\"twitter:data2\" content=\"8 minutos\" \/>\n<script type=\"application\/ld+json\" class=\"yoast-schema-graph\">{\"@context\":\"https:\/\/schema.org\",\"@graph\":[{\"@type\":\"Article\",\"@id\":\"https:\/\/astideco.com\/blog\/en-busca-de-un-organizador-de-juguetes\/#article\",\"isPartOf\":{\"@id\":\"https:\/\/astideco.com\/blog\/en-busca-de-un-organizador-de-juguetes\/\"},\"author\":{\"name\":\"Astigarraga Kit Line\",\"@id\":\"https:\/\/astideco.com\/blog\/#\/schema\/person\/13fd236103c4c231352fb09b2b7ac5cf\"},\"headline\":\"\u00bfEn busca de un organizador de juguetes?\",\"datePublished\":\"2023-01-10T08:34:30+00:00\",\"dateModified\":\"2023-03-13T07:33:27+00:00\",\"mainEntityOfPage\":{\"@id\":\"https:\/\/astideco.com\/blog\/en-busca-de-un-organizador-de-juguetes\/\"},\"wordCount\":1276,\"commentCount\":0,\"image\":{\"@id\":\"https:\/\/astideco.com\/blog\/en-busca-de-un-organizador-de-juguetes\/#primaryimage\"},\"thumbnailUrl\":\"https:\/\/astideco.com\/blog\/wp-content\/uploads\/2023\/01\/Zona-de-Juego-Montessori-13-scaled.jpg\",\"keywords\":[\"habitaci\u00f3n infantil\",\"Muebles ecol\u00f3gicos\",\"Muebles Madera\",\"Ordenar juguetes\",\"Organizador juguetes\",\"Playroom\"],\"articleSection\":[\"Ideas y consejos\",\"Producto\"],\"inLanguage\":\"es\",\"potentialAction\":[{\"@type\":\"CommentAction\",\"name\":\"Comment\",\"target\":[\"https:\/\/astideco.com\/blog\/en-busca-de-un-organizador-de-juguetes\/#respond\"]}]},{\"@type\":\"WebPage\",\"@id\":\"https:\/\/astideco.com\/blog\/en-busca-de-un-organizador-de-juguetes\/\",\"url\":\"https:\/\/astideco.com\/blog\/en-busca-de-un-organizador-de-juguetes\/\",\"name\":\"\u00bfEn busca de un organizador de juguetes? - Astiblog\",\"isPartOf\":{\"@id\":\"https:\/\/astideco.com\/blog\/#website\"},\"primaryImageOfPage\":{\"@id\":\"https:\/\/astideco.com\/blog\/en-busca-de-un-organizador-de-juguetes\/#primaryimage\"},\"image\":{\"@id\":\"https:\/\/astideco.com\/blog\/en-busca-de-un-organizador-de-juguetes\/#primaryimage\"},\"thumbnailUrl\":\"https:\/\/astideco.com\/blog\/wp-content\/uploads\/2023\/01\/Zona-de-Juego-Montessori-13-scaled.jpg\",\"datePublished\":\"2023-01-10T08:34:30+00:00\",\"dateModified\":\"2023-03-13T07:33:27+00:00\",\"author\":{\"@id\":\"https:\/\/astideco.com\/blog\/#\/schema\/person\/13fd236103c4c231352fb09b2b7ac5cf\"},\"description\":\"Terminan las navidades y \u00bfqu\u00e9 sucede con los regalos que reciben los peques de la casa? \u00bfEn busca de un organizador de juguetes? \u00a1Qu\u00e9date!\",\"breadcrumb\":{\"@id\":\"https:\/\/astideco.com\/blog\/en-busca-de-un-organizador-de-juguetes\/#breadcrumb\"},\"inLanguage\":\"es\",\"potentialAction\":[{\"@type\":\"ReadAction\",\"target\":[\"https:\/\/astideco.com\/blog\/en-busca-de-un-organizador-de-juguetes\/\"]}]},{\"@type\":\"ImageObject\",\"inLanguage\":\"es\",\"@id\":\"https:\/\/astideco.com\/blog\/en-busca-de-un-organizador-de-juguetes\/#primaryimage\",\"url\":\"https:\/\/astideco.com\/blog\/wp-content\/uploads\/2023\/01\/Zona-de-Juego-Montessori-13-scaled.jpg\",\"contentUrl\":\"https:\/\/astideco.com\/blog\/wp-content\/uploads\/2023\/01\/Zona-de-Juego-Montessori-13-scaled.jpg\",\"width\":2560,\"height\":1707},{\"@type\":\"BreadcrumbList\",\"@id\":\"https:\/\/astideco.com\/blog\/en-busca-de-un-organizador-de-juguetes\/#breadcrumb\",\"itemListElement\":[{\"@type\":\"ListItem\",\"position\":1,\"name\":\"Portada\",\"item\":\"https:\/\/astideco.com\/blog\/\"},{\"@type\":\"ListItem\",\"position\":2,\"name\":\"\u00bfEn busca de un organizador de juguetes?\"}]},{\"@type\":\"WebSite\",\"@id\":\"https:\/\/astideco.com\/blog\/#website\",\"url\":\"https:\/\/astideco.com\/blog\/\",\"name\":\"Astiblog\",\"description\":\"Blog de Astideco.com\",\"potentialAction\":[{\"@type\":\"SearchAction\",\"target\":{\"@type\":\"EntryPoint\",\"urlTemplate\":\"https:\/\/astideco.com\/blog\/?s={search_term_string}\"},\"query-input\":{\"@type\":\"PropertyValueSpecification\",\"valueRequired\":true,\"valueName\":\"search_term_string\"}}],\"inLanguage\":\"es\"},{\"@type\":\"Person\",\"@id\":\"https:\/\/astideco.com\/blog\/#\/schema\/person\/13fd236103c4c231352fb09b2b7ac5cf\",\"name\":\"Astigarraga Kit Line\"}]}<\/script>\n<!-- \/ Yoast SEO plugin. -->","yoast_head_json":{"title":"\u00bfEn busca de un organizador de juguetes? - Astiblog","description":"Terminan las navidades y \u00bfqu\u00e9 sucede con los regalos que reciben los peques de la casa? \u00bfEn busca de un organizador de juguetes? \u00a1Qu\u00e9date!","robots":{"index":"index","follow":"follow","max-snippet":"max-snippet:-1","max-image-preview":"max-image-preview:large","max-video-preview":"max-video-preview:-1"},"canonical":"https:\/\/astideco.com\/blog\/en-busca-de-un-organizador-de-juguetes\/","og_locale":"es_ES","og_type":"article","og_title":"\u00bfEn busca de un organizador de juguetes? - Astiblog","og_description":"Terminan las navidades y \u00bfqu\u00e9 sucede con los regalos que reciben los peques de la casa? \u00bfEn busca de un organizador de juguetes? \u00a1Qu\u00e9date!","og_url":"https:\/\/astideco.com\/blog\/en-busca-de-un-organizador-de-juguetes\/","og_site_name":"Astiblog","article_published_time":"2023-01-10T08:34:30+00:00","article_modified_time":"2023-03-13T07:33:27+00:00","og_image":[{"width":2560,"height":1707,"url":"https:\/\/astideco.com\/blog\/wp-content\/uploads\/2023\/01\/Zona-de-Juego-Montessori-13-scaled.jpg","type":"image\/jpeg"}],"author":"Astigarraga Kit Line","twitter_card":"summary_large_image","twitter_misc":{"Escrito por":"Astigarraga Kit Line","Tiempo de lectura":"8 minutos"},"schema":{"@context":"https:\/\/schema.org","@graph":[{"@type":"Article","@id":"https:\/\/astideco.com\/blog\/en-busca-de-un-organizador-de-juguetes\/#article","isPartOf":{"@id":"https:\/\/astideco.com\/blog\/en-busca-de-un-organizador-de-juguetes\/"},"author":{"name":"Astigarraga Kit Line","@id":"https:\/\/astideco.com\/blog\/#\/schema\/person\/13fd236103c4c231352fb09b2b7ac5cf"},"headline":"\u00bfEn busca de un organizador de juguetes?","datePublished":"2023-01-10T08:34:30+00:00","dateModified":"2023-03-13T07:33:27+00:00","mainEntityOfPage":{"@id":"https:\/\/astideco.com\/blog\/en-busca-de-un-organizador-de-juguetes\/"},"wordCount":1276,"commentCount":0,"image":{"@id":"https:\/\/astideco.com\/blog\/en-busca-de-un-organizador-de-juguetes\/#primaryimage"},"thumbnailUrl":"https:\/\/astideco.com\/blog\/wp-content\/uploads\/2023\/01\/Zona-de-Juego-Montessori-13-scaled.jpg","keywords":["habitaci\u00f3n infantil","Muebles ecol\u00f3gicos","Muebles Madera","Ordenar juguetes","Organizador juguetes","Playroom"],"articleSection":["Ideas y consejos","Producto"],"inLanguage":"es","potentialAction":[{"@type":"CommentAction","name":"Comment","target":["https:\/\/astideco.com\/blog\/en-busca-de-un-organizador-de-juguetes\/#respond"]}]},{"@type":"WebPage","@id":"https:\/\/astideco.com\/blog\/en-busca-de-un-organizador-de-juguetes\/","url":"https:\/\/astideco.com\/blog\/en-busca-de-un-organizador-de-juguetes\/","name":"\u00bfEn busca de un organizador de juguetes? - Astiblog","isPartOf":{"@id":"https:\/\/astideco.com\/blog\/#website"},"primaryImageOfPage":{"@id":"https:\/\/astideco.com\/blog\/en-busca-de-un-organizador-de-juguetes\/#primaryimage"},"image":{"@id":"https:\/\/astideco.com\/blog\/en-busca-de-un-organizador-de-juguetes\/#primaryimage"},"thumbnailUrl":"https:\/\/astideco.com\/blog\/wp-content\/uploads\/2023\/01\/Zona-de-Juego-Montessori-13-scaled.jpg","datePublished":"2023-01-10T08:34:30+00:00","dateModified":"2023-03-13T07:33:27+00:00","author":{"@id":"https:\/\/astideco.com\/blog\/#\/schema\/person\/13fd236103c4c231352fb09b2b7ac5cf"},"description":"Terminan las navidades y \u00bfqu\u00e9 sucede con los regalos que reciben los peques de la casa? \u00bfEn busca de un organizador de juguetes? \u00a1Qu\u00e9date!","breadcrumb":{"@id":"https:\/\/astideco.com\/blog\/en-busca-de-un-organizador-de-juguetes\/#breadcrumb"},"inLanguage":"es","potentialAction":[{"@type":"ReadAction","target":["https:\/\/astideco.com\/blog\/en-busca-de-un-organizador-de-juguetes\/"]}]},{"@type":"ImageObject","inLanguage":"es","@id":"https:\/\/astideco.com\/blog\/en-busca-de-un-organizador-de-juguetes\/#primaryimage","url":"https:\/\/astideco.com\/blog\/wp-content\/uploads\/2023\/01\/Zona-de-Juego-Montessori-13-scaled.jpg","contentUrl":"https:\/\/astideco.com\/blog\/wp-content\/uploads\/2023\/01\/Zona-de-Juego-Montessori-13-scaled.jpg","width":2560,"height":1707},{"@type":"BreadcrumbList","@id":"https:\/\/astideco.com\/blog\/en-busca-de-un-organizador-de-juguetes\/#breadcrumb","itemListElement":[{"@type":"ListItem","position":1,"name":"Portada","item":"https:\/\/astideco.com\/blog\/"},{"@type":"ListItem","position":2,"name":"\u00bfEn busca de un organizador de juguetes?"}]},{"@type":"WebSite","@id":"https:\/\/astideco.com\/blog\/#website","url":"https:\/\/astideco.com\/blog\/","name":"Astiblog","description":"Blog de Astideco.com","potentialAction":[{"@type":"SearchAction","target":{"@type":"EntryPoint","urlTemplate":"https:\/\/astideco.com\/blog\/?s={search_term_string}"},"query-input":{"@type":"PropertyValueSpecification","valueRequired":true,"valueName":"search_term_string"}}],"inLanguage":"es"},{"@type":"Person","@id":"https:\/\/astideco.com\/blog\/#\/schema\/person\/13fd236103c4c231352fb09b2b7ac5cf","name":"Astigarraga Kit Line"}]}},"_links":{"self":[{"href":"https:\/\/astideco.com\/blog\/wp-json\/wp\/v2\/posts\/4472","targetHints":{"allow":["GET"]}}],"collection":[{"href":"https:\/\/astideco.com\/blog\/wp-json\/wp\/v2\/posts"}],"about":[{"href":"https:\/\/astideco.com\/blog\/wp-json\/wp\/v2\/types\/post"}],"author":[{"embeddable":true,"href":"https:\/\/astideco.com\/blog\/wp-json\/wp\/v2\/users\/6"}],"replies":[{"embeddable":true,"href":"https:\/\/astideco.com\/blog\/wp-json\/wp\/v2\/comments?post=4472"}],"version-history":[{"count":3,"href":"https:\/\/astideco.com\/blog\/wp-json\/wp\/v2\/posts\/4472\/revisions"}],"predecessor-version":[{"id":4491,"href":"https:\/\/astideco.com\/blog\/wp-json\/wp\/v2\/posts\/4472\/revisions\/4491"}],"wp:featuredmedia":[{"embeddable":true,"href":"https:\/\/astideco.com\/blog\/wp-json\/wp\/v2\/media\/4473"}],"wp:attachment":[{"href":"https:\/\/astideco.com\/blog\/wp-json\/wp\/v2\/media?parent=4472"}],"wp:term":[{"taxonomy":"category","embeddable":true,"href":"https:\/\/astideco.com\/blog\/wp-json\/wp\/v2\/categories?post=4472"},{"taxonomy":"post_tag","embeddable":true,"href":"https:\/\/astideco.com\/blog\/wp-json\/wp\/v2\/tags?post=4472"}],"curies":[{"name":"wp","href":"https:\/\/api.w.org\/{rel}","templated":true}]}}