{"id":4426,"date":"2022-12-09T11:29:12","date_gmt":"2022-12-09T11:29:12","guid":{"rendered":"https:\/\/astideco.com\/blog\/?p=4426"},"modified":"2022-12-30T11:04:21","modified_gmt":"2022-12-30T11:04:21","slug":"regala-decoracion-en-navidad-y-evita-el-desorden","status":"publish","type":"post","link":"https:\/\/astideco.com\/blog\/regala-decoracion-en-navidad-y-evita-el-desorden\/","title":{"rendered":"Regala decoraci\u00f3n en Navidad y evita el desorden"},"content":{"rendered":"<p><span>Diciembre es sin\u00f3nimo de Navidad. Tenemos encima ya la \u00e9poca del a\u00f1o en la que las reuniones familiares se mezclan con las comidas especiales, las risas, los abrazos y los regalos. Y regalar algunas veces se torna en una tarea complicada, porque o se tiene de todo, o te toca sorprender a alguien con el que nunca aciertas. Te vamos a proponer que dejes a un lado los regalos repetitivos de todos los a\u00f1os por estas fechas y cambies de tercio. El tiempo que pasamos en nuestras casas, debido a la pandemia, hizo renacer ese af\u00e1n por convertir las casas en hogares m\u00e1s acogedores. As\u00ed es que seguro que aciertas: <strong>regala decoraci\u00f3n en Navidad y evita el desorden en casa.<\/strong><\/span><\/p>\n<p><span>Si te toca regalar y no sabes el qu\u00e9, presta atenci\u00f3n a esta lista de regalos de decoraci\u00f3n que hemos realizado para ti. Decorar un hogar y lograr que est\u00e9 ordenado es un reto. Y m\u00e1s ahora que, una vez pasen nuestro Olentzero, Pap\u00e1 Noel y los Reyes Magos, hay que encontrar un espacio para todos los presentes. Tengas que hacer un regalo a tus padres, a un hijo estudiante que vive en un piso compartido, a esa pareja que acaba de estrenar piso o simplemente te quieres dar un capricho, atenta porque seguro que te cautiva alguna de las propuestas.<\/span><\/p>\n<h2><span>Un botellero de madera Rioja<\/span><\/h2>\n<p><span>Siempre con moderaci\u00f3n, beber una copa de vino es uno de esos placeres que hay que disfrutar. Ahora que se acerca la Navidad, seguro que descorchas uno de esos caldos que has tenido guardado como una reliquia, esperando una ocasi\u00f3n especial. Os lo decimos muchas veces: tener una buena botella de vino no es sin\u00f3nimo de \u00e9xito si previamente no ha estado guardada y conservada de manera id\u00f3nea. \u00bfCu\u00e1l es la soluci\u00f3n, entonces? Entre otras, un buen <span><a href=\"https:\/\/astideco.com\/es\/botelleros\" target=\"_blank\" rel=\"noopener\"><strong>botellero de madera maciza de pino<\/strong><\/a><\/span> que combina con la decoraci\u00f3n de cualquier estilo. Y si es modular, mejor que mejor. La serie Rioja de Astigarraga Kit Line lo es, contiene diferentes tama\u00f1os y permite ir combin\u00e1ndolos gracias a la pieza de uni\u00f3n de <span><a href=\"https:\/\/astideco.com\/blog\/pieza-union-botelleros-madera-rioja\/\" target=\"_blank\" rel=\"noopener\"><strong>pl\u00e1stico negro 100% reciclado<\/strong><\/a><\/span>. Seguro que tienes ya en mente a quien puedes sorprender con uno de los <span><a href=\"https:\/\/astideco.com\/es\/botelleros-de-gran-capacidad\" target=\"_blank\" rel=\"noopener\"><strong>botelleros de madera ecol\u00f3gica Rioja<\/strong><\/a><\/span>.<\/span><\/p>\n<p><img decoding=\"async\" class=\"lazyload alignnone wp-image-4427 size-fusion-1200\" src=\"https:\/\/astideco.com\/blog\/wp-content\/uploads\/2022\/12\/botellero-madera-rioja-1200x1477.jpg\" data-orig-src=\"https:\/\/astideco.com\/blog\/wp-content\/uploads\/2022\/12\/botellero-madera-rioja-1200x1477.jpg\" alt=\"\" width=\"1200\" height=\"1477\" srcset=\"data:image\/svg+xml,%3Csvg%20xmlns%3D%27http%3A%2F%2Fwww.w3.org%2F2000%2Fsvg%27%20width%3D%271200%27%20height%3D%271477%27%20viewBox%3D%270%200%201200%201477%27%3E%3Crect%20width%3D%271200%27%20height%3D%271477%27%20fill-opacity%3D%220%22%2F%3E%3C%2Fsvg%3E\" data-srcset=\"https:\/\/astideco.com\/blog\/wp-content\/uploads\/2022\/12\/botellero-madera-rioja-200x246.jpg 200w, https:\/\/astideco.com\/blog\/wp-content\/uploads\/2022\/12\/botellero-madera-rioja-244x300.jpg 244w, https:\/\/astideco.com\/blog\/wp-content\/uploads\/2022\/12\/botellero-madera-rioja-400x492.jpg 400w, https:\/\/astideco.com\/blog\/wp-content\/uploads\/2022\/12\/botellero-madera-rioja-600x739.jpg 600w, https:\/\/astideco.com\/blog\/wp-content\/uploads\/2022\/12\/botellero-madera-rioja-768x945.jpg 768w, https:\/\/astideco.com\/blog\/wp-content\/uploads\/2022\/12\/botellero-madera-rioja-800x985.jpg 800w, https:\/\/astideco.com\/blog\/wp-content\/uploads\/2022\/12\/botellero-madera-rioja-832x1024.jpg 832w, https:\/\/astideco.com\/blog\/wp-content\/uploads\/2022\/12\/botellero-madera-rioja-1200x1477.jpg 1200w, https:\/\/astideco.com\/blog\/wp-content\/uploads\/2022\/12\/botellero-madera-rioja-1248x1536.jpg 1248w, https:\/\/astideco.com\/blog\/wp-content\/uploads\/2022\/12\/botellero-madera-rioja-1664x2048.jpg 1664w\" data-sizes=\"auto\" data-orig-sizes=\"(max-width: 1200px) 100vw, 1200px\" \/><\/p>\n<h2><span>Un ba\u00fal de madera con ruedas<\/span><\/h2>\n<p><span>En un sal\u00f3n, en un dormitorio, en un recibidor, en una playroom o en un trastero, los <span><a href=\"https:\/\/astideco.com\/es\/baules\" target=\"_blank\" rel=\"noopener\"><strong>ba\u00fales de madera<\/strong><\/a><\/span> son piezas imprescindibles que proporcionan un amplio espacio de almacenamiento para guardar y ordenar m\u00faltiples cosas: ropa de cama, juguetes, complementos\u2026 En la habitaci\u00f3n de un ni\u00f1o es m\u00e1s complicado que reine el orden: los juguetes o las cosas del cole suelen campar a sus anchas\u2026 Por eso, nuestro <span><a href=\"https:\/\/astideco.com\/es\/baules\/baul-de-almacenaje-de-madera-de-pino-con-4-ruedas\" target=\"_blank\" rel=\"noopener\"><strong>ba\u00fal de madera con ruedas<\/strong><\/a><\/span> puede ser el aliado perfecto para que los m\u00e1s peque\u00f1os aprendan pronto el <strong>h\u00e1bito de ordenar despu\u00e9s del juego<\/strong>. Adem\u00e1s, su acabado en madera natural permite personalizarlo con pintura a la tiza, esmalte al agua u otros motivos decorativos. \u00bfLo mejor? Est\u00e1 de promoci\u00f3n: <strong>\u00a1A mitad de precio!<\/strong> \u00bfYa tienes en mente a qui\u00e9n se lo vas a regalar?<\/span><\/p>\n<div id=\"attachment_4430\" style=\"width: 1210px\" class=\"wp-caption alignnone\"><img decoding=\"async\" aria-describedby=\"caption-attachment-4430\" class=\"lazyload wp-image-4430 size-fusion-1200\" src=\"https:\/\/astideco.com\/blog\/wp-content\/uploads\/2022\/12\/baul-madera-ruedas-astikitline-1200x1189.jpg\" data-orig-src=\"https:\/\/astideco.com\/blog\/wp-content\/uploads\/2022\/12\/baul-madera-ruedas-astikitline-1200x1189.jpg\" alt=\"\" width=\"1200\" height=\"1189\" srcset=\"data:image\/svg+xml,%3Csvg%20xmlns%3D%27http%3A%2F%2Fwww.w3.org%2F2000%2Fsvg%27%20width%3D%271200%27%20height%3D%271189%27%20viewBox%3D%270%200%201200%201189%27%3E%3Crect%20width%3D%271200%27%20height%3D%271189%27%20fill-opacity%3D%220%22%2F%3E%3C%2Fsvg%3E\" data-srcset=\"https:\/\/astideco.com\/blog\/wp-content\/uploads\/2022\/12\/baul-madera-ruedas-astikitline-66x66.jpg 66w, https:\/\/astideco.com\/blog\/wp-content\/uploads\/2022\/12\/baul-madera-ruedas-astikitline-150x150.jpg 150w, https:\/\/astideco.com\/blog\/wp-content\/uploads\/2022\/12\/baul-madera-ruedas-astikitline-200x198.jpg 200w, https:\/\/astideco.com\/blog\/wp-content\/uploads\/2022\/12\/baul-madera-ruedas-astikitline-300x297.jpg 300w, https:\/\/astideco.com\/blog\/wp-content\/uploads\/2022\/12\/baul-madera-ruedas-astikitline-400x396.jpg 400w, https:\/\/astideco.com\/blog\/wp-content\/uploads\/2022\/12\/baul-madera-ruedas-astikitline-600x594.jpg 600w, https:\/\/astideco.com\/blog\/wp-content\/uploads\/2022\/12\/baul-madera-ruedas-astikitline-768x761.jpg 768w, https:\/\/astideco.com\/blog\/wp-content\/uploads\/2022\/12\/baul-madera-ruedas-astikitline-800x793.jpg 800w, https:\/\/astideco.com\/blog\/wp-content\/uploads\/2022\/12\/baul-madera-ruedas-astikitline-1024x1015.jpg 1024w, https:\/\/astideco.com\/blog\/wp-content\/uploads\/2022\/12\/baul-madera-ruedas-astikitline-1200x1189.jpg 1200w, https:\/\/astideco.com\/blog\/wp-content\/uploads\/2022\/12\/baul-madera-ruedas-astikitline-1536x1522.jpg 1536w\" data-sizes=\"auto\" data-orig-sizes=\"(max-width: 1200px) 100vw, 1200px\" \/><p id=\"caption-attachment-4430\" class=\"wp-caption-text\">Foto: <a href=\"https:\/\/www.instagram.com\/alicesshowroom\/?hl=es\" target=\"_blank\" rel=\"noopener\"><strong>@alicesshowroom<\/strong><\/a><\/p><\/div>\n<h2><span>Un zapatero de madera para toda la familia<\/span><\/h2>\n<p><span>O eres disciplinado o lo m\u00e1s normal es que los zapatos acaben desperdigados por diferentes rincones de la casa. \u00bfUn zapatero con gran capacidad? \u00bfNo te parece un regalazo para toda la familia? <strong>El orden en casa te da felicidad<\/strong> y serenidad, te pone de mejor humor y te posibilita encontrar cada cosa al momento. Por esto, tener organizado todo el calzado de temporada en un mismo lugar es un plus que lo puedes conseguir con nuestro <span><a href=\"https:\/\/astideco.com\/es\/zapateros\/zapatero-de-madera-en-blanco-para-28-pares-de-zapato\" target=\"_blank\" rel=\"noopener\"><strong>zapatero blanco<\/strong><\/a><\/span>. \u00a1Podr\u00e1s guardar hasta 28 pares de zapatos!<\/span><\/p>\n<div id=\"attachment_4432\" style=\"width: 1210px\" class=\"wp-caption alignnone\"><img decoding=\"async\" aria-describedby=\"caption-attachment-4432\" class=\"lazyload wp-image-4432\" src=\"https:\/\/astideco.com\/blog\/wp-content\/uploads\/2022\/12\/zapatero-madera-blanco-astikitline.jpg\" data-orig-src=\"https:\/\/astideco.com\/blog\/wp-content\/uploads\/2022\/12\/zapatero-madera-blanco-astikitline.jpg\" alt=\"\" width=\"1200\" height=\"1213\" srcset=\"data:image\/svg+xml,%3Csvg%20xmlns%3D%27http%3A%2F%2Fwww.w3.org%2F2000%2Fsvg%27%20width%3D%271200%27%20height%3D%271213%27%20viewBox%3D%270%200%201200%201213%27%3E%3Crect%20width%3D%271200%27%20height%3D%271213%27%20fill-opacity%3D%220%22%2F%3E%3C%2Fsvg%3E\" data-srcset=\"https:\/\/astideco.com\/blog\/wp-content\/uploads\/2022\/12\/zapatero-madera-blanco-astikitline-66x66.jpg 66w, https:\/\/astideco.com\/blog\/wp-content\/uploads\/2022\/12\/zapatero-madera-blanco-astikitline-200x202.jpg 200w, https:\/\/astideco.com\/blog\/wp-content\/uploads\/2022\/12\/zapatero-madera-blanco-astikitline-297x300.jpg 297w, https:\/\/astideco.com\/blog\/wp-content\/uploads\/2022\/12\/zapatero-madera-blanco-astikitline-400x404.jpg 400w, https:\/\/astideco.com\/blog\/wp-content\/uploads\/2022\/12\/zapatero-madera-blanco-astikitline-600x607.jpg 600w, https:\/\/astideco.com\/blog\/wp-content\/uploads\/2022\/12\/zapatero-madera-blanco-astikitline-768x777.jpg 768w, https:\/\/astideco.com\/blog\/wp-content\/uploads\/2022\/12\/zapatero-madera-blanco-astikitline-800x809.jpg 800w, https:\/\/astideco.com\/blog\/wp-content\/uploads\/2022\/12\/zapatero-madera-blanco-astikitline-1013x1024.jpg 1013w, https:\/\/astideco.com\/blog\/wp-content\/uploads\/2022\/12\/zapatero-madera-blanco-astikitline.jpg 1080w\" data-sizes=\"auto\" data-orig-sizes=\"(max-width: 1200px) 100vw, 1200px\" \/><p id=\"caption-attachment-4432\" class=\"wp-caption-text\">Foto: <a href=\"https:\/\/www.instagram.com\/fee.maison\/?hl=es\"><strong>@fee.maison<\/strong><\/a><\/p><\/div>\n<h2><span>Un escritorio de madera natural<\/span><\/h2>\n<p><span>La madera natural es un material que no pasa de moda. Su nobleza y versatilidad posibilita que se convierta en la perfecta aliada para crear espacios acogedores en el hogar. \u00bfQu\u00e9 tal amanecer el 25 de diciembre o el 7 de enero con un escritorio nuevo? Tan f\u00e1cil como elegir dos <span><a href=\"https:\/\/astideco.com\/es\/caballetes\" target=\"_blank\" rel=\"noopener\"><strong>caballetes de madera<\/strong><\/a><\/span> y una <span><a href=\"https:\/\/astideco.com\/es\/busqueda?controller=search&amp;s=tablero\" target=\"_blank\" rel=\"noopener\"><strong>encimera de madera<\/strong><\/a><\/span> y \u00a1tach\u00e1n!&#8230; Mesa de trabajo o estudio para estrenarla. Si est\u00e1s buscando un regalo diferente y sostenible, \u00a1monta una oficina en casa! Echa un vistazo a todos los caballetes y tableros y ver\u00e1s la de ideas que se te ocurren para crear escritorios para adultos o <span><a href=\"https:\/\/astideco.com\/blog\/preparate-para-la-vuelta-al-cole-escritorios-juveniles\/\" target=\"_blank\" rel=\"noopener\"><strong>escritorios juveniles<\/strong><\/a><\/span>.<\/span><\/p>\n<div id=\"attachment_4433\" style=\"width: 1210px\" class=\"wp-caption alignnone\"><img decoding=\"async\" aria-describedby=\"caption-attachment-4433\" class=\"lazyload wp-image-4433 size-fusion-1200\" src=\"https:\/\/astideco.com\/blog\/wp-content\/uploads\/2022\/12\/escritorio-madera-astigarraga-kit-line-1200x900.jpg\" data-orig-src=\"https:\/\/astideco.com\/blog\/wp-content\/uploads\/2022\/12\/escritorio-madera-astigarraga-kit-line-1200x900.jpg\" alt=\"\" width=\"1200\" height=\"900\" srcset=\"data:image\/svg+xml,%3Csvg%20xmlns%3D%27http%3A%2F%2Fwww.w3.org%2F2000%2Fsvg%27%20width%3D%271200%27%20height%3D%27900%27%20viewBox%3D%270%200%201200%20900%27%3E%3Crect%20width%3D%271200%27%20height%3D%27900%27%20fill-opacity%3D%220%22%2F%3E%3C%2Fsvg%3E\" data-srcset=\"https:\/\/astideco.com\/blog\/wp-content\/uploads\/2022\/12\/escritorio-madera-astigarraga-kit-line-200x150.jpg 200w, https:\/\/astideco.com\/blog\/wp-content\/uploads\/2022\/12\/escritorio-madera-astigarraga-kit-line-300x225.jpg 300w, https:\/\/astideco.com\/blog\/wp-content\/uploads\/2022\/12\/escritorio-madera-astigarraga-kit-line-400x300.jpg 400w, https:\/\/astideco.com\/blog\/wp-content\/uploads\/2022\/12\/escritorio-madera-astigarraga-kit-line-600x450.jpg 600w, https:\/\/astideco.com\/blog\/wp-content\/uploads\/2022\/12\/escritorio-madera-astigarraga-kit-line-768x576.jpg 768w, https:\/\/astideco.com\/blog\/wp-content\/uploads\/2022\/12\/escritorio-madera-astigarraga-kit-line-800x600.jpg 800w, https:\/\/astideco.com\/blog\/wp-content\/uploads\/2022\/12\/escritorio-madera-astigarraga-kit-line-1024x768.jpg 1024w, https:\/\/astideco.com\/blog\/wp-content\/uploads\/2022\/12\/escritorio-madera-astigarraga-kit-line-1200x900.jpg 1200w, https:\/\/astideco.com\/blog\/wp-content\/uploads\/2022\/12\/escritorio-madera-astigarraga-kit-line-1536x1152.jpg 1536w\" data-sizes=\"auto\" data-orig-sizes=\"(max-width: 1200px) 100vw, 1200px\" \/><p id=\"caption-attachment-4433\" class=\"wp-caption-text\">Foto: <a href=\"https:\/\/www.instagram.com\/nuria_orobio\/?hl=es\"><strong>@nuria_orobio<\/strong><\/a><\/p><\/div>\n<h2><span>Almacenaje a medida<\/span><\/h2>\n<p><span>Uno de los principales problemas en muchos hogares es disponer del almacenamiento suficiente para guardar todas las cosas que vamos acumulando. \u00a1M\u00edmate y reg\u00e1late decoraci\u00f3n! Navidad es la excusa perfecta para darte un capricho y terminar de decorar tu casa como siempre has so\u00f1ado. Apuesta por la <strong>madera natural ecol\u00f3gica<\/strong> y crea un mueble a tu medida con los <span><a href=\"https:\/\/astideco.com\/es\/muebles-de-almacenaje\" target=\"_blank\" rel=\"noopener\"><strong>armarios modulares de madera Dinamic<\/strong><\/a><\/span>. Mide el espacio del que dispongas, juega con los m\u00f3dulos y dise\u00f1a tu propia composici\u00f3n. \u00a1Empieza a decorar!<\/span><\/p>\n<div id=\"attachment_4429\" style=\"width: 1210px\" class=\"wp-caption alignnone\"><img decoding=\"async\" aria-describedby=\"caption-attachment-4429\" class=\"lazyload wp-image-4429 size-fusion-1200\" src=\"https:\/\/astideco.com\/blog\/wp-content\/uploads\/2022\/12\/armario-aparador.madera-astikitline-1200x1438.jpg\" data-orig-src=\"https:\/\/astideco.com\/blog\/wp-content\/uploads\/2022\/12\/armario-aparador.madera-astikitline-1200x1438.jpg\" alt=\"\" width=\"1200\" height=\"1438\" srcset=\"data:image\/svg+xml,%3Csvg%20xmlns%3D%27http%3A%2F%2Fwww.w3.org%2F2000%2Fsvg%27%20width%3D%271200%27%20height%3D%271438%27%20viewBox%3D%270%200%201200%201438%27%3E%3Crect%20width%3D%271200%27%20height%3D%271438%27%20fill-opacity%3D%220%22%2F%3E%3C%2Fsvg%3E\" data-srcset=\"https:\/\/astideco.com\/blog\/wp-content\/uploads\/2022\/12\/armario-aparador.madera-astikitline-200x240.jpg 200w, https:\/\/astideco.com\/blog\/wp-content\/uploads\/2022\/12\/armario-aparador.madera-astikitline-250x300.jpg 250w, https:\/\/astideco.com\/blog\/wp-content\/uploads\/2022\/12\/armario-aparador.madera-astikitline-400x479.jpg 400w, https:\/\/astideco.com\/blog\/wp-content\/uploads\/2022\/12\/armario-aparador.madera-astikitline-600x719.jpg 600w, https:\/\/astideco.com\/blog\/wp-content\/uploads\/2022\/12\/armario-aparador.madera-astikitline-768x921.jpg 768w, https:\/\/astideco.com\/blog\/wp-content\/uploads\/2022\/12\/armario-aparador.madera-astikitline-800x959.jpg 800w, https:\/\/astideco.com\/blog\/wp-content\/uploads\/2022\/12\/armario-aparador.madera-astikitline-854x1024.jpg 854w, https:\/\/astideco.com\/blog\/wp-content\/uploads\/2022\/12\/armario-aparador.madera-astikitline-1200x1438.jpg 1200w, https:\/\/astideco.com\/blog\/wp-content\/uploads\/2022\/12\/armario-aparador.madera-astikitline-1281x1536.jpg 1281w, https:\/\/astideco.com\/blog\/wp-content\/uploads\/2022\/12\/armario-aparador.madera-astikitline-1708x2048.jpg 1708w\" data-sizes=\"auto\" data-orig-sizes=\"(max-width: 1200px) 100vw, 1200px\" \/><p id=\"caption-attachment-4429\" class=\"wp-caption-text\">Foto: <a href=\"https:\/\/www.instagram.com\/lacasitademara\/?hl=es\"><strong>@lacasitademara<\/strong><\/a><\/p><\/div>\n<h2><span>Cajas de madera para personalizarlas<\/span><\/h2>\n<p><span>A diario nos envi\u00e1is fotograf\u00edas de espacios decorados con nuestros muebles y tambi\u00e9n, muchos <\/span><i><span>Do it yourself (<\/span><\/i><span>Hazlo t\u00fa mismo<\/span><i><span>)<\/span><\/i><span> con las cajas, cajoneras y dem\u00e1s. Sois nuestra inspiraci\u00f3n. Sabemos que hay mucho <strong>amante de los DIY y las manualidades<\/strong> entre vosotros y seguro tambi\u00e9n que a vuestro alrededor ten\u00e9is m\u00e1s de uno al que le encantar\u00eda recibir cajas o cajoneras de madera natural para que las transformen en piezas \u00fanicas. Hay muchas t\u00e9cnicas que puedes utilizar: la <strong>pintura a la tiza<\/strong> est\u00e1 de moda y tiene un acabado empolvado y satinado, o el <em><strong>decoupage<\/strong> <\/em>que consiste en recortar papeles y pegarlos sobre la madera. As\u00ed es que date una vuelta por nuestra web, mira la gran selecci\u00f3n de <span><a href=\"https:\/\/astideco.com\/es\/cajas-de-almacenaje\" target=\"_blank\" rel=\"noopener\"><strong>cajas de madera<\/strong><\/a><\/span> y <span><a href=\"https:\/\/astideco.com\/es\/cajoneras\" target=\"_blank\" rel=\"noopener\"><strong>cajoneras de madera<\/strong><\/a><\/span> y elige la que m\u00e1s te guste.<\/span><\/p>\n<div id=\"attachment_4431\" style=\"width: 1210px\" class=\"wp-caption alignnone\"><img decoding=\"async\" aria-describedby=\"caption-attachment-4431\" class=\"lazyload wp-image-4431\" src=\"https:\/\/astideco.com\/blog\/wp-content\/uploads\/2022\/12\/tocador-astikit9.jpg\" data-orig-src=\"https:\/\/astideco.com\/blog\/wp-content\/uploads\/2022\/12\/tocador-astikit9.jpg\" alt=\"\" width=\"1200\" height=\"1050\" srcset=\"data:image\/svg+xml,%3Csvg%20xmlns%3D%27http%3A%2F%2Fwww.w3.org%2F2000%2Fsvg%27%20width%3D%271200%27%20height%3D%271050%27%20viewBox%3D%270%200%201200%201050%27%3E%3Crect%20width%3D%271200%27%20height%3D%271050%27%20fill-opacity%3D%220%22%2F%3E%3C%2Fsvg%3E\" data-srcset=\"https:\/\/astideco.com\/blog\/wp-content\/uploads\/2022\/12\/tocador-astikit9-200x175.jpg 200w, https:\/\/astideco.com\/blog\/wp-content\/uploads\/2022\/12\/tocador-astikit9-300x263.jpg 300w, https:\/\/astideco.com\/blog\/wp-content\/uploads\/2022\/12\/tocador-astikit9-400x350.jpg 400w, https:\/\/astideco.com\/blog\/wp-content\/uploads\/2022\/12\/tocador-astikit9.jpg 600w\" data-sizes=\"auto\" data-orig-sizes=\"(max-width: 1200px) 100vw, 1200px\" \/><p id=\"caption-attachment-4431\" class=\"wp-caption-text\">Foto: <a href=\"https:\/\/www.instagram.com\/fruto_samore\/?hl=es\" target=\"_blank\" rel=\"noopener\"><strong>@fruto_samore<\/strong><\/a><\/p><\/div>\n<p><span>La madera de Astigarraga Kit Line tiene un <strong>origen local<\/strong> y est\u00e1 <strong>certificada<\/strong> con los distintivos <a href=\"https:\/\/www.pefc.es\/\" target=\"_blank\" rel=\"noopener\"><strong>PEFC<\/strong><\/a> y <a href=\"https:\/\/europa.eu\/youreurope\/business\/product-requirements\/labels-markings\/ecolabel\/index_es.htm\" target=\"_blank\" rel=\"noopener\"><strong>Ecolabel<\/strong><\/a>. Controlar todo el proceso de fabricaci\u00f3n -desde la extracci\u00f3n de la madera hasta que el mueble llega a un hogar- permite que nuestras pr\u00e1cticas sean respetuosas con el medio ambiente. Por eso, si esta Navidad quieres dar un toque natural, acogedor y c\u00e1lido a tu casa\u00a0 o a la de tus seres queridos, <a href=\"https:\/\/astideco.com\/blog\/ideas-de-regalos-de-navidad-para-casa\/\"><span><strong>regala decoraci\u00f3n<\/strong><\/span><\/a> de marcas que tengan conciencia eco o medioambiental.\u00a0<\/span><\/p>\n<p><i><span>Gracias por dejarnos decorar vuestro hogar de manera sostenible.<\/span><\/i><\/p>\n","protected":false},"excerpt":{"rendered":"<p>Diciembre es sin\u00f3nimo de Navidad. Tenemos encima ya la \u00e9poca del a\u00f1o en la que las reuniones familiares se mezclan con las comidas especiales, las risas, los abrazos y los regalos. Y regalar algunas veces se torna en una tarea  [..]<\/p>\n","protected":false},"author":6,"featured_media":4428,"comment_status":"open","ping_status":"open","sticky":false,"template":"","format":"standard","meta":{"footnotes":""},"categories":[644,15],"tags":[],"class_list":["post-4426","post","type-post","status-publish","format-standard","has-post-thumbnail","hentry","category-ideas-y-consejos","category-producto"],"yoast_head":"<!-- This site is optimized with the Yoast SEO plugin v27.0 - https:\/\/yoast.com\/product\/yoast-seo-wordpress\/ -->\n<title>Regala decoraci\u00f3n en Navidad y evita el desorden - Astiblog<\/title>\n<meta name=\"description\" content=\"Regala decoraci\u00f3n en Navidad y evita el desorden en casa\" \/>\n<meta name=\"robots\" content=\"index, follow, max-snippet:-1, max-image-preview:large, max-video-preview:-1\" \/>\n<link rel=\"canonical\" href=\"https:\/\/astideco.com\/blog\/regala-decoracion-en-navidad-y-evita-el-desorden\/\" \/>\n<meta property=\"og:locale\" content=\"es_ES\" \/>\n<meta property=\"og:type\" content=\"article\" \/>\n<meta property=\"og:title\" content=\"Regala decoraci\u00f3n en Navidad y evita el desorden - Astiblog\" \/>\n<meta property=\"og:description\" content=\"Regala decoraci\u00f3n en Navidad y evita el desorden en casa\" \/>\n<meta property=\"og:url\" content=\"https:\/\/astideco.com\/blog\/regala-decoracion-en-navidad-y-evita-el-desorden\/\" \/>\n<meta property=\"og:site_name\" content=\"Astiblog\" \/>\n<meta property=\"article:published_time\" content=\"2022-12-09T11:29:12+00:00\" \/>\n<meta property=\"article:modified_time\" content=\"2022-12-30T11:04:21+00:00\" \/>\n<meta property=\"og:image\" content=\"https:\/\/astideco.com\/blog\/wp-content\/uploads\/2022\/12\/regala-decoracion-astigarraga-kit-line-scaled.jpeg\" \/>\n\t<meta property=\"og:image:width\" content=\"2560\" \/>\n\t<meta property=\"og:image:height\" content=\"1920\" \/>\n\t<meta property=\"og:image:type\" content=\"image\/jpeg\" \/>\n<meta name=\"author\" content=\"Astigarraga Kit Line\" \/>\n<meta name=\"twitter:card\" content=\"summary_large_image\" \/>\n<meta name=\"twitter:label1\" content=\"Escrito por\" \/>\n\t<meta name=\"twitter:data1\" content=\"Astigarraga Kit Line\" \/>\n\t<meta name=\"twitter:label2\" content=\"Tiempo de lectura\" \/>\n\t<meta name=\"twitter:data2\" content=\"6 minutos\" \/>\n<script type=\"application\/ld+json\" class=\"yoast-schema-graph\">{\"@context\":\"https:\/\/schema.org\",\"@graph\":[{\"@type\":\"Article\",\"@id\":\"https:\/\/astideco.com\/blog\/regala-decoracion-en-navidad-y-evita-el-desorden\/#article\",\"isPartOf\":{\"@id\":\"https:\/\/astideco.com\/blog\/regala-decoracion-en-navidad-y-evita-el-desorden\/\"},\"author\":{\"name\":\"Astigarraga Kit Line\",\"@id\":\"https:\/\/astideco.com\/blog\/#\/schema\/person\/13fd236103c4c231352fb09b2b7ac5cf\"},\"headline\":\"Regala decoraci\u00f3n en Navidad y evita el desorden\",\"datePublished\":\"2022-12-09T11:29:12+00:00\",\"dateModified\":\"2022-12-30T11:04:21+00:00\",\"mainEntityOfPage\":{\"@id\":\"https:\/\/astideco.com\/blog\/regala-decoracion-en-navidad-y-evita-el-desorden\/\"},\"wordCount\":1149,\"commentCount\":0,\"image\":{\"@id\":\"https:\/\/astideco.com\/blog\/regala-decoracion-en-navidad-y-evita-el-desorden\/#primaryimage\"},\"thumbnailUrl\":\"https:\/\/astideco.com\/blog\/wp-content\/uploads\/2022\/12\/regala-decoracion-astigarraga-kit-line-scaled.jpeg\",\"articleSection\":[\"Ideas y consejos\",\"Producto\"],\"inLanguage\":\"es\",\"potentialAction\":[{\"@type\":\"CommentAction\",\"name\":\"Comment\",\"target\":[\"https:\/\/astideco.com\/blog\/regala-decoracion-en-navidad-y-evita-el-desorden\/#respond\"]}]},{\"@type\":\"WebPage\",\"@id\":\"https:\/\/astideco.com\/blog\/regala-decoracion-en-navidad-y-evita-el-desorden\/\",\"url\":\"https:\/\/astideco.com\/blog\/regala-decoracion-en-navidad-y-evita-el-desorden\/\",\"name\":\"Regala decoraci\u00f3n en Navidad y evita el desorden - Astiblog\",\"isPartOf\":{\"@id\":\"https:\/\/astideco.com\/blog\/#website\"},\"primaryImageOfPage\":{\"@id\":\"https:\/\/astideco.com\/blog\/regala-decoracion-en-navidad-y-evita-el-desorden\/#primaryimage\"},\"image\":{\"@id\":\"https:\/\/astideco.com\/blog\/regala-decoracion-en-navidad-y-evita-el-desorden\/#primaryimage\"},\"thumbnailUrl\":\"https:\/\/astideco.com\/blog\/wp-content\/uploads\/2022\/12\/regala-decoracion-astigarraga-kit-line-scaled.jpeg\",\"datePublished\":\"2022-12-09T11:29:12+00:00\",\"dateModified\":\"2022-12-30T11:04:21+00:00\",\"author\":{\"@id\":\"https:\/\/astideco.com\/blog\/#\/schema\/person\/13fd236103c4c231352fb09b2b7ac5cf\"},\"description\":\"Regala decoraci\u00f3n en Navidad y evita el desorden en casa\",\"breadcrumb\":{\"@id\":\"https:\/\/astideco.com\/blog\/regala-decoracion-en-navidad-y-evita-el-desorden\/#breadcrumb\"},\"inLanguage\":\"es\",\"potentialAction\":[{\"@type\":\"ReadAction\",\"target\":[\"https:\/\/astideco.com\/blog\/regala-decoracion-en-navidad-y-evita-el-desorden\/\"]}]},{\"@type\":\"ImageObject\",\"inLanguage\":\"es\",\"@id\":\"https:\/\/astideco.com\/blog\/regala-decoracion-en-navidad-y-evita-el-desorden\/#primaryimage\",\"url\":\"https:\/\/astideco.com\/blog\/wp-content\/uploads\/2022\/12\/regala-decoracion-astigarraga-kit-line-scaled.jpeg\",\"contentUrl\":\"https:\/\/astideco.com\/blog\/wp-content\/uploads\/2022\/12\/regala-decoracion-astigarraga-kit-line-scaled.jpeg\",\"width\":2560,\"height\":1920},{\"@type\":\"BreadcrumbList\",\"@id\":\"https:\/\/astideco.com\/blog\/regala-decoracion-en-navidad-y-evita-el-desorden\/#breadcrumb\",\"itemListElement\":[{\"@type\":\"ListItem\",\"position\":1,\"name\":\"Portada\",\"item\":\"https:\/\/astideco.com\/blog\/\"},{\"@type\":\"ListItem\",\"position\":2,\"name\":\"Regala decoraci\u00f3n en Navidad y evita el desorden\"}]},{\"@type\":\"WebSite\",\"@id\":\"https:\/\/astideco.com\/blog\/#website\",\"url\":\"https:\/\/astideco.com\/blog\/\",\"name\":\"Astiblog\",\"description\":\"Blog de Astideco.com\",\"potentialAction\":[{\"@type\":\"SearchAction\",\"target\":{\"@type\":\"EntryPoint\",\"urlTemplate\":\"https:\/\/astideco.com\/blog\/?s={search_term_string}\"},\"query-input\":{\"@type\":\"PropertyValueSpecification\",\"valueRequired\":true,\"valueName\":\"search_term_string\"}}],\"inLanguage\":\"es\"},{\"@type\":\"Person\",\"@id\":\"https:\/\/astideco.com\/blog\/#\/schema\/person\/13fd236103c4c231352fb09b2b7ac5cf\",\"name\":\"Astigarraga Kit Line\"}]}<\/script>\n<!-- \/ Yoast SEO plugin. -->","yoast_head_json":{"title":"Regala decoraci\u00f3n en Navidad y evita el desorden - Astiblog","description":"Regala decoraci\u00f3n en Navidad y evita el desorden en casa","robots":{"index":"index","follow":"follow","max-snippet":"max-snippet:-1","max-image-preview":"max-image-preview:large","max-video-preview":"max-video-preview:-1"},"canonical":"https:\/\/astideco.com\/blog\/regala-decoracion-en-navidad-y-evita-el-desorden\/","og_locale":"es_ES","og_type":"article","og_title":"Regala decoraci\u00f3n en Navidad y evita el desorden - Astiblog","og_description":"Regala decoraci\u00f3n en Navidad y evita el desorden en casa","og_url":"https:\/\/astideco.com\/blog\/regala-decoracion-en-navidad-y-evita-el-desorden\/","og_site_name":"Astiblog","article_published_time":"2022-12-09T11:29:12+00:00","article_modified_time":"2022-12-30T11:04:21+00:00","og_image":[{"width":2560,"height":1920,"url":"https:\/\/astideco.com\/blog\/wp-content\/uploads\/2022\/12\/regala-decoracion-astigarraga-kit-line-scaled.jpeg","type":"image\/jpeg"}],"author":"Astigarraga Kit Line","twitter_card":"summary_large_image","twitter_misc":{"Escrito por":"Astigarraga Kit Line","Tiempo de lectura":"6 minutos"},"schema":{"@context":"https:\/\/schema.org","@graph":[{"@type":"Article","@id":"https:\/\/astideco.com\/blog\/regala-decoracion-en-navidad-y-evita-el-desorden\/#article","isPartOf":{"@id":"https:\/\/astideco.com\/blog\/regala-decoracion-en-navidad-y-evita-el-desorden\/"},"author":{"name":"Astigarraga Kit Line","@id":"https:\/\/astideco.com\/blog\/#\/schema\/person\/13fd236103c4c231352fb09b2b7ac5cf"},"headline":"Regala decoraci\u00f3n en Navidad y evita el desorden","datePublished":"2022-12-09T11:29:12+00:00","dateModified":"2022-12-30T11:04:21+00:00","mainEntityOfPage":{"@id":"https:\/\/astideco.com\/blog\/regala-decoracion-en-navidad-y-evita-el-desorden\/"},"wordCount":1149,"commentCount":0,"image":{"@id":"https:\/\/astideco.com\/blog\/regala-decoracion-en-navidad-y-evita-el-desorden\/#primaryimage"},"thumbnailUrl":"https:\/\/astideco.com\/blog\/wp-content\/uploads\/2022\/12\/regala-decoracion-astigarraga-kit-line-scaled.jpeg","articleSection":["Ideas y consejos","Producto"],"inLanguage":"es","potentialAction":[{"@type":"CommentAction","name":"Comment","target":["https:\/\/astideco.com\/blog\/regala-decoracion-en-navidad-y-evita-el-desorden\/#respond"]}]},{"@type":"WebPage","@id":"https:\/\/astideco.com\/blog\/regala-decoracion-en-navidad-y-evita-el-desorden\/","url":"https:\/\/astideco.com\/blog\/regala-decoracion-en-navidad-y-evita-el-desorden\/","name":"Regala decoraci\u00f3n en Navidad y evita el desorden - Astiblog","isPartOf":{"@id":"https:\/\/astideco.com\/blog\/#website"},"primaryImageOfPage":{"@id":"https:\/\/astideco.com\/blog\/regala-decoracion-en-navidad-y-evita-el-desorden\/#primaryimage"},"image":{"@id":"https:\/\/astideco.com\/blog\/regala-decoracion-en-navidad-y-evita-el-desorden\/#primaryimage"},"thumbnailUrl":"https:\/\/astideco.com\/blog\/wp-content\/uploads\/2022\/12\/regala-decoracion-astigarraga-kit-line-scaled.jpeg","datePublished":"2022-12-09T11:29:12+00:00","dateModified":"2022-12-30T11:04:21+00:00","author":{"@id":"https:\/\/astideco.com\/blog\/#\/schema\/person\/13fd236103c4c231352fb09b2b7ac5cf"},"description":"Regala decoraci\u00f3n en Navidad y evita el desorden en casa","breadcrumb":{"@id":"https:\/\/astideco.com\/blog\/regala-decoracion-en-navidad-y-evita-el-desorden\/#breadcrumb"},"inLanguage":"es","potentialAction":[{"@type":"ReadAction","target":["https:\/\/astideco.com\/blog\/regala-decoracion-en-navidad-y-evita-el-desorden\/"]}]},{"@type":"ImageObject","inLanguage":"es","@id":"https:\/\/astideco.com\/blog\/regala-decoracion-en-navidad-y-evita-el-desorden\/#primaryimage","url":"https:\/\/astideco.com\/blog\/wp-content\/uploads\/2022\/12\/regala-decoracion-astigarraga-kit-line-scaled.jpeg","contentUrl":"https:\/\/astideco.com\/blog\/wp-content\/uploads\/2022\/12\/regala-decoracion-astigarraga-kit-line-scaled.jpeg","width":2560,"height":1920},{"@type":"BreadcrumbList","@id":"https:\/\/astideco.com\/blog\/regala-decoracion-en-navidad-y-evita-el-desorden\/#breadcrumb","itemListElement":[{"@type":"ListItem","position":1,"name":"Portada","item":"https:\/\/astideco.com\/blog\/"},{"@type":"ListItem","position":2,"name":"Regala decoraci\u00f3n en Navidad y evita el desorden"}]},{"@type":"WebSite","@id":"https:\/\/astideco.com\/blog\/#website","url":"https:\/\/astideco.com\/blog\/","name":"Astiblog","description":"Blog de Astideco.com","potentialAction":[{"@type":"SearchAction","target":{"@type":"EntryPoint","urlTemplate":"https:\/\/astideco.com\/blog\/?s={search_term_string}"},"query-input":{"@type":"PropertyValueSpecification","valueRequired":true,"valueName":"search_term_string"}}],"inLanguage":"es"},{"@type":"Person","@id":"https:\/\/astideco.com\/blog\/#\/schema\/person\/13fd236103c4c231352fb09b2b7ac5cf","name":"Astigarraga Kit Line"}]}},"_links":{"self":[{"href":"https:\/\/astideco.com\/blog\/wp-json\/wp\/v2\/posts\/4426","targetHints":{"allow":["GET"]}}],"collection":[{"href":"https:\/\/astideco.com\/blog\/wp-json\/wp\/v2\/posts"}],"about":[{"href":"https:\/\/astideco.com\/blog\/wp-json\/wp\/v2\/types\/post"}],"author":[{"embeddable":true,"href":"https:\/\/astideco.com\/blog\/wp-json\/wp\/v2\/users\/6"}],"replies":[{"embeddable":true,"href":"https:\/\/astideco.com\/blog\/wp-json\/wp\/v2\/comments?post=4426"}],"version-history":[{"count":3,"href":"https:\/\/astideco.com\/blog\/wp-json\/wp\/v2\/posts\/4426\/revisions"}],"predecessor-version":[{"id":4436,"href":"https:\/\/astideco.com\/blog\/wp-json\/wp\/v2\/posts\/4426\/revisions\/4436"}],"wp:featuredmedia":[{"embeddable":true,"href":"https:\/\/astideco.com\/blog\/wp-json\/wp\/v2\/media\/4428"}],"wp:attachment":[{"href":"https:\/\/astideco.com\/blog\/wp-json\/wp\/v2\/media?parent=4426"}],"wp:term":[{"taxonomy":"category","embeddable":true,"href":"https:\/\/astideco.com\/blog\/wp-json\/wp\/v2\/categories?post=4426"},{"taxonomy":"post_tag","embeddable":true,"href":"https:\/\/astideco.com\/blog\/wp-json\/wp\/v2\/tags?post=4426"}],"curies":[{"name":"wp","href":"https:\/\/api.w.org\/{rel}","templated":true}]}}