{"id":4411,"date":"2022-11-28T17:02:16","date_gmt":"2022-11-28T17:02:16","guid":{"rendered":"https:\/\/astideco.com\/blog\/?p=4411"},"modified":"2022-12-12T17:55:07","modified_gmt":"2022-12-12T17:55:07","slug":"como-crear-un-espacio-de-trabajo-o-estudio-para-dos-en-casa","status":"publish","type":"post","link":"https:\/\/astideco.com\/blog\/como-crear-un-espacio-de-trabajo-o-estudio-para-dos-en-casa\/","title":{"rendered":"C\u00f3mo crear un espacio de trabajo o estudio para dos en casa"},"content":{"rendered":"<p><span>Muchas veces os hemos contado sobre la necesidad de crear un espacio de trabajo o estudio en casa acorde a las necesidades de cada uno. Pero, \u00bfqu\u00e9 sucede cuando m\u00e1s de una persona teletrabaja en casa? \u00bfO cu\u00e1ndo dos hermanos comparten la misma habitaci\u00f3n de estudio? \u00bfO familias que tienen m\u00e1s de dos hijos? \u00bfO j\u00f3venes que necesitan un escritorio amplio? Aparece una nueva necesidad: montar una zona de trabajo en la que entren dos personas. Por eso, si quieres saber c\u00f3mo <strong>crear un espacio de trabajo o estudio para dos en casa<\/strong>, qu\u00e9date porque seguro que te encandilar\u00e1 alguna de las ideas que te vamos a ense\u00f1ar. La cosa va hoy de <strong>escritorios dobles<\/strong>. \u00a1Comenzamos!<\/span><\/p>\n<p><span>La pandemia trastoc\u00f3 la organizaci\u00f3n del trabajo: muchos tuvieron que quedarse en casa teletrabajando. Cuando la normalidad empez\u00f3 a asomarse, algunos continuaron desde casa, otros volvieron a sus empresas y hubo quien contin\u00fao en un sistema mixto\u2026 Sea la que sea la situaci\u00f3n, la clave es que tu homeoffice se convierta en un espacio agradable, creativo y funcional. Antes de seleccionar cu\u00e1l va a ser la mesa de escritorio, tienes que elegir bien d\u00f3nde situarla. Ojal\u00e1 todos pudieran disfrutar de una habitaci\u00f3n independiente para montar un escritorio para dos pero la mayor\u00eda de las veces hay que hacer encaje de bolillos para integrarlo en el sal\u00f3n, detr\u00e1s del sof\u00e1 o en el dormitorio. Ahora s\u00ed\u2026 3, 2, 1\u2026<\/span><\/p>\n<h2><span>Un doble escritorio en madera natural, blanco y negro<\/span><\/h2>\n<p><span>No hay una \u00fanica soluci\u00f3n a la hora de crear una zona de trabajo o estudio doble. Una opci\u00f3n para colocar un <strong>escritorio para dos es en l\u00ednea<\/strong>, frente a la pared y con una silla junto a la otra, con la suficiente distancia para que no haya codazos. En este caso, Amparo Lozano (en Instagram, @amparo_lasnubes) ha utilizado dos <span><a href=\"https:\/\/astideco.com\/es\/tableros-de-madera\/tablero-de-madera-de-pino-para-escritorio-140x70-cm-gran-grosor-de-3-cm\" target=\"_blank\" rel=\"noopener\"><strong>tableros de madera de 140&#215;70 cm<\/strong><\/a><\/span>, las <span><a href=\"https:\/\/astideco.com\/es\/cajoneras\" target=\"_blank\" rel=\"noopener\"><strong>cajoneras de madera Dinamic<\/strong><\/a><\/span> -pintadas de blanco-) en el centro, y a ambos lados los <span><a href=\"https:\/\/astideco.com\/es\/caballetes\/caballete-pino-archi-tec-negro\" target=\"_blank\" rel=\"noopener\"><strong>caballetes Archi Tec en color negro<\/strong><\/a><\/span>. Para disfrutar de un espacio de trabajo despejado y organizado, ha contado tambi\u00e9n con las mini cajoneras de Astigarraga Kit Line.<\/span><\/p>\n<div id=\"attachment_4416\" style=\"width: 1210px\" class=\"wp-caption alignnone\"><img decoding=\"async\" aria-describedby=\"caption-attachment-4416\" class=\"lazyload wp-image-4416\" src=\"https:\/\/astideco.com\/blog\/wp-content\/uploads\/2022\/11\/ESCRITORIO-DOBLE-CABALLETE-ARCHI-TEC.jpg\" data-orig-src=\"https:\/\/astideco.com\/blog\/wp-content\/uploads\/2022\/11\/ESCRITORIO-DOBLE-CABALLETE-ARCHI-TEC.jpg\" alt=\"\" width=\"1200\" height=\"991\" srcset=\"data:image\/svg+xml,%3Csvg%20xmlns%3D%27http%3A%2F%2Fwww.w3.org%2F2000%2Fsvg%27%20width%3D%271200%27%20height%3D%27991%27%20viewBox%3D%270%200%201200%20991%27%3E%3Crect%20width%3D%271200%27%20height%3D%27991%27%20fill-opacity%3D%220%22%2F%3E%3C%2Fsvg%3E\" data-srcset=\"https:\/\/astideco.com\/blog\/wp-content\/uploads\/2022\/11\/ESCRITORIO-DOBLE-CABALLETE-ARCHI-TEC-200x165.jpg 200w, https:\/\/astideco.com\/blog\/wp-content\/uploads\/2022\/11\/ESCRITORIO-DOBLE-CABALLETE-ARCHI-TEC-300x248.jpg 300w, https:\/\/astideco.com\/blog\/wp-content\/uploads\/2022\/11\/ESCRITORIO-DOBLE-CABALLETE-ARCHI-TEC-400x330.jpg 400w, https:\/\/astideco.com\/blog\/wp-content\/uploads\/2022\/11\/ESCRITORIO-DOBLE-CABALLETE-ARCHI-TEC-600x496.jpg 600w, https:\/\/astideco.com\/blog\/wp-content\/uploads\/2022\/11\/ESCRITORIO-DOBLE-CABALLETE-ARCHI-TEC-768x634.jpg 768w, https:\/\/astideco.com\/blog\/wp-content\/uploads\/2022\/11\/ESCRITORIO-DOBLE-CABALLETE-ARCHI-TEC-800x661.jpg 800w, https:\/\/astideco.com\/blog\/wp-content\/uploads\/2022\/11\/ESCRITORIO-DOBLE-CABALLETE-ARCHI-TEC.jpg 828w\" data-sizes=\"auto\" data-orig-sizes=\"(max-width: 1200px) 100vw, 1200px\" \/><p id=\"caption-attachment-4416\" class=\"wp-caption-text\">Foto: <a href=\"https:\/\/www.instagram.com\/amparo_lasnubes\/?hl=es\" target=\"_blank\" rel=\"noopener\"><strong>@amparo_lasnubes<\/strong><\/a><\/p><\/div>\n<p><span>Un ambiente muy similar, pero utilizando los <span><a href=\"https:\/\/astideco.com\/es\/caballetes\/caballete-pino-archi-tec\" target=\"_blank\" rel=\"noopener\"><strong>caballetes de madera Archi Tec en color natural<\/strong><\/a><\/span>. La madera siempre es una materia que aporta una calidez insustituible y para un ambiente de trabajo, conseguir esa sensaci\u00f3n es un must. Si quieres darle un toque especial a la pared, el <span><a href=\"https:\/\/astideco.com\/es\/panel-organizador\" target=\"_blank\" rel=\"noopener\"><strong>organizador mural Tetris<\/strong><\/a><\/span> te ayudar\u00e1 a crear diferentes composiciones, en funci\u00f3n de las piezas accesorio que elijas.\u00a0<\/span><\/p>\n<div id=\"attachment_4419\" style=\"width: 1210px\" class=\"wp-caption alignnone\"><img decoding=\"async\" aria-describedby=\"caption-attachment-4419\" class=\"lazyload wp-image-4419 size-fusion-1200\" src=\"https:\/\/astideco.com\/blog\/wp-content\/uploads\/2022\/11\/escritorio-doble-madera-astikitline-1200x900.jpg\" data-orig-src=\"https:\/\/astideco.com\/blog\/wp-content\/uploads\/2022\/11\/escritorio-doble-madera-astikitline-1200x900.jpg\" alt=\"\" width=\"1200\" height=\"900\" srcset=\"data:image\/svg+xml,%3Csvg%20xmlns%3D%27http%3A%2F%2Fwww.w3.org%2F2000%2Fsvg%27%20width%3D%271200%27%20height%3D%27900%27%20viewBox%3D%270%200%201200%20900%27%3E%3Crect%20width%3D%271200%27%20height%3D%27900%27%20fill-opacity%3D%220%22%2F%3E%3C%2Fsvg%3E\" data-srcset=\"https:\/\/astideco.com\/blog\/wp-content\/uploads\/2022\/11\/escritorio-doble-madera-astikitline-200x150.jpg 200w, https:\/\/astideco.com\/blog\/wp-content\/uploads\/2022\/11\/escritorio-doble-madera-astikitline-300x225.jpg 300w, https:\/\/astideco.com\/blog\/wp-content\/uploads\/2022\/11\/escritorio-doble-madera-astikitline-400x300.jpg 400w, https:\/\/astideco.com\/blog\/wp-content\/uploads\/2022\/11\/escritorio-doble-madera-astikitline-600x450.jpg 600w, https:\/\/astideco.com\/blog\/wp-content\/uploads\/2022\/11\/escritorio-doble-madera-astikitline-768x576.jpg 768w, https:\/\/astideco.com\/blog\/wp-content\/uploads\/2022\/11\/escritorio-doble-madera-astikitline-800x600.jpg 800w, https:\/\/astideco.com\/blog\/wp-content\/uploads\/2022\/11\/escritorio-doble-madera-astikitline-1024x768.jpg 1024w, https:\/\/astideco.com\/blog\/wp-content\/uploads\/2022\/11\/escritorio-doble-madera-astikitline-1200x900.jpg 1200w, https:\/\/astideco.com\/blog\/wp-content\/uploads\/2022\/11\/escritorio-doble-madera-astikitline-1536x1152.jpg 1536w\" data-sizes=\"auto\" data-orig-sizes=\"(max-width: 1200px) 100vw, 1200px\" \/><p id=\"caption-attachment-4419\" class=\"wp-caption-text\">Foto: <span><a href=\"https:\/\/www.instagram.com\/nuria_orobio\/?hl=es\" target=\"_blank\" rel=\"noopener\"><strong>@nuria_orobio<\/strong><\/a><\/span><\/p><\/div>\n<p><span>La siguiente idea ser\u00eda la misma pero utilizando los <span><a href=\"https:\/\/astideco.com\/es\/caballetes\/caballete-pino-glam-para-pequenos-espacios\" target=\"_blank\" rel=\"noopener\"><strong>caballetes de madera Glam<\/strong><\/a><\/span>, perfectos para <strong>espacios m\u00e1s peque\u00f1os<\/strong>. En este caso, se ha completado la composici\u00f3n con las <span><a href=\"https:\/\/astideco.com\/es\/estanterias-librerias\" target=\"_blank\" rel=\"noopener\"><strong>estanter\u00edas de madera Gala<\/strong><\/a><\/span>, perfectas para ordenar y organizar los libros, documentos y todo lo que necesites.\u00a0<\/span><\/p>\n<p><img decoding=\"async\" class=\"lazyload alignnone wp-image-4415\" src=\"https:\/\/astideco.com\/blog\/wp-content\/uploads\/2022\/11\/ESCRITORIO-DOBLE-CABALLETE-GLAM.jpg\" data-orig-src=\"https:\/\/astideco.com\/blog\/wp-content\/uploads\/2022\/11\/ESCRITORIO-DOBLE-CABALLETE-GLAM.jpg\" alt=\"\" width=\"1200\" height=\"800\" srcset=\"data:image\/svg+xml,%3Csvg%20xmlns%3D%27http%3A%2F%2Fwww.w3.org%2F2000%2Fsvg%27%20width%3D%271200%27%20height%3D%27800%27%20viewBox%3D%270%200%201200%20800%27%3E%3Crect%20width%3D%271200%27%20height%3D%27800%27%20fill-opacity%3D%220%22%2F%3E%3C%2Fsvg%3E\" data-srcset=\"https:\/\/astideco.com\/blog\/wp-content\/uploads\/2022\/11\/ESCRITORIO-DOBLE-CABALLETE-GLAM-200x133.jpg 200w, https:\/\/astideco.com\/blog\/wp-content\/uploads\/2022\/11\/ESCRITORIO-DOBLE-CABALLETE-GLAM-300x200.jpg 300w, https:\/\/astideco.com\/blog\/wp-content\/uploads\/2022\/11\/ESCRITORIO-DOBLE-CABALLETE-GLAM-400x267.jpg 400w, https:\/\/astideco.com\/blog\/wp-content\/uploads\/2022\/11\/ESCRITORIO-DOBLE-CABALLETE-GLAM-600x400.jpg 600w, https:\/\/astideco.com\/blog\/wp-content\/uploads\/2022\/11\/ESCRITORIO-DOBLE-CABALLETE-GLAM-768x512.jpg 768w, https:\/\/astideco.com\/blog\/wp-content\/uploads\/2022\/11\/ESCRITORIO-DOBLE-CABALLETE-GLAM-800x534.jpg 800w, https:\/\/astideco.com\/blog\/wp-content\/uploads\/2022\/11\/ESCRITORIO-DOBLE-CABALLETE-GLAM.jpg 1024w\" data-sizes=\"auto\" data-orig-sizes=\"(max-width: 1200px) 100vw, 1200px\" \/><\/p>\n<h2><span>Mesas de pared funcionales<\/span><\/h2>\n<p><span>Una perfecta soluci\u00f3n para montar una doble oficina en casa es utilizar dos <span><a href=\"https:\/\/astideco.com\/es\/tableros-de-madera\/mesa-de-pared-de-madera-para-espacios-pequenos\" target=\"_blank\" rel=\"noopener\"><strong>mesas de pared<\/strong><\/a><\/span>, porque lo puedes hacer en cualquier rinc\u00f3n. Esta pieza, que apenas ocupa espacio -1 metro de largo por 50 cm de ancho-, proporciona una gran funcionalidad: podr\u00e1s trabajar con tu ordenador, utilizarla como un escritorio extra o como una mesita auxiliar en la cocina.<\/span><\/p>\n<div id=\"attachment_4421\" style=\"width: 1210px\" class=\"wp-caption alignnone\"><img decoding=\"async\" aria-describedby=\"caption-attachment-4421\" class=\"lazyload wp-image-4421\" src=\"https:\/\/astideco.com\/blog\/wp-content\/uploads\/2022\/11\/MESA-DE-PARED-ESPACIOS-PEQUENOS.jpg\" data-orig-src=\"https:\/\/astideco.com\/blog\/wp-content\/uploads\/2022\/11\/MESA-DE-PARED-ESPACIOS-PEQUENOS.jpg\" alt=\"\" width=\"1200\" height=\"1231\" srcset=\"data:image\/svg+xml,%3Csvg%20xmlns%3D%27http%3A%2F%2Fwww.w3.org%2F2000%2Fsvg%27%20width%3D%271200%27%20height%3D%271231%27%20viewBox%3D%270%200%201200%201231%27%3E%3Crect%20width%3D%271200%27%20height%3D%271231%27%20fill-opacity%3D%220%22%2F%3E%3C%2Fsvg%3E\" data-srcset=\"https:\/\/astideco.com\/blog\/wp-content\/uploads\/2022\/11\/MESA-DE-PARED-ESPACIOS-PEQUENOS-200x205.jpg 200w, https:\/\/astideco.com\/blog\/wp-content\/uploads\/2022\/11\/MESA-DE-PARED-ESPACIOS-PEQUENOS-292x300.jpg 292w, https:\/\/astideco.com\/blog\/wp-content\/uploads\/2022\/11\/MESA-DE-PARED-ESPACIOS-PEQUENOS-400x410.jpg 400w, https:\/\/astideco.com\/blog\/wp-content\/uploads\/2022\/11\/MESA-DE-PARED-ESPACIOS-PEQUENOS-600x616.jpg 600w, https:\/\/astideco.com\/blog\/wp-content\/uploads\/2022\/11\/MESA-DE-PARED-ESPACIOS-PEQUENOS-768x788.jpg 768w, https:\/\/astideco.com\/blog\/wp-content\/uploads\/2022\/11\/MESA-DE-PARED-ESPACIOS-PEQUENOS-800x821.jpg 800w, https:\/\/astideco.com\/blog\/wp-content\/uploads\/2022\/11\/MESA-DE-PARED-ESPACIOS-PEQUENOS-998x1024.jpg 998w, https:\/\/astideco.com\/blog\/wp-content\/uploads\/2022\/11\/MESA-DE-PARED-ESPACIOS-PEQUENOS.jpg 1076w\" data-sizes=\"auto\" data-orig-sizes=\"(max-width: 1200px) 100vw, 1200px\" \/><p id=\"caption-attachment-4421\" class=\"wp-caption-text\">Foto: <a href=\"https:\/\/www.instagram.com\/pinceladas_de_mi_hogar\/?hl=es\" target=\"_blank\" rel=\"noopener\"><strong>@pinceladasdemihogar<\/strong><\/a><\/p><\/div>\n<h2><span>Dos escritorios enfrentados<\/span><\/h2>\n<p><span>Otra forma de organizar un escritorio es colocar dos mesas enfrentadas, una delante de la otra. En esta ocasi\u00f3n, Clara Valent\u00ed (en Instagram, @_claravm_) ha optado por los <span><a href=\"https:\/\/astideco.com\/es\/tableros-de-madera\/tablero-de-madera-de-pino-para-escritorio-140x70-cm-gran-grosor-de-3-cm\" target=\"_blank\" rel=\"noopener\"><strong>tableros de madera de 140&#215;70 cm<\/strong><\/a> <\/span>y los caballetes Deco en color blanco. De nuevo las <span><a href=\"https:\/\/astideco.com\/es\/cajoneras\" target=\"_blank\" rel=\"noopener\"><strong>mini cajoneras<\/strong><\/a><\/span> y la <span><a href=\"https:\/\/astideco.com\/es\/cajas-de-almacenaje\" target=\"_blank\" rel=\"noopener\"><strong>cajas de madera maciza de pino<\/strong><\/a><\/span> son fundamentales para mantener el orden en cualquier espacio de trabajo o estudio. Si adem\u00e1s, cuentas con cualquiera de los <span><a href=\"https:\/\/astideco.com\/es\/muebles-de-almacenaje\" target=\"_blank\" rel=\"noopener\"><strong>armarios de madera<\/strong><\/a><\/span> de la colecci\u00f3n Dinamic, multiplicar\u00e1s el almacenaje manteniendo las cosas fuera de la vista.<\/span><\/p>\n<div id=\"attachment_4420\" style=\"width: 1210px\" class=\"wp-caption alignnone\"><img decoding=\"async\" aria-describedby=\"caption-attachment-4420\" class=\"lazyload wp-image-4420 size-fusion-1200\" src=\"https:\/\/astideco.com\/blog\/wp-content\/uploads\/2022\/11\/ESCRITORIO-SDOBLE-MESAS-ENFRENTADAS-1200x1066.jpg\" data-orig-src=\"https:\/\/astideco.com\/blog\/wp-content\/uploads\/2022\/11\/ESCRITORIO-SDOBLE-MESAS-ENFRENTADAS-1200x1066.jpg\" alt=\"\" width=\"1200\" height=\"1066\" srcset=\"data:image\/svg+xml,%3Csvg%20xmlns%3D%27http%3A%2F%2Fwww.w3.org%2F2000%2Fsvg%27%20width%3D%271200%27%20height%3D%271066%27%20viewBox%3D%270%200%201200%201066%27%3E%3Crect%20width%3D%271200%27%20height%3D%271066%27%20fill-opacity%3D%220%22%2F%3E%3C%2Fsvg%3E\" data-srcset=\"https:\/\/astideco.com\/blog\/wp-content\/uploads\/2022\/11\/ESCRITORIO-SDOBLE-MESAS-ENFRENTADAS-200x178.jpg 200w, https:\/\/astideco.com\/blog\/wp-content\/uploads\/2022\/11\/ESCRITORIO-SDOBLE-MESAS-ENFRENTADAS-300x267.jpg 300w, https:\/\/astideco.com\/blog\/wp-content\/uploads\/2022\/11\/ESCRITORIO-SDOBLE-MESAS-ENFRENTADAS-400x355.jpg 400w, https:\/\/astideco.com\/blog\/wp-content\/uploads\/2022\/11\/ESCRITORIO-SDOBLE-MESAS-ENFRENTADAS-600x533.jpg 600w, https:\/\/astideco.com\/blog\/wp-content\/uploads\/2022\/11\/ESCRITORIO-SDOBLE-MESAS-ENFRENTADAS-768x682.jpg 768w, https:\/\/astideco.com\/blog\/wp-content\/uploads\/2022\/11\/ESCRITORIO-SDOBLE-MESAS-ENFRENTADAS-800x711.jpg 800w, https:\/\/astideco.com\/blog\/wp-content\/uploads\/2022\/11\/ESCRITORIO-SDOBLE-MESAS-ENFRENTADAS-1024x910.jpg 1024w, https:\/\/astideco.com\/blog\/wp-content\/uploads\/2022\/11\/ESCRITORIO-SDOBLE-MESAS-ENFRENTADAS-1200x1066.jpg 1200w, https:\/\/astideco.com\/blog\/wp-content\/uploads\/2022\/11\/ESCRITORIO-SDOBLE-MESAS-ENFRENTADAS-1536x1365.jpg 1536w\" data-sizes=\"auto\" data-orig-sizes=\"(max-width: 1200px) 100vw, 1200px\" \/><p id=\"caption-attachment-4420\" class=\"wp-caption-text\">Foto: <a href=\"https:\/\/www.instagram.com\/_claravm_\/?hl=es\" target=\"_blank\" rel=\"noopener\"><strong>@_claravm_<\/strong><\/a><\/p><\/div>\n<h2><span>Un escritorio para dos con cajoneras<\/span><\/h2>\n<p><span>S\u00ed, nuestras encimeras de 140&#215;70 cm dan mucho de s\u00ed. De nuevo son los protagonistas de este espacio de trabajo. Esta vez, las patas son las <span><a href=\"https:\/\/astideco.com\/es\/busqueda?controller=search&amp;s=cajonera+dinamic\" target=\"_blank\" rel=\"noopener\"><strong>cajoneras Dinamic<\/strong><\/a><\/span> que hacen que puedas tener espacio de almacenaje a raudales, y as\u00ed poder disfrutar de una superficie libre de distracciones.\u00a0<\/span><\/p>\n<p><img decoding=\"async\" class=\"lazyload alignnone size-fusion-1200 wp-image-4417\" src=\"https:\/\/astideco.com\/blog\/wp-content\/uploads\/2022\/11\/escritorio-doble-cajoneras-dinamic-1200x989.jpg\" data-orig-src=\"https:\/\/astideco.com\/blog\/wp-content\/uploads\/2022\/11\/escritorio-doble-cajoneras-dinamic-1200x989.jpg\" alt=\"\" width=\"1200\" height=\"989\" srcset=\"data:image\/svg+xml,%3Csvg%20xmlns%3D%27http%3A%2F%2Fwww.w3.org%2F2000%2Fsvg%27%20width%3D%271200%27%20height%3D%27989%27%20viewBox%3D%270%200%201200%20989%27%3E%3Crect%20width%3D%271200%27%20height%3D%27989%27%20fill-opacity%3D%220%22%2F%3E%3C%2Fsvg%3E\" data-srcset=\"https:\/\/astideco.com\/blog\/wp-content\/uploads\/2022\/11\/escritorio-doble-cajoneras-dinamic-200x165.jpg 200w, https:\/\/astideco.com\/blog\/wp-content\/uploads\/2022\/11\/escritorio-doble-cajoneras-dinamic-300x247.jpg 300w, https:\/\/astideco.com\/blog\/wp-content\/uploads\/2022\/11\/escritorio-doble-cajoneras-dinamic-400x330.jpg 400w, https:\/\/astideco.com\/blog\/wp-content\/uploads\/2022\/11\/escritorio-doble-cajoneras-dinamic-600x495.jpg 600w, https:\/\/astideco.com\/blog\/wp-content\/uploads\/2022\/11\/escritorio-doble-cajoneras-dinamic-768x633.jpg 768w, https:\/\/astideco.com\/blog\/wp-content\/uploads\/2022\/11\/escritorio-doble-cajoneras-dinamic-800x659.jpg 800w, https:\/\/astideco.com\/blog\/wp-content\/uploads\/2022\/11\/escritorio-doble-cajoneras-dinamic-1024x844.jpg 1024w, https:\/\/astideco.com\/blog\/wp-content\/uploads\/2022\/11\/escritorio-doble-cajoneras-dinamic-1200x989.jpg 1200w, https:\/\/astideco.com\/blog\/wp-content\/uploads\/2022\/11\/escritorio-doble-cajoneras-dinamic-1536x1266.jpg 1536w\" data-sizes=\"auto\" data-orig-sizes=\"(max-width: 1200px) 100vw, 1200px\" \/><\/p>\n<p><span>\u00bfQu\u00e9 te parecen estos <strong>escritorios dobles<\/strong>? \u00bfTienes m\u00e1s claro ya <strong>c\u00f3mo crear un espacio de trabajo o estudio para dos<\/strong> en casa? Cualquiera de las propuestas es una manera maravillosa de disfrutar del trabajo o del estudio en compa\u00f1\u00eda.\u00a0<\/span><\/p>\n<p><i><span>Gracias por dejarnos decorar vuestro hogar de manera sostenible.<\/span><\/i><\/p>\n<p>&nbsp;<\/p>\n","protected":false},"excerpt":{"rendered":"<p>Muchas veces os hemos contado sobre la necesidad de crear un espacio de trabajo o estudio en casa acorde a las necesidades de cada uno. Pero, \u00bfqu\u00e9 sucede cuando m\u00e1s de una persona teletrabaja en casa? \u00bfO cu\u00e1ndo dos hermanos  [..]<\/p>\n","protected":false},"author":6,"featured_media":4413,"comment_status":"open","ping_status":"open","sticky":false,"template":"","format":"standard","meta":{"footnotes":""},"categories":[644,15],"tags":[],"class_list":["post-4411","post","type-post","status-publish","format-standard","has-post-thumbnail","hentry","category-ideas-y-consejos","category-producto"],"yoast_head":"<!-- This site is optimized with the Yoast SEO plugin v27.0 - https:\/\/yoast.com\/product\/yoast-seo-wordpress\/ -->\n<title>C\u00f3mo crear un espacio de trabajo o estudio para dos en casa - Astiblog<\/title>\n<meta name=\"description\" content=\"\u00bfQu\u00e9 sucede cuando m\u00e1s de una persona teletrabaja? Hoy os ensa\u00f1amos a crear un espacio de trabajo o estudio para dos en casa\" \/>\n<meta name=\"robots\" content=\"index, follow, max-snippet:-1, max-image-preview:large, max-video-preview:-1\" \/>\n<link rel=\"canonical\" href=\"https:\/\/astideco.com\/blog\/como-crear-un-espacio-de-trabajo-o-estudio-para-dos-en-casa\/\" \/>\n<meta property=\"og:locale\" content=\"es_ES\" \/>\n<meta property=\"og:type\" content=\"article\" \/>\n<meta property=\"og:title\" content=\"C\u00f3mo crear un espacio de trabajo o estudio para dos en casa - Astiblog\" \/>\n<meta property=\"og:description\" content=\"\u00bfQu\u00e9 sucede cuando m\u00e1s de una persona teletrabaja? Hoy os ensa\u00f1amos a crear un espacio de trabajo o estudio para dos en casa\" \/>\n<meta property=\"og:url\" content=\"https:\/\/astideco.com\/blog\/como-crear-un-espacio-de-trabajo-o-estudio-para-dos-en-casa\/\" \/>\n<meta property=\"og:site_name\" content=\"Astiblog\" \/>\n<meta property=\"article:published_time\" content=\"2022-11-28T17:02:16+00:00\" \/>\n<meta property=\"article:modified_time\" content=\"2022-12-12T17:55:07+00:00\" \/>\n<meta property=\"og:image\" content=\"https:\/\/astideco.com\/blog\/wp-content\/uploads\/2022\/11\/escritorio-doble-1024x768.jpg\" \/>\n\t<meta property=\"og:image:width\" content=\"1024\" \/>\n\t<meta property=\"og:image:height\" content=\"768\" \/>\n\t<meta property=\"og:image:type\" content=\"image\/jpeg\" \/>\n<meta name=\"author\" content=\"Astigarraga Kit Line\" \/>\n<meta name=\"twitter:card\" content=\"summary_large_image\" \/>\n<meta name=\"twitter:label1\" content=\"Escrito por\" \/>\n\t<meta name=\"twitter:data1\" content=\"Astigarraga Kit Line\" \/>\n\t<meta name=\"twitter:label2\" content=\"Tiempo de lectura\" \/>\n\t<meta name=\"twitter:data2\" content=\"5 minutos\" \/>\n<script type=\"application\/ld+json\" class=\"yoast-schema-graph\">{\"@context\":\"https:\/\/schema.org\",\"@graph\":[{\"@type\":\"Article\",\"@id\":\"https:\/\/astideco.com\/blog\/como-crear-un-espacio-de-trabajo-o-estudio-para-dos-en-casa\/#article\",\"isPartOf\":{\"@id\":\"https:\/\/astideco.com\/blog\/como-crear-un-espacio-de-trabajo-o-estudio-para-dos-en-casa\/\"},\"author\":{\"name\":\"Astigarraga Kit Line\",\"@id\":\"https:\/\/astideco.com\/blog\/#\/schema\/person\/13fd236103c4c231352fb09b2b7ac5cf\"},\"headline\":\"C\u00f3mo crear un espacio de trabajo o estudio para dos en casa\",\"datePublished\":\"2022-11-28T17:02:16+00:00\",\"dateModified\":\"2022-12-12T17:55:07+00:00\",\"mainEntityOfPage\":{\"@id\":\"https:\/\/astideco.com\/blog\/como-crear-un-espacio-de-trabajo-o-estudio-para-dos-en-casa\/\"},\"wordCount\":809,\"commentCount\":0,\"image\":{\"@id\":\"https:\/\/astideco.com\/blog\/como-crear-un-espacio-de-trabajo-o-estudio-para-dos-en-casa\/#primaryimage\"},\"thumbnailUrl\":\"https:\/\/astideco.com\/blog\/wp-content\/uploads\/2022\/11\/escritorio-doble-scaled.jpg\",\"articleSection\":[\"Ideas y consejos\",\"Producto\"],\"inLanguage\":\"es\",\"potentialAction\":[{\"@type\":\"CommentAction\",\"name\":\"Comment\",\"target\":[\"https:\/\/astideco.com\/blog\/como-crear-un-espacio-de-trabajo-o-estudio-para-dos-en-casa\/#respond\"]}]},{\"@type\":\"WebPage\",\"@id\":\"https:\/\/astideco.com\/blog\/como-crear-un-espacio-de-trabajo-o-estudio-para-dos-en-casa\/\",\"url\":\"https:\/\/astideco.com\/blog\/como-crear-un-espacio-de-trabajo-o-estudio-para-dos-en-casa\/\",\"name\":\"C\u00f3mo crear un espacio de trabajo o estudio para dos en casa - Astiblog\",\"isPartOf\":{\"@id\":\"https:\/\/astideco.com\/blog\/#website\"},\"primaryImageOfPage\":{\"@id\":\"https:\/\/astideco.com\/blog\/como-crear-un-espacio-de-trabajo-o-estudio-para-dos-en-casa\/#primaryimage\"},\"image\":{\"@id\":\"https:\/\/astideco.com\/blog\/como-crear-un-espacio-de-trabajo-o-estudio-para-dos-en-casa\/#primaryimage\"},\"thumbnailUrl\":\"https:\/\/astideco.com\/blog\/wp-content\/uploads\/2022\/11\/escritorio-doble-scaled.jpg\",\"datePublished\":\"2022-11-28T17:02:16+00:00\",\"dateModified\":\"2022-12-12T17:55:07+00:00\",\"author\":{\"@id\":\"https:\/\/astideco.com\/blog\/#\/schema\/person\/13fd236103c4c231352fb09b2b7ac5cf\"},\"description\":\"\u00bfQu\u00e9 sucede cuando m\u00e1s de una persona teletrabaja? Hoy os ensa\u00f1amos a crear un espacio de trabajo o estudio para dos en casa\",\"breadcrumb\":{\"@id\":\"https:\/\/astideco.com\/blog\/como-crear-un-espacio-de-trabajo-o-estudio-para-dos-en-casa\/#breadcrumb\"},\"inLanguage\":\"es\",\"potentialAction\":[{\"@type\":\"ReadAction\",\"target\":[\"https:\/\/astideco.com\/blog\/como-crear-un-espacio-de-trabajo-o-estudio-para-dos-en-casa\/\"]}]},{\"@type\":\"ImageObject\",\"inLanguage\":\"es\",\"@id\":\"https:\/\/astideco.com\/blog\/como-crear-un-espacio-de-trabajo-o-estudio-para-dos-en-casa\/#primaryimage\",\"url\":\"https:\/\/astideco.com\/blog\/wp-content\/uploads\/2022\/11\/escritorio-doble-scaled.jpg\",\"contentUrl\":\"https:\/\/astideco.com\/blog\/wp-content\/uploads\/2022\/11\/escritorio-doble-scaled.jpg\",\"width\":2560,\"height\":1920},{\"@type\":\"BreadcrumbList\",\"@id\":\"https:\/\/astideco.com\/blog\/como-crear-un-espacio-de-trabajo-o-estudio-para-dos-en-casa\/#breadcrumb\",\"itemListElement\":[{\"@type\":\"ListItem\",\"position\":1,\"name\":\"Portada\",\"item\":\"https:\/\/astideco.com\/blog\/\"},{\"@type\":\"ListItem\",\"position\":2,\"name\":\"C\u00f3mo crear un espacio de trabajo o estudio para dos en casa\"}]},{\"@type\":\"WebSite\",\"@id\":\"https:\/\/astideco.com\/blog\/#website\",\"url\":\"https:\/\/astideco.com\/blog\/\",\"name\":\"Astiblog\",\"description\":\"Blog de Astideco.com\",\"potentialAction\":[{\"@type\":\"SearchAction\",\"target\":{\"@type\":\"EntryPoint\",\"urlTemplate\":\"https:\/\/astideco.com\/blog\/?s={search_term_string}\"},\"query-input\":{\"@type\":\"PropertyValueSpecification\",\"valueRequired\":true,\"valueName\":\"search_term_string\"}}],\"inLanguage\":\"es\"},{\"@type\":\"Person\",\"@id\":\"https:\/\/astideco.com\/blog\/#\/schema\/person\/13fd236103c4c231352fb09b2b7ac5cf\",\"name\":\"Astigarraga Kit Line\"}]}<\/script>\n<!-- \/ Yoast SEO plugin. -->","yoast_head_json":{"title":"C\u00f3mo crear un espacio de trabajo o estudio para dos en casa - Astiblog","description":"\u00bfQu\u00e9 sucede cuando m\u00e1s de una persona teletrabaja? Hoy os ensa\u00f1amos a crear un espacio de trabajo o estudio para dos en casa","robots":{"index":"index","follow":"follow","max-snippet":"max-snippet:-1","max-image-preview":"max-image-preview:large","max-video-preview":"max-video-preview:-1"},"canonical":"https:\/\/astideco.com\/blog\/como-crear-un-espacio-de-trabajo-o-estudio-para-dos-en-casa\/","og_locale":"es_ES","og_type":"article","og_title":"C\u00f3mo crear un espacio de trabajo o estudio para dos en casa - Astiblog","og_description":"\u00bfQu\u00e9 sucede cuando m\u00e1s de una persona teletrabaja? Hoy os ensa\u00f1amos a crear un espacio de trabajo o estudio para dos en casa","og_url":"https:\/\/astideco.com\/blog\/como-crear-un-espacio-de-trabajo-o-estudio-para-dos-en-casa\/","og_site_name":"Astiblog","article_published_time":"2022-11-28T17:02:16+00:00","article_modified_time":"2022-12-12T17:55:07+00:00","og_image":[{"width":1024,"height":768,"url":"https:\/\/astideco.com\/blog\/wp-content\/uploads\/2022\/11\/escritorio-doble-1024x768.jpg","type":"image\/jpeg"}],"author":"Astigarraga Kit Line","twitter_card":"summary_large_image","twitter_misc":{"Escrito por":"Astigarraga Kit Line","Tiempo de lectura":"5 minutos"},"schema":{"@context":"https:\/\/schema.org","@graph":[{"@type":"Article","@id":"https:\/\/astideco.com\/blog\/como-crear-un-espacio-de-trabajo-o-estudio-para-dos-en-casa\/#article","isPartOf":{"@id":"https:\/\/astideco.com\/blog\/como-crear-un-espacio-de-trabajo-o-estudio-para-dos-en-casa\/"},"author":{"name":"Astigarraga Kit Line","@id":"https:\/\/astideco.com\/blog\/#\/schema\/person\/13fd236103c4c231352fb09b2b7ac5cf"},"headline":"C\u00f3mo crear un espacio de trabajo o estudio para dos en casa","datePublished":"2022-11-28T17:02:16+00:00","dateModified":"2022-12-12T17:55:07+00:00","mainEntityOfPage":{"@id":"https:\/\/astideco.com\/blog\/como-crear-un-espacio-de-trabajo-o-estudio-para-dos-en-casa\/"},"wordCount":809,"commentCount":0,"image":{"@id":"https:\/\/astideco.com\/blog\/como-crear-un-espacio-de-trabajo-o-estudio-para-dos-en-casa\/#primaryimage"},"thumbnailUrl":"https:\/\/astideco.com\/blog\/wp-content\/uploads\/2022\/11\/escritorio-doble-scaled.jpg","articleSection":["Ideas y consejos","Producto"],"inLanguage":"es","potentialAction":[{"@type":"CommentAction","name":"Comment","target":["https:\/\/astideco.com\/blog\/como-crear-un-espacio-de-trabajo-o-estudio-para-dos-en-casa\/#respond"]}]},{"@type":"WebPage","@id":"https:\/\/astideco.com\/blog\/como-crear-un-espacio-de-trabajo-o-estudio-para-dos-en-casa\/","url":"https:\/\/astideco.com\/blog\/como-crear-un-espacio-de-trabajo-o-estudio-para-dos-en-casa\/","name":"C\u00f3mo crear un espacio de trabajo o estudio para dos en casa - Astiblog","isPartOf":{"@id":"https:\/\/astideco.com\/blog\/#website"},"primaryImageOfPage":{"@id":"https:\/\/astideco.com\/blog\/como-crear-un-espacio-de-trabajo-o-estudio-para-dos-en-casa\/#primaryimage"},"image":{"@id":"https:\/\/astideco.com\/blog\/como-crear-un-espacio-de-trabajo-o-estudio-para-dos-en-casa\/#primaryimage"},"thumbnailUrl":"https:\/\/astideco.com\/blog\/wp-content\/uploads\/2022\/11\/escritorio-doble-scaled.jpg","datePublished":"2022-11-28T17:02:16+00:00","dateModified":"2022-12-12T17:55:07+00:00","author":{"@id":"https:\/\/astideco.com\/blog\/#\/schema\/person\/13fd236103c4c231352fb09b2b7ac5cf"},"description":"\u00bfQu\u00e9 sucede cuando m\u00e1s de una persona teletrabaja? Hoy os ensa\u00f1amos a crear un espacio de trabajo o estudio para dos en casa","breadcrumb":{"@id":"https:\/\/astideco.com\/blog\/como-crear-un-espacio-de-trabajo-o-estudio-para-dos-en-casa\/#breadcrumb"},"inLanguage":"es","potentialAction":[{"@type":"ReadAction","target":["https:\/\/astideco.com\/blog\/como-crear-un-espacio-de-trabajo-o-estudio-para-dos-en-casa\/"]}]},{"@type":"ImageObject","inLanguage":"es","@id":"https:\/\/astideco.com\/blog\/como-crear-un-espacio-de-trabajo-o-estudio-para-dos-en-casa\/#primaryimage","url":"https:\/\/astideco.com\/blog\/wp-content\/uploads\/2022\/11\/escritorio-doble-scaled.jpg","contentUrl":"https:\/\/astideco.com\/blog\/wp-content\/uploads\/2022\/11\/escritorio-doble-scaled.jpg","width":2560,"height":1920},{"@type":"BreadcrumbList","@id":"https:\/\/astideco.com\/blog\/como-crear-un-espacio-de-trabajo-o-estudio-para-dos-en-casa\/#breadcrumb","itemListElement":[{"@type":"ListItem","position":1,"name":"Portada","item":"https:\/\/astideco.com\/blog\/"},{"@type":"ListItem","position":2,"name":"C\u00f3mo crear un espacio de trabajo o estudio para dos en casa"}]},{"@type":"WebSite","@id":"https:\/\/astideco.com\/blog\/#website","url":"https:\/\/astideco.com\/blog\/","name":"Astiblog","description":"Blog de Astideco.com","potentialAction":[{"@type":"SearchAction","target":{"@type":"EntryPoint","urlTemplate":"https:\/\/astideco.com\/blog\/?s={search_term_string}"},"query-input":{"@type":"PropertyValueSpecification","valueRequired":true,"valueName":"search_term_string"}}],"inLanguage":"es"},{"@type":"Person","@id":"https:\/\/astideco.com\/blog\/#\/schema\/person\/13fd236103c4c231352fb09b2b7ac5cf","name":"Astigarraga Kit Line"}]}},"_links":{"self":[{"href":"https:\/\/astideco.com\/blog\/wp-json\/wp\/v2\/posts\/4411","targetHints":{"allow":["GET"]}}],"collection":[{"href":"https:\/\/astideco.com\/blog\/wp-json\/wp\/v2\/posts"}],"about":[{"href":"https:\/\/astideco.com\/blog\/wp-json\/wp\/v2\/types\/post"}],"author":[{"embeddable":true,"href":"https:\/\/astideco.com\/blog\/wp-json\/wp\/v2\/users\/6"}],"replies":[{"embeddable":true,"href":"https:\/\/astideco.com\/blog\/wp-json\/wp\/v2\/comments?post=4411"}],"version-history":[{"count":3,"href":"https:\/\/astideco.com\/blog\/wp-json\/wp\/v2\/posts\/4411\/revisions"}],"predecessor-version":[{"id":4422,"href":"https:\/\/astideco.com\/blog\/wp-json\/wp\/v2\/posts\/4411\/revisions\/4422"}],"wp:featuredmedia":[{"embeddable":true,"href":"https:\/\/astideco.com\/blog\/wp-json\/wp\/v2\/media\/4413"}],"wp:attachment":[{"href":"https:\/\/astideco.com\/blog\/wp-json\/wp\/v2\/media?parent=4411"}],"wp:term":[{"taxonomy":"category","embeddable":true,"href":"https:\/\/astideco.com\/blog\/wp-json\/wp\/v2\/categories?post=4411"},{"taxonomy":"post_tag","embeddable":true,"href":"https:\/\/astideco.com\/blog\/wp-json\/wp\/v2\/tags?post=4411"}],"curies":[{"name":"wp","href":"https:\/\/api.w.org\/{rel}","templated":true}]}}