{"id":4261,"date":"2022-09-06T08:28:56","date_gmt":"2022-09-06T08:28:56","guid":{"rendered":"https:\/\/astideco.com\/blog\/?p=4261"},"modified":"2022-09-12T16:06:43","modified_gmt":"2022-09-12T16:06:43","slug":"tres-espacios-de-estudio-o-trabajo-para-dos","status":"publish","type":"post","link":"https:\/\/astideco.com\/blog\/tres-espacios-de-estudio-o-trabajo-para-dos\/","title":{"rendered":"Tres espacios de estudio o trabajo para dos\u00a0"},"content":{"rendered":"<p><span>Puede ser que tengas dos hijos que compartan la misma habitaci\u00f3n, y por tanto, la misma mesa de estudio. O puede ser, con los tiempos que corren, que los dos progenitores, teletrabajen siempre o lo hagan de vez en cuando. Por eso, tener que contar con un <strong>espacio de estudio doble<\/strong> est\u00e1 a la orden del d\u00eda. Y si se necesita hay que buscar soluciones que hagan posible crear escritorios para dos agradables, c\u00e1lidos y con espacio suficiente para cada uno de ellos. Te contamos c\u00f3mo puedes crear un escritorio doble con la catalana Clara Valent\u00ed (en Instagram <a href=\"https:\/\/www.instagram.com\/_claravm_\/?hl=es\"><strong>@_claravm_<\/strong><\/a>). Es m\u00e1s, con los mismos muebles, te damos ideas de hasta <strong>tres espacios de estudio o trabajo para dos<\/strong>.<\/span><\/p>\n<p><span>Clara lleva ocho a\u00f1os, los mismos que tiene su primera hija, compartiendo en esta red social inquietudes, su d\u00eda a d\u00eda, curiosidades, momentos, an\u00e9cdotas y en paralelo, desde que estren\u00f3 casa, empez\u00f3 a ser m\u00e1s activa contando c\u00f3mo decorar su hogar. Licenciada en Direcci\u00f3n de empresas y madre de tres hijos de 3, 5 y 8 a\u00f1os, ahora se dedica a gestionar las redes sociales de empresas.\u00a0<\/span><\/p>\n<p><span>\u201cQuer\u00eda poner los escritorios en la playroom, una sala de juegos que tiene cinco a\u00f1os y que ha ido evolucionando seg\u00fan los ni\u00f1os han ido creciendo y sus necesidades. Hace un a\u00f1o pusimos una mesa para manualidades y los deberes del cole de la mayor pero vimos que se quedaba justa porque la mediana tambi\u00e9n le gustaba sentarse con ella y hacer sus dibujos y ah\u00ed es cuando pensamos ampliarla a dos mesas\u201d, cuenta Clara.<\/span><\/p>\n<h2><span>Amante de la madera natural<\/span><\/h2>\n<p><span>Clara es una apasionada de la madera natural, porque \u201ccombina con todo tipo de estilos y materiales\u201d. Su elecci\u00f3n ha sido: el tablero de 140x70x3 cm y cuatro <span><a href=\"https:\/\/astideco.com\/es\/caballetes\/caballete-pino-deco-blanco\"><strong>caballetes Deco de madera<\/strong><\/a><\/span> en color blanco (tambi\u00e9n est\u00e1n disponibles en color natural y negro). Y con todo esto, a priori estaba en duda entre dos opciones:<\/span><\/p>\n<h2><span>1\u00aa opci\u00f3n: un escritorio para dos<\/span><\/h2>\n<p><span>\u201cInicialmente la idea era ponerlas alineadas de cara a la pared para optimizar el espacio de la sala de juegos. Est\u00e1n m\u00e1s en contacto, ven lo que hace la otra y comparten incluso material\u201d, afirma Clara. As\u00ed pues, esta primera soluci\u00f3n para crear un escritorio o mesa para dos es en <strong>l\u00ednea y frente a la pared<\/strong>.\u00a0<\/span><\/p>\n<p><img decoding=\"async\" class=\"lazyload alignnone wp-image-4264 size-fusion-1200\" src=\"https:\/\/astideco.com\/blog\/wp-content\/uploads\/2022\/09\/IMG_7013-1200x900.jpg\" data-orig-src=\"https:\/\/astideco.com\/blog\/wp-content\/uploads\/2022\/09\/IMG_7013-1200x900.jpg\" alt=\"\" width=\"1200\" height=\"900\" srcset=\"data:image\/svg+xml,%3Csvg%20xmlns%3D%27http%3A%2F%2Fwww.w3.org%2F2000%2Fsvg%27%20width%3D%271200%27%20height%3D%27900%27%20viewBox%3D%270%200%201200%20900%27%3E%3Crect%20width%3D%271200%27%20height%3D%27900%27%20fill-opacity%3D%220%22%2F%3E%3C%2Fsvg%3E\" data-srcset=\"https:\/\/astideco.com\/blog\/wp-content\/uploads\/2022\/09\/IMG_7013-200x150.jpg 200w, https:\/\/astideco.com\/blog\/wp-content\/uploads\/2022\/09\/IMG_7013-300x225.jpg 300w, https:\/\/astideco.com\/blog\/wp-content\/uploads\/2022\/09\/IMG_7013-400x300.jpg 400w, https:\/\/astideco.com\/blog\/wp-content\/uploads\/2022\/09\/IMG_7013-600x450.jpg 600w, https:\/\/astideco.com\/blog\/wp-content\/uploads\/2022\/09\/IMG_7013-768x576.jpg 768w, https:\/\/astideco.com\/blog\/wp-content\/uploads\/2022\/09\/IMG_7013-800x600.jpg 800w, https:\/\/astideco.com\/blog\/wp-content\/uploads\/2022\/09\/IMG_7013-1024x768.jpg 1024w, https:\/\/astideco.com\/blog\/wp-content\/uploads\/2022\/09\/IMG_7013-1200x900.jpg 1200w, https:\/\/astideco.com\/blog\/wp-content\/uploads\/2022\/09\/IMG_7013-1536x1152.jpg 1536w\" data-sizes=\"auto\" data-orig-sizes=\"(max-width: 1200px) 100vw, 1200px\" \/><\/p>\n<p><span>Los tableros se fijan a los caballetes con tirafondos y para que est\u00e9n m\u00e1s seguros a\u00fan, se puede fijar a la pared. Es verdad que para esta disposici\u00f3n se necesita tener una pared con espacio. A este escritorio se ha a\u00f1adido el <a href=\"https:\/\/astideco.com\/es\/muebles-de-almacenaje\"><span><strong>armario Dinamic<\/strong><\/span><\/a> en un lateral para tener espacio de almacenaje, colocar la impresora en la parte superior u ordenar los libros, papeles y dem\u00e1s accesorios en las baldas de su interior.<\/span><\/p>\n<h2><span>2\u00aa opci\u00f3n: un mesa de estudio para dos<\/span><\/h2>\n<p><span>\u201cHab\u00eda otra otra opci\u00f3n que era poner el armario en el centro para que las dos tuvieran sus cosas a la misma distancia\u201d, dice Clara. Esta segunda opci\u00f3n es parecida a la primera. Las mesas quedan <strong>en l\u00ednea<\/strong> tambi\u00e9n, una al lado de la otra, pero <strong>los escritorios quedan separados por el armario Dinamic<\/strong>. Utilizar dos mesas individuales y encajar el mueble de almacenaje en la mitad hace que las dos personas tengan sus cosas m\u00e1s cerca. La mitad de un armario para una, y la otra mitad, para otra.<\/span><\/p>\n<p><img decoding=\"async\" class=\"lazyload alignnone size-fusion-1200 wp-image-4262\" src=\"https:\/\/astideco.com\/blog\/wp-content\/uploads\/2022\/09\/IMG_6944-1200x900.jpg\" data-orig-src=\"https:\/\/astideco.com\/blog\/wp-content\/uploads\/2022\/09\/IMG_6944-1200x900.jpg\" alt=\"\" width=\"1200\" height=\"900\" srcset=\"data:image\/svg+xml,%3Csvg%20xmlns%3D%27http%3A%2F%2Fwww.w3.org%2F2000%2Fsvg%27%20width%3D%271200%27%20height%3D%27900%27%20viewBox%3D%270%200%201200%20900%27%3E%3Crect%20width%3D%271200%27%20height%3D%27900%27%20fill-opacity%3D%220%22%2F%3E%3C%2Fsvg%3E\" data-srcset=\"https:\/\/astideco.com\/blog\/wp-content\/uploads\/2022\/09\/IMG_6944-200x150.jpg 200w, https:\/\/astideco.com\/blog\/wp-content\/uploads\/2022\/09\/IMG_6944-300x225.jpg 300w, https:\/\/astideco.com\/blog\/wp-content\/uploads\/2022\/09\/IMG_6944-400x300.jpg 400w, https:\/\/astideco.com\/blog\/wp-content\/uploads\/2022\/09\/IMG_6944-600x450.jpg 600w, https:\/\/astideco.com\/blog\/wp-content\/uploads\/2022\/09\/IMG_6944-768x576.jpg 768w, https:\/\/astideco.com\/blog\/wp-content\/uploads\/2022\/09\/IMG_6944-800x600.jpg 800w, https:\/\/astideco.com\/blog\/wp-content\/uploads\/2022\/09\/IMG_6944-1024x768.jpg 1024w, https:\/\/astideco.com\/blog\/wp-content\/uploads\/2022\/09\/IMG_6944-1200x900.jpg 1200w, https:\/\/astideco.com\/blog\/wp-content\/uploads\/2022\/09\/IMG_6944-1536x1152.jpg 1536w\" data-sizes=\"auto\" data-orig-sizes=\"(max-width: 1200px) 100vw, 1200px\" \/><\/p>\n<h2><span>3\u00ba opci\u00f3n: el escritorio doble vencedor<\/span><\/h2>\n<p><span>Estas dos opciones son las que barruntaban en la cabeza de Clara pero, de repente, le surgi\u00f3 otra posibilidad: \u201cPonerlas de cara, una enfrente de la otra,\u00a0 que es la forma que invita m\u00e1s a cooperar, al trabajo en equipo, a compartir m\u00e1s el momento, la actividad que hagan y adem\u00e1s tambi\u00e9n les permiten tener material compartido en el centro de la mesa\u201d, defiende Clara. Es quiz\u00e1 la opci\u00f3n con la que pierdas espacio con respecto al resto de la sala pero \u201cal final prioric\u00e9 que la experiencia y el momento sean lo mejor posible\u201d,<\/span><\/p>\n<p><span>Y esta es la opci\u00f3n que finalmente ha triunfado en la casa de Clara. En la \u00faltima de las alternativas <strong>las dos mesas est\u00e1n colocadas una enfrente de otra<\/strong>. S\u00ed, es posible crear una zona de estudio o trabajo en casa con dos escritorios enfrentados. Una opci\u00f3n que se utiliza en muchas oficinas y que no tiene por qu\u00e9 interferir la concentraci\u00f3n. La superficie se multiplica y hay espacio suficiente para colocar cualquier cajonera, caja o incluso la impresora.<\/span><\/p>\n<p><img decoding=\"async\" class=\"lazyload alignnone size-fusion-1200 wp-image-4265\" src=\"https:\/\/astideco.com\/blog\/wp-content\/uploads\/2022\/09\/IMG_7063-1200x900.jpg\" data-orig-src=\"https:\/\/astideco.com\/blog\/wp-content\/uploads\/2022\/09\/IMG_7063-1200x900.jpg\" alt=\"\" width=\"1200\" height=\"900\" srcset=\"data:image\/svg+xml,%3Csvg%20xmlns%3D%27http%3A%2F%2Fwww.w3.org%2F2000%2Fsvg%27%20width%3D%271200%27%20height%3D%27900%27%20viewBox%3D%270%200%201200%20900%27%3E%3Crect%20width%3D%271200%27%20height%3D%27900%27%20fill-opacity%3D%220%22%2F%3E%3C%2Fsvg%3E\" data-srcset=\"https:\/\/astideco.com\/blog\/wp-content\/uploads\/2022\/09\/IMG_7063-200x150.jpg 200w, https:\/\/astideco.com\/blog\/wp-content\/uploads\/2022\/09\/IMG_7063-300x225.jpg 300w, https:\/\/astideco.com\/blog\/wp-content\/uploads\/2022\/09\/IMG_7063-400x300.jpg 400w, https:\/\/astideco.com\/blog\/wp-content\/uploads\/2022\/09\/IMG_7063-600x450.jpg 600w, https:\/\/astideco.com\/blog\/wp-content\/uploads\/2022\/09\/IMG_7063-768x576.jpg 768w, https:\/\/astideco.com\/blog\/wp-content\/uploads\/2022\/09\/IMG_7063-800x600.jpg 800w, https:\/\/astideco.com\/blog\/wp-content\/uploads\/2022\/09\/IMG_7063-1024x768.jpg 1024w, https:\/\/astideco.com\/blog\/wp-content\/uploads\/2022\/09\/IMG_7063-1200x900.jpg 1200w, https:\/\/astideco.com\/blog\/wp-content\/uploads\/2022\/09\/IMG_7063-1536x1152.jpg 1536w\" data-sizes=\"auto\" data-orig-sizes=\"(max-width: 1200px) 100vw, 1200px\" \/><\/p>\n<p><span>El reto de hoy no era uno cualquiera. Utilizando los mismos caballetes y tableros, Clara ha creado tres dise\u00f1os totalmente diferentes. Lo que subraya la <strong>versatilidad<\/strong> de los muebles de <span><span><a href=\"https:\/\/astideco.com\/es\/\"><strong>Astigarraga Kit Line<\/strong><\/a><\/span><\/span>. Muchos son multifuncionales y con otros tantos puedes hacer varias combinaciones hasta que logres el resultado deseado. Eso s\u00ed, optes por la soluci\u00f3n que optes, nunca olvides contar con las <a href=\"https:\/\/astideco.com\/es\/cajoneras\"><span><strong>mini cajoneras<\/strong><\/span><\/a> y <a href=\"https:\/\/astideco.com\/es\/cajas-de-almacenaje\"><span><strong>cajas de madera<\/strong><\/span><\/a>. Las grandes aliadas para poner orden en la superficie de la mesa; y una manera pr\u00e1ctica y decorativa de organizar los peque\u00f1os objetos y material de un escritorio.<\/span><\/p>\n<p><img decoding=\"async\" class=\"lazyload alignnone size-fusion-1200 wp-image-4266\" src=\"https:\/\/astideco.com\/blog\/wp-content\/uploads\/2022\/09\/IMG_7072-1200x1600.jpg\" data-orig-src=\"https:\/\/astideco.com\/blog\/wp-content\/uploads\/2022\/09\/IMG_7072-1200x1600.jpg\" alt=\"\" width=\"1200\" height=\"1600\" srcset=\"data:image\/svg+xml,%3Csvg%20xmlns%3D%27http%3A%2F%2Fwww.w3.org%2F2000%2Fsvg%27%20width%3D%271200%27%20height%3D%271600%27%20viewBox%3D%270%200%201200%201600%27%3E%3Crect%20width%3D%271200%27%20height%3D%271600%27%20fill-opacity%3D%220%22%2F%3E%3C%2Fsvg%3E\" data-srcset=\"https:\/\/astideco.com\/blog\/wp-content\/uploads\/2022\/09\/IMG_7072-200x267.jpg 200w, https:\/\/astideco.com\/blog\/wp-content\/uploads\/2022\/09\/IMG_7072-225x300.jpg 225w, https:\/\/astideco.com\/blog\/wp-content\/uploads\/2022\/09\/IMG_7072-400x533.jpg 400w, https:\/\/astideco.com\/blog\/wp-content\/uploads\/2022\/09\/IMG_7072-600x800.jpg 600w, https:\/\/astideco.com\/blog\/wp-content\/uploads\/2022\/09\/IMG_7072-768x1024.jpg 768w, https:\/\/astideco.com\/blog\/wp-content\/uploads\/2022\/09\/IMG_7072-800x1067.jpg 800w, https:\/\/astideco.com\/blog\/wp-content\/uploads\/2022\/09\/IMG_7072-1152x1536.jpg 1152w, https:\/\/astideco.com\/blog\/wp-content\/uploads\/2022\/09\/IMG_7072-1200x1600.jpg 1200w, https:\/\/astideco.com\/blog\/wp-content\/uploads\/2022\/09\/IMG_7072-1536x2048.jpg 1536w, https:\/\/astideco.com\/blog\/wp-content\/uploads\/2022\/09\/IMG_7072-scaled.jpg 1920w\" data-sizes=\"auto\" data-orig-sizes=\"(max-width: 1200px) 100vw, 1200px\" \/><\/p>\n<p><span>Y vistas las tres posibilidades, \u00bfcon cu\u00e1l te quedas? D\u00e9janos en comentarios tu preferencia. Y si no te decides por ninguno de los tres, nos sobra la inspiraci\u00f3n para proponerte m\u00e1s <a href=\"https:\/\/astideco.com\/blog\/el-antes-y-despues-de-una-zona-de-estudio-y-de-juegos\/\"><span><strong>escritorios dobles<\/strong><\/span><\/a>. \u00a1Feliz vuelta al cole y a la oficina!<\/span><\/p>\n<p><i><span>Gracias por dejarnos decorar vuestro hogar de manera sostenible.<\/span><\/i><\/p>\n","protected":false},"excerpt":{"rendered":"<p>Puede ser que tengas dos hijos que compartan la misma habitaci\u00f3n, y por tanto, la misma mesa de estudio. O puede ser, con los tiempos que corren, que los dos progenitores, teletrabajen siempre o lo hagan de vez en cuando.  [..]<\/p>\n","protected":false},"author":6,"featured_media":4263,"comment_status":"open","ping_status":"open","sticky":false,"template":"","format":"standard","meta":{"footnotes":""},"categories":[644],"tags":[62,813,462,809,54,362,805,811],"class_list":["post-4261","post","type-post","status-publish","format-standard","has-post-thumbnail","hentry","category-ideas-y-consejos","tag-astigarraga-kit-line","tag-caballetes-madera","tag-escritorio-doble","tag-espacio-trabajo-doble","tag-madera-ecologica","tag-madera-natural","tag-mini-cajoneras","tag-tableros-madera"],"yoast_head":"<!-- This site is optimized with the Yoast SEO plugin v27.0 - https:\/\/yoast.com\/product\/yoast-seo-wordpress\/ -->\n<title>Tres espacios de estudio o trabajo para dos\u00a0 - Astiblog<\/title>\n<meta name=\"description\" content=\"Puede ser que tengas dos hijos que compartan la misma habitaci\u00f3n.Hoy os mostramos tres espacios de estudio o trabajo para dos\" \/>\n<meta name=\"robots\" content=\"index, follow, max-snippet:-1, max-image-preview:large, max-video-preview:-1\" \/>\n<link rel=\"canonical\" href=\"https:\/\/astideco.com\/blog\/tres-espacios-de-estudio-o-trabajo-para-dos\/\" \/>\n<meta property=\"og:locale\" content=\"es_ES\" \/>\n<meta property=\"og:type\" content=\"article\" \/>\n<meta property=\"og:title\" content=\"Tres espacios de estudio o trabajo para dos\u00a0 - Astiblog\" \/>\n<meta property=\"og:description\" content=\"Puede ser que tengas dos hijos que compartan la misma habitaci\u00f3n.Hoy os mostramos tres espacios de estudio o trabajo para dos\" \/>\n<meta property=\"og:url\" content=\"https:\/\/astideco.com\/blog\/tres-espacios-de-estudio-o-trabajo-para-dos\/\" \/>\n<meta property=\"og:site_name\" content=\"Astiblog\" \/>\n<meta property=\"article:published_time\" content=\"2022-09-06T08:28:56+00:00\" \/>\n<meta property=\"article:modified_time\" content=\"2022-09-12T16:06:43+00:00\" \/>\n<meta property=\"og:image\" content=\"https:\/\/astideco.com\/blog\/wp-content\/uploads\/2022\/09\/IMG_6962-1024x768.jpg\" \/>\n\t<meta property=\"og:image:width\" content=\"1024\" \/>\n\t<meta property=\"og:image:height\" content=\"768\" \/>\n\t<meta property=\"og:image:type\" content=\"image\/jpeg\" \/>\n<meta name=\"author\" content=\"Astigarraga Kit Line\" \/>\n<meta name=\"twitter:card\" content=\"summary_large_image\" \/>\n<meta name=\"twitter:label1\" content=\"Escrito por\" \/>\n\t<meta name=\"twitter:data1\" content=\"Astigarraga Kit Line\" \/>\n\t<meta name=\"twitter:label2\" content=\"Tiempo de lectura\" \/>\n\t<meta name=\"twitter:data2\" content=\"5 minutos\" \/>\n<script type=\"application\/ld+json\" class=\"yoast-schema-graph\">{\"@context\":\"https:\/\/schema.org\",\"@graph\":[{\"@type\":\"Article\",\"@id\":\"https:\/\/astideco.com\/blog\/tres-espacios-de-estudio-o-trabajo-para-dos\/#article\",\"isPartOf\":{\"@id\":\"https:\/\/astideco.com\/blog\/tres-espacios-de-estudio-o-trabajo-para-dos\/\"},\"author\":{\"name\":\"Astigarraga Kit Line\",\"@id\":\"https:\/\/astideco.com\/blog\/#\/schema\/person\/13fd236103c4c231352fb09b2b7ac5cf\"},\"headline\":\"Tres espacios de estudio o trabajo para dos\u00a0\",\"datePublished\":\"2022-09-06T08:28:56+00:00\",\"dateModified\":\"2022-09-12T16:06:43+00:00\",\"mainEntityOfPage\":{\"@id\":\"https:\/\/astideco.com\/blog\/tres-espacios-de-estudio-o-trabajo-para-dos\/\"},\"wordCount\":942,\"commentCount\":0,\"image\":{\"@id\":\"https:\/\/astideco.com\/blog\/tres-espacios-de-estudio-o-trabajo-para-dos\/#primaryimage\"},\"thumbnailUrl\":\"https:\/\/astideco.com\/blog\/wp-content\/uploads\/2022\/09\/IMG_6962-scaled.jpg\",\"keywords\":[\"astigarraga kit line\",\"Caballetes Madera\",\"escritorio doble\",\"Espacio Trabajo Doble\",\"madera ecologica\",\"madera natural\",\"Mini Cajoneras\",\"Tableros Madera\"],\"articleSection\":[\"Ideas y consejos\"],\"inLanguage\":\"es\",\"potentialAction\":[{\"@type\":\"CommentAction\",\"name\":\"Comment\",\"target\":[\"https:\/\/astideco.com\/blog\/tres-espacios-de-estudio-o-trabajo-para-dos\/#respond\"]}]},{\"@type\":\"WebPage\",\"@id\":\"https:\/\/astideco.com\/blog\/tres-espacios-de-estudio-o-trabajo-para-dos\/\",\"url\":\"https:\/\/astideco.com\/blog\/tres-espacios-de-estudio-o-trabajo-para-dos\/\",\"name\":\"Tres espacios de estudio o trabajo para dos\u00a0 - Astiblog\",\"isPartOf\":{\"@id\":\"https:\/\/astideco.com\/blog\/#website\"},\"primaryImageOfPage\":{\"@id\":\"https:\/\/astideco.com\/blog\/tres-espacios-de-estudio-o-trabajo-para-dos\/#primaryimage\"},\"image\":{\"@id\":\"https:\/\/astideco.com\/blog\/tres-espacios-de-estudio-o-trabajo-para-dos\/#primaryimage\"},\"thumbnailUrl\":\"https:\/\/astideco.com\/blog\/wp-content\/uploads\/2022\/09\/IMG_6962-scaled.jpg\",\"datePublished\":\"2022-09-06T08:28:56+00:00\",\"dateModified\":\"2022-09-12T16:06:43+00:00\",\"author\":{\"@id\":\"https:\/\/astideco.com\/blog\/#\/schema\/person\/13fd236103c4c231352fb09b2b7ac5cf\"},\"description\":\"Puede ser que tengas dos hijos que compartan la misma habitaci\u00f3n.Hoy os mostramos tres espacios de estudio o trabajo para dos\",\"breadcrumb\":{\"@id\":\"https:\/\/astideco.com\/blog\/tres-espacios-de-estudio-o-trabajo-para-dos\/#breadcrumb\"},\"inLanguage\":\"es\",\"potentialAction\":[{\"@type\":\"ReadAction\",\"target\":[\"https:\/\/astideco.com\/blog\/tres-espacios-de-estudio-o-trabajo-para-dos\/\"]}]},{\"@type\":\"ImageObject\",\"inLanguage\":\"es\",\"@id\":\"https:\/\/astideco.com\/blog\/tres-espacios-de-estudio-o-trabajo-para-dos\/#primaryimage\",\"url\":\"https:\/\/astideco.com\/blog\/wp-content\/uploads\/2022\/09\/IMG_6962-scaled.jpg\",\"contentUrl\":\"https:\/\/astideco.com\/blog\/wp-content\/uploads\/2022\/09\/IMG_6962-scaled.jpg\",\"width\":2560,\"height\":1920},{\"@type\":\"BreadcrumbList\",\"@id\":\"https:\/\/astideco.com\/blog\/tres-espacios-de-estudio-o-trabajo-para-dos\/#breadcrumb\",\"itemListElement\":[{\"@type\":\"ListItem\",\"position\":1,\"name\":\"Portada\",\"item\":\"https:\/\/astideco.com\/blog\/\"},{\"@type\":\"ListItem\",\"position\":2,\"name\":\"Tres espacios de estudio o trabajo para dos\u00a0\"}]},{\"@type\":\"WebSite\",\"@id\":\"https:\/\/astideco.com\/blog\/#website\",\"url\":\"https:\/\/astideco.com\/blog\/\",\"name\":\"Astiblog\",\"description\":\"Blog de Astideco.com\",\"potentialAction\":[{\"@type\":\"SearchAction\",\"target\":{\"@type\":\"EntryPoint\",\"urlTemplate\":\"https:\/\/astideco.com\/blog\/?s={search_term_string}\"},\"query-input\":{\"@type\":\"PropertyValueSpecification\",\"valueRequired\":true,\"valueName\":\"search_term_string\"}}],\"inLanguage\":\"es\"},{\"@type\":\"Person\",\"@id\":\"https:\/\/astideco.com\/blog\/#\/schema\/person\/13fd236103c4c231352fb09b2b7ac5cf\",\"name\":\"Astigarraga Kit Line\"}]}<\/script>\n<!-- \/ Yoast SEO plugin. -->","yoast_head_json":{"title":"Tres espacios de estudio o trabajo para dos\u00a0 - Astiblog","description":"Puede ser que tengas dos hijos que compartan la misma habitaci\u00f3n.Hoy os mostramos tres espacios de estudio o trabajo para dos","robots":{"index":"index","follow":"follow","max-snippet":"max-snippet:-1","max-image-preview":"max-image-preview:large","max-video-preview":"max-video-preview:-1"},"canonical":"https:\/\/astideco.com\/blog\/tres-espacios-de-estudio-o-trabajo-para-dos\/","og_locale":"es_ES","og_type":"article","og_title":"Tres espacios de estudio o trabajo para dos\u00a0 - Astiblog","og_description":"Puede ser que tengas dos hijos que compartan la misma habitaci\u00f3n.Hoy os mostramos tres espacios de estudio o trabajo para dos","og_url":"https:\/\/astideco.com\/blog\/tres-espacios-de-estudio-o-trabajo-para-dos\/","og_site_name":"Astiblog","article_published_time":"2022-09-06T08:28:56+00:00","article_modified_time":"2022-09-12T16:06:43+00:00","og_image":[{"width":1024,"height":768,"url":"https:\/\/astideco.com\/blog\/wp-content\/uploads\/2022\/09\/IMG_6962-1024x768.jpg","type":"image\/jpeg"}],"author":"Astigarraga Kit Line","twitter_card":"summary_large_image","twitter_misc":{"Escrito por":"Astigarraga Kit Line","Tiempo de lectura":"5 minutos"},"schema":{"@context":"https:\/\/schema.org","@graph":[{"@type":"Article","@id":"https:\/\/astideco.com\/blog\/tres-espacios-de-estudio-o-trabajo-para-dos\/#article","isPartOf":{"@id":"https:\/\/astideco.com\/blog\/tres-espacios-de-estudio-o-trabajo-para-dos\/"},"author":{"name":"Astigarraga Kit Line","@id":"https:\/\/astideco.com\/blog\/#\/schema\/person\/13fd236103c4c231352fb09b2b7ac5cf"},"headline":"Tres espacios de estudio o trabajo para dos\u00a0","datePublished":"2022-09-06T08:28:56+00:00","dateModified":"2022-09-12T16:06:43+00:00","mainEntityOfPage":{"@id":"https:\/\/astideco.com\/blog\/tres-espacios-de-estudio-o-trabajo-para-dos\/"},"wordCount":942,"commentCount":0,"image":{"@id":"https:\/\/astideco.com\/blog\/tres-espacios-de-estudio-o-trabajo-para-dos\/#primaryimage"},"thumbnailUrl":"https:\/\/astideco.com\/blog\/wp-content\/uploads\/2022\/09\/IMG_6962-scaled.jpg","keywords":["astigarraga kit line","Caballetes Madera","escritorio doble","Espacio Trabajo Doble","madera ecologica","madera natural","Mini Cajoneras","Tableros Madera"],"articleSection":["Ideas y consejos"],"inLanguage":"es","potentialAction":[{"@type":"CommentAction","name":"Comment","target":["https:\/\/astideco.com\/blog\/tres-espacios-de-estudio-o-trabajo-para-dos\/#respond"]}]},{"@type":"WebPage","@id":"https:\/\/astideco.com\/blog\/tres-espacios-de-estudio-o-trabajo-para-dos\/","url":"https:\/\/astideco.com\/blog\/tres-espacios-de-estudio-o-trabajo-para-dos\/","name":"Tres espacios de estudio o trabajo para dos\u00a0 - Astiblog","isPartOf":{"@id":"https:\/\/astideco.com\/blog\/#website"},"primaryImageOfPage":{"@id":"https:\/\/astideco.com\/blog\/tres-espacios-de-estudio-o-trabajo-para-dos\/#primaryimage"},"image":{"@id":"https:\/\/astideco.com\/blog\/tres-espacios-de-estudio-o-trabajo-para-dos\/#primaryimage"},"thumbnailUrl":"https:\/\/astideco.com\/blog\/wp-content\/uploads\/2022\/09\/IMG_6962-scaled.jpg","datePublished":"2022-09-06T08:28:56+00:00","dateModified":"2022-09-12T16:06:43+00:00","author":{"@id":"https:\/\/astideco.com\/blog\/#\/schema\/person\/13fd236103c4c231352fb09b2b7ac5cf"},"description":"Puede ser que tengas dos hijos que compartan la misma habitaci\u00f3n.Hoy os mostramos tres espacios de estudio o trabajo para dos","breadcrumb":{"@id":"https:\/\/astideco.com\/blog\/tres-espacios-de-estudio-o-trabajo-para-dos\/#breadcrumb"},"inLanguage":"es","potentialAction":[{"@type":"ReadAction","target":["https:\/\/astideco.com\/blog\/tres-espacios-de-estudio-o-trabajo-para-dos\/"]}]},{"@type":"ImageObject","inLanguage":"es","@id":"https:\/\/astideco.com\/blog\/tres-espacios-de-estudio-o-trabajo-para-dos\/#primaryimage","url":"https:\/\/astideco.com\/blog\/wp-content\/uploads\/2022\/09\/IMG_6962-scaled.jpg","contentUrl":"https:\/\/astideco.com\/blog\/wp-content\/uploads\/2022\/09\/IMG_6962-scaled.jpg","width":2560,"height":1920},{"@type":"BreadcrumbList","@id":"https:\/\/astideco.com\/blog\/tres-espacios-de-estudio-o-trabajo-para-dos\/#breadcrumb","itemListElement":[{"@type":"ListItem","position":1,"name":"Portada","item":"https:\/\/astideco.com\/blog\/"},{"@type":"ListItem","position":2,"name":"Tres espacios de estudio o trabajo para dos\u00a0"}]},{"@type":"WebSite","@id":"https:\/\/astideco.com\/blog\/#website","url":"https:\/\/astideco.com\/blog\/","name":"Astiblog","description":"Blog de Astideco.com","potentialAction":[{"@type":"SearchAction","target":{"@type":"EntryPoint","urlTemplate":"https:\/\/astideco.com\/blog\/?s={search_term_string}"},"query-input":{"@type":"PropertyValueSpecification","valueRequired":true,"valueName":"search_term_string"}}],"inLanguage":"es"},{"@type":"Person","@id":"https:\/\/astideco.com\/blog\/#\/schema\/person\/13fd236103c4c231352fb09b2b7ac5cf","name":"Astigarraga Kit Line"}]}},"_links":{"self":[{"href":"https:\/\/astideco.com\/blog\/wp-json\/wp\/v2\/posts\/4261","targetHints":{"allow":["GET"]}}],"collection":[{"href":"https:\/\/astideco.com\/blog\/wp-json\/wp\/v2\/posts"}],"about":[{"href":"https:\/\/astideco.com\/blog\/wp-json\/wp\/v2\/types\/post"}],"author":[{"embeddable":true,"href":"https:\/\/astideco.com\/blog\/wp-json\/wp\/v2\/users\/6"}],"replies":[{"embeddable":true,"href":"https:\/\/astideco.com\/blog\/wp-json\/wp\/v2\/comments?post=4261"}],"version-history":[{"count":3,"href":"https:\/\/astideco.com\/blog\/wp-json\/wp\/v2\/posts\/4261\/revisions"}],"predecessor-version":[{"id":4268,"href":"https:\/\/astideco.com\/blog\/wp-json\/wp\/v2\/posts\/4261\/revisions\/4268"}],"wp:featuredmedia":[{"embeddable":true,"href":"https:\/\/astideco.com\/blog\/wp-json\/wp\/v2\/media\/4263"}],"wp:attachment":[{"href":"https:\/\/astideco.com\/blog\/wp-json\/wp\/v2\/media?parent=4261"}],"wp:term":[{"taxonomy":"category","embeddable":true,"href":"https:\/\/astideco.com\/blog\/wp-json\/wp\/v2\/categories?post=4261"},{"taxonomy":"post_tag","embeddable":true,"href":"https:\/\/astideco.com\/blog\/wp-json\/wp\/v2\/tags?post=4261"}],"curies":[{"name":"wp","href":"https:\/\/api.w.org\/{rel}","templated":true}]}}