{"id":4114,"date":"2022-06-16T12:34:11","date_gmt":"2022-06-16T12:34:11","guid":{"rendered":"https:\/\/astideco.com\/blog\/?p=4114"},"modified":"2022-06-16T12:40:49","modified_gmt":"2022-06-16T12:40:49","slug":"como-decorar-terrazas-pequenas-con-estilo","status":"publish","type":"post","link":"https:\/\/astideco.com\/blog\/como-decorar-terrazas-pequenas-con-estilo\/","title":{"rendered":"C\u00f3mo decorar terrazas peque\u00f1as con estilo"},"content":{"rendered":"<p><span>Tic, tac, tic, tac\u2026 El verano est\u00e1 ya casi encima, apenas quedan d\u00edas. Muchas terrazas estar\u00e1n luciendo ya las mejores galas pero seguro que otras no, y sobre todo, aquellos balcones y terrazas peque\u00f1as que se suelen desaprovechar porque se cree que en tan poco espacio no se puede sacar ning\u00fan partido. \u00a1Error! \u00a1Craso error! Cada metro cuadrado es susceptible de ser aprovechado. Por eso hoy os damos ideas sobre <strong>c\u00f3mo decorar terrazas peque\u00f1as con estilo<\/strong> y con\u2026 <a href=\"https:\/\/astideco.com\/es\/content\/somos-naturaleza\"><span><strong>madera 100% local y sostenible<\/strong><\/span><\/a>. Por cierto, leed hasta el final, porque con la promoci\u00f3n que hay ahora, te vamos a crear m\u00e1s de una necesidad.<\/span><\/p>\n<p><span>Transformar tu peque\u00f1a terraza en un espacio agradable y funcional es tarea sencilla. Despu\u00e9s de una pandemia y con el calor en su m\u00e1ximo esplendor, no se puede desperdiciar ning\u00fan rinc\u00f3n exterior por muy reducido que sea. As\u00ed es que no te pierdas estas ideas para que tu terraza se convierta en un peque\u00f1o refugio personal donde descansar, desconectar, disfrutar y so\u00f1ar despierto.\u00a0<\/span><\/p>\n<h2><span>Una segunda zona de estar<\/span><\/h2>\n<p><span>A priori te puede parecer imposible que en un mini balc\u00f3n o mini terraza entre un set de sof\u00e1, sill\u00f3n y mesa de centro. Pero s\u00ed, es posible. El pack completo o cualquiera de los muebles por separado de la <a href=\"https:\/\/astideco.com\/es\/muebles-de-exterior\"><span><strong>colecci\u00f3n IVY Line<\/strong><\/span><\/a> de Astigarraga Kit Line. El sof\u00e1 mide 120 cm y el sof\u00e1 73,5 cm. Tampoco ocupan mucho, \u00bfno? Ser\u00e1 tu segundo sal\u00f3n cuando el buen tiempo arrecie.<\/span><\/p>\n<div id=\"attachment_4115\" style=\"width: 1210px\" class=\"wp-caption alignnone\"><img decoding=\"async\" aria-describedby=\"caption-attachment-4115\" class=\"lazyload wp-image-4115\" src=\"https:\/\/astideco.com\/blog\/wp-content\/uploads\/2022\/06\/286252534_375645281298759_7546548576380551359_n.jpg\" data-orig-src=\"https:\/\/astideco.com\/blog\/wp-content\/uploads\/2022\/06\/286252534_375645281298759_7546548576380551359_n.jpg\" alt=\"\" width=\"1200\" height=\"1500\" srcset=\"data:image\/svg+xml,%3Csvg%20xmlns%3D%27http%3A%2F%2Fwww.w3.org%2F2000%2Fsvg%27%20width%3D%271200%27%20height%3D%271500%27%20viewBox%3D%270%200%201200%201500%27%3E%3Crect%20width%3D%271200%27%20height%3D%271500%27%20fill-opacity%3D%220%22%2F%3E%3C%2Fsvg%3E\" data-srcset=\"https:\/\/astideco.com\/blog\/wp-content\/uploads\/2022\/06\/286252534_375645281298759_7546548576380551359_n-200x250.jpg 200w, https:\/\/astideco.com\/blog\/wp-content\/uploads\/2022\/06\/286252534_375645281298759_7546548576380551359_n-240x300.jpg 240w, https:\/\/astideco.com\/blog\/wp-content\/uploads\/2022\/06\/286252534_375645281298759_7546548576380551359_n-400x500.jpg 400w, https:\/\/astideco.com\/blog\/wp-content\/uploads\/2022\/06\/286252534_375645281298759_7546548576380551359_n-600x750.jpg 600w, https:\/\/astideco.com\/blog\/wp-content\/uploads\/2022\/06\/286252534_375645281298759_7546548576380551359_n-768x960.jpg 768w, https:\/\/astideco.com\/blog\/wp-content\/uploads\/2022\/06\/286252534_375645281298759_7546548576380551359_n-800x1000.jpg 800w, https:\/\/astideco.com\/blog\/wp-content\/uploads\/2022\/06\/286252534_375645281298759_7546548576380551359_n-819x1024.jpg 819w, https:\/\/astideco.com\/blog\/wp-content\/uploads\/2022\/06\/286252534_375645281298759_7546548576380551359_n.jpg 1080w\" data-sizes=\"auto\" data-orig-sizes=\"(max-width: 1200px) 100vw, 1200px\" \/><p id=\"caption-attachment-4115\" class=\"wp-caption-text\"><span>Foto: <a href=\"https:\/\/www.instagram.com\/a.casa.da.mae.joana\/?hl=es\"><strong>@a.casa.da.mae.joana<\/strong><\/a><\/span><\/p><\/div>\n<h2><span>Una mesa y dos taburetes, el t\u00e1ndem top<\/span><\/h2>\n<p><span>Si algo no puede faltar en una terraza es una mesa y asientos. Para disfrutar de un desayuno, un delicioso c\u00f3ctel o una comida, para leer, para ver pasar el tiempo, para descansar, para charlar con los tuyos, \u00a1para tantas cosas! Nuestra <a href=\"https:\/\/astideco.com\/es\/muebles-de-exterior\/mesa-redonda-de-madera-maciza-de-pino-734x76x76-cm-ivy-line\"><span><strong>mesa redonda<\/strong><\/span><\/a> de madera local y sostenible es un must have que no puede faltar en tu peque\u00f1o balc\u00f3n. Y si adem\u00e1s, lo completas a juego con los <a href=\"https:\/\/astideco.com\/es\/taburetes\/taburete-bajo-de-madera-maciza-de-pino-36-cm\"><strong>taburetes<\/strong><\/a>, el conjunto no puede ser m\u00e1s acogedor y pr\u00e1ctico.\u00a0<\/span><\/p>\n<div id=\"attachment_4116\" style=\"width: 1090px\" class=\"wp-caption alignnone\"><img decoding=\"async\" aria-describedby=\"caption-attachment-4116\" class=\"lazyload wp-image-4116 size-full\" src=\"https:\/\/astideco.com\/blog\/wp-content\/uploads\/2022\/06\/mesa_redonda_taburetes_madera_ivyline.jpg\" data-orig-src=\"https:\/\/astideco.com\/blog\/wp-content\/uploads\/2022\/06\/mesa_redonda_taburetes_madera_ivyline.jpg\" alt=\"\" width=\"1080\" height=\"1351\" srcset=\"data:image\/svg+xml,%3Csvg%20xmlns%3D%27http%3A%2F%2Fwww.w3.org%2F2000%2Fsvg%27%20width%3D%271080%27%20height%3D%271351%27%20viewBox%3D%270%200%201080%201351%27%3E%3Crect%20width%3D%271080%27%20height%3D%271351%27%20fill-opacity%3D%220%22%2F%3E%3C%2Fsvg%3E\" data-srcset=\"https:\/\/astideco.com\/blog\/wp-content\/uploads\/2022\/06\/mesa_redonda_taburetes_madera_ivyline-200x250.jpg 200w, https:\/\/astideco.com\/blog\/wp-content\/uploads\/2022\/06\/mesa_redonda_taburetes_madera_ivyline-240x300.jpg 240w, https:\/\/astideco.com\/blog\/wp-content\/uploads\/2022\/06\/mesa_redonda_taburetes_madera_ivyline-400x500.jpg 400w, https:\/\/astideco.com\/blog\/wp-content\/uploads\/2022\/06\/mesa_redonda_taburetes_madera_ivyline-600x751.jpg 600w, https:\/\/astideco.com\/blog\/wp-content\/uploads\/2022\/06\/mesa_redonda_taburetes_madera_ivyline-768x961.jpg 768w, https:\/\/astideco.com\/blog\/wp-content\/uploads\/2022\/06\/mesa_redonda_taburetes_madera_ivyline-800x1001.jpg 800w, https:\/\/astideco.com\/blog\/wp-content\/uploads\/2022\/06\/mesa_redonda_taburetes_madera_ivyline-819x1024.jpg 819w, https:\/\/astideco.com\/blog\/wp-content\/uploads\/2022\/06\/mesa_redonda_taburetes_madera_ivyline.jpg 1080w\" data-sizes=\"auto\" data-orig-sizes=\"(max-width: 1080px) 100vw, 1080px\" \/><p id=\"caption-attachment-4116\" class=\"wp-caption-text\"><span>Foto: <a href=\"https:\/\/www.instagram.com\/the.first.floor\/?hl=es\"><strong>@the.first.floor<\/strong><\/a><\/span><\/p><\/div>\n<h2><span>Verde que te quiero verde<\/span><\/h2>\n<p><span>La idea de las ideas. Piensa en vertical. Porque no hace falta que cuentes los metros cuadrados de la superficie de tu terraza. No te apures, basta con una pared despejada para <a href=\"https:\/\/www.clara.es\/hogar\/plantas-exterior-balcon-terraza_13242#:~:text=Begonia%2C%20crisantemo%2C%20dalia%2C%20geranio,el%20rosal%20son%20buenos%20ejemplos.\"><span><strong>plantar un jard\u00edn urbano<\/strong><\/span><\/a>. Astigarraga Kit Line te pone los medios y t\u00fa, que seguro te sobra la imaginaci\u00f3n y la creatividad, te puedes convertir en el dise\u00f1ador de un mueble que atrapar\u00e1 todas las miradas. El <a href=\"https:\/\/astideco.com\/es\/panel-organizador\"><span><strong>organizador mural Tetris<\/strong><\/span><\/a> es la soluci\u00f3n perfecta para lograr un espacio para tus plantas. \u00bfQu\u00e9 mejor que llenar tu peque\u00f1o refugio de naturaleza y color? Y si no eres muy habilidoso con las plantas, siempre te quedar\u00e1n los cactus.<\/span><\/p>\n<div id=\"attachment_4117\" style=\"width: 1210px\" class=\"wp-caption alignnone\"><img decoding=\"async\" aria-describedby=\"caption-attachment-4117\" class=\"lazyload wp-image-4117 size-fusion-1200\" src=\"https:\/\/astideco.com\/blog\/wp-content\/uploads\/2022\/06\/organizador-mural-tetris-1200x1200.jpg\" data-orig-src=\"https:\/\/astideco.com\/blog\/wp-content\/uploads\/2022\/06\/organizador-mural-tetris-1200x1200.jpg\" alt=\"\" width=\"1200\" height=\"1200\" srcset=\"data:image\/svg+xml,%3Csvg%20xmlns%3D%27http%3A%2F%2Fwww.w3.org%2F2000%2Fsvg%27%20width%3D%271200%27%20height%3D%271200%27%20viewBox%3D%270%200%201200%201200%27%3E%3Crect%20width%3D%271200%27%20height%3D%271200%27%20fill-opacity%3D%220%22%2F%3E%3C%2Fsvg%3E\" data-srcset=\"https:\/\/astideco.com\/blog\/wp-content\/uploads\/2022\/06\/organizador-mural-tetris-66x66.jpg 66w, https:\/\/astideco.com\/blog\/wp-content\/uploads\/2022\/06\/organizador-mural-tetris-150x150.jpg 150w, https:\/\/astideco.com\/blog\/wp-content\/uploads\/2022\/06\/organizador-mural-tetris-200x200.jpg 200w, https:\/\/astideco.com\/blog\/wp-content\/uploads\/2022\/06\/organizador-mural-tetris-300x300.jpg 300w, https:\/\/astideco.com\/blog\/wp-content\/uploads\/2022\/06\/organizador-mural-tetris-400x400.jpg 400w, https:\/\/astideco.com\/blog\/wp-content\/uploads\/2022\/06\/organizador-mural-tetris-600x600.jpg 600w, https:\/\/astideco.com\/blog\/wp-content\/uploads\/2022\/06\/organizador-mural-tetris-768x768.jpg 768w, https:\/\/astideco.com\/blog\/wp-content\/uploads\/2022\/06\/organizador-mural-tetris-800x800.jpg 800w, https:\/\/astideco.com\/blog\/wp-content\/uploads\/2022\/06\/organizador-mural-tetris-1024x1024.jpg 1024w, https:\/\/astideco.com\/blog\/wp-content\/uploads\/2022\/06\/organizador-mural-tetris-1200x1200.jpg 1200w, https:\/\/astideco.com\/blog\/wp-content\/uploads\/2022\/06\/organizador-mural-tetris-1536x1536.jpg 1536w\" data-sizes=\"auto\" data-orig-sizes=\"(max-width: 1200px) 100vw, 1200px\" \/><p id=\"caption-attachment-4117\" class=\"wp-caption-text\"><span>Tetris est\u00e1 compuesto por la base mural a la que puedes ir incorporando varios accesorios: cubo, estantes de diferentes medidas, etc\u2026 Foto: <a href=\"https:\/\/www.instagram.com\/delunesadomingo\/?hl=es\"><span><strong>@delunesadomingo.<\/strong><\/span><\/a><\/span><\/p><\/div>\n<h2><span>Relax bajo el sol en terrazas peque\u00f1as<\/span><\/h2>\n<p><span>Ves una hamaca y, \u00bfa qu\u00e9 lo asocias? A desconexi\u00f3n, \u00bfverdad? Nuestras <a href=\"https:\/\/astideco.com\/es\/busqueda?controller=search&amp;s=hamaca\"><span><strong>hamacas de madera sostenible<\/strong><\/span><\/a> son ideales para relajarse y tomar el sol incluso en espacios peque\u00f1os. Son plegables y est\u00e1n disponibles en tres tama\u00f1os. Un ratito tumbado en una hamaca supone entrar en un estado de relajaci\u00f3n sin igual. Y si cierras los ojos bajo los rayos del sol, igual hasta puedes so\u00f1ar que te encuentras en una playa paradis\u00edaca.<\/span><\/p>\n<div id=\"attachment_4118\" style=\"width: 1210px\" class=\"wp-caption alignnone\"><img decoding=\"async\" aria-describedby=\"caption-attachment-4118\" class=\"lazyload wp-image-4118\" src=\"data:image\/svg+xml,%3Csvg%20xmlns%3D%27http%3A%2F%2Fwww.w3.org%2F2000%2Fsvg%27%20width%3D%271200%27%20height%3D%271600%27%20viewBox%3D%270%200%201200%201600%27%3E%3Crect%20width%3D%271200%27%20height%3D%271600%27%20fill-opacity%3D%220%22%2F%3E%3C%2Fsvg%3E\" data-orig-src=\"https:\/\/astideco.com\/blog\/wp-content\/uploads\/2022\/06\/hamaca_madera_terraza_pequena.jpg\" alt=\"\" width=\"1200\" height=\"1600\" \/><p id=\"caption-attachment-4118\" class=\"wp-caption-text\"><span>Foto: <a href=\"https:\/\/www.instagram.com\/laury_deco\/?hl=es\"><strong>@laury_deco<\/strong><\/a>. La hamaca grande tiene un respaldo regulable en 2 Alturas 85,5\/73 x Ancho 60 x Fondo 109,5 cm.<\/span><\/p><\/div>\n<div id=\"attachment_4119\" style=\"width: 1210px\" class=\"wp-caption alignnone\"><img decoding=\"async\" aria-describedby=\"caption-attachment-4119\" class=\"lazyload wp-image-4119 size-fusion-1200\" src=\"https:\/\/astideco.com\/blog\/wp-content\/uploads\/2022\/06\/hamaca_mediana_madera_astigarraga_kit_line-1200x1515.jpg\" data-orig-src=\"https:\/\/astideco.com\/blog\/wp-content\/uploads\/2022\/06\/hamaca_mediana_madera_astigarraga_kit_line-1200x1515.jpg\" alt=\"\" width=\"1200\" height=\"1515\" srcset=\"data:image\/svg+xml,%3Csvg%20xmlns%3D%27http%3A%2F%2Fwww.w3.org%2F2000%2Fsvg%27%20width%3D%271200%27%20height%3D%271515%27%20viewBox%3D%270%200%201200%201515%27%3E%3Crect%20width%3D%271200%27%20height%3D%271515%27%20fill-opacity%3D%220%22%2F%3E%3C%2Fsvg%3E\" data-srcset=\"https:\/\/astideco.com\/blog\/wp-content\/uploads\/2022\/06\/hamaca_mediana_madera_astigarraga_kit_line-200x252.jpg 200w, https:\/\/astideco.com\/blog\/wp-content\/uploads\/2022\/06\/hamaca_mediana_madera_astigarraga_kit_line-238x300.jpg 238w, https:\/\/astideco.com\/blog\/wp-content\/uploads\/2022\/06\/hamaca_mediana_madera_astigarraga_kit_line-400x505.jpg 400w, https:\/\/astideco.com\/blog\/wp-content\/uploads\/2022\/06\/hamaca_mediana_madera_astigarraga_kit_line-600x757.jpg 600w, https:\/\/astideco.com\/blog\/wp-content\/uploads\/2022\/06\/hamaca_mediana_madera_astigarraga_kit_line-768x969.jpg 768w, https:\/\/astideco.com\/blog\/wp-content\/uploads\/2022\/06\/hamaca_mediana_madera_astigarraga_kit_line-800x1010.jpg 800w, https:\/\/astideco.com\/blog\/wp-content\/uploads\/2022\/06\/hamaca_mediana_madera_astigarraga_kit_line-811x1024.jpg 811w, https:\/\/astideco.com\/blog\/wp-content\/uploads\/2022\/06\/hamaca_mediana_madera_astigarraga_kit_line-1200x1515.jpg 1200w, https:\/\/astideco.com\/blog\/wp-content\/uploads\/2022\/06\/hamaca_mediana_madera_astigarraga_kit_line-1217x1536.jpg 1217w, https:\/\/astideco.com\/blog\/wp-content\/uploads\/2022\/06\/hamaca_mediana_madera_astigarraga_kit_line.jpg 1578w\" data-sizes=\"auto\" data-orig-sizes=\"(max-width: 1200px) 100vw, 1200px\" \/><p id=\"caption-attachment-4119\" class=\"wp-caption-text\"><span>Foto: <a href=\"https:\/\/www.instagram.com\/mihogartienealma\/?hl=es\"><strong>@mihogartienealma<\/strong><\/a>. La hamaca mediana tiene un respaldo regulable en 4 Alturas 57\/53\/48\/33,5 x Ancho 55 x Fondo 103 cm.<\/span><\/p><\/div>\n<p><span>A\u00fan nos quedan m\u00e1s soluciones e ideas. Seguimos empe\u00f1ados en sacar partido a todas las terrazas peque\u00f1as. Para esta idea, solo necesitas un peque\u00f1o rinc\u00f3n exterior para montar una <a href=\"https:\/\/astideco.com\/es\/muebles-de-exterior\/mesa-alta-de-madera-para-4-personas-105x1045x565-cm-ivy-line\"><span><strong>mesa alta de bar<\/strong><\/span><\/a> con <a href=\"https:\/\/astideco.com\/es\/muebles-de-exterior\/taburete-alto-de-madera-maciza-de-pino-75x37x37-cm-ivy-line\"><span><strong>taburetes<\/strong><\/span><\/a>. Bajo un buen toldo, se convertir\u00e1 en un espacio acogedor y desenfadado pero con un toque elegante y natural.\u00a0<\/span><\/p>\n<div id=\"attachment_4120\" style=\"width: 1210px\" class=\"wp-caption alignnone\"><img decoding=\"async\" aria-describedby=\"caption-attachment-4120\" class=\"lazyload wp-image-4120 size-fusion-1200\" src=\"https:\/\/astideco.com\/blog\/wp-content\/uploads\/2022\/06\/mesa_alta_taburetes_terraza_pequena-1200x1600.jpg\" data-orig-src=\"https:\/\/astideco.com\/blog\/wp-content\/uploads\/2022\/06\/mesa_alta_taburetes_terraza_pequena-1200x1600.jpg\" alt=\"\" width=\"1200\" height=\"1600\" srcset=\"data:image\/svg+xml,%3Csvg%20xmlns%3D%27http%3A%2F%2Fwww.w3.org%2F2000%2Fsvg%27%20width%3D%271200%27%20height%3D%271600%27%20viewBox%3D%270%200%201200%201600%27%3E%3Crect%20width%3D%271200%27%20height%3D%271600%27%20fill-opacity%3D%220%22%2F%3E%3C%2Fsvg%3E\" data-srcset=\"https:\/\/astideco.com\/blog\/wp-content\/uploads\/2022\/06\/mesa_alta_taburetes_terraza_pequena-200x267.jpg 200w, https:\/\/astideco.com\/blog\/wp-content\/uploads\/2022\/06\/mesa_alta_taburetes_terraza_pequena-225x300.jpg 225w, https:\/\/astideco.com\/blog\/wp-content\/uploads\/2022\/06\/mesa_alta_taburetes_terraza_pequena-400x533.jpg 400w, https:\/\/astideco.com\/blog\/wp-content\/uploads\/2022\/06\/mesa_alta_taburetes_terraza_pequena-600x800.jpg 600w, https:\/\/astideco.com\/blog\/wp-content\/uploads\/2022\/06\/mesa_alta_taburetes_terraza_pequena-768x1024.jpg 768w, https:\/\/astideco.com\/blog\/wp-content\/uploads\/2022\/06\/mesa_alta_taburetes_terraza_pequena-800x1067.jpg 800w, https:\/\/astideco.com\/blog\/wp-content\/uploads\/2022\/06\/mesa_alta_taburetes_terraza_pequena-1152x1536.jpg 1152w, https:\/\/astideco.com\/blog\/wp-content\/uploads\/2022\/06\/mesa_alta_taburetes_terraza_pequena-1200x1600.jpg 1200w, https:\/\/astideco.com\/blog\/wp-content\/uploads\/2022\/06\/mesa_alta_taburetes_terraza_pequena.jpg 1512w\" data-sizes=\"auto\" data-orig-sizes=\"(max-width: 1200px) 100vw, 1200px\" \/><p id=\"caption-attachment-4120\" class=\"wp-caption-text\"><span>Foto: <a href=\"https:\/\/www.instagram.com\/martahouse_s\/?hl=es\"><strong>@martahouse_s<\/strong><\/a><\/span><\/p><\/div>\n<p><span>Podr\u00edamos seguir pero por hoy ya es suficiente. Que s\u00ed, que te hemos pedido que leas hasta el final porque hay premio en forma de promoci\u00f3n. Y es que puedes disfrutar de un <a href=\"https:\/\/astideco.com\/es\/muebles-de-exterior\"><span><strong>15% de descuento<\/strong><\/span><\/a> en toda la colecci\u00f3n de muebles de exterior IVY Line. Elige el que m\u00e1s te guste y a decorar tu mini terraza con <strong>madera 100% local y sostenible<\/strong>.<\/span><\/p>\n<p><em><span>Gracias por dejarnos decorar tu hogar de manera sostenible.<\/span><\/em><\/p>\n","protected":false},"excerpt":{"rendered":"<p>Tic, tac, tic, tac\u2026 El verano est\u00e1 ya casi encima, apenas quedan d\u00edas. Muchas terrazas estar\u00e1n luciendo ya las mejores galas pero seguro que otras no, y sobre todo, aquellos balcones y terrazas peque\u00f1as que se suelen desaprovechar porque se  [..]<\/p>\n","protected":false},"author":6,"featured_media":4122,"comment_status":"open","ping_status":"open","sticky":false,"template":"","format":"standard","meta":{"footnotes":""},"categories":[644,15],"tags":[464,62,742,724,781,84,787,785,783,779],"class_list":["post-4114","post","type-post","status-publish","format-standard","has-post-thumbnail","hentry","category-ideas-y-consejos","category-producto","tag-astideco","tag-astigarraga-kit-line","tag-hamacas","tag-ivy-line","tag-madera-local","tag-madera-sostenible","tag-muebles-exterior","tag-sillon-madera","tag-sofa-madera","tag-terrazas-pequenas"],"yoast_head":"<!-- This site is optimized with the Yoast SEO plugin v27.0 - https:\/\/yoast.com\/product\/yoast-seo-wordpress\/ -->\n<title>C\u00f3mo decorar terrazas peque\u00f1as con estilo - Astiblog<\/title>\n<meta name=\"description\" content=\"Con el verano casi encima y el sol apretando, hoy os damos ideas sobre c\u00f3mo decorar terrazas peque\u00f1as con estilo y madera local.\" \/>\n<meta name=\"robots\" content=\"index, follow, max-snippet:-1, max-image-preview:large, max-video-preview:-1\" \/>\n<link rel=\"canonical\" href=\"https:\/\/astideco.com\/blog\/como-decorar-terrazas-pequenas-con-estilo\/\" \/>\n<meta property=\"og:locale\" content=\"es_ES\" \/>\n<meta property=\"og:type\" content=\"article\" \/>\n<meta property=\"og:title\" content=\"C\u00f3mo decorar terrazas peque\u00f1as con estilo - Astiblog\" \/>\n<meta property=\"og:description\" content=\"Con el verano casi encima y el sol apretando, hoy os damos ideas sobre c\u00f3mo decorar terrazas peque\u00f1as con estilo y madera local.\" \/>\n<meta property=\"og:url\" content=\"https:\/\/astideco.com\/blog\/como-decorar-terrazas-pequenas-con-estilo\/\" \/>\n<meta property=\"og:site_name\" content=\"Astiblog\" \/>\n<meta property=\"article:published_time\" content=\"2022-06-16T12:34:11+00:00\" \/>\n<meta property=\"article:modified_time\" content=\"2022-06-16T12:40:49+00:00\" \/>\n<meta property=\"og:image\" content=\"https:\/\/astideco.com\/blog\/wp-content\/uploads\/2022\/06\/portada_terrazas_pequenas-1024x811.jpg\" \/>\n\t<meta property=\"og:image:width\" content=\"1024\" \/>\n\t<meta property=\"og:image:height\" content=\"811\" \/>\n\t<meta property=\"og:image:type\" content=\"image\/jpeg\" \/>\n<meta name=\"author\" content=\"Astigarraga Kit Line\" \/>\n<meta name=\"twitter:card\" content=\"summary_large_image\" \/>\n<meta name=\"twitter:label1\" content=\"Escrito por\" \/>\n\t<meta name=\"twitter:data1\" content=\"Astigarraga Kit Line\" \/>\n\t<meta name=\"twitter:label2\" content=\"Tiempo de lectura\" \/>\n\t<meta name=\"twitter:data2\" content=\"5 minutos\" \/>\n<script type=\"application\/ld+json\" class=\"yoast-schema-graph\">{\"@context\":\"https:\/\/schema.org\",\"@graph\":[{\"@type\":\"Article\",\"@id\":\"https:\/\/astideco.com\/blog\/como-decorar-terrazas-pequenas-con-estilo\/#article\",\"isPartOf\":{\"@id\":\"https:\/\/astideco.com\/blog\/como-decorar-terrazas-pequenas-con-estilo\/\"},\"author\":{\"name\":\"Astigarraga Kit Line\",\"@id\":\"https:\/\/astideco.com\/blog\/#\/schema\/person\/13fd236103c4c231352fb09b2b7ac5cf\"},\"headline\":\"C\u00f3mo decorar terrazas peque\u00f1as con estilo\",\"datePublished\":\"2022-06-16T12:34:11+00:00\",\"dateModified\":\"2022-06-16T12:40:49+00:00\",\"mainEntityOfPage\":{\"@id\":\"https:\/\/astideco.com\/blog\/como-decorar-terrazas-pequenas-con-estilo\/\"},\"wordCount\":813,\"commentCount\":0,\"image\":{\"@id\":\"https:\/\/astideco.com\/blog\/como-decorar-terrazas-pequenas-con-estilo\/#primaryimage\"},\"thumbnailUrl\":\"https:\/\/astideco.com\/blog\/wp-content\/uploads\/2022\/06\/portada_terrazas_pequenas-scaled.jpg\",\"keywords\":[\"Astideco\",\"astigarraga kit line\",\"Hamacas\",\"IVY LINE\",\"Madera local\",\"madera sostenible\",\"Muebles exterior\",\"Sill\u00f3n madera\",\"Sof\u00e1 Madera\",\"Terrazas peque\u00f1as\"],\"articleSection\":[\"Ideas y consejos\",\"Producto\"],\"inLanguage\":\"es\",\"potentialAction\":[{\"@type\":\"CommentAction\",\"name\":\"Comment\",\"target\":[\"https:\/\/astideco.com\/blog\/como-decorar-terrazas-pequenas-con-estilo\/#respond\"]}]},{\"@type\":\"WebPage\",\"@id\":\"https:\/\/astideco.com\/blog\/como-decorar-terrazas-pequenas-con-estilo\/\",\"url\":\"https:\/\/astideco.com\/blog\/como-decorar-terrazas-pequenas-con-estilo\/\",\"name\":\"C\u00f3mo decorar terrazas peque\u00f1as con estilo - Astiblog\",\"isPartOf\":{\"@id\":\"https:\/\/astideco.com\/blog\/#website\"},\"primaryImageOfPage\":{\"@id\":\"https:\/\/astideco.com\/blog\/como-decorar-terrazas-pequenas-con-estilo\/#primaryimage\"},\"image\":{\"@id\":\"https:\/\/astideco.com\/blog\/como-decorar-terrazas-pequenas-con-estilo\/#primaryimage\"},\"thumbnailUrl\":\"https:\/\/astideco.com\/blog\/wp-content\/uploads\/2022\/06\/portada_terrazas_pequenas-scaled.jpg\",\"datePublished\":\"2022-06-16T12:34:11+00:00\",\"dateModified\":\"2022-06-16T12:40:49+00:00\",\"author\":{\"@id\":\"https:\/\/astideco.com\/blog\/#\/schema\/person\/13fd236103c4c231352fb09b2b7ac5cf\"},\"description\":\"Con el verano casi encima y el sol apretando, hoy os damos ideas sobre c\u00f3mo decorar terrazas peque\u00f1as con estilo y madera local.\",\"breadcrumb\":{\"@id\":\"https:\/\/astideco.com\/blog\/como-decorar-terrazas-pequenas-con-estilo\/#breadcrumb\"},\"inLanguage\":\"es\",\"potentialAction\":[{\"@type\":\"ReadAction\",\"target\":[\"https:\/\/astideco.com\/blog\/como-decorar-terrazas-pequenas-con-estilo\/\"]}]},{\"@type\":\"ImageObject\",\"inLanguage\":\"es\",\"@id\":\"https:\/\/astideco.com\/blog\/como-decorar-terrazas-pequenas-con-estilo\/#primaryimage\",\"url\":\"https:\/\/astideco.com\/blog\/wp-content\/uploads\/2022\/06\/portada_terrazas_pequenas-scaled.jpg\",\"contentUrl\":\"https:\/\/astideco.com\/blog\/wp-content\/uploads\/2022\/06\/portada_terrazas_pequenas-scaled.jpg\",\"width\":2560,\"height\":2028},{\"@type\":\"BreadcrumbList\",\"@id\":\"https:\/\/astideco.com\/blog\/como-decorar-terrazas-pequenas-con-estilo\/#breadcrumb\",\"itemListElement\":[{\"@type\":\"ListItem\",\"position\":1,\"name\":\"Portada\",\"item\":\"https:\/\/astideco.com\/blog\/\"},{\"@type\":\"ListItem\",\"position\":2,\"name\":\"C\u00f3mo decorar terrazas peque\u00f1as con estilo\"}]},{\"@type\":\"WebSite\",\"@id\":\"https:\/\/astideco.com\/blog\/#website\",\"url\":\"https:\/\/astideco.com\/blog\/\",\"name\":\"Astiblog\",\"description\":\"Blog de Astideco.com\",\"potentialAction\":[{\"@type\":\"SearchAction\",\"target\":{\"@type\":\"EntryPoint\",\"urlTemplate\":\"https:\/\/astideco.com\/blog\/?s={search_term_string}\"},\"query-input\":{\"@type\":\"PropertyValueSpecification\",\"valueRequired\":true,\"valueName\":\"search_term_string\"}}],\"inLanguage\":\"es\"},{\"@type\":\"Person\",\"@id\":\"https:\/\/astideco.com\/blog\/#\/schema\/person\/13fd236103c4c231352fb09b2b7ac5cf\",\"name\":\"Astigarraga Kit Line\"}]}<\/script>\n<!-- \/ Yoast SEO plugin. -->","yoast_head_json":{"title":"C\u00f3mo decorar terrazas peque\u00f1as con estilo - Astiblog","description":"Con el verano casi encima y el sol apretando, hoy os damos ideas sobre c\u00f3mo decorar terrazas peque\u00f1as con estilo y madera local.","robots":{"index":"index","follow":"follow","max-snippet":"max-snippet:-1","max-image-preview":"max-image-preview:large","max-video-preview":"max-video-preview:-1"},"canonical":"https:\/\/astideco.com\/blog\/como-decorar-terrazas-pequenas-con-estilo\/","og_locale":"es_ES","og_type":"article","og_title":"C\u00f3mo decorar terrazas peque\u00f1as con estilo - Astiblog","og_description":"Con el verano casi encima y el sol apretando, hoy os damos ideas sobre c\u00f3mo decorar terrazas peque\u00f1as con estilo y madera local.","og_url":"https:\/\/astideco.com\/blog\/como-decorar-terrazas-pequenas-con-estilo\/","og_site_name":"Astiblog","article_published_time":"2022-06-16T12:34:11+00:00","article_modified_time":"2022-06-16T12:40:49+00:00","og_image":[{"width":1024,"height":811,"url":"https:\/\/astideco.com\/blog\/wp-content\/uploads\/2022\/06\/portada_terrazas_pequenas-1024x811.jpg","type":"image\/jpeg"}],"author":"Astigarraga Kit Line","twitter_card":"summary_large_image","twitter_misc":{"Escrito por":"Astigarraga Kit Line","Tiempo de lectura":"5 minutos"},"schema":{"@context":"https:\/\/schema.org","@graph":[{"@type":"Article","@id":"https:\/\/astideco.com\/blog\/como-decorar-terrazas-pequenas-con-estilo\/#article","isPartOf":{"@id":"https:\/\/astideco.com\/blog\/como-decorar-terrazas-pequenas-con-estilo\/"},"author":{"name":"Astigarraga Kit Line","@id":"https:\/\/astideco.com\/blog\/#\/schema\/person\/13fd236103c4c231352fb09b2b7ac5cf"},"headline":"C\u00f3mo decorar terrazas peque\u00f1as con estilo","datePublished":"2022-06-16T12:34:11+00:00","dateModified":"2022-06-16T12:40:49+00:00","mainEntityOfPage":{"@id":"https:\/\/astideco.com\/blog\/como-decorar-terrazas-pequenas-con-estilo\/"},"wordCount":813,"commentCount":0,"image":{"@id":"https:\/\/astideco.com\/blog\/como-decorar-terrazas-pequenas-con-estilo\/#primaryimage"},"thumbnailUrl":"https:\/\/astideco.com\/blog\/wp-content\/uploads\/2022\/06\/portada_terrazas_pequenas-scaled.jpg","keywords":["Astideco","astigarraga kit line","Hamacas","IVY LINE","Madera local","madera sostenible","Muebles exterior","Sill\u00f3n madera","Sof\u00e1 Madera","Terrazas peque\u00f1as"],"articleSection":["Ideas y consejos","Producto"],"inLanguage":"es","potentialAction":[{"@type":"CommentAction","name":"Comment","target":["https:\/\/astideco.com\/blog\/como-decorar-terrazas-pequenas-con-estilo\/#respond"]}]},{"@type":"WebPage","@id":"https:\/\/astideco.com\/blog\/como-decorar-terrazas-pequenas-con-estilo\/","url":"https:\/\/astideco.com\/blog\/como-decorar-terrazas-pequenas-con-estilo\/","name":"C\u00f3mo decorar terrazas peque\u00f1as con estilo - Astiblog","isPartOf":{"@id":"https:\/\/astideco.com\/blog\/#website"},"primaryImageOfPage":{"@id":"https:\/\/astideco.com\/blog\/como-decorar-terrazas-pequenas-con-estilo\/#primaryimage"},"image":{"@id":"https:\/\/astideco.com\/blog\/como-decorar-terrazas-pequenas-con-estilo\/#primaryimage"},"thumbnailUrl":"https:\/\/astideco.com\/blog\/wp-content\/uploads\/2022\/06\/portada_terrazas_pequenas-scaled.jpg","datePublished":"2022-06-16T12:34:11+00:00","dateModified":"2022-06-16T12:40:49+00:00","author":{"@id":"https:\/\/astideco.com\/blog\/#\/schema\/person\/13fd236103c4c231352fb09b2b7ac5cf"},"description":"Con el verano casi encima y el sol apretando, hoy os damos ideas sobre c\u00f3mo decorar terrazas peque\u00f1as con estilo y madera local.","breadcrumb":{"@id":"https:\/\/astideco.com\/blog\/como-decorar-terrazas-pequenas-con-estilo\/#breadcrumb"},"inLanguage":"es","potentialAction":[{"@type":"ReadAction","target":["https:\/\/astideco.com\/blog\/como-decorar-terrazas-pequenas-con-estilo\/"]}]},{"@type":"ImageObject","inLanguage":"es","@id":"https:\/\/astideco.com\/blog\/como-decorar-terrazas-pequenas-con-estilo\/#primaryimage","url":"https:\/\/astideco.com\/blog\/wp-content\/uploads\/2022\/06\/portada_terrazas_pequenas-scaled.jpg","contentUrl":"https:\/\/astideco.com\/blog\/wp-content\/uploads\/2022\/06\/portada_terrazas_pequenas-scaled.jpg","width":2560,"height":2028},{"@type":"BreadcrumbList","@id":"https:\/\/astideco.com\/blog\/como-decorar-terrazas-pequenas-con-estilo\/#breadcrumb","itemListElement":[{"@type":"ListItem","position":1,"name":"Portada","item":"https:\/\/astideco.com\/blog\/"},{"@type":"ListItem","position":2,"name":"C\u00f3mo decorar terrazas peque\u00f1as con estilo"}]},{"@type":"WebSite","@id":"https:\/\/astideco.com\/blog\/#website","url":"https:\/\/astideco.com\/blog\/","name":"Astiblog","description":"Blog de Astideco.com","potentialAction":[{"@type":"SearchAction","target":{"@type":"EntryPoint","urlTemplate":"https:\/\/astideco.com\/blog\/?s={search_term_string}"},"query-input":{"@type":"PropertyValueSpecification","valueRequired":true,"valueName":"search_term_string"}}],"inLanguage":"es"},{"@type":"Person","@id":"https:\/\/astideco.com\/blog\/#\/schema\/person\/13fd236103c4c231352fb09b2b7ac5cf","name":"Astigarraga Kit Line"}]}},"_links":{"self":[{"href":"https:\/\/astideco.com\/blog\/wp-json\/wp\/v2\/posts\/4114","targetHints":{"allow":["GET"]}}],"collection":[{"href":"https:\/\/astideco.com\/blog\/wp-json\/wp\/v2\/posts"}],"about":[{"href":"https:\/\/astideco.com\/blog\/wp-json\/wp\/v2\/types\/post"}],"author":[{"embeddable":true,"href":"https:\/\/astideco.com\/blog\/wp-json\/wp\/v2\/users\/6"}],"replies":[{"embeddable":true,"href":"https:\/\/astideco.com\/blog\/wp-json\/wp\/v2\/comments?post=4114"}],"version-history":[{"count":4,"href":"https:\/\/astideco.com\/blog\/wp-json\/wp\/v2\/posts\/4114\/revisions"}],"predecessor-version":[{"id":4125,"href":"https:\/\/astideco.com\/blog\/wp-json\/wp\/v2\/posts\/4114\/revisions\/4125"}],"wp:featuredmedia":[{"embeddable":true,"href":"https:\/\/astideco.com\/blog\/wp-json\/wp\/v2\/media\/4122"}],"wp:attachment":[{"href":"https:\/\/astideco.com\/blog\/wp-json\/wp\/v2\/media?parent=4114"}],"wp:term":[{"taxonomy":"category","embeddable":true,"href":"https:\/\/astideco.com\/blog\/wp-json\/wp\/v2\/categories?post=4114"},{"taxonomy":"post_tag","embeddable":true,"href":"https:\/\/astideco.com\/blog\/wp-json\/wp\/v2\/tags?post=4114"}],"curies":[{"name":"wp","href":"https:\/\/api.w.org\/{rel}","templated":true}]}}