{"id":4085,"date":"2022-05-27T16:33:26","date_gmt":"2022-05-27T16:33:26","guid":{"rendered":"https:\/\/astideco.com\/blog\/?p=4085"},"modified":"2022-06-16T11:48:18","modified_gmt":"2022-06-16T11:48:18","slug":"como-montar-un-taller-en-casa","status":"publish","type":"post","link":"https:\/\/astideco.com\/blog\/como-montar-un-taller-en-casa\/","title":{"rendered":"C\u00f3mo montar un taller en casa"},"content":{"rendered":"<p><span>La felicidad est\u00e1 en las peque\u00f1as cosas, en aquellas que nos generan bienestar y hacen que el tiempo vuele sin darnos apenas cuenta. Los hobbies son un buen ejemplo de esas cosas que nos hacen felices. Estar ensimismados haciendo algo que nos entusiasma es una sensaci\u00f3n que nos reconforta: desde coleccionar sellos hasta practicar un deporte o hacer bricolaje. Por eso hoy este post va dedicado a todos esos aficionados a los trabajos manuales de carpinter\u00eda, electricidad u otros m\u00e1s sencillos\u2026 No te pierdas nuestro post de hoy: <strong>\u00bfC\u00f3mo montar un taller en casa?<\/strong><\/span><\/p>\n<p><span>\u00bfQu\u00e9 mejor que disponer de un taller en el hogar o una mini zona donde los bricolovers se sientan como pez en el agua? Puede sonar a utop\u00eda pero no. Adaptar un espacio de la casa donde poder realizar las tareas de bricolaje o manualidades y tener todo al alcance de la mano es m\u00e1s f\u00e1cil de lo que crees y la mejor de las ideas. \u00bfC\u00f3mo?<\/span><\/p>\n<ul>\n<li><span>Primero tendr\u00e1s que tener claro <strong>qu\u00e9 uso<\/strong> le vas a dar.<\/span><\/li>\n<li>Despu\u00e9s, <strong>elegir el espacio<\/strong> m\u00e1s propicio.<\/li>\n<li>Seguidamente, <strong>distribuir<\/strong> la zona de una manera funcional.<\/li>\n<li>Y finalmente, equiparte con las <strong>herramientas necesarias<\/strong> para llevar a cabo esos arreglillos que se necesitan de cuando en cuando.<\/li>\n<\/ul>\n<p><span><img decoding=\"async\" class=\"lazyload alignnone size-fusion-1200 wp-image-4089\" src=\"https:\/\/astideco.com\/blog\/wp-content\/uploads\/2022\/05\/8422341100010_a3-1200x818.jpg\" data-orig-src=\"https:\/\/astideco.com\/blog\/wp-content\/uploads\/2022\/05\/8422341100010_a3-1200x818.jpg\" alt=\"\" width=\"1200\" height=\"818\" srcset=\"data:image\/svg+xml,%3Csvg%20xmlns%3D%27http%3A%2F%2Fwww.w3.org%2F2000%2Fsvg%27%20width%3D%271200%27%20height%3D%27818%27%20viewBox%3D%270%200%201200%20818%27%3E%3Crect%20width%3D%271200%27%20height%3D%27818%27%20fill-opacity%3D%220%22%2F%3E%3C%2Fsvg%3E\" data-srcset=\"https:\/\/astideco.com\/blog\/wp-content\/uploads\/2022\/05\/8422341100010_a3-200x136.jpg 200w, https:\/\/astideco.com\/blog\/wp-content\/uploads\/2022\/05\/8422341100010_a3-300x204.jpg 300w, https:\/\/astideco.com\/blog\/wp-content\/uploads\/2022\/05\/8422341100010_a3-400x273.jpg 400w, https:\/\/astideco.com\/blog\/wp-content\/uploads\/2022\/05\/8422341100010_a3-600x409.jpg 600w, https:\/\/astideco.com\/blog\/wp-content\/uploads\/2022\/05\/8422341100010_a3-768x523.jpg 768w, https:\/\/astideco.com\/blog\/wp-content\/uploads\/2022\/05\/8422341100010_a3-800x545.jpg 800w, https:\/\/astideco.com\/blog\/wp-content\/uploads\/2022\/05\/8422341100010_a3-1024x698.jpg 1024w, https:\/\/astideco.com\/blog\/wp-content\/uploads\/2022\/05\/8422341100010_a3-1200x818.jpg 1200w, https:\/\/astideco.com\/blog\/wp-content\/uploads\/2022\/05\/8422341100010_a3-1536x1047.jpg 1536w\" data-sizes=\"auto\" data-orig-sizes=\"(max-width: 1200px) 100vw, 1200px\" \/><\/span><\/p>\n<p><span>Teniendo esto en cuenta, y si te preguntas: \u00bfqu\u00e9 muebles necesito?, sigue leyendo. Disponer de una zona habilitada de taller har\u00e1 que a\u00fan te guste m\u00e1s el bricolaje o las manualidades.<\/span><\/p>\n<h2><span>Una mesa de trabajo c\u00f3moda<\/span><\/h2>\n<p><span>Lo m\u00e1s importante es disponer de una superficie sobre la que trabajar de manera c\u00f3moda, sea donde sea. Decidas donde decidas instalar tu espacio de bricolaje, la <strong>mesa de trabajo<\/strong> es el primer paso para armar un taller. Y las mesas m\u00e1s pr\u00e1cticas y vers\u00e1tiles son aquellas que est\u00e1n formadas por un <strong>tablero<\/strong> y <strong>dos caballetes<\/strong>. En Astigarraga Kit Line podr\u00e1s encontrar dos l\u00edneas: los <span><strong>caballetes utilitarios<\/strong><\/span> que los puedes encontrar a trav\u00e9s de distribuidores como Leroy Merlin o los <a href=\"https:\/\/astideco.com\/es\/caballetes\"><span><strong>caballetes decorativos<\/strong><\/span><\/a>, que est\u00e1n disponibles en nuestra web.<\/span><\/p>\n<p><span>Los expertos recomiendan que la altura de la mesa se sit\u00fae entre 70 y 90 cm. Si apuestas por los <a href=\"https:\/\/astideco.com\/es\/tableros-de-madera\"><span><strong>tableros de madera maciza<\/strong><\/span><\/a> de Astigarraga Kit Line, la solidez y robustez estar\u00e1n garantizadas. \u00a1Tendr\u00e1 una mesa de trabajo por mucho tiempo!<\/span><\/p>\n<p><img decoding=\"async\" class=\"lazyload alignnone size-fusion-1200 wp-image-4090\" src=\"https:\/\/astideco.com\/blog\/wp-content\/uploads\/2022\/05\/8422341100027_a6-1200x818.jpg\" data-orig-src=\"https:\/\/astideco.com\/blog\/wp-content\/uploads\/2022\/05\/8422341100027_a6-1200x818.jpg\" alt=\"\" width=\"1200\" height=\"818\" srcset=\"data:image\/svg+xml,%3Csvg%20xmlns%3D%27http%3A%2F%2Fwww.w3.org%2F2000%2Fsvg%27%20width%3D%271200%27%20height%3D%27818%27%20viewBox%3D%270%200%201200%20818%27%3E%3Crect%20width%3D%271200%27%20height%3D%27818%27%20fill-opacity%3D%220%22%2F%3E%3C%2Fsvg%3E\" data-srcset=\"https:\/\/astideco.com\/blog\/wp-content\/uploads\/2022\/05\/8422341100027_a6-200x136.jpg 200w, https:\/\/astideco.com\/blog\/wp-content\/uploads\/2022\/05\/8422341100027_a6-300x204.jpg 300w, https:\/\/astideco.com\/blog\/wp-content\/uploads\/2022\/05\/8422341100027_a6-400x273.jpg 400w, https:\/\/astideco.com\/blog\/wp-content\/uploads\/2022\/05\/8422341100027_a6-600x409.jpg 600w, https:\/\/astideco.com\/blog\/wp-content\/uploads\/2022\/05\/8422341100027_a6-768x523.jpg 768w, https:\/\/astideco.com\/blog\/wp-content\/uploads\/2022\/05\/8422341100027_a6-800x545.jpg 800w, https:\/\/astideco.com\/blog\/wp-content\/uploads\/2022\/05\/8422341100027_a6-1024x698.jpg 1024w, https:\/\/astideco.com\/blog\/wp-content\/uploads\/2022\/05\/8422341100027_a6-1200x818.jpg 1200w, https:\/\/astideco.com\/blog\/wp-content\/uploads\/2022\/05\/8422341100027_a6-1536x1047.jpg 1536w\" data-sizes=\"auto\" data-orig-sizes=\"(max-width: 1200px) 100vw, 1200px\" \/><\/p>\n<p><img decoding=\"async\" class=\"lazyload alignnone size-fusion-1200 wp-image-4093\" src=\"https:\/\/astideco.com\/blog\/wp-content\/uploads\/2022\/05\/8422341100010_a4-1200x763.jpg\" data-orig-src=\"https:\/\/astideco.com\/blog\/wp-content\/uploads\/2022\/05\/8422341100010_a4-1200x763.jpg\" alt=\"\" width=\"1200\" height=\"763\" srcset=\"data:image\/svg+xml,%3Csvg%20xmlns%3D%27http%3A%2F%2Fwww.w3.org%2F2000%2Fsvg%27%20width%3D%271200%27%20height%3D%27763%27%20viewBox%3D%270%200%201200%20763%27%3E%3Crect%20width%3D%271200%27%20height%3D%27763%27%20fill-opacity%3D%220%22%2F%3E%3C%2Fsvg%3E\" data-srcset=\"https:\/\/astideco.com\/blog\/wp-content\/uploads\/2022\/05\/8422341100010_a4-200x127.jpg 200w, https:\/\/astideco.com\/blog\/wp-content\/uploads\/2022\/05\/8422341100010_a4-300x191.jpg 300w, https:\/\/astideco.com\/blog\/wp-content\/uploads\/2022\/05\/8422341100010_a4-320x202.jpg 320w, https:\/\/astideco.com\/blog\/wp-content\/uploads\/2022\/05\/8422341100010_a4-400x254.jpg 400w, https:\/\/astideco.com\/blog\/wp-content\/uploads\/2022\/05\/8422341100010_a4-600x382.jpg 600w, https:\/\/astideco.com\/blog\/wp-content\/uploads\/2022\/05\/8422341100010_a4-768x488.jpg 768w, https:\/\/astideco.com\/blog\/wp-content\/uploads\/2022\/05\/8422341100010_a4-800x509.jpg 800w, https:\/\/astideco.com\/blog\/wp-content\/uploads\/2022\/05\/8422341100010_a4-1024x651.jpg 1024w, https:\/\/astideco.com\/blog\/wp-content\/uploads\/2022\/05\/8422341100010_a4-1200x763.jpg 1200w, https:\/\/astideco.com\/blog\/wp-content\/uploads\/2022\/05\/8422341100010_a4-1536x977.jpg 1536w\" data-sizes=\"auto\" data-orig-sizes=\"(max-width: 1200px) 100vw, 1200px\" \/><\/p>\n<h2><span>Coloca organizadores murales<\/span><\/h2>\n<p><span>Las paredes son como lienzos en blanco que hay que pintarlos. En un taller pueden dar mucho juego y hay infinitas soluciones para aprovecharlas y sacar partido. En Astigarraga Kit Line nos gusta aunar la <strong>practicidad<\/strong> y la <strong>est\u00e9tica<\/strong>. Nos encantan las propuestas funcionales pero tambi\u00e9n que sean decorativas. Y eso s\u00ed, siempre con la <strong>madera maciza natural<\/strong> como protagonista.<\/span><\/p>\n<p><span>Puedes colocar estanter\u00edas o baldas, pero hay un <a href=\"https:\/\/astideco.com\/es\/panel-organizador\"><span><strong>organizador mural<\/strong><\/span><\/a> que se llama <strong>Tetris<\/strong> que llamar\u00e1 la atenci\u00f3n por su originalidad. Solamente tienes que fijar los paneles murales a la pared, tantos como espacio dispongas. Y el resto, es muy f\u00e1cil: tienes que elegir entre los diferentes accesorios de la Tetris e ir encaj\u00e1ndolos como si de un puzzle se tratara. Sin herramientas ni nada. Con esta soluci\u00f3n podr\u00e1s tener todas las <strong>herramientas a mano<\/strong>.<\/span><\/p>\n<p><span>Lo han hecho Carmen Saad (<a href=\"https:\/\/www.instagram.com\/garlic.and.co\/\"><strong>@garlic.and.co<\/strong><\/a> en Instagram) y Tamara Nieto, que est\u00e1 detr\u00e1s del perfil de Instagram <a href=\"https:\/\/www.instagram.com\/lacasitademara\/\"><strong>@lacasitademara<\/strong><\/a>. Ambas han utilizado el <strong>organizador mural Tetris<\/strong> en sus talleres ubicados en un <a href=\"https:\/\/astideco.com\/blog\/antes-y-despues-una-nueva-vida-para-un-garaje-caotico\/\"><span><strong>garaje<\/strong><\/span><\/a> y en una <a href=\"https:\/\/astideco.com\/blog\/una-caseta-de-resina-transformada-en-un-taller-coqueto\/\"><span><strong>caseta de resina<\/strong><\/span><\/a> en la terraza.<\/span><\/p>\n<div id=\"attachment_4091\" style=\"width: 1210px\" class=\"wp-caption alignnone\"><img decoding=\"async\" aria-describedby=\"caption-attachment-4091\" class=\"lazyload wp-image-4091\" src=\"https:\/\/astideco.com\/blog\/wp-content\/uploads\/2022\/05\/8422341100027_a7.jpeg\" data-orig-src=\"https:\/\/astideco.com\/blog\/wp-content\/uploads\/2022\/05\/8422341100027_a7.jpeg\" alt=\"\" width=\"1200\" height=\"900\" srcset=\"data:image\/svg+xml,%3Csvg%20xmlns%3D%27http%3A%2F%2Fwww.w3.org%2F2000%2Fsvg%27%20width%3D%271200%27%20height%3D%27900%27%20viewBox%3D%270%200%201200%20900%27%3E%3Crect%20width%3D%271200%27%20height%3D%27900%27%20fill-opacity%3D%220%22%2F%3E%3C%2Fsvg%3E\" data-srcset=\"https:\/\/astideco.com\/blog\/wp-content\/uploads\/2022\/05\/8422341100027_a7-200x150.jpeg 200w, https:\/\/astideco.com\/blog\/wp-content\/uploads\/2022\/05\/8422341100027_a7-300x225.jpeg 300w, https:\/\/astideco.com\/blog\/wp-content\/uploads\/2022\/05\/8422341100027_a7-400x300.jpeg 400w, https:\/\/astideco.com\/blog\/wp-content\/uploads\/2022\/05\/8422341100027_a7-600x450.jpeg 600w, https:\/\/astideco.com\/blog\/wp-content\/uploads\/2022\/05\/8422341100027_a7.jpeg 640w\" data-sizes=\"auto\" data-orig-sizes=\"(max-width: 1200px) 100vw, 1200px\" \/><p id=\"caption-attachment-4091\" class=\"wp-caption-text\">Foto: <a href=\"https:\/\/www.instagram.com\/garlic.and.co\/\"><strong>@garlic.and.co<\/strong><\/a><\/p><\/div>\n<div id=\"attachment_4095\" style=\"width: 1210px\" class=\"wp-caption alignnone\"><img decoding=\"async\" aria-describedby=\"caption-attachment-4095\" class=\"lazyload wp-image-4095 size-fusion-1200\" src=\"https:\/\/astideco.com\/blog\/wp-content\/uploads\/2022\/05\/como_montar_un_taller_en_casa-1200x883.jpg\" data-orig-src=\"https:\/\/astideco.com\/blog\/wp-content\/uploads\/2022\/05\/como_montar_un_taller_en_casa-1200x883.jpg\" alt=\"\" width=\"1200\" height=\"883\" srcset=\"data:image\/svg+xml,%3Csvg%20xmlns%3D%27http%3A%2F%2Fwww.w3.org%2F2000%2Fsvg%27%20width%3D%271200%27%20height%3D%27883%27%20viewBox%3D%270%200%201200%20883%27%3E%3Crect%20width%3D%271200%27%20height%3D%27883%27%20fill-opacity%3D%220%22%2F%3E%3C%2Fsvg%3E\" data-srcset=\"https:\/\/astideco.com\/blog\/wp-content\/uploads\/2022\/05\/como_montar_un_taller_en_casa-200x147.jpg 200w, https:\/\/astideco.com\/blog\/wp-content\/uploads\/2022\/05\/como_montar_un_taller_en_casa-300x221.jpg 300w, https:\/\/astideco.com\/blog\/wp-content\/uploads\/2022\/05\/como_montar_un_taller_en_casa-400x294.jpg 400w, https:\/\/astideco.com\/blog\/wp-content\/uploads\/2022\/05\/como_montar_un_taller_en_casa-600x442.jpg 600w, https:\/\/astideco.com\/blog\/wp-content\/uploads\/2022\/05\/como_montar_un_taller_en_casa-768x565.jpg 768w, https:\/\/astideco.com\/blog\/wp-content\/uploads\/2022\/05\/como_montar_un_taller_en_casa-800x589.jpg 800w, https:\/\/astideco.com\/blog\/wp-content\/uploads\/2022\/05\/como_montar_un_taller_en_casa-1024x754.jpg 1024w, https:\/\/astideco.com\/blog\/wp-content\/uploads\/2022\/05\/como_montar_un_taller_en_casa-1200x883.jpg 1200w, https:\/\/astideco.com\/blog\/wp-content\/uploads\/2022\/05\/como_montar_un_taller_en_casa-1536x1131.jpg 1536w\" data-sizes=\"auto\" data-orig-sizes=\"(max-width: 1200px) 100vw, 1200px\" \/><p id=\"caption-attachment-4095\" class=\"wp-caption-text\">Foto: <strong><a href=\"https:\/\/www.instagram.com\/lacasitademara\/\">@lacasitademara<\/a><\/strong><\/p><\/div>\n<h2><span>No hay taller sin estanter\u00eda<\/span><\/h2>\n<p><span>Las <a href=\"https:\/\/astideco.com\/es\/estanterias\"><span><strong>estanter\u00edas<\/strong><\/span><\/a> son un imprescindible en cualquier estancia, incluido en un taller. Posibilitan un gran espacio de almacenamiento y mucho orden. Es el lugar perfecto para aquellas herramientas que sean m\u00e1s grandes. Por supuesto, siempre recomendamos fijarlas a la pared para asegurar su estabilidad y evitar cualquier accidente.<\/span><\/p>\n<p><span><img decoding=\"async\" class=\"lazyload alignnone wp-image-4094 size-fusion-1200\" src=\"https:\/\/astideco.com\/blog\/wp-content\/uploads\/2022\/05\/8422341100027_a8-1200x1035.jpg\" data-orig-src=\"https:\/\/astideco.com\/blog\/wp-content\/uploads\/2022\/05\/8422341100027_a8-1200x1035.jpg\" alt=\"\" width=\"1200\" height=\"1035\" srcset=\"data:image\/svg+xml,%3Csvg%20xmlns%3D%27http%3A%2F%2Fwww.w3.org%2F2000%2Fsvg%27%20width%3D%271200%27%20height%3D%271035%27%20viewBox%3D%270%200%201200%201035%27%3E%3Crect%20width%3D%271200%27%20height%3D%271035%27%20fill-opacity%3D%220%22%2F%3E%3C%2Fsvg%3E\" data-srcset=\"https:\/\/astideco.com\/blog\/wp-content\/uploads\/2022\/05\/8422341100027_a8-200x173.jpg 200w, https:\/\/astideco.com\/blog\/wp-content\/uploads\/2022\/05\/8422341100027_a8-300x259.jpg 300w, https:\/\/astideco.com\/blog\/wp-content\/uploads\/2022\/05\/8422341100027_a8-400x345.jpg 400w, https:\/\/astideco.com\/blog\/wp-content\/uploads\/2022\/05\/8422341100027_a8-600x518.jpg 600w, https:\/\/astideco.com\/blog\/wp-content\/uploads\/2022\/05\/8422341100027_a8-768x662.jpg 768w, https:\/\/astideco.com\/blog\/wp-content\/uploads\/2022\/05\/8422341100027_a8-800x690.jpg 800w, https:\/\/astideco.com\/blog\/wp-content\/uploads\/2022\/05\/8422341100027_a8-1024x883.jpg 1024w, https:\/\/astideco.com\/blog\/wp-content\/uploads\/2022\/05\/8422341100027_a8-1200x1035.jpg 1200w, https:\/\/astideco.com\/blog\/wp-content\/uploads\/2022\/05\/8422341100027_a8-1536x1325.jpg 1536w\" data-sizes=\"auto\" data-orig-sizes=\"(max-width: 1200px) 100vw, 1200px\" \/><\/span><\/p>\n<h2><span>Un carrito multiusos<\/span><\/h2>\n<p><span>Los carritos son esas piezas vers\u00e1tiles que destacan por su versatilidad. Est\u00e1n pensados para el d\u00eda a d\u00eda, tiene una gran capacidad de espacio y si adem\u00e1s tienen ruedas, los puedes desplazar de un lugar a otro de manera f\u00e1cil y c\u00f3moda. Podr\u00e1s tener los objetos m\u00e1s peque\u00f1os ordenados sin ocupar apenas espacio.<\/span><\/p>\n<div id=\"attachment_4087\" style=\"width: 1210px\" class=\"wp-caption alignnone\"><img decoding=\"async\" aria-describedby=\"caption-attachment-4087\" class=\"lazyload wp-image-4087\" src=\"https:\/\/astideco.com\/blog\/wp-content\/uploads\/2022\/05\/TALLER_14.jpg\" data-orig-src=\"https:\/\/astideco.com\/blog\/wp-content\/uploads\/2022\/05\/TALLER_14.jpg\" alt=\"\" width=\"1200\" height=\"1800\" srcset=\"data:image\/svg+xml,%3Csvg%20xmlns%3D%27http%3A%2F%2Fwww.w3.org%2F2000%2Fsvg%27%20width%3D%271200%27%20height%3D%271800%27%20viewBox%3D%270%200%201200%201800%27%3E%3Crect%20width%3D%271200%27%20height%3D%271800%27%20fill-opacity%3D%220%22%2F%3E%3C%2Fsvg%3E\" data-srcset=\"https:\/\/astideco.com\/blog\/wp-content\/uploads\/2022\/05\/TALLER_14-200x300.jpg 200w, https:\/\/astideco.com\/blog\/wp-content\/uploads\/2022\/05\/TALLER_14-400x600.jpg 400w, https:\/\/astideco.com\/blog\/wp-content\/uploads\/2022\/05\/TALLER_14-600x900.jpg 600w, https:\/\/astideco.com\/blog\/wp-content\/uploads\/2022\/05\/TALLER_14.jpg 650w\" data-sizes=\"auto\" data-orig-sizes=\"(max-width: 1200px) 100vw, 1200px\" \/><p id=\"caption-attachment-4087\" class=\"wp-caption-text\">Foto: <a href=\"https:\/\/www.instagram.com\/homearchilab\/\"><strong>@homearchilab<\/strong><\/a><\/p><\/div>\n<p><span>\u00bfQu\u00e9 os parecen estas ideas sobre <strong>c\u00f3mo montar un taller en casa<\/strong>? Tengas la fortuna de contar con una zona independiente o hagas malabares para transformar un trastero, un s\u00f3tano, un pasillo, una terraza o un segundo ba\u00f1o que no tiene uso en un peque\u00f1o taller, merece la pena dedicarle un espacio que se convierta en tu refugio para hacer bricolaje o manualidades.<\/span><\/p>\n<p><em><span>Gracias por dejarnos decorar tu hogar de manera sostenible.<\/span><\/em><\/p>\n","protected":false},"excerpt":{"rendered":"<p>La felicidad est\u00e1 en las peque\u00f1as cosas, en aquellas que nos generan bienestar y hacen que el tiempo vuele sin darnos apenas cuenta. Los hobbies son un buen ejemplo de esas cosas que nos hacen felices. Estar ensimismados haciendo algo  [..]<\/p>\n","protected":false},"author":6,"featured_media":4088,"comment_status":"open","ping_status":"open","sticky":false,"template":"","format":"standard","meta":{"footnotes":""},"categories":[644,15],"tags":[767,60,54,84,670,769],"class_list":["post-4085","post","type-post","status-publish","format-standard","has-post-thumbnail","hentry","category-ideas-y-consejos","category-producto","tag-asstigarraga-kit-line","tag-astikitline","tag-madera-ecologica","tag-madera-sostenible","tag-muebles-madera","tag-taller-en-casa"],"yoast_head":"<!-- This site is optimized with the Yoast SEO plugin v27.0 - https:\/\/yoast.com\/product\/yoast-seo-wordpress\/ -->\n<title>C\u00f3mo montar un taller en casa - Astiblog<\/title>\n<meta name=\"description\" content=\"Paratodos esos aficionados a los trabajos de carpinter\u00eda, electricidad, manualidades... No os perd\u00e1is \u00bfc\u00f3mo montar un taller en casa?\" \/>\n<meta name=\"robots\" content=\"index, follow, max-snippet:-1, max-image-preview:large, max-video-preview:-1\" \/>\n<link rel=\"canonical\" href=\"https:\/\/astideco.com\/blog\/como-montar-un-taller-en-casa\/\" \/>\n<meta property=\"og:locale\" content=\"es_ES\" \/>\n<meta property=\"og:type\" content=\"article\" \/>\n<meta property=\"og:title\" content=\"C\u00f3mo montar un taller en casa - Astiblog\" \/>\n<meta property=\"og:description\" content=\"Paratodos esos aficionados a los trabajos de carpinter\u00eda, electricidad, manualidades... No os perd\u00e1is \u00bfc\u00f3mo montar un taller en casa?\" \/>\n<meta property=\"og:url\" content=\"https:\/\/astideco.com\/blog\/como-montar-un-taller-en-casa\/\" \/>\n<meta property=\"og:site_name\" content=\"Astiblog\" \/>\n<meta property=\"article:published_time\" content=\"2022-05-27T16:33:26+00:00\" \/>\n<meta property=\"article:modified_time\" content=\"2022-06-16T11:48:18+00:00\" \/>\n<meta property=\"og:image\" content=\"https:\/\/astideco.com\/blog\/wp-content\/uploads\/2022\/05\/8422341100027_a1-1024x768.jpg\" \/>\n\t<meta property=\"og:image:width\" content=\"1024\" \/>\n\t<meta property=\"og:image:height\" content=\"768\" \/>\n\t<meta property=\"og:image:type\" content=\"image\/jpeg\" \/>\n<meta name=\"author\" content=\"Astigarraga Kit Line\" \/>\n<meta name=\"twitter:card\" content=\"summary_large_image\" \/>\n<meta name=\"twitter:label1\" content=\"Escrito por\" \/>\n\t<meta name=\"twitter:data1\" content=\"Astigarraga Kit Line\" \/>\n\t<meta name=\"twitter:label2\" content=\"Tiempo de lectura\" \/>\n\t<meta name=\"twitter:data2\" content=\"5 minutos\" \/>\n<script type=\"application\/ld+json\" class=\"yoast-schema-graph\">{\"@context\":\"https:\/\/schema.org\",\"@graph\":[{\"@type\":\"Article\",\"@id\":\"https:\/\/astideco.com\/blog\/como-montar-un-taller-en-casa\/#article\",\"isPartOf\":{\"@id\":\"https:\/\/astideco.com\/blog\/como-montar-un-taller-en-casa\/\"},\"author\":{\"name\":\"Astigarraga Kit Line\",\"@id\":\"https:\/\/astideco.com\/blog\/#\/schema\/person\/13fd236103c4c231352fb09b2b7ac5cf\"},\"headline\":\"C\u00f3mo montar un taller en casa\",\"datePublished\":\"2022-05-27T16:33:26+00:00\",\"dateModified\":\"2022-06-16T11:48:18+00:00\",\"mainEntityOfPage\":{\"@id\":\"https:\/\/astideco.com\/blog\/como-montar-un-taller-en-casa\/\"},\"wordCount\":822,\"commentCount\":0,\"image\":{\"@id\":\"https:\/\/astideco.com\/blog\/como-montar-un-taller-en-casa\/#primaryimage\"},\"thumbnailUrl\":\"https:\/\/astideco.com\/blog\/wp-content\/uploads\/2022\/05\/8422341100027_a1-scaled.jpg\",\"keywords\":[\"Asstigarraga Kit Line\",\"astikitline\",\"madera ecologica\",\"madera sostenible\",\"Muebles Madera\",\"Taller en Casa\"],\"articleSection\":[\"Ideas y consejos\",\"Producto\"],\"inLanguage\":\"es\",\"potentialAction\":[{\"@type\":\"CommentAction\",\"name\":\"Comment\",\"target\":[\"https:\/\/astideco.com\/blog\/como-montar-un-taller-en-casa\/#respond\"]}]},{\"@type\":\"WebPage\",\"@id\":\"https:\/\/astideco.com\/blog\/como-montar-un-taller-en-casa\/\",\"url\":\"https:\/\/astideco.com\/blog\/como-montar-un-taller-en-casa\/\",\"name\":\"C\u00f3mo montar un taller en casa - Astiblog\",\"isPartOf\":{\"@id\":\"https:\/\/astideco.com\/blog\/#website\"},\"primaryImageOfPage\":{\"@id\":\"https:\/\/astideco.com\/blog\/como-montar-un-taller-en-casa\/#primaryimage\"},\"image\":{\"@id\":\"https:\/\/astideco.com\/blog\/como-montar-un-taller-en-casa\/#primaryimage\"},\"thumbnailUrl\":\"https:\/\/astideco.com\/blog\/wp-content\/uploads\/2022\/05\/8422341100027_a1-scaled.jpg\",\"datePublished\":\"2022-05-27T16:33:26+00:00\",\"dateModified\":\"2022-06-16T11:48:18+00:00\",\"author\":{\"@id\":\"https:\/\/astideco.com\/blog\/#\/schema\/person\/13fd236103c4c231352fb09b2b7ac5cf\"},\"description\":\"Paratodos esos aficionados a los trabajos de carpinter\u00eda, electricidad, manualidades... No os perd\u00e1is \u00bfc\u00f3mo montar un taller en casa?\",\"breadcrumb\":{\"@id\":\"https:\/\/astideco.com\/blog\/como-montar-un-taller-en-casa\/#breadcrumb\"},\"inLanguage\":\"es\",\"potentialAction\":[{\"@type\":\"ReadAction\",\"target\":[\"https:\/\/astideco.com\/blog\/como-montar-un-taller-en-casa\/\"]}]},{\"@type\":\"ImageObject\",\"inLanguage\":\"es\",\"@id\":\"https:\/\/astideco.com\/blog\/como-montar-un-taller-en-casa\/#primaryimage\",\"url\":\"https:\/\/astideco.com\/blog\/wp-content\/uploads\/2022\/05\/8422341100027_a1-scaled.jpg\",\"contentUrl\":\"https:\/\/astideco.com\/blog\/wp-content\/uploads\/2022\/05\/8422341100027_a1-scaled.jpg\",\"width\":2560,\"height\":1920},{\"@type\":\"BreadcrumbList\",\"@id\":\"https:\/\/astideco.com\/blog\/como-montar-un-taller-en-casa\/#breadcrumb\",\"itemListElement\":[{\"@type\":\"ListItem\",\"position\":1,\"name\":\"Portada\",\"item\":\"https:\/\/astideco.com\/blog\/\"},{\"@type\":\"ListItem\",\"position\":2,\"name\":\"C\u00f3mo montar un taller en casa\"}]},{\"@type\":\"WebSite\",\"@id\":\"https:\/\/astideco.com\/blog\/#website\",\"url\":\"https:\/\/astideco.com\/blog\/\",\"name\":\"Astiblog\",\"description\":\"Blog de Astideco.com\",\"potentialAction\":[{\"@type\":\"SearchAction\",\"target\":{\"@type\":\"EntryPoint\",\"urlTemplate\":\"https:\/\/astideco.com\/blog\/?s={search_term_string}\"},\"query-input\":{\"@type\":\"PropertyValueSpecification\",\"valueRequired\":true,\"valueName\":\"search_term_string\"}}],\"inLanguage\":\"es\"},{\"@type\":\"Person\",\"@id\":\"https:\/\/astideco.com\/blog\/#\/schema\/person\/13fd236103c4c231352fb09b2b7ac5cf\",\"name\":\"Astigarraga Kit Line\"}]}<\/script>\n<!-- \/ Yoast SEO plugin. -->","yoast_head_json":{"title":"C\u00f3mo montar un taller en casa - Astiblog","description":"Paratodos esos aficionados a los trabajos de carpinter\u00eda, electricidad, manualidades... No os perd\u00e1is \u00bfc\u00f3mo montar un taller en casa?","robots":{"index":"index","follow":"follow","max-snippet":"max-snippet:-1","max-image-preview":"max-image-preview:large","max-video-preview":"max-video-preview:-1"},"canonical":"https:\/\/astideco.com\/blog\/como-montar-un-taller-en-casa\/","og_locale":"es_ES","og_type":"article","og_title":"C\u00f3mo montar un taller en casa - Astiblog","og_description":"Paratodos esos aficionados a los trabajos de carpinter\u00eda, electricidad, manualidades... No os perd\u00e1is \u00bfc\u00f3mo montar un taller en casa?","og_url":"https:\/\/astideco.com\/blog\/como-montar-un-taller-en-casa\/","og_site_name":"Astiblog","article_published_time":"2022-05-27T16:33:26+00:00","article_modified_time":"2022-06-16T11:48:18+00:00","og_image":[{"width":1024,"height":768,"url":"https:\/\/astideco.com\/blog\/wp-content\/uploads\/2022\/05\/8422341100027_a1-1024x768.jpg","type":"image\/jpeg"}],"author":"Astigarraga Kit Line","twitter_card":"summary_large_image","twitter_misc":{"Escrito por":"Astigarraga Kit Line","Tiempo de lectura":"5 minutos"},"schema":{"@context":"https:\/\/schema.org","@graph":[{"@type":"Article","@id":"https:\/\/astideco.com\/blog\/como-montar-un-taller-en-casa\/#article","isPartOf":{"@id":"https:\/\/astideco.com\/blog\/como-montar-un-taller-en-casa\/"},"author":{"name":"Astigarraga Kit Line","@id":"https:\/\/astideco.com\/blog\/#\/schema\/person\/13fd236103c4c231352fb09b2b7ac5cf"},"headline":"C\u00f3mo montar un taller en casa","datePublished":"2022-05-27T16:33:26+00:00","dateModified":"2022-06-16T11:48:18+00:00","mainEntityOfPage":{"@id":"https:\/\/astideco.com\/blog\/como-montar-un-taller-en-casa\/"},"wordCount":822,"commentCount":0,"image":{"@id":"https:\/\/astideco.com\/blog\/como-montar-un-taller-en-casa\/#primaryimage"},"thumbnailUrl":"https:\/\/astideco.com\/blog\/wp-content\/uploads\/2022\/05\/8422341100027_a1-scaled.jpg","keywords":["Asstigarraga Kit Line","astikitline","madera ecologica","madera sostenible","Muebles Madera","Taller en Casa"],"articleSection":["Ideas y consejos","Producto"],"inLanguage":"es","potentialAction":[{"@type":"CommentAction","name":"Comment","target":["https:\/\/astideco.com\/blog\/como-montar-un-taller-en-casa\/#respond"]}]},{"@type":"WebPage","@id":"https:\/\/astideco.com\/blog\/como-montar-un-taller-en-casa\/","url":"https:\/\/astideco.com\/blog\/como-montar-un-taller-en-casa\/","name":"C\u00f3mo montar un taller en casa - Astiblog","isPartOf":{"@id":"https:\/\/astideco.com\/blog\/#website"},"primaryImageOfPage":{"@id":"https:\/\/astideco.com\/blog\/como-montar-un-taller-en-casa\/#primaryimage"},"image":{"@id":"https:\/\/astideco.com\/blog\/como-montar-un-taller-en-casa\/#primaryimage"},"thumbnailUrl":"https:\/\/astideco.com\/blog\/wp-content\/uploads\/2022\/05\/8422341100027_a1-scaled.jpg","datePublished":"2022-05-27T16:33:26+00:00","dateModified":"2022-06-16T11:48:18+00:00","author":{"@id":"https:\/\/astideco.com\/blog\/#\/schema\/person\/13fd236103c4c231352fb09b2b7ac5cf"},"description":"Paratodos esos aficionados a los trabajos de carpinter\u00eda, electricidad, manualidades... No os perd\u00e1is \u00bfc\u00f3mo montar un taller en casa?","breadcrumb":{"@id":"https:\/\/astideco.com\/blog\/como-montar-un-taller-en-casa\/#breadcrumb"},"inLanguage":"es","potentialAction":[{"@type":"ReadAction","target":["https:\/\/astideco.com\/blog\/como-montar-un-taller-en-casa\/"]}]},{"@type":"ImageObject","inLanguage":"es","@id":"https:\/\/astideco.com\/blog\/como-montar-un-taller-en-casa\/#primaryimage","url":"https:\/\/astideco.com\/blog\/wp-content\/uploads\/2022\/05\/8422341100027_a1-scaled.jpg","contentUrl":"https:\/\/astideco.com\/blog\/wp-content\/uploads\/2022\/05\/8422341100027_a1-scaled.jpg","width":2560,"height":1920},{"@type":"BreadcrumbList","@id":"https:\/\/astideco.com\/blog\/como-montar-un-taller-en-casa\/#breadcrumb","itemListElement":[{"@type":"ListItem","position":1,"name":"Portada","item":"https:\/\/astideco.com\/blog\/"},{"@type":"ListItem","position":2,"name":"C\u00f3mo montar un taller en casa"}]},{"@type":"WebSite","@id":"https:\/\/astideco.com\/blog\/#website","url":"https:\/\/astideco.com\/blog\/","name":"Astiblog","description":"Blog de Astideco.com","potentialAction":[{"@type":"SearchAction","target":{"@type":"EntryPoint","urlTemplate":"https:\/\/astideco.com\/blog\/?s={search_term_string}"},"query-input":{"@type":"PropertyValueSpecification","valueRequired":true,"valueName":"search_term_string"}}],"inLanguage":"es"},{"@type":"Person","@id":"https:\/\/astideco.com\/blog\/#\/schema\/person\/13fd236103c4c231352fb09b2b7ac5cf","name":"Astigarraga Kit Line"}]}},"_links":{"self":[{"href":"https:\/\/astideco.com\/blog\/wp-json\/wp\/v2\/posts\/4085","targetHints":{"allow":["GET"]}}],"collection":[{"href":"https:\/\/astideco.com\/blog\/wp-json\/wp\/v2\/posts"}],"about":[{"href":"https:\/\/astideco.com\/blog\/wp-json\/wp\/v2\/types\/post"}],"author":[{"embeddable":true,"href":"https:\/\/astideco.com\/blog\/wp-json\/wp\/v2\/users\/6"}],"replies":[{"embeddable":true,"href":"https:\/\/astideco.com\/blog\/wp-json\/wp\/v2\/comments?post=4085"}],"version-history":[{"count":4,"href":"https:\/\/astideco.com\/blog\/wp-json\/wp\/v2\/posts\/4085\/revisions"}],"predecessor-version":[{"id":4098,"href":"https:\/\/astideco.com\/blog\/wp-json\/wp\/v2\/posts\/4085\/revisions\/4098"}],"wp:featuredmedia":[{"embeddable":true,"href":"https:\/\/astideco.com\/blog\/wp-json\/wp\/v2\/media\/4088"}],"wp:attachment":[{"href":"https:\/\/astideco.com\/blog\/wp-json\/wp\/v2\/media?parent=4085"}],"wp:term":[{"taxonomy":"category","embeddable":true,"href":"https:\/\/astideco.com\/blog\/wp-json\/wp\/v2\/categories?post=4085"},{"taxonomy":"post_tag","embeddable":true,"href":"https:\/\/astideco.com\/blog\/wp-json\/wp\/v2\/tags?post=4085"}],"curies":[{"name":"wp","href":"https:\/\/api.w.org\/{rel}","templated":true}]}}