{"id":4054,"date":"2022-05-17T07:40:25","date_gmt":"2022-05-17T07:40:25","guid":{"rendered":"https:\/\/astideco.com\/blog\/?p=4054"},"modified":"2022-06-16T11:47:28","modified_gmt":"2022-06-16T11:47:28","slug":"ideas-para-crear-un-rincon-de-paz-en-casa","status":"publish","type":"post","link":"https:\/\/astideco.com\/blog\/ideas-para-crear-un-rincon-de-paz-en-casa\/","title":{"rendered":"Ideas para crear un rinc\u00f3n de paz en casa"},"content":{"rendered":"<p><span>El mejor favor que podemos hacer es dedicarnos unos minutos al d\u00eda a nosotros mismos. Por lo general, el ritmo de vida que llevamos es fuerte, casi siempre lleno de deberes y obligaciones. De aqu\u00ed para all\u00e1, vivimos a una velocidad que muchas veces acabamos poni\u00e9ndonos en \u00faltimo lugar. Hoy queremos atraer solo tranquilidad y paz mental. Por eso os vamos a mostrar <strong>ideas relajantes para crear un rinc\u00f3n de paz en casa<\/strong>, un espacio donde puedas borrar de un plumazo los problemas del d\u00eda a d\u00eda.<\/span><\/p>\n<h2><span>Ideas para crear y decorar un rinc\u00f3n c\u00e1lido<\/span><\/h2>\n<p><span>Ese momento en el que llegas a casa, te pones c\u00f3modo, eliges un libro y te sientas a leer, no tiene precio. Cuando ya se tiene todo hecho o medio hecho, porque siempre hay algo que hacer, es el momento de disfrutar de un buen libro, sin interrupciones. Busca ese espacio en el que puedas crear un rinc\u00f3n con un sencillo sill\u00f3n, textiles de colores neutros y madera. Siempre que puedas, <strong>madera maciza natural<\/strong>. Porque ya habr\u00e1s recorrido la mitad del camino para lograr ese ambiente c\u00e1lido necesario para alcanzar la calma y la serenidad.<\/span><\/p>\n<div id=\"attachment_4055\" style=\"width: 1210px\" class=\"wp-caption alignnone\"><img decoding=\"async\" aria-describedby=\"caption-attachment-4055\" class=\"lazyload wp-image-4055 size-fusion-1200\" src=\"https:\/\/astideco.com\/blog\/wp-content\/uploads\/2022\/05\/astideco-1_quadrat-1200x1200.jpg\" data-orig-src=\"https:\/\/astideco.com\/blog\/wp-content\/uploads\/2022\/05\/astideco-1_quadrat-1200x1200.jpg\" alt=\"\" width=\"1200\" height=\"1200\" srcset=\"data:image\/svg+xml,%3Csvg%20xmlns%3D%27http%3A%2F%2Fwww.w3.org%2F2000%2Fsvg%27%20width%3D%271200%27%20height%3D%271200%27%20viewBox%3D%270%200%201200%201200%27%3E%3Crect%20width%3D%271200%27%20height%3D%271200%27%20fill-opacity%3D%220%22%2F%3E%3C%2Fsvg%3E\" data-srcset=\"https:\/\/astideco.com\/blog\/wp-content\/uploads\/2022\/05\/astideco-1_quadrat-66x66.jpg 66w, https:\/\/astideco.com\/blog\/wp-content\/uploads\/2022\/05\/astideco-1_quadrat-150x150.jpg 150w, https:\/\/astideco.com\/blog\/wp-content\/uploads\/2022\/05\/astideco-1_quadrat-200x200.jpg 200w, https:\/\/astideco.com\/blog\/wp-content\/uploads\/2022\/05\/astideco-1_quadrat-300x300.jpg 300w, https:\/\/astideco.com\/blog\/wp-content\/uploads\/2022\/05\/astideco-1_quadrat-400x400.jpg 400w, https:\/\/astideco.com\/blog\/wp-content\/uploads\/2022\/05\/astideco-1_quadrat-600x600.jpg 600w, https:\/\/astideco.com\/blog\/wp-content\/uploads\/2022\/05\/astideco-1_quadrat-768x768.jpg 768w, https:\/\/astideco.com\/blog\/wp-content\/uploads\/2022\/05\/astideco-1_quadrat-800x800.jpg 800w, https:\/\/astideco.com\/blog\/wp-content\/uploads\/2022\/05\/astideco-1_quadrat-1024x1024.jpg 1024w, https:\/\/astideco.com\/blog\/wp-content\/uploads\/2022\/05\/astideco-1_quadrat-1200x1200.jpg 1200w, https:\/\/astideco.com\/blog\/wp-content\/uploads\/2022\/05\/astideco-1_quadrat-1536x1536.jpg 1536w\" data-sizes=\"auto\" data-orig-sizes=\"(max-width: 1200px) 100vw, 1200px\" \/><p id=\"caption-attachment-4055\" class=\"wp-caption-text\"><span>El puff, el coj\u00edn y la manta son de <a href=\"https:\/\/www.benuta.es\/?gclid=Cj0KCQjw1N2TBhCOARIsAGVHQc5cL-a0VJXU1VUgHivhal97PqmbzMKmgQeEJxOgPri2GzW22NMCY4QaAuvJEALw_wcB\"><span><strong>Benuta<\/strong><\/span><\/a>. Las <a href=\"https:\/\/astideco.com\/es\/estanterias-librerias\"><span><strong>estanter\u00edas de madera natural<\/strong><\/span><\/a> son de la colecci\u00f3n Gala de Astigarraga Kit Line.<\/span><\/p><\/div>\n<h2><span>Un espacio sagrado donde respirar paz<\/span><\/h2>\n<p><span>No siempre es posible; de hecho, muchas veces no lo es contar con un balc\u00f3n, terraza o jard\u00edn. Pero para el que lo tiene, es seguro el espacio de mayor felicidad y paz de todo el hogar. Un rinc\u00f3n sagrado en el que poder tomar el sol, disfrutar de un aperitivo, hacer meditaci\u00f3n, leer un libro o respirar paz. Paredes blancas, una piscina, verde, mucho verde; y madera, mucha madera.<\/span><\/p>\n<div id=\"attachment_4056\" style=\"width: 1210px\" class=\"wp-caption alignnone\"><img decoding=\"async\" aria-describedby=\"caption-attachment-4056\" class=\"lazyload wp-image-4056 size-fusion-1200\" src=\"https:\/\/astideco.com\/blog\/wp-content\/uploads\/2022\/05\/hamacas_madera_astigarraga_kit_line-1200x1062.jpg\" data-orig-src=\"https:\/\/astideco.com\/blog\/wp-content\/uploads\/2022\/05\/hamacas_madera_astigarraga_kit_line-1200x1062.jpg\" alt=\"\" width=\"1200\" height=\"1062\" srcset=\"data:image\/svg+xml,%3Csvg%20xmlns%3D%27http%3A%2F%2Fwww.w3.org%2F2000%2Fsvg%27%20width%3D%271200%27%20height%3D%271062%27%20viewBox%3D%270%200%201200%201062%27%3E%3Crect%20width%3D%271200%27%20height%3D%271062%27%20fill-opacity%3D%220%22%2F%3E%3C%2Fsvg%3E\" data-srcset=\"https:\/\/astideco.com\/blog\/wp-content\/uploads\/2022\/05\/hamacas_madera_astigarraga_kit_line-200x177.jpg 200w, https:\/\/astideco.com\/blog\/wp-content\/uploads\/2022\/05\/hamacas_madera_astigarraga_kit_line-300x265.jpg 300w, https:\/\/astideco.com\/blog\/wp-content\/uploads\/2022\/05\/hamacas_madera_astigarraga_kit_line-400x354.jpg 400w, https:\/\/astideco.com\/blog\/wp-content\/uploads\/2022\/05\/hamacas_madera_astigarraga_kit_line-600x531.jpg 600w, https:\/\/astideco.com\/blog\/wp-content\/uploads\/2022\/05\/hamacas_madera_astigarraga_kit_line-768x679.jpg 768w, https:\/\/astideco.com\/blog\/wp-content\/uploads\/2022\/05\/hamacas_madera_astigarraga_kit_line-800x708.jpg 800w, https:\/\/astideco.com\/blog\/wp-content\/uploads\/2022\/05\/hamacas_madera_astigarraga_kit_line-1024x906.jpg 1024w, https:\/\/astideco.com\/blog\/wp-content\/uploads\/2022\/05\/hamacas_madera_astigarraga_kit_line-1200x1062.jpg 1200w, https:\/\/astideco.com\/blog\/wp-content\/uploads\/2022\/05\/hamacas_madera_astigarraga_kit_line.jpg 1284w\" data-sizes=\"auto\" data-orig-sizes=\"(max-width: 1200px) 100vw, 1200px\" \/><p id=\"caption-attachment-4056\" class=\"wp-caption-text\"><span>Las <a href=\"https:\/\/astideco.com\/es\/busqueda?controller=search&amp;s=hamacas\"><span><strong>hamacas de madera<\/strong><\/span><\/a> sostenible de Astigarraga Kit Line est\u00e1n disponibles en tres medidas. Foto: <a href=\"https:\/\/www.instagram.com\/m2_decoracion\/?hl=es\"><strong>@m2_decoracion<\/strong><\/a><\/span><\/p><\/div>\n<h2><span>Rod\u00e9ate de madera natural<\/span><\/h2>\n<p><span>Unos buscan su refugio particular en la lectura; otros quiz\u00e1s en la m\u00fasica; los hay quien en una buena serie o pel\u00edcula y tambi\u00e9n a quienes las manualidades le relajan hasta tal punto de que las horas se convierten en minutos. Pintar, tejer, el lettering o hacer bisuter\u00eda son actividades que requieren concentraci\u00f3n y una buena dosis de creatividad, lo que lleva a relajar la mente y evadirte de los problemas diarios.\u00a0<\/span><\/p>\n<p><span>Si todas estas cosas nos generan bienestar, \u00bfpor qu\u00e9 no dedicarle un rinc\u00f3n en el hogar para llevar a cabo estos hobbies en un ambiente agradable envuelto de madera natural? Con el <a href=\"https:\/\/astideco.com\/es\/estanteria-modular-pared-wally\"><span><strong>sistema de estanter\u00edas cremallera Wally<\/strong><\/span><\/a> podr\u00e1s crear una mesa de trabajo o estudio tan espectacular como \u00e9sta. Solo necesitas una pared y 80 cm de ancho.<\/span><\/p>\n<div id=\"attachment_4057\" style=\"width: 1210px\" class=\"wp-caption alignnone\"><img decoding=\"async\" aria-describedby=\"caption-attachment-4057\" class=\"lazyload wp-image-4057 size-fusion-1200\" src=\"https:\/\/astideco.com\/blog\/wp-content\/uploads\/2022\/05\/ASTIKITLINE-WALLY-MARHOMEDECO-6-1200x1800.jpg\" data-orig-src=\"https:\/\/astideco.com\/blog\/wp-content\/uploads\/2022\/05\/ASTIKITLINE-WALLY-MARHOMEDECO-6-1200x1800.jpg\" alt=\"\" width=\"1200\" height=\"1800\" srcset=\"data:image\/svg+xml,%3Csvg%20xmlns%3D%27http%3A%2F%2Fwww.w3.org%2F2000%2Fsvg%27%20width%3D%271200%27%20height%3D%271800%27%20viewBox%3D%270%200%201200%201800%27%3E%3Crect%20width%3D%271200%27%20height%3D%271800%27%20fill-opacity%3D%220%22%2F%3E%3C%2Fsvg%3E\" data-srcset=\"https:\/\/astideco.com\/blog\/wp-content\/uploads\/2022\/05\/ASTIKITLINE-WALLY-MARHOMEDECO-6-200x300.jpg 200w, https:\/\/astideco.com\/blog\/wp-content\/uploads\/2022\/05\/ASTIKITLINE-WALLY-MARHOMEDECO-6-400x600.jpg 400w, https:\/\/astideco.com\/blog\/wp-content\/uploads\/2022\/05\/ASTIKITLINE-WALLY-MARHOMEDECO-6-600x900.jpg 600w, https:\/\/astideco.com\/blog\/wp-content\/uploads\/2022\/05\/ASTIKITLINE-WALLY-MARHOMEDECO-6-683x1024.jpg 683w, https:\/\/astideco.com\/blog\/wp-content\/uploads\/2022\/05\/ASTIKITLINE-WALLY-MARHOMEDECO-6-768x1152.jpg 768w, https:\/\/astideco.com\/blog\/wp-content\/uploads\/2022\/05\/ASTIKITLINE-WALLY-MARHOMEDECO-6-800x1200.jpg 800w, https:\/\/astideco.com\/blog\/wp-content\/uploads\/2022\/05\/ASTIKITLINE-WALLY-MARHOMEDECO-6-1024x1536.jpg 1024w, https:\/\/astideco.com\/blog\/wp-content\/uploads\/2022\/05\/ASTIKITLINE-WALLY-MARHOMEDECO-6-1200x1800.jpg 1200w, https:\/\/astideco.com\/blog\/wp-content\/uploads\/2022\/05\/ASTIKITLINE-WALLY-MARHOMEDECO-6-1365x2048.jpg 1365w, https:\/\/astideco.com\/blog\/wp-content\/uploads\/2022\/05\/ASTIKITLINE-WALLY-MARHOMEDECO-6-scaled.jpg 1707w\" data-sizes=\"auto\" data-orig-sizes=\"(max-width: 1200px) 100vw, 1200px\" \/><p id=\"caption-attachment-4057\" class=\"wp-caption-text\"><span>Esta mesa est\u00e1 realizada con dos <a href=\"https:\/\/astideco.com\/es\/estanteria-modular-pared-wally\/soporte-cremallera-para-estanteria-modular-de-pared-wally\"><span><strong>perfiles cremallera<\/strong><\/span><\/a>, a los que ha a\u00f1adido dos accesorios: la <a href=\"https:\/\/astideco.com\/es\/estanteria-modular-pared-wally\/mesa-de-trabajo-80x50-cm-para-estanteria-modular-de-pared-wally\"><span><strong>mesa de 80&#215;50 cm<\/strong><\/span><\/a> y las <a href=\"https:\/\/astideco.com\/es\/estanteria-modular-pared-wally\/estante-80x25-cm-para-estanteria-modular-de-pared-wally\"><span><strong>estanter\u00edas de 80&#215;25 cm<\/strong><\/span><\/a>. Foto: <a href=\"https:\/\/www.instagram.com\/marhomedeco\/?hl=es\"><strong>@marhomedeco<\/strong><\/a><\/span><\/p><\/div>\n<h2><span>Un espacio para conversar<\/span><\/h2>\n<p><span>Estar en silencio o disfrutar de una conversaci\u00f3n con tu familia o amigos son cosas que generan bienestar. Otra idea para imaginar un rinc\u00f3n de paz en casa es crear un espacio en el que evadirse de todo y alejarnos de ese artilugio que consultamos peri\u00f3dicamente para mirar al whatsapp, instagram o las \u00faltimas noticias. <\/span><span>Somos fans de los ratos de desconexi\u00f3n y de los momentos de conexi\u00f3n con uno mismo y con los tuyos.<\/span><\/p>\n<div id=\"attachment_4058\" style=\"width: 1210px\" class=\"wp-caption alignnone\"><img decoding=\"async\" aria-describedby=\"caption-attachment-4058\" class=\"lazyload wp-image-4058 size-fusion-1200\" src=\"https:\/\/astideco.com\/blog\/wp-content\/uploads\/2022\/05\/mesa_sillon_madera_maciza_terraza-1200x1600.jpg\" data-orig-src=\"https:\/\/astideco.com\/blog\/wp-content\/uploads\/2022\/05\/mesa_sillon_madera_maciza_terraza-1200x1600.jpg\" alt=\"\" width=\"1200\" height=\"1600\" srcset=\"data:image\/svg+xml,%3Csvg%20xmlns%3D%27http%3A%2F%2Fwww.w3.org%2F2000%2Fsvg%27%20width%3D%271200%27%20height%3D%271600%27%20viewBox%3D%270%200%201200%201600%27%3E%3Crect%20width%3D%271200%27%20height%3D%271600%27%20fill-opacity%3D%220%22%2F%3E%3C%2Fsvg%3E\" data-srcset=\"https:\/\/astideco.com\/blog\/wp-content\/uploads\/2022\/05\/mesa_sillon_madera_maciza_terraza-200x267.jpg 200w, https:\/\/astideco.com\/blog\/wp-content\/uploads\/2022\/05\/mesa_sillon_madera_maciza_terraza-225x300.jpg 225w, https:\/\/astideco.com\/blog\/wp-content\/uploads\/2022\/05\/mesa_sillon_madera_maciza_terraza-400x533.jpg 400w, https:\/\/astideco.com\/blog\/wp-content\/uploads\/2022\/05\/mesa_sillon_madera_maciza_terraza-600x800.jpg 600w, https:\/\/astideco.com\/blog\/wp-content\/uploads\/2022\/05\/mesa_sillon_madera_maciza_terraza-768x1024.jpg 768w, https:\/\/astideco.com\/blog\/wp-content\/uploads\/2022\/05\/mesa_sillon_madera_maciza_terraza-800x1067.jpg 800w, https:\/\/astideco.com\/blog\/wp-content\/uploads\/2022\/05\/mesa_sillon_madera_maciza_terraza-1152x1536.jpg 1152w, https:\/\/astideco.com\/blog\/wp-content\/uploads\/2022\/05\/mesa_sillon_madera_maciza_terraza-1200x1600.jpg 1200w, https:\/\/astideco.com\/blog\/wp-content\/uploads\/2022\/05\/mesa_sillon_madera_maciza_terraza.jpg 1284w\" data-sizes=\"auto\" data-orig-sizes=\"(max-width: 1200px) 100vw, 1200px\" \/><p id=\"caption-attachment-4058\" class=\"wp-caption-text\"><span>Los sillones y la mesa est\u00e1n fabricados en madera maciza natural de pino y pertenecen a la <a href=\"https:\/\/astideco.com\/es\/muebles-de-exterior\"><span><strong>colecci\u00f3n de exterior IVY Line<\/strong><\/span><\/a>. Foto: <a href=\"https:\/\/www.instagram.com\/m2_decoracion\/?hl=es\"><strong>@m2_decoracion<\/strong><\/a><\/span><\/p><\/div>\n<h2><span>Un refugio para olvidarte de la rutina<\/span><\/h2>\n<p><span>De casa al trabajo y del trabajo a casa. As\u00ed vivimos muchas veces. Por eso, los hobbies abstraen y mantienen la mente ocupada, reduce el estr\u00e9s y te devuelven la alegr\u00eda de vivir. Tamara Nieto, que est\u00e1 detr\u00e1s del perfil de instagram @lacasitademara, cre\u00f3 su particular refugio dentro de su hogar gracias a una caseta de la que puede disfrutar en su terraza. All\u00ed recre\u00f3 un universo particular donde disfrutar de una de sus grandes pasiones: las plantas.\u00a0<\/span><\/p>\n<div id=\"attachment_4059\" style=\"width: 1210px\" class=\"wp-caption alignnone\"><img decoding=\"async\" aria-describedby=\"caption-attachment-4059\" class=\"lazyload wp-image-4059 size-fusion-1200\" src=\"https:\/\/astideco.com\/blog\/wp-content\/uploads\/2022\/05\/image00001-1200x800.jpeg\" data-orig-src=\"https:\/\/astideco.com\/blog\/wp-content\/uploads\/2022\/05\/image00001-1200x800.jpeg\" alt=\"\" width=\"1200\" height=\"800\" srcset=\"data:image\/svg+xml,%3Csvg%20xmlns%3D%27http%3A%2F%2Fwww.w3.org%2F2000%2Fsvg%27%20width%3D%271200%27%20height%3D%27800%27%20viewBox%3D%270%200%201200%20800%27%3E%3Crect%20width%3D%271200%27%20height%3D%27800%27%20fill-opacity%3D%220%22%2F%3E%3C%2Fsvg%3E\" data-srcset=\"https:\/\/astideco.com\/blog\/wp-content\/uploads\/2022\/05\/image00001-200x133.jpeg 200w, https:\/\/astideco.com\/blog\/wp-content\/uploads\/2022\/05\/image00001-300x200.jpeg 300w, https:\/\/astideco.com\/blog\/wp-content\/uploads\/2022\/05\/image00001-400x267.jpeg 400w, https:\/\/astideco.com\/blog\/wp-content\/uploads\/2022\/05\/image00001-600x400.jpeg 600w, https:\/\/astideco.com\/blog\/wp-content\/uploads\/2022\/05\/image00001-768x512.jpeg 768w, https:\/\/astideco.com\/blog\/wp-content\/uploads\/2022\/05\/image00001-800x533.jpeg 800w, https:\/\/astideco.com\/blog\/wp-content\/uploads\/2022\/05\/image00001-1024x683.jpeg 1024w, https:\/\/astideco.com\/blog\/wp-content\/uploads\/2022\/05\/image00001-1200x800.jpeg 1200w, https:\/\/astideco.com\/blog\/wp-content\/uploads\/2022\/05\/image00001-1536x1024.jpeg 1536w\" data-sizes=\"auto\" data-orig-sizes=\"(max-width: 1200px) 100vw, 1200px\" \/><p id=\"caption-attachment-4059\" class=\"wp-caption-text\"><span>Todos los muebles de madera de pino los puedes encontrar en nuestra web <a href=\"https:\/\/astideco.com\/es\/\"><span><strong>www.astideco.com<\/strong><\/span><\/a>. Foto: @<a href=\"https:\/\/www.instagram.com\/lacasitademara\/?hl=es\"><strong>lacasitademara<\/strong><\/a><\/span><\/p><\/div>\n<h2><span>Un ambiente distendido<\/span><\/h2>\n<p><span>A modo de bar, las mesas y taburetes altos, son una soluci\u00f3n perfecta para decorar de manera m\u00e1s desenfadada un hogar, en un rinc\u00f3n de la cocina o el sal\u00f3n o en una terraza o jard\u00edn. Los aliados perfectos para crear un ambiente distendido en el que poder relajarse, empezar el d\u00eda con un buen desayuno o terminar la jornada saboreando una copa de vino.\u00a0<\/span><\/p>\n<div id=\"attachment_4061\" style=\"width: 1210px\" class=\"wp-caption alignnone\"><img decoding=\"async\" aria-describedby=\"caption-attachment-4061\" class=\"lazyload wp-image-4061 size-fusion-1200\" src=\"https:\/\/astideco.com\/blog\/wp-content\/uploads\/2022\/05\/mesa_alta_taburetes_madera-1200x868.jpg\" data-orig-src=\"https:\/\/astideco.com\/blog\/wp-content\/uploads\/2022\/05\/mesa_alta_taburetes_madera-1200x868.jpg\" alt=\"\" width=\"1200\" height=\"868\" srcset=\"data:image\/svg+xml,%3Csvg%20xmlns%3D%27http%3A%2F%2Fwww.w3.org%2F2000%2Fsvg%27%20width%3D%271200%27%20height%3D%27868%27%20viewBox%3D%270%200%201200%20868%27%3E%3Crect%20width%3D%271200%27%20height%3D%27868%27%20fill-opacity%3D%220%22%2F%3E%3C%2Fsvg%3E\" data-srcset=\"https:\/\/astideco.com\/blog\/wp-content\/uploads\/2022\/05\/mesa_alta_taburetes_madera-200x145.jpg 200w, https:\/\/astideco.com\/blog\/wp-content\/uploads\/2022\/05\/mesa_alta_taburetes_madera-300x217.jpg 300w, https:\/\/astideco.com\/blog\/wp-content\/uploads\/2022\/05\/mesa_alta_taburetes_madera-400x289.jpg 400w, https:\/\/astideco.com\/blog\/wp-content\/uploads\/2022\/05\/mesa_alta_taburetes_madera-600x434.jpg 600w, https:\/\/astideco.com\/blog\/wp-content\/uploads\/2022\/05\/mesa_alta_taburetes_madera-768x555.jpg 768w, https:\/\/astideco.com\/blog\/wp-content\/uploads\/2022\/05\/mesa_alta_taburetes_madera-800x578.jpg 800w, https:\/\/astideco.com\/blog\/wp-content\/uploads\/2022\/05\/mesa_alta_taburetes_madera-1024x740.jpg 1024w, https:\/\/astideco.com\/blog\/wp-content\/uploads\/2022\/05\/mesa_alta_taburetes_madera-1200x868.jpg 1200w, https:\/\/astideco.com\/blog\/wp-content\/uploads\/2022\/05\/mesa_alta_taburetes_madera-1536x1111.jpg 1536w\" data-sizes=\"auto\" data-orig-sizes=\"(max-width: 1200px) 100vw, 1200px\" \/><p id=\"caption-attachment-4061\" class=\"wp-caption-text\"><span>La <a href=\"https:\/\/astideco.com\/es\/muebles-de-exterior\/mesa-alta-de-madera-para-4-personas-105x1045x565-cm-ivy-line\"><span><strong>mesa alta<\/strong><\/span><\/a> y los <a href=\"https:\/\/astideco.com\/es\/muebles-de-exterior\/taburete-alto-de-madera-maciza-de-pino-75x37x37-cm-ivy-line\"><span><strong>taburetes<\/strong><\/span><\/a> se pueden adquirir por separado o en conjunto. Foto: <a href=\"https:\/\/www.instagram.com\/martahouse_s\/?hl=es\"><strong>@martahouse_s<\/strong><\/a><\/span><\/p><\/div>\n<p><span>\u00bfQu\u00e9 te parecen estas <strong>ideas para crear un rinc\u00f3n de paz en casa<\/strong>? Seguro que a ti se te ocurren otras. \u00a1D\u00e9jalas en comentarios! Cu\u00e1nta m\u00e1s ideas, mejor crearemos espacios destinados a respirar paz y serenidad, universos que se conviertan en refugios relajantes donde cultivar la calma.\u00a0<\/span><\/p>\n<p><em><span>Gracias por dejarnos decorar tu hogar de manera sostenible.<\/span><\/em><\/p>\n","protected":false},"excerpt":{"rendered":"<p>El mejor favor que podemos hacer es dedicarnos unos minutos al d\u00eda a nosotros mismos. Por lo general, el ritmo de vida que llevamos es fuerte, casi siempre lleno de deberes y obligaciones. De aqu\u00ed para all\u00e1, vivimos a una  [..]<\/p>\n","protected":false},"author":6,"featured_media":4062,"comment_status":"open","ping_status":"open","sticky":false,"template":"","format":"standard","meta":{"footnotes":""},"categories":[644],"tags":[62,60,764,84,762,746],"class_list":["post-4054","post","type-post","status-publish","format-standard","has-post-thumbnail","hentry","category-ideas-y-consejos","tag-astigarraga-kit-line","tag-astikitline","tag-espacios-calidos-hogar","tag-madera-sostenible","tag-rincones-paz","tag-terraza"],"yoast_head":"<!-- This site is optimized with the Yoast SEO plugin v27.0 - https:\/\/yoast.com\/product\/yoast-seo-wordpress\/ -->\n<title>Ideas para crear un rinc\u00f3n de paz en casa - Astiblog<\/title>\n<meta name=\"description\" content=\"Hoy queremos atraer solo tranquilidad y paz mental. Por eso os vamos a mostrar ideas relajantes para crear un rinc\u00f3n de paz en casa.\" \/>\n<meta name=\"robots\" content=\"index, follow, max-snippet:-1, max-image-preview:large, max-video-preview:-1\" \/>\n<link rel=\"canonical\" href=\"https:\/\/astideco.com\/blog\/ideas-para-crear-un-rincon-de-paz-en-casa\/\" \/>\n<meta property=\"og:locale\" content=\"es_ES\" \/>\n<meta property=\"og:type\" content=\"article\" \/>\n<meta property=\"og:title\" content=\"Ideas para crear un rinc\u00f3n de paz en casa - Astiblog\" \/>\n<meta property=\"og:description\" content=\"Hoy queremos atraer solo tranquilidad y paz mental. Por eso os vamos a mostrar ideas relajantes para crear un rinc\u00f3n de paz en casa.\" \/>\n<meta property=\"og:url\" content=\"https:\/\/astideco.com\/blog\/ideas-para-crear-un-rincon-de-paz-en-casa\/\" \/>\n<meta property=\"og:site_name\" content=\"Astiblog\" \/>\n<meta property=\"article:published_time\" content=\"2022-05-17T07:40:25+00:00\" \/>\n<meta property=\"article:modified_time\" content=\"2022-06-16T11:47:28+00:00\" \/>\n<meta property=\"og:image\" content=\"https:\/\/astideco.com\/blog\/wp-content\/uploads\/2022\/05\/ideas_para_crear_un_rincon_de_paz_en_casa.jpg\" \/>\n\t<meta property=\"og:image:width\" content=\"2000\" \/>\n\t<meta property=\"og:image:height\" content=\"1335\" \/>\n\t<meta property=\"og:image:type\" content=\"image\/jpeg\" \/>\n<meta name=\"author\" content=\"Astigarraga Kit Line\" \/>\n<meta name=\"twitter:card\" content=\"summary_large_image\" \/>\n<meta name=\"twitter:label1\" content=\"Escrito por\" \/>\n\t<meta name=\"twitter:data1\" content=\"Astigarraga Kit Line\" \/>\n\t<meta name=\"twitter:label2\" content=\"Tiempo de lectura\" \/>\n\t<meta name=\"twitter:data2\" content=\"5 minutos\" \/>\n<script type=\"application\/ld+json\" class=\"yoast-schema-graph\">{\"@context\":\"https:\/\/schema.org\",\"@graph\":[{\"@type\":\"Article\",\"@id\":\"https:\/\/astideco.com\/blog\/ideas-para-crear-un-rincon-de-paz-en-casa\/#article\",\"isPartOf\":{\"@id\":\"https:\/\/astideco.com\/blog\/ideas-para-crear-un-rincon-de-paz-en-casa\/\"},\"author\":{\"name\":\"Astigarraga Kit Line\",\"@id\":\"https:\/\/astideco.com\/blog\/#\/schema\/person\/13fd236103c4c231352fb09b2b7ac5cf\"},\"headline\":\"Ideas para crear un rinc\u00f3n de paz en casa\",\"datePublished\":\"2022-05-17T07:40:25+00:00\",\"dateModified\":\"2022-06-16T11:47:28+00:00\",\"mainEntityOfPage\":{\"@id\":\"https:\/\/astideco.com\/blog\/ideas-para-crear-un-rincon-de-paz-en-casa\/\"},\"wordCount\":920,\"commentCount\":0,\"image\":{\"@id\":\"https:\/\/astideco.com\/blog\/ideas-para-crear-un-rincon-de-paz-en-casa\/#primaryimage\"},\"thumbnailUrl\":\"https:\/\/astideco.com\/blog\/wp-content\/uploads\/2022\/05\/ideas_para_crear_un_rincon_de_paz_en_casa.jpg\",\"keywords\":[\"astigarraga kit line\",\"astikitline\",\"Espacios calidos hogar\",\"madera sostenible\",\"Rincones paz\",\"Terraza\"],\"articleSection\":[\"Ideas y consejos\"],\"inLanguage\":\"es\",\"potentialAction\":[{\"@type\":\"CommentAction\",\"name\":\"Comment\",\"target\":[\"https:\/\/astideco.com\/blog\/ideas-para-crear-un-rincon-de-paz-en-casa\/#respond\"]}]},{\"@type\":\"WebPage\",\"@id\":\"https:\/\/astideco.com\/blog\/ideas-para-crear-un-rincon-de-paz-en-casa\/\",\"url\":\"https:\/\/astideco.com\/blog\/ideas-para-crear-un-rincon-de-paz-en-casa\/\",\"name\":\"Ideas para crear un rinc\u00f3n de paz en casa - Astiblog\",\"isPartOf\":{\"@id\":\"https:\/\/astideco.com\/blog\/#website\"},\"primaryImageOfPage\":{\"@id\":\"https:\/\/astideco.com\/blog\/ideas-para-crear-un-rincon-de-paz-en-casa\/#primaryimage\"},\"image\":{\"@id\":\"https:\/\/astideco.com\/blog\/ideas-para-crear-un-rincon-de-paz-en-casa\/#primaryimage\"},\"thumbnailUrl\":\"https:\/\/astideco.com\/blog\/wp-content\/uploads\/2022\/05\/ideas_para_crear_un_rincon_de_paz_en_casa.jpg\",\"datePublished\":\"2022-05-17T07:40:25+00:00\",\"dateModified\":\"2022-06-16T11:47:28+00:00\",\"author\":{\"@id\":\"https:\/\/astideco.com\/blog\/#\/schema\/person\/13fd236103c4c231352fb09b2b7ac5cf\"},\"description\":\"Hoy queremos atraer solo tranquilidad y paz mental. Por eso os vamos a mostrar ideas relajantes para crear un rinc\u00f3n de paz en casa.\",\"breadcrumb\":{\"@id\":\"https:\/\/astideco.com\/blog\/ideas-para-crear-un-rincon-de-paz-en-casa\/#breadcrumb\"},\"inLanguage\":\"es\",\"potentialAction\":[{\"@type\":\"ReadAction\",\"target\":[\"https:\/\/astideco.com\/blog\/ideas-para-crear-un-rincon-de-paz-en-casa\/\"]}]},{\"@type\":\"ImageObject\",\"inLanguage\":\"es\",\"@id\":\"https:\/\/astideco.com\/blog\/ideas-para-crear-un-rincon-de-paz-en-casa\/#primaryimage\",\"url\":\"https:\/\/astideco.com\/blog\/wp-content\/uploads\/2022\/05\/ideas_para_crear_un_rincon_de_paz_en_casa.jpg\",\"contentUrl\":\"https:\/\/astideco.com\/blog\/wp-content\/uploads\/2022\/05\/ideas_para_crear_un_rincon_de_paz_en_casa.jpg\",\"width\":2000,\"height\":1335},{\"@type\":\"BreadcrumbList\",\"@id\":\"https:\/\/astideco.com\/blog\/ideas-para-crear-un-rincon-de-paz-en-casa\/#breadcrumb\",\"itemListElement\":[{\"@type\":\"ListItem\",\"position\":1,\"name\":\"Portada\",\"item\":\"https:\/\/astideco.com\/blog\/\"},{\"@type\":\"ListItem\",\"position\":2,\"name\":\"Ideas para crear un rinc\u00f3n de paz en casa\"}]},{\"@type\":\"WebSite\",\"@id\":\"https:\/\/astideco.com\/blog\/#website\",\"url\":\"https:\/\/astideco.com\/blog\/\",\"name\":\"Astiblog\",\"description\":\"Blog de Astideco.com\",\"potentialAction\":[{\"@type\":\"SearchAction\",\"target\":{\"@type\":\"EntryPoint\",\"urlTemplate\":\"https:\/\/astideco.com\/blog\/?s={search_term_string}\"},\"query-input\":{\"@type\":\"PropertyValueSpecification\",\"valueRequired\":true,\"valueName\":\"search_term_string\"}}],\"inLanguage\":\"es\"},{\"@type\":\"Person\",\"@id\":\"https:\/\/astideco.com\/blog\/#\/schema\/person\/13fd236103c4c231352fb09b2b7ac5cf\",\"name\":\"Astigarraga Kit Line\"}]}<\/script>\n<!-- \/ Yoast SEO plugin. -->","yoast_head_json":{"title":"Ideas para crear un rinc\u00f3n de paz en casa - Astiblog","description":"Hoy queremos atraer solo tranquilidad y paz mental. Por eso os vamos a mostrar ideas relajantes para crear un rinc\u00f3n de paz en casa.","robots":{"index":"index","follow":"follow","max-snippet":"max-snippet:-1","max-image-preview":"max-image-preview:large","max-video-preview":"max-video-preview:-1"},"canonical":"https:\/\/astideco.com\/blog\/ideas-para-crear-un-rincon-de-paz-en-casa\/","og_locale":"es_ES","og_type":"article","og_title":"Ideas para crear un rinc\u00f3n de paz en casa - Astiblog","og_description":"Hoy queremos atraer solo tranquilidad y paz mental. Por eso os vamos a mostrar ideas relajantes para crear un rinc\u00f3n de paz en casa.","og_url":"https:\/\/astideco.com\/blog\/ideas-para-crear-un-rincon-de-paz-en-casa\/","og_site_name":"Astiblog","article_published_time":"2022-05-17T07:40:25+00:00","article_modified_time":"2022-06-16T11:47:28+00:00","og_image":[{"width":2000,"height":1335,"url":"https:\/\/astideco.com\/blog\/wp-content\/uploads\/2022\/05\/ideas_para_crear_un_rincon_de_paz_en_casa.jpg","type":"image\/jpeg"}],"author":"Astigarraga Kit Line","twitter_card":"summary_large_image","twitter_misc":{"Escrito por":"Astigarraga Kit Line","Tiempo de lectura":"5 minutos"},"schema":{"@context":"https:\/\/schema.org","@graph":[{"@type":"Article","@id":"https:\/\/astideco.com\/blog\/ideas-para-crear-un-rincon-de-paz-en-casa\/#article","isPartOf":{"@id":"https:\/\/astideco.com\/blog\/ideas-para-crear-un-rincon-de-paz-en-casa\/"},"author":{"name":"Astigarraga Kit Line","@id":"https:\/\/astideco.com\/blog\/#\/schema\/person\/13fd236103c4c231352fb09b2b7ac5cf"},"headline":"Ideas para crear un rinc\u00f3n de paz en casa","datePublished":"2022-05-17T07:40:25+00:00","dateModified":"2022-06-16T11:47:28+00:00","mainEntityOfPage":{"@id":"https:\/\/astideco.com\/blog\/ideas-para-crear-un-rincon-de-paz-en-casa\/"},"wordCount":920,"commentCount":0,"image":{"@id":"https:\/\/astideco.com\/blog\/ideas-para-crear-un-rincon-de-paz-en-casa\/#primaryimage"},"thumbnailUrl":"https:\/\/astideco.com\/blog\/wp-content\/uploads\/2022\/05\/ideas_para_crear_un_rincon_de_paz_en_casa.jpg","keywords":["astigarraga kit line","astikitline","Espacios calidos hogar","madera sostenible","Rincones paz","Terraza"],"articleSection":["Ideas y consejos"],"inLanguage":"es","potentialAction":[{"@type":"CommentAction","name":"Comment","target":["https:\/\/astideco.com\/blog\/ideas-para-crear-un-rincon-de-paz-en-casa\/#respond"]}]},{"@type":"WebPage","@id":"https:\/\/astideco.com\/blog\/ideas-para-crear-un-rincon-de-paz-en-casa\/","url":"https:\/\/astideco.com\/blog\/ideas-para-crear-un-rincon-de-paz-en-casa\/","name":"Ideas para crear un rinc\u00f3n de paz en casa - Astiblog","isPartOf":{"@id":"https:\/\/astideco.com\/blog\/#website"},"primaryImageOfPage":{"@id":"https:\/\/astideco.com\/blog\/ideas-para-crear-un-rincon-de-paz-en-casa\/#primaryimage"},"image":{"@id":"https:\/\/astideco.com\/blog\/ideas-para-crear-un-rincon-de-paz-en-casa\/#primaryimage"},"thumbnailUrl":"https:\/\/astideco.com\/blog\/wp-content\/uploads\/2022\/05\/ideas_para_crear_un_rincon_de_paz_en_casa.jpg","datePublished":"2022-05-17T07:40:25+00:00","dateModified":"2022-06-16T11:47:28+00:00","author":{"@id":"https:\/\/astideco.com\/blog\/#\/schema\/person\/13fd236103c4c231352fb09b2b7ac5cf"},"description":"Hoy queremos atraer solo tranquilidad y paz mental. Por eso os vamos a mostrar ideas relajantes para crear un rinc\u00f3n de paz en casa.","breadcrumb":{"@id":"https:\/\/astideco.com\/blog\/ideas-para-crear-un-rincon-de-paz-en-casa\/#breadcrumb"},"inLanguage":"es","potentialAction":[{"@type":"ReadAction","target":["https:\/\/astideco.com\/blog\/ideas-para-crear-un-rincon-de-paz-en-casa\/"]}]},{"@type":"ImageObject","inLanguage":"es","@id":"https:\/\/astideco.com\/blog\/ideas-para-crear-un-rincon-de-paz-en-casa\/#primaryimage","url":"https:\/\/astideco.com\/blog\/wp-content\/uploads\/2022\/05\/ideas_para_crear_un_rincon_de_paz_en_casa.jpg","contentUrl":"https:\/\/astideco.com\/blog\/wp-content\/uploads\/2022\/05\/ideas_para_crear_un_rincon_de_paz_en_casa.jpg","width":2000,"height":1335},{"@type":"BreadcrumbList","@id":"https:\/\/astideco.com\/blog\/ideas-para-crear-un-rincon-de-paz-en-casa\/#breadcrumb","itemListElement":[{"@type":"ListItem","position":1,"name":"Portada","item":"https:\/\/astideco.com\/blog\/"},{"@type":"ListItem","position":2,"name":"Ideas para crear un rinc\u00f3n de paz en casa"}]},{"@type":"WebSite","@id":"https:\/\/astideco.com\/blog\/#website","url":"https:\/\/astideco.com\/blog\/","name":"Astiblog","description":"Blog de Astideco.com","potentialAction":[{"@type":"SearchAction","target":{"@type":"EntryPoint","urlTemplate":"https:\/\/astideco.com\/blog\/?s={search_term_string}"},"query-input":{"@type":"PropertyValueSpecification","valueRequired":true,"valueName":"search_term_string"}}],"inLanguage":"es"},{"@type":"Person","@id":"https:\/\/astideco.com\/blog\/#\/schema\/person\/13fd236103c4c231352fb09b2b7ac5cf","name":"Astigarraga Kit Line"}]}},"_links":{"self":[{"href":"https:\/\/astideco.com\/blog\/wp-json\/wp\/v2\/posts\/4054","targetHints":{"allow":["GET"]}}],"collection":[{"href":"https:\/\/astideco.com\/blog\/wp-json\/wp\/v2\/posts"}],"about":[{"href":"https:\/\/astideco.com\/blog\/wp-json\/wp\/v2\/types\/post"}],"author":[{"embeddable":true,"href":"https:\/\/astideco.com\/blog\/wp-json\/wp\/v2\/users\/6"}],"replies":[{"embeddable":true,"href":"https:\/\/astideco.com\/blog\/wp-json\/wp\/v2\/comments?post=4054"}],"version-history":[{"count":5,"href":"https:\/\/astideco.com\/blog\/wp-json\/wp\/v2\/posts\/4054\/revisions"}],"predecessor-version":[{"id":4067,"href":"https:\/\/astideco.com\/blog\/wp-json\/wp\/v2\/posts\/4054\/revisions\/4067"}],"wp:featuredmedia":[{"embeddable":true,"href":"https:\/\/astideco.com\/blog\/wp-json\/wp\/v2\/media\/4062"}],"wp:attachment":[{"href":"https:\/\/astideco.com\/blog\/wp-json\/wp\/v2\/media?parent=4054"}],"wp:term":[{"taxonomy":"category","embeddable":true,"href":"https:\/\/astideco.com\/blog\/wp-json\/wp\/v2\/categories?post=4054"},{"taxonomy":"post_tag","embeddable":true,"href":"https:\/\/astideco.com\/blog\/wp-json\/wp\/v2\/tags?post=4054"}],"curies":[{"name":"wp","href":"https:\/\/api.w.org\/{rel}","templated":true}]}}