{"id":3696,"date":"2023-10-16T09:43:04","date_gmt":"2023-10-16T09:43:04","guid":{"rendered":"https:\/\/astideco.com\/blog\/?p=3696"},"modified":"2024-01-25T08:36:07","modified_gmt":"2024-01-25T08:36:07","slug":"botelleros-pequenos-de-madera-para-montar-una-bodega-en-casa","status":"publish","type":"post","link":"https:\/\/astideco.com\/blog\/botelleros-pequenos-de-madera-para-montar-una-bodega-en-casa\/","title":{"rendered":"Botelleros peque\u00f1os de madera para una mini bodega en casa"},"content":{"rendered":"<p><span>Octubre y el vino van casi de la mano. Es el mes perfecto para hacer una escapada enol\u00f3gica. Ahora que el buen tiempo y el verano ya queda lejos, un fin de semana visitando cualquiera de las maravillosas bodegas que salpican muchas regiones de Espa\u00f1a y Francia puede convertirse en un plan relajante para desconectar. Ah\u00ed os dejamos la propuesta. \u00bfQu\u00e9 no es posible? Bueno en casa tambi\u00e9n se puede saborear una copa de vino.\u00a0 <\/span><span>Si eres amante del vino y te gusta tener tus vinos preferidos a buen recaudo, est\u00e1s donde tienes que estar. No te pierdas nuestras propuestas de <strong>botelleros peque\u00f1os de madera para montar una mini bodega en casa<\/strong>. De madera maciza certificada, como todos los productos de <span><a href=\"https:\/\/astideco.com\/es\/\"><strong>Astigarraga Kit Line<\/strong><\/a><\/span>, todas estas ideas te quedar\u00e1n perfectamente en cualquier rinc\u00f3n: son de tama\u00f1o reducido y la madera natural encaja en cualquier estilo de decoraci\u00f3n.<\/span><\/p>\n<h2><a href=\"https:\/\/astideco.com\/es\/botelleros-apilables-y-modulares\/botelllero-para-9-botellas-rioja\"><span><span><strong>Botellero de madera Rioja<\/strong><\/span><\/span><\/a><\/h2>\n<p><span>Es el benjam\u00edn de los botelleros de la colecci\u00f3n Rioja. Con este nombre que da vida a una de las mejores denominaciones de origen, no puede ser otra cosa m\u00e1s que una maravilla. De dise\u00f1o cl\u00e1sico, no necesita herramientas para montarlo, porque las piezas van encajando unas con otras. La capacidad es para <strong>9 botellas de vino<\/strong> pero si tienes la enorme suerte de contar con m\u00e1s sitio, es <strong>evolutivo<\/strong> por lo que puedes hacer un botellero a\u00fan m\u00e1s grande. Con una pieza de pl\u00e1stico, que puedes encontrar tambi\u00e9n en nuestra web, podr\u00e1s hacer crecer tu bodega tanto como necesites.\u00a0<\/span><\/p>\n<div id=\"attachment_4944\" style=\"width: 1210px\" class=\"wp-caption alignleft\"><img decoding=\"async\" aria-describedby=\"caption-attachment-4944\" class=\"lazyload wp-image-4944\" src=\"https:\/\/astideco.com\/blog\/wp-content\/uploads\/2023\/10\/botellero-de-madera-Rioja.jpg\" data-orig-src=\"https:\/\/astideco.com\/blog\/wp-content\/uploads\/2023\/10\/botellero-de-madera-Rioja.jpg\" alt=\"\" width=\"1200\" height=\"1499\" srcset=\"data:image\/svg+xml,%3Csvg%20xmlns%3D%27http%3A%2F%2Fwww.w3.org%2F2000%2Fsvg%27%20width%3D%271200%27%20height%3D%271499%27%20viewBox%3D%270%200%201200%201499%27%3E%3Crect%20width%3D%271200%27%20height%3D%271499%27%20fill-opacity%3D%220%22%2F%3E%3C%2Fsvg%3E\" data-srcset=\"https:\/\/astideco.com\/blog\/wp-content\/uploads\/2023\/10\/botellero-de-madera-Rioja-200x250.jpg 200w, https:\/\/astideco.com\/blog\/wp-content\/uploads\/2023\/10\/botellero-de-madera-Rioja-240x300.jpg 240w, https:\/\/astideco.com\/blog\/wp-content\/uploads\/2023\/10\/botellero-de-madera-Rioja-400x500.jpg 400w, https:\/\/astideco.com\/blog\/wp-content\/uploads\/2023\/10\/botellero-de-madera-Rioja-600x749.jpg 600w, https:\/\/astideco.com\/blog\/wp-content\/uploads\/2023\/10\/botellero-de-madera-Rioja-768x959.jpg 768w, https:\/\/astideco.com\/blog\/wp-content\/uploads\/2023\/10\/botellero-de-madera-Rioja-800x999.jpg 800w, https:\/\/astideco.com\/blog\/wp-content\/uploads\/2023\/10\/botellero-de-madera-Rioja-820x1024.jpg 820w, https:\/\/astideco.com\/blog\/wp-content\/uploads\/2023\/10\/botellero-de-madera-Rioja.jpg 1080w\" data-sizes=\"auto\" data-orig-sizes=\"(max-width: 1200px) 100vw, 1200px\" \/><p id=\"caption-attachment-4944\" class=\"wp-caption-text\">Instagram: <a href=\"https:\/\/www.instagram.com\/marhomedeco\/?hl=es\" target=\"_blank\" rel=\"noopener\"><strong>Marhomedeco<\/strong><\/a><\/p><\/div>\n<p><img decoding=\"async\" class=\"lazyload aligncenter wp-image-3697 size-fusion-1200\" src=\"https:\/\/astideco.com\/blog\/wp-content\/uploads\/2021\/10\/AIN0274-1200x801.jpg\" data-orig-src=\"https:\/\/astideco.com\/blog\/wp-content\/uploads\/2021\/10\/AIN0274-1200x801.jpg\" alt=\"\" width=\"1200\" height=\"801\" srcset=\"data:image\/svg+xml,%3Csvg%20xmlns%3D%27http%3A%2F%2Fwww.w3.org%2F2000%2Fsvg%27%20width%3D%271200%27%20height%3D%27801%27%20viewBox%3D%270%200%201200%20801%27%3E%3Crect%20width%3D%271200%27%20height%3D%27801%27%20fill-opacity%3D%220%22%2F%3E%3C%2Fsvg%3E\" data-srcset=\"https:\/\/astideco.com\/blog\/wp-content\/uploads\/2021\/10\/AIN0274-200x134.jpg 200w, https:\/\/astideco.com\/blog\/wp-content\/uploads\/2021\/10\/AIN0274-300x200.jpg 300w, https:\/\/astideco.com\/blog\/wp-content\/uploads\/2021\/10\/AIN0274-400x267.jpg 400w, https:\/\/astideco.com\/blog\/wp-content\/uploads\/2021\/10\/AIN0274-600x401.jpg 600w, https:\/\/astideco.com\/blog\/wp-content\/uploads\/2021\/10\/AIN0274-768x513.jpg 768w, https:\/\/astideco.com\/blog\/wp-content\/uploads\/2021\/10\/AIN0274-800x534.jpg 800w, https:\/\/astideco.com\/blog\/wp-content\/uploads\/2021\/10\/AIN0274-1024x684.jpg 1024w, https:\/\/astideco.com\/blog\/wp-content\/uploads\/2021\/10\/AIN0274-1200x801.jpg 1200w, https:\/\/astideco.com\/blog\/wp-content\/uploads\/2021\/10\/AIN0274-1536x1025.jpg 1536w\" data-sizes=\"auto\" data-orig-sizes=\"(max-width: 1200px) 100vw, 1200px\" \/><\/p>\n<h2><span><strong><a href=\"https:\/\/astideco.com\/es\/botelleros-de-pared\/botelllero-para-6-botellas-prisma\" target=\"_blank\" rel=\"noopener\">Botellero de madera Prisma<\/a><\/strong><\/span><\/h2>\n<p><span>Es el botellero que m\u00e1s destaca por su dise\u00f1o y una forma de almacenar las botellas con mucho estilo. Se trata de una pieza que se fija en la pared y tiene una capacidad para guardar <strong>seis botellas<\/strong>. Se llama Prisma. \u00bfEs una estanter\u00eda? \u00bfEs un botellero? Es todo a la vez. Tienes la posibilidad de utilizar cada pieza de manera individual o gracias a su sistema <strong>evolutivo<\/strong> combinar varias y crear la composici\u00f3n geom\u00e9trica que m\u00e1s te guste. \u00bfEs o no original? Lo puedes colocar en la cocina o en cualquier rinc\u00f3n del sal\u00f3n en el que quieras destacar tus botellas m\u00e1s preciadas.\u00a0<\/span><\/p>\n<p><img decoding=\"async\" class=\"lazyload aligncenter wp-image-3701 size-fusion-1200\" src=\"https:\/\/astideco.com\/blog\/wp-content\/uploads\/2021\/10\/8422341799160_a1-1200x1310.jpg\" data-orig-src=\"https:\/\/astideco.com\/blog\/wp-content\/uploads\/2021\/10\/8422341799160_a1-1200x1310.jpg\" alt=\"\" width=\"1200\" height=\"1310\" srcset=\"data:image\/svg+xml,%3Csvg%20xmlns%3D%27http%3A%2F%2Fwww.w3.org%2F2000%2Fsvg%27%20width%3D%271200%27%20height%3D%271310%27%20viewBox%3D%270%200%201200%201310%27%3E%3Crect%20width%3D%271200%27%20height%3D%271310%27%20fill-opacity%3D%220%22%2F%3E%3C%2Fsvg%3E\" data-srcset=\"https:\/\/astideco.com\/blog\/wp-content\/uploads\/2021\/10\/8422341799160_a1-200x218.jpg 200w, https:\/\/astideco.com\/blog\/wp-content\/uploads\/2021\/10\/8422341799160_a1-275x300.jpg 275w, https:\/\/astideco.com\/blog\/wp-content\/uploads\/2021\/10\/8422341799160_a1-400x437.jpg 400w, https:\/\/astideco.com\/blog\/wp-content\/uploads\/2021\/10\/8422341799160_a1-600x655.jpg 600w, https:\/\/astideco.com\/blog\/wp-content\/uploads\/2021\/10\/8422341799160_a1-768x838.jpg 768w, https:\/\/astideco.com\/blog\/wp-content\/uploads\/2021\/10\/8422341799160_a1-800x873.jpg 800w, https:\/\/astideco.com\/blog\/wp-content\/uploads\/2021\/10\/8422341799160_a1-938x1024.jpg 938w, https:\/\/astideco.com\/blog\/wp-content\/uploads\/2021\/10\/8422341799160_a1-1200x1310.jpg 1200w, https:\/\/astideco.com\/blog\/wp-content\/uploads\/2021\/10\/8422341799160_a1-1407x1536.jpg 1407w, https:\/\/astideco.com\/blog\/wp-content\/uploads\/2021\/10\/8422341799160_a1.jpg 1832w\" data-sizes=\"auto\" data-orig-sizes=\"(max-width: 1200px) 100vw, 1200px\" \/><\/p>\n<h2><span><strong><a href=\"https:\/\/astideco.com\/es\/botelleros-apilables-y-modulares\/botellero-apilable-6-botellas-merlot\" target=\"_blank\" rel=\"noopener\">Botellero de madera Merlot<\/a><\/strong><\/span><\/h2>\n<p><span>Sencillo, pr\u00e1ctico y ocupa muy poco espacio. Lo puedes colocar en cualquier rinc\u00f3n de tu cocina, de un sal\u00f3n o en un trastero. Y adem\u00e1s tienes la posibilidad de apilar varios botelleros creando una columna. Su principal ventaja es que puedes almacenar bastantes botellas en un espacio peque\u00f1o, lo que es ideal si no quieres renunciar a tener tu peque\u00f1a bodega en casa. Como todos, est\u00e1 fabricado en <strong>madera local y certificada<\/strong>, procedente dela gesti\u00f3n de bosques sostenibles. Merlot sirve para <strong>almacenar 6 botellas de vino<\/strong>, aunque si vas apilando podr\u00e1s duplicar y hasta triplicar su capacidad.<\/span><\/p>\n<div id=\"attachment_4945\" style=\"width: 1210px\" class=\"wp-caption alignleft\"><img decoding=\"async\" aria-describedby=\"caption-attachment-4945\" class=\"lazyload wp-image-4945 size-fusion-1200\" src=\"https:\/\/astideco.com\/blog\/wp-content\/uploads\/2023\/10\/botellero_madera_merlot_astikitline-1200x1600.jpeg\" data-orig-src=\"https:\/\/astideco.com\/blog\/wp-content\/uploads\/2023\/10\/botellero_madera_merlot_astikitline-1200x1600.jpeg\" alt=\"\" width=\"1200\" height=\"1600\" srcset=\"data:image\/svg+xml,%3Csvg%20xmlns%3D%27http%3A%2F%2Fwww.w3.org%2F2000%2Fsvg%27%20width%3D%271200%27%20height%3D%271600%27%20viewBox%3D%270%200%201200%201600%27%3E%3Crect%20width%3D%271200%27%20height%3D%271600%27%20fill-opacity%3D%220%22%2F%3E%3C%2Fsvg%3E\" data-srcset=\"https:\/\/astideco.com\/blog\/wp-content\/uploads\/2023\/10\/botellero_madera_merlot_astikitline-200x267.jpeg 200w, https:\/\/astideco.com\/blog\/wp-content\/uploads\/2023\/10\/botellero_madera_merlot_astikitline-225x300.jpeg 225w, https:\/\/astideco.com\/blog\/wp-content\/uploads\/2023\/10\/botellero_madera_merlot_astikitline-400x533.jpeg 400w, https:\/\/astideco.com\/blog\/wp-content\/uploads\/2023\/10\/botellero_madera_merlot_astikitline-600x800.jpeg 600w, https:\/\/astideco.com\/blog\/wp-content\/uploads\/2023\/10\/botellero_madera_merlot_astikitline-768x1024.jpeg 768w, https:\/\/astideco.com\/blog\/wp-content\/uploads\/2023\/10\/botellero_madera_merlot_astikitline-800x1067.jpeg 800w, https:\/\/astideco.com\/blog\/wp-content\/uploads\/2023\/10\/botellero_madera_merlot_astikitline-1152x1536.jpeg 1152w, https:\/\/astideco.com\/blog\/wp-content\/uploads\/2023\/10\/botellero_madera_merlot_astikitline-1200x1600.jpeg 1200w, https:\/\/astideco.com\/blog\/wp-content\/uploads\/2023\/10\/botellero_madera_merlot_astikitline-1536x2048.jpeg 1536w, https:\/\/astideco.com\/blog\/wp-content\/uploads\/2023\/10\/botellero_madera_merlot_astikitline-scaled.jpeg 1920w\" data-sizes=\"auto\" data-orig-sizes=\"(max-width: 1200px) 100vw, 1200px\" \/><p id=\"caption-attachment-4945\" class=\"wp-caption-text\">Instagram: <a href=\"https:\/\/www.instagram.com\/scandana_shd\/?hl=es\" target=\"_blank\" rel=\"noopener\"><strong>Scandana_shd<\/strong><\/a><\/p><\/div>\n<p><img decoding=\"async\" class=\"lazyload alignnone wp-image-3698 size-fusion-1200\" src=\"https:\/\/astideco.com\/blog\/wp-content\/uploads\/2021\/10\/8422341700173_a1-1200x780.jpg\" data-orig-src=\"https:\/\/astideco.com\/blog\/wp-content\/uploads\/2021\/10\/8422341700173_a1-1200x780.jpg\" alt=\"\" width=\"1200\" height=\"780\" srcset=\"data:image\/svg+xml,%3Csvg%20xmlns%3D%27http%3A%2F%2Fwww.w3.org%2F2000%2Fsvg%27%20width%3D%271200%27%20height%3D%27780%27%20viewBox%3D%270%200%201200%20780%27%3E%3Crect%20width%3D%271200%27%20height%3D%27780%27%20fill-opacity%3D%220%22%2F%3E%3C%2Fsvg%3E\" data-srcset=\"https:\/\/astideco.com\/blog\/wp-content\/uploads\/2021\/10\/8422341700173_a1-200x130.jpg 200w, https:\/\/astideco.com\/blog\/wp-content\/uploads\/2021\/10\/8422341700173_a1-300x195.jpg 300w, https:\/\/astideco.com\/blog\/wp-content\/uploads\/2021\/10\/8422341700173_a1-400x260.jpg 400w, https:\/\/astideco.com\/blog\/wp-content\/uploads\/2021\/10\/8422341700173_a1-600x390.jpg 600w, https:\/\/astideco.com\/blog\/wp-content\/uploads\/2021\/10\/8422341700173_a1-768x499.jpg 768w, https:\/\/astideco.com\/blog\/wp-content\/uploads\/2021\/10\/8422341700173_a1-800x520.jpg 800w, https:\/\/astideco.com\/blog\/wp-content\/uploads\/2021\/10\/8422341700173_a1-1024x666.jpg 1024w, https:\/\/astideco.com\/blog\/wp-content\/uploads\/2021\/10\/8422341700173_a1-1200x780.jpg 1200w, https:\/\/astideco.com\/blog\/wp-content\/uploads\/2021\/10\/8422341700173_a1-1536x999.jpg 1536w\" data-sizes=\"auto\" data-orig-sizes=\"(max-width: 1200px) 100vw, 1200px\" \/><\/p>\n<h2><a href=\"https:\/\/astideco.com\/es\/botelleros-apilables-y-modulares\/botellero-apilable-16-botellas-katea\" target=\"_blank\" rel=\"noopener\"><span><span><strong>Botellero de madera Katea<\/strong><\/span><\/span><\/a><\/h2>\n<p><span>Si Merlot tiene la posibilidad de almacenar un total de 6 botellas, Katea puede <strong>albergar 16<\/strong>. Y s\u00ed, tambi\u00e9n es <strong>apilable<\/strong>. La base es tan s\u00f3lida que si colocas una tabla en la parte superior, la puedes utilizar para colocar plantas o los accesorios de vino imprescindibles en una vinoteca. Otro botellero de madera de reducidas dimensiones\u00a0 con el que podr\u00e1s almacenar y exponer tus vinos en condiciones \u00f3ptimas.<\/span><\/p>\n<p><img decoding=\"async\" class=\"lazyload aligncenter wp-image-3700 size-fusion-1200\" src=\"https:\/\/astideco.com\/blog\/wp-content\/uploads\/2021\/10\/8422341700258_a1-1200x780.jpg\" data-orig-src=\"https:\/\/astideco.com\/blog\/wp-content\/uploads\/2021\/10\/8422341700258_a1-1200x780.jpg\" alt=\"\" width=\"1200\" height=\"780\" srcset=\"data:image\/svg+xml,%3Csvg%20xmlns%3D%27http%3A%2F%2Fwww.w3.org%2F2000%2Fsvg%27%20width%3D%271200%27%20height%3D%27780%27%20viewBox%3D%270%200%201200%20780%27%3E%3Crect%20width%3D%271200%27%20height%3D%27780%27%20fill-opacity%3D%220%22%2F%3E%3C%2Fsvg%3E\" data-srcset=\"https:\/\/astideco.com\/blog\/wp-content\/uploads\/2021\/10\/8422341700258_a1-200x130.jpg 200w, https:\/\/astideco.com\/blog\/wp-content\/uploads\/2021\/10\/8422341700258_a1-300x195.jpg 300w, https:\/\/astideco.com\/blog\/wp-content\/uploads\/2021\/10\/8422341700258_a1-400x260.jpg 400w, https:\/\/astideco.com\/blog\/wp-content\/uploads\/2021\/10\/8422341700258_a1-600x390.jpg 600w, https:\/\/astideco.com\/blog\/wp-content\/uploads\/2021\/10\/8422341700258_a1-768x499.jpg 768w, https:\/\/astideco.com\/blog\/wp-content\/uploads\/2021\/10\/8422341700258_a1-800x520.jpg 800w, https:\/\/astideco.com\/blog\/wp-content\/uploads\/2021\/10\/8422341700258_a1-1024x666.jpg 1024w, https:\/\/astideco.com\/blog\/wp-content\/uploads\/2021\/10\/8422341700258_a1-1200x780.jpg 1200w, https:\/\/astideco.com\/blog\/wp-content\/uploads\/2021\/10\/8422341700258_a1-1536x998.jpg 1536w\" data-sizes=\"auto\" data-orig-sizes=\"(max-width: 1200px) 100vw, 1200px\" \/><\/p>\n<h2><a href=\"https:\/\/astideco.com\/es\/botelleros-de-pared\/botellero-de-pared-6-botellas-t6000\" target=\"_blank\" rel=\"noopener\"><span><span><strong>Botellero de madera de pared<\/strong><\/span><\/span><\/a><\/h2>\n<p><span><span><strong>Seis botellas<\/strong>. Son las que puedes almacenar con <\/span>este botellero de pared sencillo, funcional y que dar\u00e1 vida a cualquier pared en la que decidas colocarlo. Ocupa muy poco espacio por lo que es recomendable para espacios peque\u00f1os. Tan solo tienes que tener una pared a la que quieras dar un toque especial.<\/span><\/p>\n<p><span><img decoding=\"async\" class=\"lazyload aligncenter wp-image-3699 size-fusion-1200\" src=\"https:\/\/astideco.com\/blog\/wp-content\/uploads\/2021\/10\/8422341700203_a1-1200x780.jpg\" data-orig-src=\"https:\/\/astideco.com\/blog\/wp-content\/uploads\/2021\/10\/8422341700203_a1-1200x780.jpg\" alt=\"\" width=\"1200\" height=\"780\" srcset=\"data:image\/svg+xml,%3Csvg%20xmlns%3D%27http%3A%2F%2Fwww.w3.org%2F2000%2Fsvg%27%20width%3D%271200%27%20height%3D%27780%27%20viewBox%3D%270%200%201200%20780%27%3E%3Crect%20width%3D%271200%27%20height%3D%27780%27%20fill-opacity%3D%220%22%2F%3E%3C%2Fsvg%3E\" data-srcset=\"https:\/\/astideco.com\/blog\/wp-content\/uploads\/2021\/10\/8422341700203_a1-200x130.jpg 200w, https:\/\/astideco.com\/blog\/wp-content\/uploads\/2021\/10\/8422341700203_a1-300x195.jpg 300w, https:\/\/astideco.com\/blog\/wp-content\/uploads\/2021\/10\/8422341700203_a1-400x260.jpg 400w, https:\/\/astideco.com\/blog\/wp-content\/uploads\/2021\/10\/8422341700203_a1-600x390.jpg 600w, https:\/\/astideco.com\/blog\/wp-content\/uploads\/2021\/10\/8422341700203_a1-768x499.jpg 768w, https:\/\/astideco.com\/blog\/wp-content\/uploads\/2021\/10\/8422341700203_a1-800x520.jpg 800w, https:\/\/astideco.com\/blog\/wp-content\/uploads\/2021\/10\/8422341700203_a1-1024x666.jpg 1024w, https:\/\/astideco.com\/blog\/wp-content\/uploads\/2021\/10\/8422341700203_a1-1200x780.jpg 1200w, https:\/\/astideco.com\/blog\/wp-content\/uploads\/2021\/10\/8422341700203_a1-1536x998.jpg 1536w\" data-sizes=\"auto\" data-orig-sizes=\"(max-width: 1200px) 100vw, 1200px\" \/><\/span><\/p>\n<h2><a href=\"https:\/\/astideco.com\/es\/botelleros-de-pared\/botellero-modulo-cubo-x-de-madera-de-pino-para-12-botellas\" target=\"_blank\" rel=\"noopener\"><span><span><strong>Botellero de madera Dinamic<\/strong><\/span><\/span><\/a><\/h2>\n<p><span>Dos tablas en forma de cruz dan vida a este sencillo botellero que puede almacenar hasta <strong>12 botellas<\/strong>, tres en cada tri\u00e1ngulo. Todos los botelleros que os hemos ense\u00f1ado est\u00e1n fabricados en <strong>madera maciza de pino sin barnizar<\/strong>, por lo que puedes personalizarlos a tu antojo, pint\u00e1ndolos del color que m\u00e1s te guste o se adec\u00fae a la decoraci\u00f3n de tu casa.<\/span><\/p>\n<p><img decoding=\"async\" class=\"lazyload aligncenter wp-image-3707 size-fusion-1200\" src=\"https:\/\/astideco.com\/blog\/wp-content\/uploads\/2021\/10\/8422341799023_a5-1200x800.jpg\" data-orig-src=\"https:\/\/astideco.com\/blog\/wp-content\/uploads\/2021\/10\/8422341799023_a5-1200x800.jpg\" alt=\"\" width=\"1200\" height=\"800\" srcset=\"data:image\/svg+xml,%3Csvg%20xmlns%3D%27http%3A%2F%2Fwww.w3.org%2F2000%2Fsvg%27%20width%3D%271200%27%20height%3D%27800%27%20viewBox%3D%270%200%201200%20800%27%3E%3Crect%20width%3D%271200%27%20height%3D%27800%27%20fill-opacity%3D%220%22%2F%3E%3C%2Fsvg%3E\" data-srcset=\"https:\/\/astideco.com\/blog\/wp-content\/uploads\/2021\/10\/8422341799023_a5-200x133.jpg 200w, https:\/\/astideco.com\/blog\/wp-content\/uploads\/2021\/10\/8422341799023_a5-300x200.jpg 300w, https:\/\/astideco.com\/blog\/wp-content\/uploads\/2021\/10\/8422341799023_a5-400x267.jpg 400w, https:\/\/astideco.com\/blog\/wp-content\/uploads\/2021\/10\/8422341799023_a5-600x400.jpg 600w, https:\/\/astideco.com\/blog\/wp-content\/uploads\/2021\/10\/8422341799023_a5-768x512.jpg 768w, https:\/\/astideco.com\/blog\/wp-content\/uploads\/2021\/10\/8422341799023_a5-800x533.jpg 800w, https:\/\/astideco.com\/blog\/wp-content\/uploads\/2021\/10\/8422341799023_a5-1024x682.jpg 1024w, https:\/\/astideco.com\/blog\/wp-content\/uploads\/2021\/10\/8422341799023_a5-1200x800.jpg 1200w, https:\/\/astideco.com\/blog\/wp-content\/uploads\/2021\/10\/8422341799023_a5-1536x1024.jpg 1536w\" data-sizes=\"auto\" data-orig-sizes=\"(max-width: 1200px) 100vw, 1200px\" \/><\/p>\n<p>Y vistos todos, \u00bfcon cu\u00e1l de estos <strong>botelleros peque\u00f1os de madera para montar una bodega en casa<\/strong> te quedas?<\/p>\n<p><em><span>Gracias por dejarnos decorar tu hogar de manera sostenible.<\/span><\/em><\/p>\n","protected":false},"excerpt":{"rendered":"<p>Octubre y el vino van casi de la mano. Es el mes perfecto para hacer una escapada enol\u00f3gica. Ahora que el buen tiempo y el verano ya queda lejos, un fin de semana visitando cualquiera de las maravillosas bodegas que  [..]<\/p>\n","protected":false},"author":6,"featured_media":3706,"comment_status":"open","ping_status":"open","sticky":false,"template":"","format":"standard","meta":{"footnotes":""},"categories":[644,15],"tags":[652,464,62,60,656,654,508,648,650,84],"class_list":["post-3696","post","type-post","status-publish","format-standard","has-post-thumbnail","hentry","category-ideas-y-consejos","category-producto","tag-almacenar-vino","tag-astideco","tag-astigarraga-kit-line","tag-astikitline","tag-bodega-en-casa","tag-botellas-de-vino","tag-botellero","tag-botelleros","tag-botelleros-de-madera","tag-madera-sostenible"],"yoast_head":"<!-- This site is optimized with the Yoast SEO plugin v27.0 - https:\/\/yoast.com\/product\/yoast-seo-wordpress\/ -->\n<title>Botelleros peque\u00f1os de madera para una mini bodega en casa<\/title>\n<meta name=\"description\" content=\"Si eres de los que te gusta tener vino en casa lee estas propuestas de botelleros peque\u00f1os de madera para montar una bodega en casa.\" \/>\n<meta name=\"robots\" content=\"index, follow, max-snippet:-1, max-image-preview:large, max-video-preview:-1\" \/>\n<link rel=\"canonical\" href=\"https:\/\/astideco.com\/blog\/botelleros-pequenos-de-madera-para-montar-una-bodega-en-casa\/\" \/>\n<meta property=\"og:locale\" content=\"es_ES\" \/>\n<meta property=\"og:type\" content=\"article\" \/>\n<meta property=\"og:title\" content=\"Botelleros peque\u00f1os de madera para una mini bodega en casa\" \/>\n<meta property=\"og:description\" content=\"Si eres de los que te gusta tener vino en casa lee estas propuestas de botelleros peque\u00f1os de madera para montar una bodega en casa.\" \/>\n<meta property=\"og:url\" content=\"https:\/\/astideco.com\/blog\/botelleros-pequenos-de-madera-para-montar-una-bodega-en-casa\/\" \/>\n<meta property=\"og:site_name\" content=\"Astiblog\" \/>\n<meta property=\"article:published_time\" content=\"2023-10-16T09:43:04+00:00\" \/>\n<meta property=\"article:modified_time\" content=\"2024-01-25T08:36:07+00:00\" \/>\n<meta property=\"og:image\" content=\"https:\/\/astideco.com\/blog\/wp-content\/uploads\/2021\/10\/botellero-de-madera-rioja-portada.jpg\" \/>\n\t<meta property=\"og:image:width\" content=\"1440\" \/>\n\t<meta property=\"og:image:height\" content=\"916\" \/>\n\t<meta property=\"og:image:type\" content=\"image\/jpeg\" \/>\n<meta name=\"author\" content=\"Astigarraga Kit Line\" \/>\n<meta name=\"twitter:card\" content=\"summary_large_image\" \/>\n<meta name=\"twitter:label1\" content=\"Escrito por\" \/>\n\t<meta name=\"twitter:data1\" content=\"Astigarraga Kit Line\" \/>\n\t<meta name=\"twitter:label2\" content=\"Tiempo de lectura\" \/>\n\t<meta name=\"twitter:data2\" content=\"5 minutos\" \/>\n<script type=\"application\/ld+json\" class=\"yoast-schema-graph\">{\"@context\":\"https:\/\/schema.org\",\"@graph\":[{\"@type\":\"Article\",\"@id\":\"https:\/\/astideco.com\/blog\/botelleros-pequenos-de-madera-para-montar-una-bodega-en-casa\/#article\",\"isPartOf\":{\"@id\":\"https:\/\/astideco.com\/blog\/botelleros-pequenos-de-madera-para-montar-una-bodega-en-casa\/\"},\"author\":{\"name\":\"Astigarraga Kit Line\",\"@id\":\"https:\/\/astideco.com\/blog\/#\/schema\/person\/13fd236103c4c231352fb09b2b7ac5cf\"},\"headline\":\"Botelleros peque\u00f1os de madera para una mini bodega en casa\",\"datePublished\":\"2023-10-16T09:43:04+00:00\",\"dateModified\":\"2024-01-25T08:36:07+00:00\",\"mainEntityOfPage\":{\"@id\":\"https:\/\/astideco.com\/blog\/botelleros-pequenos-de-madera-para-montar-una-bodega-en-casa\/\"},\"wordCount\":760,\"commentCount\":0,\"image\":{\"@id\":\"https:\/\/astideco.com\/blog\/botelleros-pequenos-de-madera-para-montar-una-bodega-en-casa\/#primaryimage\"},\"thumbnailUrl\":\"https:\/\/astideco.com\/blog\/wp-content\/uploads\/2021\/10\/botellero-de-madera-rioja-portada.jpg\",\"keywords\":[\"Almacenar vino\",\"Astideco\",\"astigarraga kit line\",\"astikitline\",\"Bodega en casa\",\"Botellas de vino\",\"botellero\",\"Botelleros\",\"Botelleros de madera\",\"madera sostenible\"],\"articleSection\":[\"Ideas y consejos\",\"Producto\"],\"inLanguage\":\"es\",\"potentialAction\":[{\"@type\":\"CommentAction\",\"name\":\"Comment\",\"target\":[\"https:\/\/astideco.com\/blog\/botelleros-pequenos-de-madera-para-montar-una-bodega-en-casa\/#respond\"]}]},{\"@type\":\"WebPage\",\"@id\":\"https:\/\/astideco.com\/blog\/botelleros-pequenos-de-madera-para-montar-una-bodega-en-casa\/\",\"url\":\"https:\/\/astideco.com\/blog\/botelleros-pequenos-de-madera-para-montar-una-bodega-en-casa\/\",\"name\":\"Botelleros peque\u00f1os de madera para una mini bodega en casa\",\"isPartOf\":{\"@id\":\"https:\/\/astideco.com\/blog\/#website\"},\"primaryImageOfPage\":{\"@id\":\"https:\/\/astideco.com\/blog\/botelleros-pequenos-de-madera-para-montar-una-bodega-en-casa\/#primaryimage\"},\"image\":{\"@id\":\"https:\/\/astideco.com\/blog\/botelleros-pequenos-de-madera-para-montar-una-bodega-en-casa\/#primaryimage\"},\"thumbnailUrl\":\"https:\/\/astideco.com\/blog\/wp-content\/uploads\/2021\/10\/botellero-de-madera-rioja-portada.jpg\",\"datePublished\":\"2023-10-16T09:43:04+00:00\",\"dateModified\":\"2024-01-25T08:36:07+00:00\",\"author\":{\"@id\":\"https:\/\/astideco.com\/blog\/#\/schema\/person\/13fd236103c4c231352fb09b2b7ac5cf\"},\"description\":\"Si eres de los que te gusta tener vino en casa lee estas propuestas de botelleros peque\u00f1os de madera para montar una bodega en casa.\",\"breadcrumb\":{\"@id\":\"https:\/\/astideco.com\/blog\/botelleros-pequenos-de-madera-para-montar-una-bodega-en-casa\/#breadcrumb\"},\"inLanguage\":\"es\",\"potentialAction\":[{\"@type\":\"ReadAction\",\"target\":[\"https:\/\/astideco.com\/blog\/botelleros-pequenos-de-madera-para-montar-una-bodega-en-casa\/\"]}]},{\"@type\":\"ImageObject\",\"inLanguage\":\"es\",\"@id\":\"https:\/\/astideco.com\/blog\/botelleros-pequenos-de-madera-para-montar-una-bodega-en-casa\/#primaryimage\",\"url\":\"https:\/\/astideco.com\/blog\/wp-content\/uploads\/2021\/10\/botellero-de-madera-rioja-portada.jpg\",\"contentUrl\":\"https:\/\/astideco.com\/blog\/wp-content\/uploads\/2021\/10\/botellero-de-madera-rioja-portada.jpg\",\"width\":1440,\"height\":916},{\"@type\":\"BreadcrumbList\",\"@id\":\"https:\/\/astideco.com\/blog\/botelleros-pequenos-de-madera-para-montar-una-bodega-en-casa\/#breadcrumb\",\"itemListElement\":[{\"@type\":\"ListItem\",\"position\":1,\"name\":\"Portada\",\"item\":\"https:\/\/astideco.com\/blog\/\"},{\"@type\":\"ListItem\",\"position\":2,\"name\":\"Botelleros peque\u00f1os de madera para una mini bodega en casa\"}]},{\"@type\":\"WebSite\",\"@id\":\"https:\/\/astideco.com\/blog\/#website\",\"url\":\"https:\/\/astideco.com\/blog\/\",\"name\":\"Astiblog\",\"description\":\"Blog de Astideco.com\",\"potentialAction\":[{\"@type\":\"SearchAction\",\"target\":{\"@type\":\"EntryPoint\",\"urlTemplate\":\"https:\/\/astideco.com\/blog\/?s={search_term_string}\"},\"query-input\":{\"@type\":\"PropertyValueSpecification\",\"valueRequired\":true,\"valueName\":\"search_term_string\"}}],\"inLanguage\":\"es\"},{\"@type\":\"Person\",\"@id\":\"https:\/\/astideco.com\/blog\/#\/schema\/person\/13fd236103c4c231352fb09b2b7ac5cf\",\"name\":\"Astigarraga Kit Line\"}]}<\/script>\n<!-- \/ Yoast SEO plugin. -->","yoast_head_json":{"title":"Botelleros peque\u00f1os de madera para una mini bodega en casa","description":"Si eres de los que te gusta tener vino en casa lee estas propuestas de botelleros peque\u00f1os de madera para montar una bodega en casa.","robots":{"index":"index","follow":"follow","max-snippet":"max-snippet:-1","max-image-preview":"max-image-preview:large","max-video-preview":"max-video-preview:-1"},"canonical":"https:\/\/astideco.com\/blog\/botelleros-pequenos-de-madera-para-montar-una-bodega-en-casa\/","og_locale":"es_ES","og_type":"article","og_title":"Botelleros peque\u00f1os de madera para una mini bodega en casa","og_description":"Si eres de los que te gusta tener vino en casa lee estas propuestas de botelleros peque\u00f1os de madera para montar una bodega en casa.","og_url":"https:\/\/astideco.com\/blog\/botelleros-pequenos-de-madera-para-montar-una-bodega-en-casa\/","og_site_name":"Astiblog","article_published_time":"2023-10-16T09:43:04+00:00","article_modified_time":"2024-01-25T08:36:07+00:00","og_image":[{"width":1440,"height":916,"url":"https:\/\/astideco.com\/blog\/wp-content\/uploads\/2021\/10\/botellero-de-madera-rioja-portada.jpg","type":"image\/jpeg"}],"author":"Astigarraga Kit Line","twitter_card":"summary_large_image","twitter_misc":{"Escrito por":"Astigarraga Kit Line","Tiempo de lectura":"5 minutos"},"schema":{"@context":"https:\/\/schema.org","@graph":[{"@type":"Article","@id":"https:\/\/astideco.com\/blog\/botelleros-pequenos-de-madera-para-montar-una-bodega-en-casa\/#article","isPartOf":{"@id":"https:\/\/astideco.com\/blog\/botelleros-pequenos-de-madera-para-montar-una-bodega-en-casa\/"},"author":{"name":"Astigarraga Kit Line","@id":"https:\/\/astideco.com\/blog\/#\/schema\/person\/13fd236103c4c231352fb09b2b7ac5cf"},"headline":"Botelleros peque\u00f1os de madera para una mini bodega en casa","datePublished":"2023-10-16T09:43:04+00:00","dateModified":"2024-01-25T08:36:07+00:00","mainEntityOfPage":{"@id":"https:\/\/astideco.com\/blog\/botelleros-pequenos-de-madera-para-montar-una-bodega-en-casa\/"},"wordCount":760,"commentCount":0,"image":{"@id":"https:\/\/astideco.com\/blog\/botelleros-pequenos-de-madera-para-montar-una-bodega-en-casa\/#primaryimage"},"thumbnailUrl":"https:\/\/astideco.com\/blog\/wp-content\/uploads\/2021\/10\/botellero-de-madera-rioja-portada.jpg","keywords":["Almacenar vino","Astideco","astigarraga kit line","astikitline","Bodega en casa","Botellas de vino","botellero","Botelleros","Botelleros de madera","madera sostenible"],"articleSection":["Ideas y consejos","Producto"],"inLanguage":"es","potentialAction":[{"@type":"CommentAction","name":"Comment","target":["https:\/\/astideco.com\/blog\/botelleros-pequenos-de-madera-para-montar-una-bodega-en-casa\/#respond"]}]},{"@type":"WebPage","@id":"https:\/\/astideco.com\/blog\/botelleros-pequenos-de-madera-para-montar-una-bodega-en-casa\/","url":"https:\/\/astideco.com\/blog\/botelleros-pequenos-de-madera-para-montar-una-bodega-en-casa\/","name":"Botelleros peque\u00f1os de madera para una mini bodega en casa","isPartOf":{"@id":"https:\/\/astideco.com\/blog\/#website"},"primaryImageOfPage":{"@id":"https:\/\/astideco.com\/blog\/botelleros-pequenos-de-madera-para-montar-una-bodega-en-casa\/#primaryimage"},"image":{"@id":"https:\/\/astideco.com\/blog\/botelleros-pequenos-de-madera-para-montar-una-bodega-en-casa\/#primaryimage"},"thumbnailUrl":"https:\/\/astideco.com\/blog\/wp-content\/uploads\/2021\/10\/botellero-de-madera-rioja-portada.jpg","datePublished":"2023-10-16T09:43:04+00:00","dateModified":"2024-01-25T08:36:07+00:00","author":{"@id":"https:\/\/astideco.com\/blog\/#\/schema\/person\/13fd236103c4c231352fb09b2b7ac5cf"},"description":"Si eres de los que te gusta tener vino en casa lee estas propuestas de botelleros peque\u00f1os de madera para montar una bodega en casa.","breadcrumb":{"@id":"https:\/\/astideco.com\/blog\/botelleros-pequenos-de-madera-para-montar-una-bodega-en-casa\/#breadcrumb"},"inLanguage":"es","potentialAction":[{"@type":"ReadAction","target":["https:\/\/astideco.com\/blog\/botelleros-pequenos-de-madera-para-montar-una-bodega-en-casa\/"]}]},{"@type":"ImageObject","inLanguage":"es","@id":"https:\/\/astideco.com\/blog\/botelleros-pequenos-de-madera-para-montar-una-bodega-en-casa\/#primaryimage","url":"https:\/\/astideco.com\/blog\/wp-content\/uploads\/2021\/10\/botellero-de-madera-rioja-portada.jpg","contentUrl":"https:\/\/astideco.com\/blog\/wp-content\/uploads\/2021\/10\/botellero-de-madera-rioja-portada.jpg","width":1440,"height":916},{"@type":"BreadcrumbList","@id":"https:\/\/astideco.com\/blog\/botelleros-pequenos-de-madera-para-montar-una-bodega-en-casa\/#breadcrumb","itemListElement":[{"@type":"ListItem","position":1,"name":"Portada","item":"https:\/\/astideco.com\/blog\/"},{"@type":"ListItem","position":2,"name":"Botelleros peque\u00f1os de madera para una mini bodega en casa"}]},{"@type":"WebSite","@id":"https:\/\/astideco.com\/blog\/#website","url":"https:\/\/astideco.com\/blog\/","name":"Astiblog","description":"Blog de Astideco.com","potentialAction":[{"@type":"SearchAction","target":{"@type":"EntryPoint","urlTemplate":"https:\/\/astideco.com\/blog\/?s={search_term_string}"},"query-input":{"@type":"PropertyValueSpecification","valueRequired":true,"valueName":"search_term_string"}}],"inLanguage":"es"},{"@type":"Person","@id":"https:\/\/astideco.com\/blog\/#\/schema\/person\/13fd236103c4c231352fb09b2b7ac5cf","name":"Astigarraga Kit Line"}]}},"_links":{"self":[{"href":"https:\/\/astideco.com\/blog\/wp-json\/wp\/v2\/posts\/3696","targetHints":{"allow":["GET"]}}],"collection":[{"href":"https:\/\/astideco.com\/blog\/wp-json\/wp\/v2\/posts"}],"about":[{"href":"https:\/\/astideco.com\/blog\/wp-json\/wp\/v2\/types\/post"}],"author":[{"embeddable":true,"href":"https:\/\/astideco.com\/blog\/wp-json\/wp\/v2\/users\/6"}],"replies":[{"embeddable":true,"href":"https:\/\/astideco.com\/blog\/wp-json\/wp\/v2\/comments?post=3696"}],"version-history":[{"count":6,"href":"https:\/\/astideco.com\/blog\/wp-json\/wp\/v2\/posts\/3696\/revisions"}],"predecessor-version":[{"id":4946,"href":"https:\/\/astideco.com\/blog\/wp-json\/wp\/v2\/posts\/3696\/revisions\/4946"}],"wp:featuredmedia":[{"embeddable":true,"href":"https:\/\/astideco.com\/blog\/wp-json\/wp\/v2\/media\/3706"}],"wp:attachment":[{"href":"https:\/\/astideco.com\/blog\/wp-json\/wp\/v2\/media?parent=3696"}],"wp:term":[{"taxonomy":"category","embeddable":true,"href":"https:\/\/astideco.com\/blog\/wp-json\/wp\/v2\/categories?post=3696"},{"taxonomy":"post_tag","embeddable":true,"href":"https:\/\/astideco.com\/blog\/wp-json\/wp\/v2\/tags?post=3696"}],"curies":[{"name":"wp","href":"https:\/\/api.w.org\/{rel}","templated":true}]}}