{"id":3639,"date":"2023-10-09T07:41:50","date_gmt":"2023-10-09T07:41:50","guid":{"rendered":"https:\/\/astideco.com\/blog\/?p=3639"},"modified":"2024-01-25T08:36:16","modified_gmt":"2024-01-25T08:36:16","slug":"5-productos-para-ordenar-tu-escritorio","status":"publish","type":"post","link":"https:\/\/astideco.com\/blog\/5-productos-para-ordenar-tu-escritorio\/","title":{"rendered":"5 productos para ordenar tu escritorio"},"content":{"rendered":"<p><span>Lo que cuesta ver una mesa despejada. No de esas que salen en Instagram o Pinterest, que son de ensue\u00f1o sino cuando estamos en nuestras casas y\u00a0 nadie nos ve. Sea un espacio de trabajo o de estudio, es frecuente ver sobre el escritorio monta\u00f1as de papeles o de documentos, am\u00e9n de otros muchos m\u00e1s accesorios. El desorden es un obst\u00e1culo para la productividad, porque lo m\u00e1s com\u00fan es que nos distraigamos y no rindamos como debi\u00e9ramos. No queremos que esto suceda, as\u00ed es que hoy te proponemos <strong>5 productos para ordenar tu escritorio<\/strong>.<\/span><\/p>\n<p><span>Por una cuesti\u00f3n de est\u00e9tica, pero sobre todo, para que seas m\u00e1s productivo y no pierdas el tiempo buscando entre el desorden, ya que no hay tarea m\u00e1s tediosa. Un ambiente ordenado invita a trabajar, un ambiente desordenado invita a darte media vuelta, irte y postergar las tareas. Si descuidas el orden en tu espacio de trabajo, estar\u00e1s muy lejos de sentirte c\u00f3modo y te costar\u00e1 mucho m\u00e1s culminar con buenos resultados tu trabajo. As\u00ed pues, repite con nosotros: \u00a1A<\/span><span>di\u00f3s al desorden!<\/span><\/p>\n<h2><span>1. Bandejas apilables<\/span><\/h2>\n<p><span>No hay mayor desorden que hojas o documentos sueltos pululando por la encimera, sin espacio para nada y adem\u00e1s perdiendo el tiempo buscando ese documento que lo necesitas para ya pero que no hay manera humana de dar con \u00e9l. Es lo que tiene: vivir rodeado de pilas de hojas desordenadas y dem\u00e1s material de oficina. \u00bfSoluci\u00f3n? Estas <span><a href=\"https:\/\/astideco.com\/es\/cajas-sin-tapa\/caja-de-madera-apilable-40x30x07\" target=\"_blank\" rel=\"noopener\"><strong>bandejas de madera maciza de pino apilables<\/strong><\/a><\/span>\u00a0que las puedes encontrar en nuestra tienda online <\/span><strong><span><a href=\"http:\/\/www.astideco.com\" target=\"_blank\" rel=\"noopener\">www.astideco.com<\/a><\/span>.<\/strong><\/p>\n<p>&nbsp;<\/p>\n<div id=\"attachment_3642\" style=\"width: 1210px\" class=\"wp-caption alignleft\"><img decoding=\"async\" aria-describedby=\"caption-attachment-3642\" class=\"lazyload wp-image-3642 size-fusion-1200\" src=\"https:\/\/astideco.com\/blog\/wp-content\/uploads\/2021\/09\/bandejas-apilables-documentos-1200x742.jpg\" data-orig-src=\"https:\/\/astideco.com\/blog\/wp-content\/uploads\/2021\/09\/bandejas-apilables-documentos-1200x742.jpg\" alt=\"\" width=\"1200\" height=\"742\" srcset=\"data:image\/svg+xml,%3Csvg%20xmlns%3D%27http%3A%2F%2Fwww.w3.org%2F2000%2Fsvg%27%20width%3D%271200%27%20height%3D%27742%27%20viewBox%3D%270%200%201200%20742%27%3E%3Crect%20width%3D%271200%27%20height%3D%27742%27%20fill-opacity%3D%220%22%2F%3E%3C%2Fsvg%3E\" data-srcset=\"https:\/\/astideco.com\/blog\/wp-content\/uploads\/2021\/09\/bandejas-apilables-documentos-200x124.jpg 200w, https:\/\/astideco.com\/blog\/wp-content\/uploads\/2021\/09\/bandejas-apilables-documentos-300x186.jpg 300w, https:\/\/astideco.com\/blog\/wp-content\/uploads\/2021\/09\/bandejas-apilables-documentos-400x247.jpg 400w, https:\/\/astideco.com\/blog\/wp-content\/uploads\/2021\/09\/bandejas-apilables-documentos-600x371.jpg 600w, https:\/\/astideco.com\/blog\/wp-content\/uploads\/2021\/09\/bandejas-apilables-documentos-768x475.jpg 768w, https:\/\/astideco.com\/blog\/wp-content\/uploads\/2021\/09\/bandejas-apilables-documentos-800x495.jpg 800w, https:\/\/astideco.com\/blog\/wp-content\/uploads\/2021\/09\/bandejas-apilables-documentos-1024x633.jpg 1024w, https:\/\/astideco.com\/blog\/wp-content\/uploads\/2021\/09\/bandejas-apilables-documentos-1200x742.jpg 1200w, https:\/\/astideco.com\/blog\/wp-content\/uploads\/2021\/09\/bandejas-apilables-documentos-1536x950.jpg 1536w\" data-sizes=\"auto\" data-orig-sizes=\"(max-width: 1200px) 100vw, 1200px\" \/><p id=\"caption-attachment-3642\" class=\"wp-caption-text\">Instagram: <a href=\"https:\/\/www.instagram.com\/intrepidalorenita\/?hl=es\" target=\"_blank\" rel=\"noopener\"><strong>@intrepidalorenita<\/strong><\/a><\/p><\/div>\n<h2><span>2. Cajoneras infalibles<\/span><\/h2>\n<p><span>Quiz\u00e1 ya te ha quedado claro que una zona de trabajo o de estudio rodeada de papeles no ayuda en nada a la productividad. Y si algo nos gusta a nosotros es daros ideas para ordenar y organizar. Somos especialistas en esto: en <strong>productos de ordenaci\u00f3n con un aire natural<\/strong>, la que da nuestra madera maciza certificada. Por eso en esta lista no pueden faltar las <span><a href=\"https:\/\/astideco.com\/es\/cajoneras\" target=\"_blank\" rel=\"noopener\"><strong>cajoneras de madera<\/strong><\/a><\/span>, aliadas perfectas para tener todo en orden y poder estudiar o trabajar en absoluta paz.\u00a0<\/span><\/p>\n<div id=\"attachment_3643\" style=\"width: 1210px\" class=\"wp-caption alignleft\"><img decoding=\"async\" aria-describedby=\"caption-attachment-3643\" class=\"lazyload wp-image-3643 size-fusion-1200\" src=\"https:\/\/astideco.com\/blog\/wp-content\/uploads\/2021\/09\/cajoneras-para-organizar-escritorio-1200x603.jpg\" data-orig-src=\"https:\/\/astideco.com\/blog\/wp-content\/uploads\/2021\/09\/cajoneras-para-organizar-escritorio-1200x603.jpg\" alt=\"\" width=\"1200\" height=\"603\" srcset=\"data:image\/svg+xml,%3Csvg%20xmlns%3D%27http%3A%2F%2Fwww.w3.org%2F2000%2Fsvg%27%20width%3D%271200%27%20height%3D%27603%27%20viewBox%3D%270%200%201200%20603%27%3E%3Crect%20width%3D%271200%27%20height%3D%27603%27%20fill-opacity%3D%220%22%2F%3E%3C%2Fsvg%3E\" data-srcset=\"https:\/\/astideco.com\/blog\/wp-content\/uploads\/2021\/09\/cajoneras-para-organizar-escritorio-200x101.jpg 200w, https:\/\/astideco.com\/blog\/wp-content\/uploads\/2021\/09\/cajoneras-para-organizar-escritorio-300x151.jpg 300w, https:\/\/astideco.com\/blog\/wp-content\/uploads\/2021\/09\/cajoneras-para-organizar-escritorio-400x201.jpg 400w, https:\/\/astideco.com\/blog\/wp-content\/uploads\/2021\/09\/cajoneras-para-organizar-escritorio-540x272.jpg 540w, https:\/\/astideco.com\/blog\/wp-content\/uploads\/2021\/09\/cajoneras-para-organizar-escritorio-600x302.jpg 600w, https:\/\/astideco.com\/blog\/wp-content\/uploads\/2021\/09\/cajoneras-para-organizar-escritorio-768x386.jpg 768w, https:\/\/astideco.com\/blog\/wp-content\/uploads\/2021\/09\/cajoneras-para-organizar-escritorio-800x402.jpg 800w, https:\/\/astideco.com\/blog\/wp-content\/uploads\/2021\/09\/cajoneras-para-organizar-escritorio-1024x515.jpg 1024w, https:\/\/astideco.com\/blog\/wp-content\/uploads\/2021\/09\/cajoneras-para-organizar-escritorio-1200x603.jpg 1200w, https:\/\/astideco.com\/blog\/wp-content\/uploads\/2021\/09\/cajoneras-para-organizar-escritorio-1536x772.jpg 1536w\" data-sizes=\"auto\" data-orig-sizes=\"(max-width: 1200px) 100vw, 1200px\" \/><p id=\"caption-attachment-3643\" class=\"wp-caption-text\">Instagram: <a href=\"https:\/\/www.instagram.com\/roser_home_\/?hl=es\" target=\"_blank\" rel=\"noopener\"><strong>@roser_home_<\/strong><\/a> y <a href=\"https:\/\/www.instagram.com\/amparo_lasnubes\/?hl=es\" target=\"_blank\" rel=\"noopener\"><strong>@amparo_lasnubes<\/strong><\/a>. <span>Las <span><strong><a href=\"https:\/\/astideco.com\/es\/busqueda?controller=search&amp;s=cajonera+natura\" target=\"_blank\" rel=\"noopener\"><span>cajoneras de 4 y 5 cajones<\/span><\/a><\/strong><\/span> son de la serie Natura de Astigarraga Kit Line.<\/span><\/p><\/div>\n<h2><span>3. Ordena tu escritorio con mini cajoneras<\/span><\/h2>\n<p><span>Bol\u00edgrafos, libretas, el planner, los post it, la grapadora, las grapas&#8230; Todas estas peque\u00f1as cosas forman parte de tu d\u00eda a d\u00eda. \u00bfY qu\u00e9 sucede con ellas? Que si no tienes un sitio destinado para ellas, terminar\u00e1n colonizando tu escritorio. Por eso, pon una o varias <span><strong><span><a href=\"https:\/\/astideco.com\/es\/cajoneras\" target=\"_blank\" rel=\"noopener\">mini cajoneras de madera <\/a><\/span><\/strong><\/span>en tu vida y ver\u00e1s c\u00f3mo tu mesa estar\u00e1 despejada, limpia y ordenada.<\/span><\/p>\n<p><img decoding=\"async\" class=\"lazyload wp-image-3644 size-fusion-1200\" src=\"https:\/\/astideco.com\/blog\/wp-content\/uploads\/2021\/09\/mini-cajoneras-para-escritorio-1200x800.jpg\" data-orig-src=\"https:\/\/astideco.com\/blog\/wp-content\/uploads\/2021\/09\/mini-cajoneras-para-escritorio-1200x800.jpg\" alt=\"\" width=\"1200\" height=\"800\" srcset=\"data:image\/svg+xml,%3Csvg%20xmlns%3D%27http%3A%2F%2Fwww.w3.org%2F2000%2Fsvg%27%20width%3D%271200%27%20height%3D%27800%27%20viewBox%3D%270%200%201200%20800%27%3E%3Crect%20width%3D%271200%27%20height%3D%27800%27%20fill-opacity%3D%220%22%2F%3E%3C%2Fsvg%3E\" data-srcset=\"https:\/\/astideco.com\/blog\/wp-content\/uploads\/2021\/09\/mini-cajoneras-para-escritorio-200x133.jpg 200w, https:\/\/astideco.com\/blog\/wp-content\/uploads\/2021\/09\/mini-cajoneras-para-escritorio-300x200.jpg 300w, https:\/\/astideco.com\/blog\/wp-content\/uploads\/2021\/09\/mini-cajoneras-para-escritorio-400x267.jpg 400w, https:\/\/astideco.com\/blog\/wp-content\/uploads\/2021\/09\/mini-cajoneras-para-escritorio-600x400.jpg 600w, https:\/\/astideco.com\/blog\/wp-content\/uploads\/2021\/09\/mini-cajoneras-para-escritorio-768x512.jpg 768w, https:\/\/astideco.com\/blog\/wp-content\/uploads\/2021\/09\/mini-cajoneras-para-escritorio-800x533.jpg 800w, https:\/\/astideco.com\/blog\/wp-content\/uploads\/2021\/09\/mini-cajoneras-para-escritorio-1024x683.jpg 1024w, https:\/\/astideco.com\/blog\/wp-content\/uploads\/2021\/09\/mini-cajoneras-para-escritorio-1200x800.jpg 1200w, https:\/\/astideco.com\/blog\/wp-content\/uploads\/2021\/09\/mini-cajoneras-para-escritorio-1536x1024.jpg 1536w\" data-sizes=\"auto\" data-orig-sizes=\"(max-width: 1200px) 100vw, 1200px\" \/><\/p>\n<h2><span>4. Armarios todoterreno<\/span><\/h2>\n<p><span>Es normal tener que consultar libros o documentos, pero una vez que los hayamos usados, lo mejor es volver a archivarlos. Por eso se hace imprescindible contar con <span><strong><a href=\"https:\/\/astideco.com\/es\/estanterias\" target=\"_blank\" rel=\"noopener\">estanter\u00edas<\/a> de madera<\/strong><\/span> o <span><strong><a href=\"https:\/\/astideco.com\/es\/muebles-de-almacenaje\" target=\"_blank\" rel=\"noopener\">armarios<\/a> de madera<\/strong><\/span> en tu zona de trabajo o estudio. Ganar\u00e1s espacio de almacenaje y conseguir\u00e1s el mejor entorno de estudio o trabajo. En nuestra web tienes muchas <span><a href=\"https:\/\/astideco.com\/blog\/como-organizar-los-libros-de-tu-biblioteca\/\" target=\"_blank\" rel=\"noopener\"><strong>ideas para organizar los libros de tu biblioteca.<\/strong><\/a><\/span><\/span><\/p>\n<div id=\"attachment_3640\" style=\"width: 1210px\" class=\"wp-caption alignleft\"><img decoding=\"async\" aria-describedby=\"caption-attachment-3640\" class=\"lazyload wp-image-3640 size-fusion-1200\" src=\"https:\/\/astideco.com\/blog\/wp-content\/uploads\/2021\/09\/armarios-almacenaje-organizar-escritorio-1200x747.jpg\" data-orig-src=\"https:\/\/astideco.com\/blog\/wp-content\/uploads\/2021\/09\/armarios-almacenaje-organizar-escritorio-1200x747.jpg\" alt=\"\" width=\"1200\" height=\"747\" srcset=\"data:image\/svg+xml,%3Csvg%20xmlns%3D%27http%3A%2F%2Fwww.w3.org%2F2000%2Fsvg%27%20width%3D%271200%27%20height%3D%27747%27%20viewBox%3D%270%200%201200%20747%27%3E%3Crect%20width%3D%271200%27%20height%3D%27747%27%20fill-opacity%3D%220%22%2F%3E%3C%2Fsvg%3E\" data-srcset=\"https:\/\/astideco.com\/blog\/wp-content\/uploads\/2021\/09\/armarios-almacenaje-organizar-escritorio-200x125.jpg 200w, https:\/\/astideco.com\/blog\/wp-content\/uploads\/2021\/09\/armarios-almacenaje-organizar-escritorio-300x187.jpg 300w, https:\/\/astideco.com\/blog\/wp-content\/uploads\/2021\/09\/armarios-almacenaje-organizar-escritorio-400x249.jpg 400w, https:\/\/astideco.com\/blog\/wp-content\/uploads\/2021\/09\/armarios-almacenaje-organizar-escritorio-600x374.jpg 600w, https:\/\/astideco.com\/blog\/wp-content\/uploads\/2021\/09\/armarios-almacenaje-organizar-escritorio-768x478.jpg 768w, https:\/\/astideco.com\/blog\/wp-content\/uploads\/2021\/09\/armarios-almacenaje-organizar-escritorio-800x498.jpg 800w, https:\/\/astideco.com\/blog\/wp-content\/uploads\/2021\/09\/armarios-almacenaje-organizar-escritorio-1024x638.jpg 1024w, https:\/\/astideco.com\/blog\/wp-content\/uploads\/2021\/09\/armarios-almacenaje-organizar-escritorio-1200x747.jpg 1200w, https:\/\/astideco.com\/blog\/wp-content\/uploads\/2021\/09\/armarios-almacenaje-organizar-escritorio-1536x957.jpg 1536w\" data-sizes=\"auto\" data-orig-sizes=\"(max-width: 1200px) 100vw, 1200px\" \/><p id=\"caption-attachment-3640\" class=\"wp-caption-text\">Instagram: <a href=\"https:\/\/www.instagram.com\/mumandhome_\/?hl=es\" target=\"_blank\" rel=\"noopener\"><strong>@mumandhome_<\/strong><\/a><\/p><\/div>\n<div id=\"attachment_4938\" style=\"width: 2010px\" class=\"wp-caption alignnone\"><img decoding=\"async\" aria-describedby=\"caption-attachment-4938\" class=\"lazyload wp-image-4938 size-full\" src=\"https:\/\/astideco.com\/blog\/wp-content\/uploads\/2021\/09\/estanteria_librerio-gala-astigarraga-kit-line.jpg\" data-orig-src=\"https:\/\/astideco.com\/blog\/wp-content\/uploads\/2021\/09\/estanteria_librerio-gala-astigarraga-kit-line.jpg\" alt=\"\" width=\"2000\" height=\"1417\" srcset=\"data:image\/svg+xml,%3Csvg%20xmlns%3D%27http%3A%2F%2Fwww.w3.org%2F2000%2Fsvg%27%20width%3D%272000%27%20height%3D%271417%27%20viewBox%3D%270%200%202000%201417%27%3E%3Crect%20width%3D%272000%27%20height%3D%271417%27%20fill-opacity%3D%220%22%2F%3E%3C%2Fsvg%3E\" data-srcset=\"https:\/\/astideco.com\/blog\/wp-content\/uploads\/2021\/09\/estanteria_librerio-gala-astigarraga-kit-line-200x142.jpg 200w, https:\/\/astideco.com\/blog\/wp-content\/uploads\/2021\/09\/estanteria_librerio-gala-astigarraga-kit-line-300x214.jpg 300w, https:\/\/astideco.com\/blog\/wp-content\/uploads\/2021\/09\/estanteria_librerio-gala-astigarraga-kit-line-400x283.jpg 400w, https:\/\/astideco.com\/blog\/wp-content\/uploads\/2021\/09\/estanteria_librerio-gala-astigarraga-kit-line-600x425.jpg 600w, https:\/\/astideco.com\/blog\/wp-content\/uploads\/2021\/09\/estanteria_librerio-gala-astigarraga-kit-line-768x544.jpg 768w, https:\/\/astideco.com\/blog\/wp-content\/uploads\/2021\/09\/estanteria_librerio-gala-astigarraga-kit-line-800x567.jpg 800w, https:\/\/astideco.com\/blog\/wp-content\/uploads\/2021\/09\/estanteria_librerio-gala-astigarraga-kit-line-1024x726.jpg 1024w, https:\/\/astideco.com\/blog\/wp-content\/uploads\/2021\/09\/estanteria_librerio-gala-astigarraga-kit-line-1200x850.jpg 1200w, https:\/\/astideco.com\/blog\/wp-content\/uploads\/2021\/09\/estanteria_librerio-gala-astigarraga-kit-line-1536x1088.jpg 1536w, https:\/\/astideco.com\/blog\/wp-content\/uploads\/2021\/09\/estanteria_librerio-gala-astigarraga-kit-line.jpg 2000w\" data-sizes=\"auto\" data-orig-sizes=\"(max-width: 2000px) 100vw, 2000px\" \/><p id=\"caption-attachment-4938\" class=\"wp-caption-text\"><span>Estas <span><a href=\"https:\/\/astideco.com\/es\/estanterias-librerias\" target=\"_blank\" rel=\"noopener\"><span><strong>estanter\u00edas de madera<\/strong><\/span><\/a><\/span> son de la colecci\u00f3n Gala de Astigarraga Kit LIne. Est\u00e1n disponibles en distintas medidas, incluso hay <span><a href=\"https:\/\/astideco.com\/es\/estanterias-esquineras\" target=\"_blank\" rel=\"noopener\"><span><strong>estanter\u00edas esquineras<\/strong><\/span><\/a><\/span>.<\/span><\/p><\/div>\n<h2><span>5. Aprovecha las paredes<\/span><\/h2>\n<p><span>\u00a1Lo f\u00e1cil y decorativo que es colocar <span><a href=\"https:\/\/astideco.com\/es\/baldas-y-soportes-de-pared\" target=\"_blank\" rel=\"noopener\"><strong>estantes de madera<\/strong><\/a><\/span> en la pared ! Y adem\u00e1s econ\u00f3mico. Te servir\u00e1n para despejar a\u00fan m\u00e1s la mesa e incluso, por qu\u00e9 no, para colocar alguna l\u00e1mina con alguna frase o cita motivadora e inspiradora que te suba el \u00e1nimo o alguna foto o cuadro que te traiga unbuen recuerdo.<\/span><\/p>\n<div id=\"attachment_3641\" style=\"width: 1210px\" class=\"wp-caption alignleft\"><img decoding=\"async\" aria-describedby=\"caption-attachment-3641\" class=\"lazyload wp-image-3641 size-fusion-1200\" src=\"https:\/\/astideco.com\/blog\/wp-content\/uploads\/2021\/09\/baldas-escritorio-1200x591.jpg\" data-orig-src=\"https:\/\/astideco.com\/blog\/wp-content\/uploads\/2021\/09\/baldas-escritorio-1200x591.jpg\" alt=\"\" width=\"1200\" height=\"591\" srcset=\"data:image\/svg+xml,%3Csvg%20xmlns%3D%27http%3A%2F%2Fwww.w3.org%2F2000%2Fsvg%27%20width%3D%271200%27%20height%3D%27591%27%20viewBox%3D%270%200%201200%20591%27%3E%3Crect%20width%3D%271200%27%20height%3D%27591%27%20fill-opacity%3D%220%22%2F%3E%3C%2Fsvg%3E\" data-srcset=\"https:\/\/astideco.com\/blog\/wp-content\/uploads\/2021\/09\/baldas-escritorio-200x99.jpg 200w, https:\/\/astideco.com\/blog\/wp-content\/uploads\/2021\/09\/baldas-escritorio-300x148.jpg 300w, https:\/\/astideco.com\/blog\/wp-content\/uploads\/2021\/09\/baldas-escritorio-400x197.jpg 400w, https:\/\/astideco.com\/blog\/wp-content\/uploads\/2021\/09\/baldas-escritorio-600x296.jpg 600w, https:\/\/astideco.com\/blog\/wp-content\/uploads\/2021\/09\/baldas-escritorio-768x378.jpg 768w, https:\/\/astideco.com\/blog\/wp-content\/uploads\/2021\/09\/baldas-escritorio-800x394.jpg 800w, https:\/\/astideco.com\/blog\/wp-content\/uploads\/2021\/09\/baldas-escritorio-1024x504.jpg 1024w, https:\/\/astideco.com\/blog\/wp-content\/uploads\/2021\/09\/baldas-escritorio-1200x591.jpg 1200w, https:\/\/astideco.com\/blog\/wp-content\/uploads\/2021\/09\/baldas-escritorio-1536x757.jpg 1536w\" data-sizes=\"auto\" data-orig-sizes=\"(max-width: 1200px) 100vw, 1200px\" \/><p id=\"caption-attachment-3641\" class=\"wp-caption-text\">Instagram: <a href=\"https:\/\/www.instagram.com\/le_monde_de_jaia\/?hl=es\" target=\"_blank\" rel=\"noopener\"><strong>@le_monde_de_jaia<\/strong><\/a><\/p><\/div>\n<p><span>Si quieres huir de la cl\u00e1sica balda, en nuestra web<\/span><span>\u00a0encontrar\u00e1s divertidas y originales soluciones para decorar el frontal de tu escritorio, como por ejemplo el <span><a href=\"https:\/\/astideco.com\/es\/panel-organizador\" target=\"_blank\" rel=\"noopener\"><strong>organizador mural Tetris<\/strong><\/a><\/span>. Solo tienes que elegir una o varias bases de lamas y a\u00f1adir los accesorios que m\u00e1s te gusten y se ajusten a tus necesidades.<\/span><\/p>\n<p><img decoding=\"async\" class=\"lazyload aligncenter wp-image-3645 size-fusion-1200\" src=\"https:\/\/astideco.com\/blog\/wp-content\/uploads\/2021\/09\/TETRIS-5-1200x800.jpg\" data-orig-src=\"https:\/\/astideco.com\/blog\/wp-content\/uploads\/2021\/09\/TETRIS-5-1200x800.jpg\" alt=\"\" width=\"1200\" height=\"800\" srcset=\"data:image\/svg+xml,%3Csvg%20xmlns%3D%27http%3A%2F%2Fwww.w3.org%2F2000%2Fsvg%27%20width%3D%271200%27%20height%3D%27800%27%20viewBox%3D%270%200%201200%20800%27%3E%3Crect%20width%3D%271200%27%20height%3D%27800%27%20fill-opacity%3D%220%22%2F%3E%3C%2Fsvg%3E\" data-srcset=\"https:\/\/astideco.com\/blog\/wp-content\/uploads\/2021\/09\/TETRIS-5-200x133.jpg 200w, https:\/\/astideco.com\/blog\/wp-content\/uploads\/2021\/09\/TETRIS-5-300x200.jpg 300w, https:\/\/astideco.com\/blog\/wp-content\/uploads\/2021\/09\/TETRIS-5-400x267.jpg 400w, https:\/\/astideco.com\/blog\/wp-content\/uploads\/2021\/09\/TETRIS-5-600x400.jpg 600w, https:\/\/astideco.com\/blog\/wp-content\/uploads\/2021\/09\/TETRIS-5-768x512.jpg 768w, https:\/\/astideco.com\/blog\/wp-content\/uploads\/2021\/09\/TETRIS-5-800x533.jpg 800w, https:\/\/astideco.com\/blog\/wp-content\/uploads\/2021\/09\/TETRIS-5-1024x683.jpg 1024w, https:\/\/astideco.com\/blog\/wp-content\/uploads\/2021\/09\/TETRIS-5-1200x800.jpg 1200w, https:\/\/astideco.com\/blog\/wp-content\/uploads\/2021\/09\/TETRIS-5-1536x1024.jpg 1536w\" data-sizes=\"auto\" data-orig-sizes=\"(max-width: 1200px) 100vw, 1200px\" \/><\/p>\n<p><img decoding=\"async\" class=\"lazyload aligncenter wp-image-3646 size-fusion-1200\" src=\"https:\/\/astideco.com\/blog\/wp-content\/uploads\/2021\/09\/tetris-organizar-escritorio-1200x830.jpg\" data-orig-src=\"https:\/\/astideco.com\/blog\/wp-content\/uploads\/2021\/09\/tetris-organizar-escritorio-1200x830.jpg\" alt=\"\" width=\"1200\" height=\"830\" srcset=\"data:image\/svg+xml,%3Csvg%20xmlns%3D%27http%3A%2F%2Fwww.w3.org%2F2000%2Fsvg%27%20width%3D%271200%27%20height%3D%27830%27%20viewBox%3D%270%200%201200%20830%27%3E%3Crect%20width%3D%271200%27%20height%3D%27830%27%20fill-opacity%3D%220%22%2F%3E%3C%2Fsvg%3E\" data-srcset=\"https:\/\/astideco.com\/blog\/wp-content\/uploads\/2021\/09\/tetris-organizar-escritorio-200x138.jpg 200w, https:\/\/astideco.com\/blog\/wp-content\/uploads\/2021\/09\/tetris-organizar-escritorio-300x208.jpg 300w, https:\/\/astideco.com\/blog\/wp-content\/uploads\/2021\/09\/tetris-organizar-escritorio-400x277.jpg 400w, https:\/\/astideco.com\/blog\/wp-content\/uploads\/2021\/09\/tetris-organizar-escritorio-600x415.jpg 600w, https:\/\/astideco.com\/blog\/wp-content\/uploads\/2021\/09\/tetris-organizar-escritorio-768x531.jpg 768w, https:\/\/astideco.com\/blog\/wp-content\/uploads\/2021\/09\/tetris-organizar-escritorio-800x553.jpg 800w, https:\/\/astideco.com\/blog\/wp-content\/uploads\/2021\/09\/tetris-organizar-escritorio-1024x708.jpg 1024w, https:\/\/astideco.com\/blog\/wp-content\/uploads\/2021\/09\/tetris-organizar-escritorio-1200x830.jpg 1200w, https:\/\/astideco.com\/blog\/wp-content\/uploads\/2021\/09\/tetris-organizar-escritorio-1536x1063.jpg 1536w\" data-sizes=\"auto\" data-orig-sizes=\"(max-width: 1200px) 100vw, 1200px\" \/><\/p>\n<p><span>\u00bfQu\u00e9 te han parecido estos <strong>5 productos para ordenar tu escritorio<\/strong>? Nos parecen imprescindibles para crear un entorno de trabajo o estudio agradable. Solo te queda hacerte con un buen planner o agenda donde anotar esa lista interminable de tareas que da gusto eliminarlas una vez que las vamos haciendo. Uno apaga el ordenador feliz de la vida.<\/span><\/p>\n<p><i><span>Gracias por dejarnos decorar tu hogar de manera sostenible.<\/span><\/i><\/p>\n","protected":false},"excerpt":{"rendered":"<p>Lo que cuesta ver una mesa despejada. No de esas que salen en Instagram o Pinterest, que son de ensue\u00f1o sino cuando estamos en nuestras casas y\u00a0 nadie nos ve. Sea un espacio de trabajo o de estudio, es frecuente  [..]<\/p>\n","protected":false},"author":6,"featured_media":3647,"comment_status":"open","ping_status":"open","sticky":false,"template":"","format":"standard","meta":{"footnotes":""},"categories":[644,15],"tags":[],"class_list":["post-3639","post","type-post","status-publish","format-standard","has-post-thumbnail","hentry","category-ideas-y-consejos","category-producto"],"yoast_head":"<!-- This site is optimized with the Yoast SEO plugin v27.0 - https:\/\/yoast.com\/product\/yoast-seo-wordpress\/ -->\n<title>5 productos para ordenar tu escritorio - Astiblog<\/title>\n<meta name=\"description\" content=\"Un espacio ordenado invita a trabajar. Uno desordenado invita a darte media vuelta. Hoy os mostramos 5 productos para ordenar tu escritorio.\" \/>\n<meta name=\"robots\" content=\"index, follow, max-snippet:-1, max-image-preview:large, max-video-preview:-1\" \/>\n<link rel=\"canonical\" href=\"https:\/\/astideco.com\/blog\/5-productos-para-ordenar-tu-escritorio\/\" \/>\n<meta property=\"og:locale\" content=\"es_ES\" \/>\n<meta property=\"og:type\" content=\"article\" \/>\n<meta property=\"og:title\" content=\"5 productos para ordenar tu escritorio - Astiblog\" \/>\n<meta property=\"og:description\" content=\"Un espacio ordenado invita a trabajar. Uno desordenado invita a darte media vuelta. Hoy os mostramos 5 productos para ordenar tu escritorio.\" \/>\n<meta property=\"og:url\" content=\"https:\/\/astideco.com\/blog\/5-productos-para-ordenar-tu-escritorio\/\" \/>\n<meta property=\"og:site_name\" content=\"Astiblog\" \/>\n<meta property=\"article:published_time\" content=\"2023-10-09T07:41:50+00:00\" \/>\n<meta property=\"article:modified_time\" content=\"2024-01-25T08:36:16+00:00\" \/>\n<meta property=\"og:image\" content=\"https:\/\/astideco.com\/blog\/wp-content\/uploads\/2021\/09\/mini-cajoneras-madera-astigarraga-kit-line-1024x683.jpg\" \/>\n\t<meta property=\"og:image:width\" content=\"1024\" \/>\n\t<meta property=\"og:image:height\" content=\"683\" \/>\n\t<meta property=\"og:image:type\" content=\"image\/jpeg\" \/>\n<meta name=\"author\" content=\"Astigarraga Kit Line\" \/>\n<meta name=\"twitter:card\" content=\"summary_large_image\" \/>\n<meta name=\"twitter:label1\" content=\"Escrito por\" \/>\n\t<meta name=\"twitter:data1\" content=\"Astigarraga Kit Line\" \/>\n\t<meta name=\"twitter:label2\" content=\"Tiempo de lectura\" \/>\n\t<meta name=\"twitter:data2\" content=\"5 minutos\" \/>\n<script type=\"application\/ld+json\" class=\"yoast-schema-graph\">{\"@context\":\"https:\/\/schema.org\",\"@graph\":[{\"@type\":\"Article\",\"@id\":\"https:\/\/astideco.com\/blog\/5-productos-para-ordenar-tu-escritorio\/#article\",\"isPartOf\":{\"@id\":\"https:\/\/astideco.com\/blog\/5-productos-para-ordenar-tu-escritorio\/\"},\"author\":{\"name\":\"Astigarraga Kit Line\",\"@id\":\"https:\/\/astideco.com\/blog\/#\/schema\/person\/13fd236103c4c231352fb09b2b7ac5cf\"},\"headline\":\"5 productos para ordenar tu escritorio\",\"datePublished\":\"2023-10-09T07:41:50+00:00\",\"dateModified\":\"2024-01-25T08:36:16+00:00\",\"mainEntityOfPage\":{\"@id\":\"https:\/\/astideco.com\/blog\/5-productos-para-ordenar-tu-escritorio\/\"},\"wordCount\":794,\"commentCount\":0,\"image\":{\"@id\":\"https:\/\/astideco.com\/blog\/5-productos-para-ordenar-tu-escritorio\/#primaryimage\"},\"thumbnailUrl\":\"https:\/\/astideco.com\/blog\/wp-content\/uploads\/2021\/09\/mini-cajoneras-madera-astigarraga-kit-line-scaled.jpg\",\"articleSection\":[\"Ideas y consejos\",\"Producto\"],\"inLanguage\":\"es\",\"potentialAction\":[{\"@type\":\"CommentAction\",\"name\":\"Comment\",\"target\":[\"https:\/\/astideco.com\/blog\/5-productos-para-ordenar-tu-escritorio\/#respond\"]}]},{\"@type\":\"WebPage\",\"@id\":\"https:\/\/astideco.com\/blog\/5-productos-para-ordenar-tu-escritorio\/\",\"url\":\"https:\/\/astideco.com\/blog\/5-productos-para-ordenar-tu-escritorio\/\",\"name\":\"5 productos para ordenar tu escritorio - Astiblog\",\"isPartOf\":{\"@id\":\"https:\/\/astideco.com\/blog\/#website\"},\"primaryImageOfPage\":{\"@id\":\"https:\/\/astideco.com\/blog\/5-productos-para-ordenar-tu-escritorio\/#primaryimage\"},\"image\":{\"@id\":\"https:\/\/astideco.com\/blog\/5-productos-para-ordenar-tu-escritorio\/#primaryimage\"},\"thumbnailUrl\":\"https:\/\/astideco.com\/blog\/wp-content\/uploads\/2021\/09\/mini-cajoneras-madera-astigarraga-kit-line-scaled.jpg\",\"datePublished\":\"2023-10-09T07:41:50+00:00\",\"dateModified\":\"2024-01-25T08:36:16+00:00\",\"author\":{\"@id\":\"https:\/\/astideco.com\/blog\/#\/schema\/person\/13fd236103c4c231352fb09b2b7ac5cf\"},\"description\":\"Un espacio ordenado invita a trabajar. Uno desordenado invita a darte media vuelta. Hoy os mostramos 5 productos para ordenar tu escritorio.\",\"breadcrumb\":{\"@id\":\"https:\/\/astideco.com\/blog\/5-productos-para-ordenar-tu-escritorio\/#breadcrumb\"},\"inLanguage\":\"es\",\"potentialAction\":[{\"@type\":\"ReadAction\",\"target\":[\"https:\/\/astideco.com\/blog\/5-productos-para-ordenar-tu-escritorio\/\"]}]},{\"@type\":\"ImageObject\",\"inLanguage\":\"es\",\"@id\":\"https:\/\/astideco.com\/blog\/5-productos-para-ordenar-tu-escritorio\/#primaryimage\",\"url\":\"https:\/\/astideco.com\/blog\/wp-content\/uploads\/2021\/09\/mini-cajoneras-madera-astigarraga-kit-line-scaled.jpg\",\"contentUrl\":\"https:\/\/astideco.com\/blog\/wp-content\/uploads\/2021\/09\/mini-cajoneras-madera-astigarraga-kit-line-scaled.jpg\",\"width\":2560,\"height\":1707},{\"@type\":\"BreadcrumbList\",\"@id\":\"https:\/\/astideco.com\/blog\/5-productos-para-ordenar-tu-escritorio\/#breadcrumb\",\"itemListElement\":[{\"@type\":\"ListItem\",\"position\":1,\"name\":\"Portada\",\"item\":\"https:\/\/astideco.com\/blog\/\"},{\"@type\":\"ListItem\",\"position\":2,\"name\":\"5 productos para ordenar tu escritorio\"}]},{\"@type\":\"WebSite\",\"@id\":\"https:\/\/astideco.com\/blog\/#website\",\"url\":\"https:\/\/astideco.com\/blog\/\",\"name\":\"Astiblog\",\"description\":\"Blog de Astideco.com\",\"potentialAction\":[{\"@type\":\"SearchAction\",\"target\":{\"@type\":\"EntryPoint\",\"urlTemplate\":\"https:\/\/astideco.com\/blog\/?s={search_term_string}\"},\"query-input\":{\"@type\":\"PropertyValueSpecification\",\"valueRequired\":true,\"valueName\":\"search_term_string\"}}],\"inLanguage\":\"es\"},{\"@type\":\"Person\",\"@id\":\"https:\/\/astideco.com\/blog\/#\/schema\/person\/13fd236103c4c231352fb09b2b7ac5cf\",\"name\":\"Astigarraga Kit Line\"}]}<\/script>\n<!-- \/ Yoast SEO plugin. -->","yoast_head_json":{"title":"5 productos para ordenar tu escritorio - Astiblog","description":"Un espacio ordenado invita a trabajar. Uno desordenado invita a darte media vuelta. Hoy os mostramos 5 productos para ordenar tu escritorio.","robots":{"index":"index","follow":"follow","max-snippet":"max-snippet:-1","max-image-preview":"max-image-preview:large","max-video-preview":"max-video-preview:-1"},"canonical":"https:\/\/astideco.com\/blog\/5-productos-para-ordenar-tu-escritorio\/","og_locale":"es_ES","og_type":"article","og_title":"5 productos para ordenar tu escritorio - Astiblog","og_description":"Un espacio ordenado invita a trabajar. Uno desordenado invita a darte media vuelta. Hoy os mostramos 5 productos para ordenar tu escritorio.","og_url":"https:\/\/astideco.com\/blog\/5-productos-para-ordenar-tu-escritorio\/","og_site_name":"Astiblog","article_published_time":"2023-10-09T07:41:50+00:00","article_modified_time":"2024-01-25T08:36:16+00:00","og_image":[{"width":1024,"height":683,"url":"https:\/\/astideco.com\/blog\/wp-content\/uploads\/2021\/09\/mini-cajoneras-madera-astigarraga-kit-line-1024x683.jpg","type":"image\/jpeg"}],"author":"Astigarraga Kit Line","twitter_card":"summary_large_image","twitter_misc":{"Escrito por":"Astigarraga Kit Line","Tiempo de lectura":"5 minutos"},"schema":{"@context":"https:\/\/schema.org","@graph":[{"@type":"Article","@id":"https:\/\/astideco.com\/blog\/5-productos-para-ordenar-tu-escritorio\/#article","isPartOf":{"@id":"https:\/\/astideco.com\/blog\/5-productos-para-ordenar-tu-escritorio\/"},"author":{"name":"Astigarraga Kit Line","@id":"https:\/\/astideco.com\/blog\/#\/schema\/person\/13fd236103c4c231352fb09b2b7ac5cf"},"headline":"5 productos para ordenar tu escritorio","datePublished":"2023-10-09T07:41:50+00:00","dateModified":"2024-01-25T08:36:16+00:00","mainEntityOfPage":{"@id":"https:\/\/astideco.com\/blog\/5-productos-para-ordenar-tu-escritorio\/"},"wordCount":794,"commentCount":0,"image":{"@id":"https:\/\/astideco.com\/blog\/5-productos-para-ordenar-tu-escritorio\/#primaryimage"},"thumbnailUrl":"https:\/\/astideco.com\/blog\/wp-content\/uploads\/2021\/09\/mini-cajoneras-madera-astigarraga-kit-line-scaled.jpg","articleSection":["Ideas y consejos","Producto"],"inLanguage":"es","potentialAction":[{"@type":"CommentAction","name":"Comment","target":["https:\/\/astideco.com\/blog\/5-productos-para-ordenar-tu-escritorio\/#respond"]}]},{"@type":"WebPage","@id":"https:\/\/astideco.com\/blog\/5-productos-para-ordenar-tu-escritorio\/","url":"https:\/\/astideco.com\/blog\/5-productos-para-ordenar-tu-escritorio\/","name":"5 productos para ordenar tu escritorio - Astiblog","isPartOf":{"@id":"https:\/\/astideco.com\/blog\/#website"},"primaryImageOfPage":{"@id":"https:\/\/astideco.com\/blog\/5-productos-para-ordenar-tu-escritorio\/#primaryimage"},"image":{"@id":"https:\/\/astideco.com\/blog\/5-productos-para-ordenar-tu-escritorio\/#primaryimage"},"thumbnailUrl":"https:\/\/astideco.com\/blog\/wp-content\/uploads\/2021\/09\/mini-cajoneras-madera-astigarraga-kit-line-scaled.jpg","datePublished":"2023-10-09T07:41:50+00:00","dateModified":"2024-01-25T08:36:16+00:00","author":{"@id":"https:\/\/astideco.com\/blog\/#\/schema\/person\/13fd236103c4c231352fb09b2b7ac5cf"},"description":"Un espacio ordenado invita a trabajar. Uno desordenado invita a darte media vuelta. Hoy os mostramos 5 productos para ordenar tu escritorio.","breadcrumb":{"@id":"https:\/\/astideco.com\/blog\/5-productos-para-ordenar-tu-escritorio\/#breadcrumb"},"inLanguage":"es","potentialAction":[{"@type":"ReadAction","target":["https:\/\/astideco.com\/blog\/5-productos-para-ordenar-tu-escritorio\/"]}]},{"@type":"ImageObject","inLanguage":"es","@id":"https:\/\/astideco.com\/blog\/5-productos-para-ordenar-tu-escritorio\/#primaryimage","url":"https:\/\/astideco.com\/blog\/wp-content\/uploads\/2021\/09\/mini-cajoneras-madera-astigarraga-kit-line-scaled.jpg","contentUrl":"https:\/\/astideco.com\/blog\/wp-content\/uploads\/2021\/09\/mini-cajoneras-madera-astigarraga-kit-line-scaled.jpg","width":2560,"height":1707},{"@type":"BreadcrumbList","@id":"https:\/\/astideco.com\/blog\/5-productos-para-ordenar-tu-escritorio\/#breadcrumb","itemListElement":[{"@type":"ListItem","position":1,"name":"Portada","item":"https:\/\/astideco.com\/blog\/"},{"@type":"ListItem","position":2,"name":"5 productos para ordenar tu escritorio"}]},{"@type":"WebSite","@id":"https:\/\/astideco.com\/blog\/#website","url":"https:\/\/astideco.com\/blog\/","name":"Astiblog","description":"Blog de Astideco.com","potentialAction":[{"@type":"SearchAction","target":{"@type":"EntryPoint","urlTemplate":"https:\/\/astideco.com\/blog\/?s={search_term_string}"},"query-input":{"@type":"PropertyValueSpecification","valueRequired":true,"valueName":"search_term_string"}}],"inLanguage":"es"},{"@type":"Person","@id":"https:\/\/astideco.com\/blog\/#\/schema\/person\/13fd236103c4c231352fb09b2b7ac5cf","name":"Astigarraga Kit Line"}]}},"_links":{"self":[{"href":"https:\/\/astideco.com\/blog\/wp-json\/wp\/v2\/posts\/3639","targetHints":{"allow":["GET"]}}],"collection":[{"href":"https:\/\/astideco.com\/blog\/wp-json\/wp\/v2\/posts"}],"about":[{"href":"https:\/\/astideco.com\/blog\/wp-json\/wp\/v2\/types\/post"}],"author":[{"embeddable":true,"href":"https:\/\/astideco.com\/blog\/wp-json\/wp\/v2\/users\/6"}],"replies":[{"embeddable":true,"href":"https:\/\/astideco.com\/blog\/wp-json\/wp\/v2\/comments?post=3639"}],"version-history":[{"count":6,"href":"https:\/\/astideco.com\/blog\/wp-json\/wp\/v2\/posts\/3639\/revisions"}],"predecessor-version":[{"id":4941,"href":"https:\/\/astideco.com\/blog\/wp-json\/wp\/v2\/posts\/3639\/revisions\/4941"}],"wp:featuredmedia":[{"embeddable":true,"href":"https:\/\/astideco.com\/blog\/wp-json\/wp\/v2\/media\/3647"}],"wp:attachment":[{"href":"https:\/\/astideco.com\/blog\/wp-json\/wp\/v2\/media?parent=3639"}],"wp:term":[{"taxonomy":"category","embeddable":true,"href":"https:\/\/astideco.com\/blog\/wp-json\/wp\/v2\/categories?post=3639"},{"taxonomy":"post_tag","embeddable":true,"href":"https:\/\/astideco.com\/blog\/wp-json\/wp\/v2\/tags?post=3639"}],"curies":[{"name":"wp","href":"https:\/\/api.w.org\/{rel}","templated":true}]}}