{"id":3421,"date":"2021-05-07T05:44:21","date_gmt":"2021-05-07T05:44:21","guid":{"rendered":"https:\/\/astideco.com\/blog\/?p=3421"},"modified":"2021-05-13T06:29:12","modified_gmt":"2021-05-13T06:29:12","slug":"antes-y-despues-6-estancias-que-no-parecen-las-mismas","status":"publish","type":"post","link":"https:\/\/astideco.com\/blog\/antes-y-despues-6-estancias-que-no-parecen-las-mismas\/","title":{"rendered":"Antes y despu\u00e9s: 6 estancias que no parecen las mismas"},"content":{"rendered":"<p><span>Que sabemos lo que os gusta un antes y un despu\u00e9s de un espacio desordenado. Que sabemos que os encanta ver una estancia destartalada y que se convierta en uno de esos rincones que te dejan la boca abierta de puro asombro. Una oficina de trabajo en casa, una playroom, una terraza, una lavander\u00eda, un dormitorio y hasta una bodega dom\u00e9stica. Seis espacios que no tienen nada que ver a c\u00f3mo estaban. Sigue leyendo y no te pierdas el post de hoy. Antes y despu\u00e9s: 6 estancias que no parecen las mismas.<\/span><\/p>\n<h2><span>Una oficina en casa m\u00e1s amplia\u00a0<\/span><\/h2>\n<p><span>Para Marta de <a href=\"https:\/\/www.instagram.com\/mumandhome_\/?hl=es\"><strong>@mumandhome<\/strong><\/a>, la clave absoluta de la transformaci\u00f3n expr\u00e9s de su zona de trabajo fue el cambio de distribuci\u00f3n. <\/span><em><span>\u201c<\/span><\/em><span><em>Aprovechando el hueco de la izquierda para poner los <strong>m\u00f3dulos Dinamic <\/strong><\/em>(precio: desde 52,10\u20ac) <em>de Astigarraga Kit Line y pasando la zona de escritorio al fondo he conseguido que el espacio parezca mucho m\u00e1s grande a\u00fan ganando el doble de almacenaje\u201d<\/em>, explica.<\/span><\/p>\n<p><span>Para el escritorio utiliz\u00f3 dos <a href=\"https:\/\/astideco.com\/es\/tableros-de-madera\/tablero-pino-120x60x18\"><strong>tableros de pino<\/strong><\/a> (precio: 32,95\u20ac) y para las estanter\u00edas baldas interiores de los armarios Dinamic que les sobraron. <em>\u201cLe di una mano de pintura a los m\u00f3dulos y a las estanter\u00edas y dos de barniz incoloro mate al tablero\u201d<\/em>, indica. Las <a href=\"https:\/\/astideco.com\/es\/cajoneras\/cajonera-natura-de-madera-de-5-cajones\"><strong>cajoneras son de la colecci\u00f3n Natura<\/strong><\/a> (precio:30,30\u20ac) de Astigarraga Kit Line, pintadas de blanco. Otra de las claves de este proyecto fue empapelar toda la estancia con el papel Sigfrid Grey de <\/span><a href=\"https:\/\/www.instagram.com\/sandbergwallpaper\/\"><span>@sandbergwallpaper<\/span><\/a><span>.<\/span><\/p>\n<p><img decoding=\"async\" class=\"lazyload aligncenter wp-image-3426 size-fusion-1200\" src=\"https:\/\/astideco.com\/blog\/wp-content\/uploads\/2021\/05\/antes-y-despues-oficina-en-casa-1200x1545.jpg\" data-orig-src=\"https:\/\/astideco.com\/blog\/wp-content\/uploads\/2021\/05\/antes-y-despues-oficina-en-casa-1200x1545.jpg\" alt=\"\" width=\"1200\" height=\"1545\" srcset=\"data:image\/svg+xml,%3Csvg%20xmlns%3D%27http%3A%2F%2Fwww.w3.org%2F2000%2Fsvg%27%20width%3D%271200%27%20height%3D%271545%27%20viewBox%3D%270%200%201200%201545%27%3E%3Crect%20width%3D%271200%27%20height%3D%271545%27%20fill-opacity%3D%220%22%2F%3E%3C%2Fsvg%3E\" data-srcset=\"https:\/\/astideco.com\/blog\/wp-content\/uploads\/2021\/05\/antes-y-despues-oficina-en-casa-200x257.jpg 200w, https:\/\/astideco.com\/blog\/wp-content\/uploads\/2021\/05\/antes-y-despues-oficina-en-casa-233x300.jpg 233w, https:\/\/astideco.com\/blog\/wp-content\/uploads\/2021\/05\/antes-y-despues-oficina-en-casa-400x515.jpg 400w, https:\/\/astideco.com\/blog\/wp-content\/uploads\/2021\/05\/antes-y-despues-oficina-en-casa-600x772.jpg 600w, https:\/\/astideco.com\/blog\/wp-content\/uploads\/2021\/05\/antes-y-despues-oficina-en-casa-768x989.jpg 768w, https:\/\/astideco.com\/blog\/wp-content\/uploads\/2021\/05\/antes-y-despues-oficina-en-casa-796x1024.jpg 796w, https:\/\/astideco.com\/blog\/wp-content\/uploads\/2021\/05\/antes-y-despues-oficina-en-casa-800x1030.jpg 800w, https:\/\/astideco.com\/blog\/wp-content\/uploads\/2021\/05\/antes-y-despues-oficina-en-casa-1193x1536.jpg 1193w, https:\/\/astideco.com\/blog\/wp-content\/uploads\/2021\/05\/antes-y-despues-oficina-en-casa-1200x1545.jpg 1200w, https:\/\/astideco.com\/blog\/wp-content\/uploads\/2021\/05\/antes-y-despues-oficina-en-casa-1591x2048.jpg 1591w\" data-sizes=\"auto\" data-orig-sizes=\"(max-width: 1200px) 100vw, 1200px\" \/><\/p>\n<h2><span>Un rinc\u00f3n de lectura infantil de ensue\u00f1o<\/span><\/h2>\n<p><span><a href=\"https:\/\/www.instagram.com\/vasomediolleno_ok\/?hl=es\"><strong>@Vasomediolleno_ok<\/strong><\/a> ha convertido una buhardilla que no ten\u00eda uso en una playroom espectacular, el sue\u00f1o de cualquier ni\u00f1o. Y adem\u00e1s uno de los espacios lo ha destinado a un acogedor rinc\u00f3n de lectura, uno de los mejores regalos que pueden recibir nuestros peque\u00f1os. \u00a0 \u00bfD\u00f3nde pongo todos los juguetes y los cuentos? La verdad es que suelen terminar adue\u00f1\u00e1ndose de la casa, desperdigados por varias estancias pero ahora con esta doble soluci\u00f3n -a un lado <a href=\"https:\/\/astideco.com\/es\/muebles-de-almacenaje\/estanteria-modular-2-puertas-horizontal\"><strong>armarios cerrados<\/strong><\/a> (precio: 86,80\u20ac) y a otro lado los <a href=\"https:\/\/astideco.com\/es\/estantes\"><strong>estantes de pared<\/strong><\/a>\u00a0(precio desde 11,50\u20ac)- el desorden se ha convertido en un dulce orden que invita a jugar y leer.<\/span><\/p>\n<p><img decoding=\"async\" class=\"lazyload aligncenter wp-image-3427 size-fusion-1200\" src=\"https:\/\/astideco.com\/blog\/wp-content\/uploads\/2021\/05\/antes-y-despues-playroom-1200x527.jpg\" data-orig-src=\"https:\/\/astideco.com\/blog\/wp-content\/uploads\/2021\/05\/antes-y-despues-playroom-1200x527.jpg\" alt=\"\" width=\"1200\" height=\"527\" srcset=\"data:image\/svg+xml,%3Csvg%20xmlns%3D%27http%3A%2F%2Fwww.w3.org%2F2000%2Fsvg%27%20width%3D%271200%27%20height%3D%27527%27%20viewBox%3D%270%200%201200%20527%27%3E%3Crect%20width%3D%271200%27%20height%3D%27527%27%20fill-opacity%3D%220%22%2F%3E%3C%2Fsvg%3E\" data-srcset=\"https:\/\/astideco.com\/blog\/wp-content\/uploads\/2021\/05\/antes-y-despues-playroom-200x88.jpg 200w, https:\/\/astideco.com\/blog\/wp-content\/uploads\/2021\/05\/antes-y-despues-playroom-300x132.jpg 300w, https:\/\/astideco.com\/blog\/wp-content\/uploads\/2021\/05\/antes-y-despues-playroom-400x176.jpg 400w, https:\/\/astideco.com\/blog\/wp-content\/uploads\/2021\/05\/antes-y-despues-playroom-600x263.jpg 600w, https:\/\/astideco.com\/blog\/wp-content\/uploads\/2021\/05\/antes-y-despues-playroom-768x337.jpg 768w, https:\/\/astideco.com\/blog\/wp-content\/uploads\/2021\/05\/antes-y-despues-playroom-800x351.jpg 800w, https:\/\/astideco.com\/blog\/wp-content\/uploads\/2021\/05\/antes-y-despues-playroom-1024x450.jpg 1024w, https:\/\/astideco.com\/blog\/wp-content\/uploads\/2021\/05\/antes-y-despues-playroom-1200x527.jpg 1200w, https:\/\/astideco.com\/blog\/wp-content\/uploads\/2021\/05\/antes-y-despues-playroom-1536x674.jpg 1536w\" data-sizes=\"auto\" data-orig-sizes=\"(max-width: 1200px) 100vw, 1200px\" \/><\/p>\n<h2><span>Una terraza con aire natural<\/span><\/h2>\n<p><span>Textiles alegres, plantas y madera. Es el trinomio perfecto para dar vida a una terraza vac\u00eda. Y es lo que ha hecho <a href=\"https:\/\/www.instagram.com\/tamara_st_\/?hl=es\"><strong>@tamara_st<\/strong><\/a>. Una mesa formada por nuestro <a href=\"https:\/\/astideco.com\/es\/mesas-y-escritorios\/tablero-de-madera-de-pino-para-mesa-comedor-160x70-cm-gran-grosor-de-35-cm\"><strong>tablero de madera maciza de 160cm<\/strong><\/a> y los <a href=\"https:\/\/astideco.com\/es\/caballetes\/caballete-de-madera-maciza-de-pino-one\"><strong>caballetes One<\/strong><\/a>, perfecta para disfrutar con tu familia y amigos de una cena al aire libre. En la pared, pod\u00e9is colocar el <a href=\"https:\/\/astideco.com\/es\/panel-organizador\"><strong>organizador mural Tetris<\/strong><\/a> o cualquier modelos de nuestras<a href=\"https:\/\/astideco.com\/es\/cajas-sin-tapa\"><strong> cajas de madera maciza<\/strong><\/a>.<\/span><\/p>\n<p><img decoding=\"async\" class=\"lazyload aligncenter wp-image-3428 size-fusion-1200\" src=\"https:\/\/astideco.com\/blog\/wp-content\/uploads\/2021\/05\/antes-y-despues-terraza-1200x1778.jpg\" data-orig-src=\"https:\/\/astideco.com\/blog\/wp-content\/uploads\/2021\/05\/antes-y-despues-terraza-1200x1778.jpg\" alt=\"\" width=\"1200\" height=\"1778\" srcset=\"data:image\/svg+xml,%3Csvg%20xmlns%3D%27http%3A%2F%2Fwww.w3.org%2F2000%2Fsvg%27%20width%3D%271200%27%20height%3D%271778%27%20viewBox%3D%270%200%201200%201778%27%3E%3Crect%20width%3D%271200%27%20height%3D%271778%27%20fill-opacity%3D%220%22%2F%3E%3C%2Fsvg%3E\" data-srcset=\"https:\/\/astideco.com\/blog\/wp-content\/uploads\/2021\/05\/antes-y-despues-terraza-200x296.jpg 200w, https:\/\/astideco.com\/blog\/wp-content\/uploads\/2021\/05\/antes-y-despues-terraza-202x300.jpg 202w, https:\/\/astideco.com\/blog\/wp-content\/uploads\/2021\/05\/antes-y-despues-terraza-400x593.jpg 400w, https:\/\/astideco.com\/blog\/wp-content\/uploads\/2021\/05\/antes-y-despues-terraza-600x889.jpg 600w, https:\/\/astideco.com\/blog\/wp-content\/uploads\/2021\/05\/antes-y-despues-terraza-691x1024.jpg 691w, https:\/\/astideco.com\/blog\/wp-content\/uploads\/2021\/05\/antes-y-despues-terraza-768x1138.jpg 768w, https:\/\/astideco.com\/blog\/wp-content\/uploads\/2021\/05\/antes-y-despues-terraza-800x1185.jpg 800w, https:\/\/astideco.com\/blog\/wp-content\/uploads\/2021\/05\/antes-y-despues-terraza-1037x1536.jpg 1037w, https:\/\/astideco.com\/blog\/wp-content\/uploads\/2021\/05\/antes-y-despues-terraza-1200x1778.jpg 1200w, https:\/\/astideco.com\/blog\/wp-content\/uploads\/2021\/05\/antes-y-despues-terraza-1382x2048.jpg 1382w, https:\/\/astideco.com\/blog\/wp-content\/uploads\/2021\/05\/antes-y-despues-terraza-scaled.jpg 1728w\" data-sizes=\"auto\" data-orig-sizes=\"(max-width: 1200px) 100vw, 1200px\" \/><\/p>\n<h2><span>Lavar y planchar la ropa no tiene por qu\u00e9 ser aburrido<\/span><\/h2>\n<p><span>Hacer la colada, secar y despu\u00e9s planchar no tienen que ser tareas aburridas si consigues hacer de tu lavander\u00eda un espacio encantador. O si no , mira el cambio espectacular de la buanderie de <a href=\"https:\/\/www.instagram.com\/loisel_industry\/?hl=es\"><strong>@loisel_industry<\/strong><\/a>. Ha unificado toda la encimera con nuestros tableros de madera maciza, y ha colocado cajas, cajoneras y mini cajoneras de madera maciza de pino para que todo est\u00e9 fuera de la vista y conseguir as\u00ed una mayor sensaci\u00f3n de orden.<\/span><\/p>\n<p><img decoding=\"async\" class=\"lazyload aligncenter wp-image-3422\" src=\"https:\/\/astideco.com\/blog\/wp-content\/uploads\/2021\/05\/57088324_315721299113046_3135900110998614240_n-300x300.jpg\" data-orig-src=\"https:\/\/astideco.com\/blog\/wp-content\/uploads\/2021\/05\/57088324_315721299113046_3135900110998614240_n-300x300.jpg\" alt=\"\" width=\"1200\" height=\"1200\" srcset=\"data:image\/svg+xml,%3Csvg%20xmlns%3D%27http%3A%2F%2Fwww.w3.org%2F2000%2Fsvg%27%20width%3D%271200%27%20height%3D%271200%27%20viewBox%3D%270%200%201200%201200%27%3E%3Crect%20width%3D%271200%27%20height%3D%271200%27%20fill-opacity%3D%220%22%2F%3E%3C%2Fsvg%3E\" data-srcset=\"https:\/\/astideco.com\/blog\/wp-content\/uploads\/2021\/05\/57088324_315721299113046_3135900110998614240_n-66x66.jpg 66w, https:\/\/astideco.com\/blog\/wp-content\/uploads\/2021\/05\/57088324_315721299113046_3135900110998614240_n-150x150.jpg 150w, https:\/\/astideco.com\/blog\/wp-content\/uploads\/2021\/05\/57088324_315721299113046_3135900110998614240_n-200x200.jpg 200w, https:\/\/astideco.com\/blog\/wp-content\/uploads\/2021\/05\/57088324_315721299113046_3135900110998614240_n-300x300.jpg 300w, https:\/\/astideco.com\/blog\/wp-content\/uploads\/2021\/05\/57088324_315721299113046_3135900110998614240_n-400x400.jpg 400w, https:\/\/astideco.com\/blog\/wp-content\/uploads\/2021\/05\/57088324_315721299113046_3135900110998614240_n-600x600.jpg 600w, https:\/\/astideco.com\/blog\/wp-content\/uploads\/2021\/05\/57088324_315721299113046_3135900110998614240_n-768x768.jpg 768w, https:\/\/astideco.com\/blog\/wp-content\/uploads\/2021\/05\/57088324_315721299113046_3135900110998614240_n-800x800.jpg 800w, https:\/\/astideco.com\/blog\/wp-content\/uploads\/2021\/05\/57088324_315721299113046_3135900110998614240_n-1024x1024.jpg 1024w, https:\/\/astideco.com\/blog\/wp-content\/uploads\/2021\/05\/57088324_315721299113046_3135900110998614240_n.jpg 1080w\" data-sizes=\"auto\" data-orig-sizes=\"(max-width: 1200px) 100vw, 1200px\" \/><\/p>\n<p><img decoding=\"async\" class=\"lazyload aligncenter wp-image-3423\" src=\"https:\/\/astideco.com\/blog\/wp-content\/uploads\/2021\/05\/57123547_441500006658160_6905439448133100745_n-300x300.jpg\" data-orig-src=\"https:\/\/astideco.com\/blog\/wp-content\/uploads\/2021\/05\/57123547_441500006658160_6905439448133100745_n-300x300.jpg\" alt=\"\" width=\"1200\" height=\"1200\" srcset=\"data:image\/svg+xml,%3Csvg%20xmlns%3D%27http%3A%2F%2Fwww.w3.org%2F2000%2Fsvg%27%20width%3D%271200%27%20height%3D%271200%27%20viewBox%3D%270%200%201200%201200%27%3E%3Crect%20width%3D%271200%27%20height%3D%271200%27%20fill-opacity%3D%220%22%2F%3E%3C%2Fsvg%3E\" data-srcset=\"https:\/\/astideco.com\/blog\/wp-content\/uploads\/2021\/05\/57123547_441500006658160_6905439448133100745_n-66x66.jpg 66w, https:\/\/astideco.com\/blog\/wp-content\/uploads\/2021\/05\/57123547_441500006658160_6905439448133100745_n-150x150.jpg 150w, https:\/\/astideco.com\/blog\/wp-content\/uploads\/2021\/05\/57123547_441500006658160_6905439448133100745_n-200x200.jpg 200w, https:\/\/astideco.com\/blog\/wp-content\/uploads\/2021\/05\/57123547_441500006658160_6905439448133100745_n-300x300.jpg 300w, https:\/\/astideco.com\/blog\/wp-content\/uploads\/2021\/05\/57123547_441500006658160_6905439448133100745_n-400x400.jpg 400w, https:\/\/astideco.com\/blog\/wp-content\/uploads\/2021\/05\/57123547_441500006658160_6905439448133100745_n-600x600.jpg 600w, https:\/\/astideco.com\/blog\/wp-content\/uploads\/2021\/05\/57123547_441500006658160_6905439448133100745_n.jpg 640w\" data-sizes=\"auto\" data-orig-sizes=\"(max-width: 1200px) 100vw, 1200px\" \/><\/p>\n<h2><span>Una bodega espectacular<\/span><\/h2>\n<p><span>Para los amantes del vino, tener una bodega en casa es lo m\u00e1s. Es disfrutar de un placer sin igual en tu propia casa, mimar y cuidar los caldos para catarlos en momentos especiales. La bodega de <a href=\"https:\/\/www.instagram.com\/vert_de_gris\/?hl=es\">@vert_de_gris<\/a> con nuestro botelleros de la serie Rioja es uno de esos espacios que parecen encantados y llenos de magia. El antes y el despu\u00e9s habla por s\u00ed solo.\u00a0<\/span><\/p>\n<p><img decoding=\"async\" class=\"lazyload aligncenter wp-image-3429\" src=\"https:\/\/astideco.com\/blog\/wp-content\/uploads\/2021\/05\/antes-y-despues-300x129.jpg\" data-orig-src=\"https:\/\/astideco.com\/blog\/wp-content\/uploads\/2021\/05\/antes-y-despues-300x129.jpg\" alt=\"\" width=\"1200\" height=\"515\" srcset=\"data:image\/svg+xml,%3Csvg%20xmlns%3D%27http%3A%2F%2Fwww.w3.org%2F2000%2Fsvg%27%20width%3D%271200%27%20height%3D%27515%27%20viewBox%3D%270%200%201200%20515%27%3E%3Crect%20width%3D%271200%27%20height%3D%27515%27%20fill-opacity%3D%220%22%2F%3E%3C%2Fsvg%3E\" data-srcset=\"https:\/\/astideco.com\/blog\/wp-content\/uploads\/2021\/05\/antes-y-despues-200x86.jpg 200w, https:\/\/astideco.com\/blog\/wp-content\/uploads\/2021\/05\/antes-y-despues-300x129.jpg 300w, https:\/\/astideco.com\/blog\/wp-content\/uploads\/2021\/05\/antes-y-despues-400x172.jpg 400w, https:\/\/astideco.com\/blog\/wp-content\/uploads\/2021\/05\/antes-y-despues-600x258.jpg 600w, https:\/\/astideco.com\/blog\/wp-content\/uploads\/2021\/05\/antes-y-despues-768x330.jpg 768w, https:\/\/astideco.com\/blog\/wp-content\/uploads\/2021\/05\/antes-y-despues-800x344.jpg 800w, https:\/\/astideco.com\/blog\/wp-content\/uploads\/2021\/05\/antes-y-despues.jpg 971w\" data-sizes=\"auto\" data-orig-sizes=\"(max-width: 1200px) 100vw, 1200px\" \/><\/p>\n<p><img decoding=\"async\" class=\"lazyload aligncenter wp-image-3430\" src=\"https:\/\/astideco.com\/blog\/wp-content\/uploads\/2021\/05\/8-e1501530246464-225x300.jpg\" data-orig-src=\"https:\/\/astideco.com\/blog\/wp-content\/uploads\/2021\/05\/8-e1501530246464-225x300.jpg\" alt=\"\" width=\"1200\" height=\"1600\" srcset=\"data:image\/svg+xml,%3Csvg%20xmlns%3D%27http%3A%2F%2Fwww.w3.org%2F2000%2Fsvg%27%20width%3D%271200%27%20height%3D%271600%27%20viewBox%3D%270%200%201200%201600%27%3E%3Crect%20width%3D%271200%27%20height%3D%271600%27%20fill-opacity%3D%220%22%2F%3E%3C%2Fsvg%3E\" data-srcset=\"https:\/\/astideco.com\/blog\/wp-content\/uploads\/2021\/05\/8-e1501530246464-200x267.jpg 200w, https:\/\/astideco.com\/blog\/wp-content\/uploads\/2021\/05\/8-e1501530246464-225x300.jpg 225w, https:\/\/astideco.com\/blog\/wp-content\/uploads\/2021\/05\/8-e1501530246464-400x533.jpg 400w, https:\/\/astideco.com\/blog\/wp-content\/uploads\/2021\/05\/8-e1501530246464-600x800.jpg 600w, https:\/\/astideco.com\/blog\/wp-content\/uploads\/2021\/05\/8-e1501530246464.jpg 768w\" data-sizes=\"auto\" data-orig-sizes=\"(max-width: 1200px) 100vw, 1200px\" \/><\/p>\n<h2><span>El homestaging est\u00e1 de moda<\/span><\/h2>\n<p><span>Seguro que m\u00e1s de una vez hab\u00e9is escuchado la palabra homestaging. Se trata de mejorar la imagen de una vivienda particular para atraer a los clientes de tal manera que se pueda vender o alquiler con mayor celeridad.\u00a0 Y en <a href=\"https:\/\/www.instagram.com\/quatrecoses\/?hl=es\">Quatre Coses<\/a> se dedican a esto: preparar y decorar inmuebles para su comercializaci\u00f3n en el mercado inmobilario. En su cuenta de Instagram tienen muchos de sus proyectos pero nosotros nos quedamos con este en el que aparece nuestra cajonera Dinamic como mesilla de noche en este espectacular antes y despu\u00e9s.\u00a0<\/span><\/p>\n<p><img decoding=\"async\" class=\"lazyload aligncenter wp-image-3425\" src=\"https:\/\/astideco.com\/blog\/wp-content\/uploads\/2021\/05\/157129174_192337055588672_1982076260602368524_n-300x300.jpg\" data-orig-src=\"https:\/\/astideco.com\/blog\/wp-content\/uploads\/2021\/05\/157129174_192337055588672_1982076260602368524_n-300x300.jpg\" alt=\"\" width=\"1200\" height=\"1200\" srcset=\"data:image\/svg+xml,%3Csvg%20xmlns%3D%27http%3A%2F%2Fwww.w3.org%2F2000%2Fsvg%27%20width%3D%271200%27%20height%3D%271200%27%20viewBox%3D%270%200%201200%201200%27%3E%3Crect%20width%3D%271200%27%20height%3D%271200%27%20fill-opacity%3D%220%22%2F%3E%3C%2Fsvg%3E\" data-srcset=\"https:\/\/astideco.com\/blog\/wp-content\/uploads\/2021\/05\/157129174_192337055588672_1982076260602368524_n-66x66.jpg 66w, https:\/\/astideco.com\/blog\/wp-content\/uploads\/2021\/05\/157129174_192337055588672_1982076260602368524_n-150x150.jpg 150w, https:\/\/astideco.com\/blog\/wp-content\/uploads\/2021\/05\/157129174_192337055588672_1982076260602368524_n-200x200.jpg 200w, https:\/\/astideco.com\/blog\/wp-content\/uploads\/2021\/05\/157129174_192337055588672_1982076260602368524_n-300x300.jpg 300w, https:\/\/astideco.com\/blog\/wp-content\/uploads\/2021\/05\/157129174_192337055588672_1982076260602368524_n-400x400.jpg 400w, https:\/\/astideco.com\/blog\/wp-content\/uploads\/2021\/05\/157129174_192337055588672_1982076260602368524_n-600x600.jpg 600w, https:\/\/astideco.com\/blog\/wp-content\/uploads\/2021\/05\/157129174_192337055588672_1982076260602368524_n-768x768.jpg 768w, https:\/\/astideco.com\/blog\/wp-content\/uploads\/2021\/05\/157129174_192337055588672_1982076260602368524_n-800x800.jpg 800w, https:\/\/astideco.com\/blog\/wp-content\/uploads\/2021\/05\/157129174_192337055588672_1982076260602368524_n.jpg 1000w\" data-sizes=\"auto\" data-orig-sizes=\"(max-width: 1200px) 100vw, 1200px\" \/><\/p>\n<p><img decoding=\"async\" class=\"lazyload wp-image-3424 aligncenter\" src=\"https:\/\/astideco.com\/blog\/wp-content\/uploads\/2021\/05\/157033866_156303506313627_5706258192082630999_n-300x300.jpg\" data-orig-src=\"https:\/\/astideco.com\/blog\/wp-content\/uploads\/2021\/05\/157033866_156303506313627_5706258192082630999_n-300x300.jpg\" alt=\"\" width=\"1200\" height=\"1200\" srcset=\"data:image\/svg+xml,%3Csvg%20xmlns%3D%27http%3A%2F%2Fwww.w3.org%2F2000%2Fsvg%27%20width%3D%271200%27%20height%3D%271200%27%20viewBox%3D%270%200%201200%201200%27%3E%3Crect%20width%3D%271200%27%20height%3D%271200%27%20fill-opacity%3D%220%22%2F%3E%3C%2Fsvg%3E\" data-srcset=\"https:\/\/astideco.com\/blog\/wp-content\/uploads\/2021\/05\/157033866_156303506313627_5706258192082630999_n-66x66.jpg 66w, https:\/\/astideco.com\/blog\/wp-content\/uploads\/2021\/05\/157033866_156303506313627_5706258192082630999_n-150x150.jpg 150w, https:\/\/astideco.com\/blog\/wp-content\/uploads\/2021\/05\/157033866_156303506313627_5706258192082630999_n-200x200.jpg 200w, https:\/\/astideco.com\/blog\/wp-content\/uploads\/2021\/05\/157033866_156303506313627_5706258192082630999_n-300x300.jpg 300w, https:\/\/astideco.com\/blog\/wp-content\/uploads\/2021\/05\/157033866_156303506313627_5706258192082630999_n-400x400.jpg 400w, https:\/\/astideco.com\/blog\/wp-content\/uploads\/2021\/05\/157033866_156303506313627_5706258192082630999_n-600x600.jpg 600w, https:\/\/astideco.com\/blog\/wp-content\/uploads\/2021\/05\/157033866_156303506313627_5706258192082630999_n.jpg 640w\" data-sizes=\"auto\" data-orig-sizes=\"(max-width: 1200px) 100vw, 1200px\" \/><\/p>\n<p><span>\u00bfQu\u00e9 os han parecido estas transformaciones? Si te has quedado con ganas de m\u00e1s, no te pierdas estos otros <a href=\"https:\/\/astideco.com\/blog\/los-antes-y-despues-que-te-inspiraran-para-mejorar-tu-casa\/\"><strong>antes y despu\u00e9s<\/strong><\/a>. Te inspirar\u00e1n a mejor tu hogar.<\/span><\/p>\n<p><i><span>Gracias por dejarnos decorar tu hogar de manera sostenible.<\/span><\/i><\/p>\n","protected":false},"excerpt":{"rendered":"<p>Que sabemos lo que os gusta un antes y un despu\u00e9s de un espacio desordenado. Que sabemos que os encanta ver una estancia destartalada y que se convierta en uno de esos rincones que te dejan la boca abierta de  [..]<\/p>\n","protected":false},"author":6,"featured_media":3432,"comment_status":"open","ping_status":"open","sticky":false,"template":"","format":"standard","meta":{"footnotes":""},"categories":[15],"tags":[594,62,60],"class_list":["post-3421","post","type-post","status-publish","format-standard","has-post-thumbnail","hentry","category-producto","tag-antes-y-depues","tag-astigarraga-kit-line","tag-astikitline"],"yoast_head":"<!-- This site is optimized with the Yoast SEO plugin v27.0 - https:\/\/yoast.com\/product\/yoast-seo-wordpress\/ -->\n<title>Antes y despu\u00e9s: 6 estancias que no parecen las mismas - Astiblog<\/title>\n<meta name=\"description\" content=\"Seis espacios transformados. Sigue leyendo y no te pierdas el post de hoy. Antes y despu\u00e9s: 6 estancias que no parecen las mismas.\" \/>\n<meta name=\"robots\" content=\"index, follow, max-snippet:-1, max-image-preview:large, max-video-preview:-1\" \/>\n<link rel=\"canonical\" href=\"https:\/\/astideco.com\/blog\/antes-y-despues-6-estancias-que-no-parecen-las-mismas\/\" \/>\n<meta property=\"og:locale\" content=\"es_ES\" \/>\n<meta property=\"og:type\" content=\"article\" \/>\n<meta property=\"og:title\" content=\"Antes y despu\u00e9s: 6 estancias que no parecen las mismas - Astiblog\" \/>\n<meta property=\"og:description\" content=\"Seis espacios transformados. Sigue leyendo y no te pierdas el post de hoy. Antes y despu\u00e9s: 6 estancias que no parecen las mismas.\" \/>\n<meta property=\"og:url\" content=\"https:\/\/astideco.com\/blog\/antes-y-despues-6-estancias-que-no-parecen-las-mismas\/\" \/>\n<meta property=\"og:site_name\" content=\"Astiblog\" \/>\n<meta property=\"article:published_time\" content=\"2021-05-07T05:44:21+00:00\" \/>\n<meta property=\"article:modified_time\" content=\"2021-05-13T06:29:12+00:00\" \/>\n<meta property=\"og:image\" content=\"https:\/\/astideco.com\/blog\/wp-content\/uploads\/2021\/05\/portada-antes-y-despues.jpg\" \/>\n\t<meta property=\"og:image:width\" content=\"632\" \/>\n\t<meta property=\"og:image:height\" content=\"384\" \/>\n\t<meta property=\"og:image:type\" content=\"image\/jpeg\" \/>\n<meta name=\"author\" content=\"Astigarraga Kit Line\" \/>\n<meta name=\"twitter:card\" content=\"summary_large_image\" \/>\n<meta name=\"twitter:label1\" content=\"Escrito por\" \/>\n\t<meta name=\"twitter:data1\" content=\"Astigarraga Kit Line\" \/>\n\t<meta name=\"twitter:label2\" content=\"Tiempo de lectura\" \/>\n\t<meta name=\"twitter:data2\" content=\"4 minutos\" \/>\n<script type=\"application\/ld+json\" class=\"yoast-schema-graph\">{\"@context\":\"https:\/\/schema.org\",\"@graph\":[{\"@type\":\"Article\",\"@id\":\"https:\/\/astideco.com\/blog\/antes-y-despues-6-estancias-que-no-parecen-las-mismas\/#article\",\"isPartOf\":{\"@id\":\"https:\/\/astideco.com\/blog\/antes-y-despues-6-estancias-que-no-parecen-las-mismas\/\"},\"author\":{\"name\":\"Astigarraga Kit Line\",\"@id\":\"https:\/\/astideco.com\/blog\/#\/schema\/person\/13fd236103c4c231352fb09b2b7ac5cf\"},\"headline\":\"Antes y despu\u00e9s: 6 estancias que no parecen las mismas\",\"datePublished\":\"2021-05-07T05:44:21+00:00\",\"dateModified\":\"2021-05-13T06:29:12+00:00\",\"mainEntityOfPage\":{\"@id\":\"https:\/\/astideco.com\/blog\/antes-y-despues-6-estancias-que-no-parecen-las-mismas\/\"},\"wordCount\":764,\"commentCount\":0,\"image\":{\"@id\":\"https:\/\/astideco.com\/blog\/antes-y-despues-6-estancias-que-no-parecen-las-mismas\/#primaryimage\"},\"thumbnailUrl\":\"https:\/\/astideco.com\/blog\/wp-content\/uploads\/2021\/05\/portada-antes-y-despues.jpg\",\"keywords\":[\"Antes y depu\u00e9s\",\"astigarraga kit line\",\"astikitline\"],\"articleSection\":[\"Producto\"],\"inLanguage\":\"es\",\"potentialAction\":[{\"@type\":\"CommentAction\",\"name\":\"Comment\",\"target\":[\"https:\/\/astideco.com\/blog\/antes-y-despues-6-estancias-que-no-parecen-las-mismas\/#respond\"]}]},{\"@type\":\"WebPage\",\"@id\":\"https:\/\/astideco.com\/blog\/antes-y-despues-6-estancias-que-no-parecen-las-mismas\/\",\"url\":\"https:\/\/astideco.com\/blog\/antes-y-despues-6-estancias-que-no-parecen-las-mismas\/\",\"name\":\"Antes y despu\u00e9s: 6 estancias que no parecen las mismas - Astiblog\",\"isPartOf\":{\"@id\":\"https:\/\/astideco.com\/blog\/#website\"},\"primaryImageOfPage\":{\"@id\":\"https:\/\/astideco.com\/blog\/antes-y-despues-6-estancias-que-no-parecen-las-mismas\/#primaryimage\"},\"image\":{\"@id\":\"https:\/\/astideco.com\/blog\/antes-y-despues-6-estancias-que-no-parecen-las-mismas\/#primaryimage\"},\"thumbnailUrl\":\"https:\/\/astideco.com\/blog\/wp-content\/uploads\/2021\/05\/portada-antes-y-despues.jpg\",\"datePublished\":\"2021-05-07T05:44:21+00:00\",\"dateModified\":\"2021-05-13T06:29:12+00:00\",\"author\":{\"@id\":\"https:\/\/astideco.com\/blog\/#\/schema\/person\/13fd236103c4c231352fb09b2b7ac5cf\"},\"description\":\"Seis espacios transformados. Sigue leyendo y no te pierdas el post de hoy. Antes y despu\u00e9s: 6 estancias que no parecen las mismas.\",\"breadcrumb\":{\"@id\":\"https:\/\/astideco.com\/blog\/antes-y-despues-6-estancias-que-no-parecen-las-mismas\/#breadcrumb\"},\"inLanguage\":\"es\",\"potentialAction\":[{\"@type\":\"ReadAction\",\"target\":[\"https:\/\/astideco.com\/blog\/antes-y-despues-6-estancias-que-no-parecen-las-mismas\/\"]}]},{\"@type\":\"ImageObject\",\"inLanguage\":\"es\",\"@id\":\"https:\/\/astideco.com\/blog\/antes-y-despues-6-estancias-que-no-parecen-las-mismas\/#primaryimage\",\"url\":\"https:\/\/astideco.com\/blog\/wp-content\/uploads\/2021\/05\/portada-antes-y-despues.jpg\",\"contentUrl\":\"https:\/\/astideco.com\/blog\/wp-content\/uploads\/2021\/05\/portada-antes-y-despues.jpg\",\"width\":632,\"height\":384},{\"@type\":\"BreadcrumbList\",\"@id\":\"https:\/\/astideco.com\/blog\/antes-y-despues-6-estancias-que-no-parecen-las-mismas\/#breadcrumb\",\"itemListElement\":[{\"@type\":\"ListItem\",\"position\":1,\"name\":\"Portada\",\"item\":\"https:\/\/astideco.com\/blog\/\"},{\"@type\":\"ListItem\",\"position\":2,\"name\":\"Antes y despu\u00e9s: 6 estancias que no parecen las mismas\"}]},{\"@type\":\"WebSite\",\"@id\":\"https:\/\/astideco.com\/blog\/#website\",\"url\":\"https:\/\/astideco.com\/blog\/\",\"name\":\"Astiblog\",\"description\":\"Blog de Astideco.com\",\"potentialAction\":[{\"@type\":\"SearchAction\",\"target\":{\"@type\":\"EntryPoint\",\"urlTemplate\":\"https:\/\/astideco.com\/blog\/?s={search_term_string}\"},\"query-input\":{\"@type\":\"PropertyValueSpecification\",\"valueRequired\":true,\"valueName\":\"search_term_string\"}}],\"inLanguage\":\"es\"},{\"@type\":\"Person\",\"@id\":\"https:\/\/astideco.com\/blog\/#\/schema\/person\/13fd236103c4c231352fb09b2b7ac5cf\",\"name\":\"Astigarraga Kit Line\"}]}<\/script>\n<!-- \/ Yoast SEO plugin. -->","yoast_head_json":{"title":"Antes y despu\u00e9s: 6 estancias que no parecen las mismas - Astiblog","description":"Seis espacios transformados. Sigue leyendo y no te pierdas el post de hoy. Antes y despu\u00e9s: 6 estancias que no parecen las mismas.","robots":{"index":"index","follow":"follow","max-snippet":"max-snippet:-1","max-image-preview":"max-image-preview:large","max-video-preview":"max-video-preview:-1"},"canonical":"https:\/\/astideco.com\/blog\/antes-y-despues-6-estancias-que-no-parecen-las-mismas\/","og_locale":"es_ES","og_type":"article","og_title":"Antes y despu\u00e9s: 6 estancias que no parecen las mismas - Astiblog","og_description":"Seis espacios transformados. Sigue leyendo y no te pierdas el post de hoy. Antes y despu\u00e9s: 6 estancias que no parecen las mismas.","og_url":"https:\/\/astideco.com\/blog\/antes-y-despues-6-estancias-que-no-parecen-las-mismas\/","og_site_name":"Astiblog","article_published_time":"2021-05-07T05:44:21+00:00","article_modified_time":"2021-05-13T06:29:12+00:00","og_image":[{"width":632,"height":384,"url":"https:\/\/astideco.com\/blog\/wp-content\/uploads\/2021\/05\/portada-antes-y-despues.jpg","type":"image\/jpeg"}],"author":"Astigarraga Kit Line","twitter_card":"summary_large_image","twitter_misc":{"Escrito por":"Astigarraga Kit Line","Tiempo de lectura":"4 minutos"},"schema":{"@context":"https:\/\/schema.org","@graph":[{"@type":"Article","@id":"https:\/\/astideco.com\/blog\/antes-y-despues-6-estancias-que-no-parecen-las-mismas\/#article","isPartOf":{"@id":"https:\/\/astideco.com\/blog\/antes-y-despues-6-estancias-que-no-parecen-las-mismas\/"},"author":{"name":"Astigarraga Kit Line","@id":"https:\/\/astideco.com\/blog\/#\/schema\/person\/13fd236103c4c231352fb09b2b7ac5cf"},"headline":"Antes y despu\u00e9s: 6 estancias que no parecen las mismas","datePublished":"2021-05-07T05:44:21+00:00","dateModified":"2021-05-13T06:29:12+00:00","mainEntityOfPage":{"@id":"https:\/\/astideco.com\/blog\/antes-y-despues-6-estancias-que-no-parecen-las-mismas\/"},"wordCount":764,"commentCount":0,"image":{"@id":"https:\/\/astideco.com\/blog\/antes-y-despues-6-estancias-que-no-parecen-las-mismas\/#primaryimage"},"thumbnailUrl":"https:\/\/astideco.com\/blog\/wp-content\/uploads\/2021\/05\/portada-antes-y-despues.jpg","keywords":["Antes y depu\u00e9s","astigarraga kit line","astikitline"],"articleSection":["Producto"],"inLanguage":"es","potentialAction":[{"@type":"CommentAction","name":"Comment","target":["https:\/\/astideco.com\/blog\/antes-y-despues-6-estancias-que-no-parecen-las-mismas\/#respond"]}]},{"@type":"WebPage","@id":"https:\/\/astideco.com\/blog\/antes-y-despues-6-estancias-que-no-parecen-las-mismas\/","url":"https:\/\/astideco.com\/blog\/antes-y-despues-6-estancias-que-no-parecen-las-mismas\/","name":"Antes y despu\u00e9s: 6 estancias que no parecen las mismas - Astiblog","isPartOf":{"@id":"https:\/\/astideco.com\/blog\/#website"},"primaryImageOfPage":{"@id":"https:\/\/astideco.com\/blog\/antes-y-despues-6-estancias-que-no-parecen-las-mismas\/#primaryimage"},"image":{"@id":"https:\/\/astideco.com\/blog\/antes-y-despues-6-estancias-que-no-parecen-las-mismas\/#primaryimage"},"thumbnailUrl":"https:\/\/astideco.com\/blog\/wp-content\/uploads\/2021\/05\/portada-antes-y-despues.jpg","datePublished":"2021-05-07T05:44:21+00:00","dateModified":"2021-05-13T06:29:12+00:00","author":{"@id":"https:\/\/astideco.com\/blog\/#\/schema\/person\/13fd236103c4c231352fb09b2b7ac5cf"},"description":"Seis espacios transformados. Sigue leyendo y no te pierdas el post de hoy. Antes y despu\u00e9s: 6 estancias que no parecen las mismas.","breadcrumb":{"@id":"https:\/\/astideco.com\/blog\/antes-y-despues-6-estancias-que-no-parecen-las-mismas\/#breadcrumb"},"inLanguage":"es","potentialAction":[{"@type":"ReadAction","target":["https:\/\/astideco.com\/blog\/antes-y-despues-6-estancias-que-no-parecen-las-mismas\/"]}]},{"@type":"ImageObject","inLanguage":"es","@id":"https:\/\/astideco.com\/blog\/antes-y-despues-6-estancias-que-no-parecen-las-mismas\/#primaryimage","url":"https:\/\/astideco.com\/blog\/wp-content\/uploads\/2021\/05\/portada-antes-y-despues.jpg","contentUrl":"https:\/\/astideco.com\/blog\/wp-content\/uploads\/2021\/05\/portada-antes-y-despues.jpg","width":632,"height":384},{"@type":"BreadcrumbList","@id":"https:\/\/astideco.com\/blog\/antes-y-despues-6-estancias-que-no-parecen-las-mismas\/#breadcrumb","itemListElement":[{"@type":"ListItem","position":1,"name":"Portada","item":"https:\/\/astideco.com\/blog\/"},{"@type":"ListItem","position":2,"name":"Antes y despu\u00e9s: 6 estancias que no parecen las mismas"}]},{"@type":"WebSite","@id":"https:\/\/astideco.com\/blog\/#website","url":"https:\/\/astideco.com\/blog\/","name":"Astiblog","description":"Blog de Astideco.com","potentialAction":[{"@type":"SearchAction","target":{"@type":"EntryPoint","urlTemplate":"https:\/\/astideco.com\/blog\/?s={search_term_string}"},"query-input":{"@type":"PropertyValueSpecification","valueRequired":true,"valueName":"search_term_string"}}],"inLanguage":"es"},{"@type":"Person","@id":"https:\/\/astideco.com\/blog\/#\/schema\/person\/13fd236103c4c231352fb09b2b7ac5cf","name":"Astigarraga Kit Line"}]}},"_links":{"self":[{"href":"https:\/\/astideco.com\/blog\/wp-json\/wp\/v2\/posts\/3421","targetHints":{"allow":["GET"]}}],"collection":[{"href":"https:\/\/astideco.com\/blog\/wp-json\/wp\/v2\/posts"}],"about":[{"href":"https:\/\/astideco.com\/blog\/wp-json\/wp\/v2\/types\/post"}],"author":[{"embeddable":true,"href":"https:\/\/astideco.com\/blog\/wp-json\/wp\/v2\/users\/6"}],"replies":[{"embeddable":true,"href":"https:\/\/astideco.com\/blog\/wp-json\/wp\/v2\/comments?post=3421"}],"version-history":[{"count":2,"href":"https:\/\/astideco.com\/blog\/wp-json\/wp\/v2\/posts\/3421\/revisions"}],"predecessor-version":[{"id":3433,"href":"https:\/\/astideco.com\/blog\/wp-json\/wp\/v2\/posts\/3421\/revisions\/3433"}],"wp:featuredmedia":[{"embeddable":true,"href":"https:\/\/astideco.com\/blog\/wp-json\/wp\/v2\/media\/3432"}],"wp:attachment":[{"href":"https:\/\/astideco.com\/blog\/wp-json\/wp\/v2\/media?parent=3421"}],"wp:term":[{"taxonomy":"category","embeddable":true,"href":"https:\/\/astideco.com\/blog\/wp-json\/wp\/v2\/categories?post=3421"},{"taxonomy":"post_tag","embeddable":true,"href":"https:\/\/astideco.com\/blog\/wp-json\/wp\/v2\/tags?post=3421"}],"curies":[{"name":"wp","href":"https:\/\/api.w.org\/{rel}","templated":true}]}}