{"id":3387,"date":"2021-04-23T08:01:31","date_gmt":"2021-04-23T08:01:31","guid":{"rendered":"https:\/\/astideco.com\/blog\/?p=3387"},"modified":"2021-04-29T16:41:37","modified_gmt":"2021-04-29T16:41:37","slug":"asi-son-nuestros-muebles-funcionales-y-versatiles","status":"publish","type":"post","link":"https:\/\/astideco.com\/blog\/asi-son-nuestros-muebles-funcionales-y-versatiles\/","title":{"rendered":"As\u00ed son nuestros muebles: funcionales y vers\u00e1tiles"},"content":{"rendered":"<p><span>Hay muebles que est\u00e1n dise\u00f1ados y pensados para una sola utilidad y hay otros, como casi todos los de la colecci\u00f3n de <span><a href=\"https:\/\/astideco.com\/es\/\"><strong>Astigarraga Kit Line<\/strong><\/a><\/span>, que est\u00e1n fabricados para adaptarse a distintos usos y espacios. Esta es la filosof\u00eda de nuestra marca: que una misma pieza viaje de una estancia a otra de tu hogar y se convierta en lo que t\u00fa necesitas en cada momento. Y es que as\u00ed son nuestros <strong>muebles: funcionales y vers\u00e1tiles<\/strong>. Hoy os mostramos algunos usos que les pod\u00e9is dar.<\/span><\/p>\n<h2><span>El taburete escalera plegable<\/span><\/h2>\n<p><span>El <a href=\"https:\/\/astideco.com\/es\/taburetes\/escalera-plegable-de-madera\"><strong>taburete escalera<\/strong><\/a> (precio: 33,90\u20ac) es una de las piezas del cat\u00e1logo que m\u00e1s posibilidades permite. M\u00e1s all\u00e1 de su uso m\u00e1s cotidiano para llegar a las zonas m\u00e1s altas de un armario de la cocina o de un dormitorio, lo puedes utilizar tambi\u00e9n como peana para colocar una planta o como mesilla de noche.<\/span><\/p>\n<div id=\"attachment_3389\" style=\"width: 1210px\" class=\"wp-caption aligncenter\"><img decoding=\"async\" aria-describedby=\"caption-attachment-3389\" class=\"lazyload wp-image-3389 size-fusion-1200\" src=\"https:\/\/astideco.com\/blog\/wp-content\/uploads\/2021\/04\/taburete-escalera-plegable-1200x501.jpg\" data-orig-src=\"https:\/\/astideco.com\/blog\/wp-content\/uploads\/2021\/04\/taburete-escalera-plegable-1200x501.jpg\" alt=\"muebles funcionales y vers\u00e1tiles\" width=\"1200\" height=\"501\" srcset=\"data:image\/svg+xml,%3Csvg%20xmlns%3D%27http%3A%2F%2Fwww.w3.org%2F2000%2Fsvg%27%20width%3D%271200%27%20height%3D%27501%27%20viewBox%3D%270%200%201200%20501%27%3E%3Crect%20width%3D%271200%27%20height%3D%27501%27%20fill-opacity%3D%220%22%2F%3E%3C%2Fsvg%3E\" data-srcset=\"https:\/\/astideco.com\/blog\/wp-content\/uploads\/2021\/04\/taburete-escalera-plegable-200x84.jpg 200w, https:\/\/astideco.com\/blog\/wp-content\/uploads\/2021\/04\/taburete-escalera-plegable-300x125.jpg 300w, https:\/\/astideco.com\/blog\/wp-content\/uploads\/2021\/04\/taburete-escalera-plegable-400x167.jpg 400w, https:\/\/astideco.com\/blog\/wp-content\/uploads\/2021\/04\/taburete-escalera-plegable-600x251.jpg 600w, https:\/\/astideco.com\/blog\/wp-content\/uploads\/2021\/04\/taburete-escalera-plegable-768x321.jpg 768w, https:\/\/astideco.com\/blog\/wp-content\/uploads\/2021\/04\/taburete-escalera-plegable-800x334.jpg 800w, https:\/\/astideco.com\/blog\/wp-content\/uploads\/2021\/04\/taburete-escalera-plegable-1024x428.jpg 1024w, https:\/\/astideco.com\/blog\/wp-content\/uploads\/2021\/04\/taburete-escalera-plegable-1200x501.jpg 1200w, https:\/\/astideco.com\/blog\/wp-content\/uploads\/2021\/04\/taburete-escalera-plegable-1536x641.jpg 1536w, https:\/\/astideco.com\/blog\/wp-content\/uploads\/2021\/04\/taburete-escalera-plegable.jpg 1820w\" data-sizes=\"auto\" data-orig-sizes=\"(max-width: 1200px) 100vw, 1200px\" \/><p id=\"caption-attachment-3389\" class=\"wp-caption-text\">Fotos: @esedesara, @elemorlovedecro_blog y @mumaoi<\/p><\/div>\n<h2><span>El organizador mural Tetris<\/span><\/h2>\n<p><span>Se trata de un <a href=\"https:\/\/astideco.com\/es\/panel-organizador\"><strong>panel mural<\/strong> <\/a>-o varios- sobre el que puedes ir a\u00f1adiendo diferentes piezas como baldas, cubos o mini cajoneras. T\u00fa mismo puedes dise\u00f1ar la composici\u00f3n que m\u00e1s te guste seg\u00fan lo que necesites y el espacio en el que lo vayas a colocar. Lo que est\u00e1 claro es que vers\u00e1til es y mucho, porque le puedes dar tantos usos como ideas se te ocurran: desde colocar plantas hasta utilizarlo como botellero o como mueble decorativo en un recibidor para colocar la chaqueta. \u00a1Por ideas que no sean!<\/span><\/p>\n<p><img decoding=\"async\" class=\"lazyload aligncenter wp-image-3392 size-fusion-1200\" src=\"https:\/\/astideco.com\/blog\/wp-content\/uploads\/2021\/04\/TETRIS-6-1-1200x865.jpg\" data-orig-src=\"https:\/\/astideco.com\/blog\/wp-content\/uploads\/2021\/04\/TETRIS-6-1-1200x865.jpg\" alt=\"muebles funcionales \" width=\"1200\" height=\"865\" srcset=\"data:image\/svg+xml,%3Csvg%20xmlns%3D%27http%3A%2F%2Fwww.w3.org%2F2000%2Fsvg%27%20width%3D%271200%27%20height%3D%27865%27%20viewBox%3D%270%200%201200%20865%27%3E%3Crect%20width%3D%271200%27%20height%3D%27865%27%20fill-opacity%3D%220%22%2F%3E%3C%2Fsvg%3E\" data-srcset=\"https:\/\/astideco.com\/blog\/wp-content\/uploads\/2021\/04\/TETRIS-6-1-200x144.jpg 200w, https:\/\/astideco.com\/blog\/wp-content\/uploads\/2021\/04\/TETRIS-6-1-300x216.jpg 300w, https:\/\/astideco.com\/blog\/wp-content\/uploads\/2021\/04\/TETRIS-6-1-400x288.jpg 400w, https:\/\/astideco.com\/blog\/wp-content\/uploads\/2021\/04\/TETRIS-6-1-600x432.jpg 600w, https:\/\/astideco.com\/blog\/wp-content\/uploads\/2021\/04\/TETRIS-6-1-768x554.jpg 768w, https:\/\/astideco.com\/blog\/wp-content\/uploads\/2021\/04\/TETRIS-6-1-800x577.jpg 800w, https:\/\/astideco.com\/blog\/wp-content\/uploads\/2021\/04\/TETRIS-6-1-1024x738.jpg 1024w, https:\/\/astideco.com\/blog\/wp-content\/uploads\/2021\/04\/TETRIS-6-1-1200x865.jpg 1200w, https:\/\/astideco.com\/blog\/wp-content\/uploads\/2021\/04\/TETRIS-6-1-1536x1107.jpg 1536w\" data-sizes=\"auto\" data-orig-sizes=\"(max-width: 1200px) 100vw, 1200px\" \/><\/p>\n<p><img decoding=\"async\" class=\"lazyload aligncenter wp-image-3393 size-fusion-1200\" src=\"https:\/\/astideco.com\/blog\/wp-content\/uploads\/2021\/04\/TETRIS-11-1200x811.jpg\" data-orig-src=\"https:\/\/astideco.com\/blog\/wp-content\/uploads\/2021\/04\/TETRIS-11-1200x811.jpg\" alt=\"muebles funcionales\" width=\"1200\" height=\"811\" srcset=\"data:image\/svg+xml,%3Csvg%20xmlns%3D%27http%3A%2F%2Fwww.w3.org%2F2000%2Fsvg%27%20width%3D%271200%27%20height%3D%27811%27%20viewBox%3D%270%200%201200%20811%27%3E%3Crect%20width%3D%271200%27%20height%3D%27811%27%20fill-opacity%3D%220%22%2F%3E%3C%2Fsvg%3E\" data-srcset=\"https:\/\/astideco.com\/blog\/wp-content\/uploads\/2021\/04\/TETRIS-11-200x135.jpg 200w, https:\/\/astideco.com\/blog\/wp-content\/uploads\/2021\/04\/TETRIS-11-300x203.jpg 300w, https:\/\/astideco.com\/blog\/wp-content\/uploads\/2021\/04\/TETRIS-11-400x270.jpg 400w, https:\/\/astideco.com\/blog\/wp-content\/uploads\/2021\/04\/TETRIS-11-600x406.jpg 600w, https:\/\/astideco.com\/blog\/wp-content\/uploads\/2021\/04\/TETRIS-11-768x519.jpg 768w, https:\/\/astideco.com\/blog\/wp-content\/uploads\/2021\/04\/TETRIS-11-800x541.jpg 800w, https:\/\/astideco.com\/blog\/wp-content\/uploads\/2021\/04\/TETRIS-11-1024x692.jpg 1024w, https:\/\/astideco.com\/blog\/wp-content\/uploads\/2021\/04\/TETRIS-11-1200x811.jpg 1200w, https:\/\/astideco.com\/blog\/wp-content\/uploads\/2021\/04\/TETRIS-11-1536x1039.jpg 1536w\" data-sizes=\"auto\" data-orig-sizes=\"(max-width: 1200px) 100vw, 1200px\" \/><\/p>\n<h2><span>Las estanter\u00edas modulares Dinamic<\/span><\/h2>\n<p><span>Ya el propio nombre es una pista de su enorme funcionalidad. Las <a href=\"https:\/\/astideco.com\/es\/estanterias-modulares\"><strong>estanter\u00edas modulares Dinamic<\/strong><\/a> (precio: desde 20,30\u20ac) son m\u00f3dulos independientes de varias medidas: de uno, dos, tres cuatro\u2026 cubos y cajoneras. Los puedes utilizar individualmente o apilar unos al lado\/encima de otros. Son tan pr\u00e1cticos y vers\u00e1tiles que podr\u00e1s crear estanter\u00edas que encajen igual de bien en un espacio infantil que en un sal\u00f3n o recibidor o crear una mesita para un dormitorio.<\/span><\/p>\n<p><span><img decoding=\"async\" class=\"lazyload aligncenter wp-image-3394\" src=\"https:\/\/astideco.com\/blog\/wp-content\/uploads\/2021\/04\/estanterias-modulares-para-recibidor-cool-200x300.jpg\" data-orig-src=\"https:\/\/astideco.com\/blog\/wp-content\/uploads\/2021\/04\/estanterias-modulares-para-recibidor-cool-200x300.jpg\" alt=\"mueblesfuncionales y vers\u00e1tiles\" width=\"1200\" height=\"1800\" srcset=\"data:image\/svg+xml,%3Csvg%20xmlns%3D%27http%3A%2F%2Fwww.w3.org%2F2000%2Fsvg%27%20width%3D%271200%27%20height%3D%271800%27%20viewBox%3D%270%200%201200%201800%27%3E%3Crect%20width%3D%271200%27%20height%3D%271800%27%20fill-opacity%3D%220%22%2F%3E%3C%2Fsvg%3E\" data-srcset=\"https:\/\/astideco.com\/blog\/wp-content\/uploads\/2021\/04\/estanterias-modulares-para-recibidor-cool-200x300.jpg 200w, https:\/\/astideco.com\/blog\/wp-content\/uploads\/2021\/04\/estanterias-modulares-para-recibidor-cool-400x600.jpg 400w, https:\/\/astideco.com\/blog\/wp-content\/uploads\/2021\/04\/estanterias-modulares-para-recibidor-cool-600x900.jpg 600w, https:\/\/astideco.com\/blog\/wp-content\/uploads\/2021\/04\/estanterias-modulares-para-recibidor-cool.jpg 640w\" data-sizes=\"auto\" data-orig-sizes=\"(max-width: 1200px) 100vw, 1200px\" \/><\/span><\/p>\n<div id=\"attachment_3388\" style=\"width: 1210px\" class=\"wp-caption aligncenter\"><img decoding=\"async\" aria-describedby=\"caption-attachment-3388\" class=\"lazyload wp-image-3388 size-fusion-1200\" src=\"https:\/\/astideco.com\/blog\/wp-content\/uploads\/2021\/04\/modulos-dinamic-1200x705.jpg\" data-orig-src=\"https:\/\/astideco.com\/blog\/wp-content\/uploads\/2021\/04\/modulos-dinamic-1200x705.jpg\" alt=\"muebles funcionales y vers\u00e1tiles\" width=\"1200\" height=\"705\" srcset=\"data:image\/svg+xml,%3Csvg%20xmlns%3D%27http%3A%2F%2Fwww.w3.org%2F2000%2Fsvg%27%20width%3D%271200%27%20height%3D%27705%27%20viewBox%3D%270%200%201200%20705%27%3E%3Crect%20width%3D%271200%27%20height%3D%27705%27%20fill-opacity%3D%220%22%2F%3E%3C%2Fsvg%3E\" data-srcset=\"https:\/\/astideco.com\/blog\/wp-content\/uploads\/2021\/04\/modulos-dinamic-200x117.jpg 200w, https:\/\/astideco.com\/blog\/wp-content\/uploads\/2021\/04\/modulos-dinamic-300x176.jpg 300w, https:\/\/astideco.com\/blog\/wp-content\/uploads\/2021\/04\/modulos-dinamic-400x235.jpg 400w, https:\/\/astideco.com\/blog\/wp-content\/uploads\/2021\/04\/modulos-dinamic-600x352.jpg 600w, https:\/\/astideco.com\/blog\/wp-content\/uploads\/2021\/04\/modulos-dinamic-768x451.jpg 768w, https:\/\/astideco.com\/blog\/wp-content\/uploads\/2021\/04\/modulos-dinamic-800x470.jpg 800w, https:\/\/astideco.com\/blog\/wp-content\/uploads\/2021\/04\/modulos-dinamic-1024x602.jpg 1024w, https:\/\/astideco.com\/blog\/wp-content\/uploads\/2021\/04\/modulos-dinamic-1200x705.jpg 1200w, https:\/\/astideco.com\/blog\/wp-content\/uploads\/2021\/04\/modulos-dinamic-1536x902.jpg 1536w\" data-sizes=\"auto\" data-orig-sizes=\"(max-width: 1200px) 100vw, 1200px\" \/><p id=\"caption-attachment-3388\" class=\"wp-caption-text\">@fee.maison<\/p><\/div>\n<div id=\"attachment_3395\" style=\"width: 1210px\" class=\"wp-caption aligncenter\"><img decoding=\"async\" aria-describedby=\"caption-attachment-3395\" class=\"lazyload wp-image-3395\" src=\"https:\/\/astideco.com\/blog\/wp-content\/uploads\/2021\/04\/estanterias-modulares-de-cubo-Dinamic-300x286.jpg\" data-orig-src=\"https:\/\/astideco.com\/blog\/wp-content\/uploads\/2021\/04\/estanterias-modulares-de-cubo-Dinamic-300x286.jpg\" alt=\"\" width=\"1200\" height=\"1144\" srcset=\"data:image\/svg+xml,%3Csvg%20xmlns%3D%27http%3A%2F%2Fwww.w3.org%2F2000%2Fsvg%27%20width%3D%271200%27%20height%3D%271144%27%20viewBox%3D%270%200%201200%201144%27%3E%3Crect%20width%3D%271200%27%20height%3D%271144%27%20fill-opacity%3D%220%22%2F%3E%3C%2Fsvg%3E\" data-srcset=\"https:\/\/astideco.com\/blog\/wp-content\/uploads\/2021\/04\/estanterias-modulares-de-cubo-Dinamic-200x191.jpg 200w, https:\/\/astideco.com\/blog\/wp-content\/uploads\/2021\/04\/estanterias-modulares-de-cubo-Dinamic-300x286.jpg 300w, https:\/\/astideco.com\/blog\/wp-content\/uploads\/2021\/04\/estanterias-modulares-de-cubo-Dinamic-400x381.jpg 400w, https:\/\/astideco.com\/blog\/wp-content\/uploads\/2021\/04\/estanterias-modulares-de-cubo-Dinamic-600x572.jpg 600w, https:\/\/astideco.com\/blog\/wp-content\/uploads\/2021\/04\/estanterias-modulares-de-cubo-Dinamic-768x732.jpg 768w, https:\/\/astideco.com\/blog\/wp-content\/uploads\/2021\/04\/estanterias-modulares-de-cubo-Dinamic-800x763.jpg 800w, https:\/\/astideco.com\/blog\/wp-content\/uploads\/2021\/04\/estanterias-modulares-de-cubo-Dinamic.jpg 1024w\" data-sizes=\"auto\" data-orig-sizes=\"(max-width: 1200px) 100vw, 1200px\" \/><p id=\"caption-attachment-3395\" class=\"wp-caption-text\">@vasomediolleno_ok<\/p><\/div>\n<h2><span>Los ba\u00fales<\/span><\/h2>\n<p><span>Un ba\u00fal es el mueble perfecto para cualquier estancia. Puede dar la bienvenida a cualquier casa en un recibidor, encajar como mesilla o al pie de una cama en un dormitorio. ordenar los juguetes en un espacio infantil o transformarse en un banco si colocas varios y, claro est\u00e1, si eres de los que te apasionan los DIYs. \u00a1Larga vida a los <a href=\"https:\/\/astideco.com\/es\/baules\"><strong>ba\u00fales <\/strong><\/a>(precio: desde 58,25\u20ac)!<\/span><\/p>\n<div id=\"attachment_3396\" style=\"width: 1210px\" class=\"wp-caption aligncenter\"><img decoding=\"async\" aria-describedby=\"caption-attachment-3396\" class=\"lazyload wp-image-3396\" src=\"https:\/\/astideco.com\/blog\/wp-content\/uploads\/2021\/04\/banco-de-ventana-con-baules-de-madera-300x225.jpeg\" data-orig-src=\"https:\/\/astideco.com\/blog\/wp-content\/uploads\/2021\/04\/banco-de-ventana-con-baules-de-madera-300x225.jpeg\" alt=\"muebles funcionales\" width=\"1200\" height=\"900\" srcset=\"data:image\/svg+xml,%3Csvg%20xmlns%3D%27http%3A%2F%2Fwww.w3.org%2F2000%2Fsvg%27%20width%3D%271200%27%20height%3D%27900%27%20viewBox%3D%270%200%201200%20900%27%3E%3Crect%20width%3D%271200%27%20height%3D%27900%27%20fill-opacity%3D%220%22%2F%3E%3C%2Fsvg%3E\" data-srcset=\"https:\/\/astideco.com\/blog\/wp-content\/uploads\/2021\/04\/banco-de-ventana-con-baules-de-madera-200x150.jpeg 200w, https:\/\/astideco.com\/blog\/wp-content\/uploads\/2021\/04\/banco-de-ventana-con-baules-de-madera-300x225.jpeg 300w, https:\/\/astideco.com\/blog\/wp-content\/uploads\/2021\/04\/banco-de-ventana-con-baules-de-madera-400x300.jpeg 400w, https:\/\/astideco.com\/blog\/wp-content\/uploads\/2021\/04\/banco-de-ventana-con-baules-de-madera-600x450.jpeg 600w, https:\/\/astideco.com\/blog\/wp-content\/uploads\/2021\/04\/banco-de-ventana-con-baules-de-madera.jpeg 640w\" data-sizes=\"auto\" data-orig-sizes=\"(max-width: 1200px) 100vw, 1200px\" \/><p id=\"caption-attachment-3396\" class=\"wp-caption-text\">@sofiaparapluie<\/p><\/div>\n<div id=\"attachment_3390\" style=\"width: 1210px\" class=\"wp-caption aligncenter\"><img decoding=\"async\" aria-describedby=\"caption-attachment-3390\" class=\"lazyload wp-image-3390 size-fusion-1200\" src=\"https:\/\/astideco.com\/blog\/wp-content\/uploads\/2021\/04\/usos-baul-de-madera-maciza-1200x787.jpg\" data-orig-src=\"https:\/\/astideco.com\/blog\/wp-content\/uploads\/2021\/04\/usos-baul-de-madera-maciza-1200x787.jpg\" alt=\"\" width=\"1200\" height=\"787\" srcset=\"data:image\/svg+xml,%3Csvg%20xmlns%3D%27http%3A%2F%2Fwww.w3.org%2F2000%2Fsvg%27%20width%3D%271200%27%20height%3D%27787%27%20viewBox%3D%270%200%201200%20787%27%3E%3Crect%20width%3D%271200%27%20height%3D%27787%27%20fill-opacity%3D%220%22%2F%3E%3C%2Fsvg%3E\" data-srcset=\"https:\/\/astideco.com\/blog\/wp-content\/uploads\/2021\/04\/usos-baul-de-madera-maciza-200x131.jpg 200w, https:\/\/astideco.com\/blog\/wp-content\/uploads\/2021\/04\/usos-baul-de-madera-maciza-300x197.jpg 300w, https:\/\/astideco.com\/blog\/wp-content\/uploads\/2021\/04\/usos-baul-de-madera-maciza-400x262.jpg 400w, https:\/\/astideco.com\/blog\/wp-content\/uploads\/2021\/04\/usos-baul-de-madera-maciza-600x393.jpg 600w, https:\/\/astideco.com\/blog\/wp-content\/uploads\/2021\/04\/usos-baul-de-madera-maciza-768x503.jpg 768w, https:\/\/astideco.com\/blog\/wp-content\/uploads\/2021\/04\/usos-baul-de-madera-maciza-800x524.jpg 800w, https:\/\/astideco.com\/blog\/wp-content\/uploads\/2021\/04\/usos-baul-de-madera-maciza-1024x671.jpg 1024w, https:\/\/astideco.com\/blog\/wp-content\/uploads\/2021\/04\/usos-baul-de-madera-maciza-1200x787.jpg 1200w, https:\/\/astideco.com\/blog\/wp-content\/uploads\/2021\/04\/usos-baul-de-madera-maciza-1536x1007.jpg 1536w\" data-sizes=\"auto\" data-orig-sizes=\"(max-width: 1200px) 100vw, 1200px\" \/><p id=\"caption-attachment-3390\" class=\"wp-caption-text\">@mihogartienealama<\/p><\/div>\n<div id=\"attachment_3397\" style=\"width: 1210px\" class=\"wp-caption aligncenter\"><img decoding=\"async\" aria-describedby=\"caption-attachment-3397\" class=\"lazyload wp-image-3397 size-fusion-1200\" src=\"https:\/\/astideco.com\/blog\/wp-content\/uploads\/2021\/04\/20200603_102416-1200x675.jpg\" data-orig-src=\"https:\/\/astideco.com\/blog\/wp-content\/uploads\/2021\/04\/20200603_102416-1200x675.jpg\" alt=\"muebles funcionales y versatiles\" width=\"1200\" height=\"675\" srcset=\"data:image\/svg+xml,%3Csvg%20xmlns%3D%27http%3A%2F%2Fwww.w3.org%2F2000%2Fsvg%27%20width%3D%271200%27%20height%3D%27675%27%20viewBox%3D%270%200%201200%20675%27%3E%3Crect%20width%3D%271200%27%20height%3D%27675%27%20fill-opacity%3D%220%22%2F%3E%3C%2Fsvg%3E\" data-srcset=\"https:\/\/astideco.com\/blog\/wp-content\/uploads\/2021\/04\/20200603_102416-200x113.jpg 200w, https:\/\/astideco.com\/blog\/wp-content\/uploads\/2021\/04\/20200603_102416-300x169.jpg 300w, https:\/\/astideco.com\/blog\/wp-content\/uploads\/2021\/04\/20200603_102416-400x225.jpg 400w, https:\/\/astideco.com\/blog\/wp-content\/uploads\/2021\/04\/20200603_102416-600x338.jpg 600w, https:\/\/astideco.com\/blog\/wp-content\/uploads\/2021\/04\/20200603_102416-768x432.jpg 768w, https:\/\/astideco.com\/blog\/wp-content\/uploads\/2021\/04\/20200603_102416-800x450.jpg 800w, https:\/\/astideco.com\/blog\/wp-content\/uploads\/2021\/04\/20200603_102416-1024x576.jpg 1024w, https:\/\/astideco.com\/blog\/wp-content\/uploads\/2021\/04\/20200603_102416-1200x675.jpg 1200w, https:\/\/astideco.com\/blog\/wp-content\/uploads\/2021\/04\/20200603_102416-1536x864.jpg 1536w\" data-sizes=\"auto\" data-orig-sizes=\"(max-width: 1200px) 100vw, 1200px\" \/><p id=\"caption-attachment-3397\" class=\"wp-caption-text\">@myyhome_emmy<\/p><\/div>\n<h2><span>Los especieros<\/span><\/h2>\n<p><span>Los <a href=\"https:\/\/astideco.com\/es\/estantes\"><strong>estantes para especias<\/strong><\/a> (precio: desde 24,90\u20ac) son esas peque\u00f1as piezas que ayudan a tener todos los condimentos ordenados y al alcance de la mano. Pero estos especieros pueden servir tambi\u00e9n para organizar los cuentos de los m\u00e1s peque\u00f1os, exponer cuadros o l\u00e1minas decorativas u ordenar los frascos o cremas en un ba\u00f1o.\u00a0<\/span><\/p>\n<p><img decoding=\"async\" class=\"lazyload wp-image-3391 size-fusion-1200 aligncenter\" src=\"https:\/\/astideco.com\/blog\/wp-content\/uploads\/2021\/04\/usos-de-especiero-de-madera-maciza-1200x1816.jpg\" data-orig-src=\"https:\/\/astideco.com\/blog\/wp-content\/uploads\/2021\/04\/usos-de-especiero-de-madera-maciza-1200x1816.jpg\" alt=\"\" width=\"1200\" height=\"1816\" srcset=\"data:image\/svg+xml,%3Csvg%20xmlns%3D%27http%3A%2F%2Fwww.w3.org%2F2000%2Fsvg%27%20width%3D%271200%27%20height%3D%271816%27%20viewBox%3D%270%200%201200%201816%27%3E%3Crect%20width%3D%271200%27%20height%3D%271816%27%20fill-opacity%3D%220%22%2F%3E%3C%2Fsvg%3E\" data-srcset=\"https:\/\/astideco.com\/blog\/wp-content\/uploads\/2021\/04\/usos-de-especiero-de-madera-maciza-198x300.jpg 198w, https:\/\/astideco.com\/blog\/wp-content\/uploads\/2021\/04\/usos-de-especiero-de-madera-maciza-200x303.jpg 200w, https:\/\/astideco.com\/blog\/wp-content\/uploads\/2021\/04\/usos-de-especiero-de-madera-maciza-400x605.jpg 400w, https:\/\/astideco.com\/blog\/wp-content\/uploads\/2021\/04\/usos-de-especiero-de-madera-maciza-600x908.jpg 600w, https:\/\/astideco.com\/blog\/wp-content\/uploads\/2021\/04\/usos-de-especiero-de-madera-maciza-677x1024.jpg 677w, https:\/\/astideco.com\/blog\/wp-content\/uploads\/2021\/04\/usos-de-especiero-de-madera-maciza-768x1162.jpg 768w, https:\/\/astideco.com\/blog\/wp-content\/uploads\/2021\/04\/usos-de-especiero-de-madera-maciza-800x1211.jpg 800w, https:\/\/astideco.com\/blog\/wp-content\/uploads\/2021\/04\/usos-de-especiero-de-madera-maciza-1015x1536.jpg 1015w, https:\/\/astideco.com\/blog\/wp-content\/uploads\/2021\/04\/usos-de-especiero-de-madera-maciza-1200x1816.jpg 1200w, https:\/\/astideco.com\/blog\/wp-content\/uploads\/2021\/04\/usos-de-especiero-de-madera-maciza-1353x2048.jpg 1353w, https:\/\/astideco.com\/blog\/wp-content\/uploads\/2021\/04\/usos-de-especiero-de-madera-maciza.jpg 1464w\" data-sizes=\"auto\" data-orig-sizes=\"(max-width: 1200px) 100vw, 1200px\" \/><\/p>\n<p><i><span>Gracias por dejarnos decorar tu hogar de manera sostenible.<\/span><\/i><\/p>\n","protected":false},"excerpt":{"rendered":"<p>Hay muebles que est\u00e1n dise\u00f1ados y pensados para una sola utilidad y hay otros, como casi todos los de la colecci\u00f3n de Astigarraga Kit Line, que est\u00e1n fabricados para adaptarse a distintos usos y espacios. Esta es la filosof\u00eda de  [..]<\/p>\n","protected":false},"author":6,"featured_media":3398,"comment_status":"open","ping_status":"open","sticky":false,"template":"","format":"standard","meta":{"footnotes":""},"categories":[15],"tags":[],"class_list":["post-3387","post","type-post","status-publish","format-standard","has-post-thumbnail","hentry","category-producto"],"yoast_head":"<!-- This site is optimized with the Yoast SEO plugin v27.0 - https:\/\/yoast.com\/product\/yoast-seo-wordpress\/ -->\n<title>As\u00ed son nuestros muebles: funcionales y vers\u00e1tiles - Astiblog<\/title>\n<meta name=\"description\" content=\"Hay muebles para una sola utilidad y hay otros que se adaptan a distintos usos. As\u00ed son nuestros muebles: funcionales y vers\u00e1tiles.\" \/>\n<meta name=\"robots\" content=\"index, follow, max-snippet:-1, max-image-preview:large, max-video-preview:-1\" \/>\n<link rel=\"canonical\" href=\"https:\/\/astideco.com\/blog\/asi-son-nuestros-muebles-funcionales-y-versatiles\/\" \/>\n<meta property=\"og:locale\" content=\"es_ES\" \/>\n<meta property=\"og:type\" content=\"article\" \/>\n<meta property=\"og:title\" content=\"As\u00ed son nuestros muebles: funcionales y vers\u00e1tiles - Astiblog\" \/>\n<meta property=\"og:description\" content=\"Hay muebles para una sola utilidad y hay otros que se adaptan a distintos usos. As\u00ed son nuestros muebles: funcionales y vers\u00e1tiles.\" \/>\n<meta property=\"og:url\" content=\"https:\/\/astideco.com\/blog\/asi-son-nuestros-muebles-funcionales-y-versatiles\/\" \/>\n<meta property=\"og:site_name\" content=\"Astiblog\" \/>\n<meta property=\"article:published_time\" content=\"2021-04-23T08:01:31+00:00\" \/>\n<meta property=\"article:modified_time\" content=\"2021-04-29T16:41:37+00:00\" \/>\n<meta property=\"og:image\" content=\"https:\/\/astideco.com\/blog\/wp-content\/uploads\/2021\/04\/portada-mueblesfuncionales-y-versatiles-1024x844.jpg\" \/>\n\t<meta property=\"og:image:width\" content=\"1024\" \/>\n\t<meta property=\"og:image:height\" content=\"844\" \/>\n\t<meta property=\"og:image:type\" content=\"image\/jpeg\" \/>\n<meta name=\"author\" content=\"Astigarraga Kit Line\" \/>\n<meta name=\"twitter:card\" content=\"summary_large_image\" \/>\n<meta name=\"twitter:label1\" content=\"Escrito por\" \/>\n\t<meta name=\"twitter:data1\" content=\"Astigarraga Kit Line\" \/>\n\t<meta name=\"twitter:label2\" content=\"Tiempo de lectura\" \/>\n\t<meta name=\"twitter:data2\" content=\"3 minutos\" \/>\n<script type=\"application\/ld+json\" class=\"yoast-schema-graph\">{\"@context\":\"https:\/\/schema.org\",\"@graph\":[{\"@type\":\"Article\",\"@id\":\"https:\/\/astideco.com\/blog\/asi-son-nuestros-muebles-funcionales-y-versatiles\/#article\",\"isPartOf\":{\"@id\":\"https:\/\/astideco.com\/blog\/asi-son-nuestros-muebles-funcionales-y-versatiles\/\"},\"author\":{\"name\":\"Astigarraga Kit Line\",\"@id\":\"https:\/\/astideco.com\/blog\/#\/schema\/person\/13fd236103c4c231352fb09b2b7ac5cf\"},\"headline\":\"As\u00ed son nuestros muebles: funcionales y vers\u00e1tiles\",\"datePublished\":\"2021-04-23T08:01:31+00:00\",\"dateModified\":\"2021-04-29T16:41:37+00:00\",\"mainEntityOfPage\":{\"@id\":\"https:\/\/astideco.com\/blog\/asi-son-nuestros-muebles-funcionales-y-versatiles\/\"},\"wordCount\":545,\"commentCount\":0,\"image\":{\"@id\":\"https:\/\/astideco.com\/blog\/asi-son-nuestros-muebles-funcionales-y-versatiles\/#primaryimage\"},\"thumbnailUrl\":\"https:\/\/astideco.com\/blog\/wp-content\/uploads\/2021\/04\/portada-mueblesfuncionales-y-versatiles-scaled.jpg\",\"articleSection\":[\"Producto\"],\"inLanguage\":\"es\",\"potentialAction\":[{\"@type\":\"CommentAction\",\"name\":\"Comment\",\"target\":[\"https:\/\/astideco.com\/blog\/asi-son-nuestros-muebles-funcionales-y-versatiles\/#respond\"]}]},{\"@type\":\"WebPage\",\"@id\":\"https:\/\/astideco.com\/blog\/asi-son-nuestros-muebles-funcionales-y-versatiles\/\",\"url\":\"https:\/\/astideco.com\/blog\/asi-son-nuestros-muebles-funcionales-y-versatiles\/\",\"name\":\"As\u00ed son nuestros muebles: funcionales y vers\u00e1tiles - Astiblog\",\"isPartOf\":{\"@id\":\"https:\/\/astideco.com\/blog\/#website\"},\"primaryImageOfPage\":{\"@id\":\"https:\/\/astideco.com\/blog\/asi-son-nuestros-muebles-funcionales-y-versatiles\/#primaryimage\"},\"image\":{\"@id\":\"https:\/\/astideco.com\/blog\/asi-son-nuestros-muebles-funcionales-y-versatiles\/#primaryimage\"},\"thumbnailUrl\":\"https:\/\/astideco.com\/blog\/wp-content\/uploads\/2021\/04\/portada-mueblesfuncionales-y-versatiles-scaled.jpg\",\"datePublished\":\"2021-04-23T08:01:31+00:00\",\"dateModified\":\"2021-04-29T16:41:37+00:00\",\"author\":{\"@id\":\"https:\/\/astideco.com\/blog\/#\/schema\/person\/13fd236103c4c231352fb09b2b7ac5cf\"},\"description\":\"Hay muebles para una sola utilidad y hay otros que se adaptan a distintos usos. As\u00ed son nuestros muebles: funcionales y vers\u00e1tiles.\",\"breadcrumb\":{\"@id\":\"https:\/\/astideco.com\/blog\/asi-son-nuestros-muebles-funcionales-y-versatiles\/#breadcrumb\"},\"inLanguage\":\"es\",\"potentialAction\":[{\"@type\":\"ReadAction\",\"target\":[\"https:\/\/astideco.com\/blog\/asi-son-nuestros-muebles-funcionales-y-versatiles\/\"]}]},{\"@type\":\"ImageObject\",\"inLanguage\":\"es\",\"@id\":\"https:\/\/astideco.com\/blog\/asi-son-nuestros-muebles-funcionales-y-versatiles\/#primaryimage\",\"url\":\"https:\/\/astideco.com\/blog\/wp-content\/uploads\/2021\/04\/portada-mueblesfuncionales-y-versatiles-scaled.jpg\",\"contentUrl\":\"https:\/\/astideco.com\/blog\/wp-content\/uploads\/2021\/04\/portada-mueblesfuncionales-y-versatiles-scaled.jpg\",\"width\":2560,\"height\":2110},{\"@type\":\"BreadcrumbList\",\"@id\":\"https:\/\/astideco.com\/blog\/asi-son-nuestros-muebles-funcionales-y-versatiles\/#breadcrumb\",\"itemListElement\":[{\"@type\":\"ListItem\",\"position\":1,\"name\":\"Portada\",\"item\":\"https:\/\/astideco.com\/blog\/\"},{\"@type\":\"ListItem\",\"position\":2,\"name\":\"As\u00ed son nuestros muebles: funcionales y vers\u00e1tiles\"}]},{\"@type\":\"WebSite\",\"@id\":\"https:\/\/astideco.com\/blog\/#website\",\"url\":\"https:\/\/astideco.com\/blog\/\",\"name\":\"Astiblog\",\"description\":\"Blog de Astideco.com\",\"potentialAction\":[{\"@type\":\"SearchAction\",\"target\":{\"@type\":\"EntryPoint\",\"urlTemplate\":\"https:\/\/astideco.com\/blog\/?s={search_term_string}\"},\"query-input\":{\"@type\":\"PropertyValueSpecification\",\"valueRequired\":true,\"valueName\":\"search_term_string\"}}],\"inLanguage\":\"es\"},{\"@type\":\"Person\",\"@id\":\"https:\/\/astideco.com\/blog\/#\/schema\/person\/13fd236103c4c231352fb09b2b7ac5cf\",\"name\":\"Astigarraga Kit Line\"}]}<\/script>\n<!-- \/ Yoast SEO plugin. -->","yoast_head_json":{"title":"As\u00ed son nuestros muebles: funcionales y vers\u00e1tiles - Astiblog","description":"Hay muebles para una sola utilidad y hay otros que se adaptan a distintos usos. As\u00ed son nuestros muebles: funcionales y vers\u00e1tiles.","robots":{"index":"index","follow":"follow","max-snippet":"max-snippet:-1","max-image-preview":"max-image-preview:large","max-video-preview":"max-video-preview:-1"},"canonical":"https:\/\/astideco.com\/blog\/asi-son-nuestros-muebles-funcionales-y-versatiles\/","og_locale":"es_ES","og_type":"article","og_title":"As\u00ed son nuestros muebles: funcionales y vers\u00e1tiles - Astiblog","og_description":"Hay muebles para una sola utilidad y hay otros que se adaptan a distintos usos. As\u00ed son nuestros muebles: funcionales y vers\u00e1tiles.","og_url":"https:\/\/astideco.com\/blog\/asi-son-nuestros-muebles-funcionales-y-versatiles\/","og_site_name":"Astiblog","article_published_time":"2021-04-23T08:01:31+00:00","article_modified_time":"2021-04-29T16:41:37+00:00","og_image":[{"width":1024,"height":844,"url":"https:\/\/astideco.com\/blog\/wp-content\/uploads\/2021\/04\/portada-mueblesfuncionales-y-versatiles-1024x844.jpg","type":"image\/jpeg"}],"author":"Astigarraga Kit Line","twitter_card":"summary_large_image","twitter_misc":{"Escrito por":"Astigarraga Kit Line","Tiempo de lectura":"3 minutos"},"schema":{"@context":"https:\/\/schema.org","@graph":[{"@type":"Article","@id":"https:\/\/astideco.com\/blog\/asi-son-nuestros-muebles-funcionales-y-versatiles\/#article","isPartOf":{"@id":"https:\/\/astideco.com\/blog\/asi-son-nuestros-muebles-funcionales-y-versatiles\/"},"author":{"name":"Astigarraga Kit Line","@id":"https:\/\/astideco.com\/blog\/#\/schema\/person\/13fd236103c4c231352fb09b2b7ac5cf"},"headline":"As\u00ed son nuestros muebles: funcionales y vers\u00e1tiles","datePublished":"2021-04-23T08:01:31+00:00","dateModified":"2021-04-29T16:41:37+00:00","mainEntityOfPage":{"@id":"https:\/\/astideco.com\/blog\/asi-son-nuestros-muebles-funcionales-y-versatiles\/"},"wordCount":545,"commentCount":0,"image":{"@id":"https:\/\/astideco.com\/blog\/asi-son-nuestros-muebles-funcionales-y-versatiles\/#primaryimage"},"thumbnailUrl":"https:\/\/astideco.com\/blog\/wp-content\/uploads\/2021\/04\/portada-mueblesfuncionales-y-versatiles-scaled.jpg","articleSection":["Producto"],"inLanguage":"es","potentialAction":[{"@type":"CommentAction","name":"Comment","target":["https:\/\/astideco.com\/blog\/asi-son-nuestros-muebles-funcionales-y-versatiles\/#respond"]}]},{"@type":"WebPage","@id":"https:\/\/astideco.com\/blog\/asi-son-nuestros-muebles-funcionales-y-versatiles\/","url":"https:\/\/astideco.com\/blog\/asi-son-nuestros-muebles-funcionales-y-versatiles\/","name":"As\u00ed son nuestros muebles: funcionales y vers\u00e1tiles - Astiblog","isPartOf":{"@id":"https:\/\/astideco.com\/blog\/#website"},"primaryImageOfPage":{"@id":"https:\/\/astideco.com\/blog\/asi-son-nuestros-muebles-funcionales-y-versatiles\/#primaryimage"},"image":{"@id":"https:\/\/astideco.com\/blog\/asi-son-nuestros-muebles-funcionales-y-versatiles\/#primaryimage"},"thumbnailUrl":"https:\/\/astideco.com\/blog\/wp-content\/uploads\/2021\/04\/portada-mueblesfuncionales-y-versatiles-scaled.jpg","datePublished":"2021-04-23T08:01:31+00:00","dateModified":"2021-04-29T16:41:37+00:00","author":{"@id":"https:\/\/astideco.com\/blog\/#\/schema\/person\/13fd236103c4c231352fb09b2b7ac5cf"},"description":"Hay muebles para una sola utilidad y hay otros que se adaptan a distintos usos. As\u00ed son nuestros muebles: funcionales y vers\u00e1tiles.","breadcrumb":{"@id":"https:\/\/astideco.com\/blog\/asi-son-nuestros-muebles-funcionales-y-versatiles\/#breadcrumb"},"inLanguage":"es","potentialAction":[{"@type":"ReadAction","target":["https:\/\/astideco.com\/blog\/asi-son-nuestros-muebles-funcionales-y-versatiles\/"]}]},{"@type":"ImageObject","inLanguage":"es","@id":"https:\/\/astideco.com\/blog\/asi-son-nuestros-muebles-funcionales-y-versatiles\/#primaryimage","url":"https:\/\/astideco.com\/blog\/wp-content\/uploads\/2021\/04\/portada-mueblesfuncionales-y-versatiles-scaled.jpg","contentUrl":"https:\/\/astideco.com\/blog\/wp-content\/uploads\/2021\/04\/portada-mueblesfuncionales-y-versatiles-scaled.jpg","width":2560,"height":2110},{"@type":"BreadcrumbList","@id":"https:\/\/astideco.com\/blog\/asi-son-nuestros-muebles-funcionales-y-versatiles\/#breadcrumb","itemListElement":[{"@type":"ListItem","position":1,"name":"Portada","item":"https:\/\/astideco.com\/blog\/"},{"@type":"ListItem","position":2,"name":"As\u00ed son nuestros muebles: funcionales y vers\u00e1tiles"}]},{"@type":"WebSite","@id":"https:\/\/astideco.com\/blog\/#website","url":"https:\/\/astideco.com\/blog\/","name":"Astiblog","description":"Blog de Astideco.com","potentialAction":[{"@type":"SearchAction","target":{"@type":"EntryPoint","urlTemplate":"https:\/\/astideco.com\/blog\/?s={search_term_string}"},"query-input":{"@type":"PropertyValueSpecification","valueRequired":true,"valueName":"search_term_string"}}],"inLanguage":"es"},{"@type":"Person","@id":"https:\/\/astideco.com\/blog\/#\/schema\/person\/13fd236103c4c231352fb09b2b7ac5cf","name":"Astigarraga Kit Line"}]}},"_links":{"self":[{"href":"https:\/\/astideco.com\/blog\/wp-json\/wp\/v2\/posts\/3387","targetHints":{"allow":["GET"]}}],"collection":[{"href":"https:\/\/astideco.com\/blog\/wp-json\/wp\/v2\/posts"}],"about":[{"href":"https:\/\/astideco.com\/blog\/wp-json\/wp\/v2\/types\/post"}],"author":[{"embeddable":true,"href":"https:\/\/astideco.com\/blog\/wp-json\/wp\/v2\/users\/6"}],"replies":[{"embeddable":true,"href":"https:\/\/astideco.com\/blog\/wp-json\/wp\/v2\/comments?post=3387"}],"version-history":[{"count":4,"href":"https:\/\/astideco.com\/blog\/wp-json\/wp\/v2\/posts\/3387\/revisions"}],"predecessor-version":[{"id":3413,"href":"https:\/\/astideco.com\/blog\/wp-json\/wp\/v2\/posts\/3387\/revisions\/3413"}],"wp:featuredmedia":[{"embeddable":true,"href":"https:\/\/astideco.com\/blog\/wp-json\/wp\/v2\/media\/3398"}],"wp:attachment":[{"href":"https:\/\/astideco.com\/blog\/wp-json\/wp\/v2\/media?parent=3387"}],"wp:term":[{"taxonomy":"category","embeddable":true,"href":"https:\/\/astideco.com\/blog\/wp-json\/wp\/v2\/categories?post=3387"},{"taxonomy":"post_tag","embeddable":true,"href":"https:\/\/astideco.com\/blog\/wp-json\/wp\/v2\/tags?post=3387"}],"curies":[{"name":"wp","href":"https:\/\/api.w.org\/{rel}","templated":true}]}}