{"id":3371,"date":"2024-04-18T06:15:06","date_gmt":"2024-04-18T06:15:06","guid":{"rendered":"https:\/\/astideco.com\/blog\/?p=3371"},"modified":"2024-06-13T16:38:49","modified_gmt":"2024-06-13T16:38:49","slug":"ideas-para-decorar-con-nuestro-nuevo-taburete-de-madera","status":"publish","type":"post","link":"https:\/\/astideco.com\/blog\/ideas-para-decorar-con-nuestro-nuevo-taburete-de-madera\/","title":{"rendered":"Ideas para decorar con un taburete de madera"},"content":{"rendered":"<p>En el mundo del dise\u00f1o de interiores y la decoraci\u00f3n del hogar, hay ciertas piezas de mobiliario que destacan por su versatilidad y funcionalidad. Una de esas piezas es el\u00a0 taburete de madera. A primera vista, puede parecer un mueble simple, pero su potencial es verdaderamente infinito. Cocinas, ba\u00f1os, dormitorios, habitaciones infantiles, salones&#8230; En cualquier estancia de tu casa puedes colocar un taburete de madera. En este post, aprender\u00e1s las muchas formas en que un taburete de madera puede ser utilizado en diversos entornos y c\u00f3mo su naturaleza de madera natural ofrece la posibilidad de personalizaci\u00f3n para adaptarse a cualquier estilo y gusto. Si no sabes qu\u00e9 usos darle, sigue leyendo porque hoy te contamos algunas <strong>ideas para decorar con un <a href=\"https:\/\/astideco.com\/es\/taburetes\/taburete-bajo-de-madera-maciza-de-pino-36-cm\">taburete de madera<\/a>.<\/strong><\/p>\n<p>Uno de los usos m\u00e1s obvios y comunes para un taburete de madera es como <strong>asiento adicional en el hogar<\/strong>. Ya sea en la cocina, la sala de estar o incluso en el dormitorio, un taburete de madera puede proporcionar un asiento c\u00f3modo y funcional cuando se necesita espacio adicional para invitados inesperados o para disfrutar de una conversaci\u00f3n relajada. Pero su utilidad va m\u00e1s all\u00e1 de servir como asiento ocasional. Te los explicamos con nuestro taburete de madera One.<\/p>\n<h2>Como peana<\/h2>\n<p>Una de las tendencias decorativas es la de <strong>colocar plantas dentro de casa<\/strong>. Y si adem\u00e1s combinas muebles de madera natural con plantas conseguir\u00e1s una atm\u00f3sfera de lo m\u00e1s c\u00e1lida. Por eso, si eres una amante de las plantas o las flores o tienes un jarr\u00f3n de dise\u00f1o, no te lo pienses m\u00e1s, escoge un rinc\u00f3n especial en tu sal\u00f3n, en una habitaci\u00f3n o en el pasillo y c\u00fabrelo de verde. \u00a1Ya ver\u00e1s c\u00f3mo lucen encima de un taburete!<\/p>\n<div id=\"attachment_3372\" style=\"width: 1210px\" class=\"wp-caption alignleft\"><img decoding=\"async\" aria-describedby=\"caption-attachment-3372\" class=\"lazyload wp-image-3372 size-fusion-1200\" src=\"https:\/\/astideco.com\/blog\/wp-content\/uploads\/2021\/04\/taburete-de-madera-maciza-1200x1600.jpg\" data-orig-src=\"https:\/\/astideco.com\/blog\/wp-content\/uploads\/2021\/04\/taburete-de-madera-maciza-1200x1600.jpg\" alt=\"ideas para decorar con taburetes\" width=\"1200\" height=\"1600\" srcset=\"data:image\/svg+xml,%3Csvg%20xmlns%3D%27http%3A%2F%2Fwww.w3.org%2F2000%2Fsvg%27%20width%3D%271200%27%20height%3D%271600%27%20viewBox%3D%270%200%201200%201600%27%3E%3Crect%20width%3D%271200%27%20height%3D%271600%27%20fill-opacity%3D%220%22%2F%3E%3C%2Fsvg%3E\" data-srcset=\"https:\/\/astideco.com\/blog\/wp-content\/uploads\/2021\/04\/taburete-de-madera-maciza-200x267.jpg 200w, https:\/\/astideco.com\/blog\/wp-content\/uploads\/2021\/04\/taburete-de-madera-maciza-225x300.jpg 225w, https:\/\/astideco.com\/blog\/wp-content\/uploads\/2021\/04\/taburete-de-madera-maciza-400x533.jpg 400w, https:\/\/astideco.com\/blog\/wp-content\/uploads\/2021\/04\/taburete-de-madera-maciza-600x800.jpg 600w, https:\/\/astideco.com\/blog\/wp-content\/uploads\/2021\/04\/taburete-de-madera-maciza-768x1024.jpg 768w, https:\/\/astideco.com\/blog\/wp-content\/uploads\/2021\/04\/taburete-de-madera-maciza-800x1067.jpg 800w, https:\/\/astideco.com\/blog\/wp-content\/uploads\/2021\/04\/taburete-de-madera-maciza-1152x1536.jpg 1152w, https:\/\/astideco.com\/blog\/wp-content\/uploads\/2021\/04\/taburete-de-madera-maciza-1200x1600.jpg 1200w, https:\/\/astideco.com\/blog\/wp-content\/uploads\/2021\/04\/taburete-de-madera-maciza-1536x2048.jpg 1536w, https:\/\/astideco.com\/blog\/wp-content\/uploads\/2021\/04\/taburete-de-madera-maciza-scaled.jpg 1920w\" data-sizes=\"auto\" data-orig-sizes=\"(max-width: 1200px) 100vw, 1200px\" \/><p id=\"caption-attachment-3372\" class=\"wp-caption-text\">Foto: <a href=\"https:\/\/www.instagram.com\/coco_homedeco\/?hl=es\" target=\"_blank\" rel=\"noopener\"><strong>@coco_homedeco<\/strong><\/a><\/p><\/div>\n<h2><span>Como mesilla de noche en un dormitorio<\/span><\/h2>\n<p><span>Hace mucho que al taburete se le ha dejado de atribuir el uso para el que fue creado. Por eso otro de los usos que cada vez cobra m\u00e1s fuerza es el de utilizarlo como una mesilla de noche alternativa, especialmente si no dispones de mucho espacio al lado de la cama. Este taburete mide 36 cm de di\u00e1metro por lo que su tama\u00f1o compacto lo hace ideal <strong>para espacios reducidos<\/strong>\u00a0donde se necesita aprovechar al m\u00e1ximo cada cent\u00edmetro disponible. Siempre tendr\u00e1s una base donde colocar el despertador, un libro o una lamparita. \u00bfQu\u00e9 te parece?\u00a0<\/span><\/p>\n<div id=\"attachment_5210\" style=\"width: 1210px\" class=\"wp-caption alignleft\"><img decoding=\"async\" aria-describedby=\"caption-attachment-5210\" class=\"lazyload wp-image-5210\" src=\"https:\/\/astideco.com\/blog\/wp-content\/uploads\/2021\/04\/taburete_de_madera_maciza.jpg\" data-orig-src=\"https:\/\/astideco.com\/blog\/wp-content\/uploads\/2021\/04\/taburete_de_madera_maciza.jpg\" alt=\"\" width=\"1200\" height=\"1451\" srcset=\"data:image\/svg+xml,%3Csvg%20xmlns%3D%27http%3A%2F%2Fwww.w3.org%2F2000%2Fsvg%27%20width%3D%271200%27%20height%3D%271451%27%20viewBox%3D%270%200%201200%201451%27%3E%3Crect%20width%3D%271200%27%20height%3D%271451%27%20fill-opacity%3D%220%22%2F%3E%3C%2Fsvg%3E\" data-srcset=\"https:\/\/astideco.com\/blog\/wp-content\/uploads\/2021\/04\/taburete_de_madera_maciza-200x242.jpg 200w, https:\/\/astideco.com\/blog\/wp-content\/uploads\/2021\/04\/taburete_de_madera_maciza-248x300.jpg 248w, https:\/\/astideco.com\/blog\/wp-content\/uploads\/2021\/04\/taburete_de_madera_maciza-400x484.jpg 400w, https:\/\/astideco.com\/blog\/wp-content\/uploads\/2021\/04\/taburete_de_madera_maciza-600x726.jpg 600w, https:\/\/astideco.com\/blog\/wp-content\/uploads\/2021\/04\/taburete_de_madera_maciza-768x929.jpg 768w, https:\/\/astideco.com\/blog\/wp-content\/uploads\/2021\/04\/taburete_de_madera_maciza-800x967.jpg 800w, https:\/\/astideco.com\/blog\/wp-content\/uploads\/2021\/04\/taburete_de_madera_maciza-847x1024.jpg 847w, https:\/\/astideco.com\/blog\/wp-content\/uploads\/2021\/04\/taburete_de_madera_maciza.jpg 1080w\" data-sizes=\"auto\" data-orig-sizes=\"(max-width: 1200px) 100vw, 1200px\" \/><p id=\"caption-attachment-5210\" class=\"wp-caption-text\">Foto: <a href=\"https:\/\/www.instagram.com\/mumaoi\/?hl=es\" target=\"_blank\" rel=\"noopener\"><strong>@mumaoi<\/strong><\/a><\/p><\/div>\n<h2><span>Como mesita auxiliar en el sal\u00f3n<\/span><\/h2>\n<p><span>La cl\u00e1sica estructura de mueble de televisi\u00f3n, mesa de centro y sof\u00e1 ha pasado a mejor vida. Y es que no siempre es posible colocar una mesita en el centro, ya que resta mucho espacio. Por eso, un taburete utilizado como <strong>mesita auxiliar<\/strong> es la soluci\u00f3n perfecta para conseguir un doble objetivo: tener un soporte para dejar un libro, una l\u00e1mpara de lectura, una taza de caf\u00e9, libros, revistas u otro objetos y ganar un asiento en el caso de que tu casa reciba a m\u00e1s gente de lo normal.\u00a0<\/span><\/p>\n<p><span>Una de las mayores ventajas de elegir un taburete de madera natural es la posibilidad de personalizaci\u00f3n que ofrece este material. La madera es incre\u00edblemente vers\u00e1til y se presta a una amplia gama de t\u00e9cnicas de acabado y decoraci\u00f3n. Desde el barnizado y la pintura hasta el grabado y el tallado, las opciones son pr\u00e1cticamente ilimitadas cuando se trata de personalizar un taburete de madera para que se adapte a tu estilo y gustos personales.<\/span><\/p>\n<p><span>Si prefieres un aspecto natural y r\u00fastico, puedes optar por dejar la madera sin tratar o aplicarle solo un barniz incoloro para resaltar su belleza natural. Para un toque de color y vitalidad, considera pintar el taburete en un tono vibrante que complemente la paleta de colores de tu hogar. O si eres un aficionado al bricolaje, puedes experimentar con t\u00e9cnicas de decoraci\u00f3n m\u00e1s avanzadas, como el decoupage o el estarcido, para crear un dise\u00f1o \u00fanico y personalizado.<\/span><\/p>\n<div id=\"attachment_3374\" style=\"width: 1210px\" class=\"wp-caption alignleft\"><img decoding=\"async\" aria-describedby=\"caption-attachment-3374\" class=\"lazyload wp-image-3374 size-fusion-1200\" src=\"https:\/\/astideco.com\/blog\/wp-content\/uploads\/2021\/04\/taburete-como-mesita-auxiliar-1200x1600.jpeg\" data-orig-src=\"https:\/\/astideco.com\/blog\/wp-content\/uploads\/2021\/04\/taburete-como-mesita-auxiliar-1200x1600.jpeg\" alt=\"\" width=\"1200\" height=\"1600\" srcset=\"data:image\/svg+xml,%3Csvg%20xmlns%3D%27http%3A%2F%2Fwww.w3.org%2F2000%2Fsvg%27%20width%3D%271200%27%20height%3D%271600%27%20viewBox%3D%270%200%201200%201600%27%3E%3Crect%20width%3D%271200%27%20height%3D%271600%27%20fill-opacity%3D%220%22%2F%3E%3C%2Fsvg%3E\" data-srcset=\"https:\/\/astideco.com\/blog\/wp-content\/uploads\/2021\/04\/taburete-como-mesita-auxiliar-200x267.jpeg 200w, https:\/\/astideco.com\/blog\/wp-content\/uploads\/2021\/04\/taburete-como-mesita-auxiliar-225x300.jpeg 225w, https:\/\/astideco.com\/blog\/wp-content\/uploads\/2021\/04\/taburete-como-mesita-auxiliar-400x533.jpeg 400w, https:\/\/astideco.com\/blog\/wp-content\/uploads\/2021\/04\/taburete-como-mesita-auxiliar-600x800.jpeg 600w, https:\/\/astideco.com\/blog\/wp-content\/uploads\/2021\/04\/taburete-como-mesita-auxiliar-768x1024.jpeg 768w, https:\/\/astideco.com\/blog\/wp-content\/uploads\/2021\/04\/taburete-como-mesita-auxiliar-800x1067.jpeg 800w, https:\/\/astideco.com\/blog\/wp-content\/uploads\/2021\/04\/taburete-como-mesita-auxiliar-1152x1536.jpeg 1152w, https:\/\/astideco.com\/blog\/wp-content\/uploads\/2021\/04\/taburete-como-mesita-auxiliar-1200x1600.jpeg 1200w, https:\/\/astideco.com\/blog\/wp-content\/uploads\/2021\/04\/taburete-como-mesita-auxiliar-1536x2048.jpeg 1536w, https:\/\/astideco.com\/blog\/wp-content\/uploads\/2021\/04\/taburete-como-mesita-auxiliar-scaled.jpeg 1920w\" data-sizes=\"auto\" data-orig-sizes=\"(max-width: 1200px) 100vw, 1200px\" \/><p id=\"caption-attachment-3374\" class=\"wp-caption-text\">Foto: <a href=\"https:\/\/www.instagram.com\/tamara_st_\/?hl=es\" target=\"_blank\" rel=\"noopener\"><strong>@tamara_st_<\/strong><\/a><\/p><\/div>\n<h2><span>El mejor aliado en un ba\u00f1o<\/span><\/h2>\n<p><span>En un ba\u00f1o, s\u00ed. Ahora bien, lo primero de todo, le tendr\u00e1s que dar un buen barniz que le proteja de la humedad. En un ba\u00f1o,\u00a0 un taburete de madera agrega un toque natural y funcionalidad, ya que lo convierte en el compa\u00f1ero perfecto para colocar toallas dobladas o productos de cuidado personal<strong>.<\/strong> Da igual el dise\u00f1o que tenga tu aseo, este coqueto taburete de madera se adapta a cualquier estilo. Prueba y ya ver\u00e1s c\u00f3mo tu ba\u00f1o luce m\u00e1s bonito.\u00a0<\/span><\/p>\n<div id=\"attachment_3376\" style=\"width: 1210px\" class=\"wp-caption alignleft\"><img decoding=\"async\" aria-describedby=\"caption-attachment-3376\" class=\"lazyload wp-image-3376 size-fusion-1200\" src=\"https:\/\/astideco.com\/blog\/wp-content\/uploads\/2021\/04\/taburete-en-el-bano-1200x1800.jpg\" data-orig-src=\"https:\/\/astideco.com\/blog\/wp-content\/uploads\/2021\/04\/taburete-en-el-bano-1200x1800.jpg\" alt=\"\" width=\"1200\" height=\"1800\" srcset=\"data:image\/svg+xml,%3Csvg%20xmlns%3D%27http%3A%2F%2Fwww.w3.org%2F2000%2Fsvg%27%20width%3D%271200%27%20height%3D%271800%27%20viewBox%3D%270%200%201200%201800%27%3E%3Crect%20width%3D%271200%27%20height%3D%271800%27%20fill-opacity%3D%220%22%2F%3E%3C%2Fsvg%3E\" data-srcset=\"https:\/\/astideco.com\/blog\/wp-content\/uploads\/2021\/04\/taburete-en-el-bano-200x300.jpg 200w, https:\/\/astideco.com\/blog\/wp-content\/uploads\/2021\/04\/taburete-en-el-bano-400x600.jpg 400w, https:\/\/astideco.com\/blog\/wp-content\/uploads\/2021\/04\/taburete-en-el-bano-600x900.jpg 600w, https:\/\/astideco.com\/blog\/wp-content\/uploads\/2021\/04\/taburete-en-el-bano-683x1024.jpg 683w, https:\/\/astideco.com\/blog\/wp-content\/uploads\/2021\/04\/taburete-en-el-bano-768x1152.jpg 768w, https:\/\/astideco.com\/blog\/wp-content\/uploads\/2021\/04\/taburete-en-el-bano-800x1200.jpg 800w, https:\/\/astideco.com\/blog\/wp-content\/uploads\/2021\/04\/taburete-en-el-bano-1024x1536.jpg 1024w, https:\/\/astideco.com\/blog\/wp-content\/uploads\/2021\/04\/taburete-en-el-bano-1200x1800.jpg 1200w, https:\/\/astideco.com\/blog\/wp-content\/uploads\/2021\/04\/taburete-en-el-bano-1366x2048.jpg 1366w, https:\/\/astideco.com\/blog\/wp-content\/uploads\/2021\/04\/taburete-en-el-bano-scaled.jpg 1707w\" data-sizes=\"auto\" data-orig-sizes=\"(max-width: 1200px) 100vw, 1200px\" \/><p id=\"caption-attachment-3376\" class=\"wp-caption-text\">Foto: <a href=\"https:\/\/www.instagram.com\/tatianarom\/?hl=es\" target=\"_blank\" rel=\"noopener\"><strong>@tatianarom<\/strong><\/a><\/p><\/div>\n<h2><span>Un taburete para la cocina<\/span><\/h2>\n<p><span>Pr\u00e1ctico, vers\u00e1til y muy decorativo. No hay tres palabras que mejor definan a un taburete en una cocina. Porque aunque su funci\u00f3n es fundamentalmente pr\u00e1ctica, los taburetes siempre alegran y decoran. <\/span>En una cocina acogedora, un taburete de madera natural se erige como un punto de encuentro informal. Invita a tomar un descanso mientras preparas la comida. Con su dise\u00f1o simple y atemporal, se integra perfectamente con la est\u00e9tica de cualquier cocina. Ofrece un lugar c\u00f3modo para disfrutar de un caf\u00e9 matutino o compartir conversaciones mientras se cocina. Adem\u00e1s, su versatilidad permite moverlo f\u00e1cilmente seg\u00fan las necesidades del momento, agregando funcionalidad y estilo.<\/p>\n<div id=\"attachment_3375\" style=\"width: 1210px\" class=\"wp-caption aligncenter\"><img decoding=\"async\" aria-describedby=\"caption-attachment-3375\" class=\"lazyload wp-image-3375 size-fusion-1200\" src=\"https:\/\/astideco.com\/blog\/wp-content\/uploads\/2021\/04\/decorar-con-taburete-de-madera-maciza-1200x1171.jpg\" data-orig-src=\"https:\/\/astideco.com\/blog\/wp-content\/uploads\/2021\/04\/decorar-con-taburete-de-madera-maciza-1200x1171.jpg\" alt=\"taburete de madera maciza de pino\" width=\"1200\" height=\"1171\" srcset=\"data:image\/svg+xml,%3Csvg%20xmlns%3D%27http%3A%2F%2Fwww.w3.org%2F2000%2Fsvg%27%20width%3D%271200%27%20height%3D%271171%27%20viewBox%3D%270%200%201200%201171%27%3E%3Crect%20width%3D%271200%27%20height%3D%271171%27%20fill-opacity%3D%220%22%2F%3E%3C%2Fsvg%3E\" data-srcset=\"https:\/\/astideco.com\/blog\/wp-content\/uploads\/2021\/04\/decorar-con-taburete-de-madera-maciza-200x195.jpg 200w, https:\/\/astideco.com\/blog\/wp-content\/uploads\/2021\/04\/decorar-con-taburete-de-madera-maciza-300x293.jpg 300w, https:\/\/astideco.com\/blog\/wp-content\/uploads\/2021\/04\/decorar-con-taburete-de-madera-maciza-400x390.jpg 400w, https:\/\/astideco.com\/blog\/wp-content\/uploads\/2021\/04\/decorar-con-taburete-de-madera-maciza-600x586.jpg 600w, https:\/\/astideco.com\/blog\/wp-content\/uploads\/2021\/04\/decorar-con-taburete-de-madera-maciza-768x750.jpg 768w, https:\/\/astideco.com\/blog\/wp-content\/uploads\/2021\/04\/decorar-con-taburete-de-madera-maciza-800x781.jpg 800w, https:\/\/astideco.com\/blog\/wp-content\/uploads\/2021\/04\/decorar-con-taburete-de-madera-maciza-1024x999.jpg 1024w, https:\/\/astideco.com\/blog\/wp-content\/uploads\/2021\/04\/decorar-con-taburete-de-madera-maciza-1200x1171.jpg 1200w, https:\/\/astideco.com\/blog\/wp-content\/uploads\/2021\/04\/decorar-con-taburete-de-madera-maciza-1536x1499.jpg 1536w\" data-sizes=\"auto\" data-orig-sizes=\"(max-width: 1200px) 100vw, 1200px\" \/><p id=\"caption-attachment-3375\" class=\"wp-caption-text\">Foto: <a href=\"https:\/\/www.instagram.com\/tatianarom\/?hl=es\" target=\"_blank\" rel=\"noopener\"><strong>@tatianarom<\/strong><\/a><\/p><\/div>\n<div id=\"attachment_3379\" style=\"width: 1210px\" class=\"wp-caption alignleft\"><img decoding=\"async\" aria-describedby=\"caption-attachment-3379\" class=\"lazyload wp-image-3379 size-fusion-1200\" src=\"https:\/\/astideco.com\/blog\/wp-content\/uploads\/2021\/04\/taburete-bajo-de-madera-maciza-de-pino-1200x1109.jpeg\" data-orig-src=\"https:\/\/astideco.com\/blog\/wp-content\/uploads\/2021\/04\/taburete-bajo-de-madera-maciza-de-pino-1200x1109.jpeg\" alt=\"ideas para decorar con taburetes\" width=\"1200\" height=\"1109\" srcset=\"data:image\/svg+xml,%3Csvg%20xmlns%3D%27http%3A%2F%2Fwww.w3.org%2F2000%2Fsvg%27%20width%3D%271200%27%20height%3D%271109%27%20viewBox%3D%270%200%201200%201109%27%3E%3Crect%20width%3D%271200%27%20height%3D%271109%27%20fill-opacity%3D%220%22%2F%3E%3C%2Fsvg%3E\" data-srcset=\"https:\/\/astideco.com\/blog\/wp-content\/uploads\/2021\/04\/taburete-bajo-de-madera-maciza-de-pino-200x185.jpeg 200w, https:\/\/astideco.com\/blog\/wp-content\/uploads\/2021\/04\/taburete-bajo-de-madera-maciza-de-pino-300x277.jpeg 300w, https:\/\/astideco.com\/blog\/wp-content\/uploads\/2021\/04\/taburete-bajo-de-madera-maciza-de-pino-400x370.jpeg 400w, https:\/\/astideco.com\/blog\/wp-content\/uploads\/2021\/04\/taburete-bajo-de-madera-maciza-de-pino-600x554.jpeg 600w, https:\/\/astideco.com\/blog\/wp-content\/uploads\/2021\/04\/taburete-bajo-de-madera-maciza-de-pino-768x710.jpeg 768w, https:\/\/astideco.com\/blog\/wp-content\/uploads\/2021\/04\/taburete-bajo-de-madera-maciza-de-pino-800x739.jpeg 800w, https:\/\/astideco.com\/blog\/wp-content\/uploads\/2021\/04\/taburete-bajo-de-madera-maciza-de-pino-1024x946.jpeg 1024w, https:\/\/astideco.com\/blog\/wp-content\/uploads\/2021\/04\/taburete-bajo-de-madera-maciza-de-pino-1200x1109.jpeg 1200w, https:\/\/astideco.com\/blog\/wp-content\/uploads\/2021\/04\/taburete-bajo-de-madera-maciza-de-pino-1536x1419.jpeg 1536w\" data-sizes=\"auto\" data-orig-sizes=\"(max-width: 1200px) 100vw, 1200px\" \/><p id=\"caption-attachment-3379\" class=\"wp-caption-text\">Foto: <a href=\"https:\/\/www.instagram.com\/mumaoi\/?hl=es\" target=\"_blank\" rel=\"noopener\"><strong>@mumaoi<\/strong><\/a><\/p><\/div>\n<h2><span>Y claro est\u00e1\u2026 como asiento para un escritorio<\/span><\/h2>\n<p><span>Estamos llegando al final y \u00bfa\u00fan no te hemos contado que sirve como asiento? Pues s\u00ed, en la cocina o en un escritorio siempre y cuando no vayas a pasar mucho tiempo sentado estudiando o teletrabajando.\u00a0<\/span><\/p>\n<div id=\"attachment_5211\" style=\"width: 1210px\" class=\"wp-caption alignnone\"><img decoding=\"async\" aria-describedby=\"caption-attachment-5211\" class=\"lazyload wp-image-5211 size-full\" src=\"https:\/\/astideco.com\/blog\/wp-content\/uploads\/2021\/04\/taburete_madera_astigarraga_kit_line.jpg\" data-orig-src=\"https:\/\/astideco.com\/blog\/wp-content\/uploads\/2021\/04\/taburete_madera_astigarraga_kit_line.jpg\" alt=\"\" width=\"1200\" height=\"800\" srcset=\"data:image\/svg+xml,%3Csvg%20xmlns%3D%27http%3A%2F%2Fwww.w3.org%2F2000%2Fsvg%27%20width%3D%271200%27%20height%3D%27800%27%20viewBox%3D%270%200%201200%20800%27%3E%3Crect%20width%3D%271200%27%20height%3D%27800%27%20fill-opacity%3D%220%22%2F%3E%3C%2Fsvg%3E\" data-srcset=\"https:\/\/astideco.com\/blog\/wp-content\/uploads\/2021\/04\/taburete_madera_astigarraga_kit_line-200x133.jpg 200w, https:\/\/astideco.com\/blog\/wp-content\/uploads\/2021\/04\/taburete_madera_astigarraga_kit_line-300x200.jpg 300w, https:\/\/astideco.com\/blog\/wp-content\/uploads\/2021\/04\/taburete_madera_astigarraga_kit_line-400x267.jpg 400w, https:\/\/astideco.com\/blog\/wp-content\/uploads\/2021\/04\/taburete_madera_astigarraga_kit_line-600x400.jpg 600w, https:\/\/astideco.com\/blog\/wp-content\/uploads\/2021\/04\/taburete_madera_astigarraga_kit_line-768x512.jpg 768w, https:\/\/astideco.com\/blog\/wp-content\/uploads\/2021\/04\/taburete_madera_astigarraga_kit_line-800x533.jpg 800w, https:\/\/astideco.com\/blog\/wp-content\/uploads\/2021\/04\/taburete_madera_astigarraga_kit_line-1024x683.jpg 1024w, https:\/\/astideco.com\/blog\/wp-content\/uploads\/2021\/04\/taburete_madera_astigarraga_kit_line.jpg 1200w\" data-sizes=\"auto\" data-orig-sizes=\"(max-width: 1200px) 100vw, 1200px\" \/><p id=\"caption-attachment-5211\" class=\"wp-caption-text\">Foto: <a href=\"https:\/\/www.instagram.com\/creciendoconmontessori\/?hl=es\" target=\"_blank\" rel=\"noopener\"><strong>@creciendoconmontessori<\/strong><\/a><\/p><\/div>\n<p>El taburete de madera es mucho m\u00e1s que un simple mueble. Es una pieza vers\u00e1til y funcional que puede adaptarse a una variedad de usos en cualquier hogar. Ya sea como asiento adicional, mesa auxiliar o elemento decorativo, un taburete de madera ofrece infinitas posibilidades para mejorar la funcionalidad y el estilo de tu hogar.<\/p>\n<p>Y con la capacidad de personalizarlo seg\u00fan tus gustos, puedes estar seguro de que tu taburete de madera ser\u00e1 verdaderamente \u00fanico y reflejar\u00e1 tu personalidad y estilo personal. As\u00ed que la pr\u00f3xima vez que est\u00e9s buscando una pieza de mobiliario que sea pr\u00e1ctica, hermosa y llena de car\u00e1cter, no busques m\u00e1s all\u00e1 de este taburete de madera. <span>Ya ves qu\u00e9 juego da esta pieza en decoraci\u00f3n. \u00bfSe te ocurren otras <strong>ideas para decorar con un taburete de madera<\/strong>? \u00a1No dudes en dejarlas en comentarios!<\/span><\/p>\n<p><i><span>Gracias por dejarnos decorar tu hogar de manera sostenible.<\/span><\/i><\/p>\n<p>&nbsp;<\/p>\n","protected":false},"excerpt":{"rendered":"<p>En el mundo del dise\u00f1o de interiores y la decoraci\u00f3n del hogar, hay ciertas piezas de mobiliario que destacan por su versatilidad y funcionalidad. Una de esas piezas es el\u00a0 taburete de madera. A primera vista, puede parecer un mueble  [..]<\/p>\n","protected":false},"author":6,"featured_media":3380,"comment_status":"open","ping_status":"open","sticky":false,"template":"","format":"standard","meta":{"footnotes":""},"categories":[15],"tags":[62,670,614],"class_list":["post-3371","post","type-post","status-publish","format-standard","has-post-thumbnail","hentry","category-producto","tag-astigarraga-kit-line","tag-muebles-madera","tag-taburete-madera"],"yoast_head":"<!-- This site is optimized with the Yoast SEO plugin v27.0 - https:\/\/yoast.com\/product\/yoast-seo-wordpress\/ -->\n<title>Ideas para decorar con un taburete de madera - Astiblog<\/title>\n<meta name=\"description\" content=\"Si no sabes qu\u00e9 usos dar a un taburete, sigue leyendo porque hoy te contamos algunas ideas para decorar con un taburete de madera.\" \/>\n<meta name=\"robots\" content=\"index, follow, max-snippet:-1, max-image-preview:large, max-video-preview:-1\" \/>\n<link rel=\"canonical\" href=\"https:\/\/astideco.com\/blog\/ideas-para-decorar-con-nuestro-nuevo-taburete-de-madera\/\" \/>\n<meta property=\"og:locale\" content=\"es_ES\" \/>\n<meta property=\"og:type\" content=\"article\" \/>\n<meta property=\"og:title\" content=\"Ideas para decorar con un taburete de madera - Astiblog\" \/>\n<meta property=\"og:description\" content=\"Si no sabes qu\u00e9 usos dar a un taburete, sigue leyendo porque hoy te contamos algunas ideas para decorar con un taburete de madera.\" \/>\n<meta property=\"og:url\" content=\"https:\/\/astideco.com\/blog\/ideas-para-decorar-con-nuestro-nuevo-taburete-de-madera\/\" \/>\n<meta property=\"og:site_name\" content=\"Astiblog\" \/>\n<meta property=\"article:published_time\" content=\"2024-04-18T06:15:06+00:00\" \/>\n<meta property=\"article:modified_time\" content=\"2024-06-13T16:38:49+00:00\" \/>\n<meta property=\"og:image\" content=\"https:\/\/astideco.com\/blog\/wp-content\/uploads\/2021\/04\/taburete-de-madera-maciza-de-pino-2-1024x683.jpeg\" \/>\n\t<meta property=\"og:image:width\" content=\"1024\" \/>\n\t<meta property=\"og:image:height\" content=\"683\" \/>\n\t<meta property=\"og:image:type\" content=\"image\/jpeg\" \/>\n<meta name=\"author\" content=\"Astigarraga Kit Line\" \/>\n<meta name=\"twitter:card\" content=\"summary_large_image\" \/>\n<meta name=\"twitter:label1\" content=\"Escrito por\" \/>\n\t<meta name=\"twitter:data1\" content=\"Astigarraga Kit Line\" \/>\n\t<meta name=\"twitter:label2\" content=\"Tiempo de lectura\" \/>\n\t<meta name=\"twitter:data2\" content=\"7 minutos\" \/>\n<script type=\"application\/ld+json\" class=\"yoast-schema-graph\">{\"@context\":\"https:\/\/schema.org\",\"@graph\":[{\"@type\":\"Article\",\"@id\":\"https:\/\/astideco.com\/blog\/ideas-para-decorar-con-nuestro-nuevo-taburete-de-madera\/#article\",\"isPartOf\":{\"@id\":\"https:\/\/astideco.com\/blog\/ideas-para-decorar-con-nuestro-nuevo-taburete-de-madera\/\"},\"author\":{\"name\":\"Astigarraga Kit Line\",\"@id\":\"https:\/\/astideco.com\/blog\/#\/schema\/person\/13fd236103c4c231352fb09b2b7ac5cf\"},\"headline\":\"Ideas para decorar con un taburete de madera\",\"datePublished\":\"2024-04-18T06:15:06+00:00\",\"dateModified\":\"2024-06-13T16:38:49+00:00\",\"mainEntityOfPage\":{\"@id\":\"https:\/\/astideco.com\/blog\/ideas-para-decorar-con-nuestro-nuevo-taburete-de-madera\/\"},\"wordCount\":1174,\"commentCount\":0,\"image\":{\"@id\":\"https:\/\/astideco.com\/blog\/ideas-para-decorar-con-nuestro-nuevo-taburete-de-madera\/#primaryimage\"},\"thumbnailUrl\":\"https:\/\/astideco.com\/blog\/wp-content\/uploads\/2021\/04\/taburete-de-madera-maciza-de-pino-2-scaled.jpeg\",\"keywords\":[\"astigarraga kit line\",\"Muebles Madera\",\"taburete madera\"],\"articleSection\":[\"Producto\"],\"inLanguage\":\"es\",\"potentialAction\":[{\"@type\":\"CommentAction\",\"name\":\"Comment\",\"target\":[\"https:\/\/astideco.com\/blog\/ideas-para-decorar-con-nuestro-nuevo-taburete-de-madera\/#respond\"]}]},{\"@type\":\"WebPage\",\"@id\":\"https:\/\/astideco.com\/blog\/ideas-para-decorar-con-nuestro-nuevo-taburete-de-madera\/\",\"url\":\"https:\/\/astideco.com\/blog\/ideas-para-decorar-con-nuestro-nuevo-taburete-de-madera\/\",\"name\":\"Ideas para decorar con un taburete de madera - Astiblog\",\"isPartOf\":{\"@id\":\"https:\/\/astideco.com\/blog\/#website\"},\"primaryImageOfPage\":{\"@id\":\"https:\/\/astideco.com\/blog\/ideas-para-decorar-con-nuestro-nuevo-taburete-de-madera\/#primaryimage\"},\"image\":{\"@id\":\"https:\/\/astideco.com\/blog\/ideas-para-decorar-con-nuestro-nuevo-taburete-de-madera\/#primaryimage\"},\"thumbnailUrl\":\"https:\/\/astideco.com\/blog\/wp-content\/uploads\/2021\/04\/taburete-de-madera-maciza-de-pino-2-scaled.jpeg\",\"datePublished\":\"2024-04-18T06:15:06+00:00\",\"dateModified\":\"2024-06-13T16:38:49+00:00\",\"author\":{\"@id\":\"https:\/\/astideco.com\/blog\/#\/schema\/person\/13fd236103c4c231352fb09b2b7ac5cf\"},\"description\":\"Si no sabes qu\u00e9 usos dar a un taburete, sigue leyendo porque hoy te contamos algunas ideas para decorar con un taburete de madera.\",\"breadcrumb\":{\"@id\":\"https:\/\/astideco.com\/blog\/ideas-para-decorar-con-nuestro-nuevo-taburete-de-madera\/#breadcrumb\"},\"inLanguage\":\"es\",\"potentialAction\":[{\"@type\":\"ReadAction\",\"target\":[\"https:\/\/astideco.com\/blog\/ideas-para-decorar-con-nuestro-nuevo-taburete-de-madera\/\"]}]},{\"@type\":\"ImageObject\",\"inLanguage\":\"es\",\"@id\":\"https:\/\/astideco.com\/blog\/ideas-para-decorar-con-nuestro-nuevo-taburete-de-madera\/#primaryimage\",\"url\":\"https:\/\/astideco.com\/blog\/wp-content\/uploads\/2021\/04\/taburete-de-madera-maciza-de-pino-2-scaled.jpeg\",\"contentUrl\":\"https:\/\/astideco.com\/blog\/wp-content\/uploads\/2021\/04\/taburete-de-madera-maciza-de-pino-2-scaled.jpeg\",\"width\":2560,\"height\":1707},{\"@type\":\"BreadcrumbList\",\"@id\":\"https:\/\/astideco.com\/blog\/ideas-para-decorar-con-nuestro-nuevo-taburete-de-madera\/#breadcrumb\",\"itemListElement\":[{\"@type\":\"ListItem\",\"position\":1,\"name\":\"Portada\",\"item\":\"https:\/\/astideco.com\/blog\/\"},{\"@type\":\"ListItem\",\"position\":2,\"name\":\"Ideas para decorar con un taburete de madera\"}]},{\"@type\":\"WebSite\",\"@id\":\"https:\/\/astideco.com\/blog\/#website\",\"url\":\"https:\/\/astideco.com\/blog\/\",\"name\":\"Astiblog\",\"description\":\"Blog de Astideco.com\",\"potentialAction\":[{\"@type\":\"SearchAction\",\"target\":{\"@type\":\"EntryPoint\",\"urlTemplate\":\"https:\/\/astideco.com\/blog\/?s={search_term_string}\"},\"query-input\":{\"@type\":\"PropertyValueSpecification\",\"valueRequired\":true,\"valueName\":\"search_term_string\"}}],\"inLanguage\":\"es\"},{\"@type\":\"Person\",\"@id\":\"https:\/\/astideco.com\/blog\/#\/schema\/person\/13fd236103c4c231352fb09b2b7ac5cf\",\"name\":\"Astigarraga Kit Line\"}]}<\/script>\n<!-- \/ Yoast SEO plugin. -->","yoast_head_json":{"title":"Ideas para decorar con un taburete de madera - Astiblog","description":"Si no sabes qu\u00e9 usos dar a un taburete, sigue leyendo porque hoy te contamos algunas ideas para decorar con un taburete de madera.","robots":{"index":"index","follow":"follow","max-snippet":"max-snippet:-1","max-image-preview":"max-image-preview:large","max-video-preview":"max-video-preview:-1"},"canonical":"https:\/\/astideco.com\/blog\/ideas-para-decorar-con-nuestro-nuevo-taburete-de-madera\/","og_locale":"es_ES","og_type":"article","og_title":"Ideas para decorar con un taburete de madera - Astiblog","og_description":"Si no sabes qu\u00e9 usos dar a un taburete, sigue leyendo porque hoy te contamos algunas ideas para decorar con un taburete de madera.","og_url":"https:\/\/astideco.com\/blog\/ideas-para-decorar-con-nuestro-nuevo-taburete-de-madera\/","og_site_name":"Astiblog","article_published_time":"2024-04-18T06:15:06+00:00","article_modified_time":"2024-06-13T16:38:49+00:00","og_image":[{"width":1024,"height":683,"url":"https:\/\/astideco.com\/blog\/wp-content\/uploads\/2021\/04\/taburete-de-madera-maciza-de-pino-2-1024x683.jpeg","type":"image\/jpeg"}],"author":"Astigarraga Kit Line","twitter_card":"summary_large_image","twitter_misc":{"Escrito por":"Astigarraga Kit Line","Tiempo de lectura":"7 minutos"},"schema":{"@context":"https:\/\/schema.org","@graph":[{"@type":"Article","@id":"https:\/\/astideco.com\/blog\/ideas-para-decorar-con-nuestro-nuevo-taburete-de-madera\/#article","isPartOf":{"@id":"https:\/\/astideco.com\/blog\/ideas-para-decorar-con-nuestro-nuevo-taburete-de-madera\/"},"author":{"name":"Astigarraga Kit Line","@id":"https:\/\/astideco.com\/blog\/#\/schema\/person\/13fd236103c4c231352fb09b2b7ac5cf"},"headline":"Ideas para decorar con un taburete de madera","datePublished":"2024-04-18T06:15:06+00:00","dateModified":"2024-06-13T16:38:49+00:00","mainEntityOfPage":{"@id":"https:\/\/astideco.com\/blog\/ideas-para-decorar-con-nuestro-nuevo-taburete-de-madera\/"},"wordCount":1174,"commentCount":0,"image":{"@id":"https:\/\/astideco.com\/blog\/ideas-para-decorar-con-nuestro-nuevo-taburete-de-madera\/#primaryimage"},"thumbnailUrl":"https:\/\/astideco.com\/blog\/wp-content\/uploads\/2021\/04\/taburete-de-madera-maciza-de-pino-2-scaled.jpeg","keywords":["astigarraga kit line","Muebles Madera","taburete madera"],"articleSection":["Producto"],"inLanguage":"es","potentialAction":[{"@type":"CommentAction","name":"Comment","target":["https:\/\/astideco.com\/blog\/ideas-para-decorar-con-nuestro-nuevo-taburete-de-madera\/#respond"]}]},{"@type":"WebPage","@id":"https:\/\/astideco.com\/blog\/ideas-para-decorar-con-nuestro-nuevo-taburete-de-madera\/","url":"https:\/\/astideco.com\/blog\/ideas-para-decorar-con-nuestro-nuevo-taburete-de-madera\/","name":"Ideas para decorar con un taburete de madera - Astiblog","isPartOf":{"@id":"https:\/\/astideco.com\/blog\/#website"},"primaryImageOfPage":{"@id":"https:\/\/astideco.com\/blog\/ideas-para-decorar-con-nuestro-nuevo-taburete-de-madera\/#primaryimage"},"image":{"@id":"https:\/\/astideco.com\/blog\/ideas-para-decorar-con-nuestro-nuevo-taburete-de-madera\/#primaryimage"},"thumbnailUrl":"https:\/\/astideco.com\/blog\/wp-content\/uploads\/2021\/04\/taburete-de-madera-maciza-de-pino-2-scaled.jpeg","datePublished":"2024-04-18T06:15:06+00:00","dateModified":"2024-06-13T16:38:49+00:00","author":{"@id":"https:\/\/astideco.com\/blog\/#\/schema\/person\/13fd236103c4c231352fb09b2b7ac5cf"},"description":"Si no sabes qu\u00e9 usos dar a un taburete, sigue leyendo porque hoy te contamos algunas ideas para decorar con un taburete de madera.","breadcrumb":{"@id":"https:\/\/astideco.com\/blog\/ideas-para-decorar-con-nuestro-nuevo-taburete-de-madera\/#breadcrumb"},"inLanguage":"es","potentialAction":[{"@type":"ReadAction","target":["https:\/\/astideco.com\/blog\/ideas-para-decorar-con-nuestro-nuevo-taburete-de-madera\/"]}]},{"@type":"ImageObject","inLanguage":"es","@id":"https:\/\/astideco.com\/blog\/ideas-para-decorar-con-nuestro-nuevo-taburete-de-madera\/#primaryimage","url":"https:\/\/astideco.com\/blog\/wp-content\/uploads\/2021\/04\/taburete-de-madera-maciza-de-pino-2-scaled.jpeg","contentUrl":"https:\/\/astideco.com\/blog\/wp-content\/uploads\/2021\/04\/taburete-de-madera-maciza-de-pino-2-scaled.jpeg","width":2560,"height":1707},{"@type":"BreadcrumbList","@id":"https:\/\/astideco.com\/blog\/ideas-para-decorar-con-nuestro-nuevo-taburete-de-madera\/#breadcrumb","itemListElement":[{"@type":"ListItem","position":1,"name":"Portada","item":"https:\/\/astideco.com\/blog\/"},{"@type":"ListItem","position":2,"name":"Ideas para decorar con un taburete de madera"}]},{"@type":"WebSite","@id":"https:\/\/astideco.com\/blog\/#website","url":"https:\/\/astideco.com\/blog\/","name":"Astiblog","description":"Blog de Astideco.com","potentialAction":[{"@type":"SearchAction","target":{"@type":"EntryPoint","urlTemplate":"https:\/\/astideco.com\/blog\/?s={search_term_string}"},"query-input":{"@type":"PropertyValueSpecification","valueRequired":true,"valueName":"search_term_string"}}],"inLanguage":"es"},{"@type":"Person","@id":"https:\/\/astideco.com\/blog\/#\/schema\/person\/13fd236103c4c231352fb09b2b7ac5cf","name":"Astigarraga Kit Line"}]}},"_links":{"self":[{"href":"https:\/\/astideco.com\/blog\/wp-json\/wp\/v2\/posts\/3371","targetHints":{"allow":["GET"]}}],"collection":[{"href":"https:\/\/astideco.com\/blog\/wp-json\/wp\/v2\/posts"}],"about":[{"href":"https:\/\/astideco.com\/blog\/wp-json\/wp\/v2\/types\/post"}],"author":[{"embeddable":true,"href":"https:\/\/astideco.com\/blog\/wp-json\/wp\/v2\/users\/6"}],"replies":[{"embeddable":true,"href":"https:\/\/astideco.com\/blog\/wp-json\/wp\/v2\/comments?post=3371"}],"version-history":[{"count":16,"href":"https:\/\/astideco.com\/blog\/wp-json\/wp\/v2\/posts\/3371\/revisions"}],"predecessor-version":[{"id":5222,"href":"https:\/\/astideco.com\/blog\/wp-json\/wp\/v2\/posts\/3371\/revisions\/5222"}],"wp:featuredmedia":[{"embeddable":true,"href":"https:\/\/astideco.com\/blog\/wp-json\/wp\/v2\/media\/3380"}],"wp:attachment":[{"href":"https:\/\/astideco.com\/blog\/wp-json\/wp\/v2\/media?parent=3371"}],"wp:term":[{"taxonomy":"category","embeddable":true,"href":"https:\/\/astideco.com\/blog\/wp-json\/wp\/v2\/categories?post=3371"},{"taxonomy":"post_tag","embeddable":true,"href":"https:\/\/astideco.com\/blog\/wp-json\/wp\/v2\/tags?post=3371"}],"curies":[{"name":"wp","href":"https:\/\/api.w.org\/{rel}","templated":true}]}}