{"id":3353,"date":"2023-07-30T07:40:02","date_gmt":"2023-07-30T07:40:02","guid":{"rendered":"https:\/\/astideco.com\/blog\/?p=3353"},"modified":"2023-07-25T06:19:57","modified_gmt":"2023-07-25T06:19:57","slug":"ideas-originales-para-decorar-las-paredes","status":"publish","type":"post","link":"https:\/\/astideco.com\/blog\/ideas-originales-para-decorar-las-paredes\/","title":{"rendered":"Ideas originales para decorar las paredes"},"content":{"rendered":"<p><span>La decoraci\u00f3n de las paredes de tu hogar puede cambiar por completo cualquier estancia. M\u00e1s all\u00e1 de la pintura, el papel pintado o los vinilos decorativos que escojas, los recursos para decorar una pared vac\u00eda son de lo m\u00e1s variado, creativo y funcional.\u00a0 Hay miles de cosas que se pueden hacer para dotarlas de vida y dejarlas como nuevas. Como siempre, desde <a href=\"https:\/\/astideco.com\/es\/\" target=\"_blank\" rel=\"noopener\"><span><strong>Astigarraga kit Line<\/strong><\/span><\/a> nos decantamos por el <strong>estilo natural<\/strong>, una de las tendencias decorativas m\u00e1s top de los \u00faltimos a\u00f1os; y por la madera maciza certificada, nuestra se\u00f1a de identidad. Las <strong>ideas originales para decorar las paredes<\/strong> con nuestras piezas naturales te ayudar\u00e1n a transformar cualquier habitaci\u00f3n en un espacio acogedor.<\/span><\/p>\n<h2><span>Pon cuadros y fotograf\u00edas<\/span><\/h2>\n<p><span>Una de las opciones m\u00e1s sencillas y recurrentes es colocar cuadros, l\u00e1minas decorativas o fotograf\u00edas que nos traigan recuerdos especiales. Y lo puedes hacer con los t\u00edpicos marcos de fotos creando composiciones o, mucho m\u00e1s sencillo a\u00fan, con los propios <span><a href=\"https:\/\/astideco.com\/es\/estantes\"><strong>estantes para cuadros<\/strong><\/a><\/span>. Los tienes disponibles en tres medidas y su gran ventaja es que si te cansas de un cuadro o de una fotograf\u00eda puedes quitarlos en un abrir y cerrar de ojos y \u00a1nueva decoraci\u00f3n! Estas piezas de madera natural son tan vers\u00e1tiles que igual sirven para organizar los cuentos o material de manualidades de los m\u00e1s peque\u00f1os como para ordenar los accesorios de una cocina o de un ba\u00f1o.\u00a0<\/span><\/p>\n<div id=\"attachment_3357\" style=\"width: 1210px\" class=\"wp-caption alignleft\"><img decoding=\"async\" aria-describedby=\"caption-attachment-3357\" class=\"lazyload wp-image-3357 size-fusion-1200\" src=\"https:\/\/astideco.com\/blog\/wp-content\/uploads\/2021\/04\/estante-para-cuadros-1200x937.jpg\" data-orig-src=\"https:\/\/astideco.com\/blog\/wp-content\/uploads\/2021\/04\/estante-para-cuadros-1200x937.jpg\" alt=\"ideas para decorar paredes\" width=\"1200\" height=\"937\" srcset=\"data:image\/svg+xml,%3Csvg%20xmlns%3D%27http%3A%2F%2Fwww.w3.org%2F2000%2Fsvg%27%20width%3D%271200%27%20height%3D%27937%27%20viewBox%3D%270%200%201200%20937%27%3E%3Crect%20width%3D%271200%27%20height%3D%27937%27%20fill-opacity%3D%220%22%2F%3E%3C%2Fsvg%3E\" data-srcset=\"https:\/\/astideco.com\/blog\/wp-content\/uploads\/2021\/04\/estante-para-cuadros-200x156.jpg 200w, https:\/\/astideco.com\/blog\/wp-content\/uploads\/2021\/04\/estante-para-cuadros-300x234.jpg 300w, https:\/\/astideco.com\/blog\/wp-content\/uploads\/2021\/04\/estante-para-cuadros-400x312.jpg 400w, https:\/\/astideco.com\/blog\/wp-content\/uploads\/2021\/04\/estante-para-cuadros-600x468.jpg 600w, https:\/\/astideco.com\/blog\/wp-content\/uploads\/2021\/04\/estante-para-cuadros-768x600.jpg 768w, https:\/\/astideco.com\/blog\/wp-content\/uploads\/2021\/04\/estante-para-cuadros-800x625.jpg 800w, https:\/\/astideco.com\/blog\/wp-content\/uploads\/2021\/04\/estante-para-cuadros-1024x799.jpg 1024w, https:\/\/astideco.com\/blog\/wp-content\/uploads\/2021\/04\/estante-para-cuadros-1200x937.jpg 1200w, https:\/\/astideco.com\/blog\/wp-content\/uploads\/2021\/04\/estante-para-cuadros-1536x1199.jpg 1536w, https:\/\/astideco.com\/blog\/wp-content\/uploads\/2021\/04\/estante-para-cuadros.jpg 1600w\" data-sizes=\"auto\" data-orig-sizes=\"(max-width: 1200px) 100vw, 1200px\" \/><p id=\"caption-attachment-3357\" class=\"wp-caption-text\">Instagram: <a href=\"https:\/\/www.instagram.com\/mihogartienealma\/\" target=\"_blank\" rel=\"noopener\"><strong>@mihogartienealma<\/strong><\/a><\/p><\/div>\n<p><img decoding=\"async\" class=\"lazyload aligncenter wp-image-3356 size-fusion-1200\" src=\"https:\/\/astideco.com\/blog\/wp-content\/uploads\/2021\/04\/decorar-paredes-con-estantes-de-pared-1200x593.jpg\" data-orig-src=\"https:\/\/astideco.com\/blog\/wp-content\/uploads\/2021\/04\/decorar-paredes-con-estantes-de-pared-1200x593.jpg\" alt=\"\" width=\"1200\" height=\"593\" srcset=\"data:image\/svg+xml,%3Csvg%20xmlns%3D%27http%3A%2F%2Fwww.w3.org%2F2000%2Fsvg%27%20width%3D%271200%27%20height%3D%27593%27%20viewBox%3D%270%200%201200%20593%27%3E%3Crect%20width%3D%271200%27%20height%3D%27593%27%20fill-opacity%3D%220%22%2F%3E%3C%2Fsvg%3E\" data-srcset=\"https:\/\/astideco.com\/blog\/wp-content\/uploads\/2021\/04\/decorar-paredes-con-estantes-de-pared-200x99.jpg 200w, https:\/\/astideco.com\/blog\/wp-content\/uploads\/2021\/04\/decorar-paredes-con-estantes-de-pared-300x148.jpg 300w, https:\/\/astideco.com\/blog\/wp-content\/uploads\/2021\/04\/decorar-paredes-con-estantes-de-pared-400x198.jpg 400w, https:\/\/astideco.com\/blog\/wp-content\/uploads\/2021\/04\/decorar-paredes-con-estantes-de-pared-600x297.jpg 600w, https:\/\/astideco.com\/blog\/wp-content\/uploads\/2021\/04\/decorar-paredes-con-estantes-de-pared-768x380.jpg 768w, https:\/\/astideco.com\/blog\/wp-content\/uploads\/2021\/04\/decorar-paredes-con-estantes-de-pared-800x396.jpg 800w, https:\/\/astideco.com\/blog\/wp-content\/uploads\/2021\/04\/decorar-paredes-con-estantes-de-pared-1024x506.jpg 1024w, https:\/\/astideco.com\/blog\/wp-content\/uploads\/2021\/04\/decorar-paredes-con-estantes-de-pared-1200x593.jpg 1200w, https:\/\/astideco.com\/blog\/wp-content\/uploads\/2021\/04\/decorar-paredes-con-estantes-de-pared-1536x760.jpg 1536w, https:\/\/astideco.com\/blog\/wp-content\/uploads\/2021\/04\/decorar-paredes-con-estantes-de-pared.jpg 1816w\" data-sizes=\"auto\" data-orig-sizes=\"(max-width: 1200px) 100vw, 1200px\" \/><\/p>\n<div id=\"attachment_3358\" style=\"width: 1210px\" class=\"wp-caption alignleft\"><img decoding=\"async\" aria-describedby=\"caption-attachment-3358\" class=\"lazyload wp-image-3358 size-fusion-1200\" src=\"https:\/\/astideco.com\/blog\/wp-content\/uploads\/2021\/04\/IMG_20210329_211156_169-1200x1118.jpg\" data-orig-src=\"https:\/\/astideco.com\/blog\/wp-content\/uploads\/2021\/04\/IMG_20210329_211156_169-1200x1118.jpg\" alt=\"ideas para decorar paredes\" width=\"1200\" height=\"1118\" srcset=\"data:image\/svg+xml,%3Csvg%20xmlns%3D%27http%3A%2F%2Fwww.w3.org%2F2000%2Fsvg%27%20width%3D%271200%27%20height%3D%271118%27%20viewBox%3D%270%200%201200%201118%27%3E%3Crect%20width%3D%271200%27%20height%3D%271118%27%20fill-opacity%3D%220%22%2F%3E%3C%2Fsvg%3E\" data-srcset=\"https:\/\/astideco.com\/blog\/wp-content\/uploads\/2021\/04\/IMG_20210329_211156_169-200x186.jpg 200w, https:\/\/astideco.com\/blog\/wp-content\/uploads\/2021\/04\/IMG_20210329_211156_169-300x280.jpg 300w, https:\/\/astideco.com\/blog\/wp-content\/uploads\/2021\/04\/IMG_20210329_211156_169-400x373.jpg 400w, https:\/\/astideco.com\/blog\/wp-content\/uploads\/2021\/04\/IMG_20210329_211156_169-600x559.jpg 600w, https:\/\/astideco.com\/blog\/wp-content\/uploads\/2021\/04\/IMG_20210329_211156_169-768x716.jpg 768w, https:\/\/astideco.com\/blog\/wp-content\/uploads\/2021\/04\/IMG_20210329_211156_169-800x746.jpg 800w, https:\/\/astideco.com\/blog\/wp-content\/uploads\/2021\/04\/IMG_20210329_211156_169-1024x954.jpg 1024w, https:\/\/astideco.com\/blog\/wp-content\/uploads\/2021\/04\/IMG_20210329_211156_169-1200x1118.jpg 1200w, https:\/\/astideco.com\/blog\/wp-content\/uploads\/2021\/04\/IMG_20210329_211156_169-1536x1431.jpg 1536w\" data-sizes=\"auto\" data-orig-sizes=\"(max-width: 1200px) 100vw, 1200px\" \/><p id=\"caption-attachment-3358\" class=\"wp-caption-text\">Instagram: <a href=\"https:\/\/www.instagram.com\/lacasitadepueblo\/\" target=\"_blank\" rel=\"noopener\"><strong>@lacasitadepueblo<\/strong><\/a><\/p><\/div>\n<h2><span>A base de cajas de madera<\/span><\/h2>\n<p><span>Las <a href=\"https:\/\/astideco.com\/es\/cajas-de-almacenaje\" target=\"_blank\" rel=\"noopener\"><span><strong>cajas de madera<\/strong> <\/span><\/a>son tan tan vers\u00e1tiles como usos se te ocurran. Da igual la estancia donde las coloques: en el ba\u00f1o, en la cocina, en la habitaci\u00f3n de los peque\u00f1os, en el sal\u00f3n\u2026 sus usos son ilimitados y adem\u00e1s te ayudar\u00e1n no solo a ordenar sino tambi\u00e9n a decorar.<\/span><\/p>\n<div id=\"attachment_3359\" style=\"width: 1210px\" class=\"wp-caption alignleft\"><img decoding=\"async\" aria-describedby=\"caption-attachment-3359\" class=\"lazyload wp-image-3359\" src=\"https:\/\/astideco.com\/blog\/wp-content\/uploads\/2021\/04\/ideas-pra-decorar-paredes-300x200.jpg\" data-orig-src=\"https:\/\/astideco.com\/blog\/wp-content\/uploads\/2021\/04\/ideas-pra-decorar-paredes-300x200.jpg\" alt=\"cajas de madera maciza de pino\" width=\"1200\" height=\"800\" srcset=\"data:image\/svg+xml,%3Csvg%20xmlns%3D%27http%3A%2F%2Fwww.w3.org%2F2000%2Fsvg%27%20width%3D%271200%27%20height%3D%27800%27%20viewBox%3D%270%200%201200%20800%27%3E%3Crect%20width%3D%271200%27%20height%3D%27800%27%20fill-opacity%3D%220%22%2F%3E%3C%2Fsvg%3E\" data-srcset=\"https:\/\/astideco.com\/blog\/wp-content\/uploads\/2021\/04\/ideas-pra-decorar-paredes-200x133.jpg 200w, https:\/\/astideco.com\/blog\/wp-content\/uploads\/2021\/04\/ideas-pra-decorar-paredes-300x200.jpg 300w, https:\/\/astideco.com\/blog\/wp-content\/uploads\/2021\/04\/ideas-pra-decorar-paredes-400x267.jpg 400w, https:\/\/astideco.com\/blog\/wp-content\/uploads\/2021\/04\/ideas-pra-decorar-paredes-600x400.jpg 600w, https:\/\/astideco.com\/blog\/wp-content\/uploads\/2021\/04\/ideas-pra-decorar-paredes-768x512.jpg 768w, https:\/\/astideco.com\/blog\/wp-content\/uploads\/2021\/04\/ideas-pra-decorar-paredes-800x533.jpg 800w, https:\/\/astideco.com\/blog\/wp-content\/uploads\/2021\/04\/ideas-pra-decorar-paredes-1024x683.jpg 1024w, https:\/\/astideco.com\/blog\/wp-content\/uploads\/2021\/04\/ideas-pra-decorar-paredes.jpg 1200w\" data-sizes=\"auto\" data-orig-sizes=\"(max-width: 1200px) 100vw, 1200px\" \/><p id=\"caption-attachment-3359\" class=\"wp-caption-text\">Instagram: <a href=\"https:\/\/www.instagram.com\/creciendoconmontessori\/\" target=\"_blank\" rel=\"noopener\"><strong>@creciendoconmontessori<\/strong><\/a><\/p><\/div>\n<p><img decoding=\"async\" class=\"lazyload wp-image-3360 size-fusion-1200\" src=\"https:\/\/astideco.com\/blog\/wp-content\/uploads\/2021\/04\/cajas-de-madera-de-lamas-1200x891.jpg\" data-orig-src=\"https:\/\/astideco.com\/blog\/wp-content\/uploads\/2021\/04\/cajas-de-madera-de-lamas-1200x891.jpg\" alt=\"ideas para decorar paredes\" width=\"1200\" height=\"891\" srcset=\"data:image\/svg+xml,%3Csvg%20xmlns%3D%27http%3A%2F%2Fwww.w3.org%2F2000%2Fsvg%27%20width%3D%271200%27%20height%3D%27891%27%20viewBox%3D%270%200%201200%20891%27%3E%3Crect%20width%3D%271200%27%20height%3D%27891%27%20fill-opacity%3D%220%22%2F%3E%3C%2Fsvg%3E\" data-srcset=\"https:\/\/astideco.com\/blog\/wp-content\/uploads\/2021\/04\/cajas-de-madera-de-lamas-200x148.jpg 200w, https:\/\/astideco.com\/blog\/wp-content\/uploads\/2021\/04\/cajas-de-madera-de-lamas-300x223.jpg 300w, https:\/\/astideco.com\/blog\/wp-content\/uploads\/2021\/04\/cajas-de-madera-de-lamas-400x297.jpg 400w, https:\/\/astideco.com\/blog\/wp-content\/uploads\/2021\/04\/cajas-de-madera-de-lamas-600x445.jpg 600w, https:\/\/astideco.com\/blog\/wp-content\/uploads\/2021\/04\/cajas-de-madera-de-lamas-768x570.jpg 768w, https:\/\/astideco.com\/blog\/wp-content\/uploads\/2021\/04\/cajas-de-madera-de-lamas-800x594.jpg 800w, https:\/\/astideco.com\/blog\/wp-content\/uploads\/2021\/04\/cajas-de-madera-de-lamas-1024x760.jpg 1024w, https:\/\/astideco.com\/blog\/wp-content\/uploads\/2021\/04\/cajas-de-madera-de-lamas-1200x891.jpg 1200w, https:\/\/astideco.com\/blog\/wp-content\/uploads\/2021\/04\/cajas-de-madera-de-lamas-1536x1140.jpg 1536w\" data-sizes=\"auto\" data-orig-sizes=\"(max-width: 1200px) 100vw, 1200px\" \/><\/p>\n<h2><span>Originalidad al poder<\/span><\/h2>\n<p><span>Y m\u00e1s madera. Es una de las formas m\u00e1s atractivas que puedes utilizar para decorar paredes. Se llama <span><a href=\"https:\/\/astideco.com\/es\/panel-organizador\"><strong>Tetris<\/strong><\/a><\/span> y es un <strong>organizador mural<\/strong> compuesto por una base o las que quieres -cada una mide 65x90x5cm (alto\/ancho\/fondo)-. Sobre esta base(s) puedes ir a\u00f1adiendo los accesorios que trae la Tetris, lo que significa que puedes hacer tantas composiciones como imaginaci\u00f3n tengas. Cualquier pared de cualquier espacio de tu casa querr\u00e1 una Tetris. \u00bfQu\u00e9 te parecen estas ideas?<\/span><\/p>\n<div id=\"attachment_3361\" style=\"width: 1210px\" class=\"wp-caption alignleft\"><img decoding=\"async\" aria-describedby=\"caption-attachment-3361\" class=\"lazyload wp-image-3361 size-fusion-1200\" src=\"https:\/\/astideco.com\/blog\/wp-content\/uploads\/2021\/04\/Zona-de-Juego-Montessori-22-1200x800.jpg\" data-orig-src=\"https:\/\/astideco.com\/blog\/wp-content\/uploads\/2021\/04\/Zona-de-Juego-Montessori-22-1200x800.jpg\" alt=\"ideas para decorar paredes\" width=\"1200\" height=\"800\" srcset=\"data:image\/svg+xml,%3Csvg%20xmlns%3D%27http%3A%2F%2Fwww.w3.org%2F2000%2Fsvg%27%20width%3D%271200%27%20height%3D%27800%27%20viewBox%3D%270%200%201200%20800%27%3E%3Crect%20width%3D%271200%27%20height%3D%27800%27%20fill-opacity%3D%220%22%2F%3E%3C%2Fsvg%3E\" data-srcset=\"https:\/\/astideco.com\/blog\/wp-content\/uploads\/2021\/04\/Zona-de-Juego-Montessori-22-200x133.jpg 200w, https:\/\/astideco.com\/blog\/wp-content\/uploads\/2021\/04\/Zona-de-Juego-Montessori-22-300x200.jpg 300w, https:\/\/astideco.com\/blog\/wp-content\/uploads\/2021\/04\/Zona-de-Juego-Montessori-22-400x267.jpg 400w, https:\/\/astideco.com\/blog\/wp-content\/uploads\/2021\/04\/Zona-de-Juego-Montessori-22-600x400.jpg 600w, https:\/\/astideco.com\/blog\/wp-content\/uploads\/2021\/04\/Zona-de-Juego-Montessori-22-768x512.jpg 768w, https:\/\/astideco.com\/blog\/wp-content\/uploads\/2021\/04\/Zona-de-Juego-Montessori-22-800x533.jpg 800w, https:\/\/astideco.com\/blog\/wp-content\/uploads\/2021\/04\/Zona-de-Juego-Montessori-22-1024x683.jpg 1024w, https:\/\/astideco.com\/blog\/wp-content\/uploads\/2021\/04\/Zona-de-Juego-Montessori-22-1200x800.jpg 1200w, https:\/\/astideco.com\/blog\/wp-content\/uploads\/2021\/04\/Zona-de-Juego-Montessori-22-1536x1024.jpg 1536w\" data-sizes=\"auto\" data-orig-sizes=\"(max-width: 1200px) 100vw, 1200px\" \/><p id=\"caption-attachment-3361\" class=\"wp-caption-text\">Instagram: <a href=\"https:\/\/www.instagram.com\/creciendoconmontessori\/\" target=\"_blank\" rel=\"noopener\"><strong>@creciendoconmontessori<\/strong><\/a><\/p><\/div>\n<p><img decoding=\"async\" class=\"lazyload aligncenter wp-image-3355 size-fusion-1200\" src=\"https:\/\/astideco.com\/blog\/wp-content\/uploads\/2021\/04\/TETRIS-6-1200x865.jpg\" data-orig-src=\"https:\/\/astideco.com\/blog\/wp-content\/uploads\/2021\/04\/TETRIS-6-1200x865.jpg\" alt=\"ideas para decorar paredes\" width=\"1200\" height=\"865\" srcset=\"data:image\/svg+xml,%3Csvg%20xmlns%3D%27http%3A%2F%2Fwww.w3.org%2F2000%2Fsvg%27%20width%3D%271200%27%20height%3D%27865%27%20viewBox%3D%270%200%201200%20865%27%3E%3Crect%20width%3D%271200%27%20height%3D%27865%27%20fill-opacity%3D%220%22%2F%3E%3C%2Fsvg%3E\" data-srcset=\"https:\/\/astideco.com\/blog\/wp-content\/uploads\/2021\/04\/TETRIS-6-200x144.jpg 200w, https:\/\/astideco.com\/blog\/wp-content\/uploads\/2021\/04\/TETRIS-6-300x216.jpg 300w, https:\/\/astideco.com\/blog\/wp-content\/uploads\/2021\/04\/TETRIS-6-400x288.jpg 400w, https:\/\/astideco.com\/blog\/wp-content\/uploads\/2021\/04\/TETRIS-6-600x432.jpg 600w, https:\/\/astideco.com\/blog\/wp-content\/uploads\/2021\/04\/TETRIS-6-768x554.jpg 768w, https:\/\/astideco.com\/blog\/wp-content\/uploads\/2021\/04\/TETRIS-6-800x577.jpg 800w, https:\/\/astideco.com\/blog\/wp-content\/uploads\/2021\/04\/TETRIS-6-1024x738.jpg 1024w, https:\/\/astideco.com\/blog\/wp-content\/uploads\/2021\/04\/TETRIS-6-1200x865.jpg 1200w, https:\/\/astideco.com\/blog\/wp-content\/uploads\/2021\/04\/TETRIS-6-1536x1107.jpg 1536w\" data-sizes=\"auto\" data-orig-sizes=\"(max-width: 1200px) 100vw, 1200px\" \/><\/p>\n<div id=\"attachment_3362\" style=\"width: 1210px\" class=\"wp-caption alignleft\"><img decoding=\"async\" aria-describedby=\"caption-attachment-3362\" class=\"lazyload wp-image-3362 size-fusion-1200\" src=\"https:\/\/astideco.com\/blog\/wp-content\/uploads\/2021\/04\/ideas-para-decorar-paredes-con-Tetris-1200x918.jpg\" data-orig-src=\"https:\/\/astideco.com\/blog\/wp-content\/uploads\/2021\/04\/ideas-para-decorar-paredes-con-Tetris-1200x918.jpg\" alt=\"\" width=\"1200\" height=\"918\" srcset=\"data:image\/svg+xml,%3Csvg%20xmlns%3D%27http%3A%2F%2Fwww.w3.org%2F2000%2Fsvg%27%20width%3D%271200%27%20height%3D%27918%27%20viewBox%3D%270%200%201200%20918%27%3E%3Crect%20width%3D%271200%27%20height%3D%27918%27%20fill-opacity%3D%220%22%2F%3E%3C%2Fsvg%3E\" data-srcset=\"https:\/\/astideco.com\/blog\/wp-content\/uploads\/2021\/04\/ideas-para-decorar-paredes-con-Tetris-200x153.jpg 200w, https:\/\/astideco.com\/blog\/wp-content\/uploads\/2021\/04\/ideas-para-decorar-paredes-con-Tetris-300x229.jpg 300w, https:\/\/astideco.com\/blog\/wp-content\/uploads\/2021\/04\/ideas-para-decorar-paredes-con-Tetris-400x306.jpg 400w, https:\/\/astideco.com\/blog\/wp-content\/uploads\/2021\/04\/ideas-para-decorar-paredes-con-Tetris-600x459.jpg 600w, https:\/\/astideco.com\/blog\/wp-content\/uploads\/2021\/04\/ideas-para-decorar-paredes-con-Tetris-768x587.jpg 768w, https:\/\/astideco.com\/blog\/wp-content\/uploads\/2021\/04\/ideas-para-decorar-paredes-con-Tetris-800x612.jpg 800w, https:\/\/astideco.com\/blog\/wp-content\/uploads\/2021\/04\/ideas-para-decorar-paredes-con-Tetris-1024x783.jpg 1024w, https:\/\/astideco.com\/blog\/wp-content\/uploads\/2021\/04\/ideas-para-decorar-paredes-con-Tetris-1200x918.jpg 1200w, https:\/\/astideco.com\/blog\/wp-content\/uploads\/2021\/04\/ideas-para-decorar-paredes-con-Tetris-1536x1175.jpg 1536w\" data-sizes=\"auto\" data-orig-sizes=\"(max-width: 1200px) 100vw, 1200px\" \/><p id=\"caption-attachment-3362\" class=\"wp-caption-text\">Instagram: <strong><a href=\"https:\/\/www.instagram.com\/la_petit_su\/\" target=\"_blank\" rel=\"noopener\">@la_petit_su<\/a><\/strong><\/p><\/div>\n<h2><span>No son unas baldas cualquiera<\/span><\/h2>\n<p><span>Las baldas convencionales nunca fallan a la hora de decorar paredes. Sobre el sof\u00e1 o el cabecero de una cama, en el frontal de un escritorio o en el ba\u00f1o o en una cocina son un cl\u00e1sico. Pero puestos a romper con todo lo convencional, te sugerimos que apuestes por las <span><a href=\"https:\/\/astideco.com\/es\/baldas-y-soportes-de-pared\" target=\"_blank\" rel=\"noopener\"><strong><span>escuadras de madera Triangle<\/span><\/strong><\/a><\/span>\u00a0para dar un toque de estilo a cualquier pared. Col\u00f3cala como quieras: por encima o por debajo del estante y en la posici\u00f3n que m\u00e1s te guste.<\/span><\/p>\n<div id=\"attachment_3364\" style=\"width: 1210px\" class=\"wp-caption alignleft\"><img decoding=\"async\" aria-describedby=\"caption-attachment-3364\" class=\"lazyload wp-image-3364\" src=\"https:\/\/astideco.com\/blog\/wp-content\/uploads\/2021\/04\/74687582_144984873439381_2562813367809277464_n-300x236.jpg\" data-orig-src=\"https:\/\/astideco.com\/blog\/wp-content\/uploads\/2021\/04\/74687582_144984873439381_2562813367809277464_n-300x236.jpg\" alt=\"estantes y triangle\" width=\"1200\" height=\"943\" srcset=\"data:image\/svg+xml,%3Csvg%20xmlns%3D%27http%3A%2F%2Fwww.w3.org%2F2000%2Fsvg%27%20width%3D%271200%27%20height%3D%27943%27%20viewBox%3D%270%200%201200%20943%27%3E%3Crect%20width%3D%271200%27%20height%3D%27943%27%20fill-opacity%3D%220%22%2F%3E%3C%2Fsvg%3E\" data-srcset=\"https:\/\/astideco.com\/blog\/wp-content\/uploads\/2021\/04\/74687582_144984873439381_2562813367809277464_n-200x157.jpg 200w, https:\/\/astideco.com\/blog\/wp-content\/uploads\/2021\/04\/74687582_144984873439381_2562813367809277464_n-300x236.jpg 300w, https:\/\/astideco.com\/blog\/wp-content\/uploads\/2021\/04\/74687582_144984873439381_2562813367809277464_n-400x314.jpg 400w, https:\/\/astideco.com\/blog\/wp-content\/uploads\/2021\/04\/74687582_144984873439381_2562813367809277464_n-600x472.jpg 600w, https:\/\/astideco.com\/blog\/wp-content\/uploads\/2021\/04\/74687582_144984873439381_2562813367809277464_n-768x604.jpg 768w, https:\/\/astideco.com\/blog\/wp-content\/uploads\/2021\/04\/74687582_144984873439381_2562813367809277464_n-800x629.jpg 800w, https:\/\/astideco.com\/blog\/wp-content\/uploads\/2021\/04\/74687582_144984873439381_2562813367809277464_n-1024x805.jpg 1024w, https:\/\/astideco.com\/blog\/wp-content\/uploads\/2021\/04\/74687582_144984873439381_2562813367809277464_n.jpg 1080w\" data-sizes=\"auto\" data-orig-sizes=\"(max-width: 1200px) 100vw, 1200px\" \/><p id=\"caption-attachment-3364\" class=\"wp-caption-text\">Instagram: <a href=\"https:\/\/www.instagram.com\/fee.maison\/\" target=\"_blank\" rel=\"noopener\"><strong>@fee.maison<\/strong><\/a><\/p><\/div>\n<p><img decoding=\"async\" class=\"lazyload aligncenter wp-image-3363\" src=\"https:\/\/astideco.com\/blog\/wp-content\/uploads\/2021\/04\/baldas-y-escuadras-en-la-cocina-300x188.jpg\" data-orig-src=\"https:\/\/astideco.com\/blog\/wp-content\/uploads\/2021\/04\/baldas-y-escuadras-en-la-cocina-300x188.jpg\" alt=\"ideas para decorar paredes\" width=\"1200\" height=\"754\" srcset=\"data:image\/svg+xml,%3Csvg%20xmlns%3D%27http%3A%2F%2Fwww.w3.org%2F2000%2Fsvg%27%20width%3D%271200%27%20height%3D%27754%27%20viewBox%3D%270%200%201200%20754%27%3E%3Crect%20width%3D%271200%27%20height%3D%27754%27%20fill-opacity%3D%220%22%2F%3E%3C%2Fsvg%3E\" data-srcset=\"https:\/\/astideco.com\/blog\/wp-content\/uploads\/2021\/04\/baldas-y-escuadras-en-la-cocina-200x126.jpg 200w, https:\/\/astideco.com\/blog\/wp-content\/uploads\/2021\/04\/baldas-y-escuadras-en-la-cocina-300x188.jpg 300w, https:\/\/astideco.com\/blog\/wp-content\/uploads\/2021\/04\/baldas-y-escuadras-en-la-cocina-320x202.jpg 320w, https:\/\/astideco.com\/blog\/wp-content\/uploads\/2021\/04\/baldas-y-escuadras-en-la-cocina-400x251.jpg 400w, https:\/\/astideco.com\/blog\/wp-content\/uploads\/2021\/04\/baldas-y-escuadras-en-la-cocina-600x377.jpg 600w, https:\/\/astideco.com\/blog\/wp-content\/uploads\/2021\/04\/baldas-y-escuadras-en-la-cocina-700x441.jpg 700w, https:\/\/astideco.com\/blog\/wp-content\/uploads\/2021\/04\/baldas-y-escuadras-en-la-cocina-768x482.jpg 768w, https:\/\/astideco.com\/blog\/wp-content\/uploads\/2021\/04\/baldas-y-escuadras-en-la-cocina-800x503.jpg 800w, https:\/\/astideco.com\/blog\/wp-content\/uploads\/2021\/04\/baldas-y-escuadras-en-la-cocina.jpg 963w\" data-sizes=\"auto\" data-orig-sizes=\"(max-width: 1200px) 100vw, 1200px\" \/><\/p>\n<h2><span>A jugar <\/span><\/h2>\n<p><span>Dos formas geom\u00e9tricas: un tri\u00e1ngulo y un cuadrado. Dos piezas pr\u00e1cticas que decoran: <span><a href=\"https:\/\/astideco.com\/es\/botelleros-de-pared\/botelllero-para-6-botellas-prisma\"><strong>Prisma<\/strong><\/a><\/span> y <span><a href=\"https:\/\/astideco.com\/es\/botelleros-de-pared\/botelllero-para-3-botellas-pixel\"><strong>Pixel<\/strong><\/a><\/span> . Dos botelleros que decorar\u00e1n las paredes de tu hogar si eres un entusiasta del vino o simplemente te gusta degustar una copa de vez en cuando. Eligas el que elijas, los dos son modulares, juega con las formas y haz crecer la composici\u00f3n tanto como t\u00fa necesites.<\/span><\/p>\n<p><span><img decoding=\"async\" class=\"lazyload aligncenter wp-image-3366 size-fusion-1200\" src=\"https:\/\/astideco.com\/blog\/wp-content\/uploads\/2021\/04\/estante-modular-y-evolutivo-de-madera-maciza-botellero-1200x1310.jpg\" data-orig-src=\"https:\/\/astideco.com\/blog\/wp-content\/uploads\/2021\/04\/estante-modular-y-evolutivo-de-madera-maciza-botellero-1200x1310.jpg\" alt=\"\" width=\"1200\" height=\"1310\" srcset=\"data:image\/svg+xml,%3Csvg%20xmlns%3D%27http%3A%2F%2Fwww.w3.org%2F2000%2Fsvg%27%20width%3D%271200%27%20height%3D%271310%27%20viewBox%3D%270%200%201200%201310%27%3E%3Crect%20width%3D%271200%27%20height%3D%271310%27%20fill-opacity%3D%220%22%2F%3E%3C%2Fsvg%3E\" data-srcset=\"https:\/\/astideco.com\/blog\/wp-content\/uploads\/2021\/04\/estante-modular-y-evolutivo-de-madera-maciza-botellero-200x218.jpg 200w, https:\/\/astideco.com\/blog\/wp-content\/uploads\/2021\/04\/estante-modular-y-evolutivo-de-madera-maciza-botellero-275x300.jpg 275w, https:\/\/astideco.com\/blog\/wp-content\/uploads\/2021\/04\/estante-modular-y-evolutivo-de-madera-maciza-botellero-400x437.jpg 400w, https:\/\/astideco.com\/blog\/wp-content\/uploads\/2021\/04\/estante-modular-y-evolutivo-de-madera-maciza-botellero-600x655.jpg 600w, https:\/\/astideco.com\/blog\/wp-content\/uploads\/2021\/04\/estante-modular-y-evolutivo-de-madera-maciza-botellero-768x838.jpg 768w, https:\/\/astideco.com\/blog\/wp-content\/uploads\/2021\/04\/estante-modular-y-evolutivo-de-madera-maciza-botellero-800x873.jpg 800w, https:\/\/astideco.com\/blog\/wp-content\/uploads\/2021\/04\/estante-modular-y-evolutivo-de-madera-maciza-botellero-938x1024.jpg 938w, https:\/\/astideco.com\/blog\/wp-content\/uploads\/2021\/04\/estante-modular-y-evolutivo-de-madera-maciza-botellero-1200x1310.jpg 1200w, https:\/\/astideco.com\/blog\/wp-content\/uploads\/2021\/04\/estante-modular-y-evolutivo-de-madera-maciza-botellero-1407x1536.jpg 1407w, https:\/\/astideco.com\/blog\/wp-content\/uploads\/2021\/04\/estante-modular-y-evolutivo-de-madera-maciza-botellero.jpg 1832w\" data-sizes=\"auto\" data-orig-sizes=\"(max-width: 1200px) 100vw, 1200px\" \/><\/span><\/p>\n<div id=\"attachment_3365\" style=\"width: 1210px\" class=\"wp-caption alignleft\"><img decoding=\"async\" aria-describedby=\"caption-attachment-3365\" class=\"lazyload wp-image-3365 size-fusion-1200\" src=\"https:\/\/astideco.com\/blog\/wp-content\/uploads\/2021\/04\/botellero-modular-de-madera-de-pino-Pixel-1200x900.jpg\" data-orig-src=\"https:\/\/astideco.com\/blog\/wp-content\/uploads\/2021\/04\/botellero-modular-de-madera-de-pino-Pixel-1200x900.jpg\" alt=\"ideas para decorar paredes\" width=\"1200\" height=\"900\" srcset=\"data:image\/svg+xml,%3Csvg%20xmlns%3D%27http%3A%2F%2Fwww.w3.org%2F2000%2Fsvg%27%20width%3D%271200%27%20height%3D%27900%27%20viewBox%3D%270%200%201200%20900%27%3E%3Crect%20width%3D%271200%27%20height%3D%27900%27%20fill-opacity%3D%220%22%2F%3E%3C%2Fsvg%3E\" data-srcset=\"https:\/\/astideco.com\/blog\/wp-content\/uploads\/2021\/04\/botellero-modular-de-madera-de-pino-Pixel-200x150.jpg 200w, https:\/\/astideco.com\/blog\/wp-content\/uploads\/2021\/04\/botellero-modular-de-madera-de-pino-Pixel-300x225.jpg 300w, https:\/\/astideco.com\/blog\/wp-content\/uploads\/2021\/04\/botellero-modular-de-madera-de-pino-Pixel-400x300.jpg 400w, https:\/\/astideco.com\/blog\/wp-content\/uploads\/2021\/04\/botellero-modular-de-madera-de-pino-Pixel-600x450.jpg 600w, https:\/\/astideco.com\/blog\/wp-content\/uploads\/2021\/04\/botellero-modular-de-madera-de-pino-Pixel-768x576.jpg 768w, https:\/\/astideco.com\/blog\/wp-content\/uploads\/2021\/04\/botellero-modular-de-madera-de-pino-Pixel-800x600.jpg 800w, https:\/\/astideco.com\/blog\/wp-content\/uploads\/2021\/04\/botellero-modular-de-madera-de-pino-Pixel-1024x768.jpg 1024w, https:\/\/astideco.com\/blog\/wp-content\/uploads\/2021\/04\/botellero-modular-de-madera-de-pino-Pixel-1200x900.jpg 1200w, https:\/\/astideco.com\/blog\/wp-content\/uploads\/2021\/04\/botellero-modular-de-madera-de-pino-Pixel-1536x1152.jpg 1536w\" data-sizes=\"auto\" data-orig-sizes=\"(max-width: 1200px) 100vw, 1200px\" \/><p id=\"caption-attachment-3365\" class=\"wp-caption-text\">Instagram: <strong><a href=\"https:\/\/www.instagram.com\/martahouse_s\/\" target=\"_blank\" rel=\"noopener\">@martahouse_s<\/a><\/strong><\/p><\/div>\n<p><span>\u00bfA qu\u00e9 esperas para darle una nueva vida a tus paredes? \u00bfTe ha convencido alguna de estas ideas originales para decorar paredes?\u00a0<\/span><\/p>\n<p><i><span>Gracias por dejarnos decorar tu hogar de manera sostenible.<\/span><\/i><\/p>\n<p>&nbsp;<\/p>\n","protected":false},"excerpt":{"rendered":"<p>La decoraci\u00f3n de las paredes de tu hogar puede cambiar por completo cualquier estancia. M\u00e1s all\u00e1 de la pintura, el papel pintado o los vinilos decorativos que escojas, los recursos para decorar una pared vac\u00eda son de lo m\u00e1s variado,  [..]<\/p>\n","protected":false},"author":6,"featured_media":3354,"comment_status":"open","ping_status":"open","sticky":false,"template":"","format":"standard","meta":{"footnotes":""},"categories":[644,15],"tags":[62,60,586,584,407,851],"class_list":["post-3353","post","type-post","status-publish","format-standard","has-post-thumbnail","hentry","category-ideas-y-consejos","category-producto","tag-astigarraga-kit-line","tag-astikitline","tag-decoracion-pared","tag-decorar-paredes","tag-madera-certificada","tag-muebles-ecologicos"],"yoast_head":"<!-- This site is optimized with the Yoast SEO plugin v27.0 - https:\/\/yoast.com\/product\/yoast-seo-wordpress\/ -->\n<title>Ideas originales para decorar las paredes - Astiblog<\/title>\n<meta name=\"description\" content=\"La decoraci\u00f3n de las paredes puede cambiar por completo cualquier estancia. Por eso hoy os traemos ideas originales para decorar paredes.\" \/>\n<meta name=\"robots\" content=\"index, follow, max-snippet:-1, max-image-preview:large, max-video-preview:-1\" \/>\n<link rel=\"canonical\" href=\"https:\/\/astideco.com\/blog\/ideas-originales-para-decorar-las-paredes\/\" \/>\n<meta property=\"og:locale\" content=\"es_ES\" \/>\n<meta property=\"og:type\" content=\"article\" \/>\n<meta property=\"og:title\" content=\"Ideas originales para decorar las paredes - Astiblog\" \/>\n<meta property=\"og:description\" content=\"La decoraci\u00f3n de las paredes puede cambiar por completo cualquier estancia. Por eso hoy os traemos ideas originales para decorar paredes.\" \/>\n<meta property=\"og:url\" content=\"https:\/\/astideco.com\/blog\/ideas-originales-para-decorar-las-paredes\/\" \/>\n<meta property=\"og:site_name\" content=\"Astiblog\" \/>\n<meta property=\"article:published_time\" content=\"2023-07-30T07:40:02+00:00\" \/>\n<meta property=\"og:image\" content=\"https:\/\/astideco.com\/blog\/wp-content\/uploads\/2021\/04\/ideas-para-decorar-paredes-1024x708.jpg\" \/>\n\t<meta property=\"og:image:width\" content=\"1024\" \/>\n\t<meta property=\"og:image:height\" content=\"708\" \/>\n\t<meta property=\"og:image:type\" content=\"image\/jpeg\" \/>\n<meta name=\"author\" content=\"Astigarraga Kit Line\" \/>\n<meta name=\"twitter:card\" content=\"summary_large_image\" \/>\n<meta name=\"twitter:label1\" content=\"Escrito por\" \/>\n\t<meta name=\"twitter:data1\" content=\"Astigarraga Kit Line\" \/>\n\t<meta name=\"twitter:label2\" content=\"Tiempo de lectura\" \/>\n\t<meta name=\"twitter:data2\" content=\"6 minutos\" \/>\n<script type=\"application\/ld+json\" class=\"yoast-schema-graph\">{\"@context\":\"https:\/\/schema.org\",\"@graph\":[{\"@type\":\"Article\",\"@id\":\"https:\/\/astideco.com\/blog\/ideas-originales-para-decorar-las-paredes\/#article\",\"isPartOf\":{\"@id\":\"https:\/\/astideco.com\/blog\/ideas-originales-para-decorar-las-paredes\/\"},\"author\":{\"name\":\"Astigarraga Kit Line\",\"@id\":\"https:\/\/astideco.com\/blog\/#\/schema\/person\/13fd236103c4c231352fb09b2b7ac5cf\"},\"headline\":\"Ideas originales para decorar las paredes\",\"datePublished\":\"2023-07-30T07:40:02+00:00\",\"mainEntityOfPage\":{\"@id\":\"https:\/\/astideco.com\/blog\/ideas-originales-para-decorar-las-paredes\/\"},\"wordCount\":672,\"commentCount\":0,\"image\":{\"@id\":\"https:\/\/astideco.com\/blog\/ideas-originales-para-decorar-las-paredes\/#primaryimage\"},\"thumbnailUrl\":\"https:\/\/astideco.com\/blog\/wp-content\/uploads\/2021\/04\/ideas-para-decorar-paredes-scaled.jpg\",\"keywords\":[\"astigarraga kit line\",\"astikitline\",\"decoracion pared\",\"decorar paredes\",\"madera certificada\",\"Muebles ecol\u00f3gicos\"],\"articleSection\":[\"Ideas y consejos\",\"Producto\"],\"inLanguage\":\"es\",\"potentialAction\":[{\"@type\":\"CommentAction\",\"name\":\"Comment\",\"target\":[\"https:\/\/astideco.com\/blog\/ideas-originales-para-decorar-las-paredes\/#respond\"]}]},{\"@type\":\"WebPage\",\"@id\":\"https:\/\/astideco.com\/blog\/ideas-originales-para-decorar-las-paredes\/\",\"url\":\"https:\/\/astideco.com\/blog\/ideas-originales-para-decorar-las-paredes\/\",\"name\":\"Ideas originales para decorar las paredes - Astiblog\",\"isPartOf\":{\"@id\":\"https:\/\/astideco.com\/blog\/#website\"},\"primaryImageOfPage\":{\"@id\":\"https:\/\/astideco.com\/blog\/ideas-originales-para-decorar-las-paredes\/#primaryimage\"},\"image\":{\"@id\":\"https:\/\/astideco.com\/blog\/ideas-originales-para-decorar-las-paredes\/#primaryimage\"},\"thumbnailUrl\":\"https:\/\/astideco.com\/blog\/wp-content\/uploads\/2021\/04\/ideas-para-decorar-paredes-scaled.jpg\",\"datePublished\":\"2023-07-30T07:40:02+00:00\",\"author\":{\"@id\":\"https:\/\/astideco.com\/blog\/#\/schema\/person\/13fd236103c4c231352fb09b2b7ac5cf\"},\"description\":\"La decoraci\u00f3n de las paredes puede cambiar por completo cualquier estancia. Por eso hoy os traemos ideas originales para decorar paredes.\",\"breadcrumb\":{\"@id\":\"https:\/\/astideco.com\/blog\/ideas-originales-para-decorar-las-paredes\/#breadcrumb\"},\"inLanguage\":\"es\",\"potentialAction\":[{\"@type\":\"ReadAction\",\"target\":[\"https:\/\/astideco.com\/blog\/ideas-originales-para-decorar-las-paredes\/\"]}]},{\"@type\":\"ImageObject\",\"inLanguage\":\"es\",\"@id\":\"https:\/\/astideco.com\/blog\/ideas-originales-para-decorar-las-paredes\/#primaryimage\",\"url\":\"https:\/\/astideco.com\/blog\/wp-content\/uploads\/2021\/04\/ideas-para-decorar-paredes-scaled.jpg\",\"contentUrl\":\"https:\/\/astideco.com\/blog\/wp-content\/uploads\/2021\/04\/ideas-para-decorar-paredes-scaled.jpg\",\"width\":2560,\"height\":1771},{\"@type\":\"BreadcrumbList\",\"@id\":\"https:\/\/astideco.com\/blog\/ideas-originales-para-decorar-las-paredes\/#breadcrumb\",\"itemListElement\":[{\"@type\":\"ListItem\",\"position\":1,\"name\":\"Portada\",\"item\":\"https:\/\/astideco.com\/blog\/\"},{\"@type\":\"ListItem\",\"position\":2,\"name\":\"Ideas originales para decorar las paredes\"}]},{\"@type\":\"WebSite\",\"@id\":\"https:\/\/astideco.com\/blog\/#website\",\"url\":\"https:\/\/astideco.com\/blog\/\",\"name\":\"Astiblog\",\"description\":\"Blog de Astideco.com\",\"potentialAction\":[{\"@type\":\"SearchAction\",\"target\":{\"@type\":\"EntryPoint\",\"urlTemplate\":\"https:\/\/astideco.com\/blog\/?s={search_term_string}\"},\"query-input\":{\"@type\":\"PropertyValueSpecification\",\"valueRequired\":true,\"valueName\":\"search_term_string\"}}],\"inLanguage\":\"es\"},{\"@type\":\"Person\",\"@id\":\"https:\/\/astideco.com\/blog\/#\/schema\/person\/13fd236103c4c231352fb09b2b7ac5cf\",\"name\":\"Astigarraga Kit Line\"}]}<\/script>\n<!-- \/ Yoast SEO plugin. -->","yoast_head_json":{"title":"Ideas originales para decorar las paredes - Astiblog","description":"La decoraci\u00f3n de las paredes puede cambiar por completo cualquier estancia. Por eso hoy os traemos ideas originales para decorar paredes.","robots":{"index":"index","follow":"follow","max-snippet":"max-snippet:-1","max-image-preview":"max-image-preview:large","max-video-preview":"max-video-preview:-1"},"canonical":"https:\/\/astideco.com\/blog\/ideas-originales-para-decorar-las-paredes\/","og_locale":"es_ES","og_type":"article","og_title":"Ideas originales para decorar las paredes - Astiblog","og_description":"La decoraci\u00f3n de las paredes puede cambiar por completo cualquier estancia. Por eso hoy os traemos ideas originales para decorar paredes.","og_url":"https:\/\/astideco.com\/blog\/ideas-originales-para-decorar-las-paredes\/","og_site_name":"Astiblog","article_published_time":"2023-07-30T07:40:02+00:00","og_image":[{"width":1024,"height":708,"url":"https:\/\/astideco.com\/blog\/wp-content\/uploads\/2021\/04\/ideas-para-decorar-paredes-1024x708.jpg","type":"image\/jpeg"}],"author":"Astigarraga Kit Line","twitter_card":"summary_large_image","twitter_misc":{"Escrito por":"Astigarraga Kit Line","Tiempo de lectura":"6 minutos"},"schema":{"@context":"https:\/\/schema.org","@graph":[{"@type":"Article","@id":"https:\/\/astideco.com\/blog\/ideas-originales-para-decorar-las-paredes\/#article","isPartOf":{"@id":"https:\/\/astideco.com\/blog\/ideas-originales-para-decorar-las-paredes\/"},"author":{"name":"Astigarraga Kit Line","@id":"https:\/\/astideco.com\/blog\/#\/schema\/person\/13fd236103c4c231352fb09b2b7ac5cf"},"headline":"Ideas originales para decorar las paredes","datePublished":"2023-07-30T07:40:02+00:00","mainEntityOfPage":{"@id":"https:\/\/astideco.com\/blog\/ideas-originales-para-decorar-las-paredes\/"},"wordCount":672,"commentCount":0,"image":{"@id":"https:\/\/astideco.com\/blog\/ideas-originales-para-decorar-las-paredes\/#primaryimage"},"thumbnailUrl":"https:\/\/astideco.com\/blog\/wp-content\/uploads\/2021\/04\/ideas-para-decorar-paredes-scaled.jpg","keywords":["astigarraga kit line","astikitline","decoracion pared","decorar paredes","madera certificada","Muebles ecol\u00f3gicos"],"articleSection":["Ideas y consejos","Producto"],"inLanguage":"es","potentialAction":[{"@type":"CommentAction","name":"Comment","target":["https:\/\/astideco.com\/blog\/ideas-originales-para-decorar-las-paredes\/#respond"]}]},{"@type":"WebPage","@id":"https:\/\/astideco.com\/blog\/ideas-originales-para-decorar-las-paredes\/","url":"https:\/\/astideco.com\/blog\/ideas-originales-para-decorar-las-paredes\/","name":"Ideas originales para decorar las paredes - Astiblog","isPartOf":{"@id":"https:\/\/astideco.com\/blog\/#website"},"primaryImageOfPage":{"@id":"https:\/\/astideco.com\/blog\/ideas-originales-para-decorar-las-paredes\/#primaryimage"},"image":{"@id":"https:\/\/astideco.com\/blog\/ideas-originales-para-decorar-las-paredes\/#primaryimage"},"thumbnailUrl":"https:\/\/astideco.com\/blog\/wp-content\/uploads\/2021\/04\/ideas-para-decorar-paredes-scaled.jpg","datePublished":"2023-07-30T07:40:02+00:00","author":{"@id":"https:\/\/astideco.com\/blog\/#\/schema\/person\/13fd236103c4c231352fb09b2b7ac5cf"},"description":"La decoraci\u00f3n de las paredes puede cambiar por completo cualquier estancia. Por eso hoy os traemos ideas originales para decorar paredes.","breadcrumb":{"@id":"https:\/\/astideco.com\/blog\/ideas-originales-para-decorar-las-paredes\/#breadcrumb"},"inLanguage":"es","potentialAction":[{"@type":"ReadAction","target":["https:\/\/astideco.com\/blog\/ideas-originales-para-decorar-las-paredes\/"]}]},{"@type":"ImageObject","inLanguage":"es","@id":"https:\/\/astideco.com\/blog\/ideas-originales-para-decorar-las-paredes\/#primaryimage","url":"https:\/\/astideco.com\/blog\/wp-content\/uploads\/2021\/04\/ideas-para-decorar-paredes-scaled.jpg","contentUrl":"https:\/\/astideco.com\/blog\/wp-content\/uploads\/2021\/04\/ideas-para-decorar-paredes-scaled.jpg","width":2560,"height":1771},{"@type":"BreadcrumbList","@id":"https:\/\/astideco.com\/blog\/ideas-originales-para-decorar-las-paredes\/#breadcrumb","itemListElement":[{"@type":"ListItem","position":1,"name":"Portada","item":"https:\/\/astideco.com\/blog\/"},{"@type":"ListItem","position":2,"name":"Ideas originales para decorar las paredes"}]},{"@type":"WebSite","@id":"https:\/\/astideco.com\/blog\/#website","url":"https:\/\/astideco.com\/blog\/","name":"Astiblog","description":"Blog de Astideco.com","potentialAction":[{"@type":"SearchAction","target":{"@type":"EntryPoint","urlTemplate":"https:\/\/astideco.com\/blog\/?s={search_term_string}"},"query-input":{"@type":"PropertyValueSpecification","valueRequired":true,"valueName":"search_term_string"}}],"inLanguage":"es"},{"@type":"Person","@id":"https:\/\/astideco.com\/blog\/#\/schema\/person\/13fd236103c4c231352fb09b2b7ac5cf","name":"Astigarraga Kit Line"}]}},"_links":{"self":[{"href":"https:\/\/astideco.com\/blog\/wp-json\/wp\/v2\/posts\/3353","targetHints":{"allow":["GET"]}}],"collection":[{"href":"https:\/\/astideco.com\/blog\/wp-json\/wp\/v2\/posts"}],"about":[{"href":"https:\/\/astideco.com\/blog\/wp-json\/wp\/v2\/types\/post"}],"author":[{"embeddable":true,"href":"https:\/\/astideco.com\/blog\/wp-json\/wp\/v2\/users\/6"}],"replies":[{"embeddable":true,"href":"https:\/\/astideco.com\/blog\/wp-json\/wp\/v2\/comments?post=3353"}],"version-history":[{"count":6,"href":"https:\/\/astideco.com\/blog\/wp-json\/wp\/v2\/posts\/3353\/revisions"}],"predecessor-version":[{"id":4649,"href":"https:\/\/astideco.com\/blog\/wp-json\/wp\/v2\/posts\/3353\/revisions\/4649"}],"wp:featuredmedia":[{"embeddable":true,"href":"https:\/\/astideco.com\/blog\/wp-json\/wp\/v2\/media\/3354"}],"wp:attachment":[{"href":"https:\/\/astideco.com\/blog\/wp-json\/wp\/v2\/media?parent=3353"}],"wp:term":[{"taxonomy":"category","embeddable":true,"href":"https:\/\/astideco.com\/blog\/wp-json\/wp\/v2\/categories?post=3353"},{"taxonomy":"post_tag","embeddable":true,"href":"https:\/\/astideco.com\/blog\/wp-json\/wp\/v2\/tags?post=3353"}],"curies":[{"name":"wp","href":"https:\/\/api.w.org\/{rel}","templated":true}]}}