{"id":3323,"date":"2021-03-22T19:27:29","date_gmt":"2021-03-22T19:27:29","guid":{"rendered":"https:\/\/astideco.com\/blog\/?p=3323"},"modified":"2021-04-20T15:25:39","modified_gmt":"2021-04-20T15:25:39","slug":"tenemos-novedades-para-ti","status":"publish","type":"post","link":"https:\/\/astideco.com\/blog\/tenemos-novedades-para-ti\/","title":{"rendered":"Tenemos novedades para t\u00ed"},"content":{"rendered":"<p><span>\u00a1Lo que nos gusta crear productos nuevos! Este post es uno de esos que nos hace muy felices porque va de eso: de ense\u00f1aros las <strong>novedades<\/strong> que <span><a href=\"https:\/\/astideco.com\/es\/\"><strong>Astigarraga Kit Line<\/strong><\/a><\/span> trae para que ordenes y decores tu hogar de manera sostenible. La se\u00f1a de identidad sigue siendo la misma: piezas vers\u00e1tiles, con m\u00faltiples usos, sencillos y, claro est\u00e1, fabricados en <strong>madera maciza de pino<\/strong>. Madera certificada, lo que significa que la materia prima procede de la gesti\u00f3n de bosques sostenibles. As\u00ed es que estad atentos porque \u00a1tenemos novedades para ti!<\/span><\/p>\n<h2><span>1.Taburete y caballete One<\/span><\/h2>\n<p><span>Un todo en uno porque m\u00e1s all\u00e1 del uso com\u00fan -asiento- tiene tantas posibilidades como ideas se te ocurran. Atr\u00e9vete a colocarlo en el ba\u00f1o para dejar las toallas o un par de velas si te apetece tomarte un ba\u00f1o relajante. Y si te cansas de verlo en el ba\u00f1o, mu\u00e9velo a tu dormitorio y \u00fasalo como una mesita de noche o si no, coloca encima una planta y crea un rinc\u00f3n acogedor en tu sal\u00f3n o en tu recibidor. El nuevo <a href=\"https:\/\/astideco.com\/es\/taburetes\/taburete-bajo-de-madera-maciza-de-pino-36-cm\"><strong>taburete One de madera maciza de pino<\/strong><\/a> es puro dise\u00f1o e inspiraci\u00f3n.<\/span><\/p>\n<p><span>Y nuestro nuevo <a href=\"https:\/\/astideco.com\/es\/caballetes\/caballete-de-madera-maciza-de-pino-one\"><strong>caballete One<\/strong><\/a>. Pr\u00e1ctico a m\u00e1s no poder, porque con uno solo y nuestro tablero circular encima puedes tener tu propia mesa. \u00bfHas visto algo m\u00e1s sencillo y funcional? Dise\u00f1ado para que al sentarse no moleste, te sientes donde te sientes.<\/span><\/p>\n<div id=\"attachment_3324\" style=\"width: 1210px\" class=\"wp-caption aligncenter\"><img decoding=\"async\" aria-describedby=\"caption-attachment-3324\" class=\"lazyload wp-image-3324 size-fusion-1200\" src=\"https:\/\/astideco.com\/blog\/wp-content\/uploads\/2021\/03\/taburete-de-madera-maciza-de-pino-1200x1011.jpeg\" data-orig-src=\"https:\/\/astideco.com\/blog\/wp-content\/uploads\/2021\/03\/taburete-de-madera-maciza-de-pino-1200x1011.jpeg\" alt=\"novedades Astigarraga Kit Line\" width=\"1200\" height=\"1011\" srcset=\"data:image\/svg+xml,%3Csvg%20xmlns%3D%27http%3A%2F%2Fwww.w3.org%2F2000%2Fsvg%27%20width%3D%271200%27%20height%3D%271011%27%20viewBox%3D%270%200%201200%201011%27%3E%3Crect%20width%3D%271200%27%20height%3D%271011%27%20fill-opacity%3D%220%22%2F%3E%3C%2Fsvg%3E\" data-srcset=\"https:\/\/astideco.com\/blog\/wp-content\/uploads\/2021\/03\/taburete-de-madera-maciza-de-pino-200x169.jpeg 200w, https:\/\/astideco.com\/blog\/wp-content\/uploads\/2021\/03\/taburete-de-madera-maciza-de-pino-300x253.jpeg 300w, https:\/\/astideco.com\/blog\/wp-content\/uploads\/2021\/03\/taburete-de-madera-maciza-de-pino-400x337.jpeg 400w, https:\/\/astideco.com\/blog\/wp-content\/uploads\/2021\/03\/taburete-de-madera-maciza-de-pino-600x506.jpeg 600w, https:\/\/astideco.com\/blog\/wp-content\/uploads\/2021\/03\/taburete-de-madera-maciza-de-pino-768x647.jpeg 768w, https:\/\/astideco.com\/blog\/wp-content\/uploads\/2021\/03\/taburete-de-madera-maciza-de-pino-800x674.jpeg 800w, https:\/\/astideco.com\/blog\/wp-content\/uploads\/2021\/03\/taburete-de-madera-maciza-de-pino-1024x863.jpeg 1024w, https:\/\/astideco.com\/blog\/wp-content\/uploads\/2021\/03\/taburete-de-madera-maciza-de-pino-1200x1011.jpeg 1200w, https:\/\/astideco.com\/blog\/wp-content\/uploads\/2021\/03\/taburete-de-madera-maciza-de-pino-1536x1294.jpeg 1536w\" data-sizes=\"auto\" data-orig-sizes=\"(max-width: 1200px) 100vw, 1200px\" \/><p id=\"caption-attachment-3324\" class=\"wp-caption-text\">@mumaoi<\/p><\/div>\n<h2><span>2.Tablero<\/span><\/h2>\n<p><span>De 1,20, de 1,40 y ahora llega el s\u00faper <a href=\"https:\/\/astideco.com\/es\/mesas-y-escritorios\/tablero-de-madera-de-pino-para-mesa-comedor-160x70-cm-gran-grosor-de-35-cm\"><strong>tablero de madera maciza de pino de 1,60<\/strong><\/a>. El m\u00e1s ideal para crear una mesa de comedor para seis personas. Tiene 3,5 cm de grosor por lo que es robusto y muy resistente. Haz tu propio dise\u00f1o, apuesta por este tablero y escoge las patas que m\u00e1s te gustan y si no, mira lo bien que queda con nuestros nuevos caballetes One.\u00a0<\/span><\/p>\n<div id=\"attachment_3326\" style=\"width: 1210px\" class=\"wp-caption aligncenter\"><img decoding=\"async\" aria-describedby=\"caption-attachment-3326\" class=\"lazyload wp-image-3326 size-fusion-1200\" src=\"https:\/\/astideco.com\/blog\/wp-content\/uploads\/2021\/03\/tablero-de-madera-maciza-160cm-1200x800.jpg\" data-orig-src=\"https:\/\/astideco.com\/blog\/wp-content\/uploads\/2021\/03\/tablero-de-madera-maciza-160cm-1200x800.jpg\" alt=\"novedades Astigarraga Kit Line\" width=\"1200\" height=\"800\" srcset=\"data:image\/svg+xml,%3Csvg%20xmlns%3D%27http%3A%2F%2Fwww.w3.org%2F2000%2Fsvg%27%20width%3D%271200%27%20height%3D%27800%27%20viewBox%3D%270%200%201200%20800%27%3E%3Crect%20width%3D%271200%27%20height%3D%27800%27%20fill-opacity%3D%220%22%2F%3E%3C%2Fsvg%3E\" data-srcset=\"https:\/\/astideco.com\/blog\/wp-content\/uploads\/2021\/03\/tablero-de-madera-maciza-160cm-200x133.jpg 200w, https:\/\/astideco.com\/blog\/wp-content\/uploads\/2021\/03\/tablero-de-madera-maciza-160cm-300x200.jpg 300w, https:\/\/astideco.com\/blog\/wp-content\/uploads\/2021\/03\/tablero-de-madera-maciza-160cm-400x267.jpg 400w, https:\/\/astideco.com\/blog\/wp-content\/uploads\/2021\/03\/tablero-de-madera-maciza-160cm-600x400.jpg 600w, https:\/\/astideco.com\/blog\/wp-content\/uploads\/2021\/03\/tablero-de-madera-maciza-160cm-768x512.jpg 768w, https:\/\/astideco.com\/blog\/wp-content\/uploads\/2021\/03\/tablero-de-madera-maciza-160cm-800x533.jpg 800w, https:\/\/astideco.com\/blog\/wp-content\/uploads\/2021\/03\/tablero-de-madera-maciza-160cm-1024x683.jpg 1024w, https:\/\/astideco.com\/blog\/wp-content\/uploads\/2021\/03\/tablero-de-madera-maciza-160cm-1200x800.jpg 1200w, https:\/\/astideco.com\/blog\/wp-content\/uploads\/2021\/03\/tablero-de-madera-maciza-160cm-1536x1024.jpg 1536w\" data-sizes=\"auto\" data-orig-sizes=\"(max-width: 1200px) 100vw, 1200px\" \/><p id=\"caption-attachment-3326\" class=\"wp-caption-text\">@tatianarom<\/p><\/div>\n<h2><span>3.Estante para especias<\/span><\/h2>\n<p><span>Para que puedas colocar de forma ordenada los peque\u00f1os botecitos de especias y tenerlos a la vista, hemos fabricado este estante para especias en tres medidas: 40, 60 y 80 cm. Siempre acaban desperdigados por la encimera de la cocina, unos en un armario y otros en otro. Como una de nuestros objetivos es ayudaros a ordenar, este <a href=\"https:\/\/astideco.com\/es\/busqueda?controller=search&amp;s=especias\"><strong>especiero de madera maciza de pino<\/strong><\/a> te ayudar\u00e1 a tener todos los condimentos en un mismo lugar. \u00a1Seguro que tu cabeza ya est\u00e1 maquinando otros usos! \u00bfPorta cuadros? \u00bfPara colocar cuentos o l\u00e1minas? \u00bfPara los frascos del ba\u00f1o?<\/span><\/p>\n<div id=\"attachment_3327\" style=\"width: 1210px\" class=\"wp-caption aligncenter\"><img decoding=\"async\" aria-describedby=\"caption-attachment-3327\" class=\"lazyload wp-image-3327 size-fusion-1200\" src=\"https:\/\/astideco.com\/blog\/wp-content\/uploads\/2021\/03\/especiero-80-cm-madera-1200x900.jpg\" data-orig-src=\"https:\/\/astideco.com\/blog\/wp-content\/uploads\/2021\/03\/especiero-80-cm-madera-1200x900.jpg\" alt=\"novedades Astigarraga Kit Line\" width=\"1200\" height=\"900\" srcset=\"data:image\/svg+xml,%3Csvg%20xmlns%3D%27http%3A%2F%2Fwww.w3.org%2F2000%2Fsvg%27%20width%3D%271200%27%20height%3D%27900%27%20viewBox%3D%270%200%201200%20900%27%3E%3Crect%20width%3D%271200%27%20height%3D%27900%27%20fill-opacity%3D%220%22%2F%3E%3C%2Fsvg%3E\" data-srcset=\"https:\/\/astideco.com\/blog\/wp-content\/uploads\/2021\/03\/especiero-80-cm-madera-200x150.jpg 200w, https:\/\/astideco.com\/blog\/wp-content\/uploads\/2021\/03\/especiero-80-cm-madera-300x225.jpg 300w, https:\/\/astideco.com\/blog\/wp-content\/uploads\/2021\/03\/especiero-80-cm-madera-400x300.jpg 400w, https:\/\/astideco.com\/blog\/wp-content\/uploads\/2021\/03\/especiero-80-cm-madera-600x450.jpg 600w, https:\/\/astideco.com\/blog\/wp-content\/uploads\/2021\/03\/especiero-80-cm-madera-768x576.jpg 768w, https:\/\/astideco.com\/blog\/wp-content\/uploads\/2021\/03\/especiero-80-cm-madera-800x600.jpg 800w, https:\/\/astideco.com\/blog\/wp-content\/uploads\/2021\/03\/especiero-80-cm-madera-1024x768.jpg 1024w, https:\/\/astideco.com\/blog\/wp-content\/uploads\/2021\/03\/especiero-80-cm-madera-1200x900.jpg 1200w, https:\/\/astideco.com\/blog\/wp-content\/uploads\/2021\/03\/especiero-80-cm-madera-1536x1152.jpg 1536w\" data-sizes=\"auto\" data-orig-sizes=\"(max-width: 1200px) 100vw, 1200px\" \/><p id=\"caption-attachment-3327\" class=\"wp-caption-text\">@mihogartienealma<\/p><\/div>\n<h2><span>4.Estante para cuadros<\/span><\/h2>\n<p><span>Y otro estante que os traemos para que decores las paredes de tu hogar. Puedes pasar de tener una pared vac\u00eda y fr\u00eda a un espacio acogedor que te evoque recuerdos bonitos. Estos <a href=\"https:\/\/astideco.com\/es\/busqueda?controller=search&amp;s=especias\"><strong>estantes<\/strong><\/a>, disponibles tambi\u00e9n en 40, 60 y 80 cm, sirven para que coloques cuadros, l\u00e1minas o fotograf\u00edas. La ventaja es que cuando te canses de una decoraci\u00f3n, la puedes cambiar por otra, sin necesidad de estar haciendo agujeros por cada cuadro que cuelgues.<\/span><\/p>\n<div id=\"attachment_3328\" style=\"width: 1210px\" class=\"wp-caption aligncenter\"><img decoding=\"async\" aria-describedby=\"caption-attachment-3328\" class=\"lazyload wp-image-3328 size-full\" src=\"https:\/\/astideco.com\/blog\/wp-content\/uploads\/2021\/03\/estantes-pra-cuadros.jpg\" data-orig-src=\"https:\/\/astideco.com\/blog\/wp-content\/uploads\/2021\/03\/estantes-pra-cuadros.jpg\" alt=\"\" width=\"1200\" height=\"1085\" srcset=\"data:image\/svg+xml,%3Csvg%20xmlns%3D%27http%3A%2F%2Fwww.w3.org%2F2000%2Fsvg%27%20width%3D%271200%27%20height%3D%271085%27%20viewBox%3D%270%200%201200%201085%27%3E%3Crect%20width%3D%271200%27%20height%3D%271085%27%20fill-opacity%3D%220%22%2F%3E%3C%2Fsvg%3E\" data-srcset=\"https:\/\/astideco.com\/blog\/wp-content\/uploads\/2021\/03\/estantes-pra-cuadros-200x181.jpg 200w, https:\/\/astideco.com\/blog\/wp-content\/uploads\/2021\/03\/estantes-pra-cuadros-300x271.jpg 300w, https:\/\/astideco.com\/blog\/wp-content\/uploads\/2021\/03\/estantes-pra-cuadros-400x362.jpg 400w, https:\/\/astideco.com\/blog\/wp-content\/uploads\/2021\/03\/estantes-pra-cuadros-600x543.jpg 600w, https:\/\/astideco.com\/blog\/wp-content\/uploads\/2021\/03\/estantes-pra-cuadros-768x694.jpg 768w, https:\/\/astideco.com\/blog\/wp-content\/uploads\/2021\/03\/estantes-pra-cuadros-800x723.jpg 800w, https:\/\/astideco.com\/blog\/wp-content\/uploads\/2021\/03\/estantes-pra-cuadros-1024x926.jpg 1024w, https:\/\/astideco.com\/blog\/wp-content\/uploads\/2021\/03\/estantes-pra-cuadros.jpg 1200w\" data-sizes=\"auto\" data-orig-sizes=\"(max-width: 1200px) 100vw, 1200px\" \/><p id=\"caption-attachment-3328\" class=\"wp-caption-text\">@mihogartienealma<\/p><\/div>\n<h2><span>5.Mesa de pared<\/span><\/h2>\n<p><span>Casas peque\u00f1as, soluciones grandes. La gran mayor\u00eda vivimos en espacios m\u00e1s bien reducidos. Las habitaciones no son excesivamente grandes y todas las ideas que optimicen los metros cuadrados al mil\u00edmetro son bienvenidas. Esta <a href=\"https:\/\/astideco.com\/es\/tableros-de-madera\/mesa-de-pared-de-madera-para-espacios-pequenos\"><strong>mesa de pared<\/strong><\/a> har\u00e1 que puedas montar un mini escritorio en cualquier rinc\u00f3n de tu hogar. Porque en tiempos de teletrabajo es primordial tener un espacio para trabajar, por peque\u00f1o que sea. Como la puedes colocar a la altura que desees, es tambi\u00e9n ideal para montar una mesita para los m\u00e1s peque\u00f1os.<\/span><\/p>\n<p><img decoding=\"async\" class=\"lazyload aligncenter wp-image-3329 size-full\" src=\"https:\/\/astideco.com\/blog\/wp-content\/uploads\/2021\/03\/8422341299233-a1.jpg\" data-orig-src=\"https:\/\/astideco.com\/blog\/wp-content\/uploads\/2021\/03\/8422341299233-a1.jpg\" alt=\"\" width=\"1200\" height=\"933\" srcset=\"data:image\/svg+xml,%3Csvg%20xmlns%3D%27http%3A%2F%2Fwww.w3.org%2F2000%2Fsvg%27%20width%3D%271200%27%20height%3D%27933%27%20viewBox%3D%270%200%201200%20933%27%3E%3Crect%20width%3D%271200%27%20height%3D%27933%27%20fill-opacity%3D%220%22%2F%3E%3C%2Fsvg%3E\" data-srcset=\"https:\/\/astideco.com\/blog\/wp-content\/uploads\/2021\/03\/8422341299233-a1-200x156.jpg 200w, https:\/\/astideco.com\/blog\/wp-content\/uploads\/2021\/03\/8422341299233-a1-300x233.jpg 300w, https:\/\/astideco.com\/blog\/wp-content\/uploads\/2021\/03\/8422341299233-a1-400x311.jpg 400w, https:\/\/astideco.com\/blog\/wp-content\/uploads\/2021\/03\/8422341299233-a1-600x467.jpg 600w, https:\/\/astideco.com\/blog\/wp-content\/uploads\/2021\/03\/8422341299233-a1-768x597.jpg 768w, https:\/\/astideco.com\/blog\/wp-content\/uploads\/2021\/03\/8422341299233-a1-800x622.jpg 800w, https:\/\/astideco.com\/blog\/wp-content\/uploads\/2021\/03\/8422341299233-a1-1024x796.jpg 1024w, https:\/\/astideco.com\/blog\/wp-content\/uploads\/2021\/03\/8422341299233-a1.jpg 1200w\" data-sizes=\"auto\" data-orig-sizes=\"(max-width: 1200px) 100vw, 1200px\" \/><\/p>\n<h2><span>6.Botellero<\/span><\/h2>\n<p><span>El que tiene en casa botellas de vino, le gusta tenerlo a buen recaudo. Y es fundamental para que este se conserve en buenas condiciones. Adem\u00e1s, \u00bfa qui\u00e9n no le gusta tener una peque\u00f1a bodega en casa? No te agobies por el espacio, este <a href=\"https:\/\/astideco.com\/es\/botelleros-de-pared\/botellero-modulo-cubo-x-de-madera-de-pino-para-12-botellas\"><strong>botellero<\/strong><\/a> compuesto por un estante cubo de la serie Dinamic y una cruz diagonal entra en cualquier rinc\u00f3n y tiene capacidad para 12 botellas de vino Bordelaise.<\/span><\/p>\n<p><img decoding=\"async\" class=\"lazyload aligncenter wp-image-3330 size-fusion-1200\" src=\"https:\/\/astideco.com\/blog\/wp-content\/uploads\/2021\/03\/botellero-para-12-botellas-de-vino-1200x800.jpg\" data-orig-src=\"https:\/\/astideco.com\/blog\/wp-content\/uploads\/2021\/03\/botellero-para-12-botellas-de-vino-1200x800.jpg\" alt=\"\" width=\"1200\" height=\"800\" srcset=\"data:image\/svg+xml,%3Csvg%20xmlns%3D%27http%3A%2F%2Fwww.w3.org%2F2000%2Fsvg%27%20width%3D%271200%27%20height%3D%27800%27%20viewBox%3D%270%200%201200%20800%27%3E%3Crect%20width%3D%271200%27%20height%3D%27800%27%20fill-opacity%3D%220%22%2F%3E%3C%2Fsvg%3E\" data-srcset=\"https:\/\/astideco.com\/blog\/wp-content\/uploads\/2021\/03\/botellero-para-12-botellas-de-vino-200x133.jpg 200w, https:\/\/astideco.com\/blog\/wp-content\/uploads\/2021\/03\/botellero-para-12-botellas-de-vino-300x200.jpg 300w, https:\/\/astideco.com\/blog\/wp-content\/uploads\/2021\/03\/botellero-para-12-botellas-de-vino-400x267.jpg 400w, https:\/\/astideco.com\/blog\/wp-content\/uploads\/2021\/03\/botellero-para-12-botellas-de-vino-600x400.jpg 600w, https:\/\/astideco.com\/blog\/wp-content\/uploads\/2021\/03\/botellero-para-12-botellas-de-vino-768x512.jpg 768w, https:\/\/astideco.com\/blog\/wp-content\/uploads\/2021\/03\/botellero-para-12-botellas-de-vino-800x533.jpg 800w, https:\/\/astideco.com\/blog\/wp-content\/uploads\/2021\/03\/botellero-para-12-botellas-de-vino-1024x682.jpg 1024w, https:\/\/astideco.com\/blog\/wp-content\/uploads\/2021\/03\/botellero-para-12-botellas-de-vino-1200x800.jpg 1200w, https:\/\/astideco.com\/blog\/wp-content\/uploads\/2021\/03\/botellero-para-12-botellas-de-vino-1536x1024.jpg 1536w, https:\/\/astideco.com\/blog\/wp-content\/uploads\/2021\/03\/botellero-para-12-botellas-de-vino.jpg 1700w\" data-sizes=\"auto\" data-orig-sizes=\"(max-width: 1200px) 100vw, 1200px\" \/><\/p>\n<p><i><span>Gracias por dejarnos decorar tu hogar de manera sostenible<\/span><\/i><\/p>\n","protected":false},"excerpt":{"rendered":"<p>\u00a1Lo que nos gusta crear productos nuevos! Este post es uno de esos que nos hace muy felices porque va de eso: de ense\u00f1aros las novedades que Astigarraga Kit Line trae para que ordenes y decores tu hogar de manera  [..]<\/p>\n","protected":false},"author":6,"featured_media":3331,"comment_status":"open","ping_status":"open","sticky":false,"template":"","format":"standard","meta":{"footnotes":""},"categories":[15],"tags":[62,60,508,576,580,578,582,388,574,572],"class_list":["post-3323","post","type-post","status-publish","format-standard","has-post-thumbnail","hentry","category-producto","tag-astigarraga-kit-line","tag-astikitline","tag-botellero","tag-caballete-madera-maciza","tag-estantes-para-cuadros","tag-estantes-para-especias","tag-mesa-de-pared","tag-novedades","tag-tablero-para-mesa-comedor","tag-taburete-madera-maciza"],"yoast_head":"<!-- This site is optimized with the Yoast SEO plugin v27.0 - https:\/\/yoast.com\/product\/yoast-seo-wordpress\/ -->\n<title>Tenemos novedades para t\u00ed: piezas de madera para decorar tu hogar<\/title>\n<meta name=\"description\" content=\"\u00a1Lo que nos gusta crear productos nuevos! Este post es uno de esos que nos hace muy felices porque tenemos novedades para ti\" \/>\n<meta name=\"robots\" content=\"index, follow, max-snippet:-1, max-image-preview:large, max-video-preview:-1\" \/>\n<link rel=\"canonical\" href=\"https:\/\/astideco.com\/blog\/tenemos-novedades-para-ti\/\" \/>\n<meta property=\"og:locale\" content=\"es_ES\" \/>\n<meta property=\"og:type\" content=\"article\" \/>\n<meta property=\"og:title\" content=\"Tenemos novedades para t\u00ed: piezas de madera para decorar tu hogar\" \/>\n<meta property=\"og:description\" content=\"\u00a1Lo que nos gusta crear productos nuevos! Este post es uno de esos que nos hace muy felices porque tenemos novedades para ti\" \/>\n<meta property=\"og:url\" content=\"https:\/\/astideco.com\/blog\/tenemos-novedades-para-ti\/\" \/>\n<meta property=\"og:site_name\" content=\"Astiblog\" \/>\n<meta property=\"article:published_time\" content=\"2021-03-22T19:27:29+00:00\" \/>\n<meta property=\"article:modified_time\" content=\"2021-04-20T15:25:39+00:00\" \/>\n<meta property=\"og:image\" content=\"https:\/\/astideco.com\/blog\/wp-content\/uploads\/2021\/03\/estantes-especieros.jpg\" \/>\n\t<meta property=\"og:image:width\" content=\"1184\" \/>\n\t<meta property=\"og:image:height\" content=\"924\" \/>\n\t<meta property=\"og:image:type\" content=\"image\/jpeg\" \/>\n<meta name=\"author\" content=\"Astigarraga Kit Line\" \/>\n<meta name=\"twitter:card\" content=\"summary_large_image\" \/>\n<meta name=\"twitter:label1\" content=\"Escrito por\" \/>\n\t<meta name=\"twitter:data1\" content=\"Astigarraga Kit Line\" \/>\n\t<meta name=\"twitter:label2\" content=\"Tiempo de lectura\" \/>\n\t<meta name=\"twitter:data2\" content=\"4 minutos\" \/>\n<script type=\"application\/ld+json\" class=\"yoast-schema-graph\">{\"@context\":\"https:\/\/schema.org\",\"@graph\":[{\"@type\":\"Article\",\"@id\":\"https:\/\/astideco.com\/blog\/tenemos-novedades-para-ti\/#article\",\"isPartOf\":{\"@id\":\"https:\/\/astideco.com\/blog\/tenemos-novedades-para-ti\/\"},\"author\":{\"name\":\"Astigarraga Kit Line\",\"@id\":\"https:\/\/astideco.com\/blog\/#\/schema\/person\/13fd236103c4c231352fb09b2b7ac5cf\"},\"headline\":\"Tenemos novedades para t\u00ed\",\"datePublished\":\"2021-03-22T19:27:29+00:00\",\"dateModified\":\"2021-04-20T15:25:39+00:00\",\"mainEntityOfPage\":{\"@id\":\"https:\/\/astideco.com\/blog\/tenemos-novedades-para-ti\/\"},\"wordCount\":721,\"commentCount\":0,\"image\":{\"@id\":\"https:\/\/astideco.com\/blog\/tenemos-novedades-para-ti\/#primaryimage\"},\"thumbnailUrl\":\"https:\/\/astideco.com\/blog\/wp-content\/uploads\/2021\/03\/estantes-especieros.jpg\",\"keywords\":[\"astigarraga kit line\",\"astikitline\",\"botellero\",\"caballete madera maciza\",\"estantes para cuadros\",\"estantes para especias\",\"mesa de pared\",\"novedades\",\"tablero para mesa comedor\",\"taburete madera maciza\"],\"articleSection\":[\"Producto\"],\"inLanguage\":\"es\",\"potentialAction\":[{\"@type\":\"CommentAction\",\"name\":\"Comment\",\"target\":[\"https:\/\/astideco.com\/blog\/tenemos-novedades-para-ti\/#respond\"]}]},{\"@type\":\"WebPage\",\"@id\":\"https:\/\/astideco.com\/blog\/tenemos-novedades-para-ti\/\",\"url\":\"https:\/\/astideco.com\/blog\/tenemos-novedades-para-ti\/\",\"name\":\"Tenemos novedades para t\u00ed: piezas de madera para decorar tu hogar\",\"isPartOf\":{\"@id\":\"https:\/\/astideco.com\/blog\/#website\"},\"primaryImageOfPage\":{\"@id\":\"https:\/\/astideco.com\/blog\/tenemos-novedades-para-ti\/#primaryimage\"},\"image\":{\"@id\":\"https:\/\/astideco.com\/blog\/tenemos-novedades-para-ti\/#primaryimage\"},\"thumbnailUrl\":\"https:\/\/astideco.com\/blog\/wp-content\/uploads\/2021\/03\/estantes-especieros.jpg\",\"datePublished\":\"2021-03-22T19:27:29+00:00\",\"dateModified\":\"2021-04-20T15:25:39+00:00\",\"author\":{\"@id\":\"https:\/\/astideco.com\/blog\/#\/schema\/person\/13fd236103c4c231352fb09b2b7ac5cf\"},\"description\":\"\u00a1Lo que nos gusta crear productos nuevos! Este post es uno de esos que nos hace muy felices porque tenemos novedades para ti\",\"breadcrumb\":{\"@id\":\"https:\/\/astideco.com\/blog\/tenemos-novedades-para-ti\/#breadcrumb\"},\"inLanguage\":\"es\",\"potentialAction\":[{\"@type\":\"ReadAction\",\"target\":[\"https:\/\/astideco.com\/blog\/tenemos-novedades-para-ti\/\"]}]},{\"@type\":\"ImageObject\",\"inLanguage\":\"es\",\"@id\":\"https:\/\/astideco.com\/blog\/tenemos-novedades-para-ti\/#primaryimage\",\"url\":\"https:\/\/astideco.com\/blog\/wp-content\/uploads\/2021\/03\/estantes-especieros.jpg\",\"contentUrl\":\"https:\/\/astideco.com\/blog\/wp-content\/uploads\/2021\/03\/estantes-especieros.jpg\",\"width\":1184,\"height\":924},{\"@type\":\"BreadcrumbList\",\"@id\":\"https:\/\/astideco.com\/blog\/tenemos-novedades-para-ti\/#breadcrumb\",\"itemListElement\":[{\"@type\":\"ListItem\",\"position\":1,\"name\":\"Portada\",\"item\":\"https:\/\/astideco.com\/blog\/\"},{\"@type\":\"ListItem\",\"position\":2,\"name\":\"Tenemos novedades para t\u00ed\"}]},{\"@type\":\"WebSite\",\"@id\":\"https:\/\/astideco.com\/blog\/#website\",\"url\":\"https:\/\/astideco.com\/blog\/\",\"name\":\"Astiblog\",\"description\":\"Blog de Astideco.com\",\"potentialAction\":[{\"@type\":\"SearchAction\",\"target\":{\"@type\":\"EntryPoint\",\"urlTemplate\":\"https:\/\/astideco.com\/blog\/?s={search_term_string}\"},\"query-input\":{\"@type\":\"PropertyValueSpecification\",\"valueRequired\":true,\"valueName\":\"search_term_string\"}}],\"inLanguage\":\"es\"},{\"@type\":\"Person\",\"@id\":\"https:\/\/astideco.com\/blog\/#\/schema\/person\/13fd236103c4c231352fb09b2b7ac5cf\",\"name\":\"Astigarraga Kit Line\"}]}<\/script>\n<!-- \/ Yoast SEO plugin. -->","yoast_head_json":{"title":"Tenemos novedades para t\u00ed: piezas de madera para decorar tu hogar","description":"\u00a1Lo que nos gusta crear productos nuevos! Este post es uno de esos que nos hace muy felices porque tenemos novedades para ti","robots":{"index":"index","follow":"follow","max-snippet":"max-snippet:-1","max-image-preview":"max-image-preview:large","max-video-preview":"max-video-preview:-1"},"canonical":"https:\/\/astideco.com\/blog\/tenemos-novedades-para-ti\/","og_locale":"es_ES","og_type":"article","og_title":"Tenemos novedades para t\u00ed: piezas de madera para decorar tu hogar","og_description":"\u00a1Lo que nos gusta crear productos nuevos! Este post es uno de esos que nos hace muy felices porque tenemos novedades para ti","og_url":"https:\/\/astideco.com\/blog\/tenemos-novedades-para-ti\/","og_site_name":"Astiblog","article_published_time":"2021-03-22T19:27:29+00:00","article_modified_time":"2021-04-20T15:25:39+00:00","og_image":[{"width":1184,"height":924,"url":"https:\/\/astideco.com\/blog\/wp-content\/uploads\/2021\/03\/estantes-especieros.jpg","type":"image\/jpeg"}],"author":"Astigarraga Kit Line","twitter_card":"summary_large_image","twitter_misc":{"Escrito por":"Astigarraga Kit Line","Tiempo de lectura":"4 minutos"},"schema":{"@context":"https:\/\/schema.org","@graph":[{"@type":"Article","@id":"https:\/\/astideco.com\/blog\/tenemos-novedades-para-ti\/#article","isPartOf":{"@id":"https:\/\/astideco.com\/blog\/tenemos-novedades-para-ti\/"},"author":{"name":"Astigarraga Kit Line","@id":"https:\/\/astideco.com\/blog\/#\/schema\/person\/13fd236103c4c231352fb09b2b7ac5cf"},"headline":"Tenemos novedades para t\u00ed","datePublished":"2021-03-22T19:27:29+00:00","dateModified":"2021-04-20T15:25:39+00:00","mainEntityOfPage":{"@id":"https:\/\/astideco.com\/blog\/tenemos-novedades-para-ti\/"},"wordCount":721,"commentCount":0,"image":{"@id":"https:\/\/astideco.com\/blog\/tenemos-novedades-para-ti\/#primaryimage"},"thumbnailUrl":"https:\/\/astideco.com\/blog\/wp-content\/uploads\/2021\/03\/estantes-especieros.jpg","keywords":["astigarraga kit line","astikitline","botellero","caballete madera maciza","estantes para cuadros","estantes para especias","mesa de pared","novedades","tablero para mesa comedor","taburete madera maciza"],"articleSection":["Producto"],"inLanguage":"es","potentialAction":[{"@type":"CommentAction","name":"Comment","target":["https:\/\/astideco.com\/blog\/tenemos-novedades-para-ti\/#respond"]}]},{"@type":"WebPage","@id":"https:\/\/astideco.com\/blog\/tenemos-novedades-para-ti\/","url":"https:\/\/astideco.com\/blog\/tenemos-novedades-para-ti\/","name":"Tenemos novedades para t\u00ed: piezas de madera para decorar tu hogar","isPartOf":{"@id":"https:\/\/astideco.com\/blog\/#website"},"primaryImageOfPage":{"@id":"https:\/\/astideco.com\/blog\/tenemos-novedades-para-ti\/#primaryimage"},"image":{"@id":"https:\/\/astideco.com\/blog\/tenemos-novedades-para-ti\/#primaryimage"},"thumbnailUrl":"https:\/\/astideco.com\/blog\/wp-content\/uploads\/2021\/03\/estantes-especieros.jpg","datePublished":"2021-03-22T19:27:29+00:00","dateModified":"2021-04-20T15:25:39+00:00","author":{"@id":"https:\/\/astideco.com\/blog\/#\/schema\/person\/13fd236103c4c231352fb09b2b7ac5cf"},"description":"\u00a1Lo que nos gusta crear productos nuevos! Este post es uno de esos que nos hace muy felices porque tenemos novedades para ti","breadcrumb":{"@id":"https:\/\/astideco.com\/blog\/tenemos-novedades-para-ti\/#breadcrumb"},"inLanguage":"es","potentialAction":[{"@type":"ReadAction","target":["https:\/\/astideco.com\/blog\/tenemos-novedades-para-ti\/"]}]},{"@type":"ImageObject","inLanguage":"es","@id":"https:\/\/astideco.com\/blog\/tenemos-novedades-para-ti\/#primaryimage","url":"https:\/\/astideco.com\/blog\/wp-content\/uploads\/2021\/03\/estantes-especieros.jpg","contentUrl":"https:\/\/astideco.com\/blog\/wp-content\/uploads\/2021\/03\/estantes-especieros.jpg","width":1184,"height":924},{"@type":"BreadcrumbList","@id":"https:\/\/astideco.com\/blog\/tenemos-novedades-para-ti\/#breadcrumb","itemListElement":[{"@type":"ListItem","position":1,"name":"Portada","item":"https:\/\/astideco.com\/blog\/"},{"@type":"ListItem","position":2,"name":"Tenemos novedades para t\u00ed"}]},{"@type":"WebSite","@id":"https:\/\/astideco.com\/blog\/#website","url":"https:\/\/astideco.com\/blog\/","name":"Astiblog","description":"Blog de Astideco.com","potentialAction":[{"@type":"SearchAction","target":{"@type":"EntryPoint","urlTemplate":"https:\/\/astideco.com\/blog\/?s={search_term_string}"},"query-input":{"@type":"PropertyValueSpecification","valueRequired":true,"valueName":"search_term_string"}}],"inLanguage":"es"},{"@type":"Person","@id":"https:\/\/astideco.com\/blog\/#\/schema\/person\/13fd236103c4c231352fb09b2b7ac5cf","name":"Astigarraga Kit Line"}]}},"_links":{"self":[{"href":"https:\/\/astideco.com\/blog\/wp-json\/wp\/v2\/posts\/3323","targetHints":{"allow":["GET"]}}],"collection":[{"href":"https:\/\/astideco.com\/blog\/wp-json\/wp\/v2\/posts"}],"about":[{"href":"https:\/\/astideco.com\/blog\/wp-json\/wp\/v2\/types\/post"}],"author":[{"embeddable":true,"href":"https:\/\/astideco.com\/blog\/wp-json\/wp\/v2\/users\/6"}],"replies":[{"embeddable":true,"href":"https:\/\/astideco.com\/blog\/wp-json\/wp\/v2\/comments?post=3323"}],"version-history":[{"count":2,"href":"https:\/\/astideco.com\/blog\/wp-json\/wp\/v2\/posts\/3323\/revisions"}],"predecessor-version":[{"id":3332,"href":"https:\/\/astideco.com\/blog\/wp-json\/wp\/v2\/posts\/3323\/revisions\/3332"}],"wp:featuredmedia":[{"embeddable":true,"href":"https:\/\/astideco.com\/blog\/wp-json\/wp\/v2\/media\/3331"}],"wp:attachment":[{"href":"https:\/\/astideco.com\/blog\/wp-json\/wp\/v2\/media?parent=3323"}],"wp:term":[{"taxonomy":"category","embeddable":true,"href":"https:\/\/astideco.com\/blog\/wp-json\/wp\/v2\/categories?post=3323"},{"taxonomy":"post_tag","embeddable":true,"href":"https:\/\/astideco.com\/blog\/wp-json\/wp\/v2\/tags?post=3323"}],"curies":[{"name":"wp","href":"https:\/\/api.w.org\/{rel}","templated":true}]}}