{"id":3299,"date":"2021-03-07T16:46:31","date_gmt":"2021-03-07T16:46:31","guid":{"rendered":"https:\/\/astideco.com\/blog\/?p=3299"},"modified":"2021-04-20T15:26:47","modified_gmt":"2021-04-20T15:26:47","slug":"una-caseta-de-resina-transformada-en-un-taller-coqueto","status":"publish","type":"post","link":"https:\/\/astideco.com\/blog\/una-caseta-de-resina-transformada-en-un-taller-coqueto\/","title":{"rendered":"Una caseta de resina transformada en un taller coqueto"},"content":{"rendered":"<p><span>Una casita dentro de otra casita. Un peque\u00f1o espacio para evadirse dentro de un hogar en el que se mezclan varios estilos decorativos con un sentido visual m\u00e1gico. <a href=\"https:\/\/www.instagram.com\/lacasitademara\/?hl=es\"><strong>Lacasitademara<\/strong><\/a> -asi se la conoce en Instagram- es magia pura. Ella, su sensibilidad, su estilo y su casa. Y ahora tambi\u00e9n su espectacular peque\u00f1a caseta que ha creado en la azotea. <\/span><span>Una caseta de resina no es lo m\u00e1s bonito del mundo pero Tamara -su due\u00f1a- ha logrado impregnar su buen gusto y personalidad y convertirla en un <em>\u201cespacio encantador\u201d<\/em>. Y muy pr\u00e1ctico. \u00bfQuieres ver una caseta de resina transformada en un taller coqueto? Sigue leyendo.<\/span><\/p>\n<p><span>La casitademara part\u00eda de esta <a href=\"https:\/\/www.bauhaus.es\/casetas-de-herramientas-de-plastico\/keter-caseta-para-jardn-newton-757\/p\/26327042\"><strong>caseta de resina<\/strong><\/a>\u2026<\/span><\/p>\n<p><img decoding=\"async\" class=\"lazyload aligncenter wp-image-3300 size-fusion-1200\" src=\"https:\/\/astideco.com\/blog\/wp-content\/uploads\/2021\/02\/lacasitademara-1200x739.jpg\" data-orig-src=\"https:\/\/astideco.com\/blog\/wp-content\/uploads\/2021\/02\/lacasitademara-1200x739.jpg\" alt=\"\" width=\"1200\" height=\"739\" srcset=\"data:image\/svg+xml,%3Csvg%20xmlns%3D%27http%3A%2F%2Fwww.w3.org%2F2000%2Fsvg%27%20width%3D%271200%27%20height%3D%27739%27%20viewBox%3D%270%200%201200%20739%27%3E%3Crect%20width%3D%271200%27%20height%3D%27739%27%20fill-opacity%3D%220%22%2F%3E%3C%2Fsvg%3E\" data-srcset=\"https:\/\/astideco.com\/blog\/wp-content\/uploads\/2021\/02\/lacasitademara-200x123.jpg 200w, https:\/\/astideco.com\/blog\/wp-content\/uploads\/2021\/02\/lacasitademara-300x185.jpg 300w, https:\/\/astideco.com\/blog\/wp-content\/uploads\/2021\/02\/lacasitademara-400x246.jpg 400w, https:\/\/astideco.com\/blog\/wp-content\/uploads\/2021\/02\/lacasitademara-600x370.jpg 600w, https:\/\/astideco.com\/blog\/wp-content\/uploads\/2021\/02\/lacasitademara-768x473.jpg 768w, https:\/\/astideco.com\/blog\/wp-content\/uploads\/2021\/02\/lacasitademara-800x493.jpg 800w, https:\/\/astideco.com\/blog\/wp-content\/uploads\/2021\/02\/lacasitademara-1024x631.jpg 1024w, https:\/\/astideco.com\/blog\/wp-content\/uploads\/2021\/02\/lacasitademara-1200x739.jpg 1200w, https:\/\/astideco.com\/blog\/wp-content\/uploads\/2021\/02\/lacasitademara-1536x946.jpg 1536w\" data-sizes=\"auto\" data-orig-sizes=\"(max-width: 1200px) 100vw, 1200px\" \/><\/p>\n<p><span>Anterior a esta, ten\u00eda una caseta de madera, a modo de trastero donde iba guardando <em>\u201cesas cosas de por si acaso\u201d<\/em>, pero tras unos a\u00f1os se hab\u00eda deteriorado. Tamara y su marido Javi decidieron montar otra pero antes ten\u00edan claro cu\u00e1l era el primer paso: <em>\u201chacer un Marie kondo y deshacernos de todas las <\/em><\/span><em><span>cosas que no est\u00e1bamos utilizando aunque est\u00e9n nuevas\u201d.<\/span><\/em><\/p>\n<h1>Un espacio de ensue\u00f1o<\/h1>\n<p><span>Una caseta de resina de dise\u00f1o moderno, bien aislada y con una claraboya en el tejado por la que entra mucha luz pero eso: una sencilla caseta de resina. Tamara solo pensaba en decorarla. Y en eso es experta y capaz de transformar\u00a0 el lugar m\u00e1s inh\u00f3spito del mundo en el m\u00e1s acogedor y evocador. <\/span><span>El resultado es, sin duda, espectacular e inspirador.<\/span><\/p>\n<p><img decoding=\"async\" class=\"lazyload aligncenter wp-image-3301 size-fusion-1200\" src=\"https:\/\/astideco.com\/blog\/wp-content\/uploads\/2021\/02\/image0-1200x1800.jpeg\" data-orig-src=\"https:\/\/astideco.com\/blog\/wp-content\/uploads\/2021\/02\/image0-1200x1800.jpeg\" alt=\"\" width=\"1200\" height=\"1800\" srcset=\"data:image\/svg+xml,%3Csvg%20xmlns%3D%27http%3A%2F%2Fwww.w3.org%2F2000%2Fsvg%27%20width%3D%271200%27%20height%3D%271800%27%20viewBox%3D%270%200%201200%201800%27%3E%3Crect%20width%3D%271200%27%20height%3D%271800%27%20fill-opacity%3D%220%22%2F%3E%3C%2Fsvg%3E\" data-srcset=\"https:\/\/astideco.com\/blog\/wp-content\/uploads\/2021\/02\/image0-200x300.jpeg 200w, https:\/\/astideco.com\/blog\/wp-content\/uploads\/2021\/02\/image0-400x600.jpeg 400w, https:\/\/astideco.com\/blog\/wp-content\/uploads\/2021\/02\/image0-600x900.jpeg 600w, https:\/\/astideco.com\/blog\/wp-content\/uploads\/2021\/02\/image0-683x1024.jpeg 683w, https:\/\/astideco.com\/blog\/wp-content\/uploads\/2021\/02\/image0-768x1152.jpeg 768w, https:\/\/astideco.com\/blog\/wp-content\/uploads\/2021\/02\/image0-800x1200.jpeg 800w, https:\/\/astideco.com\/blog\/wp-content\/uploads\/2021\/02\/image0-1024x1536.jpeg 1024w, https:\/\/astideco.com\/blog\/wp-content\/uploads\/2021\/02\/image0-1200x1800.jpeg 1200w, https:\/\/astideco.com\/blog\/wp-content\/uploads\/2021\/02\/image0-1365x2048.jpeg 1365w, https:\/\/astideco.com\/blog\/wp-content\/uploads\/2021\/02\/image0-scaled.jpeg 1707w\" data-sizes=\"auto\" data-orig-sizes=\"(max-width: 1200px) 100vw, 1200px\" \/><\/p>\n<h1>Taller de herramientas<\/h1>\n<p><span>Tamara y Javi no quer\u00edan que solo fuera una caseta de trastero. <em>\u201cQuer\u00edamos darle una utilidad. Ahora que apreciamos tener un peque\u00f1o trocito al aire libre, reformamos toda la azotea. A Javi le gusta trabajar la madera y tiene bastantes herramientas y en casa no tiene el espacio suficiente para hacer este tipo de cosas as\u00ed que decidimos montar este peque\u00f1o tallercito con el que est\u00e1 encantado porque puede trabajar tanto dentro como fuera cuando el tiempo acompa\u00f1a, tiene todas las herramientas a mano\u201d<\/em>, relata Tamara. Y s\u00ed, nos enamora ver aqu\u00ed nuestro <span><a href=\"https:\/\/astideco.com\/es\/panel-organizador\"><strong>organizador mural Tetris<\/strong><\/a><\/span> para ordenar todas las herramientas.<\/span><\/p>\n<p><img decoding=\"async\" class=\"lazyload aligncenter wp-image-3302 size-fusion-1200\" src=\"https:\/\/astideco.com\/blog\/wp-content\/uploads\/2021\/02\/organizador-mural-tetris-herramientas-1200x894.jpg\" data-orig-src=\"https:\/\/astideco.com\/blog\/wp-content\/uploads\/2021\/02\/organizador-mural-tetris-herramientas-1200x894.jpg\" alt=\"caseta de resina\" width=\"1200\" height=\"894\" srcset=\"data:image\/svg+xml,%3Csvg%20xmlns%3D%27http%3A%2F%2Fwww.w3.org%2F2000%2Fsvg%27%20width%3D%271200%27%20height%3D%27894%27%20viewBox%3D%270%200%201200%20894%27%3E%3Crect%20width%3D%271200%27%20height%3D%27894%27%20fill-opacity%3D%220%22%2F%3E%3C%2Fsvg%3E\" data-srcset=\"https:\/\/astideco.com\/blog\/wp-content\/uploads\/2021\/02\/organizador-mural-tetris-herramientas-200x149.jpg 200w, https:\/\/astideco.com\/blog\/wp-content\/uploads\/2021\/02\/organizador-mural-tetris-herramientas-300x224.jpg 300w, https:\/\/astideco.com\/blog\/wp-content\/uploads\/2021\/02\/organizador-mural-tetris-herramientas-400x298.jpg 400w, https:\/\/astideco.com\/blog\/wp-content\/uploads\/2021\/02\/organizador-mural-tetris-herramientas-600x447.jpg 600w, https:\/\/astideco.com\/blog\/wp-content\/uploads\/2021\/02\/organizador-mural-tetris-herramientas-768x572.jpg 768w, https:\/\/astideco.com\/blog\/wp-content\/uploads\/2021\/02\/organizador-mural-tetris-herramientas-800x596.jpg 800w, https:\/\/astideco.com\/blog\/wp-content\/uploads\/2021\/02\/organizador-mural-tetris-herramientas-1024x763.jpg 1024w, https:\/\/astideco.com\/blog\/wp-content\/uploads\/2021\/02\/organizador-mural-tetris-herramientas-1200x894.jpg 1200w, https:\/\/astideco.com\/blog\/wp-content\/uploads\/2021\/02\/organizador-mural-tetris-herramientas-1536x1144.jpg 1536w\" data-sizes=\"auto\" data-orig-sizes=\"(max-width: 1200px) 100vw, 1200px\" \/><\/p>\n<p><span>Un peque\u00f1o <strong>taller de herramientas<\/strong> en el que Tamara tambi\u00e9n ha encontrado su peque\u00f1o rinconcito para tener a mano el <strong>menaje y el textil de cocina<\/strong> cuando la familia sube a la azotea a tomarse un aperitivo y tambi\u00e9n para una de sus grandes pasiones: <strong>las plantas<\/strong>. Los detalles hacen hogar y esta caseta est\u00e1 llena de ellos:\u00a0 las l\u00e1minas bot\u00e1nicas con el \u00e1rbol de la vida en madera o incluso la disposici\u00f3n de las herramientas que utiliza para trasplantar. \u00a1Pura magia!<\/span><\/p>\n<p><img decoding=\"async\" class=\"lazyload aligncenter wp-image-3303 size-fusion-1200\" src=\"https:\/\/astideco.com\/blog\/wp-content\/uploads\/2021\/02\/caseta-de-resina-1200x892.jpg\" data-orig-src=\"https:\/\/astideco.com\/blog\/wp-content\/uploads\/2021\/02\/caseta-de-resina-1200x892.jpg\" alt=\"\" width=\"1200\" height=\"892\" srcset=\"data:image\/svg+xml,%3Csvg%20xmlns%3D%27http%3A%2F%2Fwww.w3.org%2F2000%2Fsvg%27%20width%3D%271200%27%20height%3D%27892%27%20viewBox%3D%270%200%201200%20892%27%3E%3Crect%20width%3D%271200%27%20height%3D%27892%27%20fill-opacity%3D%220%22%2F%3E%3C%2Fsvg%3E\" data-srcset=\"https:\/\/astideco.com\/blog\/wp-content\/uploads\/2021\/02\/caseta-de-resina-200x149.jpg 200w, https:\/\/astideco.com\/blog\/wp-content\/uploads\/2021\/02\/caseta-de-resina-300x223.jpg 300w, https:\/\/astideco.com\/blog\/wp-content\/uploads\/2021\/02\/caseta-de-resina-400x297.jpg 400w, https:\/\/astideco.com\/blog\/wp-content\/uploads\/2021\/02\/caseta-de-resina-600x446.jpg 600w, https:\/\/astideco.com\/blog\/wp-content\/uploads\/2021\/02\/caseta-de-resina-768x571.jpg 768w, https:\/\/astideco.com\/blog\/wp-content\/uploads\/2021\/02\/caseta-de-resina-800x594.jpg 800w, https:\/\/astideco.com\/blog\/wp-content\/uploads\/2021\/02\/caseta-de-resina-1024x761.jpg 1024w, https:\/\/astideco.com\/blog\/wp-content\/uploads\/2021\/02\/caseta-de-resina-1200x892.jpg 1200w, https:\/\/astideco.com\/blog\/wp-content\/uploads\/2021\/02\/caseta-de-resina-1536x1141.jpg 1536w\" data-sizes=\"auto\" data-orig-sizes=\"(max-width: 1200px) 100vw, 1200px\" \/><\/p>\n<h1>La calidez de la madera natural<\/h1>\n<p><span><em>\u201cElegimos vuestros muebles porque ten\u00edamos claro que quer\u00edamos a\u00f1adir madera para aportar calidez al espacio. Adem\u00e1s son s\u00faper vers\u00e1tiles y se le pueden dar diferentes utilidades. Lo primero que hizo fue customizar la mini cajonera\u201d,<\/em> explica Tamara quien ha transformado esta caseta de resina en un<em> \u201cpeque\u00f1o espacio para evadirnos, para recrearte, para inspirarte, para crear cosas bonitas, Javi con sus creaciones de madera y yo que me encantan las manualidades, cuando me quiero despejar de casa y pasar un ratito sola,\u00a0 creo que es un espacio coqueto e inspirador\u201d.<\/em><\/span><\/p>\n<p><img decoding=\"async\" class=\"lazyload aligncenter wp-image-3304 size-fusion-1200\" src=\"https:\/\/astideco.com\/blog\/wp-content\/uploads\/2021\/02\/image1-1200x1800.jpeg\" data-orig-src=\"https:\/\/astideco.com\/blog\/wp-content\/uploads\/2021\/02\/image1-1200x1800.jpeg\" alt=\"\" width=\"1200\" height=\"1800\" srcset=\"data:image\/svg+xml,%3Csvg%20xmlns%3D%27http%3A%2F%2Fwww.w3.org%2F2000%2Fsvg%27%20width%3D%271200%27%20height%3D%271800%27%20viewBox%3D%270%200%201200%201800%27%3E%3Crect%20width%3D%271200%27%20height%3D%271800%27%20fill-opacity%3D%220%22%2F%3E%3C%2Fsvg%3E\" data-srcset=\"https:\/\/astideco.com\/blog\/wp-content\/uploads\/2021\/02\/image1-200x300.jpeg 200w, https:\/\/astideco.com\/blog\/wp-content\/uploads\/2021\/02\/image1-400x600.jpeg 400w, https:\/\/astideco.com\/blog\/wp-content\/uploads\/2021\/02\/image1-600x900.jpeg 600w, https:\/\/astideco.com\/blog\/wp-content\/uploads\/2021\/02\/image1-683x1024.jpeg 683w, https:\/\/astideco.com\/blog\/wp-content\/uploads\/2021\/02\/image1-768x1152.jpeg 768w, https:\/\/astideco.com\/blog\/wp-content\/uploads\/2021\/02\/image1-800x1200.jpeg 800w, https:\/\/astideco.com\/blog\/wp-content\/uploads\/2021\/02\/image1-1024x1536.jpeg 1024w, https:\/\/astideco.com\/blog\/wp-content\/uploads\/2021\/02\/image1-1200x1800.jpeg 1200w, https:\/\/astideco.com\/blog\/wp-content\/uploads\/2021\/02\/image1-1365x2048.jpeg 1365w, https:\/\/astideco.com\/blog\/wp-content\/uploads\/2021\/02\/image1-scaled.jpeg 1707w\" data-sizes=\"auto\" data-orig-sizes=\"(max-width: 1200px) 100vw, 1200px\" \/><\/p>\n<p><span>Pint\u00f3 el interior de blanco antiguo para darle m\u00e1s luminosidad ya que era del mismo tono que por fuera y ese marr\u00f3n para el interior resultaba muy oscuro y no resaltaba para nada con los muebles de madera natural de <a href=\"https:\/\/astideco.com\/es\/\"><span><strong>Astigarraga Kit Line<\/strong><\/span><\/a>. Y para el suelo ha utilizado <\/span><span>una alfombra vin\u00edlica imitaci\u00f3n a suelo de madera que le ha aportado mucha m\u00e1s calidez.<\/span><\/p>\n<p><span>No es el lugar m\u00e1s grande del mundo, pero vaya s\u00ed Tamara y Javi le han sacado partido al espacio. hemos titulado este post: una caseta de resina transformada en un taller coqueto. Despu\u00e9s de ver esta transformaci\u00f3n, \u00bfqu\u00e9 m\u00e1s adjetivos se te ocurren? D\u00e9janoslos en comentarios.<\/span><\/p>\n<p><em><span>Gracias por dejarnos decorar tu hogar de manera sostenible.<\/span><\/em><\/p>\n<p>&nbsp;<\/p>\n","protected":false},"excerpt":{"rendered":"<p>Una casita dentro de otra casita. Un peque\u00f1o espacio para evadirse dentro de un hogar en el que se mezclan varios estilos decorativos con un sentido visual m\u00e1gico. Lacasitademara -asi se la conoce en Instagram- es magia pura. Ella, su  [..]<\/p>\n","protected":false},"author":6,"featured_media":3305,"comment_status":"open","ping_status":"open","sticky":false,"template":"","format":"standard","meta":{"footnotes":""},"categories":[15],"tags":[],"class_list":["post-3299","post","type-post","status-publish","format-standard","has-post-thumbnail","hentry","category-producto"],"yoast_head":"<!-- This site is optimized with the Yoast SEO plugin v27.0 - https:\/\/yoast.com\/product\/yoast-seo-wordpress\/ -->\n<title>Una caseta de resina transformada en un taller coqueto - Astiblog<\/title>\n<meta name=\"description\" content=\"Una casita dentro de otra casita. Un espacio para evadirse. No te pierdas c\u00f3mo una caseta de resina es trnsformada en un taller coqueto.\" \/>\n<meta name=\"robots\" content=\"index, follow, max-snippet:-1, max-image-preview:large, max-video-preview:-1\" \/>\n<link rel=\"canonical\" href=\"https:\/\/astideco.com\/blog\/una-caseta-de-resina-transformada-en-un-taller-coqueto\/\" \/>\n<meta property=\"og:locale\" content=\"es_ES\" \/>\n<meta property=\"og:type\" content=\"article\" \/>\n<meta property=\"og:title\" content=\"Una caseta de resina transformada en un taller coqueto - Astiblog\" \/>\n<meta property=\"og:description\" content=\"Una casita dentro de otra casita. Un espacio para evadirse. No te pierdas c\u00f3mo una caseta de resina es trnsformada en un taller coqueto.\" \/>\n<meta property=\"og:url\" content=\"https:\/\/astideco.com\/blog\/una-caseta-de-resina-transformada-en-un-taller-coqueto\/\" \/>\n<meta property=\"og:site_name\" content=\"Astiblog\" \/>\n<meta property=\"article:published_time\" content=\"2021-03-07T16:46:31+00:00\" \/>\n<meta property=\"article:modified_time\" content=\"2021-04-20T15:26:47+00:00\" \/>\n<meta property=\"og:image\" content=\"https:\/\/astideco.com\/blog\/wp-content\/uploads\/2021\/02\/caseta-taller-1024x707.jpg\" \/>\n\t<meta property=\"og:image:width\" content=\"1024\" \/>\n\t<meta property=\"og:image:height\" content=\"707\" \/>\n\t<meta property=\"og:image:type\" content=\"image\/jpeg\" \/>\n<meta name=\"author\" content=\"Astigarraga Kit Line\" \/>\n<meta name=\"twitter:card\" content=\"summary_large_image\" \/>\n<meta name=\"twitter:label1\" content=\"Escrito por\" \/>\n\t<meta name=\"twitter:data1\" content=\"Astigarraga Kit Line\" \/>\n\t<meta name=\"twitter:label2\" content=\"Tiempo de lectura\" \/>\n\t<meta name=\"twitter:data2\" content=\"3 minutos\" \/>\n<script type=\"application\/ld+json\" class=\"yoast-schema-graph\">{\"@context\":\"https:\/\/schema.org\",\"@graph\":[{\"@type\":\"Article\",\"@id\":\"https:\/\/astideco.com\/blog\/una-caseta-de-resina-transformada-en-un-taller-coqueto\/#article\",\"isPartOf\":{\"@id\":\"https:\/\/astideco.com\/blog\/una-caseta-de-resina-transformada-en-un-taller-coqueto\/\"},\"author\":{\"name\":\"Astigarraga Kit Line\",\"@id\":\"https:\/\/astideco.com\/blog\/#\/schema\/person\/13fd236103c4c231352fb09b2b7ac5cf\"},\"headline\":\"Una caseta de resina transformada en un taller coqueto\",\"datePublished\":\"2021-03-07T16:46:31+00:00\",\"dateModified\":\"2021-04-20T15:26:47+00:00\",\"mainEntityOfPage\":{\"@id\":\"https:\/\/astideco.com\/blog\/una-caseta-de-resina-transformada-en-un-taller-coqueto\/\"},\"wordCount\":702,\"commentCount\":0,\"image\":{\"@id\":\"https:\/\/astideco.com\/blog\/una-caseta-de-resina-transformada-en-un-taller-coqueto\/#primaryimage\"},\"thumbnailUrl\":\"https:\/\/astideco.com\/blog\/wp-content\/uploads\/2021\/02\/caseta-taller-scaled.jpg\",\"articleSection\":[\"Producto\"],\"inLanguage\":\"es\",\"potentialAction\":[{\"@type\":\"CommentAction\",\"name\":\"Comment\",\"target\":[\"https:\/\/astideco.com\/blog\/una-caseta-de-resina-transformada-en-un-taller-coqueto\/#respond\"]}]},{\"@type\":\"WebPage\",\"@id\":\"https:\/\/astideco.com\/blog\/una-caseta-de-resina-transformada-en-un-taller-coqueto\/\",\"url\":\"https:\/\/astideco.com\/blog\/una-caseta-de-resina-transformada-en-un-taller-coqueto\/\",\"name\":\"Una caseta de resina transformada en un taller coqueto - Astiblog\",\"isPartOf\":{\"@id\":\"https:\/\/astideco.com\/blog\/#website\"},\"primaryImageOfPage\":{\"@id\":\"https:\/\/astideco.com\/blog\/una-caseta-de-resina-transformada-en-un-taller-coqueto\/#primaryimage\"},\"image\":{\"@id\":\"https:\/\/astideco.com\/blog\/una-caseta-de-resina-transformada-en-un-taller-coqueto\/#primaryimage\"},\"thumbnailUrl\":\"https:\/\/astideco.com\/blog\/wp-content\/uploads\/2021\/02\/caseta-taller-scaled.jpg\",\"datePublished\":\"2021-03-07T16:46:31+00:00\",\"dateModified\":\"2021-04-20T15:26:47+00:00\",\"author\":{\"@id\":\"https:\/\/astideco.com\/blog\/#\/schema\/person\/13fd236103c4c231352fb09b2b7ac5cf\"},\"description\":\"Una casita dentro de otra casita. Un espacio para evadirse. No te pierdas c\u00f3mo una caseta de resina es trnsformada en un taller coqueto.\",\"breadcrumb\":{\"@id\":\"https:\/\/astideco.com\/blog\/una-caseta-de-resina-transformada-en-un-taller-coqueto\/#breadcrumb\"},\"inLanguage\":\"es\",\"potentialAction\":[{\"@type\":\"ReadAction\",\"target\":[\"https:\/\/astideco.com\/blog\/una-caseta-de-resina-transformada-en-un-taller-coqueto\/\"]}]},{\"@type\":\"ImageObject\",\"inLanguage\":\"es\",\"@id\":\"https:\/\/astideco.com\/blog\/una-caseta-de-resina-transformada-en-un-taller-coqueto\/#primaryimage\",\"url\":\"https:\/\/astideco.com\/blog\/wp-content\/uploads\/2021\/02\/caseta-taller-scaled.jpg\",\"contentUrl\":\"https:\/\/astideco.com\/blog\/wp-content\/uploads\/2021\/02\/caseta-taller-scaled.jpg\",\"width\":2560,\"height\":1767},{\"@type\":\"BreadcrumbList\",\"@id\":\"https:\/\/astideco.com\/blog\/una-caseta-de-resina-transformada-en-un-taller-coqueto\/#breadcrumb\",\"itemListElement\":[{\"@type\":\"ListItem\",\"position\":1,\"name\":\"Portada\",\"item\":\"https:\/\/astideco.com\/blog\/\"},{\"@type\":\"ListItem\",\"position\":2,\"name\":\"Una caseta de resina transformada en un taller coqueto\"}]},{\"@type\":\"WebSite\",\"@id\":\"https:\/\/astideco.com\/blog\/#website\",\"url\":\"https:\/\/astideco.com\/blog\/\",\"name\":\"Astiblog\",\"description\":\"Blog de Astideco.com\",\"potentialAction\":[{\"@type\":\"SearchAction\",\"target\":{\"@type\":\"EntryPoint\",\"urlTemplate\":\"https:\/\/astideco.com\/blog\/?s={search_term_string}\"},\"query-input\":{\"@type\":\"PropertyValueSpecification\",\"valueRequired\":true,\"valueName\":\"search_term_string\"}}],\"inLanguage\":\"es\"},{\"@type\":\"Person\",\"@id\":\"https:\/\/astideco.com\/blog\/#\/schema\/person\/13fd236103c4c231352fb09b2b7ac5cf\",\"name\":\"Astigarraga Kit Line\"}]}<\/script>\n<!-- \/ Yoast SEO plugin. -->","yoast_head_json":{"title":"Una caseta de resina transformada en un taller coqueto - Astiblog","description":"Una casita dentro de otra casita. Un espacio para evadirse. No te pierdas c\u00f3mo una caseta de resina es trnsformada en un taller coqueto.","robots":{"index":"index","follow":"follow","max-snippet":"max-snippet:-1","max-image-preview":"max-image-preview:large","max-video-preview":"max-video-preview:-1"},"canonical":"https:\/\/astideco.com\/blog\/una-caseta-de-resina-transformada-en-un-taller-coqueto\/","og_locale":"es_ES","og_type":"article","og_title":"Una caseta de resina transformada en un taller coqueto - Astiblog","og_description":"Una casita dentro de otra casita. Un espacio para evadirse. No te pierdas c\u00f3mo una caseta de resina es trnsformada en un taller coqueto.","og_url":"https:\/\/astideco.com\/blog\/una-caseta-de-resina-transformada-en-un-taller-coqueto\/","og_site_name":"Astiblog","article_published_time":"2021-03-07T16:46:31+00:00","article_modified_time":"2021-04-20T15:26:47+00:00","og_image":[{"width":1024,"height":707,"url":"https:\/\/astideco.com\/blog\/wp-content\/uploads\/2021\/02\/caseta-taller-1024x707.jpg","type":"image\/jpeg"}],"author":"Astigarraga Kit Line","twitter_card":"summary_large_image","twitter_misc":{"Escrito por":"Astigarraga Kit Line","Tiempo de lectura":"3 minutos"},"schema":{"@context":"https:\/\/schema.org","@graph":[{"@type":"Article","@id":"https:\/\/astideco.com\/blog\/una-caseta-de-resina-transformada-en-un-taller-coqueto\/#article","isPartOf":{"@id":"https:\/\/astideco.com\/blog\/una-caseta-de-resina-transformada-en-un-taller-coqueto\/"},"author":{"name":"Astigarraga Kit Line","@id":"https:\/\/astideco.com\/blog\/#\/schema\/person\/13fd236103c4c231352fb09b2b7ac5cf"},"headline":"Una caseta de resina transformada en un taller coqueto","datePublished":"2021-03-07T16:46:31+00:00","dateModified":"2021-04-20T15:26:47+00:00","mainEntityOfPage":{"@id":"https:\/\/astideco.com\/blog\/una-caseta-de-resina-transformada-en-un-taller-coqueto\/"},"wordCount":702,"commentCount":0,"image":{"@id":"https:\/\/astideco.com\/blog\/una-caseta-de-resina-transformada-en-un-taller-coqueto\/#primaryimage"},"thumbnailUrl":"https:\/\/astideco.com\/blog\/wp-content\/uploads\/2021\/02\/caseta-taller-scaled.jpg","articleSection":["Producto"],"inLanguage":"es","potentialAction":[{"@type":"CommentAction","name":"Comment","target":["https:\/\/astideco.com\/blog\/una-caseta-de-resina-transformada-en-un-taller-coqueto\/#respond"]}]},{"@type":"WebPage","@id":"https:\/\/astideco.com\/blog\/una-caseta-de-resina-transformada-en-un-taller-coqueto\/","url":"https:\/\/astideco.com\/blog\/una-caseta-de-resina-transformada-en-un-taller-coqueto\/","name":"Una caseta de resina transformada en un taller coqueto - Astiblog","isPartOf":{"@id":"https:\/\/astideco.com\/blog\/#website"},"primaryImageOfPage":{"@id":"https:\/\/astideco.com\/blog\/una-caseta-de-resina-transformada-en-un-taller-coqueto\/#primaryimage"},"image":{"@id":"https:\/\/astideco.com\/blog\/una-caseta-de-resina-transformada-en-un-taller-coqueto\/#primaryimage"},"thumbnailUrl":"https:\/\/astideco.com\/blog\/wp-content\/uploads\/2021\/02\/caseta-taller-scaled.jpg","datePublished":"2021-03-07T16:46:31+00:00","dateModified":"2021-04-20T15:26:47+00:00","author":{"@id":"https:\/\/astideco.com\/blog\/#\/schema\/person\/13fd236103c4c231352fb09b2b7ac5cf"},"description":"Una casita dentro de otra casita. Un espacio para evadirse. No te pierdas c\u00f3mo una caseta de resina es trnsformada en un taller coqueto.","breadcrumb":{"@id":"https:\/\/astideco.com\/blog\/una-caseta-de-resina-transformada-en-un-taller-coqueto\/#breadcrumb"},"inLanguage":"es","potentialAction":[{"@type":"ReadAction","target":["https:\/\/astideco.com\/blog\/una-caseta-de-resina-transformada-en-un-taller-coqueto\/"]}]},{"@type":"ImageObject","inLanguage":"es","@id":"https:\/\/astideco.com\/blog\/una-caseta-de-resina-transformada-en-un-taller-coqueto\/#primaryimage","url":"https:\/\/astideco.com\/blog\/wp-content\/uploads\/2021\/02\/caseta-taller-scaled.jpg","contentUrl":"https:\/\/astideco.com\/blog\/wp-content\/uploads\/2021\/02\/caseta-taller-scaled.jpg","width":2560,"height":1767},{"@type":"BreadcrumbList","@id":"https:\/\/astideco.com\/blog\/una-caseta-de-resina-transformada-en-un-taller-coqueto\/#breadcrumb","itemListElement":[{"@type":"ListItem","position":1,"name":"Portada","item":"https:\/\/astideco.com\/blog\/"},{"@type":"ListItem","position":2,"name":"Una caseta de resina transformada en un taller coqueto"}]},{"@type":"WebSite","@id":"https:\/\/astideco.com\/blog\/#website","url":"https:\/\/astideco.com\/blog\/","name":"Astiblog","description":"Blog de Astideco.com","potentialAction":[{"@type":"SearchAction","target":{"@type":"EntryPoint","urlTemplate":"https:\/\/astideco.com\/blog\/?s={search_term_string}"},"query-input":{"@type":"PropertyValueSpecification","valueRequired":true,"valueName":"search_term_string"}}],"inLanguage":"es"},{"@type":"Person","@id":"https:\/\/astideco.com\/blog\/#\/schema\/person\/13fd236103c4c231352fb09b2b7ac5cf","name":"Astigarraga Kit Line"}]}},"_links":{"self":[{"href":"https:\/\/astideco.com\/blog\/wp-json\/wp\/v2\/posts\/3299","targetHints":{"allow":["GET"]}}],"collection":[{"href":"https:\/\/astideco.com\/blog\/wp-json\/wp\/v2\/posts"}],"about":[{"href":"https:\/\/astideco.com\/blog\/wp-json\/wp\/v2\/types\/post"}],"author":[{"embeddable":true,"href":"https:\/\/astideco.com\/blog\/wp-json\/wp\/v2\/users\/6"}],"replies":[{"embeddable":true,"href":"https:\/\/astideco.com\/blog\/wp-json\/wp\/v2\/comments?post=3299"}],"version-history":[{"count":3,"href":"https:\/\/astideco.com\/blog\/wp-json\/wp\/v2\/posts\/3299\/revisions"}],"predecessor-version":[{"id":3308,"href":"https:\/\/astideco.com\/blog\/wp-json\/wp\/v2\/posts\/3299\/revisions\/3308"}],"wp:featuredmedia":[{"embeddable":true,"href":"https:\/\/astideco.com\/blog\/wp-json\/wp\/v2\/media\/3305"}],"wp:attachment":[{"href":"https:\/\/astideco.com\/blog\/wp-json\/wp\/v2\/media?parent=3299"}],"wp:term":[{"taxonomy":"category","embeddable":true,"href":"https:\/\/astideco.com\/blog\/wp-json\/wp\/v2\/categories?post=3299"},{"taxonomy":"post_tag","embeddable":true,"href":"https:\/\/astideco.com\/blog\/wp-json\/wp\/v2\/tags?post=3299"}],"curies":[{"name":"wp","href":"https:\/\/api.w.org\/{rel}","templated":true}]}}