{"id":3189,"date":"2020-12-14T09:59:27","date_gmt":"2020-12-14T09:59:27","guid":{"rendered":"https:\/\/astideco.com\/blog\/?p=3189"},"modified":"2021-04-20T15:35:51","modified_gmt":"2021-04-20T15:35:51","slug":"regala-decoracion-sostenible","status":"publish","type":"post","link":"https:\/\/astideco.com\/blog\/regala-decoracion-sostenible\/","title":{"rendered":"Regala decoraci\u00f3n sostenible"},"content":{"rendered":"<p><span>Llega la \u00e9poca del a\u00f1o en la que nos rompemos la cabeza para sorprender a los que queremos. \u00bfQu\u00e9 le regalo? \u00a1Si tiene de todo! \u00a1No necesita nada! Son algunas de las cosas que nos decimos a nosotros mismos. La Navidad significa muchas cosas para quien las vive intensamente. Y no lo vamos a negar: son d\u00edas de consumo. Ahora bien, est\u00e1 en nuestras manos disfrutar de una <strong>Navidad responsable<\/strong>. Y \u00bfc\u00f3mo se hace eso? Pues apostando por <strong>regalos sostenibles<\/strong> como ropas de algod\u00f3n org\u00e1nico; un perfume ecol\u00f3gico o cosm\u00e9tica u otros <\/span><span>productos veganos y 100% naturales. Dicen que zapatero a sus zapatos y en esta l\u00ednea<\/span><span> hoy nos apetece gritar\u00a0 a la cuatros vientos que estas navidades\u2026 <strong>\u00a1\u00a1\u00a1Regala decoraci\u00f3n sostenible!!!<\/strong> Porque s\u00ed se puede.<\/span><\/p>\n<p><span>Al final un regalo sostenible es un acto responsable y comprometido con el medio ambiente. Saber que ese trocito de madera que decora tu casa es madera certificada, que procede de bosques gestionados sosteniblemente y que es mimada durante todo su proceso de fabricaci\u00f3n, hace que tenga un car\u00e1cter especial. Por eso desde <a href=\"https:\/\/astideco.com\/es\/\"><span><strong>Astigarraga Kit Line<\/strong><\/span><\/a> queremos celebrar una Navidad en la que los regalos sostenibles que apuestan por un compromiso con el medio ambiente sean los protagonistas. Aqu\u00ed os dejamos <strong>cinco ideas para regalar decoraci\u00f3n sostenible<\/strong>.\u00a0<\/span><\/p>\n<h2><span>Un zapatero<\/span><\/h2>\n<p><span>Para \u00e9l, para ella o para los dos. Todos nuestros muebles son vers\u00e1tiles y no tienen ni g\u00e9nero ni edad. Este <a href=\"https:\/\/astideco.com\/es\/muebles-de-almacenaje\/estanteria-modular-2-puertas-horizontal\"><span><strong>mueble de la serie Dinamic<\/strong><\/span><\/a> lo hemos visto en muchas estancias pero nunca en un recibidor como zapatero. Y la idea de <a href=\"https:\/\/www.instagram.com\/decoestilo12\/?hl=es\"><strong>@decoestilo12<\/strong><\/a> nos ha encantado. Porque qu\u00e9 gusto da llegar a tu hogar y descalzarse y plantarte tus zapatillas de casa. Bueno y ahora tambi\u00e9n dejar la mascarilla. Es tan previsora que ha colocado una de nuestras cajitas de madera encima del mueble. \u00bfSab\u00e9is para qu\u00e9? Para guardar los geles hidroalcoh\u00f3licos. \u00a1Hay que estar en todo!<\/span><\/p>\n<div id=\"attachment_3190\" style=\"width: 1210px\" class=\"wp-caption aligncenter\"><img decoding=\"async\" aria-describedby=\"caption-attachment-3190\" class=\"lazyload wp-image-3190 size-fusion-1200\" src=\"https:\/\/astideco.com\/blog\/wp-content\/uploads\/2020\/12\/IMG_20201108_135250_870-01-1-1200x1600.jpg\" data-orig-src=\"https:\/\/astideco.com\/blog\/wp-content\/uploads\/2020\/12\/IMG_20201108_135250_870-01-1-1200x1600.jpg\" alt=\"\" width=\"1200\" height=\"1600\" srcset=\"data:image\/svg+xml,%3Csvg%20xmlns%3D%27http%3A%2F%2Fwww.w3.org%2F2000%2Fsvg%27%20width%3D%271200%27%20height%3D%271600%27%20viewBox%3D%270%200%201200%201600%27%3E%3Crect%20width%3D%271200%27%20height%3D%271600%27%20fill-opacity%3D%220%22%2F%3E%3C%2Fsvg%3E\" data-srcset=\"https:\/\/astideco.com\/blog\/wp-content\/uploads\/2020\/12\/IMG_20201108_135250_870-01-1-200x267.jpg 200w, https:\/\/astideco.com\/blog\/wp-content\/uploads\/2020\/12\/IMG_20201108_135250_870-01-1-225x300.jpg 225w, https:\/\/astideco.com\/blog\/wp-content\/uploads\/2020\/12\/IMG_20201108_135250_870-01-1-400x533.jpg 400w, https:\/\/astideco.com\/blog\/wp-content\/uploads\/2020\/12\/IMG_20201108_135250_870-01-1-600x800.jpg 600w, https:\/\/astideco.com\/blog\/wp-content\/uploads\/2020\/12\/IMG_20201108_135250_870-01-1-768x1024.jpg 768w, https:\/\/astideco.com\/blog\/wp-content\/uploads\/2020\/12\/IMG_20201108_135250_870-01-1-800x1067.jpg 800w, https:\/\/astideco.com\/blog\/wp-content\/uploads\/2020\/12\/IMG_20201108_135250_870-01-1-1152x1536.jpg 1152w, https:\/\/astideco.com\/blog\/wp-content\/uploads\/2020\/12\/IMG_20201108_135250_870-01-1-1200x1600.jpg 1200w, https:\/\/astideco.com\/blog\/wp-content\/uploads\/2020\/12\/IMG_20201108_135250_870-01-1.jpg 1536w\" data-sizes=\"auto\" data-orig-sizes=\"(max-width: 1200px) 100vw, 1200px\" \/><p id=\"caption-attachment-3190\" class=\"wp-caption-text\">@decoestilo12<\/p><\/div>\n<h2><span>Cajas de madera como envoltorio de regalos<\/span><\/h2>\n<p><span>S\u00ed, es una opci\u00f3n simple y cl\u00e1sica. \u00a1Pero lo que da de s\u00ed una caja de madera! Puedes hacer m\u00e1s atractiva la presentaci\u00f3n de un regalo convirti\u00e9ndolo en el envoltorio perfecto. Pero es que luego la puedes utilizar para decorar cualquier rinc\u00f3n. Dentro de toda la variedad de <a href=\"https:\/\/astideco.com\/es\/cajas-de-almacenaje\"><span><strong>cajas de madera<\/strong><\/span><\/a> las puedes encontrar con tapa o sin tapa, modulares o apilables. Las puedes personalizar grabando un mensaje sobre la madera o sencillamente pint\u00e1ndolas.<\/span><\/p>\n<div id=\"attachment_3191\" style=\"width: 1210px\" class=\"wp-caption aligncenter\"><img decoding=\"async\" aria-describedby=\"caption-attachment-3191\" class=\"lazyload wp-image-3191 size-fusion-1200\" src=\"https:\/\/astideco.com\/blog\/wp-content\/uploads\/2020\/12\/cajas-de-madera-regala-decoracion-1200x1231.jpg\" data-orig-src=\"https:\/\/astideco.com\/blog\/wp-content\/uploads\/2020\/12\/cajas-de-madera-regala-decoracion-1200x1231.jpg\" alt=\"\" width=\"1200\" height=\"1231\" srcset=\"data:image\/svg+xml,%3Csvg%20xmlns%3D%27http%3A%2F%2Fwww.w3.org%2F2000%2Fsvg%27%20width%3D%271200%27%20height%3D%271231%27%20viewBox%3D%270%200%201200%201231%27%3E%3Crect%20width%3D%271200%27%20height%3D%271231%27%20fill-opacity%3D%220%22%2F%3E%3C%2Fsvg%3E\" data-srcset=\"https:\/\/astideco.com\/blog\/wp-content\/uploads\/2020\/12\/cajas-de-madera-regala-decoracion-200x205.jpg 200w, https:\/\/astideco.com\/blog\/wp-content\/uploads\/2020\/12\/cajas-de-madera-regala-decoracion-293x300.jpg 293w, https:\/\/astideco.com\/blog\/wp-content\/uploads\/2020\/12\/cajas-de-madera-regala-decoracion-400x410.jpg 400w, https:\/\/astideco.com\/blog\/wp-content\/uploads\/2020\/12\/cajas-de-madera-regala-decoracion-600x615.jpg 600w, https:\/\/astideco.com\/blog\/wp-content\/uploads\/2020\/12\/cajas-de-madera-regala-decoracion-768x788.jpg 768w, https:\/\/astideco.com\/blog\/wp-content\/uploads\/2020\/12\/cajas-de-madera-regala-decoracion-800x820.jpg 800w, https:\/\/astideco.com\/blog\/wp-content\/uploads\/2020\/12\/cajas-de-madera-regala-decoracion-998x1024.jpg 998w, https:\/\/astideco.com\/blog\/wp-content\/uploads\/2020\/12\/cajas-de-madera-regala-decoracion-1200x1231.jpg 1200w, https:\/\/astideco.com\/blog\/wp-content\/uploads\/2020\/12\/cajas-de-madera-regala-decoracion.jpg 1408w\" data-sizes=\"auto\" data-orig-sizes=\"(max-width: 1200px) 100vw, 1200px\" \/><p id=\"caption-attachment-3191\" class=\"wp-caption-text\">@fruto_samore<\/p><\/div>\n<h2><span>Una zona de trabajo en el garaje<\/span><\/h2>\n<p><span>Para unos, la terraza o un patio pueden ser esos oasis de paz y tranquilidad que todos necesitamos sin salir de casa. Para otros, una zona de trabajo en un rinc\u00f3n del garaje les puede dar vida. Esa mesa de trabajo donde pintar, arreglar tranquilamente cualquier desperfecto y dar rienda suelta a sus habilidades con el bricolaje. \u00bfEres uno de ellos? Tira la ca\u00f1a y a ver si alguien se da por aludido. Este espacio creado por <a href=\"https:\/\/www.instagram.com\/garlic.and.co\/?hl=es\"><strong>@garlic.and.co<\/strong><\/a> nos fascina. Ha utilizado: dos caballetes, tablero,el organizador de pared Tetris, las cajoneras Natura, las cajas apilables Evolution y el armario Dinamic con patas. Lo puedes encontrar todo en nuestra tienda online <a href=\"https:\/\/astideco.com\/es\/\"><span><strong>www.astideco.com<\/strong><\/span><\/a>.<\/span><\/p>\n<div id=\"attachment_3192\" style=\"width: 1210px\" class=\"wp-caption aligncenter\"><img decoding=\"async\" aria-describedby=\"caption-attachment-3192\" class=\"lazyload wp-image-3192\" src=\"https:\/\/astideco.com\/blog\/wp-content\/uploads\/2020\/12\/zona-de-trabajo-garaje-300x225.jpeg\" data-orig-src=\"https:\/\/astideco.com\/blog\/wp-content\/uploads\/2020\/12\/zona-de-trabajo-garaje-300x225.jpeg\" alt=\"\" width=\"1200\" height=\"900\" srcset=\"data:image\/svg+xml,%3Csvg%20xmlns%3D%27http%3A%2F%2Fwww.w3.org%2F2000%2Fsvg%27%20width%3D%271200%27%20height%3D%27900%27%20viewBox%3D%270%200%201200%20900%27%3E%3Crect%20width%3D%271200%27%20height%3D%27900%27%20fill-opacity%3D%220%22%2F%3E%3C%2Fsvg%3E\" data-srcset=\"https:\/\/astideco.com\/blog\/wp-content\/uploads\/2020\/12\/zona-de-trabajo-garaje-200x150.jpeg 200w, https:\/\/astideco.com\/blog\/wp-content\/uploads\/2020\/12\/zona-de-trabajo-garaje-300x225.jpeg 300w, https:\/\/astideco.com\/blog\/wp-content\/uploads\/2020\/12\/zona-de-trabajo-garaje-400x300.jpeg 400w, https:\/\/astideco.com\/blog\/wp-content\/uploads\/2020\/12\/zona-de-trabajo-garaje-600x450.jpeg 600w, https:\/\/astideco.com\/blog\/wp-content\/uploads\/2020\/12\/zona-de-trabajo-garaje.jpeg 640w\" data-sizes=\"auto\" data-orig-sizes=\"(max-width: 1200px) 100vw, 1200px\" \/><p id=\"caption-attachment-3192\" class=\"wp-caption-text\">@garlic.and.co<\/p><\/div>\n<h2><span>Un escritorio agradable y pr\u00e1ctico\u00a0<\/span><\/h2>\n<p><span>En el a\u00f1o en el que se ha teletrabajado m\u00e1s que nunca, no hemos parado de insistir en la necesidad de contar en casa con un escritorio ordenado. Porque una mente despejada rinde mucho m\u00e1s y es m\u00e1s productiva. Por eso \u00bfno os parece una buena idea regalar una mesa de estudio, trabajo o para hacer manualidades? Esta de <a href=\"https:\/\/www.instagram.com\/elemorlovedecor_blog\/?hl=es\"><strong>@elemorlovedecor_blog<\/strong><\/a> nos ha encandilado por su sencillez. Porque menos es m\u00e1s. Nuestros <a href=\"https:\/\/astideco.com\/es\/caballetes\/caballete-pino-glam-para-pequenos-espacios\"><span><strong>caballetes ecol\u00f3gicos Glam<\/strong><\/span><\/a> y nuestro <a href=\"https:\/\/astideco.com\/es\/tableros-de-madera\/tablero-pino-120x60x18\"><span><strong>tablero de 1\u00b48cm<\/strong><\/span><\/a> y tienes una mesa lowcost, pr\u00e1ctica y decorativa.\u00a0<\/span><\/p>\n<div id=\"attachment_3194\" style=\"width: 1210px\" class=\"wp-caption aligncenter\"><img decoding=\"async\" aria-describedby=\"caption-attachment-3194\" class=\"lazyload wp-image-3194 size-fusion-1200\" src=\"https:\/\/astideco.com\/blog\/wp-content\/uploads\/2020\/12\/escritorio-con-caballete-Glam-1200x1500.jpg\" data-orig-src=\"https:\/\/astideco.com\/blog\/wp-content\/uploads\/2020\/12\/escritorio-con-caballete-Glam-1200x1500.jpg\" alt=\"regala decoracion sostenible\" width=\"1200\" height=\"1500\" srcset=\"data:image\/svg+xml,%3Csvg%20xmlns%3D%27http%3A%2F%2Fwww.w3.org%2F2000%2Fsvg%27%20width%3D%271200%27%20height%3D%271500%27%20viewBox%3D%270%200%201200%201500%27%3E%3Crect%20width%3D%271200%27%20height%3D%271500%27%20fill-opacity%3D%220%22%2F%3E%3C%2Fsvg%3E\" data-srcset=\"https:\/\/astideco.com\/blog\/wp-content\/uploads\/2020\/12\/escritorio-con-caballete-Glam-200x250.jpg 200w, https:\/\/astideco.com\/blog\/wp-content\/uploads\/2020\/12\/escritorio-con-caballete-Glam-240x300.jpg 240w, https:\/\/astideco.com\/blog\/wp-content\/uploads\/2020\/12\/escritorio-con-caballete-Glam-400x500.jpg 400w, https:\/\/astideco.com\/blog\/wp-content\/uploads\/2020\/12\/escritorio-con-caballete-Glam-600x750.jpg 600w, https:\/\/astideco.com\/blog\/wp-content\/uploads\/2020\/12\/escritorio-con-caballete-Glam-768x960.jpg 768w, https:\/\/astideco.com\/blog\/wp-content\/uploads\/2020\/12\/escritorio-con-caballete-Glam-800x1000.jpg 800w, https:\/\/astideco.com\/blog\/wp-content\/uploads\/2020\/12\/escritorio-con-caballete-Glam-819x1024.jpg 819w, https:\/\/astideco.com\/blog\/wp-content\/uploads\/2020\/12\/escritorio-con-caballete-Glam-1200x1500.jpg 1200w, https:\/\/astideco.com\/blog\/wp-content\/uploads\/2020\/12\/escritorio-con-caballete-Glam-1229x1536.jpg 1229w, https:\/\/astideco.com\/blog\/wp-content\/uploads\/2020\/12\/escritorio-con-caballete-Glam-1638x2048.jpg 1638w\" data-sizes=\"auto\" data-orig-sizes=\"(max-width: 1200px) 100vw, 1200px\" \/><p id=\"caption-attachment-3194\" class=\"wp-caption-text\">@elemorlovedecor_blog<\/p><\/div>\n<h2><span>Regala libros<\/span><\/h2>\n<p><span>Todo lo que est\u00e9 unido al hecho de regalar nos encanta. Y una de las cosas que m\u00e1s se regalan en estas fechas son libros. Y claro nos juntamos con un mont\u00f3n y acaban acumul\u00e1ndose encima de la mesilla. Por eso cualquier esquinita es buena para montar una estanter\u00eda. Que no se te olvide que las esquinas tambi\u00e9n se visten.\u00a0 Y en Astigarraga Kit Line tenemos la mejor soluci\u00f3n: la <a href=\"https:\/\/astideco.com\/es\/estanterias-esquineras\"><span><strong>estanter\u00eda esquinera Gala<\/strong><\/span><\/a>. Admite muchas posiciones pero esta de <a href=\"https:\/\/www.instagram.com\/fruto_samore\/?hl=es\"><strong>@frutosamore<\/strong><\/a> es preciosa.<\/span><\/p>\n<div id=\"attachment_3193\" style=\"width: 1210px\" class=\"wp-caption aligncenter\"><img decoding=\"async\" aria-describedby=\"caption-attachment-3193\" class=\"lazyload wp-image-3193 size-fusion-1200\" src=\"https:\/\/astideco.com\/blog\/wp-content\/uploads\/2020\/12\/estanterias-Gala-regala-decoracion-1200x828.jpg\" data-orig-src=\"https:\/\/astideco.com\/blog\/wp-content\/uploads\/2020\/12\/estanterias-Gala-regala-decoracion-1200x828.jpg\" alt=\"regala decoracion\" width=\"1200\" height=\"828\" srcset=\"data:image\/svg+xml,%3Csvg%20xmlns%3D%27http%3A%2F%2Fwww.w3.org%2F2000%2Fsvg%27%20width%3D%271200%27%20height%3D%27828%27%20viewBox%3D%270%200%201200%20828%27%3E%3Crect%20width%3D%271200%27%20height%3D%27828%27%20fill-opacity%3D%220%22%2F%3E%3C%2Fsvg%3E\" data-srcset=\"https:\/\/astideco.com\/blog\/wp-content\/uploads\/2020\/12\/estanterias-Gala-regala-decoracion-200x138.jpg 200w, https:\/\/astideco.com\/blog\/wp-content\/uploads\/2020\/12\/estanterias-Gala-regala-decoracion-300x207.jpg 300w, https:\/\/astideco.com\/blog\/wp-content\/uploads\/2020\/12\/estanterias-Gala-regala-decoracion-400x276.jpg 400w, https:\/\/astideco.com\/blog\/wp-content\/uploads\/2020\/12\/estanterias-Gala-regala-decoracion-600x414.jpg 600w, https:\/\/astideco.com\/blog\/wp-content\/uploads\/2020\/12\/estanterias-Gala-regala-decoracion-768x530.jpg 768w, https:\/\/astideco.com\/blog\/wp-content\/uploads\/2020\/12\/estanterias-Gala-regala-decoracion-800x552.jpg 800w, https:\/\/astideco.com\/blog\/wp-content\/uploads\/2020\/12\/estanterias-Gala-regala-decoracion-1024x706.jpg 1024w, https:\/\/astideco.com\/blog\/wp-content\/uploads\/2020\/12\/estanterias-Gala-regala-decoracion-1200x828.jpg 1200w, https:\/\/astideco.com\/blog\/wp-content\/uploads\/2020\/12\/estanterias-Gala-regala-decoracion.jpg 1212w\" data-sizes=\"auto\" data-orig-sizes=\"(max-width: 1200px) 100vw, 1200px\" \/><p id=\"caption-attachment-3193\" class=\"wp-caption-text\">@fruto_samore<\/p><\/div>\n<p><span>Recuerda: estas navidades regala decoraci\u00f3n sostenible. O simplemente <strong>regala sostenible y responsable<\/strong>. Que estas fechas tan ligadas al consumismo desmesurado lleve consigo tambi\u00e9n una apuesta por esas <strong>marcas que tienen conciencia medioambiental<\/strong>.<\/span><\/p>\n<p><em><span>Gracias por dejarnos decorar vuestro hogar de manera sostenible.<\/span><\/em><\/p>\n","protected":false},"excerpt":{"rendered":"<p>Llega la \u00e9poca del a\u00f1o en la que nos rompemos la cabeza para sorprender a los que queremos. \u00bfQu\u00e9 le regalo? \u00a1Si tiene de todo! \u00a1No necesita nada! Son algunas de las cosas que nos decimos a nosotros mismos. La  [..]<\/p>\n","protected":false},"author":6,"featured_media":3196,"comment_status":"open","ping_status":"open","sticky":false,"template":"","format":"standard","meta":{"footnotes":""},"categories":[15],"tags":[],"class_list":["post-3189","post","type-post","status-publish","format-standard","has-post-thumbnail","hentry","category-producto"],"yoast_head":"<!-- This site is optimized with the Yoast SEO plugin v27.0 - https:\/\/yoast.com\/product\/yoast-seo-wordpress\/ -->\n<title>Regala decoraci\u00f3n sostenible - Astiblog<\/title>\n<meta name=\"description\" content=\"Son d\u00edas de consumo y est\u00e1 en nuestras manos disfrutar de una Navidad responsable. Por eso hoy os recomendados: \u00a1Regala decoraci\u00f3n sostenible!\" \/>\n<meta name=\"robots\" content=\"index, follow, max-snippet:-1, max-image-preview:large, max-video-preview:-1\" \/>\n<link rel=\"canonical\" href=\"https:\/\/astideco.com\/blog\/regala-decoracion-sostenible\/\" \/>\n<meta property=\"og:locale\" content=\"es_ES\" \/>\n<meta property=\"og:type\" content=\"article\" \/>\n<meta property=\"og:title\" content=\"Regala decoraci\u00f3n sostenible - Astiblog\" \/>\n<meta property=\"og:description\" content=\"Son d\u00edas de consumo y est\u00e1 en nuestras manos disfrutar de una Navidad responsable. Por eso hoy os recomendados: \u00a1Regala decoraci\u00f3n sostenible!\" \/>\n<meta property=\"og:url\" content=\"https:\/\/astideco.com\/blog\/regala-decoracion-sostenible\/\" \/>\n<meta property=\"og:site_name\" content=\"Astiblog\" \/>\n<meta property=\"article:published_time\" content=\"2020-12-14T09:59:27+00:00\" \/>\n<meta property=\"article:modified_time\" content=\"2021-04-20T15:35:51+00:00\" \/>\n<meta property=\"og:image\" content=\"https:\/\/astideco.com\/blog\/wp-content\/uploads\/2020\/12\/IMG-20201108-WA0014-1.jpg\" \/>\n\t<meta property=\"og:image:width\" content=\"1593\" \/>\n\t<meta property=\"og:image:height\" content=\"1194\" \/>\n\t<meta property=\"og:image:type\" content=\"image\/jpeg\" \/>\n<meta name=\"author\" content=\"Astigarraga Kit Line\" \/>\n<meta name=\"twitter:card\" content=\"summary_large_image\" \/>\n<meta name=\"twitter:label1\" content=\"Escrito por\" \/>\n\t<meta name=\"twitter:data1\" content=\"Astigarraga Kit Line\" \/>\n\t<meta name=\"twitter:label2\" content=\"Tiempo de lectura\" \/>\n\t<meta name=\"twitter:data2\" content=\"4 minutos\" \/>\n<script type=\"application\/ld+json\" class=\"yoast-schema-graph\">{\"@context\":\"https:\/\/schema.org\",\"@graph\":[{\"@type\":\"Article\",\"@id\":\"https:\/\/astideco.com\/blog\/regala-decoracion-sostenible\/#article\",\"isPartOf\":{\"@id\":\"https:\/\/astideco.com\/blog\/regala-decoracion-sostenible\/\"},\"author\":{\"name\":\"Astigarraga Kit Line\",\"@id\":\"https:\/\/astideco.com\/blog\/#\/schema\/person\/13fd236103c4c231352fb09b2b7ac5cf\"},\"headline\":\"Regala decoraci\u00f3n sostenible\",\"datePublished\":\"2020-12-14T09:59:27+00:00\",\"dateModified\":\"2021-04-20T15:35:51+00:00\",\"mainEntityOfPage\":{\"@id\":\"https:\/\/astideco.com\/blog\/regala-decoracion-sostenible\/\"},\"wordCount\":825,\"commentCount\":0,\"image\":{\"@id\":\"https:\/\/astideco.com\/blog\/regala-decoracion-sostenible\/#primaryimage\"},\"thumbnailUrl\":\"https:\/\/astideco.com\/blog\/wp-content\/uploads\/2020\/12\/IMG-20201108-WA0014-1.jpg\",\"articleSection\":[\"Producto\"],\"inLanguage\":\"es\",\"potentialAction\":[{\"@type\":\"CommentAction\",\"name\":\"Comment\",\"target\":[\"https:\/\/astideco.com\/blog\/regala-decoracion-sostenible\/#respond\"]}]},{\"@type\":\"WebPage\",\"@id\":\"https:\/\/astideco.com\/blog\/regala-decoracion-sostenible\/\",\"url\":\"https:\/\/astideco.com\/blog\/regala-decoracion-sostenible\/\",\"name\":\"Regala decoraci\u00f3n sostenible - Astiblog\",\"isPartOf\":{\"@id\":\"https:\/\/astideco.com\/blog\/#website\"},\"primaryImageOfPage\":{\"@id\":\"https:\/\/astideco.com\/blog\/regala-decoracion-sostenible\/#primaryimage\"},\"image\":{\"@id\":\"https:\/\/astideco.com\/blog\/regala-decoracion-sostenible\/#primaryimage\"},\"thumbnailUrl\":\"https:\/\/astideco.com\/blog\/wp-content\/uploads\/2020\/12\/IMG-20201108-WA0014-1.jpg\",\"datePublished\":\"2020-12-14T09:59:27+00:00\",\"dateModified\":\"2021-04-20T15:35:51+00:00\",\"author\":{\"@id\":\"https:\/\/astideco.com\/blog\/#\/schema\/person\/13fd236103c4c231352fb09b2b7ac5cf\"},\"description\":\"Son d\u00edas de consumo y est\u00e1 en nuestras manos disfrutar de una Navidad responsable. Por eso hoy os recomendados: \u00a1Regala decoraci\u00f3n sostenible!\",\"breadcrumb\":{\"@id\":\"https:\/\/astideco.com\/blog\/regala-decoracion-sostenible\/#breadcrumb\"},\"inLanguage\":\"es\",\"potentialAction\":[{\"@type\":\"ReadAction\",\"target\":[\"https:\/\/astideco.com\/blog\/regala-decoracion-sostenible\/\"]}]},{\"@type\":\"ImageObject\",\"inLanguage\":\"es\",\"@id\":\"https:\/\/astideco.com\/blog\/regala-decoracion-sostenible\/#primaryimage\",\"url\":\"https:\/\/astideco.com\/blog\/wp-content\/uploads\/2020\/12\/IMG-20201108-WA0014-1.jpg\",\"contentUrl\":\"https:\/\/astideco.com\/blog\/wp-content\/uploads\/2020\/12\/IMG-20201108-WA0014-1.jpg\",\"width\":1593,\"height\":1194},{\"@type\":\"BreadcrumbList\",\"@id\":\"https:\/\/astideco.com\/blog\/regala-decoracion-sostenible\/#breadcrumb\",\"itemListElement\":[{\"@type\":\"ListItem\",\"position\":1,\"name\":\"Portada\",\"item\":\"https:\/\/astideco.com\/blog\/\"},{\"@type\":\"ListItem\",\"position\":2,\"name\":\"Regala decoraci\u00f3n sostenible\"}]},{\"@type\":\"WebSite\",\"@id\":\"https:\/\/astideco.com\/blog\/#website\",\"url\":\"https:\/\/astideco.com\/blog\/\",\"name\":\"Astiblog\",\"description\":\"Blog de Astideco.com\",\"potentialAction\":[{\"@type\":\"SearchAction\",\"target\":{\"@type\":\"EntryPoint\",\"urlTemplate\":\"https:\/\/astideco.com\/blog\/?s={search_term_string}\"},\"query-input\":{\"@type\":\"PropertyValueSpecification\",\"valueRequired\":true,\"valueName\":\"search_term_string\"}}],\"inLanguage\":\"es\"},{\"@type\":\"Person\",\"@id\":\"https:\/\/astideco.com\/blog\/#\/schema\/person\/13fd236103c4c231352fb09b2b7ac5cf\",\"name\":\"Astigarraga Kit Line\"}]}<\/script>\n<!-- \/ Yoast SEO plugin. -->","yoast_head_json":{"title":"Regala decoraci\u00f3n sostenible - Astiblog","description":"Son d\u00edas de consumo y est\u00e1 en nuestras manos disfrutar de una Navidad responsable. Por eso hoy os recomendados: \u00a1Regala decoraci\u00f3n sostenible!","robots":{"index":"index","follow":"follow","max-snippet":"max-snippet:-1","max-image-preview":"max-image-preview:large","max-video-preview":"max-video-preview:-1"},"canonical":"https:\/\/astideco.com\/blog\/regala-decoracion-sostenible\/","og_locale":"es_ES","og_type":"article","og_title":"Regala decoraci\u00f3n sostenible - Astiblog","og_description":"Son d\u00edas de consumo y est\u00e1 en nuestras manos disfrutar de una Navidad responsable. Por eso hoy os recomendados: \u00a1Regala decoraci\u00f3n sostenible!","og_url":"https:\/\/astideco.com\/blog\/regala-decoracion-sostenible\/","og_site_name":"Astiblog","article_published_time":"2020-12-14T09:59:27+00:00","article_modified_time":"2021-04-20T15:35:51+00:00","og_image":[{"width":1593,"height":1194,"url":"https:\/\/astideco.com\/blog\/wp-content\/uploads\/2020\/12\/IMG-20201108-WA0014-1.jpg","type":"image\/jpeg"}],"author":"Astigarraga Kit Line","twitter_card":"summary_large_image","twitter_misc":{"Escrito por":"Astigarraga Kit Line","Tiempo de lectura":"4 minutos"},"schema":{"@context":"https:\/\/schema.org","@graph":[{"@type":"Article","@id":"https:\/\/astideco.com\/blog\/regala-decoracion-sostenible\/#article","isPartOf":{"@id":"https:\/\/astideco.com\/blog\/regala-decoracion-sostenible\/"},"author":{"name":"Astigarraga Kit Line","@id":"https:\/\/astideco.com\/blog\/#\/schema\/person\/13fd236103c4c231352fb09b2b7ac5cf"},"headline":"Regala decoraci\u00f3n sostenible","datePublished":"2020-12-14T09:59:27+00:00","dateModified":"2021-04-20T15:35:51+00:00","mainEntityOfPage":{"@id":"https:\/\/astideco.com\/blog\/regala-decoracion-sostenible\/"},"wordCount":825,"commentCount":0,"image":{"@id":"https:\/\/astideco.com\/blog\/regala-decoracion-sostenible\/#primaryimage"},"thumbnailUrl":"https:\/\/astideco.com\/blog\/wp-content\/uploads\/2020\/12\/IMG-20201108-WA0014-1.jpg","articleSection":["Producto"],"inLanguage":"es","potentialAction":[{"@type":"CommentAction","name":"Comment","target":["https:\/\/astideco.com\/blog\/regala-decoracion-sostenible\/#respond"]}]},{"@type":"WebPage","@id":"https:\/\/astideco.com\/blog\/regala-decoracion-sostenible\/","url":"https:\/\/astideco.com\/blog\/regala-decoracion-sostenible\/","name":"Regala decoraci\u00f3n sostenible - Astiblog","isPartOf":{"@id":"https:\/\/astideco.com\/blog\/#website"},"primaryImageOfPage":{"@id":"https:\/\/astideco.com\/blog\/regala-decoracion-sostenible\/#primaryimage"},"image":{"@id":"https:\/\/astideco.com\/blog\/regala-decoracion-sostenible\/#primaryimage"},"thumbnailUrl":"https:\/\/astideco.com\/blog\/wp-content\/uploads\/2020\/12\/IMG-20201108-WA0014-1.jpg","datePublished":"2020-12-14T09:59:27+00:00","dateModified":"2021-04-20T15:35:51+00:00","author":{"@id":"https:\/\/astideco.com\/blog\/#\/schema\/person\/13fd236103c4c231352fb09b2b7ac5cf"},"description":"Son d\u00edas de consumo y est\u00e1 en nuestras manos disfrutar de una Navidad responsable. Por eso hoy os recomendados: \u00a1Regala decoraci\u00f3n sostenible!","breadcrumb":{"@id":"https:\/\/astideco.com\/blog\/regala-decoracion-sostenible\/#breadcrumb"},"inLanguage":"es","potentialAction":[{"@type":"ReadAction","target":["https:\/\/astideco.com\/blog\/regala-decoracion-sostenible\/"]}]},{"@type":"ImageObject","inLanguage":"es","@id":"https:\/\/astideco.com\/blog\/regala-decoracion-sostenible\/#primaryimage","url":"https:\/\/astideco.com\/blog\/wp-content\/uploads\/2020\/12\/IMG-20201108-WA0014-1.jpg","contentUrl":"https:\/\/astideco.com\/blog\/wp-content\/uploads\/2020\/12\/IMG-20201108-WA0014-1.jpg","width":1593,"height":1194},{"@type":"BreadcrumbList","@id":"https:\/\/astideco.com\/blog\/regala-decoracion-sostenible\/#breadcrumb","itemListElement":[{"@type":"ListItem","position":1,"name":"Portada","item":"https:\/\/astideco.com\/blog\/"},{"@type":"ListItem","position":2,"name":"Regala decoraci\u00f3n sostenible"}]},{"@type":"WebSite","@id":"https:\/\/astideco.com\/blog\/#website","url":"https:\/\/astideco.com\/blog\/","name":"Astiblog","description":"Blog de Astideco.com","potentialAction":[{"@type":"SearchAction","target":{"@type":"EntryPoint","urlTemplate":"https:\/\/astideco.com\/blog\/?s={search_term_string}"},"query-input":{"@type":"PropertyValueSpecification","valueRequired":true,"valueName":"search_term_string"}}],"inLanguage":"es"},{"@type":"Person","@id":"https:\/\/astideco.com\/blog\/#\/schema\/person\/13fd236103c4c231352fb09b2b7ac5cf","name":"Astigarraga Kit Line"}]}},"_links":{"self":[{"href":"https:\/\/astideco.com\/blog\/wp-json\/wp\/v2\/posts\/3189","targetHints":{"allow":["GET"]}}],"collection":[{"href":"https:\/\/astideco.com\/blog\/wp-json\/wp\/v2\/posts"}],"about":[{"href":"https:\/\/astideco.com\/blog\/wp-json\/wp\/v2\/types\/post"}],"author":[{"embeddable":true,"href":"https:\/\/astideco.com\/blog\/wp-json\/wp\/v2\/users\/6"}],"replies":[{"embeddable":true,"href":"https:\/\/astideco.com\/blog\/wp-json\/wp\/v2\/comments?post=3189"}],"version-history":[{"count":1,"href":"https:\/\/astideco.com\/blog\/wp-json\/wp\/v2\/posts\/3189\/revisions"}],"predecessor-version":[{"id":3195,"href":"https:\/\/astideco.com\/blog\/wp-json\/wp\/v2\/posts\/3189\/revisions\/3195"}],"wp:featuredmedia":[{"embeddable":true,"href":"https:\/\/astideco.com\/blog\/wp-json\/wp\/v2\/media\/3196"}],"wp:attachment":[{"href":"https:\/\/astideco.com\/blog\/wp-json\/wp\/v2\/media?parent=3189"}],"wp:term":[{"taxonomy":"category","embeddable":true,"href":"https:\/\/astideco.com\/blog\/wp-json\/wp\/v2\/categories?post=3189"},{"taxonomy":"post_tag","embeddable":true,"href":"https:\/\/astideco.com\/blog\/wp-json\/wp\/v2\/tags?post=3189"}],"curies":[{"name":"wp","href":"https:\/\/api.w.org\/{rel}","templated":true}]}}