{"id":3165,"date":"2020-12-07T17:52:00","date_gmt":"2020-12-07T17:52:00","guid":{"rendered":"https:\/\/astideco.com\/blog\/?p=3165"},"modified":"2021-04-20T15:36:54","modified_gmt":"2021-04-20T15:36:54","slug":"antes-y-despues-una-nueva-vida-para-un-garaje-caotico","status":"publish","type":"post","link":"https:\/\/astideco.com\/blog\/antes-y-despues-una-nueva-vida-para-un-garaje-caotico\/","title":{"rendered":"Antes y despu\u00e9s: una nueva vida para un garaje"},"content":{"rendered":"<p><span>Los garajes son esos espacios que siempre descuidamos. Mal hecho porque son lugares a los que con un poco de ganas y abandonando la pereza podemos sacarles mucho juego. Son mucho m\u00e1s que simples habit\u00e1culos donde guardar el coche. Y es que pueden ser otra estancia m\u00e1s de la casa donde se aunen la est\u00e9tica y la practicidad. Por eso si est\u00e1s pensando en lavar la cara de tu garaje no te pierdas nuestro post de hoy; <strong>Antes y despu\u00e9s: una nueva vida para un garaje.<\/strong><\/span><\/p>\n<p><span>\u00a1Lo que nos gustan los antes y despu\u00e9s! Es como enfrentarte a un folio en blanco y tener que empezar desde cero. Al principio da v\u00e9rtigo, pero poco a poco todo va fluyendo. Muchas veces os decimos que desde <a href=\"https:\/\/astideco.com\/es\/\"><span><strong>Astigarraga Kit Line<\/strong><\/span><\/a> os ponemos los medios -en este caso, los muebles- y vosotros siempre nos sorprend\u00e9is con vuestra creatividad y los cambios espectaculares. Es lo que nos ha pasado con Carmen de <a href=\"https:\/\/www.instagram.com\/p\/CGDS9PJF9-6\/?utm_source=ig_web_copy_link\"><span><strong>@garlic.and.co<\/strong><\/span><\/a>. Igual que a nosotros, a vosotros os va a sorprender lo que se puede hacer sin olvidarse de la est\u00e9tica.<\/span><\/p>\n<p><span>Comenzamos por el antes\u2026<\/span><\/p>\n<p><img decoding=\"async\" class=\"lazyload aligncenter wp-image-3173\" src=\"https:\/\/astideco.com\/blog\/wp-content\/uploads\/2020\/11\/antes-y-despues-garaje-2-293x300.jpg\" data-orig-src=\"https:\/\/astideco.com\/blog\/wp-content\/uploads\/2020\/11\/antes-y-despues-garaje-2-293x300.jpg\" alt=\"antes y despu\u00e9s garaje\" width=\"1200\" height=\"1230\" srcset=\"data:image\/svg+xml,%3Csvg%20xmlns%3D%27http%3A%2F%2Fwww.w3.org%2F2000%2Fsvg%27%20width%3D%271200%27%20height%3D%271230%27%20viewBox%3D%270%200%201200%201230%27%3E%3Crect%20width%3D%271200%27%20height%3D%271230%27%20fill-opacity%3D%220%22%2F%3E%3C%2Fsvg%3E\" data-srcset=\"https:\/\/astideco.com\/blog\/wp-content\/uploads\/2020\/11\/antes-y-despues-garaje-2-200x205.jpg 200w, https:\/\/astideco.com\/blog\/wp-content\/uploads\/2020\/11\/antes-y-despues-garaje-2-293x300.jpg 293w, https:\/\/astideco.com\/blog\/wp-content\/uploads\/2020\/11\/antes-y-despues-garaje-2-400x410.jpg 400w, https:\/\/astideco.com\/blog\/wp-content\/uploads\/2020\/11\/antes-y-despues-garaje-2-600x615.jpg 600w, https:\/\/astideco.com\/blog\/wp-content\/uploads\/2020\/11\/antes-y-despues-garaje-2.jpg 768w\" data-sizes=\"auto\" data-orig-sizes=\"(max-width: 1200px) 100vw, 1200px\" \/><\/p>\n<p><span>S\u00ed, que levante la mano quien tenga un garaje parecido, una especie de caj\u00f3n desastre donde todo tiene cabida. En el caso de Carmen <em>\u201c<\/em><\/span><em><span>ba\u0301sicamente lo utiliza\u0301bamos como si fuese un trastero. Tras la mudanza lo que no corri\u0301a prisa o no teni\u0301amos muy claro do\u0301nde meter, ahi\u0301 que iba, y al final se convirtio\u0301 en un sitio en el que no te apetece entrar\u201d.\u00a0<\/span><\/em><\/p>\n<p><span><em>\u201cEl color del suelo y su estado tampoco era para tirar cohetes, asi\u0301 que decidimos ponernos las pilas con aquello de menos es ma\u0301s. Lo primero fue pintar el suelo, de un color ma\u0301s agradable y que fuese ma\u0301s con el resto de la casa. Despu\u00e9s ten\u00edamos claro que queri\u0301amos una zona de herramientas con una mesa para trabajar en ella, y almacenaje, dimos con la solucio\u0301n, los muebles de Astigarraga Kit Line que\u0301 son su\u0301per pra\u0301cticos y muy versa\u0301tiles\u201d<\/em>, explica la autora de la cuenta de Instagram @garlicandco. El resultado final es un <strong>garaje bien dise\u00f1ado y organizado con espacio de almacenaje<\/strong>.<\/span><\/p>\n<p><img decoding=\"async\" class=\"lazyload aligncenter wp-image-3169\" src=\"https:\/\/astideco.com\/blog\/wp-content\/uploads\/2020\/11\/antes-y-despues-decorar-un-garaje-300x225.jpeg\" data-orig-src=\"https:\/\/astideco.com\/blog\/wp-content\/uploads\/2020\/11\/antes-y-despues-decorar-un-garaje-300x225.jpeg\" alt=\"decorar un garaje\" width=\"1200\" height=\"900\" srcset=\"data:image\/svg+xml,%3Csvg%20xmlns%3D%27http%3A%2F%2Fwww.w3.org%2F2000%2Fsvg%27%20width%3D%271200%27%20height%3D%27900%27%20viewBox%3D%270%200%201200%20900%27%3E%3Crect%20width%3D%271200%27%20height%3D%27900%27%20fill-opacity%3D%220%22%2F%3E%3C%2Fsvg%3E\" data-srcset=\"https:\/\/astideco.com\/blog\/wp-content\/uploads\/2020\/11\/antes-y-despues-decorar-un-garaje-200x150.jpeg 200w, https:\/\/astideco.com\/blog\/wp-content\/uploads\/2020\/11\/antes-y-despues-decorar-un-garaje-300x225.jpeg 300w, https:\/\/astideco.com\/blog\/wp-content\/uploads\/2020\/11\/antes-y-despues-decorar-un-garaje-400x300.jpeg 400w, https:\/\/astideco.com\/blog\/wp-content\/uploads\/2020\/11\/antes-y-despues-decorar-un-garaje-600x450.jpeg 600w, https:\/\/astideco.com\/blog\/wp-content\/uploads\/2020\/11\/antes-y-despues-decorar-un-garaje.jpeg 640w\" data-sizes=\"auto\" data-orig-sizes=\"(max-width: 1200px) 100vw, 1200px\" \/><\/p>\n<p><span>\u00bfQu\u00e9 os parece el resultado? Carmen y su familia han pasado de tener <em>\u201cun popurr\u00ed de muebles sin coherencia donde no encontr\u00e1bamos muchas de las cosas que necesit\u00e1bamos tener a mano\u201d<\/em> a disfrutar de un espacio agradable y ordenado donde ahora asegura <em>\u201cs\u00ed me apetece entrar, podar trabajar en \u00e9l porque no solo nos limitamos a guardar el coche sino que arreglamos cosas, cortamos madera, pintamos\u2026\u201d<\/em><\/span><em><span>.\u00a0\u00a0<\/span><\/em><\/p>\n<p><img decoding=\"async\" class=\"lazyload aligncenter wp-image-3170\" src=\"https:\/\/astideco.com\/blog\/wp-content\/uploads\/2020\/11\/decorar-un-garaje-con-madera-300x225.jpeg\" data-orig-src=\"https:\/\/astideco.com\/blog\/wp-content\/uploads\/2020\/11\/decorar-un-garaje-con-madera-300x225.jpeg\" alt=\"decorar un garaje\" width=\"1200\" height=\"900\" srcset=\"data:image\/svg+xml,%3Csvg%20xmlns%3D%27http%3A%2F%2Fwww.w3.org%2F2000%2Fsvg%27%20width%3D%271200%27%20height%3D%27900%27%20viewBox%3D%270%200%201200%20900%27%3E%3Crect%20width%3D%271200%27%20height%3D%27900%27%20fill-opacity%3D%220%22%2F%3E%3C%2Fsvg%3E\" data-srcset=\"https:\/\/astideco.com\/blog\/wp-content\/uploads\/2020\/11\/decorar-un-garaje-con-madera-200x150.jpeg 200w, https:\/\/astideco.com\/blog\/wp-content\/uploads\/2020\/11\/decorar-un-garaje-con-madera-300x225.jpeg 300w, https:\/\/astideco.com\/blog\/wp-content\/uploads\/2020\/11\/decorar-un-garaje-con-madera-400x300.jpeg 400w, https:\/\/astideco.com\/blog\/wp-content\/uploads\/2020\/11\/decorar-un-garaje-con-madera-600x450.jpeg 600w, https:\/\/astideco.com\/blog\/wp-content\/uploads\/2020\/11\/decorar-un-garaje-con-madera.jpeg 640w\" data-sizes=\"auto\" data-orig-sizes=\"(max-width: 1200px) 100vw, 1200px\" \/><\/p>\n<p><span>Carmen necesitaba buscar una soluci\u00f3n pr\u00e1ctica, donde almacenar herramientas y si a la vez consegu\u00eda que fuese bonito a la vista, mejor que mejor. En la pared ha colocado nuestro <span><a href=\"https:\/\/astideco.com\/es\/panel-organizador\"><strong>organizador de pared Tetris<\/strong><\/a><\/span>, dos murales sobre los que ha colocado algunas herramientas y una <span><a href=\"https:\/\/astideco.com\/es\/cajoneras\"><strong>mini cajonera<\/strong><\/a><\/span> para guardar los objetos m\u00e1s peque\u00f1os. En la parte inferior una mesa con un <a href=\"https:\/\/astideco.com\/es\/tableros-de-madera\/tablero-pino-140x70x35\"><span><strong>tablero de 1\u201940&#215;70 cm y 3,5cm de grosor<\/strong><\/span><\/a>, unos caballetes y las <a href=\"https:\/\/astideco.com\/es\/cajoneras\/cajonera-natura-de-madera-de-4-cajones-39x375x30cm\"><span><strong>cajoneras de la serie Natura<\/strong><\/span><\/a>.<\/span><\/p>\n<p><span>Carmen destaca de su nuevo garaje <em>\u201clo agradable que ha quedado visualmente\u201d<\/em>, adem\u00e1s de la organizaci\u00f3n lograda: <em>\u201cAhora encontramos todo m\u00e1s f\u00e1cilmente por las soluciones de almacenaje. Adem\u00e1s parece incluso m\u00e1s amplio\u201d<\/em>. Parte de esas soluciones pr\u00e1cticas son las <span><a href=\"https:\/\/astideco.com\/es\/cajas-modulares\/evolution-caja-apilable\"><strong>cajas apilables de la serie Evolution<\/strong><\/a><\/span> y el <a href=\"https:\/\/astideco.com\/es\/muebles-de-almacenaje\/estanteria-modular-2-puertas-horizontal\"><span><strong>armario Dinamic de dos puertas<\/strong><\/span><\/a>.<\/span><\/p>\n<p><img decoding=\"async\" class=\"lazyload aligncenter wp-image-3178\" src=\"https:\/\/astideco.com\/blog\/wp-content\/uploads\/2020\/11\/antes-y-despues-garaje-1-300x198.jpg\" data-orig-src=\"https:\/\/astideco.com\/blog\/wp-content\/uploads\/2020\/11\/antes-y-despues-garaje-1-300x198.jpg\" alt=\"\" width=\"1200\" height=\"794\" srcset=\"data:image\/svg+xml,%3Csvg%20xmlns%3D%27http%3A%2F%2Fwww.w3.org%2F2000%2Fsvg%27%20width%3D%271200%27%20height%3D%27794%27%20viewBox%3D%270%200%201200%20794%27%3E%3Crect%20width%3D%271200%27%20height%3D%27794%27%20fill-opacity%3D%220%22%2F%3E%3C%2Fsvg%3E\" data-srcset=\"https:\/\/astideco.com\/blog\/wp-content\/uploads\/2020\/11\/antes-y-despues-garaje-1-200x132.jpg 200w, https:\/\/astideco.com\/blog\/wp-content\/uploads\/2020\/11\/antes-y-despues-garaje-1-300x198.jpg 300w, https:\/\/astideco.com\/blog\/wp-content\/uploads\/2020\/11\/antes-y-despues-garaje-1-400x265.jpg 400w, https:\/\/astideco.com\/blog\/wp-content\/uploads\/2020\/11\/antes-y-despues-garaje-1-600x397.jpg 600w, https:\/\/astideco.com\/blog\/wp-content\/uploads\/2020\/11\/antes-y-despues-garaje-1-768x508.jpg 768w, https:\/\/astideco.com\/blog\/wp-content\/uploads\/2020\/11\/antes-y-despues-garaje-1-800x529.jpg 800w, https:\/\/astideco.com\/blog\/wp-content\/uploads\/2020\/11\/antes-y-despues-garaje-1.jpg 966w\" data-sizes=\"auto\" data-orig-sizes=\"(max-width: 1200px) 100vw, 1200px\" \/><\/p>\n<p><span>La verdad que no nos aburrimos de ver este espacio de trabajo tan bonito, pr\u00e1ctico y organizado, \u00a1Claro que un garaje puede ser una estancia digna de ense\u00f1ar! <em>\u201cEl garaje no deja de ser una zona normalmente fr\u00eda, tanto en temperatura como visualmente. Quer\u00edamos que el espacio estuviese integrado con el resto de la casa. En este sentido, la madera le ha aportado calidez, es muy vers\u00e1til y siempre se puede pintar o barnizar de otro color en el caso de que a futuro queramos darle otro aire\u201d<\/em>, explica Carmen.<\/span><\/p>\n<p><span>Dejadnos en los comentarios lo que os parece este antes y despu\u00e9s. <em>Gracias por dejarnos decorar vuestro hogar de manera sostenible.<\/em><\/span><\/p>\n<p>&nbsp;<\/p>\n","protected":false},"excerpt":{"rendered":"<p>Los garajes son esos espacios que siempre descuidamos. Mal hecho porque son lugares a los que con un poco de ganas y abandonando la pereza podemos sacarles mucho juego. Son mucho m\u00e1s que simples habit\u00e1culos donde guardar el coche. Y  [..]<\/p>\n","protected":false},"author":6,"featured_media":3176,"comment_status":"open","ping_status":"open","sticky":false,"template":"","format":"standard","meta":{"footnotes":""},"categories":[15],"tags":[62,60,332,345,243,414,510,416],"class_list":["post-3165","post","type-post","status-publish","format-standard","has-post-thumbnail","hentry","category-producto","tag-astigarraga-kit-line","tag-astikitline","tag-caballetes","tag-cajas-de-madera","tag-cajoneras","tag-garaje","tag-mesa-de-trabajo","tag-orden"],"yoast_head":"<!-- This site is optimized with the Yoast SEO plugin v27.0 - https:\/\/yoast.com\/product\/yoast-seo-wordpress\/ -->\n<title>Antes y despu\u00e9s: una nueva vida para un garaje ca\u00f3tico<\/title>\n<meta name=\"description\" content=\"Los garajes son esos espacios que solemos descuidarlos. Pero hoy os traemos un antes y despu\u00e9s... Una nueva vida para un garaje ca\u00f3tico.\" \/>\n<meta name=\"robots\" content=\"index, follow, max-snippet:-1, max-image-preview:large, max-video-preview:-1\" \/>\n<link rel=\"canonical\" href=\"https:\/\/astideco.com\/blog\/antes-y-despues-una-nueva-vida-para-un-garaje-caotico\/\" \/>\n<meta property=\"og:locale\" content=\"es_ES\" \/>\n<meta property=\"og:type\" content=\"article\" \/>\n<meta property=\"og:title\" content=\"Antes y despu\u00e9s: una nueva vida para un garaje ca\u00f3tico\" \/>\n<meta property=\"og:description\" content=\"Los garajes son esos espacios que solemos descuidarlos. Pero hoy os traemos un antes y despu\u00e9s... Una nueva vida para un garaje ca\u00f3tico.\" \/>\n<meta property=\"og:url\" content=\"https:\/\/astideco.com\/blog\/antes-y-despues-una-nueva-vida-para-un-garaje-caotico\/\" \/>\n<meta property=\"og:site_name\" content=\"Astiblog\" \/>\n<meta property=\"article:published_time\" content=\"2020-12-07T17:52:00+00:00\" \/>\n<meta property=\"article:modified_time\" content=\"2021-04-20T15:36:54+00:00\" \/>\n<meta property=\"og:image\" content=\"https:\/\/astideco.com\/blog\/wp-content\/uploads\/2020\/11\/image4.jpeg\" \/>\n\t<meta property=\"og:image:width\" content=\"640\" \/>\n\t<meta property=\"og:image:height\" content=\"480\" \/>\n\t<meta property=\"og:image:type\" content=\"image\/jpeg\" \/>\n<meta name=\"author\" content=\"Astigarraga Kit Line\" \/>\n<meta name=\"twitter:card\" content=\"summary_large_image\" \/>\n<meta name=\"twitter:label1\" content=\"Escrito por\" \/>\n\t<meta name=\"twitter:data1\" content=\"Astigarraga Kit Line\" \/>\n\t<meta name=\"twitter:label2\" content=\"Tiempo de lectura\" \/>\n\t<meta name=\"twitter:data2\" content=\"4 minutos\" \/>\n<script type=\"application\/ld+json\" class=\"yoast-schema-graph\">{\"@context\":\"https:\/\/schema.org\",\"@graph\":[{\"@type\":\"Article\",\"@id\":\"https:\/\/astideco.com\/blog\/antes-y-despues-una-nueva-vida-para-un-garaje-caotico\/#article\",\"isPartOf\":{\"@id\":\"https:\/\/astideco.com\/blog\/antes-y-despues-una-nueva-vida-para-un-garaje-caotico\/\"},\"author\":{\"name\":\"Astigarraga Kit Line\",\"@id\":\"https:\/\/astideco.com\/blog\/#\/schema\/person\/13fd236103c4c231352fb09b2b7ac5cf\"},\"headline\":\"Antes y despu\u00e9s: una nueva vida para un garaje\",\"datePublished\":\"2020-12-07T17:52:00+00:00\",\"dateModified\":\"2021-04-20T15:36:54+00:00\",\"mainEntityOfPage\":{\"@id\":\"https:\/\/astideco.com\/blog\/antes-y-despues-una-nueva-vida-para-un-garaje-caotico\/\"},\"wordCount\":718,\"commentCount\":0,\"image\":{\"@id\":\"https:\/\/astideco.com\/blog\/antes-y-despues-una-nueva-vida-para-un-garaje-caotico\/#primaryimage\"},\"thumbnailUrl\":\"https:\/\/astideco.com\/blog\/wp-content\/uploads\/2020\/11\/image4.jpeg\",\"keywords\":[\"astigarraga kit line\",\"astikitline\",\"caballetes\",\"cajas de madera\",\"cajoneras\",\"garaje\",\"mesa de trabajo\",\"orden\"],\"articleSection\":[\"Producto\"],\"inLanguage\":\"es\",\"potentialAction\":[{\"@type\":\"CommentAction\",\"name\":\"Comment\",\"target\":[\"https:\/\/astideco.com\/blog\/antes-y-despues-una-nueva-vida-para-un-garaje-caotico\/#respond\"]}]},{\"@type\":\"WebPage\",\"@id\":\"https:\/\/astideco.com\/blog\/antes-y-despues-una-nueva-vida-para-un-garaje-caotico\/\",\"url\":\"https:\/\/astideco.com\/blog\/antes-y-despues-una-nueva-vida-para-un-garaje-caotico\/\",\"name\":\"Antes y despu\u00e9s: una nueva vida para un garaje ca\u00f3tico\",\"isPartOf\":{\"@id\":\"https:\/\/astideco.com\/blog\/#website\"},\"primaryImageOfPage\":{\"@id\":\"https:\/\/astideco.com\/blog\/antes-y-despues-una-nueva-vida-para-un-garaje-caotico\/#primaryimage\"},\"image\":{\"@id\":\"https:\/\/astideco.com\/blog\/antes-y-despues-una-nueva-vida-para-un-garaje-caotico\/#primaryimage\"},\"thumbnailUrl\":\"https:\/\/astideco.com\/blog\/wp-content\/uploads\/2020\/11\/image4.jpeg\",\"datePublished\":\"2020-12-07T17:52:00+00:00\",\"dateModified\":\"2021-04-20T15:36:54+00:00\",\"author\":{\"@id\":\"https:\/\/astideco.com\/blog\/#\/schema\/person\/13fd236103c4c231352fb09b2b7ac5cf\"},\"description\":\"Los garajes son esos espacios que solemos descuidarlos. Pero hoy os traemos un antes y despu\u00e9s... Una nueva vida para un garaje ca\u00f3tico.\",\"breadcrumb\":{\"@id\":\"https:\/\/astideco.com\/blog\/antes-y-despues-una-nueva-vida-para-un-garaje-caotico\/#breadcrumb\"},\"inLanguage\":\"es\",\"potentialAction\":[{\"@type\":\"ReadAction\",\"target\":[\"https:\/\/astideco.com\/blog\/antes-y-despues-una-nueva-vida-para-un-garaje-caotico\/\"]}]},{\"@type\":\"ImageObject\",\"inLanguage\":\"es\",\"@id\":\"https:\/\/astideco.com\/blog\/antes-y-despues-una-nueva-vida-para-un-garaje-caotico\/#primaryimage\",\"url\":\"https:\/\/astideco.com\/blog\/wp-content\/uploads\/2020\/11\/image4.jpeg\",\"contentUrl\":\"https:\/\/astideco.com\/blog\/wp-content\/uploads\/2020\/11\/image4.jpeg\",\"width\":640,\"height\":480},{\"@type\":\"BreadcrumbList\",\"@id\":\"https:\/\/astideco.com\/blog\/antes-y-despues-una-nueva-vida-para-un-garaje-caotico\/#breadcrumb\",\"itemListElement\":[{\"@type\":\"ListItem\",\"position\":1,\"name\":\"Portada\",\"item\":\"https:\/\/astideco.com\/blog\/\"},{\"@type\":\"ListItem\",\"position\":2,\"name\":\"Antes y despu\u00e9s: una nueva vida para un garaje\"}]},{\"@type\":\"WebSite\",\"@id\":\"https:\/\/astideco.com\/blog\/#website\",\"url\":\"https:\/\/astideco.com\/blog\/\",\"name\":\"Astiblog\",\"description\":\"Blog de Astideco.com\",\"potentialAction\":[{\"@type\":\"SearchAction\",\"target\":{\"@type\":\"EntryPoint\",\"urlTemplate\":\"https:\/\/astideco.com\/blog\/?s={search_term_string}\"},\"query-input\":{\"@type\":\"PropertyValueSpecification\",\"valueRequired\":true,\"valueName\":\"search_term_string\"}}],\"inLanguage\":\"es\"},{\"@type\":\"Person\",\"@id\":\"https:\/\/astideco.com\/blog\/#\/schema\/person\/13fd236103c4c231352fb09b2b7ac5cf\",\"name\":\"Astigarraga Kit Line\"}]}<\/script>\n<!-- \/ Yoast SEO plugin. -->","yoast_head_json":{"title":"Antes y despu\u00e9s: una nueva vida para un garaje ca\u00f3tico","description":"Los garajes son esos espacios que solemos descuidarlos. Pero hoy os traemos un antes y despu\u00e9s... Una nueva vida para un garaje ca\u00f3tico.","robots":{"index":"index","follow":"follow","max-snippet":"max-snippet:-1","max-image-preview":"max-image-preview:large","max-video-preview":"max-video-preview:-1"},"canonical":"https:\/\/astideco.com\/blog\/antes-y-despues-una-nueva-vida-para-un-garaje-caotico\/","og_locale":"es_ES","og_type":"article","og_title":"Antes y despu\u00e9s: una nueva vida para un garaje ca\u00f3tico","og_description":"Los garajes son esos espacios que solemos descuidarlos. Pero hoy os traemos un antes y despu\u00e9s... Una nueva vida para un garaje ca\u00f3tico.","og_url":"https:\/\/astideco.com\/blog\/antes-y-despues-una-nueva-vida-para-un-garaje-caotico\/","og_site_name":"Astiblog","article_published_time":"2020-12-07T17:52:00+00:00","article_modified_time":"2021-04-20T15:36:54+00:00","og_image":[{"width":640,"height":480,"url":"https:\/\/astideco.com\/blog\/wp-content\/uploads\/2020\/11\/image4.jpeg","type":"image\/jpeg"}],"author":"Astigarraga Kit Line","twitter_card":"summary_large_image","twitter_misc":{"Escrito por":"Astigarraga Kit Line","Tiempo de lectura":"4 minutos"},"schema":{"@context":"https:\/\/schema.org","@graph":[{"@type":"Article","@id":"https:\/\/astideco.com\/blog\/antes-y-despues-una-nueva-vida-para-un-garaje-caotico\/#article","isPartOf":{"@id":"https:\/\/astideco.com\/blog\/antes-y-despues-una-nueva-vida-para-un-garaje-caotico\/"},"author":{"name":"Astigarraga Kit Line","@id":"https:\/\/astideco.com\/blog\/#\/schema\/person\/13fd236103c4c231352fb09b2b7ac5cf"},"headline":"Antes y despu\u00e9s: una nueva vida para un garaje","datePublished":"2020-12-07T17:52:00+00:00","dateModified":"2021-04-20T15:36:54+00:00","mainEntityOfPage":{"@id":"https:\/\/astideco.com\/blog\/antes-y-despues-una-nueva-vida-para-un-garaje-caotico\/"},"wordCount":718,"commentCount":0,"image":{"@id":"https:\/\/astideco.com\/blog\/antes-y-despues-una-nueva-vida-para-un-garaje-caotico\/#primaryimage"},"thumbnailUrl":"https:\/\/astideco.com\/blog\/wp-content\/uploads\/2020\/11\/image4.jpeg","keywords":["astigarraga kit line","astikitline","caballetes","cajas de madera","cajoneras","garaje","mesa de trabajo","orden"],"articleSection":["Producto"],"inLanguage":"es","potentialAction":[{"@type":"CommentAction","name":"Comment","target":["https:\/\/astideco.com\/blog\/antes-y-despues-una-nueva-vida-para-un-garaje-caotico\/#respond"]}]},{"@type":"WebPage","@id":"https:\/\/astideco.com\/blog\/antes-y-despues-una-nueva-vida-para-un-garaje-caotico\/","url":"https:\/\/astideco.com\/blog\/antes-y-despues-una-nueva-vida-para-un-garaje-caotico\/","name":"Antes y despu\u00e9s: una nueva vida para un garaje ca\u00f3tico","isPartOf":{"@id":"https:\/\/astideco.com\/blog\/#website"},"primaryImageOfPage":{"@id":"https:\/\/astideco.com\/blog\/antes-y-despues-una-nueva-vida-para-un-garaje-caotico\/#primaryimage"},"image":{"@id":"https:\/\/astideco.com\/blog\/antes-y-despues-una-nueva-vida-para-un-garaje-caotico\/#primaryimage"},"thumbnailUrl":"https:\/\/astideco.com\/blog\/wp-content\/uploads\/2020\/11\/image4.jpeg","datePublished":"2020-12-07T17:52:00+00:00","dateModified":"2021-04-20T15:36:54+00:00","author":{"@id":"https:\/\/astideco.com\/blog\/#\/schema\/person\/13fd236103c4c231352fb09b2b7ac5cf"},"description":"Los garajes son esos espacios que solemos descuidarlos. Pero hoy os traemos un antes y despu\u00e9s... Una nueva vida para un garaje ca\u00f3tico.","breadcrumb":{"@id":"https:\/\/astideco.com\/blog\/antes-y-despues-una-nueva-vida-para-un-garaje-caotico\/#breadcrumb"},"inLanguage":"es","potentialAction":[{"@type":"ReadAction","target":["https:\/\/astideco.com\/blog\/antes-y-despues-una-nueva-vida-para-un-garaje-caotico\/"]}]},{"@type":"ImageObject","inLanguage":"es","@id":"https:\/\/astideco.com\/blog\/antes-y-despues-una-nueva-vida-para-un-garaje-caotico\/#primaryimage","url":"https:\/\/astideco.com\/blog\/wp-content\/uploads\/2020\/11\/image4.jpeg","contentUrl":"https:\/\/astideco.com\/blog\/wp-content\/uploads\/2020\/11\/image4.jpeg","width":640,"height":480},{"@type":"BreadcrumbList","@id":"https:\/\/astideco.com\/blog\/antes-y-despues-una-nueva-vida-para-un-garaje-caotico\/#breadcrumb","itemListElement":[{"@type":"ListItem","position":1,"name":"Portada","item":"https:\/\/astideco.com\/blog\/"},{"@type":"ListItem","position":2,"name":"Antes y despu\u00e9s: una nueva vida para un garaje"}]},{"@type":"WebSite","@id":"https:\/\/astideco.com\/blog\/#website","url":"https:\/\/astideco.com\/blog\/","name":"Astiblog","description":"Blog de Astideco.com","potentialAction":[{"@type":"SearchAction","target":{"@type":"EntryPoint","urlTemplate":"https:\/\/astideco.com\/blog\/?s={search_term_string}"},"query-input":{"@type":"PropertyValueSpecification","valueRequired":true,"valueName":"search_term_string"}}],"inLanguage":"es"},{"@type":"Person","@id":"https:\/\/astideco.com\/blog\/#\/schema\/person\/13fd236103c4c231352fb09b2b7ac5cf","name":"Astigarraga Kit Line"}]}},"_links":{"self":[{"href":"https:\/\/astideco.com\/blog\/wp-json\/wp\/v2\/posts\/3165","targetHints":{"allow":["GET"]}}],"collection":[{"href":"https:\/\/astideco.com\/blog\/wp-json\/wp\/v2\/posts"}],"about":[{"href":"https:\/\/astideco.com\/blog\/wp-json\/wp\/v2\/types\/post"}],"author":[{"embeddable":true,"href":"https:\/\/astideco.com\/blog\/wp-json\/wp\/v2\/users\/6"}],"replies":[{"embeddable":true,"href":"https:\/\/astideco.com\/blog\/wp-json\/wp\/v2\/comments?post=3165"}],"version-history":[{"count":5,"href":"https:\/\/astideco.com\/blog\/wp-json\/wp\/v2\/posts\/3165\/revisions"}],"predecessor-version":[{"id":3179,"href":"https:\/\/astideco.com\/blog\/wp-json\/wp\/v2\/posts\/3165\/revisions\/3179"}],"wp:featuredmedia":[{"embeddable":true,"href":"https:\/\/astideco.com\/blog\/wp-json\/wp\/v2\/media\/3176"}],"wp:attachment":[{"href":"https:\/\/astideco.com\/blog\/wp-json\/wp\/v2\/media?parent=3165"}],"wp:term":[{"taxonomy":"category","embeddable":true,"href":"https:\/\/astideco.com\/blog\/wp-json\/wp\/v2\/categories?post=3165"},{"taxonomy":"post_tag","embeddable":true,"href":"https:\/\/astideco.com\/blog\/wp-json\/wp\/v2\/tags?post=3165"}],"curies":[{"name":"wp","href":"https:\/\/api.w.org\/{rel}","templated":true}]}}