{"id":3090,"date":"2022-09-23T06:52:00","date_gmt":"2022-09-23T06:52:00","guid":{"rendered":"https:\/\/astideco.com\/blog\/?p=3090"},"modified":"2022-10-17T17:42:36","modified_gmt":"2022-10-17T17:42:36","slug":"trucos-y-consejos-para-organizar-la-despensa","status":"publish","type":"post","link":"https:\/\/astideco.com\/blog\/trucos-y-consejos-para-organizar-la-despensa\/","title":{"rendered":"Trucos y consejos para organizar la despensa"},"content":{"rendered":"<p><span>Hace poco os cont\u00e1bamos en uno de los post de Instagram la definici\u00f3n que hace el diccionario de la palabra despensa: \u201c<\/span><span>En una casa, una nave, etc., lugar o sitio en el cual se guardan las cosas comestibles\u201d. Nosotros a\u00f1adimos: &#8220;casi siempre de forma desorganizada&#8221;. Y es que suele ser una de las estancias del hogar que m\u00e1s cuesta poner orden y que luzca organizada y bonita. Tambi\u00e9n se suele destinar para m\u00e1s cosas que no sean manjares. Muchas veces termina siendo el caj\u00f3n desastre donde se acumula todo sin tener un orden y armon\u00eda visual necesarios para respirar paz y bienestar. Porque est\u00e1 claro que el desorden estresa, agobia y nos hace tener un runr\u00fan en la cabeza que no se va hasta que nos ponemos manos a la obra y convertimos el caos en orden. Por eso hoy os traemos una bater\u00eda de <strong>trucos y consejos para organizar la despensa<\/strong>. \u00bfPreparados?<\/span><\/p>\n<h2><span>1. Limpia a fondo<\/span><\/h2>\n<p><span>El primer paso deber\u00eda ser limpiar a fondo la despensa. Si ya tienes un espacio destinado, te recomendamos que <strong>vac\u00edes todo<\/strong>. S\u00ed, est\u00e1s leyendo bien. Saca todos los botes, botellas, comida que tengas y comienza a tirar todo lo que ya no necesites o tengas caducado. Porque no hay duda que siempre en la parte m\u00e1s del fondo aparece alguna reliquia caducada. Y as\u00ed, con todo en el exterior y los estantes inmaculados y vac\u00edos, se puede comenzar a organizar, almacenar y ordenar.<\/span><\/p>\n<h2><span>2. Los peque\u00f1os detalles cuentan<\/span><\/h2>\n<p><span>Ir a buscar algo y no encontrarlo porque est\u00e1 todo desordenado es una situaci\u00f3n que suele poner de los nervios. Por eso, si quieres una despensa de cuento c\u00e9ntrate en esos peque\u00f1os detalles que marcan la diferencia. Lograr esa armon\u00eda visual de la que habl\u00e1bamos antes es posible si, por ejemplo, guardas la pasta, las legumbres o el arroz en <strong>botes o tarros de cristal iguales<\/strong>. Con un golpe de vista podr\u00e1s ver lo que contienen y si los etiquetas, visualmente ser\u00e1 m\u00e1s elegante.<\/span><\/p>\n<div id=\"attachment_4273\" style=\"width: 1210px\" class=\"wp-caption alignnone\"><img decoding=\"async\" aria-describedby=\"caption-attachment-4273\" class=\"lazyload wp-image-4273\" src=\"https:\/\/astideco.com\/blog\/wp-content\/uploads\/2020\/10\/imagen-destacable-blog.jpg\" data-orig-src=\"https:\/\/astideco.com\/blog\/wp-content\/uploads\/2020\/10\/imagen-destacable-blog.jpg\" alt=\"\" width=\"1200\" height=\"905\" srcset=\"data:image\/svg+xml,%3Csvg%20xmlns%3D%27http%3A%2F%2Fwww.w3.org%2F2000%2Fsvg%27%20width%3D%271200%27%20height%3D%27905%27%20viewBox%3D%270%200%201200%20905%27%3E%3Crect%20width%3D%271200%27%20height%3D%27905%27%20fill-opacity%3D%220%22%2F%3E%3C%2Fsvg%3E\" data-srcset=\"https:\/\/astideco.com\/blog\/wp-content\/uploads\/2020\/10\/imagen-destacable-blog-200x151.jpg 200w, https:\/\/astideco.com\/blog\/wp-content\/uploads\/2020\/10\/imagen-destacable-blog-300x226.jpg 300w, https:\/\/astideco.com\/blog\/wp-content\/uploads\/2020\/10\/imagen-destacable-blog-400x302.jpg 400w, https:\/\/astideco.com\/blog\/wp-content\/uploads\/2020\/10\/imagen-destacable-blog-600x452.jpg 600w, https:\/\/astideco.com\/blog\/wp-content\/uploads\/2020\/10\/imagen-destacable-blog-768x579.jpg 768w, https:\/\/astideco.com\/blog\/wp-content\/uploads\/2020\/10\/imagen-destacable-blog.jpg 800w\" data-sizes=\"auto\" data-orig-sizes=\"(max-width: 1200px) 100vw, 1200px\" \/><p id=\"caption-attachment-4273\" class=\"wp-caption-text\">Foto: <a href=\"https:\/\/www.instagram.com\/roser_home_\/\"><strong>@roser_home_<\/strong><\/a><\/p><\/div>\n<div id=\"attachment_4274\" style=\"width: 1210px\" class=\"wp-caption alignnone\"><img decoding=\"async\" aria-describedby=\"caption-attachment-4274\" class=\"lazyload wp-image-4274\" src=\"https:\/\/astideco.com\/blog\/wp-content\/uploads\/2020\/10\/estanterias-pra-despensa.jpg\" data-orig-src=\"https:\/\/astideco.com\/blog\/wp-content\/uploads\/2020\/10\/estanterias-pra-despensa.jpg\" alt=\"\" width=\"1200\" height=\"1200\" srcset=\"data:image\/svg+xml,%3Csvg%20xmlns%3D%27http%3A%2F%2Fwww.w3.org%2F2000%2Fsvg%27%20width%3D%271200%27%20height%3D%271200%27%20viewBox%3D%270%200%201200%201200%27%3E%3Crect%20width%3D%271200%27%20height%3D%271200%27%20fill-opacity%3D%220%22%2F%3E%3C%2Fsvg%3E\" data-srcset=\"https:\/\/astideco.com\/blog\/wp-content\/uploads\/2020\/10\/estanterias-pra-despensa-66x66.jpg 66w, https:\/\/astideco.com\/blog\/wp-content\/uploads\/2020\/10\/estanterias-pra-despensa-150x150.jpg 150w, https:\/\/astideco.com\/blog\/wp-content\/uploads\/2020\/10\/estanterias-pra-despensa-200x200.jpg 200w, https:\/\/astideco.com\/blog\/wp-content\/uploads\/2020\/10\/estanterias-pra-despensa-300x300.jpg 300w, https:\/\/astideco.com\/blog\/wp-content\/uploads\/2020\/10\/estanterias-pra-despensa-400x400.jpg 400w, https:\/\/astideco.com\/blog\/wp-content\/uploads\/2020\/10\/estanterias-pra-despensa-600x600.jpg 600w, https:\/\/astideco.com\/blog\/wp-content\/uploads\/2020\/10\/estanterias-pra-despensa.jpg 640w\" data-sizes=\"auto\" data-orig-sizes=\"(max-width: 1200px) 100vw, 1200px\" \/><p id=\"caption-attachment-4274\" class=\"wp-caption-text\">Foto: <a href=\"https:\/\/www.instagram.com\/pasoapasoblog\/\"><strong>@pasoapasoblog<\/strong><\/a><\/p><\/div>\n<h2><span>3. El quid de la cuesti\u00f3n: la distribuci\u00f3n<\/span><\/h2>\n<p><span>Siempre, siempre, siempre\u2026 es clave colocar en la parte inferior los alimentos m\u00e1s pesados, como por ejemplo, <\/span><span>las botellas de agua o los cartones de leche; <\/span><span>y arriba, lo m\u00e1s ligero. Y como es l\u00f3gico, aquellos alimentos que se utilicen casi a diario, como los del desayuno, a la altura de los ojos. De igual manera, los alimentos reci\u00e9n comprados y los m\u00e1s altos, es mejor situarlos al fondo mientras que los m\u00e1s antiguos y m\u00e1s bajitos, delante.<\/span><\/p>\n<p><img decoding=\"async\" class=\"lazyload aligncenter wp-image-3104 size-fusion-1200\" src=\"https:\/\/astideco.com\/blog\/wp-content\/uploads\/2020\/10\/EVOLUTION-DESPENSA-2-1200x800.jpg\" data-orig-src=\"https:\/\/astideco.com\/blog\/wp-content\/uploads\/2020\/10\/EVOLUTION-DESPENSA-2-1200x800.jpg\" alt=\"trucos y consejos para organizar despensa\" width=\"1200\" height=\"800\" srcset=\"data:image\/svg+xml,%3Csvg%20xmlns%3D%27http%3A%2F%2Fwww.w3.org%2F2000%2Fsvg%27%20width%3D%271200%27%20height%3D%27800%27%20viewBox%3D%270%200%201200%20800%27%3E%3Crect%20width%3D%271200%27%20height%3D%27800%27%20fill-opacity%3D%220%22%2F%3E%3C%2Fsvg%3E\" data-srcset=\"https:\/\/astideco.com\/blog\/wp-content\/uploads\/2020\/10\/EVOLUTION-DESPENSA-2-200x133.jpg 200w, https:\/\/astideco.com\/blog\/wp-content\/uploads\/2020\/10\/EVOLUTION-DESPENSA-2-300x200.jpg 300w, https:\/\/astideco.com\/blog\/wp-content\/uploads\/2020\/10\/EVOLUTION-DESPENSA-2-400x267.jpg 400w, https:\/\/astideco.com\/blog\/wp-content\/uploads\/2020\/10\/EVOLUTION-DESPENSA-2-600x400.jpg 600w, https:\/\/astideco.com\/blog\/wp-content\/uploads\/2020\/10\/EVOLUTION-DESPENSA-2-768x512.jpg 768w, https:\/\/astideco.com\/blog\/wp-content\/uploads\/2020\/10\/EVOLUTION-DESPENSA-2-800x533.jpg 800w, https:\/\/astideco.com\/blog\/wp-content\/uploads\/2020\/10\/EVOLUTION-DESPENSA-2-1024x683.jpg 1024w, https:\/\/astideco.com\/blog\/wp-content\/uploads\/2020\/10\/EVOLUTION-DESPENSA-2-1200x800.jpg 1200w, https:\/\/astideco.com\/blog\/wp-content\/uploads\/2020\/10\/EVOLUTION-DESPENSA-2-1536x1024.jpg 1536w\" data-sizes=\"auto\" data-orig-sizes=\"(max-width: 1200px) 100vw, 1200px\" \/><\/p>\n<h2><span>4. Agrupa en cajas<\/span><\/h2>\n<p><span>Una buena forma de agrupar los alimentos es a trav\u00e9s de cajas o bandejas. Por eso os invitamos a que eches un vistazo a todos los modelos de <span><a href=\"https:\/\/astideco.com\/es\/cajas-de-almacenaje\"><strong>cajas de madera maciza<\/strong><\/a><\/span> en nuestra tienda online. En cualquier espacio en el que haya cajas de madera, el orden est\u00e1 asegurado. \u00bfY lo bonito que se ve todo?<\/span><\/p>\n<div id=\"attachment_4276\" style=\"width: 1210px\" class=\"wp-caption alignnone\"><img decoding=\"async\" aria-describedby=\"caption-attachment-4276\" class=\"lazyload wp-image-4276 size-fusion-1200\" src=\"https:\/\/astideco.com\/blog\/wp-content\/uploads\/2020\/10\/cajas-de-madera-apilables-multiusos-cocina-1200x1600.jpg\" data-orig-src=\"https:\/\/astideco.com\/blog\/wp-content\/uploads\/2020\/10\/cajas-de-madera-apilables-multiusos-cocina-1200x1600.jpg\" alt=\"\" width=\"1200\" height=\"1600\" srcset=\"data:image\/svg+xml,%3Csvg%20xmlns%3D%27http%3A%2F%2Fwww.w3.org%2F2000%2Fsvg%27%20width%3D%271200%27%20height%3D%271600%27%20viewBox%3D%270%200%201200%201600%27%3E%3Crect%20width%3D%271200%27%20height%3D%271600%27%20fill-opacity%3D%220%22%2F%3E%3C%2Fsvg%3E\" data-srcset=\"https:\/\/astideco.com\/blog\/wp-content\/uploads\/2020\/10\/cajas-de-madera-apilables-multiusos-cocina-200x267.jpg 200w, https:\/\/astideco.com\/blog\/wp-content\/uploads\/2020\/10\/cajas-de-madera-apilables-multiusos-cocina-225x300.jpg 225w, https:\/\/astideco.com\/blog\/wp-content\/uploads\/2020\/10\/cajas-de-madera-apilables-multiusos-cocina-400x533.jpg 400w, https:\/\/astideco.com\/blog\/wp-content\/uploads\/2020\/10\/cajas-de-madera-apilables-multiusos-cocina-600x800.jpg 600w, https:\/\/astideco.com\/blog\/wp-content\/uploads\/2020\/10\/cajas-de-madera-apilables-multiusos-cocina-768x1024.jpg 768w, https:\/\/astideco.com\/blog\/wp-content\/uploads\/2020\/10\/cajas-de-madera-apilables-multiusos-cocina-800x1067.jpg 800w, https:\/\/astideco.com\/blog\/wp-content\/uploads\/2020\/10\/cajas-de-madera-apilables-multiusos-cocina-1152x1536.jpg 1152w, https:\/\/astideco.com\/blog\/wp-content\/uploads\/2020\/10\/cajas-de-madera-apilables-multiusos-cocina-1200x1600.jpg 1200w, https:\/\/astideco.com\/blog\/wp-content\/uploads\/2020\/10\/cajas-de-madera-apilables-multiusos-cocina-1536x2048.jpg 1536w, https:\/\/astideco.com\/blog\/wp-content\/uploads\/2020\/10\/cajas-de-madera-apilables-multiusos-cocina-scaled.jpg 1920w\" data-sizes=\"auto\" data-orig-sizes=\"(max-width: 1200px) 100vw, 1200px\" \/><p id=\"caption-attachment-4276\" class=\"wp-caption-text\">Foto: <a href=\"https:\/\/www.instagram.com\/mihogartienealma\/\"><strong>@mihogartienealma<\/strong><\/a><\/p><\/div>\n<div id=\"attachment_4278\" style=\"width: 1210px\" class=\"wp-caption alignnone\"><img decoding=\"async\" aria-describedby=\"caption-attachment-4278\" class=\"lazyload wp-image-4278 size-fusion-1200\" src=\"https:\/\/astideco.com\/blog\/wp-content\/uploads\/2020\/10\/estanteria-despensa-cocina-trastero-1200x1500.jpg\" data-orig-src=\"https:\/\/astideco.com\/blog\/wp-content\/uploads\/2020\/10\/estanteria-despensa-cocina-trastero-1200x1500.jpg\" alt=\"\" width=\"1200\" height=\"1500\" srcset=\"data:image\/svg+xml,%3Csvg%20xmlns%3D%27http%3A%2F%2Fwww.w3.org%2F2000%2Fsvg%27%20width%3D%271200%27%20height%3D%271500%27%20viewBox%3D%270%200%201200%201500%27%3E%3Crect%20width%3D%271200%27%20height%3D%271500%27%20fill-opacity%3D%220%22%2F%3E%3C%2Fsvg%3E\" data-srcset=\"https:\/\/astideco.com\/blog\/wp-content\/uploads\/2020\/10\/estanteria-despensa-cocina-trastero-200x250.jpg 200w, https:\/\/astideco.com\/blog\/wp-content\/uploads\/2020\/10\/estanteria-despensa-cocina-trastero-240x300.jpg 240w, https:\/\/astideco.com\/blog\/wp-content\/uploads\/2020\/10\/estanteria-despensa-cocina-trastero-400x500.jpg 400w, https:\/\/astideco.com\/blog\/wp-content\/uploads\/2020\/10\/estanteria-despensa-cocina-trastero-600x750.jpg 600w, https:\/\/astideco.com\/blog\/wp-content\/uploads\/2020\/10\/estanteria-despensa-cocina-trastero-768x960.jpg 768w, https:\/\/astideco.com\/blog\/wp-content\/uploads\/2020\/10\/estanteria-despensa-cocina-trastero-800x1000.jpg 800w, https:\/\/astideco.com\/blog\/wp-content\/uploads\/2020\/10\/estanteria-despensa-cocina-trastero-819x1024.jpg 819w, https:\/\/astideco.com\/blog\/wp-content\/uploads\/2020\/10\/estanteria-despensa-cocina-trastero-1200x1500.jpg 1200w, https:\/\/astideco.com\/blog\/wp-content\/uploads\/2020\/10\/estanteria-despensa-cocina-trastero-1229x1536.jpg 1229w, https:\/\/astideco.com\/blog\/wp-content\/uploads\/2020\/10\/estanteria-despensa-cocina-trastero.jpg 1440w\" data-sizes=\"auto\" data-orig-sizes=\"(max-width: 1200px) 100vw, 1200px\" \/><p id=\"caption-attachment-4278\" class=\"wp-caption-text\">Foto: <a href=\"https:\/\/www.instagram.com\/coco_homedeco\/\"><strong>@cocohomedeco<\/strong><\/a><\/p><\/div>\n<h2><span>5. Coloca cajoneras\u00a0<\/span><\/h2>\n<p><span>Aprovecha bien el espacio y gana m\u00e1s almacenaje. Las <span><a href=\"https:\/\/astideco.com\/es\/cajoneras\"><strong>cajoneras<\/strong><\/a><\/span> son ideales para aquellos productos que no queremos que se vean y que preferimos que est\u00e9n ocultos, ajenos a todas las miradas.\u00a0<\/span><\/p>\n<div id=\"attachment_4283\" style=\"width: 1210px\" class=\"wp-caption alignnone\"><img decoding=\"async\" aria-describedby=\"caption-attachment-4283\" class=\"lazyload wp-image-4283 size-fusion-1200\" src=\"https:\/\/astideco.com\/blog\/wp-content\/uploads\/2020\/10\/image00020-1-1200x1600.jpeg\" data-orig-src=\"https:\/\/astideco.com\/blog\/wp-content\/uploads\/2020\/10\/image00020-1-1200x1600.jpeg\" alt=\"\" width=\"1200\" height=\"1600\" srcset=\"data:image\/svg+xml,%3Csvg%20xmlns%3D%27http%3A%2F%2Fwww.w3.org%2F2000%2Fsvg%27%20width%3D%271200%27%20height%3D%271600%27%20viewBox%3D%270%200%201200%201600%27%3E%3Crect%20width%3D%271200%27%20height%3D%271600%27%20fill-opacity%3D%220%22%2F%3E%3C%2Fsvg%3E\" data-srcset=\"https:\/\/astideco.com\/blog\/wp-content\/uploads\/2020\/10\/image00020-1-200x267.jpeg 200w, https:\/\/astideco.com\/blog\/wp-content\/uploads\/2020\/10\/image00020-1-225x300.jpeg 225w, https:\/\/astideco.com\/blog\/wp-content\/uploads\/2020\/10\/image00020-1-400x533.jpeg 400w, https:\/\/astideco.com\/blog\/wp-content\/uploads\/2020\/10\/image00020-1-600x800.jpeg 600w, https:\/\/astideco.com\/blog\/wp-content\/uploads\/2020\/10\/image00020-1-768x1024.jpeg 768w, https:\/\/astideco.com\/blog\/wp-content\/uploads\/2020\/10\/image00020-1-800x1067.jpeg 800w, https:\/\/astideco.com\/blog\/wp-content\/uploads\/2020\/10\/image00020-1-1152x1536.jpeg 1152w, https:\/\/astideco.com\/blog\/wp-content\/uploads\/2020\/10\/image00020-1-1200x1600.jpeg 1200w, https:\/\/astideco.com\/blog\/wp-content\/uploads\/2020\/10\/image00020-1-1536x2048.jpeg 1536w, https:\/\/astideco.com\/blog\/wp-content\/uploads\/2020\/10\/image00020-1-scaled.jpeg 1920w\" data-sizes=\"auto\" data-orig-sizes=\"(max-width: 1200px) 100vw, 1200px\" \/><p id=\"caption-attachment-4283\" class=\"wp-caption-text\"><a href=\"https:\/\/astideco.com\/es\/cajoneras\/modulo-cubo-de-3-cajones-dinamic\"><span><strong>Cajonera de madera<\/strong><\/span><\/a> de la serie Dinamic de Astigarraga kit Line. Fotos: <a href=\"https:\/\/www.instagram.com\/roser_home_\/\"><strong>@roser_home_<\/strong><\/a><\/p><\/div>\n<h2><span>6. Elige los muebles adecuados<\/span><\/h2>\n<p><span>No todas las casas disponen de una estancia concreta en la que crear una despensa, pero esto no es excusa. Solamente hay que observar, ver qu\u00e9 rinc\u00f3n se puede aprovechar y con <strong>una sola o dos estanter\u00edas<\/strong> crear una despensa funcional y s\u00ed, tambi\u00e9n puede ser bonita. Ganar\u00e1s espacio de almacenaje, lo encontrar\u00e1s todo a simple vista y si sigues los trucos expuestos m\u00e1s arriba, el resultado ser\u00e1 un espacio ordenado de diez. No te olvides echar un vistazo a las <span><a href=\"https:\/\/astideco.com\/es\/estanterias\"><strong>estanter\u00edas de madera<\/strong><\/a><\/span> de Astigarraga Kit Line. \u00a1Con cualquiera de ellas podr\u00e1s crear un espacio pr\u00e1ctico y decorativo para guardar todo lo que quieras!<\/span><\/p>\n<div id=\"attachment_4280\" style=\"width: 1210px\" class=\"wp-caption alignnone\"><img decoding=\"async\" aria-describedby=\"caption-attachment-4280\" class=\"lazyload wp-image-4280\" src=\"https:\/\/astideco.com\/blog\/wp-content\/uploads\/2020\/10\/estanterias-y-taburete-escalera-plegable-de-madera-maciza.jpg\" data-orig-src=\"https:\/\/astideco.com\/blog\/wp-content\/uploads\/2020\/10\/estanterias-y-taburete-escalera-plegable-de-madera-maciza.jpg\" alt=\"\" width=\"1200\" height=\"800\" srcset=\"data:image\/svg+xml,%3Csvg%20xmlns%3D%27http%3A%2F%2Fwww.w3.org%2F2000%2Fsvg%27%20width%3D%271200%27%20height%3D%27800%27%20viewBox%3D%270%200%201200%20800%27%3E%3Crect%20width%3D%271200%27%20height%3D%27800%27%20fill-opacity%3D%220%22%2F%3E%3C%2Fsvg%3E\" data-srcset=\"https:\/\/astideco.com\/blog\/wp-content\/uploads\/2020\/10\/estanterias-y-taburete-escalera-plegable-de-madera-maciza-200x133.jpg 200w, https:\/\/astideco.com\/blog\/wp-content\/uploads\/2020\/10\/estanterias-y-taburete-escalera-plegable-de-madera-maciza-300x200.jpg 300w, https:\/\/astideco.com\/blog\/wp-content\/uploads\/2020\/10\/estanterias-y-taburete-escalera-plegable-de-madera-maciza-400x267.jpg 400w, https:\/\/astideco.com\/blog\/wp-content\/uploads\/2020\/10\/estanterias-y-taburete-escalera-plegable-de-madera-maciza-600x400.jpg 600w, https:\/\/astideco.com\/blog\/wp-content\/uploads\/2020\/10\/estanterias-y-taburete-escalera-plegable-de-madera-maciza-768x512.jpg 768w, https:\/\/astideco.com\/blog\/wp-content\/uploads\/2020\/10\/estanterias-y-taburete-escalera-plegable-de-madera-maciza-800x534.jpg 800w, https:\/\/astideco.com\/blog\/wp-content\/uploads\/2020\/10\/estanterias-y-taburete-escalera-plegable-de-madera-maciza.jpg 1024w\" data-sizes=\"auto\" data-orig-sizes=\"(max-width: 1200px) 100vw, 1200px\" \/><p id=\"caption-attachment-4280\" class=\"wp-caption-text\"><span><strong><a href=\"https:\/\/astideco.com\/es\/estanterias-librerias\"><span>Estanter\u00edas de madera<\/span><\/a><span> de la serie Gala<\/span><\/strong><\/span> de Astigarraga Kit Line<\/p><\/div>\n<div id=\"attachment_4281\" style=\"width: 1210px\" class=\"wp-caption alignnone\"><img decoding=\"async\" aria-describedby=\"caption-attachment-4281\" class=\"lazyload wp-image-4281 size-fusion-1200\" src=\"https:\/\/astideco.com\/blog\/wp-content\/uploads\/2020\/10\/estanterias_madera_despensa-1200x1500.jpg\" data-orig-src=\"https:\/\/astideco.com\/blog\/wp-content\/uploads\/2020\/10\/estanterias_madera_despensa-1200x1500.jpg\" alt=\"\" width=\"1200\" height=\"1500\" srcset=\"data:image\/svg+xml,%3Csvg%20xmlns%3D%27http%3A%2F%2Fwww.w3.org%2F2000%2Fsvg%27%20width%3D%271200%27%20height%3D%271500%27%20viewBox%3D%270%200%201200%201500%27%3E%3Crect%20width%3D%271200%27%20height%3D%271500%27%20fill-opacity%3D%220%22%2F%3E%3C%2Fsvg%3E\" data-srcset=\"https:\/\/astideco.com\/blog\/wp-content\/uploads\/2020\/10\/estanterias_madera_despensa-200x250.jpg 200w, https:\/\/astideco.com\/blog\/wp-content\/uploads\/2020\/10\/estanterias_madera_despensa-240x300.jpg 240w, https:\/\/astideco.com\/blog\/wp-content\/uploads\/2020\/10\/estanterias_madera_despensa-400x500.jpg 400w, https:\/\/astideco.com\/blog\/wp-content\/uploads\/2020\/10\/estanterias_madera_despensa-600x750.jpg 600w, https:\/\/astideco.com\/blog\/wp-content\/uploads\/2020\/10\/estanterias_madera_despensa-768x960.jpg 768w, https:\/\/astideco.com\/blog\/wp-content\/uploads\/2020\/10\/estanterias_madera_despensa-800x1000.jpg 800w, https:\/\/astideco.com\/blog\/wp-content\/uploads\/2020\/10\/estanterias_madera_despensa-819x1024.jpg 819w, https:\/\/astideco.com\/blog\/wp-content\/uploads\/2020\/10\/estanterias_madera_despensa-1200x1500.jpg 1200w, https:\/\/astideco.com\/blog\/wp-content\/uploads\/2020\/10\/estanterias_madera_despensa-1229x1536.jpg 1229w, https:\/\/astideco.com\/blog\/wp-content\/uploads\/2020\/10\/estanterias_madera_despensa.jpg 1440w\" data-sizes=\"auto\" data-orig-sizes=\"(max-width: 1200px) 100vw, 1200px\" \/><p id=\"caption-attachment-4281\" class=\"wp-caption-text\"><span><a href=\"https:\/\/astideco.com\/es\/estanterias-para-despensa\"><span><strong>Estanter\u00edas de madera de la serie Evolution<\/strong><\/span><\/a><\/span> de Astigarraga kit Line. Foto: <a href=\"https:\/\/www.instagram.com\/steph_deco\/\"><strong>@steph_deco<\/strong><\/a><\/p><\/div>\n<div id=\"attachment_4279\" style=\"width: 1210px\" class=\"wp-caption alignnone\"><img decoding=\"async\" aria-describedby=\"caption-attachment-4279\" class=\"lazyload wp-image-4279 size-fusion-1200\" src=\"https:\/\/astideco.com\/blog\/wp-content\/uploads\/2020\/10\/despensa-ordenada-estanteria-modular-1200x1200.jpeg\" data-orig-src=\"https:\/\/astideco.com\/blog\/wp-content\/uploads\/2020\/10\/despensa-ordenada-estanteria-modular-1200x1200.jpeg\" alt=\"\" width=\"1200\" height=\"1200\" srcset=\"data:image\/svg+xml,%3Csvg%20xmlns%3D%27http%3A%2F%2Fwww.w3.org%2F2000%2Fsvg%27%20width%3D%271200%27%20height%3D%271200%27%20viewBox%3D%270%200%201200%201200%27%3E%3Crect%20width%3D%271200%27%20height%3D%271200%27%20fill-opacity%3D%220%22%2F%3E%3C%2Fsvg%3E\" data-srcset=\"https:\/\/astideco.com\/blog\/wp-content\/uploads\/2020\/10\/despensa-ordenada-estanteria-modular-66x66.jpeg 66w, https:\/\/astideco.com\/blog\/wp-content\/uploads\/2020\/10\/despensa-ordenada-estanteria-modular-150x150.jpeg 150w, https:\/\/astideco.com\/blog\/wp-content\/uploads\/2020\/10\/despensa-ordenada-estanteria-modular-200x200.jpeg 200w, https:\/\/astideco.com\/blog\/wp-content\/uploads\/2020\/10\/despensa-ordenada-estanteria-modular-300x300.jpeg 300w, https:\/\/astideco.com\/blog\/wp-content\/uploads\/2020\/10\/despensa-ordenada-estanteria-modular-400x400.jpeg 400w, https:\/\/astideco.com\/blog\/wp-content\/uploads\/2020\/10\/despensa-ordenada-estanteria-modular-600x600.jpeg 600w, https:\/\/astideco.com\/blog\/wp-content\/uploads\/2020\/10\/despensa-ordenada-estanteria-modular-768x768.jpeg 768w, https:\/\/astideco.com\/blog\/wp-content\/uploads\/2020\/10\/despensa-ordenada-estanteria-modular-800x800.jpeg 800w, https:\/\/astideco.com\/blog\/wp-content\/uploads\/2020\/10\/despensa-ordenada-estanteria-modular-1024x1024.jpeg 1024w, https:\/\/astideco.com\/blog\/wp-content\/uploads\/2020\/10\/despensa-ordenada-estanteria-modular-1200x1200.jpeg 1200w, https:\/\/astideco.com\/blog\/wp-content\/uploads\/2020\/10\/despensa-ordenada-estanteria-modular-1536x1536.jpeg 1536w, https:\/\/astideco.com\/blog\/wp-content\/uploads\/2020\/10\/despensa-ordenada-estanteria-modular.jpeg 1650w\" data-sizes=\"auto\" data-orig-sizes=\"(max-width: 1200px) 100vw, 1200px\" \/><p id=\"caption-attachment-4279\" class=\"wp-caption-text\"><span><a href=\"https:\/\/astideco.com\/es\/estanterias-modulares\"><span><strong>Estanter\u00edas de madera de la serie Dinamic<\/strong><\/span><\/a><\/span> de Astigarraga Kit Line. Foto: <a href=\"https:\/\/www.instagram.com\/anthologiedepapier\/\"><strong>@anthologiepapier<\/strong><\/a><\/p><\/div>\n<p><span>\u00bfQu\u00e9 os han parecido estos <strong>trucos y consejos para organizar la despensa<\/strong>? Ya sab\u00e9is que nos gusta escucharos as\u00ed es que si ten\u00e9is ideas, compartidlas, para que entre todos creemos la despensa de nuestros sue\u00f1os. Si necesit\u00e1is m\u00e1s ideas, pod\u00e9is echar un vistazo a esta <span><a href=\"https:\/\/astideco.com\/blog\/el-antes-y-despues-de-una-despensa-de-ensueno\/\"><span><strong>despensa de ensue\u00f1o de Roser Moyano<\/strong><\/span><\/a><\/span>.<\/span><\/p>\n<p><em><span>Gracias por dejarnos decorar vuestro hogar de manera sostenible.<\/span><\/em><\/p>\n<p>&nbsp;<\/p>\n","protected":false},"excerpt":{"rendered":"<p>Hace poco os cont\u00e1bamos en uno de los post de Instagram la definici\u00f3n que hace el diccionario de la palabra despensa: \u201cEn una casa, una nave, etc., lugar o sitio en el cual se guardan las cosas comestibles\u201d. Nosotros a\u00f1adimos:  [..]<\/p>\n","protected":false},"author":6,"featured_media":4284,"comment_status":"open","ping_status":"open","sticky":false,"template":"","format":"standard","meta":{"footnotes":""},"categories":[644,15],"tags":[],"class_list":["post-3090","post","type-post","status-publish","format-standard","has-post-thumbnail","hentry","category-ideas-y-consejos","category-producto"],"yoast_head":"<!-- This site is optimized with the Yoast SEO plugin v27.0 - https:\/\/yoast.com\/product\/yoast-seo-wordpress\/ -->\n<title>Trucos y consejos para organizar la despensa - Astiblog<\/title>\n<meta name=\"description\" content=\"Hoy os traemos trucos y consejos para organizar la despensa. Para que el desorden se convierta en orden y presumais de un espacio diez.\" \/>\n<meta name=\"robots\" content=\"index, follow, max-snippet:-1, max-image-preview:large, max-video-preview:-1\" \/>\n<link rel=\"canonical\" href=\"https:\/\/astideco.com\/blog\/trucos-y-consejos-para-organizar-la-despensa\/\" \/>\n<meta property=\"og:locale\" content=\"es_ES\" \/>\n<meta property=\"og:type\" content=\"article\" \/>\n<meta property=\"og:title\" content=\"Trucos y consejos para organizar la despensa - Astiblog\" \/>\n<meta property=\"og:description\" content=\"Hoy os traemos trucos y consejos para organizar la despensa. Para que el desorden se convierta en orden y presumais de un espacio diez.\" \/>\n<meta property=\"og:url\" content=\"https:\/\/astideco.com\/blog\/trucos-y-consejos-para-organizar-la-despensa\/\" \/>\n<meta property=\"og:site_name\" content=\"Astiblog\" \/>\n<meta property=\"article:published_time\" content=\"2022-09-23T06:52:00+00:00\" \/>\n<meta property=\"article:modified_time\" content=\"2022-10-17T17:42:36+00:00\" \/>\n<meta property=\"og:image\" content=\"https:\/\/astideco.com\/blog\/wp-content\/uploads\/2020\/10\/estanteria-modular-despensa.jpeg\" \/>\n\t<meta property=\"og:image:width\" content=\"1608\" \/>\n\t<meta property=\"og:image:height\" content=\"1608\" \/>\n\t<meta property=\"og:image:type\" content=\"image\/jpeg\" \/>\n<meta name=\"author\" content=\"Astigarraga Kit Line\" \/>\n<meta name=\"twitter:card\" content=\"summary_large_image\" \/>\n<meta name=\"twitter:label1\" content=\"Escrito por\" \/>\n\t<meta name=\"twitter:data1\" content=\"Astigarraga Kit Line\" \/>\n\t<meta name=\"twitter:label2\" content=\"Tiempo de lectura\" \/>\n\t<meta name=\"twitter:data2\" content=\"6 minutos\" \/>\n<script type=\"application\/ld+json\" class=\"yoast-schema-graph\">{\"@context\":\"https:\/\/schema.org\",\"@graph\":[{\"@type\":\"Article\",\"@id\":\"https:\/\/astideco.com\/blog\/trucos-y-consejos-para-organizar-la-despensa\/#article\",\"isPartOf\":{\"@id\":\"https:\/\/astideco.com\/blog\/trucos-y-consejos-para-organizar-la-despensa\/\"},\"author\":{\"name\":\"Astigarraga Kit Line\",\"@id\":\"https:\/\/astideco.com\/blog\/#\/schema\/person\/13fd236103c4c231352fb09b2b7ac5cf\"},\"headline\":\"Trucos y consejos para organizar la despensa\",\"datePublished\":\"2022-09-23T06:52:00+00:00\",\"dateModified\":\"2022-10-17T17:42:36+00:00\",\"mainEntityOfPage\":{\"@id\":\"https:\/\/astideco.com\/blog\/trucos-y-consejos-para-organizar-la-despensa\/\"},\"wordCount\":854,\"commentCount\":0,\"image\":{\"@id\":\"https:\/\/astideco.com\/blog\/trucos-y-consejos-para-organizar-la-despensa\/#primaryimage\"},\"thumbnailUrl\":\"https:\/\/astideco.com\/blog\/wp-content\/uploads\/2020\/10\/estanteria-modular-despensa.jpeg\",\"articleSection\":[\"Ideas y consejos\",\"Producto\"],\"inLanguage\":\"es\",\"potentialAction\":[{\"@type\":\"CommentAction\",\"name\":\"Comment\",\"target\":[\"https:\/\/astideco.com\/blog\/trucos-y-consejos-para-organizar-la-despensa\/#respond\"]}]},{\"@type\":\"WebPage\",\"@id\":\"https:\/\/astideco.com\/blog\/trucos-y-consejos-para-organizar-la-despensa\/\",\"url\":\"https:\/\/astideco.com\/blog\/trucos-y-consejos-para-organizar-la-despensa\/\",\"name\":\"Trucos y consejos para organizar la despensa - Astiblog\",\"isPartOf\":{\"@id\":\"https:\/\/astideco.com\/blog\/#website\"},\"primaryImageOfPage\":{\"@id\":\"https:\/\/astideco.com\/blog\/trucos-y-consejos-para-organizar-la-despensa\/#primaryimage\"},\"image\":{\"@id\":\"https:\/\/astideco.com\/blog\/trucos-y-consejos-para-organizar-la-despensa\/#primaryimage\"},\"thumbnailUrl\":\"https:\/\/astideco.com\/blog\/wp-content\/uploads\/2020\/10\/estanteria-modular-despensa.jpeg\",\"datePublished\":\"2022-09-23T06:52:00+00:00\",\"dateModified\":\"2022-10-17T17:42:36+00:00\",\"author\":{\"@id\":\"https:\/\/astideco.com\/blog\/#\/schema\/person\/13fd236103c4c231352fb09b2b7ac5cf\"},\"description\":\"Hoy os traemos trucos y consejos para organizar la despensa. Para que el desorden se convierta en orden y presumais de un espacio diez.\",\"breadcrumb\":{\"@id\":\"https:\/\/astideco.com\/blog\/trucos-y-consejos-para-organizar-la-despensa\/#breadcrumb\"},\"inLanguage\":\"es\",\"potentialAction\":[{\"@type\":\"ReadAction\",\"target\":[\"https:\/\/astideco.com\/blog\/trucos-y-consejos-para-organizar-la-despensa\/\"]}]},{\"@type\":\"ImageObject\",\"inLanguage\":\"es\",\"@id\":\"https:\/\/astideco.com\/blog\/trucos-y-consejos-para-organizar-la-despensa\/#primaryimage\",\"url\":\"https:\/\/astideco.com\/blog\/wp-content\/uploads\/2020\/10\/estanteria-modular-despensa.jpeg\",\"contentUrl\":\"https:\/\/astideco.com\/blog\/wp-content\/uploads\/2020\/10\/estanteria-modular-despensa.jpeg\",\"width\":1608,\"height\":1608},{\"@type\":\"BreadcrumbList\",\"@id\":\"https:\/\/astideco.com\/blog\/trucos-y-consejos-para-organizar-la-despensa\/#breadcrumb\",\"itemListElement\":[{\"@type\":\"ListItem\",\"position\":1,\"name\":\"Portada\",\"item\":\"https:\/\/astideco.com\/blog\/\"},{\"@type\":\"ListItem\",\"position\":2,\"name\":\"Trucos y consejos para organizar la despensa\"}]},{\"@type\":\"WebSite\",\"@id\":\"https:\/\/astideco.com\/blog\/#website\",\"url\":\"https:\/\/astideco.com\/blog\/\",\"name\":\"Astiblog\",\"description\":\"Blog de Astideco.com\",\"potentialAction\":[{\"@type\":\"SearchAction\",\"target\":{\"@type\":\"EntryPoint\",\"urlTemplate\":\"https:\/\/astideco.com\/blog\/?s={search_term_string}\"},\"query-input\":{\"@type\":\"PropertyValueSpecification\",\"valueRequired\":true,\"valueName\":\"search_term_string\"}}],\"inLanguage\":\"es\"},{\"@type\":\"Person\",\"@id\":\"https:\/\/astideco.com\/blog\/#\/schema\/person\/13fd236103c4c231352fb09b2b7ac5cf\",\"name\":\"Astigarraga Kit Line\"}]}<\/script>\n<!-- \/ Yoast SEO plugin. -->","yoast_head_json":{"title":"Trucos y consejos para organizar la despensa - Astiblog","description":"Hoy os traemos trucos y consejos para organizar la despensa. Para que el desorden se convierta en orden y presumais de un espacio diez.","robots":{"index":"index","follow":"follow","max-snippet":"max-snippet:-1","max-image-preview":"max-image-preview:large","max-video-preview":"max-video-preview:-1"},"canonical":"https:\/\/astideco.com\/blog\/trucos-y-consejos-para-organizar-la-despensa\/","og_locale":"es_ES","og_type":"article","og_title":"Trucos y consejos para organizar la despensa - Astiblog","og_description":"Hoy os traemos trucos y consejos para organizar la despensa. Para que el desorden se convierta en orden y presumais de un espacio diez.","og_url":"https:\/\/astideco.com\/blog\/trucos-y-consejos-para-organizar-la-despensa\/","og_site_name":"Astiblog","article_published_time":"2022-09-23T06:52:00+00:00","article_modified_time":"2022-10-17T17:42:36+00:00","og_image":[{"width":1608,"height":1608,"url":"https:\/\/astideco.com\/blog\/wp-content\/uploads\/2020\/10\/estanteria-modular-despensa.jpeg","type":"image\/jpeg"}],"author":"Astigarraga Kit Line","twitter_card":"summary_large_image","twitter_misc":{"Escrito por":"Astigarraga Kit Line","Tiempo de lectura":"6 minutos"},"schema":{"@context":"https:\/\/schema.org","@graph":[{"@type":"Article","@id":"https:\/\/astideco.com\/blog\/trucos-y-consejos-para-organizar-la-despensa\/#article","isPartOf":{"@id":"https:\/\/astideco.com\/blog\/trucos-y-consejos-para-organizar-la-despensa\/"},"author":{"name":"Astigarraga Kit Line","@id":"https:\/\/astideco.com\/blog\/#\/schema\/person\/13fd236103c4c231352fb09b2b7ac5cf"},"headline":"Trucos y consejos para organizar la despensa","datePublished":"2022-09-23T06:52:00+00:00","dateModified":"2022-10-17T17:42:36+00:00","mainEntityOfPage":{"@id":"https:\/\/astideco.com\/blog\/trucos-y-consejos-para-organizar-la-despensa\/"},"wordCount":854,"commentCount":0,"image":{"@id":"https:\/\/astideco.com\/blog\/trucos-y-consejos-para-organizar-la-despensa\/#primaryimage"},"thumbnailUrl":"https:\/\/astideco.com\/blog\/wp-content\/uploads\/2020\/10\/estanteria-modular-despensa.jpeg","articleSection":["Ideas y consejos","Producto"],"inLanguage":"es","potentialAction":[{"@type":"CommentAction","name":"Comment","target":["https:\/\/astideco.com\/blog\/trucos-y-consejos-para-organizar-la-despensa\/#respond"]}]},{"@type":"WebPage","@id":"https:\/\/astideco.com\/blog\/trucos-y-consejos-para-organizar-la-despensa\/","url":"https:\/\/astideco.com\/blog\/trucos-y-consejos-para-organizar-la-despensa\/","name":"Trucos y consejos para organizar la despensa - Astiblog","isPartOf":{"@id":"https:\/\/astideco.com\/blog\/#website"},"primaryImageOfPage":{"@id":"https:\/\/astideco.com\/blog\/trucos-y-consejos-para-organizar-la-despensa\/#primaryimage"},"image":{"@id":"https:\/\/astideco.com\/blog\/trucos-y-consejos-para-organizar-la-despensa\/#primaryimage"},"thumbnailUrl":"https:\/\/astideco.com\/blog\/wp-content\/uploads\/2020\/10\/estanteria-modular-despensa.jpeg","datePublished":"2022-09-23T06:52:00+00:00","dateModified":"2022-10-17T17:42:36+00:00","author":{"@id":"https:\/\/astideco.com\/blog\/#\/schema\/person\/13fd236103c4c231352fb09b2b7ac5cf"},"description":"Hoy os traemos trucos y consejos para organizar la despensa. Para que el desorden se convierta en orden y presumais de un espacio diez.","breadcrumb":{"@id":"https:\/\/astideco.com\/blog\/trucos-y-consejos-para-organizar-la-despensa\/#breadcrumb"},"inLanguage":"es","potentialAction":[{"@type":"ReadAction","target":["https:\/\/astideco.com\/blog\/trucos-y-consejos-para-organizar-la-despensa\/"]}]},{"@type":"ImageObject","inLanguage":"es","@id":"https:\/\/astideco.com\/blog\/trucos-y-consejos-para-organizar-la-despensa\/#primaryimage","url":"https:\/\/astideco.com\/blog\/wp-content\/uploads\/2020\/10\/estanteria-modular-despensa.jpeg","contentUrl":"https:\/\/astideco.com\/blog\/wp-content\/uploads\/2020\/10\/estanteria-modular-despensa.jpeg","width":1608,"height":1608},{"@type":"BreadcrumbList","@id":"https:\/\/astideco.com\/blog\/trucos-y-consejos-para-organizar-la-despensa\/#breadcrumb","itemListElement":[{"@type":"ListItem","position":1,"name":"Portada","item":"https:\/\/astideco.com\/blog\/"},{"@type":"ListItem","position":2,"name":"Trucos y consejos para organizar la despensa"}]},{"@type":"WebSite","@id":"https:\/\/astideco.com\/blog\/#website","url":"https:\/\/astideco.com\/blog\/","name":"Astiblog","description":"Blog de Astideco.com","potentialAction":[{"@type":"SearchAction","target":{"@type":"EntryPoint","urlTemplate":"https:\/\/astideco.com\/blog\/?s={search_term_string}"},"query-input":{"@type":"PropertyValueSpecification","valueRequired":true,"valueName":"search_term_string"}}],"inLanguage":"es"},{"@type":"Person","@id":"https:\/\/astideco.com\/blog\/#\/schema\/person\/13fd236103c4c231352fb09b2b7ac5cf","name":"Astigarraga Kit Line"}]}},"_links":{"self":[{"href":"https:\/\/astideco.com\/blog\/wp-json\/wp\/v2\/posts\/3090","targetHints":{"allow":["GET"]}}],"collection":[{"href":"https:\/\/astideco.com\/blog\/wp-json\/wp\/v2\/posts"}],"about":[{"href":"https:\/\/astideco.com\/blog\/wp-json\/wp\/v2\/types\/post"}],"author":[{"embeddable":true,"href":"https:\/\/astideco.com\/blog\/wp-json\/wp\/v2\/users\/6"}],"replies":[{"embeddable":true,"href":"https:\/\/astideco.com\/blog\/wp-json\/wp\/v2\/comments?post=3090"}],"version-history":[{"count":9,"href":"https:\/\/astideco.com\/blog\/wp-json\/wp\/v2\/posts\/3090\/revisions"}],"predecessor-version":[{"id":4286,"href":"https:\/\/astideco.com\/blog\/wp-json\/wp\/v2\/posts\/3090\/revisions\/4286"}],"wp:featuredmedia":[{"embeddable":true,"href":"https:\/\/astideco.com\/blog\/wp-json\/wp\/v2\/media\/4284"}],"wp:attachment":[{"href":"https:\/\/astideco.com\/blog\/wp-json\/wp\/v2\/media?parent=3090"}],"wp:term":[{"taxonomy":"category","embeddable":true,"href":"https:\/\/astideco.com\/blog\/wp-json\/wp\/v2\/categories?post=3090"},{"taxonomy":"post_tag","embeddable":true,"href":"https:\/\/astideco.com\/blog\/wp-json\/wp\/v2\/tags?post=3090"}],"curies":[{"name":"wp","href":"https:\/\/api.w.org\/{rel}","templated":true}]}}