{"id":2871,"date":"2022-10-19T15:43:32","date_gmt":"2022-10-19T15:43:32","guid":{"rendered":"https:\/\/astideco.com\/blog\/?p=2871"},"modified":"2022-11-01T16:28:43","modified_gmt":"2022-11-01T16:28:43","slug":"el-mismo-baul-de-madera-con-diferentes-usos","status":"publish","type":"post","link":"https:\/\/astideco.com\/blog\/el-mismo-baul-de-madera-con-diferentes-usos\/","title":{"rendered":"El mismo ba\u00fal de madera con diferentes usos"},"content":{"rendered":"<p><span>Pensar que un ba\u00fal es solo un mueble de almacenaje es desperdiciar el gran potencial que encierra dentro. Claro que la utilidad m\u00e1s pr\u00e1ctica es esa: guardar, ordenar, almacenar\u2026 Algo de lo que siempre se anda escaso en cualquier hogar. Parece que nunca hay suficiente espacio de almacenaje en casa. Y es que conforme va pasando el tiempo, se tiende a amontonar m\u00e1s y m\u00e1s cosas. Hoy os queremos ense\u00f1ar <strong>el mismo b\u00e1ul de madera con diferentes usos<\/strong>.<\/span><\/p>\n<p><span>Que si m\u00e1s ropa, \u00a1lo que cuesta deshacerse de ciertas prendas, aunque lleven en el armario una eternidad sin usarse! Que si los dibujos y las manualidades tan bonitas que hacen los m\u00e1s peque\u00f1os en d\u00edas se\u00f1alados y \u00a1claro!, aunque tengamos ya una monta\u00f1a incontrolable, \u00bfc\u00f3mo vamos a desprendernos de ellos? Que si una funda n\u00f3rdica para el verano y otra para el invierno\u2026 Que si\u2026 Que si\u2026 O peor a\u00fan: por si acaso, por si acaso\u2026 Volvamos al tema: cualquier almacenamiento extra es poco para dar cabida a todo lo que vamos acumulando en una casa. Y el ba\u00fal es uno de los aliados m\u00e1s pr\u00e1cticos para dar soluci\u00f3n a esta frecuente necesidad.\u00a0<\/span><\/p>\n<p><span>En <span><span><a href=\"https:\/\/astideco.com\/es\"><strong>Astigarraga Kit Line<\/strong><\/a><\/span><\/span>, nos gusta desatar tu creatividad e inspiraros para que t\u00fa mismo decores tus espacios de casa y les dotes de personalidad. Los ba\u00fales son de esos muebles vers\u00e1tiles que te ofrecen mil ideas para colocarlos en un ambiente u otro. Aportan frescura, visten y decoran. Y lo que siempre decimos, que te cansas de un uso, pues lo cambias de sitio y \u00a1nueva y larga vida al ba\u00fal! En este post, vamos a ense\u00f1aros qu\u00e9 utilidades puedes dar a nuestro <span><span><a href=\"https:\/\/astideco.com\/es\/baules\/baul-cofre-de-madera-con-compas-de-gas\"><strong>ba\u00fal arc\u00f3n de madera maciza de pino<\/strong><\/a><\/span><\/span>. <\/span><span>Con un tama\u00f1o de 50x80x40cm, lleva una apertura y cierre con comp\u00e1s de gas.<\/span><\/p>\n<h2><span>A tus pies\u2026 cama<\/span><\/h2>\n<p><span>El dormitorio es el espacio de la casa donde m\u00e1s cosas acumulados: ropa y complementos de vestir, s\u00e1banas, mantas, colchas, cojines, zapatos, libros etc\u2026 Por lo que conseguir espacio extra es un lujo. Coloca un ba\u00fal a los pies de la cama y ya ver\u00e1s el efecto: una propuesta muy sencilla y al alcance de todos los bolsillos.<\/span><\/p>\n<div id=\"attachment_2872\" style=\"width: 1210px\" class=\"wp-caption alignleft\"><img decoding=\"async\" aria-describedby=\"caption-attachment-2872\" class=\"lazyload wp-image-2872 size-fusion-1200\" src=\"https:\/\/astideco.com\/blog\/wp-content\/uploads\/2020\/07\/baul-de-madera-maciza-al-pie-de-la-cama-dormitorio-1200x1600.jpg\" data-orig-src=\"https:\/\/astideco.com\/blog\/wp-content\/uploads\/2020\/07\/baul-de-madera-maciza-al-pie-de-la-cama-dormitorio-1200x1600.jpg\" alt=\"ba\u00fal madera maciza de pino pie de cama\" width=\"1200\" height=\"1600\" srcset=\"data:image\/svg+xml,%3Csvg%20xmlns%3D%27http%3A%2F%2Fwww.w3.org%2F2000%2Fsvg%27%20width%3D%271200%27%20height%3D%271600%27%20viewBox%3D%270%200%201200%201600%27%3E%3Crect%20width%3D%271200%27%20height%3D%271600%27%20fill-opacity%3D%220%22%2F%3E%3C%2Fsvg%3E\" data-srcset=\"https:\/\/astideco.com\/blog\/wp-content\/uploads\/2020\/07\/baul-de-madera-maciza-al-pie-de-la-cama-dormitorio-200x267.jpg 200w, https:\/\/astideco.com\/blog\/wp-content\/uploads\/2020\/07\/baul-de-madera-maciza-al-pie-de-la-cama-dormitorio-225x300.jpg 225w, https:\/\/astideco.com\/blog\/wp-content\/uploads\/2020\/07\/baul-de-madera-maciza-al-pie-de-la-cama-dormitorio-400x533.jpg 400w, https:\/\/astideco.com\/blog\/wp-content\/uploads\/2020\/07\/baul-de-madera-maciza-al-pie-de-la-cama-dormitorio-600x800.jpg 600w, https:\/\/astideco.com\/blog\/wp-content\/uploads\/2020\/07\/baul-de-madera-maciza-al-pie-de-la-cama-dormitorio-768x1024.jpg 768w, https:\/\/astideco.com\/blog\/wp-content\/uploads\/2020\/07\/baul-de-madera-maciza-al-pie-de-la-cama-dormitorio-800x1067.jpg 800w, https:\/\/astideco.com\/blog\/wp-content\/uploads\/2020\/07\/baul-de-madera-maciza-al-pie-de-la-cama-dormitorio-1152x1536.jpg 1152w, https:\/\/astideco.com\/blog\/wp-content\/uploads\/2020\/07\/baul-de-madera-maciza-al-pie-de-la-cama-dormitorio-1200x1600.jpg 1200w, https:\/\/astideco.com\/blog\/wp-content\/uploads\/2020\/07\/baul-de-madera-maciza-al-pie-de-la-cama-dormitorio-1536x2048.jpg 1536w, https:\/\/astideco.com\/blog\/wp-content\/uploads\/2020\/07\/baul-de-madera-maciza-al-pie-de-la-cama-dormitorio-scaled.jpg 1920w\" data-sizes=\"auto\" data-orig-sizes=\"(max-width: 1200px) 100vw, 1200px\" \/><p id=\"caption-attachment-2872\" class=\"wp-caption-text\">Foto: <a href=\"https:\/\/www.instagram.com\/mihogartienealma\/?hl=es\"><strong>@mihogartienealma<\/strong><\/a><\/p><\/div>\n<h2><span>Al sol en una terraza<\/span><\/h2>\n<p><span>La terraza se ha convertido en ese lugar casi sagrado para quienes tienen la fortuna de contar con una. En la pandemia se le sac\u00f3 chispas y muchos fueron los que corrieron a adecentar la suya. Decorar ese espacio al exterior de una casa es apasioanante ya que muchas veces se convierte en la joya de la corona. Colocar un ba\u00fal de madera como espacio extra de almacenamiento s\u00ed, pero b\u00fascale otro uso. \u00bfQu\u00e9 tal como asiento? Tus visitas te lo agradecer\u00e1n.<\/span><\/p>\n<div id=\"attachment_2873\" style=\"width: 1210px\" class=\"wp-caption alignleft\"><img decoding=\"async\" aria-describedby=\"caption-attachment-2873\" class=\"lazyload wp-image-2873 size-fusion-1200\" src=\"https:\/\/astideco.com\/blog\/wp-content\/uploads\/2020\/07\/baul-madera-maciza-terraza-1200x800.jpg\" data-orig-src=\"https:\/\/astideco.com\/blog\/wp-content\/uploads\/2020\/07\/baul-madera-maciza-terraza-1200x800.jpg\" alt=\"baul madera maciza terraza\" width=\"1200\" height=\"800\" srcset=\"data:image\/svg+xml,%3Csvg%20xmlns%3D%27http%3A%2F%2Fwww.w3.org%2F2000%2Fsvg%27%20width%3D%271200%27%20height%3D%27800%27%20viewBox%3D%270%200%201200%20800%27%3E%3Crect%20width%3D%271200%27%20height%3D%27800%27%20fill-opacity%3D%220%22%2F%3E%3C%2Fsvg%3E\" data-srcset=\"https:\/\/astideco.com\/blog\/wp-content\/uploads\/2020\/07\/baul-madera-maciza-terraza-200x133.jpg 200w, https:\/\/astideco.com\/blog\/wp-content\/uploads\/2020\/07\/baul-madera-maciza-terraza-300x200.jpg 300w, https:\/\/astideco.com\/blog\/wp-content\/uploads\/2020\/07\/baul-madera-maciza-terraza-400x267.jpg 400w, https:\/\/astideco.com\/blog\/wp-content\/uploads\/2020\/07\/baul-madera-maciza-terraza-600x400.jpg 600w, https:\/\/astideco.com\/blog\/wp-content\/uploads\/2020\/07\/baul-madera-maciza-terraza-768x512.jpg 768w, https:\/\/astideco.com\/blog\/wp-content\/uploads\/2020\/07\/baul-madera-maciza-terraza-800x533.jpg 800w, https:\/\/astideco.com\/blog\/wp-content\/uploads\/2020\/07\/baul-madera-maciza-terraza-1024x683.jpg 1024w, https:\/\/astideco.com\/blog\/wp-content\/uploads\/2020\/07\/baul-madera-maciza-terraza-1200x800.jpg 1200w, https:\/\/astideco.com\/blog\/wp-content\/uploads\/2020\/07\/baul-madera-maciza-terraza-1536x1024.jpg 1536w\" data-sizes=\"auto\" data-orig-sizes=\"(max-width: 1200px) 100vw, 1200px\" \/><p id=\"caption-attachment-2873\" class=\"wp-caption-text\">Foto: <a href=\"https:\/\/www.instagram.com\/tamara_st_\/?hl=es\"><strong>@tamara_st_<\/strong><\/a><\/p><\/div>\n<h2><span>Un juguetero de 10<\/span><\/h2>\n<p><span>A veces puede ser m\u00e1s f\u00e1cil resolver una ra\u00edz cuadrada compleja que mantener el orden en una habitaci\u00f3n infantil. Por eso, cualquier soluci\u00f3n de almacenaje para que los m\u00e1s peque\u00f1os puedan disfrutar de un espacio ordenado, nunca est\u00e1 de m\u00e1s.\u00a0 Y si es libre de polvo, mejor a\u00fan. Por eso, un ba\u00fal puede hacer las veces de juguetero y lo m\u00e1s importante con \u00e9l puedes hacer que tu hijo se organice desde peque\u00f1o para que aprenda el h\u00e1bito del orden. Ten por seguro que ganar\u00e1 en autonom\u00eda.\u00a0<\/span><\/p>\n<div id=\"attachment_2874\" style=\"width: 1090px\" class=\"wp-caption alignleft\"><img decoding=\"async\" aria-describedby=\"caption-attachment-2874\" class=\"lazyload wp-image-2874 size-full\" src=\"https:\/\/astideco.com\/blog\/wp-content\/uploads\/2020\/07\/baul-madera-maciza-habitacion-infantil.jpg\" data-orig-src=\"https:\/\/astideco.com\/blog\/wp-content\/uploads\/2020\/07\/baul-madera-maciza-habitacion-infantil.jpg\" alt=\"baul madera maciza\" width=\"1080\" height=\"810\" srcset=\"data:image\/svg+xml,%3Csvg%20xmlns%3D%27http%3A%2F%2Fwww.w3.org%2F2000%2Fsvg%27%20width%3D%271080%27%20height%3D%27810%27%20viewBox%3D%270%200%201080%20810%27%3E%3Crect%20width%3D%271080%27%20height%3D%27810%27%20fill-opacity%3D%220%22%2F%3E%3C%2Fsvg%3E\" data-srcset=\"https:\/\/astideco.com\/blog\/wp-content\/uploads\/2020\/07\/baul-madera-maciza-habitacion-infantil-200x150.jpg 200w, https:\/\/astideco.com\/blog\/wp-content\/uploads\/2020\/07\/baul-madera-maciza-habitacion-infantil-300x225.jpg 300w, https:\/\/astideco.com\/blog\/wp-content\/uploads\/2020\/07\/baul-madera-maciza-habitacion-infantil-400x300.jpg 400w, https:\/\/astideco.com\/blog\/wp-content\/uploads\/2020\/07\/baul-madera-maciza-habitacion-infantil-600x450.jpg 600w, https:\/\/astideco.com\/blog\/wp-content\/uploads\/2020\/07\/baul-madera-maciza-habitacion-infantil-768x576.jpg 768w, https:\/\/astideco.com\/blog\/wp-content\/uploads\/2020\/07\/baul-madera-maciza-habitacion-infantil-800x600.jpg 800w, https:\/\/astideco.com\/blog\/wp-content\/uploads\/2020\/07\/baul-madera-maciza-habitacion-infantil-1024x768.jpg 1024w, https:\/\/astideco.com\/blog\/wp-content\/uploads\/2020\/07\/baul-madera-maciza-habitacion-infantil.jpg 1080w\" data-sizes=\"auto\" data-orig-sizes=\"(max-width: 1080px) 100vw, 1080px\" \/><p id=\"caption-attachment-2874\" class=\"wp-caption-text\">Foto: <a href=\"https:\/\/www.instagram.com\/deuxmilleneuf\/?hl=es\"><strong>@deuxmilleneuf<\/strong><\/a><\/p><\/div>\n<h2><span>Un guarda le\u00f1a con estilo<\/span><\/h2>\n<p><span>\u00bfQui\u00e9n no sue\u00f1a con la imagen de leer un libro en un sof\u00e1 con una manta y al calor de una chimenea? Si tienes la suerte de disponer de una, nuestro ba\u00fal arc\u00f3n se va a convertir en el mueble perfecto para guardar esos tronquitos que has comprado para pasar el invierno.\u00a0\u00a0<\/span><\/p>\n<div id=\"attachment_2875\" style=\"width: 1210px\" class=\"wp-caption alignleft\"><img decoding=\"async\" aria-describedby=\"caption-attachment-2875\" class=\"lazyload wp-image-2875 size-fusion-1200\" src=\"https:\/\/astideco.com\/blog\/wp-content\/uploads\/2020\/07\/BAUL-madera-CHIMENEA--1200x800.jpg\" data-orig-src=\"https:\/\/astideco.com\/blog\/wp-content\/uploads\/2020\/07\/BAUL-madera-CHIMENEA--1200x800.jpg\" alt=\"baul madera maciza chimenea\" width=\"1200\" height=\"800\" srcset=\"data:image\/svg+xml,%3Csvg%20xmlns%3D%27http%3A%2F%2Fwww.w3.org%2F2000%2Fsvg%27%20width%3D%271200%27%20height%3D%27800%27%20viewBox%3D%270%200%201200%20800%27%3E%3Crect%20width%3D%271200%27%20height%3D%27800%27%20fill-opacity%3D%220%22%2F%3E%3C%2Fsvg%3E\" data-srcset=\"https:\/\/astideco.com\/blog\/wp-content\/uploads\/2020\/07\/BAUL-madera-CHIMENEA--200x133.jpg 200w, https:\/\/astideco.com\/blog\/wp-content\/uploads\/2020\/07\/BAUL-madera-CHIMENEA--300x200.jpg 300w, https:\/\/astideco.com\/blog\/wp-content\/uploads\/2020\/07\/BAUL-madera-CHIMENEA--400x267.jpg 400w, https:\/\/astideco.com\/blog\/wp-content\/uploads\/2020\/07\/BAUL-madera-CHIMENEA--600x400.jpg 600w, https:\/\/astideco.com\/blog\/wp-content\/uploads\/2020\/07\/BAUL-madera-CHIMENEA--768x512.jpg 768w, https:\/\/astideco.com\/blog\/wp-content\/uploads\/2020\/07\/BAUL-madera-CHIMENEA--800x533.jpg 800w, https:\/\/astideco.com\/blog\/wp-content\/uploads\/2020\/07\/BAUL-madera-CHIMENEA--1024x683.jpg 1024w, https:\/\/astideco.com\/blog\/wp-content\/uploads\/2020\/07\/BAUL-madera-CHIMENEA--1200x800.jpg 1200w, https:\/\/astideco.com\/blog\/wp-content\/uploads\/2020\/07\/BAUL-madera-CHIMENEA--1536x1024.jpg 1536w\" data-sizes=\"auto\" data-orig-sizes=\"(max-width: 1200px) 100vw, 1200px\" \/><p id=\"caption-attachment-2875\" class=\"wp-caption-text\">Foto: <a href=\"https:\/\/www.instagram.com\/loisel_industry\/?hl=es\"><strong>@loisel_industry<\/strong><\/a><\/p><\/div>\n<h2><span>El sal\u00f3n en orden<\/span><\/h2>\n<p><span>La zona de estar es otra de los espacios de una casa en la que se acumulan toda clase de objetos: desde libros o colecciones de revistas hasta \u00e1lbumes de fotos pasando por las mantas y cojines que cubren el sof\u00e1. Por eso aprovechar el ba\u00fal para guardarlos es un buen comienzo para mantener el orden en el sal\u00f3n al mismo tiempo que le imprime un toque decorativo.<\/span><\/p>\n<div id=\"attachment_2876\" style=\"width: 1210px\" class=\"wp-caption alignleft\"><img decoding=\"async\" aria-describedby=\"caption-attachment-2876\" class=\"lazyload wp-image-2876 size-fusion-1200\" src=\"https:\/\/astideco.com\/blog\/wp-content\/uploads\/2020\/07\/baul-madera-maciza-salon-1200x948.jpg\" data-orig-src=\"https:\/\/astideco.com\/blog\/wp-content\/uploads\/2020\/07\/baul-madera-maciza-salon-1200x948.jpg\" alt=\"baul madera maciza salon\" width=\"1200\" height=\"948\" srcset=\"data:image\/svg+xml,%3Csvg%20xmlns%3D%27http%3A%2F%2Fwww.w3.org%2F2000%2Fsvg%27%20width%3D%271200%27%20height%3D%27948%27%20viewBox%3D%270%200%201200%20948%27%3E%3Crect%20width%3D%271200%27%20height%3D%27948%27%20fill-opacity%3D%220%22%2F%3E%3C%2Fsvg%3E\" data-srcset=\"https:\/\/astideco.com\/blog\/wp-content\/uploads\/2020\/07\/baul-madera-maciza-salon-200x158.jpg 200w, https:\/\/astideco.com\/blog\/wp-content\/uploads\/2020\/07\/baul-madera-maciza-salon-300x237.jpg 300w, https:\/\/astideco.com\/blog\/wp-content\/uploads\/2020\/07\/baul-madera-maciza-salon-400x316.jpg 400w, https:\/\/astideco.com\/blog\/wp-content\/uploads\/2020\/07\/baul-madera-maciza-salon-600x474.jpg 600w, https:\/\/astideco.com\/blog\/wp-content\/uploads\/2020\/07\/baul-madera-maciza-salon-768x607.jpg 768w, https:\/\/astideco.com\/blog\/wp-content\/uploads\/2020\/07\/baul-madera-maciza-salon-800x632.jpg 800w, https:\/\/astideco.com\/blog\/wp-content\/uploads\/2020\/07\/baul-madera-maciza-salon-1024x809.jpg 1024w, https:\/\/astideco.com\/blog\/wp-content\/uploads\/2020\/07\/baul-madera-maciza-salon-1200x948.jpg 1200w, https:\/\/astideco.com\/blog\/wp-content\/uploads\/2020\/07\/baul-madera-maciza-salon-1536x1213.jpg 1536w\" data-sizes=\"auto\" data-orig-sizes=\"(max-width: 1200px) 100vw, 1200px\" \/><p id=\"caption-attachment-2876\" class=\"wp-caption-text\">Foto: <a href=\"https:\/\/www.instagram.com\/homearchilab\/?hl=es\"><strong>@homearchilab<\/strong><\/a><\/p><\/div>\n<h2><span>Un recibidor cool<\/span><\/h2>\n<p><span>La madera es sin\u00f3nimo de calidez. Y que te reciba nada m\u00e1s entrar en tu casa un ba\u00fal de madera maciza de pino, y adem\u00e1s certificada, mejor que mejor. Es una magn\u00edfica forma de dotar de estilo a esta zona tan importante de casa y que muchas veces pasa sin pena ni gloria. Adem\u00e1s, siempre lo podr\u00e1s utilizar como asiento para descalzarte nada m\u00e1s entrar en casa.<\/span><\/p>\n<div id=\"attachment_2877\" style=\"width: 1210px\" class=\"wp-caption alignleft\"><img decoding=\"async\" aria-describedby=\"caption-attachment-2877\" class=\"lazyload wp-image-2877 size-fusion-1200\" src=\"https:\/\/astideco.com\/blog\/wp-content\/uploads\/2020\/07\/baul-de-madera-maciza-de-pino-1200x1600.jpg\" data-orig-src=\"https:\/\/astideco.com\/blog\/wp-content\/uploads\/2020\/07\/baul-de-madera-maciza-de-pino-1200x1600.jpg\" alt=\"baul madera maciza recibidor\" width=\"1200\" height=\"1600\" srcset=\"data:image\/svg+xml,%3Csvg%20xmlns%3D%27http%3A%2F%2Fwww.w3.org%2F2000%2Fsvg%27%20width%3D%271200%27%20height%3D%271600%27%20viewBox%3D%270%200%201200%201600%27%3E%3Crect%20width%3D%271200%27%20height%3D%271600%27%20fill-opacity%3D%220%22%2F%3E%3C%2Fsvg%3E\" data-srcset=\"https:\/\/astideco.com\/blog\/wp-content\/uploads\/2020\/07\/baul-de-madera-maciza-de-pino-200x267.jpg 200w, https:\/\/astideco.com\/blog\/wp-content\/uploads\/2020\/07\/baul-de-madera-maciza-de-pino-225x300.jpg 225w, https:\/\/astideco.com\/blog\/wp-content\/uploads\/2020\/07\/baul-de-madera-maciza-de-pino-400x533.jpg 400w, https:\/\/astideco.com\/blog\/wp-content\/uploads\/2020\/07\/baul-de-madera-maciza-de-pino-600x800.jpg 600w, https:\/\/astideco.com\/blog\/wp-content\/uploads\/2020\/07\/baul-de-madera-maciza-de-pino-768x1024.jpg 768w, https:\/\/astideco.com\/blog\/wp-content\/uploads\/2020\/07\/baul-de-madera-maciza-de-pino-800x1067.jpg 800w, https:\/\/astideco.com\/blog\/wp-content\/uploads\/2020\/07\/baul-de-madera-maciza-de-pino-1152x1536.jpg 1152w, https:\/\/astideco.com\/blog\/wp-content\/uploads\/2020\/07\/baul-de-madera-maciza-de-pino-1200x1600.jpg 1200w, https:\/\/astideco.com\/blog\/wp-content\/uploads\/2020\/07\/baul-de-madera-maciza-de-pino-1536x2048.jpg 1536w, https:\/\/astideco.com\/blog\/wp-content\/uploads\/2020\/07\/baul-de-madera-maciza-de-pino-scaled.jpg 1920w\" data-sizes=\"auto\" data-orig-sizes=\"(max-width: 1200px) 100vw, 1200px\" \/><p id=\"caption-attachment-2877\" class=\"wp-caption-text\">Foto: <a href=\"https:\/\/www.instagram.com\/mihogartienealma\/?hl=es\"><strong>@mihogartienealma<\/strong><\/a><\/p><\/div>\n<p>Ya veis c\u00f3mo un mismo ba\u00fal de madera puede dar vida a diferentes estancias de la casa. Adem\u00e1s, la madera natural se acopla a cualquier estilo decorativo, y siempre te queda la ventaja de pintar del color que m\u00e1s te gusta, o envejecer la madera para darle, por ejemplo, un toque m\u00e1s vintage. Si te apetece ver m\u00e1s modelos, echa un vistazo a toda la colecci\u00f3n de <a href=\"https:\/\/astideco.com\/es\/baules\"><span><strong><span>b\u00e1ules de madera<\/span><\/strong><\/span><\/a> de Astigarraga Kit Line.<\/p>\n<p><em>Gracias por dejarnos decorar tu hogar de manera sostenible.<\/em><\/p>\n<p>&nbsp;<\/p>\n","protected":false},"excerpt":{"rendered":"<p>Pensar que un ba\u00fal es solo un mueble de almacenaje es desperdiciar el gran potencial que encierra dentro. Claro que la utilidad m\u00e1s pr\u00e1ctica es esa: guardar, ordenar, almacenar\u2026 Algo de lo que siempre se anda escaso en cualquier hogar.  [..]<\/p>\n","protected":false},"author":6,"featured_media":4360,"comment_status":"open","ping_status":"open","sticky":false,"template":"","format":"standard","meta":{"footnotes":""},"categories":[15],"tags":[62,490,492,486,494,452],"class_list":["post-2871","post","type-post","status-publish","format-standard","has-post-thumbnail","hentry","category-producto","tag-astigarraga-kit-line","tag-baul-de-madera-maciza-de-pino","tag-gran-almacenaje","tag-juguetero","tag-pie-de-cama","tag-recibidor"],"yoast_head":"<!-- This site is optimized with the Yoast SEO plugin v27.0 - https:\/\/yoast.com\/product\/yoast-seo-wordpress\/ -->\n<title>El mismo ba\u00fal de madera con diferentes usos<\/title>\n<meta name=\"description\" content=\"Hoy os traemos ideas para decorar con nuestro b\u00e1ul arc\u00f3n de madera maciza de pino. Es tan vers\u00e1til que lo puedes colocar en cualquier estancia. \u00a1Adelante! El mismo ba\u00fal de madera con diferentes usos\" \/>\n<meta name=\"robots\" content=\"index, follow, max-snippet:-1, max-image-preview:large, max-video-preview:-1\" \/>\n<link rel=\"canonical\" href=\"https:\/\/astideco.com\/blog\/el-mismo-baul-de-madera-con-diferentes-usos\/\" \/>\n<meta property=\"og:locale\" content=\"es_ES\" \/>\n<meta property=\"og:type\" content=\"article\" \/>\n<meta property=\"og:title\" content=\"El mismo ba\u00fal de madera con diferentes usos\" \/>\n<meta property=\"og:description\" content=\"Hoy os traemos ideas para decorar con nuestro b\u00e1ul arc\u00f3n de madera maciza de pino. Es tan vers\u00e1til que lo puedes colocar en cualquier estancia. \u00a1Adelante! El mismo ba\u00fal de madera con diferentes usos\" \/>\n<meta property=\"og:url\" content=\"https:\/\/astideco.com\/blog\/el-mismo-baul-de-madera-con-diferentes-usos\/\" \/>\n<meta property=\"og:site_name\" content=\"Astiblog\" \/>\n<meta property=\"article:published_time\" content=\"2022-10-19T15:43:32+00:00\" \/>\n<meta property=\"article:modified_time\" content=\"2022-11-01T16:28:43+00:00\" \/>\n<meta property=\"og:image\" content=\"https:\/\/astideco.com\/blog\/wp-content\/uploads\/2022\/10\/baul-madera-pie-de-cama-astikitline.jpg\" \/>\n\t<meta property=\"og:image:width\" content=\"1440\" \/>\n\t<meta property=\"og:image:height\" content=\"1799\" \/>\n\t<meta property=\"og:image:type\" content=\"image\/jpeg\" \/>\n<meta name=\"author\" content=\"Astigarraga Kit Line\" \/>\n<meta name=\"twitter:card\" content=\"summary_large_image\" \/>\n<meta name=\"twitter:label1\" content=\"Escrito por\" \/>\n\t<meta name=\"twitter:data1\" content=\"Astigarraga Kit Line\" \/>\n\t<meta name=\"twitter:label2\" content=\"Tiempo de lectura\" \/>\n\t<meta name=\"twitter:data2\" content=\"5 minutos\" \/>\n<script type=\"application\/ld+json\" class=\"yoast-schema-graph\">{\"@context\":\"https:\/\/schema.org\",\"@graph\":[{\"@type\":\"Article\",\"@id\":\"https:\/\/astideco.com\/blog\/el-mismo-baul-de-madera-con-diferentes-usos\/#article\",\"isPartOf\":{\"@id\":\"https:\/\/astideco.com\/blog\/el-mismo-baul-de-madera-con-diferentes-usos\/\"},\"author\":{\"name\":\"Astigarraga Kit Line\",\"@id\":\"https:\/\/astideco.com\/blog\/#\/schema\/person\/13fd236103c4c231352fb09b2b7ac5cf\"},\"headline\":\"El mismo ba\u00fal de madera con diferentes usos\",\"datePublished\":\"2022-10-19T15:43:32+00:00\",\"dateModified\":\"2022-11-01T16:28:43+00:00\",\"mainEntityOfPage\":{\"@id\":\"https:\/\/astideco.com\/blog\/el-mismo-baul-de-madera-con-diferentes-usos\/\"},\"wordCount\":959,\"commentCount\":0,\"image\":{\"@id\":\"https:\/\/astideco.com\/blog\/el-mismo-baul-de-madera-con-diferentes-usos\/#primaryimage\"},\"thumbnailUrl\":\"https:\/\/astideco.com\/blog\/wp-content\/uploads\/2022\/10\/baul-madera-pie-de-cama-astikitline.jpg\",\"keywords\":[\"astigarraga kit line\",\"baul de madera maciza de pino\",\"Gran almacenaje\",\"juguetero\",\"Pie de cama\",\"Recibidor\"],\"articleSection\":[\"Producto\"],\"inLanguage\":\"es\",\"potentialAction\":[{\"@type\":\"CommentAction\",\"name\":\"Comment\",\"target\":[\"https:\/\/astideco.com\/blog\/el-mismo-baul-de-madera-con-diferentes-usos\/#respond\"]}]},{\"@type\":\"WebPage\",\"@id\":\"https:\/\/astideco.com\/blog\/el-mismo-baul-de-madera-con-diferentes-usos\/\",\"url\":\"https:\/\/astideco.com\/blog\/el-mismo-baul-de-madera-con-diferentes-usos\/\",\"name\":\"El mismo ba\u00fal de madera con diferentes usos\",\"isPartOf\":{\"@id\":\"https:\/\/astideco.com\/blog\/#website\"},\"primaryImageOfPage\":{\"@id\":\"https:\/\/astideco.com\/blog\/el-mismo-baul-de-madera-con-diferentes-usos\/#primaryimage\"},\"image\":{\"@id\":\"https:\/\/astideco.com\/blog\/el-mismo-baul-de-madera-con-diferentes-usos\/#primaryimage\"},\"thumbnailUrl\":\"https:\/\/astideco.com\/blog\/wp-content\/uploads\/2022\/10\/baul-madera-pie-de-cama-astikitline.jpg\",\"datePublished\":\"2022-10-19T15:43:32+00:00\",\"dateModified\":\"2022-11-01T16:28:43+00:00\",\"author\":{\"@id\":\"https:\/\/astideco.com\/blog\/#\/schema\/person\/13fd236103c4c231352fb09b2b7ac5cf\"},\"description\":\"Hoy os traemos ideas para decorar con nuestro b\u00e1ul arc\u00f3n de madera maciza de pino. Es tan vers\u00e1til que lo puedes colocar en cualquier estancia. \u00a1Adelante! El mismo ba\u00fal de madera con diferentes usos\",\"breadcrumb\":{\"@id\":\"https:\/\/astideco.com\/blog\/el-mismo-baul-de-madera-con-diferentes-usos\/#breadcrumb\"},\"inLanguage\":\"es\",\"potentialAction\":[{\"@type\":\"ReadAction\",\"target\":[\"https:\/\/astideco.com\/blog\/el-mismo-baul-de-madera-con-diferentes-usos\/\"]}]},{\"@type\":\"ImageObject\",\"inLanguage\":\"es\",\"@id\":\"https:\/\/astideco.com\/blog\/el-mismo-baul-de-madera-con-diferentes-usos\/#primaryimage\",\"url\":\"https:\/\/astideco.com\/blog\/wp-content\/uploads\/2022\/10\/baul-madera-pie-de-cama-astikitline.jpg\",\"contentUrl\":\"https:\/\/astideco.com\/blog\/wp-content\/uploads\/2022\/10\/baul-madera-pie-de-cama-astikitline.jpg\",\"width\":1440,\"height\":1799},{\"@type\":\"BreadcrumbList\",\"@id\":\"https:\/\/astideco.com\/blog\/el-mismo-baul-de-madera-con-diferentes-usos\/#breadcrumb\",\"itemListElement\":[{\"@type\":\"ListItem\",\"position\":1,\"name\":\"Portada\",\"item\":\"https:\/\/astideco.com\/blog\/\"},{\"@type\":\"ListItem\",\"position\":2,\"name\":\"El mismo ba\u00fal de madera con diferentes usos\"}]},{\"@type\":\"WebSite\",\"@id\":\"https:\/\/astideco.com\/blog\/#website\",\"url\":\"https:\/\/astideco.com\/blog\/\",\"name\":\"Astiblog\",\"description\":\"Blog de Astideco.com\",\"potentialAction\":[{\"@type\":\"SearchAction\",\"target\":{\"@type\":\"EntryPoint\",\"urlTemplate\":\"https:\/\/astideco.com\/blog\/?s={search_term_string}\"},\"query-input\":{\"@type\":\"PropertyValueSpecification\",\"valueRequired\":true,\"valueName\":\"search_term_string\"}}],\"inLanguage\":\"es\"},{\"@type\":\"Person\",\"@id\":\"https:\/\/astideco.com\/blog\/#\/schema\/person\/13fd236103c4c231352fb09b2b7ac5cf\",\"name\":\"Astigarraga Kit Line\"}]}<\/script>\n<!-- \/ Yoast SEO plugin. -->","yoast_head_json":{"title":"El mismo ba\u00fal de madera con diferentes usos","description":"Hoy os traemos ideas para decorar con nuestro b\u00e1ul arc\u00f3n de madera maciza de pino. Es tan vers\u00e1til que lo puedes colocar en cualquier estancia. \u00a1Adelante! El mismo ba\u00fal de madera con diferentes usos","robots":{"index":"index","follow":"follow","max-snippet":"max-snippet:-1","max-image-preview":"max-image-preview:large","max-video-preview":"max-video-preview:-1"},"canonical":"https:\/\/astideco.com\/blog\/el-mismo-baul-de-madera-con-diferentes-usos\/","og_locale":"es_ES","og_type":"article","og_title":"El mismo ba\u00fal de madera con diferentes usos","og_description":"Hoy os traemos ideas para decorar con nuestro b\u00e1ul arc\u00f3n de madera maciza de pino. Es tan vers\u00e1til que lo puedes colocar en cualquier estancia. \u00a1Adelante! El mismo ba\u00fal de madera con diferentes usos","og_url":"https:\/\/astideco.com\/blog\/el-mismo-baul-de-madera-con-diferentes-usos\/","og_site_name":"Astiblog","article_published_time":"2022-10-19T15:43:32+00:00","article_modified_time":"2022-11-01T16:28:43+00:00","og_image":[{"width":1440,"height":1799,"url":"https:\/\/astideco.com\/blog\/wp-content\/uploads\/2022\/10\/baul-madera-pie-de-cama-astikitline.jpg","type":"image\/jpeg"}],"author":"Astigarraga Kit Line","twitter_card":"summary_large_image","twitter_misc":{"Escrito por":"Astigarraga Kit Line","Tiempo de lectura":"5 minutos"},"schema":{"@context":"https:\/\/schema.org","@graph":[{"@type":"Article","@id":"https:\/\/astideco.com\/blog\/el-mismo-baul-de-madera-con-diferentes-usos\/#article","isPartOf":{"@id":"https:\/\/astideco.com\/blog\/el-mismo-baul-de-madera-con-diferentes-usos\/"},"author":{"name":"Astigarraga Kit Line","@id":"https:\/\/astideco.com\/blog\/#\/schema\/person\/13fd236103c4c231352fb09b2b7ac5cf"},"headline":"El mismo ba\u00fal de madera con diferentes usos","datePublished":"2022-10-19T15:43:32+00:00","dateModified":"2022-11-01T16:28:43+00:00","mainEntityOfPage":{"@id":"https:\/\/astideco.com\/blog\/el-mismo-baul-de-madera-con-diferentes-usos\/"},"wordCount":959,"commentCount":0,"image":{"@id":"https:\/\/astideco.com\/blog\/el-mismo-baul-de-madera-con-diferentes-usos\/#primaryimage"},"thumbnailUrl":"https:\/\/astideco.com\/blog\/wp-content\/uploads\/2022\/10\/baul-madera-pie-de-cama-astikitline.jpg","keywords":["astigarraga kit line","baul de madera maciza de pino","Gran almacenaje","juguetero","Pie de cama","Recibidor"],"articleSection":["Producto"],"inLanguage":"es","potentialAction":[{"@type":"CommentAction","name":"Comment","target":["https:\/\/astideco.com\/blog\/el-mismo-baul-de-madera-con-diferentes-usos\/#respond"]}]},{"@type":"WebPage","@id":"https:\/\/astideco.com\/blog\/el-mismo-baul-de-madera-con-diferentes-usos\/","url":"https:\/\/astideco.com\/blog\/el-mismo-baul-de-madera-con-diferentes-usos\/","name":"El mismo ba\u00fal de madera con diferentes usos","isPartOf":{"@id":"https:\/\/astideco.com\/blog\/#website"},"primaryImageOfPage":{"@id":"https:\/\/astideco.com\/blog\/el-mismo-baul-de-madera-con-diferentes-usos\/#primaryimage"},"image":{"@id":"https:\/\/astideco.com\/blog\/el-mismo-baul-de-madera-con-diferentes-usos\/#primaryimage"},"thumbnailUrl":"https:\/\/astideco.com\/blog\/wp-content\/uploads\/2022\/10\/baul-madera-pie-de-cama-astikitline.jpg","datePublished":"2022-10-19T15:43:32+00:00","dateModified":"2022-11-01T16:28:43+00:00","author":{"@id":"https:\/\/astideco.com\/blog\/#\/schema\/person\/13fd236103c4c231352fb09b2b7ac5cf"},"description":"Hoy os traemos ideas para decorar con nuestro b\u00e1ul arc\u00f3n de madera maciza de pino. Es tan vers\u00e1til que lo puedes colocar en cualquier estancia. \u00a1Adelante! El mismo ba\u00fal de madera con diferentes usos","breadcrumb":{"@id":"https:\/\/astideco.com\/blog\/el-mismo-baul-de-madera-con-diferentes-usos\/#breadcrumb"},"inLanguage":"es","potentialAction":[{"@type":"ReadAction","target":["https:\/\/astideco.com\/blog\/el-mismo-baul-de-madera-con-diferentes-usos\/"]}]},{"@type":"ImageObject","inLanguage":"es","@id":"https:\/\/astideco.com\/blog\/el-mismo-baul-de-madera-con-diferentes-usos\/#primaryimage","url":"https:\/\/astideco.com\/blog\/wp-content\/uploads\/2022\/10\/baul-madera-pie-de-cama-astikitline.jpg","contentUrl":"https:\/\/astideco.com\/blog\/wp-content\/uploads\/2022\/10\/baul-madera-pie-de-cama-astikitline.jpg","width":1440,"height":1799},{"@type":"BreadcrumbList","@id":"https:\/\/astideco.com\/blog\/el-mismo-baul-de-madera-con-diferentes-usos\/#breadcrumb","itemListElement":[{"@type":"ListItem","position":1,"name":"Portada","item":"https:\/\/astideco.com\/blog\/"},{"@type":"ListItem","position":2,"name":"El mismo ba\u00fal de madera con diferentes usos"}]},{"@type":"WebSite","@id":"https:\/\/astideco.com\/blog\/#website","url":"https:\/\/astideco.com\/blog\/","name":"Astiblog","description":"Blog de Astideco.com","potentialAction":[{"@type":"SearchAction","target":{"@type":"EntryPoint","urlTemplate":"https:\/\/astideco.com\/blog\/?s={search_term_string}"},"query-input":{"@type":"PropertyValueSpecification","valueRequired":true,"valueName":"search_term_string"}}],"inLanguage":"es"},{"@type":"Person","@id":"https:\/\/astideco.com\/blog\/#\/schema\/person\/13fd236103c4c231352fb09b2b7ac5cf","name":"Astigarraga Kit Line"}]}},"_links":{"self":[{"href":"https:\/\/astideco.com\/blog\/wp-json\/wp\/v2\/posts\/2871","targetHints":{"allow":["GET"]}}],"collection":[{"href":"https:\/\/astideco.com\/blog\/wp-json\/wp\/v2\/posts"}],"about":[{"href":"https:\/\/astideco.com\/blog\/wp-json\/wp\/v2\/types\/post"}],"author":[{"embeddable":true,"href":"https:\/\/astideco.com\/blog\/wp-json\/wp\/v2\/users\/6"}],"replies":[{"embeddable":true,"href":"https:\/\/astideco.com\/blog\/wp-json\/wp\/v2\/comments?post=2871"}],"version-history":[{"count":6,"href":"https:\/\/astideco.com\/blog\/wp-json\/wp\/v2\/posts\/2871\/revisions"}],"predecessor-version":[{"id":4361,"href":"https:\/\/astideco.com\/blog\/wp-json\/wp\/v2\/posts\/2871\/revisions\/4361"}],"wp:featuredmedia":[{"embeddable":true,"href":"https:\/\/astideco.com\/blog\/wp-json\/wp\/v2\/media\/4360"}],"wp:attachment":[{"href":"https:\/\/astideco.com\/blog\/wp-json\/wp\/v2\/media?parent=2871"}],"wp:term":[{"taxonomy":"category","embeddable":true,"href":"https:\/\/astideco.com\/blog\/wp-json\/wp\/v2\/categories?post=2871"},{"taxonomy":"post_tag","embeddable":true,"href":"https:\/\/astideco.com\/blog\/wp-json\/wp\/v2\/tags?post=2871"}],"curies":[{"name":"wp","href":"https:\/\/api.w.org\/{rel}","templated":true}]}}