{"id":2857,"date":"2023-07-10T14:43:00","date_gmt":"2023-07-10T14:43:00","guid":{"rendered":"https:\/\/astideco.com\/blog\/?p=2857"},"modified":"2023-07-20T15:50:30","modified_gmt":"2023-07-20T15:50:30","slug":"taburete-madera-plegable-usos-diferentes","status":"publish","type":"post","link":"https:\/\/astideco.com\/blog\/taburete-madera-plegable-usos-diferentes\/","title":{"rendered":"Un taburete de madera plegable y seis usos diferentes"},"content":{"rendered":"<p><span>Bueno, bonito, al alcance de todos\u2026 y vers\u00e1til. As\u00ed es nuestro <span><a href=\"https:\/\/astideco.com\/es\/taburetes\/escalera-plegable-de-madera\"><strong>taburete escalera de madera maciza certificada<\/strong><\/a><\/span>. Y un atributo m\u00e1s: es <strong>plegable<\/strong>. \u00bfPuede ser m\u00e1s completo?\u00a0 Quiz\u00e1s la primera utilidad que te ocurra es subirte a \u00e9l para poder llegar a las cosas que guardas en los sitios m\u00e1s altos. Y es para eso, est\u00e1 muy bien pero no es la \u00fanica, ni mucho menos. La mayor\u00eda de las veces asignamos un rol a un mueble y no vemos m\u00e1s all\u00e1. Solo hace falta un poco de creatividad e imaginaci\u00f3n para dar una nueva vida a un objeto, pensar en qu\u00e9 estancia de la casa quedar\u00eda y lucir\u00eda bien y otorgarle otro uso pr\u00e1ctico y \u00fatil. Y de eso va este post: un taburete de madera pelgable y seis usos diferentes.<\/span><\/p>\n<p><span>Este peque\u00f1o mueble de <span><span><a href=\"https:\/\/astideco.com\/es\/\"><strong>Astigarraga Kit Line<\/strong><\/a><\/span><\/span> es sencillo pero vers\u00e1til a m\u00e1s no poder. La simplicidad y la funcionalidad no est\u00e1n re\u00f1idas. Y la <strong>seguridad<\/strong> tampoco porque tiene una <strong>gran estabilidad<\/strong>. Adem\u00e1s, es plegable y ligero lo que te permite que lo puedas guardar sin apenas ocupar espacio o trasladarlo de un lado a otro de la casa.<\/span><\/p>\n<p><span>La madera de este este taburete escalera cuenta con la <strong><a href=\"https:\/\/www.pefc.es\/\" target=\"_blank\" rel=\"noopener\">certificaci\u00f3n PEFC<\/a> y la etiqueta ecol\u00f3gia de la Uni\u00f3n Europea, <a href=\"https:\/\/environment.ec.europa.eu\/topics\/circular-economy\/eu-ecolabel-home_en\" target=\"_blank\" rel=\"noopener\">Ecolabel<\/a>. <\/strong>Esta etiqueta avala que la madera que utiliza Astigarraga Kit Line procede de la gesti\u00f3n responsable de bosques locales y sostenibles. Su acabado natural sin barniz lo hace muy propicio para que lo puedas personalizar pint\u00e1ndolo, barniz\u00e1ndolo o con otras t\u00e9cnicas decorativas. Hagas lo que hagas, te recomendamos que cualquiera de la pintura que utilices sea antideslizante.<\/span><\/p>\n<h3>Un mismo mueble, diferentes usos<\/h3>\n<p><span>Y ahora s\u00ed, vamos con el gran potencial que esconde esta peque\u00f1o gran <strong>taburete de madera plegable<\/strong>. \u00a1Insp\u00edrate con estas ideas! <strong>Un mismo mueble, diferentes propuestas de uso<\/strong>.<\/span><\/p>\n<p><span>1.Un escal\u00f3n para llegar a lo m\u00e1s alto de los armarios o como descalzador para un dormitorio o recibidor<\/span><\/p>\n<div id=\"attachment_2861\" style=\"width: 1210px\" class=\"wp-caption aligncenter\"><img decoding=\"async\" aria-describedby=\"caption-attachment-2861\" class=\"lazyload wp-image-2861\" src=\"https:\/\/astideco.com\/blog\/wp-content\/uploads\/2020\/06\/taburete-escalera-de-madera-maciza-768x1024-1.jpg\" data-orig-src=\"https:\/\/astideco.com\/blog\/wp-content\/uploads\/2020\/06\/taburete-escalera-de-madera-maciza-768x1024-1.jpg\" alt=\"\" width=\"1200\" height=\"1600\" srcset=\"data:image\/svg+xml,%3Csvg%20xmlns%3D%27http%3A%2F%2Fwww.w3.org%2F2000%2Fsvg%27%20width%3D%271200%27%20height%3D%271600%27%20viewBox%3D%270%200%201200%201600%27%3E%3Crect%20width%3D%271200%27%20height%3D%271600%27%20fill-opacity%3D%220%22%2F%3E%3C%2Fsvg%3E\" data-srcset=\"https:\/\/astideco.com\/blog\/wp-content\/uploads\/2020\/06\/taburete-escalera-de-madera-maciza-768x1024-1-200x267.jpg 200w, https:\/\/astideco.com\/blog\/wp-content\/uploads\/2020\/06\/taburete-escalera-de-madera-maciza-768x1024-1-225x300.jpg 225w, https:\/\/astideco.com\/blog\/wp-content\/uploads\/2020\/06\/taburete-escalera-de-madera-maciza-768x1024-1-400x533.jpg 400w, https:\/\/astideco.com\/blog\/wp-content\/uploads\/2020\/06\/taburete-escalera-de-madera-maciza-768x1024-1-600x800.jpg 600w, https:\/\/astideco.com\/blog\/wp-content\/uploads\/2020\/06\/taburete-escalera-de-madera-maciza-768x1024-1.jpg 768w\" data-sizes=\"auto\" data-orig-sizes=\"(max-width: 1200px) 100vw, 1200px\" \/><p id=\"caption-attachment-2861\" class=\"wp-caption-text\">Instagram: <a href=\"https:\/\/www.instagram.com\/elemorlovedecor_blog\/\" target=\"_blank\" rel=\"noopener\"><strong>Elemorlovedecor_blog<\/strong><\/a><\/p><\/div>\n<p><span>2. \u00bfQuien dijo que un taburete de madera no puede hacer las veces de una mesilla de noche?\u00a0 El nuestro es un serio candidato a convertirse en tu mesita, que seguro robar\u00e1 m\u00e1s de una mirada en tu dormitorio.\u00a0<\/span><\/p>\n<div id=\"attachment_2858\" style=\"width: 1210px\" class=\"wp-caption aligncenter\"><img decoding=\"async\" aria-describedby=\"caption-attachment-2858\" class=\"lazyload wp-image-2858\" src=\"https:\/\/astideco.com\/blog\/wp-content\/uploads\/2020\/07\/taburete-escalera-plegable-scaled.jpg\" data-orig-src=\"https:\/\/astideco.com\/blog\/wp-content\/uploads\/2020\/07\/taburete-escalera-plegable-scaled.jpg\" alt=\"usos diferentes taburete escalera\" width=\"1200\" height=\"1800\" srcset=\"data:image\/svg+xml,%3Csvg%20xmlns%3D%27http%3A%2F%2Fwww.w3.org%2F2000%2Fsvg%27%20width%3D%271200%27%20height%3D%271800%27%20viewBox%3D%270%200%201200%201800%27%3E%3Crect%20width%3D%271200%27%20height%3D%271800%27%20fill-opacity%3D%220%22%2F%3E%3C%2Fsvg%3E\" data-srcset=\"https:\/\/astideco.com\/blog\/wp-content\/uploads\/2020\/07\/taburete-escalera-plegable-200x300.jpg 200w, https:\/\/astideco.com\/blog\/wp-content\/uploads\/2020\/07\/taburete-escalera-plegable-400x600.jpg 400w, https:\/\/astideco.com\/blog\/wp-content\/uploads\/2020\/07\/taburete-escalera-plegable-600x900.jpg 600w, https:\/\/astideco.com\/blog\/wp-content\/uploads\/2020\/07\/taburete-escalera-plegable-683x1024.jpg 683w, https:\/\/astideco.com\/blog\/wp-content\/uploads\/2020\/07\/taburete-escalera-plegable-768x1152.jpg 768w, https:\/\/astideco.com\/blog\/wp-content\/uploads\/2020\/07\/taburete-escalera-plegable-800x1200.jpg 800w, https:\/\/astideco.com\/blog\/wp-content\/uploads\/2020\/07\/taburete-escalera-plegable-1024x1536.jpg 1024w, https:\/\/astideco.com\/blog\/wp-content\/uploads\/2020\/07\/taburete-escalera-plegable-1200x1800.jpg 1200w, https:\/\/astideco.com\/blog\/wp-content\/uploads\/2020\/07\/taburete-escalera-plegable-1365x2048.jpg 1365w, https:\/\/astideco.com\/blog\/wp-content\/uploads\/2020\/07\/taburete-escalera-plegable-scaled.jpg 1707w\" data-sizes=\"auto\" data-orig-sizes=\"(max-width: 1200px) 100vw, 1200px\" \/><p id=\"caption-attachment-2858\" class=\"wp-caption-text\">Instagram: <a href=\"https:\/\/www.instagram.com\/mumaoi\/\" target=\"_blank\" rel=\"noopener\"><strong>Mumaoi<\/strong><\/a><\/p><\/div>\n<p><span>3. Los plant-lovers animan a decorar nuestras casas y terrazas con plantas. Ade\u00e1s, elegir esos soportes que vuelvan un espacio m\u00e1s agradable y acogedor, es tambi\u00e9n importante. \u00bfTe animas a utilizar un taburete de madera como peana? Ser\u00e1 tu peque\u00f1o altar que lo podr\u00e1s colocar en un rinc\u00f3n del comedor o el balc\u00f3n.\u00a0<\/span><\/p>\n<p><img decoding=\"async\" class=\"lazyload wp-image-2863\" src=\"https:\/\/astideco.com\/blog\/wp-content\/uploads\/2020\/06\/taburte-escalera-peana-plantas.jpg\" data-orig-src=\"https:\/\/astideco.com\/blog\/wp-content\/uploads\/2020\/06\/taburte-escalera-peana-plantas.jpg\" alt=\"taburete escalera diferentes usos\" width=\"1200\" height=\"1833\" srcset=\"data:image\/svg+xml,%3Csvg%20xmlns%3D%27http%3A%2F%2Fwww.w3.org%2F2000%2Fsvg%27%20width%3D%271200%27%20height%3D%271833%27%20viewBox%3D%270%200%201200%201833%27%3E%3Crect%20width%3D%271200%27%20height%3D%271833%27%20fill-opacity%3D%220%22%2F%3E%3C%2Fsvg%3E\" data-srcset=\"https:\/\/astideco.com\/blog\/wp-content\/uploads\/2020\/06\/taburte-escalera-peana-plantas-196x300.jpg 196w, https:\/\/astideco.com\/blog\/wp-content\/uploads\/2020\/06\/taburte-escalera-peana-plantas-200x305.jpg 200w, https:\/\/astideco.com\/blog\/wp-content\/uploads\/2020\/06\/taburte-escalera-peana-plantas-400x611.jpg 400w, https:\/\/astideco.com\/blog\/wp-content\/uploads\/2020\/06\/taburte-escalera-peana-plantas.jpg 497w\" data-sizes=\"auto\" data-orig-sizes=\"(max-width: 1200px) 100vw, 1200px\" \/><\/p>\n<p><span>4. Hay usos que se disparan de nuestra imaginaci\u00f3n. Pero esta idea nos parece muy pr\u00e1ctica: utilizarlos como bancos para disfrutar de esta terraza cubierta los d\u00edas de buen tiempo. La madera aporta siempre un toque natural y mucha calidez a cualqueir espacio.<\/span><\/p>\n<div id=\"attachment_2866\" style=\"width: 1210px\" class=\"wp-caption aligncenter\"><img decoding=\"async\" aria-describedby=\"caption-attachment-2866\" class=\"lazyload wp-image-2866\" src=\"https:\/\/astideco.com\/blog\/wp-content\/uploads\/2020\/06\/taburete-escalera-asiento-en-terraza.jpg\" data-orig-src=\"https:\/\/astideco.com\/blog\/wp-content\/uploads\/2020\/06\/taburete-escalera-asiento-en-terraza.jpg\" alt=\"Marina Cabero\" width=\"1200\" height=\"1738\" srcset=\"data:image\/svg+xml,%3Csvg%20xmlns%3D%27http%3A%2F%2Fwww.w3.org%2F2000%2Fsvg%27%20width%3D%271200%27%20height%3D%271738%27%20viewBox%3D%270%200%201200%201738%27%3E%3Crect%20width%3D%271200%27%20height%3D%271738%27%20fill-opacity%3D%220%22%2F%3E%3C%2Fsvg%3E\" data-srcset=\"https:\/\/astideco.com\/blog\/wp-content\/uploads\/2020\/06\/taburete-escalera-asiento-en-terraza-200x290.jpg 200w, https:\/\/astideco.com\/blog\/wp-content\/uploads\/2020\/06\/taburete-escalera-asiento-en-terraza-207x300.jpg 207w, https:\/\/astideco.com\/blog\/wp-content\/uploads\/2020\/06\/taburete-escalera-asiento-en-terraza-400x579.jpg 400w, https:\/\/astideco.com\/blog\/wp-content\/uploads\/2020\/06\/taburete-escalera-asiento-en-terraza-600x869.jpg 600w, https:\/\/astideco.com\/blog\/wp-content\/uploads\/2020\/06\/taburete-escalera-asiento-en-terraza.jpg 707w\" data-sizes=\"auto\" data-orig-sizes=\"(max-width: 1200px) 100vw, 1200px\" \/><p id=\"caption-attachment-2866\" class=\"wp-caption-text\">Instagram: <a href=\"https:\/\/www.instagram.com\/marinacabero\/\" target=\"_blank\" rel=\"noopener\"><strong>Marinacabero<\/strong><\/a><\/p><\/div>\n<p><span>5. \u00bfAlguna vez has necesitado ayuda para poder alcanzar las zonas m\u00e1s altas de la cocina? Es la estancia de la casa que m\u00e1s armarios o estantes altos tiene por eso de aprovechar bien el espacio pero, a veces, se necesita utilizar una escalera para poder acceder a ellos de forma f\u00e1cil. Pues ah\u00ed est\u00e1 nuestro taburete plegable de madera.<\/span><\/p>\n<div id=\"attachment_4642\" style=\"width: 1210px\" class=\"wp-caption alignnone\"><img decoding=\"async\" aria-describedby=\"caption-attachment-4642\" class=\"lazyload wp-image-4642 size-fusion-1200\" src=\"https:\/\/astideco.com\/blog\/wp-content\/uploads\/2023\/04\/taburete-escalera-plegable-1200x1600.jpg\" data-orig-src=\"https:\/\/astideco.com\/blog\/wp-content\/uploads\/2023\/04\/taburete-escalera-plegable-1200x1600.jpg\" alt=\"\" width=\"1200\" height=\"1600\" srcset=\"data:image\/svg+xml,%3Csvg%20xmlns%3D%27http%3A%2F%2Fwww.w3.org%2F2000%2Fsvg%27%20width%3D%271200%27%20height%3D%271600%27%20viewBox%3D%270%200%201200%201600%27%3E%3Crect%20width%3D%271200%27%20height%3D%271600%27%20fill-opacity%3D%220%22%2F%3E%3C%2Fsvg%3E\" data-srcset=\"https:\/\/astideco.com\/blog\/wp-content\/uploads\/2023\/04\/taburete-escalera-plegable-200x267.jpg 200w, https:\/\/astideco.com\/blog\/wp-content\/uploads\/2023\/04\/taburete-escalera-plegable-225x300.jpg 225w, https:\/\/astideco.com\/blog\/wp-content\/uploads\/2023\/04\/taburete-escalera-plegable-400x533.jpg 400w, https:\/\/astideco.com\/blog\/wp-content\/uploads\/2023\/04\/taburete-escalera-plegable-600x800.jpg 600w, https:\/\/astideco.com\/blog\/wp-content\/uploads\/2023\/04\/taburete-escalera-plegable-768x1024.jpg 768w, https:\/\/astideco.com\/blog\/wp-content\/uploads\/2023\/04\/taburete-escalera-plegable-800x1067.jpg 800w, https:\/\/astideco.com\/blog\/wp-content\/uploads\/2023\/04\/taburete-escalera-plegable-1152x1536.jpg 1152w, https:\/\/astideco.com\/blog\/wp-content\/uploads\/2023\/04\/taburete-escalera-plegable-1200x1600.jpg 1200w, https:\/\/astideco.com\/blog\/wp-content\/uploads\/2023\/04\/taburete-escalera-plegable-1536x2048.jpg 1536w, https:\/\/astideco.com\/blog\/wp-content\/uploads\/2023\/04\/taburete-escalera-plegable-scaled.jpg 1920w\" data-sizes=\"auto\" data-orig-sizes=\"(max-width: 1200px) 100vw, 1200px\" \/><p id=\"caption-attachment-4642\" class=\"wp-caption-text\">Instagram: <a href=\"https:\/\/www.instagram.com\/elemorlovedecor_blog\/\" target=\"_blank\" rel=\"noopener\"><strong>Elemorlovedecor_blog<\/strong><\/a><\/p><\/div>\n<p>6.Una tarea rutinaria del d\u00eda a d\u00eda, como es lavarse los dientes, siempre ser\u00e1 mejor para los m\u00e1s peque\u00f1os, con nuestro taburete de madera plegable. Cuando terminas, lo pliegas y apenas te ocupar\u00e1 espacio.<\/p>\n<div id=\"attachment_4643\" style=\"width: 1210px\" class=\"wp-caption alignnone\"><img decoding=\"async\" aria-describedby=\"caption-attachment-4643\" class=\"lazyload wp-image-4643 size-fusion-1200\" src=\"https:\/\/astideco.com\/blog\/wp-content\/uploads\/2023\/04\/taburete-escalera-plegable-1-1200x1600.jpg\" data-orig-src=\"https:\/\/astideco.com\/blog\/wp-content\/uploads\/2023\/04\/taburete-escalera-plegable-1-1200x1600.jpg\" alt=\"\" width=\"1200\" height=\"1600\" srcset=\"data:image\/svg+xml,%3Csvg%20xmlns%3D%27http%3A%2F%2Fwww.w3.org%2F2000%2Fsvg%27%20width%3D%271200%27%20height%3D%271600%27%20viewBox%3D%270%200%201200%201600%27%3E%3Crect%20width%3D%271200%27%20height%3D%271600%27%20fill-opacity%3D%220%22%2F%3E%3C%2Fsvg%3E\" data-srcset=\"https:\/\/astideco.com\/blog\/wp-content\/uploads\/2023\/04\/taburete-escalera-plegable-1-200x267.jpg 200w, https:\/\/astideco.com\/blog\/wp-content\/uploads\/2023\/04\/taburete-escalera-plegable-1-225x300.jpg 225w, https:\/\/astideco.com\/blog\/wp-content\/uploads\/2023\/04\/taburete-escalera-plegable-1-400x533.jpg 400w, https:\/\/astideco.com\/blog\/wp-content\/uploads\/2023\/04\/taburete-escalera-plegable-1-600x800.jpg 600w, https:\/\/astideco.com\/blog\/wp-content\/uploads\/2023\/04\/taburete-escalera-plegable-1-768x1024.jpg 768w, https:\/\/astideco.com\/blog\/wp-content\/uploads\/2023\/04\/taburete-escalera-plegable-1-800x1067.jpg 800w, https:\/\/astideco.com\/blog\/wp-content\/uploads\/2023\/04\/taburete-escalera-plegable-1-1152x1536.jpg 1152w, https:\/\/astideco.com\/blog\/wp-content\/uploads\/2023\/04\/taburete-escalera-plegable-1-1200x1600.jpg 1200w, https:\/\/astideco.com\/blog\/wp-content\/uploads\/2023\/04\/taburete-escalera-plegable-1-1536x2048.jpg 1536w, https:\/\/astideco.com\/blog\/wp-content\/uploads\/2023\/04\/taburete-escalera-plegable-1-scaled.jpg 1920w\" data-sizes=\"auto\" data-orig-sizes=\"(max-width: 1200px) 100vw, 1200px\" \/><p id=\"caption-attachment-4643\" class=\"wp-caption-text\">Instagram: <a href=\"https:\/\/www.instagram.com\/dulce_olivia2018\/\" target=\"_blank\" rel=\"noopener\"><strong>Dulce_olivia2018<\/strong><\/a><\/p><\/div>\n<p><em><span>Gracias por dejarnos decorar tu hogar de manera sostenible.<\/span><\/em><\/p>\n<p>&nbsp;<\/p>\n","protected":false},"excerpt":{"rendered":"<p>Bueno, bonito, al alcance de todos\u2026 y vers\u00e1til. As\u00ed es nuestro taburete escalera de madera maciza certificada. Y un atributo m\u00e1s: es plegable. \u00bfPuede ser m\u00e1s completo?\u00a0 Quiz\u00e1s la primera utilidad que te ocurra es subirte a \u00e9l para poder  [..]<\/p>\n","protected":false},"author":6,"featured_media":4640,"comment_status":"open","ping_status":"open","sticky":false,"template":"","format":"standard","meta":{"footnotes":""},"categories":[15],"tags":[],"class_list":["post-2857","post","type-post","status-publish","format-standard","has-post-thumbnail","hentry","category-producto"],"yoast_head":"<!-- This site is optimized with the Yoast SEO plugin v27.0 - https:\/\/yoast.com\/product\/yoast-seo-wordpress\/ -->\n<title>Un taburete de madera plegable y seis usos diferentes - Astiblog<\/title>\n<meta name=\"description\" content=\"Un taburete de madera plegable y seis usos diferentes. Insp\u00edrate en nuestras ideas para dar a nuestro banco taburete otras utilidades.\" \/>\n<meta name=\"robots\" content=\"index, follow, max-snippet:-1, max-image-preview:large, max-video-preview:-1\" \/>\n<link rel=\"canonical\" href=\"https:\/\/astideco.com\/blog\/taburete-madera-plegable-usos-diferentes\/\" \/>\n<meta property=\"og:locale\" content=\"es_ES\" \/>\n<meta property=\"og:type\" content=\"article\" \/>\n<meta property=\"og:title\" content=\"Un taburete de madera plegable y seis usos diferentes - Astiblog\" \/>\n<meta property=\"og:description\" content=\"Un taburete de madera plegable y seis usos diferentes. Insp\u00edrate en nuestras ideas para dar a nuestro banco taburete otras utilidades.\" \/>\n<meta property=\"og:url\" content=\"https:\/\/astideco.com\/blog\/taburete-madera-plegable-usos-diferentes\/\" \/>\n<meta property=\"og:site_name\" content=\"Astiblog\" \/>\n<meta property=\"article:published_time\" content=\"2023-07-10T14:43:00+00:00\" \/>\n<meta property=\"article:modified_time\" content=\"2023-07-20T15:50:30+00:00\" \/>\n<meta property=\"og:image\" content=\"https:\/\/astideco.com\/blog\/wp-content\/uploads\/2023\/04\/taburete-escalera-plegable-mesillade-noche.jpg\" \/>\n\t<meta property=\"og:image:width\" content=\"1600\" \/>\n\t<meta property=\"og:image:height\" content=\"1067\" \/>\n\t<meta property=\"og:image:type\" content=\"image\/jpeg\" \/>\n<meta name=\"author\" content=\"Astigarraga Kit Line\" \/>\n<meta name=\"twitter:card\" content=\"summary_large_image\" \/>\n<meta name=\"twitter:label1\" content=\"Escrito por\" \/>\n\t<meta name=\"twitter:data1\" content=\"Astigarraga Kit Line\" \/>\n\t<meta name=\"twitter:label2\" content=\"Tiempo de lectura\" \/>\n\t<meta name=\"twitter:data2\" content=\"4 minutos\" \/>\n<script type=\"application\/ld+json\" class=\"yoast-schema-graph\">{\"@context\":\"https:\/\/schema.org\",\"@graph\":[{\"@type\":\"Article\",\"@id\":\"https:\/\/astideco.com\/blog\/taburete-madera-plegable-usos-diferentes\/#article\",\"isPartOf\":{\"@id\":\"https:\/\/astideco.com\/blog\/taburete-madera-plegable-usos-diferentes\/\"},\"author\":{\"name\":\"Astigarraga Kit Line\",\"@id\":\"https:\/\/astideco.com\/blog\/#\/schema\/person\/13fd236103c4c231352fb09b2b7ac5cf\"},\"headline\":\"Un taburete de madera plegable y seis usos diferentes\",\"datePublished\":\"2023-07-10T14:43:00+00:00\",\"dateModified\":\"2023-07-20T15:50:30+00:00\",\"mainEntityOfPage\":{\"@id\":\"https:\/\/astideco.com\/blog\/taburete-madera-plegable-usos-diferentes\/\"},\"wordCount\":659,\"commentCount\":0,\"image\":{\"@id\":\"https:\/\/astideco.com\/blog\/taburete-madera-plegable-usos-diferentes\/#primaryimage\"},\"thumbnailUrl\":\"https:\/\/astideco.com\/blog\/wp-content\/uploads\/2023\/04\/taburete-escalera-plegable-mesillade-noche.jpg\",\"articleSection\":[\"Producto\"],\"inLanguage\":\"es\",\"potentialAction\":[{\"@type\":\"CommentAction\",\"name\":\"Comment\",\"target\":[\"https:\/\/astideco.com\/blog\/taburete-madera-plegable-usos-diferentes\/#respond\"]}]},{\"@type\":\"WebPage\",\"@id\":\"https:\/\/astideco.com\/blog\/taburete-madera-plegable-usos-diferentes\/\",\"url\":\"https:\/\/astideco.com\/blog\/taburete-madera-plegable-usos-diferentes\/\",\"name\":\"Un taburete de madera plegable y seis usos diferentes - Astiblog\",\"isPartOf\":{\"@id\":\"https:\/\/astideco.com\/blog\/#website\"},\"primaryImageOfPage\":{\"@id\":\"https:\/\/astideco.com\/blog\/taburete-madera-plegable-usos-diferentes\/#primaryimage\"},\"image\":{\"@id\":\"https:\/\/astideco.com\/blog\/taburete-madera-plegable-usos-diferentes\/#primaryimage\"},\"thumbnailUrl\":\"https:\/\/astideco.com\/blog\/wp-content\/uploads\/2023\/04\/taburete-escalera-plegable-mesillade-noche.jpg\",\"datePublished\":\"2023-07-10T14:43:00+00:00\",\"dateModified\":\"2023-07-20T15:50:30+00:00\",\"author\":{\"@id\":\"https:\/\/astideco.com\/blog\/#\/schema\/person\/13fd236103c4c231352fb09b2b7ac5cf\"},\"description\":\"Un taburete de madera plegable y seis usos diferentes. Insp\u00edrate en nuestras ideas para dar a nuestro banco taburete otras utilidades.\",\"breadcrumb\":{\"@id\":\"https:\/\/astideco.com\/blog\/taburete-madera-plegable-usos-diferentes\/#breadcrumb\"},\"inLanguage\":\"es\",\"potentialAction\":[{\"@type\":\"ReadAction\",\"target\":[\"https:\/\/astideco.com\/blog\/taburete-madera-plegable-usos-diferentes\/\"]}]},{\"@type\":\"ImageObject\",\"inLanguage\":\"es\",\"@id\":\"https:\/\/astideco.com\/blog\/taburete-madera-plegable-usos-diferentes\/#primaryimage\",\"url\":\"https:\/\/astideco.com\/blog\/wp-content\/uploads\/2023\/04\/taburete-escalera-plegable-mesillade-noche.jpg\",\"contentUrl\":\"https:\/\/astideco.com\/blog\/wp-content\/uploads\/2023\/04\/taburete-escalera-plegable-mesillade-noche.jpg\",\"width\":1600,\"height\":1067},{\"@type\":\"BreadcrumbList\",\"@id\":\"https:\/\/astideco.com\/blog\/taburete-madera-plegable-usos-diferentes\/#breadcrumb\",\"itemListElement\":[{\"@type\":\"ListItem\",\"position\":1,\"name\":\"Portada\",\"item\":\"https:\/\/astideco.com\/blog\/\"},{\"@type\":\"ListItem\",\"position\":2,\"name\":\"Un taburete de madera plegable y seis usos diferentes\"}]},{\"@type\":\"WebSite\",\"@id\":\"https:\/\/astideco.com\/blog\/#website\",\"url\":\"https:\/\/astideco.com\/blog\/\",\"name\":\"Astiblog\",\"description\":\"Blog de Astideco.com\",\"potentialAction\":[{\"@type\":\"SearchAction\",\"target\":{\"@type\":\"EntryPoint\",\"urlTemplate\":\"https:\/\/astideco.com\/blog\/?s={search_term_string}\"},\"query-input\":{\"@type\":\"PropertyValueSpecification\",\"valueRequired\":true,\"valueName\":\"search_term_string\"}}],\"inLanguage\":\"es\"},{\"@type\":\"Person\",\"@id\":\"https:\/\/astideco.com\/blog\/#\/schema\/person\/13fd236103c4c231352fb09b2b7ac5cf\",\"name\":\"Astigarraga Kit Line\"}]}<\/script>\n<!-- \/ Yoast SEO plugin. -->","yoast_head_json":{"title":"Un taburete de madera plegable y seis usos diferentes - Astiblog","description":"Un taburete de madera plegable y seis usos diferentes. Insp\u00edrate en nuestras ideas para dar a nuestro banco taburete otras utilidades.","robots":{"index":"index","follow":"follow","max-snippet":"max-snippet:-1","max-image-preview":"max-image-preview:large","max-video-preview":"max-video-preview:-1"},"canonical":"https:\/\/astideco.com\/blog\/taburete-madera-plegable-usos-diferentes\/","og_locale":"es_ES","og_type":"article","og_title":"Un taburete de madera plegable y seis usos diferentes - Astiblog","og_description":"Un taburete de madera plegable y seis usos diferentes. Insp\u00edrate en nuestras ideas para dar a nuestro banco taburete otras utilidades.","og_url":"https:\/\/astideco.com\/blog\/taburete-madera-plegable-usos-diferentes\/","og_site_name":"Astiblog","article_published_time":"2023-07-10T14:43:00+00:00","article_modified_time":"2023-07-20T15:50:30+00:00","og_image":[{"width":1600,"height":1067,"url":"https:\/\/astideco.com\/blog\/wp-content\/uploads\/2023\/04\/taburete-escalera-plegable-mesillade-noche.jpg","type":"image\/jpeg"}],"author":"Astigarraga Kit Line","twitter_card":"summary_large_image","twitter_misc":{"Escrito por":"Astigarraga Kit Line","Tiempo de lectura":"4 minutos"},"schema":{"@context":"https:\/\/schema.org","@graph":[{"@type":"Article","@id":"https:\/\/astideco.com\/blog\/taburete-madera-plegable-usos-diferentes\/#article","isPartOf":{"@id":"https:\/\/astideco.com\/blog\/taburete-madera-plegable-usos-diferentes\/"},"author":{"name":"Astigarraga Kit Line","@id":"https:\/\/astideco.com\/blog\/#\/schema\/person\/13fd236103c4c231352fb09b2b7ac5cf"},"headline":"Un taburete de madera plegable y seis usos diferentes","datePublished":"2023-07-10T14:43:00+00:00","dateModified":"2023-07-20T15:50:30+00:00","mainEntityOfPage":{"@id":"https:\/\/astideco.com\/blog\/taburete-madera-plegable-usos-diferentes\/"},"wordCount":659,"commentCount":0,"image":{"@id":"https:\/\/astideco.com\/blog\/taburete-madera-plegable-usos-diferentes\/#primaryimage"},"thumbnailUrl":"https:\/\/astideco.com\/blog\/wp-content\/uploads\/2023\/04\/taburete-escalera-plegable-mesillade-noche.jpg","articleSection":["Producto"],"inLanguage":"es","potentialAction":[{"@type":"CommentAction","name":"Comment","target":["https:\/\/astideco.com\/blog\/taburete-madera-plegable-usos-diferentes\/#respond"]}]},{"@type":"WebPage","@id":"https:\/\/astideco.com\/blog\/taburete-madera-plegable-usos-diferentes\/","url":"https:\/\/astideco.com\/blog\/taburete-madera-plegable-usos-diferentes\/","name":"Un taburete de madera plegable y seis usos diferentes - Astiblog","isPartOf":{"@id":"https:\/\/astideco.com\/blog\/#website"},"primaryImageOfPage":{"@id":"https:\/\/astideco.com\/blog\/taburete-madera-plegable-usos-diferentes\/#primaryimage"},"image":{"@id":"https:\/\/astideco.com\/blog\/taburete-madera-plegable-usos-diferentes\/#primaryimage"},"thumbnailUrl":"https:\/\/astideco.com\/blog\/wp-content\/uploads\/2023\/04\/taburete-escalera-plegable-mesillade-noche.jpg","datePublished":"2023-07-10T14:43:00+00:00","dateModified":"2023-07-20T15:50:30+00:00","author":{"@id":"https:\/\/astideco.com\/blog\/#\/schema\/person\/13fd236103c4c231352fb09b2b7ac5cf"},"description":"Un taburete de madera plegable y seis usos diferentes. Insp\u00edrate en nuestras ideas para dar a nuestro banco taburete otras utilidades.","breadcrumb":{"@id":"https:\/\/astideco.com\/blog\/taburete-madera-plegable-usos-diferentes\/#breadcrumb"},"inLanguage":"es","potentialAction":[{"@type":"ReadAction","target":["https:\/\/astideco.com\/blog\/taburete-madera-plegable-usos-diferentes\/"]}]},{"@type":"ImageObject","inLanguage":"es","@id":"https:\/\/astideco.com\/blog\/taburete-madera-plegable-usos-diferentes\/#primaryimage","url":"https:\/\/astideco.com\/blog\/wp-content\/uploads\/2023\/04\/taburete-escalera-plegable-mesillade-noche.jpg","contentUrl":"https:\/\/astideco.com\/blog\/wp-content\/uploads\/2023\/04\/taburete-escalera-plegable-mesillade-noche.jpg","width":1600,"height":1067},{"@type":"BreadcrumbList","@id":"https:\/\/astideco.com\/blog\/taburete-madera-plegable-usos-diferentes\/#breadcrumb","itemListElement":[{"@type":"ListItem","position":1,"name":"Portada","item":"https:\/\/astideco.com\/blog\/"},{"@type":"ListItem","position":2,"name":"Un taburete de madera plegable y seis usos diferentes"}]},{"@type":"WebSite","@id":"https:\/\/astideco.com\/blog\/#website","url":"https:\/\/astideco.com\/blog\/","name":"Astiblog","description":"Blog de Astideco.com","potentialAction":[{"@type":"SearchAction","target":{"@type":"EntryPoint","urlTemplate":"https:\/\/astideco.com\/blog\/?s={search_term_string}"},"query-input":{"@type":"PropertyValueSpecification","valueRequired":true,"valueName":"search_term_string"}}],"inLanguage":"es"},{"@type":"Person","@id":"https:\/\/astideco.com\/blog\/#\/schema\/person\/13fd236103c4c231352fb09b2b7ac5cf","name":"Astigarraga Kit Line"}]}},"_links":{"self":[{"href":"https:\/\/astideco.com\/blog\/wp-json\/wp\/v2\/posts\/2857","targetHints":{"allow":["GET"]}}],"collection":[{"href":"https:\/\/astideco.com\/blog\/wp-json\/wp\/v2\/posts"}],"about":[{"href":"https:\/\/astideco.com\/blog\/wp-json\/wp\/v2\/types\/post"}],"author":[{"embeddable":true,"href":"https:\/\/astideco.com\/blog\/wp-json\/wp\/v2\/users\/6"}],"replies":[{"embeddable":true,"href":"https:\/\/astideco.com\/blog\/wp-json\/wp\/v2\/comments?post=2857"}],"version-history":[{"count":11,"href":"https:\/\/astideco.com\/blog\/wp-json\/wp\/v2\/posts\/2857\/revisions"}],"predecessor-version":[{"id":4645,"href":"https:\/\/astideco.com\/blog\/wp-json\/wp\/v2\/posts\/2857\/revisions\/4645"}],"wp:featuredmedia":[{"embeddable":true,"href":"https:\/\/astideco.com\/blog\/wp-json\/wp\/v2\/media\/4640"}],"wp:attachment":[{"href":"https:\/\/astideco.com\/blog\/wp-json\/wp\/v2\/media?parent=2857"}],"wp:term":[{"taxonomy":"category","embeddable":true,"href":"https:\/\/astideco.com\/blog\/wp-json\/wp\/v2\/categories?post=2857"},{"taxonomy":"post_tag","embeddable":true,"href":"https:\/\/astideco.com\/blog\/wp-json\/wp\/v2\/tags?post=2857"}],"curies":[{"name":"wp","href":"https:\/\/api.w.org\/{rel}","templated":true}]}}