{"id":1074,"date":"2022-10-26T07:17:13","date_gmt":"2022-10-26T07:17:13","guid":{"rendered":"https:\/\/astideco.com\/blog\/?p=1074"},"modified":"2022-10-26T16:21:24","modified_gmt":"2022-10-26T16:21:24","slug":"todo-el-calzado-de-la-familia-en-el-mismo-zapatero-de-madera","status":"publish","type":"post","link":"https:\/\/astideco.com\/blog\/todo-el-calzado-de-la-familia-en-el-mismo-zapatero-de-madera\/","title":{"rendered":"Todo el calzado de la familia en el mismo zapatero de madera"},"content":{"rendered":"<p><span>Cualquier d\u00eda entre semana por la ma\u00f1ana, te levantas, te lanzas a la carrera para no llegar tarde al trabajo, desayunas, te duchas, te vistes y\u2026 \u00a1\u00bfD\u00f3nde est\u00e1n mis zapatos?! \u00bfTe ha pasado alguna vez? A nosotros s\u00ed, sobre todo cuando andamos con el tiempo contra reloj. El post de hoy es de esos que nos gustan mucho porque viene a solventar uno de esos problemas que existen en cualquier hogar: zapatos que colonizan varias estancias de la casa, desperdigados, fuera de lugar y, como es l\u00f3gico, imposible de encontrarlos. Por eso, sigue leyendo y descubre c\u00f3mo lograr que est\u00e9 <strong>todo el calzado de la familia en el mismo zapatero de madera<\/strong>.<\/span><\/p>\n<p><span>Incorporamos nuevo <a href=\"https:\/\/astideco.com\/es\/zapateros\/zapatero-de-madera-en-blanco-para-28-pares-de-zapato\"><span><strong>zapatero de madera en blanco<\/strong><\/span><\/a> a nuestra tienda online. Porque sabemos que organizar los zapatos no es tarea sencilla y menos si eres una amante de ellos. Para verano, para invierno, para el entretiempo, altos, bajos, de distintos colores\u2026 La lista de los zapatos puede llegar a ser infinita. Y es que cada ocasi\u00f3n necesita su calzado y cada calzado su espacio en casa. Si a esto le sumamos las deportivas de los peque\u00f1os, sus botas, las chanclas\u2026 tenemos como resultado un caos dif\u00edcil de controlar.\u00a0<\/span><\/p>\n<p><img decoding=\"async\" class=\"lazyload alignnone size-fusion-1200 wp-image-4323\" src=\"https:\/\/astideco.com\/blog\/wp-content\/uploads\/2016\/11\/foto-nueva-entrada-blanco-1200x813.jpg\" data-orig-src=\"https:\/\/astideco.com\/blog\/wp-content\/uploads\/2016\/11\/foto-nueva-entrada-blanco-1200x813.jpg\" alt=\"\" width=\"1200\" height=\"813\" srcset=\"data:image\/svg+xml,%3Csvg%20xmlns%3D%27http%3A%2F%2Fwww.w3.org%2F2000%2Fsvg%27%20width%3D%271200%27%20height%3D%27813%27%20viewBox%3D%270%200%201200%20813%27%3E%3Crect%20width%3D%271200%27%20height%3D%27813%27%20fill-opacity%3D%220%22%2F%3E%3C%2Fsvg%3E\" data-srcset=\"https:\/\/astideco.com\/blog\/wp-content\/uploads\/2016\/11\/foto-nueva-entrada-blanco-200x135.jpg 200w, https:\/\/astideco.com\/blog\/wp-content\/uploads\/2016\/11\/foto-nueva-entrada-blanco-300x203.jpg 300w, https:\/\/astideco.com\/blog\/wp-content\/uploads\/2016\/11\/foto-nueva-entrada-blanco-400x271.jpg 400w, https:\/\/astideco.com\/blog\/wp-content\/uploads\/2016\/11\/foto-nueva-entrada-blanco-600x406.jpg 600w, https:\/\/astideco.com\/blog\/wp-content\/uploads\/2016\/11\/foto-nueva-entrada-blanco-768x520.jpg 768w, https:\/\/astideco.com\/blog\/wp-content\/uploads\/2016\/11\/foto-nueva-entrada-blanco-800x542.jpg 800w, https:\/\/astideco.com\/blog\/wp-content\/uploads\/2016\/11\/foto-nueva-entrada-blanco-1024x694.jpg 1024w, https:\/\/astideco.com\/blog\/wp-content\/uploads\/2016\/11\/foto-nueva-entrada-blanco-1200x813.jpg 1200w, https:\/\/astideco.com\/blog\/wp-content\/uploads\/2016\/11\/foto-nueva-entrada-blanco-1536x1040.jpg 1536w\" data-sizes=\"auto\" data-orig-sizes=\"(max-width: 1200px) 100vw, 1200px\" \/><\/p>\n<h2><span>Zapatero blanco de madera<\/span><\/h2>\n<p><span>Seguramente procuras mantener el orden en casa y te esmeras para lograrlo, pero como es normal, es dif\u00edcil llegar a todo. Para que el orden no peligre cuando hay zapatos de por medio, te proponemos el <strong>zapatero de madera acabado en barnizado blanco<\/strong> de Astigarraga Kit line. 130cm de altura, 80cm de ancho y 35cm de fondo son los necesarios para ordenar, atenci\u00f3n, <strong>\u00a128 pares de zapatos!\u00a0<\/strong><\/span><\/p>\n<div id=\"attachment_4324\" style=\"width: 1210px\" class=\"wp-caption alignnone\"><img decoding=\"async\" aria-describedby=\"caption-attachment-4324\" class=\"lazyload wp-image-4324 size-fusion-1200\" src=\"https:\/\/astideco.com\/blog\/wp-content\/uploads\/2016\/11\/20221007_152013_edited_edited-1200x900.jpeg\" data-orig-src=\"https:\/\/astideco.com\/blog\/wp-content\/uploads\/2016\/11\/20221007_152013_edited_edited-1200x900.jpeg\" alt=\"\" width=\"1200\" height=\"900\" srcset=\"data:image\/svg+xml,%3Csvg%20xmlns%3D%27http%3A%2F%2Fwww.w3.org%2F2000%2Fsvg%27%20width%3D%271200%27%20height%3D%27900%27%20viewBox%3D%270%200%201200%20900%27%3E%3Crect%20width%3D%271200%27%20height%3D%27900%27%20fill-opacity%3D%220%22%2F%3E%3C%2Fsvg%3E\" data-srcset=\"https:\/\/astideco.com\/blog\/wp-content\/uploads\/2016\/11\/20221007_152013_edited_edited-200x150.jpeg 200w, https:\/\/astideco.com\/blog\/wp-content\/uploads\/2016\/11\/20221007_152013_edited_edited-300x225.jpeg 300w, https:\/\/astideco.com\/blog\/wp-content\/uploads\/2016\/11\/20221007_152013_edited_edited-400x300.jpeg 400w, https:\/\/astideco.com\/blog\/wp-content\/uploads\/2016\/11\/20221007_152013_edited_edited-600x450.jpeg 600w, https:\/\/astideco.com\/blog\/wp-content\/uploads\/2016\/11\/20221007_152013_edited_edited-768x576.jpeg 768w, https:\/\/astideco.com\/blog\/wp-content\/uploads\/2016\/11\/20221007_152013_edited_edited-800x600.jpeg 800w, https:\/\/astideco.com\/blog\/wp-content\/uploads\/2016\/11\/20221007_152013_edited_edited-1024x768.jpeg 1024w, https:\/\/astideco.com\/blog\/wp-content\/uploads\/2016\/11\/20221007_152013_edited_edited-1200x900.jpeg 1200w, https:\/\/astideco.com\/blog\/wp-content\/uploads\/2016\/11\/20221007_152013_edited_edited-1536x1152.jpeg 1536w\" data-sizes=\"auto\" data-orig-sizes=\"(max-width: 1200px) 100vw, 1200px\" \/><p id=\"caption-attachment-4324\" class=\"wp-caption-text\">Foto: <a href=\"https:\/\/www.instagram.com\/scandana_shd\/?hl=es\"><strong>@scandana_shd<\/strong><\/a><\/p><\/div>\n<p><span>Cuatro pares en cada una de las siete puertas que contiene. \u00bfAhora puedes tener todos los zapatos de la familia en un mismo espacio? \u00a1Claro que s\u00ed!<\/span><\/p>\n<div id=\"attachment_4325\" style=\"width: 1210px\" class=\"wp-caption alignnone\"><img decoding=\"async\" aria-describedby=\"caption-attachment-4325\" class=\"lazyload wp-image-4325 size-fusion-1200\" src=\"https:\/\/astideco.com\/blog\/wp-content\/uploads\/2016\/11\/20221005_142040_edited-1200x2133.jpeg\" data-orig-src=\"https:\/\/astideco.com\/blog\/wp-content\/uploads\/2016\/11\/20221005_142040_edited-1200x2133.jpeg\" alt=\"\" width=\"1200\" height=\"2133\" srcset=\"data:image\/svg+xml,%3Csvg%20xmlns%3D%27http%3A%2F%2Fwww.w3.org%2F2000%2Fsvg%27%20width%3D%271200%27%20height%3D%272133%27%20viewBox%3D%270%200%201200%202133%27%3E%3Crect%20width%3D%271200%27%20height%3D%272133%27%20fill-opacity%3D%220%22%2F%3E%3C%2Fsvg%3E\" data-srcset=\"https:\/\/astideco.com\/blog\/wp-content\/uploads\/2016\/11\/20221005_142040_edited-169x300.jpeg 169w, https:\/\/astideco.com\/blog\/wp-content\/uploads\/2016\/11\/20221005_142040_edited-200x356.jpeg 200w, https:\/\/astideco.com\/blog\/wp-content\/uploads\/2016\/11\/20221005_142040_edited-400x711.jpeg 400w, https:\/\/astideco.com\/blog\/wp-content\/uploads\/2016\/11\/20221005_142040_edited-576x1024.jpeg 576w, https:\/\/astideco.com\/blog\/wp-content\/uploads\/2016\/11\/20221005_142040_edited-600x1067.jpeg 600w, https:\/\/astideco.com\/blog\/wp-content\/uploads\/2016\/11\/20221005_142040_edited-768x1365.jpeg 768w, https:\/\/astideco.com\/blog\/wp-content\/uploads\/2016\/11\/20221005_142040_edited-800x1422.jpeg 800w, https:\/\/astideco.com\/blog\/wp-content\/uploads\/2016\/11\/20221005_142040_edited-864x1536.jpeg 864w, https:\/\/astideco.com\/blog\/wp-content\/uploads\/2016\/11\/20221005_142040_edited-1152x2048.jpeg 1152w, https:\/\/astideco.com\/blog\/wp-content\/uploads\/2016\/11\/20221005_142040_edited-1200x2133.jpeg 1200w, https:\/\/astideco.com\/blog\/wp-content\/uploads\/2016\/11\/20221005_142040_edited-scaled.jpeg 1440w\" data-sizes=\"auto\" data-orig-sizes=\"(max-width: 1200px) 100vw, 1200px\" \/><p id=\"caption-attachment-4325\" class=\"wp-caption-text\">Foto: <a href=\"https:\/\/www.instagram.com\/scandana_shd\/?hl=es\"><strong>@scandana_shd<\/strong><\/a><\/p><\/div>\n<p><span>28 pares de zapatos bien organizados y fuera de la vista para evitar ruido visual tras un mueble con un dise\u00f1o est\u00e9tico e ideal que tambi\u00e9n puede hacer las veces de <strong>c\u00f3moda de madera<\/strong>. Un <strong>mueble zapatero de madera<\/strong> o un mueble de almacenaje que esconde una imagen muy parecida a las c\u00f3modas, por lo que queda genial en cualquier <strong>pasillo<\/strong> de casa, en la <strong>entrada<\/strong> o en una <strong>habitaci\u00f3n<\/strong>. Una fotograf\u00eda especial, flores, una planta o un recuerdo en la repisa superior y nadie se imaginar\u00e1 lo que contiene.<\/span><\/p>\n<div id=\"attachment_4326\" style=\"width: 1210px\" class=\"wp-caption alignnone\"><img decoding=\"async\" aria-describedby=\"caption-attachment-4326\" class=\"lazyload wp-image-4326 size-fusion-1200\" src=\"https:\/\/astideco.com\/blog\/wp-content\/uploads\/2016\/11\/image00009-1200x1600.jpeg\" data-orig-src=\"https:\/\/astideco.com\/blog\/wp-content\/uploads\/2016\/11\/image00009-1200x1600.jpeg\" alt=\"\" width=\"1200\" height=\"1600\" srcset=\"data:image\/svg+xml,%3Csvg%20xmlns%3D%27http%3A%2F%2Fwww.w3.org%2F2000%2Fsvg%27%20width%3D%271200%27%20height%3D%271600%27%20viewBox%3D%270%200%201200%201600%27%3E%3Crect%20width%3D%271200%27%20height%3D%271600%27%20fill-opacity%3D%220%22%2F%3E%3C%2Fsvg%3E\" data-srcset=\"https:\/\/astideco.com\/blog\/wp-content\/uploads\/2016\/11\/image00009-200x267.jpeg 200w, https:\/\/astideco.com\/blog\/wp-content\/uploads\/2016\/11\/image00009-225x300.jpeg 225w, https:\/\/astideco.com\/blog\/wp-content\/uploads\/2016\/11\/image00009-400x533.jpeg 400w, https:\/\/astideco.com\/blog\/wp-content\/uploads\/2016\/11\/image00009-600x800.jpeg 600w, https:\/\/astideco.com\/blog\/wp-content\/uploads\/2016\/11\/image00009-768x1024.jpeg 768w, https:\/\/astideco.com\/blog\/wp-content\/uploads\/2016\/11\/image00009-800x1067.jpeg 800w, https:\/\/astideco.com\/blog\/wp-content\/uploads\/2016\/11\/image00009-1152x1536.jpeg 1152w, https:\/\/astideco.com\/blog\/wp-content\/uploads\/2016\/11\/image00009-1200x1600.jpeg 1200w, https:\/\/astideco.com\/blog\/wp-content\/uploads\/2016\/11\/image00009-1536x2048.jpeg 1536w, https:\/\/astideco.com\/blog\/wp-content\/uploads\/2016\/11\/image00009-scaled.jpeg 1920w\" data-sizes=\"auto\" data-orig-sizes=\"(max-width: 1200px) 100vw, 1200px\" \/><p id=\"caption-attachment-4326\" class=\"wp-caption-text\">Foto: <a href=\"https:\/\/www.instagram.com\/roser_home_\/?hl=es\"><strong>@roser_home_<\/strong><\/a><\/p><\/div>\n<p><span>Como todos los productos de Astigarraga kit Line, este zapatero blanco de madera\u00a0 est\u00e1 fabricado con chapa de madera de pino procedente de bosques sostenibles. Es por eso que cuenta con el <a href=\"https:\/\/www.pefc.es\/\"><span><strong>certificado PEFC<\/strong><\/span><\/a>. Te aseguras que est\u00e1s comprando un producto sostenible y adem\u00e1s, acabas con el quebradero de cabeza de que todos los zapatos campen a sus anchas por las habitaciones de casa. Ahora s\u00ed que s\u00ed has encontrado al aliado perfecto para <strong>guardar y ordenar todo el calzado de la familia en un mismo espacio<\/strong>. Y si esta opci\u00f3n no te encaja, no te pierdas nuestro <a href=\"https:\/\/astideco.com\/es\/zapateros\/zapatero-apilable-de-madera-maciza-de-pino\"><span><strong>zapatero apilable de madera natural<\/strong><\/span><\/a>.<\/span><\/p>\n<p><i><span>Gracias por dejarnos decorar vuestro hogar de manera sostenible.<\/span><\/i><\/p>\n","protected":false},"excerpt":{"rendered":"<p>Cualquier d\u00eda entre semana por la ma\u00f1ana, te levantas, te lanzas a la carrera para no llegar tarde al trabajo, desayunas, te duchas, te vistes y\u2026 \u00a1\u00bfD\u00f3nde est\u00e1n mis zapatos?! \u00bfTe ha pasado alguna vez? A nosotros s\u00ed, sobre todo  [..]<\/p>\n","protected":false},"author":6,"featured_media":4322,"comment_status":"open","ping_status":"open","sticky":false,"template":"","format":"standard","meta":{"footnotes":""},"categories":[15],"tags":[62,54,817,819,815],"class_list":["post-1074","post","type-post","status-publish","format-standard","has-post-thumbnail","hentry","category-producto","tag-astigarraga-kit-line","tag-madera-ecologica","tag-mueble-zapatero","tag-zapatero-blanco","tag-zapatero-de-madera"],"yoast_head":"<!-- This site is optimized with the Yoast SEO plugin v27.0 - https:\/\/yoast.com\/product\/yoast-seo-wordpress\/ -->\n<title>Todo el calzado de la familia en el mismo zapatero de madera - Astiblog<\/title>\n<meta name=\"description\" content=\"\u00bfZapatos que colonizan varias estancias? Descubre c\u00f3mo lograr que est\u00e9 todo el calzado de la familia en el mismo zapatero de madera.\" \/>\n<meta name=\"robots\" content=\"index, follow, max-snippet:-1, max-image-preview:large, max-video-preview:-1\" \/>\n<link rel=\"canonical\" href=\"https:\/\/astideco.com\/blog\/todo-el-calzado-de-la-familia-en-el-mismo-zapatero-de-madera\/\" \/>\n<meta property=\"og:locale\" content=\"es_ES\" \/>\n<meta property=\"og:type\" content=\"article\" \/>\n<meta property=\"og:title\" content=\"Todo el calzado de la familia en el mismo zapatero de madera - Astiblog\" \/>\n<meta property=\"og:description\" content=\"\u00bfZapatos que colonizan varias estancias? Descubre c\u00f3mo lograr que est\u00e9 todo el calzado de la familia en el mismo zapatero de madera.\" \/>\n<meta property=\"og:url\" content=\"https:\/\/astideco.com\/blog\/todo-el-calzado-de-la-familia-en-el-mismo-zapatero-de-madera\/\" \/>\n<meta property=\"og:site_name\" content=\"Astiblog\" \/>\n<meta property=\"article:published_time\" content=\"2022-10-26T07:17:13+00:00\" \/>\n<meta property=\"article:modified_time\" content=\"2022-10-26T16:21:24+00:00\" \/>\n<meta property=\"og:image\" content=\"https:\/\/astideco.com\/blog\/wp-content\/uploads\/2016\/11\/20221007_151920_edited_edited-scaled.jpeg\" \/>\n\t<meta property=\"og:image:width\" content=\"2560\" \/>\n\t<meta property=\"og:image:height\" content=\"1920\" \/>\n\t<meta property=\"og:image:type\" content=\"image\/jpeg\" \/>\n<meta name=\"author\" content=\"Astigarraga Kit Line\" \/>\n<meta name=\"twitter:card\" content=\"summary_large_image\" \/>\n<meta name=\"twitter:label1\" content=\"Escrito por\" \/>\n\t<meta name=\"twitter:data1\" content=\"Astigarraga Kit Line\" \/>\n\t<meta name=\"twitter:label2\" content=\"Tiempo de lectura\" \/>\n\t<meta name=\"twitter:data2\" content=\"4 minutos\" \/>\n<script type=\"application\/ld+json\" class=\"yoast-schema-graph\">{\"@context\":\"https:\/\/schema.org\",\"@graph\":[{\"@type\":\"Article\",\"@id\":\"https:\/\/astideco.com\/blog\/todo-el-calzado-de-la-familia-en-el-mismo-zapatero-de-madera\/#article\",\"isPartOf\":{\"@id\":\"https:\/\/astideco.com\/blog\/todo-el-calzado-de-la-familia-en-el-mismo-zapatero-de-madera\/\"},\"author\":{\"name\":\"Astigarraga Kit Line\",\"@id\":\"https:\/\/astideco.com\/blog\/#\/schema\/person\/13fd236103c4c231352fb09b2b7ac5cf\"},\"headline\":\"Todo el calzado de la familia en el mismo zapatero de madera\",\"datePublished\":\"2022-10-26T07:17:13+00:00\",\"dateModified\":\"2022-10-26T16:21:24+00:00\",\"mainEntityOfPage\":{\"@id\":\"https:\/\/astideco.com\/blog\/todo-el-calzado-de-la-familia-en-el-mismo-zapatero-de-madera\/\"},\"wordCount\":561,\"commentCount\":0,\"image\":{\"@id\":\"https:\/\/astideco.com\/blog\/todo-el-calzado-de-la-familia-en-el-mismo-zapatero-de-madera\/#primaryimage\"},\"thumbnailUrl\":\"https:\/\/astideco.com\/blog\/wp-content\/uploads\/2016\/11\/20221007_151920_edited_edited-scaled.jpeg\",\"keywords\":[\"astigarraga kit line\",\"madera ecologica\",\"Mueble zapatero\",\"Zapatero blanco\",\"Zapatero de madera\"],\"articleSection\":[\"Producto\"],\"inLanguage\":\"es\",\"potentialAction\":[{\"@type\":\"CommentAction\",\"name\":\"Comment\",\"target\":[\"https:\/\/astideco.com\/blog\/todo-el-calzado-de-la-familia-en-el-mismo-zapatero-de-madera\/#respond\"]}]},{\"@type\":\"WebPage\",\"@id\":\"https:\/\/astideco.com\/blog\/todo-el-calzado-de-la-familia-en-el-mismo-zapatero-de-madera\/\",\"url\":\"https:\/\/astideco.com\/blog\/todo-el-calzado-de-la-familia-en-el-mismo-zapatero-de-madera\/\",\"name\":\"Todo el calzado de la familia en el mismo zapatero de madera - Astiblog\",\"isPartOf\":{\"@id\":\"https:\/\/astideco.com\/blog\/#website\"},\"primaryImageOfPage\":{\"@id\":\"https:\/\/astideco.com\/blog\/todo-el-calzado-de-la-familia-en-el-mismo-zapatero-de-madera\/#primaryimage\"},\"image\":{\"@id\":\"https:\/\/astideco.com\/blog\/todo-el-calzado-de-la-familia-en-el-mismo-zapatero-de-madera\/#primaryimage\"},\"thumbnailUrl\":\"https:\/\/astideco.com\/blog\/wp-content\/uploads\/2016\/11\/20221007_151920_edited_edited-scaled.jpeg\",\"datePublished\":\"2022-10-26T07:17:13+00:00\",\"dateModified\":\"2022-10-26T16:21:24+00:00\",\"author\":{\"@id\":\"https:\/\/astideco.com\/blog\/#\/schema\/person\/13fd236103c4c231352fb09b2b7ac5cf\"},\"description\":\"\u00bfZapatos que colonizan varias estancias? Descubre c\u00f3mo lograr que est\u00e9 todo el calzado de la familia en el mismo zapatero de madera.\",\"breadcrumb\":{\"@id\":\"https:\/\/astideco.com\/blog\/todo-el-calzado-de-la-familia-en-el-mismo-zapatero-de-madera\/#breadcrumb\"},\"inLanguage\":\"es\",\"potentialAction\":[{\"@type\":\"ReadAction\",\"target\":[\"https:\/\/astideco.com\/blog\/todo-el-calzado-de-la-familia-en-el-mismo-zapatero-de-madera\/\"]}]},{\"@type\":\"ImageObject\",\"inLanguage\":\"es\",\"@id\":\"https:\/\/astideco.com\/blog\/todo-el-calzado-de-la-familia-en-el-mismo-zapatero-de-madera\/#primaryimage\",\"url\":\"https:\/\/astideco.com\/blog\/wp-content\/uploads\/2016\/11\/20221007_151920_edited_edited-scaled.jpeg\",\"contentUrl\":\"https:\/\/astideco.com\/blog\/wp-content\/uploads\/2016\/11\/20221007_151920_edited_edited-scaled.jpeg\",\"width\":2560,\"height\":1920},{\"@type\":\"BreadcrumbList\",\"@id\":\"https:\/\/astideco.com\/blog\/todo-el-calzado-de-la-familia-en-el-mismo-zapatero-de-madera\/#breadcrumb\",\"itemListElement\":[{\"@type\":\"ListItem\",\"position\":1,\"name\":\"Portada\",\"item\":\"https:\/\/astideco.com\/blog\/\"},{\"@type\":\"ListItem\",\"position\":2,\"name\":\"Todo el calzado de la familia en el mismo zapatero de madera\"}]},{\"@type\":\"WebSite\",\"@id\":\"https:\/\/astideco.com\/blog\/#website\",\"url\":\"https:\/\/astideco.com\/blog\/\",\"name\":\"Astiblog\",\"description\":\"Blog de Astideco.com\",\"potentialAction\":[{\"@type\":\"SearchAction\",\"target\":{\"@type\":\"EntryPoint\",\"urlTemplate\":\"https:\/\/astideco.com\/blog\/?s={search_term_string}\"},\"query-input\":{\"@type\":\"PropertyValueSpecification\",\"valueRequired\":true,\"valueName\":\"search_term_string\"}}],\"inLanguage\":\"es\"},{\"@type\":\"Person\",\"@id\":\"https:\/\/astideco.com\/blog\/#\/schema\/person\/13fd236103c4c231352fb09b2b7ac5cf\",\"name\":\"Astigarraga Kit Line\"}]}<\/script>\n<!-- \/ Yoast SEO plugin. -->","yoast_head_json":{"title":"Todo el calzado de la familia en el mismo zapatero de madera - Astiblog","description":"\u00bfZapatos que colonizan varias estancias? Descubre c\u00f3mo lograr que est\u00e9 todo el calzado de la familia en el mismo zapatero de madera.","robots":{"index":"index","follow":"follow","max-snippet":"max-snippet:-1","max-image-preview":"max-image-preview:large","max-video-preview":"max-video-preview:-1"},"canonical":"https:\/\/astideco.com\/blog\/todo-el-calzado-de-la-familia-en-el-mismo-zapatero-de-madera\/","og_locale":"es_ES","og_type":"article","og_title":"Todo el calzado de la familia en el mismo zapatero de madera - Astiblog","og_description":"\u00bfZapatos que colonizan varias estancias? Descubre c\u00f3mo lograr que est\u00e9 todo el calzado de la familia en el mismo zapatero de madera.","og_url":"https:\/\/astideco.com\/blog\/todo-el-calzado-de-la-familia-en-el-mismo-zapatero-de-madera\/","og_site_name":"Astiblog","article_published_time":"2022-10-26T07:17:13+00:00","article_modified_time":"2022-10-26T16:21:24+00:00","og_image":[{"width":2560,"height":1920,"url":"https:\/\/astideco.com\/blog\/wp-content\/uploads\/2016\/11\/20221007_151920_edited_edited-scaled.jpeg","type":"image\/jpeg"}],"author":"Astigarraga Kit Line","twitter_card":"summary_large_image","twitter_misc":{"Escrito por":"Astigarraga Kit Line","Tiempo de lectura":"4 minutos"},"schema":{"@context":"https:\/\/schema.org","@graph":[{"@type":"Article","@id":"https:\/\/astideco.com\/blog\/todo-el-calzado-de-la-familia-en-el-mismo-zapatero-de-madera\/#article","isPartOf":{"@id":"https:\/\/astideco.com\/blog\/todo-el-calzado-de-la-familia-en-el-mismo-zapatero-de-madera\/"},"author":{"name":"Astigarraga Kit Line","@id":"https:\/\/astideco.com\/blog\/#\/schema\/person\/13fd236103c4c231352fb09b2b7ac5cf"},"headline":"Todo el calzado de la familia en el mismo zapatero de madera","datePublished":"2022-10-26T07:17:13+00:00","dateModified":"2022-10-26T16:21:24+00:00","mainEntityOfPage":{"@id":"https:\/\/astideco.com\/blog\/todo-el-calzado-de-la-familia-en-el-mismo-zapatero-de-madera\/"},"wordCount":561,"commentCount":0,"image":{"@id":"https:\/\/astideco.com\/blog\/todo-el-calzado-de-la-familia-en-el-mismo-zapatero-de-madera\/#primaryimage"},"thumbnailUrl":"https:\/\/astideco.com\/blog\/wp-content\/uploads\/2016\/11\/20221007_151920_edited_edited-scaled.jpeg","keywords":["astigarraga kit line","madera ecologica","Mueble zapatero","Zapatero blanco","Zapatero de madera"],"articleSection":["Producto"],"inLanguage":"es","potentialAction":[{"@type":"CommentAction","name":"Comment","target":["https:\/\/astideco.com\/blog\/todo-el-calzado-de-la-familia-en-el-mismo-zapatero-de-madera\/#respond"]}]},{"@type":"WebPage","@id":"https:\/\/astideco.com\/blog\/todo-el-calzado-de-la-familia-en-el-mismo-zapatero-de-madera\/","url":"https:\/\/astideco.com\/blog\/todo-el-calzado-de-la-familia-en-el-mismo-zapatero-de-madera\/","name":"Todo el calzado de la familia en el mismo zapatero de madera - Astiblog","isPartOf":{"@id":"https:\/\/astideco.com\/blog\/#website"},"primaryImageOfPage":{"@id":"https:\/\/astideco.com\/blog\/todo-el-calzado-de-la-familia-en-el-mismo-zapatero-de-madera\/#primaryimage"},"image":{"@id":"https:\/\/astideco.com\/blog\/todo-el-calzado-de-la-familia-en-el-mismo-zapatero-de-madera\/#primaryimage"},"thumbnailUrl":"https:\/\/astideco.com\/blog\/wp-content\/uploads\/2016\/11\/20221007_151920_edited_edited-scaled.jpeg","datePublished":"2022-10-26T07:17:13+00:00","dateModified":"2022-10-26T16:21:24+00:00","author":{"@id":"https:\/\/astideco.com\/blog\/#\/schema\/person\/13fd236103c4c231352fb09b2b7ac5cf"},"description":"\u00bfZapatos que colonizan varias estancias? Descubre c\u00f3mo lograr que est\u00e9 todo el calzado de la familia en el mismo zapatero de madera.","breadcrumb":{"@id":"https:\/\/astideco.com\/blog\/todo-el-calzado-de-la-familia-en-el-mismo-zapatero-de-madera\/#breadcrumb"},"inLanguage":"es","potentialAction":[{"@type":"ReadAction","target":["https:\/\/astideco.com\/blog\/todo-el-calzado-de-la-familia-en-el-mismo-zapatero-de-madera\/"]}]},{"@type":"ImageObject","inLanguage":"es","@id":"https:\/\/astideco.com\/blog\/todo-el-calzado-de-la-familia-en-el-mismo-zapatero-de-madera\/#primaryimage","url":"https:\/\/astideco.com\/blog\/wp-content\/uploads\/2016\/11\/20221007_151920_edited_edited-scaled.jpeg","contentUrl":"https:\/\/astideco.com\/blog\/wp-content\/uploads\/2016\/11\/20221007_151920_edited_edited-scaled.jpeg","width":2560,"height":1920},{"@type":"BreadcrumbList","@id":"https:\/\/astideco.com\/blog\/todo-el-calzado-de-la-familia-en-el-mismo-zapatero-de-madera\/#breadcrumb","itemListElement":[{"@type":"ListItem","position":1,"name":"Portada","item":"https:\/\/astideco.com\/blog\/"},{"@type":"ListItem","position":2,"name":"Todo el calzado de la familia en el mismo zapatero de madera"}]},{"@type":"WebSite","@id":"https:\/\/astideco.com\/blog\/#website","url":"https:\/\/astideco.com\/blog\/","name":"Astiblog","description":"Blog de Astideco.com","potentialAction":[{"@type":"SearchAction","target":{"@type":"EntryPoint","urlTemplate":"https:\/\/astideco.com\/blog\/?s={search_term_string}"},"query-input":{"@type":"PropertyValueSpecification","valueRequired":true,"valueName":"search_term_string"}}],"inLanguage":"es"},{"@type":"Person","@id":"https:\/\/astideco.com\/blog\/#\/schema\/person\/13fd236103c4c231352fb09b2b7ac5cf","name":"Astigarraga Kit Line"}]}},"_links":{"self":[{"href":"https:\/\/astideco.com\/blog\/wp-json\/wp\/v2\/posts\/1074","targetHints":{"allow":["GET"]}}],"collection":[{"href":"https:\/\/astideco.com\/blog\/wp-json\/wp\/v2\/posts"}],"about":[{"href":"https:\/\/astideco.com\/blog\/wp-json\/wp\/v2\/types\/post"}],"author":[{"embeddable":true,"href":"https:\/\/astideco.com\/blog\/wp-json\/wp\/v2\/users\/6"}],"replies":[{"embeddable":true,"href":"https:\/\/astideco.com\/blog\/wp-json\/wp\/v2\/comments?post=1074"}],"version-history":[{"count":5,"href":"https:\/\/astideco.com\/blog\/wp-json\/wp\/v2\/posts\/1074\/revisions"}],"predecessor-version":[{"id":4351,"href":"https:\/\/astideco.com\/blog\/wp-json\/wp\/v2\/posts\/1074\/revisions\/4351"}],"wp:featuredmedia":[{"embeddable":true,"href":"https:\/\/astideco.com\/blog\/wp-json\/wp\/v2\/media\/4322"}],"wp:attachment":[{"href":"https:\/\/astideco.com\/blog\/wp-json\/wp\/v2\/media?parent=1074"}],"wp:term":[{"taxonomy":"category","embeddable":true,"href":"https:\/\/astideco.com\/blog\/wp-json\/wp\/v2\/categories?post=1074"},{"taxonomy":"post_tag","embeddable":true,"href":"https:\/\/astideco.com\/blog\/wp-json\/wp\/v2\/tags?post=1074"}],"curies":[{"name":"wp","href":"https:\/\/api.w.org\/{rel}","templated":true}]}}