{"id":1058,"date":"2022-11-17T08:07:53","date_gmt":"2022-11-17T08:07:53","guid":{"rendered":"https:\/\/astideco.com\/blog\/?p=1058"},"modified":"2024-07-29T07:25:06","modified_gmt":"2024-07-29T07:25:06","slug":"pieza-union-botelleros-madera-rioja","status":"publish","type":"post","link":"https:\/\/astideco.com\/blog\/pieza-union-botelleros-madera-rioja\/","title":{"rendered":"Crea una bodega con botelleros modulares de madera en casa"},"content":{"rendered":"<p>Tener <strong>una bodega en casa<\/strong> es el sue\u00f1o de cualquier amante del vino. Puede parecer que para ello es necesario contar con un hogar con muchos metros cuadrados, pero gracias a <strong>los botelleros modulares o evolutivos<\/strong>, cualquiera puede crear su peque\u00f1a bodega en casa e ir ampliando en caso de que el n\u00famero de botellas de vino vaya creciendo. En Astigarraga Kit Line, creamos botelleros de varios estilos y tama\u00f1os pero hoy os vamos a hablar sobre nuestro <a href=\"https:\/\/astideco.com\/es\/busqueda?controller=search&amp;s=rioja\"><span><strong>botellero modular de madera Rioja<\/strong><\/span><\/a>. Y sobre todo de una nueva peque\u00f1a <span>pieza<\/span> que es la que posibilita poder unir los diferentes botelleros y convertirlos en evolutivos.\u00a0 \u00bfQuieres saber c\u00f3mo se crea una bodega con botelleros modulares de madera en casa? Sigue entre nosotros.<\/p>\n<h2>Botelleros modulares de madera<\/h2>\n<p>Para acompa\u00f1ar una buena comida o cena es imprescindible saber elegir un buen vino. Y para que \u00e9ste se mantenga en \u00f3ptimas condiciones es esencial guardarlo en un buen botellero. Quiz\u00e1s est\u00e9s buscando uno y de repente te has topado con los <strong>botelleros modulares de madera ecol\u00f3gica de la serie Rioja<\/strong> con capacidad para <strong>9, 24, 36 y 78 botellas<\/strong>. Es importante que sepas que los puedes utilizar individualmente o combinar varios para crear un botellero con m\u00e1s capacidad.\u00a0 \u00bfC\u00f3mo unirlos? Pues bien, en medio de esta prol\u00edfica familia os presentamos un pack que contiene dos <a href=\"https:\/\/astideco.com\/es\/botelleros-de-gran-capacidad\/pack-de-dos-piezas-de-union-para-botelleros-de-madera-rioja-\"><span>piezas enlaces para unir los botelleros de madera Rioja<\/span><\/a>.<\/p>\n<p><img decoding=\"async\" class=\"lazyload alignnone size-fusion-1200 wp-image-4331\" src=\"https:\/\/astideco.com\/blog\/wp-content\/uploads\/2016\/12\/DIBUJO-EVOLUTIVO-1-1200x1052.jpg\" data-orig-src=\"https:\/\/astideco.com\/blog\/wp-content\/uploads\/2016\/12\/DIBUJO-EVOLUTIVO-1-1200x1052.jpg\" alt=\"\" width=\"1200\" height=\"1052\" srcset=\"data:image\/svg+xml,%3Csvg%20xmlns%3D%27http%3A%2F%2Fwww.w3.org%2F2000%2Fsvg%27%20width%3D%271200%27%20height%3D%271052%27%20viewBox%3D%270%200%201200%201052%27%3E%3Crect%20width%3D%271200%27%20height%3D%271052%27%20fill-opacity%3D%220%22%2F%3E%3C%2Fsvg%3E\" data-srcset=\"https:\/\/astideco.com\/blog\/wp-content\/uploads\/2016\/12\/DIBUJO-EVOLUTIVO-1-200x175.jpg 200w, https:\/\/astideco.com\/blog\/wp-content\/uploads\/2016\/12\/DIBUJO-EVOLUTIVO-1-300x263.jpg 300w, https:\/\/astideco.com\/blog\/wp-content\/uploads\/2016\/12\/DIBUJO-EVOLUTIVO-1-400x351.jpg 400w, https:\/\/astideco.com\/blog\/wp-content\/uploads\/2016\/12\/DIBUJO-EVOLUTIVO-1-600x526.jpg 600w, https:\/\/astideco.com\/blog\/wp-content\/uploads\/2016\/12\/DIBUJO-EVOLUTIVO-1-768x673.jpg 768w, https:\/\/astideco.com\/blog\/wp-content\/uploads\/2016\/12\/DIBUJO-EVOLUTIVO-1-800x701.jpg 800w, https:\/\/astideco.com\/blog\/wp-content\/uploads\/2016\/12\/DIBUJO-EVOLUTIVO-1-1024x898.jpg 1024w, https:\/\/astideco.com\/blog\/wp-content\/uploads\/2016\/12\/DIBUJO-EVOLUTIVO-1-1200x1052.jpg 1200w, https:\/\/astideco.com\/blog\/wp-content\/uploads\/2016\/12\/DIBUJO-EVOLUTIVO-1-1536x1347.jpg 1536w\" data-sizes=\"auto\" data-orig-sizes=\"(max-width: 1200px) 100vw, 1200px\" \/><\/p>\n<p><img decoding=\"async\" class=\"lazyload alignnone size-fusion-1200 wp-image-4332\" src=\"https:\/\/astideco.com\/blog\/wp-content\/uploads\/2016\/12\/DIBUJO-EVOLUTIVO-2-1200x1062.jpg\" data-orig-src=\"https:\/\/astideco.com\/blog\/wp-content\/uploads\/2016\/12\/DIBUJO-EVOLUTIVO-2-1200x1062.jpg\" alt=\"\" width=\"1200\" height=\"1062\" srcset=\"data:image\/svg+xml,%3Csvg%20xmlns%3D%27http%3A%2F%2Fwww.w3.org%2F2000%2Fsvg%27%20width%3D%271200%27%20height%3D%271062%27%20viewBox%3D%270%200%201200%201062%27%3E%3Crect%20width%3D%271200%27%20height%3D%271062%27%20fill-opacity%3D%220%22%2F%3E%3C%2Fsvg%3E\" data-srcset=\"https:\/\/astideco.com\/blog\/wp-content\/uploads\/2016\/12\/DIBUJO-EVOLUTIVO-2-200x177.jpg 200w, https:\/\/astideco.com\/blog\/wp-content\/uploads\/2016\/12\/DIBUJO-EVOLUTIVO-2-300x265.jpg 300w, https:\/\/astideco.com\/blog\/wp-content\/uploads\/2016\/12\/DIBUJO-EVOLUTIVO-2-400x354.jpg 400w, https:\/\/astideco.com\/blog\/wp-content\/uploads\/2016\/12\/DIBUJO-EVOLUTIVO-2-600x531.jpg 600w, https:\/\/astideco.com\/blog\/wp-content\/uploads\/2016\/12\/DIBUJO-EVOLUTIVO-2-768x680.jpg 768w, https:\/\/astideco.com\/blog\/wp-content\/uploads\/2016\/12\/DIBUJO-EVOLUTIVO-2-800x708.jpg 800w, https:\/\/astideco.com\/blog\/wp-content\/uploads\/2016\/12\/DIBUJO-EVOLUTIVO-2-1024x906.jpg 1024w, https:\/\/astideco.com\/blog\/wp-content\/uploads\/2016\/12\/DIBUJO-EVOLUTIVO-2-1200x1062.jpg 1200w, https:\/\/astideco.com\/blog\/wp-content\/uploads\/2016\/12\/DIBUJO-EVOLUTIVO-2-1536x1359.jpg 1536w\" data-sizes=\"auto\" data-orig-sizes=\"(max-width: 1200px) 100vw, 1200px\" \/>Se trata de una pieza de pl\u00e1stico 100% reciclado y que se coloca en los extremos de los listones laterales o en los superiores o inferiores. De esta manera se simplifica la tarea de unir los botelleros Rioja de igual o diferente capacidad para que tu bodega en casa sea m\u00e1s grande. \u00bfQu\u00e9 te parece la idea? Cuanto menos, podr\u00e1s decir siempre que tienes un botellero de madera totalmente personalizado.<\/p>\n<p><img decoding=\"async\" class=\"lazyload alignnone size-fusion-1200 wp-image-4335\" src=\"https:\/\/astideco.com\/blog\/wp-content\/uploads\/2016\/12\/AIN0251-1200x801.jpg\" data-orig-src=\"https:\/\/astideco.com\/blog\/wp-content\/uploads\/2016\/12\/AIN0251-1200x801.jpg\" alt=\"\" width=\"1200\" height=\"801\" srcset=\"data:image\/svg+xml,%3Csvg%20xmlns%3D%27http%3A%2F%2Fwww.w3.org%2F2000%2Fsvg%27%20width%3D%271200%27%20height%3D%27801%27%20viewBox%3D%270%200%201200%20801%27%3E%3Crect%20width%3D%271200%27%20height%3D%27801%27%20fill-opacity%3D%220%22%2F%3E%3C%2Fsvg%3E\" data-srcset=\"https:\/\/astideco.com\/blog\/wp-content\/uploads\/2016\/12\/AIN0251-200x134.jpg 200w, https:\/\/astideco.com\/blog\/wp-content\/uploads\/2016\/12\/AIN0251-300x200.jpg 300w, https:\/\/astideco.com\/blog\/wp-content\/uploads\/2016\/12\/AIN0251-400x267.jpg 400w, https:\/\/astideco.com\/blog\/wp-content\/uploads\/2016\/12\/AIN0251-600x401.jpg 600w, https:\/\/astideco.com\/blog\/wp-content\/uploads\/2016\/12\/AIN0251-768x513.jpg 768w, https:\/\/astideco.com\/blog\/wp-content\/uploads\/2016\/12\/AIN0251-800x534.jpg 800w, https:\/\/astideco.com\/blog\/wp-content\/uploads\/2016\/12\/AIN0251-1024x684.jpg 1024w, https:\/\/astideco.com\/blog\/wp-content\/uploads\/2016\/12\/AIN0251-1200x801.jpg 1200w, https:\/\/astideco.com\/blog\/wp-content\/uploads\/2016\/12\/AIN0251-1536x1025.jpg 1536w\" data-sizes=\"auto\" data-orig-sizes=\"(max-width: 1200px) 100vw, 1200px\" \/><\/p>\n<p><img decoding=\"async\" class=\"lazyload alignnone size-fusion-1200 wp-image-4333\" src=\"https:\/\/astideco.com\/blog\/wp-content\/uploads\/2016\/12\/FOTO-AMBIENTE-PAGINAS-62-63-1200x1294.jpg\" data-orig-src=\"https:\/\/astideco.com\/blog\/wp-content\/uploads\/2016\/12\/FOTO-AMBIENTE-PAGINAS-62-63-1200x1294.jpg\" alt=\"\" width=\"1200\" height=\"1294\" srcset=\"data:image\/svg+xml,%3Csvg%20xmlns%3D%27http%3A%2F%2Fwww.w3.org%2F2000%2Fsvg%27%20width%3D%271200%27%20height%3D%271294%27%20viewBox%3D%270%200%201200%201294%27%3E%3Crect%20width%3D%271200%27%20height%3D%271294%27%20fill-opacity%3D%220%22%2F%3E%3C%2Fsvg%3E\" data-srcset=\"https:\/\/astideco.com\/blog\/wp-content\/uploads\/2016\/12\/FOTO-AMBIENTE-PAGINAS-62-63-200x216.jpg 200w, https:\/\/astideco.com\/blog\/wp-content\/uploads\/2016\/12\/FOTO-AMBIENTE-PAGINAS-62-63-278x300.jpg 278w, https:\/\/astideco.com\/blog\/wp-content\/uploads\/2016\/12\/FOTO-AMBIENTE-PAGINAS-62-63-400x431.jpg 400w, https:\/\/astideco.com\/blog\/wp-content\/uploads\/2016\/12\/FOTO-AMBIENTE-PAGINAS-62-63-600x647.jpg 600w, https:\/\/astideco.com\/blog\/wp-content\/uploads\/2016\/12\/FOTO-AMBIENTE-PAGINAS-62-63-768x828.jpg 768w, https:\/\/astideco.com\/blog\/wp-content\/uploads\/2016\/12\/FOTO-AMBIENTE-PAGINAS-62-63-800x863.jpg 800w, https:\/\/astideco.com\/blog\/wp-content\/uploads\/2016\/12\/FOTO-AMBIENTE-PAGINAS-62-63-950x1024.jpg 950w, https:\/\/astideco.com\/blog\/wp-content\/uploads\/2016\/12\/FOTO-AMBIENTE-PAGINAS-62-63-1200x1294.jpg 1200w, https:\/\/astideco.com\/blog\/wp-content\/uploads\/2016\/12\/FOTO-AMBIENTE-PAGINAS-62-63-1424x1536.jpg 1424w, https:\/\/astideco.com\/blog\/wp-content\/uploads\/2016\/12\/FOTO-AMBIENTE-PAGINAS-62-63-1899x2048.jpg 1899w\" data-sizes=\"auto\" data-orig-sizes=\"(max-width: 1200px) 100vw, 1200px\" \/><\/p>\n<p><img decoding=\"async\" class=\"lazyload alignnone size-fusion-1200 wp-image-4334\" src=\"https:\/\/astideco.com\/blog\/wp-content\/uploads\/2016\/12\/FOTO-BOTELLERO-GARAJE-1200x801.jpg\" data-orig-src=\"https:\/\/astideco.com\/blog\/wp-content\/uploads\/2016\/12\/FOTO-BOTELLERO-GARAJE-1200x801.jpg\" alt=\"\" width=\"1200\" height=\"801\" srcset=\"data:image\/svg+xml,%3Csvg%20xmlns%3D%27http%3A%2F%2Fwww.w3.org%2F2000%2Fsvg%27%20width%3D%271200%27%20height%3D%27801%27%20viewBox%3D%270%200%201200%20801%27%3E%3Crect%20width%3D%271200%27%20height%3D%27801%27%20fill-opacity%3D%220%22%2F%3E%3C%2Fsvg%3E\" data-srcset=\"https:\/\/astideco.com\/blog\/wp-content\/uploads\/2016\/12\/FOTO-BOTELLERO-GARAJE-200x134.jpg 200w, https:\/\/astideco.com\/blog\/wp-content\/uploads\/2016\/12\/FOTO-BOTELLERO-GARAJE-300x200.jpg 300w, https:\/\/astideco.com\/blog\/wp-content\/uploads\/2016\/12\/FOTO-BOTELLERO-GARAJE-400x267.jpg 400w, https:\/\/astideco.com\/blog\/wp-content\/uploads\/2016\/12\/FOTO-BOTELLERO-GARAJE-600x401.jpg 600w, https:\/\/astideco.com\/blog\/wp-content\/uploads\/2016\/12\/FOTO-BOTELLERO-GARAJE-768x513.jpg 768w, https:\/\/astideco.com\/blog\/wp-content\/uploads\/2016\/12\/FOTO-BOTELLERO-GARAJE-800x534.jpg 800w, https:\/\/astideco.com\/blog\/wp-content\/uploads\/2016\/12\/FOTO-BOTELLERO-GARAJE-1024x684.jpg 1024w, https:\/\/astideco.com\/blog\/wp-content\/uploads\/2016\/12\/FOTO-BOTELLERO-GARAJE-1200x801.jpg 1200w, https:\/\/astideco.com\/blog\/wp-content\/uploads\/2016\/12\/FOTO-BOTELLERO-GARAJE-1536x1025.jpg 1536w\" data-sizes=\"auto\" data-orig-sizes=\"(max-width: 1200px) 100vw, 1200px\" \/><\/p>\n<p>Como veis, este sistema es ideal para almacenar botellas en cocinas, salones, despensas, garajes, trasteros, bares, restaurantes, vinotecas o bodegas. Depende del espacio del que dispongas, podr\u00e1s crear dise\u00f1os m\u00e1s peque\u00f1os o m\u00e1s amplios, hasta incluso completar una pared de estanter\u00edas de botellas de lado a lado, tal y como lo hizo el cocinero Karlos Argui\u00f1ano en su <span><a href=\"https:\/\/astideco.com\/blog\/la-bodega-k5-de-arginano-un-paisaje-en-liquido\/\"><strong>bodega de txakoli k5<\/strong><\/a><\/span>.<\/p>\n<p><img decoding=\"async\" class=\"lazyload alignnone size-fusion-1200 wp-image-4337\" src=\"https:\/\/astideco.com\/blog\/wp-content\/uploads\/2016\/12\/BODEGA-K5-18-1200x835.jpg\" data-orig-src=\"https:\/\/astideco.com\/blog\/wp-content\/uploads\/2016\/12\/BODEGA-K5-18-1200x835.jpg\" alt=\"\" width=\"1200\" height=\"835\" srcset=\"data:image\/svg+xml,%3Csvg%20xmlns%3D%27http%3A%2F%2Fwww.w3.org%2F2000%2Fsvg%27%20width%3D%271200%27%20height%3D%27835%27%20viewBox%3D%270%200%201200%20835%27%3E%3Crect%20width%3D%271200%27%20height%3D%27835%27%20fill-opacity%3D%220%22%2F%3E%3C%2Fsvg%3E\" data-srcset=\"https:\/\/astideco.com\/blog\/wp-content\/uploads\/2016\/12\/BODEGA-K5-18-200x139.jpg 200w, https:\/\/astideco.com\/blog\/wp-content\/uploads\/2016\/12\/BODEGA-K5-18-300x209.jpg 300w, https:\/\/astideco.com\/blog\/wp-content\/uploads\/2016\/12\/BODEGA-K5-18-400x278.jpg 400w, https:\/\/astideco.com\/blog\/wp-content\/uploads\/2016\/12\/BODEGA-K5-18-600x418.jpg 600w, https:\/\/astideco.com\/blog\/wp-content\/uploads\/2016\/12\/BODEGA-K5-18-768x535.jpg 768w, https:\/\/astideco.com\/blog\/wp-content\/uploads\/2016\/12\/BODEGA-K5-18-800x557.jpg 800w, https:\/\/astideco.com\/blog\/wp-content\/uploads\/2016\/12\/BODEGA-K5-18-1024x713.jpg 1024w, https:\/\/astideco.com\/blog\/wp-content\/uploads\/2016\/12\/BODEGA-K5-18-1200x835.jpg 1200w, https:\/\/astideco.com\/blog\/wp-content\/uploads\/2016\/12\/BODEGA-K5-18-1536x1069.jpg 1536w\" data-sizes=\"auto\" data-orig-sizes=\"(max-width: 1200px) 100vw, 1200px\" \/><\/p>\n<p>No, no te lleves las manos a la cabeza. Pensamos en todos los espacios, los peque\u00f1os, los medianos y los grandes. Si lo que necesitas para tu casa es un botellero para guardar esas botellas de vino\u00a0 especiales que se suelen reservar para alguna ocasi\u00f3n especial, seguro que el <a href=\"https:\/\/astideco.com\/es\/botelleros-apilables-y-modulares\/botelllero-para-9-botellas-rioja\"><span><strong>botellero con capacidad para 9 botellas<\/strong><\/span><\/a> (medidas: 32,5 alto x 43 ancho x 22cm fondo) o el <a href=\"https:\/\/astideco.com\/es\/botelleros-de-gran-capacidad\/botelllero-para-24-botellas-rioja\"><span><strong>botellero de madera con capacidad para 24 botellas de vino<\/strong><\/span><\/a> (medidas: 75 alto x 75 ancho x 22cm fondo) son los ideales.<\/p>\n<p><img decoding=\"async\" class=\"lazyload alignnone size-fusion-1200 wp-image-4336\" src=\"https:\/\/astideco.com\/blog\/wp-content\/uploads\/2016\/12\/botellero-de-madera-Rioja-1200x801.jpg\" data-orig-src=\"https:\/\/astideco.com\/blog\/wp-content\/uploads\/2016\/12\/botellero-de-madera-Rioja-1200x801.jpg\" alt=\"\" width=\"1200\" height=\"801\" srcset=\"data:image\/svg+xml,%3Csvg%20xmlns%3D%27http%3A%2F%2Fwww.w3.org%2F2000%2Fsvg%27%20width%3D%271200%27%20height%3D%27801%27%20viewBox%3D%270%200%201200%20801%27%3E%3Crect%20width%3D%271200%27%20height%3D%27801%27%20fill-opacity%3D%220%22%2F%3E%3C%2Fsvg%3E\" data-srcset=\"https:\/\/astideco.com\/blog\/wp-content\/uploads\/2016\/12\/botellero-de-madera-Rioja-200x134.jpg 200w, https:\/\/astideco.com\/blog\/wp-content\/uploads\/2016\/12\/botellero-de-madera-Rioja-300x200.jpg 300w, https:\/\/astideco.com\/blog\/wp-content\/uploads\/2016\/12\/botellero-de-madera-Rioja-400x267.jpg 400w, https:\/\/astideco.com\/blog\/wp-content\/uploads\/2016\/12\/botellero-de-madera-Rioja-600x401.jpg 600w, https:\/\/astideco.com\/blog\/wp-content\/uploads\/2016\/12\/botellero-de-madera-Rioja-768x513.jpg 768w, https:\/\/astideco.com\/blog\/wp-content\/uploads\/2016\/12\/botellero-de-madera-Rioja-800x534.jpg 800w, https:\/\/astideco.com\/blog\/wp-content\/uploads\/2016\/12\/botellero-de-madera-Rioja-1024x684.jpg 1024w, https:\/\/astideco.com\/blog\/wp-content\/uploads\/2016\/12\/botellero-de-madera-Rioja-1200x801.jpg 1200w, https:\/\/astideco.com\/blog\/wp-content\/uploads\/2016\/12\/botellero-de-madera-Rioja-1536x1025.jpg 1536w\" data-sizes=\"auto\" data-orig-sizes=\"(max-width: 1200px) 100vw, 1200px\" \/><\/p>\n<p><img decoding=\"async\" class=\"lazyload alignnone size-full wp-image-4338\" src=\"https:\/\/astideco.com\/blog\/wp-content\/uploads\/2016\/12\/estanterias-y-taburete-escalera-plegable-de-madera-maciza.jpg\" data-orig-src=\"https:\/\/astideco.com\/blog\/wp-content\/uploads\/2016\/12\/estanterias-y-taburete-escalera-plegable-de-madera-maciza.jpg\" alt=\"\" width=\"1024\" height=\"683\" srcset=\"data:image\/svg+xml,%3Csvg%20xmlns%3D%27http%3A%2F%2Fwww.w3.org%2F2000%2Fsvg%27%20width%3D%271024%27%20height%3D%27683%27%20viewBox%3D%270%200%201024%20683%27%3E%3Crect%20width%3D%271024%27%20height%3D%27683%27%20fill-opacity%3D%220%22%2F%3E%3C%2Fsvg%3E\" data-srcset=\"https:\/\/astideco.com\/blog\/wp-content\/uploads\/2016\/12\/estanterias-y-taburete-escalera-plegable-de-madera-maciza-200x133.jpg 200w, https:\/\/astideco.com\/blog\/wp-content\/uploads\/2016\/12\/estanterias-y-taburete-escalera-plegable-de-madera-maciza-300x200.jpg 300w, https:\/\/astideco.com\/blog\/wp-content\/uploads\/2016\/12\/estanterias-y-taburete-escalera-plegable-de-madera-maciza-400x267.jpg 400w, https:\/\/astideco.com\/blog\/wp-content\/uploads\/2016\/12\/estanterias-y-taburete-escalera-plegable-de-madera-maciza-600x400.jpg 600w, https:\/\/astideco.com\/blog\/wp-content\/uploads\/2016\/12\/estanterias-y-taburete-escalera-plegable-de-madera-maciza-768x512.jpg 768w, https:\/\/astideco.com\/blog\/wp-content\/uploads\/2016\/12\/estanterias-y-taburete-escalera-plegable-de-madera-maciza-800x534.jpg 800w, https:\/\/astideco.com\/blog\/wp-content\/uploads\/2016\/12\/estanterias-y-taburete-escalera-plegable-de-madera-maciza.jpg 1024w\" data-sizes=\"auto\" data-orig-sizes=\"(max-width: 1024px) 100vw, 1024px\" \/><\/p>\n<h2>Consejos para guardar el vino<\/h2>\n<p>Ahora que la falta de espacio ya es un problema para tener un botellero en casa, no te pierdas estos <strong>consejos<\/strong> para aplicarlos a la hora de colocar vuestro botellero o botelleros en casa:<\/p>\n<ul>\n<li>Las <strong>condiciones ambientales<\/strong> pueden ser motivo de deterioro del vino. Por eso, la ubicaci\u00f3n del botellero debe de ser un lugar de nuestra casa donde <strong>no haya cambios bruscos de temperatura<\/strong>.<\/li>\n<li>A la hora de conservar los vinos, los expertos recomiendan una temperatura entre los 12 y 16\u00baC para evitar alteraciones, un lugar fresco en el que la humedad oscile entre el 70% y 80%, y colocar la botella en forma horizontal para que el l\u00edquido y el corcho tengan contacto.<\/li>\n<li>Adi\u00f3s a la luz natural.<strong> La luz <\/strong>es otro de los factores a la hora de elegir la ubicaci\u00f3n de nuestro botellero, ya que la luz directa <strong>puede ser perjudicial <\/strong>para el vino. Por eso, se recomienda no colocar los botelleros cerca de las ventanas muy luminosas para evitar as\u00ed que el vino se oxide. Los <strong>lugares oscuros<\/strong>, como debajo de la escalera o la alacena, son lugares <strong>perfectos<\/strong> para colocar un botellero.<\/li>\n<li>Los vinos <strong>pueden captar olores externos <\/strong>y a su vez cambiar de sabor. Por esta raz\u00f3n, os aconsejamos que la ubicaci\u00f3n de vuestro botellero se encuentre <strong>lejos de los productos de limpieza<\/strong> u otras sustancias qu\u00edmicas.<\/li>\n<\/ul>\n<p>\u00bfYa has pensado d\u00f3nde vas a crear tu bodega en casa? Sea cual sea el que elijas, ten la seguridad que todos est\u00e1n fabricados con <strong>madera maciza de pino con <span>certificado <a href=\"https:\/\/www.pefc.es\/\">PEFC <\/a><\/span><\/strong>y la <span><a href=\"https:\/\/europa.eu\/youreurope\/business\/product-requirements\/labels-markings\/ecolabel\/index_es.htm\"><strong>etiqueta ecol\u00f3gica de la Uni\u00f3n Europea Ecolabel<\/strong><\/a><\/span>. Una pieza<\/p>\n<p><em>Gracias por dejarnos decorar vuestro hogar de manera sostenible.<\/em><\/p>\n","protected":false},"excerpt":{"rendered":"<p>Tener una bodega en casa es el sue\u00f1o de cualquier amante del vino. Puede parecer que para ello es necesario contar con un hogar con muchos metros cuadrados, pero gracias a los botelleros modulares o evolutivos, cualquiera puede crear su  [..]<\/p>\n","protected":false},"author":6,"featured_media":4330,"comment_status":"open","ping_status":"open","sticky":false,"template":"","format":"standard","meta":{"footnotes":""},"categories":[15],"tags":[62,821,825,823],"class_list":["post-1058","post","type-post","status-publish","format-standard","has-post-thumbnail","hentry","category-producto","tag-astigarraga-kit-line","tag-botelleros-madera","tag-botelleros-modulares","tag-serie-rioja"],"yoast_head":"<!-- This site is optimized with the Yoast SEO plugin v27.0 - https:\/\/yoast.com\/product\/yoast-seo-wordpress\/ -->\n<title>Crea una bodega con botelleros modulares de madera en casa - Astiblog<\/title>\n<meta name=\"description\" content=\"Para los amantes del vino, hoy te mostramos c\u00f3mo se crea una bodega con botelleros modulares de madera en casa. Coge apuntes.\" \/>\n<meta name=\"robots\" content=\"index, follow, max-snippet:-1, max-image-preview:large, max-video-preview:-1\" \/>\n<link rel=\"canonical\" href=\"https:\/\/astideco.com\/blog\/pieza-union-botelleros-madera-rioja\/\" \/>\n<meta property=\"og:locale\" content=\"es_ES\" \/>\n<meta property=\"og:type\" content=\"article\" \/>\n<meta property=\"og:title\" content=\"Crea una bodega con botelleros modulares de madera en casa - Astiblog\" \/>\n<meta property=\"og:description\" content=\"Para los amantes del vino, hoy te mostramos c\u00f3mo se crea una bodega con botelleros modulares de madera en casa. Coge apuntes.\" \/>\n<meta property=\"og:url\" content=\"https:\/\/astideco.com\/blog\/pieza-union-botelleros-madera-rioja\/\" \/>\n<meta property=\"og:site_name\" content=\"Astiblog\" \/>\n<meta property=\"article:published_time\" content=\"2022-11-17T08:07:53+00:00\" \/>\n<meta property=\"article:modified_time\" content=\"2024-07-29T07:25:06+00:00\" \/>\n<meta property=\"og:image\" content=\"https:\/\/astideco.com\/blog\/wp-content\/uploads\/2016\/12\/AIN0184-1024x684.jpg\" \/>\n\t<meta property=\"og:image:width\" content=\"1024\" \/>\n\t<meta property=\"og:image:height\" content=\"684\" \/>\n\t<meta property=\"og:image:type\" content=\"image\/jpeg\" \/>\n<meta name=\"author\" content=\"Astigarraga Kit Line\" \/>\n<meta name=\"twitter:card\" content=\"summary_large_image\" \/>\n<meta name=\"twitter:label1\" content=\"Escrito por\" \/>\n\t<meta name=\"twitter:data1\" content=\"Astigarraga Kit Line\" \/>\n\t<meta name=\"twitter:label2\" content=\"Tiempo de lectura\" \/>\n\t<meta name=\"twitter:data2\" content=\"5 minutos\" \/>\n<script type=\"application\/ld+json\" class=\"yoast-schema-graph\">{\"@context\":\"https:\/\/schema.org\",\"@graph\":[{\"@type\":\"Article\",\"@id\":\"https:\/\/astideco.com\/blog\/pieza-union-botelleros-madera-rioja\/#article\",\"isPartOf\":{\"@id\":\"https:\/\/astideco.com\/blog\/pieza-union-botelleros-madera-rioja\/\"},\"author\":{\"name\":\"Astigarraga Kit Line\",\"@id\":\"https:\/\/astideco.com\/blog\/#\/schema\/person\/13fd236103c4c231352fb09b2b7ac5cf\"},\"headline\":\"Crea una bodega con botelleros modulares de madera en casa\",\"datePublished\":\"2022-11-17T08:07:53+00:00\",\"dateModified\":\"2024-07-29T07:25:06+00:00\",\"mainEntityOfPage\":{\"@id\":\"https:\/\/astideco.com\/blog\/pieza-union-botelleros-madera-rioja\/\"},\"wordCount\":764,\"commentCount\":0,\"image\":{\"@id\":\"https:\/\/astideco.com\/blog\/pieza-union-botelleros-madera-rioja\/#primaryimage\"},\"thumbnailUrl\":\"https:\/\/astideco.com\/blog\/wp-content\/uploads\/2016\/12\/AIN0184-scaled.jpg\",\"keywords\":[\"astigarraga kit line\",\"Botelleros Madera\",\"Botelleros Modulares\",\"Serie Rioja\"],\"articleSection\":[\"Producto\"],\"inLanguage\":\"es\",\"potentialAction\":[{\"@type\":\"CommentAction\",\"name\":\"Comment\",\"target\":[\"https:\/\/astideco.com\/blog\/pieza-union-botelleros-madera-rioja\/#respond\"]}]},{\"@type\":\"WebPage\",\"@id\":\"https:\/\/astideco.com\/blog\/pieza-union-botelleros-madera-rioja\/\",\"url\":\"https:\/\/astideco.com\/blog\/pieza-union-botelleros-madera-rioja\/\",\"name\":\"Crea una bodega con botelleros modulares de madera en casa - Astiblog\",\"isPartOf\":{\"@id\":\"https:\/\/astideco.com\/blog\/#website\"},\"primaryImageOfPage\":{\"@id\":\"https:\/\/astideco.com\/blog\/pieza-union-botelleros-madera-rioja\/#primaryimage\"},\"image\":{\"@id\":\"https:\/\/astideco.com\/blog\/pieza-union-botelleros-madera-rioja\/#primaryimage\"},\"thumbnailUrl\":\"https:\/\/astideco.com\/blog\/wp-content\/uploads\/2016\/12\/AIN0184-scaled.jpg\",\"datePublished\":\"2022-11-17T08:07:53+00:00\",\"dateModified\":\"2024-07-29T07:25:06+00:00\",\"author\":{\"@id\":\"https:\/\/astideco.com\/blog\/#\/schema\/person\/13fd236103c4c231352fb09b2b7ac5cf\"},\"description\":\"Para los amantes del vino, hoy te mostramos c\u00f3mo se crea una bodega con botelleros modulares de madera en casa. Coge apuntes.\",\"breadcrumb\":{\"@id\":\"https:\/\/astideco.com\/blog\/pieza-union-botelleros-madera-rioja\/#breadcrumb\"},\"inLanguage\":\"es\",\"potentialAction\":[{\"@type\":\"ReadAction\",\"target\":[\"https:\/\/astideco.com\/blog\/pieza-union-botelleros-madera-rioja\/\"]}]},{\"@type\":\"ImageObject\",\"inLanguage\":\"es\",\"@id\":\"https:\/\/astideco.com\/blog\/pieza-union-botelleros-madera-rioja\/#primaryimage\",\"url\":\"https:\/\/astideco.com\/blog\/wp-content\/uploads\/2016\/12\/AIN0184-scaled.jpg\",\"contentUrl\":\"https:\/\/astideco.com\/blog\/wp-content\/uploads\/2016\/12\/AIN0184-scaled.jpg\",\"width\":2560,\"height\":1709},{\"@type\":\"BreadcrumbList\",\"@id\":\"https:\/\/astideco.com\/blog\/pieza-union-botelleros-madera-rioja\/#breadcrumb\",\"itemListElement\":[{\"@type\":\"ListItem\",\"position\":1,\"name\":\"Portada\",\"item\":\"https:\/\/astideco.com\/blog\/\"},{\"@type\":\"ListItem\",\"position\":2,\"name\":\"Crea una bodega con botelleros modulares de madera en casa\"}]},{\"@type\":\"WebSite\",\"@id\":\"https:\/\/astideco.com\/blog\/#website\",\"url\":\"https:\/\/astideco.com\/blog\/\",\"name\":\"Astiblog\",\"description\":\"Blog de Astideco.com\",\"potentialAction\":[{\"@type\":\"SearchAction\",\"target\":{\"@type\":\"EntryPoint\",\"urlTemplate\":\"https:\/\/astideco.com\/blog\/?s={search_term_string}\"},\"query-input\":{\"@type\":\"PropertyValueSpecification\",\"valueRequired\":true,\"valueName\":\"search_term_string\"}}],\"inLanguage\":\"es\"},{\"@type\":\"Person\",\"@id\":\"https:\/\/astideco.com\/blog\/#\/schema\/person\/13fd236103c4c231352fb09b2b7ac5cf\",\"name\":\"Astigarraga Kit Line\"}]}<\/script>\n<!-- \/ Yoast SEO plugin. -->","yoast_head_json":{"title":"Crea una bodega con botelleros modulares de madera en casa - Astiblog","description":"Para los amantes del vino, hoy te mostramos c\u00f3mo se crea una bodega con botelleros modulares de madera en casa. Coge apuntes.","robots":{"index":"index","follow":"follow","max-snippet":"max-snippet:-1","max-image-preview":"max-image-preview:large","max-video-preview":"max-video-preview:-1"},"canonical":"https:\/\/astideco.com\/blog\/pieza-union-botelleros-madera-rioja\/","og_locale":"es_ES","og_type":"article","og_title":"Crea una bodega con botelleros modulares de madera en casa - Astiblog","og_description":"Para los amantes del vino, hoy te mostramos c\u00f3mo se crea una bodega con botelleros modulares de madera en casa. Coge apuntes.","og_url":"https:\/\/astideco.com\/blog\/pieza-union-botelleros-madera-rioja\/","og_site_name":"Astiblog","article_published_time":"2022-11-17T08:07:53+00:00","article_modified_time":"2024-07-29T07:25:06+00:00","og_image":[{"width":1024,"height":684,"url":"https:\/\/astideco.com\/blog\/wp-content\/uploads\/2016\/12\/AIN0184-1024x684.jpg","type":"image\/jpeg"}],"author":"Astigarraga Kit Line","twitter_card":"summary_large_image","twitter_misc":{"Escrito por":"Astigarraga Kit Line","Tiempo de lectura":"5 minutos"},"schema":{"@context":"https:\/\/schema.org","@graph":[{"@type":"Article","@id":"https:\/\/astideco.com\/blog\/pieza-union-botelleros-madera-rioja\/#article","isPartOf":{"@id":"https:\/\/astideco.com\/blog\/pieza-union-botelleros-madera-rioja\/"},"author":{"name":"Astigarraga Kit Line","@id":"https:\/\/astideco.com\/blog\/#\/schema\/person\/13fd236103c4c231352fb09b2b7ac5cf"},"headline":"Crea una bodega con botelleros modulares de madera en casa","datePublished":"2022-11-17T08:07:53+00:00","dateModified":"2024-07-29T07:25:06+00:00","mainEntityOfPage":{"@id":"https:\/\/astideco.com\/blog\/pieza-union-botelleros-madera-rioja\/"},"wordCount":764,"commentCount":0,"image":{"@id":"https:\/\/astideco.com\/blog\/pieza-union-botelleros-madera-rioja\/#primaryimage"},"thumbnailUrl":"https:\/\/astideco.com\/blog\/wp-content\/uploads\/2016\/12\/AIN0184-scaled.jpg","keywords":["astigarraga kit line","Botelleros Madera","Botelleros Modulares","Serie Rioja"],"articleSection":["Producto"],"inLanguage":"es","potentialAction":[{"@type":"CommentAction","name":"Comment","target":["https:\/\/astideco.com\/blog\/pieza-union-botelleros-madera-rioja\/#respond"]}]},{"@type":"WebPage","@id":"https:\/\/astideco.com\/blog\/pieza-union-botelleros-madera-rioja\/","url":"https:\/\/astideco.com\/blog\/pieza-union-botelleros-madera-rioja\/","name":"Crea una bodega con botelleros modulares de madera en casa - Astiblog","isPartOf":{"@id":"https:\/\/astideco.com\/blog\/#website"},"primaryImageOfPage":{"@id":"https:\/\/astideco.com\/blog\/pieza-union-botelleros-madera-rioja\/#primaryimage"},"image":{"@id":"https:\/\/astideco.com\/blog\/pieza-union-botelleros-madera-rioja\/#primaryimage"},"thumbnailUrl":"https:\/\/astideco.com\/blog\/wp-content\/uploads\/2016\/12\/AIN0184-scaled.jpg","datePublished":"2022-11-17T08:07:53+00:00","dateModified":"2024-07-29T07:25:06+00:00","author":{"@id":"https:\/\/astideco.com\/blog\/#\/schema\/person\/13fd236103c4c231352fb09b2b7ac5cf"},"description":"Para los amantes del vino, hoy te mostramos c\u00f3mo se crea una bodega con botelleros modulares de madera en casa. Coge apuntes.","breadcrumb":{"@id":"https:\/\/astideco.com\/blog\/pieza-union-botelleros-madera-rioja\/#breadcrumb"},"inLanguage":"es","potentialAction":[{"@type":"ReadAction","target":["https:\/\/astideco.com\/blog\/pieza-union-botelleros-madera-rioja\/"]}]},{"@type":"ImageObject","inLanguage":"es","@id":"https:\/\/astideco.com\/blog\/pieza-union-botelleros-madera-rioja\/#primaryimage","url":"https:\/\/astideco.com\/blog\/wp-content\/uploads\/2016\/12\/AIN0184-scaled.jpg","contentUrl":"https:\/\/astideco.com\/blog\/wp-content\/uploads\/2016\/12\/AIN0184-scaled.jpg","width":2560,"height":1709},{"@type":"BreadcrumbList","@id":"https:\/\/astideco.com\/blog\/pieza-union-botelleros-madera-rioja\/#breadcrumb","itemListElement":[{"@type":"ListItem","position":1,"name":"Portada","item":"https:\/\/astideco.com\/blog\/"},{"@type":"ListItem","position":2,"name":"Crea una bodega con botelleros modulares de madera en casa"}]},{"@type":"WebSite","@id":"https:\/\/astideco.com\/blog\/#website","url":"https:\/\/astideco.com\/blog\/","name":"Astiblog","description":"Blog de Astideco.com","potentialAction":[{"@type":"SearchAction","target":{"@type":"EntryPoint","urlTemplate":"https:\/\/astideco.com\/blog\/?s={search_term_string}"},"query-input":{"@type":"PropertyValueSpecification","valueRequired":true,"valueName":"search_term_string"}}],"inLanguage":"es"},{"@type":"Person","@id":"https:\/\/astideco.com\/blog\/#\/schema\/person\/13fd236103c4c231352fb09b2b7ac5cf","name":"Astigarraga Kit Line"}]}},"_links":{"self":[{"href":"https:\/\/astideco.com\/blog\/wp-json\/wp\/v2\/posts\/1058","targetHints":{"allow":["GET"]}}],"collection":[{"href":"https:\/\/astideco.com\/blog\/wp-json\/wp\/v2\/posts"}],"about":[{"href":"https:\/\/astideco.com\/blog\/wp-json\/wp\/v2\/types\/post"}],"author":[{"embeddable":true,"href":"https:\/\/astideco.com\/blog\/wp-json\/wp\/v2\/users\/6"}],"replies":[{"embeddable":true,"href":"https:\/\/astideco.com\/blog\/wp-json\/wp\/v2\/comments?post=1058"}],"version-history":[{"count":5,"href":"https:\/\/astideco.com\/blog\/wp-json\/wp\/v2\/posts\/1058\/revisions"}],"predecessor-version":[{"id":4380,"href":"https:\/\/astideco.com\/blog\/wp-json\/wp\/v2\/posts\/1058\/revisions\/4380"}],"wp:featuredmedia":[{"embeddable":true,"href":"https:\/\/astideco.com\/blog\/wp-json\/wp\/v2\/media\/4330"}],"wp:attachment":[{"href":"https:\/\/astideco.com\/blog\/wp-json\/wp\/v2\/media?parent=1058"}],"wp:term":[{"taxonomy":"category","embeddable":true,"href":"https:\/\/astideco.com\/blog\/wp-json\/wp\/v2\/categories?post=1058"},{"taxonomy":"post_tag","embeddable":true,"href":"https:\/\/astideco.com\/blog\/wp-json\/wp\/v2\/tags?post=1058"}],"curies":[{"name":"wp","href":"https:\/\/api.w.org\/{rel}","templated":true}]}}